{"id":9956,"date":"2018-12-31T07:30:05","date_gmt":"2018-12-31T06:30:05","guid":{"rendered":"https:\/\/blog.legalvision.fr\/?p=9956"},"modified":"2022-03-27T21:21:03","modified_gmt":"2022-03-27T19:21:03","slug":"prime-d-activite-simulateur","status":"publish","type":"post","link":"https:\/\/www.legalvision.fr\/guides-juridiques\/droit-du-travail\/prime-d-activite-simulateur\/","title":{"rendered":"Prime d&rsquo;activit\u00e9 : ce qu&rsquo;il faut savoir"},"content":{"rendered":"<h3><strong>Sommaire :\u00a0<\/strong><\/h3>\n<p><a href=\"#1\"><strong>Qu&rsquo;est-ce que la prime d&rsquo;activit\u00e9 ?<\/strong><\/a><br \/>\n<a href=\"#2\"><strong>L&rsquo;acc\u00e8s \u00e0 la prime d&rsquo;activit\u00e9\u00a0<\/strong><\/a><br \/>\n<a href=\"#3\"><strong>Un chef d&rsquo;entreprise peut-il percevoir la prime d&rsquo;activit\u00e9\u00a0<\/strong><\/a><br \/>\n<a href=\"#4\"><strong>Calcul du montant de la prime d&rsquo;activit\u00e9\u00a0<\/strong><\/a><br \/>\n<a href=\"#5\"><strong>Effectuez votre demande en ligne<\/strong><\/a><br \/>\n<a href=\"#6\"><strong>Versement de la prime et r\u00e9vision des droits\u00a0<\/strong><\/a><br \/>\n<a href=\"#7\"><strong>Une hausse de la prime d&rsquo;activit\u00e9 en 2019<\/strong><\/a><\/p>\n<div class=\"wp-block-button\" style=\"text-align:center;\"><a class=\"wp-block-button__link has-background\" href=\"https:\/\/www.legalvision.fr\/tous-les-services\/\">Voir les services LegalVision<\/a><\/div>\n<h2 id=\"1\">Qu&rsquo;est-ce que la prime d&rsquo;activit\u00e9 ?<\/h2>\n<div>La<span class=\"highlight\" title=\"Termes de la recherche\">\u00a0prime<\/span>\u00a0d<span class=\"highlight\" title=\"Termes de la recherche\">&lsquo;activit\u00e9\u00a0a \u00e9t\u00e9 cr\u00e9\u00e9e pour\u00a0<\/span>remplacer deux pr\u00e9c\u00e9dents revenus : la<span class=\"highlight\" title=\"Termes de la recherche\">\u00a0prime<\/span>\u00a0pour l&#8217;emploi et le RSA \u00ab\u00a0activit\u00e9\u00a0\u00bb. Entr\u00e9e en vigueur le 1er janvier 2016, elle est d\u00e9finie comme un<strong> outil de soutien \u00e0 l&rsquo;insertion professionnelle<\/strong>. En d&rsquo;autres termes, il s&rsquo;agit d&rsquo;un <strong>comple\u0301ment de ressources pour les travailleurs <\/strong>percevant des revenus peu \u00e9lev\u00e9s.<\/div>\n<div><\/div>\n<div>Selon le <a href=\"https:\/\/www.legifrance.gouv.fr\/affichCodeArticle.do?cidTexte=LEGITEXT000006073189&amp;idArticle=LEGIARTI000006745050&amp;dateTexte=&amp;categorieLien=cid\" target=\"_blank\" rel=\"noopener noreferrer\">Code de la S\u00e9curit\u00e9 Sociale,<\/a> la prime d&rsquo;activit\u00e9 a pour objet d&rsquo;inciter les travailleurs aux <strong>ressources modestes. <\/strong>De la m\u00eame mani\u00e8re que <a href=\"https:\/\/blog.legalvision.fr\/2018\/10\/07\/demande-arce-pole-emploi\/\" target=\"_blank\" rel=\"noopener noreferrer\">l&rsquo;ACCRE<\/a><strong>,<\/strong>\u00a0qu&rsquo;ils soient salari\u00e9s ou non salari\u00e9s, cette allocation incite \u00e0 l&rsquo;exercice ou \u00e0 la reprise d&rsquo;une activit\u00e9 professionnelle et permet de soutenir leur pouvoir d&rsquo;achat.<\/div>\n<div><\/div>\n<div>Ainsi, \u00e0 l&rsquo;instar du RSA, il s&rsquo;agit donc d&rsquo;un <strong>revenu de solidarit\u00e9<\/strong>. Cependant, si <span style=\"text-decoration: underline;\">ces deux revenus peuvent \u00eatre cumul\u00e9s<\/span>, les conditions pour pouvoir en b\u00e9n\u00e9ficier diff\u00e8rent.<\/div>\n<h2 id=\"2\">L&rsquo;acc\u00e8s \u00e0 la prime d&rsquo;activit\u00e9<\/h2>\n<div>Pour b\u00e9n\u00e9ficier de la prime d&rsquo;activit\u00e9, certaines conditions doivent \u00eatre remplies. Elles touchent \u00e0 la fois \u00e0 la personne du demandeur de l&rsquo;allocation et aux revenus qu&rsquo;il per\u00e7oit.<\/div>\n<h3>Les conditions li\u00e9es au demandeur<\/h3>\n<ol>\n<li>Ainsi, le demandeur doit tout d&rsquo;abord <strong>r\u00e9sider en France de mani\u00e8re stable et effective<\/strong>.\u00a0\u00a0L&rsquo;allocation ne lui\u00a0sera vers\u00e9e que pour les mois complets de pr\u00e9sence en France lorsque ses s\u00e9jours \u00e0 l&rsquo;\u00e9tranger exc\u00e8dent 3 mois.<\/li>\n<li>doit \u00eatre Fran\u00e7ais ou (sauf exceptions) titulaire, depuis au moins cinq ans, d&rsquo;un titre de s\u00e9jour autorisant \u00e0 travailler, et doit\u00a0<strong>\u00eatre salari\u00e9 ou travailleur ind\u00e9pendant.<\/strong>\n<\/li>\n<li>La prime d&rsquo;activit\u00e9 peut \u00e9galement \u00eatre attribu\u00e9e\u00a0aux \u00e9tudiants salari\u00e9s et les apprentis sous certaines conditions.<\/li>\n<\/ol>\n<h3><strong>Les conditions li\u00e9es aux revenus<\/strong><\/h3>\n<h4>Vous \u00eates salari\u00e9<\/h4>\n<p>D&rsquo;une part, le salaire que vous percevez\u00a0<strong>ne doit pas \u00eatre sup\u00e9rieur environ \u00e0 1500 euros net par mois. <\/strong>Ce<strong>\u00a0<\/strong>montant est valable pour une personne seule sans enfant.<\/p>\n<p>D&rsquo;autre part, son montant est calcul\u00e9 en fonction de la composition et des ressources du foyer. Le montant change si vous avez des enfants \u00e0 charge et \/ ou si vous vivez en couple.<\/p>\n<h4>Vous \u00eates travailleur ind\u00e9pendant<\/h4>\n<p>Pour avoir droit \u00e0 la Prime d\u2019activit\u00e9, votre dernier chiffre d\u2019affaires annuel connu doit \u00eatre\u00a0<strong>inf\u00e9rieur\u00a0<\/strong>\u00e0 :<\/p>\n<ul>\n<li>\n<strong>82 200 \u20ac<\/strong> pour les commer\u00e7ants<\/li>\n<li>\n<strong>32 900 \u20ac<\/strong> pour les professions lib\u00e9rales<\/li>\n<li>\n<strong>32 900 \u20ac<\/strong> pour les artisans<\/li>\n<\/ul>\n<p>Sachez que <span style=\"text-decoration: underline;\">la Prime est vers\u00e9e <strong>tous les mois<\/strong> en fonction de votre situation<\/span> et des <strong>ressources prises en compte chaque trimestre<\/strong> soit\u00a0:<br \/>\n&#8211; les b\u00e9n\u00e9fices industriels et commerciaux (BIC) ou b\u00e9n\u00e9fices non commerciaux (BNC) d\u00e9clar\u00e9s aux services fiscaux pour la derni\u00e8re ann\u00e9e fiscale connue ;<br \/>\n&#8211; en l\u2019absence de d\u00e9claration de BIC BNC, le chiffre d\u2019affaire du trimestre.<\/p>\n<h4>3-\u00a0 Etudiants et stagiaires<\/h4>\n<p>Les \u00e9tudiants et stagiaires souhaitant b\u00e9n\u00e9ficier de la prime doivent\u00a0percevoir <span style=\"text-decoration: underline;\">durant au moins trois mois<\/span>, un <strong>salaire minimum d&rsquo;au moins 907 \u20ac net <\/strong>(78% du SMIC net)<strong> par mois<\/strong>.<\/p>\n<div><strong>Pour r\u00e9sumer, pour avoir droit \u00e0 la prime d&rsquo;activit\u00e9,\u00a0il faut :<\/strong><\/div>\n<div>\n<ul>\n<li>exercer une activit\u00e9 salari\u00e9e, non salari\u00e9e\u00a0ou en Etablissement et service d\u2019aide par le travail ;<\/li>\n<li>avoir 18 ans ou plus ;<\/li>\n<li>\u00eatre soit de nationalit\u00e9 fran\u00e7aise, soit de nationalit\u00e9 \u00e9trang\u00e8re en situation r\u00e9guli\u00e8re en France (titulaire d&rsquo;une carte de r\u00e9sident de 10 ans, ou vivant en France depuis au moins 5 ans avec un titre de s\u00e9jour autorisant \u00e0 travailler durant ces 5 ans) ; soit ressortissant de l&rsquo;Eee (Espace \u00c9conomique Europ\u00e9en) ou Suisse ;<\/li>\n<li>r\u00e9sider en France ;<\/li>\n<li>ne\u00a0pas \u00eatre en cong\u00e9 parental, en cong\u00e9 sabbatique, en cong\u00e9 sans solde ni en disponibilit\u00e9 ou travailleur d\u00e9tach\u00e9\u00a0;<\/li>\n<li>des conditions particuli\u00e8res s\u2019appliquent si vous \u00eates \u00e9tudiant ou apprenti (voir plus haut).<\/li>\n<\/ul>\n<div>\n<p id=\"d30304e35\">Enfin, <strong>au-del\u00e0 d\u2019un certain montant<\/strong> de revenu d\u2019activit\u00e9 <strong>(1 500 \u20ac pour une personne seule<\/strong>, locataire sans aide au logement), <span style=\"text-decoration: underline;\">la Prime d\u2019activit\u00e9 n\u2019est pas vers\u00e9e<\/span>.<\/p>\n<h2 id=\"3\">Un chef d&rsquo;entreprise peut-il percevoir la prime d&rsquo;activit\u00e9 ?<\/h2>\n<\/div>\n<\/div>\n<p class=\"artintro\">Un\u00a0chef d\u2019entreprise\u00a0est <strong>\u00e9ligible \u00e0\u00a0la prime d\u2019activit\u00e9\u00a0<\/strong>d\u00e8s lors qu\u2019il remplit <span style=\"text-decoration: underline;\">toutes les conditions pr\u00e9vues pour son attribution<\/span>.<\/p>\n<p class=\"artintro\">faut alors se pencher du c\u00f4t\u00e9 des conditions sp\u00e9cifiques qui sont exig\u00e9es pour les<strong> travailleurs ind\u00e9pendants.<\/strong><\/p>\n<p>La prime d\u2019activit\u00e9 lui permet ainsi de compl\u00e9ter les revenus qu&rsquo;il tire de son activit\u00e9 professionnelle. Il s\u2019agit d\u2019une <strong>aide financi\u00e8re non n\u00e9gligeable pour le chef d\u2019entreprise<\/strong>, notamment dans le cas d\u2019une <a href=\"https:\/\/www.legalvision.fr\/creation-dentreprise\/\" target=\"_blank\" rel=\"noopener noreferrer\">cr\u00e9ation d\u2019entreprise<\/a>.<\/p>\n<p>En effet, celle-ci g\u00e9n\u00e9rant souvent de faibles revenus au d\u00e9part,\u00a0la cr\u00e9ation d&rsquo;entreprise\u00a0peut \u00eatre\u00a0une p\u00e9riode d\u00e9licate pour le futur entrepreneur.<\/p>\n<p>Ainsi, pour le chef d&rsquo;entreprise, comme pour tout b\u00e9n\u00e9ficiaire, le montant de la prime\u00a0d\u00e9pendra de la composition et des ressources de son foyer.<\/p>\n<p>Pour rappel, les ressources\u00a0prises en compte seront les suivantes\u00a0:<\/p>\n<ul>\n<li>les revenus nets d\u2019activit\u00e9 professionnelle,<\/li>\n<li>les revenus de remplacement,<\/li>\n<li>les prestations et les aides sociales,<\/li>\n<li>les autres revenus imposables comme notamment les \u00e9ventuels revenus de capitaux mobiliers du chef d\u2019entreprise (dividendes, int\u00e9r\u00eats en compte courant d\u2019associ\u00e9\u2026).<\/li>\n<\/ul>\n<h2 id=\"4\">Calcul du montant de la prime d&rsquo;activit\u00e9<\/h2>\n<div class=\"fiche-item-demarche\">\n<p><span class=\"highlight\" title=\"Termes de la recherche\">Le <span style=\"text-decoration: underline;\">montant de cette\u00a0prime<\/span><\/span>\u00a0s&rsquo;\u00e9tablit en faisant la<strong> diff\u00e9rence entre<\/strong> d&rsquo;un c\u00f4t\u00e9 un<strong> montant forfaitaire fix\u00e9 selon la composition du foyer<\/strong> et prenant en compte une fraction des revenus professionnels des membres du foyer et, de l&rsquo;autre, les <strong>ressources du foyer<\/strong>.<\/p>\n<\/div>\n<div>\n<strong>Plusieurs ressources sont prises en compte<\/strong> dans le calcul de la prime d&rsquo;activit\u00e9:<\/div>\n<ul>\n<li>les revenus d\u2019activit\u00e9 professionnelle (revenus nets per\u00e7us) ;<\/li>\n<li>les revenus de remplacement (indemnit\u00e9s ch\u00f4mage, indemnit\u00e9s maladie, retraite, pension, etc.)\u00a0;<\/li>\n<li>les prestations et les aides sociales\u00a0;<\/li>\n<li>les autres revenus imposables (revenus de capitaux, du patrimoine, etc.).<\/li>\n<\/ul>\n<div>\n<p>Pour les<strong> salari\u00e9s, les \u00e9tudiants et apprentis<\/strong>, la Prime est calcul\u00e9e sur la<strong> base des revenus des 3 derniers mois<\/strong>.Pour les <strong>travailleurs ind\u00e9pendants<\/strong>, la Prime est calcul\u00e9e sur la <strong>base des derniers revenus professionnel<\/strong>s.<\/p>\n<\/div>\n<div class=\"fiche-item-demarche\">\n<p>La formule de calcul est la suivante\u00a0: Montant de la prime d&rsquo;activit\u00e9 = (montant forfaitaire \u00e9ventuellement major\u00e9 +\u00a0<span class=\"prix\">61\u00a0%<\/span>\u00a0des revenus professionnels + bonifications individuelles) \u2013 les ressources prises en compte du foyer.<\/p>\n<h3><strong>Le montant forfaitaire<\/strong><\/h3>\n<\/div>\n<div class=\"fiche-item-demarche\">\n<p>Il s&rsquo;agit du <span style=\"text-decoration: underline;\">montant servant de base<\/span> au calcul de la prime d&rsquo;activit\u00e9. Le montant pris en compte est \u00e9gal \u00e0\u00a0<strong><span class=\"prix\">551,51\u00a0\u20ac<\/span><\/strong>.<\/p>\n<p>Par ailleurs, ce montant <strong>peut \u00eatre major\u00e9<\/strong> en fonction de la composition du foyer et\/ou en cas de situation d&rsquo;isolement.<\/p>\n<h4>Majoration selon la composition du foyer<\/h4>\n<p>Le taux de cette majoration est de\u00a0:<\/p>\n<ul>\n<li>\n<span class=\"prix\">50\u00a0%<\/span>\u00a0pour la 1<sup>re<\/sup>\u00a0personne suppl\u00e9mentaire,<\/li>\n<li>\n<span class=\"prix\">30\u00a0%<\/span>\u00a0par personne suppl\u00e9mentaire,<\/li>\n<li>\n<span class=\"prix\">40\u00a0%<\/span>\u00a0par personne suppl\u00e9mentaire au del\u00e0 de la 3<sup>e<\/sup>\u00a0personne : si le foyer comporte plus de 2\u00a0enfants ou personnes de moins de 25\u00a0ans \u00e0 charge. Ceci ne vaut pas\u00a0pour la personne avec qui vous vivez en couple.<\/li>\n<\/ul>\n<h4>Majoration pour isolement<\/h4>\n<p><strong>Si vous \u00eates parent isol\u00e9<\/strong>, c&rsquo;est-\u00e0-dire c\u00e9libataire, divorc\u00e9(e), s\u00e9par\u00e9(e) ou veuf(ve) avec des enfants \u00e0 charge ou enceinte, le<strong> montant forfaitaire est major\u00e9<\/strong>.<\/p>\n<p>Ce montant forfaitaire major\u00e9 est accord\u00e9 \u00e0 partir du mois au cours duquel survient l&rsquo;un des <strong>\u00e9v\u00e9nements suivants\u00a0:<\/strong><\/p>\n<ul>\n<li>d\u00e9claration de grossesse,<\/li>\n<li>naissance d&rsquo;un enfant,<\/li>\n<li>prise en charge d&rsquo;un enfant,<\/li>\n<li>s\u00e9paration, veuvage.<\/li>\n<\/ul>\n<p>Aussi, le montant forfaitaire major\u00e9 <strong>peut \u00eatre accord\u00e9 pendant 12\u00a0mois<\/strong>, continus ou discontinus, au cours d&rsquo;une<span style=\"text-decoration: underline;\"> p\u00e9riode de 18\u00a0mois suivant l&rsquo;\u00e9v\u00e9nement.<\/span>\u00a0Qui plus est, ce montant varie en fonction du nombre d&rsquo;enfants \u00e0 charge.<\/p>\n<p>Par ailleurs, si votre plus jeune enfant \u00e0 charge a <strong>moins de 3\u00a0ans<\/strong>, le montant forfaitaire major\u00e9 vous est accord\u00e9<strong> jusqu&rsquo;\u00e0 ses 3\u00a0ans<\/strong>.<\/p>\n<p>Le montant forfaitaire major\u00e9 est \u00e9gal \u00e0\u00a0<strong><span class=\"prix\">128,412\u00a0%<\/span>\u00a0du montant forfaitaire de base<\/strong>. S&rsquo;y ajoutent\u00a0<span class=\"prix\">42,804\u00a0%<\/span>\u00a0du montant forfaitaire de base <span style=\"text-decoration: underline;\">pour chaque enfant<\/span>.<\/p>\n<h4 class=\"fiche-title-1\">Bonification individuelle<\/h4>\n<p>De m\u00eame, chaque personne ayant une <strong>activit\u00e9 professionnelle\u00a0dans le\u00a0foyer<\/strong> peut obtenir une bonification. Elle varie en fonction de ses revenus professionnels mensuels : une moyenne est \u00e9tablie sur les 3 derniers mois.<\/p>\n<h3><strong>Ressources prises en compte<\/strong><\/h3>\n<\/div>\n<div class=\"fiche-item-demarche\">\n<p>D&rsquo;une part, les revenus professionnels (mentionn\u00e9s plus haut) que vous percevez seront d\u00e9duits de vos droits lors du calcul de la prime.<\/p>\n<p>D&rsquo;autre part,\u00a0si vous disposez d&rsquo;autres ressources en plus de vos ressources professionnelles,elles seront \u00e9galement\u00a0<strong>d\u00e9duites de vos droits \u00e0 la prime d&rsquo;activit\u00e9. <\/strong><\/p>\n<p>Il peut par exemple s&rsquo;agir de l<strong>&lsquo;ARE, d&rsquo;allocations familiales<\/strong>, etc.<\/p>\n<p>De m\u00eame, le calcul du montant de la prime d&rsquo;activit\u00e9 tiendra compte d&rsquo;autres avantages potentiels comme :<\/p>\n<ul>\n<li>les <strong>aides au logement <\/strong>que vous percevez. Il peut s&rsquo;agir de l&rsquo;allocation de logement familial (ALF), l&rsquo;allocation de logement sociale (ALS) ou de l&rsquo;aide personnalis\u00e9e au logement (APL) ;<\/li>\n<li>\n<strong>l&rsquo;avantage en nature <\/strong>dont vous b\u00e9n\u00e9ficiez si vous <span style=\"text-decoration: underline;\">occupez un logement gratuitement<\/span> ou si vous en <span style=\"text-decoration: underline;\">\u00eates propri\u00e9taire<\/span>.<\/li>\n<\/ul>\n<p>Ces aides et avantages en nature sont <span style=\"text-decoration: underline;\">\u00e9valu\u00e9s mensuellement et forfaitairement<\/span> selon le <strong>nombre de personnes composant votre foyer<\/strong>.<\/p>\n<\/div>\n<h2 id=\"5\">Effectuuez votre demande en ligne<\/h2>\n<div>Premi\u00e8rement, la demande de prime d&rsquo;activit\u00e9 se fait via un <strong>t\u00e9l\u00e9service ou aupr\u00e8s de la\u00a0CAF\u00a0ou de la\u00a0<abbr tabindex=\"0\" title=\"CMSA\u00a0:\u00a0Caisse de mutualit\u00e9 sociale agricole\" data-sigle=\"R24583\">CMSA<\/abbr><\/strong>. Vous pouvez au pr\u00e9alable faire une<strong> <a href=\"http:\/\/www.caf.fr\/allocataires\/mes-services-en-ligne\/faire-une-simulation\">simulation<\/a>\u00a0en ligne<\/strong> pour\u00a0obtenir une estimation du\u00a0montant de vos droits.<\/div>\n<div>\n<div class=\"fiche-item-demarche\">\n<div class=\"demarche-button\">\n<p class=\"source\">Apr\u00e8s examen de votre dossier, vous recevrez une <strong>notification d&rsquo;attribution<\/strong> pour une p\u00e9riode de 3 mois. La p\u00e9riode de r\u00e9f\u00e9rence est le trimestre pr\u00e9c\u00e9dant le trimestre o\u00f9 vous percevez la prime d&rsquo;activit\u00e9.<\/p>\n<\/div>\n<\/div>\n<p>Ensuite, le montant qui vous est vers\u00e9 est <strong>fixe pendant 3 mois.<\/strong>\u00a0Il ne tient pas compte des changements de ressources de votre foyer.<\/p>\n<p>Cependant, si\u00a0vous recevez une d\u00e9cision de refus d&rsquo;attribution, vous pouvez toujours choisir de pr\u00e9senter un recours.<\/p>\n<\/div>\n<h2 id=\"6\">Versement de la prime et r\u00e9vision des droits<\/h2>\n<p>Comme mentionn\u00e9 plus haut, la prime d&rsquo;activit\u00e9 est vers\u00e9e <strong>\u00e0 partir du 1<sup>er<\/sup>\u00a0jour du mois au cours duquel vous avez d\u00e9pos\u00e9 votre demande<\/strong>.<\/p>\n<p>La prime d&rsquo;activit\u00e9 est<strong> vers\u00e9e chaque mois<\/strong> (le 5 du mois suivant)<strong>\u00a0<\/strong>par la\u00a0CAF\u00a0ou la\u00a0CMSA\u00a0de votre d\u00e9partement.<\/p>\n<p>Qui plus est,<strong> son montant est calcul\u00e9 pour 3 mois fixes<\/strong>\u00a0. Il ne variera pas en fonction des changements de situation, familiale et professionnelle (durant ces 3 mois).<\/p>\n<p>En effet, elle est<strong> calcul\u00e9e en fonction des revenus du trimestre pr\u00e9c\u00e9dent<\/strong>. C&rsquo;est pourquoi tous les 3 mois, vous devrez <strong>d\u00e9clarer vos ressources.<\/strong><\/p>\n<p>Par ailleurs, le foyer demandeur doit faire valoir ses <a href=\"https:\/\/www.legifrance.gouv.fr\/affichCodeArticle.do?cidTexte=LEGITEXT000006074069&amp;idArticle=LEGIARTI000031087724\" target=\"_blank\" rel=\"noopener noreferrer\">droits aux prestations sociales<\/a>, l\u00e9gislatives, r\u00e9glementaires et conventionnelles. Il doit \u00e9galement d\u00e9clarer ses droits aux cr\u00e9ances d&rsquo;aliments et aux pensions alimentaires.<\/p>\n<p><span style=\"text-decoration: underline;\">Bon \u00e0 savoir\u00a0<\/span>: La prime d&rsquo;activit\u00e9 <strong>n&rsquo;est pas imposable.<\/strong><\/p>\n<h3 class=\"fiche-title-1\">D\u00e9claration trimestrielle et r\u00e9vision du droit \u00e0 la prime<\/h3>\n<p>Chaque trimestre, vous devez d\u00e9clarer sur internet l&rsquo;ensemble des ressources de votre foyer\u00a0pour la <strong>r\u00e9\u00e9valuation \u00e9ventuelle de la prime d&rsquo;activit\u00e9<\/strong>.<\/p>\n<div class=\"fiche-item-demarche\">\n<div class=\"fiche-item-demarche\">\n<p>De m\u00eame, vous devez \u00e9galement informer votre Caf ou votre CMSA du changement de\u00a0:<\/p>\n<ul>\n<li>r\u00e9sidence,<\/li>\n<li>la\u00a0situation familiale,<\/li>\n<li>votre activit\u00e9 et vos ressources,<\/li>\n<li>patrimoine.<\/li>\n<\/ul>\n<p>Aussi, <strong>tout changement de situation impliquant une r\u00e9vision<\/strong> du montant de la prime d&rsquo;activit\u00e9 <strong>prend effet \u00e0 compter du 1<sup>er<\/sup>\u00a0jour du mois<\/strong> au cours duquel il est arriv\u00e9.<\/p>\n<p>Enfin, si vous ne remplissez plus les conditions pour b\u00e9n\u00e9ficier de la prime d&rsquo;activit\u00e9, le versement cesse \u00e0 partir du 1<sup>er<\/sup>\u00a0jour du mois o\u00f9 vous ne les remplissez plus.<\/p>\n<\/div>\n<\/div>\n<div class=\"fiche-item-demarche\">\n<h3>Suspension du versement de la prime d&rsquo;activit\u00e9<\/h3>\n<\/div>\n<p class=\"fiche-title-1\">Votre prime d&rsquo;activit\u00e9 peut voir son versement suspendu si vous ne r\u00e9pondez plus aux crit\u00e8res d&rsquo;attribution, ou \u00eatre diminu\u00e9 en cas de survenance de certains \u00e9v\u00e9nements.<\/p>\n<h4 class=\"fiche-title-1\"><strong>En cas d&rsquo;hospitalisation<\/strong><\/h4>\n<p>Si vous \u00eates hospitalis\u00e9, ne vivez pas en couple\u00a0et n&rsquo;avez pas de personne \u00e0 charge, le montant de votre prime d&rsquo;activit\u00e9 est r\u00e9duit de moiti\u00e9.<br \/>\n<strong><span style=\"text-decoration: underline;\">Attention<\/span> :\u00a0<\/strong>si vous \u00eates enceinte, cette <span style=\"text-decoration: underline;\">r\u00e9duction ne s&rsquo;applique pas<\/span>.<\/p>\n<h4><strong>En cas d&rsquo;incarc\u00e9ration<\/strong><\/h4>\n<p>Aussi, vous devez pr\u00e9venir la CAF\u00a0ou la\u00a0CMSA en cas\u00a0d&rsquo;incarc\u00e9ration en adressant un certificat de pr\u00e9sence pour que le versement de la prime d&rsquo;activit\u00e9 soit suspendu. Sinon vous serez radi\u00e9 et vous devrez rembourser le trop per\u00e7u \u00e0 votre sortie.<\/p>\n<h3 class=\"fiche-title-1\">R\u00e9clamation et trop per\u00e7u de la prime d&rsquo;activit\u00e9<\/h3>\n<ul>\n<li class=\"fiche-title-1\">Lorsque vous avez re\u00e7u un<strong> trop per\u00e7u de prime d&rsquo;activit\u00e9<\/strong>, votre CAF ou votre CMSA peut vous en <strong>demander le remboursement<\/strong> pendant<strong> 2\u00a0ans.<\/strong> Le trop per\u00e7u est r\u00e9cup\u00e9r\u00e9 par <span style=\"text-decoration: underline;\">retenues sur la prime d&rsquo;activit\u00e9 \u00e0 venir.<\/span>\n<\/li>\n<li class=\"fiche-title-1\">Si <strong>vous ne percevez plus la prime<\/strong>, la CAF ou la CMSA peut r\u00e9cup\u00e9rer les sommes per\u00e7ues \u00e0 tort par\u00a0<span style=\"text-decoration: underline;\">retenue sur les mensualit\u00e9s d&rsquo;autres prestations \u00e0 venir<\/span>. Il pourra s&rsquo;agir des\u00a0prestations familiales,\u00a0allocations aux adultes handicap\u00e9s,\u00a0allocations de logement\u00a0ou autres prestations sociales.<\/li>\n<\/ul>\n<p>Enfin, pour contester une d\u00e9cision relative \u00e0 la prime d&rsquo;activit\u00e9, vous devez, dans un premier temps, adresser un <strong>recours aupr\u00e8s de la commission de recours amiable<\/strong>.<\/p>\n<p>En cas de r\u00e9ponse d\u00e9favorable, vous pouvez ensuite pr\u00e9senter un<strong> recours contentieux devant le tribunal administratif.<\/strong><\/p>\n<h2 id=\"7\">Une hausse de la prime d&rsquo;activit\u00e9 en 2019 ?<\/h2>\n<p>Le 16 d\u00e9cembre dernier, le Premier Ministre a pris la parole dans les <a href=\"https:\/\/www.lesechos.fr\/politique-societe\/gouvernement\/0600356970040-edouard-philippe-nous-allons-accelerer-les-mesures-qui-permettent-de-distribuer-du-pouvoir-dachat-2230398.php\" target=\"_blank\" rel=\"noopener noreferrer\"><strong><em>Echos<\/em><\/strong><\/a> et annonc\u00e9 que la prime d&rsquo;activit\u00e9 serait vers\u00e9e\u00a0\u00a0\u00ab\u00a0<em>d\u00e8s le 5\u00a0f\u00e9vrier pour compl\u00e9ter le salaire de janvier<\/em>\u00ab\u00a0. <strong>L&rsquo;augmentation de la prime d&rsquo;activit\u00e9<\/strong> s&rsquo;inscrit dans le cadre des <a href=\"https:\/\/www.lemonde.fr\/les-decodeurs\/article\/2018\/12\/11\/smic-et-prime-d-activite-les-annonces-d-emmanuel-macron-en-8-questions_5395831_4355770.html\" target=\"_blank\" rel=\"noopener noreferrer\">mesures sociales phares<\/a> qu&rsquo;Emmanuel Macron avait \u00e9nonc\u00e9 lors de son interlocution du lundi 10 d\u00e9cembre 2018.<\/p>\n<p>Ainsi, la prime d&rsquo;activit\u00e9 augmentera\u00a0 de <strong>80 euros d\u00e8s l&rsquo;ann\u00e9e prochaine<\/strong>. Initialement,\u00a0elle\u00a0devait augmenter de 20 euros par an jusqu&rsquo;en 2022.<\/p>\n<p>Concr\u00e8tement, sa revalorisation sera donc faite <strong>en une seule fois<\/strong> en comprenant toutes les hausses pr\u00e9vues.<\/p>\n<p>Cette augmentation a \u00e9t\u00e9 confirm\u00e9e par <a href=\"https:\/\/www.bfmtv.com\/economie\/griveaux-detaille-la-hausse-du-smic-annoncee-par-macron-1585696.html\" target=\"_blank\" rel=\"noopener noreferrer\">Benjamin Griveaux<\/a>, porte-parole du gouvernement,\u00a0le 11 d\u00e9cembre dernier.<\/p>\n<p>\u00a0<\/p>\n<p><\/p>\n<div class=\"wp-block-button\" style=\"text-align:center;\"><a class=\"wp-block-button__link has-background\" href=\"https:\/\/www.legalvision.fr\/tous-les-services\/\">Voir les services LegalVision<\/a><\/div>\n","protected":false},"excerpt":{"rendered":"<p>Sommaire :\u00a0 Qu&rsquo;est-ce que la prime d&rsquo;activit\u00e9 ? L&rsquo;acc\u00e8s \u00e0 la prime d&rsquo;activit\u00e9\u00a0 Un chef d&rsquo;entreprise peut-il percevoir la prime d&rsquo;activit\u00e9\u00a0 Calcul du montant de la prime d&rsquo;activit\u00e9\u00a0 Effectuez votre demande en ligne Versement de la prime et r\u00e9vision des droits\u00a0 Une hausse de la prime d&rsquo;activit\u00e9 en 2019 Voir les services LegalVision Qu&rsquo;est-ce que&hellip; <a class=\"more-link\" href=\"https:\/\/www.legalvision.fr\/guides-juridiques\/droit-du-travail\/prime-d-activite-simulateur\/\">Poursuivre la lecture <span class=\"screen-reader-text\">Prime d&rsquo;activit\u00e9 : ce qu&rsquo;il faut savoir<\/span><\/a><\/p>\n","protected":false},"author":30,"featured_media":23850,"comment_status":"open","ping_status":"open","sticky":false,"template":"","format":"standard","meta":{"content-type":"","inline_featured_image":false,"footnotes":""},"categories":[2485],"tags":[],"class_list":["post-9956","post","type-post","status-publish","format-standard","has-post-thumbnail","hentry","category-droit-du-travail","entry"],"yoast_head":"<!-- This site is optimized with the Yoast SEO plugin v27.1.1 - https:\/\/yoast.com\/product\/yoast-seo-wordpress\/ -->\n<title>Prime d&#039;activit\u00e9 : Comment en b\u00e9n\u00e9ficier ? Combien pouvez-vous gagner ?<\/title>\n<meta name=\"description\" content=\"La prime d&#039;activit\u00e9 est un compl\u00e9ment de revenus confortable pour les fran\u00e7ais pouvant en b\u00e9n\u00e9ficier. D\u00e9couvrez d\u00e8s maintenant si vous \u00eates \u00e9ligible !\" \/>\n<meta name=\"robots\" content=\"index, follow, max-snippet:-1, max-image-preview:large, max-video-preview:-1\" \/>\n<link rel=\"canonical\" href=\"https:\/\/www.legalvision.fr\/guides-juridiques\/droit-du-travail\/prime-d-activite-simulateur\/\" \/>\n<meta property=\"og:locale\" content=\"fr_FR\" \/>\n<meta property=\"og:type\" content=\"article\" \/>\n<meta property=\"og:title\" content=\"Prime d&#039;activit\u00e9 : Comment en b\u00e9n\u00e9ficier ? Combien pouvez-vous gagner ?\" \/>\n<meta property=\"og:description\" content=\"La prime d&#039;activit\u00e9 est un compl\u00e9ment de revenus confortable pour les fran\u00e7ais pouvant en b\u00e9n\u00e9ficier. D\u00e9couvrez d\u00e8s maintenant si vous \u00eates \u00e9ligible !\" \/>\n<meta property=\"og:url\" content=\"https:\/\/www.legalvision.fr\/guides-juridiques\/droit-du-travail\/prime-d-activite-simulateur\/\" \/>\n<meta property=\"og:site_name\" content=\"Guides juridiques\" \/>\n<meta property=\"article:published_time\" content=\"2018-12-31T06:30:05+00:00\" \/>\n<meta property=\"article:modified_time\" content=\"2022-03-27T19:21:03+00:00\" \/>\n<meta property=\"og:image\" content=\"https:\/\/www.legalvision.fr\/guides-juridiques\/wp-content\/uploads\/2018\/12\/Prime-dactivit\u00e9-min.jpg\" \/>\n\t<meta property=\"og:image:width\" content=\"958\" \/>\n\t<meta property=\"og:image:height\" content=\"350\" \/>\n\t<meta property=\"og:image:type\" content=\"image\/jpeg\" \/>\n<meta name=\"author\" content=\"William Lebrun\" \/>\n<meta name=\"twitter:card\" content=\"summary_large_image\" \/>\n<meta name=\"twitter:label1\" content=\"\u00c9crit par\" \/>\n\t<meta name=\"twitter:data1\" content=\"William Lebrun\" \/>\n\t<meta name=\"twitter:label2\" content=\"Dur\u00e9e de lecture estim\u00e9e\" \/>\n\t<meta name=\"twitter:data2\" content=\"11 minutes\" \/>\n<script type=\"application\/ld+json\" class=\"yoast-schema-graph\">{\"@context\":\"https:\/\/schema.org\",\"@graph\":[{\"@type\":\"Article\",\"@id\":\"https:\/\/www.legalvision.fr\/guides-juridiques\/droit-du-travail\/prime-d-activite-simulateur\/#article\",\"isPartOf\":{\"@id\":\"https:\/\/www.legalvision.fr\/guides-juridiques\/droit-du-travail\/prime-d-activite-simulateur\/\"},\"author\":{\"name\":\"William Lebrun\",\"@id\":\"https:\/\/www.legalvision.fr\/guides-juridiques\/#\/schema\/person\/3d24d0c20575138ed212b2e4b6f7b4b0\"},\"headline\":\"Prime d&rsquo;activit\u00e9 : ce qu&rsquo;il faut savoir\",\"datePublished\":\"2018-12-31T06:30:05+00:00\",\"dateModified\":\"2022-03-27T19:21:03+00:00\",\"mainEntityOfPage\":{\"@id\":\"https:\/\/www.legalvision.fr\/guides-juridiques\/droit-du-travail\/prime-d-activite-simulateur\/\"},\"wordCount\":2404,\"commentCount\":0,\"publisher\":{\"@id\":\"https:\/\/www.legalvision.fr\/guides-juridiques\/#organization\"},\"image\":{\"@id\":\"https:\/\/www.legalvision.fr\/guides-juridiques\/droit-du-travail\/prime-d-activite-simulateur\/#primaryimage\"},\"thumbnailUrl\":\"https:\/\/www.legalvision.fr\/guides-juridiques\/wp-content\/uploads\/2018\/12\/Prime-dactivit\u00e9-min.jpg\",\"articleSection\":[\"Droit du travail\"],\"inLanguage\":\"fr-FR\",\"potentialAction\":[{\"@type\":\"CommentAction\",\"name\":\"Comment\",\"target\":[\"https:\/\/www.legalvision.fr\/guides-juridiques\/droit-du-travail\/prime-d-activite-simulateur\/#respond\"]}]},{\"@type\":\"WebPage\",\"@id\":\"https:\/\/www.legalvision.fr\/guides-juridiques\/droit-du-travail\/prime-d-activite-simulateur\/\",\"url\":\"https:\/\/www.legalvision.fr\/guides-juridiques\/droit-du-travail\/prime-d-activite-simulateur\/\",\"name\":\"Prime d'activit\u00e9 : Comment en b\u00e9n\u00e9ficier ? Combien pouvez-vous gagner ?\",\"isPartOf\":{\"@id\":\"https:\/\/www.legalvision.fr\/guides-juridiques\/#website\"},\"primaryImageOfPage\":{\"@id\":\"https:\/\/www.legalvision.fr\/guides-juridiques\/droit-du-travail\/prime-d-activite-simulateur\/#primaryimage\"},\"image\":{\"@id\":\"https:\/\/www.legalvision.fr\/guides-juridiques\/droit-du-travail\/prime-d-activite-simulateur\/#primaryimage\"},\"thumbnailUrl\":\"https:\/\/www.legalvision.fr\/guides-juridiques\/wp-content\/uploads\/2018\/12\/Prime-dactivit\u00e9-min.jpg\",\"datePublished\":\"2018-12-31T06:30:05+00:00\",\"dateModified\":\"2022-03-27T19:21:03+00:00\",\"description\":\"La prime d'activit\u00e9 est un compl\u00e9ment de revenus confortable pour les fran\u00e7ais pouvant en b\u00e9n\u00e9ficier. D\u00e9couvrez d\u00e8s maintenant si vous \u00eates \u00e9ligible !\",\"breadcrumb\":{\"@id\":\"https:\/\/www.legalvision.fr\/guides-juridiques\/droit-du-travail\/prime-d-activite-simulateur\/#breadcrumb\"},\"inLanguage\":\"fr-FR\",\"potentialAction\":[{\"@type\":\"ReadAction\",\"target\":[\"https:\/\/www.legalvision.fr\/guides-juridiques\/droit-du-travail\/prime-d-activite-simulateur\/\"]}]},{\"@type\":\"ImageObject\",\"inLanguage\":\"fr-FR\",\"@id\":\"https:\/\/www.legalvision.fr\/guides-juridiques\/droit-du-travail\/prime-d-activite-simulateur\/#primaryimage\",\"url\":\"https:\/\/www.legalvision.fr\/guides-juridiques\/wp-content\/uploads\/2018\/12\/Prime-dactivit\u00e9-min.jpg\",\"contentUrl\":\"https:\/\/www.legalvision.fr\/guides-juridiques\/wp-content\/uploads\/2018\/12\/Prime-dactivit\u00e9-min.jpg\",\"width\":958,\"height\":350,\"caption\":\"Prime d'activit\u00e9\"},{\"@type\":\"BreadcrumbList\",\"@id\":\"https:\/\/www.legalvision.fr\/guides-juridiques\/droit-du-travail\/prime-d-activite-simulateur\/#breadcrumb\",\"itemListElement\":[{\"@type\":\"ListItem\",\"position\":1,\"name\":\"Accueil\",\"item\":\"https:\/\/www.legalvision.fr\/guides-juridiques\/\"},{\"@type\":\"ListItem\",\"position\":2,\"name\":\"Droit du travail\",\"item\":\"https:\/\/www.legalvision.fr\/guides-juridiques\/droit-du-travail\/\"},{\"@type\":\"ListItem\",\"position\":3,\"name\":\"Prime d&rsquo;activit\u00e9 : ce qu&rsquo;il faut savoir\"}]},{\"@type\":\"WebSite\",\"@id\":\"https:\/\/www.legalvision.fr\/guides-juridiques\/#website\",\"url\":\"https:\/\/www.legalvision.fr\/guides-juridiques\/\",\"name\":\"Guides juridiques\",\"description\":\"L&#039;information juridique \u00e0 destination des entreprises et TPE\",\"publisher\":{\"@id\":\"https:\/\/www.legalvision.fr\/guides-juridiques\/#organization\"},\"potentialAction\":[{\"@type\":\"SearchAction\",\"target\":{\"@type\":\"EntryPoint\",\"urlTemplate\":\"https:\/\/www.legalvision.fr\/guides-juridiques\/?s={search_term_string}\"},\"query-input\":{\"@type\":\"PropertyValueSpecification\",\"valueRequired\":true,\"valueName\":\"search_term_string\"}}],\"inLanguage\":\"fr-FR\"},{\"@type\":\"Organization\",\"@id\":\"https:\/\/www.legalvision.fr\/guides-juridiques\/#organization\",\"name\":\"Guides juridiques\",\"url\":\"https:\/\/www.legalvision.fr\/guides-juridiques\/\",\"logo\":{\"@type\":\"ImageObject\",\"inLanguage\":\"fr-FR\",\"@id\":\"https:\/\/www.legalvision.fr\/guides-juridiques\/#\/schema\/logo\/image\/\",\"url\":\"https:\/\/www.legalvision.fr\/guides-juridiques\/wp-content\/uploads\/2022\/10\/LV-Logotype.png\",\"contentUrl\":\"https:\/\/www.legalvision.fr\/guides-juridiques\/wp-content\/uploads\/2022\/10\/LV-Logotype.png\",\"width\":647,\"height\":125,\"caption\":\"Guides juridiques\"},\"image\":{\"@id\":\"https:\/\/www.legalvision.fr\/guides-juridiques\/#\/schema\/logo\/image\/\"}},{\"@type\":\"Person\",\"@id\":\"https:\/\/www.legalvision.fr\/guides-juridiques\/#\/schema\/person\/3d24d0c20575138ed212b2e4b6f7b4b0\",\"name\":\"William Lebrun\",\"image\":{\"@type\":\"ImageObject\",\"inLanguage\":\"fr-FR\",\"@id\":\"https:\/\/www.legalvision.fr\/guides-juridiques\/#\/schema\/person\/image\/\",\"url\":\"https:\/\/www.legalvision.fr\/guides-juridiques\/wp-content\/uploads\/2023\/07\/cropped-homme1-96x96.png\",\"contentUrl\":\"https:\/\/www.legalvision.fr\/guides-juridiques\/wp-content\/uploads\/2023\/07\/cropped-homme1-96x96.png\",\"caption\":\"William Lebrun\"},\"description\":\"B\u00e9n\u00e9ficiant de la formation d'un double dipl\u00f4me en droit des affaires et en \u00e9cole de commerce, j'ai un fort attrait pour le droit des soci\u00e9t\u00e9s. Je r\u00e9dige des articles pour vous aider sur vos probl\u00e9matiques.\",\"url\":\"https:\/\/www.legalvision.fr\/guides-juridiques\/author\/aina-rakoto\/\"}]}<\/script>\n<!-- \/ Yoast SEO plugin. -->","yoast_head_json":{"title":"Prime d'activit\u00e9 : Comment en b\u00e9n\u00e9ficier ? Combien pouvez-vous gagner ?","description":"La prime d'activit\u00e9 est un compl\u00e9ment de revenus confortable pour les fran\u00e7ais pouvant en b\u00e9n\u00e9ficier. D\u00e9couvrez d\u00e8s maintenant si vous \u00eates \u00e9ligible !","robots":{"index":"index","follow":"follow","max-snippet":"max-snippet:-1","max-image-preview":"max-image-preview:large","max-video-preview":"max-video-preview:-1"},"canonical":"https:\/\/www.legalvision.fr\/guides-juridiques\/droit-du-travail\/prime-d-activite-simulateur\/","og_locale":"fr_FR","og_type":"article","og_title":"Prime d'activit\u00e9 : Comment en b\u00e9n\u00e9ficier ? Combien pouvez-vous gagner ?","og_description":"La prime d'activit\u00e9 est un compl\u00e9ment de revenus confortable pour les fran\u00e7ais pouvant en b\u00e9n\u00e9ficier. D\u00e9couvrez d\u00e8s maintenant si vous \u00eates \u00e9ligible !","og_url":"https:\/\/www.legalvision.fr\/guides-juridiques\/droit-du-travail\/prime-d-activite-simulateur\/","og_site_name":"Guides juridiques","article_published_time":"2018-12-31T06:30:05+00:00","article_modified_time":"2022-03-27T19:21:03+00:00","og_image":[{"width":958,"height":350,"url":"https:\/\/www.legalvision.fr\/guides-juridiques\/wp-content\/uploads\/2018\/12\/Prime-dactivit\u00e9-min.jpg","type":"image\/jpeg"}],"author":"William Lebrun","twitter_card":"summary_large_image","twitter_misc":{"\u00c9crit par":"William Lebrun","Dur\u00e9e de lecture estim\u00e9e":"11 minutes"},"schema":{"@context":"https:\/\/schema.org","@graph":[{"@type":"Article","@id":"https:\/\/www.legalvision.fr\/guides-juridiques\/droit-du-travail\/prime-d-activite-simulateur\/#article","isPartOf":{"@id":"https:\/\/www.legalvision.fr\/guides-juridiques\/droit-du-travail\/prime-d-activite-simulateur\/"},"author":{"name":"William Lebrun","@id":"https:\/\/www.legalvision.fr\/guides-juridiques\/#\/schema\/person\/3d24d0c20575138ed212b2e4b6f7b4b0"},"headline":"Prime d&rsquo;activit\u00e9 : ce qu&rsquo;il faut savoir","datePublished":"2018-12-31T06:30:05+00:00","dateModified":"2022-03-27T19:21:03+00:00","mainEntityOfPage":{"@id":"https:\/\/www.legalvision.fr\/guides-juridiques\/droit-du-travail\/prime-d-activite-simulateur\/"},"wordCount":2404,"commentCount":0,"publisher":{"@id":"https:\/\/www.legalvision.fr\/guides-juridiques\/#organization"},"image":{"@id":"https:\/\/www.legalvision.fr\/guides-juridiques\/droit-du-travail\/prime-d-activite-simulateur\/#primaryimage"},"thumbnailUrl":"https:\/\/www.legalvision.fr\/guides-juridiques\/wp-content\/uploads\/2018\/12\/Prime-dactivit\u00e9-min.jpg","articleSection":["Droit du travail"],"inLanguage":"fr-FR","potentialAction":[{"@type":"CommentAction","name":"Comment","target":["https:\/\/www.legalvision.fr\/guides-juridiques\/droit-du-travail\/prime-d-activite-simulateur\/#respond"]}]},{"@type":"WebPage","@id":"https:\/\/www.legalvision.fr\/guides-juridiques\/droit-du-travail\/prime-d-activite-simulateur\/","url":"https:\/\/www.legalvision.fr\/guides-juridiques\/droit-du-travail\/prime-d-activite-simulateur\/","name":"Prime d'activit\u00e9 : Comment en b\u00e9n\u00e9ficier ? Combien pouvez-vous gagner ?","isPartOf":{"@id":"https:\/\/www.legalvision.fr\/guides-juridiques\/#website"},"primaryImageOfPage":{"@id":"https:\/\/www.legalvision.fr\/guides-juridiques\/droit-du-travail\/prime-d-activite-simulateur\/#primaryimage"},"image":{"@id":"https:\/\/www.legalvision.fr\/guides-juridiques\/droit-du-travail\/prime-d-activite-simulateur\/#primaryimage"},"thumbnailUrl":"https:\/\/www.legalvision.fr\/guides-juridiques\/wp-content\/uploads\/2018\/12\/Prime-dactivit\u00e9-min.jpg","datePublished":"2018-12-31T06:30:05+00:00","dateModified":"2022-03-27T19:21:03+00:00","description":"La prime d'activit\u00e9 est un compl\u00e9ment de revenus confortable pour les fran\u00e7ais pouvant en b\u00e9n\u00e9ficier. D\u00e9couvrez d\u00e8s maintenant si vous \u00eates \u00e9ligible !","breadcrumb":{"@id":"https:\/\/www.legalvision.fr\/guides-juridiques\/droit-du-travail\/prime-d-activite-simulateur\/#breadcrumb"},"inLanguage":"fr-FR","potentialAction":[{"@type":"ReadAction","target":["https:\/\/www.legalvision.fr\/guides-juridiques\/droit-du-travail\/prime-d-activite-simulateur\/"]}]},{"@type":"ImageObject","inLanguage":"fr-FR","@id":"https:\/\/www.legalvision.fr\/guides-juridiques\/droit-du-travail\/prime-d-activite-simulateur\/#primaryimage","url":"https:\/\/www.legalvision.fr\/guides-juridiques\/wp-content\/uploads\/2018\/12\/Prime-dactivit\u00e9-min.jpg","contentUrl":"https:\/\/www.legalvision.fr\/guides-juridiques\/wp-content\/uploads\/2018\/12\/Prime-dactivit\u00e9-min.jpg","width":958,"height":350,"caption":"Prime d'activit\u00e9"},{"@type":"BreadcrumbList","@id":"https:\/\/www.legalvision.fr\/guides-juridiques\/droit-du-travail\/prime-d-activite-simulateur\/#breadcrumb","itemListElement":[{"@type":"ListItem","position":1,"name":"Accueil","item":"https:\/\/www.legalvision.fr\/guides-juridiques\/"},{"@type":"ListItem","position":2,"name":"Droit du travail","item":"https:\/\/www.legalvision.fr\/guides-juridiques\/droit-du-travail\/"},{"@type":"ListItem","position":3,"name":"Prime d&rsquo;activit\u00e9 : ce qu&rsquo;il faut savoir"}]},{"@type":"WebSite","@id":"https:\/\/www.legalvision.fr\/guides-juridiques\/#website","url":"https:\/\/www.legalvision.fr\/guides-juridiques\/","name":"Guides juridiques","description":"L&#039;information juridique \u00e0 destination des entreprises et TPE","publisher":{"@id":"https:\/\/www.legalvision.fr\/guides-juridiques\/#organization"},"potentialAction":[{"@type":"SearchAction","target":{"@type":"EntryPoint","urlTemplate":"https:\/\/www.legalvision.fr\/guides-juridiques\/?s={search_term_string}"},"query-input":{"@type":"PropertyValueSpecification","valueRequired":true,"valueName":"search_term_string"}}],"inLanguage":"fr-FR"},{"@type":"Organization","@id":"https:\/\/www.legalvision.fr\/guides-juridiques\/#organization","name":"Guides juridiques","url":"https:\/\/www.legalvision.fr\/guides-juridiques\/","logo":{"@type":"ImageObject","inLanguage":"fr-FR","@id":"https:\/\/www.legalvision.fr\/guides-juridiques\/#\/schema\/logo\/image\/","url":"https:\/\/www.legalvision.fr\/guides-juridiques\/wp-content\/uploads\/2022\/10\/LV-Logotype.png","contentUrl":"https:\/\/www.legalvision.fr\/guides-juridiques\/wp-content\/uploads\/2022\/10\/LV-Logotype.png","width":647,"height":125,"caption":"Guides juridiques"},"image":{"@id":"https:\/\/www.legalvision.fr\/guides-juridiques\/#\/schema\/logo\/image\/"}},{"@type":"Person","@id":"https:\/\/www.legalvision.fr\/guides-juridiques\/#\/schema\/person\/3d24d0c20575138ed212b2e4b6f7b4b0","name":"William Lebrun","image":{"@type":"ImageObject","inLanguage":"fr-FR","@id":"https:\/\/www.legalvision.fr\/guides-juridiques\/#\/schema\/person\/image\/","url":"https:\/\/www.legalvision.fr\/guides-juridiques\/wp-content\/uploads\/2023\/07\/cropped-homme1-96x96.png","contentUrl":"https:\/\/www.legalvision.fr\/guides-juridiques\/wp-content\/uploads\/2023\/07\/cropped-homme1-96x96.png","caption":"William Lebrun"},"description":"B\u00e9n\u00e9ficiant de la formation d'un double dipl\u00f4me en droit des affaires et en \u00e9cole de commerce, j'ai un fort attrait pour le droit des soci\u00e9t\u00e9s. Je r\u00e9dige des articles pour vous aider sur vos probl\u00e9matiques.","url":"https:\/\/www.legalvision.fr\/guides-juridiques\/author\/aina-rakoto\/"}]}},"_links":{"self":[{"href":"https:\/\/www.legalvision.fr\/guides-juridiques\/wp-json\/wp\/v2\/posts\/9956","targetHints":{"allow":["GET"]}}],"collection":[{"href":"https:\/\/www.legalvision.fr\/guides-juridiques\/wp-json\/wp\/v2\/posts"}],"about":[{"href":"https:\/\/www.legalvision.fr\/guides-juridiques\/wp-json\/wp\/v2\/types\/post"}],"author":[{"embeddable":true,"href":"https:\/\/www.legalvision.fr\/guides-juridiques\/wp-json\/wp\/v2\/users\/30"}],"replies":[{"embeddable":true,"href":"https:\/\/www.legalvision.fr\/guides-juridiques\/wp-json\/wp\/v2\/comments?post=9956"}],"version-history":[{"count":0,"href":"https:\/\/www.legalvision.fr\/guides-juridiques\/wp-json\/wp\/v2\/posts\/9956\/revisions"}],"wp:featuredmedia":[{"embeddable":true,"href":"https:\/\/www.legalvision.fr\/guides-juridiques\/wp-json\/wp\/v2\/media\/23850"}],"wp:attachment":[{"href":"https:\/\/www.legalvision.fr\/guides-juridiques\/wp-json\/wp\/v2\/media?parent=9956"}],"wp:term":[{"taxonomy":"category","embeddable":true,"href":"https:\/\/www.legalvision.fr\/guides-juridiques\/wp-json\/wp\/v2\/categories?post=9956"},{"taxonomy":"post_tag","embeddable":true,"href":"https:\/\/www.legalvision.fr\/guides-juridiques\/wp-json\/wp\/v2\/tags?post=9956"}],"curies":[{"name":"wp","href":"https:\/\/api.w.org\/{rel}","templated":true}]}}