{"id":9658,"date":"2018-12-29T07:30:17","date_gmt":"2018-12-29T06:30:17","guid":{"rendered":"https:\/\/blog.legalvision.fr\/?p=9658"},"modified":"2024-01-31T17:30:32","modified_gmt":"2024-01-31T16:30:32","slug":"les-formalites-greffe-et-les-couts-reels","status":"publish","type":"post","link":"https:\/\/www.legalvision.fr\/guides-juridiques\/creer-son-entreprise\/les-formalites-greffe-et-les-couts-reels\/","title":{"rendered":"Formalit\u00e9s greffe : les co\u00fbts r\u00e9els"},"content":{"rendered":"\t\t<div data-elementor-type=\"wp-post\" data-elementor-id=\"9658\" class=\"elementor elementor-9658\" data-elementor-post-type=\"post\">\n\t\t\t\t<div data-particle_enable=\"false\" data-particle-mobile-disabled=\"false\" class=\"elementor-element elementor-element-0500007 e-flex e-con-boxed e-con e-parent\" data-id=\"0500007\" data-element_type=\"container\" data-e-type=\"container\">\n\t\t\t\t\t<div class=\"e-con-inner\">\n\t\t\t\t<div class=\"elementor-element elementor-element-8318dc3 elementor-widget elementor-widget-text-editor\" data-id=\"8318dc3\" data-element_type=\"widget\" data-e-type=\"widget\" data-widget_type=\"text-editor.default\">\n\t\t\t\t<div class=\"elementor-widget-container\">\n\t\t\t\t\t\t\t\t\t<p>Lors de la cr\u00e9ation d&rsquo;une entreprise, en cas de <a href=\"https:\/\/www.legalvision.fr\/modification-statuts\/\">modification de sa situation<\/a> ou \u00e0 l&rsquo;occasion de sa <a href=\"https:\/\/blog.legalvision.fr\/2018\/08\/30\/la-fermeture-d-un-etablissement-secondaire-en-24-heures\/\">fermeture<\/a>, des formalit\u00e9s administratives doivent \u00eatre accomplies. On parle de<strong> formalit\u00e9s greffe.<\/strong><\/p><p>Ces formalit\u00e9s juridiques varient\u00a0de\u00a0l&rsquo;inscription au\u00a0RCS au changement de nom commercial en passant par le <a href=\"https:\/\/www.legalvision.fr\/modification-statuts\/transfert-de-siege-social\/\">transfert de si\u00e8ge social <\/a>(etc&#8230;). Elles doivent donc \u00eatre accomplies aupr\u00e8s du Greffe du Tribunal de Commerce comp\u00e9tent. Il s&rsquo;agira de celui se trouvant dans le ressort\u00a0o\u00f9\u00a0se situe le si\u00e8ge social. Dans le cas d&rsquo;une cr\u00e9ation, ce sera le futur si\u00e8ge social de la soci\u00e9t\u00e9.<\/p><p>Il faut savoir que les formalit\u00e9s greffe ont un <a href=\"https:\/\/www.legalvision.fr\/cout-reel-des-formalites-juridiques\/\"><strong>co\u00fbt<\/strong><\/a> qui peut parfois \u00eatre <strong>on\u00e9reux<\/strong>. S&rsquo;agissant du co\u00fbt des formalit\u00e9s juridiques, trois cat\u00e9gories de frais peuvent \u00eatre distingu\u00e9es :<\/p><ul><li>les <span style=\"text-decoration-line: underline;\"><strong>frais de greffe.<\/strong><\/span>\u00a0Ces frais sont d\u00e9termin\u00e9s par un\u00a0<a href=\"https:\/\/www.legifrance.gouv.fr\/affichTexte.do?cidTexte=JORFTEXT000036650443&amp;dateTexte=&amp;categorieLien=id\">arr\u00eat\u00e9 du 27 f\u00e9vrier 2018<\/a>. Ils sont obligatoires.<\/li><li>les <span style=\"text-decoration-line: underline;\"><strong>frais d&rsquo;annonce l\u00e9gale.<\/strong><\/span>\u00a0Il s&rsquo;agit des frais de publicit\u00e9 obligatoires lorsque vous devrez publier des avis dans des journaux d&rsquo;annonces l\u00e9gales (JAL)<\/li><li>les <strong><span style=\"text-decoration-line: underline;\">frais de r\u00e9dacteur d&rsquo;actes<\/span>.<\/strong> Si vous choisissez de faire appel \u00e0 un mandataire pour la prise en charge de vos formalit\u00e9s, il r\u00e9digera les documents n\u00e9cessaires pour votre compte.<\/li><\/ul><p>Dans cet article, nous vous expliquons en d\u00e9tail le calcul du prix de ces diff\u00e9rentes formalit\u00e9s\u00a0 afin de pouvoir estimer quel est leur <strong>co\u00fbt r\u00e9el<\/strong> in fine.<\/p><p>Il faut savoir qu&rsquo;il serait\u00a0compliqu\u00e9 et peu ludique de dresser une liste exhaustive des formalit\u00e9s greffe et de leurs co\u00fbts respectifs.\u00a0Toutefois, il est possible de les \u00e9tudier sous l&rsquo;angle de trois p\u00e9riodes\/\u00e9tapes dans la vie de toute entreprise.<\/p><p>Ainsi, dans un premier temps, des frais sont \u00e0 envisager \u00e0 l&rsquo;occasion de la constitution de la soci\u00e9t\u00e9 (I), des formalit\u00e9s devront \u00e9galement \u00eatre accomplis en cas de modification (II) et lors de la fermeture (III).<\/p><h3><strong>Sommaire :\u00a0<\/strong><\/h3><p><a href=\"#1\"><strong>Les formalit\u00e9s greffe lors de la constitution de la soci\u00e9t\u00e9\u00a0<\/strong><\/a><br \/><a href=\"#2\"><strong>Modification de la soci\u00e9t\u00e9 et inscription compl\u00e9mentaire\u00a0<\/strong><\/a><br \/><a href=\"#3\"><strong>Formalit\u00e9s greffe et fermeture de soci\u00e9t\u00e9<\/strong><\/a><\/p><p>\u00a0<\/p>\t\t\t\t\t\t\t\t<\/div>\n\t\t\t\t<\/div>\n\t\t\t\t\t<\/div>\n\t\t\t\t<\/div>\n\t\t<div data-particle_enable=\"false\" data-particle-mobile-disabled=\"false\" class=\"elementor-element elementor-element-1207a061 e-flex e-con-boxed e-con e-parent\" data-id=\"1207a061\" data-element_type=\"container\" data-e-type=\"container\">\n\t\t\t\t\t<div class=\"e-con-inner\">\n\t\t\t\t<div class=\"elementor-element elementor-element-60894d7c elementor-widget elementor-widget-heading\" data-id=\"60894d7c\" data-element_type=\"widget\" data-e-type=\"widget\" data-widget_type=\"heading.default\">\n\t\t\t\t<div class=\"elementor-widget-container\">\n\t\t\t\t\t<h2 class=\"elementor-heading-title elementor-size-default\">Nos outils pour vous aider : <\/h2>\t\t\t\t<\/div>\n\t\t\t\t<\/div>\n\t\t\t\t\t<\/div>\n\t\t\t\t<\/div>\n\t\t<div data-particle_enable=\"false\" data-particle-mobile-disabled=\"false\" class=\"elementor-element elementor-element-75832cc5 e-flex e-con-boxed e-con e-parent\" data-id=\"75832cc5\" data-element_type=\"container\" data-e-type=\"container\">\n\t\t\t\t\t<div class=\"e-con-inner\">\n\t\t<div data-particle_enable=\"false\" data-particle-mobile-disabled=\"false\" class=\"elementor-element elementor-element-19903b80 e-con-full e-flex e-con e-child\" data-id=\"19903b80\" data-element_type=\"container\" data-e-type=\"container\">\n\t\t\t\t<div class=\"elementor-element elementor-element-4bc02f elementor-widget elementor-widget-button\" data-id=\"4bc02f\" data-element_type=\"widget\" data-e-type=\"widget\" data-widget_type=\"button.default\">\n\t\t\t\t<div class=\"elementor-widget-container\">\n\t\t\t\t\t\t\t\t\t<div class=\"elementor-button-wrapper\">\n\t\t\t\t\t<a class=\"elementor-button elementor-button-link elementor-size-sm\" href=\"https:\/\/leonard.fr\/juridique\/creation-entreprise\/creation-dune-sasu\/?utm_source=blog&#038;utm_medium=CTA&#038;utm_campaign=formalites_greffe_les_couts_reels&#038;utm_id=creation_SASU_blog\" target=\"_blank\">\n\t\t\t\t\t\t<span class=\"elementor-button-content-wrapper\">\n\t\t\t\t\t\t\t\t\t<span class=\"elementor-button-text\">Cr\u00e9ez votre SASU en ligne<\/span>\n\t\t\t\t\t<\/span>\n\t\t\t\t\t<\/a>\n\t\t\t\t<\/div>\n\t\t\t\t\t\t\t\t<\/div>\n\t\t\t\t<\/div>\n\t\t\t\t<\/div>\n\t\t<div data-particle_enable=\"false\" data-particle-mobile-disabled=\"false\" class=\"elementor-element elementor-element-5eb4a50b e-con-full e-flex e-con e-child\" data-id=\"5eb4a50b\" data-element_type=\"container\" data-e-type=\"container\">\n\t\t\t\t<div class=\"elementor-element elementor-element-367be26b elementor-widget elementor-widget-button\" data-id=\"367be26b\" data-element_type=\"widget\" data-e-type=\"widget\" data-widget_type=\"button.default\">\n\t\t\t\t<div class=\"elementor-widget-container\">\n\t\t\t\t\t\t\t\t\t<div class=\"elementor-button-wrapper\">\n\t\t\t\t\t<a class=\"elementor-button elementor-button-link elementor-size-sm\" href=\"https:\/\/meetings.hubspot.com\/global\/leonard-rendez-vous-gratuit-avec-un-juriste?utm_source=blog&#038;utm_medium=CTA&#038;utm_campaign=formalites_greffe_les_couts_reels&#038;utm_id=creation_SASU_blog\" target=\"_blank\">\n\t\t\t\t\t\t<span class=\"elementor-button-content-wrapper\">\n\t\t\t\t\t\t\t\t\t<span class=\"elementor-button-text\">Soyez rappel\u00e9 par un juriste gratuitement<\/span>\n\t\t\t\t\t<\/span>\n\t\t\t\t\t<\/a>\n\t\t\t\t<\/div>\n\t\t\t\t\t\t\t\t<\/div>\n\t\t\t\t<\/div>\n\t\t\t\t<\/div>\n\t\t<div data-particle_enable=\"false\" data-particle-mobile-disabled=\"false\" class=\"elementor-element elementor-element-77ef3054 e-con-full e-flex e-con e-child\" data-id=\"77ef3054\" data-element_type=\"container\" data-e-type=\"container\">\n\t\t\t\t<div data-dce-background-color=\"#85D2F1\" class=\"elementor-element elementor-element-2a2eb4d9 elementor-widget elementor-widget-button\" data-id=\"2a2eb4d9\" data-element_type=\"widget\" data-e-type=\"widget\" data-widget_type=\"button.default\">\n\t\t\t\t<div class=\"elementor-widget-container\">\n\t\t\t\t\t\t\t\t\t<div class=\"elementor-button-wrapper\">\n\t\t\t\t\t<a class=\"elementor-button elementor-button-link elementor-size-sm\" href=\"https:\/\/share.hsforms.com\/1MCz4iJkPSsaIbYWlbzl6vw1oyza?utm_source=blog&#038;utm_medium=CTA&#038;utm_campaign=formalites_greffe_les_couts_reels&#038;utm_id=creation_SASU_blog\" target=\"_blank\">\n\t\t\t\t\t\t<span class=\"elementor-button-content-wrapper\">\n\t\t\t\t\t\t\t\t\t<span class=\"elementor-button-text\">Publiez votre annonce l\u00e9gale<\/span>\n\t\t\t\t\t<\/span>\n\t\t\t\t\t<\/a>\n\t\t\t\t<\/div>\n\t\t\t\t\t\t\t\t<\/div>\n\t\t\t\t<\/div>\n\t\t\t\t<\/div>\n\t\t\t\t\t<\/div>\n\t\t\t\t<\/div>\n\t\t<div data-particle_enable=\"false\" data-particle-mobile-disabled=\"false\" class=\"elementor-element elementor-element-65860044 e-flex e-con-boxed e-con e-parent\" data-id=\"65860044\" data-element_type=\"container\" data-e-type=\"container\">\n\t\t\t\t\t<div class=\"e-con-inner\">\n\t\t\t\t<div class=\"elementor-element elementor-element-47d5b888 elementor-widget elementor-widget-text-editor\" data-id=\"47d5b888\" data-element_type=\"widget\" data-e-type=\"widget\" data-widget_type=\"text-editor.default\">\n\t\t\t\t<div class=\"elementor-widget-container\">\n\t\t\t\t\t\t\t\t\t<h2 id=\"1\">\u00a0<\/h2><h2 id=\"1\">\u00a0<\/h2><h2 id=\"1\">Les formalit\u00e9s greffe lors de la constitution de la soci\u00e9t\u00e9<\/h2><p>Lors de la cr\u00e9ation d&rsquo;une entreprise, le futur entrepreneur, personne physique ou morale, va devoir r\u00e9aliser un certain nombre de formalit\u00e9s greffe. Si ces formalit\u00e9s diff\u00e9reront selon la <a href=\"https:\/\/www.legalvision.fr\/forme-juridique\/\">forme juridique<\/a> adopt\u00e9e, certaines seront communes \u00e0 toutes les soci\u00e9t\u00e9s.<\/p><h3><strong>\u00a0<\/strong><\/h3><h3><strong>La r\u00e9daction des statuts<\/strong><\/h3><p>Ainsi, dans un premier temps, vous devrez r\u00e9diger les statuts de votre soci\u00e9t\u00e9. Ces statuts d\u00e9finissent\u00a0les r\u00e8gles de fonctionnement de la soci\u00e9t\u00e9 et les relations entre les associ\u00e9s. La plupart de ces r\u00e8gles sont impos\u00e9es par la loi, mais parmi elles, certaines peuvent \u00eatre adapt\u00e9es.<\/p><p>Vous pourrez choisir de les r\u00e9diger par vous-m\u00eame ou pourrez choisir de faire appel aux <strong><a href=\"https:\/\/blog.legalvision.fr\/2017\/03\/05\/redaction-des-statuts-societe\/\">services d&rsquo;un mandataire<\/a>.<\/strong>\u00a0Ce dernier pourra \u00e9galement prendre en charge l&rsquo;accomplissement des autres formalit\u00e9s. Il est souvent pr\u00e9f\u00e9rable\u00a0 de recourir aux services d&rsquo;un professionnel pour la\u00a0<a href=\"https:\/\/www.legalvision.fr\/creation-dentreprise\/redaction-des-statuts-d-une-societe\/\">r\u00e9daction des statuts<\/a> car il saura vous \u00e9clairer sur le contenu devant y figurer.<\/p><p>Les statuts d&rsquo;une soci\u00e9t\u00e9 doivent contenir un certain nombre de <strong>mentions obligatoires<\/strong> qui d\u00e9pendent de la forme juridique de celle-ci.<\/p><p>Aussi, apr\u00e8s avoir r\u00e9dig\u00e9 les statuts, il faut \u00e9galement les signer. Les statuts <strong>doivent \u00eatre sign\u00e9s<\/strong> par <span style=\"text-decoration: underline;\">tous les associ\u00e9s ou actionnaires de la soci\u00e9t\u00e9<\/span>. Cette signature symbolise leur\u00a0consentement \u00e0 la cr\u00e9ation de la soci\u00e9t\u00e9.<\/p><h3>\u00a0<\/h3><h3>La publication d&rsquo;un avis de constitution dans un journal d&rsquo;annonces l\u00e9gales (JAL)<\/h3><p>Dans le processus de cr\u00e9ation de votre entreprise, vous devez informer les tiers de la constitution de votre soci\u00e9t\u00e9. Pour cela, il vous faudra faire publier une annonce dans un JAL Vous devrez veiller \u00e0 ce qu&rsquo;elle contienne toutes les mentions obligatoires.<\/p><p>Pour un avis de constitution, ces mentions particuli\u00e8res seront en outre :<\/p><ul><li>la <strong>date du PV de l&rsquo;assembl\u00e9e g\u00e9n\u00e9rale<\/strong> ayant valid\u00e9 la cr\u00e9ation de la soci\u00e9t\u00e9<\/li><\/ul><div><span style=\"font-family: Montserrat;\">\u00a0<\/span><\/div><ul><li>la <strong>d\u00e9nomination sociale<\/strong> de la soci\u00e9t\u00e9<\/li><\/ul><div><span style=\"font-family: Montserrat;\">\u00a0<\/span><\/div><ul><li><span style=\"font-family: var(--e-global-typography-primary-font-family); text-align: var(--text-align); background-color: var( --e-global-color-f8847cf ); color: var( --e-global-color-text ); font-size: var( --e-global-typography-text-font-size ); font-style: var( --e-global-typography-text-font-style ); font-weight: var( --e-global-typography-text-font-weight ); text-transform: var( --e-global-typography-text-text-transform );\">la<\/span><strong style=\"font-family: var(--e-global-typography-primary-font-family); text-align: var(--text-align); background-color: var( --e-global-color-f8847cf ); color: var( --e-global-color-text ); font-size: var( --e-global-typography-text-font-size ); font-style: var( --e-global-typography-text-font-style ); text-transform: var( --e-global-typography-text-text-transform );\"> forme juridique<\/strong><span style=\"font-family: var(--e-global-typography-primary-font-family); text-align: var(--text-align); background-color: var( --e-global-color-f8847cf ); color: var( --e-global-color-text ); font-size: var( --e-global-typography-text-font-size ); font-style: var( --e-global-typography-text-font-style ); font-weight: var( --e-global-typography-text-font-weight ); text-transform: var( --e-global-typography-text-text-transform );\"> de la soci\u00e9t\u00e9<\/span><\/li><\/ul><div><span style=\"font-family: Montserrat;\">\u00a0<\/span><\/div><ul><li>le<strong> montant du capital socia<\/strong>l<\/li><\/ul><div><span style=\"font-family: Montserrat;\">\u00a0<\/span><\/div><ul><li>les <strong>nom et pr\u00e9noms du dirigeant<\/strong><\/li><\/ul><div><span style=\"font-family: Montserrat;\">\u00a0<\/span><\/div><ul><li>l\u2019indication du greffe du tribunal o\u00f9 la soci\u00e9t\u00e9 sera immatricul\u00e9e au registre du commerce et des soci\u00e9t\u00e9s.<\/li><\/ul><p>Par ailleurs, <strong>l\u2019attestation de parution dans un JAL<\/strong>\u00a0est un document r\u00e9clam\u00e9 par le Greffe afin de proc\u00e9der \u00e0 l\u2019immatriculation de la soci\u00e9t\u00e9 au RCS. Cette \u00e9tape est donc indispensable dans la d\u00e9marche d\u2019obtention d\u2019un extrait Kbis.<\/p><h3>\u00a0<\/h3><h3>L&rsquo;immatriculation principale<\/h3><p>Apr\u00e8s avoir r\u00e9dig\u00e9 vos statuts, il faudra remplir les documents demand\u00e9s par le greffe dans le cadre d&rsquo;un <a href=\"https:\/\/www.legalvision.fr\/creation-dentreprise\/\"><strong>dossier de\u00a0cr\u00e9ation de soci\u00e9t\u00e9<\/strong><\/a>.<\/p><p>Le dossier de formalit\u00e9s doit comporter un certain nombre de pi\u00e8ces telles que :<\/p><ul><li>Le PV d&rsquo;AG contenant la r\u00e9solution ayant valid\u00e9 la cr\u00e9ation de la soci\u00e9t\u00e9<\/li><\/ul><div><span style=\"font-family: Montserrat;\">\u00a0<\/span><\/div><ul><li>Un <a href=\"https:\/\/www.infogreffe.fr\/formalites-entreprise\/telecharger-formulaires-formalites-entreprise.html\">formulaire CERFA <\/a>(MO ou autre\u00a0en fonction du type de soci\u00e9t\u00e9) d\u00fbment rempli et sign\u00e9<\/li><\/ul><div><span style=\"font-family: Montserrat;\">\u00a0<\/span><\/div><ul><li>Un pouvoir sign\u00e9 par le dirigeant (s&rsquo;il n&rsquo;a pas sign\u00e9 le formulaire susmentionn\u00e9)<\/li><\/ul><div><span style=\"font-family: Montserrat;\">\u00a0<\/span><\/div><ul><li>Un exemplaire des statuts mis \u00e0 jour<\/li><\/ul><div><span style=\"font-family: Montserrat;\">\u00a0<\/span><\/div><ul><li>Un avis de parution dans un journal d&rsquo;annonces l\u00e9gales<\/li><\/ul><div><span style=\"font-family: Montserrat;\">\u00a0<\/span><\/div><ul><li>Et bien d\u2019autres documents sp\u00e9cifiques \u00e0 chaque op\u00e9ration (liste des anciens si\u00e8ges, attestation de non condamnation\u2026)<\/li><\/ul><p>Ainsi, le co\u00fbt de cr\u00e9ation d&rsquo;une soci\u00e9t\u00e9\u00a0est estim\u00e9 \u00e0<strong> 25,34 euros\u00a0<\/strong>pour les personnes physiques,\u00a0<strong>39,42 euros<\/strong> pour les soci\u00e9t\u00e9s commerciales (SNC, SARL,\u00a0 EURL, SCA, SA, SAS, SASU&#8230;) et <strong>70,39 euros<\/strong> pour les autres soci\u00e9t\u00e9s (SCI, SCP, voire SEL).<\/p><h3>\u00a0<\/h3><h3>L&rsquo;immatriculation secondaire ou inscription compl\u00e9mentaire<\/h3><p>Que vous soyez une personne physique ou morale, vous devrez parfois proc\u00e9der \u00e0 une immatriculation secondaire ou une inscription compl\u00e9mentaire au RCS :<\/p><ul><li>L&rsquo;ouverture du\u00a0 <span style=\"text-decoration: underline;\">premier \u00e9tablissement secondaire<\/span>\u00a0de la soci\u00e9t\u00e9 dans le<strong> ressort d&rsquo;un autre tribunal<\/strong> que celui de l&rsquo;immatriculation principale, donne lieu \u00e0 une <strong>immatriculation secondaire.\u00a0<\/strong>La cr\u00e9ation d&rsquo;un \u00e9tablissement secondaire co\u00fbte<strong> 84.48 euros<\/strong> pour une personne physique. Ce montant est de\u00a0<strong>108,42 euros<\/strong> pour les personnes morales. Cela pourra s&rsquo;\u00e9lever jusqu&rsquo;\u00e0\u00a0<strong>116 euros<\/strong> s&rsquo;il faut publier un avis au BODACC. Ce sera le cas si la soci\u00e9t\u00e9 commence son activit\u00e9 lors de cette formalit\u00e9.<\/li><\/ul><div><span style=\"font-family: Montserrat;\">\u00a0<\/span><\/div><ul><li>De m\u00eame, <span style=\"text-decoration: underline;\">tout autre \u00e9tablissement<\/span> situ\u00e9 dans<strong> le m\u00eame ressort<\/strong> que le premier \u00e9tablissement immatricul\u00e9 \u00e0 titre secondaire fait l&rsquo;objet d&rsquo;une <strong><strong>inscription dite \u00ab\u00a0compl\u00e9mentaire\u00a0\u00bb<\/strong><\/strong>. Elle co\u00fbte\u00a0<strong>56,59 euros<\/strong> pour les personnes physiques et\u00a0<strong>67,84 euros<\/strong> pour les personnes morales.<strong><strong><br \/><\/strong><\/strong><\/li><\/ul><div><span style=\"font-family: Montserrat;\">\u00a0<\/span><\/div><ul><li>Enfin, dans le cas d&rsquo;un <span style=\"text-decoration: underline;\">transfert d&rsquo;\u00e9tablissement secondaire hors ressor<\/span>t, il faut \u00e9galement proc\u00e9der \u00e0 une <strong>immatriculation secondaire.<\/strong> Il faudra aussi ajouter les frais de notification \u00e0 l&rsquo;ancien greffe secondaire. Ces frais sont de\u00a0<strong>8,45 euros<\/strong> pour une personne physique et de\u00a0<strong>11,27\u00a0<\/strong>pour une personne morale.<\/li><\/ul><h3>\u00a0<\/h3><h3>L&rsquo;immatriculation \u00e0 la suite d&rsquo;un transfert<\/h3><p>Il faudra \u00e9galement proc\u00e9der, en cours de vie sociale cette fois, \u00e0 une immatriculation secondaire dans le cas d&rsquo;un <span style=\"text-decoration: underline;\"><strong>transfert de si\u00e8ge social hors ressort<\/strong><\/span>. Les tarifs sont les suivants :<\/p><ul><li><strong>Transfert sans maintien d&rsquo;activit\u00e9<\/strong>\u00a0dans le ressort de l&rsquo;ancien greffe\u00a0: <strong>135,04 euros <\/strong>pour les personnes physiques ;<strong>\u00a0242,16<\/strong> pour les personnes morales.<\/li><\/ul><div><span style=\"font-family: Montserrat;\"><b>\u00a0<\/b><\/span><\/div><ul><li><strong>Transfert avec maintien d&rsquo;activit\u00e9<\/strong> dans le ressort de l&rsquo;ancien greffe\u00a0: <strong>160,38 euros<\/strong> pour les personnes physiques ;\u00a0<strong>277,37<\/strong>\u00a0pour les personnes morales.<\/li><\/ul><p>Lors d&rsquo;un transfert hors ressort, il faudra \u00e9galement pr\u00e9voir, le cas \u00e9ch\u00e9ant, les<strong> frais de notification suppl\u00e9mentaires<\/strong> pour chaque immatriculation secondaire. Les frais de formalit\u00e9s greffe s&rsquo;\u00e9l\u00e8vent ici \u00e0\u00a0<strong>33,79 euros<\/strong> pour les personnes physiques,\u00a0<strong>46,48<\/strong> pour les personnes morales.<\/p><h2 id=\"2\">\u00a0<\/h2><h2 id=\"2\">Modification de la soci\u00e9t\u00e9 et inscription compl\u00e9mentaire<\/h2><p>Pour toute modification des informations de la soci\u00e9t\u00e9, il faudra remplir un formulaire cerfa M2, M3 ou autre,\u00a0selon le type de soci\u00e9t\u00e9 et la modification demand\u00e9e. Sachez \u00e9galement que la plupart des modifications mentionn\u00e9es entra\u00eeneront \u00e9galement une <a href=\"https:\/\/www.legalvision.fr\/modification-statuts\/\">modification des statuts<\/a>.<\/p><h3><strong>\u00a0<\/strong><\/h3><h3><strong>Cr\u00e9ation\/fermeture d&rsquo;un \u00e9tablissement secondaire<\/strong><\/h3><p>Comme il est mentionn\u00e9 plus haut, apr\u00e8s avoir cr\u00e9\u00e9e votre soci\u00e9t\u00e9, vous pourrez vouloir <span style=\"text-decoration: underline;\">cr\u00e9er un \u00e9tablissement secondaire<\/span> afin d&rsquo;exploiter votre activit\u00e9. Pour cette op\u00e9ration, le co\u00fbt des formalit\u00e9s greffe s&rsquo;\u00e9l\u00e8ve \u00e0\u00a0<strong>56,59 euros<\/strong> pour les personnes physiques et\u00a0 <strong>67,84 euros<\/strong> pour les personnes morales.<\/p><p>Au contraire, vous pourrez \u00e9galement \u00eatre amen\u00e9 \u00e0 devoir <span style=\"text-decoration: underline;\">fermer l&rsquo;un de vos \u00e9tablissements secondaires<\/span>. Dans ce cas, le prix sera de\u00a0<strong>50,95 euros<\/strong> pour les personnes physiques, <strong>65,04<\/strong> pour les personnes morales.<\/p><h3><strong>\u00a0<\/strong><\/h3><h3><strong>Transfert de si\u00e8ge social dans le m\u00eame ressort que l&rsquo;ancien si\u00e8ge<\/strong><\/h3><p>Si vous souhaitez <a href=\"https:\/\/www.legalvision.fr\/modification-statuts\/transfert-de-siege-social\/\">transf\u00e9rer votre si\u00e8ge social <\/a>dans le m\u00eame ressort que celui du si\u00e8ge actuel, vous n&rsquo;aurez pas \u00e0\u00a0faire d&rsquo;immatriculation secondaire. Toutefois, vous devrez\u00a0r\u00e9gler la somme de\u00a0<strong>95,95 euros<\/strong> si vous \u00eates une personne physique,\u00a0 <strong>195,38 euros<\/strong> si vous \u00eates une personne morale.<\/p><p>Cette formalit\u00e9 greffe inclue notamment la publication d&rsquo;un avis au Bulletin Officiel des Annonces Civiles et Commerciales.<\/p><h3><strong>\u00a0<\/strong><\/h3><h3><strong>Changement de forme juridique et formalit\u00e9s greffe<\/strong><\/h3><p>Il peut arriver qu&rsquo;apr\u00e8s avoir cr\u00e9e votre soci\u00e9t\u00e9, vous souhaitez lui faire adopter une <a href=\"https:\/\/blog.legalvision.fr\/2018\/06\/08\/changement-de-forme-juridique\/\">nouvelle forme juridique<\/a> (ex: SARL en SAS). Cette transformation a n\u00e9anmoins un co\u00fbt :\u00a0<strong>216,50 euros<\/strong>.<\/p><h3><strong>\u00a0<\/strong><\/h3><h3><strong>Changement d&rsquo;adresse personnelle du dirigeant ou du commissaire aux comptes<\/strong><\/h3><p>Dans le cas o\u00f9 le dirigeant ou le commissaire aux comptes d&rsquo;une soci\u00e9t\u00e9 change d&rsquo;adresse, il faudra acquitter la somme de\u00a0<strong>65.04 euros <\/strong>aupr\u00e8s du Greffe.<\/p><h2 id=\"3\">\u00a0<\/h2><h2 id=\"3\">Formalit\u00e9s greffe et fermeture de soci\u00e9t\u00e9<\/h2><p>Enfin, des frais de formalit\u00e9s greffe doivent \u00e9galement \u00eatre \u00e0 pr\u00e9voir lors de la fermeture de la soci\u00e9t\u00e9. Celle-ci peut \u00eatre volontaire (terme de la soci\u00e9t\u00e9, cessation d&rsquo;activit\u00e9) ou involontaire (liquidation judiciaire). Dans les deux cas,\u00a0la fermeture-dissolution de la soci\u00e9t\u00e9 entra\u00eenera une radiation de son immatriculation au RCS.<\/p><p>Il faut alors distinguer selon qu&rsquo;il s&rsquo;agisse de la radiation d&rsquo;une immatriculation principale ou secondaire.<\/p><h3><strong>\u00a0<\/strong><\/h3><h3><strong>Radiation d&rsquo;immatriculation principale<\/strong><\/h3><p align=\"left\">Elle est <strong>gratuite<\/strong> pour les personnes physiques, comme pour les personnes morales, lorsqu&rsquo;il n&rsquo;y a pas de d\u00e9p\u00f4t d&rsquo;acte. Ce sera le cas lors d&rsquo;une radiation d&rsquo;office par le greffier. Lorsqu&rsquo;il y aura un d\u00e9p\u00f4t d&rsquo;acte, une somme de<strong> 14,35 euros<\/strong> devra \u00eatre acquitt\u00e9e aupr\u00e8s du Greffe pour les personnes morales.<\/p><h3 align=\"left\"><strong>\u00a0<\/strong><\/h3><h3 align=\"left\"><strong>Radiation\u00a0d&rsquo;immatriculation secondaire<\/strong><\/h3><p align=\"left\">La radiation de l&rsquo;immatriculation (\u00e9tablissement) secondaire\u00a0entra\u00eene \u00e9galement des <strong>frais de notification<\/strong>. Son co\u00fbt\u00a0s&rsquo;\u00e9l\u00e8ve \u00e0 <strong>33,79 euros<\/strong> pour les personnes physiques et\u00a0 <strong>46,48 euros<\/strong> pour les personnes morales.<\/p><div class=\"wp-block-button\" style=\"text-align: center;\">\u00a0<\/div><div class=\"wp-block-button\" style=\"text-align: center;\">\u00a0<\/div><div class=\"wp-block-button\" style=\"text-align: center;\">\u00a0<\/div><div class=\"wp-block-button\" style=\"text-align: center;\">\u00a0<\/div><div class=\"wp-block-button\" style=\"text-align: center;\">\u00a0<\/div><div class=\"wp-block-button\" style=\"text-align: center;\"><a class=\"wp-block-button__link has-background\" href=\"https:\/\/leonard.fr\/juridique\/creation-entreprise\/creation-dune-sasu\/?utm_source=blog&amp;utm_medium=CTA&amp;utm_campaign=formalites_greffe_les_couts_reels&amp;utm_id=creation_SASU_blog\">Cr\u00e9ez votre SASU en ligne<\/a><\/div>\t\t\t\t\t\t\t\t<\/div>\n\t\t\t\t<\/div>\n\t\t\t\t\t<\/div>\n\t\t\t\t<\/div>\n\t\t\t\t<\/div>\n\t\t","protected":false},"excerpt":{"rendered":"<p>Lors de la cr\u00e9ation d&rsquo;une entreprise, en cas de modification de sa situation ou \u00e0 l&rsquo;occasion de sa fermeture, des formalit\u00e9s administratives doivent \u00eatre accomplies. On parle de formalit\u00e9s greffe. Ces formalit\u00e9s juridiques varient\u00a0de\u00a0l&rsquo;inscription au\u00a0RCS au changement de nom commercial en passant par le transfert de si\u00e8ge social (etc&#8230;). Elles doivent donc \u00eatre accomplies aupr\u00e8s&hellip; <a class=\"more-link\" href=\"https:\/\/www.legalvision.fr\/guides-juridiques\/creer-son-entreprise\/les-formalites-greffe-et-les-couts-reels\/\">Poursuivre la lecture <span class=\"screen-reader-text\">Formalit\u00e9s greffe : les co\u00fbts r\u00e9els<\/span><\/a><\/p>\n","protected":false},"author":30,"featured_media":23860,"comment_status":"open","ping_status":"open","sticky":false,"template":"","format":"standard","meta":{"content-type":"","inline_featured_image":false,"footnotes":""},"categories":[2481],"tags":[],"class_list":["post-9658","post","type-post","status-publish","format-standard","has-post-thumbnail","hentry","category-creer-son-entreprise","entry"],"yoast_head":"<!-- This site is optimized with the Yoast SEO plugin v27.1.1 - https:\/\/yoast.com\/product\/yoast-seo-wordpress\/ -->\n<title>Formalit\u00e9s greffe - Combien \u00e7a co\u00fbte? Tout savoir avec LegalVision<\/title>\n<meta name=\"description\" content=\"Vous souhaitez cr\u00e9er votre entreprise? La transformer? Vous aimeriez en savoir plus sur les co\u00fbts r\u00e9els des formalit\u00e9s greffe? Cet article est pour vous !\" \/>\n<meta name=\"robots\" content=\"index, follow, max-snippet:-1, max-image-preview:large, max-video-preview:-1\" \/>\n<link rel=\"canonical\" href=\"https:\/\/www.legalvision.fr\/guides-juridiques\/creer-son-entreprise\/les-formalites-greffe-et-les-couts-reels\/\" \/>\n<meta property=\"og:locale\" content=\"fr_FR\" \/>\n<meta property=\"og:type\" content=\"article\" \/>\n<meta property=\"og:title\" content=\"Formalit\u00e9s greffe - Combien \u00e7a co\u00fbte? Tout savoir avec LegalVision\" \/>\n<meta property=\"og:description\" content=\"Vous souhaitez cr\u00e9er votre entreprise? La transformer? Vous aimeriez en savoir plus sur les co\u00fbts r\u00e9els des formalit\u00e9s greffe? Cet article est pour vous !\" \/>\n<meta property=\"og:url\" content=\"https:\/\/www.legalvision.fr\/guides-juridiques\/creer-son-entreprise\/les-formalites-greffe-et-les-couts-reels\/\" \/>\n<meta property=\"og:site_name\" content=\"Guides juridiques\" \/>\n<meta property=\"article:published_time\" content=\"2018-12-29T06:30:17+00:00\" \/>\n<meta property=\"article:modified_time\" content=\"2024-01-31T16:30:32+00:00\" \/>\n<meta property=\"og:image\" content=\"https:\/\/www.legalvision.fr\/guides-juridiques\/wp-content\/uploads\/2018\/12\/Formalit\u00e9s-greffe-min.jpg\" \/>\n\t<meta property=\"og:image:width\" content=\"958\" \/>\n\t<meta property=\"og:image:height\" content=\"350\" \/>\n\t<meta property=\"og:image:type\" content=\"image\/jpeg\" \/>\n<meta name=\"author\" content=\"William Lebrun\" \/>\n<meta name=\"twitter:card\" content=\"summary_large_image\" \/>\n<meta name=\"twitter:label1\" content=\"\u00c9crit par\" \/>\n\t<meta name=\"twitter:data1\" content=\"William Lebrun\" \/>\n\t<meta name=\"twitter:label2\" content=\"Dur\u00e9e de lecture estim\u00e9e\" \/>\n\t<meta name=\"twitter:data2\" content=\"9 minutes\" \/>\n<script type=\"application\/ld+json\" class=\"yoast-schema-graph\">{\"@context\":\"https:\/\/schema.org\",\"@graph\":[{\"@type\":\"Article\",\"@id\":\"https:\/\/www.legalvision.fr\/guides-juridiques\/creer-son-entreprise\/les-formalites-greffe-et-les-couts-reels\/#article\",\"isPartOf\":{\"@id\":\"https:\/\/www.legalvision.fr\/guides-juridiques\/creer-son-entreprise\/les-formalites-greffe-et-les-couts-reels\/\"},\"author\":{\"name\":\"William Lebrun\",\"@id\":\"https:\/\/www.legalvision.fr\/guides-juridiques\/#\/schema\/person\/3d24d0c20575138ed212b2e4b6f7b4b0\"},\"headline\":\"Formalit\u00e9s greffe : les co\u00fbts r\u00e9els\",\"datePublished\":\"2018-12-29T06:30:17+00:00\",\"dateModified\":\"2024-01-31T16:30:32+00:00\",\"mainEntityOfPage\":{\"@id\":\"https:\/\/www.legalvision.fr\/guides-juridiques\/creer-son-entreprise\/les-formalites-greffe-et-les-couts-reels\/\"},\"wordCount\":1833,\"commentCount\":0,\"publisher\":{\"@id\":\"https:\/\/www.legalvision.fr\/guides-juridiques\/#organization\"},\"image\":{\"@id\":\"https:\/\/www.legalvision.fr\/guides-juridiques\/creer-son-entreprise\/les-formalites-greffe-et-les-couts-reels\/#primaryimage\"},\"thumbnailUrl\":\"https:\/\/www.legalvision.fr\/guides-juridiques\/wp-content\/uploads\/2018\/12\/Formalit\u00e9s-greffe-min.jpg\",\"articleSection\":[\"Cr\u00e9er son entreprise\"],\"inLanguage\":\"fr-FR\",\"potentialAction\":[{\"@type\":\"CommentAction\",\"name\":\"Comment\",\"target\":[\"https:\/\/www.legalvision.fr\/guides-juridiques\/creer-son-entreprise\/les-formalites-greffe-et-les-couts-reels\/#respond\"]}]},{\"@type\":\"WebPage\",\"@id\":\"https:\/\/www.legalvision.fr\/guides-juridiques\/creer-son-entreprise\/les-formalites-greffe-et-les-couts-reels\/\",\"url\":\"https:\/\/www.legalvision.fr\/guides-juridiques\/creer-son-entreprise\/les-formalites-greffe-et-les-couts-reels\/\",\"name\":\"Formalit\u00e9s greffe - Combien \u00e7a co\u00fbte? Tout savoir avec LegalVision\",\"isPartOf\":{\"@id\":\"https:\/\/www.legalvision.fr\/guides-juridiques\/#website\"},\"primaryImageOfPage\":{\"@id\":\"https:\/\/www.legalvision.fr\/guides-juridiques\/creer-son-entreprise\/les-formalites-greffe-et-les-couts-reels\/#primaryimage\"},\"image\":{\"@id\":\"https:\/\/www.legalvision.fr\/guides-juridiques\/creer-son-entreprise\/les-formalites-greffe-et-les-couts-reels\/#primaryimage\"},\"thumbnailUrl\":\"https:\/\/www.legalvision.fr\/guides-juridiques\/wp-content\/uploads\/2018\/12\/Formalit\u00e9s-greffe-min.jpg\",\"datePublished\":\"2018-12-29T06:30:17+00:00\",\"dateModified\":\"2024-01-31T16:30:32+00:00\",\"description\":\"Vous souhaitez cr\u00e9er votre entreprise? La transformer? Vous aimeriez en savoir plus sur les co\u00fbts r\u00e9els des formalit\u00e9s greffe? Cet article est pour vous !\",\"breadcrumb\":{\"@id\":\"https:\/\/www.legalvision.fr\/guides-juridiques\/creer-son-entreprise\/les-formalites-greffe-et-les-couts-reels\/#breadcrumb\"},\"inLanguage\":\"fr-FR\",\"potentialAction\":[{\"@type\":\"ReadAction\",\"target\":[\"https:\/\/www.legalvision.fr\/guides-juridiques\/creer-son-entreprise\/les-formalites-greffe-et-les-couts-reels\/\"]}]},{\"@type\":\"ImageObject\",\"inLanguage\":\"fr-FR\",\"@id\":\"https:\/\/www.legalvision.fr\/guides-juridiques\/creer-son-entreprise\/les-formalites-greffe-et-les-couts-reels\/#primaryimage\",\"url\":\"https:\/\/www.legalvision.fr\/guides-juridiques\/wp-content\/uploads\/2018\/12\/Formalit\u00e9s-greffe-min.jpg\",\"contentUrl\":\"https:\/\/www.legalvision.fr\/guides-juridiques\/wp-content\/uploads\/2018\/12\/Formalit\u00e9s-greffe-min.jpg\",\"width\":958,\"height\":350,\"caption\":\"Formalit\u00e9s greffe\"},{\"@type\":\"BreadcrumbList\",\"@id\":\"https:\/\/www.legalvision.fr\/guides-juridiques\/creer-son-entreprise\/les-formalites-greffe-et-les-couts-reels\/#breadcrumb\",\"itemListElement\":[{\"@type\":\"ListItem\",\"position\":1,\"name\":\"Accueil\",\"item\":\"https:\/\/www.legalvision.fr\/guides-juridiques\/\"},{\"@type\":\"ListItem\",\"position\":2,\"name\":\"Cr\u00e9er son entreprise\",\"item\":\"https:\/\/www.legalvision.fr\/guides-juridiques\/creer-son-entreprise\/\"},{\"@type\":\"ListItem\",\"position\":3,\"name\":\"Formalit\u00e9s greffe : les co\u00fbts r\u00e9els\"}]},{\"@type\":\"WebSite\",\"@id\":\"https:\/\/www.legalvision.fr\/guides-juridiques\/#website\",\"url\":\"https:\/\/www.legalvision.fr\/guides-juridiques\/\",\"name\":\"Guides juridiques\",\"description\":\"L&#039;information juridique \u00e0 destination des entreprises et TPE\",\"publisher\":{\"@id\":\"https:\/\/www.legalvision.fr\/guides-juridiques\/#organization\"},\"potentialAction\":[{\"@type\":\"SearchAction\",\"target\":{\"@type\":\"EntryPoint\",\"urlTemplate\":\"https:\/\/www.legalvision.fr\/guides-juridiques\/?s={search_term_string}\"},\"query-input\":{\"@type\":\"PropertyValueSpecification\",\"valueRequired\":true,\"valueName\":\"search_term_string\"}}],\"inLanguage\":\"fr-FR\"},{\"@type\":\"Organization\",\"@id\":\"https:\/\/www.legalvision.fr\/guides-juridiques\/#organization\",\"name\":\"Guides juridiques\",\"url\":\"https:\/\/www.legalvision.fr\/guides-juridiques\/\",\"logo\":{\"@type\":\"ImageObject\",\"inLanguage\":\"fr-FR\",\"@id\":\"https:\/\/www.legalvision.fr\/guides-juridiques\/#\/schema\/logo\/image\/\",\"url\":\"https:\/\/www.legalvision.fr\/guides-juridiques\/wp-content\/uploads\/2022\/10\/LV-Logotype.png\",\"contentUrl\":\"https:\/\/www.legalvision.fr\/guides-juridiques\/wp-content\/uploads\/2022\/10\/LV-Logotype.png\",\"width\":647,\"height\":125,\"caption\":\"Guides juridiques\"},\"image\":{\"@id\":\"https:\/\/www.legalvision.fr\/guides-juridiques\/#\/schema\/logo\/image\/\"}},{\"@type\":\"Person\",\"@id\":\"https:\/\/www.legalvision.fr\/guides-juridiques\/#\/schema\/person\/3d24d0c20575138ed212b2e4b6f7b4b0\",\"name\":\"William Lebrun\",\"image\":{\"@type\":\"ImageObject\",\"inLanguage\":\"fr-FR\",\"@id\":\"https:\/\/www.legalvision.fr\/guides-juridiques\/#\/schema\/person\/image\/\",\"url\":\"https:\/\/www.legalvision.fr\/guides-juridiques\/wp-content\/uploads\/2023\/07\/cropped-homme1-96x96.png\",\"contentUrl\":\"https:\/\/www.legalvision.fr\/guides-juridiques\/wp-content\/uploads\/2023\/07\/cropped-homme1-96x96.png\",\"caption\":\"William Lebrun\"},\"description\":\"B\u00e9n\u00e9ficiant de la formation d'un double dipl\u00f4me en droit des affaires et en \u00e9cole de commerce, j'ai un fort attrait pour le droit des soci\u00e9t\u00e9s. Je r\u00e9dige des articles pour vous aider sur vos probl\u00e9matiques.\",\"url\":\"https:\/\/www.legalvision.fr\/guides-juridiques\/author\/aina-rakoto\/\"}]}<\/script>\n<!-- \/ Yoast SEO plugin. -->","yoast_head_json":{"title":"Formalit\u00e9s greffe - Combien \u00e7a co\u00fbte? Tout savoir avec LegalVision","description":"Vous souhaitez cr\u00e9er votre entreprise? La transformer? Vous aimeriez en savoir plus sur les co\u00fbts r\u00e9els des formalit\u00e9s greffe? Cet article est pour vous !","robots":{"index":"index","follow":"follow","max-snippet":"max-snippet:-1","max-image-preview":"max-image-preview:large","max-video-preview":"max-video-preview:-1"},"canonical":"https:\/\/www.legalvision.fr\/guides-juridiques\/creer-son-entreprise\/les-formalites-greffe-et-les-couts-reels\/","og_locale":"fr_FR","og_type":"article","og_title":"Formalit\u00e9s greffe - Combien \u00e7a co\u00fbte? Tout savoir avec LegalVision","og_description":"Vous souhaitez cr\u00e9er votre entreprise? La transformer? Vous aimeriez en savoir plus sur les co\u00fbts r\u00e9els des formalit\u00e9s greffe? Cet article est pour vous !","og_url":"https:\/\/www.legalvision.fr\/guides-juridiques\/creer-son-entreprise\/les-formalites-greffe-et-les-couts-reels\/","og_site_name":"Guides juridiques","article_published_time":"2018-12-29T06:30:17+00:00","article_modified_time":"2024-01-31T16:30:32+00:00","og_image":[{"width":958,"height":350,"url":"https:\/\/www.legalvision.fr\/guides-juridiques\/wp-content\/uploads\/2018\/12\/Formalit\u00e9s-greffe-min.jpg","type":"image\/jpeg"}],"author":"William Lebrun","twitter_card":"summary_large_image","twitter_misc":{"\u00c9crit par":"William Lebrun","Dur\u00e9e de lecture estim\u00e9e":"9 minutes"},"schema":{"@context":"https:\/\/schema.org","@graph":[{"@type":"Article","@id":"https:\/\/www.legalvision.fr\/guides-juridiques\/creer-son-entreprise\/les-formalites-greffe-et-les-couts-reels\/#article","isPartOf":{"@id":"https:\/\/www.legalvision.fr\/guides-juridiques\/creer-son-entreprise\/les-formalites-greffe-et-les-couts-reels\/"},"author":{"name":"William Lebrun","@id":"https:\/\/www.legalvision.fr\/guides-juridiques\/#\/schema\/person\/3d24d0c20575138ed212b2e4b6f7b4b0"},"headline":"Formalit\u00e9s greffe : les co\u00fbts r\u00e9els","datePublished":"2018-12-29T06:30:17+00:00","dateModified":"2024-01-31T16:30:32+00:00","mainEntityOfPage":{"@id":"https:\/\/www.legalvision.fr\/guides-juridiques\/creer-son-entreprise\/les-formalites-greffe-et-les-couts-reels\/"},"wordCount":1833,"commentCount":0,"publisher":{"@id":"https:\/\/www.legalvision.fr\/guides-juridiques\/#organization"},"image":{"@id":"https:\/\/www.legalvision.fr\/guides-juridiques\/creer-son-entreprise\/les-formalites-greffe-et-les-couts-reels\/#primaryimage"},"thumbnailUrl":"https:\/\/www.legalvision.fr\/guides-juridiques\/wp-content\/uploads\/2018\/12\/Formalit\u00e9s-greffe-min.jpg","articleSection":["Cr\u00e9er son entreprise"],"inLanguage":"fr-FR","potentialAction":[{"@type":"CommentAction","name":"Comment","target":["https:\/\/www.legalvision.fr\/guides-juridiques\/creer-son-entreprise\/les-formalites-greffe-et-les-couts-reels\/#respond"]}]},{"@type":"WebPage","@id":"https:\/\/www.legalvision.fr\/guides-juridiques\/creer-son-entreprise\/les-formalites-greffe-et-les-couts-reels\/","url":"https:\/\/www.legalvision.fr\/guides-juridiques\/creer-son-entreprise\/les-formalites-greffe-et-les-couts-reels\/","name":"Formalit\u00e9s greffe - Combien \u00e7a co\u00fbte? Tout savoir avec LegalVision","isPartOf":{"@id":"https:\/\/www.legalvision.fr\/guides-juridiques\/#website"},"primaryImageOfPage":{"@id":"https:\/\/www.legalvision.fr\/guides-juridiques\/creer-son-entreprise\/les-formalites-greffe-et-les-couts-reels\/#primaryimage"},"image":{"@id":"https:\/\/www.legalvision.fr\/guides-juridiques\/creer-son-entreprise\/les-formalites-greffe-et-les-couts-reels\/#primaryimage"},"thumbnailUrl":"https:\/\/www.legalvision.fr\/guides-juridiques\/wp-content\/uploads\/2018\/12\/Formalit\u00e9s-greffe-min.jpg","datePublished":"2018-12-29T06:30:17+00:00","dateModified":"2024-01-31T16:30:32+00:00","description":"Vous souhaitez cr\u00e9er votre entreprise? La transformer? Vous aimeriez en savoir plus sur les co\u00fbts r\u00e9els des formalit\u00e9s greffe? Cet article est pour vous !","breadcrumb":{"@id":"https:\/\/www.legalvision.fr\/guides-juridiques\/creer-son-entreprise\/les-formalites-greffe-et-les-couts-reels\/#breadcrumb"},"inLanguage":"fr-FR","potentialAction":[{"@type":"ReadAction","target":["https:\/\/www.legalvision.fr\/guides-juridiques\/creer-son-entreprise\/les-formalites-greffe-et-les-couts-reels\/"]}]},{"@type":"ImageObject","inLanguage":"fr-FR","@id":"https:\/\/www.legalvision.fr\/guides-juridiques\/creer-son-entreprise\/les-formalites-greffe-et-les-couts-reels\/#primaryimage","url":"https:\/\/www.legalvision.fr\/guides-juridiques\/wp-content\/uploads\/2018\/12\/Formalit\u00e9s-greffe-min.jpg","contentUrl":"https:\/\/www.legalvision.fr\/guides-juridiques\/wp-content\/uploads\/2018\/12\/Formalit\u00e9s-greffe-min.jpg","width":958,"height":350,"caption":"Formalit\u00e9s greffe"},{"@type":"BreadcrumbList","@id":"https:\/\/www.legalvision.fr\/guides-juridiques\/creer-son-entreprise\/les-formalites-greffe-et-les-couts-reels\/#breadcrumb","itemListElement":[{"@type":"ListItem","position":1,"name":"Accueil","item":"https:\/\/www.legalvision.fr\/guides-juridiques\/"},{"@type":"ListItem","position":2,"name":"Cr\u00e9er son entreprise","item":"https:\/\/www.legalvision.fr\/guides-juridiques\/creer-son-entreprise\/"},{"@type":"ListItem","position":3,"name":"Formalit\u00e9s greffe : les co\u00fbts r\u00e9els"}]},{"@type":"WebSite","@id":"https:\/\/www.legalvision.fr\/guides-juridiques\/#website","url":"https:\/\/www.legalvision.fr\/guides-juridiques\/","name":"Guides juridiques","description":"L&#039;information juridique \u00e0 destination des entreprises et TPE","publisher":{"@id":"https:\/\/www.legalvision.fr\/guides-juridiques\/#organization"},"potentialAction":[{"@type":"SearchAction","target":{"@type":"EntryPoint","urlTemplate":"https:\/\/www.legalvision.fr\/guides-juridiques\/?s={search_term_string}"},"query-input":{"@type":"PropertyValueSpecification","valueRequired":true,"valueName":"search_term_string"}}],"inLanguage":"fr-FR"},{"@type":"Organization","@id":"https:\/\/www.legalvision.fr\/guides-juridiques\/#organization","name":"Guides juridiques","url":"https:\/\/www.legalvision.fr\/guides-juridiques\/","logo":{"@type":"ImageObject","inLanguage":"fr-FR","@id":"https:\/\/www.legalvision.fr\/guides-juridiques\/#\/schema\/logo\/image\/","url":"https:\/\/www.legalvision.fr\/guides-juridiques\/wp-content\/uploads\/2022\/10\/LV-Logotype.png","contentUrl":"https:\/\/www.legalvision.fr\/guides-juridiques\/wp-content\/uploads\/2022\/10\/LV-Logotype.png","width":647,"height":125,"caption":"Guides juridiques"},"image":{"@id":"https:\/\/www.legalvision.fr\/guides-juridiques\/#\/schema\/logo\/image\/"}},{"@type":"Person","@id":"https:\/\/www.legalvision.fr\/guides-juridiques\/#\/schema\/person\/3d24d0c20575138ed212b2e4b6f7b4b0","name":"William Lebrun","image":{"@type":"ImageObject","inLanguage":"fr-FR","@id":"https:\/\/www.legalvision.fr\/guides-juridiques\/#\/schema\/person\/image\/","url":"https:\/\/www.legalvision.fr\/guides-juridiques\/wp-content\/uploads\/2023\/07\/cropped-homme1-96x96.png","contentUrl":"https:\/\/www.legalvision.fr\/guides-juridiques\/wp-content\/uploads\/2023\/07\/cropped-homme1-96x96.png","caption":"William Lebrun"},"description":"B\u00e9n\u00e9ficiant de la formation d'un double dipl\u00f4me en droit des affaires et en \u00e9cole de commerce, j'ai un fort attrait pour le droit des soci\u00e9t\u00e9s. Je r\u00e9dige des articles pour vous aider sur vos probl\u00e9matiques.","url":"https:\/\/www.legalvision.fr\/guides-juridiques\/author\/aina-rakoto\/"}]}},"_links":{"self":[{"href":"https:\/\/www.legalvision.fr\/guides-juridiques\/wp-json\/wp\/v2\/posts\/9658","targetHints":{"allow":["GET"]}}],"collection":[{"href":"https:\/\/www.legalvision.fr\/guides-juridiques\/wp-json\/wp\/v2\/posts"}],"about":[{"href":"https:\/\/www.legalvision.fr\/guides-juridiques\/wp-json\/wp\/v2\/types\/post"}],"author":[{"embeddable":true,"href":"https:\/\/www.legalvision.fr\/guides-juridiques\/wp-json\/wp\/v2\/users\/30"}],"replies":[{"embeddable":true,"href":"https:\/\/www.legalvision.fr\/guides-juridiques\/wp-json\/wp\/v2\/comments?post=9658"}],"version-history":[{"count":18,"href":"https:\/\/www.legalvision.fr\/guides-juridiques\/wp-json\/wp\/v2\/posts\/9658\/revisions"}],"predecessor-version":[{"id":44089,"href":"https:\/\/www.legalvision.fr\/guides-juridiques\/wp-json\/wp\/v2\/posts\/9658\/revisions\/44089"}],"wp:featuredmedia":[{"embeddable":true,"href":"https:\/\/www.legalvision.fr\/guides-juridiques\/wp-json\/wp\/v2\/media\/23860"}],"wp:attachment":[{"href":"https:\/\/www.legalvision.fr\/guides-juridiques\/wp-json\/wp\/v2\/media?parent=9658"}],"wp:term":[{"taxonomy":"category","embeddable":true,"href":"https:\/\/www.legalvision.fr\/guides-juridiques\/wp-json\/wp\/v2\/categories?post=9658"},{"taxonomy":"post_tag","embeddable":true,"href":"https:\/\/www.legalvision.fr\/guides-juridiques\/wp-json\/wp\/v2\/tags?post=9658"}],"curies":[{"name":"wp","href":"https:\/\/api.w.org\/{rel}","templated":true}]}}