{"id":9323,"date":"2018-12-14T07:30:54","date_gmt":"2018-12-14T06:30:54","guid":{"rendered":"https:\/\/blog.legalvision.fr\/?p=9323"},"modified":"2022-03-27T21:21:04","modified_gmt":"2022-03-27T19:21:04","slug":"comment-se-pacser-en-2018","status":"publish","type":"post","link":"https:\/\/www.legalvision.fr\/guides-juridiques\/gerer-une-entreprise\/comment-se-pacser-en-2018\/","title":{"rendered":"Se pacser : enjeux et d\u00e9marches"},"content":{"rendered":"<p><html><body><\/p>\n<p style=\"text-align: left;\">Vous souhaitez vous pacser? Vous \u00eates\u00a0entrepreneur et aimeriez connaitre les diff\u00e9rentes cons\u00e9quences\u00a0que\u00a0se pacser peut avoir?<\/p>\n<p><span class=\"highlight\" title=\"Termes de la recherche\">Le<\/span><span class=\"highlight\" title=\"Termes de la recherche\">\u00a0Pacte civil de solidarit\u00e9<\/span>\u00a0est un contrat entre deux personnes majeures, de sexe diff\u00e9rent ou de m\u00eame sexe, pour organiser leur vie commune. Il a \u00e9t\u00e9 promulgu\u00e9 par une\u00a0<a href=\"https:\/\/www.legifrance.gouv.fr\/affichTexte.do?cidTexte=JORFTEXT000000761717\">loi n\u00b0\u00a099-944 du 15\u00a0novembre 1999<\/a><\/p>\n<p>La communaut\u00e9 de vie entre deux personnes physiques fait na\u00eetre une imbrication de leurs int\u00e9r\u00eats. C\u00b4est pourquoi se pacser engendre des <strong>cons\u00e9quences\u00a0juridiques, fiscales et sociales<\/strong>, notamment au regard du Droit des soci\u00e9t\u00e9s.<\/p>\n<p>Depuis le 30 mars 2011, si le pacte est re\u00e7u par acte notari\u00e9, le notaire est charg\u00e9 de l\u2019enregistrement<span class=\"highlight\" title=\"Termes de la recherche\">\u00a0et<\/span>\u00a0de la publicit\u00e9.<\/p>\n<h3><strong>Sommaire :\u00a0<\/strong><\/h3>\n<p><a href=\"#1\"><strong>I\/ Se pacser ou se marier : diff\u00e9rences et similitudes<\/strong><\/a><br \/>\n<a href=\"#2\"><strong>II\/ Le r\u00e9gime du Pacs avant la r\u00e9forme de 2006<\/strong><\/a><br \/>\n<a href=\"#3\"><strong>III\/ Se pacser depuis 2006<\/strong><\/a><br \/>\n<a href=\"#4\"><strong>IV\/ Comment faire pour se pacser ?<\/strong><\/a><br \/>\n<a href=\"#5\"><strong>V\/ Quel statut pour le conjoint du chef d&rsquo;entreprise ?<\/strong><\/a><\/p>\n<h2 id=\"1\">I\/ Se pacser ou se marier : diff\u00e9rences et similitudes<\/h2>\n<h3>A) Engagements r\u00e9ciproques (\u00e9poux et partenaires pacs\u00e9s)<\/h3>\n<p>Qu\u00b4ils soient li\u00e9s par un contrat de mariage ou\u00a0 li\u00e9s par un Pacs, les conjoints ont des <strong>obligations communes<\/strong>.\u00a0 Ils s&rsquo;engagent notamment :<\/p>\n<ul>\n<li>\u00e0 une vie commune,<\/li>\n<li>\u00e0 une aide mat\u00e9rielle r\u00e9ciproque (contribution aux charges du m\u00e9nage\u00a0: d\u00e9penses de loyers, de nourriture, de sant\u00e9&#8230;),<\/li>\n<li>\u00e0 une assistance r\u00e9ciproque (par exemple en cas de maladie ou de ch\u00f4mage).<\/li>\n<\/ul>\n<p>En revanche, le\u00a0 fait de se pacser<strong>\u00a0<a href=\"https:\/\/www.service-public.fr\/particuliers\/vosdroits\/F1026\"><span style=\"text-decoration: underline;\">ne produit aucun effet sur le nom ni sur la filiation<\/span><\/a>.<\/strong><\/p>\n<h3>B) Fiscalit\u00e9<\/h3>\n<p><strong>Les partenaires pacs\u00e9s et les couples mari\u00e9s <\/strong>\u00a0sont <strong><a href=\"https:\/\/www.legifrance.gouv.fr\/affichCodeArticle.do?cidTexte=LEGITEXT000006069577&amp;idArticle=LEGIARTI000017870090&amp;dateTexte=&amp;categorieLien=cid\">solidairement tenus au paiement<\/a> de l&rsquo;imp\u00f4t sur le revenu,<\/strong> lorsqu&rsquo;ils font l&rsquo;objet d&rsquo;une imposition commune,\u00a0<strong>et\u00a0de la taxe d&rsquo;habitation,<\/strong> lorsqu&rsquo;ils vivent sous le m\u00eame toit.<br \/>\nEn cas de s\u00e9paration, ils peuvent demander la <strong><a href=\"https:\/\/www.legifrance.gouv.fr\/affichCodeArticle.do?cidTexte=LEGITEXT000006069569&amp;idArticle=LEGIARTI000025712501\">d\u00e9charge de cette solidarit\u00e9<\/a><\/strong>.<\/p>\n<h3>C) Succession<\/h3>\n<p><strong>L\u00b4\u00e9poux survivant<\/strong> est nettement favoris\u00e9 par des <strong>droits successoraux renforc\u00e9s sur le plan civil<\/strong> <span style=\"text-decoration: underline;\">par rapport au partenaire pacs\u00e9<\/span>. L<a href=\"https:\/\/www.service-public.fr\/particuliers\/vosdroits\/F1621\">e partenaire survivant n\u2019a aucun droit successoral<\/a>, comme le concubin. Seul un <strong>testament<\/strong> peut donner des droits au survivant.<\/p>\n<p>Toutefois, le partenaire survivant a le droit temporaire au logement<span class=\"highlight\" title=\"Termes de la recherche\">\u00a0et<\/span>\u00a0le droit \u00e0 l\u2019attribution pr\u00e9f\u00e9rentielle.<\/p>\n<h2 id=\"2\">II\/ Le r\u00e9gime du Pacs avant la r\u00e9forme de 2006<\/h2>\n<p>Avant la reforme instaur\u00e9e par la <a href=\"https:\/\/www.legifrance.gouv.fr\/affichTexte.do;?cidTexte=JORFTEXT000000637158\">loi n\u00ba2006-728 du 23 juin 2006<\/a>, les\u00a0biens des partenaires pacs\u00e9s \u00e9taient <a href=\"https:\/\/www.legifrance.gouv.fr\/affichCodeArticle.do;jsessionid=D5DDE444129F9E7330BCE29BB94935FE.tplgfr33s_2?idArticle=LEGIARTI000006428512&amp;cidTexte=LEGITEXT000006070721&amp;categorieLien=id&amp;dateTexte=20061231\"><strong>pr\u00e9sum\u00e9s indivis<\/strong><\/a>.<\/p>\n<p>D\u00e8s la signature du pacs, <strong>les biens acquis ensemble ou s\u00e9par\u00e9ment sont consid\u00e9r\u00e9s comme indivis par moiti\u00e9<\/strong>, <a href=\"https:\/\/www.legifrance.gouv.fr\/affichCodeArticle.do;jsessionid=D5DDE444129F9E7330BCE29BB94935FE.tplgfr33s_2?idArticle=LEGIARTI000006428523&amp;cidTexte=LEGITEXT000006070721&amp;dateTexte=20181205\">m\u00eame en cas de contributions in\u00e9gales des partenaires<\/a>.<\/p>\n<p>Chacun conserve toutefois la <strong>propri\u00e9t\u00e9 exclusive de <a href=\"https:\/\/www.legifrance.gouv.fr\/affichCodeArticle.do;jsessionid=D5DDE444129F9E7330BCE29BB94935FE.tplgfr33s_2?idArticle=LEGIARTI000006428530&amp;cidTexte=LEGITEXT000006070721&amp;dateTexte=20181205\">certains biens<\/a><\/strong>\u00a0(biens\u00a0\u00e0\u00a0caract\u00e8re personnel,\u00a0biens acquis avant le pacs, etc&#8230;).<\/p>\n<p>Les partenaires<strong> r\u00e9pondent solidairement des dettes contract\u00e9es par chacun d&rsquo;entre eux<\/strong> pour les besoins de la vie courante, <span style=\"text-decoration: underline;\">sauf<\/span>\u00a0d\u00e9penses manifestement excessives et certains emprunts.<\/p>\n<p>En cas de rupture du pacs, les partenaires proc\u00e8dent \u00e0 la\u00a0<strong>liquidation\u00a0de leurs droits et obligations<\/strong>. \u00c0 d\u00e9faut d&rsquo;accord, le juge statue sur les cons\u00e9quences patrimoniales de la rupture\u00a0et <a href=\"https:\/\/www.legifrance.gouv.fr\/affichCodeArticle.do;jsessionid=45520F9477DCE64ADC4DF31882C332C5.tpdila07v_3?idArticle=LEGIARTI000006440132&amp;cidTexte=LEGITEXT000006070721\">\u00e9value\u00a0les cr\u00e9ances<\/a> dont les partenaires sont titulaires l&rsquo;un envers l&rsquo;autre.<\/p>\n<h2 id=\"3\">III\/ Se pacser depuis\u00a02006<\/h2>\n<p>La r\u00e9forme de 2006 a <strong>mis un terme a la pr\u00e9somption d\u00b4indivision<\/strong>. Depuis le 1er janvier 2007, les\u00a0partenaires\u00a0pacs\u00e9s sont plac\u00e9s sous le <span style=\"text-decoration: underline;\"><strong>r\u00e9gime de la<\/strong> <strong>s\u00e9paration des biens<\/strong><\/span>.<\/p>\n<h3>A) Apporteurs ou acqu\u00e9reurs de droits sociaux li\u00e9s par une indivision<\/h3>\n<p>Depuis la <a href=\"https:\/\/www.legifrance.gouv.fr\/affichTexte.do;?cidTexte=JORFTEXT000000637158\">loi du 23 juin 2006<\/a>, chaque partenaire d&rsquo;un<span class=\"highlight\" title=\"Termes de la recherche\">\u00a0PACS<\/span>\u00a0conserve en principe la <a href=\"https:\/\/www.legifrance.gouv.fr\/affichCodeArticle.do?idArticle=LEGIARTI000021330223&amp;cidTexte=LEGITEXT000006070721\">libre disposition de ses biens personnels<\/a>.<br \/>\nIls peuvent cependant choisir de soumettre les biens qu&rsquo;ils acquerront par la suite au r\u00e9gime de l&rsquo;indivision.<\/p>\n<h3>B) Exercice des droits d&rsquo;associ\u00e9<\/h3>\n<p>Dans l&rsquo;hypoth\u00e8se d&rsquo;un<span class=\"highlight\" title=\"Termes de la recherche\">\u00a0Pacs<\/span>\u00a0conclu \u00e0 partir de du 1er janvier 2007, les parts sociales ou actions attribu\u00e9es en contrepartie de l&rsquo;apport d&rsquo;un bien personnel sont la <strong>propri\u00e9t\u00e9 exclusive du partenaire apporteur<\/strong>.<\/p>\n<p>Si les partenaires\u00a0choisissent de soumettre au r\u00e9gime de l&rsquo;indivision les biens acquis, ils sont r\u00e9put\u00e9s indivis par moiti\u00e9. <strong>Chaque partenaire a alors la qualit\u00e9 d&rsquo;associ\u00e9<\/strong>.<\/p>\n<h2 id=\"4\">IV\/ Comment faire pour se pacser?<\/h2>\n<p>La conclusion d\u00b4un Pacs est <strong>relativement simple et peu formaliste<\/strong>. Il faut faire enregistrer la <a href=\"https:\/\/www.service-public.fr\/particuliers\/vosdroits\/R48756\"><span style=\"text-decoration: underline;\"><strong>d\u00e9claration conjointe de Pacs<\/strong><\/span><\/a> en\u00a0s\u00b4 adressant soit \u00e0 l&rsquo;officier d&rsquo;\u00e9tat civil (en mairie) de la commune de r\u00e9sidence, soit \u00e0 un notaire.<\/p>\n<h3>A) Se pacser en mairie<\/h3>\n<p>Vous devez vous\u00a0pr\u00e9senter en personne et ensemble \u00e0 l&rsquo;officier d&rsquo;\u00e9tat civil de la mairie, \u00eatre\u00a0munis des <a href=\"https:\/\/www.service-public.fr\/particuliers\/vosdroits\/F1618\"><strong>documents originaux <\/strong><\/a>et d\u00b4une<strong> pi\u00e8ce d&rsquo;identit\u00e9 en cours de validit\u00e9<\/strong>.<\/p>\n<p>Dans certaines communes, il est aussi possible d\u00b4effectuer un <span style=\"text-decoration: underline;\">pr\u00e9-d\u00e9p\u00f4t de dossier en ligne<\/span>.<\/p>\n<h3><strong>B) Se pacser chez un notaire<\/strong><\/h3>\n<p>Lorsque la <strong>convention de pacs<\/strong>\u00a0est pass\u00e9e par acte notari\u00e9, le notaire recueille la d\u00e9claration conjointe, proc\u00e8de \u00e0 <a href=\"https:\/\/www.legifrance.gouv.fr\/affichCodeArticle.do;jsessionid=D5DDE444129F9E7330BCE29BB94935FE.tplgfr33s_2?idArticle=LEGIARTI000033460732&amp;cidTexte=LEGITEXT000006070721&amp;dateTexte=20181205\">l&rsquo;enregistrement du pacte <\/a>et aux formalit\u00e9s de publicit\u00e9.<\/p>\n<p>Le notaire peut \u00e9galement r\u00e9diger la <a href=\"https:\/\/www.legifrance.gouv.fr\/affichCodeArticle.do;jsessionid=FF878AB10A3B5E7B04CAC6202DB087E3.tplgfr24s_1?idArticle=LEGIARTI000033460732&amp;cidTexte=LEGITEXT000006070721&amp;dateTexte=20181206\"><strong>convention de Pacs<\/strong><\/a>.<\/p>\n<h3>C) La convention de PACS<\/h3>\n<ul>\n<li>La convention\u00a0doit \u00eatre r\u00e9dig\u00e9e <strong>en fran\u00e7ais<\/strong> et comporter la <strong>signature des 2 partenaires<\/strong>.<\/li>\n<li>Elle peut simplement constater <strong>l&rsquo;engagement et la volont\u00e9 d&rsquo;\u00eatre li\u00e9s par un Pacs<\/strong>.<\/li>\n<li>Elle <strong>doit obligatoirement mentionner la r\u00e9f\u00e9rence \u00e0 la <a href=\"https:\/\/www.legifrance.gouv.fr\/affichTexte.do?cidTexte=JORFTEXT000000761717\">loi instituant le Pacs<\/a><\/strong>\u00a0:\u00a0<span class=\"citation\">\u00ab\u00a0<em>Nous, X et Y, concluons un pacte civil de solidarit\u00e9 r\u00e9gi par les dispositions de la loi du 15 novembre 1999 modifi\u00e9e et les articles 515-1 \u00e0 515-7 du code civil.<\/em>\u00a0\u00bb<\/span>\n<\/li>\n<\/ul>\n<p><strong>Une seule convention <\/strong>doit \u00eatre r\u00e9dig\u00e9e pour les deux partenaires\u00a0qui\u00a0peuvent utiliser ou non une <a href=\"https:\/\/www.formulaires.modernisation.gouv.fr\/gf\/cerfa_15726.do\">convention-type<\/a>.<\/p>\n<h3>D) La dissolution du PACS<\/h3>\n<p>Le Pacs peut \u00eatre dissous par la <strong>volont\u00e9 de l&rsquo;un ou des deux contractants<\/strong>\u00a0en adressant une\u00a0<a href=\"https:\/\/www.service-public.fr\/particuliers\/vosdroits\/R49074\">d\u00e9claration<\/a> au service d\u2019\u00e9tat civil de la commune\u00a0ou au notaire ayant enregistr\u00e9 le pacs.<\/p>\n<p>Pour les pacs enregistr\u00e9s <strong>avant le 1er novembre 2017,<\/strong>\u00a0elle doit \u00eatre adress\u00e9e au service d\u00b4\u00e9tat civil de la commune du lieu du greffe du tribunal d&rsquo;instance ayant enregistr\u00e9 le Pacs.<\/p>\n<p>Le Pacs est <strong>automatiquement rompu par le mariage ou par le d\u00e9c\u00e8s de l&rsquo;un ou des deux contractants<\/strong>.<\/p>\n<h2 id=\"5\">V\/ Quel statut pour le conjoint du chef d\u00b4entreprise?<\/h2>\n<p><b><\/b>Si votre (futur) partenaire exerce une <strong>activit\u00e9 r\u00e9guli\u00e8re au sein de votre soci\u00e9t\u00e9<\/strong>,\u00a0il doit obligatoirement\u00a0<strong>choisir le statut\u00a0<\/strong>qui d\u00e9terminera ses droits et obligations professionnels et sociaux.<\/p>\n<p>Il est n\u00e9cessaire d&rsquo;indiquer le statut de l&rsquo;\u00e9poux(se), partenaire de Pacs ou concubin\u00a0:<\/p>\n<ul>\n<li>\n<strong>lors de <a href=\"https:\/\/www.legalvision.fr\/creation-dentreprise\/\">l&rsquo;immatriculation de l&rsquo;entreprise<\/a><\/strong> ou la d\u00e9claration d&rsquo;activit\u00e9<\/li>\n<li>\n<strong><a href=\"https:\/\/www.legalvision.fr\/modification-statuts\/\">au cours de la vie de l&rsquo;entreprise<\/a>,<\/strong> dans les 2 mois suivant le d\u00e9but de la participation r\u00e9guli\u00e8re et effective de celui-ci<\/li>\n<\/ul>\n<p>Ainsi,\u00a0le partenaire\u00a0doit\u00a0opter pour <a href=\"https:\/\/www.legifrance.gouv.fr\/affichCodeArticle.do?cidTexte=LEGITEXT000005634379&amp;idArticle=LEGIARTI000006219182&amp;dateTexte=&amp;categorieLien=cid\">l\u00b4un des statuts suivants:<\/a><\/p>\n<ul>\n<li><strong>Collaborateur<\/strong><\/li>\n<li><strong>Associ\u00e9<\/strong><\/li>\n<li><strong>Salari\u00e9<\/strong><\/li>\n<\/ul>\n<p>Les droits et obligations professionnels et sociaux du conjoint r\u00e9sultent du statut pour lequel il a opt\u00e9.<\/p>\n<h3>A) Le statut de conjoint collaborateur<\/h3>\n<p>Ce statut est r\u00e9serv\u00e9 \u00e0 l&rsquo;\u00e9poux ou le partenaire de\u00a0<abbr tabindex=\"0\" title=\"Pacs\u00a0:\u00a0Pacte civil de solidarit\u00e9\" data-sigle=\"R45368\">Pacs<\/abbr>\u00a0d&rsquo;un\u00a0:<\/p>\n<ul>\n<li>\n<strong>entrepreneur individuel<\/strong>;<\/li>\n<li><strong>g\u00e9rant associ\u00e9 unique d&rsquo;une\u00a0<abbr tabindex=\"0\" title=\"EURL\u00a0:\u00a0Entreprise unipersonnelle \u00e0 responsabilit\u00e9 limit\u00e9e\" data-sigle=\"R38722\">EURL<\/abbr>;<\/strong><\/li>\n<li>g\u00e9rant associ\u00e9 majoritaire d&rsquo;une\u00a0<abbr tabindex=\"0\" title=\"SARL\u00a0:\u00a0Soci\u00e9t\u00e9 \u00e0 responsabilit\u00e9 limit\u00e9e\" data-sigle=\"R24383\">SARL<\/abbr>\u00a0ou d&rsquo;une soci\u00e9t\u00e9 d&rsquo;exercice lib\u00e9ral \u00e0 responsabilit\u00e9 limit\u00e9e (SELARL) <span style=\"text-decoration: underline;\">dont l&rsquo;effectif ne d\u00e9passe pas 20 salari\u00e9s<\/span>.<\/li>\n<\/ul>\n<p>L&rsquo;\u00e9poux(se) ou partenaire de Pacs\u00a0doit exercer une <a href=\"https:\/\/www.legifrance.gouv.fr\/affichCodeArticle.do?cidTexte=LEGITEXT000005634379&amp;idArticle=LEGIARTI000006219182&amp;dateTexte=&amp;categorieLien=cid\"><strong>activit\u00e9 professionnelle r\u00e9guli\u00e8re et habituelle dans l&rsquo;entreprise<\/strong><\/a>\u00a0; il\u00a0<strong>ne doit pas \u00eatre r\u00e9mun\u00e9r\u00e9<\/strong>\u00a0et\u00a0<strong>ne doit pas \u00eatre associ\u00e9 de la soci\u00e9t\u00e9<\/strong>.<\/p>\n<p>Le conjoint collaborateur b\u00e9n\u00e9ficie de la <strong>formation professionnelle<\/strong>, d&rsquo;une <strong>protection sociale<\/strong> et doit \u00eatre <strong>affili\u00e9 \u00e0 un r\u00e9gime d&rsquo;assurance vieillesse<\/strong>. A ce titre, il est redevable aupr\u00e8s de la S\u00e9curit\u00e9 sociale des ind\u00e9pendants, des cotisations relevant de la retraite de base, de la retraite compl\u00e9mentaire et de l&rsquo;assurance invalidit\u00e9-d\u00e9c\u00e8s.<\/p>\n<p>L&rsquo;\u00e9poux(se) ou partenaire de Pacs d&rsquo;un micro-entrepreneur b\u00e9n\u00e9ficie aussi des\u00a0<strong><a href=\"https:\/\/www.service-public.fr\/professionnels-entreprises\/vosdroits\/F33429\">conditions simplifi\u00e9es de paiement des cotisations sociales<\/a>\u00a0<\/strong>li\u00e9es au r\u00e9gime micro-social.<\/p>\n<p>Ce statut prend fin\u00a0 :<\/p>\n<ul>\n<li>sur demande de l&rsquo;\u00e9poux(se) ou partenaire de Pacs du chef d&rsquo;entreprise\u00a0;<\/li>\n<li>automatiquement en cas de changement de statut de l&rsquo;entreprise, de d\u00e9c\u00e8s de l&rsquo;entrepreneur, de divorce ou de cessation du\u00a0<abbr tabindex=\"0\" title=\"Pacs\u00a0:\u00a0Pacte civil de solidarit\u00e9\" data-sigle=\"R45368\">Pacs<\/abbr>.<\/li>\n<\/ul>\n<p>Le choix\u00a0de b\u00e9n\u00e9ficier du statut de conjoint collaborateur est port\u00e9 \u00e0 la connaissance des associ\u00e9s lors de la premi\u00e8re assembl\u00e9e g\u00e9n\u00e9rale.<\/p>\n<h3>B) Le statut de conjoint associ\u00e9<\/h3>\n<div>\n<ul>\n<li>Ce statut\u00a0peut \u00eatre choisi par l\u00b4<strong>\u00e9poux,\u00a0 le partenaire de Pacs ou le concubin\u00a0du <span style=\"text-decoration: underline;\">dirigeant d\u00b4une soci\u00e9t\u00e9<\/span>\u00a0<\/strong>:\u00a0<abbr tabindex=\"0\" title=\"SARL\u00a0:\u00a0Soci\u00e9t\u00e9 \u00e0 responsabilit\u00e9 limit\u00e9e\" data-sigle=\"R24383\">SARL<\/abbr>, soci\u00e9t\u00e9 en nom collectif (SNC), soci\u00e9t\u00e9 d&rsquo;exercice lib\u00e9ral \u00e0 responsabilit\u00e9 limit\u00e9e (SELARL) ou soci\u00e9t\u00e9 par actions simplifi\u00e9e (SAS).<\/li>\n<li>L&rsquo;\u00e9poux, le partenaire de Pacs ou le concubin <span style=\"text-decoration: underline;\"><strong>doit d\u00e9tenir des parts sociales<\/strong> <\/span>dans l&rsquo;entreprise en effectuant un <strong>apport<\/strong>.<\/li>\n<li>Lorsque l&rsquo;\u00e9poux(se) ou partenaire de Pacs ou concubin est un simple associ\u00e9, sa responsabilit\u00e9 est limit\u00e9e \u00e0 son apport. Toutefois, s&rsquo;il est cog\u00e9rant et qu&rsquo;il commet une faute dans la gestion de l&rsquo;entreprise, sa responsabilit\u00e9 peut \u00eatre engag\u00e9e \u00e0 hauteur de son patrimoine personnel.<\/li>\n<\/ul>\n<\/div>\n<div>\n<h4 class=\"fiche-title-1\">1- R\u00e9gime fiscal<\/h4>\n<p>L&rsquo;associ\u00e9\u00a0d\u00b4une soci\u00e9t\u00e9 soumise \u00e0 l&rsquo;imp\u00f4t sur les soci\u00e9t\u00e9s (IS) peut percevoir des <strong>dividendes<\/strong>.\u00a0 N\u00b4\u00e9tant pas consid\u00e9r\u00e9s comme une r\u00e9mun\u00e9ration mais comme des revenus de capitaux mobiliers, <span style=\"text-decoration: underline;\">ils ne sont pas soumis \u00e0 cotisations sociales<\/span>.<\/p>\n<p>L&rsquo;associ\u00e9 d&rsquo;une soci\u00e9t\u00e9 soumise \u00e0 l&rsquo;imp\u00f4t sur le revenu (IR) est imposable sur sa quote-part de b\u00e9n\u00e9fices dans la cat\u00e9gorie des\u00a0<abbr tabindex=\"0\" title=\"BIC\u00a0:\u00a0B\u00e9n\u00e9fices industriels et commerciaux\" data-sigle=\"R24381\">BIC<\/abbr>,\u00a0<abbr tabindex=\"0\" title=\"BNC\u00a0:\u00a0B\u00e9n\u00e9fices non commerciaux\" data-sigle=\"R24380\">BNC<\/abbr>\u00a0ou des b\u00e9n\u00e9fices agricoles (BA), selon l&rsquo;activit\u00e9 de l&rsquo;entreprise.<\/p>\n<h4>2- R\u00e9gime social<\/h4>\n<\/div>\n<div>\n<ol>\n<li>Si le conjoint <span style=\"text-decoration: underline;\">n&rsquo;a pas d&rsquo;activit\u00e9 professionnelle<\/span>, il est <strong>affili\u00e9 au r\u00e9gime des travailleurs non salari\u00e9s (TNS)<\/strong> dont d\u00e9pend le chef d&rsquo;entreprise.<\/li>\n<li>Si le conjoint est\u00a0:<\/li>\n<\/ol>\n<ul>\n<li>\n<span style=\"text-decoration: underline;\">\u00e0 la fois g\u00e9rant minoritaire ou \u00e9galitaire ou salari\u00e9 de l&rsquo;entreprise<\/span>, il est<strong> affili\u00e9 au r\u00e9gime de la s\u00e9curit\u00e9 sociale,<\/strong>\n<\/li>\n<li>\n<span style=\"text-decoration: underline;\">\u00e0 la fois g\u00e9rant majoritaire ou associ\u00e9 non g\u00e9rant ou non salari\u00e9 travaillant dans l&rsquo;entreprise<\/span>, il est <strong>rattach\u00e9 \u00e0 la caisse de s\u00e9curit\u00e9 sociale des ind\u00e9pendants<\/strong> (ex-RSI).<\/li>\n<\/ul>\n<\/div>\n<div>\n<p>Le <a href=\"https:\/\/www.service-public.fr\/professionnels-entreprises\/vosdroits\/F32266\">statut de l&rsquo;\u00e9poux(se) ou partenaire de Pacs associ\u00e9<\/a> prend fin si celui-ci c\u00e8de ses parts sociales. En cas de d\u00e9c\u00e8s du g\u00e9rant, l&rsquo;associ\u00e9 demeure dans l&rsquo;entreprise tant qu&rsquo;il d\u00e9tient ses parts sociales et peut poursuivre l&rsquo;exploitation de cette derni\u00e8re.<\/p>\n<h3>C) Le statut de conjoint salari\u00e9<\/h3>\n<\/div>\n<p>Enfin, le statut de salari\u00e9 peut \u00eatre adopt\u00e9 par l&rsquo;\u00e9poux, le partenaire de Pacs ou le concubin\u00a0:<\/p>\n<ul>\n<li>d&rsquo;un <strong>entrepreneur individuel<\/strong> (commer\u00e7ant, artisan, professionnel lib\u00e9ral)\u00a0;<\/li>\n<li>d&rsquo;un<strong> dirigeant de soci\u00e9t\u00e9, g\u00e9rant associ\u00e9 unique ou g\u00e9rant associ\u00e9 majoritaire d&rsquo;une SARL.<\/strong>\n<\/li>\n<\/ul>\n<p>(!) Pour d\u00e9clarer\u00a0 son \u00e9poux, partenaire de Pacs ou concubin, comme salari\u00e9, le chef d&rsquo;entreprise doit proc\u00e9der, comme pour tout salari\u00e9, \u00e0 une\u00a0<a href=\"https:\/\/www.service-public.fr\/professionnels-entreprises\/vosdroits\/F23107\">d\u00e9claration d&#8217;embauche<\/a>.<\/p>\n<p>Le salari\u00e9 doit donc :<\/p>\n<ul>\n<li>\n<strong>participer effectivement et habituellement \u00e0 l&rsquo;activit\u00e9 de l&rsquo;entreprise,<\/strong> m\u00eame \u00e0 temps partiel\u00a0;<\/li>\n<li>\n<strong>\u00eatre titulaire d&rsquo;un contrat de travail (<\/strong><abbr tabindex=\"0\" title=\"CDD\u00a0:\u00a0Contrat \u00e0 dur\u00e9e d\u00e9termin\u00e9e\" data-sigle=\"R2454\">CDD<\/abbr>\u00a0ou\u00a0<abbr tabindex=\"0\" title=\"CDI\u00a0:\u00a0Contrat de travail \u00e0 dur\u00e9e ind\u00e9termin\u00e9e\" data-sigle=\"R24389\">CDI)<\/abbr>\u00a0;<\/li>\n<li>percevoir un\u00a0<strong>salaire\u00a0<\/strong><strong>correspondant \u00e0 sa cat\u00e9gorie professionnelle<\/strong>\n<\/li>\n<\/ul>\n<p>En tant que salari\u00e9, il b\u00e9n\u00e9ficie de la <span style=\"text-decoration: underline;\"><strong>formation professionnelle et d&rsquo;une protection sociale.<\/strong><\/span><\/p>\n<p>Le conjoint salari\u00e9 est impos\u00e9 dans la cat\u00e9gorie des <strong>traitements et salaires \u00e0 <span style=\"text-decoration: underline;\">l&rsquo;imp\u00f4t sur le revenu<\/span><\/strong>.<\/p>\n<p>La r\u00e9mun\u00e9ration du conjoint salari\u00e9 <strong>peut \u00eatre d\u00e9duite du r\u00e9sultat imposable de l&rsquo;entreprise<\/strong> :<\/p>\n<ul>\n<li>Si l\u2019entreprise est soumise \u00e0 l\u2019IS, la r\u00e9mun\u00e9ration sera int\u00e9gralement d\u00e9ductible des b\u00e9n\u00e9fices annuels imposables.<\/li>\n<li>Si l\u2019entreprise est soumise \u00e0 l\u2019IR, le salaire sera d\u00e9ductible en fonction du r\u00e9gime matrimonial et sous <a href=\"https:\/\/blog.legalvision.fr\/2018\/03\/29\/regime-fiscal-sarl\/\">certaines conditions<\/a>.<\/li>\n<\/ul>\n<p>Le statut de salari\u00e9 cesse en cas de d\u00e9mission, \u00e0 l&rsquo;arriv\u00e9e du terme du contrat de travail (si\u00a0<abbr tabindex=\"0\" title=\"CDD\u00a0:\u00a0Contrat \u00e0 dur\u00e9e d\u00e9termin\u00e9e\" data-sigle=\"R2454\">CDD) ou\u00a0<\/abbr>en cas de licenciement.<\/p>\n<p>\u00a0<\/p>\n<p><\/body><\/html><!--tag_auto_button_lead_legalvision--><a href=\"https:\/\/www.legalvision.fr\/tous-les-services\/?utm_source=blog&#038;utm_campaign=comment-se-pacser-en-2018\" class=\"tag_auto_button_lead_legalvision\"><button style=\"background-color:#32c3bf;width:100%;\">Cr\u00e9ez une SCI et trouvez votre foyer avec Legalvision<\/button><\/a><!--tag_auto_button_lead_legalvision--><\/p>\n","protected":false},"excerpt":{"rendered":"<p>Vous souhaitez vous pacser? Vous \u00eates\u00a0entrepreneur et aimeriez connaitre les diff\u00e9rentes cons\u00e9quences\u00a0que\u00a0se pacser peut avoir? Le\u00a0Pacte civil de solidarit\u00e9\u00a0est un contrat entre deux personnes majeures, de sexe diff\u00e9rent ou de m\u00eame sexe, pour organiser leur vie commune. Il a \u00e9t\u00e9 promulgu\u00e9 par une\u00a0loi n\u00b0\u00a099-944 du 15\u00a0novembre 1999 La communaut\u00e9 de vie entre deux personnes physiques&hellip; <a class=\"more-link\" href=\"https:\/\/www.legalvision.fr\/guides-juridiques\/gerer-une-entreprise\/comment-se-pacser-en-2018\/\">Poursuivre la lecture <span class=\"screen-reader-text\">Se pacser : enjeux et d\u00e9marches<\/span><\/a><\/p>\n","protected":false},"author":30,"featured_media":24019,"comment_status":"open","ping_status":"open","sticky":false,"template":"","format":"standard","meta":{"content-type":"","inline_featured_image":false,"footnotes":""},"categories":[2502],"tags":[],"class_list":["post-9323","post","type-post","status-publish","format-standard","has-post-thumbnail","hentry","category-gerer-une-entreprise","entry"],"yoast_head":"<!-- This site is optimized with the Yoast SEO plugin v27.1.1 - https:\/\/yoast.com\/product\/yoast-seo-wordpress\/ -->\n<title>Se pacser : Est-ce r\u00e9ellement une bonne id\u00e9e pour les entrepreneurs ?<\/title>\n<meta name=\"description\" content=\"Comment se pacser ? Vous \u00eates entrepreneur et souhaitez vous pacser ? Legalvision vous d\u00e9taille dans cet article les enjeux et les d\u00e9marches pour se pacser\" \/>\n<meta name=\"robots\" content=\"index, follow, max-snippet:-1, max-image-preview:large, max-video-preview:-1\" \/>\n<link rel=\"canonical\" href=\"https:\/\/www.legalvision.fr\/guides-juridiques\/gerer-une-entreprise\/comment-se-pacser-en-2018\/\" \/>\n<meta property=\"og:locale\" content=\"fr_FR\" \/>\n<meta property=\"og:type\" content=\"article\" \/>\n<meta property=\"og:title\" content=\"Se pacser : Est-ce r\u00e9ellement une bonne id\u00e9e pour les entrepreneurs ?\" \/>\n<meta property=\"og:description\" content=\"Comment se pacser ? Vous \u00eates entrepreneur et souhaitez vous pacser ? Legalvision vous d\u00e9taille dans cet article les enjeux et les d\u00e9marches pour se pacser\" \/>\n<meta property=\"og:url\" content=\"https:\/\/www.legalvision.fr\/guides-juridiques\/gerer-une-entreprise\/comment-se-pacser-en-2018\/\" \/>\n<meta property=\"og:site_name\" content=\"Guides juridiques\" \/>\n<meta property=\"article:published_time\" content=\"2018-12-14T06:30:54+00:00\" \/>\n<meta property=\"article:modified_time\" content=\"2022-03-27T19:21:04+00:00\" \/>\n<meta property=\"og:image\" content=\"https:\/\/www.legalvision.fr\/guides-juridiques\/wp-content\/uploads\/2018\/12\/Se-pacser-min-1.jpg\" \/>\n\t<meta property=\"og:image:width\" content=\"958\" \/>\n\t<meta property=\"og:image:height\" content=\"350\" \/>\n\t<meta property=\"og:image:type\" content=\"image\/jpeg\" \/>\n<meta name=\"author\" content=\"William Lebrun\" \/>\n<meta name=\"twitter:card\" content=\"summary_large_image\" \/>\n<meta name=\"twitter:label1\" content=\"\u00c9crit par\" \/>\n\t<meta name=\"twitter:data1\" content=\"William Lebrun\" \/>\n\t<meta name=\"twitter:label2\" content=\"Dur\u00e9e de lecture estim\u00e9e\" \/>\n\t<meta name=\"twitter:data2\" content=\"10 minutes\" \/>\n<script type=\"application\/ld+json\" class=\"yoast-schema-graph\">{\"@context\":\"https:\/\/schema.org\",\"@graph\":[{\"@type\":\"Article\",\"@id\":\"https:\/\/www.legalvision.fr\/guides-juridiques\/gerer-une-entreprise\/comment-se-pacser-en-2018\/#article\",\"isPartOf\":{\"@id\":\"https:\/\/www.legalvision.fr\/guides-juridiques\/gerer-une-entreprise\/comment-se-pacser-en-2018\/\"},\"author\":{\"name\":\"William Lebrun\",\"@id\":\"https:\/\/www.legalvision.fr\/guides-juridiques\/#\/schema\/person\/3d24d0c20575138ed212b2e4b6f7b4b0\"},\"headline\":\"Se pacser : enjeux et d\u00e9marches\",\"datePublished\":\"2018-12-14T06:30:54+00:00\",\"dateModified\":\"2022-03-27T19:21:04+00:00\",\"mainEntityOfPage\":{\"@id\":\"https:\/\/www.legalvision.fr\/guides-juridiques\/gerer-une-entreprise\/comment-se-pacser-en-2018\/\"},\"wordCount\":2051,\"commentCount\":1,\"publisher\":{\"@id\":\"https:\/\/www.legalvision.fr\/guides-juridiques\/#organization\"},\"image\":{\"@id\":\"https:\/\/www.legalvision.fr\/guides-juridiques\/gerer-une-entreprise\/comment-se-pacser-en-2018\/#primaryimage\"},\"thumbnailUrl\":\"https:\/\/www.legalvision.fr\/guides-juridiques\/wp-content\/uploads\/2018\/12\/Se-pacser-min-1.jpg\",\"articleSection\":[\"G\u00e9rer une entreprise\"],\"inLanguage\":\"fr-FR\",\"potentialAction\":[{\"@type\":\"CommentAction\",\"name\":\"Comment\",\"target\":[\"https:\/\/www.legalvision.fr\/guides-juridiques\/gerer-une-entreprise\/comment-se-pacser-en-2018\/#respond\"]}]},{\"@type\":\"WebPage\",\"@id\":\"https:\/\/www.legalvision.fr\/guides-juridiques\/gerer-une-entreprise\/comment-se-pacser-en-2018\/\",\"url\":\"https:\/\/www.legalvision.fr\/guides-juridiques\/gerer-une-entreprise\/comment-se-pacser-en-2018\/\",\"name\":\"Se pacser : Est-ce r\u00e9ellement une bonne id\u00e9e pour les entrepreneurs ?\",\"isPartOf\":{\"@id\":\"https:\/\/www.legalvision.fr\/guides-juridiques\/#website\"},\"primaryImageOfPage\":{\"@id\":\"https:\/\/www.legalvision.fr\/guides-juridiques\/gerer-une-entreprise\/comment-se-pacser-en-2018\/#primaryimage\"},\"image\":{\"@id\":\"https:\/\/www.legalvision.fr\/guides-juridiques\/gerer-une-entreprise\/comment-se-pacser-en-2018\/#primaryimage\"},\"thumbnailUrl\":\"https:\/\/www.legalvision.fr\/guides-juridiques\/wp-content\/uploads\/2018\/12\/Se-pacser-min-1.jpg\",\"datePublished\":\"2018-12-14T06:30:54+00:00\",\"dateModified\":\"2022-03-27T19:21:04+00:00\",\"description\":\"Comment se pacser ? Vous \u00eates entrepreneur et souhaitez vous pacser ? Legalvision vous d\u00e9taille dans cet article les enjeux et les d\u00e9marches pour se pacser\",\"breadcrumb\":{\"@id\":\"https:\/\/www.legalvision.fr\/guides-juridiques\/gerer-une-entreprise\/comment-se-pacser-en-2018\/#breadcrumb\"},\"inLanguage\":\"fr-FR\",\"potentialAction\":[{\"@type\":\"ReadAction\",\"target\":[\"https:\/\/www.legalvision.fr\/guides-juridiques\/gerer-une-entreprise\/comment-se-pacser-en-2018\/\"]}]},{\"@type\":\"ImageObject\",\"inLanguage\":\"fr-FR\",\"@id\":\"https:\/\/www.legalvision.fr\/guides-juridiques\/gerer-une-entreprise\/comment-se-pacser-en-2018\/#primaryimage\",\"url\":\"https:\/\/www.legalvision.fr\/guides-juridiques\/wp-content\/uploads\/2018\/12\/Se-pacser-min-1.jpg\",\"contentUrl\":\"https:\/\/www.legalvision.fr\/guides-juridiques\/wp-content\/uploads\/2018\/12\/Se-pacser-min-1.jpg\",\"width\":958,\"height\":350,\"caption\":\"Se pacser\"},{\"@type\":\"BreadcrumbList\",\"@id\":\"https:\/\/www.legalvision.fr\/guides-juridiques\/gerer-une-entreprise\/comment-se-pacser-en-2018\/#breadcrumb\",\"itemListElement\":[{\"@type\":\"ListItem\",\"position\":1,\"name\":\"Accueil\",\"item\":\"https:\/\/www.legalvision.fr\/guides-juridiques\/\"},{\"@type\":\"ListItem\",\"position\":2,\"name\":\"G\u00e9rer une entreprise\",\"item\":\"https:\/\/www.legalvision.fr\/guides-juridiques\/gerer-une-entreprise\/\"},{\"@type\":\"ListItem\",\"position\":3,\"name\":\"Se pacser : enjeux et d\u00e9marches\"}]},{\"@type\":\"WebSite\",\"@id\":\"https:\/\/www.legalvision.fr\/guides-juridiques\/#website\",\"url\":\"https:\/\/www.legalvision.fr\/guides-juridiques\/\",\"name\":\"Guides juridiques\",\"description\":\"L&#039;information juridique \u00e0 destination des entreprises et TPE\",\"publisher\":{\"@id\":\"https:\/\/www.legalvision.fr\/guides-juridiques\/#organization\"},\"potentialAction\":[{\"@type\":\"SearchAction\",\"target\":{\"@type\":\"EntryPoint\",\"urlTemplate\":\"https:\/\/www.legalvision.fr\/guides-juridiques\/?s={search_term_string}\"},\"query-input\":{\"@type\":\"PropertyValueSpecification\",\"valueRequired\":true,\"valueName\":\"search_term_string\"}}],\"inLanguage\":\"fr-FR\"},{\"@type\":\"Organization\",\"@id\":\"https:\/\/www.legalvision.fr\/guides-juridiques\/#organization\",\"name\":\"Guides juridiques\",\"url\":\"https:\/\/www.legalvision.fr\/guides-juridiques\/\",\"logo\":{\"@type\":\"ImageObject\",\"inLanguage\":\"fr-FR\",\"@id\":\"https:\/\/www.legalvision.fr\/guides-juridiques\/#\/schema\/logo\/image\/\",\"url\":\"https:\/\/www.legalvision.fr\/guides-juridiques\/wp-content\/uploads\/2022\/10\/LV-Logotype.png\",\"contentUrl\":\"https:\/\/www.legalvision.fr\/guides-juridiques\/wp-content\/uploads\/2022\/10\/LV-Logotype.png\",\"width\":647,\"height\":125,\"caption\":\"Guides juridiques\"},\"image\":{\"@id\":\"https:\/\/www.legalvision.fr\/guides-juridiques\/#\/schema\/logo\/image\/\"}},{\"@type\":\"Person\",\"@id\":\"https:\/\/www.legalvision.fr\/guides-juridiques\/#\/schema\/person\/3d24d0c20575138ed212b2e4b6f7b4b0\",\"name\":\"William Lebrun\",\"image\":{\"@type\":\"ImageObject\",\"inLanguage\":\"fr-FR\",\"@id\":\"https:\/\/www.legalvision.fr\/guides-juridiques\/#\/schema\/person\/image\/\",\"url\":\"https:\/\/www.legalvision.fr\/guides-juridiques\/wp-content\/uploads\/2023\/07\/cropped-homme1-96x96.png\",\"contentUrl\":\"https:\/\/www.legalvision.fr\/guides-juridiques\/wp-content\/uploads\/2023\/07\/cropped-homme1-96x96.png\",\"caption\":\"William Lebrun\"},\"description\":\"B\u00e9n\u00e9ficiant de la formation d'un double dipl\u00f4me en droit des affaires et en \u00e9cole de commerce, j'ai un fort attrait pour le droit des soci\u00e9t\u00e9s. Je r\u00e9dige des articles pour vous aider sur vos probl\u00e9matiques.\",\"url\":\"https:\/\/www.legalvision.fr\/guides-juridiques\/author\/aina-rakoto\/\"}]}<\/script>\n<!-- \/ Yoast SEO plugin. -->","yoast_head_json":{"title":"Se pacser : Est-ce r\u00e9ellement une bonne id\u00e9e pour les entrepreneurs ?","description":"Comment se pacser ? Vous \u00eates entrepreneur et souhaitez vous pacser ? Legalvision vous d\u00e9taille dans cet article les enjeux et les d\u00e9marches pour se pacser","robots":{"index":"index","follow":"follow","max-snippet":"max-snippet:-1","max-image-preview":"max-image-preview:large","max-video-preview":"max-video-preview:-1"},"canonical":"https:\/\/www.legalvision.fr\/guides-juridiques\/gerer-une-entreprise\/comment-se-pacser-en-2018\/","og_locale":"fr_FR","og_type":"article","og_title":"Se pacser : Est-ce r\u00e9ellement une bonne id\u00e9e pour les entrepreneurs ?","og_description":"Comment se pacser ? Vous \u00eates entrepreneur et souhaitez vous pacser ? Legalvision vous d\u00e9taille dans cet article les enjeux et les d\u00e9marches pour se pacser","og_url":"https:\/\/www.legalvision.fr\/guides-juridiques\/gerer-une-entreprise\/comment-se-pacser-en-2018\/","og_site_name":"Guides juridiques","article_published_time":"2018-12-14T06:30:54+00:00","article_modified_time":"2022-03-27T19:21:04+00:00","og_image":[{"width":958,"height":350,"url":"https:\/\/www.legalvision.fr\/guides-juridiques\/wp-content\/uploads\/2018\/12\/Se-pacser-min-1.jpg","type":"image\/jpeg"}],"author":"William Lebrun","twitter_card":"summary_large_image","twitter_misc":{"\u00c9crit par":"William Lebrun","Dur\u00e9e de lecture estim\u00e9e":"10 minutes"},"schema":{"@context":"https:\/\/schema.org","@graph":[{"@type":"Article","@id":"https:\/\/www.legalvision.fr\/guides-juridiques\/gerer-une-entreprise\/comment-se-pacser-en-2018\/#article","isPartOf":{"@id":"https:\/\/www.legalvision.fr\/guides-juridiques\/gerer-une-entreprise\/comment-se-pacser-en-2018\/"},"author":{"name":"William Lebrun","@id":"https:\/\/www.legalvision.fr\/guides-juridiques\/#\/schema\/person\/3d24d0c20575138ed212b2e4b6f7b4b0"},"headline":"Se pacser : enjeux et d\u00e9marches","datePublished":"2018-12-14T06:30:54+00:00","dateModified":"2022-03-27T19:21:04+00:00","mainEntityOfPage":{"@id":"https:\/\/www.legalvision.fr\/guides-juridiques\/gerer-une-entreprise\/comment-se-pacser-en-2018\/"},"wordCount":2051,"commentCount":1,"publisher":{"@id":"https:\/\/www.legalvision.fr\/guides-juridiques\/#organization"},"image":{"@id":"https:\/\/www.legalvision.fr\/guides-juridiques\/gerer-une-entreprise\/comment-se-pacser-en-2018\/#primaryimage"},"thumbnailUrl":"https:\/\/www.legalvision.fr\/guides-juridiques\/wp-content\/uploads\/2018\/12\/Se-pacser-min-1.jpg","articleSection":["G\u00e9rer une entreprise"],"inLanguage":"fr-FR","potentialAction":[{"@type":"CommentAction","name":"Comment","target":["https:\/\/www.legalvision.fr\/guides-juridiques\/gerer-une-entreprise\/comment-se-pacser-en-2018\/#respond"]}]},{"@type":"WebPage","@id":"https:\/\/www.legalvision.fr\/guides-juridiques\/gerer-une-entreprise\/comment-se-pacser-en-2018\/","url":"https:\/\/www.legalvision.fr\/guides-juridiques\/gerer-une-entreprise\/comment-se-pacser-en-2018\/","name":"Se pacser : Est-ce r\u00e9ellement une bonne id\u00e9e pour les entrepreneurs ?","isPartOf":{"@id":"https:\/\/www.legalvision.fr\/guides-juridiques\/#website"},"primaryImageOfPage":{"@id":"https:\/\/www.legalvision.fr\/guides-juridiques\/gerer-une-entreprise\/comment-se-pacser-en-2018\/#primaryimage"},"image":{"@id":"https:\/\/www.legalvision.fr\/guides-juridiques\/gerer-une-entreprise\/comment-se-pacser-en-2018\/#primaryimage"},"thumbnailUrl":"https:\/\/www.legalvision.fr\/guides-juridiques\/wp-content\/uploads\/2018\/12\/Se-pacser-min-1.jpg","datePublished":"2018-12-14T06:30:54+00:00","dateModified":"2022-03-27T19:21:04+00:00","description":"Comment se pacser ? Vous \u00eates entrepreneur et souhaitez vous pacser ? Legalvision vous d\u00e9taille dans cet article les enjeux et les d\u00e9marches pour se pacser","breadcrumb":{"@id":"https:\/\/www.legalvision.fr\/guides-juridiques\/gerer-une-entreprise\/comment-se-pacser-en-2018\/#breadcrumb"},"inLanguage":"fr-FR","potentialAction":[{"@type":"ReadAction","target":["https:\/\/www.legalvision.fr\/guides-juridiques\/gerer-une-entreprise\/comment-se-pacser-en-2018\/"]}]},{"@type":"ImageObject","inLanguage":"fr-FR","@id":"https:\/\/www.legalvision.fr\/guides-juridiques\/gerer-une-entreprise\/comment-se-pacser-en-2018\/#primaryimage","url":"https:\/\/www.legalvision.fr\/guides-juridiques\/wp-content\/uploads\/2018\/12\/Se-pacser-min-1.jpg","contentUrl":"https:\/\/www.legalvision.fr\/guides-juridiques\/wp-content\/uploads\/2018\/12\/Se-pacser-min-1.jpg","width":958,"height":350,"caption":"Se pacser"},{"@type":"BreadcrumbList","@id":"https:\/\/www.legalvision.fr\/guides-juridiques\/gerer-une-entreprise\/comment-se-pacser-en-2018\/#breadcrumb","itemListElement":[{"@type":"ListItem","position":1,"name":"Accueil","item":"https:\/\/www.legalvision.fr\/guides-juridiques\/"},{"@type":"ListItem","position":2,"name":"G\u00e9rer une entreprise","item":"https:\/\/www.legalvision.fr\/guides-juridiques\/gerer-une-entreprise\/"},{"@type":"ListItem","position":3,"name":"Se pacser : enjeux et d\u00e9marches"}]},{"@type":"WebSite","@id":"https:\/\/www.legalvision.fr\/guides-juridiques\/#website","url":"https:\/\/www.legalvision.fr\/guides-juridiques\/","name":"Guides juridiques","description":"L&#039;information juridique \u00e0 destination des entreprises et TPE","publisher":{"@id":"https:\/\/www.legalvision.fr\/guides-juridiques\/#organization"},"potentialAction":[{"@type":"SearchAction","target":{"@type":"EntryPoint","urlTemplate":"https:\/\/www.legalvision.fr\/guides-juridiques\/?s={search_term_string}"},"query-input":{"@type":"PropertyValueSpecification","valueRequired":true,"valueName":"search_term_string"}}],"inLanguage":"fr-FR"},{"@type":"Organization","@id":"https:\/\/www.legalvision.fr\/guides-juridiques\/#organization","name":"Guides juridiques","url":"https:\/\/www.legalvision.fr\/guides-juridiques\/","logo":{"@type":"ImageObject","inLanguage":"fr-FR","@id":"https:\/\/www.legalvision.fr\/guides-juridiques\/#\/schema\/logo\/image\/","url":"https:\/\/www.legalvision.fr\/guides-juridiques\/wp-content\/uploads\/2022\/10\/LV-Logotype.png","contentUrl":"https:\/\/www.legalvision.fr\/guides-juridiques\/wp-content\/uploads\/2022\/10\/LV-Logotype.png","width":647,"height":125,"caption":"Guides juridiques"},"image":{"@id":"https:\/\/www.legalvision.fr\/guides-juridiques\/#\/schema\/logo\/image\/"}},{"@type":"Person","@id":"https:\/\/www.legalvision.fr\/guides-juridiques\/#\/schema\/person\/3d24d0c20575138ed212b2e4b6f7b4b0","name":"William Lebrun","image":{"@type":"ImageObject","inLanguage":"fr-FR","@id":"https:\/\/www.legalvision.fr\/guides-juridiques\/#\/schema\/person\/image\/","url":"https:\/\/www.legalvision.fr\/guides-juridiques\/wp-content\/uploads\/2023\/07\/cropped-homme1-96x96.png","contentUrl":"https:\/\/www.legalvision.fr\/guides-juridiques\/wp-content\/uploads\/2023\/07\/cropped-homme1-96x96.png","caption":"William Lebrun"},"description":"B\u00e9n\u00e9ficiant de la formation d'un double dipl\u00f4me en droit des affaires et en \u00e9cole de commerce, j'ai un fort attrait pour le droit des soci\u00e9t\u00e9s. Je r\u00e9dige des articles pour vous aider sur vos probl\u00e9matiques.","url":"https:\/\/www.legalvision.fr\/guides-juridiques\/author\/aina-rakoto\/"}]}},"_links":{"self":[{"href":"https:\/\/www.legalvision.fr\/guides-juridiques\/wp-json\/wp\/v2\/posts\/9323","targetHints":{"allow":["GET"]}}],"collection":[{"href":"https:\/\/www.legalvision.fr\/guides-juridiques\/wp-json\/wp\/v2\/posts"}],"about":[{"href":"https:\/\/www.legalvision.fr\/guides-juridiques\/wp-json\/wp\/v2\/types\/post"}],"author":[{"embeddable":true,"href":"https:\/\/www.legalvision.fr\/guides-juridiques\/wp-json\/wp\/v2\/users\/30"}],"replies":[{"embeddable":true,"href":"https:\/\/www.legalvision.fr\/guides-juridiques\/wp-json\/wp\/v2\/comments?post=9323"}],"version-history":[{"count":0,"href":"https:\/\/www.legalvision.fr\/guides-juridiques\/wp-json\/wp\/v2\/posts\/9323\/revisions"}],"wp:featuredmedia":[{"embeddable":true,"href":"https:\/\/www.legalvision.fr\/guides-juridiques\/wp-json\/wp\/v2\/media\/24019"}],"wp:attachment":[{"href":"https:\/\/www.legalvision.fr\/guides-juridiques\/wp-json\/wp\/v2\/media?parent=9323"}],"wp:term":[{"taxonomy":"category","embeddable":true,"href":"https:\/\/www.legalvision.fr\/guides-juridiques\/wp-json\/wp\/v2\/categories?post=9323"},{"taxonomy":"post_tag","embeddable":true,"href":"https:\/\/www.legalvision.fr\/guides-juridiques\/wp-json\/wp\/v2\/tags?post=9323"}],"curies":[{"name":"wp","href":"https:\/\/api.w.org\/{rel}","templated":true}]}}