{"id":9228,"date":"2018-12-07T07:30:30","date_gmt":"2018-12-07T06:30:30","guid":{"rendered":"https:\/\/blog.legalvision.fr\/?p=9228"},"modified":"2022-03-27T21:21:04","modified_gmt":"2022-03-27T19:21:04","slug":"actualites-marche-publics","status":"publish","type":"post","link":"https:\/\/www.legalvision.fr\/guides-juridiques\/actualite-juridique\/actualites-marche-publics\/","title":{"rendered":"Code de la commande publique et autres actualit\u00e9s des march\u00e9 publics"},"content":{"rendered":"<p>Le minist\u00e8re de l\u2019\u00e9conomie et des finances a annonc\u00e9 en octobre dernier plusieurs importantes annonces relatives au droit de la commande publique.\n<\/p>\n<h3>Sommaire :<\/h3>\n<p><a href=\"#1\"><strong>Publication du code de la commande publique<\/strong><\/a><br \/>\n<a href=\"#2\"><strong>Des dispositions en faveur des petites et moyennes entreprises\u00a0<\/strong><\/a><br \/>\n<a href=\"#3\"><strong>Contracter avec les avocats sans march\u00e9 public<\/strong><\/a><\/p>\n<div class=\"wp-block-button\" style=\"text-align:center;\"><a class=\"wp-block-button__link has-background\" href=\"https:\/\/www.legalvision.fr\/tous-les-services\/\">Voir les services LegalVision<\/a><\/div>\n<h2 id=\"1\">Publication du code de la commande publique<\/h2>\n<p><span style=\"font-weight: 400;\">Le d\u00e9lai d\u2019habilitation du gouvernement \u00e0 agir par ordonnance en mati\u00e8re de codification du droit des march\u00e9s publics et des concessions devait expirer le 9 d\u00e9cembre 2018 selon la loi <\/span><span style=\"font-weight: 400;\">n\u00b0 2016-1691 du 9 d\u00e9cembre 2016<\/span><span style=\"font-weight: 400;\">. Il sera respect\u00e9. Le futur code de la commande publique devrait ainsi \u00eatre promulgu\u00e9 tr\u00e8s prochainement. L\u2019entr\u00e9e en vigueur est pr\u00e9vue pour avril 2019. Les praticiens, <\/span><a href=\"https:\/\/louislefoyerdecostil.fr\/avocat-marches-publics\/\" target=\"_blank\" rel=\"noopener noreferrer\"><span style=\"font-weight: 400;\">avocats sp\u00e9cialistes des march\u00e9s publics<\/span><\/a><span style=\"font-weight: 400;\">, acheteurs, candidats, devraient donc disposer d\u2019un trimestre pour se familiariser avec le nouveau code de la commande publique. Pour rappel, le code devrait absorber la loi MOP, ma moi relative \u00e0 la sous-traitance, l\u2019ordonnance march\u00e9 public, l\u2019ordonnance concession et leurs d\u00e9crets respectifs, ainsi que les textes sp\u00e9cifiques aux march\u00e9s publics de d\u00e9fense et de s\u00e9curit\u00e9.<\/span><\/p>\n<p><span style=\"font-weight: 400;\">a \u00e9t\u00e9 annonc\u00e9 que le code de la commande publique complet, c\u2019est-\u00e0-dire tant le volet r\u00e9glementaire que le volet l\u00e9gislatif serait publi\u00e9. Le code devrait comme pr\u00e9vu constituer une codification \u00ab\u00a0\u00e0 droit constant\u00a0\u00bb m\u00eame si am\u00e9lioration de la coh\u00e9rence et correction d\u2019erreurs mat\u00e9rielles devraient \u00eatre mises en \u0153uvre. Les avocats et autres praticiens seront cependant vigilants sur l\u2019application du futur code.<\/span><\/p>\n<h2 id=\"2\">Des dispositions en faveur des petites et moyennes entreprises<\/h2>\n<p><span style=\"font-weight: 400;\">Si la promulgation est annonc\u00e9e \u00e0 droit constant, de nouveaux textes devraient faire \u00e9voluer le droit de la commande publique, au-del\u00e0 de la seule codification.<\/span><\/p>\n<p><span style=\"font-weight: 400;\">C\u2019est le cas de la loi \u00ab\u00a0<\/span><span style=\"font-weight: 400;\">Evolution du logement, de l&rsquo;am\u00e9nagement et du num\u00e9rique\u00a0\u00bb mais \u00e9galement de la loi \u00ab\u00a0plan d\u2019action pour la croissance et la transformation des entreprises\u00a0\u00bb ainsi qu\u2019un d\u00e9cret visant \u00e0 modifier le D\u00e9cret n\u00b0 2016-360 du\u00a025 mars 2016\u00a0relatif aux march\u00e9s publics<\/span><b>. <\/b><span style=\"font-weight: 400;\">Plusieurs nouveaut\u00e9s sont pr\u00e9vues\u00a0: augmentation du montant des avances, diminution des retenues de garantie, meilleure d\u00e9mat\u00e9rialisation pour les contrats de concession, fin des ordres de service \u00e0 z\u00e9ro euro, recours \u00e0 l\u2019affacturage invers\u00e9, possibilit\u00e9 de proc\u00e9der \u00e0 l\u2019achat de prestation innovantes sans formalit\u00e9s en de\u00e7\u00e0 d\u2019un seuil de 100\u00a0000 \u20ac qui serait circonscrites \u00e0 3 ans et r\u00e9serv\u00e9s aux PME. La l\u00e9galit\u00e9 du dispositif reste discut\u00e9e par certains avocats.<\/span><\/p>\n<p><span style=\"font-weight: 400;\">La facturation \u00e9lectronique devrait \u00e9galement \u00eatre finalis\u00e9e. Enfin, toujours dans la veine de la d\u00e9mat\u00e9rialisation toujours plus avanc\u00e9e, il est pr\u00e9vu d\u2019imposer la signature \u00e9lectronique \u00e0 compter de 2022 soit l\u2019\u00e9ch\u00e9ance <\/span><span style=\"font-weight: 400;\">du\u00a0Plan national de transformation num\u00e9rique de la commande publique.<\/span><\/p>\n<h2 id=\"3\">Contracter avec les avocats sans march\u00e9 public<\/h2>\n<p><b>La derni\u00e8re nouveaut\u00e9 <\/b>provient du<b> <\/b><span style=\"font-weight: 400;\">projet de loi portant suppression de sur-transpositions de directives europ\u00e9ennes en droit fran\u00e7ais.<\/span><\/p>\n<p><span style=\"font-weight: 400;\">est enfin pr\u00e9vu une modification des textes de la commande publique pour exempter d\u2019obligation de mise en concurrence certains achats juridiques.\u00a0Selon le rapport du texte pr\u00e9sent\u00e9 devant le S\u00e9nat, \u00ab\u00a0<\/span><span style=\"font-weight: 400;\">L&rsquo;article 11<\/span><b>\u00a0<\/b><span style=\"font-weight: 400;\">a pour objet d&rsquo;assurer une transposition stricte des articles 10 de la\u00a0directive\u00a02014\/24\/UE et 21 de la directive 2014\/25\/UE du 26 f\u00e9vrier 2014, et d&rsquo;exclure du champ du droit des march\u00e9s publics, les march\u00e9s de services ayant pour objet la repr\u00e9sentation l\u00e9gale d&rsquo;un client par un avocat et les prestations de conseil juridique s&rsquo;y attachant. Cette mesure de simplification est de nature \u00e0 all\u00e9ger les contraintes administratives et proc\u00e9durales pesant sur les acheteurs passant ces march\u00e9s publics et sur les op\u00e9rateurs \u00e9conomiques qui candidatent \u00e0 leur attribution.\u00a0\u00bb<\/span><\/p>\n<p><span style=\"font-weight: 400;\"> Ainsi, la repr\u00e9sentation dans le cadre d\u2019une proc\u00e9dure juridictionnelle, la pr\u00e9paration d\u2019un litige, ou la forte probabilit\u00e9 d\u2019un litige pourrait permettre de recourir aux services d\u2019un <\/span><a href=\"https:\/\/louislefoyerdecostil.fr\/avocat-marches-publics\/\" target=\"_blank\" rel=\"noopener noreferrer\"><span style=\"font-weight: 400;\">avocat<\/span><\/a><span style=\"font-weight: 400;\"> sans avoir \u00e0 passer un march\u00e9 public. Cette exon\u00e9ration serait r\u00e9serv\u00e9e au seul contentieux. Il sera rappel\u00e9 que le droit de la commande publique pr\u00e9voit d\u2019ores et d\u00e9j\u00e0 de nombreuses exemptions en mati\u00e8re d\u2019achat de prestations juridiques.<\/span><\/p>\n<p><span style=\"font-weight: 400;\">Le projet de loi propose dans ce cadre une modification du<\/span><span style=\"font-weight: 400;\"> 10\u00b0 de l&rsquo;article\u00a014 de l\u2019ordonnance march\u00e9 public du 23 juillet 2015 ainsi qu\u2019une modification analogue de l\u2019ordonnance concession.<\/span><\/p>\n<p><\/p>\n<div class=\"wp-block-button\" style=\"text-align:center;\"><a class=\"wp-block-button__link has-background\" href=\"https:\/\/www.legalvision.fr\/tous-les-services\/\">Voir les services LegalVision<\/a><\/div>\n","protected":false},"excerpt":{"rendered":"<p>Le minist\u00e8re de l\u2019\u00e9conomie et des finances a annonc\u00e9 en octobre dernier plusieurs importantes annonces relatives au droit de la commande publique. Sommaire : Publication du code de la commande publique Des dispositions en faveur des petites et moyennes entreprises\u00a0 Contracter avec les avocats sans march\u00e9 public Voir les services LegalVision Publication du code de&hellip; <a class=\"more-link\" href=\"https:\/\/www.legalvision.fr\/guides-juridiques\/actualite-juridique\/actualites-marche-publics\/\">Poursuivre la lecture <span class=\"screen-reader-text\">Code de la commande publique et autres actualit\u00e9s des march\u00e9 publics<\/span><\/a><\/p>\n","protected":false},"author":30,"featured_media":23985,"comment_status":"open","ping_status":"open","sticky":false,"template":"","format":"standard","meta":{"content-type":"","inline_featured_image":false,"footnotes":""},"categories":[2475],"tags":[],"class_list":["post-9228","post","type-post","status-publish","format-standard","has-post-thumbnail","hentry","category-actualite-juridique","entry"],"yoast_head":"<!-- This site is optimized with the Yoast SEO plugin v27.1.1 - https:\/\/yoast.com\/product\/yoast-seo-wordpress\/ -->\n<title>Code de la commande publique et autres actualit\u00e9s des march\u00e9 publics<\/title>\n<meta name=\"description\" content=\"Le minist\u00e8re de l\u2019\u00e9conomie et des finances a annonc\u00e9 en octobre dernier plusieurs importantes annonces relatives au droit de la commande publique.\" \/>\n<meta name=\"robots\" content=\"index, follow, max-snippet:-1, max-image-preview:large, max-video-preview:-1\" \/>\n<link rel=\"canonical\" href=\"https:\/\/www.legalvision.fr\/guides-juridiques\/actualite-juridique\/actualites-marche-publics\/\" \/>\n<meta property=\"og:locale\" content=\"fr_FR\" \/>\n<meta property=\"og:type\" content=\"article\" \/>\n<meta property=\"og:title\" content=\"Code de la commande publique et autres actualit\u00e9s des march\u00e9 publics\" \/>\n<meta property=\"og:description\" content=\"Le minist\u00e8re de l\u2019\u00e9conomie et des finances a annonc\u00e9 en octobre dernier plusieurs importantes annonces relatives au droit de la commande publique.\" \/>\n<meta property=\"og:url\" content=\"https:\/\/www.legalvision.fr\/guides-juridiques\/actualite-juridique\/actualites-marche-publics\/\" \/>\n<meta property=\"og:site_name\" content=\"Guides juridiques\" \/>\n<meta property=\"article:published_time\" content=\"2018-12-07T06:30:30+00:00\" \/>\n<meta property=\"article:modified_time\" content=\"2022-03-27T19:21:04+00:00\" \/>\n<meta property=\"og:image\" content=\"https:\/\/www.legalvision.fr\/guides-juridiques\/wp-content\/uploads\/2018\/12\/Commande-min.jpg\" \/>\n\t<meta property=\"og:image:width\" content=\"958\" \/>\n\t<meta property=\"og:image:height\" content=\"350\" \/>\n\t<meta property=\"og:image:type\" content=\"image\/jpeg\" \/>\n<meta name=\"author\" content=\"William Lebrun\" \/>\n<meta name=\"twitter:card\" content=\"summary_large_image\" \/>\n<meta name=\"twitter:label1\" content=\"\u00c9crit par\" \/>\n\t<meta name=\"twitter:data1\" content=\"William Lebrun\" \/>\n\t<meta name=\"twitter:label2\" content=\"Dur\u00e9e de lecture estim\u00e9e\" \/>\n\t<meta name=\"twitter:data2\" content=\"4 minutes\" \/>\n<script type=\"application\/ld+json\" class=\"yoast-schema-graph\">{\"@context\":\"https:\/\/schema.org\",\"@graph\":[{\"@type\":\"Article\",\"@id\":\"https:\/\/www.legalvision.fr\/guides-juridiques\/actualite-juridique\/actualites-marche-publics\/#article\",\"isPartOf\":{\"@id\":\"https:\/\/www.legalvision.fr\/guides-juridiques\/actualite-juridique\/actualites-marche-publics\/\"},\"author\":{\"name\":\"William Lebrun\",\"@id\":\"https:\/\/www.legalvision.fr\/guides-juridiques\/#\/schema\/person\/3d24d0c20575138ed212b2e4b6f7b4b0\"},\"headline\":\"Code de la commande publique et autres actualit\u00e9s des march\u00e9 publics\",\"datePublished\":\"2018-12-07T06:30:30+00:00\",\"dateModified\":\"2022-03-27T19:21:04+00:00\",\"mainEntityOfPage\":{\"@id\":\"https:\/\/www.legalvision.fr\/guides-juridiques\/actualite-juridique\/actualites-marche-publics\/\"},\"wordCount\":759,\"commentCount\":0,\"publisher\":{\"@id\":\"https:\/\/www.legalvision.fr\/guides-juridiques\/#organization\"},\"image\":{\"@id\":\"https:\/\/www.legalvision.fr\/guides-juridiques\/actualite-juridique\/actualites-marche-publics\/#primaryimage\"},\"thumbnailUrl\":\"https:\/\/www.legalvision.fr\/guides-juridiques\/wp-content\/uploads\/2018\/12\/Commande-min.jpg\",\"articleSection\":[\"Actualit\u00e9 juridique\"],\"inLanguage\":\"fr-FR\",\"potentialAction\":[{\"@type\":\"CommentAction\",\"name\":\"Comment\",\"target\":[\"https:\/\/www.legalvision.fr\/guides-juridiques\/actualite-juridique\/actualites-marche-publics\/#respond\"]}]},{\"@type\":\"WebPage\",\"@id\":\"https:\/\/www.legalvision.fr\/guides-juridiques\/actualite-juridique\/actualites-marche-publics\/\",\"url\":\"https:\/\/www.legalvision.fr\/guides-juridiques\/actualite-juridique\/actualites-marche-publics\/\",\"name\":\"Code de la commande publique et autres actualit\u00e9s des march\u00e9 publics\",\"isPartOf\":{\"@id\":\"https:\/\/www.legalvision.fr\/guides-juridiques\/#website\"},\"primaryImageOfPage\":{\"@id\":\"https:\/\/www.legalvision.fr\/guides-juridiques\/actualite-juridique\/actualites-marche-publics\/#primaryimage\"},\"image\":{\"@id\":\"https:\/\/www.legalvision.fr\/guides-juridiques\/actualite-juridique\/actualites-marche-publics\/#primaryimage\"},\"thumbnailUrl\":\"https:\/\/www.legalvision.fr\/guides-juridiques\/wp-content\/uploads\/2018\/12\/Commande-min.jpg\",\"datePublished\":\"2018-12-07T06:30:30+00:00\",\"dateModified\":\"2022-03-27T19:21:04+00:00\",\"description\":\"Le minist\u00e8re de l\u2019\u00e9conomie et des finances a annonc\u00e9 en octobre dernier plusieurs importantes annonces relatives au droit de la commande publique.\",\"breadcrumb\":{\"@id\":\"https:\/\/www.legalvision.fr\/guides-juridiques\/actualite-juridique\/actualites-marche-publics\/#breadcrumb\"},\"inLanguage\":\"fr-FR\",\"potentialAction\":[{\"@type\":\"ReadAction\",\"target\":[\"https:\/\/www.legalvision.fr\/guides-juridiques\/actualite-juridique\/actualites-marche-publics\/\"]}]},{\"@type\":\"ImageObject\",\"inLanguage\":\"fr-FR\",\"@id\":\"https:\/\/www.legalvision.fr\/guides-juridiques\/actualite-juridique\/actualites-marche-publics\/#primaryimage\",\"url\":\"https:\/\/www.legalvision.fr\/guides-juridiques\/wp-content\/uploads\/2018\/12\/Commande-min.jpg\",\"contentUrl\":\"https:\/\/www.legalvision.fr\/guides-juridiques\/wp-content\/uploads\/2018\/12\/Commande-min.jpg\",\"width\":958,\"height\":350,\"caption\":\"Commande\"},{\"@type\":\"BreadcrumbList\",\"@id\":\"https:\/\/www.legalvision.fr\/guides-juridiques\/actualite-juridique\/actualites-marche-publics\/#breadcrumb\",\"itemListElement\":[{\"@type\":\"ListItem\",\"position\":1,\"name\":\"Accueil\",\"item\":\"https:\/\/www.legalvision.fr\/guides-juridiques\/\"},{\"@type\":\"ListItem\",\"position\":2,\"name\":\"Actualit\u00e9 juridique\",\"item\":\"https:\/\/www.legalvision.fr\/guides-juridiques\/actualite-juridique\/\"},{\"@type\":\"ListItem\",\"position\":3,\"name\":\"Code de la commande publique et autres actualit\u00e9s des march\u00e9 publics\"}]},{\"@type\":\"WebSite\",\"@id\":\"https:\/\/www.legalvision.fr\/guides-juridiques\/#website\",\"url\":\"https:\/\/www.legalvision.fr\/guides-juridiques\/\",\"name\":\"Guides juridiques\",\"description\":\"L&#039;information juridique \u00e0 destination des entreprises et TPE\",\"publisher\":{\"@id\":\"https:\/\/www.legalvision.fr\/guides-juridiques\/#organization\"},\"potentialAction\":[{\"@type\":\"SearchAction\",\"target\":{\"@type\":\"EntryPoint\",\"urlTemplate\":\"https:\/\/www.legalvision.fr\/guides-juridiques\/?s={search_term_string}\"},\"query-input\":{\"@type\":\"PropertyValueSpecification\",\"valueRequired\":true,\"valueName\":\"search_term_string\"}}],\"inLanguage\":\"fr-FR\"},{\"@type\":\"Organization\",\"@id\":\"https:\/\/www.legalvision.fr\/guides-juridiques\/#organization\",\"name\":\"Guides juridiques\",\"url\":\"https:\/\/www.legalvision.fr\/guides-juridiques\/\",\"logo\":{\"@type\":\"ImageObject\",\"inLanguage\":\"fr-FR\",\"@id\":\"https:\/\/www.legalvision.fr\/guides-juridiques\/#\/schema\/logo\/image\/\",\"url\":\"https:\/\/www.legalvision.fr\/guides-juridiques\/wp-content\/uploads\/2022\/10\/LV-Logotype.png\",\"contentUrl\":\"https:\/\/www.legalvision.fr\/guides-juridiques\/wp-content\/uploads\/2022\/10\/LV-Logotype.png\",\"width\":647,\"height\":125,\"caption\":\"Guides juridiques\"},\"image\":{\"@id\":\"https:\/\/www.legalvision.fr\/guides-juridiques\/#\/schema\/logo\/image\/\"}},{\"@type\":\"Person\",\"@id\":\"https:\/\/www.legalvision.fr\/guides-juridiques\/#\/schema\/person\/3d24d0c20575138ed212b2e4b6f7b4b0\",\"name\":\"William Lebrun\",\"image\":{\"@type\":\"ImageObject\",\"inLanguage\":\"fr-FR\",\"@id\":\"https:\/\/www.legalvision.fr\/guides-juridiques\/#\/schema\/person\/image\/\",\"url\":\"https:\/\/www.legalvision.fr\/guides-juridiques\/wp-content\/uploads\/2023\/07\/cropped-homme1-96x96.png\",\"contentUrl\":\"https:\/\/www.legalvision.fr\/guides-juridiques\/wp-content\/uploads\/2023\/07\/cropped-homme1-96x96.png\",\"caption\":\"William Lebrun\"},\"description\":\"B\u00e9n\u00e9ficiant de la formation d'un double dipl\u00f4me en droit des affaires et en \u00e9cole de commerce, j'ai un fort attrait pour le droit des soci\u00e9t\u00e9s. Je r\u00e9dige des articles pour vous aider sur vos probl\u00e9matiques.\",\"url\":\"https:\/\/www.legalvision.fr\/guides-juridiques\/author\/aina-rakoto\/\"}]}<\/script>\n<!-- \/ Yoast SEO plugin. -->","yoast_head_json":{"title":"Code de la commande publique et autres actualit\u00e9s des march\u00e9 publics","description":"Le minist\u00e8re de l\u2019\u00e9conomie et des finances a annonc\u00e9 en octobre dernier plusieurs importantes annonces relatives au droit de la commande publique.","robots":{"index":"index","follow":"follow","max-snippet":"max-snippet:-1","max-image-preview":"max-image-preview:large","max-video-preview":"max-video-preview:-1"},"canonical":"https:\/\/www.legalvision.fr\/guides-juridiques\/actualite-juridique\/actualites-marche-publics\/","og_locale":"fr_FR","og_type":"article","og_title":"Code de la commande publique et autres actualit\u00e9s des march\u00e9 publics","og_description":"Le minist\u00e8re de l\u2019\u00e9conomie et des finances a annonc\u00e9 en octobre dernier plusieurs importantes annonces relatives au droit de la commande publique.","og_url":"https:\/\/www.legalvision.fr\/guides-juridiques\/actualite-juridique\/actualites-marche-publics\/","og_site_name":"Guides juridiques","article_published_time":"2018-12-07T06:30:30+00:00","article_modified_time":"2022-03-27T19:21:04+00:00","og_image":[{"width":958,"height":350,"url":"https:\/\/www.legalvision.fr\/guides-juridiques\/wp-content\/uploads\/2018\/12\/Commande-min.jpg","type":"image\/jpeg"}],"author":"William Lebrun","twitter_card":"summary_large_image","twitter_misc":{"\u00c9crit par":"William Lebrun","Dur\u00e9e de lecture estim\u00e9e":"4 minutes"},"schema":{"@context":"https:\/\/schema.org","@graph":[{"@type":"Article","@id":"https:\/\/www.legalvision.fr\/guides-juridiques\/actualite-juridique\/actualites-marche-publics\/#article","isPartOf":{"@id":"https:\/\/www.legalvision.fr\/guides-juridiques\/actualite-juridique\/actualites-marche-publics\/"},"author":{"name":"William Lebrun","@id":"https:\/\/www.legalvision.fr\/guides-juridiques\/#\/schema\/person\/3d24d0c20575138ed212b2e4b6f7b4b0"},"headline":"Code de la commande publique et autres actualit\u00e9s des march\u00e9 publics","datePublished":"2018-12-07T06:30:30+00:00","dateModified":"2022-03-27T19:21:04+00:00","mainEntityOfPage":{"@id":"https:\/\/www.legalvision.fr\/guides-juridiques\/actualite-juridique\/actualites-marche-publics\/"},"wordCount":759,"commentCount":0,"publisher":{"@id":"https:\/\/www.legalvision.fr\/guides-juridiques\/#organization"},"image":{"@id":"https:\/\/www.legalvision.fr\/guides-juridiques\/actualite-juridique\/actualites-marche-publics\/#primaryimage"},"thumbnailUrl":"https:\/\/www.legalvision.fr\/guides-juridiques\/wp-content\/uploads\/2018\/12\/Commande-min.jpg","articleSection":["Actualit\u00e9 juridique"],"inLanguage":"fr-FR","potentialAction":[{"@type":"CommentAction","name":"Comment","target":["https:\/\/www.legalvision.fr\/guides-juridiques\/actualite-juridique\/actualites-marche-publics\/#respond"]}]},{"@type":"WebPage","@id":"https:\/\/www.legalvision.fr\/guides-juridiques\/actualite-juridique\/actualites-marche-publics\/","url":"https:\/\/www.legalvision.fr\/guides-juridiques\/actualite-juridique\/actualites-marche-publics\/","name":"Code de la commande publique et autres actualit\u00e9s des march\u00e9 publics","isPartOf":{"@id":"https:\/\/www.legalvision.fr\/guides-juridiques\/#website"},"primaryImageOfPage":{"@id":"https:\/\/www.legalvision.fr\/guides-juridiques\/actualite-juridique\/actualites-marche-publics\/#primaryimage"},"image":{"@id":"https:\/\/www.legalvision.fr\/guides-juridiques\/actualite-juridique\/actualites-marche-publics\/#primaryimage"},"thumbnailUrl":"https:\/\/www.legalvision.fr\/guides-juridiques\/wp-content\/uploads\/2018\/12\/Commande-min.jpg","datePublished":"2018-12-07T06:30:30+00:00","dateModified":"2022-03-27T19:21:04+00:00","description":"Le minist\u00e8re de l\u2019\u00e9conomie et des finances a annonc\u00e9 en octobre dernier plusieurs importantes annonces relatives au droit de la commande publique.","breadcrumb":{"@id":"https:\/\/www.legalvision.fr\/guides-juridiques\/actualite-juridique\/actualites-marche-publics\/#breadcrumb"},"inLanguage":"fr-FR","potentialAction":[{"@type":"ReadAction","target":["https:\/\/www.legalvision.fr\/guides-juridiques\/actualite-juridique\/actualites-marche-publics\/"]}]},{"@type":"ImageObject","inLanguage":"fr-FR","@id":"https:\/\/www.legalvision.fr\/guides-juridiques\/actualite-juridique\/actualites-marche-publics\/#primaryimage","url":"https:\/\/www.legalvision.fr\/guides-juridiques\/wp-content\/uploads\/2018\/12\/Commande-min.jpg","contentUrl":"https:\/\/www.legalvision.fr\/guides-juridiques\/wp-content\/uploads\/2018\/12\/Commande-min.jpg","width":958,"height":350,"caption":"Commande"},{"@type":"BreadcrumbList","@id":"https:\/\/www.legalvision.fr\/guides-juridiques\/actualite-juridique\/actualites-marche-publics\/#breadcrumb","itemListElement":[{"@type":"ListItem","position":1,"name":"Accueil","item":"https:\/\/www.legalvision.fr\/guides-juridiques\/"},{"@type":"ListItem","position":2,"name":"Actualit\u00e9 juridique","item":"https:\/\/www.legalvision.fr\/guides-juridiques\/actualite-juridique\/"},{"@type":"ListItem","position":3,"name":"Code de la commande publique et autres actualit\u00e9s des march\u00e9 publics"}]},{"@type":"WebSite","@id":"https:\/\/www.legalvision.fr\/guides-juridiques\/#website","url":"https:\/\/www.legalvision.fr\/guides-juridiques\/","name":"Guides juridiques","description":"L&#039;information juridique \u00e0 destination des entreprises et TPE","publisher":{"@id":"https:\/\/www.legalvision.fr\/guides-juridiques\/#organization"},"potentialAction":[{"@type":"SearchAction","target":{"@type":"EntryPoint","urlTemplate":"https:\/\/www.legalvision.fr\/guides-juridiques\/?s={search_term_string}"},"query-input":{"@type":"PropertyValueSpecification","valueRequired":true,"valueName":"search_term_string"}}],"inLanguage":"fr-FR"},{"@type":"Organization","@id":"https:\/\/www.legalvision.fr\/guides-juridiques\/#organization","name":"Guides juridiques","url":"https:\/\/www.legalvision.fr\/guides-juridiques\/","logo":{"@type":"ImageObject","inLanguage":"fr-FR","@id":"https:\/\/www.legalvision.fr\/guides-juridiques\/#\/schema\/logo\/image\/","url":"https:\/\/www.legalvision.fr\/guides-juridiques\/wp-content\/uploads\/2022\/10\/LV-Logotype.png","contentUrl":"https:\/\/www.legalvision.fr\/guides-juridiques\/wp-content\/uploads\/2022\/10\/LV-Logotype.png","width":647,"height":125,"caption":"Guides juridiques"},"image":{"@id":"https:\/\/www.legalvision.fr\/guides-juridiques\/#\/schema\/logo\/image\/"}},{"@type":"Person","@id":"https:\/\/www.legalvision.fr\/guides-juridiques\/#\/schema\/person\/3d24d0c20575138ed212b2e4b6f7b4b0","name":"William Lebrun","image":{"@type":"ImageObject","inLanguage":"fr-FR","@id":"https:\/\/www.legalvision.fr\/guides-juridiques\/#\/schema\/person\/image\/","url":"https:\/\/www.legalvision.fr\/guides-juridiques\/wp-content\/uploads\/2023\/07\/cropped-homme1-96x96.png","contentUrl":"https:\/\/www.legalvision.fr\/guides-juridiques\/wp-content\/uploads\/2023\/07\/cropped-homme1-96x96.png","caption":"William Lebrun"},"description":"B\u00e9n\u00e9ficiant de la formation d'un double dipl\u00f4me en droit des affaires et en \u00e9cole de commerce, j'ai un fort attrait pour le droit des soci\u00e9t\u00e9s. Je r\u00e9dige des articles pour vous aider sur vos probl\u00e9matiques.","url":"https:\/\/www.legalvision.fr\/guides-juridiques\/author\/aina-rakoto\/"}]}},"_links":{"self":[{"href":"https:\/\/www.legalvision.fr\/guides-juridiques\/wp-json\/wp\/v2\/posts\/9228","targetHints":{"allow":["GET"]}}],"collection":[{"href":"https:\/\/www.legalvision.fr\/guides-juridiques\/wp-json\/wp\/v2\/posts"}],"about":[{"href":"https:\/\/www.legalvision.fr\/guides-juridiques\/wp-json\/wp\/v2\/types\/post"}],"author":[{"embeddable":true,"href":"https:\/\/www.legalvision.fr\/guides-juridiques\/wp-json\/wp\/v2\/users\/30"}],"replies":[{"embeddable":true,"href":"https:\/\/www.legalvision.fr\/guides-juridiques\/wp-json\/wp\/v2\/comments?post=9228"}],"version-history":[{"count":0,"href":"https:\/\/www.legalvision.fr\/guides-juridiques\/wp-json\/wp\/v2\/posts\/9228\/revisions"}],"wp:featuredmedia":[{"embeddable":true,"href":"https:\/\/www.legalvision.fr\/guides-juridiques\/wp-json\/wp\/v2\/media\/23985"}],"wp:attachment":[{"href":"https:\/\/www.legalvision.fr\/guides-juridiques\/wp-json\/wp\/v2\/media?parent=9228"}],"wp:term":[{"taxonomy":"category","embeddable":true,"href":"https:\/\/www.legalvision.fr\/guides-juridiques\/wp-json\/wp\/v2\/categories?post=9228"},{"taxonomy":"post_tag","embeddable":true,"href":"https:\/\/www.legalvision.fr\/guides-juridiques\/wp-json\/wp\/v2\/tags?post=9228"}],"curies":[{"name":"wp","href":"https:\/\/api.w.org\/{rel}","templated":true}]}}