{"id":916,"date":"2017-06-29T13:27:43","date_gmt":"2017-06-29T12:27:43","guid":{"rendered":"https:\/\/blog.legalvision.fr\/?p=916"},"modified":"2022-03-27T21:21:15","modified_gmt":"2022-03-27T19:21:15","slug":"sorganiser-conges-de-lete","status":"publish","type":"post","link":"https:\/\/www.legalvision.fr\/guides-juridiques\/droit-du-travail\/sorganiser-conges-de-lete\/","title":{"rendered":"Comment s&rsquo;organiser pour les cong\u00e9s de l&rsquo;\u00e9t\u00e9 ?"},"content":{"rendered":"<p>Fermer son entreprise durant l\u2019\u00e9t\u00e9 ou non, ce choix revient enti\u00e8rement au dirigeant concernant les cong\u00e9s de l&rsquo;\u00e9t\u00e9. Si les uns d\u00e9cident de baisser leur rideau &#8211; plus sp\u00e9cifiquement en ao\u00fbt -, d\u2019autres pr\u00e9f\u00e8rent <strong>maintenir leur activit\u00e9<\/strong>. Il faut savoir qu\u2019aucune loi n\u2019impose l\u2019adoption d\u2019une d\u00e9cision \u00e0 propos des vacances. Mais, quelle que soit la d\u00e9cision prise par le chef d\u2019entreprise, <strong>une organisation des cong\u00e9s de l&rsquo;\u00e9t\u00e9 sur le plan l\u00e9gal et administratif est \u00e0 suivre<\/strong>.<\/p>\n<p><strong>Sommaire :\u00a0<\/strong><\/p>\n<p><a href=\"#1\"><strong>En cas de fermeture des portes de l&rsquo;entreprise<\/strong><\/a><br \/>\n<a href=\"#2\"><strong>En cas de maintien de l&rsquo;activit\u00e9 durant l&rsquo;\u00e9t\u00e9<\/strong><\/a>\n<\/p>\n<div class=\"wp-block-button\" style=\"text-align:center;\"><a class=\"wp-block-button__link has-background\" href=\"https:\/\/www.legalvision.fr\/tous-les-services\/\">Voir les services LegalVision<\/a><\/div>\n<h2 id=\"1\">En cas de fermeture des portes de l&rsquo;entreprise<\/h2>\n<h3 style=\"text-align: justify;\">\u00a0Accorder simultan\u00e9ment les cong\u00e9s de l&rsquo;\u00e9t\u00e9 aux salari\u00e9s<\/h3>\n<p style=\"text-align: justify;\">Si le dirigeant d\u2019entreprise d\u00e9cide de fermer l\u2019entreprise durant l\u2019\u00e9t\u00e9, il est dans l\u2019obligation d\u2019<strong>imposer des dates de cong\u00e9 aux salari\u00e9s<\/strong>. Toutefois, les dates de d\u00e9part en cong\u00e9s annuels doivent \u00eatre consult\u00e9es avec le comit\u00e9 d\u2019entreprise par voie d\u2019\u00e9lection. Mais, \u00e0 d\u00e9faut de dispositions conventionnelles, il est imp\u00e9ratif que les d\u00e9l\u00e9gu\u00e9s de personnel soient consult\u00e9s. Une fois la d\u00e9cision prise, le dirigeant doit l\u2019annoncer officiellement, de pr\u00e9f\u00e9rence par \u00e9crit, au moins dans un d\u00e9lai de 1 mois \u00e0 l\u2019avance. Au plus tard le 1er mars de la m\u00eame ann\u00e9e.<\/p>\n<h3 style=\"text-align: justify;\">\u00a0Prendre des dispositions envers les nouvelles recrues<\/h3>\n<p style=\"text-align: justify;\">En effet, les nouveaux salari\u00e9s peuvent <strong>ne pas disposer de droits acquis suffisants pour \u00eatre r\u00e9mun\u00e9r\u00e9s durant la p\u00e9riode de fermeture<\/strong>. Auparavant, ils pouvaient b\u00e9n\u00e9ficier d\u2019une allocation de ch\u00f4mage partiel cong\u00e9s pay\u00e9s. Mais, comme le dispositif a \u00e9t\u00e9 supprim\u00e9 en 2013, les salari\u00e9s n\u2019ont plus droit \u00e0 une compensation financi\u00e8re.<\/p>\n<p>Cependant, deux solutions sont envisageables \u00e0 cet effet. D\u2019une part, l\u2019employeur peut proposer \u00e0 ces derniers de <strong>prendre des jours de cong\u00e9 par anticipation<\/strong>, sans pour autant les imposer. D\u2019autre part, il peut solliciter une aide financi\u00e8re pour cong\u00e9s non pay\u00e9s aupr\u00e8s de P\u00f4le Emploi. Et pour en b\u00e9n\u00e9ficier, le salari\u00e9 doit effectuer une demande aupr\u00e8s de l\u2019agence dont il d\u00e9pend.<\/p>\n<h2 id=\"2\">En cas de maintien de l&rsquo;activit\u00e9 durant l&rsquo;\u00e9t\u00e9<\/h2>\n<h3 style=\"text-align: justify;\">\u00a0Accorder des cong\u00e9s par \u00e9chelonnement<\/h3>\n<p style=\"text-align: justify;\">Force est de rappeler qu\u2019un salari\u00e9 dispose de 2,5 jours de cong\u00e9 par mois, 30 jours de cong\u00e9 pay\u00e9 dans l\u2019ann\u00e9e. Et <a href=\"https:\/\/blog.legalvision.fr\/2017\/06\/22\/loi-travail-les-conges-payes\/\" target=\"_blank\" rel=\"noopener noreferrer\">avec la nouvelle loi Travail<\/a>, la p\u00e9riode de r\u00e9f\u00e9rence du 1er juin N au 31 mai\u00a0N+1 est d\u00e9sormais modifiable. Si le chef d\u2019entreprise d\u00e9cide de poursuivre son exploitation durant l\u2019\u00e9t\u00e9, la <strong>mise en place d\u2019un \u00e9chelonnement de vacances ou de cong\u00e9s aux salari\u00e9s<\/strong> s\u2019impose.<\/p>\n<p>Dans ce cas, le dirigeant doit communiquer <strong>les dates de cong\u00e9s de l&rsquo;\u00e9t\u00e9<\/strong> \u00e0 chaque salari\u00e9 au moins un mois \u00e0 l\u2019avance. Par ailleurs, il faut dire qu\u2019en temps de crise, la fermeture de l\u2019entreprise se r\u00e9v\u00e8le b\u00e9n\u00e9fique, parce que les compteurs de cong\u00e9s sont sold\u00e9s en grande partie, et que les salari\u00e9s puissent revenir requinqu\u00e9s.<\/p>\n<h3 style=\"text-align: justify;\">\u00a0R\u00e9organiser l\u2019activit\u00e9 en interne<\/h3>\n<p style=\"text-align: justify;\">Avec <strong>l\u2019\u00e9chelonnement des cong\u00e9s de l&rsquo;\u00e9t\u00e9<\/strong>, l\u2019effectif pr\u00e9sent dans l\u2019entreprise en p\u00e9riode estivale est r\u00e9duit. Par cons\u00e9quent, il faudrait une bonne organisation interne afin que les activit\u00e9s de l\u2019entreprise ne tournent pas au ralenti.<br \/>\nDans certaines structures, les dirigeants choisissent de faire fonctionner leurs services en bin\u00f4me. C\u2019est le cas d&rsquo;une soci\u00e9t\u00e9 suisse sp\u00e9cialis\u00e9e dans l\u2019impression num\u00e9rique. Donc, lorsqu&rsquo;un employ\u00e9 s\u2019absente, le second assure une permanence. La polyvalence et les comp\u00e9tences transversales des salari\u00e9s sont ainsi indispensables pour accomplir les t\u00e2ches.<br \/>\nEn outre, il est demand\u00e9 aux salari\u00e9s de <strong>laisser un message d\u2019absence ainsi qu\u2019une date de retour \u00e0 leurs contacts professionnels<\/strong> durant leurs cong\u00e9s de l&rsquo;\u00e9t\u00e9. Sinon, rediriger ces derniers vers d\u2019autres coll\u00e8gues pouvant assurer la permanence. Que ce soit par e-mail ou sur r\u00e9pondeur.<\/p>\n<p><\/p>\n<div class=\"wp-block-button\" style=\"text-align:center;\"><a class=\"wp-block-button__link has-background\" href=\"https:\/\/www.legalvision.fr\/tous-les-services\/\">Voir les services LegalVision<\/a><\/div>\n","protected":false},"excerpt":{"rendered":"<p>Fermer son entreprise durant l\u2019\u00e9t\u00e9 ou non, ce choix revient enti\u00e8rement au dirigeant concernant les cong\u00e9s de l&rsquo;\u00e9t\u00e9. Si les uns d\u00e9cident de baisser leur rideau &#8211; plus sp\u00e9cifiquement en ao\u00fbt -, d\u2019autres pr\u00e9f\u00e8rent maintenir leur activit\u00e9. Il faut savoir qu\u2019aucune loi n\u2019impose l\u2019adoption d\u2019une d\u00e9cision \u00e0 propos des vacances. Mais, quelle que soit la&hellip; <a class=\"more-link\" href=\"https:\/\/www.legalvision.fr\/guides-juridiques\/droit-du-travail\/sorganiser-conges-de-lete\/\">Poursuivre la lecture <span class=\"screen-reader-text\">Comment s&rsquo;organiser pour les cong\u00e9s de l&rsquo;\u00e9t\u00e9 ?<\/span><\/a><\/p>\n","protected":false},"author":4,"featured_media":21563,"comment_status":"open","ping_status":"open","sticky":false,"template":"","format":"standard","meta":{"content-type":"","inline_featured_image":false,"footnotes":""},"categories":[2485],"tags":[],"class_list":["post-916","post","type-post","status-publish","format-standard","has-post-thumbnail","hentry","category-droit-du-travail","entry"],"yoast_head":"<!-- This site is optimized with the Yoast SEO plugin v27.1.1 - https:\/\/yoast.com\/product\/yoast-seo-wordpress\/ -->\n<title>Comment s&#039;organiser pour les cong\u00e9s de l&#039;\u00e9t\u00e9 ? - Guides juridiques<\/title>\n<meta name=\"description\" content=\"Quelle que soit la d\u00e9cision prise par le chef d\u2019entreprise pour les cong\u00e9s de l&#039;\u00e9t\u00e9, une organisation sur le plan l\u00e9gal et administratif est \u00e0 suivre.\" \/>\n<meta name=\"robots\" content=\"index, follow, max-snippet:-1, max-image-preview:large, max-video-preview:-1\" \/>\n<link rel=\"canonical\" href=\"https:\/\/www.legalvision.fr\/guides-juridiques\/droit-du-travail\/sorganiser-conges-de-lete\/\" \/>\n<meta property=\"og:locale\" content=\"fr_FR\" \/>\n<meta property=\"og:type\" content=\"article\" \/>\n<meta property=\"og:title\" content=\"Comment s&#039;organiser pour les cong\u00e9s de l&#039;\u00e9t\u00e9 ? - Guides juridiques\" \/>\n<meta property=\"og:description\" content=\"Quelle que soit la d\u00e9cision prise par le chef d\u2019entreprise pour les cong\u00e9s de l&#039;\u00e9t\u00e9, une organisation sur le plan l\u00e9gal et administratif est \u00e0 suivre.\" \/>\n<meta property=\"og:url\" content=\"https:\/\/www.legalvision.fr\/guides-juridiques\/droit-du-travail\/sorganiser-conges-de-lete\/\" \/>\n<meta property=\"og:site_name\" content=\"Guides juridiques\" \/>\n<meta property=\"article:author\" content=\"https:\/\/www.facebook.com\/legalvision.fr\/\" \/>\n<meta property=\"article:published_time\" content=\"2017-06-29T12:27:43+00:00\" \/>\n<meta property=\"article:modified_time\" content=\"2022-03-27T19:21:15+00:00\" \/>\n<meta property=\"og:image\" content=\"https:\/\/www.legalvision.fr\/guides-juridiques\/wp-content\/uploads\/2017\/06\/organiser-les-cong\u00e9s-l\u00e9t\u00e9.jpg\" \/>\n\t<meta property=\"og:image:width\" content=\"958\" \/>\n\t<meta property=\"og:image:height\" content=\"350\" \/>\n\t<meta property=\"og:image:type\" content=\"image\/jpeg\" \/>\n<meta name=\"author\" content=\"Paola Bourd\" \/>\n<meta name=\"twitter:card\" content=\"summary_large_image\" \/>\n<meta name=\"twitter:creator\" content=\"@https:\/\/twitter.com\/Legalvision_fr\" \/>\n<meta name=\"twitter:label1\" content=\"\u00c9crit par\" \/>\n\t<meta name=\"twitter:data1\" content=\"Paola Bourd\" \/>\n\t<meta name=\"twitter:label2\" content=\"Dur\u00e9e de lecture estim\u00e9e\" \/>\n\t<meta name=\"twitter:data2\" content=\"4 minutes\" \/>\n<script type=\"application\/ld+json\" class=\"yoast-schema-graph\">{\"@context\":\"https:\/\/schema.org\",\"@graph\":[{\"@type\":\"Article\",\"@id\":\"https:\/\/www.legalvision.fr\/guides-juridiques\/droit-du-travail\/sorganiser-conges-de-lete\/#article\",\"isPartOf\":{\"@id\":\"https:\/\/www.legalvision.fr\/guides-juridiques\/droit-du-travail\/sorganiser-conges-de-lete\/\"},\"author\":{\"name\":\"Paola Bourd\",\"@id\":\"https:\/\/www.legalvision.fr\/guides-juridiques\/#\/schema\/person\/77b6c0c34a728c9d3962c49775e58edf\"},\"headline\":\"Comment s&rsquo;organiser pour les cong\u00e9s de l&rsquo;\u00e9t\u00e9 ?\",\"datePublished\":\"2017-06-29T12:27:43+00:00\",\"dateModified\":\"2022-03-27T19:21:15+00:00\",\"mainEntityOfPage\":{\"@id\":\"https:\/\/www.legalvision.fr\/guides-juridiques\/droit-du-travail\/sorganiser-conges-de-lete\/\"},\"wordCount\":730,\"commentCount\":2,\"publisher\":{\"@id\":\"https:\/\/www.legalvision.fr\/guides-juridiques\/#organization\"},\"image\":{\"@id\":\"https:\/\/www.legalvision.fr\/guides-juridiques\/droit-du-travail\/sorganiser-conges-de-lete\/#primaryimage\"},\"thumbnailUrl\":\"https:\/\/www.legalvision.fr\/guides-juridiques\/wp-content\/uploads\/2017\/06\/organiser-les-cong\u00e9s-l\u00e9t\u00e9.jpg\",\"articleSection\":[\"Droit du travail\"],\"inLanguage\":\"fr-FR\",\"potentialAction\":[{\"@type\":\"CommentAction\",\"name\":\"Comment\",\"target\":[\"https:\/\/www.legalvision.fr\/guides-juridiques\/droit-du-travail\/sorganiser-conges-de-lete\/#respond\"]}]},{\"@type\":\"WebPage\",\"@id\":\"https:\/\/www.legalvision.fr\/guides-juridiques\/droit-du-travail\/sorganiser-conges-de-lete\/\",\"url\":\"https:\/\/www.legalvision.fr\/guides-juridiques\/droit-du-travail\/sorganiser-conges-de-lete\/\",\"name\":\"Comment s'organiser pour les cong\u00e9s de l'\u00e9t\u00e9 ? - Guides juridiques\",\"isPartOf\":{\"@id\":\"https:\/\/www.legalvision.fr\/guides-juridiques\/#website\"},\"primaryImageOfPage\":{\"@id\":\"https:\/\/www.legalvision.fr\/guides-juridiques\/droit-du-travail\/sorganiser-conges-de-lete\/#primaryimage\"},\"image\":{\"@id\":\"https:\/\/www.legalvision.fr\/guides-juridiques\/droit-du-travail\/sorganiser-conges-de-lete\/#primaryimage\"},\"thumbnailUrl\":\"https:\/\/www.legalvision.fr\/guides-juridiques\/wp-content\/uploads\/2017\/06\/organiser-les-cong\u00e9s-l\u00e9t\u00e9.jpg\",\"datePublished\":\"2017-06-29T12:27:43+00:00\",\"dateModified\":\"2022-03-27T19:21:15+00:00\",\"description\":\"Quelle que soit la d\u00e9cision prise par le chef d\u2019entreprise pour les cong\u00e9s de l'\u00e9t\u00e9, une organisation sur le plan l\u00e9gal et administratif est \u00e0 suivre.\",\"breadcrumb\":{\"@id\":\"https:\/\/www.legalvision.fr\/guides-juridiques\/droit-du-travail\/sorganiser-conges-de-lete\/#breadcrumb\"},\"inLanguage\":\"fr-FR\",\"potentialAction\":[{\"@type\":\"ReadAction\",\"target\":[\"https:\/\/www.legalvision.fr\/guides-juridiques\/droit-du-travail\/sorganiser-conges-de-lete\/\"]}]},{\"@type\":\"ImageObject\",\"inLanguage\":\"fr-FR\",\"@id\":\"https:\/\/www.legalvision.fr\/guides-juridiques\/droit-du-travail\/sorganiser-conges-de-lete\/#primaryimage\",\"url\":\"https:\/\/www.legalvision.fr\/guides-juridiques\/wp-content\/uploads\/2017\/06\/organiser-les-cong\u00e9s-l\u00e9t\u00e9.jpg\",\"contentUrl\":\"https:\/\/www.legalvision.fr\/guides-juridiques\/wp-content\/uploads\/2017\/06\/organiser-les-cong\u00e9s-l\u00e9t\u00e9.jpg\",\"width\":958,\"height\":350,\"caption\":\"Organiser les cong\u00e9s l'\u00e9t\u00e9\"},{\"@type\":\"BreadcrumbList\",\"@id\":\"https:\/\/www.legalvision.fr\/guides-juridiques\/droit-du-travail\/sorganiser-conges-de-lete\/#breadcrumb\",\"itemListElement\":[{\"@type\":\"ListItem\",\"position\":1,\"name\":\"Accueil\",\"item\":\"https:\/\/www.legalvision.fr\/guides-juridiques\/\"},{\"@type\":\"ListItem\",\"position\":2,\"name\":\"Droit du travail\",\"item\":\"https:\/\/www.legalvision.fr\/guides-juridiques\/droit-du-travail\/\"},{\"@type\":\"ListItem\",\"position\":3,\"name\":\"Comment s&rsquo;organiser pour les cong\u00e9s de l&rsquo;\u00e9t\u00e9 ?\"}]},{\"@type\":\"WebSite\",\"@id\":\"https:\/\/www.legalvision.fr\/guides-juridiques\/#website\",\"url\":\"https:\/\/www.legalvision.fr\/guides-juridiques\/\",\"name\":\"Guides juridiques\",\"description\":\"L&#039;information juridique \u00e0 destination des entreprises et TPE\",\"publisher\":{\"@id\":\"https:\/\/www.legalvision.fr\/guides-juridiques\/#organization\"},\"potentialAction\":[{\"@type\":\"SearchAction\",\"target\":{\"@type\":\"EntryPoint\",\"urlTemplate\":\"https:\/\/www.legalvision.fr\/guides-juridiques\/?s={search_term_string}\"},\"query-input\":{\"@type\":\"PropertyValueSpecification\",\"valueRequired\":true,\"valueName\":\"search_term_string\"}}],\"inLanguage\":\"fr-FR\"},{\"@type\":\"Organization\",\"@id\":\"https:\/\/www.legalvision.fr\/guides-juridiques\/#organization\",\"name\":\"Guides juridiques\",\"url\":\"https:\/\/www.legalvision.fr\/guides-juridiques\/\",\"logo\":{\"@type\":\"ImageObject\",\"inLanguage\":\"fr-FR\",\"@id\":\"https:\/\/www.legalvision.fr\/guides-juridiques\/#\/schema\/logo\/image\/\",\"url\":\"https:\/\/www.legalvision.fr\/guides-juridiques\/wp-content\/uploads\/2022\/10\/LV-Logotype.png\",\"contentUrl\":\"https:\/\/www.legalvision.fr\/guides-juridiques\/wp-content\/uploads\/2022\/10\/LV-Logotype.png\",\"width\":647,\"height\":125,\"caption\":\"Guides juridiques\"},\"image\":{\"@id\":\"https:\/\/www.legalvision.fr\/guides-juridiques\/#\/schema\/logo\/image\/\"}},{\"@type\":\"Person\",\"@id\":\"https:\/\/www.legalvision.fr\/guides-juridiques\/#\/schema\/person\/77b6c0c34a728c9d3962c49775e58edf\",\"name\":\"Paola Bourd\",\"image\":{\"@type\":\"ImageObject\",\"inLanguage\":\"fr-FR\",\"@id\":\"https:\/\/www.legalvision.fr\/guides-juridiques\/#\/schema\/person\/image\/\",\"url\":\"https:\/\/secure.gravatar.com\/avatar\/2192a621346f4ee03fcfa490efe7857a25414b5518ff9b25761bdd9bc968f2f9?s=96&d=mm&r=g\",\"contentUrl\":\"https:\/\/secure.gravatar.com\/avatar\/2192a621346f4ee03fcfa490efe7857a25414b5518ff9b25761bdd9bc968f2f9?s=96&d=mm&r=g\",\"caption\":\"Paola Bourd\"},\"description\":\"Apr\u00e8s 4 ans de droit Paola s'est reconvertie dans le marketing digital et travaille d\u00e9sormais dans la start-up LegalVision, le service de formalit\u00e9s juridiques en ligne. Passionn\u00e9e par le digital et de droit, elle publie des articles sur l'entrepreneuriat et le droit des soci\u00e9t\u00e9s.\",\"sameAs\":[\"https:\/\/www.legalvision.fr\/\",\"https:\/\/www.facebook.com\/legalvision.fr\/\",\"https:\/\/www.instagram.com\/legalvision.fr\/\",\"https:\/\/www.linkedin.com\/company\/legalvision-fr\/\",\"https:\/\/x.com\/https:\/\/twitter.com\/Legalvision_fr\"],\"url\":\"https:\/\/www.legalvision.fr\/guides-juridiques\/author\/paola\/\"}]}<\/script>\n<!-- \/ Yoast SEO plugin. -->","yoast_head_json":{"title":"Comment s'organiser pour les cong\u00e9s de l'\u00e9t\u00e9 ? - Guides juridiques","description":"Quelle que soit la d\u00e9cision prise par le chef d\u2019entreprise pour les cong\u00e9s de l'\u00e9t\u00e9, une organisation sur le plan l\u00e9gal et administratif est \u00e0 suivre.","robots":{"index":"index","follow":"follow","max-snippet":"max-snippet:-1","max-image-preview":"max-image-preview:large","max-video-preview":"max-video-preview:-1"},"canonical":"https:\/\/www.legalvision.fr\/guides-juridiques\/droit-du-travail\/sorganiser-conges-de-lete\/","og_locale":"fr_FR","og_type":"article","og_title":"Comment s'organiser pour les cong\u00e9s de l'\u00e9t\u00e9 ? - Guides juridiques","og_description":"Quelle que soit la d\u00e9cision prise par le chef d\u2019entreprise pour les cong\u00e9s de l'\u00e9t\u00e9, une organisation sur le plan l\u00e9gal et administratif est \u00e0 suivre.","og_url":"https:\/\/www.legalvision.fr\/guides-juridiques\/droit-du-travail\/sorganiser-conges-de-lete\/","og_site_name":"Guides juridiques","article_author":"https:\/\/www.facebook.com\/legalvision.fr\/","article_published_time":"2017-06-29T12:27:43+00:00","article_modified_time":"2022-03-27T19:21:15+00:00","og_image":[{"width":958,"height":350,"url":"https:\/\/www.legalvision.fr\/guides-juridiques\/wp-content\/uploads\/2017\/06\/organiser-les-cong\u00e9s-l\u00e9t\u00e9.jpg","type":"image\/jpeg"}],"author":"Paola Bourd","twitter_card":"summary_large_image","twitter_creator":"@https:\/\/twitter.com\/Legalvision_fr","twitter_misc":{"\u00c9crit par":"Paola Bourd","Dur\u00e9e de lecture estim\u00e9e":"4 minutes"},"schema":{"@context":"https:\/\/schema.org","@graph":[{"@type":"Article","@id":"https:\/\/www.legalvision.fr\/guides-juridiques\/droit-du-travail\/sorganiser-conges-de-lete\/#article","isPartOf":{"@id":"https:\/\/www.legalvision.fr\/guides-juridiques\/droit-du-travail\/sorganiser-conges-de-lete\/"},"author":{"name":"Paola Bourd","@id":"https:\/\/www.legalvision.fr\/guides-juridiques\/#\/schema\/person\/77b6c0c34a728c9d3962c49775e58edf"},"headline":"Comment s&rsquo;organiser pour les cong\u00e9s de l&rsquo;\u00e9t\u00e9 ?","datePublished":"2017-06-29T12:27:43+00:00","dateModified":"2022-03-27T19:21:15+00:00","mainEntityOfPage":{"@id":"https:\/\/www.legalvision.fr\/guides-juridiques\/droit-du-travail\/sorganiser-conges-de-lete\/"},"wordCount":730,"commentCount":2,"publisher":{"@id":"https:\/\/www.legalvision.fr\/guides-juridiques\/#organization"},"image":{"@id":"https:\/\/www.legalvision.fr\/guides-juridiques\/droit-du-travail\/sorganiser-conges-de-lete\/#primaryimage"},"thumbnailUrl":"https:\/\/www.legalvision.fr\/guides-juridiques\/wp-content\/uploads\/2017\/06\/organiser-les-cong\u00e9s-l\u00e9t\u00e9.jpg","articleSection":["Droit du travail"],"inLanguage":"fr-FR","potentialAction":[{"@type":"CommentAction","name":"Comment","target":["https:\/\/www.legalvision.fr\/guides-juridiques\/droit-du-travail\/sorganiser-conges-de-lete\/#respond"]}]},{"@type":"WebPage","@id":"https:\/\/www.legalvision.fr\/guides-juridiques\/droit-du-travail\/sorganiser-conges-de-lete\/","url":"https:\/\/www.legalvision.fr\/guides-juridiques\/droit-du-travail\/sorganiser-conges-de-lete\/","name":"Comment s'organiser pour les cong\u00e9s de l'\u00e9t\u00e9 ? - Guides juridiques","isPartOf":{"@id":"https:\/\/www.legalvision.fr\/guides-juridiques\/#website"},"primaryImageOfPage":{"@id":"https:\/\/www.legalvision.fr\/guides-juridiques\/droit-du-travail\/sorganiser-conges-de-lete\/#primaryimage"},"image":{"@id":"https:\/\/www.legalvision.fr\/guides-juridiques\/droit-du-travail\/sorganiser-conges-de-lete\/#primaryimage"},"thumbnailUrl":"https:\/\/www.legalvision.fr\/guides-juridiques\/wp-content\/uploads\/2017\/06\/organiser-les-cong\u00e9s-l\u00e9t\u00e9.jpg","datePublished":"2017-06-29T12:27:43+00:00","dateModified":"2022-03-27T19:21:15+00:00","description":"Quelle que soit la d\u00e9cision prise par le chef d\u2019entreprise pour les cong\u00e9s de l'\u00e9t\u00e9, une organisation sur le plan l\u00e9gal et administratif est \u00e0 suivre.","breadcrumb":{"@id":"https:\/\/www.legalvision.fr\/guides-juridiques\/droit-du-travail\/sorganiser-conges-de-lete\/#breadcrumb"},"inLanguage":"fr-FR","potentialAction":[{"@type":"ReadAction","target":["https:\/\/www.legalvision.fr\/guides-juridiques\/droit-du-travail\/sorganiser-conges-de-lete\/"]}]},{"@type":"ImageObject","inLanguage":"fr-FR","@id":"https:\/\/www.legalvision.fr\/guides-juridiques\/droit-du-travail\/sorganiser-conges-de-lete\/#primaryimage","url":"https:\/\/www.legalvision.fr\/guides-juridiques\/wp-content\/uploads\/2017\/06\/organiser-les-cong\u00e9s-l\u00e9t\u00e9.jpg","contentUrl":"https:\/\/www.legalvision.fr\/guides-juridiques\/wp-content\/uploads\/2017\/06\/organiser-les-cong\u00e9s-l\u00e9t\u00e9.jpg","width":958,"height":350,"caption":"Organiser les cong\u00e9s l'\u00e9t\u00e9"},{"@type":"BreadcrumbList","@id":"https:\/\/www.legalvision.fr\/guides-juridiques\/droit-du-travail\/sorganiser-conges-de-lete\/#breadcrumb","itemListElement":[{"@type":"ListItem","position":1,"name":"Accueil","item":"https:\/\/www.legalvision.fr\/guides-juridiques\/"},{"@type":"ListItem","position":2,"name":"Droit du travail","item":"https:\/\/www.legalvision.fr\/guides-juridiques\/droit-du-travail\/"},{"@type":"ListItem","position":3,"name":"Comment s&rsquo;organiser pour les cong\u00e9s de l&rsquo;\u00e9t\u00e9 ?"}]},{"@type":"WebSite","@id":"https:\/\/www.legalvision.fr\/guides-juridiques\/#website","url":"https:\/\/www.legalvision.fr\/guides-juridiques\/","name":"Guides juridiques","description":"L&#039;information juridique \u00e0 destination des entreprises et TPE","publisher":{"@id":"https:\/\/www.legalvision.fr\/guides-juridiques\/#organization"},"potentialAction":[{"@type":"SearchAction","target":{"@type":"EntryPoint","urlTemplate":"https:\/\/www.legalvision.fr\/guides-juridiques\/?s={search_term_string}"},"query-input":{"@type":"PropertyValueSpecification","valueRequired":true,"valueName":"search_term_string"}}],"inLanguage":"fr-FR"},{"@type":"Organization","@id":"https:\/\/www.legalvision.fr\/guides-juridiques\/#organization","name":"Guides juridiques","url":"https:\/\/www.legalvision.fr\/guides-juridiques\/","logo":{"@type":"ImageObject","inLanguage":"fr-FR","@id":"https:\/\/www.legalvision.fr\/guides-juridiques\/#\/schema\/logo\/image\/","url":"https:\/\/www.legalvision.fr\/guides-juridiques\/wp-content\/uploads\/2022\/10\/LV-Logotype.png","contentUrl":"https:\/\/www.legalvision.fr\/guides-juridiques\/wp-content\/uploads\/2022\/10\/LV-Logotype.png","width":647,"height":125,"caption":"Guides juridiques"},"image":{"@id":"https:\/\/www.legalvision.fr\/guides-juridiques\/#\/schema\/logo\/image\/"}},{"@type":"Person","@id":"https:\/\/www.legalvision.fr\/guides-juridiques\/#\/schema\/person\/77b6c0c34a728c9d3962c49775e58edf","name":"Paola Bourd","image":{"@type":"ImageObject","inLanguage":"fr-FR","@id":"https:\/\/www.legalvision.fr\/guides-juridiques\/#\/schema\/person\/image\/","url":"https:\/\/secure.gravatar.com\/avatar\/2192a621346f4ee03fcfa490efe7857a25414b5518ff9b25761bdd9bc968f2f9?s=96&d=mm&r=g","contentUrl":"https:\/\/secure.gravatar.com\/avatar\/2192a621346f4ee03fcfa490efe7857a25414b5518ff9b25761bdd9bc968f2f9?s=96&d=mm&r=g","caption":"Paola Bourd"},"description":"Apr\u00e8s 4 ans de droit Paola s'est reconvertie dans le marketing digital et travaille d\u00e9sormais dans la start-up LegalVision, le service de formalit\u00e9s juridiques en ligne. Passionn\u00e9e par le digital et de droit, elle publie des articles sur l'entrepreneuriat et le droit des soci\u00e9t\u00e9s.","sameAs":["https:\/\/www.legalvision.fr\/","https:\/\/www.facebook.com\/legalvision.fr\/","https:\/\/www.instagram.com\/legalvision.fr\/","https:\/\/www.linkedin.com\/company\/legalvision-fr\/","https:\/\/x.com\/https:\/\/twitter.com\/Legalvision_fr"],"url":"https:\/\/www.legalvision.fr\/guides-juridiques\/author\/paola\/"}]}},"_links":{"self":[{"href":"https:\/\/www.legalvision.fr\/guides-juridiques\/wp-json\/wp\/v2\/posts\/916","targetHints":{"allow":["GET"]}}],"collection":[{"href":"https:\/\/www.legalvision.fr\/guides-juridiques\/wp-json\/wp\/v2\/posts"}],"about":[{"href":"https:\/\/www.legalvision.fr\/guides-juridiques\/wp-json\/wp\/v2\/types\/post"}],"author":[{"embeddable":true,"href":"https:\/\/www.legalvision.fr\/guides-juridiques\/wp-json\/wp\/v2\/users\/4"}],"replies":[{"embeddable":true,"href":"https:\/\/www.legalvision.fr\/guides-juridiques\/wp-json\/wp\/v2\/comments?post=916"}],"version-history":[{"count":0,"href":"https:\/\/www.legalvision.fr\/guides-juridiques\/wp-json\/wp\/v2\/posts\/916\/revisions"}],"wp:featuredmedia":[{"embeddable":true,"href":"https:\/\/www.legalvision.fr\/guides-juridiques\/wp-json\/wp\/v2\/media\/21563"}],"wp:attachment":[{"href":"https:\/\/www.legalvision.fr\/guides-juridiques\/wp-json\/wp\/v2\/media?parent=916"}],"wp:term":[{"taxonomy":"category","embeddable":true,"href":"https:\/\/www.legalvision.fr\/guides-juridiques\/wp-json\/wp\/v2\/categories?post=916"},{"taxonomy":"post_tag","embeddable":true,"href":"https:\/\/www.legalvision.fr\/guides-juridiques\/wp-json\/wp\/v2\/tags?post=916"}],"curies":[{"name":"wp","href":"https:\/\/api.w.org\/{rel}","templated":true}]}}