{"id":898,"date":"2017-06-22T13:20:34","date_gmt":"2017-06-22T12:20:34","guid":{"rendered":"https:\/\/blog.legalvision.fr\/?p=898"},"modified":"2022-03-27T21:21:15","modified_gmt":"2022-03-27T19:21:15","slug":"loi-travail-les-conges-payes","status":"publish","type":"post","link":"https:\/\/www.legalvision.fr\/guides-juridiques\/actualite-juridique\/loi-travail-les-conges-payes\/","title":{"rendered":"Les nouveaut\u00e9s de la loi Travail concernant les cong\u00e9s pay\u00e9s"},"content":{"rendered":"<p style=\"text-align: justify;\">Entr\u00e9e en vigueur le 1er janvier 2017, la<a href=\"https:\/\/www.legifrance.gouv.fr\/affichTexte.do?cidTexte=LEGITEXT000033000929&amp;dateTexte=20190309\"> loi Travail<\/a> port\u00e9e par l\u2019ancienne ministre Myriam El Khomri <strong>r\u00e9organise les r\u00e8gles du Code du travail au sein de l\u2019entreprise<\/strong>. Cela concerne les contrats saisonniers, les accords d\u2019entreprise, les comptes personnels d\u2019activit\u00e9s, les heures suppl\u00e9mentaires, le temps de travail, etc. Mais la nouvelle loi modifie \u00e9galement les conditions en mati\u00e8re de cong\u00e9s pay\u00e9s. Tour d\u2019horizon de ce que les employeurs et employ\u00e9s doivent savoir.<\/p>\n<p style=\"text-align: justify;\"><strong>Sommaire :\u00a0<\/strong><\/p>\n<p style=\"text-align: justify;\"><a href=\"#1\"><strong>Des cong\u00e9s pay\u00e9s pouvant \u00eatre pris d\u00e8s l&#8217;embauche<\/strong><\/a><br \/>\n<a href=\"#2\"><strong>Des cong\u00e9s suppl\u00e9mentaires pour les jeunes parents\u00a0<\/strong><\/a><br \/>\n<a href=\"#3\"><strong>Des cong\u00e9s pay\u00e9s \u00e9tendus pour les \u00e9v\u00e9nements familiaux<\/strong><\/a><br \/>\n<a href=\"#4\"><strong>Une nouvelle p\u00e9riode d&rsquo;acquisition de cong\u00e9s possibles<\/strong><\/a><br \/>\n<a href=\"#5\"><strong>La proc\u00e9dure de d\u00e9part en cong\u00e9\u00a0<\/strong><\/a><br \/>\n<a href=\"#6\"><strong>Qu&rsquo;en est-il des cong\u00e9s pay\u00e9s pris en une seule fois ?<\/strong><\/a><br \/>\n<a href=\"#7\"><strong>Un salari\u00e9 licenci\u00e9 a-t-il droit \u00e0 ses cong\u00e9s acquis ?\u00a0<\/strong><\/a><br \/>\n<a href=\"#8\"><strong>Et si l&rsquo;\u00e9tablissement ferme ses portes ?<\/strong><\/a><\/p>\n<div class=\"wp-block-button\" style=\"text-align:center;\"><a class=\"wp-block-button__link has-background\" href=\"https:\/\/www.legalvision.fr\/tous-les-services\/\">Voir les services LegalVision<\/a><\/div>\n<h2 id=\"1\">Des cong\u00e9s pay\u00e9s pouvant \u00eatre pris d\u00e8s l&#8217;embauche<\/h2>\n<p style=\"text-align: justify;\">Auparavant, une nouvelle recrue ne pouvait prendre ses cong\u00e9s qu\u2019\u00e0 l\u2019ouverture des droits. Plus pr\u00e9cis\u00e9ment, <strong>il fallait attendre le 1er juin de l\u2019ann\u00e9e suivante<\/strong> pour poser un jour sauf si l\u2019employeur accorde des cong\u00e9s anticip\u00e9s.<\/p>\n<p>D\u00e9sormais, un salari\u00e9 peut prendre ses premiers jours de cong\u00e9 acquis d\u00e8s les premiers mois de son int\u00e9gration dans l\u2019entreprise (<a href=\"https:\/\/www.legifrance.gouv.fr\/affichCodeArticle.do?idArticle=LEGIARTI000006902649&amp;cidTexte=LEGITEXT000006072050\" target=\"_blank\" rel=\"noopener noreferrer\">article\u00a0L3141-12 du Code du travail<\/a>). Et ce, avec accord de l\u2019employeur.<\/p>\n<p>Par exemple, un employ\u00e9 embauch\u00e9 le 1er juin 2017 pourra poser des cong\u00e9s d\u00e8s le 1er juillet 2017, \u00e0 raison de <strong>2,5 jours\u00a0(droit acquis par mois)<\/strong> s\u2019il le souhaite.<\/p>\n<h2 id=\"2\">Des cong\u00e9s suppl\u00e9mentaires pour les jeunes parents<\/h2>\n<p style=\"text-align: justify;\">Avant la loi Travail du 8 ao\u00fbt 2016, seules les m\u00e8res de famille de moins de 21 ans avaient droit \u00e0 deux jours de cong\u00e9s suppl\u00e9mentaires par enfant \u00e0 charge. D\u00e9sormais, ils sont \u00e9galement <strong>accord\u00e9s aux jeunes p\u00e8res salari\u00e9s de moins de 21 ans<\/strong> (<a href=\"https:\/\/www.legifrance.gouv.fr\/affichCodeArticle.do?idArticle=LEGIARTI000006902645&amp;cidTexte=LEGITEXT000006072050\" target=\"_blank\" rel=\"noopener noreferrer\">article\u00a0L3141-8<\/a>).<\/p>\n<h2 id=\"3\">Des cong\u00e9s pay\u00e9s \u00e9tendus pour les \u00e9v\u00e9nements familiaux<\/h2>\n<p style=\"text-align: justify;\">Par accord collectif, <strong>certains cong\u00e9s sp\u00e9ciaux ont repris les dur\u00e9es ant\u00e9rieures<\/strong>. Toutefois, pour le d\u00e9c\u00e8s d\u2019un membre de la famille, les dur\u00e9es ont \u00e9t\u00e9 allong\u00e9es. S\u2019il s\u2019agit d\u2019un enfant, le parent a droit \u00e0 5 jours de cong\u00e9. S\u2019il s\u2019agit d\u2019un conjoint, le salari\u00e9 a droit \u00e0 3 jours. Pour un parent,\u00a0beau-parent, fr\u00e8re ou s\u0153ur, la dur\u00e9e de cong\u00e9s est de 1 \u00e0 3 jours.<\/p>\n<h2 id=\"4\">Une nouvelle p\u00e9riode d&rsquo;acquisition de cong\u00e9s possible<\/h2>\n<p style=\"text-align: justify;\">En effet, la p\u00e9riode de r\u00e9f\u00e9rence du 1er juin N au 31 mai\u00a0N+1\u00a0n\u2019est plus obligatoire. D\u00e9sormais, <strong>la loi Travail permet la modification de la p\u00e9riode d\u2019acquisition par un simple accord d\u2019entreprise<\/strong>. Ainsi, cela peut \u00eatre port\u00e9 sur une ann\u00e9e civile (du 1er janvier au 31 d\u00e9cembre) par exemple.<\/p>\n<h2 id=\"5\">Les proc\u00e9dures de d\u00e9part en cong\u00e9<\/h2>\n<h3 style=\"text-align: justify;\">L\u2019ordre des d\u00e9parts<\/h3>\n<p style=\"text-align: justify;\">\u00c0 l\u2019origine, c\u2019est l\u2019employeur qui fixe unilat\u00e9ralement l\u2019ordre des d\u00e9parts et la p\u00e9riode de prise de cong\u00e9s. D\u00e9sormais, <strong>la loi Travail lui permet de consulter le comit\u00e9 d\u2019entreprise \u00e0 d\u00e9faut d\u2019accord collectif ou de branche<\/strong>.<\/p>\n<h3 style=\"text-align: justify;\">Les d\u00e9lais de modifications<\/h3>\n<p style=\"text-align: justify;\">Avec la loi Travail, l\u2019employeur et les partenaires sociaux peuvent revenir sur les dates de cong\u00e9s dans un d\u00e9lai plus court fix\u00e9 par accord collectif (<a href=\"https:\/\/www.legifrance.gouv.fr\/affichCodeArticle.do?idArticle=LEGIARTI000006902653&amp;cidTexte=LEGITEXT000006072050\" target=\"_blank\" rel=\"noopener noreferrer\">article\u00a0L3141-16<\/a>). Le <strong>traditionnel d\u00e9lai \u00e9tait d\u2019un mois avant les vacances<\/strong>.<\/p>\n<h2 id=\"6\">Qu&rsquo;en est-il des cong\u00e9s pay\u00e9s pris en une seule fois<\/h2>\n<p style=\"text-align: justify;\">Si un salari\u00e9 accueille dans son foyer un enfant ou un adulte en perte d\u2019autonomie, ou s\u2019il justifie de contraintes g\u00e9ographiques particuli\u00e8res, il est autoris\u00e9 \u00e0 prendre 24 jours de cong\u00e9 \u00e0 la suite (<a href=\"https:\/\/www.legifrance.gouv.fr\/affichCodeArticle.do?idArticle=LEGIARTI000006902654&amp;cidTexte=LEGITEXT000006072050\" target=\"_blank\" rel=\"noopener noreferrer\">article\u00a0L3141-17<\/a>).<\/p>\n<h2 id=\"7\">Un salari\u00e9 licenci\u00e9 a-t-il droit \u00e0 ses cong\u00e9s acquis<\/h2>\n<p style=\"text-align: justify;\">Tout comme les autres employ\u00e9s, <strong>un salari\u00e9 licenci\u00e9 (m\u00eame pour faute lourde) peut d\u00e9sormais toucher l\u2019indemnit\u00e9 compensatrice de cong\u00e9s pay\u00e9s<\/strong>. Et ce, depuis la d\u00e9cision du Conseil constitutionnel du 2 mars 2016. Jusqu\u2019en 2016, cela n\u2019a pas \u00e9t\u00e9 possible.<\/p>\n<h2 id=\"8\">Et si l&rsquo;\u00e9tablissement ferme ses portes ?<\/h2>\n<p style=\"text-align: justify;\">En cas de fermeture de l\u2019entreprise, la loi Travail pr\u00e9voit que <strong>l\u2019employeur peut imposer un fractionnement du cong\u00e9<\/strong> (<a href=\"https:\/\/www.legifrance.gouv.fr\/affichCodeArticle.do?cidTexte=LEGITEXT000006072050&amp;idArticle=LEGIARTI000006902656\" target=\"_blank\" rel=\"noopener noreferrer\">article\u00a0L3141-19<\/a>). Pour cela, ni l\u2019avis des d\u00e9l\u00e9gu\u00e9s du personnel ni l\u2019agr\u00e9ment des salari\u00e9s ne sont n\u00e9cessaires.<\/p>\n<p><\/p>\n<div class=\"wp-block-button\" style=\"text-align:center;\"><a class=\"wp-block-button__link has-background\" href=\"https:\/\/www.legalvision.fr\/tous-les-services\/\">Voir les services LegalVision<\/a><\/div>\n","protected":false},"excerpt":{"rendered":"<p>Entr\u00e9e en vigueur le 1er janvier 2017, la loi Travail port\u00e9e par l\u2019ancienne ministre Myriam El Khomri r\u00e9organise les r\u00e8gles du Code du travail au sein de l\u2019entreprise. Cela concerne les contrats saisonniers, les accords d\u2019entreprise, les comptes personnels d\u2019activit\u00e9s, les heures suppl\u00e9mentaires, le temps de travail, etc. Mais la nouvelle loi modifie \u00e9galement les&hellip; <a class=\"more-link\" href=\"https:\/\/www.legalvision.fr\/guides-juridiques\/actualite-juridique\/loi-travail-les-conges-payes\/\">Poursuivre la lecture <span class=\"screen-reader-text\">Les nouveaut\u00e9s de la loi Travail concernant les cong\u00e9s pay\u00e9s<\/span><\/a><\/p>\n","protected":false},"author":4,"featured_media":21585,"comment_status":"open","ping_status":"open","sticky":false,"template":"","format":"standard","meta":{"content-type":"","inline_featured_image":false,"footnotes":""},"categories":[2475],"tags":[],"class_list":["post-898","post","type-post","status-publish","format-standard","has-post-thumbnail","hentry","category-actualite-juridique","entry"],"yoast_head":"<!-- This site is optimized with the Yoast SEO plugin v27.1.1 - https:\/\/yoast.com\/product\/yoast-seo-wordpress\/ -->\n<title>Cong\u00e9s pay\u00e9s : les nouveaut\u00e9s de la loi Travail - LegalVision Blog<\/title>\n<meta name=\"description\" content=\"Entr\u00e9e en vigueur le 1er janvier 2017, la loi Travail r\u00e9organise les r\u00e8gles du Code du travail au sein de l\u2019entreprise dont notamment les cong\u00e9s pay\u00e9s.\" \/>\n<meta name=\"robots\" content=\"index, follow, max-snippet:-1, max-image-preview:large, max-video-preview:-1\" \/>\n<link rel=\"canonical\" href=\"https:\/\/www.legalvision.fr\/guides-juridiques\/actualite-juridique\/loi-travail-les-conges-payes\/\" \/>\n<meta property=\"og:locale\" content=\"fr_FR\" \/>\n<meta property=\"og:type\" content=\"article\" \/>\n<meta property=\"og:title\" content=\"Cong\u00e9s pay\u00e9s : les nouveaut\u00e9s de la loi Travail - LegalVision Blog\" \/>\n<meta property=\"og:description\" content=\"Entr\u00e9e en vigueur le 1er janvier 2017, la loi Travail r\u00e9organise les r\u00e8gles du Code du travail au sein de l\u2019entreprise dont notamment les cong\u00e9s pay\u00e9s.\" \/>\n<meta property=\"og:url\" content=\"https:\/\/www.legalvision.fr\/guides-juridiques\/actualite-juridique\/loi-travail-les-conges-payes\/\" \/>\n<meta property=\"og:site_name\" content=\"Guides juridiques\" \/>\n<meta property=\"article:author\" content=\"https:\/\/www.facebook.com\/legalvision.fr\/\" \/>\n<meta property=\"article:published_time\" content=\"2017-06-22T12:20:34+00:00\" \/>\n<meta property=\"article:modified_time\" content=\"2022-03-27T19:21:15+00:00\" \/>\n<meta property=\"og:image\" content=\"https:\/\/www.legalvision.fr\/guides-juridiques\/wp-content\/uploads\/2017\/06\/Cong\u00e9s-pay\u00e9s-min.jpg\" \/>\n\t<meta property=\"og:image:width\" content=\"958\" \/>\n\t<meta property=\"og:image:height\" content=\"350\" \/>\n\t<meta property=\"og:image:type\" content=\"image\/jpeg\" \/>\n<meta name=\"author\" content=\"Paola Bourd\" \/>\n<meta name=\"twitter:card\" content=\"summary_large_image\" \/>\n<meta name=\"twitter:creator\" content=\"@https:\/\/twitter.com\/Legalvision_fr\" \/>\n<meta name=\"twitter:label1\" content=\"\u00c9crit par\" \/>\n\t<meta name=\"twitter:data1\" content=\"Paola Bourd\" \/>\n\t<meta name=\"twitter:label2\" content=\"Dur\u00e9e de lecture estim\u00e9e\" \/>\n\t<meta name=\"twitter:data2\" content=\"4 minutes\" \/>\n<script type=\"application\/ld+json\" class=\"yoast-schema-graph\">{\"@context\":\"https:\/\/schema.org\",\"@graph\":[{\"@type\":\"Article\",\"@id\":\"https:\/\/www.legalvision.fr\/guides-juridiques\/actualite-juridique\/loi-travail-les-conges-payes\/#article\",\"isPartOf\":{\"@id\":\"https:\/\/www.legalvision.fr\/guides-juridiques\/actualite-juridique\/loi-travail-les-conges-payes\/\"},\"author\":{\"name\":\"Paola Bourd\",\"@id\":\"https:\/\/www.legalvision.fr\/guides-juridiques\/#\/schema\/person\/77b6c0c34a728c9d3962c49775e58edf\"},\"headline\":\"Les nouveaut\u00e9s de la loi Travail concernant les cong\u00e9s pay\u00e9s\",\"datePublished\":\"2017-06-22T12:20:34+00:00\",\"dateModified\":\"2022-03-27T19:21:15+00:00\",\"mainEntityOfPage\":{\"@id\":\"https:\/\/www.legalvision.fr\/guides-juridiques\/actualite-juridique\/loi-travail-les-conges-payes\/\"},\"wordCount\":789,\"commentCount\":2,\"publisher\":{\"@id\":\"https:\/\/www.legalvision.fr\/guides-juridiques\/#organization\"},\"image\":{\"@id\":\"https:\/\/www.legalvision.fr\/guides-juridiques\/actualite-juridique\/loi-travail-les-conges-payes\/#primaryimage\"},\"thumbnailUrl\":\"https:\/\/www.legalvision.fr\/guides-juridiques\/wp-content\/uploads\/2017\/06\/Cong\u00e9s-pay\u00e9s-min.jpg\",\"articleSection\":[\"Actualit\u00e9 juridique\"],\"inLanguage\":\"fr-FR\",\"potentialAction\":[{\"@type\":\"CommentAction\",\"name\":\"Comment\",\"target\":[\"https:\/\/www.legalvision.fr\/guides-juridiques\/actualite-juridique\/loi-travail-les-conges-payes\/#respond\"]}]},{\"@type\":\"WebPage\",\"@id\":\"https:\/\/www.legalvision.fr\/guides-juridiques\/actualite-juridique\/loi-travail-les-conges-payes\/\",\"url\":\"https:\/\/www.legalvision.fr\/guides-juridiques\/actualite-juridique\/loi-travail-les-conges-payes\/\",\"name\":\"Cong\u00e9s pay\u00e9s : les nouveaut\u00e9s de la loi Travail - LegalVision Blog\",\"isPartOf\":{\"@id\":\"https:\/\/www.legalvision.fr\/guides-juridiques\/#website\"},\"primaryImageOfPage\":{\"@id\":\"https:\/\/www.legalvision.fr\/guides-juridiques\/actualite-juridique\/loi-travail-les-conges-payes\/#primaryimage\"},\"image\":{\"@id\":\"https:\/\/www.legalvision.fr\/guides-juridiques\/actualite-juridique\/loi-travail-les-conges-payes\/#primaryimage\"},\"thumbnailUrl\":\"https:\/\/www.legalvision.fr\/guides-juridiques\/wp-content\/uploads\/2017\/06\/Cong\u00e9s-pay\u00e9s-min.jpg\",\"datePublished\":\"2017-06-22T12:20:34+00:00\",\"dateModified\":\"2022-03-27T19:21:15+00:00\",\"description\":\"Entr\u00e9e en vigueur le 1er janvier 2017, la loi Travail r\u00e9organise les r\u00e8gles du Code du travail au sein de l\u2019entreprise dont notamment les cong\u00e9s pay\u00e9s.\",\"breadcrumb\":{\"@id\":\"https:\/\/www.legalvision.fr\/guides-juridiques\/actualite-juridique\/loi-travail-les-conges-payes\/#breadcrumb\"},\"inLanguage\":\"fr-FR\",\"potentialAction\":[{\"@type\":\"ReadAction\",\"target\":[\"https:\/\/www.legalvision.fr\/guides-juridiques\/actualite-juridique\/loi-travail-les-conges-payes\/\"]}]},{\"@type\":\"ImageObject\",\"inLanguage\":\"fr-FR\",\"@id\":\"https:\/\/www.legalvision.fr\/guides-juridiques\/actualite-juridique\/loi-travail-les-conges-payes\/#primaryimage\",\"url\":\"https:\/\/www.legalvision.fr\/guides-juridiques\/wp-content\/uploads\/2017\/06\/Cong\u00e9s-pay\u00e9s-min.jpg\",\"contentUrl\":\"https:\/\/www.legalvision.fr\/guides-juridiques\/wp-content\/uploads\/2017\/06\/Cong\u00e9s-pay\u00e9s-min.jpg\",\"width\":958,\"height\":350,\"caption\":\"Cong\u00e9s pay\u00e9s\"},{\"@type\":\"BreadcrumbList\",\"@id\":\"https:\/\/www.legalvision.fr\/guides-juridiques\/actualite-juridique\/loi-travail-les-conges-payes\/#breadcrumb\",\"itemListElement\":[{\"@type\":\"ListItem\",\"position\":1,\"name\":\"Accueil\",\"item\":\"https:\/\/www.legalvision.fr\/guides-juridiques\/\"},{\"@type\":\"ListItem\",\"position\":2,\"name\":\"Actualit\u00e9 juridique\",\"item\":\"https:\/\/www.legalvision.fr\/guides-juridiques\/actualite-juridique\/\"},{\"@type\":\"ListItem\",\"position\":3,\"name\":\"Les nouveaut\u00e9s de la loi Travail concernant les cong\u00e9s pay\u00e9s\"}]},{\"@type\":\"WebSite\",\"@id\":\"https:\/\/www.legalvision.fr\/guides-juridiques\/#website\",\"url\":\"https:\/\/www.legalvision.fr\/guides-juridiques\/\",\"name\":\"Guides juridiques\",\"description\":\"L&#039;information juridique \u00e0 destination des entreprises et TPE\",\"publisher\":{\"@id\":\"https:\/\/www.legalvision.fr\/guides-juridiques\/#organization\"},\"potentialAction\":[{\"@type\":\"SearchAction\",\"target\":{\"@type\":\"EntryPoint\",\"urlTemplate\":\"https:\/\/www.legalvision.fr\/guides-juridiques\/?s={search_term_string}\"},\"query-input\":{\"@type\":\"PropertyValueSpecification\",\"valueRequired\":true,\"valueName\":\"search_term_string\"}}],\"inLanguage\":\"fr-FR\"},{\"@type\":\"Organization\",\"@id\":\"https:\/\/www.legalvision.fr\/guides-juridiques\/#organization\",\"name\":\"Guides juridiques\",\"url\":\"https:\/\/www.legalvision.fr\/guides-juridiques\/\",\"logo\":{\"@type\":\"ImageObject\",\"inLanguage\":\"fr-FR\",\"@id\":\"https:\/\/www.legalvision.fr\/guides-juridiques\/#\/schema\/logo\/image\/\",\"url\":\"https:\/\/www.legalvision.fr\/guides-juridiques\/wp-content\/uploads\/2022\/10\/LV-Logotype.png\",\"contentUrl\":\"https:\/\/www.legalvision.fr\/guides-juridiques\/wp-content\/uploads\/2022\/10\/LV-Logotype.png\",\"width\":647,\"height\":125,\"caption\":\"Guides juridiques\"},\"image\":{\"@id\":\"https:\/\/www.legalvision.fr\/guides-juridiques\/#\/schema\/logo\/image\/\"}},{\"@type\":\"Person\",\"@id\":\"https:\/\/www.legalvision.fr\/guides-juridiques\/#\/schema\/person\/77b6c0c34a728c9d3962c49775e58edf\",\"name\":\"Paola Bourd\",\"image\":{\"@type\":\"ImageObject\",\"inLanguage\":\"fr-FR\",\"@id\":\"https:\/\/www.legalvision.fr\/guides-juridiques\/#\/schema\/person\/image\/\",\"url\":\"https:\/\/secure.gravatar.com\/avatar\/2192a621346f4ee03fcfa490efe7857a25414b5518ff9b25761bdd9bc968f2f9?s=96&d=mm&r=g\",\"contentUrl\":\"https:\/\/secure.gravatar.com\/avatar\/2192a621346f4ee03fcfa490efe7857a25414b5518ff9b25761bdd9bc968f2f9?s=96&d=mm&r=g\",\"caption\":\"Paola Bourd\"},\"description\":\"Apr\u00e8s 4 ans de droit Paola s'est reconvertie dans le marketing digital et travaille d\u00e9sormais dans la start-up LegalVision, le service de formalit\u00e9s juridiques en ligne. Passionn\u00e9e par le digital et de droit, elle publie des articles sur l'entrepreneuriat et le droit des soci\u00e9t\u00e9s.\",\"sameAs\":[\"https:\/\/www.legalvision.fr\/\",\"https:\/\/www.facebook.com\/legalvision.fr\/\",\"https:\/\/www.instagram.com\/legalvision.fr\/\",\"https:\/\/www.linkedin.com\/company\/legalvision-fr\/\",\"https:\/\/x.com\/https:\/\/twitter.com\/Legalvision_fr\"],\"url\":\"https:\/\/www.legalvision.fr\/guides-juridiques\/author\/paola\/\"}]}<\/script>\n<!-- \/ Yoast SEO plugin. -->","yoast_head_json":{"title":"Cong\u00e9s pay\u00e9s : les nouveaut\u00e9s de la loi Travail - LegalVision Blog","description":"Entr\u00e9e en vigueur le 1er janvier 2017, la loi Travail r\u00e9organise les r\u00e8gles du Code du travail au sein de l\u2019entreprise dont notamment les cong\u00e9s pay\u00e9s.","robots":{"index":"index","follow":"follow","max-snippet":"max-snippet:-1","max-image-preview":"max-image-preview:large","max-video-preview":"max-video-preview:-1"},"canonical":"https:\/\/www.legalvision.fr\/guides-juridiques\/actualite-juridique\/loi-travail-les-conges-payes\/","og_locale":"fr_FR","og_type":"article","og_title":"Cong\u00e9s pay\u00e9s : les nouveaut\u00e9s de la loi Travail - LegalVision Blog","og_description":"Entr\u00e9e en vigueur le 1er janvier 2017, la loi Travail r\u00e9organise les r\u00e8gles du Code du travail au sein de l\u2019entreprise dont notamment les cong\u00e9s pay\u00e9s.","og_url":"https:\/\/www.legalvision.fr\/guides-juridiques\/actualite-juridique\/loi-travail-les-conges-payes\/","og_site_name":"Guides juridiques","article_author":"https:\/\/www.facebook.com\/legalvision.fr\/","article_published_time":"2017-06-22T12:20:34+00:00","article_modified_time":"2022-03-27T19:21:15+00:00","og_image":[{"width":958,"height":350,"url":"https:\/\/www.legalvision.fr\/guides-juridiques\/wp-content\/uploads\/2017\/06\/Cong\u00e9s-pay\u00e9s-min.jpg","type":"image\/jpeg"}],"author":"Paola Bourd","twitter_card":"summary_large_image","twitter_creator":"@https:\/\/twitter.com\/Legalvision_fr","twitter_misc":{"\u00c9crit par":"Paola Bourd","Dur\u00e9e de lecture estim\u00e9e":"4 minutes"},"schema":{"@context":"https:\/\/schema.org","@graph":[{"@type":"Article","@id":"https:\/\/www.legalvision.fr\/guides-juridiques\/actualite-juridique\/loi-travail-les-conges-payes\/#article","isPartOf":{"@id":"https:\/\/www.legalvision.fr\/guides-juridiques\/actualite-juridique\/loi-travail-les-conges-payes\/"},"author":{"name":"Paola Bourd","@id":"https:\/\/www.legalvision.fr\/guides-juridiques\/#\/schema\/person\/77b6c0c34a728c9d3962c49775e58edf"},"headline":"Les nouveaut\u00e9s de la loi Travail concernant les cong\u00e9s pay\u00e9s","datePublished":"2017-06-22T12:20:34+00:00","dateModified":"2022-03-27T19:21:15+00:00","mainEntityOfPage":{"@id":"https:\/\/www.legalvision.fr\/guides-juridiques\/actualite-juridique\/loi-travail-les-conges-payes\/"},"wordCount":789,"commentCount":2,"publisher":{"@id":"https:\/\/www.legalvision.fr\/guides-juridiques\/#organization"},"image":{"@id":"https:\/\/www.legalvision.fr\/guides-juridiques\/actualite-juridique\/loi-travail-les-conges-payes\/#primaryimage"},"thumbnailUrl":"https:\/\/www.legalvision.fr\/guides-juridiques\/wp-content\/uploads\/2017\/06\/Cong\u00e9s-pay\u00e9s-min.jpg","articleSection":["Actualit\u00e9 juridique"],"inLanguage":"fr-FR","potentialAction":[{"@type":"CommentAction","name":"Comment","target":["https:\/\/www.legalvision.fr\/guides-juridiques\/actualite-juridique\/loi-travail-les-conges-payes\/#respond"]}]},{"@type":"WebPage","@id":"https:\/\/www.legalvision.fr\/guides-juridiques\/actualite-juridique\/loi-travail-les-conges-payes\/","url":"https:\/\/www.legalvision.fr\/guides-juridiques\/actualite-juridique\/loi-travail-les-conges-payes\/","name":"Cong\u00e9s pay\u00e9s : les nouveaut\u00e9s de la loi Travail - LegalVision Blog","isPartOf":{"@id":"https:\/\/www.legalvision.fr\/guides-juridiques\/#website"},"primaryImageOfPage":{"@id":"https:\/\/www.legalvision.fr\/guides-juridiques\/actualite-juridique\/loi-travail-les-conges-payes\/#primaryimage"},"image":{"@id":"https:\/\/www.legalvision.fr\/guides-juridiques\/actualite-juridique\/loi-travail-les-conges-payes\/#primaryimage"},"thumbnailUrl":"https:\/\/www.legalvision.fr\/guides-juridiques\/wp-content\/uploads\/2017\/06\/Cong\u00e9s-pay\u00e9s-min.jpg","datePublished":"2017-06-22T12:20:34+00:00","dateModified":"2022-03-27T19:21:15+00:00","description":"Entr\u00e9e en vigueur le 1er janvier 2017, la loi Travail r\u00e9organise les r\u00e8gles du Code du travail au sein de l\u2019entreprise dont notamment les cong\u00e9s pay\u00e9s.","breadcrumb":{"@id":"https:\/\/www.legalvision.fr\/guides-juridiques\/actualite-juridique\/loi-travail-les-conges-payes\/#breadcrumb"},"inLanguage":"fr-FR","potentialAction":[{"@type":"ReadAction","target":["https:\/\/www.legalvision.fr\/guides-juridiques\/actualite-juridique\/loi-travail-les-conges-payes\/"]}]},{"@type":"ImageObject","inLanguage":"fr-FR","@id":"https:\/\/www.legalvision.fr\/guides-juridiques\/actualite-juridique\/loi-travail-les-conges-payes\/#primaryimage","url":"https:\/\/www.legalvision.fr\/guides-juridiques\/wp-content\/uploads\/2017\/06\/Cong\u00e9s-pay\u00e9s-min.jpg","contentUrl":"https:\/\/www.legalvision.fr\/guides-juridiques\/wp-content\/uploads\/2017\/06\/Cong\u00e9s-pay\u00e9s-min.jpg","width":958,"height":350,"caption":"Cong\u00e9s pay\u00e9s"},{"@type":"BreadcrumbList","@id":"https:\/\/www.legalvision.fr\/guides-juridiques\/actualite-juridique\/loi-travail-les-conges-payes\/#breadcrumb","itemListElement":[{"@type":"ListItem","position":1,"name":"Accueil","item":"https:\/\/www.legalvision.fr\/guides-juridiques\/"},{"@type":"ListItem","position":2,"name":"Actualit\u00e9 juridique","item":"https:\/\/www.legalvision.fr\/guides-juridiques\/actualite-juridique\/"},{"@type":"ListItem","position":3,"name":"Les nouveaut\u00e9s de la loi Travail concernant les cong\u00e9s pay\u00e9s"}]},{"@type":"WebSite","@id":"https:\/\/www.legalvision.fr\/guides-juridiques\/#website","url":"https:\/\/www.legalvision.fr\/guides-juridiques\/","name":"Guides juridiques","description":"L&#039;information juridique \u00e0 destination des entreprises et TPE","publisher":{"@id":"https:\/\/www.legalvision.fr\/guides-juridiques\/#organization"},"potentialAction":[{"@type":"SearchAction","target":{"@type":"EntryPoint","urlTemplate":"https:\/\/www.legalvision.fr\/guides-juridiques\/?s={search_term_string}"},"query-input":{"@type":"PropertyValueSpecification","valueRequired":true,"valueName":"search_term_string"}}],"inLanguage":"fr-FR"},{"@type":"Organization","@id":"https:\/\/www.legalvision.fr\/guides-juridiques\/#organization","name":"Guides juridiques","url":"https:\/\/www.legalvision.fr\/guides-juridiques\/","logo":{"@type":"ImageObject","inLanguage":"fr-FR","@id":"https:\/\/www.legalvision.fr\/guides-juridiques\/#\/schema\/logo\/image\/","url":"https:\/\/www.legalvision.fr\/guides-juridiques\/wp-content\/uploads\/2022\/10\/LV-Logotype.png","contentUrl":"https:\/\/www.legalvision.fr\/guides-juridiques\/wp-content\/uploads\/2022\/10\/LV-Logotype.png","width":647,"height":125,"caption":"Guides juridiques"},"image":{"@id":"https:\/\/www.legalvision.fr\/guides-juridiques\/#\/schema\/logo\/image\/"}},{"@type":"Person","@id":"https:\/\/www.legalvision.fr\/guides-juridiques\/#\/schema\/person\/77b6c0c34a728c9d3962c49775e58edf","name":"Paola Bourd","image":{"@type":"ImageObject","inLanguage":"fr-FR","@id":"https:\/\/www.legalvision.fr\/guides-juridiques\/#\/schema\/person\/image\/","url":"https:\/\/secure.gravatar.com\/avatar\/2192a621346f4ee03fcfa490efe7857a25414b5518ff9b25761bdd9bc968f2f9?s=96&d=mm&r=g","contentUrl":"https:\/\/secure.gravatar.com\/avatar\/2192a621346f4ee03fcfa490efe7857a25414b5518ff9b25761bdd9bc968f2f9?s=96&d=mm&r=g","caption":"Paola Bourd"},"description":"Apr\u00e8s 4 ans de droit Paola s'est reconvertie dans le marketing digital et travaille d\u00e9sormais dans la start-up LegalVision, le service de formalit\u00e9s juridiques en ligne. Passionn\u00e9e par le digital et de droit, elle publie des articles sur l'entrepreneuriat et le droit des soci\u00e9t\u00e9s.","sameAs":["https:\/\/www.legalvision.fr\/","https:\/\/www.facebook.com\/legalvision.fr\/","https:\/\/www.instagram.com\/legalvision.fr\/","https:\/\/www.linkedin.com\/company\/legalvision-fr\/","https:\/\/x.com\/https:\/\/twitter.com\/Legalvision_fr"],"url":"https:\/\/www.legalvision.fr\/guides-juridiques\/author\/paola\/"}]}},"_links":{"self":[{"href":"https:\/\/www.legalvision.fr\/guides-juridiques\/wp-json\/wp\/v2\/posts\/898","targetHints":{"allow":["GET"]}}],"collection":[{"href":"https:\/\/www.legalvision.fr\/guides-juridiques\/wp-json\/wp\/v2\/posts"}],"about":[{"href":"https:\/\/www.legalvision.fr\/guides-juridiques\/wp-json\/wp\/v2\/types\/post"}],"author":[{"embeddable":true,"href":"https:\/\/www.legalvision.fr\/guides-juridiques\/wp-json\/wp\/v2\/users\/4"}],"replies":[{"embeddable":true,"href":"https:\/\/www.legalvision.fr\/guides-juridiques\/wp-json\/wp\/v2\/comments?post=898"}],"version-history":[{"count":0,"href":"https:\/\/www.legalvision.fr\/guides-juridiques\/wp-json\/wp\/v2\/posts\/898\/revisions"}],"wp:featuredmedia":[{"embeddable":true,"href":"https:\/\/www.legalvision.fr\/guides-juridiques\/wp-json\/wp\/v2\/media\/21585"}],"wp:attachment":[{"href":"https:\/\/www.legalvision.fr\/guides-juridiques\/wp-json\/wp\/v2\/media?parent=898"}],"wp:term":[{"taxonomy":"category","embeddable":true,"href":"https:\/\/www.legalvision.fr\/guides-juridiques\/wp-json\/wp\/v2\/categories?post=898"},{"taxonomy":"post_tag","embeddable":true,"href":"https:\/\/www.legalvision.fr\/guides-juridiques\/wp-json\/wp\/v2\/tags?post=898"}],"curies":[{"name":"wp","href":"https:\/\/api.w.org\/{rel}","templated":true}]}}