{"id":8898,"date":"2018-11-08T07:30:33","date_gmt":"2018-11-08T06:30:33","guid":{"rendered":"https:\/\/blog.legalvision.fr\/?p=8898"},"modified":"2024-02-28T16:31:40","modified_gmt":"2024-02-28T15:31:40","slug":"revocation-du-dirigeant-president","status":"publish","type":"post","link":"https:\/\/www.legalvision.fr\/guides-juridiques\/dirigeant-de-societe\/revocation-du-dirigeant-president\/","title":{"rendered":"Comment proc\u00e9der \u00e0 la r\u00e9vocation du dirigeant de votre soci\u00e9t\u00e9 ?"},"content":{"rendered":"\t\t<div data-elementor-type=\"wp-post\" data-elementor-id=\"8898\" class=\"elementor elementor-8898\" data-elementor-post-type=\"post\">\n\t\t\t\t<div data-particle_enable=\"false\" data-particle-mobile-disabled=\"false\" class=\"elementor-element elementor-element-66ee5f1 e-flex e-con-boxed e-con e-parent\" data-id=\"66ee5f1\" data-element_type=\"container\" data-e-type=\"container\">\n\t\t\t\t\t<div class=\"e-con-inner\">\n\t\t\t\t<div class=\"elementor-element elementor-element-21d3913 elementor-widget elementor-widget-text-editor\" data-id=\"21d3913\" data-element_type=\"widget\" data-e-type=\"widget\" data-widget_type=\"text-editor.default\">\n\t\t\t\t<div class=\"elementor-widget-container\">\n\t\t\t\t\t\t\t\t\t<p>Pour diverses raisons, les associ\u00e9s ou actionnaires d&rsquo;une entreprise peuvent \u00eatre amen\u00e9s \u00e0 proc\u00e9der \u00e0 la <b> r\u00e9vocation du dirigeant-pr\u00e9sident.<\/b><\/p><p>Dans certains cas, la r\u00e9vocation peut intervenir\u00a0ad nutum,\u00a0c&rsquo;est-\u00e0-dire sans qu&rsquo;il soit n\u00e9cessaire de la justifier.\u00a0Au contraire, dans certains cas la r\u00e9vocation\u00a0ne sera autoris\u00e9e que s&rsquo;il y a un juste motif. Notamment, la r\u00e9vocation du dirigeant-pr\u00e9sident pour juste motif peut avoir lieu s&rsquo;il a commis une faute de gestion.<\/p><p>La proc\u00e9dure de r\u00e9vocation du dirigeant pr\u00e9sident va diff\u00e9rer selon la forme de la soci\u00e9t\u00e9. En effet, la r\u00e9vocation du dirigeant d&rsquo;une SARL suivra une proc\u00e9dure diff\u00e9rente de la r\u00e9vocation du dirigeant SAS ou encore de la proc\u00e9dure de r\u00e9vocation du pr\u00e9sident d&rsquo;une SA.<\/p><p>Mais, avant tout, qu&rsquo;est-ce qu&rsquo;un dirigeant ?<\/p><p>Le dirigeant est une personne disposant de pouvoirs \u00e9tendus.\u00a0Ainsi, il est commun d&rsquo;affirmer qu&rsquo;il engage la soci\u00e9t\u00e9 par ses d\u00e9cisions. Or, l&rsquo;ampleur de ses pouvoirs se refl\u00e8te quant \u00e0 ses responsabilit\u00e9s. Il peut mettre en p\u00e9ril la soci\u00e9t\u00e9 s&rsquo;il agit de fa\u00e7on contraire \u00e0 son objet social. Alors, proc\u00e9der \u00e0 la r\u00e9vocation des\u00a0dirigeants sociaux peut s&rsquo;imposer comme une \u00e9vidence d\u00e8s lors que le dirigeant n&rsquo;agit pas dans l&rsquo;int\u00e9r\u00eat de la soci\u00e9t\u00e9.<\/p><p>Dans cet article, LegalVision met \u00e0 votre service son expertise juridique pour vous aider \u00e0 tout comprendre sur ce sujet. Vous trouverez ci-dessous un r\u00e9sum\u00e9 des points essentiels \u00e0 retenir :<\/p><p><a href=\"#1\">La r\u00e9vocation du pr\u00e9sident de SAS<\/a><br \/><a href=\"#2\">Le principe de r\u00e9vocabilit\u00e9 des dirigeants sociaux\u00a0<\/a><br \/><a href=\"#3\">La publication de la cessation des fonctions du dirigeant<\/a><\/p><p>\u00a0<\/p>\t\t\t\t\t\t\t\t<\/div>\n\t\t\t\t<\/div>\n\t\t\t\t\t<\/div>\n\t\t\t\t<\/div>\n\t\t<div data-particle_enable=\"false\" data-particle-mobile-disabled=\"false\" class=\"elementor-element elementor-element-4470beff e-flex e-con-boxed e-con e-parent\" data-id=\"4470beff\" data-element_type=\"container\" data-e-type=\"container\">\n\t\t\t\t\t<div class=\"e-con-inner\">\n\t\t\t\t<div class=\"elementor-element elementor-element-470847ac elementor-widget elementor-widget-heading\" data-id=\"470847ac\" data-element_type=\"widget\" data-e-type=\"widget\" data-widget_type=\"heading.default\">\n\t\t\t\t<div class=\"elementor-widget-container\">\n\t\t\t\t\t<h2 class=\"elementor-heading-title elementor-size-default\">Nos outils pour vous aider : <\/h2>\t\t\t\t<\/div>\n\t\t\t\t<\/div>\n\t\t\t\t\t<\/div>\n\t\t\t\t<\/div>\n\t\t<div data-particle_enable=\"false\" data-particle-mobile-disabled=\"false\" class=\"elementor-element elementor-element-297a24b0 e-flex e-con-boxed e-con e-parent\" data-id=\"297a24b0\" data-element_type=\"container\" data-e-type=\"container\">\n\t\t\t\t\t<div class=\"e-con-inner\">\n\t\t<div data-particle_enable=\"false\" data-particle-mobile-disabled=\"false\" class=\"elementor-element elementor-element-1daccc3e e-con-full e-flex e-con e-child\" data-id=\"1daccc3e\" data-element_type=\"container\" data-e-type=\"container\">\n\t\t\t\t<div class=\"elementor-element elementor-element-4cec2f5e elementor-widget elementor-widget-button\" data-id=\"4cec2f5e\" data-element_type=\"widget\" data-e-type=\"widget\" data-widget_type=\"button.default\">\n\t\t\t\t<div class=\"elementor-widget-container\">\n\t\t\t\t\t\t\t\t\t<div class=\"elementor-button-wrapper\">\n\t\t\t\t\t<a class=\"elementor-button elementor-button-link elementor-size-sm\" href=\"https:\/\/leonard.fr\/juridique\/modification-societe\/ajouter-ou-changer-un-dirigeant\/?utm_source=blog&#038;utm_medium=CTA&#038;utm_campaign=procedure_revocation_dirigeant_de_la_societe&#038;utm_id=changement_dirigeant_blog\" target=\"_blank\">\n\t\t\t\t\t\t<span class=\"elementor-button-content-wrapper\">\n\t\t\t\t\t\t\t\t\t<span class=\"elementor-button-text\">Modifiez la direction de votre soci\u00e9t\u00e9<\/span>\n\t\t\t\t\t<\/span>\n\t\t\t\t\t<\/a>\n\t\t\t\t<\/div>\n\t\t\t\t\t\t\t\t<\/div>\n\t\t\t\t<\/div>\n\t\t\t\t<\/div>\n\t\t<div data-particle_enable=\"false\" data-particle-mobile-disabled=\"false\" class=\"elementor-element elementor-element-763aab9a e-con-full e-flex e-con e-child\" data-id=\"763aab9a\" data-element_type=\"container\" data-e-type=\"container\">\n\t\t\t\t<div class=\"elementor-element elementor-element-6e6f02e8 elementor-widget elementor-widget-button\" data-id=\"6e6f02e8\" data-element_type=\"widget\" data-e-type=\"widget\" data-widget_type=\"button.default\">\n\t\t\t\t<div class=\"elementor-widget-container\">\n\t\t\t\t\t\t\t\t\t<div class=\"elementor-button-wrapper\">\n\t\t\t\t\t<a class=\"elementor-button elementor-button-link elementor-size-sm\" href=\"https:\/\/meetings.hubspot.com\/global\/leonard-rendez-vous-gratuit-avec-un-juriste?utm_source=blog&#038;utm_medium=CTA&#038;utm_campaign=procedure_revocation_dirigeant_de_la_societe&#038;utm_id=changement_dirigeant_blog\" target=\"_blank\">\n\t\t\t\t\t\t<span class=\"elementor-button-content-wrapper\">\n\t\t\t\t\t\t\t\t\t<span class=\"elementor-button-text\">Soyez rappel\u00e9 par un juriste gratuitement<\/span>\n\t\t\t\t\t<\/span>\n\t\t\t\t\t<\/a>\n\t\t\t\t<\/div>\n\t\t\t\t\t\t\t\t<\/div>\n\t\t\t\t<\/div>\n\t\t\t\t<\/div>\n\t\t<div data-particle_enable=\"false\" data-particle-mobile-disabled=\"false\" class=\"elementor-element elementor-element-efcc76f e-con-full e-flex e-con e-child\" data-id=\"efcc76f\" data-element_type=\"container\" data-e-type=\"container\">\n\t\t\t\t<div data-dce-background-color=\"#85D2F1\" class=\"elementor-element elementor-element-681f1e0f elementor-widget elementor-widget-button\" data-id=\"681f1e0f\" data-element_type=\"widget\" data-e-type=\"widget\" data-widget_type=\"button.default\">\n\t\t\t\t<div class=\"elementor-widget-container\">\n\t\t\t\t\t\t\t\t\t<div class=\"elementor-button-wrapper\">\n\t\t\t\t\t<a class=\"elementor-button elementor-button-link elementor-size-sm\" href=\"https:\/\/share.hsforms.com\/1MCz4iJkPSsaIbYWlbzl6vw1oyza?utm_source=blog&#038;utm_medium=CTA&#038;utm_campaign=procedure_revocation_dirigeant_de_la_societe&#038;utm_id=changement_dirigeant_blog\" target=\"_blank\">\n\t\t\t\t\t\t<span class=\"elementor-button-content-wrapper\">\n\t\t\t\t\t\t\t\t\t<span class=\"elementor-button-text\">Publiez votre annonce l\u00e9gale<\/span>\n\t\t\t\t\t<\/span>\n\t\t\t\t\t<\/a>\n\t\t\t\t<\/div>\n\t\t\t\t\t\t\t\t<\/div>\n\t\t\t\t<\/div>\n\t\t\t\t<\/div>\n\t\t\t\t\t<\/div>\n\t\t\t\t<\/div>\n\t\t<div data-particle_enable=\"false\" data-particle-mobile-disabled=\"false\" class=\"elementor-element elementor-element-66f07334 e-flex e-con-boxed e-con e-parent\" data-id=\"66f07334\" data-element_type=\"container\" data-e-type=\"container\">\n\t\t\t\t\t<div class=\"e-con-inner\">\n\t\t\t\t<div class=\"elementor-element elementor-element-ae672de elementor-widget elementor-widget-text-editor\" data-id=\"ae672de\" data-element_type=\"widget\" data-e-type=\"widget\" data-widget_type=\"text-editor.default\">\n\t\t\t\t<div class=\"elementor-widget-container\">\n\t\t\t\t\t\t\t\t\t<h2 id=\"1\">\u00a0<\/h2><h2 id=\"1\">\u00a0<\/h2><h2 id=\"1\">La r\u00e9vocation du pr\u00e9sident de SAS<\/h2><p>Dans une SAS, <a href=\"https:\/\/blog.legalvision.fr\/2017\/03\/05\/redaction-des-statuts-societe\/\">les statuts<\/a> peuvent librement fixer les conditions de r\u00e9vocation du dirigeant. En effet, les statuts peuvent pr\u00e9voir :<\/p><ul><li>des clauses de r\u00e9vocation ;<\/li><\/ul><div><span style=\"font-family: Montserrat;\">\u00a0<\/span><\/div><ul><li>les conditions de r\u00e9vocation (pr\u00e9avis) ;<\/li><\/ul><div><span style=\"font-family: Montserrat;\">\u00a0<\/span><\/div><ul><li>l&rsquo;organe comp\u00e9tent pour r\u00e9voquer un dirigeant, ainsi que son mode de prise de d\u00e9cision (majorit\u00e9 simple ou renforc\u00e9e, etc) ;<\/li><\/ul><div><span style=\"font-family: Montserrat;\">\u00a0<\/span><\/div><ul><li>stipuler si une r\u00e9vocation peut intervenir \u00e0 tout moment de fa\u00e7on discr\u00e9tionnaire, ad nutum, ou uniquement avec juste motif.<\/li><\/ul><p>Il y a \u00e9galement la possibilit\u00e9 de pr\u00e9voir que les associ\u00e9s soient convoqu\u00e9s par une autre personne que le dirigeant. Cependant, il ne faut <b> pas faire un usage abusif du droit de r\u00e9vocation. <\/b>\u00a0En effet, tout abus\u00a0peut donner lieu \u00e0 l&rsquo;octroi de dommages et int\u00e9r\u00eats. Par ailleurs, les associ\u00e9s ne peuvent pas exclure le pr\u00e9sident du vote s&rsquo;il est lui-m\u00eame associ\u00e9. Un pr\u00e9sident majoritaire peut bloquer sa r\u00e9vocation.<\/p><h2 id=\"2\">\u00a0<\/h2><h2 id=\"2\">Le principe de r\u00e9vocabilit\u00e9 des dirigeants sociaux<\/h2><p>Le dirigeant peut \u00eatre <b> r\u00e9voqu\u00e9 \u00e0 tout moment <\/b> par les associ\u00e9s ou actionnaires, sans pr\u00e9avis ni indemnit\u00e9 et surtout sans qu&rsquo;il soit n\u00e9cessaire de motiver ce choix. Il s&rsquo;agit l\u00e0 du principe de\u00a0r\u00e9vocation ad nutum. N\u00e9anmoins, les statuts peuvent am\u00e9nager ce principe. Au r\u00e9sultat, la pr\u00e9carit\u00e9 du mandat du dirigeant peut \u00eatre effac\u00e9e. Notamment, il peut \u00eatre pr\u00e9vu que sa r\u00e9vocation ne sera possible que si des raisons valables sont avanc\u00e9es.<\/p><p>Reste que cet am\u00e9nagement des statuts ne sera pas possible s&rsquo;agissant du pr\u00e9sident d&rsquo;une Soci\u00e9t\u00e9 Anonyme.<\/p><h3>\u00a0<\/h3><h3>Une\u00a0r\u00e9vocation du pr\u00e9sident\u00a0SA<\/h3><p>La <a href=\"https:\/\/www.legalvision.fr\/modification-statuts\/revocation-du-president\/\">r\u00e9vocation du pr\u00e9sident<\/a> du conseil d&rsquo;administration ou du directoire doit \u00eatre d\u00e9cid\u00e9e par <a href=\"https:\/\/blog.legalvision.fr\/2018\/07\/29\/assemblee-generale\/\">l&rsquo;assembl\u00e9e g\u00e9n\u00e9rale,<\/a> <b> sans besoin d&rsquo;avancer un motif l\u00e9gitime.<\/b> La r\u00e9vocation n&rsquo;a pas \u00e0 \u00eatre inscrite \u00e0 l&rsquo;ordre du jour ; elle peut avoir lieu en toutes circonstances. Si\u00a0la r\u00e9vocation est\u00a0consid\u00e9r\u00e9e comme \u00e9tant abusive, cela ouvrira un droit \u00e0 des dommages et int\u00e9r\u00eats. La r\u00e9vocation sera abusive lorsque le pr\u00e9sident n&rsquo;est pas en mesure de se d\u00e9fendre en pr\u00e9sentant ses observations, ou lorsque la r\u00e9vocation \u00e0 lieu dans un cadre\u00a0d&rsquo;injure ou de violence. Par ailleurs, la r\u00e9vocation peut se faire ad nutum. Dans ce cas, la r\u00e9vocation n&rsquo;ouvre pas droit \u00e0 des dommages et int\u00e9r\u00eats.<\/p><p>Les <b> statuts de la SA <\/b> d\u00e9terminent les r\u00e8gles et modalit\u00e9s de d\u00e9lib\u00e9ration. Le pr\u00e9sident doit r\u00e9unir le conseil d&rsquo;administration et s&rsquo;il refuse, il est possible de saisir les tribunaux afin de le soumettre \u00e0 ses obligations. Les conditions fix\u00e9es par la loi pour toute d\u00e9cision du conseil sont les suivantes :<\/p><ul><li>le quorum, toute clause contraire sera r\u00e9put\u00e9e non \u00e9crite, ;<\/li><\/ul><div><span style=\"font-family: Montserrat;\">\u00a0<\/span><\/div><ul><li>et, la d\u00e9cision doit \u00eatre prise \u00e0 la majorit\u00e9 des membres pr\u00e9sents ou repr\u00e9sent\u00e9s, sauf si les statuts pr\u00e9voient une majorit\u00e9 plus forte.<\/li><\/ul><p>Le g\u00e9rant doit avoir la possibilit\u00e9 de s&rsquo;expliquer sur ses prises de d\u00e9cisions. La r\u00e9vocation sera abusive si elle porte atteinte \u00e0 la r\u00e9putation du g\u00e9rant ou si elle est d\u00e9cid\u00e9e de fa\u00e7on trop rapide. Dans ces deux hypoth\u00e8ses, la r\u00e9vocation peut ouvrir droit \u00e0 des dommages et int\u00e9r\u00eats.<\/p><h3>\u00a0<\/h3><h3>La r\u00e9vocation du g\u00e9rant\u00a0d&rsquo;une SARL, SCI, SNC<\/h3><p>Ici, il n&rsquo;y a <b> pas la possibilit\u00e9 de proc\u00e9der \u00e0 la r\u00e9vocation du dirigeant\u00a0ad nutum. <\/b> Un juste motif de r\u00e9vocation est exig\u00e9 pour changer de g\u00e9rant suite \u00e0 la tenue d&rsquo;une assembl\u00e9e g\u00e9n\u00e9rale. Si le g\u00e9rant n&rsquo;est pas r\u00e9voqu\u00e9 pour juste motif, il pourra\u00a0recevoir une indemnisation pour pr\u00e9judice subi.<\/p><p>La r\u00e9vocation aura lieu dans une assembl\u00e9e g\u00e9n\u00e9rale ordinaire des associ\u00e9s repr\u00e9sentant plus de 50% du capital social. Sur seconde consultation, la majorit\u00e9 des votes sera plus forte.<\/p><p>Un g\u00e9rant majoritaire sera en mesure de bloquer sa r\u00e9vocation s&rsquo;il d\u00e9tient plus de 50% du capital. Dans ce cas, la loi pr\u00e9voit que le g\u00e9rant est r\u00e9vocable par les tribunaux (r\u00e9vocation judiciaire) pour cause l\u00e9gitime, \u00e0 la demande de tout associ\u00e9.<\/p><h2 id=\"3\">\u00a0<\/h2><h2 id=\"3\">La publication de la cessation des fonctions du dirigeant<\/h2><p>La publication doit se faire dans un journal d&rsquo;annonces l\u00e9gales (JAL). Ensuite, il faut proc\u00e9der au d\u00e9p\u00f4t au Centre des formalit\u00e9s des entreprises (CFE) dans le mois suivant la d\u00e9cision pronon\u00e7ant la r\u00e9vocation d&rsquo;un dirigeant :<\/p><ul><li>un exemplaire de la d\u00e9cision de r\u00e9vocation ;<\/li><\/ul><div><span style=\"font-family: Montserrat;\">\u00a0<\/span><\/div><ul><li>le formulaire M3 de la demande d&rsquo;inscription modificative au Registre du commerce et des soci\u00e9t\u00e9s ;<\/li><\/ul><div><span style=\"font-family: Montserrat;\">\u00a0<\/span><\/div><ul><li><span style=\"font-family: var(--e-global-typography-primary-font-family); text-align: var(--text-align); background-color: var( --e-global-color-f8847cf ); color: var( --e-global-color-text ); font-size: var( --e-global-typography-text-font-size ); font-style: var( --e-global-typography-text-font-style ); font-weight: var( --e-global-typography-text-font-weight ); text-transform: var( --e-global-typography-text-text-transform );\">l&rsquo;attestation de parution au journal d&rsquo;annonces l\u00e9gales.<\/span><\/li><\/ul><p>Le CFE transmet ensuite le dossier au greffe du tribunal de commerce dans le ressort duquel le si\u00e8ge social de la soci\u00e9t\u00e9 est bas\u00e9.<\/p><div class=\"wp-block-button\" style=\"text-align: center;\">\u00a0<\/div><div class=\"wp-block-button\" style=\"text-align: center;\">\u00a0<\/div><div class=\"wp-block-button\" style=\"text-align: center;\">\u00a0<\/div><div class=\"wp-block-button\" style=\"text-align: center;\">\u00a0<\/div><div class=\"wp-block-button\" style=\"text-align: center;\">\u00a0<\/div><div class=\"wp-block-button\" style=\"text-align: center;\">\u00a0<\/div><div class=\"wp-block-button\" style=\"text-align: center;\">\u00a0<\/div><div class=\"wp-block-button\" style=\"text-align: center;\"><a class=\"wp-block-button__link has-background\" href=\"https:\/\/leonard.fr\/juridique\/modification-societe\/ajouter-ou-changer-un-dirigeant\/?utm_source=blog&amp;utm_medium=CTA&amp;utm_campaign=procedure_revocation_dirigeant_de_la_societe&amp;utm_id=changement_dirigeant_blog\">Modifiez la direction de votre soci\u00e9t\u00e9<\/a><\/div>\t\t\t\t\t\t\t\t<\/div>\n\t\t\t\t<\/div>\n\t\t\t\t\t<\/div>\n\t\t\t\t<\/div>\n\t\t\t\t<\/div>\n\t\t","protected":false},"excerpt":{"rendered":"<p>Pour diverses raisons, les associ\u00e9s ou actionnaires d&rsquo;une entreprise peuvent \u00eatre amen\u00e9s \u00e0 proc\u00e9der \u00e0 la r\u00e9vocation du dirigeant-pr\u00e9sident. Dans certains cas, la r\u00e9vocation peut intervenir\u00a0ad nutum,\u00a0c&rsquo;est-\u00e0-dire sans qu&rsquo;il soit n\u00e9cessaire de la justifier.\u00a0Au contraire, dans certains cas la r\u00e9vocation\u00a0ne sera autoris\u00e9e que s&rsquo;il y a un juste motif. Notamment, la r\u00e9vocation du dirigeant-pr\u00e9sident pour&hellip; <a class=\"more-link\" href=\"https:\/\/www.legalvision.fr\/guides-juridiques\/dirigeant-de-societe\/revocation-du-dirigeant-president\/\">Poursuivre la lecture <span class=\"screen-reader-text\">Comment proc\u00e9der \u00e0 la r\u00e9vocation du dirigeant de votre soci\u00e9t\u00e9 ?<\/span><\/a><\/p>\n","protected":false},"author":23,"featured_media":23777,"comment_status":"open","ping_status":"open","sticky":false,"template":"","format":"standard","meta":{"content-type":"","inline_featured_image":false,"footnotes":""},"categories":[2482],"tags":[],"class_list":["post-8898","post","type-post","status-publish","format-standard","has-post-thumbnail","hentry","category-dirigeant-de-societe","entry"],"yoast_head":"<!-- This site is optimized with the Yoast SEO plugin v27.1.1 - https:\/\/yoast.com\/product\/yoast-seo-wordpress\/ -->\n<title>R\u00e9vocation du dirigeant : entre sanction et d\u00e9cision strat\u00e9gique<\/title>\n<meta name=\"description\" content=\"Vous souhaitez proc\u00e9der \u00e0 la r\u00e9vocation du dirigeant pr\u00e9sident de votre soci\u00e9t\u00e9 ? LegalVision vous explique les diff\u00e9rentes \u00e9tapes du processus.\" \/>\n<meta name=\"robots\" content=\"index, follow, max-snippet:-1, max-image-preview:large, max-video-preview:-1\" \/>\n<link rel=\"canonical\" href=\"https:\/\/www.legalvision.fr\/guides-juridiques\/dirigeant-de-societe\/revocation-du-dirigeant-president\/\" \/>\n<meta property=\"og:locale\" content=\"fr_FR\" \/>\n<meta property=\"og:type\" content=\"article\" \/>\n<meta property=\"og:title\" content=\"R\u00e9vocation du dirigeant : entre sanction et d\u00e9cision strat\u00e9gique\" \/>\n<meta property=\"og:description\" content=\"Vous souhaitez proc\u00e9der \u00e0 la r\u00e9vocation du dirigeant pr\u00e9sident de votre soci\u00e9t\u00e9 ? LegalVision vous explique les diff\u00e9rentes \u00e9tapes du processus.\" \/>\n<meta property=\"og:url\" content=\"https:\/\/www.legalvision.fr\/guides-juridiques\/dirigeant-de-societe\/revocation-du-dirigeant-president\/\" \/>\n<meta property=\"og:site_name\" content=\"Guides juridiques\" \/>\n<meta property=\"article:published_time\" content=\"2018-11-08T06:30:33+00:00\" \/>\n<meta property=\"article:modified_time\" content=\"2024-02-28T15:31:40+00:00\" \/>\n<meta property=\"og:image\" content=\"https:\/\/www.legalvision.fr\/guides-juridiques\/wp-content\/uploads\/2018\/11\/R\u00e9vocation-du-dirigeant-min.jpg\" \/>\n\t<meta property=\"og:image:width\" content=\"958\" \/>\n\t<meta property=\"og:image:height\" content=\"350\" \/>\n\t<meta property=\"og:image:type\" content=\"image\/jpeg\" \/>\n<meta name=\"author\" content=\"Esp\u00e9rance Mfumu Mosi\" \/>\n<meta name=\"twitter:card\" content=\"summary_large_image\" \/>\n<meta name=\"twitter:label1\" content=\"\u00c9crit par\" \/>\n\t<meta name=\"twitter:data1\" content=\"Esp\u00e9rance Mfumu Mosi\" \/>\n\t<meta name=\"twitter:label2\" content=\"Dur\u00e9e de lecture estim\u00e9e\" \/>\n\t<meta name=\"twitter:data2\" content=\"6 minutes\" \/>\n<script type=\"application\/ld+json\" class=\"yoast-schema-graph\">{\"@context\":\"https:\/\/schema.org\",\"@graph\":[{\"@type\":\"Article\",\"@id\":\"https:\/\/www.legalvision.fr\/guides-juridiques\/dirigeant-de-societe\/revocation-du-dirigeant-president\/#article\",\"isPartOf\":{\"@id\":\"https:\/\/www.legalvision.fr\/guides-juridiques\/dirigeant-de-societe\/revocation-du-dirigeant-president\/\"},\"author\":{\"name\":\"Esp\u00e9rance Mfumu Mosi\",\"@id\":\"https:\/\/www.legalvision.fr\/guides-juridiques\/#\/schema\/person\/e90cc6850dacf8ea7d81387aab3f9ef0\"},\"headline\":\"Comment proc\u00e9der \u00e0 la r\u00e9vocation du dirigeant de votre soci\u00e9t\u00e9 ?\",\"datePublished\":\"2018-11-08T06:30:33+00:00\",\"dateModified\":\"2024-02-28T15:31:40+00:00\",\"mainEntityOfPage\":{\"@id\":\"https:\/\/www.legalvision.fr\/guides-juridiques\/dirigeant-de-societe\/revocation-du-dirigeant-president\/\"},\"wordCount\":1193,\"commentCount\":0,\"publisher\":{\"@id\":\"https:\/\/www.legalvision.fr\/guides-juridiques\/#organization\"},\"image\":{\"@id\":\"https:\/\/www.legalvision.fr\/guides-juridiques\/dirigeant-de-societe\/revocation-du-dirigeant-president\/#primaryimage\"},\"thumbnailUrl\":\"https:\/\/www.legalvision.fr\/guides-juridiques\/wp-content\/uploads\/2018\/11\/R\u00e9vocation-du-dirigeant-min.jpg\",\"articleSection\":[\"Dirigeant de soci\u00e9t\u00e9\"],\"inLanguage\":\"fr-FR\",\"potentialAction\":[{\"@type\":\"CommentAction\",\"name\":\"Comment\",\"target\":[\"https:\/\/www.legalvision.fr\/guides-juridiques\/dirigeant-de-societe\/revocation-du-dirigeant-president\/#respond\"]}]},{\"@type\":\"WebPage\",\"@id\":\"https:\/\/www.legalvision.fr\/guides-juridiques\/dirigeant-de-societe\/revocation-du-dirigeant-president\/\",\"url\":\"https:\/\/www.legalvision.fr\/guides-juridiques\/dirigeant-de-societe\/revocation-du-dirigeant-president\/\",\"name\":\"R\u00e9vocation du dirigeant : entre sanction et d\u00e9cision strat\u00e9gique\",\"isPartOf\":{\"@id\":\"https:\/\/www.legalvision.fr\/guides-juridiques\/#website\"},\"primaryImageOfPage\":{\"@id\":\"https:\/\/www.legalvision.fr\/guides-juridiques\/dirigeant-de-societe\/revocation-du-dirigeant-president\/#primaryimage\"},\"image\":{\"@id\":\"https:\/\/www.legalvision.fr\/guides-juridiques\/dirigeant-de-societe\/revocation-du-dirigeant-president\/#primaryimage\"},\"thumbnailUrl\":\"https:\/\/www.legalvision.fr\/guides-juridiques\/wp-content\/uploads\/2018\/11\/R\u00e9vocation-du-dirigeant-min.jpg\",\"datePublished\":\"2018-11-08T06:30:33+00:00\",\"dateModified\":\"2024-02-28T15:31:40+00:00\",\"description\":\"Vous souhaitez proc\u00e9der \u00e0 la r\u00e9vocation du dirigeant pr\u00e9sident de votre soci\u00e9t\u00e9 ? LegalVision vous explique les diff\u00e9rentes \u00e9tapes du processus.\",\"breadcrumb\":{\"@id\":\"https:\/\/www.legalvision.fr\/guides-juridiques\/dirigeant-de-societe\/revocation-du-dirigeant-president\/#breadcrumb\"},\"inLanguage\":\"fr-FR\",\"potentialAction\":[{\"@type\":\"ReadAction\",\"target\":[\"https:\/\/www.legalvision.fr\/guides-juridiques\/dirigeant-de-societe\/revocation-du-dirigeant-president\/\"]}]},{\"@type\":\"ImageObject\",\"inLanguage\":\"fr-FR\",\"@id\":\"https:\/\/www.legalvision.fr\/guides-juridiques\/dirigeant-de-societe\/revocation-du-dirigeant-president\/#primaryimage\",\"url\":\"https:\/\/www.legalvision.fr\/guides-juridiques\/wp-content\/uploads\/2018\/11\/R\u00e9vocation-du-dirigeant-min.jpg\",\"contentUrl\":\"https:\/\/www.legalvision.fr\/guides-juridiques\/wp-content\/uploads\/2018\/11\/R\u00e9vocation-du-dirigeant-min.jpg\",\"width\":958,\"height\":350,\"caption\":\"R\u00e9vocation du dirigeant\"},{\"@type\":\"BreadcrumbList\",\"@id\":\"https:\/\/www.legalvision.fr\/guides-juridiques\/dirigeant-de-societe\/revocation-du-dirigeant-president\/#breadcrumb\",\"itemListElement\":[{\"@type\":\"ListItem\",\"position\":1,\"name\":\"Accueil\",\"item\":\"https:\/\/www.legalvision.fr\/guides-juridiques\/\"},{\"@type\":\"ListItem\",\"position\":2,\"name\":\"Dirigeant de soci\u00e9t\u00e9\",\"item\":\"https:\/\/www.legalvision.fr\/guides-juridiques\/dirigeant-de-societe\/\"},{\"@type\":\"ListItem\",\"position\":3,\"name\":\"Comment proc\u00e9der \u00e0 la r\u00e9vocation du dirigeant de votre soci\u00e9t\u00e9 ?\"}]},{\"@type\":\"WebSite\",\"@id\":\"https:\/\/www.legalvision.fr\/guides-juridiques\/#website\",\"url\":\"https:\/\/www.legalvision.fr\/guides-juridiques\/\",\"name\":\"Guides juridiques\",\"description\":\"L&#039;information juridique \u00e0 destination des entreprises et TPE\",\"publisher\":{\"@id\":\"https:\/\/www.legalvision.fr\/guides-juridiques\/#organization\"},\"potentialAction\":[{\"@type\":\"SearchAction\",\"target\":{\"@type\":\"EntryPoint\",\"urlTemplate\":\"https:\/\/www.legalvision.fr\/guides-juridiques\/?s={search_term_string}\"},\"query-input\":{\"@type\":\"PropertyValueSpecification\",\"valueRequired\":true,\"valueName\":\"search_term_string\"}}],\"inLanguage\":\"fr-FR\"},{\"@type\":\"Organization\",\"@id\":\"https:\/\/www.legalvision.fr\/guides-juridiques\/#organization\",\"name\":\"Guides juridiques\",\"url\":\"https:\/\/www.legalvision.fr\/guides-juridiques\/\",\"logo\":{\"@type\":\"ImageObject\",\"inLanguage\":\"fr-FR\",\"@id\":\"https:\/\/www.legalvision.fr\/guides-juridiques\/#\/schema\/logo\/image\/\",\"url\":\"https:\/\/www.legalvision.fr\/guides-juridiques\/wp-content\/uploads\/2022\/10\/LV-Logotype.png\",\"contentUrl\":\"https:\/\/www.legalvision.fr\/guides-juridiques\/wp-content\/uploads\/2022\/10\/LV-Logotype.png\",\"width\":647,\"height\":125,\"caption\":\"Guides juridiques\"},\"image\":{\"@id\":\"https:\/\/www.legalvision.fr\/guides-juridiques\/#\/schema\/logo\/image\/\"}},{\"@type\":\"Person\",\"@id\":\"https:\/\/www.legalvision.fr\/guides-juridiques\/#\/schema\/person\/e90cc6850dacf8ea7d81387aab3f9ef0\",\"name\":\"Esp\u00e9rance Mfumu Mosi\",\"image\":{\"@type\":\"ImageObject\",\"inLanguage\":\"fr-FR\",\"@id\":\"https:\/\/www.legalvision.fr\/guides-juridiques\/#\/schema\/person\/image\/\",\"url\":\"https:\/\/www.legalvision.fr\/guides-juridiques\/wp-content\/uploads\/2023\/07\/femme8-96x96.png\",\"contentUrl\":\"https:\/\/www.legalvision.fr\/guides-juridiques\/wp-content\/uploads\/2023\/07\/femme8-96x96.png\",\"caption\":\"Esp\u00e9rance Mfumu Mosi\"},\"description\":\"Titulaire d'un Master 1 en droit des affaires, j'ai rejoins les \u00e9quipes de Legalvision afin de d\u00e9velopper le contenu juridique.\",\"url\":\"https:\/\/www.legalvision.fr\/guides-juridiques\/author\/esperance1\/\"}]}<\/script>\n<!-- \/ Yoast SEO plugin. -->","yoast_head_json":{"title":"R\u00e9vocation du dirigeant : entre sanction et d\u00e9cision strat\u00e9gique","description":"Vous souhaitez proc\u00e9der \u00e0 la r\u00e9vocation du dirigeant pr\u00e9sident de votre soci\u00e9t\u00e9 ? LegalVision vous explique les diff\u00e9rentes \u00e9tapes du processus.","robots":{"index":"index","follow":"follow","max-snippet":"max-snippet:-1","max-image-preview":"max-image-preview:large","max-video-preview":"max-video-preview:-1"},"canonical":"https:\/\/www.legalvision.fr\/guides-juridiques\/dirigeant-de-societe\/revocation-du-dirigeant-president\/","og_locale":"fr_FR","og_type":"article","og_title":"R\u00e9vocation du dirigeant : entre sanction et d\u00e9cision strat\u00e9gique","og_description":"Vous souhaitez proc\u00e9der \u00e0 la r\u00e9vocation du dirigeant pr\u00e9sident de votre soci\u00e9t\u00e9 ? LegalVision vous explique les diff\u00e9rentes \u00e9tapes du processus.","og_url":"https:\/\/www.legalvision.fr\/guides-juridiques\/dirigeant-de-societe\/revocation-du-dirigeant-president\/","og_site_name":"Guides juridiques","article_published_time":"2018-11-08T06:30:33+00:00","article_modified_time":"2024-02-28T15:31:40+00:00","og_image":[{"width":958,"height":350,"url":"https:\/\/www.legalvision.fr\/guides-juridiques\/wp-content\/uploads\/2018\/11\/R\u00e9vocation-du-dirigeant-min.jpg","type":"image\/jpeg"}],"author":"Esp\u00e9rance Mfumu Mosi","twitter_card":"summary_large_image","twitter_misc":{"\u00c9crit par":"Esp\u00e9rance Mfumu Mosi","Dur\u00e9e de lecture estim\u00e9e":"6 minutes"},"schema":{"@context":"https:\/\/schema.org","@graph":[{"@type":"Article","@id":"https:\/\/www.legalvision.fr\/guides-juridiques\/dirigeant-de-societe\/revocation-du-dirigeant-president\/#article","isPartOf":{"@id":"https:\/\/www.legalvision.fr\/guides-juridiques\/dirigeant-de-societe\/revocation-du-dirigeant-president\/"},"author":{"name":"Esp\u00e9rance Mfumu Mosi","@id":"https:\/\/www.legalvision.fr\/guides-juridiques\/#\/schema\/person\/e90cc6850dacf8ea7d81387aab3f9ef0"},"headline":"Comment proc\u00e9der \u00e0 la r\u00e9vocation du dirigeant de votre soci\u00e9t\u00e9 ?","datePublished":"2018-11-08T06:30:33+00:00","dateModified":"2024-02-28T15:31:40+00:00","mainEntityOfPage":{"@id":"https:\/\/www.legalvision.fr\/guides-juridiques\/dirigeant-de-societe\/revocation-du-dirigeant-president\/"},"wordCount":1193,"commentCount":0,"publisher":{"@id":"https:\/\/www.legalvision.fr\/guides-juridiques\/#organization"},"image":{"@id":"https:\/\/www.legalvision.fr\/guides-juridiques\/dirigeant-de-societe\/revocation-du-dirigeant-president\/#primaryimage"},"thumbnailUrl":"https:\/\/www.legalvision.fr\/guides-juridiques\/wp-content\/uploads\/2018\/11\/R\u00e9vocation-du-dirigeant-min.jpg","articleSection":["Dirigeant de soci\u00e9t\u00e9"],"inLanguage":"fr-FR","potentialAction":[{"@type":"CommentAction","name":"Comment","target":["https:\/\/www.legalvision.fr\/guides-juridiques\/dirigeant-de-societe\/revocation-du-dirigeant-president\/#respond"]}]},{"@type":"WebPage","@id":"https:\/\/www.legalvision.fr\/guides-juridiques\/dirigeant-de-societe\/revocation-du-dirigeant-president\/","url":"https:\/\/www.legalvision.fr\/guides-juridiques\/dirigeant-de-societe\/revocation-du-dirigeant-president\/","name":"R\u00e9vocation du dirigeant : entre sanction et d\u00e9cision strat\u00e9gique","isPartOf":{"@id":"https:\/\/www.legalvision.fr\/guides-juridiques\/#website"},"primaryImageOfPage":{"@id":"https:\/\/www.legalvision.fr\/guides-juridiques\/dirigeant-de-societe\/revocation-du-dirigeant-president\/#primaryimage"},"image":{"@id":"https:\/\/www.legalvision.fr\/guides-juridiques\/dirigeant-de-societe\/revocation-du-dirigeant-president\/#primaryimage"},"thumbnailUrl":"https:\/\/www.legalvision.fr\/guides-juridiques\/wp-content\/uploads\/2018\/11\/R\u00e9vocation-du-dirigeant-min.jpg","datePublished":"2018-11-08T06:30:33+00:00","dateModified":"2024-02-28T15:31:40+00:00","description":"Vous souhaitez proc\u00e9der \u00e0 la r\u00e9vocation du dirigeant pr\u00e9sident de votre soci\u00e9t\u00e9 ? LegalVision vous explique les diff\u00e9rentes \u00e9tapes du processus.","breadcrumb":{"@id":"https:\/\/www.legalvision.fr\/guides-juridiques\/dirigeant-de-societe\/revocation-du-dirigeant-president\/#breadcrumb"},"inLanguage":"fr-FR","potentialAction":[{"@type":"ReadAction","target":["https:\/\/www.legalvision.fr\/guides-juridiques\/dirigeant-de-societe\/revocation-du-dirigeant-president\/"]}]},{"@type":"ImageObject","inLanguage":"fr-FR","@id":"https:\/\/www.legalvision.fr\/guides-juridiques\/dirigeant-de-societe\/revocation-du-dirigeant-president\/#primaryimage","url":"https:\/\/www.legalvision.fr\/guides-juridiques\/wp-content\/uploads\/2018\/11\/R\u00e9vocation-du-dirigeant-min.jpg","contentUrl":"https:\/\/www.legalvision.fr\/guides-juridiques\/wp-content\/uploads\/2018\/11\/R\u00e9vocation-du-dirigeant-min.jpg","width":958,"height":350,"caption":"R\u00e9vocation du dirigeant"},{"@type":"BreadcrumbList","@id":"https:\/\/www.legalvision.fr\/guides-juridiques\/dirigeant-de-societe\/revocation-du-dirigeant-president\/#breadcrumb","itemListElement":[{"@type":"ListItem","position":1,"name":"Accueil","item":"https:\/\/www.legalvision.fr\/guides-juridiques\/"},{"@type":"ListItem","position":2,"name":"Dirigeant de soci\u00e9t\u00e9","item":"https:\/\/www.legalvision.fr\/guides-juridiques\/dirigeant-de-societe\/"},{"@type":"ListItem","position":3,"name":"Comment proc\u00e9der \u00e0 la r\u00e9vocation du dirigeant de votre soci\u00e9t\u00e9 ?"}]},{"@type":"WebSite","@id":"https:\/\/www.legalvision.fr\/guides-juridiques\/#website","url":"https:\/\/www.legalvision.fr\/guides-juridiques\/","name":"Guides juridiques","description":"L&#039;information juridique \u00e0 destination des entreprises et TPE","publisher":{"@id":"https:\/\/www.legalvision.fr\/guides-juridiques\/#organization"},"potentialAction":[{"@type":"SearchAction","target":{"@type":"EntryPoint","urlTemplate":"https:\/\/www.legalvision.fr\/guides-juridiques\/?s={search_term_string}"},"query-input":{"@type":"PropertyValueSpecification","valueRequired":true,"valueName":"search_term_string"}}],"inLanguage":"fr-FR"},{"@type":"Organization","@id":"https:\/\/www.legalvision.fr\/guides-juridiques\/#organization","name":"Guides juridiques","url":"https:\/\/www.legalvision.fr\/guides-juridiques\/","logo":{"@type":"ImageObject","inLanguage":"fr-FR","@id":"https:\/\/www.legalvision.fr\/guides-juridiques\/#\/schema\/logo\/image\/","url":"https:\/\/www.legalvision.fr\/guides-juridiques\/wp-content\/uploads\/2022\/10\/LV-Logotype.png","contentUrl":"https:\/\/www.legalvision.fr\/guides-juridiques\/wp-content\/uploads\/2022\/10\/LV-Logotype.png","width":647,"height":125,"caption":"Guides juridiques"},"image":{"@id":"https:\/\/www.legalvision.fr\/guides-juridiques\/#\/schema\/logo\/image\/"}},{"@type":"Person","@id":"https:\/\/www.legalvision.fr\/guides-juridiques\/#\/schema\/person\/e90cc6850dacf8ea7d81387aab3f9ef0","name":"Esp\u00e9rance Mfumu Mosi","image":{"@type":"ImageObject","inLanguage":"fr-FR","@id":"https:\/\/www.legalvision.fr\/guides-juridiques\/#\/schema\/person\/image\/","url":"https:\/\/www.legalvision.fr\/guides-juridiques\/wp-content\/uploads\/2023\/07\/femme8-96x96.png","contentUrl":"https:\/\/www.legalvision.fr\/guides-juridiques\/wp-content\/uploads\/2023\/07\/femme8-96x96.png","caption":"Esp\u00e9rance Mfumu Mosi"},"description":"Titulaire d'un Master 1 en droit des affaires, j'ai rejoins les \u00e9quipes de Legalvision afin de d\u00e9velopper le contenu juridique.","url":"https:\/\/www.legalvision.fr\/guides-juridiques\/author\/esperance1\/"}]}},"_links":{"self":[{"href":"https:\/\/www.legalvision.fr\/guides-juridiques\/wp-json\/wp\/v2\/posts\/8898","targetHints":{"allow":["GET"]}}],"collection":[{"href":"https:\/\/www.legalvision.fr\/guides-juridiques\/wp-json\/wp\/v2\/posts"}],"about":[{"href":"https:\/\/www.legalvision.fr\/guides-juridiques\/wp-json\/wp\/v2\/types\/post"}],"author":[{"embeddable":true,"href":"https:\/\/www.legalvision.fr\/guides-juridiques\/wp-json\/wp\/v2\/users\/23"}],"replies":[{"embeddable":true,"href":"https:\/\/www.legalvision.fr\/guides-juridiques\/wp-json\/wp\/v2\/comments?post=8898"}],"version-history":[{"count":15,"href":"https:\/\/www.legalvision.fr\/guides-juridiques\/wp-json\/wp\/v2\/posts\/8898\/revisions"}],"predecessor-version":[{"id":45314,"href":"https:\/\/www.legalvision.fr\/guides-juridiques\/wp-json\/wp\/v2\/posts\/8898\/revisions\/45314"}],"wp:featuredmedia":[{"embeddable":true,"href":"https:\/\/www.legalvision.fr\/guides-juridiques\/wp-json\/wp\/v2\/media\/23777"}],"wp:attachment":[{"href":"https:\/\/www.legalvision.fr\/guides-juridiques\/wp-json\/wp\/v2\/media?parent=8898"}],"wp:term":[{"taxonomy":"category","embeddable":true,"href":"https:\/\/www.legalvision.fr\/guides-juridiques\/wp-json\/wp\/v2\/categories?post=8898"},{"taxonomy":"post_tag","embeddable":true,"href":"https:\/\/www.legalvision.fr\/guides-juridiques\/wp-json\/wp\/v2\/tags?post=8898"}],"curies":[{"name":"wp","href":"https:\/\/api.w.org\/{rel}","templated":true}]}}