{"id":8834,"date":"2018-11-07T07:30:53","date_gmt":"2018-11-07T06:30:53","guid":{"rendered":"https:\/\/blog.legalvision.fr\/?p=8834"},"modified":"2022-03-27T21:21:05","modified_gmt":"2022-03-27T19:21:05","slug":"avocat-marches-publics","status":"publish","type":"post","link":"https:\/\/www.legalvision.fr\/guides-juridiques\/actualite-juridique\/avocat-marches-publics\/","title":{"rendered":"Nouvelle r\u00e9forme des avocats et des march\u00e9s publics"},"content":{"rendered":"<p>Est-ce la fin de l\u2019obligation de passer un march\u00e9 public pour contracter avec\u00a0un avocat ? La secr\u00e9taire d\u2019Etat aupr\u00e8s du ministre de l&rsquo;\u00c9conomie et des Finances Delphine G\u00e9ny-Stephann a annonc\u00e9 que bient\u00f4t il sera permis de recourir \u00ab\u00a0librement \u00e0 un avocat lors d&rsquo;une proc\u00e9dure juridictionnelle sans passer par un march\u00e9 public\u00a0\u00bb.<\/p>\n<p><span style=\"font-weight: 400;\">Cette r\u00e9forme r\u00e9pond \u00e0 une demande du Conseil national des Barreaux. Ce dernier aurait m\u00eame souhait\u00e9 aller plus loin. <\/span><span style=\"font-weight: 400;\">Selon le CNB \u00ab\u00a0c\u2019est un arbitrage favorable\u00a0\u00bb. Ce dernier reste toujours mobilis\u00e9 \u00ab\u00a0pour que l\u2019exclusion des march\u00e9s publics soit \u00e9tendue \u00e0 l\u2019ensemble des prestations juridiques susceptibles d\u2019\u00eatre confi\u00e9es \u00e0 des avocats\u00a0\u00bb. <\/span><\/p>\n<p><span style=\"font-weight: 400;\">De nombreux avocats sont contre la passation d\u2019appels d\u2019offres pour leurs services. Ces proc\u00e9dures aggravent la concurrence et peuvent pr\u00e9senter des lourdeurs. De plus, ils entra\u00eenent une baisse des honoraires \u00a0m\u00eame si le droit de la commande publique permet de rejeter les offres anormalement basses. Le recours aux march\u00e9s publics est enfin difficilement compatible avec l\u2019intuitu person\u00e6 entre un avocat et son client ou encore avec le principe de confidentialit\u00e9.<\/span><\/p>\n<h3><strong>Sommaire :\u00a0<\/strong><\/h3>\n<p><a href=\"#1\"><strong>Des march\u00e9s publics confi\u00e9s aux avocats d\u00e9j\u00e0 d\u00e9rogatoires\u00a0<\/strong><\/a><br \/>\n<strong><a href=\"#2\">Le monopole des avocats prot\u00e9g\u00e9s au sein des march\u00e9s publics<\/a>\u00a0<\/strong><\/p>\n<div class=\"wp-block-button\" style=\"text-align:center;\"><a class=\"wp-block-button__link has-background\" href=\"https:\/\/www.legalvision.fr\/tous-les-services\/\">Voir les services LegalVision<\/a><\/div>\n<h2 id=\"1\">Des march\u00e9s publics confi\u00e9s aux avocats d\u00e9j\u00e0 d\u00e9rogatoires<\/h2>\n<p><span style=\"font-weight: 400;\">Si cette r\u00e9forme devait \u00eatre confirm\u00e9e, il s\u2019agirait d\u2019une importante \u00e9volution du droit de la commande publique appliqu\u00e9 aux avocats. Ce dernier est d\u00e9j\u00e0 fortement d\u00e9rogatoire. Son particularisme permet de le concilier avec la d\u00e9ontologie des avocats.<\/span> <span style=\"font-weight: 400;\">En effet<\/span><i><span style=\"font-weight: 400;\">, <\/span><\/i><span style=\"font-weight: 400;\">si des <\/span><a href=\"https:\/\/louislefoyerdecostil.fr\/avocat-marches-publics\/\"><span style=\"font-weight: 400;\">avocats sp\u00e9cialis\u00e9s en droit des march\u00e9s publics<\/span><\/a><span style=\"font-weight: 400;\"> interviennent classiquement en mati\u00e8re de march\u00e9s publics, les avocats agissent \u00e9galement en tant que soumissionnaires pour leur propre compte. En effet, les avocats sont habilit\u00e9s \u00e0 r\u00e9pondre pour eux-m\u00eames aux consultations pass\u00e9s par des pouvoirs adjudicateurs pour leurs besoins juridiques.<\/span><\/p>\n<p><span style=\"font-weight: 400;\">Une partie des prestations juridiques leur est \u00e0 cet \u00e9gard r\u00e9serv\u00e9e en application de la loi\u00a0 31 d\u00e9cembre 1971. C\u2019est ainsi le cas des consultations juridiques ou de la r\u00e9daction d\u2019actes sous seing priv\u00e9. Ils ne peuvent \u00eatre effectu\u00e9s \u00e0 titre habituel que par les professionnels mentionn\u00e9s \u00e0 l\u2019article 54 du 31 d\u00e9cembre 1971. <\/span><\/p>\n<p><span style=\"font-weight: 400;\">Le droit de la commande publique, aujourd\u2019hui r\u00e9gi par l\u2019Ordonnance n\u00b0 2015-899 du 23 juillet 2015 relative aux march\u00e9s publics a adapt\u00e9 les contraintes de la commande publique au m\u00e9tier d\u2019avocats et notamment leurs r\u00e8gles d\u00e9ontologiques. Il convient \u00e0 la fois de faire respecter les principes de libre concurrence, de transparence et d\u2019\u00e9galit\u00e9 entre les candidats, sans m\u00e9conna\u00eetre les r\u00e8gles d\u00e9ontologiques (secret, libre choix, confidentialit\u00e9, comp\u00e9tence du b\u00e2tonnier pour la contestation des honoraires&#8230;).<\/span><\/p>\n<p><span style=\"font-weight: 400;\">Les march\u00e9s publics relatifs \u00e0 certains services juridiques et relevant de l\u2019article 28 du d\u00e9cret du 25 mars 2016 relatif aux march\u00e9s publics sont pass\u00e9s et conclus sous la forme d\u2019une proc\u00e9dure adapt\u00e9e (MAPA).\u00a0 Les march\u00e9s publics de services juridiques de repr\u00e9sentation l\u00e9gale ou de consultation juridique li\u00e9s \u00e0 une proc\u00e9dure contentieuse qui doivent \u00eatre confi\u00e9s \u00e0 un avocat sont, quant \u00e0 eux, en application de l\u2019article 29 du d\u00e9cret, soumis \u00e0 une proc\u00e9dure qui laisse encore davantage de libert\u00e9 \u00e0 l\u2019acheteur.<\/span><\/p>\n<h2 id=\"2\">Le monopole des avocats prot\u00e9g\u00e9s au sein des march\u00e9s publics<\/h2>\n<p><span style=\"font-weight: 400;\">En tout \u00e9tat de cause, la r\u00e9ponse \u00e0 la consultation doit veiller \u00e0 ne pas enfreindre le monopole des avocats et des autres professions juridiques r\u00e9glement\u00e9es. <\/span><\/p>\n<p><span style=\"font-weight: 400;\">Le Conseil d&rsquo;Etat l\u2019a ainsi encore r\u00e9cemment jug\u00e9 s&rsquo;agissant de march\u00e9 publics ne comportant pas exclusivement des prestations juridiques mais o\u00f9 la pr\u00e9sence d\u2019un avocat \u00e9tait requise pour les prestations juridiques. <\/span><\/p>\n<p><span style=\"font-weight: 400;\">Plus pr\u00e9cis\u00e9ment, un avocat ne peut pas postuler \u00e0 un march\u00e9 public en tant que sous traitant ou comme membre d\u2019un groupement solidaire. Il ne peut \u00eatre candidat que comme membre d\u2019un groupement conjoint, avec une r\u00e9partition des prestations permettant de distinguer et de lui confier les prestations juridiques.<\/span><\/p>\n<p><\/p>\n<div class=\"wp-block-button\" style=\"text-align:center;\"><a class=\"wp-block-button__link has-background\" href=\"https:\/\/www.legalvision.fr\/tous-les-services\/\">Voir les services LegalVision<\/a><\/div>\n","protected":false},"excerpt":{"rendered":"<p>Est-ce la fin de l\u2019obligation de passer un march\u00e9 public pour contracter avec\u00a0un avocat ? La secr\u00e9taire d\u2019Etat aupr\u00e8s du ministre de l&rsquo;\u00c9conomie et des Finances Delphine G\u00e9ny-Stephann a annonc\u00e9 que bient\u00f4t il sera permis de recourir \u00ab\u00a0librement \u00e0 un avocat lors d&rsquo;une proc\u00e9dure juridictionnelle sans passer par un march\u00e9 public\u00a0\u00bb. Cette r\u00e9forme r\u00e9pond \u00e0&hellip; <a class=\"more-link\" href=\"https:\/\/www.legalvision.fr\/guides-juridiques\/actualite-juridique\/avocat-marches-publics\/\">Poursuivre la lecture <span class=\"screen-reader-text\">Nouvelle r\u00e9forme des avocats et des march\u00e9s publics<\/span><\/a><\/p>\n","protected":false},"author":30,"featured_media":23782,"comment_status":"open","ping_status":"open","sticky":false,"template":"","format":"standard","meta":{"content-type":"","inline_featured_image":false,"footnotes":""},"categories":[2475],"tags":[],"class_list":["post-8834","post","type-post","status-publish","format-standard","has-post-thumbnail","hentry","category-actualite-juridique","entry"],"yoast_head":"<!-- This site is optimized with the Yoast SEO plugin v27.1.1 - https:\/\/yoast.com\/product\/yoast-seo-wordpress\/ -->\n<title>Nouvelle r\u00e9forme des avocats et des march\u00e9s publics<\/title>\n<meta name=\"description\" content=\"La secr\u00e9taire d\u2019Etat a annonc\u00e9 qu&#039;il sera permis de recourir librement \u00e0 un avocat lors d&#039;une proc\u00e9dure juridictionnelle sans passer par un march\u00e9 public.\" \/>\n<meta name=\"robots\" content=\"index, follow, max-snippet:-1, max-image-preview:large, max-video-preview:-1\" \/>\n<link rel=\"canonical\" href=\"https:\/\/www.legalvision.fr\/guides-juridiques\/actualite-juridique\/avocat-marches-publics\/\" \/>\n<meta property=\"og:locale\" content=\"fr_FR\" \/>\n<meta property=\"og:type\" content=\"article\" \/>\n<meta property=\"og:title\" content=\"Nouvelle r\u00e9forme des avocats et des march\u00e9s publics\" \/>\n<meta property=\"og:description\" content=\"La secr\u00e9taire d\u2019Etat a annonc\u00e9 qu&#039;il sera permis de recourir librement \u00e0 un avocat lors d&#039;une proc\u00e9dure juridictionnelle sans passer par un march\u00e9 public.\" \/>\n<meta property=\"og:url\" content=\"https:\/\/www.legalvision.fr\/guides-juridiques\/actualite-juridique\/avocat-marches-publics\/\" \/>\n<meta property=\"og:site_name\" content=\"Guides juridiques\" \/>\n<meta property=\"article:published_time\" content=\"2018-11-07T06:30:53+00:00\" \/>\n<meta property=\"article:modified_time\" content=\"2022-03-27T19:21:05+00:00\" \/>\n<meta property=\"og:image\" content=\"https:\/\/www.legalvision.fr\/guides-juridiques\/wp-content\/uploads\/2018\/11\/Avocat-min.jpg\" \/>\n\t<meta property=\"og:image:width\" content=\"958\" \/>\n\t<meta property=\"og:image:height\" content=\"350\" \/>\n\t<meta property=\"og:image:type\" content=\"image\/jpeg\" \/>\n<meta name=\"author\" content=\"William Lebrun\" \/>\n<meta name=\"twitter:card\" content=\"summary_large_image\" \/>\n<meta name=\"twitter:label1\" content=\"\u00c9crit par\" \/>\n\t<meta name=\"twitter:data1\" content=\"William Lebrun\" \/>\n\t<meta name=\"twitter:label2\" content=\"Dur\u00e9e de lecture estim\u00e9e\" \/>\n\t<meta name=\"twitter:data2\" content=\"4 minutes\" \/>\n<script type=\"application\/ld+json\" class=\"yoast-schema-graph\">{\"@context\":\"https:\/\/schema.org\",\"@graph\":[{\"@type\":\"Article\",\"@id\":\"https:\/\/www.legalvision.fr\/guides-juridiques\/actualite-juridique\/avocat-marches-publics\/#article\",\"isPartOf\":{\"@id\":\"https:\/\/www.legalvision.fr\/guides-juridiques\/actualite-juridique\/avocat-marches-publics\/\"},\"author\":{\"name\":\"William Lebrun\",\"@id\":\"https:\/\/www.legalvision.fr\/guides-juridiques\/#\/schema\/person\/3d24d0c20575138ed212b2e4b6f7b4b0\"},\"headline\":\"Nouvelle r\u00e9forme des avocats et des march\u00e9s publics\",\"datePublished\":\"2018-11-07T06:30:53+00:00\",\"dateModified\":\"2022-03-27T19:21:05+00:00\",\"mainEntityOfPage\":{\"@id\":\"https:\/\/www.legalvision.fr\/guides-juridiques\/actualite-juridique\/avocat-marches-publics\/\"},\"wordCount\":713,\"commentCount\":0,\"publisher\":{\"@id\":\"https:\/\/www.legalvision.fr\/guides-juridiques\/#organization\"},\"image\":{\"@id\":\"https:\/\/www.legalvision.fr\/guides-juridiques\/actualite-juridique\/avocat-marches-publics\/#primaryimage\"},\"thumbnailUrl\":\"https:\/\/www.legalvision.fr\/guides-juridiques\/wp-content\/uploads\/2018\/11\/Avocat-min.jpg\",\"articleSection\":[\"Actualit\u00e9 juridique\"],\"inLanguage\":\"fr-FR\",\"potentialAction\":[{\"@type\":\"CommentAction\",\"name\":\"Comment\",\"target\":[\"https:\/\/www.legalvision.fr\/guides-juridiques\/actualite-juridique\/avocat-marches-publics\/#respond\"]}]},{\"@type\":\"WebPage\",\"@id\":\"https:\/\/www.legalvision.fr\/guides-juridiques\/actualite-juridique\/avocat-marches-publics\/\",\"url\":\"https:\/\/www.legalvision.fr\/guides-juridiques\/actualite-juridique\/avocat-marches-publics\/\",\"name\":\"Nouvelle r\u00e9forme des avocats et des march\u00e9s publics\",\"isPartOf\":{\"@id\":\"https:\/\/www.legalvision.fr\/guides-juridiques\/#website\"},\"primaryImageOfPage\":{\"@id\":\"https:\/\/www.legalvision.fr\/guides-juridiques\/actualite-juridique\/avocat-marches-publics\/#primaryimage\"},\"image\":{\"@id\":\"https:\/\/www.legalvision.fr\/guides-juridiques\/actualite-juridique\/avocat-marches-publics\/#primaryimage\"},\"thumbnailUrl\":\"https:\/\/www.legalvision.fr\/guides-juridiques\/wp-content\/uploads\/2018\/11\/Avocat-min.jpg\",\"datePublished\":\"2018-11-07T06:30:53+00:00\",\"dateModified\":\"2022-03-27T19:21:05+00:00\",\"description\":\"La secr\u00e9taire d\u2019Etat a annonc\u00e9 qu'il sera permis de recourir librement \u00e0 un avocat lors d'une proc\u00e9dure juridictionnelle sans passer par un march\u00e9 public.\",\"breadcrumb\":{\"@id\":\"https:\/\/www.legalvision.fr\/guides-juridiques\/actualite-juridique\/avocat-marches-publics\/#breadcrumb\"},\"inLanguage\":\"fr-FR\",\"potentialAction\":[{\"@type\":\"ReadAction\",\"target\":[\"https:\/\/www.legalvision.fr\/guides-juridiques\/actualite-juridique\/avocat-marches-publics\/\"]}]},{\"@type\":\"ImageObject\",\"inLanguage\":\"fr-FR\",\"@id\":\"https:\/\/www.legalvision.fr\/guides-juridiques\/actualite-juridique\/avocat-marches-publics\/#primaryimage\",\"url\":\"https:\/\/www.legalvision.fr\/guides-juridiques\/wp-content\/uploads\/2018\/11\/Avocat-min.jpg\",\"contentUrl\":\"https:\/\/www.legalvision.fr\/guides-juridiques\/wp-content\/uploads\/2018\/11\/Avocat-min.jpg\",\"width\":958,\"height\":350,\"caption\":\"Avocat\"},{\"@type\":\"BreadcrumbList\",\"@id\":\"https:\/\/www.legalvision.fr\/guides-juridiques\/actualite-juridique\/avocat-marches-publics\/#breadcrumb\",\"itemListElement\":[{\"@type\":\"ListItem\",\"position\":1,\"name\":\"Accueil\",\"item\":\"https:\/\/www.legalvision.fr\/guides-juridiques\/\"},{\"@type\":\"ListItem\",\"position\":2,\"name\":\"Actualit\u00e9 juridique\",\"item\":\"https:\/\/www.legalvision.fr\/guides-juridiques\/actualite-juridique\/\"},{\"@type\":\"ListItem\",\"position\":3,\"name\":\"Nouvelle r\u00e9forme des avocats et des march\u00e9s publics\"}]},{\"@type\":\"WebSite\",\"@id\":\"https:\/\/www.legalvision.fr\/guides-juridiques\/#website\",\"url\":\"https:\/\/www.legalvision.fr\/guides-juridiques\/\",\"name\":\"Guides juridiques\",\"description\":\"L&#039;information juridique \u00e0 destination des entreprises et TPE\",\"publisher\":{\"@id\":\"https:\/\/www.legalvision.fr\/guides-juridiques\/#organization\"},\"potentialAction\":[{\"@type\":\"SearchAction\",\"target\":{\"@type\":\"EntryPoint\",\"urlTemplate\":\"https:\/\/www.legalvision.fr\/guides-juridiques\/?s={search_term_string}\"},\"query-input\":{\"@type\":\"PropertyValueSpecification\",\"valueRequired\":true,\"valueName\":\"search_term_string\"}}],\"inLanguage\":\"fr-FR\"},{\"@type\":\"Organization\",\"@id\":\"https:\/\/www.legalvision.fr\/guides-juridiques\/#organization\",\"name\":\"Guides juridiques\",\"url\":\"https:\/\/www.legalvision.fr\/guides-juridiques\/\",\"logo\":{\"@type\":\"ImageObject\",\"inLanguage\":\"fr-FR\",\"@id\":\"https:\/\/www.legalvision.fr\/guides-juridiques\/#\/schema\/logo\/image\/\",\"url\":\"https:\/\/www.legalvision.fr\/guides-juridiques\/wp-content\/uploads\/2022\/10\/LV-Logotype.png\",\"contentUrl\":\"https:\/\/www.legalvision.fr\/guides-juridiques\/wp-content\/uploads\/2022\/10\/LV-Logotype.png\",\"width\":647,\"height\":125,\"caption\":\"Guides juridiques\"},\"image\":{\"@id\":\"https:\/\/www.legalvision.fr\/guides-juridiques\/#\/schema\/logo\/image\/\"}},{\"@type\":\"Person\",\"@id\":\"https:\/\/www.legalvision.fr\/guides-juridiques\/#\/schema\/person\/3d24d0c20575138ed212b2e4b6f7b4b0\",\"name\":\"William Lebrun\",\"image\":{\"@type\":\"ImageObject\",\"inLanguage\":\"fr-FR\",\"@id\":\"https:\/\/www.legalvision.fr\/guides-juridiques\/#\/schema\/person\/image\/\",\"url\":\"https:\/\/www.legalvision.fr\/guides-juridiques\/wp-content\/uploads\/2023\/07\/cropped-homme1-96x96.png\",\"contentUrl\":\"https:\/\/www.legalvision.fr\/guides-juridiques\/wp-content\/uploads\/2023\/07\/cropped-homme1-96x96.png\",\"caption\":\"William Lebrun\"},\"description\":\"B\u00e9n\u00e9ficiant de la formation d'un double dipl\u00f4me en droit des affaires et en \u00e9cole de commerce, j'ai un fort attrait pour le droit des soci\u00e9t\u00e9s. Je r\u00e9dige des articles pour vous aider sur vos probl\u00e9matiques.\",\"url\":\"https:\/\/www.legalvision.fr\/guides-juridiques\/author\/aina-rakoto\/\"}]}<\/script>\n<!-- \/ Yoast SEO plugin. -->","yoast_head_json":{"title":"Nouvelle r\u00e9forme des avocats et des march\u00e9s publics","description":"La secr\u00e9taire d\u2019Etat a annonc\u00e9 qu'il sera permis de recourir librement \u00e0 un avocat lors d'une proc\u00e9dure juridictionnelle sans passer par un march\u00e9 public.","robots":{"index":"index","follow":"follow","max-snippet":"max-snippet:-1","max-image-preview":"max-image-preview:large","max-video-preview":"max-video-preview:-1"},"canonical":"https:\/\/www.legalvision.fr\/guides-juridiques\/actualite-juridique\/avocat-marches-publics\/","og_locale":"fr_FR","og_type":"article","og_title":"Nouvelle r\u00e9forme des avocats et des march\u00e9s publics","og_description":"La secr\u00e9taire d\u2019Etat a annonc\u00e9 qu'il sera permis de recourir librement \u00e0 un avocat lors d'une proc\u00e9dure juridictionnelle sans passer par un march\u00e9 public.","og_url":"https:\/\/www.legalvision.fr\/guides-juridiques\/actualite-juridique\/avocat-marches-publics\/","og_site_name":"Guides juridiques","article_published_time":"2018-11-07T06:30:53+00:00","article_modified_time":"2022-03-27T19:21:05+00:00","og_image":[{"width":958,"height":350,"url":"https:\/\/www.legalvision.fr\/guides-juridiques\/wp-content\/uploads\/2018\/11\/Avocat-min.jpg","type":"image\/jpeg"}],"author":"William Lebrun","twitter_card":"summary_large_image","twitter_misc":{"\u00c9crit par":"William Lebrun","Dur\u00e9e de lecture estim\u00e9e":"4 minutes"},"schema":{"@context":"https:\/\/schema.org","@graph":[{"@type":"Article","@id":"https:\/\/www.legalvision.fr\/guides-juridiques\/actualite-juridique\/avocat-marches-publics\/#article","isPartOf":{"@id":"https:\/\/www.legalvision.fr\/guides-juridiques\/actualite-juridique\/avocat-marches-publics\/"},"author":{"name":"William Lebrun","@id":"https:\/\/www.legalvision.fr\/guides-juridiques\/#\/schema\/person\/3d24d0c20575138ed212b2e4b6f7b4b0"},"headline":"Nouvelle r\u00e9forme des avocats et des march\u00e9s publics","datePublished":"2018-11-07T06:30:53+00:00","dateModified":"2022-03-27T19:21:05+00:00","mainEntityOfPage":{"@id":"https:\/\/www.legalvision.fr\/guides-juridiques\/actualite-juridique\/avocat-marches-publics\/"},"wordCount":713,"commentCount":0,"publisher":{"@id":"https:\/\/www.legalvision.fr\/guides-juridiques\/#organization"},"image":{"@id":"https:\/\/www.legalvision.fr\/guides-juridiques\/actualite-juridique\/avocat-marches-publics\/#primaryimage"},"thumbnailUrl":"https:\/\/www.legalvision.fr\/guides-juridiques\/wp-content\/uploads\/2018\/11\/Avocat-min.jpg","articleSection":["Actualit\u00e9 juridique"],"inLanguage":"fr-FR","potentialAction":[{"@type":"CommentAction","name":"Comment","target":["https:\/\/www.legalvision.fr\/guides-juridiques\/actualite-juridique\/avocat-marches-publics\/#respond"]}]},{"@type":"WebPage","@id":"https:\/\/www.legalvision.fr\/guides-juridiques\/actualite-juridique\/avocat-marches-publics\/","url":"https:\/\/www.legalvision.fr\/guides-juridiques\/actualite-juridique\/avocat-marches-publics\/","name":"Nouvelle r\u00e9forme des avocats et des march\u00e9s publics","isPartOf":{"@id":"https:\/\/www.legalvision.fr\/guides-juridiques\/#website"},"primaryImageOfPage":{"@id":"https:\/\/www.legalvision.fr\/guides-juridiques\/actualite-juridique\/avocat-marches-publics\/#primaryimage"},"image":{"@id":"https:\/\/www.legalvision.fr\/guides-juridiques\/actualite-juridique\/avocat-marches-publics\/#primaryimage"},"thumbnailUrl":"https:\/\/www.legalvision.fr\/guides-juridiques\/wp-content\/uploads\/2018\/11\/Avocat-min.jpg","datePublished":"2018-11-07T06:30:53+00:00","dateModified":"2022-03-27T19:21:05+00:00","description":"La secr\u00e9taire d\u2019Etat a annonc\u00e9 qu'il sera permis de recourir librement \u00e0 un avocat lors d'une proc\u00e9dure juridictionnelle sans passer par un march\u00e9 public.","breadcrumb":{"@id":"https:\/\/www.legalvision.fr\/guides-juridiques\/actualite-juridique\/avocat-marches-publics\/#breadcrumb"},"inLanguage":"fr-FR","potentialAction":[{"@type":"ReadAction","target":["https:\/\/www.legalvision.fr\/guides-juridiques\/actualite-juridique\/avocat-marches-publics\/"]}]},{"@type":"ImageObject","inLanguage":"fr-FR","@id":"https:\/\/www.legalvision.fr\/guides-juridiques\/actualite-juridique\/avocat-marches-publics\/#primaryimage","url":"https:\/\/www.legalvision.fr\/guides-juridiques\/wp-content\/uploads\/2018\/11\/Avocat-min.jpg","contentUrl":"https:\/\/www.legalvision.fr\/guides-juridiques\/wp-content\/uploads\/2018\/11\/Avocat-min.jpg","width":958,"height":350,"caption":"Avocat"},{"@type":"BreadcrumbList","@id":"https:\/\/www.legalvision.fr\/guides-juridiques\/actualite-juridique\/avocat-marches-publics\/#breadcrumb","itemListElement":[{"@type":"ListItem","position":1,"name":"Accueil","item":"https:\/\/www.legalvision.fr\/guides-juridiques\/"},{"@type":"ListItem","position":2,"name":"Actualit\u00e9 juridique","item":"https:\/\/www.legalvision.fr\/guides-juridiques\/actualite-juridique\/"},{"@type":"ListItem","position":3,"name":"Nouvelle r\u00e9forme des avocats et des march\u00e9s publics"}]},{"@type":"WebSite","@id":"https:\/\/www.legalvision.fr\/guides-juridiques\/#website","url":"https:\/\/www.legalvision.fr\/guides-juridiques\/","name":"Guides juridiques","description":"L&#039;information juridique \u00e0 destination des entreprises et TPE","publisher":{"@id":"https:\/\/www.legalvision.fr\/guides-juridiques\/#organization"},"potentialAction":[{"@type":"SearchAction","target":{"@type":"EntryPoint","urlTemplate":"https:\/\/www.legalvision.fr\/guides-juridiques\/?s={search_term_string}"},"query-input":{"@type":"PropertyValueSpecification","valueRequired":true,"valueName":"search_term_string"}}],"inLanguage":"fr-FR"},{"@type":"Organization","@id":"https:\/\/www.legalvision.fr\/guides-juridiques\/#organization","name":"Guides juridiques","url":"https:\/\/www.legalvision.fr\/guides-juridiques\/","logo":{"@type":"ImageObject","inLanguage":"fr-FR","@id":"https:\/\/www.legalvision.fr\/guides-juridiques\/#\/schema\/logo\/image\/","url":"https:\/\/www.legalvision.fr\/guides-juridiques\/wp-content\/uploads\/2022\/10\/LV-Logotype.png","contentUrl":"https:\/\/www.legalvision.fr\/guides-juridiques\/wp-content\/uploads\/2022\/10\/LV-Logotype.png","width":647,"height":125,"caption":"Guides juridiques"},"image":{"@id":"https:\/\/www.legalvision.fr\/guides-juridiques\/#\/schema\/logo\/image\/"}},{"@type":"Person","@id":"https:\/\/www.legalvision.fr\/guides-juridiques\/#\/schema\/person\/3d24d0c20575138ed212b2e4b6f7b4b0","name":"William Lebrun","image":{"@type":"ImageObject","inLanguage":"fr-FR","@id":"https:\/\/www.legalvision.fr\/guides-juridiques\/#\/schema\/person\/image\/","url":"https:\/\/www.legalvision.fr\/guides-juridiques\/wp-content\/uploads\/2023\/07\/cropped-homme1-96x96.png","contentUrl":"https:\/\/www.legalvision.fr\/guides-juridiques\/wp-content\/uploads\/2023\/07\/cropped-homme1-96x96.png","caption":"William Lebrun"},"description":"B\u00e9n\u00e9ficiant de la formation d'un double dipl\u00f4me en droit des affaires et en \u00e9cole de commerce, j'ai un fort attrait pour le droit des soci\u00e9t\u00e9s. Je r\u00e9dige des articles pour vous aider sur vos probl\u00e9matiques.","url":"https:\/\/www.legalvision.fr\/guides-juridiques\/author\/aina-rakoto\/"}]}},"_links":{"self":[{"href":"https:\/\/www.legalvision.fr\/guides-juridiques\/wp-json\/wp\/v2\/posts\/8834","targetHints":{"allow":["GET"]}}],"collection":[{"href":"https:\/\/www.legalvision.fr\/guides-juridiques\/wp-json\/wp\/v2\/posts"}],"about":[{"href":"https:\/\/www.legalvision.fr\/guides-juridiques\/wp-json\/wp\/v2\/types\/post"}],"author":[{"embeddable":true,"href":"https:\/\/www.legalvision.fr\/guides-juridiques\/wp-json\/wp\/v2\/users\/30"}],"replies":[{"embeddable":true,"href":"https:\/\/www.legalvision.fr\/guides-juridiques\/wp-json\/wp\/v2\/comments?post=8834"}],"version-history":[{"count":0,"href":"https:\/\/www.legalvision.fr\/guides-juridiques\/wp-json\/wp\/v2\/posts\/8834\/revisions"}],"wp:featuredmedia":[{"embeddable":true,"href":"https:\/\/www.legalvision.fr\/guides-juridiques\/wp-json\/wp\/v2\/media\/23782"}],"wp:attachment":[{"href":"https:\/\/www.legalvision.fr\/guides-juridiques\/wp-json\/wp\/v2\/media?parent=8834"}],"wp:term":[{"taxonomy":"category","embeddable":true,"href":"https:\/\/www.legalvision.fr\/guides-juridiques\/wp-json\/wp\/v2\/categories?post=8834"},{"taxonomy":"post_tag","embeddable":true,"href":"https:\/\/www.legalvision.fr\/guides-juridiques\/wp-json\/wp\/v2\/tags?post=8834"}],"curies":[{"name":"wp","href":"https:\/\/api.w.org\/{rel}","templated":true}]}}