{"id":8541,"date":"2018-10-16T07:30:33","date_gmt":"2018-10-16T06:30:33","guid":{"rendered":"https:\/\/blog.legalvision.fr\/?p=8541"},"modified":"2024-02-07T17:11:55","modified_gmt":"2024-02-07T16:11:55","slug":"selarl","status":"publish","type":"post","link":"https:\/\/www.legalvision.fr\/guides-juridiques\/creer-son-entreprise\/selarl\/","title":{"rendered":"SELARL : une SARL adapt\u00e9e aux besoins des professionnels lib\u00e9raux"},"content":{"rendered":"\t\t<div data-elementor-type=\"wp-post\" data-elementor-id=\"8541\" class=\"elementor elementor-8541\" data-elementor-post-type=\"post\">\n\t\t\t\t<div data-particle_enable=\"false\" data-particle-mobile-disabled=\"false\" class=\"elementor-element elementor-element-2cfd21c e-flex e-con-boxed e-con e-parent\" data-id=\"2cfd21c\" data-element_type=\"container\" data-e-type=\"container\">\n\t\t\t\t\t<div class=\"e-con-inner\">\n\t\t\t\t<div class=\"elementor-element elementor-element-2cb763d elementor-widget elementor-widget-text-editor\" data-id=\"2cb763d\" data-element_type=\"widget\" data-e-type=\"widget\" data-widget_type=\"text-editor.default\">\n\t\t\t\t<div class=\"elementor-widget-container\">\n\t\t\t\t\t\t\t\t\t<p>Vous souhaitez cr\u00e9er votre propre SELARL ? LegalVision vous explique tout !<\/p><p><iframe title=\"SELARL : une SARL adapt\u00e9e aux besoins des professionnels lib\u00e9raux\" width=\"750\" height=\"422\" src=\"https:\/\/www.youtube.com\/embed\/pKCECmtU8os?feature=oembed\" frameborder=\"0\" allow=\"accelerometer; autoplay; clipboard-write; encrypted-media; gyroscope; picture-in-picture\" allowfullscreen><\/iframe><\/p><p>La vie professionnelle d&rsquo;un ind\u00e9pendant s&rsquo;accommode fr\u00e9quemment de la cr\u00e9ation d&rsquo;une soci\u00e9t\u00e9. En effet, si exercer une activit\u00e9 ind\u00e9pendante permet de s&rsquo;affranchir des liens de subordination que pourraient conna\u00eetre un travailleur salari\u00e9, cela suppose \u00e9galement un degr\u00e9 de prise de risque parfois important. Pour cette raison, et bien d&rsquo;autres encore, <a href=\"https:\/\/www.legalvision.fr\/creation-dentreprise\/creer-une-sarl\/\">cr\u00e9er une soci\u00e9t\u00e9<\/a> est souvent pr\u00e9sent\u00e9 comme une solution de choix pour les entrepreneurs. Seulement, cr\u00e9er une soci\u00e9t\u00e9 n&rsquo;est pas l&rsquo;apanage de l&rsquo;entrepreneur-commer\u00e7ant. En effet, des <strong>professionnels lib\u00e9raux peuvent cr\u00e9er des structures au sein desquelles ils pourront exercer leur activit\u00e9<\/strong>. \u00c0 ce titre, il est souvent \u00e9voqu\u00e9 des soci\u00e9t\u00e9s telles que la <strong>SELARL<\/strong>, la <strong>SELAS<\/strong> ou encore la <strong>SELAFA<\/strong>.<\/p><p>La SARL est une soci\u00e9t\u00e9 bien connue de la pratique. Encore aujourd&rsquo;hui, elle trouve la faveur de nombre d&rsquo;entrepreneurs d\u00e9sireux d&rsquo;assurer la protection de leur patrimoine et de s&rsquo;associer. Ainsi, le l\u00e9gislateur a pris l&rsquo;initiative, d\u00e8s 1990, d&rsquo;adapter cette forme sociale afin que des professionnels lib\u00e9raux puissent l&#8217;employer. Alors, la SARL prendra le nom de SELARL.<\/p><h3><strong>Sommaire :\u00a0<\/strong><\/h3><p><a href=\"#1\"><strong>SELARL d\u00e9finition : une SARL particuli\u00e8re<\/strong><\/a><br \/><a href=\"#2\"><strong>La cr\u00e9ation d&rsquo;une SELARL\u00a0<\/strong><\/a><br \/><a href=\"#3\"><strong>Les sp\u00e9cificit\u00e9s dans le fonctionnement d&rsquo;une SELARL<\/strong><\/a><\/p><p>\u00a0<\/p>\t\t\t\t\t\t\t\t<\/div>\n\t\t\t\t<\/div>\n\t\t\t\t\t<\/div>\n\t\t\t\t<\/div>\n\t\t<div data-particle_enable=\"false\" data-particle-mobile-disabled=\"false\" class=\"elementor-element elementor-element-7d8ea4e0 e-flex e-con-boxed e-con e-parent\" data-id=\"7d8ea4e0\" data-element_type=\"container\" data-e-type=\"container\">\n\t\t\t\t\t<div class=\"e-con-inner\">\n\t\t\t\t<div class=\"elementor-element elementor-element-2d87c780 elementor-widget elementor-widget-heading\" data-id=\"2d87c780\" data-element_type=\"widget\" data-e-type=\"widget\" data-widget_type=\"heading.default\">\n\t\t\t\t<div class=\"elementor-widget-container\">\n\t\t\t\t\t<h2 class=\"elementor-heading-title elementor-size-default\">Nos outils pour vous aider : <\/h2>\t\t\t\t<\/div>\n\t\t\t\t<\/div>\n\t\t\t\t\t<\/div>\n\t\t\t\t<\/div>\n\t\t<div data-particle_enable=\"false\" data-particle-mobile-disabled=\"false\" class=\"elementor-element elementor-element-581f6114 e-flex e-con-boxed e-con e-parent\" data-id=\"581f6114\" data-element_type=\"container\" data-e-type=\"container\">\n\t\t\t\t\t<div class=\"e-con-inner\">\n\t\t<div data-particle_enable=\"false\" data-particle-mobile-disabled=\"false\" class=\"elementor-element elementor-element-461c0bd4 e-con-full e-flex e-con e-child\" data-id=\"461c0bd4\" data-element_type=\"container\" data-e-type=\"container\">\n\t\t\t\t<div class=\"elementor-element elementor-element-1827e29a elementor-widget elementor-widget-button\" data-id=\"1827e29a\" data-element_type=\"widget\" data-e-type=\"widget\" data-widget_type=\"button.default\">\n\t\t\t\t<div class=\"elementor-widget-container\">\n\t\t\t\t\t\t\t\t\t<div class=\"elementor-button-wrapper\">\n\t\t\t\t\t<a class=\"elementor-button elementor-button-link elementor-size-sm\" href=\"https:\/\/leonard.fr\/juridique\/creation-entreprise\/creation-dune-sarl-leonard\/?utm_source=blog&#038;utm_medium=CTA&#038;utm_campaign=SELARL_SARL_adaptee_aux_besoins_des_professionnels_liberaux&#038;utm_id=creation_SARL_blog\" target=\"_blank\">\n\t\t\t\t\t\t<span class=\"elementor-button-content-wrapper\">\n\t\t\t\t\t\t\t\t\t<span class=\"elementor-button-text\">Cr\u00e9ez votre SARL en ligne<\/span>\n\t\t\t\t\t<\/span>\n\t\t\t\t\t<\/a>\n\t\t\t\t<\/div>\n\t\t\t\t\t\t\t\t<\/div>\n\t\t\t\t<\/div>\n\t\t\t\t<\/div>\n\t\t<div data-particle_enable=\"false\" data-particle-mobile-disabled=\"false\" class=\"elementor-element elementor-element-5ebc17a4 e-con-full e-flex e-con e-child\" data-id=\"5ebc17a4\" data-element_type=\"container\" data-e-type=\"container\">\n\t\t\t\t<div class=\"elementor-element elementor-element-781b4df7 elementor-widget elementor-widget-button\" data-id=\"781b4df7\" data-element_type=\"widget\" data-e-type=\"widget\" data-widget_type=\"button.default\">\n\t\t\t\t<div class=\"elementor-widget-container\">\n\t\t\t\t\t\t\t\t\t<div class=\"elementor-button-wrapper\">\n\t\t\t\t\t<a class=\"elementor-button elementor-button-link elementor-size-sm\" href=\"https:\/\/meetings.hubspot.com\/global\/leonard-rendez-vous-gratuit-avec-un-juriste?utm_source=blog&#038;utm_medium=CTA&#038;utm_campaign=SELARL_SARL_adaptee_aux_besoins_des_professionnels_liberaux&#038;utm_id=creation_SARL_blog\" target=\"_blank\">\n\t\t\t\t\t\t<span class=\"elementor-button-content-wrapper\">\n\t\t\t\t\t\t\t\t\t<span class=\"elementor-button-text\">Soyez rappel\u00e9 par un juriste gratuitement<\/span>\n\t\t\t\t\t<\/span>\n\t\t\t\t\t<\/a>\n\t\t\t\t<\/div>\n\t\t\t\t\t\t\t\t<\/div>\n\t\t\t\t<\/div>\n\t\t\t\t<\/div>\n\t\t<div data-particle_enable=\"false\" data-particle-mobile-disabled=\"false\" class=\"elementor-element elementor-element-1913da2 e-con-full e-flex e-con e-child\" data-id=\"1913da2\" data-element_type=\"container\" data-e-type=\"container\">\n\t\t\t\t<div data-dce-background-color=\"#85D2F1\" class=\"elementor-element elementor-element-60800535 elementor-widget elementor-widget-button\" data-id=\"60800535\" data-element_type=\"widget\" data-e-type=\"widget\" data-widget_type=\"button.default\">\n\t\t\t\t<div class=\"elementor-widget-container\">\n\t\t\t\t\t\t\t\t\t<div class=\"elementor-button-wrapper\">\n\t\t\t\t\t<a class=\"elementor-button elementor-button-link elementor-size-sm\" href=\"https:\/\/share.hsforms.com\/1MCz4iJkPSsaIbYWlbzl6vw1oyza?utm_source=blog&#038;utm_medium=CTA&#038;utm_campaign=SELARL_SARL_adaptee_aux_besoins_des_professionnels_liberaux&#038;utm_id=creation_SARL_blog\" target=\"_blank\">\n\t\t\t\t\t\t<span class=\"elementor-button-content-wrapper\">\n\t\t\t\t\t\t\t\t\t<span class=\"elementor-button-text\">Publiez votre annonce l\u00e9gale<\/span>\n\t\t\t\t\t<\/span>\n\t\t\t\t\t<\/a>\n\t\t\t\t<\/div>\n\t\t\t\t\t\t\t\t<\/div>\n\t\t\t\t<\/div>\n\t\t\t\t<\/div>\n\t\t\t\t\t<\/div>\n\t\t\t\t<\/div>\n\t\t<div data-particle_enable=\"false\" data-particle-mobile-disabled=\"false\" class=\"elementor-element elementor-element-1936306d e-flex e-con-boxed e-con e-parent\" data-id=\"1936306d\" data-element_type=\"container\" data-e-type=\"container\">\n\t\t\t\t\t<div class=\"e-con-inner\">\n\t\t\t\t<div class=\"elementor-element elementor-element-2a0b9ea8 elementor-widget elementor-widget-text-editor\" data-id=\"2a0b9ea8\" data-element_type=\"widget\" data-e-type=\"widget\" data-widget_type=\"text-editor.default\">\n\t\t\t\t<div class=\"elementor-widget-container\">\n\t\t\t\t\t\t\t\t\t<h2 id=\"1\">\u00a0<\/h2><h2 id=\"1\">\u00a0<\/h2><h2 id=\"1\">SELARL d\u00e9finition : une SARL particuli\u00e8re<\/h2><h3><strong>D\u00e9finition SELARL :<\/strong>\u00a0<strong>S<\/strong>oci\u00e9t\u00e9 d&rsquo;<strong>E<\/strong>xercice <strong>L<\/strong>ib\u00e9ral <strong>\u00c0<\/strong> <strong>R<\/strong>esponsabilit\u00e9 <strong>L<\/strong>imit\u00e9e<\/h3><p>Contrairement \u00e0 ce que son appellation pourrait laisser entendre, la SELARL n&rsquo;est pas une forme sociale particuli\u00e8re. En effet, il s&rsquo;agit simplement d&rsquo;une <strong>adaptation de la forme juridique de la SARL<\/strong>. Ainsi, en adaptant le statut de SARL, la loi a permis aux professionnels lib\u00e9raux de s&rsquo;associer au sein d&rsquo;une structure octroyant une responsabilit\u00e9 limit\u00e9e. C&rsquo;est le caract\u00e8re lib\u00e9ral de l&rsquo;activit\u00e9 exerc\u00e9e qui impactera le r\u00e9gime applicable \u00e0 cette soci\u00e9t\u00e9.<\/p><p>S&rsquo;agissant d&rsquo;une SEL \u00e0 responsabilit\u00e9 limit\u00e9e, cette soci\u00e9t\u00e9 permettra aux associ\u00e9s de <strong>prot\u00e9ger leur patrimoine<\/strong>. N\u00e9anmoins, cette protection n&rsquo;op\u00e9rera que dans une certaine mesure. En effet, la responsabilit\u00e9 limit\u00e9e ne jouera qu&rsquo;envers les cr\u00e9anciers de la soci\u00e9t\u00e9. Par exemple, elle jouera envers les fournisseurs de certains articles n\u00e9cessaires \u00e0 l&rsquo;exercice de la profession ind\u00e9pendante. Mais, elle ne jouera pas pour les <a href=\"https:\/\/www.legifrance.gouv.fr\/affichTexteArticle.do;jsessionid=24BECF5D0EF74A2F69441CDD04C11596.tplgfr36s_2?idArticle=LEGIARTI000006907343&amp;cidTexte=LEGITEXT000006077032&amp;dateTexte=20181010\">actes\u00a0professionnels<\/a> accomplis par les associ\u00e9s. Ainsi, <strong>le professionnel lib\u00e9ral restera pleinement responsable envers ses patients ou ses clients<\/strong>. La soci\u00e9t\u00e9 ne pourra pas s&rsquo;interposer pour supporter l&rsquo;entier poids de ses fautes. Cependant,\u00a0la soci\u00e9t\u00e9 sera tenue solidairement responsable avec l&rsquo;associ\u00e9.<\/p><h3>\u00a0<\/h3><h3>SELARL d\u00e9finition : la SELARL, soci\u00e9t\u00e9 civile ou commerciale ?<\/h3><p>Le SELARL est une soci\u00e9t\u00e9 particuli\u00e8re, de m\u00eame que la plupart des soci\u00e9t\u00e9s d&rsquo;exercice lib\u00e9ral (SEL). Pour cette raison, la question de la nature de la SELARL, <a href=\"https:\/\/blog.legalvision.fr\/2018\/02\/16\/differents-types-de-societes-france\/\">soci\u00e9t\u00e9 civile ou commerciale<\/a>, reste pr\u00e9gnante.<\/p><p>En effet, les SEL sont des soci\u00e9t\u00e9s commerciales par la forme. M\u00eame si elles sont adapt\u00e9es aux professionnels lib\u00e9raux, la plupart des r\u00e8gles du code de commerce s&rsquo;appliqueront \u00e0 ces soci\u00e9t\u00e9s. N\u00e9anmoins, les SEL sont des soci\u00e9t\u00e9s civiles par leur objet. Ces soci\u00e9t\u00e9s sont cr\u00e9\u00e9es par des professionnels lib\u00e9raux pour y exercer leur activit\u00e9. Or, leur activit\u00e9 \u00e9tant civile, le but dans lequel la soci\u00e9t\u00e9 sera cr\u00e9\u00e9e sera civil \u00e9galement. Pour cette raison, le caract\u00e8re civil de la SELARL est retenu. Ainsi, c&rsquo;est aupr\u00e8s des tribunaux d&rsquo;instance ou de grande instance que devront se tourner les associ\u00e9s en cas de litige.<\/p><h3>\u00a0<\/h3><h3>SELARL d\u00e9finition : quand faut-il cr\u00e9er une SELARL ou SARL ?<\/h3><p>Le choix entre SELARL ou SARL d\u00e9pendra de l&rsquo;activit\u00e9 exerc\u00e9e par les associ\u00e9s. Ainsi, d\u00e8s lors que les associ\u00e9s sont des professionnels lib\u00e9raux souhaitant exercer leur activit\u00e9 au sein d&rsquo;une structure commune, le choix de la SEL \u00e0 responsabilit\u00e9 limit\u00e9e s&rsquo;imposera sur celui de la SARL. Par exemple, il sera possible de trouver des SELARL d&rsquo;avocats, ou encore de m\u00e9decins.<\/p><h3>\u00a0<\/h3><h3>SELARL avantages et inconv\u00e9nients<\/h3><p>Comme toute chose, le recours \u00e0 la SEL \u00e0 responsabilit\u00e9 limit\u00e9e pr\u00e9sente des avantages et des inconv\u00e9nients.<\/p><p>Au titre des inconv\u00e9nients, il faut relever les contraintes qu&rsquo;impose la cr\u00e9ation d&rsquo;une soci\u00e9t\u00e9. En effet, il faudra <strong>r\u00e9diger des statuts<\/strong>, effectuer des <strong>apports<\/strong>, et accomplir les <strong>formalit\u00e9s n\u00e9cessaires \u00e0 l&rsquo;<a href=\"https:\/\/blog.legalvision.fr\/2018\/02\/04\/immatriculation-entreprise\/\">immatriculation de la soci\u00e9t\u00e9<\/a><\/strong>. Des clauses particuli\u00e8res, et pr\u00e9cises, devront \u00eatre incluses dans les statuts. \u00c0 ce titre, les statuts de SELARL d&rsquo;avocats d\u00e9montrent souvent de la rigueur \u00e0 faire preuve dans la r\u00e9daction de ce document. Mais, ils t\u00e9moignent \u00e9galement de la complexit\u00e9 qui peut venir entacher cette entreprise.<\/p><p>Encore, cr\u00e9er une soci\u00e9t\u00e9 impliquera de se soumettre \u00e0 toute une s\u00e9rie d&rsquo;obligations. Ainsi, des r\u00e8gles de gestion devront \u00eatre respect\u00e9es, et une comptabilit\u00e9 pr\u00e9cise devra \u00eatre tenue.<\/p><p>Mais, pour la SELARL, avantages et inconv\u00e9nients s&rsquo;\u00e9quilibrent. En effet, la SEL \u00e0 responsabilit\u00e9 limit\u00e9e permet au professionnel lib\u00e9ral d&rsquo;<strong>optimiser sa situation sociale et fiscale<\/strong>. Cr\u00e9er une soci\u00e9t\u00e9\u00a0entra\u00eene des implications en termes de fiscalit\u00e9. En effet, le calcul de l&rsquo;imp\u00f4t se fera au niveau de la soci\u00e9t\u00e9. Encore, la cr\u00e9ation d&rsquo;une soci\u00e9t\u00e9 aura un impact sur le calcul des charges sociales dont devront s&rsquo;acquitter les professionnels lib\u00e9raux.<\/p><p>Au r\u00e9sultat, si cr\u00e9er une SELARL pr\u00e9sente quelques inconv\u00e9nients, cette soci\u00e9t\u00e9 reste un <strong>instrument d&rsquo;optimisation efficace pour les professionnels lib\u00e9raux<\/strong>.<\/p><h2 id=\"2\">\u00a0<\/h2><h2 id=\"2\">La cr\u00e9ation d&rsquo;une SELARL<\/h2><p>Comme pour les autres soci\u00e9t\u00e9s, l&rsquo;immatriculation SELARL ne pourra \u00eatre obtenue qu&rsquo;une fois toute une s\u00e9rie de formalit\u00e9s accomplies.<\/p><p>Pour commencer, il conviendra de <strong>r\u00e9diger les statuts de la soci\u00e9t\u00e9<\/strong>. Au titre de l&rsquo;objet social, celui-ci devra se limiter \u00e0 l&rsquo;exercice de la profession lib\u00e9rale exerc\u00e9e par les associ\u00e9s. Les statuts ne pourront viser qu&rsquo;une seule profession ; il ne sera pas possible, sauf cas particuliers, de cr\u00e9er une SELARL pluri-disciplinaire. Ainsi, les statuts de SELARL d&rsquo;avocats viseront l&rsquo;exercice de la profession d&rsquo;avocat, et ceux d&rsquo;une soci\u00e9t\u00e9 de m\u00e9decins viseront l&rsquo;exercice de cette m\u00eame profession.<\/p><p>Comme pour toute soci\u00e9t\u00e9, il sera \u00e9galement n\u00e9cessaire de constituer le <strong>capital social<\/strong> de la SELARL. Encore, il sera n\u00e9cessaire de <strong>publier une annonce l\u00e9gale<\/strong> de cr\u00e9ation de soci\u00e9t\u00e9. Une fois cela fait, il faudra <strong><a href=\"https:\/\/www.legifrance.gouv.fr\/affichTexteArticle.do;jsessionid=26F32DBE5DFD5BE2E18D6E98019507F7.tplgfr29s_2?idArticle=LEGIARTI000031009419&amp;cidTexte=LEGITEXT000006077032&amp;dateTexte=20181011\">faire agr\u00e9er la soci\u00e9t\u00e9<\/a><\/strong>. En effet, compte tenu de la nature de l&rsquo;activit\u00e9 de ses membres, une SELARL ne peut \u00eatre immatricul\u00e9e que si l&rsquo;autorit\u00e9 comp\u00e9tente lui d\u00e9livre une autorisation pr\u00e9alable.<\/p><p>Une fois cette autorisation obtenue, il sera possible de proc\u00e9der \u00e0 l&rsquo;<a href=\"https:\/\/www.legalvision.fr\/creation-dentreprise\/creer-une-sarl\/\"><strong>immatriculation de la SEL \u00e0 responsabilit\u00e9 limit\u00e9e<\/strong><\/a>. Pour cela, il conviendra de constituer un dossier de cr\u00e9ation de soci\u00e9t\u00e9 \u00e0 d\u00e9poser aupr\u00e8s du greffe. Ainsi, il faudra compl\u00e9ter un <a href=\"https:\/\/www.infogreffe.fr\/documents\/10179\/21271\/Formulaire+M0+SARL\/4b7870ec-f8a7-40b8-acef-eef80d27bd9f\">formulaire M0 SARL<\/a>, et y joindre toutes les pi\u00e8ces justificatives n\u00e9cessaires \u00e0 l&rsquo;immatriculation.<\/p><h2 id=\"3\">\u00a0<\/h2><h2 id=\"3\">Les sp\u00e9cificit\u00e9s dans le fonctionnement de la SELARL<\/h2><p>La SELARL pr\u00e9sente plusieurs sp\u00e9cificit\u00e9s par rapport \u00e0 une SARL classique.<\/p><p>Pour commencer, la direction de la SELARL doit obligatoirement \u00eatre assur\u00e9e par l&rsquo;<a href=\"https:\/\/www.legifrance.gouv.fr\/affichTexteArticle.do;jsessionid=26F32DBE5DFD5BE2E18D6E98019507F7.tplgfr29s_2?idArticle=LEGIARTI000031009361&amp;cidTexte=LEGITEXT000006077032&amp;dateTexte=20181011\"><strong>un des associ\u00e9s exer\u00e7ant sa profession au sein de la soci\u00e9t\u00e9<\/strong><\/a>. Ainsi, il ne sera pas possible de confier la direction de la soci\u00e9t\u00e9 \u00e0 une personne en \u00e9tant \u00e9trang\u00e8re. De m\u00eame, la direction de la soci\u00e9t\u00e9 devra obligatoirement \u00eatre confi\u00e9e \u00e0 l&rsquo;un des associ\u00e9s, professionnel lib\u00e9ral, exer\u00e7ant son activit\u00e9 en son sein.\u00a0Il s&rsquo;agit l\u00e0 d&rsquo;une mesure de s\u00e9curit\u00e9 pour les professionnels. La\u00a0gestion des affaires de la soci\u00e9t\u00e9 ne pourra donc pas leur \u00e9chapper.<\/p><p>Ensuite, la r\u00e9partition du capital social de la SELARL est contr\u00f4l\u00e9e. En effet, les associ\u00e9s exer\u00e7ant leur activit\u00e9 au sein de la SELARL doivent <a href=\"https:\/\/www.legifrance.gouv.fr\/affichTexteArticle.do;jsessionid=26F32DBE5DFD5BE2E18D6E98019507F7.tplgfr29s_2?idArticle=LEGIARTI000031009412&amp;cidTexte=LEGITEXT000006077032&amp;dateTexte=20181011\">conserver la majorit\u00e9 du capital social<\/a>. N\u00e9anmoins, quelques am\u00e9nagements existent quant \u00e0 cette obligation. Dans certaines circonstances, les associ\u00e9s peuvent d\u00e9tenir moins de la moiti\u00e9 du capital social.<\/p><p>Enfin, concernant la cession des parts de la SELARL, un <a href=\"https:\/\/www.legifrance.gouv.fr\/affichTexteArticle.do;jsessionid=26F32DBE5DFD5BE2E18D6E98019507F7.tplgfr29s_2?idArticle=LEGIARTI000031009384&amp;cidTexte=LEGITEXT000006077032&amp;dateTexte=20181011\">agr\u00e9ment <\/a>devra \u00eatre recueilli. L\u00e0 encore, le pouvoir sera laiss\u00e9 entre les mains des associ\u00e9s exer\u00e7ant leur activit\u00e9 dans le cadre de la soci\u00e9t\u00e9. En effet, seules leurs voix seront prises en compte pour l&rsquo;exigence d&rsquo;une majorit\u00e9 des 3\/4. \u00c0 d\u00e9faut de cette majorit\u00e9, l&rsquo;agr\u00e9ment sera refus\u00e9, et la cession des parts impossible.<\/p><p>Ainsi, il appara\u00eet que <a href=\"https:\/\/www.legalvision.fr\/creation-dentreprise\/creer-une-sarl\/\">cr\u00e9er une SEL \u00e0 responsabilit\u00e9 limit\u00e9e<\/a> revient r\u00e9ellement \u00e0 cr\u00e9er une soci\u00e9t\u00e9 au service des professionnels lib\u00e9raux.<\/p><div class=\"wp-block-button\" style=\"text-align: center;\">\u00a0<\/div><div class=\"wp-block-button\" style=\"text-align: center;\">\u00a0<\/div><div class=\"wp-block-button\" style=\"text-align: center;\">\u00a0<\/div><div class=\"wp-block-button\" style=\"text-align: center;\">\u00a0<\/div><div class=\"wp-block-button\" style=\"text-align: center;\">\u00a0<\/div><div class=\"wp-block-button\" style=\"text-align: center;\">\u00a0<\/div><div class=\"wp-block-button\" style=\"text-align: center;\"><a class=\"wp-block-button__link has-background\" href=\"https:\/\/leonard.fr\/juridique\/creation-entreprise\/creation-dune-sarl-leonard\/?utm_source=blog&amp;utm_medium=CTA&amp;utm_campaign=SELARL_SARL_adaptee_aux_besoins_des_professionnels_liberaux&amp;utm_id=creation_SARL_blog\">Cr\u00e9ez votre SARL en ligne<\/a><\/div>\t\t\t\t\t\t\t\t<\/div>\n\t\t\t\t<\/div>\n\t\t\t\t\t<\/div>\n\t\t\t\t<\/div>\n\t\t\t\t<\/div>\n\t\t","protected":false},"excerpt":{"rendered":"<p>Vous souhaitez cr\u00e9er votre propre SELARL ? LegalVision vous explique tout ! La vie professionnelle d&rsquo;un ind\u00e9pendant s&rsquo;accommode fr\u00e9quemment de la cr\u00e9ation d&rsquo;une soci\u00e9t\u00e9. En effet, si exercer une activit\u00e9 ind\u00e9pendante permet de s&rsquo;affranchir des liens de subordination que pourraient conna\u00eetre un travailleur salari\u00e9, cela suppose \u00e9galement un degr\u00e9 de prise de risque parfois important.&hellip; <a class=\"more-link\" href=\"https:\/\/www.legalvision.fr\/guides-juridiques\/creer-son-entreprise\/selarl\/\">Poursuivre la lecture <span class=\"screen-reader-text\">SELARL : une SARL adapt\u00e9e aux besoins des professionnels lib\u00e9raux<\/span><\/a><\/p>\n","protected":false},"author":18,"featured_media":23517,"comment_status":"open","ping_status":"open","sticky":false,"template":"","format":"standard","meta":{"content-type":"","inline_featured_image":false,"footnotes":""},"categories":[2481],"tags":[],"class_list":["post-8541","post","type-post","status-publish","format-standard","has-post-thumbnail","hentry","category-creer-son-entreprise","entry"],"yoast_head":"<!-- This site is optimized with the Yoast SEO plugin v27.1.1 - https:\/\/yoast.com\/product\/yoast-seo-wordpress\/ -->\n<title>SELARL : une soci\u00e9t\u00e9 pour s&#039;associer en tant que professionnel lib\u00e9ral<\/title>\n<meta name=\"description\" content=\"LegalVision vous informe sur le statut de SELARL, une soci\u00e9t\u00e9 destin\u00e9e aux professionnels lib\u00e9raux souhaitant se regrouper au sein d&#039;une structure.\" \/>\n<meta name=\"robots\" content=\"index, follow, max-snippet:-1, max-image-preview:large, max-video-preview:-1\" \/>\n<link rel=\"canonical\" href=\"https:\/\/www.legalvision.fr\/guides-juridiques\/creer-son-entreprise\/selarl\/\" \/>\n<meta property=\"og:locale\" content=\"fr_FR\" \/>\n<meta property=\"og:type\" content=\"article\" \/>\n<meta property=\"og:title\" content=\"SELARL : une soci\u00e9t\u00e9 pour s&#039;associer en tant que professionnel lib\u00e9ral\" \/>\n<meta property=\"og:description\" content=\"LegalVision vous informe sur le statut de SELARL, une soci\u00e9t\u00e9 destin\u00e9e aux professionnels lib\u00e9raux souhaitant se regrouper au sein d&#039;une structure.\" \/>\n<meta property=\"og:url\" content=\"https:\/\/www.legalvision.fr\/guides-juridiques\/creer-son-entreprise\/selarl\/\" \/>\n<meta property=\"og:site_name\" content=\"Guides juridiques\" \/>\n<meta property=\"article:published_time\" content=\"2018-10-16T06:30:33+00:00\" \/>\n<meta property=\"article:modified_time\" content=\"2024-02-07T16:11:55+00:00\" \/>\n<meta property=\"og:image\" content=\"https:\/\/www.legalvision.fr\/guides-juridiques\/wp-content\/uploads\/2018\/10\/SELARL.jpg\" \/>\n\t<meta property=\"og:image:width\" content=\"958\" \/>\n\t<meta property=\"og:image:height\" content=\"350\" \/>\n\t<meta property=\"og:image:type\" content=\"image\/jpeg\" \/>\n<meta name=\"author\" content=\"Valentin Giandomenico\" \/>\n<meta name=\"twitter:card\" content=\"summary_large_image\" \/>\n<meta name=\"twitter:label1\" content=\"\u00c9crit par\" \/>\n\t<meta name=\"twitter:data1\" content=\"Valentin Giandomenico\" \/>\n\t<meta name=\"twitter:label2\" content=\"Dur\u00e9e de lecture estim\u00e9e\" \/>\n\t<meta name=\"twitter:data2\" content=\"7 minutes\" \/>\n<script type=\"application\/ld+json\" class=\"yoast-schema-graph\">{\"@context\":\"https:\/\/schema.org\",\"@graph\":[{\"@type\":\"Article\",\"@id\":\"https:\/\/www.legalvision.fr\/guides-juridiques\/creer-son-entreprise\/selarl\/#article\",\"isPartOf\":{\"@id\":\"https:\/\/www.legalvision.fr\/guides-juridiques\/creer-son-entreprise\/selarl\/\"},\"author\":{\"name\":\"Valentin Giandomenico\",\"@id\":\"https:\/\/www.legalvision.fr\/guides-juridiques\/#\/schema\/person\/67f95ffb60649ed460d4778154ac2031\"},\"headline\":\"SELARL : une SARL adapt\u00e9e aux besoins des professionnels lib\u00e9raux\",\"datePublished\":\"2018-10-16T06:30:33+00:00\",\"dateModified\":\"2024-02-07T16:11:55+00:00\",\"mainEntityOfPage\":{\"@id\":\"https:\/\/www.legalvision.fr\/guides-juridiques\/creer-son-entreprise\/selarl\/\"},\"wordCount\":1568,\"commentCount\":0,\"publisher\":{\"@id\":\"https:\/\/www.legalvision.fr\/guides-juridiques\/#organization\"},\"image\":{\"@id\":\"https:\/\/www.legalvision.fr\/guides-juridiques\/creer-son-entreprise\/selarl\/#primaryimage\"},\"thumbnailUrl\":\"https:\/\/www.legalvision.fr\/guides-juridiques\/wp-content\/uploads\/2018\/10\/SELARL.jpg\",\"articleSection\":[\"Cr\u00e9er son entreprise\"],\"inLanguage\":\"fr-FR\",\"potentialAction\":[{\"@type\":\"CommentAction\",\"name\":\"Comment\",\"target\":[\"https:\/\/www.legalvision.fr\/guides-juridiques\/creer-son-entreprise\/selarl\/#respond\"]}]},{\"@type\":\"WebPage\",\"@id\":\"https:\/\/www.legalvision.fr\/guides-juridiques\/creer-son-entreprise\/selarl\/\",\"url\":\"https:\/\/www.legalvision.fr\/guides-juridiques\/creer-son-entreprise\/selarl\/\",\"name\":\"SELARL : une soci\u00e9t\u00e9 pour s'associer en tant que professionnel lib\u00e9ral\",\"isPartOf\":{\"@id\":\"https:\/\/www.legalvision.fr\/guides-juridiques\/#website\"},\"primaryImageOfPage\":{\"@id\":\"https:\/\/www.legalvision.fr\/guides-juridiques\/creer-son-entreprise\/selarl\/#primaryimage\"},\"image\":{\"@id\":\"https:\/\/www.legalvision.fr\/guides-juridiques\/creer-son-entreprise\/selarl\/#primaryimage\"},\"thumbnailUrl\":\"https:\/\/www.legalvision.fr\/guides-juridiques\/wp-content\/uploads\/2018\/10\/SELARL.jpg\",\"datePublished\":\"2018-10-16T06:30:33+00:00\",\"dateModified\":\"2024-02-07T16:11:55+00:00\",\"description\":\"LegalVision vous informe sur le statut de SELARL, une soci\u00e9t\u00e9 destin\u00e9e aux professionnels lib\u00e9raux souhaitant se regrouper au sein d'une structure.\",\"breadcrumb\":{\"@id\":\"https:\/\/www.legalvision.fr\/guides-juridiques\/creer-son-entreprise\/selarl\/#breadcrumb\"},\"inLanguage\":\"fr-FR\",\"potentialAction\":[{\"@type\":\"ReadAction\",\"target\":[\"https:\/\/www.legalvision.fr\/guides-juridiques\/creer-son-entreprise\/selarl\/\"]}]},{\"@type\":\"ImageObject\",\"inLanguage\":\"fr-FR\",\"@id\":\"https:\/\/www.legalvision.fr\/guides-juridiques\/creer-son-entreprise\/selarl\/#primaryimage\",\"url\":\"https:\/\/www.legalvision.fr\/guides-juridiques\/wp-content\/uploads\/2018\/10\/SELARL.jpg\",\"contentUrl\":\"https:\/\/www.legalvision.fr\/guides-juridiques\/wp-content\/uploads\/2018\/10\/SELARL.jpg\",\"width\":958,\"height\":350,\"caption\":\"SELARL\"},{\"@type\":\"BreadcrumbList\",\"@id\":\"https:\/\/www.legalvision.fr\/guides-juridiques\/creer-son-entreprise\/selarl\/#breadcrumb\",\"itemListElement\":[{\"@type\":\"ListItem\",\"position\":1,\"name\":\"Accueil\",\"item\":\"https:\/\/www.legalvision.fr\/guides-juridiques\/\"},{\"@type\":\"ListItem\",\"position\":2,\"name\":\"Cr\u00e9er son entreprise\",\"item\":\"https:\/\/www.legalvision.fr\/guides-juridiques\/creer-son-entreprise\/\"},{\"@type\":\"ListItem\",\"position\":3,\"name\":\"SELARL : une SARL adapt\u00e9e aux besoins des professionnels lib\u00e9raux\"}]},{\"@type\":\"WebSite\",\"@id\":\"https:\/\/www.legalvision.fr\/guides-juridiques\/#website\",\"url\":\"https:\/\/www.legalvision.fr\/guides-juridiques\/\",\"name\":\"Guides juridiques\",\"description\":\"L&#039;information juridique \u00e0 destination des entreprises et TPE\",\"publisher\":{\"@id\":\"https:\/\/www.legalvision.fr\/guides-juridiques\/#organization\"},\"potentialAction\":[{\"@type\":\"SearchAction\",\"target\":{\"@type\":\"EntryPoint\",\"urlTemplate\":\"https:\/\/www.legalvision.fr\/guides-juridiques\/?s={search_term_string}\"},\"query-input\":{\"@type\":\"PropertyValueSpecification\",\"valueRequired\":true,\"valueName\":\"search_term_string\"}}],\"inLanguage\":\"fr-FR\"},{\"@type\":\"Organization\",\"@id\":\"https:\/\/www.legalvision.fr\/guides-juridiques\/#organization\",\"name\":\"Guides juridiques\",\"url\":\"https:\/\/www.legalvision.fr\/guides-juridiques\/\",\"logo\":{\"@type\":\"ImageObject\",\"inLanguage\":\"fr-FR\",\"@id\":\"https:\/\/www.legalvision.fr\/guides-juridiques\/#\/schema\/logo\/image\/\",\"url\":\"https:\/\/www.legalvision.fr\/guides-juridiques\/wp-content\/uploads\/2022\/10\/LV-Logotype.png\",\"contentUrl\":\"https:\/\/www.legalvision.fr\/guides-juridiques\/wp-content\/uploads\/2022\/10\/LV-Logotype.png\",\"width\":647,\"height\":125,\"caption\":\"Guides juridiques\"},\"image\":{\"@id\":\"https:\/\/www.legalvision.fr\/guides-juridiques\/#\/schema\/logo\/image\/\"}},{\"@type\":\"Person\",\"@id\":\"https:\/\/www.legalvision.fr\/guides-juridiques\/#\/schema\/person\/67f95ffb60649ed460d4778154ac2031\",\"name\":\"Valentin Giandomenico\",\"image\":{\"@type\":\"ImageObject\",\"inLanguage\":\"fr-FR\",\"@id\":\"https:\/\/www.legalvision.fr\/guides-juridiques\/#\/schema\/person\/image\/\",\"url\":\"https:\/\/www.legalvision.fr\/guides-juridiques\/wp-content\/uploads\/2023\/07\/cropped-homme13-96x96.png\",\"contentUrl\":\"https:\/\/www.legalvision.fr\/guides-juridiques\/wp-content\/uploads\/2023\/07\/cropped-homme13-96x96.png\",\"caption\":\"Valentin Giandomenico\"},\"description\":\"Valentin est juriste au sein de LegalVision. Titulaire d'un M2 en droit des affaires, il s'int\u00e9resse tout particuli\u00e8rement au droit des soci\u00e9t\u00e9s.\",\"url\":\"https:\/\/www.legalvision.fr\/guides-juridiques\/author\/valentin1\/\"}]}<\/script>\n<!-- \/ Yoast SEO plugin. -->","yoast_head_json":{"title":"SELARL : une soci\u00e9t\u00e9 pour s'associer en tant que professionnel lib\u00e9ral","description":"LegalVision vous informe sur le statut de SELARL, une soci\u00e9t\u00e9 destin\u00e9e aux professionnels lib\u00e9raux souhaitant se regrouper au sein d'une structure.","robots":{"index":"index","follow":"follow","max-snippet":"max-snippet:-1","max-image-preview":"max-image-preview:large","max-video-preview":"max-video-preview:-1"},"canonical":"https:\/\/www.legalvision.fr\/guides-juridiques\/creer-son-entreprise\/selarl\/","og_locale":"fr_FR","og_type":"article","og_title":"SELARL : une soci\u00e9t\u00e9 pour s'associer en tant que professionnel lib\u00e9ral","og_description":"LegalVision vous informe sur le statut de SELARL, une soci\u00e9t\u00e9 destin\u00e9e aux professionnels lib\u00e9raux souhaitant se regrouper au sein d'une structure.","og_url":"https:\/\/www.legalvision.fr\/guides-juridiques\/creer-son-entreprise\/selarl\/","og_site_name":"Guides juridiques","article_published_time":"2018-10-16T06:30:33+00:00","article_modified_time":"2024-02-07T16:11:55+00:00","og_image":[{"width":958,"height":350,"url":"https:\/\/www.legalvision.fr\/guides-juridiques\/wp-content\/uploads\/2018\/10\/SELARL.jpg","type":"image\/jpeg"}],"author":"Valentin Giandomenico","twitter_card":"summary_large_image","twitter_misc":{"\u00c9crit par":"Valentin Giandomenico","Dur\u00e9e de lecture estim\u00e9e":"7 minutes"},"schema":{"@context":"https:\/\/schema.org","@graph":[{"@type":"Article","@id":"https:\/\/www.legalvision.fr\/guides-juridiques\/creer-son-entreprise\/selarl\/#article","isPartOf":{"@id":"https:\/\/www.legalvision.fr\/guides-juridiques\/creer-son-entreprise\/selarl\/"},"author":{"name":"Valentin Giandomenico","@id":"https:\/\/www.legalvision.fr\/guides-juridiques\/#\/schema\/person\/67f95ffb60649ed460d4778154ac2031"},"headline":"SELARL : une SARL adapt\u00e9e aux besoins des professionnels lib\u00e9raux","datePublished":"2018-10-16T06:30:33+00:00","dateModified":"2024-02-07T16:11:55+00:00","mainEntityOfPage":{"@id":"https:\/\/www.legalvision.fr\/guides-juridiques\/creer-son-entreprise\/selarl\/"},"wordCount":1568,"commentCount":0,"publisher":{"@id":"https:\/\/www.legalvision.fr\/guides-juridiques\/#organization"},"image":{"@id":"https:\/\/www.legalvision.fr\/guides-juridiques\/creer-son-entreprise\/selarl\/#primaryimage"},"thumbnailUrl":"https:\/\/www.legalvision.fr\/guides-juridiques\/wp-content\/uploads\/2018\/10\/SELARL.jpg","articleSection":["Cr\u00e9er son entreprise"],"inLanguage":"fr-FR","potentialAction":[{"@type":"CommentAction","name":"Comment","target":["https:\/\/www.legalvision.fr\/guides-juridiques\/creer-son-entreprise\/selarl\/#respond"]}]},{"@type":"WebPage","@id":"https:\/\/www.legalvision.fr\/guides-juridiques\/creer-son-entreprise\/selarl\/","url":"https:\/\/www.legalvision.fr\/guides-juridiques\/creer-son-entreprise\/selarl\/","name":"SELARL : une soci\u00e9t\u00e9 pour s'associer en tant que professionnel lib\u00e9ral","isPartOf":{"@id":"https:\/\/www.legalvision.fr\/guides-juridiques\/#website"},"primaryImageOfPage":{"@id":"https:\/\/www.legalvision.fr\/guides-juridiques\/creer-son-entreprise\/selarl\/#primaryimage"},"image":{"@id":"https:\/\/www.legalvision.fr\/guides-juridiques\/creer-son-entreprise\/selarl\/#primaryimage"},"thumbnailUrl":"https:\/\/www.legalvision.fr\/guides-juridiques\/wp-content\/uploads\/2018\/10\/SELARL.jpg","datePublished":"2018-10-16T06:30:33+00:00","dateModified":"2024-02-07T16:11:55+00:00","description":"LegalVision vous informe sur le statut de SELARL, une soci\u00e9t\u00e9 destin\u00e9e aux professionnels lib\u00e9raux souhaitant se regrouper au sein d'une structure.","breadcrumb":{"@id":"https:\/\/www.legalvision.fr\/guides-juridiques\/creer-son-entreprise\/selarl\/#breadcrumb"},"inLanguage":"fr-FR","potentialAction":[{"@type":"ReadAction","target":["https:\/\/www.legalvision.fr\/guides-juridiques\/creer-son-entreprise\/selarl\/"]}]},{"@type":"ImageObject","inLanguage":"fr-FR","@id":"https:\/\/www.legalvision.fr\/guides-juridiques\/creer-son-entreprise\/selarl\/#primaryimage","url":"https:\/\/www.legalvision.fr\/guides-juridiques\/wp-content\/uploads\/2018\/10\/SELARL.jpg","contentUrl":"https:\/\/www.legalvision.fr\/guides-juridiques\/wp-content\/uploads\/2018\/10\/SELARL.jpg","width":958,"height":350,"caption":"SELARL"},{"@type":"BreadcrumbList","@id":"https:\/\/www.legalvision.fr\/guides-juridiques\/creer-son-entreprise\/selarl\/#breadcrumb","itemListElement":[{"@type":"ListItem","position":1,"name":"Accueil","item":"https:\/\/www.legalvision.fr\/guides-juridiques\/"},{"@type":"ListItem","position":2,"name":"Cr\u00e9er son entreprise","item":"https:\/\/www.legalvision.fr\/guides-juridiques\/creer-son-entreprise\/"},{"@type":"ListItem","position":3,"name":"SELARL : une SARL adapt\u00e9e aux besoins des professionnels lib\u00e9raux"}]},{"@type":"WebSite","@id":"https:\/\/www.legalvision.fr\/guides-juridiques\/#website","url":"https:\/\/www.legalvision.fr\/guides-juridiques\/","name":"Guides juridiques","description":"L&#039;information juridique \u00e0 destination des entreprises et TPE","publisher":{"@id":"https:\/\/www.legalvision.fr\/guides-juridiques\/#organization"},"potentialAction":[{"@type":"SearchAction","target":{"@type":"EntryPoint","urlTemplate":"https:\/\/www.legalvision.fr\/guides-juridiques\/?s={search_term_string}"},"query-input":{"@type":"PropertyValueSpecification","valueRequired":true,"valueName":"search_term_string"}}],"inLanguage":"fr-FR"},{"@type":"Organization","@id":"https:\/\/www.legalvision.fr\/guides-juridiques\/#organization","name":"Guides juridiques","url":"https:\/\/www.legalvision.fr\/guides-juridiques\/","logo":{"@type":"ImageObject","inLanguage":"fr-FR","@id":"https:\/\/www.legalvision.fr\/guides-juridiques\/#\/schema\/logo\/image\/","url":"https:\/\/www.legalvision.fr\/guides-juridiques\/wp-content\/uploads\/2022\/10\/LV-Logotype.png","contentUrl":"https:\/\/www.legalvision.fr\/guides-juridiques\/wp-content\/uploads\/2022\/10\/LV-Logotype.png","width":647,"height":125,"caption":"Guides juridiques"},"image":{"@id":"https:\/\/www.legalvision.fr\/guides-juridiques\/#\/schema\/logo\/image\/"}},{"@type":"Person","@id":"https:\/\/www.legalvision.fr\/guides-juridiques\/#\/schema\/person\/67f95ffb60649ed460d4778154ac2031","name":"Valentin Giandomenico","image":{"@type":"ImageObject","inLanguage":"fr-FR","@id":"https:\/\/www.legalvision.fr\/guides-juridiques\/#\/schema\/person\/image\/","url":"https:\/\/www.legalvision.fr\/guides-juridiques\/wp-content\/uploads\/2023\/07\/cropped-homme13-96x96.png","contentUrl":"https:\/\/www.legalvision.fr\/guides-juridiques\/wp-content\/uploads\/2023\/07\/cropped-homme13-96x96.png","caption":"Valentin Giandomenico"},"description":"Valentin est juriste au sein de LegalVision. Titulaire d'un M2 en droit des affaires, il s'int\u00e9resse tout particuli\u00e8rement au droit des soci\u00e9t\u00e9s.","url":"https:\/\/www.legalvision.fr\/guides-juridiques\/author\/valentin1\/"}]}},"_links":{"self":[{"href":"https:\/\/www.legalvision.fr\/guides-juridiques\/wp-json\/wp\/v2\/posts\/8541","targetHints":{"allow":["GET"]}}],"collection":[{"href":"https:\/\/www.legalvision.fr\/guides-juridiques\/wp-json\/wp\/v2\/posts"}],"about":[{"href":"https:\/\/www.legalvision.fr\/guides-juridiques\/wp-json\/wp\/v2\/types\/post"}],"author":[{"embeddable":true,"href":"https:\/\/www.legalvision.fr\/guides-juridiques\/wp-json\/wp\/v2\/users\/18"}],"replies":[{"embeddable":true,"href":"https:\/\/www.legalvision.fr\/guides-juridiques\/wp-json\/wp\/v2\/comments?post=8541"}],"version-history":[{"count":15,"href":"https:\/\/www.legalvision.fr\/guides-juridiques\/wp-json\/wp\/v2\/posts\/8541\/revisions"}],"predecessor-version":[{"id":44875,"href":"https:\/\/www.legalvision.fr\/guides-juridiques\/wp-json\/wp\/v2\/posts\/8541\/revisions\/44875"}],"wp:featuredmedia":[{"embeddable":true,"href":"https:\/\/www.legalvision.fr\/guides-juridiques\/wp-json\/wp\/v2\/media\/23517"}],"wp:attachment":[{"href":"https:\/\/www.legalvision.fr\/guides-juridiques\/wp-json\/wp\/v2\/media?parent=8541"}],"wp:term":[{"taxonomy":"category","embeddable":true,"href":"https:\/\/www.legalvision.fr\/guides-juridiques\/wp-json\/wp\/v2\/categories?post=8541"},{"taxonomy":"post_tag","embeddable":true,"href":"https:\/\/www.legalvision.fr\/guides-juridiques\/wp-json\/wp\/v2\/tags?post=8541"}],"curies":[{"name":"wp","href":"https:\/\/api.w.org\/{rel}","templated":true}]}}