{"id":8456,"date":"2018-10-12T07:30:37","date_gmt":"2018-10-12T06:30:37","guid":{"rendered":"https:\/\/blog.legalvision.fr\/?p=8456"},"modified":"2022-03-27T21:21:05","modified_gmt":"2022-03-27T19:21:05","slug":"extension-de-l-objet-social","status":"publish","type":"post","link":"https:\/\/www.legalvision.fr\/guides-juridiques\/gerer-une-entreprise\/extension-de-l-objet-social\/","title":{"rendered":"Extension de l\u2019objet social : tout ce qu&rsquo;il faut savoir"},"content":{"rendered":"<p><html><body><\/p>\n<h2><em><span style=\"font-weight: 400;\">\u00a0Extension de l&rsquo;objet social<\/span><\/em><\/h2>\n<p><span style=\"font-weight: 400;\">De nombreux changements peuvent affecter la vie d\u2019une entreprise au cours de son existence. Ainsi, l\u2019activit\u00e9 d\u2019une entreprise peut \u00eatre amen\u00e9e \u00e0 \u00e9voluer. On proc\u00e9dera alors \u00e0 une <\/span>extension de l&rsquo;objet social<span style=\"font-weight: 400;\">, pour rendre ce changement l\u00e9gal et opposable. <\/span><\/p>\n<p><span style=\"font-weight: 400;\">Avec LegalVision, d\u00e9couvrez \u00e9tape par \u00e9tape la proc\u00e9dure d\u2019<\/span>extension de l&rsquo;objet social <span style=\"font-weight: 400;\">d\u2019une soci\u00e9t\u00e9 !<\/span><\/p>\n<p>Dans cet article, LegalVision met \u00e0 votre service son expertise juridique pour vous aider \u00e0 tout comprendre sur ce sujet. Vous trouverez ci-dessous un r\u00e9sum\u00e9 des points essentiels \u00e0 retenir :<\/p>\n<p><a href=\"#1\">I\/ Tout d&rsquo;abord, pourquoi devoir \u00e9tendre l&rsquo;objet social ?<\/a><br \/>\n<a href=\"#2\">II\/ Etape 1 : d\u00e9cision d&rsquo;extension de l&rsquo;objet<\/a><br \/>\n<a href=\"#3\">III\/ Etape 2 : publication de l&rsquo;avis d&rsquo;extension\u00a0<\/a><br \/>\n<a href=\"#4\">IV\/ Etape 3 : d\u00e9p\u00f4t d&rsquo;un dossier d&rsquo;extension de l&rsquo;objet\u00a0 au RCS<\/a><br \/>\n<a href=\"#5\">V\/ Fiscalit\u00e9 : attention aux cons\u00e9quences de l&rsquo;extension\u00a0<\/a><\/p>\n<h2 id=\"1\">I\/ Tout d&rsquo;abord, pourquoi devoir \u00e9tendre l&rsquo;objet social ?<\/h2>\n<p><span style=\"font-weight: 400;\">L\u2019objet social d\u00e9finit le type d\u2019activit\u00e9 que la soci\u00e9t\u00e9 exerce pour g\u00e9n\u00e9rer des b\u00e9n\u00e9fices. C\u2019est une mention obligatoire dans les statuts. On conseille d\u2019ailleurs toujours aux entrepreneurs de ne pas fixer un objet social trop restreint, pour ne pas \u00eatre bloqu\u00e9 dans le futur. <\/span><\/p>\n<p><span style=\"font-weight: 400;\">Il est donc n\u00e9cessaire que l\u2019objet social corresponde \u00e0 l\u2019activit\u00e9 r\u00e9elle de la soci\u00e9t\u00e9. C\u2019est pourquoi il sera parfois n\u00e9cessaire de proc\u00e9der \u00e0\u00a0 une modification ou une extension de l&rsquo;objet social. Une\u00a0<\/span>extension de l\u2019objet social<span style=\"font-weight: 400;\"> d\u00e9signe un ajout d\u2019activit\u00e9. Cependant, la modification d\u2019objet social suppose elle un changement d\u2019activit\u00e9.<\/span><\/p>\n<h2 id=\"2\">II\/ Etape 1 : d\u00e9cision d&rsquo;extension de l&rsquo;objet<\/h2>\n<p><span style=\"font-weight: 400;\">La modification totale ou partielle d\u2019objet social doit faire l\u2019objet d\u2019une d\u00e9cision prise collectivement par les associ\u00e9s. Cette proc\u00e9dure varie selon le type de forme sociale. <\/span><\/p>\n<p><span style=\"font-weight: 400;\">En effet, dans la grande majorit\u00e9 des cas, <\/span>l\u2019extension de l\u2019objet social <span style=\"font-weight: 400;\">sera d\u00e9cid\u00e9e par les associ\u00e9s r\u00e9unis en assembl\u00e9e g\u00e9n\u00e9rale extraordinaire. Ce type d\u2019assembl\u00e9e se r\u00e9unit d\u00e8s que les statuts ont besoin d\u2019\u00eatre modifi\u00e9s. Cependant, si la soci\u00e9t\u00e9 compte un seul associ\u00e9, celui-ci prendra seul la d\u00e9cision.<\/span><\/p>\n<p><span style=\"font-weight: 400;\">La loi ou les statuts pr\u00e9voient les conditions de majorit\u00e9 applicables \u00e0 cette d\u00e9cision de proc\u00e9der \u00e0 une extension de l&rsquo;objet social.<\/span><\/p>\n<p><span style=\"font-weight: 400;\">Pour l\u2019<\/span>extension objet social SAS<span style=\"font-weight: 400;\">, la loi ne pr\u00e9voit rien. Ce sont alors les statuts qui d\u00e9termineront l\u2019organe d\u00e9cisionnaire comp\u00e9tent et la majorit\u00e9 requise.<\/span><\/p>\n<p><span style=\"font-weight: 400;\">Quant \u00e0 l&rsquo;<\/span>extension objet social SARL<span style=\"font-weight: 400;\">, la loi r\u00e9glemente les prises de d\u00e9cisions collectives en AGE\u00a0:<\/span><\/p>\n<ul>\n<li style=\"font-weight: 400;\"><span style=\"font-weight: 400;\">Pour les soci\u00e9t\u00e9s constitu\u00e9es apr\u00e8s le 4 ao\u00fbt 2005, l\u2019assembl\u00e9e ne d\u00e9lib\u00e9rera valablement que si les associ\u00e9s pr\u00e9sents ou repr\u00e9sent\u00e9s poss\u00e8dent au moins le quart des parts sociales. La majorit\u00e9 requise est de deux tiers des parts d\u00e9tenues par les soci\u00e9t\u00e9s pr\u00e9sents ou repr\u00e9sent\u00e9s.<\/span><\/li>\n<li style=\"font-weight: 400;\"><span style=\"font-weight: 400;\">Pour les soci\u00e9t\u00e9s constitu\u00e9es avant le 4 ao\u00fbt 2005, la majorit\u00e9 est de trois quarts des parts sociales, sans condition de quorum. <\/span><\/li>\n<\/ul>\n<p><span style=\"font-weight: 400;\">A noter \u00e9galement que les statuts peuvent pr\u00e9voir des quorums ou une majorit\u00e9 plus \u00e9lev\u00e9s. <\/span><\/p>\n<p><span style=\"font-weight: 400;\">Quelle que soit la forme sociale, un proc\u00e8s-verbal devra \u00eatre \u00e9tabli. Ce <\/span>PV extension de l\u2019objet social\u00a0<span style=\"font-weight: 400;\">mat\u00e9rialise la d\u00e9cision des associ\u00e9s, qui ont d\u00e9cid\u00e9 dans la majorit\u00e9 requise d\u2019\u00e9tendre l\u2019objet social. Il est possible de trouver sur internet un\u00a0<\/span>mod\u00e8le\u00a0pv AGE extension objet social<span style=\"font-weight: 400;\">.<\/span><\/p>\n<h2 id=\"3\">III\/ Etape 2 : publication de l&rsquo;avis d&rsquo;extension<\/h2>\n<p><span style=\"font-weight: 400;\">Les statuts ayant \u00e9t\u00e9 modifi\u00e9s, les tiers risquent d\u2019\u00eatre impact\u00e9s par ces changements. C\u2019est pourquoi il est obligatoire de publier une annonce dans un Journal d\u2019Annonces L\u00e9gales du lieu du si\u00e8ge social. Le co\u00fbt de cette annonce varie en fonction du choix du journal et du nombre de mots. Sachez que vous devrez pr\u00e9voir environ 150 euros.<\/span><\/p>\n<h2 id=\"4\">IV\/ Etape 3 : d\u00e9p\u00f4t d&rsquo;un dossier d&rsquo;extension de l&rsquo;objet au RCS<\/h2>\n<p><span style=\"font-weight: 400;\">Pour acter l\u2019extension de l\u2019objet social<\/span><b>,<\/b><span style=\"font-weight: 400;\"> il faudra proc\u00e9der \u00e0 une formalit\u00e9 modificative au Registre du Commerce et des Soci\u00e9t\u00e9s (RCS). Un dossier complet devra alors \u00eatre d\u00e9pos\u00e9 sous un mois, soit au Centre de Formalit\u00e9s des Entreprises (CFE) comp\u00e9tent soit au Greffe du Tribunal de commerce.<\/span><\/p>\n<p><span style=\"font-weight: 400;\">De plus, seront \u00e0 fournir :<\/span><\/p>\n<ul>\n<li>\n<b><span style=\"font-weight: 400;\">Un exemplaire du PV<\/span><\/b> extension de l\u2019objet social,<\/li>\n<li style=\"font-weight: 400;\"><span style=\"font-weight: 400;\">Un exemplaire des nouveaux statuts, <\/span><\/li>\n<li style=\"font-weight: 400;\"><span style=\"font-weight: 400;\">Un formulaire M2 (modification de personne morale) rempli et sign\u00e9,<\/span><\/li>\n<li style=\"font-weight: 400;\"><span style=\"font-weight: 400;\">Une attestation de parution de l\u2019annonce dans un JAL, <\/span><\/li>\n<li style=\"font-weight: 400;\"><span style=\"font-weight: 400;\">Un ch\u00e8que \u00e0 l\u2019ordre du Tribunal de Commerce pour r\u00e9gler les frais de greffe (environ 200 euros).<\/span><\/li>\n<\/ul>\n<p><span style=\"font-weight: 400;\">Finalement, le d\u00e9p\u00f4t du dossier donnera lieu \u00e0 une publication au BODACC (Bulletin officiel des Annonces Civiles et Commerciales).<\/span><\/p>\n<h2 id=\"5\">V\/ Fiscalit\u00e9 : attention aux cons\u00e9quences de l&rsquo;extension !<\/h2>\n<p><span style=\"font-weight: 400;\">En effet, fiscalement, une<\/span> extension de l\u2019objet social<span style=\"font-weight: 400;\">\u00a0peut entra\u00eener les cons\u00e9quences d\u2019une cessation d\u2019activit\u00e9 si elle s\u2019accompagne d\u2019un changement effectif d\u2019activit\u00e9. <\/span><\/p>\n<p><span style=\"font-weight: 400;\">Alors, on parlera de changement effectif d\u2019activit\u00e9 lorsqu\u2019il entra\u00eene, pour l\u2019exercice en cours ou l\u2019ann\u00e9e suivante :<\/span><\/p>\n<ul>\n<li style=\"font-weight: 400;\"><span style=\"font-weight: 400;\">Une augmentation de plus de 50% du chiffre d\u2019affaires, de l\u2019effectif moyen du personnel ou de la valeur de certains \u00e9l\u00e9ments comptables (actif immobilis\u00e9).<\/span><\/li>\n<li style=\"font-weight: 400;\"><span style=\"font-weight: 400;\">Ou, en cas d\u2019abandon ou de transfert d\u2019activit\u00e9, d\u2019une diminution de plus de 50% des m\u00eames \u00e9l\u00e9ments. <\/span><\/li>\n<\/ul>\n<p><span style=\"font-weight: 400;\">Si c\u2019est le cas, la qualification de \u00ab\u00a0cessation d\u2019activit\u00e9\u00a0\u00bb induira des impositions imm\u00e9diates, notamment des r\u00e9sultats de l\u2019exercice. <\/span><\/p>\n<p><\/body><\/html><!--tag_auto_button_lead_legalvision--><a href=\"https:\/\/www.legalvision.fr\/tous-les-services\/?utm_source=blog&#038;utm_campaign=extension-de-l-objet-social\" class=\"tag_auto_button_lead_legalvision\"><button style=\"background-color:#32c3bf;width:100%;\">Mettez votre Kbis \u00e0 jour en quelques clics !<\/button><\/a><!--tag_auto_button_lead_legalvision--><\/p>\n","protected":false},"excerpt":{"rendered":"<p>\u00a0Extension de l&rsquo;objet social De nombreux changements peuvent affecter la vie d\u2019une entreprise au cours de son existence. Ainsi, l\u2019activit\u00e9 d\u2019une entreprise peut \u00eatre amen\u00e9e \u00e0 \u00e9voluer. On proc\u00e9dera alors \u00e0 une extension de l&rsquo;objet social, pour rendre ce changement l\u00e9gal et opposable. Avec LegalVision, d\u00e9couvrez \u00e9tape par \u00e9tape la proc\u00e9dure d\u2019extension de l&rsquo;objet social&hellip; <a class=\"more-link\" href=\"https:\/\/www.legalvision.fr\/guides-juridiques\/gerer-une-entreprise\/extension-de-l-objet-social\/\">Poursuivre la lecture <span class=\"screen-reader-text\">Extension de l\u2019objet social : tout ce qu&rsquo;il faut savoir<\/span><\/a><\/p>\n","protected":false},"author":9,"featured_media":23538,"comment_status":"open","ping_status":"open","sticky":false,"template":"","format":"standard","meta":{"content-type":"","inline_featured_image":false,"footnotes":""},"categories":[2502],"tags":[],"class_list":["post-8456","post","type-post","status-publish","format-standard","has-post-thumbnail","hentry","category-gerer-une-entreprise","entry"],"yoast_head":"<!-- This site is optimized with the Yoast SEO plugin v27.1.1 - https:\/\/yoast.com\/product\/yoast-seo-wordpress\/ -->\n<title>Extension de l&#039;objet social : une formalit\u00e9 pour d\u00e9velopper votre activit\u00e9 !<\/title>\n<meta name=\"description\" content=\"L\u2019activit\u00e9 d\u2019une entreprise peut \u00eatre amen\u00e9e \u00e0 \u00e9voluer. On proc\u00e9dera alors \u00e0 une extension de l&#039;objet social, pour rendre ce changement l\u00e9gal et opposable.\" \/>\n<meta name=\"robots\" content=\"index, follow, max-snippet:-1, max-image-preview:large, max-video-preview:-1\" \/>\n<link rel=\"canonical\" href=\"https:\/\/www.legalvision.fr\/guides-juridiques\/gerer-une-entreprise\/extension-de-l-objet-social\/\" \/>\n<meta property=\"og:locale\" content=\"fr_FR\" \/>\n<meta property=\"og:type\" content=\"article\" \/>\n<meta property=\"og:title\" content=\"Extension de l&#039;objet social : une formalit\u00e9 pour d\u00e9velopper votre activit\u00e9 !\" \/>\n<meta property=\"og:description\" content=\"L\u2019activit\u00e9 d\u2019une entreprise peut \u00eatre amen\u00e9e \u00e0 \u00e9voluer. On proc\u00e9dera alors \u00e0 une extension de l&#039;objet social, pour rendre ce changement l\u00e9gal et opposable.\" \/>\n<meta property=\"og:url\" content=\"https:\/\/www.legalvision.fr\/guides-juridiques\/gerer-une-entreprise\/extension-de-l-objet-social\/\" \/>\n<meta property=\"og:site_name\" content=\"Guides juridiques\" \/>\n<meta property=\"article:author\" content=\"https:\/\/www.facebook.com\/legalvision.fr\/\" \/>\n<meta property=\"article:published_time\" content=\"2018-10-12T06:30:37+00:00\" \/>\n<meta property=\"article:modified_time\" content=\"2022-03-27T19:21:05+00:00\" \/>\n<meta property=\"og:image\" content=\"https:\/\/www.legalvision.fr\/guides-juridiques\/wp-content\/uploads\/2018\/10\/Extension-de-lobjet-social-min-2.jpg\" \/>\n\t<meta property=\"og:image:width\" content=\"958\" \/>\n\t<meta property=\"og:image:height\" content=\"350\" \/>\n\t<meta property=\"og:image:type\" content=\"image\/jpeg\" \/>\n<meta name=\"author\" content=\"Anne Wisniewski\" \/>\n<meta name=\"twitter:card\" content=\"summary_large_image\" \/>\n<meta name=\"twitter:creator\" content=\"@https:\/\/twitter.com\/Legalvision_fr\" \/>\n<meta name=\"twitter:label1\" content=\"\u00c9crit par\" \/>\n\t<meta name=\"twitter:data1\" content=\"Anne Wisniewski\" \/>\n\t<meta name=\"twitter:label2\" content=\"Dur\u00e9e de lecture estim\u00e9e\" \/>\n\t<meta name=\"twitter:data2\" content=\"5 minutes\" \/>\n<script type=\"application\/ld+json\" class=\"yoast-schema-graph\">{\"@context\":\"https:\/\/schema.org\",\"@graph\":[{\"@type\":\"Article\",\"@id\":\"https:\/\/www.legalvision.fr\/guides-juridiques\/gerer-une-entreprise\/extension-de-l-objet-social\/#article\",\"isPartOf\":{\"@id\":\"https:\/\/www.legalvision.fr\/guides-juridiques\/gerer-une-entreprise\/extension-de-l-objet-social\/\"},\"author\":{\"name\":\"Anne Wisniewski\",\"@id\":\"https:\/\/www.legalvision.fr\/guides-juridiques\/#\/schema\/person\/ebb7a1403b91f15eae842fb4d875d692\"},\"headline\":\"Extension de l\u2019objet social : tout ce qu&rsquo;il faut savoir\",\"datePublished\":\"2018-10-12T06:30:37+00:00\",\"dateModified\":\"2022-03-27T19:21:05+00:00\",\"mainEntityOfPage\":{\"@id\":\"https:\/\/www.legalvision.fr\/guides-juridiques\/gerer-une-entreprise\/extension-de-l-objet-social\/\"},\"wordCount\":977,\"commentCount\":0,\"publisher\":{\"@id\":\"https:\/\/www.legalvision.fr\/guides-juridiques\/#organization\"},\"image\":{\"@id\":\"https:\/\/www.legalvision.fr\/guides-juridiques\/gerer-une-entreprise\/extension-de-l-objet-social\/#primaryimage\"},\"thumbnailUrl\":\"https:\/\/www.legalvision.fr\/guides-juridiques\/wp-content\/uploads\/2018\/10\/Extension-de-lobjet-social-min-2.jpg\",\"articleSection\":[\"G\u00e9rer une entreprise\"],\"inLanguage\":\"fr-FR\",\"potentialAction\":[{\"@type\":\"CommentAction\",\"name\":\"Comment\",\"target\":[\"https:\/\/www.legalvision.fr\/guides-juridiques\/gerer-une-entreprise\/extension-de-l-objet-social\/#respond\"]}]},{\"@type\":\"WebPage\",\"@id\":\"https:\/\/www.legalvision.fr\/guides-juridiques\/gerer-une-entreprise\/extension-de-l-objet-social\/\",\"url\":\"https:\/\/www.legalvision.fr\/guides-juridiques\/gerer-une-entreprise\/extension-de-l-objet-social\/\",\"name\":\"Extension de l'objet social : une formalit\u00e9 pour d\u00e9velopper votre activit\u00e9 !\",\"isPartOf\":{\"@id\":\"https:\/\/www.legalvision.fr\/guides-juridiques\/#website\"},\"primaryImageOfPage\":{\"@id\":\"https:\/\/www.legalvision.fr\/guides-juridiques\/gerer-une-entreprise\/extension-de-l-objet-social\/#primaryimage\"},\"image\":{\"@id\":\"https:\/\/www.legalvision.fr\/guides-juridiques\/gerer-une-entreprise\/extension-de-l-objet-social\/#primaryimage\"},\"thumbnailUrl\":\"https:\/\/www.legalvision.fr\/guides-juridiques\/wp-content\/uploads\/2018\/10\/Extension-de-lobjet-social-min-2.jpg\",\"datePublished\":\"2018-10-12T06:30:37+00:00\",\"dateModified\":\"2022-03-27T19:21:05+00:00\",\"description\":\"L\u2019activit\u00e9 d\u2019une entreprise peut \u00eatre amen\u00e9e \u00e0 \u00e9voluer. On proc\u00e9dera alors \u00e0 une extension de l'objet social, pour rendre ce changement l\u00e9gal et opposable.\",\"breadcrumb\":{\"@id\":\"https:\/\/www.legalvision.fr\/guides-juridiques\/gerer-une-entreprise\/extension-de-l-objet-social\/#breadcrumb\"},\"inLanguage\":\"fr-FR\",\"potentialAction\":[{\"@type\":\"ReadAction\",\"target\":[\"https:\/\/www.legalvision.fr\/guides-juridiques\/gerer-une-entreprise\/extension-de-l-objet-social\/\"]}]},{\"@type\":\"ImageObject\",\"inLanguage\":\"fr-FR\",\"@id\":\"https:\/\/www.legalvision.fr\/guides-juridiques\/gerer-une-entreprise\/extension-de-l-objet-social\/#primaryimage\",\"url\":\"https:\/\/www.legalvision.fr\/guides-juridiques\/wp-content\/uploads\/2018\/10\/Extension-de-lobjet-social-min-2.jpg\",\"contentUrl\":\"https:\/\/www.legalvision.fr\/guides-juridiques\/wp-content\/uploads\/2018\/10\/Extension-de-lobjet-social-min-2.jpg\",\"width\":958,\"height\":350,\"caption\":\"Extension de l'objet social\"},{\"@type\":\"BreadcrumbList\",\"@id\":\"https:\/\/www.legalvision.fr\/guides-juridiques\/gerer-une-entreprise\/extension-de-l-objet-social\/#breadcrumb\",\"itemListElement\":[{\"@type\":\"ListItem\",\"position\":1,\"name\":\"Accueil\",\"item\":\"https:\/\/www.legalvision.fr\/guides-juridiques\/\"},{\"@type\":\"ListItem\",\"position\":2,\"name\":\"G\u00e9rer une entreprise\",\"item\":\"https:\/\/www.legalvision.fr\/guides-juridiques\/gerer-une-entreprise\/\"},{\"@type\":\"ListItem\",\"position\":3,\"name\":\"Extension de l\u2019objet social : tout ce qu&rsquo;il faut savoir\"}]},{\"@type\":\"WebSite\",\"@id\":\"https:\/\/www.legalvision.fr\/guides-juridiques\/#website\",\"url\":\"https:\/\/www.legalvision.fr\/guides-juridiques\/\",\"name\":\"Guides juridiques\",\"description\":\"L&#039;information juridique \u00e0 destination des entreprises et TPE\",\"publisher\":{\"@id\":\"https:\/\/www.legalvision.fr\/guides-juridiques\/#organization\"},\"potentialAction\":[{\"@type\":\"SearchAction\",\"target\":{\"@type\":\"EntryPoint\",\"urlTemplate\":\"https:\/\/www.legalvision.fr\/guides-juridiques\/?s={search_term_string}\"},\"query-input\":{\"@type\":\"PropertyValueSpecification\",\"valueRequired\":true,\"valueName\":\"search_term_string\"}}],\"inLanguage\":\"fr-FR\"},{\"@type\":\"Organization\",\"@id\":\"https:\/\/www.legalvision.fr\/guides-juridiques\/#organization\",\"name\":\"Guides juridiques\",\"url\":\"https:\/\/www.legalvision.fr\/guides-juridiques\/\",\"logo\":{\"@type\":\"ImageObject\",\"inLanguage\":\"fr-FR\",\"@id\":\"https:\/\/www.legalvision.fr\/guides-juridiques\/#\/schema\/logo\/image\/\",\"url\":\"https:\/\/www.legalvision.fr\/guides-juridiques\/wp-content\/uploads\/2022\/10\/LV-Logotype.png\",\"contentUrl\":\"https:\/\/www.legalvision.fr\/guides-juridiques\/wp-content\/uploads\/2022\/10\/LV-Logotype.png\",\"width\":647,\"height\":125,\"caption\":\"Guides juridiques\"},\"image\":{\"@id\":\"https:\/\/www.legalvision.fr\/guides-juridiques\/#\/schema\/logo\/image\/\"}},{\"@type\":\"Person\",\"@id\":\"https:\/\/www.legalvision.fr\/guides-juridiques\/#\/schema\/person\/ebb7a1403b91f15eae842fb4d875d692\",\"name\":\"Anne Wisniewski\",\"image\":{\"@type\":\"ImageObject\",\"inLanguage\":\"fr-FR\",\"@id\":\"https:\/\/www.legalvision.fr\/guides-juridiques\/#\/schema\/person\/image\/\",\"url\":\"https:\/\/secure.gravatar.com\/avatar\/e1d470446f3d91488a7891f323f5196bc4f07b636f12a7c6b1bf0f23e3114e6d?s=96&d=mm&r=g\",\"contentUrl\":\"https:\/\/secure.gravatar.com\/avatar\/e1d470446f3d91488a7891f323f5196bc4f07b636f12a7c6b1bf0f23e3114e6d?s=96&d=mm&r=g\",\"caption\":\"Anne Wisniewski\"},\"description\":\"Ann a un Master 1 de Droit des Affaires \u00e0 Bordeaux. Passionn\u00e9e par le droit et les LegalTech, elle a rejoint LegalVision pour s\u2019occuper du contenu juridique.\",\"sameAs\":[\"https:\/\/www.legalvision.fr\/\",\"https:\/\/www.facebook.com\/legalvision.fr\/\",\"https:\/\/www.instagram.com\/legalvision.fr\/\",\"https:\/\/www.linkedin.com\/company\/legalvision-fr\/\",\"https:\/\/x.com\/https:\/\/twitter.com\/Legalvision_fr\"],\"url\":\"https:\/\/www.legalvision.fr\/guides-juridiques\/author\/maelane-wisniewski\/\"}]}<\/script>\n<!-- \/ Yoast SEO plugin. -->","yoast_head_json":{"title":"Extension de l'objet social : une formalit\u00e9 pour d\u00e9velopper votre activit\u00e9 !","description":"L\u2019activit\u00e9 d\u2019une entreprise peut \u00eatre amen\u00e9e \u00e0 \u00e9voluer. On proc\u00e9dera alors \u00e0 une extension de l'objet social, pour rendre ce changement l\u00e9gal et opposable.","robots":{"index":"index","follow":"follow","max-snippet":"max-snippet:-1","max-image-preview":"max-image-preview:large","max-video-preview":"max-video-preview:-1"},"canonical":"https:\/\/www.legalvision.fr\/guides-juridiques\/gerer-une-entreprise\/extension-de-l-objet-social\/","og_locale":"fr_FR","og_type":"article","og_title":"Extension de l'objet social : une formalit\u00e9 pour d\u00e9velopper votre activit\u00e9 !","og_description":"L\u2019activit\u00e9 d\u2019une entreprise peut \u00eatre amen\u00e9e \u00e0 \u00e9voluer. On proc\u00e9dera alors \u00e0 une extension de l'objet social, pour rendre ce changement l\u00e9gal et opposable.","og_url":"https:\/\/www.legalvision.fr\/guides-juridiques\/gerer-une-entreprise\/extension-de-l-objet-social\/","og_site_name":"Guides juridiques","article_author":"https:\/\/www.facebook.com\/legalvision.fr\/","article_published_time":"2018-10-12T06:30:37+00:00","article_modified_time":"2022-03-27T19:21:05+00:00","og_image":[{"width":958,"height":350,"url":"https:\/\/www.legalvision.fr\/guides-juridiques\/wp-content\/uploads\/2018\/10\/Extension-de-lobjet-social-min-2.jpg","type":"image\/jpeg"}],"author":"Anne Wisniewski","twitter_card":"summary_large_image","twitter_creator":"@https:\/\/twitter.com\/Legalvision_fr","twitter_misc":{"\u00c9crit par":"Anne Wisniewski","Dur\u00e9e de lecture estim\u00e9e":"5 minutes"},"schema":{"@context":"https:\/\/schema.org","@graph":[{"@type":"Article","@id":"https:\/\/www.legalvision.fr\/guides-juridiques\/gerer-une-entreprise\/extension-de-l-objet-social\/#article","isPartOf":{"@id":"https:\/\/www.legalvision.fr\/guides-juridiques\/gerer-une-entreprise\/extension-de-l-objet-social\/"},"author":{"name":"Anne Wisniewski","@id":"https:\/\/www.legalvision.fr\/guides-juridiques\/#\/schema\/person\/ebb7a1403b91f15eae842fb4d875d692"},"headline":"Extension de l\u2019objet social : tout ce qu&rsquo;il faut savoir","datePublished":"2018-10-12T06:30:37+00:00","dateModified":"2022-03-27T19:21:05+00:00","mainEntityOfPage":{"@id":"https:\/\/www.legalvision.fr\/guides-juridiques\/gerer-une-entreprise\/extension-de-l-objet-social\/"},"wordCount":977,"commentCount":0,"publisher":{"@id":"https:\/\/www.legalvision.fr\/guides-juridiques\/#organization"},"image":{"@id":"https:\/\/www.legalvision.fr\/guides-juridiques\/gerer-une-entreprise\/extension-de-l-objet-social\/#primaryimage"},"thumbnailUrl":"https:\/\/www.legalvision.fr\/guides-juridiques\/wp-content\/uploads\/2018\/10\/Extension-de-lobjet-social-min-2.jpg","articleSection":["G\u00e9rer une entreprise"],"inLanguage":"fr-FR","potentialAction":[{"@type":"CommentAction","name":"Comment","target":["https:\/\/www.legalvision.fr\/guides-juridiques\/gerer-une-entreprise\/extension-de-l-objet-social\/#respond"]}]},{"@type":"WebPage","@id":"https:\/\/www.legalvision.fr\/guides-juridiques\/gerer-une-entreprise\/extension-de-l-objet-social\/","url":"https:\/\/www.legalvision.fr\/guides-juridiques\/gerer-une-entreprise\/extension-de-l-objet-social\/","name":"Extension de l'objet social : une formalit\u00e9 pour d\u00e9velopper votre activit\u00e9 !","isPartOf":{"@id":"https:\/\/www.legalvision.fr\/guides-juridiques\/#website"},"primaryImageOfPage":{"@id":"https:\/\/www.legalvision.fr\/guides-juridiques\/gerer-une-entreprise\/extension-de-l-objet-social\/#primaryimage"},"image":{"@id":"https:\/\/www.legalvision.fr\/guides-juridiques\/gerer-une-entreprise\/extension-de-l-objet-social\/#primaryimage"},"thumbnailUrl":"https:\/\/www.legalvision.fr\/guides-juridiques\/wp-content\/uploads\/2018\/10\/Extension-de-lobjet-social-min-2.jpg","datePublished":"2018-10-12T06:30:37+00:00","dateModified":"2022-03-27T19:21:05+00:00","description":"L\u2019activit\u00e9 d\u2019une entreprise peut \u00eatre amen\u00e9e \u00e0 \u00e9voluer. On proc\u00e9dera alors \u00e0 une extension de l'objet social, pour rendre ce changement l\u00e9gal et opposable.","breadcrumb":{"@id":"https:\/\/www.legalvision.fr\/guides-juridiques\/gerer-une-entreprise\/extension-de-l-objet-social\/#breadcrumb"},"inLanguage":"fr-FR","potentialAction":[{"@type":"ReadAction","target":["https:\/\/www.legalvision.fr\/guides-juridiques\/gerer-une-entreprise\/extension-de-l-objet-social\/"]}]},{"@type":"ImageObject","inLanguage":"fr-FR","@id":"https:\/\/www.legalvision.fr\/guides-juridiques\/gerer-une-entreprise\/extension-de-l-objet-social\/#primaryimage","url":"https:\/\/www.legalvision.fr\/guides-juridiques\/wp-content\/uploads\/2018\/10\/Extension-de-lobjet-social-min-2.jpg","contentUrl":"https:\/\/www.legalvision.fr\/guides-juridiques\/wp-content\/uploads\/2018\/10\/Extension-de-lobjet-social-min-2.jpg","width":958,"height":350,"caption":"Extension de l'objet social"},{"@type":"BreadcrumbList","@id":"https:\/\/www.legalvision.fr\/guides-juridiques\/gerer-une-entreprise\/extension-de-l-objet-social\/#breadcrumb","itemListElement":[{"@type":"ListItem","position":1,"name":"Accueil","item":"https:\/\/www.legalvision.fr\/guides-juridiques\/"},{"@type":"ListItem","position":2,"name":"G\u00e9rer une entreprise","item":"https:\/\/www.legalvision.fr\/guides-juridiques\/gerer-une-entreprise\/"},{"@type":"ListItem","position":3,"name":"Extension de l\u2019objet social : tout ce qu&rsquo;il faut savoir"}]},{"@type":"WebSite","@id":"https:\/\/www.legalvision.fr\/guides-juridiques\/#website","url":"https:\/\/www.legalvision.fr\/guides-juridiques\/","name":"Guides juridiques","description":"L&#039;information juridique \u00e0 destination des entreprises et TPE","publisher":{"@id":"https:\/\/www.legalvision.fr\/guides-juridiques\/#organization"},"potentialAction":[{"@type":"SearchAction","target":{"@type":"EntryPoint","urlTemplate":"https:\/\/www.legalvision.fr\/guides-juridiques\/?s={search_term_string}"},"query-input":{"@type":"PropertyValueSpecification","valueRequired":true,"valueName":"search_term_string"}}],"inLanguage":"fr-FR"},{"@type":"Organization","@id":"https:\/\/www.legalvision.fr\/guides-juridiques\/#organization","name":"Guides juridiques","url":"https:\/\/www.legalvision.fr\/guides-juridiques\/","logo":{"@type":"ImageObject","inLanguage":"fr-FR","@id":"https:\/\/www.legalvision.fr\/guides-juridiques\/#\/schema\/logo\/image\/","url":"https:\/\/www.legalvision.fr\/guides-juridiques\/wp-content\/uploads\/2022\/10\/LV-Logotype.png","contentUrl":"https:\/\/www.legalvision.fr\/guides-juridiques\/wp-content\/uploads\/2022\/10\/LV-Logotype.png","width":647,"height":125,"caption":"Guides juridiques"},"image":{"@id":"https:\/\/www.legalvision.fr\/guides-juridiques\/#\/schema\/logo\/image\/"}},{"@type":"Person","@id":"https:\/\/www.legalvision.fr\/guides-juridiques\/#\/schema\/person\/ebb7a1403b91f15eae842fb4d875d692","name":"Anne Wisniewski","image":{"@type":"ImageObject","inLanguage":"fr-FR","@id":"https:\/\/www.legalvision.fr\/guides-juridiques\/#\/schema\/person\/image\/","url":"https:\/\/secure.gravatar.com\/avatar\/e1d470446f3d91488a7891f323f5196bc4f07b636f12a7c6b1bf0f23e3114e6d?s=96&d=mm&r=g","contentUrl":"https:\/\/secure.gravatar.com\/avatar\/e1d470446f3d91488a7891f323f5196bc4f07b636f12a7c6b1bf0f23e3114e6d?s=96&d=mm&r=g","caption":"Anne Wisniewski"},"description":"Ann a un Master 1 de Droit des Affaires \u00e0 Bordeaux. Passionn\u00e9e par le droit et les LegalTech, elle a rejoint LegalVision pour s\u2019occuper du contenu juridique.","sameAs":["https:\/\/www.legalvision.fr\/","https:\/\/www.facebook.com\/legalvision.fr\/","https:\/\/www.instagram.com\/legalvision.fr\/","https:\/\/www.linkedin.com\/company\/legalvision-fr\/","https:\/\/x.com\/https:\/\/twitter.com\/Legalvision_fr"],"url":"https:\/\/www.legalvision.fr\/guides-juridiques\/author\/maelane-wisniewski\/"}]}},"_links":{"self":[{"href":"https:\/\/www.legalvision.fr\/guides-juridiques\/wp-json\/wp\/v2\/posts\/8456","targetHints":{"allow":["GET"]}}],"collection":[{"href":"https:\/\/www.legalvision.fr\/guides-juridiques\/wp-json\/wp\/v2\/posts"}],"about":[{"href":"https:\/\/www.legalvision.fr\/guides-juridiques\/wp-json\/wp\/v2\/types\/post"}],"author":[{"embeddable":true,"href":"https:\/\/www.legalvision.fr\/guides-juridiques\/wp-json\/wp\/v2\/users\/9"}],"replies":[{"embeddable":true,"href":"https:\/\/www.legalvision.fr\/guides-juridiques\/wp-json\/wp\/v2\/comments?post=8456"}],"version-history":[{"count":0,"href":"https:\/\/www.legalvision.fr\/guides-juridiques\/wp-json\/wp\/v2\/posts\/8456\/revisions"}],"wp:featuredmedia":[{"embeddable":true,"href":"https:\/\/www.legalvision.fr\/guides-juridiques\/wp-json\/wp\/v2\/media\/23538"}],"wp:attachment":[{"href":"https:\/\/www.legalvision.fr\/guides-juridiques\/wp-json\/wp\/v2\/media?parent=8456"}],"wp:term":[{"taxonomy":"category","embeddable":true,"href":"https:\/\/www.legalvision.fr\/guides-juridiques\/wp-json\/wp\/v2\/categories?post=8456"},{"taxonomy":"post_tag","embeddable":true,"href":"https:\/\/www.legalvision.fr\/guides-juridiques\/wp-json\/wp\/v2\/tags?post=8456"}],"curies":[{"name":"wp","href":"https:\/\/api.w.org\/{rel}","templated":true}]}}