{"id":8224,"date":"2018-10-08T07:30:45","date_gmt":"2018-10-08T06:30:45","guid":{"rendered":"https:\/\/blog.legalvision.fr\/?p=8224"},"modified":"2024-02-09T14:57:53","modified_gmt":"2024-02-09T13:57:53","slug":"statut-gerant","status":"publish","type":"post","link":"https:\/\/www.legalvision.fr\/guides-juridiques\/creer-son-entreprise\/statut-gerant\/","title":{"rendered":"Tout ce que vous devez savoir sur le statut de g\u00e9rant, c&rsquo;est par ici"},"content":{"rendered":"\t\t<div data-elementor-type=\"wp-post\" data-elementor-id=\"8224\" class=\"elementor elementor-8224\" data-elementor-post-type=\"post\">\n\t\t\t\t<div data-particle_enable=\"false\" data-particle-mobile-disabled=\"false\" class=\"elementor-element elementor-element-d596ec0 e-flex e-con-boxed e-con e-parent\" data-id=\"d596ec0\" data-element_type=\"container\" data-e-type=\"container\">\n\t\t\t\t\t<div class=\"e-con-inner\">\n\t\t\t\t<div class=\"elementor-element elementor-element-02b4b48 elementor-widget elementor-widget-text-editor\" data-id=\"02b4b48\" data-element_type=\"widget\" data-e-type=\"widget\" data-widget_type=\"text-editor.default\">\n\t\t\t\t<div class=\"elementor-widget-container\">\n\t\t\t\t\t\t\t\t\t<p>Pour tout chef d&rsquo;entreprise, bien conna\u00eetre son statut et le r\u00e9gime social attach\u00e9 est primordial avant la <a href=\"https:\/\/www.legalvision.fr\/creation-dentreprise\/\">cr\u00e9ation d&rsquo;une entreprise<\/a>. Notamment, c&rsquo;est le cas du statut de g\u00e9rant d&rsquo;une soci\u00e9t\u00e9. Une grande diff\u00e9rence peut exister entre le g\u00e9rant d\u00e9sign\u00e9 majoritaire, et celui consid\u00e9r\u00e9 comme minoritaire ou \u00e9galitaire dans la soci\u00e9t\u00e9. Le\u00a0statut de g\u00e9rant salari\u00e9 non associ\u00e9\u00a0n&rsquo;offre pas la m\u00eame protection sociale que le statut g\u00e9rant minoritaire\u00a0auquel est soumis le g\u00e9rant qui n&rsquo;est pas salari\u00e9.<\/p><p>Pour une meilleure compr\u00e9hension, Legalvision vous offre un aper\u00e7u sur la d\u00e9finition du statut de g\u00e9rant. Ainsi que le r\u00e9gime social auquel il est soumis. On \u00e9voquera aussi, les privil\u00e8ges qui y sont rattach\u00e9s, tout en prenant soin d&rsquo;aborder certaines difficult\u00e9s li\u00e9s \u00e0 ce statut de g\u00e9rant. Le statut g\u00e9rant SARL\u00a0est choisi pour illustrer le mode de calcul des cotisations sociales auquel est soumis le g\u00e9rant d&rsquo;une soci\u00e9t\u00e9.<\/p><p>Dans cet article, LegalVision met \u00e0 votre service son expertise juridique pour vous aider \u00e0 tout comprendre sur ce sujet. Vous trouverez ci-dessous un r\u00e9sum\u00e9 des points essentiels \u00e0 retenir :<\/p><p><a href=\"#1\">Le statut de g\u00e9rant, c&rsquo;est quoi ?<\/a><br \/><a href=\"#2\">Le statut de g\u00e9rant, qu&rsquo;en est-il de la protection sociale ?<\/a><br \/><a href=\"#3\">Le statut de g\u00e9rant SARL, le calcul des cotisations<\/a><\/p><p>\u00a0<\/p>\t\t\t\t\t\t\t\t<\/div>\n\t\t\t\t<\/div>\n\t\t\t\t\t<\/div>\n\t\t\t\t<\/div>\n\t\t<div data-particle_enable=\"false\" data-particle-mobile-disabled=\"false\" class=\"elementor-element elementor-element-426ccb3d e-flex e-con-boxed e-con e-parent\" data-id=\"426ccb3d\" data-element_type=\"container\" data-e-type=\"container\">\n\t\t\t\t\t<div class=\"e-con-inner\">\n\t\t\t\t<div class=\"elementor-element elementor-element-6aa0d6ca elementor-widget elementor-widget-heading\" data-id=\"6aa0d6ca\" data-element_type=\"widget\" data-e-type=\"widget\" data-widget_type=\"heading.default\">\n\t\t\t\t<div class=\"elementor-widget-container\">\n\t\t\t\t\t<h2 class=\"elementor-heading-title elementor-size-default\">Nos outils pour vous aider : <\/h2>\t\t\t\t<\/div>\n\t\t\t\t<\/div>\n\t\t\t\t\t<\/div>\n\t\t\t\t<\/div>\n\t\t<div data-particle_enable=\"false\" data-particle-mobile-disabled=\"false\" class=\"elementor-element elementor-element-75902593 e-flex e-con-boxed e-con e-parent\" data-id=\"75902593\" data-element_type=\"container\" data-e-type=\"container\">\n\t\t\t\t\t<div class=\"e-con-inner\">\n\t\t<div data-particle_enable=\"false\" data-particle-mobile-disabled=\"false\" class=\"elementor-element elementor-element-758a4fde e-con-full e-flex e-con e-child\" data-id=\"758a4fde\" data-element_type=\"container\" data-e-type=\"container\">\n\t\t\t\t<div class=\"elementor-element elementor-element-47b8e0a9 elementor-widget elementor-widget-button\" data-id=\"47b8e0a9\" data-element_type=\"widget\" data-e-type=\"widget\" data-widget_type=\"button.default\">\n\t\t\t\t<div class=\"elementor-widget-container\">\n\t\t\t\t\t\t\t\t\t<div class=\"elementor-button-wrapper\">\n\t\t\t\t\t<a class=\"elementor-button elementor-button-link elementor-size-sm\" href=\"https:\/\/leonard.fr\/juridique\/creation-entreprise\/creation-dune-sarl-leonard\/?utm_source=blog&#038;utm_medium=CTA&#038;utm_campaign=tout_savoir_statut_de_gerant_par_ici&#038;utm_id=creation_SARL_blog\" target=\"_blank\">\n\t\t\t\t\t\t<span class=\"elementor-button-content-wrapper\">\n\t\t\t\t\t\t\t\t\t<span class=\"elementor-button-text\">Cr\u00e9ez votre SARL en ligne<\/span>\n\t\t\t\t\t<\/span>\n\t\t\t\t\t<\/a>\n\t\t\t\t<\/div>\n\t\t\t\t\t\t\t\t<\/div>\n\t\t\t\t<\/div>\n\t\t\t\t<\/div>\n\t\t<div data-particle_enable=\"false\" data-particle-mobile-disabled=\"false\" class=\"elementor-element elementor-element-57597d3b e-con-full e-flex e-con e-child\" data-id=\"57597d3b\" data-element_type=\"container\" data-e-type=\"container\">\n\t\t\t\t<div class=\"elementor-element elementor-element-79f0a3ca elementor-widget elementor-widget-button\" data-id=\"79f0a3ca\" data-element_type=\"widget\" data-e-type=\"widget\" data-widget_type=\"button.default\">\n\t\t\t\t<div class=\"elementor-widget-container\">\n\t\t\t\t\t\t\t\t\t<div class=\"elementor-button-wrapper\">\n\t\t\t\t\t<a class=\"elementor-button elementor-button-link elementor-size-sm\" href=\"https:\/\/meetings.hubspot.com\/global\/leonard-rendez-vous-gratuit-avec-un-juriste?utm_source=blog&#038;utm_medium=CTA&#038;utm_campaign=tout_savoir_statut_de_gerant_par_ici&#038;utm_id=creation_SARL_blog\" target=\"_blank\">\n\t\t\t\t\t\t<span class=\"elementor-button-content-wrapper\">\n\t\t\t\t\t\t\t\t\t<span class=\"elementor-button-text\">Soyez rappel\u00e9 par un juriste gratuitement<\/span>\n\t\t\t\t\t<\/span>\n\t\t\t\t\t<\/a>\n\t\t\t\t<\/div>\n\t\t\t\t\t\t\t\t<\/div>\n\t\t\t\t<\/div>\n\t\t\t\t<\/div>\n\t\t<div data-particle_enable=\"false\" data-particle-mobile-disabled=\"false\" class=\"elementor-element elementor-element-517e12fa e-con-full e-flex e-con e-child\" data-id=\"517e12fa\" data-element_type=\"container\" data-e-type=\"container\">\n\t\t\t\t<div data-dce-background-color=\"#85D2F1\" class=\"elementor-element elementor-element-6e5eeca8 elementor-widget elementor-widget-button\" data-id=\"6e5eeca8\" data-element_type=\"widget\" data-e-type=\"widget\" data-widget_type=\"button.default\">\n\t\t\t\t<div class=\"elementor-widget-container\">\n\t\t\t\t\t\t\t\t\t<div class=\"elementor-button-wrapper\">\n\t\t\t\t\t<a class=\"elementor-button elementor-button-link elementor-size-sm\" href=\"https:\/\/share.hsforms.com\/1MCz4iJkPSsaIbYWlbzl6vw1oyza?utm_source=blog&#038;utm_medium=CTA&#038;utm_campaign=tout_savoir_statut_de_gerant_par_ici&#038;utm_id=creation_SARL_blog\" target=\"_blank\">\n\t\t\t\t\t\t<span class=\"elementor-button-content-wrapper\">\n\t\t\t\t\t\t\t\t\t<span class=\"elementor-button-text\">Publiez votre annonce l\u00e9gale<\/span>\n\t\t\t\t\t<\/span>\n\t\t\t\t\t<\/a>\n\t\t\t\t<\/div>\n\t\t\t\t\t\t\t\t<\/div>\n\t\t\t\t<\/div>\n\t\t\t\t<\/div>\n\t\t\t\t\t<\/div>\n\t\t\t\t<\/div>\n\t\t<div data-particle_enable=\"false\" data-particle-mobile-disabled=\"false\" class=\"elementor-element elementor-element-660a4d84 e-flex e-con-boxed e-con e-parent\" data-id=\"660a4d84\" data-element_type=\"container\" data-e-type=\"container\">\n\t\t\t\t\t<div class=\"e-con-inner\">\n\t\t\t\t<div class=\"elementor-element elementor-element-233fc973 elementor-widget elementor-widget-text-editor\" data-id=\"233fc973\" data-element_type=\"widget\" data-e-type=\"widget\" data-widget_type=\"text-editor.default\">\n\t\t\t\t<div class=\"elementor-widget-container\">\n\t\t\t\t\t\t\t\t\t<h2 id=\"1\">\u00a0<\/h2><h2 id=\"1\">\u00a0<\/h2><h2 id=\"1\">Le statut de g\u00e9rant, c&rsquo;est quoi ?<\/h2><p><b>D\u00e9finition du g\u00e9rant : <\/b>Au quotidien l\u2019utilisation du mot g\u00e9rant est commune, sans qu\u2019on en connaisse v\u00e9ritablement son sens. En r\u00e9alit\u00e9, la d\u00e9finition issue de la loi du mot g\u00e9rant est un peu large. C\u2019est le juge qui apporte des pr\u00e9cisions. La<a href=\"https:\/\/www.legifrance.gouv.fr\/affichCode.do?idSectionTA=LEGISCTA000006150302&amp;cidTexte=LEGITEXT000006070721&amp;dateTexte=20060406\"> loi<\/a> d\u00e9signe le g\u00e9rant, comme \u00e9tant la personne qui dispose un mandat social.<\/p><p><b>\u00a0<\/b><\/p><p><b>D\u00e9finition du statut de g\u00e9rant :<\/b><\/p><p>Le statut g\u00e9rant peut \u00eatre d\u00e9fini comme un ensemble de droits et d&rsquo;obligations d\u00e9termin\u00e9s et rattach\u00e9s \u00e0 la fonction de g\u00e9rant. C&rsquo;est le cas par exemple du\u00a0statut g\u00e9rant SCI.<\/p><h2 id=\"2\">\u00a0<\/h2><h2 id=\"2\">Le statut de g\u00e9rant, qu&rsquo;en est-il de la protection sociale ?<\/h2><p>Avant de parler de la protection sociale \u00e0 laquelle peut pr\u00e9tendre un g\u00e9rant. Il convient de faire la distinction entre les cat\u00e9gories de g\u00e9rants qui peuvent exister. Le g\u00e9rant peut \u00eatre qualifi\u00e9 de majoritaire, minoritaire ou \u00e9galitaire. Ce sont les parts d\u00e9tenues par le g\u00e9rant, les membres de sa famille ou ses associ\u00e9s qui d\u00e9terminent sa qualit\u00e9 de g\u00e9rant majoritaire et minoritaire.<\/p><h3>\u00a0<\/h3><h3>Quelle protection sociale pour le statut de g\u00e9rant ?<\/h3><p>Deux cas de figures sont possibles :<\/p><p><b>\u00a0<\/b><\/p><p><b>G\u00e9rant majoritaire ou g\u00e9rant minoritaire?<\/b><\/p><p>Dans le premier cas, si le g\u00e9rant d\u00e9tient plus de 50% des parts de la soci\u00e9t\u00e9 seul ou avec les membres de sa famille. Il est qualifi\u00e9 de g\u00e9rant majoritaire. En sens inverse, le g\u00e9rant dont le pourcentage de parts d\u00e9tenu ne d\u00e9passe pas la moiti\u00e9 \u00e0 lui seul. C\u2019est-\u00e0-dire 50%, il aura le statut de g\u00e9rant minoritaire ou \u00e9galitaire.<\/p><p>En effet cette distinction est fondamentale. Elle aura une cons\u00e9quence sur la protection sociale \u00e0 laquelle peut pr\u00e9tendre un g\u00e9rant. Un g\u00e9rant majoritaire, par exemple, rel\u00e8ve du r\u00e9gime social des travailleurs non-salari\u00e9s. Par cons\u00e9quent, il versera ses cotisations depuis janvier 2018 au r\u00e9gime social des ind\u00e9pendants, qui remplace le RSI (r\u00e9gime social des ind\u00e9pendant).<\/p><p>En revanche, le g\u00e9rant minoritaire aura un statut social assimilable \u00e0 celui du salari\u00e9. Avec ce statut, le g\u00e9rant pourra avoir un contrat de travail classique et avoir une fiche de paie par exemple.<\/p><p>Dans certains cas, le g\u00e9rant minoritaire peut avoir la double casquette de g\u00e9rant et de salari\u00e9. Il peut alors cumuler les revenus li\u00e9s \u00e0 son salaire de g\u00e9rant minoritaire et celui de salari\u00e9. Toutefois le g\u00e9rant \u00e9galitaire, ne peut avoir de contrat de travail dans une soci\u00e9t\u00e9 qu\u2019il dirige.<\/p><h3>\u00a0<\/h3><h3>Quel r\u00e9gime fiscal pour un statut de g\u00e9rant ?<\/h3><p>Pour la <a href=\"https:\/\/www.legifrance.gouv.fr\/affichCodeArticle.do?idArticle=LEGIARTI000019288260&amp;cidTexte=LEGITEXT000006069577&amp;dateTexte=20080806\">loi<\/a> le r\u00e9gime fiscal du statut de g\u00e9rant va d\u00e9pendre de la cat\u00e9gorie dans laquelle la soci\u00e9t\u00e9 est impos\u00e9e.<\/p><p>D\u00e8s lors qu\u2019une soci\u00e9t\u00e9 rel\u00e8ve de l\u2019imp\u00f4t sur les soci\u00e9t\u00e9s, la r\u00e9mun\u00e9ration attribu\u00e9e \u00e0 son dirigeant, quel que soit son statut de g\u00e9rant, est impos\u00e9e dans la cat\u00e9gorie des traitements et salaires. Cette r\u00e9mun\u00e9ration est impos\u00e9e au titre de la d\u00e9claration d\u2019imp\u00f4t sur le revenu propre au g\u00e9rant.<\/p><p>En revanche, pour une soci\u00e9t\u00e9 qui rel\u00e8ve de l\u2019imp\u00f4t sur le revenu, la r\u00e9mun\u00e9ration allou\u00e9e \u00e0 son gestionnaire, quel que soit son statut de g\u00e9rant, est impos\u00e9e dans la cat\u00e9gorie des BIC (B\u00e9n\u00e9fices industrielles et commerciaux) ou BNC (B\u00e9n\u00e9fices non commerciaux) en fonction des activit\u00e9s de la soci\u00e9t\u00e9.<\/p><h2 id=\"3\">\u00a0<\/h2><h2 id=\"3\">Le statut de g\u00e9rant SARL, le calcul des cotisations<\/h2><p>La soci\u00e9t\u00e9 \u00e0 responsabilit\u00e9 limit\u00e9 ( SARL) est l&rsquo;une des formes juridiques les plus r\u00e9pandues en France. Ce succ\u00e8s est expliqu\u00e9 par ses atouts, parmi lesquels on peut mentionner, le statut du g\u00e9rant. Aussi bien pour SARL ou <b>le statut g\u00e9rant EURL<\/b> qui est la forme juridique d&rsquo;une soci\u00e9t\u00e9 \u00e0 responsabilit\u00e9 limit\u00e9 avec un associ\u00e9.<\/p><h4>\u00a0<\/h4><h4>Statut g\u00e9rant : le cas du g\u00e9rant majoritaire<\/h4><ul><li>En effet le g\u00e9rant qui d\u00e9tient plus de 50% de parts de la soci\u00e9t\u00e9 est rattach\u00e9 au r\u00e9gime social des <a href=\"https:\/\/blog.legalvision.fr\/2018\/07\/19\/tns\/\">travailleurs non-salari\u00e9s (TNS)<\/a>. La cons\u00e9quence directe de cette affiliation pour le g\u00e9rant, c&rsquo;est qu&rsquo;il devra cotiser aux m\u00eames caisses indiff\u00e9remment des activit\u00e9s de la soci\u00e9t\u00e9\u00a0 :<\/li><\/ul><div><span style=\"font-family: Montserrat;\">\u00a0<\/span><\/div><ul><li>Les professions lib\u00e9rales, si la SARL a un objet lib\u00e9ral<\/li><\/ul><div><span style=\"font-family: Montserrat;\">\u00a0<\/span><\/div><ul><li>Les artisans, si la SARL a un objet artisanal<\/li><\/ul><div><span style=\"font-family: Montserrat;\">\u00a0<\/span><\/div><ul><li>Les commer\u00e7ants, si la SARL a un objet commercial ou industriel.<\/li><\/ul><p>Le calcul de cotisations\u00a0: ce calcul se fait sur la base d\u2019un forfait en d\u00e9but d\u2019activit\u00e9. En r\u00e8gle g\u00e9n\u00e9rale, les deux premi\u00e8res ann\u00e9es m\u00eame en cas d\u2019absence de versement de r\u00e9mun\u00e9ration par la soci\u00e9t\u00e9 sur ladite p\u00e9riode.<\/p><p>En ce qui concerne les cotisations sociales, elles repr\u00e9sentent des charges personnelles pour le g\u00e9rant. Par cons\u00e9quent, le g\u00e9rant effectue\u00a0 directement des versements aupr\u00e8s des organismes sociaux. Par la suite, ces montants vers\u00e9s au titre des cotisations sociales sont d\u00e9ductibles de ses revenus professionnels et imposables par le biais de l\u2019imp\u00f4t sur le revenu.<\/p><p>Toutefois, certains g\u00e9rants sont exempt\u00e9s par leur soci\u00e9t\u00e9 du paiement de ces cotisations sociales personnelles.<\/p><p>Alors dans un tel cas, les cotisations sociales sont requalifi\u00e9es en r\u00e9mun\u00e9ration.<\/p><h3>\u00a0<\/h3><h3>Statut g\u00e9rant : le g\u00e9rant minoritaire ou \u00e9galitaire<\/h3><p>Le g\u00e9rant qui dispose de ce type de statut, peut cumuler deux cat\u00e9gories de r\u00e9mun\u00e9rations.<\/p><p>La premi\u00e8re r\u00e9mun\u00e9ration peut \u00eatre au titre de son mandat social. C\u2019est-\u00e0-dire les actes de gestion et repr\u00e9sentation de la soci\u00e9t\u00e9. La seconde r\u00e9mun\u00e9ration peut \u00eatre vers\u00e9e au titre d\u2019un contrat de travail, pour les fonctions techniques qui se distinguent des missions qui lui sont attribu\u00e9es pour son mandat social.<\/p><h4>\u00a0<\/h4><h4>La diff\u00e9rence de traitements entre les deux statuts<\/h4><p>Dans un premier temps, la r\u00e9mun\u00e9ration li\u00e9e \u00e0 son mandat social va relever du r\u00e9gime des \u00ab\u00a0assimil\u00e9s salari\u00e9s\u00a0\u00bb. \u00a0Il va b\u00e9n\u00e9ficier du r\u00e9gime social des salari\u00e9s. N\u00e9anmoins, n\u2019ayant pas un contrat de travail, il ne pourra avoir une assurance ch\u00f4mage. Ni \u00eatre soumis aux r\u00e8gles du droit de travail et de la convention collective. Il est expos\u00e9 \u00e0 une r\u00e9vocation et un licenciement sans pr\u00e9avis.<\/p><p>En second lieu, sa r\u00e9mun\u00e9ration li\u00e9e au contrat de travail du g\u00e9rant minoritaire, est semblable \u00e0 celle prise par un vrai salari\u00e9. Pour un g\u00e9rant minoritaire, au pr\u00e9alable faire une v\u00e9rification aupr\u00e8s du pole emploi que son contrat de travail remplit certaines conditions. Notamment, l\u2019existence d\u2019un v\u00e9ritable lien de subordination entre le g\u00e9rant minoritaire salari\u00e9 et sa soci\u00e9t\u00e9. Si cette condition est remplie, le g\u00e9rant a droit \u00e0 une assurance ch\u00f4mage comme un vrai salari\u00e9.<\/p><p>Le statut g\u00e9rant sur son aspect social et fiscal offre plusieurs options pour le futur dirigeant d&rsquo;entreprise. En terme de droits et obligations les cat\u00e9gories de g\u00e9rant ne pourront pas pr\u00e9tendre \u00e0 la m\u00eame protection.<\/p><div class=\"wp-block-button\" style=\"text-align: center;\">\u00a0<\/div><div class=\"wp-block-button\" style=\"text-align: center;\">\u00a0<\/div><div class=\"wp-block-button\" style=\"text-align: center;\">\u00a0<\/div><div class=\"wp-block-button\" style=\"text-align: center;\">\u00a0<\/div><div class=\"wp-block-button\" style=\"text-align: center;\"><a class=\"wp-block-button__link has-background\" href=\"https:\/\/leonard.fr\/juridique\/creation-entreprise\/creation-dune-sarl-leonard\/?utm_source=blog&amp;utm_medium=CTA&amp;utm_campaign=tout_savoir_statut_de_gerant_par_ici&amp;utm_id=creation_SARL_blog\">Cr\u00e9ez votre SARL en ligne<\/a><\/div>\t\t\t\t\t\t\t\t<\/div>\n\t\t\t\t<\/div>\n\t\t\t\t\t<\/div>\n\t\t\t\t<\/div>\n\t\t\t\t<\/div>\n\t\t","protected":false},"excerpt":{"rendered":"<p>Pour tout chef d&rsquo;entreprise, bien conna\u00eetre son statut et le r\u00e9gime social attach\u00e9 est primordial avant la cr\u00e9ation d&rsquo;une entreprise. Notamment, c&rsquo;est le cas du statut de g\u00e9rant d&rsquo;une soci\u00e9t\u00e9. Une grande diff\u00e9rence peut exister entre le g\u00e9rant d\u00e9sign\u00e9 majoritaire, et celui consid\u00e9r\u00e9 comme minoritaire ou \u00e9galitaire dans la soci\u00e9t\u00e9. Le\u00a0statut de g\u00e9rant salari\u00e9 non&hellip; <a class=\"more-link\" href=\"https:\/\/www.legalvision.fr\/guides-juridiques\/creer-son-entreprise\/statut-gerant\/\">Poursuivre la lecture <span class=\"screen-reader-text\">Tout ce que vous devez savoir sur le statut de g\u00e9rant, c&rsquo;est par ici<\/span><\/a><\/p>\n","protected":false},"author":30,"featured_media":23569,"comment_status":"open","ping_status":"open","sticky":false,"template":"","format":"standard","meta":{"content-type":"","inline_featured_image":false,"footnotes":""},"categories":[2481],"tags":[],"class_list":["post-8224","post","type-post","status-publish","format-standard","has-post-thumbnail","hentry","category-creer-son-entreprise","entry"],"yoast_head":"<!-- This site is optimized with the Yoast SEO plugin v27.1.1 - https:\/\/yoast.com\/product\/yoast-seo-wordpress\/ -->\n<title>Tout ce que vous devez savoir sur le statut g\u00e9rant, c&#039;est par ici.<\/title>\n<meta name=\"description\" content=\"Statut g\u00e9rant : c&#039;est quoi ? qui est concern\u00e9 ? LegalVision vous explique ce que vous devez savoir sur la g\u00e9rance avant de cr\u00e9er votre activit\u00e9.\" \/>\n<meta name=\"robots\" content=\"index, follow, max-snippet:-1, max-image-preview:large, max-video-preview:-1\" \/>\n<link rel=\"canonical\" href=\"https:\/\/www.legalvision.fr\/guides-juridiques\/creer-son-entreprise\/statut-gerant\/\" \/>\n<meta property=\"og:locale\" content=\"fr_FR\" \/>\n<meta property=\"og:type\" content=\"article\" \/>\n<meta property=\"og:title\" content=\"Tout ce que vous devez savoir sur le statut g\u00e9rant, c&#039;est par ici.\" \/>\n<meta property=\"og:description\" content=\"Statut g\u00e9rant : c&#039;est quoi ? qui est concern\u00e9 ? LegalVision vous explique ce que vous devez savoir sur la g\u00e9rance avant de cr\u00e9er votre activit\u00e9.\" \/>\n<meta property=\"og:url\" content=\"https:\/\/www.legalvision.fr\/guides-juridiques\/creer-son-entreprise\/statut-gerant\/\" \/>\n<meta property=\"og:site_name\" content=\"Guides juridiques\" \/>\n<meta property=\"article:published_time\" content=\"2018-10-08T06:30:45+00:00\" \/>\n<meta property=\"article:modified_time\" content=\"2024-02-09T13:57:53+00:00\" \/>\n<meta property=\"og:image\" content=\"https:\/\/www.legalvision.fr\/guides-juridiques\/wp-content\/uploads\/2018\/10\/Statut-g\u00e9rant-min.jpg\" \/>\n\t<meta property=\"og:image:width\" content=\"958\" \/>\n\t<meta property=\"og:image:height\" content=\"350\" \/>\n\t<meta property=\"og:image:type\" content=\"image\/jpeg\" \/>\n<meta name=\"author\" content=\"William Lebrun\" \/>\n<meta name=\"twitter:card\" content=\"summary_large_image\" \/>\n<meta name=\"twitter:label1\" content=\"\u00c9crit par\" \/>\n\t<meta name=\"twitter:data1\" content=\"William Lebrun\" \/>\n\t<meta name=\"twitter:label2\" content=\"Dur\u00e9e de lecture estim\u00e9e\" \/>\n\t<meta name=\"twitter:data2\" content=\"7 minutes\" \/>\n<script type=\"application\/ld+json\" class=\"yoast-schema-graph\">{\"@context\":\"https:\/\/schema.org\",\"@graph\":[{\"@type\":\"Article\",\"@id\":\"https:\/\/www.legalvision.fr\/guides-juridiques\/creer-son-entreprise\/statut-gerant\/#article\",\"isPartOf\":{\"@id\":\"https:\/\/www.legalvision.fr\/guides-juridiques\/creer-son-entreprise\/statut-gerant\/\"},\"author\":{\"name\":\"William Lebrun\",\"@id\":\"https:\/\/www.legalvision.fr\/guides-juridiques\/#\/schema\/person\/3d24d0c20575138ed212b2e4b6f7b4b0\"},\"headline\":\"Tout ce que vous devez savoir sur le statut de g\u00e9rant, c&rsquo;est par ici\",\"datePublished\":\"2018-10-08T06:30:45+00:00\",\"dateModified\":\"2024-02-09T13:57:53+00:00\",\"mainEntityOfPage\":{\"@id\":\"https:\/\/www.legalvision.fr\/guides-juridiques\/creer-son-entreprise\/statut-gerant\/\"},\"wordCount\":1518,\"commentCount\":2,\"publisher\":{\"@id\":\"https:\/\/www.legalvision.fr\/guides-juridiques\/#organization\"},\"image\":{\"@id\":\"https:\/\/www.legalvision.fr\/guides-juridiques\/creer-son-entreprise\/statut-gerant\/#primaryimage\"},\"thumbnailUrl\":\"https:\/\/www.legalvision.fr\/guides-juridiques\/wp-content\/uploads\/2018\/10\/Statut-g\u00e9rant-min.jpg\",\"articleSection\":[\"Cr\u00e9er son entreprise\"],\"inLanguage\":\"fr-FR\",\"potentialAction\":[{\"@type\":\"CommentAction\",\"name\":\"Comment\",\"target\":[\"https:\/\/www.legalvision.fr\/guides-juridiques\/creer-son-entreprise\/statut-gerant\/#respond\"]}]},{\"@type\":\"WebPage\",\"@id\":\"https:\/\/www.legalvision.fr\/guides-juridiques\/creer-son-entreprise\/statut-gerant\/\",\"url\":\"https:\/\/www.legalvision.fr\/guides-juridiques\/creer-son-entreprise\/statut-gerant\/\",\"name\":\"Tout ce que vous devez savoir sur le statut g\u00e9rant, c'est par ici.\",\"isPartOf\":{\"@id\":\"https:\/\/www.legalvision.fr\/guides-juridiques\/#website\"},\"primaryImageOfPage\":{\"@id\":\"https:\/\/www.legalvision.fr\/guides-juridiques\/creer-son-entreprise\/statut-gerant\/#primaryimage\"},\"image\":{\"@id\":\"https:\/\/www.legalvision.fr\/guides-juridiques\/creer-son-entreprise\/statut-gerant\/#primaryimage\"},\"thumbnailUrl\":\"https:\/\/www.legalvision.fr\/guides-juridiques\/wp-content\/uploads\/2018\/10\/Statut-g\u00e9rant-min.jpg\",\"datePublished\":\"2018-10-08T06:30:45+00:00\",\"dateModified\":\"2024-02-09T13:57:53+00:00\",\"description\":\"Statut g\u00e9rant : c'est quoi ? qui est concern\u00e9 ? LegalVision vous explique ce que vous devez savoir sur la g\u00e9rance avant de cr\u00e9er votre activit\u00e9.\",\"breadcrumb\":{\"@id\":\"https:\/\/www.legalvision.fr\/guides-juridiques\/creer-son-entreprise\/statut-gerant\/#breadcrumb\"},\"inLanguage\":\"fr-FR\",\"potentialAction\":[{\"@type\":\"ReadAction\",\"target\":[\"https:\/\/www.legalvision.fr\/guides-juridiques\/creer-son-entreprise\/statut-gerant\/\"]}]},{\"@type\":\"ImageObject\",\"inLanguage\":\"fr-FR\",\"@id\":\"https:\/\/www.legalvision.fr\/guides-juridiques\/creer-son-entreprise\/statut-gerant\/#primaryimage\",\"url\":\"https:\/\/www.legalvision.fr\/guides-juridiques\/wp-content\/uploads\/2018\/10\/Statut-g\u00e9rant-min.jpg\",\"contentUrl\":\"https:\/\/www.legalvision.fr\/guides-juridiques\/wp-content\/uploads\/2018\/10\/Statut-g\u00e9rant-min.jpg\",\"width\":958,\"height\":350,\"caption\":\"Statut g\u00e9rant\"},{\"@type\":\"BreadcrumbList\",\"@id\":\"https:\/\/www.legalvision.fr\/guides-juridiques\/creer-son-entreprise\/statut-gerant\/#breadcrumb\",\"itemListElement\":[{\"@type\":\"ListItem\",\"position\":1,\"name\":\"Accueil\",\"item\":\"https:\/\/www.legalvision.fr\/guides-juridiques\/\"},{\"@type\":\"ListItem\",\"position\":2,\"name\":\"Cr\u00e9er son entreprise\",\"item\":\"https:\/\/www.legalvision.fr\/guides-juridiques\/creer-son-entreprise\/\"},{\"@type\":\"ListItem\",\"position\":3,\"name\":\"Tout ce que vous devez savoir sur le statut de g\u00e9rant, c&rsquo;est par ici\"}]},{\"@type\":\"WebSite\",\"@id\":\"https:\/\/www.legalvision.fr\/guides-juridiques\/#website\",\"url\":\"https:\/\/www.legalvision.fr\/guides-juridiques\/\",\"name\":\"Guides juridiques\",\"description\":\"L&#039;information juridique \u00e0 destination des entreprises et TPE\",\"publisher\":{\"@id\":\"https:\/\/www.legalvision.fr\/guides-juridiques\/#organization\"},\"potentialAction\":[{\"@type\":\"SearchAction\",\"target\":{\"@type\":\"EntryPoint\",\"urlTemplate\":\"https:\/\/www.legalvision.fr\/guides-juridiques\/?s={search_term_string}\"},\"query-input\":{\"@type\":\"PropertyValueSpecification\",\"valueRequired\":true,\"valueName\":\"search_term_string\"}}],\"inLanguage\":\"fr-FR\"},{\"@type\":\"Organization\",\"@id\":\"https:\/\/www.legalvision.fr\/guides-juridiques\/#organization\",\"name\":\"Guides juridiques\",\"url\":\"https:\/\/www.legalvision.fr\/guides-juridiques\/\",\"logo\":{\"@type\":\"ImageObject\",\"inLanguage\":\"fr-FR\",\"@id\":\"https:\/\/www.legalvision.fr\/guides-juridiques\/#\/schema\/logo\/image\/\",\"url\":\"https:\/\/www.legalvision.fr\/guides-juridiques\/wp-content\/uploads\/2022\/10\/LV-Logotype.png\",\"contentUrl\":\"https:\/\/www.legalvision.fr\/guides-juridiques\/wp-content\/uploads\/2022\/10\/LV-Logotype.png\",\"width\":647,\"height\":125,\"caption\":\"Guides juridiques\"},\"image\":{\"@id\":\"https:\/\/www.legalvision.fr\/guides-juridiques\/#\/schema\/logo\/image\/\"}},{\"@type\":\"Person\",\"@id\":\"https:\/\/www.legalvision.fr\/guides-juridiques\/#\/schema\/person\/3d24d0c20575138ed212b2e4b6f7b4b0\",\"name\":\"William Lebrun\",\"image\":{\"@type\":\"ImageObject\",\"inLanguage\":\"fr-FR\",\"@id\":\"https:\/\/www.legalvision.fr\/guides-juridiques\/#\/schema\/person\/image\/\",\"url\":\"https:\/\/www.legalvision.fr\/guides-juridiques\/wp-content\/uploads\/2023\/07\/cropped-homme1-96x96.png\",\"contentUrl\":\"https:\/\/www.legalvision.fr\/guides-juridiques\/wp-content\/uploads\/2023\/07\/cropped-homme1-96x96.png\",\"caption\":\"William Lebrun\"},\"description\":\"B\u00e9n\u00e9ficiant de la formation d'un double dipl\u00f4me en droit des affaires et en \u00e9cole de commerce, j'ai un fort attrait pour le droit des soci\u00e9t\u00e9s. Je r\u00e9dige des articles pour vous aider sur vos probl\u00e9matiques.\",\"url\":\"https:\/\/www.legalvision.fr\/guides-juridiques\/author\/aina-rakoto\/\"}]}<\/script>\n<!-- \/ Yoast SEO plugin. -->","yoast_head_json":{"title":"Tout ce que vous devez savoir sur le statut g\u00e9rant, c'est par ici.","description":"Statut g\u00e9rant : c'est quoi ? qui est concern\u00e9 ? LegalVision vous explique ce que vous devez savoir sur la g\u00e9rance avant de cr\u00e9er votre activit\u00e9.","robots":{"index":"index","follow":"follow","max-snippet":"max-snippet:-1","max-image-preview":"max-image-preview:large","max-video-preview":"max-video-preview:-1"},"canonical":"https:\/\/www.legalvision.fr\/guides-juridiques\/creer-son-entreprise\/statut-gerant\/","og_locale":"fr_FR","og_type":"article","og_title":"Tout ce que vous devez savoir sur le statut g\u00e9rant, c'est par ici.","og_description":"Statut g\u00e9rant : c'est quoi ? qui est concern\u00e9 ? LegalVision vous explique ce que vous devez savoir sur la g\u00e9rance avant de cr\u00e9er votre activit\u00e9.","og_url":"https:\/\/www.legalvision.fr\/guides-juridiques\/creer-son-entreprise\/statut-gerant\/","og_site_name":"Guides juridiques","article_published_time":"2018-10-08T06:30:45+00:00","article_modified_time":"2024-02-09T13:57:53+00:00","og_image":[{"width":958,"height":350,"url":"https:\/\/www.legalvision.fr\/guides-juridiques\/wp-content\/uploads\/2018\/10\/Statut-g\u00e9rant-min.jpg","type":"image\/jpeg"}],"author":"William Lebrun","twitter_card":"summary_large_image","twitter_misc":{"\u00c9crit par":"William Lebrun","Dur\u00e9e de lecture estim\u00e9e":"7 minutes"},"schema":{"@context":"https:\/\/schema.org","@graph":[{"@type":"Article","@id":"https:\/\/www.legalvision.fr\/guides-juridiques\/creer-son-entreprise\/statut-gerant\/#article","isPartOf":{"@id":"https:\/\/www.legalvision.fr\/guides-juridiques\/creer-son-entreprise\/statut-gerant\/"},"author":{"name":"William Lebrun","@id":"https:\/\/www.legalvision.fr\/guides-juridiques\/#\/schema\/person\/3d24d0c20575138ed212b2e4b6f7b4b0"},"headline":"Tout ce que vous devez savoir sur le statut de g\u00e9rant, c&rsquo;est par ici","datePublished":"2018-10-08T06:30:45+00:00","dateModified":"2024-02-09T13:57:53+00:00","mainEntityOfPage":{"@id":"https:\/\/www.legalvision.fr\/guides-juridiques\/creer-son-entreprise\/statut-gerant\/"},"wordCount":1518,"commentCount":2,"publisher":{"@id":"https:\/\/www.legalvision.fr\/guides-juridiques\/#organization"},"image":{"@id":"https:\/\/www.legalvision.fr\/guides-juridiques\/creer-son-entreprise\/statut-gerant\/#primaryimage"},"thumbnailUrl":"https:\/\/www.legalvision.fr\/guides-juridiques\/wp-content\/uploads\/2018\/10\/Statut-g\u00e9rant-min.jpg","articleSection":["Cr\u00e9er son entreprise"],"inLanguage":"fr-FR","potentialAction":[{"@type":"CommentAction","name":"Comment","target":["https:\/\/www.legalvision.fr\/guides-juridiques\/creer-son-entreprise\/statut-gerant\/#respond"]}]},{"@type":"WebPage","@id":"https:\/\/www.legalvision.fr\/guides-juridiques\/creer-son-entreprise\/statut-gerant\/","url":"https:\/\/www.legalvision.fr\/guides-juridiques\/creer-son-entreprise\/statut-gerant\/","name":"Tout ce que vous devez savoir sur le statut g\u00e9rant, c'est par ici.","isPartOf":{"@id":"https:\/\/www.legalvision.fr\/guides-juridiques\/#website"},"primaryImageOfPage":{"@id":"https:\/\/www.legalvision.fr\/guides-juridiques\/creer-son-entreprise\/statut-gerant\/#primaryimage"},"image":{"@id":"https:\/\/www.legalvision.fr\/guides-juridiques\/creer-son-entreprise\/statut-gerant\/#primaryimage"},"thumbnailUrl":"https:\/\/www.legalvision.fr\/guides-juridiques\/wp-content\/uploads\/2018\/10\/Statut-g\u00e9rant-min.jpg","datePublished":"2018-10-08T06:30:45+00:00","dateModified":"2024-02-09T13:57:53+00:00","description":"Statut g\u00e9rant : c'est quoi ? qui est concern\u00e9 ? LegalVision vous explique ce que vous devez savoir sur la g\u00e9rance avant de cr\u00e9er votre activit\u00e9.","breadcrumb":{"@id":"https:\/\/www.legalvision.fr\/guides-juridiques\/creer-son-entreprise\/statut-gerant\/#breadcrumb"},"inLanguage":"fr-FR","potentialAction":[{"@type":"ReadAction","target":["https:\/\/www.legalvision.fr\/guides-juridiques\/creer-son-entreprise\/statut-gerant\/"]}]},{"@type":"ImageObject","inLanguage":"fr-FR","@id":"https:\/\/www.legalvision.fr\/guides-juridiques\/creer-son-entreprise\/statut-gerant\/#primaryimage","url":"https:\/\/www.legalvision.fr\/guides-juridiques\/wp-content\/uploads\/2018\/10\/Statut-g\u00e9rant-min.jpg","contentUrl":"https:\/\/www.legalvision.fr\/guides-juridiques\/wp-content\/uploads\/2018\/10\/Statut-g\u00e9rant-min.jpg","width":958,"height":350,"caption":"Statut g\u00e9rant"},{"@type":"BreadcrumbList","@id":"https:\/\/www.legalvision.fr\/guides-juridiques\/creer-son-entreprise\/statut-gerant\/#breadcrumb","itemListElement":[{"@type":"ListItem","position":1,"name":"Accueil","item":"https:\/\/www.legalvision.fr\/guides-juridiques\/"},{"@type":"ListItem","position":2,"name":"Cr\u00e9er son entreprise","item":"https:\/\/www.legalvision.fr\/guides-juridiques\/creer-son-entreprise\/"},{"@type":"ListItem","position":3,"name":"Tout ce que vous devez savoir sur le statut de g\u00e9rant, c&rsquo;est par ici"}]},{"@type":"WebSite","@id":"https:\/\/www.legalvision.fr\/guides-juridiques\/#website","url":"https:\/\/www.legalvision.fr\/guides-juridiques\/","name":"Guides juridiques","description":"L&#039;information juridique \u00e0 destination des entreprises et TPE","publisher":{"@id":"https:\/\/www.legalvision.fr\/guides-juridiques\/#organization"},"potentialAction":[{"@type":"SearchAction","target":{"@type":"EntryPoint","urlTemplate":"https:\/\/www.legalvision.fr\/guides-juridiques\/?s={search_term_string}"},"query-input":{"@type":"PropertyValueSpecification","valueRequired":true,"valueName":"search_term_string"}}],"inLanguage":"fr-FR"},{"@type":"Organization","@id":"https:\/\/www.legalvision.fr\/guides-juridiques\/#organization","name":"Guides juridiques","url":"https:\/\/www.legalvision.fr\/guides-juridiques\/","logo":{"@type":"ImageObject","inLanguage":"fr-FR","@id":"https:\/\/www.legalvision.fr\/guides-juridiques\/#\/schema\/logo\/image\/","url":"https:\/\/www.legalvision.fr\/guides-juridiques\/wp-content\/uploads\/2022\/10\/LV-Logotype.png","contentUrl":"https:\/\/www.legalvision.fr\/guides-juridiques\/wp-content\/uploads\/2022\/10\/LV-Logotype.png","width":647,"height":125,"caption":"Guides juridiques"},"image":{"@id":"https:\/\/www.legalvision.fr\/guides-juridiques\/#\/schema\/logo\/image\/"}},{"@type":"Person","@id":"https:\/\/www.legalvision.fr\/guides-juridiques\/#\/schema\/person\/3d24d0c20575138ed212b2e4b6f7b4b0","name":"William Lebrun","image":{"@type":"ImageObject","inLanguage":"fr-FR","@id":"https:\/\/www.legalvision.fr\/guides-juridiques\/#\/schema\/person\/image\/","url":"https:\/\/www.legalvision.fr\/guides-juridiques\/wp-content\/uploads\/2023\/07\/cropped-homme1-96x96.png","contentUrl":"https:\/\/www.legalvision.fr\/guides-juridiques\/wp-content\/uploads\/2023\/07\/cropped-homme1-96x96.png","caption":"William Lebrun"},"description":"B\u00e9n\u00e9ficiant de la formation d'un double dipl\u00f4me en droit des affaires et en \u00e9cole de commerce, j'ai un fort attrait pour le droit des soci\u00e9t\u00e9s. Je r\u00e9dige des articles pour vous aider sur vos probl\u00e9matiques.","url":"https:\/\/www.legalvision.fr\/guides-juridiques\/author\/aina-rakoto\/"}]}},"_links":{"self":[{"href":"https:\/\/www.legalvision.fr\/guides-juridiques\/wp-json\/wp\/v2\/posts\/8224","targetHints":{"allow":["GET"]}}],"collection":[{"href":"https:\/\/www.legalvision.fr\/guides-juridiques\/wp-json\/wp\/v2\/posts"}],"about":[{"href":"https:\/\/www.legalvision.fr\/guides-juridiques\/wp-json\/wp\/v2\/types\/post"}],"author":[{"embeddable":true,"href":"https:\/\/www.legalvision.fr\/guides-juridiques\/wp-json\/wp\/v2\/users\/30"}],"replies":[{"embeddable":true,"href":"https:\/\/www.legalvision.fr\/guides-juridiques\/wp-json\/wp\/v2\/comments?post=8224"}],"version-history":[{"count":16,"href":"https:\/\/www.legalvision.fr\/guides-juridiques\/wp-json\/wp\/v2\/posts\/8224\/revisions"}],"predecessor-version":[{"id":44962,"href":"https:\/\/www.legalvision.fr\/guides-juridiques\/wp-json\/wp\/v2\/posts\/8224\/revisions\/44962"}],"wp:featuredmedia":[{"embeddable":true,"href":"https:\/\/www.legalvision.fr\/guides-juridiques\/wp-json\/wp\/v2\/media\/23569"}],"wp:attachment":[{"href":"https:\/\/www.legalvision.fr\/guides-juridiques\/wp-json\/wp\/v2\/media?parent=8224"}],"wp:term":[{"taxonomy":"category","embeddable":true,"href":"https:\/\/www.legalvision.fr\/guides-juridiques\/wp-json\/wp\/v2\/categories?post=8224"},{"taxonomy":"post_tag","embeddable":true,"href":"https:\/\/www.legalvision.fr\/guides-juridiques\/wp-json\/wp\/v2\/tags?post=8224"}],"curies":[{"name":"wp","href":"https:\/\/api.w.org\/{rel}","templated":true}]}}