{"id":8123,"date":"2018-09-28T07:30:00","date_gmt":"2018-09-28T06:30:00","guid":{"rendered":"https:\/\/blog.legalvision.fr\/?p=8123"},"modified":"2022-03-27T21:21:06","modified_gmt":"2022-03-27T19:21:06","slug":"chomage-des-independants","status":"publish","type":"post","link":"https:\/\/www.legalvision.fr\/guides-juridiques\/droit-du-travail\/chomage-des-independants\/","title":{"rendered":"Ch\u00f4mage des ind\u00e9pendants : introduction d&rsquo;allocations ch\u00f4mage pour les dirigeants d&rsquo;entreprise"},"content":{"rendered":"<p>La loi se mue. Les r\u00e9alit\u00e9s changent. Les aspirations d&rsquo;hier peuvent devenir les r\u00e9alit\u00e9s d&rsquo;aujourd&rsquo;hui. Aussi, pendant longtemps, la question du <strong>ch\u00f4mage des ind\u00e9pendants<\/strong> se r\u00e9solvait par la n\u00e9gative. En effet, \u00e0 d\u00e9faut de cotiser, un ind\u00e9pendant, comme un dirigeant d&rsquo;entreprise, ne pouvait pas pr\u00e9tendre aux allocations ch\u00f4mages. Mais, la <a href=\"https:\/\/www.legifrance.gouv.fr\/affichTexte.do;jsessionid=EB9B2FD2575A4AA24C949A45C75EF07E.tplgfr35s_2?cidTexte=JORFTEXT000037367660&amp;dateTexte=&amp;oldAction=rechJO&amp;categorieLien=id&amp;idJO=JORFCONT000037367657#JORFARTI000037367818\">loi pour la libert\u00e9 de choisir son avenir professionnel<\/a> vient changer les choses. Ainsi, il devient possible de <a href=\"https:\/\/www.legalvision.fr\/creation-dentreprise\/\">cr\u00e9er une entreprise<\/a>, la faire vivre, puis y mettre un terme en b\u00e9n\u00e9ficiant d&rsquo;allocations ch\u00f4mages.<\/p>\n<p>Mais, est-ce r\u00e9ellement le cas ? La r\u00e9alit\u00e9 se r\u00e9v\u00e9lerait-elle si avantageuse pour les entrepreneurs ? Sans doute, non. Mais, l&rsquo;introduction d&rsquo;une assurance ch\u00f4mage dirigeant reste utile dans les cas o\u00f9 elle vient \u00e0 s&rsquo;appliquer.<\/p>\n<p>Afin de comprendre de quoi retourne le ch\u00f4mage des ind\u00e9pendants, il faut exposer la situation ant\u00e9rieure. Apr\u00e8s, il conviendra de pr\u00e9senter les \u00e9volutions instill\u00e9es en faveur d&rsquo;une assurance ch\u00f4mage dirigeant.\n<\/p>\n<h3>Sommaire<\/h3>\n<p><a href=\"#I\"><strong>Ind\u00e9pendant et ch\u00f4mage : le ch\u00f4mage des ind\u00e9pendants avant la r\u00e9forme<\/strong><\/a><br \/>\n<a href=\"#II\"><strong> II\/ Ind\u00e9pendant droit au ch\u00f4mage : le ch\u00f4mage des ind\u00e9pendants apr\u00e8s la r\u00e9forme<\/strong><\/a><\/p>\n<div class=\"wp-block-button\" style=\"text-align:center;\"><a class=\"wp-block-button__link has-background\" href=\"https:\/\/www.legalvision.fr\/tous-les-services\/\">Voir les services LegalVision<\/a><\/div>\n<h2 id=\"I\">Ind\u00e9pendant et ch\u00f4mage : le ch\u00f4mage des ind\u00e9pendants avant la r\u00e9forme<\/h2>\n<p>Peut-on toucher le ch\u00f4mage en \u00e9tant g\u00e9rant ? Avant la r\u00e9forme, cette question trouvait une r\u00e9ponse n\u00e9gative. N\u00e9anmoins, il fallait tout de m\u00eame la nuancer sur certains points.<\/p>\n<h3>Ch\u00f4mage et g\u00e9rant de soci\u00e9t\u00e9 : l&rsquo;absence d&rsquo;ouverture \u00e0 des droits au titre du ch\u00f4mage des ind\u00e9pendants.<\/h3>\n<p>Avant la loi pour la libert\u00e9 de choisir son avenir professionnel, la situation \u00e9tait simple. En effet, le droit au ch\u00f4mage n&rsquo;\u00e9tait pas ouvert aux dirigeants d&rsquo;entreprise. N\u00e9anmoins, quelques termes pouvait pr\u00eater \u00e0 confusion.<\/p>\n<p>L&rsquo;esprit avait vite fait d&rsquo;associer g\u00e9rant salari\u00e9 et ch\u00f4mage. Pareillement, il pouvait exclure l&rsquo;id\u00e9e d&rsquo;un droit au ch\u00f4mage g\u00e9rant non salari\u00e9. Mais, en r\u00e9alit\u00e9 ces situations donnaient lieu au m\u00eame traitement. Le statut d&rsquo;assimil\u00e9-salari\u00e9 de certains dirigeants ne leur donnait nullement acc\u00e8s au droit au ch\u00f4mage. \u00c0 d\u00e9faut d&rsquo;y cotiser, ils ne pouvaient y pr\u00e9tendre. Pareillement, il n&rsquo;\u00e9tait pas question d&rsquo;assurance ch\u00f4mage g\u00e9rant minoritaire, ou m\u00eame de r\u00e9aliser une association entre g\u00e9rant \u00e9galitaire et ch\u00f4mage. Dans tous les cas, un dirigeant ne pouvait pas pr\u00e9tendre au ch\u00f4mage. Son statut importait peu : aucun r\u00e9gime propre aux dirigeants ne pr\u00e9voyait de cotisations \u00e0 l&rsquo;assurance ch\u00f4mage.<\/p>\n<h3>Dirigeant, g\u00e9rant de soci\u00e9t\u00e9 et ch\u00f4mage : le b\u00e9n\u00e9fice des droits ant\u00e9rieurs.<\/h3>\n<p>Le dirigeant ne cotisait pas \u00e0 l&rsquo;assurance ch\u00f4mage. Mais, peut-\u00eatre avait-il cotis\u00e9 au titre d&rsquo;une activit\u00e9 ant\u00e9rieure ? Alors, dans ce cas, il pouvait b\u00e9n\u00e9ficier de l&rsquo;assurance ch\u00f4mage. En effet,\u00a0le dirigeant avait\u00a0accumul\u00e9 des droits dans le pass\u00e9. Il pouvait\u00a0donc y pr\u00e9tendre une fois ses fonctions de direction achev\u00e9es, si les droits restaient d&rsquo;actualit\u00e9.<\/p>\n<p>N\u00e9anmoins, le montant de ces allocations peut\u00a0parfois se voir diminuer. Cela est le cas, notamment, si le dirigeant demande le b\u00e9n\u00e9fice de l&rsquo;ARCE. Le versement de cette aide amputera le total des allocations ch\u00f4mages de 45% de leur montant restant.<\/p>\n<h3>Allocations ch\u00f4mage pour g\u00e9rant et dirigeant : assurances et contrats de travail.<\/h3>\n<p>\u00c0 d\u00e9faut de cotiser \u00e0 l&rsquo;assurance ch\u00f4mage pr\u00e9vue par la loi, le dirigeant pouvait rechercher une protection priv\u00e9e. Par exemple, il existe une assurance ch\u00f4mage dirigeant AXA. Pareillement, la CAMEIC se pr\u00e9sente comme une assurance ch\u00f4mage pour dirigeant.<\/p>\n<p>Une autre solution est de cumuler les fonctions de direction avec un contrat de travail. Dans ce cas, le dirigeant cotisera au titre de son contrat de travail. N\u00e9anmoins, il faudra prendre garde \u00e0 plusieurs points. Notamment, un r\u00e9el lien de subordination devra exister entre le dirigeant et son employeur. Par exemple, l&rsquo;assurance ch\u00f4mage pourrait \u00eatre accessible pour un cadre dirigeant. Ainsi, plus que dirigeant salari\u00e9, il faudra \u00eatre dirigeant et salari\u00e9.<\/p>\n<p>Reste que des incertitudes planant parfois sur ces circonstances d&rsquo;acc\u00e8s aux allocations ch\u00f4mage. En effet, certains P\u00f4les Emplois ont refus\u00e9 d&rsquo;indemniser des dirigeants. Ainsi, afin d&rsquo;\u00e9viter ce risque, il est souvent pr\u00e9conis\u00e9 de demander l&rsquo;avis de P\u00f4le Emploi.<\/p>\n<h2 id=\"II\">Ind\u00e9pendant droit au ch\u00f4mage : le ch\u00f4mage des ind\u00e9pendants apr\u00e8s la r\u00e9forme<\/h2>\n<p>Peut-on toucher le ch\u00f4mage en \u00e9tant g\u00e9rant ? Avec la r\u00e9forme, cette question trouve une r\u00e9ponse positive. Cependant, il faut nuancer cette affirmation. En effet, certaines conditions doivent \u00eatre remplies pour b\u00e9n\u00e9ficier de l&rsquo;allocation ch\u00f4mage. Mais, ces conditions remplies, le versement d&rsquo;allocations au titre du ch\u00f4mage des ind\u00e9pendants devient une r\u00e9alit\u00e9.<\/p>\n<h3>La loi pour la libert\u00e9 de choisir son avenir professionnel : avanc\u00e9es sociales et ch\u00f4mage des ind\u00e9pendants.<\/h3>\n<p>La loi pour la libert\u00e9 de choisir son avenir professionnel apporte son lot de r\u00e9formes sociales. Ainsi, des mesures ont \u00e9t\u00e9 adopt\u00e9es afin de favoriser la formation professionnelle. Encore, la loi s&rsquo;int\u00e9resse au droit au ch\u00f4mage. Ainsi, elle a admis l&rsquo;octroi d&rsquo;allocations \u00e0 certains salari\u00e9s d\u00e9missionnaires. Ces allocations reviendront aux salari\u00e9s dont la d\u00e9mission s&rsquo;inscrit dans une perspective d&rsquo;\u00e9volution professionnelle.<\/p>\n<p>Or, tranche \u00e9galement la question du ch\u00f4mage des ind\u00e9pendants. En effet, elle introduit une assurance ch\u00f4mage dirigeant. N\u00e9anmoins, il convient d&rsquo;en d\u00e9terminer les b\u00e9n\u00e9ficiaires. Cela fait, les conditions d&rsquo;application de cette assurance ch\u00f4mage dirigeant devront \u00eatre examin\u00e9es.<\/p>\n<h3>Les b\u00e9n\u00e9ficiaires de l&rsquo;allocation ch\u00f4mage des ind\u00e9pendants.<\/h3>\n<p>C&rsquo;est au terme de renvois \u00e0 plusieurs articles que la loi d\u00e9finit le champ d&rsquo;application du ch\u00f4mage des ind\u00e9pendants.<\/p>\n<p>Selon la loi, l&rsquo;assurance ch\u00f4mage dirigeant sera accessible :<\/p>\n<ul>\n<li>\u00c0 certains travailleurs non salari\u00e9s ;<\/li>\n<li>Aux dirigeants de SAS ;<\/li>\n<li>Et, notamment, aux dirigeants minoritaires de SARL. Ces dirigeants devront donc d\u00e9tenir moins de la moiti\u00e9 des parts sociales de la soci\u00e9t\u00e9. Les parts d\u00e9tenues par des membres de la famille proche seront prises en compte dans ce calcul.<\/li>\n<\/ul>\n<p>N\u00e9anmoins, il convient d&rsquo;\u00e9mettre une r\u00e9serve\u00a0sur le b\u00e9n\u00e9fice de ces allocations ch\u00f4mages. En effet, leur mise en place ne pourra intervenir qu&rsquo;apr\u00e8s adoption d&rsquo;un d\u00e9cret d&rsquo;application.<\/p>\n<h3>Les conditions d&rsquo;octroie de l&rsquo;allocation ch\u00f4mage des ind\u00e9pendants.<\/h3>\n<p>Tout d&rsquo;abord, l&rsquo;assurance ch\u00f4mage dirigeant s\u2019accommode de conditions classiques. Ainsi, le dirigeant souhaitant b\u00e9n\u00e9ficier du r\u00e9gime du ch\u00f4mage des ind\u00e9pendants devra :<\/p>\n<ul>\n<li>Justifier de conditions de ressources ;<\/li>\n<li>Justifier d&rsquo;une certaine dur\u00e9e d&rsquo;exercice de ses fonctions de dirigeant ;<\/li>\n<li>Et, avoir suffisamment cotis\u00e9 pour avoir droit aux allocations ch\u00f4mage.<\/li>\n<\/ul>\n<p>Il s&rsquo;agit l\u00e0 de conditions classiques, d\u00e9j\u00e0 connues par les salari\u00e9s souhaitant b\u00e9n\u00e9ficier de l&rsquo;allocation ch\u00f4mage.<\/p>\n<p>Mais, en plus de ces conditions, le dirigeant devra se trouver dans l&rsquo;une de deux conditions :<\/p>\n<ul>\n<li>Soit, l&rsquo;entreprise devra se trouver en redressement judiciaire. Ce redressement devra s&rsquo;accompagner d&rsquo;un remplacement forc\u00e9 du dirigeant ;<\/li>\n<li>Soit, l&rsquo;entreprise devra se trouver en liquidation judiciaire.<\/li>\n<\/ul>\n<p>Ainsi, il appara\u00eet que les conditions d&rsquo;octroi de celle nouvelle allocation ch\u00f4mage sont restreintes. En effet, elles ne sont r\u00e9unies que dans des conditions strictes, inconfortables pour l&rsquo;entrepreneur. \u00c0 ce titre, le choix d&rsquo;une <a href=\"https:\/\/www.legalvision.fr\/modification-statuts\/dissolution-liquidation\/\">dissolution-liquidation amiable<\/a> est souvent pr\u00e9f\u00e9r\u00e9e \u00e0 la rigueur d&rsquo;une proc\u00e9dure judiciaire. Mais, pour cela, encore faut-il agir avant que les difficult\u00e9s de l&rsquo;entreprise deviennent trop prononc\u00e9es. Encore, l&rsquo;arr\u00eat volontaire de l&rsquo;activit\u00e9 est hors du champ d&rsquo;application du ch\u00f4mage des ind\u00e9pendants.<\/p>\n<p>Aussi, il convient de noter que le montant des allocations sera forfaitaire.<\/p>\n<h3>Assurance ch\u00f4mage dirigeant : d&rsquo;autres pistes ?<\/h3>\n<p>Un r\u00e9gime de ch\u00f4mage des ind\u00e9pendants est introduit. Mais, ses conditions d&rsquo;application le restreignent \u00e0 des situations graves pour l&rsquo;entreprise et son dirigeant. Ces allocations feront office de <strong>filet de s\u00e9curit\u00e9<\/strong> pour le dirigeant dont l&rsquo;entreprise fait faillite. Mais, pour tous les autres cas, les solutions d\u00e9j\u00e0 applicables avant la nouvelle loi restent d&rsquo;actualit\u00e9. Ainsi, il faudra compter sur des droits ant\u00e9rieurs, ou sur la souscription d&rsquo;une assurance priv\u00e9e. \u00c0 d\u00e9faut, l&rsquo;ind\u00e9pendant ne pourra pas b\u00e9n\u00e9ficier de l&rsquo;assurance ch\u00f4mage. De m\u00eame, il convient de noter que la d\u00e9mission du dirigeant ne lui donnera pas droit au versement d&rsquo;allocations. Mettre un terme \u00e0 son activit\u00e9 reste donc un choix\u00a0 aux cons\u00e9quences importantes pour l&rsquo;entrepreneur.<\/p>\n<p>\u00a0<\/p>\n<p><\/p>\n<div class=\"wp-block-button\" style=\"text-align:center;\"><a class=\"wp-block-button__link has-background\" href=\"https:\/\/www.legalvision.fr\/tous-les-services\/\">Voir les services LegalVision<\/a><\/div>\n","protected":false},"excerpt":{"rendered":"<p>La loi se mue. Les r\u00e9alit\u00e9s changent. Les aspirations d&rsquo;hier peuvent devenir les r\u00e9alit\u00e9s d&rsquo;aujourd&rsquo;hui. Aussi, pendant longtemps, la question du ch\u00f4mage des ind\u00e9pendants se r\u00e9solvait par la n\u00e9gative. En effet, \u00e0 d\u00e9faut de cotiser, un ind\u00e9pendant, comme un dirigeant d&rsquo;entreprise, ne pouvait pas pr\u00e9tendre aux allocations ch\u00f4mages. Mais, la loi pour la libert\u00e9 de&hellip; <a class=\"more-link\" href=\"https:\/\/www.legalvision.fr\/guides-juridiques\/droit-du-travail\/chomage-des-independants\/\">Poursuivre la lecture <span class=\"screen-reader-text\">Ch\u00f4mage des ind\u00e9pendants : introduction d&rsquo;allocations ch\u00f4mage pour les dirigeants d&rsquo;entreprise<\/span><\/a><\/p>\n","protected":false},"author":18,"featured_media":21822,"comment_status":"open","ping_status":"open","sticky":false,"template":"","format":"standard","meta":{"content-type":"","inline_featured_image":false,"footnotes":""},"categories":[2485],"tags":[],"class_list":["post-8123","post","type-post","status-publish","format-standard","has-post-thumbnail","hentry","category-droit-du-travail","entry"],"yoast_head":"<!-- This site is optimized with the Yoast SEO plugin v27.1.1 - https:\/\/yoast.com\/product\/yoast-seo-wordpress\/ -->\n<title>Ch\u00f4mage des ind\u00e9pendants : la libert\u00e9 de mettre un terme \u00e0 son activit\u00e9 ?<\/title>\n<meta name=\"description\" content=\"LegalVision vous informe sur le r\u00e9gime du ch\u00f4mage des ind\u00e9pendants, nouveaut\u00e9 de la loi pour la libert\u00e9 de choisir son avenir professionnel.\" \/>\n<meta name=\"robots\" content=\"index, follow, max-snippet:-1, max-image-preview:large, max-video-preview:-1\" \/>\n<link rel=\"canonical\" href=\"https:\/\/www.legalvision.fr\/guides-juridiques\/droit-du-travail\/chomage-des-independants\/\" \/>\n<meta property=\"og:locale\" content=\"fr_FR\" \/>\n<meta property=\"og:type\" content=\"article\" \/>\n<meta property=\"og:title\" content=\"Ch\u00f4mage des ind\u00e9pendants : la libert\u00e9 de mettre un terme \u00e0 son activit\u00e9 ?\" \/>\n<meta property=\"og:description\" content=\"LegalVision vous informe sur le r\u00e9gime du ch\u00f4mage des ind\u00e9pendants, nouveaut\u00e9 de la loi pour la libert\u00e9 de choisir son avenir professionnel.\" \/>\n<meta property=\"og:url\" content=\"https:\/\/www.legalvision.fr\/guides-juridiques\/droit-du-travail\/chomage-des-independants\/\" \/>\n<meta property=\"og:site_name\" content=\"Guides juridiques\" \/>\n<meta property=\"article:published_time\" content=\"2018-09-28T06:30:00+00:00\" \/>\n<meta property=\"article:modified_time\" content=\"2022-03-27T19:21:06+00:00\" \/>\n<meta property=\"og:image\" content=\"https:\/\/www.legalvision.fr\/guides-juridiques\/wp-content\/uploads\/2018\/09\/ch\u00f4mage-des-ind\u00e9pendants.jpg\" \/>\n\t<meta property=\"og:image:width\" content=\"958\" \/>\n\t<meta property=\"og:image:height\" content=\"350\" \/>\n\t<meta property=\"og:image:type\" content=\"image\/jpeg\" \/>\n<meta name=\"author\" content=\"Valentin Giandomenico\" \/>\n<meta name=\"twitter:card\" content=\"summary_large_image\" \/>\n<meta name=\"twitter:label1\" content=\"\u00c9crit par\" \/>\n\t<meta name=\"twitter:data1\" content=\"Valentin Giandomenico\" \/>\n\t<meta name=\"twitter:label2\" content=\"Dur\u00e9e de lecture estim\u00e9e\" \/>\n\t<meta name=\"twitter:data2\" content=\"7 minutes\" \/>\n<script type=\"application\/ld+json\" class=\"yoast-schema-graph\">{\"@context\":\"https:\/\/schema.org\",\"@graph\":[{\"@type\":\"Article\",\"@id\":\"https:\/\/www.legalvision.fr\/guides-juridiques\/droit-du-travail\/chomage-des-independants\/#article\",\"isPartOf\":{\"@id\":\"https:\/\/www.legalvision.fr\/guides-juridiques\/droit-du-travail\/chomage-des-independants\/\"},\"author\":{\"name\":\"Valentin Giandomenico\",\"@id\":\"https:\/\/www.legalvision.fr\/guides-juridiques\/#\/schema\/person\/67f95ffb60649ed460d4778154ac2031\"},\"headline\":\"Ch\u00f4mage des ind\u00e9pendants : introduction d&rsquo;allocations ch\u00f4mage pour les dirigeants d&rsquo;entreprise\",\"datePublished\":\"2018-09-28T06:30:00+00:00\",\"dateModified\":\"2022-03-27T19:21:06+00:00\",\"mainEntityOfPage\":{\"@id\":\"https:\/\/www.legalvision.fr\/guides-juridiques\/droit-du-travail\/chomage-des-independants\/\"},\"wordCount\":1524,\"commentCount\":1,\"publisher\":{\"@id\":\"https:\/\/www.legalvision.fr\/guides-juridiques\/#organization\"},\"image\":{\"@id\":\"https:\/\/www.legalvision.fr\/guides-juridiques\/droit-du-travail\/chomage-des-independants\/#primaryimage\"},\"thumbnailUrl\":\"https:\/\/www.legalvision.fr\/guides-juridiques\/wp-content\/uploads\/2018\/09\/ch\u00f4mage-des-ind\u00e9pendants.jpg\",\"articleSection\":[\"Droit du travail\"],\"inLanguage\":\"fr-FR\",\"potentialAction\":[{\"@type\":\"CommentAction\",\"name\":\"Comment\",\"target\":[\"https:\/\/www.legalvision.fr\/guides-juridiques\/droit-du-travail\/chomage-des-independants\/#respond\"]}]},{\"@type\":\"WebPage\",\"@id\":\"https:\/\/www.legalvision.fr\/guides-juridiques\/droit-du-travail\/chomage-des-independants\/\",\"url\":\"https:\/\/www.legalvision.fr\/guides-juridiques\/droit-du-travail\/chomage-des-independants\/\",\"name\":\"Ch\u00f4mage des ind\u00e9pendants : la libert\u00e9 de mettre un terme \u00e0 son activit\u00e9 ?\",\"isPartOf\":{\"@id\":\"https:\/\/www.legalvision.fr\/guides-juridiques\/#website\"},\"primaryImageOfPage\":{\"@id\":\"https:\/\/www.legalvision.fr\/guides-juridiques\/droit-du-travail\/chomage-des-independants\/#primaryimage\"},\"image\":{\"@id\":\"https:\/\/www.legalvision.fr\/guides-juridiques\/droit-du-travail\/chomage-des-independants\/#primaryimage\"},\"thumbnailUrl\":\"https:\/\/www.legalvision.fr\/guides-juridiques\/wp-content\/uploads\/2018\/09\/ch\u00f4mage-des-ind\u00e9pendants.jpg\",\"datePublished\":\"2018-09-28T06:30:00+00:00\",\"dateModified\":\"2022-03-27T19:21:06+00:00\",\"description\":\"LegalVision vous informe sur le r\u00e9gime du ch\u00f4mage des ind\u00e9pendants, nouveaut\u00e9 de la loi pour la libert\u00e9 de choisir son avenir professionnel.\",\"breadcrumb\":{\"@id\":\"https:\/\/www.legalvision.fr\/guides-juridiques\/droit-du-travail\/chomage-des-independants\/#breadcrumb\"},\"inLanguage\":\"fr-FR\",\"potentialAction\":[{\"@type\":\"ReadAction\",\"target\":[\"https:\/\/www.legalvision.fr\/guides-juridiques\/droit-du-travail\/chomage-des-independants\/\"]}]},{\"@type\":\"ImageObject\",\"inLanguage\":\"fr-FR\",\"@id\":\"https:\/\/www.legalvision.fr\/guides-juridiques\/droit-du-travail\/chomage-des-independants\/#primaryimage\",\"url\":\"https:\/\/www.legalvision.fr\/guides-juridiques\/wp-content\/uploads\/2018\/09\/ch\u00f4mage-des-ind\u00e9pendants.jpg\",\"contentUrl\":\"https:\/\/www.legalvision.fr\/guides-juridiques\/wp-content\/uploads\/2018\/09\/ch\u00f4mage-des-ind\u00e9pendants.jpg\",\"width\":958,\"height\":350,\"caption\":\"ch\u00f4mage des ind\u00e9pendants\"},{\"@type\":\"BreadcrumbList\",\"@id\":\"https:\/\/www.legalvision.fr\/guides-juridiques\/droit-du-travail\/chomage-des-independants\/#breadcrumb\",\"itemListElement\":[{\"@type\":\"ListItem\",\"position\":1,\"name\":\"Accueil\",\"item\":\"https:\/\/www.legalvision.fr\/guides-juridiques\/\"},{\"@type\":\"ListItem\",\"position\":2,\"name\":\"Droit du travail\",\"item\":\"https:\/\/www.legalvision.fr\/guides-juridiques\/droit-du-travail\/\"},{\"@type\":\"ListItem\",\"position\":3,\"name\":\"Ch\u00f4mage des ind\u00e9pendants : introduction d&rsquo;allocations ch\u00f4mage pour les dirigeants d&rsquo;entreprise\"}]},{\"@type\":\"WebSite\",\"@id\":\"https:\/\/www.legalvision.fr\/guides-juridiques\/#website\",\"url\":\"https:\/\/www.legalvision.fr\/guides-juridiques\/\",\"name\":\"Guides juridiques\",\"description\":\"L&#039;information juridique \u00e0 destination des entreprises et TPE\",\"publisher\":{\"@id\":\"https:\/\/www.legalvision.fr\/guides-juridiques\/#organization\"},\"potentialAction\":[{\"@type\":\"SearchAction\",\"target\":{\"@type\":\"EntryPoint\",\"urlTemplate\":\"https:\/\/www.legalvision.fr\/guides-juridiques\/?s={search_term_string}\"},\"query-input\":{\"@type\":\"PropertyValueSpecification\",\"valueRequired\":true,\"valueName\":\"search_term_string\"}}],\"inLanguage\":\"fr-FR\"},{\"@type\":\"Organization\",\"@id\":\"https:\/\/www.legalvision.fr\/guides-juridiques\/#organization\",\"name\":\"Guides juridiques\",\"url\":\"https:\/\/www.legalvision.fr\/guides-juridiques\/\",\"logo\":{\"@type\":\"ImageObject\",\"inLanguage\":\"fr-FR\",\"@id\":\"https:\/\/www.legalvision.fr\/guides-juridiques\/#\/schema\/logo\/image\/\",\"url\":\"https:\/\/www.legalvision.fr\/guides-juridiques\/wp-content\/uploads\/2022\/10\/LV-Logotype.png\",\"contentUrl\":\"https:\/\/www.legalvision.fr\/guides-juridiques\/wp-content\/uploads\/2022\/10\/LV-Logotype.png\",\"width\":647,\"height\":125,\"caption\":\"Guides juridiques\"},\"image\":{\"@id\":\"https:\/\/www.legalvision.fr\/guides-juridiques\/#\/schema\/logo\/image\/\"}},{\"@type\":\"Person\",\"@id\":\"https:\/\/www.legalvision.fr\/guides-juridiques\/#\/schema\/person\/67f95ffb60649ed460d4778154ac2031\",\"name\":\"Valentin Giandomenico\",\"image\":{\"@type\":\"ImageObject\",\"inLanguage\":\"fr-FR\",\"@id\":\"https:\/\/www.legalvision.fr\/guides-juridiques\/#\/schema\/person\/image\/\",\"url\":\"https:\/\/www.legalvision.fr\/guides-juridiques\/wp-content\/uploads\/2023\/07\/cropped-homme13-96x96.png\",\"contentUrl\":\"https:\/\/www.legalvision.fr\/guides-juridiques\/wp-content\/uploads\/2023\/07\/cropped-homme13-96x96.png\",\"caption\":\"Valentin Giandomenico\"},\"description\":\"Valentin est juriste au sein de LegalVision. Titulaire d'un M2 en droit des affaires, il s'int\u00e9resse tout particuli\u00e8rement au droit des soci\u00e9t\u00e9s.\",\"url\":\"https:\/\/www.legalvision.fr\/guides-juridiques\/author\/valentin1\/\"}]}<\/script>\n<!-- \/ Yoast SEO plugin. -->","yoast_head_json":{"title":"Ch\u00f4mage des ind\u00e9pendants : la libert\u00e9 de mettre un terme \u00e0 son activit\u00e9 ?","description":"LegalVision vous informe sur le r\u00e9gime du ch\u00f4mage des ind\u00e9pendants, nouveaut\u00e9 de la loi pour la libert\u00e9 de choisir son avenir professionnel.","robots":{"index":"index","follow":"follow","max-snippet":"max-snippet:-1","max-image-preview":"max-image-preview:large","max-video-preview":"max-video-preview:-1"},"canonical":"https:\/\/www.legalvision.fr\/guides-juridiques\/droit-du-travail\/chomage-des-independants\/","og_locale":"fr_FR","og_type":"article","og_title":"Ch\u00f4mage des ind\u00e9pendants : la libert\u00e9 de mettre un terme \u00e0 son activit\u00e9 ?","og_description":"LegalVision vous informe sur le r\u00e9gime du ch\u00f4mage des ind\u00e9pendants, nouveaut\u00e9 de la loi pour la libert\u00e9 de choisir son avenir professionnel.","og_url":"https:\/\/www.legalvision.fr\/guides-juridiques\/droit-du-travail\/chomage-des-independants\/","og_site_name":"Guides juridiques","article_published_time":"2018-09-28T06:30:00+00:00","article_modified_time":"2022-03-27T19:21:06+00:00","og_image":[{"width":958,"height":350,"url":"https:\/\/www.legalvision.fr\/guides-juridiques\/wp-content\/uploads\/2018\/09\/ch\u00f4mage-des-ind\u00e9pendants.jpg","type":"image\/jpeg"}],"author":"Valentin Giandomenico","twitter_card":"summary_large_image","twitter_misc":{"\u00c9crit par":"Valentin Giandomenico","Dur\u00e9e de lecture estim\u00e9e":"7 minutes"},"schema":{"@context":"https:\/\/schema.org","@graph":[{"@type":"Article","@id":"https:\/\/www.legalvision.fr\/guides-juridiques\/droit-du-travail\/chomage-des-independants\/#article","isPartOf":{"@id":"https:\/\/www.legalvision.fr\/guides-juridiques\/droit-du-travail\/chomage-des-independants\/"},"author":{"name":"Valentin Giandomenico","@id":"https:\/\/www.legalvision.fr\/guides-juridiques\/#\/schema\/person\/67f95ffb60649ed460d4778154ac2031"},"headline":"Ch\u00f4mage des ind\u00e9pendants : introduction d&rsquo;allocations ch\u00f4mage pour les dirigeants d&rsquo;entreprise","datePublished":"2018-09-28T06:30:00+00:00","dateModified":"2022-03-27T19:21:06+00:00","mainEntityOfPage":{"@id":"https:\/\/www.legalvision.fr\/guides-juridiques\/droit-du-travail\/chomage-des-independants\/"},"wordCount":1524,"commentCount":1,"publisher":{"@id":"https:\/\/www.legalvision.fr\/guides-juridiques\/#organization"},"image":{"@id":"https:\/\/www.legalvision.fr\/guides-juridiques\/droit-du-travail\/chomage-des-independants\/#primaryimage"},"thumbnailUrl":"https:\/\/www.legalvision.fr\/guides-juridiques\/wp-content\/uploads\/2018\/09\/ch\u00f4mage-des-ind\u00e9pendants.jpg","articleSection":["Droit du travail"],"inLanguage":"fr-FR","potentialAction":[{"@type":"CommentAction","name":"Comment","target":["https:\/\/www.legalvision.fr\/guides-juridiques\/droit-du-travail\/chomage-des-independants\/#respond"]}]},{"@type":"WebPage","@id":"https:\/\/www.legalvision.fr\/guides-juridiques\/droit-du-travail\/chomage-des-independants\/","url":"https:\/\/www.legalvision.fr\/guides-juridiques\/droit-du-travail\/chomage-des-independants\/","name":"Ch\u00f4mage des ind\u00e9pendants : la libert\u00e9 de mettre un terme \u00e0 son activit\u00e9 ?","isPartOf":{"@id":"https:\/\/www.legalvision.fr\/guides-juridiques\/#website"},"primaryImageOfPage":{"@id":"https:\/\/www.legalvision.fr\/guides-juridiques\/droit-du-travail\/chomage-des-independants\/#primaryimage"},"image":{"@id":"https:\/\/www.legalvision.fr\/guides-juridiques\/droit-du-travail\/chomage-des-independants\/#primaryimage"},"thumbnailUrl":"https:\/\/www.legalvision.fr\/guides-juridiques\/wp-content\/uploads\/2018\/09\/ch\u00f4mage-des-ind\u00e9pendants.jpg","datePublished":"2018-09-28T06:30:00+00:00","dateModified":"2022-03-27T19:21:06+00:00","description":"LegalVision vous informe sur le r\u00e9gime du ch\u00f4mage des ind\u00e9pendants, nouveaut\u00e9 de la loi pour la libert\u00e9 de choisir son avenir professionnel.","breadcrumb":{"@id":"https:\/\/www.legalvision.fr\/guides-juridiques\/droit-du-travail\/chomage-des-independants\/#breadcrumb"},"inLanguage":"fr-FR","potentialAction":[{"@type":"ReadAction","target":["https:\/\/www.legalvision.fr\/guides-juridiques\/droit-du-travail\/chomage-des-independants\/"]}]},{"@type":"ImageObject","inLanguage":"fr-FR","@id":"https:\/\/www.legalvision.fr\/guides-juridiques\/droit-du-travail\/chomage-des-independants\/#primaryimage","url":"https:\/\/www.legalvision.fr\/guides-juridiques\/wp-content\/uploads\/2018\/09\/ch\u00f4mage-des-ind\u00e9pendants.jpg","contentUrl":"https:\/\/www.legalvision.fr\/guides-juridiques\/wp-content\/uploads\/2018\/09\/ch\u00f4mage-des-ind\u00e9pendants.jpg","width":958,"height":350,"caption":"ch\u00f4mage des ind\u00e9pendants"},{"@type":"BreadcrumbList","@id":"https:\/\/www.legalvision.fr\/guides-juridiques\/droit-du-travail\/chomage-des-independants\/#breadcrumb","itemListElement":[{"@type":"ListItem","position":1,"name":"Accueil","item":"https:\/\/www.legalvision.fr\/guides-juridiques\/"},{"@type":"ListItem","position":2,"name":"Droit du travail","item":"https:\/\/www.legalvision.fr\/guides-juridiques\/droit-du-travail\/"},{"@type":"ListItem","position":3,"name":"Ch\u00f4mage des ind\u00e9pendants : introduction d&rsquo;allocations ch\u00f4mage pour les dirigeants d&rsquo;entreprise"}]},{"@type":"WebSite","@id":"https:\/\/www.legalvision.fr\/guides-juridiques\/#website","url":"https:\/\/www.legalvision.fr\/guides-juridiques\/","name":"Guides juridiques","description":"L&#039;information juridique \u00e0 destination des entreprises et TPE","publisher":{"@id":"https:\/\/www.legalvision.fr\/guides-juridiques\/#organization"},"potentialAction":[{"@type":"SearchAction","target":{"@type":"EntryPoint","urlTemplate":"https:\/\/www.legalvision.fr\/guides-juridiques\/?s={search_term_string}"},"query-input":{"@type":"PropertyValueSpecification","valueRequired":true,"valueName":"search_term_string"}}],"inLanguage":"fr-FR"},{"@type":"Organization","@id":"https:\/\/www.legalvision.fr\/guides-juridiques\/#organization","name":"Guides juridiques","url":"https:\/\/www.legalvision.fr\/guides-juridiques\/","logo":{"@type":"ImageObject","inLanguage":"fr-FR","@id":"https:\/\/www.legalvision.fr\/guides-juridiques\/#\/schema\/logo\/image\/","url":"https:\/\/www.legalvision.fr\/guides-juridiques\/wp-content\/uploads\/2022\/10\/LV-Logotype.png","contentUrl":"https:\/\/www.legalvision.fr\/guides-juridiques\/wp-content\/uploads\/2022\/10\/LV-Logotype.png","width":647,"height":125,"caption":"Guides juridiques"},"image":{"@id":"https:\/\/www.legalvision.fr\/guides-juridiques\/#\/schema\/logo\/image\/"}},{"@type":"Person","@id":"https:\/\/www.legalvision.fr\/guides-juridiques\/#\/schema\/person\/67f95ffb60649ed460d4778154ac2031","name":"Valentin Giandomenico","image":{"@type":"ImageObject","inLanguage":"fr-FR","@id":"https:\/\/www.legalvision.fr\/guides-juridiques\/#\/schema\/person\/image\/","url":"https:\/\/www.legalvision.fr\/guides-juridiques\/wp-content\/uploads\/2023\/07\/cropped-homme13-96x96.png","contentUrl":"https:\/\/www.legalvision.fr\/guides-juridiques\/wp-content\/uploads\/2023\/07\/cropped-homme13-96x96.png","caption":"Valentin Giandomenico"},"description":"Valentin est juriste au sein de LegalVision. Titulaire d'un M2 en droit des affaires, il s'int\u00e9resse tout particuli\u00e8rement au droit des soci\u00e9t\u00e9s.","url":"https:\/\/www.legalvision.fr\/guides-juridiques\/author\/valentin1\/"}]}},"_links":{"self":[{"href":"https:\/\/www.legalvision.fr\/guides-juridiques\/wp-json\/wp\/v2\/posts\/8123","targetHints":{"allow":["GET"]}}],"collection":[{"href":"https:\/\/www.legalvision.fr\/guides-juridiques\/wp-json\/wp\/v2\/posts"}],"about":[{"href":"https:\/\/www.legalvision.fr\/guides-juridiques\/wp-json\/wp\/v2\/types\/post"}],"author":[{"embeddable":true,"href":"https:\/\/www.legalvision.fr\/guides-juridiques\/wp-json\/wp\/v2\/users\/18"}],"replies":[{"embeddable":true,"href":"https:\/\/www.legalvision.fr\/guides-juridiques\/wp-json\/wp\/v2\/comments?post=8123"}],"version-history":[{"count":0,"href":"https:\/\/www.legalvision.fr\/guides-juridiques\/wp-json\/wp\/v2\/posts\/8123\/revisions"}],"wp:featuredmedia":[{"embeddable":true,"href":"https:\/\/www.legalvision.fr\/guides-juridiques\/wp-json\/wp\/v2\/media\/21822"}],"wp:attachment":[{"href":"https:\/\/www.legalvision.fr\/guides-juridiques\/wp-json\/wp\/v2\/media?parent=8123"}],"wp:term":[{"taxonomy":"category","embeddable":true,"href":"https:\/\/www.legalvision.fr\/guides-juridiques\/wp-json\/wp\/v2\/categories?post=8123"},{"taxonomy":"post_tag","embeddable":true,"href":"https:\/\/www.legalvision.fr\/guides-juridiques\/wp-json\/wp\/v2\/tags?post=8123"}],"curies":[{"name":"wp","href":"https:\/\/api.w.org\/{rel}","templated":true}]}}