{"id":7435,"date":"2018-08-30T07:29:37","date_gmt":"2018-08-30T06:29:37","guid":{"rendered":"https:\/\/blog.legalvision.fr\/?p=7435"},"modified":"2023-11-09T16:12:20","modified_gmt":"2023-11-09T15:12:20","slug":"la-fermeture-d-un-etablissement-secondaire-en-24-heures","status":"publish","type":"post","link":"https:\/\/www.legalvision.fr\/guides-juridiques\/gerer-une-entreprise\/la-fermeture-d-un-etablissement-secondaire-en-24-heures\/","title":{"rendered":"La fermeture d\u2019un \u00e9tablissement secondaire en 24 heures"},"content":{"rendered":"\t\t<div data-elementor-type=\"wp-post\" data-elementor-id=\"7435\" class=\"elementor elementor-7435\" data-elementor-post-type=\"post\">\n\t\t\t\t<div data-particle_enable=\"false\" data-particle-mobile-disabled=\"false\" class=\"elementor-element elementor-element-edbe738 e-flex e-con-boxed e-con e-parent\" data-id=\"edbe738\" data-element_type=\"container\" data-e-type=\"container\">\n\t\t\t\t\t<div class=\"e-con-inner\">\n\t\t\t\t<div class=\"elementor-element elementor-element-caf0b5b elementor-widget elementor-widget-text-editor\" data-id=\"caf0b5b\" data-element_type=\"widget\" data-e-type=\"widget\" data-widget_type=\"text-editor.default\">\n\t\t\t\t<div class=\"elementor-widget-container\">\n\t\t\t\t\t\t\t\t\t<p>L\u2019activit\u00e9 \u00e9conomique d\u2019une entreprise fluctue au cours de son existence. Ainsi, si une expansion de l\u2019activit\u00e9 peut rendre n\u00e9cessaire la cr\u00e9ation de nouveaux \u00e9tablissements, les contraintes \u00e9conomiques am\u00e8neront parfois, si ce n\u2019est \u00e0 la fin de l\u2019activit\u00e9, \u00e0 d\u00e9cider d&rsquo;une <b>fermeture d&rsquo;\u00e9tablissement secondaire<\/b>.<\/p><p>Il est alors important de bien d\u00e9limiter la notion d\u2019\u00e9tablissement secondaire. En effet, elle est parfois confondue avec d\u2019autres notions connexes. Tout comme pour la cr\u00e9ation d\u2019un \u00e9tablissement secondaire,\u00a0la fermeture d&rsquo;\u00e9tablissement secondaire ne requiert pas de suivre une proc\u00e9dure juridique complexe. Mais, l\u2019\u00e9tablissement secondaire ayant \u00e9t\u00e9 obligatoirement immatricul\u00e9 \u00e0 son ouverture, il est n\u00e9cessaire d\u2019accomplir des formalit\u00e9s pr\u00e9cises aupr\u00e8s du Greffe du tribunal de commerce. Suivez le guide avec <a href=\"https:\/\/www.legalvision.fr\">LegalVision<\/a> pour fermer votre \u00e9tablissement secondaire facilement et rapidement !<\/p><h2 style=\"font-family: Montserrat, sans-serif; font-weight: var( --e-global-typography-secondary-font-weight ); font-size: var( --e-global-typography-secondary-font-size ); letter-spacing: normal; line-height: var( --e-global-typography-secondary-line-height ); text-transform: none; font-style: normal; text-decoration-thickness: initial; text-decoration-style: initial; text-decoration-color: initial;\">Tout savoir sur la fermeture d\u2019un \u00e9tablissement secondaire:<\/h2><ol style=\"padding-left: calc(2 * var(--global--spacing-horizontal)); font-family: var(--e-global-typography-primary-font-family);\"><li style=\"font-family: var(--e-global-typography-primary-font-family); list-style-type: none;\"><ol style=\"padding-left: calc(2 * var(--global--spacing-horizontal)); font-family: var(--e-global-typography-primary-font-family);\"><li style=\"font-family: var(--e-global-typography-primary-font-family);\"><a href=\"https:\/\/www.legalvision.fr\/guides-juridiques\/gerer-une-entreprise\/la-fermeture-d-un-etablissement-secondaire-en-24-heures\/#d%C3%A9finition-%C3%A9tablissement-secondaire\">Qu\u2019est-ce qu\u2019un \u00e9tablissement secondaire ?<\/a><\/li><li style=\"font-family: var(--e-global-typography-primary-font-family);\"><a href=\"https:\/\/www.legalvision.fr\/guides-juridiques\/gerer-une-entreprise\/la-fermeture-d-un-etablissement-secondaire-en-24-heures\/#difference-secondaire-principal\">La diff\u00e9rence entre \u00e9tablissement secondaire, si\u00e8ge social et \u00e9tablissement principal<\/a><\/li><li style=\"font-family: var(--e-global-typography-primary-font-family);\"><a href=\"https:\/\/www.legalvision.fr\/guides-juridiques\/gerer-une-entreprise\/la-fermeture-d-un-etablissement-secondaire-en-24-heures\/#diff%C3%A9rence-secondaire-filiale\">Quelle est la diff\u00e9rence entre un \u00e9tablissement secondaire et une filiale ?<\/a><\/li><li style=\"font-family: var(--e-global-typography-primary-font-family);\"><a href=\"https:\/\/www.legalvision.fr\/guides-juridiques\/gerer-une-entreprise\/la-fermeture-d-un-etablissement-secondaire-en-24-heures\/#diff%C3%A9rence-secondaire-succursale\">Quelle est la diff\u00e9rence entre un \u00e9tablissement secondaire et une succursale ?\u00a0<\/a><\/li><li style=\"font-family: var(--e-global-typography-primary-font-family);\"><a href=\"https:\/\/www.legalvision.fr\/guides-juridiques\/gerer-une-entreprise\/la-fermeture-d-un-etablissement-secondaire-en-24-heures\/#fermer-%C3%A9tablissement-secondaire\">Comment fermer un \u00e9tablissement secondaire ?<\/a><\/li><li style=\"font-family: var(--e-global-typography-primary-font-family);\"><a href=\"https:\/\/www.legalvision.fr\/guides-juridiques\/gerer-une-entreprise\/la-fermeture-d-un-etablissement-secondaire-en-24-heures\/#formalit%C3%A9s-%C3%A9tablissement-secondaire\">Les formalit\u00e9s de fermeture d\u2019\u00e9tablissement secondaire\u00a0<\/a><\/li><\/ol><\/li><\/ol><p style=\"line-height: var(--wp--typography--line-height,var(--global--line-height-body)); font-family: var(--e-global-typography-primary-font-family);\"><iframe style=\"font-family: var(--e-global-typography-primary-font-family); width: 831.188px; max-height: 468px;\" title=\"Comment ouvrir, modifier, ou fermer son \u00e9tablissement secondaire ?\" src=\"https:\/\/www.youtube.com\/embed\/dvpmp4MszYI?feature=oembed\" width=\"750\" height=\"422\" frameborder=\"0\" allowfullscreen=\"allowfullscreen\"><\/iframe><\/p><p>\u00a0<\/p>\t\t\t\t\t\t\t\t<\/div>\n\t\t\t\t<\/div>\n\t\t\t\t\t<\/div>\n\t\t\t\t<\/div>\n\t\t<div data-particle_enable=\"false\" data-particle-mobile-disabled=\"false\" class=\"elementor-element elementor-element-479ca6de e-flex e-con-boxed e-con e-parent\" data-id=\"479ca6de\" data-element_type=\"container\" data-e-type=\"container\">\n\t\t\t\t\t<div class=\"e-con-inner\">\n\t\t\t\t<div class=\"elementor-element elementor-element-4c694fbe elementor-widget elementor-widget-heading\" data-id=\"4c694fbe\" data-element_type=\"widget\" data-e-type=\"widget\" data-widget_type=\"heading.default\">\n\t\t\t\t<div class=\"elementor-widget-container\">\n\t\t\t\t\t<h2 class=\"elementor-heading-title elementor-size-default\">Nos outils pour vous aider : <\/h2>\t\t\t\t<\/div>\n\t\t\t\t<\/div>\n\t\t\t\t\t<\/div>\n\t\t\t\t<\/div>\n\t\t<div data-particle_enable=\"false\" data-particle-mobile-disabled=\"false\" class=\"elementor-element elementor-element-42ab87c0 e-flex e-con-boxed e-con e-parent\" data-id=\"42ab87c0\" data-element_type=\"container\" data-e-type=\"container\">\n\t\t\t\t\t<div class=\"e-con-inner\">\n\t\t<div data-particle_enable=\"false\" data-particle-mobile-disabled=\"false\" class=\"elementor-element elementor-element-377e9c8f e-con-full e-flex e-con e-child\" data-id=\"377e9c8f\" data-element_type=\"container\" data-e-type=\"container\">\n\t\t\t\t<div class=\"elementor-element elementor-element-23c3de47 elementor-widget elementor-widget-button\" data-id=\"23c3de47\" data-element_type=\"widget\" data-e-type=\"widget\" data-widget_type=\"button.default\">\n\t\t\t\t<div class=\"elementor-widget-container\">\n\t\t\t\t\t\t\t\t\t<div class=\"elementor-button-wrapper\">\n\t\t\t\t\t<a class=\"elementor-button elementor-button-link elementor-size-sm\" href=\"https:\/\/leonard.fr\/juridique\/dissolution-liquidation\/dissolution-liquidation\/?utm_source=blog&#038;utm_medium=CTA&#038;utm_campaign=fermeture_etablissement_secondaire_24_heures&#038;utm_id=fermeture_blog\" target=\"_blank\">\n\t\t\t\t\t\t<span class=\"elementor-button-content-wrapper\">\n\t\t\t\t\t\t\t\t\t<span class=\"elementor-button-text\">Fermez votre soci\u00e9t\u00e9 en ligne<\/span>\n\t\t\t\t\t<\/span>\n\t\t\t\t\t<\/a>\n\t\t\t\t<\/div>\n\t\t\t\t\t\t\t\t<\/div>\n\t\t\t\t<\/div>\n\t\t\t\t<\/div>\n\t\t<div data-particle_enable=\"false\" data-particle-mobile-disabled=\"false\" class=\"elementor-element elementor-element-157aa076 e-con-full e-flex e-con e-child\" data-id=\"157aa076\" data-element_type=\"container\" data-e-type=\"container\">\n\t\t\t\t<div class=\"elementor-element elementor-element-9a8e53d elementor-widget elementor-widget-button\" data-id=\"9a8e53d\" data-element_type=\"widget\" data-e-type=\"widget\" data-widget_type=\"button.default\">\n\t\t\t\t<div class=\"elementor-widget-container\">\n\t\t\t\t\t\t\t\t\t<div class=\"elementor-button-wrapper\">\n\t\t\t\t\t<a class=\"elementor-button elementor-button-link elementor-size-sm\" href=\"https:\/\/meetings.hubspot.com\/global\/leonard-rendez-vous-gratuit-avec-un-juriste?utm_source=blog&#038;utm_medium=CTA&#038;utm_campaign=fermeture_etablissement_secondaire_24_heures&#038;utm_id=fermeture_blog\" target=\"_blank\">\n\t\t\t\t\t\t<span class=\"elementor-button-content-wrapper\">\n\t\t\t\t\t\t\t\t\t<span class=\"elementor-button-text\">Soyez rappel\u00e9 par un juriste gratuitement<\/span>\n\t\t\t\t\t<\/span>\n\t\t\t\t\t<\/a>\n\t\t\t\t<\/div>\n\t\t\t\t\t\t\t\t<\/div>\n\t\t\t\t<\/div>\n\t\t\t\t<\/div>\n\t\t<div data-particle_enable=\"false\" data-particle-mobile-disabled=\"false\" class=\"elementor-element elementor-element-3160f24 e-con-full e-flex e-con e-child\" data-id=\"3160f24\" data-element_type=\"container\" data-e-type=\"container\">\n\t\t\t\t<div data-dce-background-color=\"#85D2F1\" class=\"elementor-element elementor-element-1765ea91 elementor-widget elementor-widget-button\" data-id=\"1765ea91\" data-element_type=\"widget\" data-e-type=\"widget\" data-widget_type=\"button.default\">\n\t\t\t\t<div class=\"elementor-widget-container\">\n\t\t\t\t\t\t\t\t\t<div class=\"elementor-button-wrapper\">\n\t\t\t\t\t<a class=\"elementor-button elementor-button-link elementor-size-sm\" href=\"https:\/\/share.hsforms.com\/1MCz4iJkPSsaIbYWlbzl6vw1oyza?utm_source=blog&#038;utm_medium=CTA&#038;utm_campaign=fermeture_etablissement_secondaire_24_heures&#038;utm_id=fermeture_blog\" target=\"_blank\">\n\t\t\t\t\t\t<span class=\"elementor-button-content-wrapper\">\n\t\t\t\t\t\t\t\t\t<span class=\"elementor-button-text\">Obtenez vos annonces l\u00e9gales<\/span>\n\t\t\t\t\t<\/span>\n\t\t\t\t\t<\/a>\n\t\t\t\t<\/div>\n\t\t\t\t\t\t\t\t<\/div>\n\t\t\t\t<\/div>\n\t\t\t\t<\/div>\n\t\t\t\t\t<\/div>\n\t\t\t\t<\/div>\n\t\t<div data-particle_enable=\"false\" data-particle-mobile-disabled=\"false\" class=\"elementor-element elementor-element-29aa3ac5 e-flex e-con-boxed e-con e-parent\" data-id=\"29aa3ac5\" data-element_type=\"container\" data-e-type=\"container\">\n\t\t\t\t\t<div class=\"e-con-inner\">\n\t\t\t\t<div class=\"elementor-element elementor-element-42d5ed2d elementor-widget elementor-widget-text-editor\" data-id=\"42d5ed2d\" data-element_type=\"widget\" data-e-type=\"widget\" data-widget_type=\"text-editor.default\">\n\t\t\t\t<div class=\"elementor-widget-container\">\n\t\t\t\t\t\t\t\t\t<h2>\u00a0<\/h2><h2>\u00a0<\/h2><h2>I\/ Qu&rsquo;est-ce qu&rsquo;un \u00e9tablissement secondaire ?<\/h2><p><span style=\"font-weight: 400;\">Si elle est d\u00e9finie par la loi, la notion d\u2019\u00e9tablissement secondaire est parfois mal comprise des entrepreneurs. En effet, des notions connexes entretiennent la confusion. Il est important de pouvoir diff\u00e9rencier l\u2019\u00e9tablissement secondaire du si\u00e8ge social et de l\u2019\u00e9tablissement principal. Encore, il faut le dissocier de <\/span><a href=\"https:\/\/blog.legalvision.fr\/2018\/02\/19\/toutes-etapes-de-creation-d-une-filiale\/\">la filiale<\/a> et de la succursale.\u00a0\u00c0 chaque notion son r\u00e9gime juridique et ses formalit\u00e9s !<\/p><h4>\u00a0<\/h4><h4>A) La d\u00e9finition l\u00e9gale de l\u2019\u00e9tablissement secondaire<\/h4><p><span style=\"font-weight: 400;\">C\u2019est le Code de commerce qui se charge de donner une d\u00e9finition \u00e0 l\u2019\u00e9tablissement secondaire. Selon ses termes, est un \u00e9tablissement secondaire \u00ab\u00a0tout \u00e9tablissement permanent, distinct du si\u00e8ge social ou de l\u2019\u00e9tablissement principal et dirig\u00e9 par la personne tenue \u00e0 l\u2019immatriculation, un pr\u00e9pos\u00e9 ou une personne ayant le pouvoir de lier des rapports juridiques avec les tiers\u00a0\u00bb. Cet \u00e9tablissement permanent et ind\u00e9pendant jouit d\u2019une immatriculation propre au <a href=\"https:\/\/www.infogreffe.fr\">Registre du Commerce et des Soci\u00e9t\u00e9s<\/a> (le RCS). <\/span><\/p><h4>\u00a0<\/h4><h4>B) Etablissement compl\u00e9mentaire ou secondaire ?<\/h4><p><span style=\"font-weight: 400;\">Une autre distinction est \u00e0 conna\u00eetre en pratique pour \u00e9viter toute confusion. En effet, il existe une diff\u00e9rence entre \u00e9tablissement secondaire et \u00e9tablissement compl\u00e9mentaire. La diff\u00e9rence tient simplement \u00e0 la localisation g\u00e9ographique de l\u2019\u00e9tablissement en question, par rapport \u00e0 celle du si\u00e8ge social : <\/span><\/p><ul><li><span style=\"font-weight: 400;\">Si l\u2019\u00e9tablissement se trouve dans le ressort du tribunal de commerce dans lequel l\u2019entreprise est immatricul\u00e9, on parlera d\u2019\u00e9tablissement compl\u00e9mentaire ; <\/span><\/li><li><span style=\"font-weight: 400;\">Si l\u2019\u00e9tablissement d\u00e9pend d\u2019un autre tribunal de commerce, on parlera alors d\u2019\u00e9tablissement secondaire. Ce sera par exemple le cas si une soci\u00e9t\u00e9 est domicili\u00e9e en \u00cele de France mais d\u00e9tient un \u00e9tablissement dans le Sud de la France pour se rapprocher de ses clients sudistes. <\/span><\/li><\/ul><h2 id=\"difference-secondaire-principal\">\u00a0<\/h2><h2 id=\"difference-secondaire-principal\">II\/ La diff\u00e9rence entre \u00e9tablissement secondaire, si\u00e8ge social et \u00e9tablissement principal<\/h2><p><span style=\"font-weight: 400;\">Pour d\u00e9finir l\u2019\u00e9tablissement secondaire, la loi fait directement r\u00e9f\u00e9rence \u00e0 deux notions connexes, qui sont parfois injustement confondues :<\/span><\/p><ul><li><span style=\"font-weight: 400;\">Le si\u00e8ge social ;<\/span><\/li><li><span style=\"font-weight: 400;\">Et, l\u2019\u00e9tablissement principal. <\/span><\/li><\/ul><p><span style=\"font-weight: 400;\">Le si\u00e8ge social est l\u2019adresse administrative, juridique, de la soci\u00e9t\u00e9. Il est obligatoire d\u2019avoir un si\u00e8ge social. En effet, il d\u00e9termine la loi applicable \u00e0 l\u2019entreprise. Encore, cette adresse d\u00e9termine la juridiction comp\u00e9tente en cas de litige. L\u2019\u00e9tablissement principal est, quant \u00e0 lui, le lieu d\u2019exploitation commerciale de la soci\u00e9t\u00e9. <\/span><\/p><p><span style=\"font-weight: 400;\">Dans la pratique, il est fr\u00e9quent que le si\u00e8ge social et l\u2019\u00e9tablissement principal correspondent au m\u00eame lieu. Toutefois, ce n\u2019est pas toujours le cas. Le si\u00e8ge social n\u2019est pas forc\u00e9ment le lieu o\u00f9 s\u2019op\u00e8rent toutes les activit\u00e9s commerciales. La loi autorise m\u00eame l\u2019entrepreneur \u00e0 domicilier sa soci\u00e9t\u00e9 par le biais d\u2019une adresse fournie par une soci\u00e9t\u00e9 de domiciliation, ou encore via une bo\u00eete postale. Pour des raisons strat\u00e9giques, commerciales, le point de vente peut s\u2019effectuer dans un autre lieu. Par exemple, il pourra s&rsquo;agir d&rsquo;une grande boutique dans un quartier touristique. <\/span><\/p><h2 id=\"diff\u00e9rence-secondaire-filiale\"><strong>\u00a0<\/strong><\/h2><h2 id=\"diff\u00e9rence-secondaire-filiale\"><strong>III\/ Quelle est la diff\u00e9rence entre un \u00e9tablissement secondaire et une filiale ?<\/strong><\/h2><p><strong>Une\u00a0filiale est une soci\u00e9t\u00e9 ind\u00e9pendante<\/strong>, dont le capital est d\u00e9tenu \u00e0 50% au moins par une soci\u00e9t\u00e9-m\u00e8re. Cette derni\u00e8re la dirige et la contr\u00f4le. La filiale est une entreprise \u00e0 part enti\u00e8re, jouissant de la personnalit\u00e9 juridique. Ainsi, elle peut ester en justice, conclure des contrats, g\u00e9rer son patrimoine propre. \u00c0 l\u2019inverse, un \u00e9tablissement secondaire n\u2019a pas de personnalit\u00e9 juridique.<\/p><p>En somme, la <a href=\"https:\/\/blog.legalvision.fr\/2018\/02\/19\/toutes-etapes-de-creation-d-une-filiale\/\">filiale<\/a> est une forme d&rsquo;implantation plus engageante pour la soci\u00e9t\u00e9 m\u00e8re que l&rsquo;\u00e9tablissement secondaire. Corr\u00e9lativement, les formalit\u00e9s juridiques de cr\u00e9ation et fermeture d&rsquo;une filiale seront donc plus contraignantes. Toutefois, pour ouvrir ou fermer un \u00e9tablissement secondaire, verrons que certaines d\u00e9marches administratives sont aussi requises.<\/p><h2 id=\"diff\u00e9rence-secondaire-succursale\"><strong>\u00a0<\/strong><\/h2><h2 id=\"diff\u00e9rence-secondaire-succursale\"><strong>IV\/ Quelle est la diff\u00e9rence entre \u00e9tablissement secondaire et une succursale ?\u00a0<\/strong><\/h2><p>La succursale est souvent synonyme d&rsquo;<a href=\"https:\/\/www.legalvision.fr\/ouvrir-etablissement-secondaire\">\u00e9tablissement secondaire<\/a>. N\u00e9anmoins, il faut distinguer deux situations :<\/p><ul><li><strong>Lorsque la soci\u00e9t\u00e9-m\u00e8re se situe en France<\/strong>, on parle indiff\u00e9remment de de succursale et d&rsquo;\u00e9tablissement secondaire. En effet, la succursale constituera l&rsquo;\u00e9tablissement secondaire de la soci\u00e9t\u00e9 m\u00e8re, distinct de l\u2019\u00e9tablissement principal ou si\u00e8ge social.<\/li><li><strong>Lorsque la soci\u00e9t\u00e9-m\u00e8re se situe \u00e0 l&rsquo;\u00e9tranger<\/strong>, la succursale qu&rsquo;elle cr\u00e9\u00e9e en France constituera son \u00e9tablissement principal sur le territoire.<\/li><\/ul><p>Dans les deux cas, certaines d\u00e9marches administratives sont requises pour ouvrir ou fermer de tels \u00e9tablissements.<\/p><h2 id=\"fermer-\u00e9tablissement-secondaire\">\u00a0<\/h2><h2 id=\"fermer-\u00e9tablissement-secondaire\">V\/ Comment fermer un \u00e9tablissement secondaire ?<\/h2><p><span style=\"font-weight: 400;\">Un \u00e9tablissement secondaire peut \u00eatre ouvert en France comme \u00e0 l\u2019\u00e9tranger. S\u2019il a \u00e9t\u00e9 ouvert \u00e0 l\u2019\u00e9tranger, sa cr\u00e9ation n\u2019a donn\u00e9 lieu \u00e0 aucune formalit\u00e9 en France. Dans le cas contraire, il a \u00e9t\u00e9 immatricul\u00e9 aupr\u00e8s du greffe comp\u00e9tent dans le d\u00e9lai d\u2019un mois avant ou apr\u00e8s cette ouverture.<\/span><\/p><p><span style=\"font-weight: 400;\">Dans ce dernier cas la fermeture d&rsquo;\u00e9tablissement secondaire\u00a0induit n\u00e9cessairement des formalit\u00e9s parall\u00e8les pour effacer l\u2019immatriculation dans le ressort du greffe concern\u00e9, et ce m\u00eame si la soci\u00e9t\u00e9 a encore une activit\u00e9. En effet, l\u2019immatriculation de l\u2019\u00e9tablissement secondaire est strictement ind\u00e9pendante de celle du si\u00e8ge social.<\/span><\/p><p><span style=\"font-weight: 400;\">La proc\u00e9dure de fermeture est sensiblement la m\u00eame quelle que soit la forme sociale de la soci\u00e9t\u00e9 concern\u00e9e : SAS , SARL, SA\u2026<\/span><\/p><h2 id=\"formalit\u00e9s-\u00e9tablissement-secondaire\">\u00a0<\/h2><h2 id=\"formalit\u00e9s-\u00e9tablissement-secondaire\">VI\/ Les formalit\u00e9s de fermeture d&rsquo;\u00e9tablissement secondaire<\/h2><p><span style=\"font-weight: 400;\">L\u2019existence de l\u2019\u00e9tablissement secondaire \u00e9tait inscrite au sein du RCS du lieu de sa situation. Ainsi, en cas de fermeture, il faudra modifier ce registre en cons\u00e9quence.<\/span><\/p><p><span style=\"font-weight: 400;\">Les formalit\u00e9s se rapprochent de celles de l\u2019ouverture d\u2019un \u00e9tablissement secondaire. Un dossier complet permettant la formalit\u00e9 modificative de l\u2019entreprise au RCS doit \u00eatre d\u00e9pos\u00e9, soit au Centre de Formalit\u00e9s des Entreprises (CFE) territorialement comp\u00e9tent, soit directement aupr\u00e8s du Greffe du tribunal de commerce du ressort de l\u2019\u00e9tablissement consid\u00e9r\u00e9. <\/span><\/p><h4>\u00a0<\/h4><h4>Le dossier doit \u00eatre ainsi comprendre<\/h4><ul><li style=\"font-weight: 400;\"><span style=\"font-weight: 400;\">Un <strong>formulaire M2<\/strong> d\u00fbment rempli et sign\u00e9 (s\u2019il est question d\u2019une entreprise individuelle, l\u2019entrepreneur personne physique devra lui remplir un formulaire P2) ;<\/span><\/li><li style=\"font-weight: 400;\">Un <strong>pouvoir<\/strong> en original du repr\u00e9sentant l\u00e9gal, s\u2019il n\u2019a pas sign\u00e9 lui-m\u00eame le formulaire M2 ;<\/li><li style=\"font-weight: 400;\"><span style=\"font-weight: 400;\">En outre, si la fermeture donne lieu \u00e0 la vente du fonds de commerce ou \u00e0 la fin de la location g\u00e9rance : une attestation de parution dans un JAL ;<\/span><\/li><li style=\"font-weight: 400;\"><span style=\"font-weight: 400;\">Un pouvoir en cas de d\u00e9p\u00f4t du dossier par un mandataire.<\/span><\/li><\/ul><p><span style=\"font-weight: 400;\">La liste de ces pi\u00e8ces est indicative et non exhaustive : rapprochez-vous du CFE comp\u00e9tent. <\/span><\/p><p><span style=\"font-weight: 400;\">Une fois la demande d\u00e9pos\u00e9e, et si l\u2019\u00e9tablissement ferm\u00e9 constitue le seul \u00e9tablissement du ressort, le greffe \u00ab secondaire\u00a0\u00bb va en notifier le greffe comp\u00e9tent au titre du si\u00e8ge social. <\/span><\/p><h3>\u00a0<\/h3><h3>Le co\u00fbt de la fermeture d&rsquo;\u00e9tablissement secondaire<\/h3><p><span style=\"font-weight: 400;\">Comme pour la cr\u00e9ation d\u2019un \u00e9tablissement secondaire, une fermeture d&rsquo;\u00e9tablissement secondaire implique le r\u00e8glement de frais de greffe. <\/span><\/p><p><span style=\"font-weight: 400;\"><b>Les frais de greffe<\/b> diff\u00e8rent selon que le si\u00e8ge social est ou non dans le m\u00eame ressort du greffe. Lorsque l\u2019\u00e9tablissement ferm\u00e9 constitu\u00e9 le seul \u00e9tablissement du ressort, la fermeture implique une notification au greffe comp\u00e9tent au titre du si\u00e8ge social. <\/span><\/p><p><span style=\"font-weight: 400;\">Si le si\u00e8ge social est dans le m\u00eame ressort du greffe que l\u2019\u00e9tablissement ferm\u00e9, il faudra s\u2019acquitter d\u2019environ 70 euros de frais de greffe (consulter le tarif pr\u00e9cis en vigueur sur le site d\u2019Infogreffe). Le tarif est le m\u00eame si le si\u00e8ge social n\u2019est pas dans le m\u00eame ressort du greffe mais qu\u2019il reste encore un \u00e9tablissement actif dans le ressort. <\/span><\/p><p><span style=\"font-weight: 400;\">\u00c0 l\u2019inverse, si le si\u00e8ge n\u2019est pas dans le m\u00eame ressort du greffe et que la fermeture concerne le dernier \u00e9tablissement du ressort, les frais s\u2019\u00e9l\u00e8veront \u00e0 environ 50 euros pour une personne morale. <\/span><\/p><p><span style=\"font-weight: 400;\">Compter des frais moindres pour entrepreneur individuel. Il devra s&rsquo;acquitter\u00a0d&rsquo;une cinquantaine d\u2019euros pour la premi\u00e8re hypoth\u00e8se. Il devra s&rsquo;acquitter d&rsquo;environ 35 pour la seconde.<\/span><br \/><!-- end HubSpot Call-to-Action Code --><\/p><p><span style=\"font-weight: 400;\">\u00a0<\/span><\/p><div class=\"wp-block-button\" style=\"text-align: center;\"><a class=\"wp-block-button__link has-background\" style=\"border-radius: 10px; background-color: #3fc3bf;\" href=\"https:\/\/leonard.fr\/juridique\/dissolution-liquidation\/dissolution-liquidation\/?utm_source=blog&amp;utm_medium=CTA&amp;utm_campaign=fermeture_etablissement_secondaire_24_heures&amp;utm_id=fermeture_blog\">Fermez votre soci\u00e9t\u00e9 en ligne<\/a><\/div>\t\t\t\t\t\t\t\t<\/div>\n\t\t\t\t<\/div>\n\t\t\t\t\t<\/div>\n\t\t\t\t<\/div>\n\t\t\t\t<\/div>\n\t\t","protected":false},"excerpt":{"rendered":"<p>L\u2019activit\u00e9 \u00e9conomique d\u2019une entreprise fluctue au cours de son existence. Ainsi, si une expansion de l\u2019activit\u00e9 peut rendre n\u00e9cessaire la cr\u00e9ation de nouveaux \u00e9tablissements, les contraintes \u00e9conomiques am\u00e8neront parfois, si ce n\u2019est \u00e0 la fin de l\u2019activit\u00e9, \u00e0 d\u00e9cider d&rsquo;une fermeture d&rsquo;\u00e9tablissement secondaire. Il est alors important de bien d\u00e9limiter la notion d\u2019\u00e9tablissement secondaire. En&hellip; <a class=\"more-link\" href=\"https:\/\/www.legalvision.fr\/guides-juridiques\/gerer-une-entreprise\/la-fermeture-d-un-etablissement-secondaire-en-24-heures\/\">Poursuivre la lecture <span class=\"screen-reader-text\">La fermeture d\u2019un \u00e9tablissement secondaire en 24 heures<\/span><\/a><\/p>\n","protected":false},"author":9,"featured_media":23188,"comment_status":"open","ping_status":"closed","sticky":false,"template":"","format":"standard","meta":{"content-type":"","inline_featured_image":false,"footnotes":""},"categories":[2502],"tags":[],"class_list":["post-7435","post","type-post","status-publish","format-standard","has-post-thumbnail","hentry","category-gerer-une-entreprise","entry"],"yoast_head":"<!-- This site is optimized with the Yoast SEO plugin v27.1.1 - https:\/\/yoast.com\/product\/yoast-seo-wordpress\/ -->\n<title>Fermeture d&#039;\u00e9tablissement secondaire : la marche \u00e0 suivre<\/title>\n<meta name=\"description\" content=\"LegalVision vous informe sur la proc\u00e9dure \u00e0 respecter afin de parvenir \u00e0 la fermeture d&#039;\u00e9tablissement secondaire en bonne et due forme.\" \/>\n<meta name=\"robots\" content=\"index, follow, max-snippet:-1, max-image-preview:large, max-video-preview:-1\" \/>\n<link rel=\"canonical\" href=\"https:\/\/www.legalvision.fr\/guides-juridiques\/gerer-une-entreprise\/la-fermeture-d-un-etablissement-secondaire-en-24-heures\/\" \/>\n<meta property=\"og:locale\" content=\"fr_FR\" \/>\n<meta property=\"og:type\" content=\"article\" \/>\n<meta property=\"og:title\" content=\"Fermeture d&#039;\u00e9tablissement secondaire : la marche \u00e0 suivre\" \/>\n<meta property=\"og:description\" content=\"LegalVision vous informe sur la proc\u00e9dure \u00e0 respecter afin de parvenir \u00e0 la fermeture d&#039;\u00e9tablissement secondaire en bonne et due forme.\" \/>\n<meta property=\"og:url\" content=\"https:\/\/www.legalvision.fr\/guides-juridiques\/gerer-une-entreprise\/la-fermeture-d-un-etablissement-secondaire-en-24-heures\/\" \/>\n<meta property=\"og:site_name\" content=\"Guides juridiques\" \/>\n<meta property=\"article:author\" content=\"https:\/\/www.facebook.com\/legalvision.fr\/\" \/>\n<meta property=\"article:published_time\" content=\"2018-08-30T06:29:37+00:00\" \/>\n<meta property=\"article:modified_time\" content=\"2023-11-09T15:12:20+00:00\" \/>\n<meta property=\"og:image\" content=\"https:\/\/www.legalvision.fr\/guides-juridiques\/wp-content\/uploads\/2018\/08\/Fermeture-d\u00e9tablissement-secondaire-min.jpg\" \/>\n\t<meta property=\"og:image:width\" content=\"958\" \/>\n\t<meta property=\"og:image:height\" content=\"350\" \/>\n\t<meta property=\"og:image:type\" content=\"image\/jpeg\" \/>\n<meta name=\"author\" content=\"Anne Wisniewski\" \/>\n<meta name=\"twitter:card\" content=\"summary_large_image\" \/>\n<meta name=\"twitter:creator\" content=\"@https:\/\/twitter.com\/Legalvision_fr\" \/>\n<meta name=\"twitter:label1\" content=\"\u00c9crit par\" \/>\n\t<meta name=\"twitter:data1\" content=\"Anne Wisniewski\" \/>\n\t<meta name=\"twitter:label2\" content=\"Dur\u00e9e de lecture estim\u00e9e\" \/>\n\t<meta name=\"twitter:data2\" content=\"8 minutes\" \/>\n<script type=\"application\/ld+json\" class=\"yoast-schema-graph\">{\"@context\":\"https:\/\/schema.org\",\"@graph\":[{\"@type\":\"Article\",\"@id\":\"https:\/\/www.legalvision.fr\/guides-juridiques\/gerer-une-entreprise\/la-fermeture-d-un-etablissement-secondaire-en-24-heures\/#article\",\"isPartOf\":{\"@id\":\"https:\/\/www.legalvision.fr\/guides-juridiques\/gerer-une-entreprise\/la-fermeture-d-un-etablissement-secondaire-en-24-heures\/\"},\"author\":{\"name\":\"Anne Wisniewski\",\"@id\":\"https:\/\/www.legalvision.fr\/guides-juridiques\/#\/schema\/person\/ebb7a1403b91f15eae842fb4d875d692\"},\"headline\":\"La fermeture d\u2019un \u00e9tablissement secondaire en 24 heures\",\"datePublished\":\"2018-08-30T06:29:37+00:00\",\"dateModified\":\"2023-11-09T15:12:20+00:00\",\"mainEntityOfPage\":{\"@id\":\"https:\/\/www.legalvision.fr\/guides-juridiques\/gerer-une-entreprise\/la-fermeture-d-un-etablissement-secondaire-en-24-heures\/\"},\"wordCount\":1608,\"commentCount\":6,\"publisher\":{\"@id\":\"https:\/\/www.legalvision.fr\/guides-juridiques\/#organization\"},\"image\":{\"@id\":\"https:\/\/www.legalvision.fr\/guides-juridiques\/gerer-une-entreprise\/la-fermeture-d-un-etablissement-secondaire-en-24-heures\/#primaryimage\"},\"thumbnailUrl\":\"https:\/\/www.legalvision.fr\/guides-juridiques\/wp-content\/uploads\/2018\/08\/Fermeture-d\u00e9tablissement-secondaire-min.jpg\",\"articleSection\":[\"G\u00e9rer une entreprise\"],\"inLanguage\":\"fr-FR\",\"potentialAction\":[{\"@type\":\"CommentAction\",\"name\":\"Comment\",\"target\":[\"https:\/\/www.legalvision.fr\/guides-juridiques\/gerer-une-entreprise\/la-fermeture-d-un-etablissement-secondaire-en-24-heures\/#respond\"]}]},{\"@type\":\"WebPage\",\"@id\":\"https:\/\/www.legalvision.fr\/guides-juridiques\/gerer-une-entreprise\/la-fermeture-d-un-etablissement-secondaire-en-24-heures\/\",\"url\":\"https:\/\/www.legalvision.fr\/guides-juridiques\/gerer-une-entreprise\/la-fermeture-d-un-etablissement-secondaire-en-24-heures\/\",\"name\":\"Fermeture d'\u00e9tablissement secondaire : la marche \u00e0 suivre\",\"isPartOf\":{\"@id\":\"https:\/\/www.legalvision.fr\/guides-juridiques\/#website\"},\"primaryImageOfPage\":{\"@id\":\"https:\/\/www.legalvision.fr\/guides-juridiques\/gerer-une-entreprise\/la-fermeture-d-un-etablissement-secondaire-en-24-heures\/#primaryimage\"},\"image\":{\"@id\":\"https:\/\/www.legalvision.fr\/guides-juridiques\/gerer-une-entreprise\/la-fermeture-d-un-etablissement-secondaire-en-24-heures\/#primaryimage\"},\"thumbnailUrl\":\"https:\/\/www.legalvision.fr\/guides-juridiques\/wp-content\/uploads\/2018\/08\/Fermeture-d\u00e9tablissement-secondaire-min.jpg\",\"datePublished\":\"2018-08-30T06:29:37+00:00\",\"dateModified\":\"2023-11-09T15:12:20+00:00\",\"description\":\"LegalVision vous informe sur la proc\u00e9dure \u00e0 respecter afin de parvenir \u00e0 la fermeture d'\u00e9tablissement secondaire en bonne et due forme.\",\"breadcrumb\":{\"@id\":\"https:\/\/www.legalvision.fr\/guides-juridiques\/gerer-une-entreprise\/la-fermeture-d-un-etablissement-secondaire-en-24-heures\/#breadcrumb\"},\"inLanguage\":\"fr-FR\",\"potentialAction\":[{\"@type\":\"ReadAction\",\"target\":[\"https:\/\/www.legalvision.fr\/guides-juridiques\/gerer-une-entreprise\/la-fermeture-d-un-etablissement-secondaire-en-24-heures\/\"]}]},{\"@type\":\"ImageObject\",\"inLanguage\":\"fr-FR\",\"@id\":\"https:\/\/www.legalvision.fr\/guides-juridiques\/gerer-une-entreprise\/la-fermeture-d-un-etablissement-secondaire-en-24-heures\/#primaryimage\",\"url\":\"https:\/\/www.legalvision.fr\/guides-juridiques\/wp-content\/uploads\/2018\/08\/Fermeture-d\u00e9tablissement-secondaire-min.jpg\",\"contentUrl\":\"https:\/\/www.legalvision.fr\/guides-juridiques\/wp-content\/uploads\/2018\/08\/Fermeture-d\u00e9tablissement-secondaire-min.jpg\",\"width\":958,\"height\":350,\"caption\":\"fermeture d'\u00e9tablissement secondaire\"},{\"@type\":\"BreadcrumbList\",\"@id\":\"https:\/\/www.legalvision.fr\/guides-juridiques\/gerer-une-entreprise\/la-fermeture-d-un-etablissement-secondaire-en-24-heures\/#breadcrumb\",\"itemListElement\":[{\"@type\":\"ListItem\",\"position\":1,\"name\":\"Accueil\",\"item\":\"https:\/\/www.legalvision.fr\/guides-juridiques\/\"},{\"@type\":\"ListItem\",\"position\":2,\"name\":\"G\u00e9rer une entreprise\",\"item\":\"https:\/\/www.legalvision.fr\/guides-juridiques\/gerer-une-entreprise\/\"},{\"@type\":\"ListItem\",\"position\":3,\"name\":\"La fermeture d\u2019un \u00e9tablissement secondaire en 24 heures\"}]},{\"@type\":\"WebSite\",\"@id\":\"https:\/\/www.legalvision.fr\/guides-juridiques\/#website\",\"url\":\"https:\/\/www.legalvision.fr\/guides-juridiques\/\",\"name\":\"Guides juridiques\",\"description\":\"L&#039;information juridique \u00e0 destination des entreprises et TPE\",\"publisher\":{\"@id\":\"https:\/\/www.legalvision.fr\/guides-juridiques\/#organization\"},\"potentialAction\":[{\"@type\":\"SearchAction\",\"target\":{\"@type\":\"EntryPoint\",\"urlTemplate\":\"https:\/\/www.legalvision.fr\/guides-juridiques\/?s={search_term_string}\"},\"query-input\":{\"@type\":\"PropertyValueSpecification\",\"valueRequired\":true,\"valueName\":\"search_term_string\"}}],\"inLanguage\":\"fr-FR\"},{\"@type\":\"Organization\",\"@id\":\"https:\/\/www.legalvision.fr\/guides-juridiques\/#organization\",\"name\":\"Guides juridiques\",\"url\":\"https:\/\/www.legalvision.fr\/guides-juridiques\/\",\"logo\":{\"@type\":\"ImageObject\",\"inLanguage\":\"fr-FR\",\"@id\":\"https:\/\/www.legalvision.fr\/guides-juridiques\/#\/schema\/logo\/image\/\",\"url\":\"https:\/\/www.legalvision.fr\/guides-juridiques\/wp-content\/uploads\/2022\/10\/LV-Logotype.png\",\"contentUrl\":\"https:\/\/www.legalvision.fr\/guides-juridiques\/wp-content\/uploads\/2022\/10\/LV-Logotype.png\",\"width\":647,\"height\":125,\"caption\":\"Guides juridiques\"},\"image\":{\"@id\":\"https:\/\/www.legalvision.fr\/guides-juridiques\/#\/schema\/logo\/image\/\"}},{\"@type\":\"Person\",\"@id\":\"https:\/\/www.legalvision.fr\/guides-juridiques\/#\/schema\/person\/ebb7a1403b91f15eae842fb4d875d692\",\"name\":\"Anne Wisniewski\",\"image\":{\"@type\":\"ImageObject\",\"inLanguage\":\"fr-FR\",\"@id\":\"https:\/\/www.legalvision.fr\/guides-juridiques\/#\/schema\/person\/image\/\",\"url\":\"https:\/\/secure.gravatar.com\/avatar\/e1d470446f3d91488a7891f323f5196bc4f07b636f12a7c6b1bf0f23e3114e6d?s=96&d=mm&r=g\",\"contentUrl\":\"https:\/\/secure.gravatar.com\/avatar\/e1d470446f3d91488a7891f323f5196bc4f07b636f12a7c6b1bf0f23e3114e6d?s=96&d=mm&r=g\",\"caption\":\"Anne Wisniewski\"},\"description\":\"Ann a un Master 1 de Droit des Affaires \u00e0 Bordeaux. Passionn\u00e9e par le droit et les LegalTech, elle a rejoint LegalVision pour s\u2019occuper du contenu juridique.\",\"sameAs\":[\"https:\/\/www.legalvision.fr\/\",\"https:\/\/www.facebook.com\/legalvision.fr\/\",\"https:\/\/www.instagram.com\/legalvision.fr\/\",\"https:\/\/www.linkedin.com\/company\/legalvision-fr\/\",\"https:\/\/x.com\/https:\/\/twitter.com\/Legalvision_fr\"],\"url\":\"https:\/\/www.legalvision.fr\/guides-juridiques\/author\/maelane-wisniewski\/\"}]}<\/script>\n<!-- \/ Yoast SEO plugin. -->","yoast_head_json":{"title":"Fermeture d'\u00e9tablissement secondaire : la marche \u00e0 suivre","description":"LegalVision vous informe sur la proc\u00e9dure \u00e0 respecter afin de parvenir \u00e0 la fermeture d'\u00e9tablissement secondaire en bonne et due forme.","robots":{"index":"index","follow":"follow","max-snippet":"max-snippet:-1","max-image-preview":"max-image-preview:large","max-video-preview":"max-video-preview:-1"},"canonical":"https:\/\/www.legalvision.fr\/guides-juridiques\/gerer-une-entreprise\/la-fermeture-d-un-etablissement-secondaire-en-24-heures\/","og_locale":"fr_FR","og_type":"article","og_title":"Fermeture d'\u00e9tablissement secondaire : la marche \u00e0 suivre","og_description":"LegalVision vous informe sur la proc\u00e9dure \u00e0 respecter afin de parvenir \u00e0 la fermeture d'\u00e9tablissement secondaire en bonne et due forme.","og_url":"https:\/\/www.legalvision.fr\/guides-juridiques\/gerer-une-entreprise\/la-fermeture-d-un-etablissement-secondaire-en-24-heures\/","og_site_name":"Guides juridiques","article_author":"https:\/\/www.facebook.com\/legalvision.fr\/","article_published_time":"2018-08-30T06:29:37+00:00","article_modified_time":"2023-11-09T15:12:20+00:00","og_image":[{"width":958,"height":350,"url":"https:\/\/www.legalvision.fr\/guides-juridiques\/wp-content\/uploads\/2018\/08\/Fermeture-d\u00e9tablissement-secondaire-min.jpg","type":"image\/jpeg"}],"author":"Anne Wisniewski","twitter_card":"summary_large_image","twitter_creator":"@https:\/\/twitter.com\/Legalvision_fr","twitter_misc":{"\u00c9crit par":"Anne Wisniewski","Dur\u00e9e de lecture estim\u00e9e":"8 minutes"},"schema":{"@context":"https:\/\/schema.org","@graph":[{"@type":"Article","@id":"https:\/\/www.legalvision.fr\/guides-juridiques\/gerer-une-entreprise\/la-fermeture-d-un-etablissement-secondaire-en-24-heures\/#article","isPartOf":{"@id":"https:\/\/www.legalvision.fr\/guides-juridiques\/gerer-une-entreprise\/la-fermeture-d-un-etablissement-secondaire-en-24-heures\/"},"author":{"name":"Anne Wisniewski","@id":"https:\/\/www.legalvision.fr\/guides-juridiques\/#\/schema\/person\/ebb7a1403b91f15eae842fb4d875d692"},"headline":"La fermeture d\u2019un \u00e9tablissement secondaire en 24 heures","datePublished":"2018-08-30T06:29:37+00:00","dateModified":"2023-11-09T15:12:20+00:00","mainEntityOfPage":{"@id":"https:\/\/www.legalvision.fr\/guides-juridiques\/gerer-une-entreprise\/la-fermeture-d-un-etablissement-secondaire-en-24-heures\/"},"wordCount":1608,"commentCount":6,"publisher":{"@id":"https:\/\/www.legalvision.fr\/guides-juridiques\/#organization"},"image":{"@id":"https:\/\/www.legalvision.fr\/guides-juridiques\/gerer-une-entreprise\/la-fermeture-d-un-etablissement-secondaire-en-24-heures\/#primaryimage"},"thumbnailUrl":"https:\/\/www.legalvision.fr\/guides-juridiques\/wp-content\/uploads\/2018\/08\/Fermeture-d\u00e9tablissement-secondaire-min.jpg","articleSection":["G\u00e9rer une entreprise"],"inLanguage":"fr-FR","potentialAction":[{"@type":"CommentAction","name":"Comment","target":["https:\/\/www.legalvision.fr\/guides-juridiques\/gerer-une-entreprise\/la-fermeture-d-un-etablissement-secondaire-en-24-heures\/#respond"]}]},{"@type":"WebPage","@id":"https:\/\/www.legalvision.fr\/guides-juridiques\/gerer-une-entreprise\/la-fermeture-d-un-etablissement-secondaire-en-24-heures\/","url":"https:\/\/www.legalvision.fr\/guides-juridiques\/gerer-une-entreprise\/la-fermeture-d-un-etablissement-secondaire-en-24-heures\/","name":"Fermeture d'\u00e9tablissement secondaire : la marche \u00e0 suivre","isPartOf":{"@id":"https:\/\/www.legalvision.fr\/guides-juridiques\/#website"},"primaryImageOfPage":{"@id":"https:\/\/www.legalvision.fr\/guides-juridiques\/gerer-une-entreprise\/la-fermeture-d-un-etablissement-secondaire-en-24-heures\/#primaryimage"},"image":{"@id":"https:\/\/www.legalvision.fr\/guides-juridiques\/gerer-une-entreprise\/la-fermeture-d-un-etablissement-secondaire-en-24-heures\/#primaryimage"},"thumbnailUrl":"https:\/\/www.legalvision.fr\/guides-juridiques\/wp-content\/uploads\/2018\/08\/Fermeture-d\u00e9tablissement-secondaire-min.jpg","datePublished":"2018-08-30T06:29:37+00:00","dateModified":"2023-11-09T15:12:20+00:00","description":"LegalVision vous informe sur la proc\u00e9dure \u00e0 respecter afin de parvenir \u00e0 la fermeture d'\u00e9tablissement secondaire en bonne et due forme.","breadcrumb":{"@id":"https:\/\/www.legalvision.fr\/guides-juridiques\/gerer-une-entreprise\/la-fermeture-d-un-etablissement-secondaire-en-24-heures\/#breadcrumb"},"inLanguage":"fr-FR","potentialAction":[{"@type":"ReadAction","target":["https:\/\/www.legalvision.fr\/guides-juridiques\/gerer-une-entreprise\/la-fermeture-d-un-etablissement-secondaire-en-24-heures\/"]}]},{"@type":"ImageObject","inLanguage":"fr-FR","@id":"https:\/\/www.legalvision.fr\/guides-juridiques\/gerer-une-entreprise\/la-fermeture-d-un-etablissement-secondaire-en-24-heures\/#primaryimage","url":"https:\/\/www.legalvision.fr\/guides-juridiques\/wp-content\/uploads\/2018\/08\/Fermeture-d\u00e9tablissement-secondaire-min.jpg","contentUrl":"https:\/\/www.legalvision.fr\/guides-juridiques\/wp-content\/uploads\/2018\/08\/Fermeture-d\u00e9tablissement-secondaire-min.jpg","width":958,"height":350,"caption":"fermeture d'\u00e9tablissement secondaire"},{"@type":"BreadcrumbList","@id":"https:\/\/www.legalvision.fr\/guides-juridiques\/gerer-une-entreprise\/la-fermeture-d-un-etablissement-secondaire-en-24-heures\/#breadcrumb","itemListElement":[{"@type":"ListItem","position":1,"name":"Accueil","item":"https:\/\/www.legalvision.fr\/guides-juridiques\/"},{"@type":"ListItem","position":2,"name":"G\u00e9rer une entreprise","item":"https:\/\/www.legalvision.fr\/guides-juridiques\/gerer-une-entreprise\/"},{"@type":"ListItem","position":3,"name":"La fermeture d\u2019un \u00e9tablissement secondaire en 24 heures"}]},{"@type":"WebSite","@id":"https:\/\/www.legalvision.fr\/guides-juridiques\/#website","url":"https:\/\/www.legalvision.fr\/guides-juridiques\/","name":"Guides juridiques","description":"L&#039;information juridique \u00e0 destination des entreprises et TPE","publisher":{"@id":"https:\/\/www.legalvision.fr\/guides-juridiques\/#organization"},"potentialAction":[{"@type":"SearchAction","target":{"@type":"EntryPoint","urlTemplate":"https:\/\/www.legalvision.fr\/guides-juridiques\/?s={search_term_string}"},"query-input":{"@type":"PropertyValueSpecification","valueRequired":true,"valueName":"search_term_string"}}],"inLanguage":"fr-FR"},{"@type":"Organization","@id":"https:\/\/www.legalvision.fr\/guides-juridiques\/#organization","name":"Guides juridiques","url":"https:\/\/www.legalvision.fr\/guides-juridiques\/","logo":{"@type":"ImageObject","inLanguage":"fr-FR","@id":"https:\/\/www.legalvision.fr\/guides-juridiques\/#\/schema\/logo\/image\/","url":"https:\/\/www.legalvision.fr\/guides-juridiques\/wp-content\/uploads\/2022\/10\/LV-Logotype.png","contentUrl":"https:\/\/www.legalvision.fr\/guides-juridiques\/wp-content\/uploads\/2022\/10\/LV-Logotype.png","width":647,"height":125,"caption":"Guides juridiques"},"image":{"@id":"https:\/\/www.legalvision.fr\/guides-juridiques\/#\/schema\/logo\/image\/"}},{"@type":"Person","@id":"https:\/\/www.legalvision.fr\/guides-juridiques\/#\/schema\/person\/ebb7a1403b91f15eae842fb4d875d692","name":"Anne Wisniewski","image":{"@type":"ImageObject","inLanguage":"fr-FR","@id":"https:\/\/www.legalvision.fr\/guides-juridiques\/#\/schema\/person\/image\/","url":"https:\/\/secure.gravatar.com\/avatar\/e1d470446f3d91488a7891f323f5196bc4f07b636f12a7c6b1bf0f23e3114e6d?s=96&d=mm&r=g","contentUrl":"https:\/\/secure.gravatar.com\/avatar\/e1d470446f3d91488a7891f323f5196bc4f07b636f12a7c6b1bf0f23e3114e6d?s=96&d=mm&r=g","caption":"Anne Wisniewski"},"description":"Ann a un Master 1 de Droit des Affaires \u00e0 Bordeaux. Passionn\u00e9e par le droit et les LegalTech, elle a rejoint LegalVision pour s\u2019occuper du contenu juridique.","sameAs":["https:\/\/www.legalvision.fr\/","https:\/\/www.facebook.com\/legalvision.fr\/","https:\/\/www.instagram.com\/legalvision.fr\/","https:\/\/www.linkedin.com\/company\/legalvision-fr\/","https:\/\/x.com\/https:\/\/twitter.com\/Legalvision_fr"],"url":"https:\/\/www.legalvision.fr\/guides-juridiques\/author\/maelane-wisniewski\/"}]}},"_links":{"self":[{"href":"https:\/\/www.legalvision.fr\/guides-juridiques\/wp-json\/wp\/v2\/posts\/7435","targetHints":{"allow":["GET"]}}],"collection":[{"href":"https:\/\/www.legalvision.fr\/guides-juridiques\/wp-json\/wp\/v2\/posts"}],"about":[{"href":"https:\/\/www.legalvision.fr\/guides-juridiques\/wp-json\/wp\/v2\/types\/post"}],"author":[{"embeddable":true,"href":"https:\/\/www.legalvision.fr\/guides-juridiques\/wp-json\/wp\/v2\/users\/9"}],"replies":[{"embeddable":true,"href":"https:\/\/www.legalvision.fr\/guides-juridiques\/wp-json\/wp\/v2\/comments?post=7435"}],"version-history":[{"count":18,"href":"https:\/\/www.legalvision.fr\/guides-juridiques\/wp-json\/wp\/v2\/posts\/7435\/revisions"}],"predecessor-version":[{"id":41649,"href":"https:\/\/www.legalvision.fr\/guides-juridiques\/wp-json\/wp\/v2\/posts\/7435\/revisions\/41649"}],"wp:featuredmedia":[{"embeddable":true,"href":"https:\/\/www.legalvision.fr\/guides-juridiques\/wp-json\/wp\/v2\/media\/23188"}],"wp:attachment":[{"href":"https:\/\/www.legalvision.fr\/guides-juridiques\/wp-json\/wp\/v2\/media?parent=7435"}],"wp:term":[{"taxonomy":"category","embeddable":true,"href":"https:\/\/www.legalvision.fr\/guides-juridiques\/wp-json\/wp\/v2\/categories?post=7435"},{"taxonomy":"post_tag","embeddable":true,"href":"https:\/\/www.legalvision.fr\/guides-juridiques\/wp-json\/wp\/v2\/tags?post=7435"}],"curies":[{"name":"wp","href":"https:\/\/api.w.org\/{rel}","templated":true}]}}