{"id":7322,"date":"2018-08-23T07:28:07","date_gmt":"2018-08-23T06:28:07","guid":{"rendered":"https:\/\/blog.legalvision.fr\/?p=7322"},"modified":"2023-07-21T16:10:39","modified_gmt":"2023-07-21T14:10:39","slug":"raison-sociale","status":"publish","type":"post","link":"https:\/\/www.legalvision.fr\/guides-juridiques\/creer-son-entreprise\/raison-sociale\/","title":{"rendered":"Tout ce que vous devez savoir sur la notion de raison sociale"},"content":{"rendered":"<div class=\"wp-block-button\" style=\"text-align: center;\"><a class=\"wp-block-button__link has-background\" href=\"https:\/\/www.legalvision.fr\/tous-les-services\/\">Commencer ma cr\u00e9ation d&rsquo;entreprise<\/a><\/div>\n<h2><strong>Qu&rsquo;est-ce que la raison sociale d&rsquo;une soci\u00e9t\u00e9 ?<\/strong><\/h2>\n<p>Lors de la <a href=\"https:\/\/www.legalvision.fr\/creation-dentreprise\/\">cr\u00e9ation de votre entreprise<\/a>, il est imp\u00e9ratif de lui donner un nom.\u00a0<span style=\"font-weight: 400;\">Une entreprise a cette particularit\u00e9\u00a0d&rsquo;\u00eatre consid\u00e9r\u00e9e, en droit, comme une personne morale. Une personne morale jouissant de droits et obligations. Mais afin de jouir de ce statut de personne morale, l\u2019entreprise doit respecter un certain nombre de conditions, notamment remplir des crit\u00e8res d\u2019identification. L\u2019obligation de porter un nom, comme toute personne fait partie de ces crit\u00e8res.<\/span><\/p>\n<h3><strong>Sommaire :\u00a0<\/strong><\/h3>\n<p><a href=\"#1\"><strong>C&rsquo;est quoi la raison sociale d&rsquo;une entreprise ?<\/strong><\/a><br \/>\n<a href=\"#2\"><strong>La d\u00e9claration de la raison sociale soci\u00e9t\u00e9<\/strong><\/a><\/p>\n<h2 id=\"1\">C&rsquo;est quoi la raison sociale d&rsquo;une entreprise ?<\/h2>\n<h3><b>D\u00e9finition de la raison sociale d\u2019une soci\u00e9t\u00e9\u00a0<\/b><\/h3>\n<p><span style=\"font-weight: 400;\">Par raison sociale d\u2019une soci\u00e9t\u00e9, il faut comprendre le nom sous lequel la soci\u00e9t\u00e9 est identifi\u00e9e. C\u2019est en d\u2019autres termes son nom officiel sous lequel la soci\u00e9t\u00e9 s\u2019engage. Cette raison sociale correspond \u00e0 la mani\u00e8re dont la soci\u00e9t\u00e9 a \u00e9t\u00e9 enregistr\u00e9e aupr\u00e8s du Registre du Commerce et des Soci\u00e9t\u00e9s (RCS). De plus, la d\u00e9nomination \u00e9tant le nom juridique de la soci\u00e9t\u00e9, il faut \u00e9galement anticiper le fait que ce nom va appara\u00eetre dans un certain nombre de documents.\u00a0<\/span><\/p>\n<p><b>Raison sociale ou d\u00e9nomination sociale ?<\/b><span style=\"font-weight: 400;\"> Ces deux termes sont parfois utilis\u00e9s pour d\u00e9signer la m\u00eame chose. Il appara\u00eet que le terme de \u201craison sociale\u201d a progressivement \u00e9t\u00e9 remplac\u00e9 dans les textes par le terme de \u201cd\u00e9nomination sociale\u201d, sans pour autant dispara\u00eetre. D\u00e9sormais, ces termes de raison sociale et de d\u00e9nomination sociale permettent de diff\u00e9rencier les soci\u00e9t\u00e9s selon leur type d\u2019activit\u00e9. Effectivement, pour les soci\u00e9t\u00e9s civiles, on parle de raison sociale, alors que pour les soci\u00e9t\u00e9s commerciales, on pr\u00e9f\u00e8rera le terme de d\u00e9nomination sociale.\u00a0<\/span><\/p>\n<p><b>Bon \u00e0 savoir : <\/b><span style=\"font-weight: 400;\">par soci\u00e9t\u00e9 civile, il faut consid\u00e9rer qu\u2019il s\u2019agit de comprendre toutes les soci\u00e9t\u00e9s qui exercent une activit\u00e9 non-commerciale, c\u2019est-\u00e0-dire agricole, lib\u00e9rale (r\u00e9glement\u00e9e ou non), intellectuelle ou immobili\u00e8re. Concr\u00e8tement, il s\u2019agit de toutes les soci\u00e9t\u00e9s qui n\u2019ont pas un caract\u00e8re commerciale (qui exerce des actes de commerce). Il s\u2019agit par exemple d\u2019une SCI, d\u2019une SELARL, SCP, SCCV, etc. Les soci\u00e9t\u00e9s commerciales (SARL, SA, SAS, etc.) voient la responsabilit\u00e9 des associ\u00e9s \u00eatre limit\u00e9e et sont relativement plus libres dans leur fonctionnement.\u00a0<\/span><\/p>\n<p><span style=\"font-weight: 400;\">Juridiquement, il faut donc parler de raison sociale lorsqu\u2019il s\u2019agit d\u2019une soci\u00e9t\u00e9 civile (SCI, etc.) et de d\u00e9nomination sociale pour les soci\u00e9t\u00e9s commerciales (SARL, SA, etc.). <\/span><\/p>\n<p><span style=\"font-weight: 400;\">Une autre distinction \u00e0 faire concerne la raison sociale et \u00ab\u00a0<a href=\"https:\/\/blog.legalvision.fr\/2019\/01\/26\/enseigne-commerciale-definition\/\">l\u2019enseigne commerciale<\/a>\u00bb. Ce dernier est en rapport avec l\u2019emplacement physique de la soci\u00e9t\u00e9. L\u2019enseigne permet de localiser g\u00e9ographiquement le ou les \u00e9tablissements commerciaux appartenant \u00e0 l\u2019entreprise.<\/span><\/p>\n<p><span style=\"font-weight: 400;\">Dans le m\u00eame registre, la raison sociale diff\u00e8re du \u00ab\u00a0<strong>logo<\/strong>\u00a0\u00bb. Le logo a une vis\u00e9e sp\u00e9cifiquement commerciale. Il repr\u00e9sente la visibilit\u00e9 de la soci\u00e9t\u00e9. N\u00e9anmoins une confusion est possible car le logo peut renvoyer \u00e0 des \u00e9l\u00e9ments de la d\u00e9nomination sociale.<\/span><\/p>\n<p>D\u00e9finition raison sociale entreprise :<\/p>\n<p><span style=\"font-weight: 400;\">La raison sociale est l\u2019appellation par laquelle les tiers \u00e0 la soci\u00e9t\u00e9, notamment le public et m\u00eame les partenaires, vont identifier votre soci\u00e9t\u00e9.<\/span><\/p>\n<p><span style=\"font-weight: 400;\">La raison sociale d\u2019une soci\u00e9t\u00e9, sa d\u00e9nomination sociale ou encore ce nom doit appara\u00eetre dans tous les actes professionnels ou sociaux, ainsi que tous les documents destin\u00e9s \u00e0 \u00eatre transmis \u00e0 des tiers \u00e0 l\u2019entreprise.\u00a0<\/span><\/p>\n<h3><strong>O\u00f9 trouver la raison sociale d&rsquo;une entreprise ?<\/strong><\/h3>\n<p><span style=\"font-weight: 400;\">La raison sociale ou <a href=\"https:\/\/blog.legalvision.fr\/2018\/09\/22\/denomination-sociale\/\">d\u00e9nomination sociale<\/a> va appara\u00eetre dans tous les documents administratifs de la soci\u00e9t\u00e9 et dans l&rsquo;extrait k-bis, ainsi que dans les statuts constitutifs de la soci\u00e9t\u00e9. Il est donc important de ne pas n\u00e9gliger le choix du nom officiel de votre soci\u00e9t\u00e9.\u00a0<\/span><\/p>\n<h3><span style=\"font-weight: 400;\">Le cas particulier de l\u2019auto entreprise\u00a0<\/span><\/h3>\n<p><span style=\"font-weight: 400;\">Enfin, la raison sociale d\u2019une micro entreprise n\u2019existe pas. En effet, pour les entreprises individuelles, on ne parle ni de raison sociale, ni de d\u00e9nomination sociale : l\u2019entreprise individuelle sera simplement nomm\u00e9e par le nom et pr\u00e9nom de l\u2019entrepreneur.<\/span><\/p>\n<p><span style=\"font-weight: 400;\"><a href=\"https:\/\/blog.legalvision.fr\/2018\/05\/05\/statut-auto-entrepreneur-2018\/\">L&rsquo;auto entrepreneur<\/a> n&rsquo;a pas d&rsquo;autre choix que de donner son nom \u00e0 l&rsquo;auto entreprise qu&rsquo;il vient de cr\u00e9er. En outre, la raison sociale n&rsquo;existe pas pour les auto entreprises. En effet, d\u2019un point de vue juridique l\u2019auto entreprise ou micro entreprise prend tout simplement le nom de l\u2019auto entrepreneur. Concr\u00e8tement donc il lui suffit, quand on lui demande sa raison sociale, d\u2019indiquer son nom de famille, on parlera alors de nom patronymique.\u00a0<\/span><\/p>\n<p><span style=\"font-weight: 400;\">D&rsquo;un point de vue commercial pourtant, le micro entrepreneur peut choisir un nom sp\u00e9cifique afin de faciliter l\u2019identification de son activit\u00e9 professionnelle.<\/span><\/p>\n<h3><strong>La raison sociale d&rsquo;une entreprise vue en d\u00e9tail<\/strong><\/h3>\n<p><span style=\"font-weight: 400;\">De mani\u00e8re g\u00e9n\u00e9rale, la raison sociale peut \u00eatre choisie librement par les fondateurs de la soci\u00e9t\u00e9.\u00a0<\/span><span style=\"font-weight: 400;\">N\u00e9anmoins, il y a des contraintes \u00e0 respecter, tant afin de prot\u00e9ger la soci\u00e9t\u00e9 que pour prot\u00e9ger les tiers et le public.<\/span><\/p>\n<p># Le contenu de la raison sociale de la soci\u00e9t\u00e9<\/p>\n<p><span style=\"font-weight: 400;\">Elle doit contenir le nom d&rsquo;un ou plusieurs\u00a0associ\u00e9s. Et enfin, la raison sociale peut \u00eatre suivie de compl\u00e9ments indicatifs comme \u00ab\u00a0et fils\u00a0\u00bb ou \u00ab\u00a0et compagnie\u00a0\u00bb ou \u00ab\u00a0et associ\u00e9s\u00a0\u00bb.<\/span><\/p>\n<p>Il est important de choisir un <a href=\"https:\/\/blog.legalvision.fr\/2019\/01\/30\/changer-le-nom-commercial-d-une-sarl-formalites\/\">nom commercial<\/a> percutant qui marquera l&rsquo;esprit de votre client\u00e8le. L&rsquo;utilisation que vous allez faire de ce nom a une fin commerciale, ainsi la raison sociale doit permettre d&rsquo;attirer le client vers les services ou prestations que vous offrez.<\/p>\n<p><span style=\"font-weight: 400;\">Par ailleurs, il y a obligation de v\u00e9rifier si la raison sociale choisie n\u2019a pas d\u00e9j\u00e0 \u00e9t\u00e9 d\u00e9pos\u00e9e par autrui. Il est possible de se faire accuser d\u2019action en concurrence d\u00e9loyale si on utilise une marque d\u00e9j\u00e0 utilis\u00e9e pour la m\u00eame activit\u00e9 ou d\u2019action en contrefa\u00e7on s\u2019il y a d\u00e9faut de d\u00e9p\u00f4t de la marque. Pr\u00e9cisons que m\u00eame si le produit est diff\u00e9rent, ou m\u00eame si la d\u00e9nomination diff\u00e8re par un d\u00e9tail, il faut toujours veiller \u00e0 ne pas induire le public en erreur (exemple\u00a0: Cola-lola pour une marque de boissons gazeuses). <\/span><\/p>\n<p>La forme de la raison sociale d&rsquo;une soci\u00e9t\u00e9 :<\/p>\n<p><span style=\"font-weight: 400;\">n\u2019y a aucune condition quant \u00e0 l\u2019utilisation des lettres de l\u2019alphabet ainsi que des chiffres. Par contre, tous les signes, ponctuations, symboles et sigles sont prohib\u00e9s sauf le sigle \u00ab\u00a0@\u00a0\u00bb.<\/span><\/p>\n<h2 id=\"2\">La d\u00e9claration de la raison sociale soci\u00e9t\u00e9<\/h2>\n<p>Afin de d\u00e9clarer la raison sociale il n&rsquo;y a pas de proc\u00e9dure particuli\u00e8re \u00e0 accomplir. En effet, la raison sociale entreprise est d\u00e9clar\u00e9e syst\u00e9matiquement et obligatoirement lorsque le dossier de demande d&rsquo;immatriculation est d\u00e9pos\u00e9 au Greffe du Tribunal de commerce du lieu o\u00f9 le si\u00e8ge social est implant\u00e9.<\/p>\n<p>Par ailleurs, le dossier de demande d&rsquo;<a href=\"https:\/\/blog.legalvision.fr\/2018\/12\/19\/immatriculation-societe-les-etapes\/\">immatriculation aupr\u00e8s du Registre du commerce et des soci\u00e9t\u00e9s<\/a> est compos\u00e9 de diff\u00e9rents formulaires et documents qu&rsquo;il faut remettre au Greffe. En outre, le dossier doit \u00eatre complet et \u00e0 d\u00e9faut, le Greffe peut \u00e9mettre un refus. Si une telle situation se produit vous aurez un d\u00e9lai de 15 jours afin de proc\u00e9der \u00e0 une modification rectificative de la formalit\u00e9.<\/p>\n<h3><strong>La modification d&rsquo;une raison sociale de votre entreprise\u00a0<\/strong><\/h3>\n<p>La raison sociale doit \u00eatre indiqu\u00e9e dans les statuts. Ainsi d\u00e8s lors que vous souhaitez proc\u00e9der \u00e0 une modification de la raison sociale, il est imp\u00e9ratif de faire une <a href=\"https:\/\/blog.legalvision.fr\/2017\/04\/14\/interet-modification-des-statuts\/\">modification statutaire<\/a>. Mais toute modification statutaire suppose que la collectivit\u00e9 des associ\u00e9s se r\u00e9unit afin de donner son avis sur le sujet.<\/p>\n<p>En outre le g\u00e9rant ou pr\u00e9sident de soci\u00e9t\u00e9 doit faire part de son intention de proc\u00e9der au changement de raison sociale. Ainsi, il doit convoquer la collectivit\u00e9 des associ\u00e9s en assembl\u00e9e g\u00e9n\u00e9rale extraordinaire. Afin de proc\u00e9der \u00e0 la modification de la raison sociale, le dirigeant doit obtenir la majorit\u00e9 des votes.<\/p>\n<p><span style=\"font-weight: 400;\">Ce vote est dans le silence des statuts effectu\u00e9 \u00e0 l\u2019unanimit\u00e9 des associ\u00e9s. Les statuts de la soci\u00e9t\u00e9 civile pourront pr\u00e9voir des conditions de majorit\u00e9 moins \u00e9lev\u00e9es.<\/span><\/p>\n<p>Si la modification de la raison sociale est accept\u00e9, il faut ensuite que l&rsquo;assembl\u00e9e accepte de modifier l&rsquo;article correspondant \u00e0 l&rsquo;ancienne raison afin d&rsquo;y afficher le nouveau nom. A la fin de l&rsquo;assembl\u00e9e, le dirigeant devra r\u00e9diger un proc\u00e8s-verbal d&rsquo;assembl\u00e9e g\u00e9n\u00e9rale extraordinaire.<\/p>\n<p>Ensuite, il convient d&rsquo;informer les tiers du changement de raison sociale. Par voie de cons\u00e9quence le repr\u00e9sentant l\u00e9gal de la soci\u00e9t\u00e9 doit publier un avis modificatif dans un journal d&rsquo;annonces l\u00e9gales. Vous devez choisir le journal parmi ceux pr\u00e9sents dans le d\u00e9partement du lieu o\u00f9 votre si\u00e8ge social est implant\u00e9.<\/p>\n<p><span style=\"font-weight: 400;\">La <\/span><b>r\u00e9daction de l\u2019annonce l\u00e9gale<\/b><span style=\"font-weight: 400;\"> impose que vous mettiez certaines mentions obligatoires. Ces mentions sont les suivantes :<\/span><\/p>\n<ul>\n<li style=\"font-weight: 400;\" aria-level=\"1\"><span style=\"font-weight: 400;\">La date de modification de la raison sociale ;<\/span><\/li>\n<li style=\"font-weight: 400;\" aria-level=\"1\"><span style=\"font-weight: 400;\">L\u2019organe comp\u00e9tent (l\u2019AGE) ayant pris la d\u00e9cision ;<\/span><\/li>\n<li style=\"font-weight: 400;\" aria-level=\"1\"><span style=\"font-weight: 400;\">L\u2019indication de l\u2019ancienne raison sociale ;<\/span><\/li>\n<li style=\"font-weight: 400;\" aria-level=\"1\"><span style=\"font-weight: 400;\">Indication de la nouvelle raison sociale ;<\/span><\/li>\n<li style=\"font-weight: 400;\" aria-level=\"1\"><span style=\"font-weight: 400;\">Num\u00e9ro SIREN ;<\/span><\/li>\n<li style=\"font-weight: 400;\" aria-level=\"1\"><span style=\"font-weight: 400;\">\u00a0<\/span><span style=\"font-weight: 400;\">Le si\u00e8ge social de la soci\u00e9t\u00e9 ;<\/span><\/li>\n<li style=\"font-weight: 400;\" aria-level=\"1\"><span style=\"font-weight: 400;\">La forme sociale de la soci\u00e9t\u00e9 ;<\/span><\/li>\n<li style=\"font-weight: 400;\" aria-level=\"1\"><span style=\"font-weight: 400;\">Le capital social,<\/span><\/li>\n<li style=\"font-weight: 400;\" aria-level=\"1\"><span style=\"font-weight: 400;\">L\u2019indication de la ville du greffe comp\u00e9tent.<\/span><\/li>\n<\/ul>\n<p><span style=\"font-weight: 400;\">Le prix de la r\u00e9daction d\u2019annonce l\u00e9gale sera \u00e0 peu pr\u00e8s de 150\u20ac. Le prix d\u00e9pend des journaux d\u2019annonces l\u00e9gales (certains sont plus chers que d\u2019autres).<\/span><\/p>\n<h3>La d\u00e9claration de modification aupr\u00e8s du Greffe<\/h3>\n<p>Le changement doit faire l&rsquo;objet d&rsquo;un d\u00e9p\u00f4t aupr\u00e8s du Greffe du Tribunal de commerce du lieu o\u00f9 votre si\u00e8ge social est implant\u00e9. Le dossier de modification doit \u00eatre complet, \u00e0 d\u00e9faut le Greffe pourra \u00e9mettre un refus \u00e0 votre formalit\u00e9. Si tel est le cas vous disposerez d&rsquo;un d\u00e9lai de 15 jours afin de proc\u00e9der \u00e0 une modification rectificative.<\/p>\n<p>Le dossier de modification de la raison sociale doit \u00eatre compos\u00e9 des \u00e9l\u00e9ments suivants :<\/p>\n<ul>\n<li>Les statuts mis \u00e0 jour de la modification,<\/li>\n<li>Le proc\u00e8s-verbal de l&rsquo;assembl\u00e9e g\u00e9n\u00e9rale extraordinaire,<\/li>\n<li>Le <a href=\"https:\/\/blog.legalvision.fr\/2018\/05\/10\/formulaire-m2\/\">formulaire M2<\/a> de d\u00e9claration modificative (dater et signer),<\/li>\n<li>Un pouvoir, si le formulaire n&rsquo;a pas \u00e9t\u00e9 sign\u00e9 par le repr\u00e9sentant l\u00e9gal. Le pouvoir est une forme de mandat. En outre, le mandant ordonne et donne tout pouvoir au mandataire d&rsquo;accomplir tout acte en son nom et pour son compte.<\/li>\n<\/ul>\n<p>Si votre dossier est complet il sera \u00e9tudi\u00e9 par le Greffe qui vous r\u00e9pondra sous quelques jours voire plusieurs semaines.<\/p>\n<p>Une fois votre formalit\u00e9 valid\u00e9e, un nouvel extrait Kbis vous sera remis. Il sera \u00e0 jour des modifications effectu\u00e9es. Ce document est important dans la mesure o\u00f9 il reprend toutes les informations concernant la soci\u00e9t\u00e9. Par ailleurs, les tiers peuvent prendre connaissance de cet extrait Kbis. Cet extrait est une sorte de carte d&rsquo;identit\u00e9 pour les soci\u00e9t\u00e9s.<\/p>\n<p>Vous en savez d\u00e9sormais plus sur la notion de raison social, son contenu, son utilit\u00e9 et comment proc\u00e9der \u00e0 sa modification. Legalvision, le cabinet de formalit\u00e9s juridiques vous accompagne dans l&rsquo;accomplissement de vos formalit\u00e9s. Un juriste vous accompagnera du d\u00e9but \u00e0 la fin. Alors n&rsquo;h\u00e9sitez pas \u00e0 <a href=\"https:\/\/www.legalvision.fr\/contactez-nous\/\">prendre contact<\/a> avec nous.<\/p>\n<div class=\"wp-block-button\" style=\"text-align: center;\"><a class=\"wp-block-button__link has-background\" href=\"https:\/\/www.legalvision.fr\/tous-les-services\/\">Commencer ma cr\u00e9ation d&rsquo;entreprise<\/a><\/div>\n","protected":false},"excerpt":{"rendered":"<p>Commencer ma cr\u00e9ation d&rsquo;entreprise Qu&rsquo;est-ce que la raison sociale d&rsquo;une soci\u00e9t\u00e9 ? Lors de la cr\u00e9ation de votre entreprise, il est imp\u00e9ratif de lui donner un nom.\u00a0Une entreprise a cette particularit\u00e9\u00a0d&rsquo;\u00eatre consid\u00e9r\u00e9e, en droit, comme une personne morale. Une personne morale jouissant de droits et obligations. Mais afin de jouir de ce statut de personne&hellip; <a class=\"more-link\" href=\"https:\/\/www.legalvision.fr\/guides-juridiques\/creer-son-entreprise\/raison-sociale\/\">Poursuivre la lecture <span class=\"screen-reader-text\">Tout ce que vous devez savoir sur la notion de raison sociale<\/span><\/a><\/p>\n","protected":false},"author":14,"featured_media":23246,"comment_status":"open","ping_status":"open","sticky":false,"template":"","format":"standard","meta":{"content-type":"","inline_featured_image":false,"footnotes":""},"categories":[2481],"tags":[],"class_list":["post-7322","post","type-post","status-publish","format-standard","has-post-thumbnail","hentry","category-creer-son-entreprise","entry"],"yoast_head":"<!-- This site is optimized with the Yoast SEO plugin v27.1.1 - https:\/\/yoast.com\/product\/yoast-seo-wordpress\/ -->\n<title>raison sociale : quelle importance pour une entreprise ?<\/title>\n<meta name=\"description\" content=\"De mani\u00e8re g\u00e9n\u00e9rale, la raison sociale peut \u00eatre choisie librement par les fondateurs de la soci\u00e9t\u00e9. LegalVision vous explique.\" \/>\n<meta name=\"robots\" content=\"index, follow, max-snippet:-1, max-image-preview:large, max-video-preview:-1\" \/>\n<link rel=\"canonical\" href=\"https:\/\/www.legalvision.fr\/guides-juridiques\/creer-son-entreprise\/raison-sociale\/\" \/>\n<meta property=\"og:locale\" content=\"fr_FR\" \/>\n<meta property=\"og:type\" content=\"article\" \/>\n<meta property=\"og:title\" content=\"raison sociale : quelle importance pour une entreprise ?\" \/>\n<meta property=\"og:description\" content=\"De mani\u00e8re g\u00e9n\u00e9rale, la raison sociale peut \u00eatre choisie librement par les fondateurs de la soci\u00e9t\u00e9. LegalVision vous explique.\" \/>\n<meta property=\"og:url\" content=\"https:\/\/www.legalvision.fr\/guides-juridiques\/creer-son-entreprise\/raison-sociale\/\" \/>\n<meta property=\"og:site_name\" content=\"Guides juridiques\" \/>\n<meta property=\"article:author\" content=\"https:\/\/www.facebook.com\/legalvision.fr\/\" \/>\n<meta property=\"article:published_time\" content=\"2018-08-23T06:28:07+00:00\" \/>\n<meta property=\"article:modified_time\" content=\"2023-07-21T14:10:39+00:00\" \/>\n<meta property=\"og:image\" content=\"https:\/\/www.legalvision.fr\/guides-juridiques\/wp-content\/uploads\/2018\/08\/Raison-sociale-min.jpg\" \/>\n\t<meta property=\"og:image:width\" content=\"958\" \/>\n\t<meta property=\"og:image:height\" content=\"350\" \/>\n\t<meta property=\"og:image:type\" content=\"image\/jpeg\" \/>\n<meta name=\"author\" content=\"Ornella de Carolla\" \/>\n<meta name=\"twitter:card\" content=\"summary_large_image\" \/>\n<meta name=\"twitter:creator\" content=\"@https:\/\/twitter.com\/Legalvision_fr\" \/>\n<meta name=\"twitter:label1\" content=\"\u00c9crit par\" \/>\n\t<meta name=\"twitter:data1\" content=\"Ornella de Carolla\" \/>\n\t<meta name=\"twitter:label2\" content=\"Dur\u00e9e de lecture estim\u00e9e\" \/>\n\t<meta name=\"twitter:data2\" content=\"9 minutes\" \/>\n<script type=\"application\/ld+json\" class=\"yoast-schema-graph\">{\"@context\":\"https:\/\/schema.org\",\"@graph\":[{\"@type\":\"Article\",\"@id\":\"https:\/\/www.legalvision.fr\/guides-juridiques\/creer-son-entreprise\/raison-sociale\/#article\",\"isPartOf\":{\"@id\":\"https:\/\/www.legalvision.fr\/guides-juridiques\/creer-son-entreprise\/raison-sociale\/\"},\"author\":{\"name\":\"Ornella de Carolla\",\"@id\":\"https:\/\/www.legalvision.fr\/guides-juridiques\/#\/schema\/person\/3e29fbbd6d4fe274938f81abe39bc106\"},\"headline\":\"Tout ce que vous devez savoir sur la notion de raison sociale\",\"datePublished\":\"2018-08-23T06:28:07+00:00\",\"dateModified\":\"2023-07-21T14:10:39+00:00\",\"mainEntityOfPage\":{\"@id\":\"https:\/\/www.legalvision.fr\/guides-juridiques\/creer-son-entreprise\/raison-sociale\/\"},\"wordCount\":1992,\"commentCount\":0,\"publisher\":{\"@id\":\"https:\/\/www.legalvision.fr\/guides-juridiques\/#organization\"},\"image\":{\"@id\":\"https:\/\/www.legalvision.fr\/guides-juridiques\/creer-son-entreprise\/raison-sociale\/#primaryimage\"},\"thumbnailUrl\":\"https:\/\/www.legalvision.fr\/guides-juridiques\/wp-content\/uploads\/2018\/08\/Raison-sociale-min.jpg\",\"articleSection\":[\"Cr\u00e9er son entreprise\"],\"inLanguage\":\"fr-FR\",\"potentialAction\":[{\"@type\":\"CommentAction\",\"name\":\"Comment\",\"target\":[\"https:\/\/www.legalvision.fr\/guides-juridiques\/creer-son-entreprise\/raison-sociale\/#respond\"]}]},{\"@type\":\"WebPage\",\"@id\":\"https:\/\/www.legalvision.fr\/guides-juridiques\/creer-son-entreprise\/raison-sociale\/\",\"url\":\"https:\/\/www.legalvision.fr\/guides-juridiques\/creer-son-entreprise\/raison-sociale\/\",\"name\":\"raison sociale : quelle importance pour une entreprise ?\",\"isPartOf\":{\"@id\":\"https:\/\/www.legalvision.fr\/guides-juridiques\/#website\"},\"primaryImageOfPage\":{\"@id\":\"https:\/\/www.legalvision.fr\/guides-juridiques\/creer-son-entreprise\/raison-sociale\/#primaryimage\"},\"image\":{\"@id\":\"https:\/\/www.legalvision.fr\/guides-juridiques\/creer-son-entreprise\/raison-sociale\/#primaryimage\"},\"thumbnailUrl\":\"https:\/\/www.legalvision.fr\/guides-juridiques\/wp-content\/uploads\/2018\/08\/Raison-sociale-min.jpg\",\"datePublished\":\"2018-08-23T06:28:07+00:00\",\"dateModified\":\"2023-07-21T14:10:39+00:00\",\"description\":\"De mani\u00e8re g\u00e9n\u00e9rale, la raison sociale peut \u00eatre choisie librement par les fondateurs de la soci\u00e9t\u00e9. LegalVision vous explique.\",\"breadcrumb\":{\"@id\":\"https:\/\/www.legalvision.fr\/guides-juridiques\/creer-son-entreprise\/raison-sociale\/#breadcrumb\"},\"inLanguage\":\"fr-FR\",\"potentialAction\":[{\"@type\":\"ReadAction\",\"target\":[\"https:\/\/www.legalvision.fr\/guides-juridiques\/creer-son-entreprise\/raison-sociale\/\"]}]},{\"@type\":\"ImageObject\",\"inLanguage\":\"fr-FR\",\"@id\":\"https:\/\/www.legalvision.fr\/guides-juridiques\/creer-son-entreprise\/raison-sociale\/#primaryimage\",\"url\":\"https:\/\/www.legalvision.fr\/guides-juridiques\/wp-content\/uploads\/2018\/08\/Raison-sociale-min.jpg\",\"contentUrl\":\"https:\/\/www.legalvision.fr\/guides-juridiques\/wp-content\/uploads\/2018\/08\/Raison-sociale-min.jpg\",\"width\":958,\"height\":350,\"caption\":\"Raison sociale\"},{\"@type\":\"BreadcrumbList\",\"@id\":\"https:\/\/www.legalvision.fr\/guides-juridiques\/creer-son-entreprise\/raison-sociale\/#breadcrumb\",\"itemListElement\":[{\"@type\":\"ListItem\",\"position\":1,\"name\":\"Accueil\",\"item\":\"https:\/\/www.legalvision.fr\/guides-juridiques\/\"},{\"@type\":\"ListItem\",\"position\":2,\"name\":\"Cr\u00e9er son entreprise\",\"item\":\"https:\/\/www.legalvision.fr\/guides-juridiques\/creer-son-entreprise\/\"},{\"@type\":\"ListItem\",\"position\":3,\"name\":\"Tout ce que vous devez savoir sur la notion de raison sociale\"}]},{\"@type\":\"WebSite\",\"@id\":\"https:\/\/www.legalvision.fr\/guides-juridiques\/#website\",\"url\":\"https:\/\/www.legalvision.fr\/guides-juridiques\/\",\"name\":\"Guides juridiques\",\"description\":\"L&#039;information juridique \u00e0 destination des entreprises et TPE\",\"publisher\":{\"@id\":\"https:\/\/www.legalvision.fr\/guides-juridiques\/#organization\"},\"potentialAction\":[{\"@type\":\"SearchAction\",\"target\":{\"@type\":\"EntryPoint\",\"urlTemplate\":\"https:\/\/www.legalvision.fr\/guides-juridiques\/?s={search_term_string}\"},\"query-input\":{\"@type\":\"PropertyValueSpecification\",\"valueRequired\":true,\"valueName\":\"search_term_string\"}}],\"inLanguage\":\"fr-FR\"},{\"@type\":\"Organization\",\"@id\":\"https:\/\/www.legalvision.fr\/guides-juridiques\/#organization\",\"name\":\"Guides juridiques\",\"url\":\"https:\/\/www.legalvision.fr\/guides-juridiques\/\",\"logo\":{\"@type\":\"ImageObject\",\"inLanguage\":\"fr-FR\",\"@id\":\"https:\/\/www.legalvision.fr\/guides-juridiques\/#\/schema\/logo\/image\/\",\"url\":\"https:\/\/www.legalvision.fr\/guides-juridiques\/wp-content\/uploads\/2022\/10\/LV-Logotype.png\",\"contentUrl\":\"https:\/\/www.legalvision.fr\/guides-juridiques\/wp-content\/uploads\/2022\/10\/LV-Logotype.png\",\"width\":647,\"height\":125,\"caption\":\"Guides juridiques\"},\"image\":{\"@id\":\"https:\/\/www.legalvision.fr\/guides-juridiques\/#\/schema\/logo\/image\/\"}},{\"@type\":\"Person\",\"@id\":\"https:\/\/www.legalvision.fr\/guides-juridiques\/#\/schema\/person\/3e29fbbd6d4fe274938f81abe39bc106\",\"name\":\"Ornella de Carolla\",\"image\":{\"@type\":\"ImageObject\",\"inLanguage\":\"fr-FR\",\"@id\":\"https:\/\/www.legalvision.fr\/guides-juridiques\/#\/schema\/person\/image\/\",\"url\":\"https:\/\/www.legalvision.fr\/guides-juridiques\/wp-content\/uploads\/2023\/07\/femme16-96x96.png\",\"contentUrl\":\"https:\/\/www.legalvision.fr\/guides-juridiques\/wp-content\/uploads\/2023\/07\/femme16-96x96.png\",\"caption\":\"Ornella de Carolla\"},\"description\":\"Apr\u00e8s avoir obtenu un Master Web Marketing, Ornella a rejoint l'\u00e9quipe LegalVision. Passionn\u00e9e par le digital et le monde des startups, elle publie des articles sur l'entrepreneuriat.\",\"sameAs\":[\"https:\/\/www.legalvision.fr\/\",\"https:\/\/www.facebook.com\/legalvision.fr\/\",\"https:\/\/www.instagram.com\/legalvision.fr\/\",\"https:\/\/www.linkedin.com\/company\/legalvision-fr\/\",\"https:\/\/x.com\/https:\/\/twitter.com\/Legalvision_fr\"],\"url\":\"https:\/\/www.legalvision.fr\/guides-juridiques\/author\/ornella\/\"}]}<\/script>\n<!-- \/ Yoast SEO plugin. -->","yoast_head_json":{"title":"raison sociale : quelle importance pour une entreprise ?","description":"De mani\u00e8re g\u00e9n\u00e9rale, la raison sociale peut \u00eatre choisie librement par les fondateurs de la soci\u00e9t\u00e9. LegalVision vous explique.","robots":{"index":"index","follow":"follow","max-snippet":"max-snippet:-1","max-image-preview":"max-image-preview:large","max-video-preview":"max-video-preview:-1"},"canonical":"https:\/\/www.legalvision.fr\/guides-juridiques\/creer-son-entreprise\/raison-sociale\/","og_locale":"fr_FR","og_type":"article","og_title":"raison sociale : quelle importance pour une entreprise ?","og_description":"De mani\u00e8re g\u00e9n\u00e9rale, la raison sociale peut \u00eatre choisie librement par les fondateurs de la soci\u00e9t\u00e9. LegalVision vous explique.","og_url":"https:\/\/www.legalvision.fr\/guides-juridiques\/creer-son-entreprise\/raison-sociale\/","og_site_name":"Guides juridiques","article_author":"https:\/\/www.facebook.com\/legalvision.fr\/","article_published_time":"2018-08-23T06:28:07+00:00","article_modified_time":"2023-07-21T14:10:39+00:00","og_image":[{"width":958,"height":350,"url":"https:\/\/www.legalvision.fr\/guides-juridiques\/wp-content\/uploads\/2018\/08\/Raison-sociale-min.jpg","type":"image\/jpeg"}],"author":"Ornella de Carolla","twitter_card":"summary_large_image","twitter_creator":"@https:\/\/twitter.com\/Legalvision_fr","twitter_misc":{"\u00c9crit par":"Ornella de Carolla","Dur\u00e9e de lecture estim\u00e9e":"9 minutes"},"schema":{"@context":"https:\/\/schema.org","@graph":[{"@type":"Article","@id":"https:\/\/www.legalvision.fr\/guides-juridiques\/creer-son-entreprise\/raison-sociale\/#article","isPartOf":{"@id":"https:\/\/www.legalvision.fr\/guides-juridiques\/creer-son-entreprise\/raison-sociale\/"},"author":{"name":"Ornella de Carolla","@id":"https:\/\/www.legalvision.fr\/guides-juridiques\/#\/schema\/person\/3e29fbbd6d4fe274938f81abe39bc106"},"headline":"Tout ce que vous devez savoir sur la notion de raison sociale","datePublished":"2018-08-23T06:28:07+00:00","dateModified":"2023-07-21T14:10:39+00:00","mainEntityOfPage":{"@id":"https:\/\/www.legalvision.fr\/guides-juridiques\/creer-son-entreprise\/raison-sociale\/"},"wordCount":1992,"commentCount":0,"publisher":{"@id":"https:\/\/www.legalvision.fr\/guides-juridiques\/#organization"},"image":{"@id":"https:\/\/www.legalvision.fr\/guides-juridiques\/creer-son-entreprise\/raison-sociale\/#primaryimage"},"thumbnailUrl":"https:\/\/www.legalvision.fr\/guides-juridiques\/wp-content\/uploads\/2018\/08\/Raison-sociale-min.jpg","articleSection":["Cr\u00e9er son entreprise"],"inLanguage":"fr-FR","potentialAction":[{"@type":"CommentAction","name":"Comment","target":["https:\/\/www.legalvision.fr\/guides-juridiques\/creer-son-entreprise\/raison-sociale\/#respond"]}]},{"@type":"WebPage","@id":"https:\/\/www.legalvision.fr\/guides-juridiques\/creer-son-entreprise\/raison-sociale\/","url":"https:\/\/www.legalvision.fr\/guides-juridiques\/creer-son-entreprise\/raison-sociale\/","name":"raison sociale : quelle importance pour une entreprise ?","isPartOf":{"@id":"https:\/\/www.legalvision.fr\/guides-juridiques\/#website"},"primaryImageOfPage":{"@id":"https:\/\/www.legalvision.fr\/guides-juridiques\/creer-son-entreprise\/raison-sociale\/#primaryimage"},"image":{"@id":"https:\/\/www.legalvision.fr\/guides-juridiques\/creer-son-entreprise\/raison-sociale\/#primaryimage"},"thumbnailUrl":"https:\/\/www.legalvision.fr\/guides-juridiques\/wp-content\/uploads\/2018\/08\/Raison-sociale-min.jpg","datePublished":"2018-08-23T06:28:07+00:00","dateModified":"2023-07-21T14:10:39+00:00","description":"De mani\u00e8re g\u00e9n\u00e9rale, la raison sociale peut \u00eatre choisie librement par les fondateurs de la soci\u00e9t\u00e9. LegalVision vous explique.","breadcrumb":{"@id":"https:\/\/www.legalvision.fr\/guides-juridiques\/creer-son-entreprise\/raison-sociale\/#breadcrumb"},"inLanguage":"fr-FR","potentialAction":[{"@type":"ReadAction","target":["https:\/\/www.legalvision.fr\/guides-juridiques\/creer-son-entreprise\/raison-sociale\/"]}]},{"@type":"ImageObject","inLanguage":"fr-FR","@id":"https:\/\/www.legalvision.fr\/guides-juridiques\/creer-son-entreprise\/raison-sociale\/#primaryimage","url":"https:\/\/www.legalvision.fr\/guides-juridiques\/wp-content\/uploads\/2018\/08\/Raison-sociale-min.jpg","contentUrl":"https:\/\/www.legalvision.fr\/guides-juridiques\/wp-content\/uploads\/2018\/08\/Raison-sociale-min.jpg","width":958,"height":350,"caption":"Raison sociale"},{"@type":"BreadcrumbList","@id":"https:\/\/www.legalvision.fr\/guides-juridiques\/creer-son-entreprise\/raison-sociale\/#breadcrumb","itemListElement":[{"@type":"ListItem","position":1,"name":"Accueil","item":"https:\/\/www.legalvision.fr\/guides-juridiques\/"},{"@type":"ListItem","position":2,"name":"Cr\u00e9er son entreprise","item":"https:\/\/www.legalvision.fr\/guides-juridiques\/creer-son-entreprise\/"},{"@type":"ListItem","position":3,"name":"Tout ce que vous devez savoir sur la notion de raison sociale"}]},{"@type":"WebSite","@id":"https:\/\/www.legalvision.fr\/guides-juridiques\/#website","url":"https:\/\/www.legalvision.fr\/guides-juridiques\/","name":"Guides juridiques","description":"L&#039;information juridique \u00e0 destination des entreprises et TPE","publisher":{"@id":"https:\/\/www.legalvision.fr\/guides-juridiques\/#organization"},"potentialAction":[{"@type":"SearchAction","target":{"@type":"EntryPoint","urlTemplate":"https:\/\/www.legalvision.fr\/guides-juridiques\/?s={search_term_string}"},"query-input":{"@type":"PropertyValueSpecification","valueRequired":true,"valueName":"search_term_string"}}],"inLanguage":"fr-FR"},{"@type":"Organization","@id":"https:\/\/www.legalvision.fr\/guides-juridiques\/#organization","name":"Guides juridiques","url":"https:\/\/www.legalvision.fr\/guides-juridiques\/","logo":{"@type":"ImageObject","inLanguage":"fr-FR","@id":"https:\/\/www.legalvision.fr\/guides-juridiques\/#\/schema\/logo\/image\/","url":"https:\/\/www.legalvision.fr\/guides-juridiques\/wp-content\/uploads\/2022\/10\/LV-Logotype.png","contentUrl":"https:\/\/www.legalvision.fr\/guides-juridiques\/wp-content\/uploads\/2022\/10\/LV-Logotype.png","width":647,"height":125,"caption":"Guides juridiques"},"image":{"@id":"https:\/\/www.legalvision.fr\/guides-juridiques\/#\/schema\/logo\/image\/"}},{"@type":"Person","@id":"https:\/\/www.legalvision.fr\/guides-juridiques\/#\/schema\/person\/3e29fbbd6d4fe274938f81abe39bc106","name":"Ornella de Carolla","image":{"@type":"ImageObject","inLanguage":"fr-FR","@id":"https:\/\/www.legalvision.fr\/guides-juridiques\/#\/schema\/person\/image\/","url":"https:\/\/www.legalvision.fr\/guides-juridiques\/wp-content\/uploads\/2023\/07\/femme16-96x96.png","contentUrl":"https:\/\/www.legalvision.fr\/guides-juridiques\/wp-content\/uploads\/2023\/07\/femme16-96x96.png","caption":"Ornella de Carolla"},"description":"Apr\u00e8s avoir obtenu un Master Web Marketing, Ornella a rejoint l'\u00e9quipe LegalVision. Passionn\u00e9e par le digital et le monde des startups, elle publie des articles sur l'entrepreneuriat.","sameAs":["https:\/\/www.legalvision.fr\/","https:\/\/www.facebook.com\/legalvision.fr\/","https:\/\/www.instagram.com\/legalvision.fr\/","https:\/\/www.linkedin.com\/company\/legalvision-fr\/","https:\/\/x.com\/https:\/\/twitter.com\/Legalvision_fr"],"url":"https:\/\/www.legalvision.fr\/guides-juridiques\/author\/ornella\/"}]}},"_links":{"self":[{"href":"https:\/\/www.legalvision.fr\/guides-juridiques\/wp-json\/wp\/v2\/posts\/7322","targetHints":{"allow":["GET"]}}],"collection":[{"href":"https:\/\/www.legalvision.fr\/guides-juridiques\/wp-json\/wp\/v2\/posts"}],"about":[{"href":"https:\/\/www.legalvision.fr\/guides-juridiques\/wp-json\/wp\/v2\/types\/post"}],"author":[{"embeddable":true,"href":"https:\/\/www.legalvision.fr\/guides-juridiques\/wp-json\/wp\/v2\/users\/14"}],"replies":[{"embeddable":true,"href":"https:\/\/www.legalvision.fr\/guides-juridiques\/wp-json\/wp\/v2\/comments?post=7322"}],"version-history":[{"count":1,"href":"https:\/\/www.legalvision.fr\/guides-juridiques\/wp-json\/wp\/v2\/posts\/7322\/revisions"}],"predecessor-version":[{"id":39253,"href":"https:\/\/www.legalvision.fr\/guides-juridiques\/wp-json\/wp\/v2\/posts\/7322\/revisions\/39253"}],"wp:featuredmedia":[{"embeddable":true,"href":"https:\/\/www.legalvision.fr\/guides-juridiques\/wp-json\/wp\/v2\/media\/23246"}],"wp:attachment":[{"href":"https:\/\/www.legalvision.fr\/guides-juridiques\/wp-json\/wp\/v2\/media?parent=7322"}],"wp:term":[{"taxonomy":"category","embeddable":true,"href":"https:\/\/www.legalvision.fr\/guides-juridiques\/wp-json\/wp\/v2\/categories?post=7322"},{"taxonomy":"post_tag","embeddable":true,"href":"https:\/\/www.legalvision.fr\/guides-juridiques\/wp-json\/wp\/v2\/tags?post=7322"}],"curies":[{"name":"wp","href":"https:\/\/api.w.org\/{rel}","templated":true}]}}