{"id":7320,"date":"2018-08-22T07:26:15","date_gmt":"2018-08-22T06:26:15","guid":{"rendered":"https:\/\/blog.legalvision.fr\/?p=7320"},"modified":"2022-03-27T21:21:07","modified_gmt":"2022-03-27T19:21:07","slug":"facture-auto-entrepreneur","status":"publish","type":"post","link":"https:\/\/www.legalvision.fr\/guides-juridiques\/auto-entrepreneur\/facture-auto-entrepreneur\/","title":{"rendered":"La facture d\u2019auto-entrepreneur\u00a0: comment s\u2019y prendre dans la r\u00e9daction\u2009?"},"content":{"rendered":"<p><b><\/b><span style=\"font-weight: 400;\">Le choix du <strong>statut d\u2019auto-entrepreneur<\/strong> vous oblige parfois \u00e0 faire face \u00e0 certaines contraintes. L&rsquo;une d&rsquo;elle est li\u00e9 \u00e0 l\u2019\u00e9mission d\u2019une facture auto-entrepreneur notamment lorsque vous traitez avec un client professionnel. Cependant, l\u2019\u00e9tablissement d\u2019une facture d\u2019auto-entrepreneur doit r\u00e9pondre \u00e0 certaines r\u00e8gles avant sa d\u00e9livrance. En effet, une facture doit comporter certaines informations et mentions obligatoires. Celles-ci sont n\u00e9cessaires pour que la facture soit valable. <\/span><\/p>\n<p><span style=\"font-weight: 400;\">Vous \u00eates auto-entrepreneur ou vous \u00eates en cours de d\u00e9claration de votre micro-entreprise\u2009? D\u00e9couvrons ensemble quelques id\u00e9es pour r\u00e9diger, \u00e9mettre et enregistrer vos premi\u00e8res <strong>factures d\u2019auto-entrepreneur<\/strong> en bonne et due forme.<\/span><\/p>\n<h3><strong>Sommaire :<\/strong><\/h3>\n<p><a href=\"#1\"><strong>Quelques r\u00e8gles li\u00e9es \u00e0 la production d&rsquo;une facture en auto-entreprise<\/strong><\/a><br \/>\n<a href=\"#2\"><strong> II\/ Les mentions obligatoires d&rsquo;une facture micro entrepreneur<\/strong><\/a><br \/>\n<a href=\"#3\"><strong> III\/ Facture auto-entrepreneur : indications li\u00e9es aux produits ou services factur\u00e9s<\/strong><\/a><br \/>\n<a href=\"#4\"><strong>Les mentions obligatoires li\u00e9es \u00e0 l&rsquo;op\u00e9ration<\/strong><\/a><br \/>\n<a href=\"#5\"><strong>Autres mentions<\/strong><\/a><\/p>\n<div class=\"wp-block-button\" style=\"text-align:center;\"><a class=\"wp-block-button__link has-background\" href=\"https:\/\/www.legalvision.fr\/creation-dentreprise\/statut-auto-entrepreneur\/\">Commencer les d\u00e9marches pour mon auto-entreprise<\/a><\/div>\n<h2 id=\"1\">Quelques r\u00e8gles li\u00e9es \u00e0 la production d&rsquo;une facture en auto-entreprise<\/h2>\n<p><span style=\"font-weight: 400;\">La facture auto-entrepreneur d\u00e9signe un document papier \u00e0 en-t\u00eate portant la d\u00e9nomination de l\u2019auto-entreprise. L\u2019auto-entrepreneur devra la d\u00e9livrer \u00e0 un client professionnel dans le cadre des op\u00e9rations r\u00e9alis\u00e9es sur une p\u00e9riode donn\u00e9e. La facture informe de fa\u00e7on d\u00e9taill\u00e9e sur les conditions de ventes ou de prestations de vos services. De plus, la facture constitue, aussi bien pour vous que pour votre client professionnel, une preuve en mati\u00e8re juridique. Encore, il s&rsquo;agira d\u2019une pi\u00e8ce justificative sur le plan fiscal et comptable. En effet, son \u00e9dition doit se faire en deux exemplaires. Un exemplaire devra \u00eatre d\u00e9livr\u00e9 au client. L\u2019autre devra \u00eatre gard\u00e9 soigneusement comme un \u00e9l\u00e9ment justificatif du chiffre d\u2019affaires annuel ou trimestriel. De plus, une facture ne peut \u00eatre d\u00e9truite que dix ans apr\u00e8s son \u00e9mission.<\/span><\/p>\n<p><span style=\"font-weight: 400;\">Lorsque vous devez d\u00e9livrer une facture \u00e0 un client, il est recommand\u00e9 que cela se fasse \u00e0 la rigueur le jour de la livraison de la commande ou bien avant. En revanche, certaines contraintes administratives peuvent n\u00e9cessiter une rallonge de ce retard \u00e0 15 jours au maximum. Par ailleurs, en tant qu\u2019<a href=\"https:\/\/blog.legalvision.fr\/2017\/05\/11\/lauto-entrepreneuriat\/\">auto-entrepreneur<\/a>, vous ne devez pas modifier en leurs montants ou d\u00e9signations les factures d\u00e9j\u00e0 \u00e9mises et transmises. Il en est de m\u00eame pour le client qui ne doit pas apporter des modifications \u00e0 une facture d\u00e9j\u00e0 d\u00e9livr\u00e9e sans l\u2019approbation de l\u2019auto-entrepreneur. <\/span><\/p>\n<p><span style=\"font-weight: 400;\">Enfin, du point de vue de la forme, la facture d\u2019auto-entrepreneur, qu\u2019elle soit r\u00e9dig\u00e9e sur un support papier ou \u00e9lectronique, il importe que cette r\u00e9daction s\u2019effectue en Fran\u00e7ais. <\/span><\/p>\n<h2 id=\"2\">Les mentions obligatoires d&rsquo;une facture micro entrepreneur<\/h2>\n<p><span style=\"font-weight: 400;\">Chaque facture doit comprendre des mentions obligatoires permettant d\u2019identifier d\u2019une part votre entreprise ainsi que celle du client. D\u2019autre part, la facture doit donner les indications sur les ventes ou prestations r\u00e9alis\u00e9es, le prix, la TVA, le mode et la date de paiement.<\/span><\/p>\n<p><span style=\"font-weight: 400;\">Pour vous identifier, vous devez renseigner les informations suivantes\u00a0: <\/span><\/p>\n<ul>\n<li><span style=\"font-weight: 400;\">Nom<\/span><\/li>\n<li><span style=\"font-weight: 400;\">Adresse<\/span><\/li>\n<li><span style=\"font-weight: 400;\">D\u00e9nomination commerciale <\/span><\/li>\n<li><span style=\"font-weight: 400;\">Num\u00e9ro SIRET<\/span><\/li>\n<li><span style=\"font-weight: 400;\">Num\u00e9ro RCS\/RM (en cas d\u2019enregistrement au <a href=\"https:\/\/www.infogreffe.fr\/formalites-entreprise\/immatriculation-entreprise.html\">RCS<\/a> ou au <a href=\"https:\/\/www.artisanat.fr\/porteur-de-projet\/lancer-mon-activite\/immatriculation-au-repertoire-des-metiers\">Registre des M\u00e9tiers<\/a>)<\/span><\/li>\n<li><span style=\"font-weight: 400;\">Pour le client, vous devez renseigner\u00a0:<\/span><\/li>\n<li><span style=\"font-weight: 400;\">Nom et l\u2019adresse <\/span><\/li>\n<li><span style=\"font-weight: 400;\">L\u2019adresse de livraison (le cas \u00e9ch\u00e9ant). <\/span><\/li>\n<\/ul>\n<h2 id=\"3\">Facture auto-entrepreneur : indications li\u00e9es aux produits ou services factur\u00e9s<\/h2>\n<p><span style=\"font-weight: 400;\">Vous devez aussi renseigner les produits ou services factur\u00e9s. Ainsi, vous devez d\u00e9crire chaque produit ou prestation fournie par sa d\u00e9signation. Ensuite, vous devez indiquer les quantit\u00e9s et prix unitaires HT du produit ou le tarif horaire de la prestation ainsi que leur somme totale HT (pour les biens ou services de m\u00eame nature). \u00c0 cela doivent peuvent s\u2019ajouter les rabais, ristournes ou autres r\u00e9ductions \u00e9ventuelles. Il faut noter que les renseignements li\u00e9s aux r\u00e9ductions et sommes totales doivent figurer dans les lignes et colonnes qui les conviennent.<\/span><\/p>\n<p><span style=\"font-weight: 400;\">Enfin, en raison de votre <a href=\"https:\/\/blog.legalvision.fr\/2018\/05\/14\/micro-entreprise-2018\/\">statut de micro entrepreneur<\/a>, vous devez porter la mention \u00ab\u2009TVA non-applicable, article\u00a0293B du CGI\u2009\u00bb sur votre facture.<\/span><\/p>\n<h2 id=\"4\">Les mentions obligatoires li\u00e9es \u00e0 l&rsquo;op\u00e9ration<\/h2>\n<p><span style=\"font-weight: 400;\">En mati\u00e8re de transaction, certaines informations doivent aussi figurer sur la facture auto-entrepreneur pour qu\u2019elle soit l\u00e9gale. Parmi celles-ci, vous avez\u00a0:<\/span><\/p>\n<ul>\n<li><span style=\"font-weight: 400;\">La date d\u2019\u00e9tablissement de la facture<\/span><\/li>\n<li><span style=\"font-weight: 400;\">Ainsi que la date de livraison des commandes ou de fourniture du service<\/span><\/li>\n<li><span style=\"font-weight: 400;\">La date de paiement<\/span><\/li>\n<li><span style=\"font-weight: 400;\">Le num\u00e9ro d\u2019ordre de la facture<\/span><\/li>\n<li><span style=\"font-weight: 400;\">Le taux de p\u00e9nalit\u00e9s de retard du r\u00e8glement (le cas \u00e9ch\u00e9ant).<\/span><\/li>\n<li><span style=\"font-weight: 400;\">faut pr\u00e9ciser que ce taux ne saurait exc\u00e9der le triple du taux applicable, soit 4,16\u00a0% \u00e0 un client particulier et 0,90\u00a0% \u00e0 un professionnel.<\/span><\/li>\n<\/ul>\n<h2 id=\"5\">Autres mentions<\/h2>\n<p><span style=\"font-weight: 400;\">Certaines mentions peuvent \u00e9galement apparaitre sur votre facture micro entreprise. Toutefois, tous les auto-entrepreneurs ne sont pas tenus de les indiquer. En effet, lorsque vous faites partie d\u2019un <strong>Centre de Gestion Agr\u00e9\u00e9<\/strong>, vous devez pr\u00e9ciser la mention\u00a0: \u00ab\u2009membre d\u2019une association agr\u00e9\u00e9e, le r\u00e8glement par ch\u00e8que est accept\u00e9\u2009\u00bb. <\/span><\/p>\n<p><span style=\"font-weight: 400;\">De m\u00eame, lorsque vous exercez dans le secteur du b\u00e2timent ou de l\u2019artisanat n\u00e9cessitant une assurance d\u00e9cennale pour la couverture de vos prestations, vous devez renseigner les coordonn\u00e9es de votre assureur. Par ailleurs, si votre assurance auto-entrepreneur couvre \u00e9galement la <strong>Responsabilit\u00e9 Civile Professionnelle<\/strong> (RC Pro), elle doit \u00eatre indiqu\u00e9e sur la facture.<\/span><\/p>\n<p>\u00a0<\/p>\n<p><\/p>\n<div class=\"wp-block-button\" style=\"text-align:center;\"><a class=\"wp-block-button__link has-background\" href=\"https:\/\/www.legalvision.fr\/creation-dentreprise\/statut-auto-entrepreneur\/\">Commencer les d\u00e9marches pour mon auto-entreprise<\/a><\/div>\n","protected":false},"excerpt":{"rendered":"<p>Le choix du statut d\u2019auto-entrepreneur vous oblige parfois \u00e0 faire face \u00e0 certaines contraintes. L&rsquo;une d&rsquo;elle est li\u00e9 \u00e0 l\u2019\u00e9mission d\u2019une facture auto-entrepreneur notamment lorsque vous traitez avec un client professionnel. Cependant, l\u2019\u00e9tablissement d\u2019une facture d\u2019auto-entrepreneur doit r\u00e9pondre \u00e0 certaines r\u00e8gles avant sa d\u00e9livrance. En effet, une facture doit comporter certaines informations et mentions obligatoires.&hellip; <a class=\"more-link\" href=\"https:\/\/www.legalvision.fr\/guides-juridiques\/auto-entrepreneur\/facture-auto-entrepreneur\/\">Poursuivre la lecture <span class=\"screen-reader-text\">La facture d\u2019auto-entrepreneur\u00a0: comment s\u2019y prendre dans la r\u00e9daction\u2009?<\/span><\/a><\/p>\n","protected":false},"author":14,"featured_media":25661,"comment_status":"open","ping_status":"open","sticky":false,"template":"","format":"standard","meta":{"content-type":"","inline_featured_image":false,"footnotes":""},"categories":[2477],"tags":[],"class_list":["post-7320","post","type-post","status-publish","format-standard","has-post-thumbnail","hentry","category-auto-entrepreneur","entry"],"yoast_head":"<!-- This site is optimized with the Yoast SEO plugin v27.1.1 - https:\/\/yoast.com\/product\/yoast-seo-wordpress\/ -->\n<title>Facture auto-entrepreneur : les \u00e9tapes essentielles<\/title>\n<meta name=\"description\" content=\"D\u00e9couvrons ensemble quelques id\u00e9es pour r\u00e9diger, \u00e9mettre et enregistrer votre premi\u00e8re facture auto-entrepreneur en bonne et due forme.\" \/>\n<meta name=\"robots\" content=\"index, follow, max-snippet:-1, max-image-preview:large, max-video-preview:-1\" \/>\n<link rel=\"canonical\" href=\"https:\/\/www.legalvision.fr\/guides-juridiques\/auto-entrepreneur\/facture-auto-entrepreneur\/\" \/>\n<meta property=\"og:locale\" content=\"fr_FR\" \/>\n<meta property=\"og:type\" content=\"article\" \/>\n<meta property=\"og:title\" content=\"Facture auto-entrepreneur : les \u00e9tapes essentielles\" \/>\n<meta property=\"og:description\" content=\"D\u00e9couvrons ensemble quelques id\u00e9es pour r\u00e9diger, \u00e9mettre et enregistrer votre premi\u00e8re facture auto-entrepreneur en bonne et due forme.\" \/>\n<meta property=\"og:url\" content=\"https:\/\/www.legalvision.fr\/guides-juridiques\/auto-entrepreneur\/facture-auto-entrepreneur\/\" \/>\n<meta property=\"og:site_name\" content=\"Guides juridiques\" \/>\n<meta property=\"article:author\" content=\"https:\/\/www.facebook.com\/legalvision.fr\/\" \/>\n<meta property=\"article:published_time\" content=\"2018-08-22T06:26:15+00:00\" \/>\n<meta property=\"article:modified_time\" content=\"2022-03-27T19:21:07+00:00\" \/>\n<meta property=\"og:image\" content=\"https:\/\/www.legalvision.fr\/guides-juridiques\/wp-content\/uploads\/2018\/08\/Facture-auto-entrepreneur.jpg\" \/>\n\t<meta property=\"og:image:width\" content=\"958\" \/>\n\t<meta property=\"og:image:height\" content=\"350\" \/>\n\t<meta property=\"og:image:type\" content=\"image\/jpeg\" \/>\n<meta name=\"author\" content=\"Ornella de Carolla\" \/>\n<meta name=\"twitter:card\" content=\"summary_large_image\" \/>\n<meta name=\"twitter:creator\" content=\"@https:\/\/twitter.com\/Legalvision_fr\" \/>\n<meta name=\"twitter:label1\" content=\"\u00c9crit par\" \/>\n\t<meta name=\"twitter:data1\" content=\"Ornella de Carolla\" \/>\n\t<meta name=\"twitter:label2\" content=\"Dur\u00e9e de lecture estim\u00e9e\" \/>\n\t<meta name=\"twitter:data2\" content=\"5 minutes\" \/>\n<script type=\"application\/ld+json\" class=\"yoast-schema-graph\">{\"@context\":\"https:\/\/schema.org\",\"@graph\":[{\"@type\":\"Article\",\"@id\":\"https:\/\/www.legalvision.fr\/guides-juridiques\/auto-entrepreneur\/facture-auto-entrepreneur\/#article\",\"isPartOf\":{\"@id\":\"https:\/\/www.legalvision.fr\/guides-juridiques\/auto-entrepreneur\/facture-auto-entrepreneur\/\"},\"author\":{\"name\":\"Ornella de Carolla\",\"@id\":\"https:\/\/www.legalvision.fr\/guides-juridiques\/#\/schema\/person\/3e29fbbd6d4fe274938f81abe39bc106\"},\"headline\":\"La facture d\u2019auto-entrepreneur\u00a0: comment s\u2019y prendre dans la r\u00e9daction\u2009?\",\"datePublished\":\"2018-08-22T06:26:15+00:00\",\"dateModified\":\"2022-03-27T19:21:07+00:00\",\"mainEntityOfPage\":{\"@id\":\"https:\/\/www.legalvision.fr\/guides-juridiques\/auto-entrepreneur\/facture-auto-entrepreneur\/\"},\"wordCount\":924,\"commentCount\":0,\"publisher\":{\"@id\":\"https:\/\/www.legalvision.fr\/guides-juridiques\/#organization\"},\"image\":{\"@id\":\"https:\/\/www.legalvision.fr\/guides-juridiques\/auto-entrepreneur\/facture-auto-entrepreneur\/#primaryimage\"},\"thumbnailUrl\":\"https:\/\/www.legalvision.fr\/guides-juridiques\/wp-content\/uploads\/2018\/08\/Facture-auto-entrepreneur.jpg\",\"articleSection\":[\"Auto-entrepreneur\"],\"inLanguage\":\"fr-FR\",\"potentialAction\":[{\"@type\":\"CommentAction\",\"name\":\"Comment\",\"target\":[\"https:\/\/www.legalvision.fr\/guides-juridiques\/auto-entrepreneur\/facture-auto-entrepreneur\/#respond\"]}]},{\"@type\":\"WebPage\",\"@id\":\"https:\/\/www.legalvision.fr\/guides-juridiques\/auto-entrepreneur\/facture-auto-entrepreneur\/\",\"url\":\"https:\/\/www.legalvision.fr\/guides-juridiques\/auto-entrepreneur\/facture-auto-entrepreneur\/\",\"name\":\"Facture auto-entrepreneur : les \u00e9tapes essentielles\",\"isPartOf\":{\"@id\":\"https:\/\/www.legalvision.fr\/guides-juridiques\/#website\"},\"primaryImageOfPage\":{\"@id\":\"https:\/\/www.legalvision.fr\/guides-juridiques\/auto-entrepreneur\/facture-auto-entrepreneur\/#primaryimage\"},\"image\":{\"@id\":\"https:\/\/www.legalvision.fr\/guides-juridiques\/auto-entrepreneur\/facture-auto-entrepreneur\/#primaryimage\"},\"thumbnailUrl\":\"https:\/\/www.legalvision.fr\/guides-juridiques\/wp-content\/uploads\/2018\/08\/Facture-auto-entrepreneur.jpg\",\"datePublished\":\"2018-08-22T06:26:15+00:00\",\"dateModified\":\"2022-03-27T19:21:07+00:00\",\"description\":\"D\u00e9couvrons ensemble quelques id\u00e9es pour r\u00e9diger, \u00e9mettre et enregistrer votre premi\u00e8re facture auto-entrepreneur en bonne et due forme.\",\"breadcrumb\":{\"@id\":\"https:\/\/www.legalvision.fr\/guides-juridiques\/auto-entrepreneur\/facture-auto-entrepreneur\/#breadcrumb\"},\"inLanguage\":\"fr-FR\",\"potentialAction\":[{\"@type\":\"ReadAction\",\"target\":[\"https:\/\/www.legalvision.fr\/guides-juridiques\/auto-entrepreneur\/facture-auto-entrepreneur\/\"]}]},{\"@type\":\"ImageObject\",\"inLanguage\":\"fr-FR\",\"@id\":\"https:\/\/www.legalvision.fr\/guides-juridiques\/auto-entrepreneur\/facture-auto-entrepreneur\/#primaryimage\",\"url\":\"https:\/\/www.legalvision.fr\/guides-juridiques\/wp-content\/uploads\/2018\/08\/Facture-auto-entrepreneur.jpg\",\"contentUrl\":\"https:\/\/www.legalvision.fr\/guides-juridiques\/wp-content\/uploads\/2018\/08\/Facture-auto-entrepreneur.jpg\",\"width\":958,\"height\":350,\"caption\":\"Facture auto-entrepreneur\"},{\"@type\":\"BreadcrumbList\",\"@id\":\"https:\/\/www.legalvision.fr\/guides-juridiques\/auto-entrepreneur\/facture-auto-entrepreneur\/#breadcrumb\",\"itemListElement\":[{\"@type\":\"ListItem\",\"position\":1,\"name\":\"Accueil\",\"item\":\"https:\/\/www.legalvision.fr\/guides-juridiques\/\"},{\"@type\":\"ListItem\",\"position\":2,\"name\":\"Auto-entrepreneur\",\"item\":\"https:\/\/www.legalvision.fr\/guides-juridiques\/auto-entrepreneur\/\"},{\"@type\":\"ListItem\",\"position\":3,\"name\":\"La facture d\u2019auto-entrepreneur\u00a0: comment s\u2019y prendre dans la r\u00e9daction\u2009?\"}]},{\"@type\":\"WebSite\",\"@id\":\"https:\/\/www.legalvision.fr\/guides-juridiques\/#website\",\"url\":\"https:\/\/www.legalvision.fr\/guides-juridiques\/\",\"name\":\"Guides juridiques\",\"description\":\"L&#039;information juridique \u00e0 destination des entreprises et TPE\",\"publisher\":{\"@id\":\"https:\/\/www.legalvision.fr\/guides-juridiques\/#organization\"},\"potentialAction\":[{\"@type\":\"SearchAction\",\"target\":{\"@type\":\"EntryPoint\",\"urlTemplate\":\"https:\/\/www.legalvision.fr\/guides-juridiques\/?s={search_term_string}\"},\"query-input\":{\"@type\":\"PropertyValueSpecification\",\"valueRequired\":true,\"valueName\":\"search_term_string\"}}],\"inLanguage\":\"fr-FR\"},{\"@type\":\"Organization\",\"@id\":\"https:\/\/www.legalvision.fr\/guides-juridiques\/#organization\",\"name\":\"Guides juridiques\",\"url\":\"https:\/\/www.legalvision.fr\/guides-juridiques\/\",\"logo\":{\"@type\":\"ImageObject\",\"inLanguage\":\"fr-FR\",\"@id\":\"https:\/\/www.legalvision.fr\/guides-juridiques\/#\/schema\/logo\/image\/\",\"url\":\"https:\/\/www.legalvision.fr\/guides-juridiques\/wp-content\/uploads\/2022\/10\/LV-Logotype.png\",\"contentUrl\":\"https:\/\/www.legalvision.fr\/guides-juridiques\/wp-content\/uploads\/2022\/10\/LV-Logotype.png\",\"width\":647,\"height\":125,\"caption\":\"Guides juridiques\"},\"image\":{\"@id\":\"https:\/\/www.legalvision.fr\/guides-juridiques\/#\/schema\/logo\/image\/\"}},{\"@type\":\"Person\",\"@id\":\"https:\/\/www.legalvision.fr\/guides-juridiques\/#\/schema\/person\/3e29fbbd6d4fe274938f81abe39bc106\",\"name\":\"Ornella de Carolla\",\"image\":{\"@type\":\"ImageObject\",\"inLanguage\":\"fr-FR\",\"@id\":\"https:\/\/www.legalvision.fr\/guides-juridiques\/#\/schema\/person\/image\/\",\"url\":\"https:\/\/www.legalvision.fr\/guides-juridiques\/wp-content\/uploads\/2023\/07\/femme16-96x96.png\",\"contentUrl\":\"https:\/\/www.legalvision.fr\/guides-juridiques\/wp-content\/uploads\/2023\/07\/femme16-96x96.png\",\"caption\":\"Ornella de Carolla\"},\"description\":\"Apr\u00e8s avoir obtenu un Master Web Marketing, Ornella a rejoint l'\u00e9quipe LegalVision. Passionn\u00e9e par le digital et le monde des startups, elle publie des articles sur l'entrepreneuriat.\",\"sameAs\":[\"https:\/\/www.legalvision.fr\/\",\"https:\/\/www.facebook.com\/legalvision.fr\/\",\"https:\/\/www.instagram.com\/legalvision.fr\/\",\"https:\/\/www.linkedin.com\/company\/legalvision-fr\/\",\"https:\/\/x.com\/https:\/\/twitter.com\/Legalvision_fr\"],\"url\":\"https:\/\/www.legalvision.fr\/guides-juridiques\/author\/ornella\/\"}]}<\/script>\n<!-- \/ Yoast SEO plugin. -->","yoast_head_json":{"title":"Facture auto-entrepreneur : les \u00e9tapes essentielles","description":"D\u00e9couvrons ensemble quelques id\u00e9es pour r\u00e9diger, \u00e9mettre et enregistrer votre premi\u00e8re facture auto-entrepreneur en bonne et due forme.","robots":{"index":"index","follow":"follow","max-snippet":"max-snippet:-1","max-image-preview":"max-image-preview:large","max-video-preview":"max-video-preview:-1"},"canonical":"https:\/\/www.legalvision.fr\/guides-juridiques\/auto-entrepreneur\/facture-auto-entrepreneur\/","og_locale":"fr_FR","og_type":"article","og_title":"Facture auto-entrepreneur : les \u00e9tapes essentielles","og_description":"D\u00e9couvrons ensemble quelques id\u00e9es pour r\u00e9diger, \u00e9mettre et enregistrer votre premi\u00e8re facture auto-entrepreneur en bonne et due forme.","og_url":"https:\/\/www.legalvision.fr\/guides-juridiques\/auto-entrepreneur\/facture-auto-entrepreneur\/","og_site_name":"Guides juridiques","article_author":"https:\/\/www.facebook.com\/legalvision.fr\/","article_published_time":"2018-08-22T06:26:15+00:00","article_modified_time":"2022-03-27T19:21:07+00:00","og_image":[{"width":958,"height":350,"url":"https:\/\/www.legalvision.fr\/guides-juridiques\/wp-content\/uploads\/2018\/08\/Facture-auto-entrepreneur.jpg","type":"image\/jpeg"}],"author":"Ornella de Carolla","twitter_card":"summary_large_image","twitter_creator":"@https:\/\/twitter.com\/Legalvision_fr","twitter_misc":{"\u00c9crit par":"Ornella de Carolla","Dur\u00e9e de lecture estim\u00e9e":"5 minutes"},"schema":{"@context":"https:\/\/schema.org","@graph":[{"@type":"Article","@id":"https:\/\/www.legalvision.fr\/guides-juridiques\/auto-entrepreneur\/facture-auto-entrepreneur\/#article","isPartOf":{"@id":"https:\/\/www.legalvision.fr\/guides-juridiques\/auto-entrepreneur\/facture-auto-entrepreneur\/"},"author":{"name":"Ornella de Carolla","@id":"https:\/\/www.legalvision.fr\/guides-juridiques\/#\/schema\/person\/3e29fbbd6d4fe274938f81abe39bc106"},"headline":"La facture d\u2019auto-entrepreneur\u00a0: comment s\u2019y prendre dans la r\u00e9daction\u2009?","datePublished":"2018-08-22T06:26:15+00:00","dateModified":"2022-03-27T19:21:07+00:00","mainEntityOfPage":{"@id":"https:\/\/www.legalvision.fr\/guides-juridiques\/auto-entrepreneur\/facture-auto-entrepreneur\/"},"wordCount":924,"commentCount":0,"publisher":{"@id":"https:\/\/www.legalvision.fr\/guides-juridiques\/#organization"},"image":{"@id":"https:\/\/www.legalvision.fr\/guides-juridiques\/auto-entrepreneur\/facture-auto-entrepreneur\/#primaryimage"},"thumbnailUrl":"https:\/\/www.legalvision.fr\/guides-juridiques\/wp-content\/uploads\/2018\/08\/Facture-auto-entrepreneur.jpg","articleSection":["Auto-entrepreneur"],"inLanguage":"fr-FR","potentialAction":[{"@type":"CommentAction","name":"Comment","target":["https:\/\/www.legalvision.fr\/guides-juridiques\/auto-entrepreneur\/facture-auto-entrepreneur\/#respond"]}]},{"@type":"WebPage","@id":"https:\/\/www.legalvision.fr\/guides-juridiques\/auto-entrepreneur\/facture-auto-entrepreneur\/","url":"https:\/\/www.legalvision.fr\/guides-juridiques\/auto-entrepreneur\/facture-auto-entrepreneur\/","name":"Facture auto-entrepreneur : les \u00e9tapes essentielles","isPartOf":{"@id":"https:\/\/www.legalvision.fr\/guides-juridiques\/#website"},"primaryImageOfPage":{"@id":"https:\/\/www.legalvision.fr\/guides-juridiques\/auto-entrepreneur\/facture-auto-entrepreneur\/#primaryimage"},"image":{"@id":"https:\/\/www.legalvision.fr\/guides-juridiques\/auto-entrepreneur\/facture-auto-entrepreneur\/#primaryimage"},"thumbnailUrl":"https:\/\/www.legalvision.fr\/guides-juridiques\/wp-content\/uploads\/2018\/08\/Facture-auto-entrepreneur.jpg","datePublished":"2018-08-22T06:26:15+00:00","dateModified":"2022-03-27T19:21:07+00:00","description":"D\u00e9couvrons ensemble quelques id\u00e9es pour r\u00e9diger, \u00e9mettre et enregistrer votre premi\u00e8re facture auto-entrepreneur en bonne et due forme.","breadcrumb":{"@id":"https:\/\/www.legalvision.fr\/guides-juridiques\/auto-entrepreneur\/facture-auto-entrepreneur\/#breadcrumb"},"inLanguage":"fr-FR","potentialAction":[{"@type":"ReadAction","target":["https:\/\/www.legalvision.fr\/guides-juridiques\/auto-entrepreneur\/facture-auto-entrepreneur\/"]}]},{"@type":"ImageObject","inLanguage":"fr-FR","@id":"https:\/\/www.legalvision.fr\/guides-juridiques\/auto-entrepreneur\/facture-auto-entrepreneur\/#primaryimage","url":"https:\/\/www.legalvision.fr\/guides-juridiques\/wp-content\/uploads\/2018\/08\/Facture-auto-entrepreneur.jpg","contentUrl":"https:\/\/www.legalvision.fr\/guides-juridiques\/wp-content\/uploads\/2018\/08\/Facture-auto-entrepreneur.jpg","width":958,"height":350,"caption":"Facture auto-entrepreneur"},{"@type":"BreadcrumbList","@id":"https:\/\/www.legalvision.fr\/guides-juridiques\/auto-entrepreneur\/facture-auto-entrepreneur\/#breadcrumb","itemListElement":[{"@type":"ListItem","position":1,"name":"Accueil","item":"https:\/\/www.legalvision.fr\/guides-juridiques\/"},{"@type":"ListItem","position":2,"name":"Auto-entrepreneur","item":"https:\/\/www.legalvision.fr\/guides-juridiques\/auto-entrepreneur\/"},{"@type":"ListItem","position":3,"name":"La facture d\u2019auto-entrepreneur\u00a0: comment s\u2019y prendre dans la r\u00e9daction\u2009?"}]},{"@type":"WebSite","@id":"https:\/\/www.legalvision.fr\/guides-juridiques\/#website","url":"https:\/\/www.legalvision.fr\/guides-juridiques\/","name":"Guides juridiques","description":"L&#039;information juridique \u00e0 destination des entreprises et TPE","publisher":{"@id":"https:\/\/www.legalvision.fr\/guides-juridiques\/#organization"},"potentialAction":[{"@type":"SearchAction","target":{"@type":"EntryPoint","urlTemplate":"https:\/\/www.legalvision.fr\/guides-juridiques\/?s={search_term_string}"},"query-input":{"@type":"PropertyValueSpecification","valueRequired":true,"valueName":"search_term_string"}}],"inLanguage":"fr-FR"},{"@type":"Organization","@id":"https:\/\/www.legalvision.fr\/guides-juridiques\/#organization","name":"Guides juridiques","url":"https:\/\/www.legalvision.fr\/guides-juridiques\/","logo":{"@type":"ImageObject","inLanguage":"fr-FR","@id":"https:\/\/www.legalvision.fr\/guides-juridiques\/#\/schema\/logo\/image\/","url":"https:\/\/www.legalvision.fr\/guides-juridiques\/wp-content\/uploads\/2022\/10\/LV-Logotype.png","contentUrl":"https:\/\/www.legalvision.fr\/guides-juridiques\/wp-content\/uploads\/2022\/10\/LV-Logotype.png","width":647,"height":125,"caption":"Guides juridiques"},"image":{"@id":"https:\/\/www.legalvision.fr\/guides-juridiques\/#\/schema\/logo\/image\/"}},{"@type":"Person","@id":"https:\/\/www.legalvision.fr\/guides-juridiques\/#\/schema\/person\/3e29fbbd6d4fe274938f81abe39bc106","name":"Ornella de Carolla","image":{"@type":"ImageObject","inLanguage":"fr-FR","@id":"https:\/\/www.legalvision.fr\/guides-juridiques\/#\/schema\/person\/image\/","url":"https:\/\/www.legalvision.fr\/guides-juridiques\/wp-content\/uploads\/2023\/07\/femme16-96x96.png","contentUrl":"https:\/\/www.legalvision.fr\/guides-juridiques\/wp-content\/uploads\/2023\/07\/femme16-96x96.png","caption":"Ornella de Carolla"},"description":"Apr\u00e8s avoir obtenu un Master Web Marketing, Ornella a rejoint l'\u00e9quipe LegalVision. Passionn\u00e9e par le digital et le monde des startups, elle publie des articles sur l'entrepreneuriat.","sameAs":["https:\/\/www.legalvision.fr\/","https:\/\/www.facebook.com\/legalvision.fr\/","https:\/\/www.instagram.com\/legalvision.fr\/","https:\/\/www.linkedin.com\/company\/legalvision-fr\/","https:\/\/x.com\/https:\/\/twitter.com\/Legalvision_fr"],"url":"https:\/\/www.legalvision.fr\/guides-juridiques\/author\/ornella\/"}]}},"_links":{"self":[{"href":"https:\/\/www.legalvision.fr\/guides-juridiques\/wp-json\/wp\/v2\/posts\/7320","targetHints":{"allow":["GET"]}}],"collection":[{"href":"https:\/\/www.legalvision.fr\/guides-juridiques\/wp-json\/wp\/v2\/posts"}],"about":[{"href":"https:\/\/www.legalvision.fr\/guides-juridiques\/wp-json\/wp\/v2\/types\/post"}],"author":[{"embeddable":true,"href":"https:\/\/www.legalvision.fr\/guides-juridiques\/wp-json\/wp\/v2\/users\/14"}],"replies":[{"embeddable":true,"href":"https:\/\/www.legalvision.fr\/guides-juridiques\/wp-json\/wp\/v2\/comments?post=7320"}],"version-history":[{"count":0,"href":"https:\/\/www.legalvision.fr\/guides-juridiques\/wp-json\/wp\/v2\/posts\/7320\/revisions"}],"wp:featuredmedia":[{"embeddable":true,"href":"https:\/\/www.legalvision.fr\/guides-juridiques\/wp-json\/wp\/v2\/media\/25661"}],"wp:attachment":[{"href":"https:\/\/www.legalvision.fr\/guides-juridiques\/wp-json\/wp\/v2\/media?parent=7320"}],"wp:term":[{"taxonomy":"category","embeddable":true,"href":"https:\/\/www.legalvision.fr\/guides-juridiques\/wp-json\/wp\/v2\/categories?post=7320"},{"taxonomy":"post_tag","embeddable":true,"href":"https:\/\/www.legalvision.fr\/guides-juridiques\/wp-json\/wp\/v2\/tags?post=7320"}],"curies":[{"name":"wp","href":"https:\/\/api.w.org\/{rel}","templated":true}]}}