{"id":724,"date":"2017-05-09T13:13:18","date_gmt":"2017-05-09T12:13:18","guid":{"rendered":"https:\/\/blog.legalvision.fr\/?p=724"},"modified":"2024-04-05T17:12:22","modified_gmt":"2024-04-05T15:12:22","slug":"la-tva-en-pratique","status":"publish","type":"post","link":"https:\/\/www.legalvision.fr\/guides-juridiques\/comptabilite\/la-tva-en-pratique\/","title":{"rendered":"Comment fonctionne la TVA pour les entreprises ?"},"content":{"rendered":"\t\t<div data-elementor-type=\"wp-post\" data-elementor-id=\"724\" class=\"elementor elementor-724\" data-elementor-post-type=\"post\">\n\t\t\t\t<div data-particle_enable=\"false\" data-particle-mobile-disabled=\"false\" class=\"elementor-element elementor-element-63cb0c37 e-flex e-con-boxed e-con e-parent\" data-id=\"63cb0c37\" data-element_type=\"container\" data-e-type=\"container\">\n\t\t\t\t\t<div class=\"e-con-inner\">\n\t\t\t\t<div class=\"elementor-element elementor-element-54fe6151 elementor-widget elementor-widget-text-editor\" data-id=\"54fe6151\" data-element_type=\"widget\" data-e-type=\"widget\" data-widget_type=\"text-editor.default\">\n\t\t\t\t<div class=\"elementor-widget-container\">\n\t\t\t\t\t\t\t\t\t<p><iframe title=\"Dessine-moi l&#039;\u00e9co : TVA collect\u00e9e, TVA d\u00e9ductible... Qui paye r\u00e9ellement ?\" width=\"750\" height=\"422\" src=\"https:\/\/www.youtube.com\/embed\/fh2Uy5M1NS4?feature=oembed\" frameborder=\"0\" allow=\"accelerometer; autoplay; clipboard-write; encrypted-media; gyroscope; picture-in-picture; web-share\" allowfullscreen><\/iframe><\/p><p style=\"text-align: justify;\">De nombreux professionnels se plaignent de la TVA car elle leur co\u00fbterait \u00ab trop cher \u00bb. Seulement cet imp\u00f4t est en r\u00e9alit\u00e9 neutre pour ceux-ci, seuls les particuliers la payent en r\u00e9alit\u00e9.<\/p><p><span style=\"font-weight: 400;\">La TVA est un imp\u00f4t d\u00e9terminant pour le fonctionnement de l\u2019Etat car il correspond \u00e0 plus de 50 % des recettes fiscales de l\u2019Etat (soit environ 205 milliards d\u2019euros).<\/span><\/p><p><span style=\"font-weight: 400;\">Comment fonctionne cet imp\u00f4t si particulier qui nous touche tous \u00e0 notre niveau ? <\/span><span style=\"font-weight: 400;\">Comment fonctionne la TVA entre professionnels ?\u00a0<\/span><\/p><h3 style=\"text-align: justify;\"><strong>Sommaire :\u00a0<\/strong><\/h3><p style=\"text-align: justify;\"><a href=\"#1\"><strong>D\u00e9finition de la TVA<\/strong><\/a><br \/><a href=\"#2\"><strong>Les diff\u00e9rents modes de calcul de la TVA<\/strong><\/a><br \/><a href=\"#3\"><strong>Les deux modes de calcul de TVA applicables\u00a0<\/strong><\/a><br \/><a href=\"#4\"><strong>Les diff\u00e9rents r\u00e9gimes de TVA<\/strong><\/a><\/p><div class=\"wp-block-button\" style=\"text-align: center;\">\u00a0<\/div><h2 id=\"1\">D\u00e9finition de la TVA<\/h2><p style=\"text-align: justify;\">La\u00a0TVA ou Taxe sur la Valeur Ajout\u00e9e est une taxe indirecte sur la consommation. Son taux <u>normal<\/u> est de 20%. Il existe diff\u00e9rents taux interm\u00e9diaires pour certains biens sp\u00e9cifiques. Ainsi, sur chaque bien ou service achet\u00e9 une partie correspond \u00e0 de la\u00a0TVA. Celle-ci sera au final revers\u00e9e \u00e0 l\u2019Etat. De ce fait seuls les particuliers la paient r\u00e9ellement. Elle est\u00a0<strong>neutre<\/strong>\u00a0pour les professionnels qui ne sont que des\u00a0<em>collecteurs<\/em>\u00a0de la taxe.<\/p><p style=\"text-align: justify;\"><u>La\u00a0TVA\u00a0est donc neutre pour les professionnels\u00a0: <\/u>mais alors pourquoi la paie-t-on tous les mois ou trimestres ?<\/p><p style=\"text-align: justify;\">Car les professionnels collectent la TVA sur leurs ventes et la d\u00e9duisent sur leurs achats. Ils reversent ensuite la diff\u00e9rence \u00e0 l\u2019Etat.<\/p><p style=\"text-align: justify;\">Ils ne d\u00e9caissent de l\u2019argent que s\u2019ils vendent plus qu\u2019ils n\u2019ach\u00e8tent (donc s\u2019ils gagnent de l\u2019argent \u2013g\u00e9n\u00e8rent de la Valeur Ajout\u00e9e-). Dans le cas contraire ceux-ci auront un <strong>cr\u00e9dit<\/strong> de TVA qui pourra \u00eatre <strong>rembours\u00e9<\/strong> sous certaines conditions.<\/p><p style=\"text-align: justify;\">Les professionnels ne \u00ab\u00a0paient\u00a0\u00bb donc que s\u2019ils gagnent de l\u2019argent. En effet, la TVA n&rsquo;est pas une r\u00e9elle charge pour l\u2019entreprise car ils ne font que reverser de l\u2019argent qui ne leur appartient pas. Ainsi, les produits ou services sont normalement vendus hors taxes mais les clients finaux payent un montant toutes taxes comprises (TTC) plus \u00e9lev\u00e9, la\u00a0TVA est donc r\u00e9gl\u00e9e \u00ab\u00a0en plus\u00a0\u00bb mais ne leur est pas destin\u00e9e.<\/p><p style=\"text-align: justify;\">La solution\u00a0est simple\u00a0: il faut <strong>toujours raisonner avec des montants hors taxes<\/strong>\u00a0(HT) et non pas toutes taxes comprises (TTC).<\/p><p style=\"text-align: justify;\">Votre expert-comptable peut vous aider \u00e0 mieux anticiper et g\u00e9rer vos variations de tr\u00e9sorerie dues au paiement de votre TVA.\u00a0Nh\u00e9sitez pas \u00e0 lui en parler\u00a0!<\/p><h2><b>Mais alors, qui est concern\u00e9 par la TVA\u00a0<\/b><\/h2><p><span style=\"font-weight: 400;\">Lorsque vous avez une activit\u00e9 commerciale, se pose la question du r\u00e9gime d\u2019imposition \u00e0 la TVA entreprise et les diff\u00e9rents seuils qu\u2019il faut retenir. Sachez tout d\u2019abord que toutes les personnes physiques ou morales qui ont la qualit\u00e9 d&rsquo;assujettie sont concern\u00e9es par la TVA.<\/span><\/p><p><b>Assujettie redevable \u00e0 la TVA :\u00a0<\/b><\/p><p><span style=\"font-weight: 400;\">Sont consid\u00e9r\u00e9es comme assujetties les personnes (physique ou morale) qui exercent de mani\u00e8re ind\u00e9pendante une activit\u00e9 \u00e9conomique \u00e0 titre habituel \u00e0 but lucratif. Il peut s\u2019agir d\u2019une op\u00e9ration de vente, de prestation de services, d\u2019importation ou d\u2019acquisition intra-communautaire (AIC).\u00a0<\/span><\/p><p><b>Bon \u00e0 savoir :<\/b><span style=\"font-weight: 400;\"> certaines op\u00e9rations sont, par leur nature, exon\u00e9r\u00e9es de la TVA. Il peut s\u2019agir notamment des soins m\u00e9dicaux et param\u00e9dicaux, des activit\u00e9s d\u2019enseignement, les exportations ou encore les livraisons intracommunautaires<\/span><\/p><h2 id=\"2\">Les diff\u00e9rents modes de calcul de la TVA<\/h2><p style=\"text-align: justify;\">Le principe de calcul de la\u00a0TVA\u00a0est assez simple\u00a0: il s\u2019agit de la diff\u00e9rence entre\u00a0TVA\u00a0collect\u00e9e et\u00a0TVA\u00a0d\u00e9ductible.<\/p><p style=\"text-align: justify;\">La\u00a0TVA\u00a0collect\u00e9e est la\u00a0TVA\u00a0que vous collectez sur vos ventes.<\/p><p style=\"text-align: justify;\">La\u00a0TVA\u00a0d\u00e9ductible est la\u00a0TVA\u00a0que vous pouvez d\u00e9duire sur vos achats.<\/p><p style=\"text-align: justify;\">TVA\u00a0\u00e0 payer =\u00a0TVA\u00a0collect\u00e9e \u2013\u00a0TVA\u00a0d\u00e9ductible<\/p><p style=\"text-align: justify;\"><strong>Attention<\/strong>\u00a0: Si le montant de\u00a0TVA\u00a0d\u00e9ductible est sup\u00e9rieur au montant de\u00a0TVA\u00a0collect\u00e9e, il y a alors un cr\u00e9dit de\u00a0TVA. Vous pouvez alors vous faire rembourser, si celui-ci est sup\u00e9rieur \u00e0 760 euros. S\u2019il ne l\u2019est pas, le cr\u00e9dit est reportable sur le mois ou le trimestre suivant, selon la p\u00e9riodicit\u00e9 de votre\u00a0TVA.<\/p><p style=\"text-align: justify;\"><strong>Calculs pour passer d\u2019un montant HT \u00e0 un montant TTC et l\u2019inverse\u00a0:<\/strong><\/p><p style=\"text-align: justify;\">Montant TTC = montant HT * (1 + taux de\u00a0TVA)<\/p><ul style=\"text-align: justify;\"><li>12 euros TTC = 10 * 1,20<\/li><\/ul><p style=\"text-align: justify;\">Montant HT = montant TTC \/ (1 + taux de\u00a0TVA)<\/p><ul style=\"text-align: justify;\"><li>10 euros HT = 12 \/ 1,2<\/li><\/ul><h2 id=\"3\">Les deux modes de calcul de TVA applicables<\/h2><p style=\"text-align: justify;\">existe deux modes de calcul de\u00a0TVA\u00a0applicables selon votre activit\u00e9\u00a0:<\/p><p style=\"text-align: justify;\">-&gt; La\u00a0TVA\u00a0sur les <strong>encaissements<\/strong> pour les activit\u00e9s de <em>prestation de service<\/em><\/p><p style=\"text-align: justify;\">-&gt; La\u00a0TVA\u00a0sur les <strong>d\u00e9bits<\/strong> pour les activit\u00e9s de <em>vente de biens<\/em><\/p><p style=\"text-align: justify;\">Ainsi pour la\u00a0TVA\u00a0sur les encaissements le professionnel d\u00e9clare et paie la\u00a0TVA\u00a0sur les encaissements qu\u2019il a re\u00e7u au cours de la p\u00e9riode de r\u00e9f\u00e9rence.<\/p><p style=\"text-align: justify;\">Pour la\u00a0TVA\u00a0sur les d\u00e9bits, le professionnel d\u00e9clare et paie la\u00a0TVA\u00a0sur les ventes qu\u2019il a effectu\u00e9 au cours de la p\u00e9riode de r\u00e9f\u00e9rence, qu\u2019il ait encaiss\u00e9 ces montants ou non.<\/p><h2 id=\"4\">Les diff\u00e9rents r\u00e9gimes de TVA<\/h2><p style=\"text-align: justify;\">existe diff\u00e9rents r\u00e9gimes de\u00a0TVA\u00a0applicables, en fonction de votre\u00a0chiffre d\u2019affaires\u00a0ou d\u2019une option \u00e0 choisir.<\/p><p><span style=\"font-weight: 400;\">La franchise en base de TVA correspond \u00e0 ce dispositif permettant aux entreprises d\u2019\u00eatre dispens\u00e9es de la d\u00e9claration et du paiement de la TVA sur les ventes ou les prestations de services qu\u2019elles r\u00e9alisent. A condition de respecter les plafonds de franchise TVA.<\/span><\/p><p><b>A noter qu<\/b><span style=\"font-weight: 400;\">\u2019il est possible pour une soci\u00e9t\u00e9 de refuser d\u2019en b\u00e9n\u00e9ficier de la franchise en base TVA. Elle doit dans ce cas de figure indiquer ce choix, par \u00e9crit, au service des imp\u00f4ts des entreprises (SIE) dont elles d\u00e9pendent.<\/span><\/p><h3 style=\"text-align: justify;\">Franchise en base de\u00a0TVA :<\/h3><p style=\"text-align: justify;\">Valable pour les\u00a0micro-entreprises et micro-entrepreneurs, ce dispositif permet \u00e0 la fois de ne pas facturer de\u00a0TVA\u00a0\u00e0 ses clients mais <strong>ne permet pas de d\u00e9duire<\/strong> de\u00a0TVA\u00a0sur les achats.<\/p><p><span style=\"font-weight: 400;\">Le statut d\u2019auto-entrepreneur entra\u00eene n\u00e9cessairement l\u2019implication de la franchise en base TVA. Cela permet d\u2019\u00e9viter les d\u00e9clarations, mais emp\u00eache de pouvoir d\u00e9duire de la TVA.\u00a0<\/span><\/p><p><span style=\"font-weight: 400;\">Veillez cependant \u00e0 ajouter la mention \u201cTVA non applicable, article 293B du CGI\u201d.<\/span><\/p><p><span style=\"font-weight: 400;\">Il peut \u00e9galement faire le choix de s\u2019affranchir de cette franchise en choisissant le r\u00e9gime r\u00e9el d\u2019imposition, ou \u00eatre oblig\u00e9 de s\u2019en affranchir lorsqu\u2019il d\u00e9passe les seuils de TVA auto-entrepreneur.\u00a0<\/span><\/p><p><span style=\"font-weight: 400;\">Les seuils sont les suivants :<\/span><\/p><p><span style=\"font-weight: 400;\">82 000 euros de chiffre d\u2019affaires concernant la vente de biens<\/span><\/p><p><span style=\"font-weight: 400;\">33 000 euros de chiffre d\u2019affaires concernant la prestation de services<\/span><\/p><h3><b>Les seuils de la franchise en base TVA<\/b><\/h3><p><span style=\"font-weight: 400;\">La franchise en base de TVA va donc s\u2019appliquer automatiquement (de plein droit) pour les entreprises dont le chiffre d\u2019affaires de l\u2019ann\u00e9e pr\u00e9c\u00e9dente ne d\u00e9passe pas le seuil, pour l&rsquo;ann\u00e9e 2020, 2021 et 2022, de :<\/span><\/p><p><span style=\"font-weight: 400;\">&#8211;<\/span><span style=\"font-weight: 400;\">\u00a0 <\/span><span style=\"font-weight: 400;\">85 800 \u20ac pour les op\u00e9rations de ventes de marchandises, objets, fournitures et denr\u00e9es \u00e0 emporter ou \u00e0 consommer sur place, fourniture de logement (hors location meubl\u00e9e, meubl\u00e9 de tourisme, g\u00eete rural et chambre d&rsquo;h\u00f4tes) dit \u201cactivit\u00e9 commerciale et d\u2019h\u00e9bergement\u201d;<\/span><\/p><p><span style=\"font-weight: 400;\">&#8211;<\/span><span style=\"font-weight: 400;\"> \u00a0 \u00a0 \u00a0 <\/span><span style=\"font-weight: 400;\">34 400 \u20ac pour les activit\u00e9s de prestations de services.<\/span><\/p><p><b>Attention :<\/b><span style=\"font-weight: 400;\"> la franchise en base de TVA va prendre en compte le chiffre d\u2019affaires r\u00e9alis\u00e9 l\u2019ann\u00e9e pr\u00e9c\u00e9dente (l\u2019ann\u00e9e N-1).\u00a0<\/span><\/p><p><span style=\"font-weight: 400;\">S\u2019agissant du seuil franchise TVA 2023, 2024 et 2025, le montant est 91 900 \u20ac pour les op\u00e9rations de ventes, de 36 800 \u20ac pour les prestations de services et reste inchang\u00e9 pour les avocats et les auteurs et artistes-interpr\u00e8tes.<\/span><\/p><p><span style=\"font-weight: 400;\">Prenons par exemple l\u2019exemple suivant. Vous avez r\u00e9alis\u00e9 un chiffre d\u2019affaires de 68 000 \u20ac pour l\u2019ann\u00e9e 2022 (N-1) vous pouvez b\u00e9n\u00e9ficier de la franchise en base TVA en 2023 (votre chiffre d\u2019affaires \u00e9tant inf\u00e9rieur \u00e0 91 900 \u20ac).<\/span><\/p><p><b>A noter que<\/b><span style=\"font-weight: 400;\"> certaines professions vont b\u00e9n\u00e9ficier de seuils sp\u00e9ciaux, de par la nature de l\u2019activit\u00e9 (seuil TVA avocat, auteurs d&rsquo;\u0153uvres de l\u2019esprit et artiste-interpr\u00e8tes), \u00e0 savoir d\u2019un seuil de 44 500 \u20ac.\u00a0<\/span><\/p><h3><b>A quoi sert le fait de b\u00e9n\u00e9ficier d\u2019une franchise en base TVA ?\u00a0<\/b><\/h3><p><span style=\"font-weight: 400;\">La question peut se poser de la pertinence d\u2019une franchise base TVA, notamment au regard du seuil TVA micro entreprise ou du seuil TVA entrepreneur ou de la nature de l\u2019activit\u00e9 de la soci\u00e9t\u00e9 et les clients vis\u00e9s (associations ou particuliers).\u00a0<\/span><\/p><p><span style=\"font-weight: 400;\">Les personnes b\u00e9n\u00e9ficiant de la franchise en base de TVA n\u2019ont par cons\u00e9quent <\/span><b>pas d\u2019obligations d\u00e9claratives<\/b><span style=\"font-weight: 400;\"> concernant la TVA. En d\u2019autres termes, elles sont exempt\u00e9es de d\u00e9poser des d\u00e9clarations et n\u2019ont pas de formalit\u00e9 \u00e0 r\u00e9diger quant au reversement de la TVA et ne verront pas leur prix augmenter.\u00a0<\/span><\/p><p><span style=\"font-weight: 400;\">Autre cons\u00e9quence, ces personnes b\u00e9n\u00e9ficiaires de la franchise en base TVA ne peuvent pas d\u00e9duire de TVA ni pratiquer de TVA factur\u00e9e.<\/span><\/p><p style=\"text-align: justify;\"><b>Bon \u00e0 savoir : <\/b><span style=\"font-weight: 400;\">il faut toutefois inscrire sur toutes les factures adress\u00e9es aux clients la mention \u201cTVA non applicable, article 293 B du Code G\u00e9n\u00e9ral des Imp\u00f4ts (CGI). \u201c.<\/span><\/p><h3 style=\"text-align: justify;\">R\u00e9gime du r\u00e9el simplifi\u00e9\u00a0:<\/h3><p style=\"text-align: justify;\">Le paiement de la\u00a0TVA\u00a0se fait sous la forme de deux acomptes semestriels effectu\u00e9s en juillet en d\u00e9cembre de chaque ann\u00e9e, et fait l\u2019objet d\u2019une r\u00e9gularisation au plus tard en mai de l\u2019ann\u00e9e suivante.<\/p><p style=\"text-align: justify;\">Les acomptes sont calcul\u00e9s sur la base de la\u00a0TVA\u00a0pay\u00e9e l\u2019ann\u00e9e pr\u00e9c\u00e9dente. Pour la premi\u00e8re ann\u00e9e, les deux acomptes sont librement fix\u00e9s par le chef d\u2019entreprise en fonction de l\u2019activit\u00e9 de son entreprise sur les premiers mois de l\u2019ann\u00e9e. Il est toutefois conseill\u00e9 de calculer le montant r\u00e9ellement du afin de ne pas d\u00e9caisser de montant trop important en fin d\u2019ann\u00e9e.<\/p><p style=\"text-align: justify;\">Les seuils sont les suivants\u00a0:<\/p><p style=\"text-align: justify;\">Entre 82 000 et 783 000 de\u00a0chiffre d\u2019affaires\u00a0concernant la vente de biens<\/p><p style=\"text-align: justify;\">Entre 32 000 et 236 000 de\u00a0chiffre d\u2019affaires\u00a0concernant la prestation de services<\/p><h3 style=\"text-align: justify;\">R\u00e9gime du r\u00e9el normal\u00a0:<\/h3><p style=\"text-align: justify;\">La d\u00e9claration et le paiement de la\u00a0TVA\u00a0sont effectu\u00e9s de fa\u00e7on mensuelle sur une base r\u00e9elle.<\/p><p style=\"text-align: justify;\">Si la\u00a0TVA\u00a0annuellement pay\u00e9e est inf\u00e9rieure \u00e0 4000 euros, la d\u00e9claration et le paiement peuvent \u00eatre effectu\u00e9s de mani\u00e8re trimestrielle.<\/p><p style=\"text-align: justify;\">Les seuils sont les suivants\u00a0:<\/p><p style=\"text-align: justify;\">Au-del\u00e0 de 783 000 de\u00a0chiffre d\u2019affaires\u00a0concernant la vente de biens<\/p><p style=\"text-align: justify;\">Au-del\u00e0 de 236 000 de\u00a0chiffre d\u2019affaires\u00a0concernant la prestation de services<\/p><p style=\"text-align: justify;\">A noter qu\u2019il est possible d\u2019opter pour le r\u00e9gime du r\u00e9el simplifi\u00e9 lorsque l\u2019on est en franchise en base de\u00a0TVA, et d\u2019opter pour le r\u00e9gime du r\u00e9el normal lorsque l\u2019on est soumis au r\u00e9el simplifi\u00e9.<\/p><p style=\"text-align: justify;\">Le contraire n\u2019est en revanche pas possible, vous pouvez vous adresser \u00e0 votre <a href=\"https:\/\/www.legalvision.fr\/contactez-nous\/\">expert-comptable pour plus de pr\u00e9cisions et savoir ce que vous \u00eates en mesure de faire ou non.<\/a><\/p><div class=\"wp-block-button\" style=\"text-align: center;\"><a class=\"wp-block-button__link has-background\" href=\"https:\/\/www.legalvision.fr\/tous-les-services\/\">Voir les services LegalVision<\/a><\/div>\t\t\t\t\t\t\t\t<\/div>\n\t\t\t\t<\/div>\n\t\t\t\t\t<\/div>\n\t\t\t\t<\/div>\n\t\t\t\t<\/div>\n\t\t","protected":false},"excerpt":{"rendered":"<p>De nombreux professionnels se plaignent de la TVA car elle leur co\u00fbterait \u00ab trop cher \u00bb. Seulement cet imp\u00f4t est en r\u00e9alit\u00e9 neutre pour ceux-ci, seuls les particuliers la payent en r\u00e9alit\u00e9. La TVA est un imp\u00f4t d\u00e9terminant pour le fonctionnement de l\u2019Etat car il correspond \u00e0 plus de 50 % des recettes fiscales de&hellip; <a class=\"more-link\" href=\"https:\/\/www.legalvision.fr\/guides-juridiques\/comptabilite\/la-tva-en-pratique\/\">Poursuivre la lecture <span class=\"screen-reader-text\">Comment fonctionne la TVA pour les entreprises ?<\/span><\/a><\/p>\n","protected":false},"author":4,"featured_media":800,"comment_status":"open","ping_status":"open","sticky":false,"template":"","format":"standard","meta":{"content-type":"","inline_featured_image":false,"footnotes":""},"categories":[2480],"tags":[],"class_list":["post-724","post","type-post","status-publish","format-standard","has-post-thumbnail","hentry","category-comptabilite","entry"],"yoast_head":"<!-- This site is optimized with the Yoast SEO plugin v27.1.1 - https:\/\/yoast.com\/product\/yoast-seo-wordpress\/ -->\n<title>Comment fonctionne la TVA pour les entreprises ? - Guides juridiques<\/title>\n<meta name=\"description\" content=\"De nombreux professionnels se plaignent de la TVA. Cependant, cet imp\u00f4t est en r\u00e9alit\u00e9 neutre pour ceux-ci, seuls les particuliers la payent en r\u00e9alit\u00e9.\" \/>\n<meta name=\"robots\" content=\"index, follow, max-snippet:-1, max-image-preview:large, max-video-preview:-1\" \/>\n<link rel=\"canonical\" href=\"https:\/\/www.legalvision.fr\/guides-juridiques\/comptabilite\/la-tva-en-pratique\/\" \/>\n<meta property=\"og:locale\" content=\"fr_FR\" \/>\n<meta property=\"og:type\" content=\"article\" \/>\n<meta property=\"og:title\" content=\"Comment fonctionne la TVA pour les entreprises ? - Guides juridiques\" \/>\n<meta property=\"og:description\" content=\"De nombreux professionnels se plaignent de la TVA. Cependant, cet imp\u00f4t est en r\u00e9alit\u00e9 neutre pour ceux-ci, seuls les particuliers la payent en r\u00e9alit\u00e9.\" \/>\n<meta property=\"og:url\" content=\"https:\/\/www.legalvision.fr\/guides-juridiques\/comptabilite\/la-tva-en-pratique\/\" \/>\n<meta property=\"og:site_name\" content=\"Guides juridiques\" \/>\n<meta property=\"article:author\" content=\"https:\/\/www.facebook.com\/legalvision.fr\/\" \/>\n<meta property=\"article:published_time\" content=\"2017-05-09T12:13:18+00:00\" \/>\n<meta property=\"article:modified_time\" content=\"2024-04-05T15:12:22+00:00\" \/>\n<meta property=\"og:image\" content=\"https:\/\/www.legalvision.fr\/guides-juridiques\/wp-content\/uploads\/2017\/05\/la-TVA.jpg\" \/>\n\t<meta property=\"og:image:width\" content=\"958\" \/>\n\t<meta property=\"og:image:height\" content=\"350\" \/>\n\t<meta property=\"og:image:type\" content=\"image\/jpeg\" \/>\n<meta name=\"author\" content=\"Paola Bourd\" \/>\n<meta name=\"twitter:card\" content=\"summary_large_image\" \/>\n<meta name=\"twitter:creator\" content=\"@https:\/\/twitter.com\/Legalvision_fr\" \/>\n<meta name=\"twitter:label1\" content=\"\u00c9crit par\" \/>\n\t<meta name=\"twitter:data1\" content=\"Paola Bourd\" \/>\n\t<meta name=\"twitter:label2\" content=\"Dur\u00e9e de lecture estim\u00e9e\" \/>\n\t<meta name=\"twitter:data2\" content=\"9 minutes\" \/>\n<script type=\"application\/ld+json\" class=\"yoast-schema-graph\">{\"@context\":\"https:\/\/schema.org\",\"@graph\":[{\"@type\":\"Article\",\"@id\":\"https:\/\/www.legalvision.fr\/guides-juridiques\/comptabilite\/la-tva-en-pratique\/#article\",\"isPartOf\":{\"@id\":\"https:\/\/www.legalvision.fr\/guides-juridiques\/comptabilite\/la-tva-en-pratique\/\"},\"author\":{\"name\":\"Paola Bourd\",\"@id\":\"https:\/\/www.legalvision.fr\/guides-juridiques\/#\/schema\/person\/77b6c0c34a728c9d3962c49775e58edf\"},\"headline\":\"Comment fonctionne la TVA pour les entreprises ?\",\"datePublished\":\"2017-05-09T12:13:18+00:00\",\"dateModified\":\"2024-04-05T15:12:22+00:00\",\"mainEntityOfPage\":{\"@id\":\"https:\/\/www.legalvision.fr\/guides-juridiques\/comptabilite\/la-tva-en-pratique\/\"},\"wordCount\":1861,\"commentCount\":14,\"publisher\":{\"@id\":\"https:\/\/www.legalvision.fr\/guides-juridiques\/#organization\"},\"image\":{\"@id\":\"https:\/\/www.legalvision.fr\/guides-juridiques\/comptabilite\/la-tva-en-pratique\/#primaryimage\"},\"thumbnailUrl\":\"https:\/\/www.legalvision.fr\/guides-juridiques\/wp-content\/uploads\/2017\/05\/la-TVA.jpg\",\"articleSection\":[\"Comptabilit\u00e9\"],\"inLanguage\":\"fr-FR\",\"potentialAction\":[{\"@type\":\"CommentAction\",\"name\":\"Comment\",\"target\":[\"https:\/\/www.legalvision.fr\/guides-juridiques\/comptabilite\/la-tva-en-pratique\/#respond\"]}]},{\"@type\":\"WebPage\",\"@id\":\"https:\/\/www.legalvision.fr\/guides-juridiques\/comptabilite\/la-tva-en-pratique\/\",\"url\":\"https:\/\/www.legalvision.fr\/guides-juridiques\/comptabilite\/la-tva-en-pratique\/\",\"name\":\"Comment fonctionne la TVA pour les entreprises ? - Guides juridiques\",\"isPartOf\":{\"@id\":\"https:\/\/www.legalvision.fr\/guides-juridiques\/#website\"},\"primaryImageOfPage\":{\"@id\":\"https:\/\/www.legalvision.fr\/guides-juridiques\/comptabilite\/la-tva-en-pratique\/#primaryimage\"},\"image\":{\"@id\":\"https:\/\/www.legalvision.fr\/guides-juridiques\/comptabilite\/la-tva-en-pratique\/#primaryimage\"},\"thumbnailUrl\":\"https:\/\/www.legalvision.fr\/guides-juridiques\/wp-content\/uploads\/2017\/05\/la-TVA.jpg\",\"datePublished\":\"2017-05-09T12:13:18+00:00\",\"dateModified\":\"2024-04-05T15:12:22+00:00\",\"description\":\"De nombreux professionnels se plaignent de la TVA. Cependant, cet imp\u00f4t est en r\u00e9alit\u00e9 neutre pour ceux-ci, seuls les particuliers la payent en r\u00e9alit\u00e9.\",\"breadcrumb\":{\"@id\":\"https:\/\/www.legalvision.fr\/guides-juridiques\/comptabilite\/la-tva-en-pratique\/#breadcrumb\"},\"inLanguage\":\"fr-FR\",\"potentialAction\":[{\"@type\":\"ReadAction\",\"target\":[\"https:\/\/www.legalvision.fr\/guides-juridiques\/comptabilite\/la-tva-en-pratique\/\"]}]},{\"@type\":\"ImageObject\",\"inLanguage\":\"fr-FR\",\"@id\":\"https:\/\/www.legalvision.fr\/guides-juridiques\/comptabilite\/la-tva-en-pratique\/#primaryimage\",\"url\":\"https:\/\/www.legalvision.fr\/guides-juridiques\/wp-content\/uploads\/2017\/05\/la-TVA.jpg\",\"contentUrl\":\"https:\/\/www.legalvision.fr\/guides-juridiques\/wp-content\/uploads\/2017\/05\/la-TVA.jpg\",\"width\":958,\"height\":350,\"caption\":\"la TVA pour les entreprises\"},{\"@type\":\"BreadcrumbList\",\"@id\":\"https:\/\/www.legalvision.fr\/guides-juridiques\/comptabilite\/la-tva-en-pratique\/#breadcrumb\",\"itemListElement\":[{\"@type\":\"ListItem\",\"position\":1,\"name\":\"Accueil\",\"item\":\"https:\/\/www.legalvision.fr\/guides-juridiques\/\"},{\"@type\":\"ListItem\",\"position\":2,\"name\":\"Comptabilit\u00e9\",\"item\":\"https:\/\/www.legalvision.fr\/guides-juridiques\/comptabilite\/\"},{\"@type\":\"ListItem\",\"position\":3,\"name\":\"Comment fonctionne la TVA pour les entreprises ?\"}]},{\"@type\":\"WebSite\",\"@id\":\"https:\/\/www.legalvision.fr\/guides-juridiques\/#website\",\"url\":\"https:\/\/www.legalvision.fr\/guides-juridiques\/\",\"name\":\"Guides juridiques\",\"description\":\"L&#039;information juridique \u00e0 destination des entreprises et TPE\",\"publisher\":{\"@id\":\"https:\/\/www.legalvision.fr\/guides-juridiques\/#organization\"},\"potentialAction\":[{\"@type\":\"SearchAction\",\"target\":{\"@type\":\"EntryPoint\",\"urlTemplate\":\"https:\/\/www.legalvision.fr\/guides-juridiques\/?s={search_term_string}\"},\"query-input\":{\"@type\":\"PropertyValueSpecification\",\"valueRequired\":true,\"valueName\":\"search_term_string\"}}],\"inLanguage\":\"fr-FR\"},{\"@type\":\"Organization\",\"@id\":\"https:\/\/www.legalvision.fr\/guides-juridiques\/#organization\",\"name\":\"Guides juridiques\",\"url\":\"https:\/\/www.legalvision.fr\/guides-juridiques\/\",\"logo\":{\"@type\":\"ImageObject\",\"inLanguage\":\"fr-FR\",\"@id\":\"https:\/\/www.legalvision.fr\/guides-juridiques\/#\/schema\/logo\/image\/\",\"url\":\"https:\/\/www.legalvision.fr\/guides-juridiques\/wp-content\/uploads\/2022\/10\/LV-Logotype.png\",\"contentUrl\":\"https:\/\/www.legalvision.fr\/guides-juridiques\/wp-content\/uploads\/2022\/10\/LV-Logotype.png\",\"width\":647,\"height\":125,\"caption\":\"Guides juridiques\"},\"image\":{\"@id\":\"https:\/\/www.legalvision.fr\/guides-juridiques\/#\/schema\/logo\/image\/\"}},{\"@type\":\"Person\",\"@id\":\"https:\/\/www.legalvision.fr\/guides-juridiques\/#\/schema\/person\/77b6c0c34a728c9d3962c49775e58edf\",\"name\":\"Paola Bourd\",\"image\":{\"@type\":\"ImageObject\",\"inLanguage\":\"fr-FR\",\"@id\":\"https:\/\/www.legalvision.fr\/guides-juridiques\/#\/schema\/person\/image\/\",\"url\":\"https:\/\/secure.gravatar.com\/avatar\/2192a621346f4ee03fcfa490efe7857a25414b5518ff9b25761bdd9bc968f2f9?s=96&d=mm&r=g\",\"contentUrl\":\"https:\/\/secure.gravatar.com\/avatar\/2192a621346f4ee03fcfa490efe7857a25414b5518ff9b25761bdd9bc968f2f9?s=96&d=mm&r=g\",\"caption\":\"Paola Bourd\"},\"description\":\"Apr\u00e8s 4 ans de droit Paola s'est reconvertie dans le marketing digital et travaille d\u00e9sormais dans la start-up LegalVision, le service de formalit\u00e9s juridiques en ligne. Passionn\u00e9e par le digital et de droit, elle publie des articles sur l'entrepreneuriat et le droit des soci\u00e9t\u00e9s.\",\"sameAs\":[\"https:\/\/www.legalvision.fr\/\",\"https:\/\/www.facebook.com\/legalvision.fr\/\",\"https:\/\/www.instagram.com\/legalvision.fr\/\",\"https:\/\/www.linkedin.com\/company\/legalvision-fr\/\",\"https:\/\/x.com\/https:\/\/twitter.com\/Legalvision_fr\"],\"url\":\"https:\/\/www.legalvision.fr\/guides-juridiques\/author\/paola\/\"}]}<\/script>\n<!-- \/ Yoast SEO plugin. -->","yoast_head_json":{"title":"Comment fonctionne la TVA pour les entreprises ? - Guides juridiques","description":"De nombreux professionnels se plaignent de la TVA. Cependant, cet imp\u00f4t est en r\u00e9alit\u00e9 neutre pour ceux-ci, seuls les particuliers la payent en r\u00e9alit\u00e9.","robots":{"index":"index","follow":"follow","max-snippet":"max-snippet:-1","max-image-preview":"max-image-preview:large","max-video-preview":"max-video-preview:-1"},"canonical":"https:\/\/www.legalvision.fr\/guides-juridiques\/comptabilite\/la-tva-en-pratique\/","og_locale":"fr_FR","og_type":"article","og_title":"Comment fonctionne la TVA pour les entreprises ? - Guides juridiques","og_description":"De nombreux professionnels se plaignent de la TVA. Cependant, cet imp\u00f4t est en r\u00e9alit\u00e9 neutre pour ceux-ci, seuls les particuliers la payent en r\u00e9alit\u00e9.","og_url":"https:\/\/www.legalvision.fr\/guides-juridiques\/comptabilite\/la-tva-en-pratique\/","og_site_name":"Guides juridiques","article_author":"https:\/\/www.facebook.com\/legalvision.fr\/","article_published_time":"2017-05-09T12:13:18+00:00","article_modified_time":"2024-04-05T15:12:22+00:00","og_image":[{"width":958,"height":350,"url":"https:\/\/www.legalvision.fr\/guides-juridiques\/wp-content\/uploads\/2017\/05\/la-TVA.jpg","type":"image\/jpeg"}],"author":"Paola Bourd","twitter_card":"summary_large_image","twitter_creator":"@https:\/\/twitter.com\/Legalvision_fr","twitter_misc":{"\u00c9crit par":"Paola Bourd","Dur\u00e9e de lecture estim\u00e9e":"9 minutes"},"schema":{"@context":"https:\/\/schema.org","@graph":[{"@type":"Article","@id":"https:\/\/www.legalvision.fr\/guides-juridiques\/comptabilite\/la-tva-en-pratique\/#article","isPartOf":{"@id":"https:\/\/www.legalvision.fr\/guides-juridiques\/comptabilite\/la-tva-en-pratique\/"},"author":{"name":"Paola Bourd","@id":"https:\/\/www.legalvision.fr\/guides-juridiques\/#\/schema\/person\/77b6c0c34a728c9d3962c49775e58edf"},"headline":"Comment fonctionne la TVA pour les entreprises ?","datePublished":"2017-05-09T12:13:18+00:00","dateModified":"2024-04-05T15:12:22+00:00","mainEntityOfPage":{"@id":"https:\/\/www.legalvision.fr\/guides-juridiques\/comptabilite\/la-tva-en-pratique\/"},"wordCount":1861,"commentCount":14,"publisher":{"@id":"https:\/\/www.legalvision.fr\/guides-juridiques\/#organization"},"image":{"@id":"https:\/\/www.legalvision.fr\/guides-juridiques\/comptabilite\/la-tva-en-pratique\/#primaryimage"},"thumbnailUrl":"https:\/\/www.legalvision.fr\/guides-juridiques\/wp-content\/uploads\/2017\/05\/la-TVA.jpg","articleSection":["Comptabilit\u00e9"],"inLanguage":"fr-FR","potentialAction":[{"@type":"CommentAction","name":"Comment","target":["https:\/\/www.legalvision.fr\/guides-juridiques\/comptabilite\/la-tva-en-pratique\/#respond"]}]},{"@type":"WebPage","@id":"https:\/\/www.legalvision.fr\/guides-juridiques\/comptabilite\/la-tva-en-pratique\/","url":"https:\/\/www.legalvision.fr\/guides-juridiques\/comptabilite\/la-tva-en-pratique\/","name":"Comment fonctionne la TVA pour les entreprises ? - Guides juridiques","isPartOf":{"@id":"https:\/\/www.legalvision.fr\/guides-juridiques\/#website"},"primaryImageOfPage":{"@id":"https:\/\/www.legalvision.fr\/guides-juridiques\/comptabilite\/la-tva-en-pratique\/#primaryimage"},"image":{"@id":"https:\/\/www.legalvision.fr\/guides-juridiques\/comptabilite\/la-tva-en-pratique\/#primaryimage"},"thumbnailUrl":"https:\/\/www.legalvision.fr\/guides-juridiques\/wp-content\/uploads\/2017\/05\/la-TVA.jpg","datePublished":"2017-05-09T12:13:18+00:00","dateModified":"2024-04-05T15:12:22+00:00","description":"De nombreux professionnels se plaignent de la TVA. Cependant, cet imp\u00f4t est en r\u00e9alit\u00e9 neutre pour ceux-ci, seuls les particuliers la payent en r\u00e9alit\u00e9.","breadcrumb":{"@id":"https:\/\/www.legalvision.fr\/guides-juridiques\/comptabilite\/la-tva-en-pratique\/#breadcrumb"},"inLanguage":"fr-FR","potentialAction":[{"@type":"ReadAction","target":["https:\/\/www.legalvision.fr\/guides-juridiques\/comptabilite\/la-tva-en-pratique\/"]}]},{"@type":"ImageObject","inLanguage":"fr-FR","@id":"https:\/\/www.legalvision.fr\/guides-juridiques\/comptabilite\/la-tva-en-pratique\/#primaryimage","url":"https:\/\/www.legalvision.fr\/guides-juridiques\/wp-content\/uploads\/2017\/05\/la-TVA.jpg","contentUrl":"https:\/\/www.legalvision.fr\/guides-juridiques\/wp-content\/uploads\/2017\/05\/la-TVA.jpg","width":958,"height":350,"caption":"la TVA pour les entreprises"},{"@type":"BreadcrumbList","@id":"https:\/\/www.legalvision.fr\/guides-juridiques\/comptabilite\/la-tva-en-pratique\/#breadcrumb","itemListElement":[{"@type":"ListItem","position":1,"name":"Accueil","item":"https:\/\/www.legalvision.fr\/guides-juridiques\/"},{"@type":"ListItem","position":2,"name":"Comptabilit\u00e9","item":"https:\/\/www.legalvision.fr\/guides-juridiques\/comptabilite\/"},{"@type":"ListItem","position":3,"name":"Comment fonctionne la TVA pour les entreprises ?"}]},{"@type":"WebSite","@id":"https:\/\/www.legalvision.fr\/guides-juridiques\/#website","url":"https:\/\/www.legalvision.fr\/guides-juridiques\/","name":"Guides juridiques","description":"L&#039;information juridique \u00e0 destination des entreprises et TPE","publisher":{"@id":"https:\/\/www.legalvision.fr\/guides-juridiques\/#organization"},"potentialAction":[{"@type":"SearchAction","target":{"@type":"EntryPoint","urlTemplate":"https:\/\/www.legalvision.fr\/guides-juridiques\/?s={search_term_string}"},"query-input":{"@type":"PropertyValueSpecification","valueRequired":true,"valueName":"search_term_string"}}],"inLanguage":"fr-FR"},{"@type":"Organization","@id":"https:\/\/www.legalvision.fr\/guides-juridiques\/#organization","name":"Guides juridiques","url":"https:\/\/www.legalvision.fr\/guides-juridiques\/","logo":{"@type":"ImageObject","inLanguage":"fr-FR","@id":"https:\/\/www.legalvision.fr\/guides-juridiques\/#\/schema\/logo\/image\/","url":"https:\/\/www.legalvision.fr\/guides-juridiques\/wp-content\/uploads\/2022\/10\/LV-Logotype.png","contentUrl":"https:\/\/www.legalvision.fr\/guides-juridiques\/wp-content\/uploads\/2022\/10\/LV-Logotype.png","width":647,"height":125,"caption":"Guides juridiques"},"image":{"@id":"https:\/\/www.legalvision.fr\/guides-juridiques\/#\/schema\/logo\/image\/"}},{"@type":"Person","@id":"https:\/\/www.legalvision.fr\/guides-juridiques\/#\/schema\/person\/77b6c0c34a728c9d3962c49775e58edf","name":"Paola Bourd","image":{"@type":"ImageObject","inLanguage":"fr-FR","@id":"https:\/\/www.legalvision.fr\/guides-juridiques\/#\/schema\/person\/image\/","url":"https:\/\/secure.gravatar.com\/avatar\/2192a621346f4ee03fcfa490efe7857a25414b5518ff9b25761bdd9bc968f2f9?s=96&d=mm&r=g","contentUrl":"https:\/\/secure.gravatar.com\/avatar\/2192a621346f4ee03fcfa490efe7857a25414b5518ff9b25761bdd9bc968f2f9?s=96&d=mm&r=g","caption":"Paola Bourd"},"description":"Apr\u00e8s 4 ans de droit Paola s'est reconvertie dans le marketing digital et travaille d\u00e9sormais dans la start-up LegalVision, le service de formalit\u00e9s juridiques en ligne. Passionn\u00e9e par le digital et de droit, elle publie des articles sur l'entrepreneuriat et le droit des soci\u00e9t\u00e9s.","sameAs":["https:\/\/www.legalvision.fr\/","https:\/\/www.facebook.com\/legalvision.fr\/","https:\/\/www.instagram.com\/legalvision.fr\/","https:\/\/www.linkedin.com\/company\/legalvision-fr\/","https:\/\/x.com\/https:\/\/twitter.com\/Legalvision_fr"],"url":"https:\/\/www.legalvision.fr\/guides-juridiques\/author\/paola\/"}]}},"_links":{"self":[{"href":"https:\/\/www.legalvision.fr\/guides-juridiques\/wp-json\/wp\/v2\/posts\/724","targetHints":{"allow":["GET"]}}],"collection":[{"href":"https:\/\/www.legalvision.fr\/guides-juridiques\/wp-json\/wp\/v2\/posts"}],"about":[{"href":"https:\/\/www.legalvision.fr\/guides-juridiques\/wp-json\/wp\/v2\/types\/post"}],"author":[{"embeddable":true,"href":"https:\/\/www.legalvision.fr\/guides-juridiques\/wp-json\/wp\/v2\/users\/4"}],"replies":[{"embeddable":true,"href":"https:\/\/www.legalvision.fr\/guides-juridiques\/wp-json\/wp\/v2\/comments?post=724"}],"version-history":[{"count":4,"href":"https:\/\/www.legalvision.fr\/guides-juridiques\/wp-json\/wp\/v2\/posts\/724\/revisions"}],"predecessor-version":[{"id":45460,"href":"https:\/\/www.legalvision.fr\/guides-juridiques\/wp-json\/wp\/v2\/posts\/724\/revisions\/45460"}],"wp:featuredmedia":[{"embeddable":true,"href":"https:\/\/www.legalvision.fr\/guides-juridiques\/wp-json\/wp\/v2\/media\/800"}],"wp:attachment":[{"href":"https:\/\/www.legalvision.fr\/guides-juridiques\/wp-json\/wp\/v2\/media?parent=724"}],"wp:term":[{"taxonomy":"category","embeddable":true,"href":"https:\/\/www.legalvision.fr\/guides-juridiques\/wp-json\/wp\/v2\/categories?post=724"},{"taxonomy":"post_tag","embeddable":true,"href":"https:\/\/www.legalvision.fr\/guides-juridiques\/wp-json\/wp\/v2\/tags?post=724"}],"curies":[{"name":"wp","href":"https:\/\/api.w.org\/{rel}","templated":true}]}}