{"id":6789,"date":"2018-08-07T07:30:52","date_gmt":"2018-08-07T06:30:52","guid":{"rendered":"https:\/\/blog.legalvision.fr\/?p=6789"},"modified":"2023-10-17T16:13:01","modified_gmt":"2023-10-17T14:13:01","slug":"reactiver-une-societe-radiee","status":"publish","type":"post","link":"https:\/\/www.legalvision.fr\/guides-juridiques\/gerer-une-entreprise\/reactiver-une-societe-radiee\/","title":{"rendered":"R\u00e9activer une soci\u00e9t\u00e9 radi\u00e9e sur d\u00e9cision d&rsquo;office du greffe"},"content":{"rendered":"\t\t<div data-elementor-type=\"wp-post\" data-elementor-id=\"6789\" class=\"elementor elementor-6789\" data-elementor-post-type=\"post\">\n\t\t\t\t<div data-particle_enable=\"false\" data-particle-mobile-disabled=\"false\" class=\"elementor-element elementor-element-dac515d e-flex e-con-boxed e-con e-parent\" data-id=\"dac515d\" data-element_type=\"container\" data-e-type=\"container\">\n\t\t\t\t\t<div class=\"e-con-inner\">\n\t\t\t\t<div class=\"elementor-element elementor-element-bfca2f8 elementor-widget elementor-widget-text-editor\" data-id=\"bfca2f8\" data-element_type=\"widget\" data-e-type=\"widget\" data-widget_type=\"text-editor.default\">\n\t\t\t\t<div class=\"elementor-widget-container\">\n\t\t\t\t\t\t\t\t\t<p style=\"line-height: var(--wp--typography--line-height,var(--global--line-height-body)); font-family: var(--e-global-typography-primary-font-family);\">L&rsquo;existence juridique d&rsquo;une soci\u00e9t\u00e9 est li\u00e9e \u00e0 son immatriculation. En effet, c&rsquo;est l&rsquo;immatriculation qui donne \u00e0 la soci\u00e9t\u00e9 sa personnalit\u00e9 morale, et donc son existence juridique. Ainsi, la perte de la personnalit\u00e9 morale intervient \u00e0 l&rsquo;occasion de la radiation de la soci\u00e9t\u00e9. Or, il existe des circonstances de radiation d&rsquo;office d&rsquo;une soci\u00e9t\u00e9.\u00a0<\/p><p style=\"line-height: var(--wp--typography--line-height,var(--global--line-height-body)); font-family: var(--e-global-typography-primary-font-family);\">Il s&rsquo;agit l\u00e0 d&rsquo;une sanction administrative, qui ne prive pas la soci\u00e9t\u00e9 de sa personnalit\u00e9 morale et ne la d\u00e9charge d&rsquo;aucune de ses obligations ni d&rsquo;aucun de ses engagements. Toutefois, il reste possible de\u00a0<span style=\"font-weight: bold;\">r\u00e9activer une soci\u00e9t\u00e9 radi\u00e9e<\/span>. En effet, il existe une proc\u00e9dure de rapport de radiation. N\u00e9anmoins, il reste des situations o\u00f9 le rapport de radiation n&rsquo;est pas possible. Pour celles-l\u00e0, il faudra proc\u00e9der \u00e0 une r\u00e9-immatriculation d&rsquo;une soci\u00e9t\u00e9 radi\u00e9e d&rsquo;office.<\/p><h2>\u00a0<\/h2><h2 style=\"font-family: Montserrat, sans-serif; font-weight: var( --e-global-typography-secondary-font-weight ); font-size: var( --e-global-typography-secondary-font-size ); letter-spacing: normal; line-height: var( --e-global-typography-secondary-line-height ); text-transform: none; font-style: normal; text-decoration-thickness: initial; text-decoration-style: initial; text-decoration-color: initial;\">Comment r\u00e9activer une soci\u00e9t\u00e9 radi\u00e9e d&rsquo;office ?<\/h2><ol style=\"padding-left: calc(2 * var(--global--spacing-horizontal)); font-family: var(--e-global-typography-primary-font-family);\"><li style=\"font-family: var(--e-global-typography-primary-font-family); list-style-type: none;\"><br \/><ol style=\"padding-left: calc(2 * var(--global--spacing-horizontal)); font-family: var(--e-global-typography-primary-font-family);\"><li style=\"font-family: var(--e-global-typography-primary-font-family);\"><a href=\"https:\/\/www.legalvision.fr\/guides-juridiques\/?p=6789&amp;elementor-preview=6789&amp;ver=1697551808#r%C3%A9activer-soci%C3%A9t%C3%A9-mise-en-sommeil\">R\u00e9activer une soci\u00e9t\u00e9 mise en sommeil<\/a><\/li><li style=\"font-family: var(--e-global-typography-primary-font-family);\"><a href=\"https:\/\/www.legalvision.fr\/guides-juridiques\/?p=6789&amp;elementor-preview=6789&amp;ver=1697551808#raisons-radiation-office\">Pourquoi une soci\u00e9t\u00e9 est radi\u00e9e d&rsquo;office ?<\/a><\/li><li style=\"font-family: var(--e-global-typography-primary-font-family);\"><a href=\"https:\/\/www.legalvision.fr\/guides-juridiques\/?p=6789&amp;elementor-preview=6789&amp;ver=1697551808#r%C3%A9activer-soci%C3%A9t%C3%A9-radi%C3%A9e\">Comment r\u00e9activer une soci\u00e9t\u00e9 qui a \u00e9t\u00e9 radi\u00e9e ?<\/a><\/li><\/ol><\/li><\/ol><div><span style=\"font-family: Montserrat;\">\u00a0<\/span><\/div>\t\t\t\t\t\t\t\t<\/div>\n\t\t\t\t<\/div>\n\t\t\t\t\t<\/div>\n\t\t\t\t<\/div>\n\t\t<div data-particle_enable=\"false\" data-particle-mobile-disabled=\"false\" class=\"elementor-element elementor-element-34997c8c e-flex e-con-boxed e-con e-parent\" data-id=\"34997c8c\" data-element_type=\"container\" data-e-type=\"container\">\n\t\t\t\t\t<div class=\"e-con-inner\">\n\t\t\t\t<div class=\"elementor-element elementor-element-6b74edc6 elementor-widget elementor-widget-heading\" data-id=\"6b74edc6\" data-element_type=\"widget\" data-e-type=\"widget\" data-widget_type=\"heading.default\">\n\t\t\t\t<div class=\"elementor-widget-container\">\n\t\t\t\t\t<h2 class=\"elementor-heading-title elementor-size-default\">Nos outils pour vous aider : <\/h2>\t\t\t\t<\/div>\n\t\t\t\t<\/div>\n\t\t\t\t\t<\/div>\n\t\t\t\t<\/div>\n\t\t<div data-particle_enable=\"false\" data-particle-mobile-disabled=\"false\" class=\"elementor-element elementor-element-695d68fe e-flex e-con-boxed e-con e-parent\" data-id=\"695d68fe\" data-element_type=\"container\" data-e-type=\"container\">\n\t\t\t\t\t<div class=\"e-con-inner\">\n\t\t<div data-particle_enable=\"false\" data-particle-mobile-disabled=\"false\" class=\"elementor-element elementor-element-3463e735 e-con-full e-flex e-con e-parent\" data-id=\"3463e735\" data-element_type=\"container\" data-e-type=\"container\">\n\t\t\t\t<div class=\"elementor-element elementor-element-2d0f81a0 elementor-widget elementor-widget-button\" data-id=\"2d0f81a0\" data-element_type=\"widget\" data-e-type=\"widget\" data-widget_type=\"button.default\">\n\t\t\t\t<div class=\"elementor-widget-container\">\n\t\t\t\t\t\t\t\t\t<div class=\"elementor-button-wrapper\">\n\t\t\t\t\t<a class=\"elementor-button elementor-button-link elementor-size-sm\" href=\"https:\/\/leonard.fr\/juridique\/modification-societe\/lever-la-radiation-de-ma-societe?utm_source=Blog&#038;utm_medium=CTA&#038;utm_campaign=reactiver_societe_radiee&#038;utm_id=modif_blog\" target=\"_blank\">\n\t\t\t\t\t\t<span class=\"elementor-button-content-wrapper\">\n\t\t\t\t\t\t\t\t\t<span class=\"elementor-button-text\">R\u00e9activer ma soci\u00e9t\u00e9 en ligne<\/span>\n\t\t\t\t\t<\/span>\n\t\t\t\t\t<\/a>\n\t\t\t\t<\/div>\n\t\t\t\t\t\t\t\t<\/div>\n\t\t\t\t<\/div>\n\t\t\t\t<\/div>\n\t\t<div data-particle_enable=\"false\" data-particle-mobile-disabled=\"false\" class=\"elementor-element elementor-element-10adb8ce e-con-full e-flex e-con e-parent\" data-id=\"10adb8ce\" data-element_type=\"container\" data-e-type=\"container\">\n\t\t\t\t<div class=\"elementor-element elementor-element-752fba7e elementor-widget elementor-widget-button\" data-id=\"752fba7e\" data-element_type=\"widget\" data-e-type=\"widget\" data-widget_type=\"button.default\">\n\t\t\t\t<div class=\"elementor-widget-container\">\n\t\t\t\t\t\t\t\t\t<div class=\"elementor-button-wrapper\">\n\t\t\t\t\t<a class=\"elementor-button elementor-button-link elementor-size-sm\" href=\"https:\/\/meetings.hubspot.com\/global\/leonard-rendez-vous-gratuit-avec-un-juriste?utm_source=Blog&#038;utm_medium=CTA&#038;utm_campaign=reactiver_societe_radiee&#038;utm_id=modif_blog\" target=\"_blank\">\n\t\t\t\t\t\t<span class=\"elementor-button-content-wrapper\">\n\t\t\t\t\t\t\t\t\t<span class=\"elementor-button-text\">Soyez rappel\u00e9 par un juriste gratuitement<\/span>\n\t\t\t\t\t<\/span>\n\t\t\t\t\t<\/a>\n\t\t\t\t<\/div>\n\t\t\t\t\t\t\t\t<\/div>\n\t\t\t\t<\/div>\n\t\t\t\t<\/div>\n\t\t<div data-particle_enable=\"false\" data-particle-mobile-disabled=\"false\" class=\"elementor-element elementor-element-17e59117 e-con-full e-flex e-con e-parent\" data-id=\"17e59117\" data-element_type=\"container\" data-e-type=\"container\">\n\t\t\t\t<div class=\"elementor-element elementor-element-31e4e9c9 elementor-widget elementor-widget-button\" data-id=\"31e4e9c9\" data-element_type=\"widget\" data-e-type=\"widget\" data-widget_type=\"button.default\">\n\t\t\t\t<div class=\"elementor-widget-container\">\n\t\t\t\t\t\t\t\t\t<div class=\"elementor-button-wrapper\">\n\t\t\t\t\t<a class=\"elementor-button elementor-button-link elementor-size-sm\" href=\"https:\/\/meetings.hubspot.com\/alexis-egron\/audit-juridique-gratuit?utm_source=Blog&#038;utm_medium=CTA&#038;utm_campaign=reactiver_societe_radiee&#038;utm_id=modif_blog\" target=\"_blank\">\n\t\t\t\t\t\t<span class=\"elementor-button-content-wrapper\">\n\t\t\t\t\t\t\t\t\t<span class=\"elementor-button-text\">Votre audit juridique gratuit en ligne<\/span>\n\t\t\t\t\t<\/span>\n\t\t\t\t\t<\/a>\n\t\t\t\t<\/div>\n\t\t\t\t\t\t\t\t<\/div>\n\t\t\t\t<\/div>\n\t\t\t\t<\/div>\n\t\t\t\t\t<\/div>\n\t\t\t\t<\/div>\n\t\t\t\t<section data-particle_enable=\"false\" data-particle-mobile-disabled=\"false\" class=\"elementor-section elementor-top-section elementor-element elementor-element-5b49af93 elementor-section-boxed elementor-section-height-default elementor-section-height-default\" data-id=\"5b49af93\" data-element_type=\"section\" data-e-type=\"section\">\n\t\t\t\t\t\t<div class=\"elementor-container elementor-column-gap-default\">\n\t\t\t\t\t<div class=\"elementor-column elementor-col-100 elementor-top-column elementor-element elementor-element-5adfc3a3\" data-id=\"5adfc3a3\" data-element_type=\"column\" data-e-type=\"column\">\n\t\t\t<div class=\"elementor-widget-wrap elementor-element-populated\">\n\t\t\t\t\t\t<div class=\"elementor-element elementor-element-6381d24 elementor-widget elementor-widget-text-editor\" data-id=\"6381d24\" data-element_type=\"widget\" data-e-type=\"widget\" data-widget_type=\"text-editor.default\">\n\t\t\t\t<div class=\"elementor-widget-container\">\n\t\t\t\t\t\t\t\t\t<ol><li style=\"list-style-type: none;\">\u00a0<\/li><\/ol><div><span style=\"font-family: Montserrat;\">\u00a0<\/span><\/div><div><span style=\"font-family: Montserrat;\">\u00a0<\/span><\/div><h2><b>La radiation d\u2019une soci\u00e9t\u00e9 : explications\u00a0<\/b><\/h2><h4><b>La radiation d\u2019une soci\u00e9t\u00e9 : d\u00e9finition<\/b><\/h4><p><span style=\"font-weight: 400;\">Lors d\u2019une cessation d\u2019activit\u00e9, d\u2019une dissolution ou encore d\u2019une fusion, une soci\u00e9t\u00e9 doit demander la radiation afin de fermer d\u00e9finitivement la soci\u00e9t\u00e9. Il faut obtenir un<\/span><b> certificat de radiation <\/b><span style=\"font-weight: 400;\">aupr\u00e8s du greffe du tribunal de commerce territorialement comp\u00e9tent. Alors que l\u2019immatriculation d\u2019une soci\u00e9t\u00e9 permet de faire exister la soci\u00e9t\u00e9 dans les registres (RCS), la radiation permet de la faire dispara\u00eetre.<\/span><\/p><p><span style=\"font-weight: 400;\">C\u2019est une d\u00e9claration simple, mais essentielle qui atteste de la fermeture de l\u2019entreprise. Elle permet de faire perdre \u00e0 la soci\u00e9t\u00e9 son immatriculation, et, de ce fait, sa personnalit\u00e9 morale qui lui permet, notamment, d\u2019agir en justice. C\u2019est \u00e9galement une fa\u00e7on de rendre opposable cette fermeture en la rendant publique, d\u00e8s lors que l\u2019information est accessible sur les diff\u00e9rents journaux d\u2019annonce l\u00e9gale et sur le site infogreffe.<\/span><\/p><p><b>A noter<\/b> <b>que <\/b><span style=\"font-weight: 400;\">la radiation peut \u00e9galement concerner un commer\u00e7ant personne physique et doit faire l\u2019objet d\u2019une d\u00e9claration. La radiation du Registre du Commerce et des Soci\u00e9t\u00e9s d&rsquo;un commer\u00e7ant personne physique est gratuite.<\/span><\/p><p><span style=\"font-weight: 400;\">Le certificat de radiation permet \u00e0 un entrepreneur de mettre d\u00e9finitivement un terme \u00e0 son activit\u00e9 et d\u2019obtenir la preuve de cette radiation du registre du commerce et des soci\u00e9t\u00e9s (RCS).<\/span><\/p><p><span style=\"font-weight: 400;\">La radiation aboutira sur la d\u00e9livrance d\u2019un <\/span><b>extrait de radiation au registre du commerce et des soci\u00e9t\u00e9s. <\/b><span style=\"font-weight: 400;\">Cette proc\u00e9dure permet d\u2019obtenir un<\/span><b> certificat de radiation d\u2019une entreprise <\/b><span style=\"font-weight: 400;\">qui atteste effectivement que la soci\u00e9t\u00e9 n\u2019est plus sur les registres du RCS \u00e0 l\u2019issue de la proc\u00e9dure de radiation.<\/span><\/p><p><b>Attention :<\/b><span style=\"font-weight: 400;\"> \u00e0 compter du 1er janvier 2023, toutes les formalit\u00e9s des entreprises devront exclusivement \u00eatre effectu\u00e9es en ligne par le biais d\u2019un <\/span><b>guichet unique num\u00e9rique<\/b><span style=\"font-weight: 400;\"> sur le site de l\u2019Institut national de la propri\u00e9t\u00e9 industrielle (INPI).<\/span><\/p><h4><b>\u00a0<\/b><\/h4><h4><b>Dans quels cas la radiation d\u2019une soci\u00e9t\u00e9 intervient ?<\/b><\/h4><p><span style=\"font-weight: 400;\">Il existe plusieurs cas dans lesquels la radiation d\u2019une soci\u00e9t\u00e9 est n\u00e9cessaire. Il peut s\u2019agir \u00e0 ce titre d\u2019une radiation suite \u00e0 une cessation d\u2019activit\u00e9, suite \u00e0 une dissolution liquidation, la mise en sommeil d\u2019une soci\u00e9t\u00e9, la cl\u00f4ture de liquidation, la fusion, la scission, ou encore la r\u00e9alisation d&rsquo;un transfert de patrimoine. Lors d\u2019une dissolution amiable de la soci\u00e9t\u00e9, vous disposez d\u2019un <\/span><b>d\u00e9lai de 30 jours<\/b><span style=\"font-weight: 400;\"> suivant la cessation d\u2019activit\u00e9 pour radier des registres de cette soci\u00e9t\u00e9.<\/span><\/p><p><b>Bon \u00e0 savoir <\/b><span style=\"font-weight: 400;\">: \u00e0 la diff\u00e9rence d\u2019une fermeture de soci\u00e9t\u00e9, la radiation d\u2019office n\u2019entra\u00eene pas sa disparition officielle, d\u00e8s lors qu\u2019elle n\u2019est pas opposable aux tiers. Autrement dit, elle va conserver sa personnalit\u00e9 morale jusqu\u2019\u00e0 ce qu\u2019elle soit dissoute et liquid\u00e9e.\u00a0<\/span><\/p><h4><b>\u00a0<\/b><\/h4><h4><b>La radiation dite classique\u00a0<\/b><\/h4><p><span style=\"font-weight: 400;\">Il existe plusieurs cas dans lesquels la radiation d\u2019une soci\u00e9t\u00e9 est n\u00e9cessaire. Dans certains cas, la radiation d\u2019une soci\u00e9t\u00e9 est souhait\u00e9e, notamment lorsque les associ\u00e9s souhaitent dissoudre et liquider une soci\u00e9t\u00e9. On parle alors de radiation classique.<\/span><\/p><p><span style=\"font-weight: 400;\">Il peut s\u2019agir \u00e0 ce titre d\u2019une radiation suite \u00e0 une cessation d\u2019activit\u00e9, suite \u00e0 une dissolution liquidation, la mise en sommeil d\u2019une soci\u00e9t\u00e9, la cl\u00f4ture de liquidation, la fusion, la scission, ou encore la r\u00e9alisation d&rsquo;un transfert de patrimoine.\u00a0<\/span><\/p><p><span style=\"font-weight: 400;\">Lors d\u2019une dissolution amiable de la soci\u00e9t\u00e9, vous disposez d\u2019un d\u00e9lai de 30 jours suivant la cessation d\u2019activit\u00e9 pour radier des registres de cette soci\u00e9t\u00e9.\u00a0<\/span><\/p><h4><b>\u00a0<\/b><\/h4><h4><b>La radiation dite d\u2019office\u00a0<\/b><\/h4><p><span style=\"font-weight: 400;\">Il s\u2019agit d\u2019une radiation qui fait suite \u00e0 une d\u00e9cision de l\u2019administration.\u00a0<\/span><\/p><h4><b>\u00a0<\/b><\/h4><h4><b>La radiation et la micro-entreprise\u00a0<\/b><\/h4><p><span style=\"font-weight: 400;\">L\u2019auto-entreprise ou la micro-entreprise est un r\u00e9gime simplifi\u00e9 de l\u2019entreprise individuelle (EI) dont l\u2019entrepreneur \u00e0 opter pour ce statut.\u00a0<\/span><\/p><p><span style=\"font-weight: 400;\">La radiation peut aussi intervenir pour une micro-entreprise. En effet, en cas de d\u00e9passement des seuils du chiffre d\u2019affaires d\u2019une micro-entreprise qui entra\u00eene la radiation d\u2019office. La radiation d\u2019office peut \u00e9galement \u00eatre la cons\u00e9quence d\u2019un d\u00e9c\u00e8s de l&rsquo;entrepreneur. Cette radiation d\u2019office du micro-entrepreneur permet \u00e0 l\u2019entrepreneur de b\u00e9n\u00e9ficier d\u2019un justificatif de radiation d&rsquo;activit\u00e9 entrepreneur.\u00a0<\/span><\/p><p><span style=\"font-weight: 400;\">En outre, la radiation d\u2019office de la micro-entreprise peut intervenir en cas d\u2019exercice d\u2019une activit\u00e9 exclue du r\u00e9gime. Enfin, la micro-entreprise peut \u00eatre radi\u00e9e en cas de d\u00e9claration d\u2019un chiffre d\u2019affaires nul sur une p\u00e9riode de 24 mois.<\/span><\/p><h2 id=\"r\u00e9activer-soci\u00e9t\u00e9-mise-en-sommeil\">\u00a0<\/h2><h2 id=\"r\u00e9activer-soci\u00e9t\u00e9-mise-en-sommeil\">I\/ R\u00e9activer une soci\u00e9t\u00e9 mise en sommeil<\/h2><p>Il est possible pour l&rsquo;entrepreneur d\u00e9sireux de mettre son activit\u00e9 en pause de mettre sa soci\u00e9t\u00e9 en sommeil. Ainsi, la soci\u00e9t\u00e9 pourra cesser de fonctionner pendant une dur\u00e9e maximale de deux ans. Or, au terme de ces deux ans, il conviendra de r\u00e9activer la soci\u00e9t\u00e9 mise en sommeil. \u00c0 d\u00e9faut, le greffe pourra proc\u00e9der \u00e0 sa <a href=\"https:\/\/www.legifrance.gouv.fr\/affichCodeArticle.do;jsessionid=F6DAA2C829CAE91FDB79E9C9DCB45C68.tplgfr28s_3?idArticle=LEGIARTI000026251191&amp;cidTexte=LEGITEXT000005634379&amp;dateTexte=20180802\">radiation d&rsquo;office<\/a>. \u00c0 cette fin, le greffe fera parvenir un courrier en\u00a0recommand\u00e9 avec accus\u00e9 de r\u00e9ception avant l&rsquo;arriv\u00e9e du terme de la p\u00e9riode de mise ne sommeil. Ainsi, l&rsquo;entrepreneur sera inform\u00e9 des d\u00e9marches pour \u00e9viter une radiation d&rsquo;office, et donc de devoir r\u00e9activer une entreprise radi\u00e9e.<\/p><p>Ainsi, pour \u00e9viter une telle cons\u00e9quence, il conviendra \u00e0 l&rsquo;entrepreneur de r\u00e9activer une soci\u00e9t\u00e9 mise en sommeil.<\/p><p><b>Comment r\u00e9activer une soci\u00e9t\u00e9 mise en sommeil ?<\/b>\u00a0Il faudra\u00a0communiquer un dossier de reprise d&rsquo;activit\u00e9 au greffe. Cela se fera par le biais d&rsquo;un formulaire M2, et impliquera de s&rsquo;acquitter de fais de greffe d&rsquo;un montant de 181,04 euros.<\/p><h2 id=\"raisons-radiation-office\">\u00a0<\/h2><h2 id=\"raisons-radiation-office\">II\/ Pourquoi une soci\u00e9t\u00e9 est radi\u00e9e d&rsquo;office ?<\/h2><p>Outre la radiation d&rsquo;office li\u00e9e \u00e0 une mise en sommeil, le greffe peut d\u00e9cider de radier l&rsquo;immatriculation d&rsquo;une soci\u00e9t\u00e9 pour certaines raisons. Or, ces cas de radiation pourront, par la suite, donner lieu \u00e0 une proc\u00e9dure pour r\u00e9activer une soci\u00e9t\u00e9 radi\u00e9e.<\/p><p>Ainsi, il pourra \u00eatre n\u00e9cessaire de r\u00e9activer une soci\u00e9t\u00e9 si son immatriculation est radi\u00e9e. Or, une telle radiation d&rsquo;office peut intervenir, notamment :<\/p><ul><li>L&rsquo;entreprise individuelle sera radi\u00e9e d&rsquo;office en cas de d\u00e9c\u00e8s de l&rsquo;entrepreneur. Dans un tel cas, il ne sera pas possible de r\u00e9activer l&rsquo;entreprise radi\u00e9e, sauf \u00e0 d\u00e9montrer d&rsquo;une erreur du greffe ;<\/li><li>\u00c0 d\u00e9faut d&rsquo;accomplissement de certaines formalit\u00e9s. En effet, il peut intervenir une radiation d&rsquo;office si les <a href=\"https:\/\/blog.legalvision.fr\/2018\/03\/02\/realiser-votre-transfert-de-siege-social\/\">formalit\u00e9s de transfert de si\u00e8ge<\/a> ne sont pas accomplies. Faute d&rsquo;activit\u00e9 \u00e0 l&rsquo;endroit de l&rsquo;ancien si\u00e8ge social, le greffe enverra une lettre recommand\u00e9e \u00e0 cette adresse. Or, si cette lettre revient au greffe avec mention que la personne ne se trouve pas \u00e0 l&rsquo;adresse indiqu\u00e9e, le\u00a0greffier inscrira une mention de cessation d&rsquo;activit\u00e9. Alors, trois mois apr\u00e8s cette mention, il pourra proc\u00e9der \u00e0 la radiation d&rsquo;office.<\/li><li>Encore, il peut y avoir radiation d&rsquo;office de la soci\u00e9t\u00e9 si celle-ci a \u00e9tabli son si\u00e8ge social \u00e0 l&rsquo;adresse de son repr\u00e9sentant l\u00e9gal, et que cette domiciliation ne peut pas s&rsquo;\u00e9tendre au-del\u00e0 de cinq ans. Dans un tel cas, \u00e0 d\u00e9faut de transfert de si\u00e8ge la soci\u00e9t\u00e9 sera radi\u00e9e.<\/li><li>Aussi, il est proc\u00e9d\u00e9 \u00e0 une radiation d&rsquo;office \u00e0 la cl\u00f4ture d&rsquo;une proc\u00e9dure de liquidation judiciaire. De m\u00eame, certaines condamnations peuvent justifier des radiations d&rsquo;office. Cela sera le cas, notamment, pour un commer\u00e7ant frapp\u00e9 d&rsquo;une interdiction de g\u00e9rer.<\/li><\/ul><p>\u00a0<\/p><p>Donc, la soci\u00e9t\u00e9 peut \u00eatre radi\u00e9e d&rsquo;office pour diverses raisons. Toutefois, il reste possible \u00e0 l&rsquo;entrepreneur de r\u00e9activer une soci\u00e9t\u00e9 radi\u00e9e.<\/p><h2 id=\"r\u00e9activer-soci\u00e9t\u00e9-radi\u00e9e\">\u00a0<\/h2><h2 id=\"r\u00e9activer-soci\u00e9t\u00e9-radi\u00e9e\">III\/ Comment r\u00e9activer une soci\u00e9t\u00e9 qui a \u00e9t\u00e9 radi\u00e9e ?<\/h2><p>Il conviendra de suivre une proc\u00e9dure de <strong>rapport de radiation<\/strong>. Une telle demande peut \u00eatre formul\u00e9e par l&rsquo;entrepreneur. Il lui faudra l&rsquo;adresser au greffier par le biais d&rsquo;un formulaire M2. En effet, ce formulaire permettra d&rsquo;indiquer au greffier que la demande porte sur un rapport de radiation. Ainsi, il conviendra de pr\u00e9ciser \u00ab\u00a0rapport de radiation\u00a0\u00bb au titre des observations pouvant \u00eatre formul\u00e9es sur ce document. Encore, si la radiation est intervenue suite \u00e0 la constatation d&rsquo;une situation irr\u00e9guli\u00e8re par le greffier, notamment en cas d&rsquo;absence de r\u00e9alisation de certaines formalit\u00e9s, l&rsquo;entrepreneur devra apporter une justification quant \u00e0 la r\u00e9gularisation de la situation. Ainsi, il devra justifier que les formalit\u00e9s ont \u00e9t\u00e9 accomplies. R\u00e9activer une soci\u00e9t\u00e9 radi\u00e9e en suivant cette proc\u00e9dure co\u00fbtera 65,04\u20ac de frais de greffe \u00e0 l&rsquo;entrepreneur.<\/p><p>Encore, il est possible de demander le rapport de la radiation en effectuant une demande aupr\u00e8s du pr\u00e9sident du tribunal de commerce. N\u00e9anmoins, une telle demande ne peut \u00eatre introduite que dans les six mois de la radiation d&rsquo;office. Au-del\u00e0, il ne sera pas possible de r\u00e9activer une soci\u00e9t\u00e9 radi\u00e9e.<\/p><p>Ainsi, si la soci\u00e9t\u00e9 est radi\u00e9e depuis plus de six mois, il faudra proc\u00e9der \u00e0 la r\u00e9-immatriculation d&rsquo;une soci\u00e9t\u00e9 radi\u00e9e d&rsquo;office. Encore, le greffe admet parfois que la demande de r\u00e9-immatriculation soit d\u00e9pos\u00e9e concurremment d&rsquo;une <a href=\"https:\/\/www.legalvision.fr\/modification-statuts\/dissolution-liquidation\/\">demande de dissolution et de radiation<\/a>. En effet, cela permettra \u00e0 la soci\u00e9t\u00e9 de perdre r\u00e9ellement son existence l\u00e9gale, et donc de d\u00e9charger les associ\u00e9s de leurs obligations, ce qui n&rsquo;est pas le cas au sujet de la radiation d&rsquo;office.<!--tag_auto_button_lead_legalvision--><\/p><div class=\"wp-block-button\" style=\"text-align: center;\"><a class=\"wp-block-button__link has-background\" style=\"border-radius: 10px; background-color: #3fc3bf;\" href=\"https:\/\/leonard.fr\/juridique\/modification-societe\/lever-la-radiation-de-ma-societe?utm_source=Blog&amp;utm_medium=CTA&amp;utm_campaign=reactiver_societe_radiee&amp;utm_id=modif_blog\" target=\"_blank\" rel=\"noopener\">R\u00e9activez votre soci\u00e9t\u00e9 avec nos juristes ! <\/a><\/div>\t\t\t\t\t\t\t\t<\/div>\n\t\t\t\t<\/div>\n\t\t\t\t\t<\/div>\n\t\t<\/div>\n\t\t\t\t\t<\/div>\n\t\t<\/section>\n\t\t\t\t<\/div>\n\t\t","protected":false},"excerpt":{"rendered":"<p>L&rsquo;existence juridique d&rsquo;une soci\u00e9t\u00e9 est li\u00e9e \u00e0 son immatriculation. En effet, c&rsquo;est l&rsquo;immatriculation qui donne \u00e0 la soci\u00e9t\u00e9 sa personnalit\u00e9 morale, et donc son existence juridique. Ainsi, la perte de la personnalit\u00e9 morale intervient \u00e0 l&rsquo;occasion de la radiation de la soci\u00e9t\u00e9. Or, il existe des circonstances de radiation d&rsquo;office d&rsquo;une soci\u00e9t\u00e9.\u00a0 Il s&rsquo;agit l\u00e0&hellip; <a class=\"more-link\" href=\"https:\/\/www.legalvision.fr\/guides-juridiques\/gerer-une-entreprise\/reactiver-une-societe-radiee\/\">Poursuivre la lecture <span class=\"screen-reader-text\">R\u00e9activer une soci\u00e9t\u00e9 radi\u00e9e sur d\u00e9cision d&rsquo;office du greffe<\/span><\/a><\/p>\n","protected":false},"author":18,"featured_media":25664,"comment_status":"open","ping_status":"closed","sticky":false,"template":"","format":"standard","meta":{"content-type":"","inline_featured_image":false,"footnotes":""},"categories":[2502],"tags":[],"class_list":["post-6789","post","type-post","status-publish","format-standard","has-post-thumbnail","hentry","category-gerer-une-entreprise","entry"],"yoast_head":"<!-- This site is optimized with the Yoast SEO plugin v27.1.1 - https:\/\/yoast.com\/product\/yoast-seo-wordpress\/ -->\n<title>R\u00e9activer une soci\u00e9t\u00e9 radi\u00e9e : rapport de radiation ou r\u00e9-immatriculation ?<\/title>\n<meta name=\"description\" content=\"LegalVision vous informe sur les causes de radiation d&#039;office, et sur la proc\u00e9dure \u00e0 suivre pour r\u00e9activer une soci\u00e9t\u00e9 radi\u00e9e.\" \/>\n<meta name=\"robots\" content=\"index, follow, max-snippet:-1, max-image-preview:large, max-video-preview:-1\" \/>\n<link rel=\"canonical\" href=\"https:\/\/www.legalvision.fr\/guides-juridiques\/gerer-une-entreprise\/reactiver-une-societe-radiee\/\" \/>\n<meta property=\"og:locale\" content=\"fr_FR\" \/>\n<meta property=\"og:type\" content=\"article\" \/>\n<meta property=\"og:title\" content=\"R\u00e9activer une soci\u00e9t\u00e9 radi\u00e9e : rapport de radiation ou r\u00e9-immatriculation ?\" \/>\n<meta property=\"og:description\" content=\"LegalVision vous informe sur les causes de radiation d&#039;office, et sur la proc\u00e9dure \u00e0 suivre pour r\u00e9activer une soci\u00e9t\u00e9 radi\u00e9e.\" \/>\n<meta property=\"og:url\" content=\"https:\/\/www.legalvision.fr\/guides-juridiques\/gerer-une-entreprise\/reactiver-une-societe-radiee\/\" \/>\n<meta property=\"og:site_name\" content=\"Guides juridiques\" \/>\n<meta property=\"article:published_time\" content=\"2018-08-07T06:30:52+00:00\" \/>\n<meta property=\"article:modified_time\" content=\"2023-10-17T14:13:01+00:00\" \/>\n<meta property=\"og:image\" content=\"https:\/\/www.legalvision.fr\/guides-juridiques\/wp-content\/uploads\/2018\/08\/r\u00e9activer-une-soci\u00e9t\u00e9-radi\u00e9e.jpg\" \/>\n\t<meta property=\"og:image:width\" content=\"958\" \/>\n\t<meta property=\"og:image:height\" content=\"350\" \/>\n\t<meta property=\"og:image:type\" content=\"image\/jpeg\" \/>\n<meta name=\"author\" content=\"Valentin Giandomenico\" \/>\n<meta name=\"twitter:card\" content=\"summary_large_image\" \/>\n<meta name=\"twitter:label1\" content=\"\u00c9crit par\" \/>\n\t<meta name=\"twitter:data1\" content=\"Valentin Giandomenico\" \/>\n\t<meta name=\"twitter:label2\" content=\"Dur\u00e9e de lecture estim\u00e9e\" \/>\n\t<meta name=\"twitter:data2\" content=\"8 minutes\" \/>\n<script type=\"application\/ld+json\" class=\"yoast-schema-graph\">{\"@context\":\"https:\/\/schema.org\",\"@graph\":[{\"@type\":\"Article\",\"@id\":\"https:\/\/www.legalvision.fr\/guides-juridiques\/gerer-une-entreprise\/reactiver-une-societe-radiee\/#article\",\"isPartOf\":{\"@id\":\"https:\/\/www.legalvision.fr\/guides-juridiques\/gerer-une-entreprise\/reactiver-une-societe-radiee\/\"},\"author\":{\"name\":\"Valentin Giandomenico\",\"@id\":\"https:\/\/www.legalvision.fr\/guides-juridiques\/#\/schema\/person\/67f95ffb60649ed460d4778154ac2031\"},\"headline\":\"R\u00e9activer une soci\u00e9t\u00e9 radi\u00e9e sur d\u00e9cision d&rsquo;office du greffe\",\"datePublished\":\"2018-08-07T06:30:52+00:00\",\"dateModified\":\"2023-10-17T14:13:01+00:00\",\"mainEntityOfPage\":{\"@id\":\"https:\/\/www.legalvision.fr\/guides-juridiques\/gerer-une-entreprise\/reactiver-une-societe-radiee\/\"},\"wordCount\":1862,\"commentCount\":54,\"publisher\":{\"@id\":\"https:\/\/www.legalvision.fr\/guides-juridiques\/#organization\"},\"image\":{\"@id\":\"https:\/\/www.legalvision.fr\/guides-juridiques\/gerer-une-entreprise\/reactiver-une-societe-radiee\/#primaryimage\"},\"thumbnailUrl\":\"https:\/\/www.legalvision.fr\/guides-juridiques\/wp-content\/uploads\/2018\/08\/r\u00e9activer-une-soci\u00e9t\u00e9-radi\u00e9e.jpg\",\"articleSection\":[\"G\u00e9rer une entreprise\"],\"inLanguage\":\"fr-FR\",\"potentialAction\":[{\"@type\":\"CommentAction\",\"name\":\"Comment\",\"target\":[\"https:\/\/www.legalvision.fr\/guides-juridiques\/gerer-une-entreprise\/reactiver-une-societe-radiee\/#respond\"]}]},{\"@type\":\"WebPage\",\"@id\":\"https:\/\/www.legalvision.fr\/guides-juridiques\/gerer-une-entreprise\/reactiver-une-societe-radiee\/\",\"url\":\"https:\/\/www.legalvision.fr\/guides-juridiques\/gerer-une-entreprise\/reactiver-une-societe-radiee\/\",\"name\":\"R\u00e9activer une soci\u00e9t\u00e9 radi\u00e9e : rapport de radiation ou r\u00e9-immatriculation ?\",\"isPartOf\":{\"@id\":\"https:\/\/www.legalvision.fr\/guides-juridiques\/#website\"},\"primaryImageOfPage\":{\"@id\":\"https:\/\/www.legalvision.fr\/guides-juridiques\/gerer-une-entreprise\/reactiver-une-societe-radiee\/#primaryimage\"},\"image\":{\"@id\":\"https:\/\/www.legalvision.fr\/guides-juridiques\/gerer-une-entreprise\/reactiver-une-societe-radiee\/#primaryimage\"},\"thumbnailUrl\":\"https:\/\/www.legalvision.fr\/guides-juridiques\/wp-content\/uploads\/2018\/08\/r\u00e9activer-une-soci\u00e9t\u00e9-radi\u00e9e.jpg\",\"datePublished\":\"2018-08-07T06:30:52+00:00\",\"dateModified\":\"2023-10-17T14:13:01+00:00\",\"description\":\"LegalVision vous informe sur les causes de radiation d'office, et sur la proc\u00e9dure \u00e0 suivre pour r\u00e9activer une soci\u00e9t\u00e9 radi\u00e9e.\",\"breadcrumb\":{\"@id\":\"https:\/\/www.legalvision.fr\/guides-juridiques\/gerer-une-entreprise\/reactiver-une-societe-radiee\/#breadcrumb\"},\"inLanguage\":\"fr-FR\",\"potentialAction\":[{\"@type\":\"ReadAction\",\"target\":[\"https:\/\/www.legalvision.fr\/guides-juridiques\/gerer-une-entreprise\/reactiver-une-societe-radiee\/\"]}]},{\"@type\":\"ImageObject\",\"inLanguage\":\"fr-FR\",\"@id\":\"https:\/\/www.legalvision.fr\/guides-juridiques\/gerer-une-entreprise\/reactiver-une-societe-radiee\/#primaryimage\",\"url\":\"https:\/\/www.legalvision.fr\/guides-juridiques\/wp-content\/uploads\/2018\/08\/r\u00e9activer-une-soci\u00e9t\u00e9-radi\u00e9e.jpg\",\"contentUrl\":\"https:\/\/www.legalvision.fr\/guides-juridiques\/wp-content\/uploads\/2018\/08\/r\u00e9activer-une-soci\u00e9t\u00e9-radi\u00e9e.jpg\",\"width\":958,\"height\":350,\"caption\":\"r\u00e9activer une soci\u00e9t\u00e9 radi\u00e9e\"},{\"@type\":\"BreadcrumbList\",\"@id\":\"https:\/\/www.legalvision.fr\/guides-juridiques\/gerer-une-entreprise\/reactiver-une-societe-radiee\/#breadcrumb\",\"itemListElement\":[{\"@type\":\"ListItem\",\"position\":1,\"name\":\"Accueil\",\"item\":\"https:\/\/www.legalvision.fr\/guides-juridiques\/\"},{\"@type\":\"ListItem\",\"position\":2,\"name\":\"G\u00e9rer une entreprise\",\"item\":\"https:\/\/www.legalvision.fr\/guides-juridiques\/gerer-une-entreprise\/\"},{\"@type\":\"ListItem\",\"position\":3,\"name\":\"R\u00e9activer une soci\u00e9t\u00e9 radi\u00e9e sur d\u00e9cision d&rsquo;office du greffe\"}]},{\"@type\":\"WebSite\",\"@id\":\"https:\/\/www.legalvision.fr\/guides-juridiques\/#website\",\"url\":\"https:\/\/www.legalvision.fr\/guides-juridiques\/\",\"name\":\"Guides juridiques\",\"description\":\"L&#039;information juridique \u00e0 destination des entreprises et TPE\",\"publisher\":{\"@id\":\"https:\/\/www.legalvision.fr\/guides-juridiques\/#organization\"},\"potentialAction\":[{\"@type\":\"SearchAction\",\"target\":{\"@type\":\"EntryPoint\",\"urlTemplate\":\"https:\/\/www.legalvision.fr\/guides-juridiques\/?s={search_term_string}\"},\"query-input\":{\"@type\":\"PropertyValueSpecification\",\"valueRequired\":true,\"valueName\":\"search_term_string\"}}],\"inLanguage\":\"fr-FR\"},{\"@type\":\"Organization\",\"@id\":\"https:\/\/www.legalvision.fr\/guides-juridiques\/#organization\",\"name\":\"Guides juridiques\",\"url\":\"https:\/\/www.legalvision.fr\/guides-juridiques\/\",\"logo\":{\"@type\":\"ImageObject\",\"inLanguage\":\"fr-FR\",\"@id\":\"https:\/\/www.legalvision.fr\/guides-juridiques\/#\/schema\/logo\/image\/\",\"url\":\"https:\/\/www.legalvision.fr\/guides-juridiques\/wp-content\/uploads\/2022\/10\/LV-Logotype.png\",\"contentUrl\":\"https:\/\/www.legalvision.fr\/guides-juridiques\/wp-content\/uploads\/2022\/10\/LV-Logotype.png\",\"width\":647,\"height\":125,\"caption\":\"Guides juridiques\"},\"image\":{\"@id\":\"https:\/\/www.legalvision.fr\/guides-juridiques\/#\/schema\/logo\/image\/\"}},{\"@type\":\"Person\",\"@id\":\"https:\/\/www.legalvision.fr\/guides-juridiques\/#\/schema\/person\/67f95ffb60649ed460d4778154ac2031\",\"name\":\"Valentin Giandomenico\",\"image\":{\"@type\":\"ImageObject\",\"inLanguage\":\"fr-FR\",\"@id\":\"https:\/\/www.legalvision.fr\/guides-juridiques\/#\/schema\/person\/image\/\",\"url\":\"https:\/\/www.legalvision.fr\/guides-juridiques\/wp-content\/uploads\/2023\/07\/cropped-homme13-96x96.png\",\"contentUrl\":\"https:\/\/www.legalvision.fr\/guides-juridiques\/wp-content\/uploads\/2023\/07\/cropped-homme13-96x96.png\",\"caption\":\"Valentin Giandomenico\"},\"description\":\"Valentin est juriste au sein de LegalVision. Titulaire d'un M2 en droit des affaires, il s'int\u00e9resse tout particuli\u00e8rement au droit des soci\u00e9t\u00e9s.\",\"url\":\"https:\/\/www.legalvision.fr\/guides-juridiques\/author\/valentin1\/\"}]}<\/script>\n<!-- \/ Yoast SEO plugin. -->","yoast_head_json":{"title":"R\u00e9activer une soci\u00e9t\u00e9 radi\u00e9e : rapport de radiation ou r\u00e9-immatriculation ?","description":"LegalVision vous informe sur les causes de radiation d'office, et sur la proc\u00e9dure \u00e0 suivre pour r\u00e9activer une soci\u00e9t\u00e9 radi\u00e9e.","robots":{"index":"index","follow":"follow","max-snippet":"max-snippet:-1","max-image-preview":"max-image-preview:large","max-video-preview":"max-video-preview:-1"},"canonical":"https:\/\/www.legalvision.fr\/guides-juridiques\/gerer-une-entreprise\/reactiver-une-societe-radiee\/","og_locale":"fr_FR","og_type":"article","og_title":"R\u00e9activer une soci\u00e9t\u00e9 radi\u00e9e : rapport de radiation ou r\u00e9-immatriculation ?","og_description":"LegalVision vous informe sur les causes de radiation d'office, et sur la proc\u00e9dure \u00e0 suivre pour r\u00e9activer une soci\u00e9t\u00e9 radi\u00e9e.","og_url":"https:\/\/www.legalvision.fr\/guides-juridiques\/gerer-une-entreprise\/reactiver-une-societe-radiee\/","og_site_name":"Guides juridiques","article_published_time":"2018-08-07T06:30:52+00:00","article_modified_time":"2023-10-17T14:13:01+00:00","og_image":[{"width":958,"height":350,"url":"https:\/\/www.legalvision.fr\/guides-juridiques\/wp-content\/uploads\/2018\/08\/r\u00e9activer-une-soci\u00e9t\u00e9-radi\u00e9e.jpg","type":"image\/jpeg"}],"author":"Valentin Giandomenico","twitter_card":"summary_large_image","twitter_misc":{"\u00c9crit par":"Valentin Giandomenico","Dur\u00e9e de lecture estim\u00e9e":"8 minutes"},"schema":{"@context":"https:\/\/schema.org","@graph":[{"@type":"Article","@id":"https:\/\/www.legalvision.fr\/guides-juridiques\/gerer-une-entreprise\/reactiver-une-societe-radiee\/#article","isPartOf":{"@id":"https:\/\/www.legalvision.fr\/guides-juridiques\/gerer-une-entreprise\/reactiver-une-societe-radiee\/"},"author":{"name":"Valentin Giandomenico","@id":"https:\/\/www.legalvision.fr\/guides-juridiques\/#\/schema\/person\/67f95ffb60649ed460d4778154ac2031"},"headline":"R\u00e9activer une soci\u00e9t\u00e9 radi\u00e9e sur d\u00e9cision d&rsquo;office du greffe","datePublished":"2018-08-07T06:30:52+00:00","dateModified":"2023-10-17T14:13:01+00:00","mainEntityOfPage":{"@id":"https:\/\/www.legalvision.fr\/guides-juridiques\/gerer-une-entreprise\/reactiver-une-societe-radiee\/"},"wordCount":1862,"commentCount":54,"publisher":{"@id":"https:\/\/www.legalvision.fr\/guides-juridiques\/#organization"},"image":{"@id":"https:\/\/www.legalvision.fr\/guides-juridiques\/gerer-une-entreprise\/reactiver-une-societe-radiee\/#primaryimage"},"thumbnailUrl":"https:\/\/www.legalvision.fr\/guides-juridiques\/wp-content\/uploads\/2018\/08\/r\u00e9activer-une-soci\u00e9t\u00e9-radi\u00e9e.jpg","articleSection":["G\u00e9rer une entreprise"],"inLanguage":"fr-FR","potentialAction":[{"@type":"CommentAction","name":"Comment","target":["https:\/\/www.legalvision.fr\/guides-juridiques\/gerer-une-entreprise\/reactiver-une-societe-radiee\/#respond"]}]},{"@type":"WebPage","@id":"https:\/\/www.legalvision.fr\/guides-juridiques\/gerer-une-entreprise\/reactiver-une-societe-radiee\/","url":"https:\/\/www.legalvision.fr\/guides-juridiques\/gerer-une-entreprise\/reactiver-une-societe-radiee\/","name":"R\u00e9activer une soci\u00e9t\u00e9 radi\u00e9e : rapport de radiation ou r\u00e9-immatriculation ?","isPartOf":{"@id":"https:\/\/www.legalvision.fr\/guides-juridiques\/#website"},"primaryImageOfPage":{"@id":"https:\/\/www.legalvision.fr\/guides-juridiques\/gerer-une-entreprise\/reactiver-une-societe-radiee\/#primaryimage"},"image":{"@id":"https:\/\/www.legalvision.fr\/guides-juridiques\/gerer-une-entreprise\/reactiver-une-societe-radiee\/#primaryimage"},"thumbnailUrl":"https:\/\/www.legalvision.fr\/guides-juridiques\/wp-content\/uploads\/2018\/08\/r\u00e9activer-une-soci\u00e9t\u00e9-radi\u00e9e.jpg","datePublished":"2018-08-07T06:30:52+00:00","dateModified":"2023-10-17T14:13:01+00:00","description":"LegalVision vous informe sur les causes de radiation d'office, et sur la proc\u00e9dure \u00e0 suivre pour r\u00e9activer une soci\u00e9t\u00e9 radi\u00e9e.","breadcrumb":{"@id":"https:\/\/www.legalvision.fr\/guides-juridiques\/gerer-une-entreprise\/reactiver-une-societe-radiee\/#breadcrumb"},"inLanguage":"fr-FR","potentialAction":[{"@type":"ReadAction","target":["https:\/\/www.legalvision.fr\/guides-juridiques\/gerer-une-entreprise\/reactiver-une-societe-radiee\/"]}]},{"@type":"ImageObject","inLanguage":"fr-FR","@id":"https:\/\/www.legalvision.fr\/guides-juridiques\/gerer-une-entreprise\/reactiver-une-societe-radiee\/#primaryimage","url":"https:\/\/www.legalvision.fr\/guides-juridiques\/wp-content\/uploads\/2018\/08\/r\u00e9activer-une-soci\u00e9t\u00e9-radi\u00e9e.jpg","contentUrl":"https:\/\/www.legalvision.fr\/guides-juridiques\/wp-content\/uploads\/2018\/08\/r\u00e9activer-une-soci\u00e9t\u00e9-radi\u00e9e.jpg","width":958,"height":350,"caption":"r\u00e9activer une soci\u00e9t\u00e9 radi\u00e9e"},{"@type":"BreadcrumbList","@id":"https:\/\/www.legalvision.fr\/guides-juridiques\/gerer-une-entreprise\/reactiver-une-societe-radiee\/#breadcrumb","itemListElement":[{"@type":"ListItem","position":1,"name":"Accueil","item":"https:\/\/www.legalvision.fr\/guides-juridiques\/"},{"@type":"ListItem","position":2,"name":"G\u00e9rer une entreprise","item":"https:\/\/www.legalvision.fr\/guides-juridiques\/gerer-une-entreprise\/"},{"@type":"ListItem","position":3,"name":"R\u00e9activer une soci\u00e9t\u00e9 radi\u00e9e sur d\u00e9cision d&rsquo;office du greffe"}]},{"@type":"WebSite","@id":"https:\/\/www.legalvision.fr\/guides-juridiques\/#website","url":"https:\/\/www.legalvision.fr\/guides-juridiques\/","name":"Guides juridiques","description":"L&#039;information juridique \u00e0 destination des entreprises et TPE","publisher":{"@id":"https:\/\/www.legalvision.fr\/guides-juridiques\/#organization"},"potentialAction":[{"@type":"SearchAction","target":{"@type":"EntryPoint","urlTemplate":"https:\/\/www.legalvision.fr\/guides-juridiques\/?s={search_term_string}"},"query-input":{"@type":"PropertyValueSpecification","valueRequired":true,"valueName":"search_term_string"}}],"inLanguage":"fr-FR"},{"@type":"Organization","@id":"https:\/\/www.legalvision.fr\/guides-juridiques\/#organization","name":"Guides juridiques","url":"https:\/\/www.legalvision.fr\/guides-juridiques\/","logo":{"@type":"ImageObject","inLanguage":"fr-FR","@id":"https:\/\/www.legalvision.fr\/guides-juridiques\/#\/schema\/logo\/image\/","url":"https:\/\/www.legalvision.fr\/guides-juridiques\/wp-content\/uploads\/2022\/10\/LV-Logotype.png","contentUrl":"https:\/\/www.legalvision.fr\/guides-juridiques\/wp-content\/uploads\/2022\/10\/LV-Logotype.png","width":647,"height":125,"caption":"Guides juridiques"},"image":{"@id":"https:\/\/www.legalvision.fr\/guides-juridiques\/#\/schema\/logo\/image\/"}},{"@type":"Person","@id":"https:\/\/www.legalvision.fr\/guides-juridiques\/#\/schema\/person\/67f95ffb60649ed460d4778154ac2031","name":"Valentin Giandomenico","image":{"@type":"ImageObject","inLanguage":"fr-FR","@id":"https:\/\/www.legalvision.fr\/guides-juridiques\/#\/schema\/person\/image\/","url":"https:\/\/www.legalvision.fr\/guides-juridiques\/wp-content\/uploads\/2023\/07\/cropped-homme13-96x96.png","contentUrl":"https:\/\/www.legalvision.fr\/guides-juridiques\/wp-content\/uploads\/2023\/07\/cropped-homme13-96x96.png","caption":"Valentin Giandomenico"},"description":"Valentin est juriste au sein de LegalVision. Titulaire d'un M2 en droit des affaires, il s'int\u00e9resse tout particuli\u00e8rement au droit des soci\u00e9t\u00e9s.","url":"https:\/\/www.legalvision.fr\/guides-juridiques\/author\/valentin1\/"}]}},"_links":{"self":[{"href":"https:\/\/www.legalvision.fr\/guides-juridiques\/wp-json\/wp\/v2\/posts\/6789","targetHints":{"allow":["GET"]}}],"collection":[{"href":"https:\/\/www.legalvision.fr\/guides-juridiques\/wp-json\/wp\/v2\/posts"}],"about":[{"href":"https:\/\/www.legalvision.fr\/guides-juridiques\/wp-json\/wp\/v2\/types\/post"}],"author":[{"embeddable":true,"href":"https:\/\/www.legalvision.fr\/guides-juridiques\/wp-json\/wp\/v2\/users\/18"}],"replies":[{"embeddable":true,"href":"https:\/\/www.legalvision.fr\/guides-juridiques\/wp-json\/wp\/v2\/comments?post=6789"}],"version-history":[{"count":4,"href":"https:\/\/www.legalvision.fr\/guides-juridiques\/wp-json\/wp\/v2\/posts\/6789\/revisions"}],"predecessor-version":[{"id":39930,"href":"https:\/\/www.legalvision.fr\/guides-juridiques\/wp-json\/wp\/v2\/posts\/6789\/revisions\/39930"}],"wp:featuredmedia":[{"embeddable":true,"href":"https:\/\/www.legalvision.fr\/guides-juridiques\/wp-json\/wp\/v2\/media\/25664"}],"wp:attachment":[{"href":"https:\/\/www.legalvision.fr\/guides-juridiques\/wp-json\/wp\/v2\/media?parent=6789"}],"wp:term":[{"taxonomy":"category","embeddable":true,"href":"https:\/\/www.legalvision.fr\/guides-juridiques\/wp-json\/wp\/v2\/categories?post=6789"},{"taxonomy":"post_tag","embeddable":true,"href":"https:\/\/www.legalvision.fr\/guides-juridiques\/wp-json\/wp\/v2\/tags?post=6789"}],"curies":[{"name":"wp","href":"https:\/\/api.w.org\/{rel}","templated":true}]}}