{"id":6644,"date":"2018-08-05T07:30:53","date_gmt":"2018-08-05T06:30:53","guid":{"rendered":"https:\/\/blog.legalvision.fr\/?p=6644"},"modified":"2023-10-19T15:56:38","modified_gmt":"2023-10-19T13:56:38","slug":"proces-verbal-de-lassemblee-constitutive","status":"publish","type":"post","link":"https:\/\/www.legalvision.fr\/guides-juridiques\/creer-son-entreprise\/proces-verbal-de-lassemblee-constitutive\/","title":{"rendered":"La r\u00e9daction du proc\u00e8s verbal de l&rsquo;assembl\u00e9e constitutive d&rsquo;une soci\u00e9t\u00e9"},"content":{"rendered":"\t\t<div data-elementor-type=\"wp-post\" data-elementor-id=\"6644\" class=\"elementor elementor-6644\" data-elementor-post-type=\"post\">\n\t\t\t\t<div data-particle_enable=\"false\" data-particle-mobile-disabled=\"false\" class=\"elementor-element elementor-element-e6e2c7b e-flex e-con-boxed e-con e-parent\" data-id=\"e6e2c7b\" data-element_type=\"container\" data-e-type=\"container\">\n\t\t\t\t\t<div class=\"e-con-inner\">\n\t\t\t\t<div class=\"elementor-element elementor-element-33573a1 elementor-widget elementor-widget-text-editor\" data-id=\"33573a1\" data-element_type=\"widget\" data-e-type=\"widget\" data-widget_type=\"text-editor.default\">\n\t\t\t\t<div class=\"elementor-widget-container\">\n\t\t\t\t\t\t\t\t\t<p style=\"line-height: var(--wp--typography--line-height,var(--global--line-height-body)); font-family: var(--e-global-typography-primary-font-family);\"><a href=\"https:\/\/www.legalvision.fr\/creation-dentreprise\/\" target=\"_blank\" rel=\"noopener noreferrer\">Cr\u00e9er une soci\u00e9t\u00e9<\/a>\u00a0implique de passer par toute une s\u00e9rie d&rsquo;\u00e9tapes obligatoires. Or, dans certaines circonstances, il se peut qu&rsquo;il soit n\u00e9cessaire de convoquer une assembl\u00e9e g\u00e9n\u00e9rale constitutive, au terme de laquelle il sera dress\u00e9 un\u00a0<span style=\"font-weight: bold;\">proc\u00e8s verbal de l&rsquo;assembl\u00e9e constitutive<\/span>. C&rsquo;est lors de cette assembl\u00e9e qu&rsquo;il sera r\u00e9pondu \u00e0 certaines questions essentielles pour la cr\u00e9ation de la soci\u00e9t\u00e9.<\/p><p style=\"line-height: var(--wp--typography--line-height,var(--global--line-height-body)); font-family: var(--e-global-typography-primary-font-family);\">Toutefois, il convient de noter que la n\u00e9cessit\u00e9 de convoquer une assembl\u00e9e constitutive est rare. En effet, d\u00e8s lors que la soci\u00e9t\u00e9 est cr\u00e9\u00e9e sous forme d&rsquo;<a href=\"https:\/\/www.legalvision.fr\/creation-dentreprise\/creation-eurl\/\" target=\"_blank\" rel=\"noopener noreferrer\">EURL<\/a>\u00a0ou de\u00a0<a href=\"https:\/\/www.legalvision.fr\/creation-dentreprise\/creer-une-sasu\/\" target=\"_blank\" rel=\"noopener noreferrer\">SASU<\/a>, l&rsquo;associ\u00e9 sera seul. Ainsi, il ne sera pas n\u00e9cessaire de recourir \u00e0 une assembl\u00e9e. Encore, l&rsquo;assembl\u00e9e constitutive n&rsquo;a souvent de sens que pour les soci\u00e9t\u00e9s de grande envergure, notamment pour les soci\u00e9t\u00e9s anonymes. Ainsi, il est rare pour un entrepreneur de devoir se pencher sur la r\u00e9daction du proc\u00e8s verbal de l&rsquo;assembl\u00e9e constitutive, \u00e0 d\u00e9faut d&rsquo;avoir \u00e0 en convoquer une.<\/p><p style=\"line-height: var(--wp--typography--line-height,var(--global--line-height-body)); font-family: var(--e-global-typography-primary-font-family);\"><span style=\"font-weight: bold;\">Un proc\u00e8s verbal (PV) c&rsquo;est quoi ?<\/span>\u00a0La d\u00e9finition du proc\u00e8s verbal renvoie \u00e0 l&rsquo;id\u00e9e d&rsquo;un compte rendu. Ainsi, faire un proc\u00e8s verbal reviendra \u00e0 relater ce qui a \u00e9t\u00e9 dit ou fait une r\u00e9union. Ainsi, pour un proc\u00e8s verbal d&rsquo;assembl\u00e9e constitutive, il s&rsquo;agira de relater les discussions et d\u00e9cisions prises quant \u00e0 certains points devant \u00eatre r\u00e9gl\u00e9s pour la cr\u00e9ation de la soci\u00e9t\u00e9.<\/p><p style=\"line-height: var(--wp--typography--line-height,var(--global--line-height-body)); font-family: var(--e-global-typography-primary-font-family);\">Dans cet article, LegalVision met \u00e0 votre service son expertise juridique pour vous aider \u00e0 tout comprendre sur ce sujet. Vous trouverez ci-dessous un r\u00e9sum\u00e9 des points essentiels \u00e0 retenir :<\/p><p style=\"line-height: var(--wp--typography--line-height,var(--global--line-height-body)); font-family: var(--e-global-typography-primary-font-family);\"><a href=\"https:\/\/www.legalvision.fr\/guides-juridiques\/?p=6644&amp;elementor-preview=6644&amp;ver=1697723533#1\">Les mentions port\u00e9es au PV de l&rsquo;assembl\u00e9e constitutive<\/a><br \/><a href=\"https:\/\/www.legalvision.fr\/guides-juridiques\/?p=6644&amp;elementor-preview=6644&amp;ver=1697723533#2\">Les formalit\u00e9s \u00e0 accomplir suite \u00e0 la r\u00e9daction du PV de l&rsquo;assembl\u00e9e constitutive\u00a0<\/a><br \/><br \/><\/p>\t\t\t\t\t\t\t\t<\/div>\n\t\t\t\t<\/div>\n\t\t\t\t\t<\/div>\n\t\t\t\t<\/div>\n\t\t<div data-particle_enable=\"false\" data-particle-mobile-disabled=\"false\" class=\"elementor-element elementor-element-7e7d813d e-flex e-con-boxed e-con e-parent\" data-id=\"7e7d813d\" data-element_type=\"container\" data-e-type=\"container\">\n\t\t\t\t\t<div class=\"e-con-inner\">\n\t\t\t\t<div class=\"elementor-element elementor-element-5753632a elementor-widget elementor-widget-heading\" data-id=\"5753632a\" data-element_type=\"widget\" data-e-type=\"widget\" data-widget_type=\"heading.default\">\n\t\t\t\t<div class=\"elementor-widget-container\">\n\t\t\t\t\t<h2 class=\"elementor-heading-title elementor-size-default\">Nos outils pour vous aider : <\/h2>\t\t\t\t<\/div>\n\t\t\t\t<\/div>\n\t\t\t\t\t<\/div>\n\t\t\t\t<\/div>\n\t\t<div data-particle_enable=\"false\" data-particle-mobile-disabled=\"false\" class=\"elementor-element elementor-element-4f7b4b83 e-flex e-con-boxed e-con e-parent\" data-id=\"4f7b4b83\" data-element_type=\"container\" data-e-type=\"container\">\n\t\t\t\t\t<div class=\"e-con-inner\">\n\t\t<div data-particle_enable=\"false\" data-particle-mobile-disabled=\"false\" class=\"elementor-element elementor-element-53707d6a e-con-full e-flex e-con e-parent\" data-id=\"53707d6a\" data-element_type=\"container\" data-e-type=\"container\">\n\t\t\t\t<div class=\"elementor-element elementor-element-5dfde974 elementor-widget elementor-widget-button\" data-id=\"5dfde974\" data-element_type=\"widget\" data-e-type=\"widget\" data-widget_type=\"button.default\">\n\t\t\t\t<div class=\"elementor-widget-container\">\n\t\t\t\t\t\t\t\t\t<div class=\"elementor-button-wrapper\">\n\t\t\t\t\t<a class=\"elementor-button elementor-button-link elementor-size-sm\" href=\"https:\/\/leonard.fr\/juridique\/creation-entreprise\/creation-dune-sasu\/?utm_source=Blog&#038;utm_medium=CTA&#038;utm_campaign=pv_constitutif&#038;utm_id=creation_blog\" target=\"_blank\">\n\t\t\t\t\t\t<span class=\"elementor-button-content-wrapper\">\n\t\t\t\t\t\t\t\t\t<span class=\"elementor-button-text\">Cr\u00e9ez votre SASU en ligne<\/span>\n\t\t\t\t\t<\/span>\n\t\t\t\t\t<\/a>\n\t\t\t\t<\/div>\n\t\t\t\t\t\t\t\t<\/div>\n\t\t\t\t<\/div>\n\t\t\t\t<\/div>\n\t\t<div data-particle_enable=\"false\" data-particle-mobile-disabled=\"false\" class=\"elementor-element elementor-element-3075736 e-con-full e-flex e-con e-parent\" data-id=\"3075736\" data-element_type=\"container\" data-e-type=\"container\">\n\t\t\t\t<div class=\"elementor-element elementor-element-74a73c54 elementor-widget elementor-widget-button\" data-id=\"74a73c54\" data-element_type=\"widget\" data-e-type=\"widget\" data-widget_type=\"button.default\">\n\t\t\t\t<div class=\"elementor-widget-container\">\n\t\t\t\t\t\t\t\t\t<div class=\"elementor-button-wrapper\">\n\t\t\t\t\t<a class=\"elementor-button elementor-button-link elementor-size-sm\" href=\"https:\/\/meetings.hubspot.com\/global\/leonard-rendez-vous-gratuit-avec-un-juriste?utm_source=Blog&#038;utm_medium=CTA&#038;utm_campaign=pv_constitutif&#038;utm_id=creation_blog\" target=\"_blank\">\n\t\t\t\t\t\t<span class=\"elementor-button-content-wrapper\">\n\t\t\t\t\t\t\t\t\t<span class=\"elementor-button-text\">Soyez rappel\u00e9 par un juriste gratuitement<\/span>\n\t\t\t\t\t<\/span>\n\t\t\t\t\t<\/a>\n\t\t\t\t<\/div>\n\t\t\t\t\t\t\t\t<\/div>\n\t\t\t\t<\/div>\n\t\t\t\t<\/div>\n\t\t<div data-particle_enable=\"false\" data-particle-mobile-disabled=\"false\" class=\"elementor-element elementor-element-60ba52f3 e-con-full e-flex e-con e-parent\" data-id=\"60ba52f3\" data-element_type=\"container\" data-e-type=\"container\">\n\t\t\t\t<div class=\"elementor-element elementor-element-74cefcd7 elementor-widget elementor-widget-button\" data-id=\"74cefcd7\" data-element_type=\"widget\" data-e-type=\"widget\" data-widget_type=\"button.default\">\n\t\t\t\t<div class=\"elementor-widget-container\">\n\t\t\t\t\t\t\t\t\t<div class=\"elementor-button-wrapper\">\n\t\t\t\t\t<a class=\"elementor-button elementor-button-link elementor-size-sm\" href=\"https:\/\/share.hsforms.com\/1MCz4iJkPSsaIbYWlbzl6vw1oyza?utm_source=Blog&#038;utm_medium=CTA&#038;utm_campaign=pv_constitutif&#038;utm_id=creation_blog\" target=\"_blank\">\n\t\t\t\t\t\t<span class=\"elementor-button-content-wrapper\">\n\t\t\t\t\t\t\t\t\t<span class=\"elementor-button-text\">Publiez votre annonce l\u00e9gale<\/span>\n\t\t\t\t\t<\/span>\n\t\t\t\t\t<\/a>\n\t\t\t\t<\/div>\n\t\t\t\t\t\t\t\t<\/div>\n\t\t\t\t<\/div>\n\t\t\t\t<\/div>\n\t\t\t\t\t<\/div>\n\t\t\t\t<\/div>\n\t\t\t\t<section data-particle_enable=\"false\" data-particle-mobile-disabled=\"false\" class=\"elementor-section elementor-top-section elementor-element elementor-element-35706128 elementor-section-boxed elementor-section-height-default elementor-section-height-default\" data-id=\"35706128\" data-element_type=\"section\" data-e-type=\"section\">\n\t\t\t\t\t\t<div class=\"elementor-container elementor-column-gap-default\">\n\t\t\t\t\t<div class=\"elementor-column elementor-col-100 elementor-top-column elementor-element elementor-element-5c1f0f2f\" data-id=\"5c1f0f2f\" data-element_type=\"column\" data-e-type=\"column\">\n\t\t\t<div class=\"elementor-widget-wrap elementor-element-populated\">\n\t\t\t\t\t\t<div class=\"elementor-element elementor-element-16ebcc04 elementor-widget elementor-widget-text-editor\" data-id=\"16ebcc04\" data-element_type=\"widget\" data-e-type=\"widget\" data-widget_type=\"text-editor.default\">\n\t\t\t\t<div class=\"elementor-widget-container\">\n\t\t\t\t\t\t\t\t\t<div class=\"wp-block-button\" style=\"text-align: center;\"><span style=\"color: var( --e-global-color-primary ); font-family: var( --e-global-typography-secondary-font-family ),Sans-serif; font-size: var( --e-global-typography-secondary-font-size ); font-style: var( --e-global-typography-secondary-font-style ); font-weight: var( --e-global-typography-secondary-font-weight ); letter-spacing: var(--heading--letter-spacing-h2); text-transform: var( --e-global-typography-secondary-text-transform ); background-color: var( --e-global-color-f8847cf ); text-align: left;\">\u00a0<\/span><\/div><div class=\"wp-block-button\" style=\"text-align: center;\"><span style=\"color: var( --e-global-color-primary ); font-family: var( --e-global-typography-secondary-font-family ),Sans-serif; font-size: var( --e-global-typography-secondary-font-size ); font-style: var( --e-global-typography-secondary-font-style ); font-weight: var( --e-global-typography-secondary-font-weight ); letter-spacing: var(--heading--letter-spacing-h2); text-transform: var( --e-global-typography-secondary-text-transform ); background-color: var( --e-global-color-f8847cf ); text-align: left;\">\u00a0<\/span><\/div><div class=\"wp-block-button\" style=\"text-align: left;\"><span style=\"color: var( --e-global-color-primary ); font-family: var( --e-global-typography-secondary-font-family ),Sans-serif; font-size: var( --e-global-typography-secondary-font-size ); font-style: var( --e-global-typography-secondary-font-style ); font-weight: var( --e-global-typography-secondary-font-weight ); letter-spacing: var(--heading--letter-spacing-h2); text-transform: var( --e-global-typography-secondary-text-transform ); background-color: var( --e-global-color-f8847cf ); text-align: left;\">Les\u00a0mentions port\u00e9es au PV de l&rsquo;assembl\u00e9e constitutive<\/span><\/div><p>M\u00eame \u00e0 d\u00e9faut de mod\u00e8le de proc\u00e8s verbal d&rsquo;assembl\u00e9e g\u00e9n\u00e9rale constitutive, il est possible d&rsquo;en d\u00e9terminer le contenu afin d&rsquo;y proc\u00e9der \u00e0 la r\u00e9daction. Comme pour tout autre proc\u00e8s verbal d&rsquo;assembl\u00e9e g\u00e9n\u00e9rale, il conviendra de l&rsquo;inclure au registre des proc\u00e8s verbaux d&rsquo;assembl\u00e9es g\u00e9n\u00e9rales. Or, il s&rsquo;agira, avant tout, de r\u00e9diger un proc\u00e8s verbal d&rsquo;assembl\u00e9e g\u00e9n\u00e9rale constitutive.<\/p><h3>\u00a0<\/h3><h3>Les informations relatives \u00e0 la soci\u00e9t\u00e9 et aux associ\u00e9s<\/h3><p>R\u00e9diger un proc\u00e8s verbal d&rsquo;assembl\u00e9e g\u00e9n\u00e9rale constitutive implique de pr\u00e9ciser certaines <b>informations quant \u00e0 la soci\u00e9t\u00e9 et aux associ\u00e9s<\/b>. Encore, le PV devra indiquer des informations relatives \u00e0 l&rsquo;assembl\u00e9e. Ainsi, il conviendra d&rsquo;indiquer, notamment :<\/p><ul><li>La date et le lieu de r\u00e9union de l&rsquo;assembl\u00e9e g\u00e9n\u00e9rale constitutive ;<\/li><li>Ainsi que l&rsquo;identit\u00e9 des associ\u00e9s pr\u00e9sents ou repr\u00e9sent\u00e9s ;<\/li><li>Et les informations permettant d&rsquo;identifier la soci\u00e9t\u00e9, notamment le montant de son capital social, ou encore l&rsquo;adresse de son si\u00e8ge social.<\/li><\/ul><p>Encore, s&rsquo;il s&rsquo;agit de l&rsquo;assembl\u00e9e constitutive d&rsquo;une <a href=\"https:\/\/blog.legalvision.fr\/2018\/12\/04\/societe-anonyme-definition\/\" target=\"_blank\" rel=\"noopener noreferrer\">SA<\/a>, ou si les statuts de la soci\u00e9t\u00e9 le pr\u00e9voient, il peut \u00eatre n\u00e9cessaire de proc\u00e9der \u00e0 certaines nominations. Ainsi, il conviendra de nommer les membres du bureau de l&rsquo;assembl\u00e9e :<\/p><ul><li>Le pr\u00e9sident du bureau ;<\/li><li>Les scrutateurs du bureau, qui sont les deux associ\u00e9s d\u00e9tenant le plus grand nombre de titres de la soci\u00e9t\u00e9 ;<\/li><li>Et, un secr\u00e9taire du bureau.<\/li><\/ul><h3>\u00a0\u00a0<\/h3><h3>La mention du capital social au proc\u00e8s verbal de l&rsquo;assembl\u00e9e constitutive<\/h3><p>Le proc\u00e8s verbal de l&rsquo;assembl\u00e9e constitutive peut faire mention du montant du capital social. Encore, il peut indiquer si oui, ou non, le capital a \u00e9t\u00e9 <a href=\"https:\/\/www.legifrance.gouv.fr\/affichCodeArticle.do;jsessionid=972CEFAF716C4D563B37B48A093B6093.tplgfr44s_2?idArticle=LEGIARTI000006223427&amp;cidTexte=LEGITEXT000005634379&amp;dateTexte=20181214&amp;categorieLien=id&amp;oldAction=\" target=\"_blank\" rel=\"noopener noreferrer\">int\u00e9gralement souscrit<\/a>. Le capital sera int\u00e9gralement souscrit si les associ\u00e9s ont vers\u00e9 tous leurs apports. Dans le cas contraire, le capital devra \u00eatre lib\u00e9r\u00e9 dans les ann\u00e9es suivant la constitution de la soci\u00e9t\u00e9.<\/p><h3>\u00a0<\/h3><h3>La mention de la r\u00e9daction des statuts et de leur signature au proc\u00e8s verbal de l&rsquo;assembl\u00e9e constitutive<\/h3><p>Il peut arriver que les associ\u00e9s peinent \u00e0 s&rsquo;entendre sur la r\u00e9daction des statuts. Dans un tel cas, l&rsquo;assembl\u00e9e g\u00e9n\u00e9rale constitutive permet de voter sur leur r\u00e9daction. Ainsi, le proc\u00e8s verbal de l&rsquo;assembl\u00e9e constitutive fera mention de ce vote, et pourra indiquer la r\u00e9daction d\u00e9finitive des statuts de la soci\u00e9t\u00e9.<\/p><h3>\u00a0<\/h3><h3>La mention de l&rsquo;\u00e9valuation des apports en nature au proc\u00e8s verbal de l&rsquo;assembl\u00e9e constitutive<\/h3><p>D\u00e8s lors que certains associ\u00e9s r\u00e9alisent des apports en nature, il conviendra d&rsquo;en \u00e9valuer la valeur. En effet, c&rsquo;est sur la base de cette valeur qu&rsquo;ils se verront attribuer des titres de la soci\u00e9t\u00e9. Or, le proc\u00e8s verbal de l\u2019assembl\u00e9e constitutive peut comporter une mention relative \u00e0 cette \u00e9valuation. En effet, les associ\u00e9s pourront \u00catre amen\u00e9s \u00e0 se prononcer sur l&rsquo;\u00e9valuation des biens. Encore, dans certaines circonstances, l&rsquo;\u00e9valuation des biens requerra l&rsquo;intervention d&rsquo;un commissaire aux apports. Dans un tel cas, les associ\u00e9s pourront se prononcer sur son rapport.<\/p><h3>\u00a0<\/h3><h3>La mention de la nomination des dirigeants au proc\u00e8s verbal de l&rsquo;assembl\u00e9e constitutive<\/h3><p>Le proc\u00e8s verbal de l&rsquo;assembl\u00e9e constitutive peut inclure une mention relative aux dirigeants de la soci\u00e9t\u00e9. En effet, les associ\u00e9s r\u00e9unis en assembl\u00e9e constitutive pourront exprimer un vote afin de nommer les dirigeants. Ainsi, le r\u00e9sultat du vote et l&rsquo;identit\u00e9 des dirigeants seront mentionn\u00e9s au proc\u00e8s verbal de l&rsquo;assembl\u00e9e constitutive.<\/p><p>De plus, si un commissaire aux comptes doit \u00eatre nomm\u00e9, le proc\u00e8s verbal peut faire mention de sa nomination.<\/p><h3>\u00a0<\/h3><h3>La mention de la reprise des engagements souscrits au nom et pour le compte de la soci\u00e9t\u00e9<\/h3><p>Avant son immatriculation, la soci\u00e9t\u00e9 est dite en formation. Or, il peut \u00eatre n\u00e9cessaire de prendre des engagements au nom et pour le compte de cette soci\u00e9t\u00e9, alors m\u00eame qu&rsquo;elle n&rsquo;a pas encore d&rsquo;existence l\u00e9gale. Pour cette raison, il est pr\u00e9vu que la soci\u00e9t\u00e9 peut reprendre \u00e0 son compte certains engagements que les associ\u00e9s fondateurs ont souscrit en son nom. Ainsi, les associ\u00e9s seront d\u00e9charg\u00e9s de l&rsquo;engagement qu&rsquo;ils ont pris, lequel sera ex\u00e9cut\u00e9 par la soci\u00e9t\u00e9, qui en supportera \u00e9galement les risques.\u00a0Reste que la reprise d&rsquo;engagements concerne uniquement des choses utiles \u00e0 la soci\u00e9t\u00e9. Ainsi, il y a fort \u00e0 parier que les autres associ\u00e9s refusent de voter la reprise d&rsquo;un engagement ne profitant pas \u00e0 la soci\u00e9t\u00e9.<\/p><h2 id=\"2\">\u00a0<\/h2><h2 id=\"2\">Les\u00a0formalit\u00e9s \u00e0 accomplir suite \u00e0 la r\u00e9daction du PV de l&rsquo;assembl\u00e9e\u00a0constitutive<\/h2><p>Quand la r\u00e9union d&rsquo;une assembl\u00e9e constitutive a \u00e9t\u00e9 n\u00e9cessaire, celle-ci aura permis de fixer certains \u00e9l\u00e9ments et de r\u00e9gler certaines questions n\u00e9cessaires \u00e0 la cr\u00e9ation d&rsquo;une soci\u00e9t\u00e9. Toutefois, l&rsquo;assembl\u00e9e g\u00e9n\u00e9rale constitutive ne suffit pas \u00e0 donner une existence l\u00e9gale \u00e0 la soci\u00e9t\u00e9.<\/p><h4>\u00a0<\/h4><h4>Le compte bancaire de la soci\u00e9t\u00e9 :<\/h4><p>Si cela n&rsquo;a pas encore \u00e9t\u00e9 fait, il conviendra d&rsquo;ouvrir un compte bancaire au nom de la soci\u00e9t\u00e9 et d&rsquo;y verser le capital social.<\/p><h4>\u00a0<\/h4><h4>La publication d&rsquo;une annonce l\u00e9gale de constitution de soci\u00e9t\u00e9 :<\/h4><p>Il conviendra de faire publier une annonce l\u00e9gale de constitution de soci\u00e9t\u00e9. Pour cela, il conviendra de s&rsquo;adresser \u00e0 un journal d&rsquo;annonces l\u00e9gales (JAL). Cette insertion se fera pour un co\u00fbt variant entre 100 et 300 euros HT, en fonction de la longueur de l&rsquo;annonce et du journal choisi. En effet, cette annonce devra comporter toute une s\u00e9rie de mentions obligatoires. Ainsi, il s&rsquo;agira d&rsquo;indiquer des informations relatives \u00e0 la soci\u00e9t\u00e9 et \u00e0 ses dirigeants, lesquelles peuvent parfois d\u00e9j\u00e0 appara\u00eetre sur le proc\u00e8s verbal de l&rsquo;assembl\u00e9e g\u00e9n\u00e9rale. Ainsi, il y sera fait mention, notamment :<\/p><ul><li>Du nom de la soci\u00e9t\u00e9, de sa forme, ou encore du montant de son capital social ainsi que de l&rsquo;adresse de son si\u00e8ge social ;<\/li><li>De l&rsquo;identit\u00e9 du dirigeant de la soci\u00e9t\u00e9, ainsi que des \u00e9l\u00e9ments permettant de l&rsquo;identifier, notamment son adresse.<\/li><\/ul><h4>\u00a0<\/h4><h4>L&rsquo;immatriculation de la soci\u00e9t\u00e9 :<\/h4><p>Une fois la publication faite, il ne restera plus qu&rsquo;\u00e0 proc\u00e9der \u00e0 l&rsquo;<a href=\"https:\/\/www.legalvision.fr\/creation-dentreprise\/\" target=\"_blank\" rel=\"noopener noreferrer\">immatriculation de la soci\u00e9t\u00e9<\/a>. Cette immatriculation devra \u00eatre r\u00e9alis\u00e9e aupr\u00e8s du <a href=\"https:\/\/www.infogreffe.fr\/recherche-greffe-tribunal\/chercher-greffe-tribunal-de-commerce.html\" target=\"_blank\" rel=\"noopener noreferrer\">greffe<\/a>, par le biais d&rsquo;un formulaire m0. Alors, il conviendra de constituer un dossier d&rsquo;immatriculation de la soci\u00e9t\u00e9. Ce dossier comprendra, notamment :<\/p><ul><li>Un <a href=\"https:\/\/blog.legalvision.fr\/2018\/04\/14\/m0\/\" target=\"_blank\" rel=\"noopener noreferrer\">formulaire m0<\/a>, compl\u00e9t\u00e9 et sign\u00e9 ;<\/li><li>Ainsi qu&rsquo;une attestation de parution dans un <a href=\"https:\/\/blog.legalvision.fr\/2018\/11\/12\/journal-d-annonces-legales\/\" target=\"_blank\" rel=\"noopener noreferrer\">JAL<\/a> ;<\/li><li>Des pi\u00e8ces justificatives concernant la probit\u00e9 et la filiation du dirigeant ;<\/li><li>De m\u00eame qu&rsquo;un document justifiant de la domiciliation de la soci\u00e9t\u00e9. En effet, il s&rsquo;agira de prouver que la soci\u00e9t\u00e9 peut disposer de son si\u00e8ge social. \u00c0 ce titre, il est possible de domicilier la soci\u00e9t\u00e9 au sein d&rsquo;une soci\u00e9t\u00e9 de domiciliation, au domicile du dirigeant, ou encore dans un local pr\u00e9vu \u00e0 cet effet ;<\/li><li>Un exemplaire certifi\u00e9 conforme des statuts de la soci\u00e9t\u00e9, ainsi, le cas \u00e9ch\u00e9ant, qu&rsquo;un exemplaire du proc\u00e8s verbal de l&rsquo;assembl\u00e9e constitutive.<\/li><\/ul><p>Alors, il conviendra \u00e9galement de s&rsquo;acquitter de frais de greffe pour 39,42 euros. Il s&rsquo;agira des frais d&rsquo;immatriculation pour une soci\u00e9t\u00e9 commerciale. Concernant une soci\u00e9t\u00e9 civile, les frais de greffe seront port\u00e9s \u00e0 70,39 euros.<\/p><p>Pour finir, il conviendra, en plus de l&rsquo;immatriculation, de proc\u00e9der \u00e0 la <a href=\"https:\/\/blog.legalvision.fr\/2018\/01\/26\/beneficiaires-effectifs\/\" target=\"_blank\" rel=\"noopener noreferrer\">d\u00e9claration des b\u00e9n\u00e9ficiaires effectifs<\/a>. Celle-ci supposera de supporter un co\u00fbt de 23,62 euros si elle est effectu\u00e9e lors du d\u00e9p\u00f4t du dossier d&rsquo;immatriculation de la soci\u00e9t\u00e9.<\/p><div class=\"wp-block-button\" style=\"text-align: center;\">\u00a0<\/div><div class=\"wp-block-button\" style=\"text-align: center;\"><a class=\"wp-block-button__link has-background\" href=\"https:\/\/leonard.fr\/juridique\/creation-entreprise\/creation-dune-sasu\/?utm_source=Blog&amp;utm_medium=CTA&amp;utm_campaign=pv_constitutif&amp;utm_id=creation_blog\" target=\"_blank\" rel=\"noopener\">Commencer ma cr\u00e9ation d&rsquo;entreprise<\/a><\/div>\t\t\t\t\t\t\t\t<\/div>\n\t\t\t\t<\/div>\n\t\t\t\t\t<\/div>\n\t\t<\/div>\n\t\t\t\t\t<\/div>\n\t\t<\/section>\n\t\t\t\t<\/div>\n\t\t","protected":false},"excerpt":{"rendered":"<p>Cr\u00e9er une soci\u00e9t\u00e9\u00a0implique de passer par toute une s\u00e9rie d&rsquo;\u00e9tapes obligatoires. Or, dans certaines circonstances, il se peut qu&rsquo;il soit n\u00e9cessaire de convoquer une assembl\u00e9e g\u00e9n\u00e9rale constitutive, au terme de laquelle il sera dress\u00e9 un\u00a0proc\u00e8s verbal de l&rsquo;assembl\u00e9e constitutive. C&rsquo;est lors de cette assembl\u00e9e qu&rsquo;il sera r\u00e9pondu \u00e0 certaines questions essentielles pour la cr\u00e9ation de&hellip; <a class=\"more-link\" href=\"https:\/\/www.legalvision.fr\/guides-juridiques\/creer-son-entreprise\/proces-verbal-de-lassemblee-constitutive\/\">Poursuivre la lecture <span class=\"screen-reader-text\">La r\u00e9daction du proc\u00e8s verbal de l&rsquo;assembl\u00e9e constitutive d&rsquo;une soci\u00e9t\u00e9<\/span><\/a><\/p>\n","protected":false},"author":18,"featured_media":23374,"comment_status":"open","ping_status":"open","sticky":false,"template":"","format":"standard","meta":{"content-type":"","inline_featured_image":false,"footnotes":""},"categories":[2481],"tags":[],"class_list":["post-6644","post","type-post","status-publish","format-standard","has-post-thumbnail","hentry","category-creer-son-entreprise","entry"],"yoast_head":"<!-- This site is optimized with the Yoast SEO plugin v27.1.1 - https:\/\/yoast.com\/product\/yoast-seo-wordpress\/ -->\n<title>Proc\u00e8s verbal de l&#039;assembl\u00e9e constitutive d&#039;une soci\u00e9t\u00e9<\/title>\n<meta name=\"description\" content=\"LegalVision vous informe sur le proc\u00e8s verbal de l&#039;assembl\u00e9e constitutive d&#039;une soci\u00e9t\u00e9, et notamment sur les mentions y figurant.\" \/>\n<meta name=\"robots\" content=\"index, follow, max-snippet:-1, max-image-preview:large, max-video-preview:-1\" \/>\n<link rel=\"canonical\" href=\"https:\/\/www.legalvision.fr\/guides-juridiques\/creer-son-entreprise\/proces-verbal-de-lassemblee-constitutive\/\" \/>\n<meta property=\"og:locale\" content=\"fr_FR\" \/>\n<meta property=\"og:type\" content=\"article\" \/>\n<meta property=\"og:title\" content=\"Proc\u00e8s verbal de l&#039;assembl\u00e9e constitutive d&#039;une soci\u00e9t\u00e9\" \/>\n<meta property=\"og:description\" content=\"LegalVision vous informe sur le proc\u00e8s verbal de l&#039;assembl\u00e9e constitutive d&#039;une soci\u00e9t\u00e9, et notamment sur les mentions y figurant.\" \/>\n<meta property=\"og:url\" content=\"https:\/\/www.legalvision.fr\/guides-juridiques\/creer-son-entreprise\/proces-verbal-de-lassemblee-constitutive\/\" \/>\n<meta property=\"og:site_name\" content=\"Guides juridiques\" \/>\n<meta property=\"article:published_time\" content=\"2018-08-05T06:30:53+00:00\" \/>\n<meta property=\"article:modified_time\" content=\"2023-10-19T13:56:38+00:00\" \/>\n<meta property=\"og:image\" content=\"https:\/\/www.legalvision.fr\/guides-juridiques\/wp-content\/uploads\/2018\/08\/proc\u00e8s-verbal-de-lassembl\u00e9e-constitutive-min.jpg\" \/>\n\t<meta property=\"og:image:width\" content=\"958\" \/>\n\t<meta property=\"og:image:height\" content=\"350\" \/>\n\t<meta property=\"og:image:type\" content=\"image\/jpeg\" \/>\n<meta name=\"author\" content=\"Valentin Giandomenico\" \/>\n<meta name=\"twitter:card\" content=\"summary_large_image\" \/>\n<meta name=\"twitter:label1\" content=\"\u00c9crit par\" \/>\n\t<meta name=\"twitter:data1\" content=\"Valentin Giandomenico\" \/>\n\t<meta name=\"twitter:label2\" content=\"Dur\u00e9e de lecture estim\u00e9e\" \/>\n\t<meta name=\"twitter:data2\" content=\"8 minutes\" \/>\n<script type=\"application\/ld+json\" class=\"yoast-schema-graph\">{\"@context\":\"https:\/\/schema.org\",\"@graph\":[{\"@type\":\"Article\",\"@id\":\"https:\/\/www.legalvision.fr\/guides-juridiques\/creer-son-entreprise\/proces-verbal-de-lassemblee-constitutive\/#article\",\"isPartOf\":{\"@id\":\"https:\/\/www.legalvision.fr\/guides-juridiques\/creer-son-entreprise\/proces-verbal-de-lassemblee-constitutive\/\"},\"author\":{\"name\":\"Valentin Giandomenico\",\"@id\":\"https:\/\/www.legalvision.fr\/guides-juridiques\/#\/schema\/person\/67f95ffb60649ed460d4778154ac2031\"},\"headline\":\"La r\u00e9daction du proc\u00e8s verbal de l&rsquo;assembl\u00e9e constitutive d&rsquo;une soci\u00e9t\u00e9\",\"datePublished\":\"2018-08-05T06:30:53+00:00\",\"dateModified\":\"2023-10-19T13:56:38+00:00\",\"mainEntityOfPage\":{\"@id\":\"https:\/\/www.legalvision.fr\/guides-juridiques\/creer-son-entreprise\/proces-verbal-de-lassemblee-constitutive\/\"},\"wordCount\":1720,\"commentCount\":0,\"publisher\":{\"@id\":\"https:\/\/www.legalvision.fr\/guides-juridiques\/#organization\"},\"image\":{\"@id\":\"https:\/\/www.legalvision.fr\/guides-juridiques\/creer-son-entreprise\/proces-verbal-de-lassemblee-constitutive\/#primaryimage\"},\"thumbnailUrl\":\"https:\/\/www.legalvision.fr\/guides-juridiques\/wp-content\/uploads\/2018\/08\/proc\u00e8s-verbal-de-lassembl\u00e9e-constitutive-min.jpg\",\"articleSection\":[\"Cr\u00e9er son entreprise\"],\"inLanguage\":\"fr-FR\",\"potentialAction\":[{\"@type\":\"CommentAction\",\"name\":\"Comment\",\"target\":[\"https:\/\/www.legalvision.fr\/guides-juridiques\/creer-son-entreprise\/proces-verbal-de-lassemblee-constitutive\/#respond\"]}]},{\"@type\":\"WebPage\",\"@id\":\"https:\/\/www.legalvision.fr\/guides-juridiques\/creer-son-entreprise\/proces-verbal-de-lassemblee-constitutive\/\",\"url\":\"https:\/\/www.legalvision.fr\/guides-juridiques\/creer-son-entreprise\/proces-verbal-de-lassemblee-constitutive\/\",\"name\":\"Proc\u00e8s verbal de l'assembl\u00e9e constitutive d'une soci\u00e9t\u00e9\",\"isPartOf\":{\"@id\":\"https:\/\/www.legalvision.fr\/guides-juridiques\/#website\"},\"primaryImageOfPage\":{\"@id\":\"https:\/\/www.legalvision.fr\/guides-juridiques\/creer-son-entreprise\/proces-verbal-de-lassemblee-constitutive\/#primaryimage\"},\"image\":{\"@id\":\"https:\/\/www.legalvision.fr\/guides-juridiques\/creer-son-entreprise\/proces-verbal-de-lassemblee-constitutive\/#primaryimage\"},\"thumbnailUrl\":\"https:\/\/www.legalvision.fr\/guides-juridiques\/wp-content\/uploads\/2018\/08\/proc\u00e8s-verbal-de-lassembl\u00e9e-constitutive-min.jpg\",\"datePublished\":\"2018-08-05T06:30:53+00:00\",\"dateModified\":\"2023-10-19T13:56:38+00:00\",\"description\":\"LegalVision vous informe sur le proc\u00e8s verbal de l'assembl\u00e9e constitutive d'une soci\u00e9t\u00e9, et notamment sur les mentions y figurant.\",\"breadcrumb\":{\"@id\":\"https:\/\/www.legalvision.fr\/guides-juridiques\/creer-son-entreprise\/proces-verbal-de-lassemblee-constitutive\/#breadcrumb\"},\"inLanguage\":\"fr-FR\",\"potentialAction\":[{\"@type\":\"ReadAction\",\"target\":[\"https:\/\/www.legalvision.fr\/guides-juridiques\/creer-son-entreprise\/proces-verbal-de-lassemblee-constitutive\/\"]}]},{\"@type\":\"ImageObject\",\"inLanguage\":\"fr-FR\",\"@id\":\"https:\/\/www.legalvision.fr\/guides-juridiques\/creer-son-entreprise\/proces-verbal-de-lassemblee-constitutive\/#primaryimage\",\"url\":\"https:\/\/www.legalvision.fr\/guides-juridiques\/wp-content\/uploads\/2018\/08\/proc\u00e8s-verbal-de-lassembl\u00e9e-constitutive-min.jpg\",\"contentUrl\":\"https:\/\/www.legalvision.fr\/guides-juridiques\/wp-content\/uploads\/2018\/08\/proc\u00e8s-verbal-de-lassembl\u00e9e-constitutive-min.jpg\",\"width\":958,\"height\":350,\"caption\":\"proc\u00e8s verbal de l'assembl\u00e9e constitutive\"},{\"@type\":\"BreadcrumbList\",\"@id\":\"https:\/\/www.legalvision.fr\/guides-juridiques\/creer-son-entreprise\/proces-verbal-de-lassemblee-constitutive\/#breadcrumb\",\"itemListElement\":[{\"@type\":\"ListItem\",\"position\":1,\"name\":\"Accueil\",\"item\":\"https:\/\/www.legalvision.fr\/guides-juridiques\/\"},{\"@type\":\"ListItem\",\"position\":2,\"name\":\"Cr\u00e9er son entreprise\",\"item\":\"https:\/\/www.legalvision.fr\/guides-juridiques\/creer-son-entreprise\/\"},{\"@type\":\"ListItem\",\"position\":3,\"name\":\"La r\u00e9daction du proc\u00e8s verbal de l&rsquo;assembl\u00e9e constitutive d&rsquo;une soci\u00e9t\u00e9\"}]},{\"@type\":\"WebSite\",\"@id\":\"https:\/\/www.legalvision.fr\/guides-juridiques\/#website\",\"url\":\"https:\/\/www.legalvision.fr\/guides-juridiques\/\",\"name\":\"Guides juridiques\",\"description\":\"L&#039;information juridique \u00e0 destination des entreprises et TPE\",\"publisher\":{\"@id\":\"https:\/\/www.legalvision.fr\/guides-juridiques\/#organization\"},\"potentialAction\":[{\"@type\":\"SearchAction\",\"target\":{\"@type\":\"EntryPoint\",\"urlTemplate\":\"https:\/\/www.legalvision.fr\/guides-juridiques\/?s={search_term_string}\"},\"query-input\":{\"@type\":\"PropertyValueSpecification\",\"valueRequired\":true,\"valueName\":\"search_term_string\"}}],\"inLanguage\":\"fr-FR\"},{\"@type\":\"Organization\",\"@id\":\"https:\/\/www.legalvision.fr\/guides-juridiques\/#organization\",\"name\":\"Guides juridiques\",\"url\":\"https:\/\/www.legalvision.fr\/guides-juridiques\/\",\"logo\":{\"@type\":\"ImageObject\",\"inLanguage\":\"fr-FR\",\"@id\":\"https:\/\/www.legalvision.fr\/guides-juridiques\/#\/schema\/logo\/image\/\",\"url\":\"https:\/\/www.legalvision.fr\/guides-juridiques\/wp-content\/uploads\/2022\/10\/LV-Logotype.png\",\"contentUrl\":\"https:\/\/www.legalvision.fr\/guides-juridiques\/wp-content\/uploads\/2022\/10\/LV-Logotype.png\",\"width\":647,\"height\":125,\"caption\":\"Guides juridiques\"},\"image\":{\"@id\":\"https:\/\/www.legalvision.fr\/guides-juridiques\/#\/schema\/logo\/image\/\"}},{\"@type\":\"Person\",\"@id\":\"https:\/\/www.legalvision.fr\/guides-juridiques\/#\/schema\/person\/67f95ffb60649ed460d4778154ac2031\",\"name\":\"Valentin Giandomenico\",\"image\":{\"@type\":\"ImageObject\",\"inLanguage\":\"fr-FR\",\"@id\":\"https:\/\/www.legalvision.fr\/guides-juridiques\/#\/schema\/person\/image\/\",\"url\":\"https:\/\/www.legalvision.fr\/guides-juridiques\/wp-content\/uploads\/2023\/07\/cropped-homme13-96x96.png\",\"contentUrl\":\"https:\/\/www.legalvision.fr\/guides-juridiques\/wp-content\/uploads\/2023\/07\/cropped-homme13-96x96.png\",\"caption\":\"Valentin Giandomenico\"},\"description\":\"Valentin est juriste au sein de LegalVision. Titulaire d'un M2 en droit des affaires, il s'int\u00e9resse tout particuli\u00e8rement au droit des soci\u00e9t\u00e9s.\",\"url\":\"https:\/\/www.legalvision.fr\/guides-juridiques\/author\/valentin1\/\"}]}<\/script>\n<!-- \/ Yoast SEO plugin. -->","yoast_head_json":{"title":"Proc\u00e8s verbal de l'assembl\u00e9e constitutive d'une soci\u00e9t\u00e9","description":"LegalVision vous informe sur le proc\u00e8s verbal de l'assembl\u00e9e constitutive d'une soci\u00e9t\u00e9, et notamment sur les mentions y figurant.","robots":{"index":"index","follow":"follow","max-snippet":"max-snippet:-1","max-image-preview":"max-image-preview:large","max-video-preview":"max-video-preview:-1"},"canonical":"https:\/\/www.legalvision.fr\/guides-juridiques\/creer-son-entreprise\/proces-verbal-de-lassemblee-constitutive\/","og_locale":"fr_FR","og_type":"article","og_title":"Proc\u00e8s verbal de l'assembl\u00e9e constitutive d'une soci\u00e9t\u00e9","og_description":"LegalVision vous informe sur le proc\u00e8s verbal de l'assembl\u00e9e constitutive d'une soci\u00e9t\u00e9, et notamment sur les mentions y figurant.","og_url":"https:\/\/www.legalvision.fr\/guides-juridiques\/creer-son-entreprise\/proces-verbal-de-lassemblee-constitutive\/","og_site_name":"Guides juridiques","article_published_time":"2018-08-05T06:30:53+00:00","article_modified_time":"2023-10-19T13:56:38+00:00","og_image":[{"width":958,"height":350,"url":"https:\/\/www.legalvision.fr\/guides-juridiques\/wp-content\/uploads\/2018\/08\/proc\u00e8s-verbal-de-lassembl\u00e9e-constitutive-min.jpg","type":"image\/jpeg"}],"author":"Valentin Giandomenico","twitter_card":"summary_large_image","twitter_misc":{"\u00c9crit par":"Valentin Giandomenico","Dur\u00e9e de lecture estim\u00e9e":"8 minutes"},"schema":{"@context":"https:\/\/schema.org","@graph":[{"@type":"Article","@id":"https:\/\/www.legalvision.fr\/guides-juridiques\/creer-son-entreprise\/proces-verbal-de-lassemblee-constitutive\/#article","isPartOf":{"@id":"https:\/\/www.legalvision.fr\/guides-juridiques\/creer-son-entreprise\/proces-verbal-de-lassemblee-constitutive\/"},"author":{"name":"Valentin Giandomenico","@id":"https:\/\/www.legalvision.fr\/guides-juridiques\/#\/schema\/person\/67f95ffb60649ed460d4778154ac2031"},"headline":"La r\u00e9daction du proc\u00e8s verbal de l&rsquo;assembl\u00e9e constitutive d&rsquo;une soci\u00e9t\u00e9","datePublished":"2018-08-05T06:30:53+00:00","dateModified":"2023-10-19T13:56:38+00:00","mainEntityOfPage":{"@id":"https:\/\/www.legalvision.fr\/guides-juridiques\/creer-son-entreprise\/proces-verbal-de-lassemblee-constitutive\/"},"wordCount":1720,"commentCount":0,"publisher":{"@id":"https:\/\/www.legalvision.fr\/guides-juridiques\/#organization"},"image":{"@id":"https:\/\/www.legalvision.fr\/guides-juridiques\/creer-son-entreprise\/proces-verbal-de-lassemblee-constitutive\/#primaryimage"},"thumbnailUrl":"https:\/\/www.legalvision.fr\/guides-juridiques\/wp-content\/uploads\/2018\/08\/proc\u00e8s-verbal-de-lassembl\u00e9e-constitutive-min.jpg","articleSection":["Cr\u00e9er son entreprise"],"inLanguage":"fr-FR","potentialAction":[{"@type":"CommentAction","name":"Comment","target":["https:\/\/www.legalvision.fr\/guides-juridiques\/creer-son-entreprise\/proces-verbal-de-lassemblee-constitutive\/#respond"]}]},{"@type":"WebPage","@id":"https:\/\/www.legalvision.fr\/guides-juridiques\/creer-son-entreprise\/proces-verbal-de-lassemblee-constitutive\/","url":"https:\/\/www.legalvision.fr\/guides-juridiques\/creer-son-entreprise\/proces-verbal-de-lassemblee-constitutive\/","name":"Proc\u00e8s verbal de l'assembl\u00e9e constitutive d'une soci\u00e9t\u00e9","isPartOf":{"@id":"https:\/\/www.legalvision.fr\/guides-juridiques\/#website"},"primaryImageOfPage":{"@id":"https:\/\/www.legalvision.fr\/guides-juridiques\/creer-son-entreprise\/proces-verbal-de-lassemblee-constitutive\/#primaryimage"},"image":{"@id":"https:\/\/www.legalvision.fr\/guides-juridiques\/creer-son-entreprise\/proces-verbal-de-lassemblee-constitutive\/#primaryimage"},"thumbnailUrl":"https:\/\/www.legalvision.fr\/guides-juridiques\/wp-content\/uploads\/2018\/08\/proc\u00e8s-verbal-de-lassembl\u00e9e-constitutive-min.jpg","datePublished":"2018-08-05T06:30:53+00:00","dateModified":"2023-10-19T13:56:38+00:00","description":"LegalVision vous informe sur le proc\u00e8s verbal de l'assembl\u00e9e constitutive d'une soci\u00e9t\u00e9, et notamment sur les mentions y figurant.","breadcrumb":{"@id":"https:\/\/www.legalvision.fr\/guides-juridiques\/creer-son-entreprise\/proces-verbal-de-lassemblee-constitutive\/#breadcrumb"},"inLanguage":"fr-FR","potentialAction":[{"@type":"ReadAction","target":["https:\/\/www.legalvision.fr\/guides-juridiques\/creer-son-entreprise\/proces-verbal-de-lassemblee-constitutive\/"]}]},{"@type":"ImageObject","inLanguage":"fr-FR","@id":"https:\/\/www.legalvision.fr\/guides-juridiques\/creer-son-entreprise\/proces-verbal-de-lassemblee-constitutive\/#primaryimage","url":"https:\/\/www.legalvision.fr\/guides-juridiques\/wp-content\/uploads\/2018\/08\/proc\u00e8s-verbal-de-lassembl\u00e9e-constitutive-min.jpg","contentUrl":"https:\/\/www.legalvision.fr\/guides-juridiques\/wp-content\/uploads\/2018\/08\/proc\u00e8s-verbal-de-lassembl\u00e9e-constitutive-min.jpg","width":958,"height":350,"caption":"proc\u00e8s verbal de l'assembl\u00e9e constitutive"},{"@type":"BreadcrumbList","@id":"https:\/\/www.legalvision.fr\/guides-juridiques\/creer-son-entreprise\/proces-verbal-de-lassemblee-constitutive\/#breadcrumb","itemListElement":[{"@type":"ListItem","position":1,"name":"Accueil","item":"https:\/\/www.legalvision.fr\/guides-juridiques\/"},{"@type":"ListItem","position":2,"name":"Cr\u00e9er son entreprise","item":"https:\/\/www.legalvision.fr\/guides-juridiques\/creer-son-entreprise\/"},{"@type":"ListItem","position":3,"name":"La r\u00e9daction du proc\u00e8s verbal de l&rsquo;assembl\u00e9e constitutive d&rsquo;une soci\u00e9t\u00e9"}]},{"@type":"WebSite","@id":"https:\/\/www.legalvision.fr\/guides-juridiques\/#website","url":"https:\/\/www.legalvision.fr\/guides-juridiques\/","name":"Guides juridiques","description":"L&#039;information juridique \u00e0 destination des entreprises et TPE","publisher":{"@id":"https:\/\/www.legalvision.fr\/guides-juridiques\/#organization"},"potentialAction":[{"@type":"SearchAction","target":{"@type":"EntryPoint","urlTemplate":"https:\/\/www.legalvision.fr\/guides-juridiques\/?s={search_term_string}"},"query-input":{"@type":"PropertyValueSpecification","valueRequired":true,"valueName":"search_term_string"}}],"inLanguage":"fr-FR"},{"@type":"Organization","@id":"https:\/\/www.legalvision.fr\/guides-juridiques\/#organization","name":"Guides juridiques","url":"https:\/\/www.legalvision.fr\/guides-juridiques\/","logo":{"@type":"ImageObject","inLanguage":"fr-FR","@id":"https:\/\/www.legalvision.fr\/guides-juridiques\/#\/schema\/logo\/image\/","url":"https:\/\/www.legalvision.fr\/guides-juridiques\/wp-content\/uploads\/2022\/10\/LV-Logotype.png","contentUrl":"https:\/\/www.legalvision.fr\/guides-juridiques\/wp-content\/uploads\/2022\/10\/LV-Logotype.png","width":647,"height":125,"caption":"Guides juridiques"},"image":{"@id":"https:\/\/www.legalvision.fr\/guides-juridiques\/#\/schema\/logo\/image\/"}},{"@type":"Person","@id":"https:\/\/www.legalvision.fr\/guides-juridiques\/#\/schema\/person\/67f95ffb60649ed460d4778154ac2031","name":"Valentin Giandomenico","image":{"@type":"ImageObject","inLanguage":"fr-FR","@id":"https:\/\/www.legalvision.fr\/guides-juridiques\/#\/schema\/person\/image\/","url":"https:\/\/www.legalvision.fr\/guides-juridiques\/wp-content\/uploads\/2023\/07\/cropped-homme13-96x96.png","contentUrl":"https:\/\/www.legalvision.fr\/guides-juridiques\/wp-content\/uploads\/2023\/07\/cropped-homme13-96x96.png","caption":"Valentin Giandomenico"},"description":"Valentin est juriste au sein de LegalVision. Titulaire d'un M2 en droit des affaires, il s'int\u00e9resse tout particuli\u00e8rement au droit des soci\u00e9t\u00e9s.","url":"https:\/\/www.legalvision.fr\/guides-juridiques\/author\/valentin1\/"}]}},"_links":{"self":[{"href":"https:\/\/www.legalvision.fr\/guides-juridiques\/wp-json\/wp\/v2\/posts\/6644","targetHints":{"allow":["GET"]}}],"collection":[{"href":"https:\/\/www.legalvision.fr\/guides-juridiques\/wp-json\/wp\/v2\/posts"}],"about":[{"href":"https:\/\/www.legalvision.fr\/guides-juridiques\/wp-json\/wp\/v2\/types\/post"}],"author":[{"embeddable":true,"href":"https:\/\/www.legalvision.fr\/guides-juridiques\/wp-json\/wp\/v2\/users\/18"}],"replies":[{"embeddable":true,"href":"https:\/\/www.legalvision.fr\/guides-juridiques\/wp-json\/wp\/v2\/comments?post=6644"}],"version-history":[{"count":3,"href":"https:\/\/www.legalvision.fr\/guides-juridiques\/wp-json\/wp\/v2\/posts\/6644\/revisions"}],"predecessor-version":[{"id":40113,"href":"https:\/\/www.legalvision.fr\/guides-juridiques\/wp-json\/wp\/v2\/posts\/6644\/revisions\/40113"}],"wp:featuredmedia":[{"embeddable":true,"href":"https:\/\/www.legalvision.fr\/guides-juridiques\/wp-json\/wp\/v2\/media\/23374"}],"wp:attachment":[{"href":"https:\/\/www.legalvision.fr\/guides-juridiques\/wp-json\/wp\/v2\/media?parent=6644"}],"wp:term":[{"taxonomy":"category","embeddable":true,"href":"https:\/\/www.legalvision.fr\/guides-juridiques\/wp-json\/wp\/v2\/categories?post=6644"},{"taxonomy":"post_tag","embeddable":true,"href":"https:\/\/www.legalvision.fr\/guides-juridiques\/wp-json\/wp\/v2\/tags?post=6644"}],"curies":[{"name":"wp","href":"https:\/\/api.w.org\/{rel}","templated":true}]}}