{"id":6500,"date":"2018-07-29T07:30:36","date_gmt":"2018-07-29T06:30:36","guid":{"rendered":"https:\/\/blog.legalvision.fr\/?p=6500"},"modified":"2024-01-30T16:27:53","modified_gmt":"2024-01-30T15:27:53","slug":"assemblee-generale","status":"publish","type":"post","link":"https:\/\/www.legalvision.fr\/guides-juridiques\/gerer-une-entreprise\/assemblee-generale\/","title":{"rendered":"L&rsquo;assembl\u00e9e g\u00e9n\u00e9rale d&rsquo;une soci\u00e9t\u00e9 commerciale"},"content":{"rendered":"\t\t<div data-elementor-type=\"wp-post\" data-elementor-id=\"6500\" class=\"elementor elementor-6500\" data-elementor-post-type=\"post\">\n\t\t\t\t<div data-particle_enable=\"false\" data-particle-mobile-disabled=\"false\" class=\"elementor-element elementor-element-7c662dd e-flex e-con-boxed e-con e-parent\" data-id=\"7c662dd\" data-element_type=\"container\" data-e-type=\"container\">\n\t\t\t\t\t<div class=\"e-con-inner\">\n\t\t\t\t<div class=\"elementor-element elementor-element-b74e5e2 elementor-widget elementor-widget-text-editor\" data-id=\"b74e5e2\" data-element_type=\"widget\" data-e-type=\"widget\" data-widget_type=\"text-editor.default\">\n\t\t\t\t<div class=\"elementor-widget-container\">\n\t\t\t\t\t\t\t\t\t<p>La vie de l&rsquo;entreprise est rythm\u00e9e par des prises de d\u00e9cisions. Or, quand cette entreprise est une soci\u00e9t\u00e9, les d\u00e9cisions les plus importantes devront \u00eatre adopt\u00e9es au cours d&rsquo;une <strong>assembl\u00e9e g\u00e9n\u00e9rale (AG)<\/strong>.<\/p><p><strong>Qu&rsquo;est-ce que l&rsquo;assembl\u00e9e g\u00e9n\u00e9rale ?<\/strong> L&rsquo;assembl\u00e9e g\u00e9n\u00e9rale d&rsquo;une soci\u00e9t\u00e9 organisera la r\u00e9union des associ\u00e9s, lesquels pourront exprimer un vote quant \u00e0 des sujets port\u00e9s au d\u00e9bat. Ainsi, m\u00eame si le <a href=\"https:\/\/blog.legalvision.fr\/2017\/05\/15\/associes-dirigeants-societe\/\">dirigeant de la soci\u00e9t\u00e9<\/a> peut assurer sa gestion pour les op\u00e9rations courantes, les d\u00e9cisions de plus grande envergure sont laiss\u00e9es, dans la majorit\u00e9 des cas, au discernement des associ\u00e9s.<\/p><p>Mais alors, <strong>comment organiser une assembl\u00e9e g\u00e9n\u00e9rale ?\u00a0<\/strong><\/p><h3><strong>Sommaire :\u00a0<\/strong><\/h3><p><a href=\"#1\"><strong>I\/ Les diff\u00e9rents types d&rsquo;assembl\u00e9es g\u00e9n\u00e9rales<\/strong><\/a><br \/><a href=\"#2\"><strong>II\/ L&rsquo;organisation de l&rsquo;assembl\u00e9e g\u00e9n\u00e9rale\u00a0<\/strong><\/a><br \/><a href=\"#3\"><strong>III\/ La prise d\u00e9cision en assembl\u00e9e g\u00e9n\u00e9rale\u00a0<\/strong><\/a><\/p><p>\u00a0<\/p>\t\t\t\t\t\t\t\t<\/div>\n\t\t\t\t<\/div>\n\t\t\t\t\t<\/div>\n\t\t\t\t<\/div>\n\t\t<div data-particle_enable=\"false\" data-particle-mobile-disabled=\"false\" class=\"elementor-element elementor-element-27de6642 e-flex e-con-boxed e-con e-parent\" data-id=\"27de6642\" data-element_type=\"container\" data-e-type=\"container\">\n\t\t\t\t\t<div class=\"e-con-inner\">\n\t\t\t\t<div class=\"elementor-element elementor-element-7bd60bf2 elementor-widget elementor-widget-heading\" data-id=\"7bd60bf2\" data-element_type=\"widget\" data-e-type=\"widget\" data-widget_type=\"heading.default\">\n\t\t\t\t<div class=\"elementor-widget-container\">\n\t\t\t\t\t<h2 class=\"elementor-heading-title elementor-size-default\">Nos outils pour vous aider : <\/h2>\t\t\t\t<\/div>\n\t\t\t\t<\/div>\n\t\t\t\t\t<\/div>\n\t\t\t\t<\/div>\n\t\t<div data-particle_enable=\"false\" data-particle-mobile-disabled=\"false\" class=\"elementor-element elementor-element-7df0c3b3 e-flex e-con-boxed e-con e-parent\" data-id=\"7df0c3b3\" data-element_type=\"container\" data-e-type=\"container\">\n\t\t\t\t\t<div class=\"e-con-inner\">\n\t\t<div data-particle_enable=\"false\" data-particle-mobile-disabled=\"false\" class=\"elementor-element elementor-element-2194b0e3 e-con-full e-flex e-con e-child\" data-id=\"2194b0e3\" data-element_type=\"container\" data-e-type=\"container\">\n\t\t\t\t<div class=\"elementor-element elementor-element-4a877048 elementor-widget elementor-widget-button\" data-id=\"4a877048\" data-element_type=\"widget\" data-e-type=\"widget\" data-widget_type=\"button.default\">\n\t\t\t\t<div class=\"elementor-widget-container\">\n\t\t\t\t\t\t\t\t\t<div class=\"elementor-button-wrapper\">\n\t\t\t\t\t<a class=\"elementor-button elementor-button-link elementor-size-sm\" href=\"https:\/\/leonard.fr\/juridique\/services\/?utm_source=blog&#038;utm_medium=CTA&#038;utm_campaign=assemblee_generale_societe+commerciale&#038;utm_id=services_blog\" target=\"_blank\">\n\t\t\t\t\t\t<span class=\"elementor-button-content-wrapper\">\n\t\t\t\t\t\t\t\t\t<span class=\"elementor-button-text\">Modifier votre soci\u00e9t\u00e9 en ligne<\/span>\n\t\t\t\t\t<\/span>\n\t\t\t\t\t<\/a>\n\t\t\t\t<\/div>\n\t\t\t\t\t\t\t\t<\/div>\n\t\t\t\t<\/div>\n\t\t\t\t<\/div>\n\t\t<div data-particle_enable=\"false\" data-particle-mobile-disabled=\"false\" class=\"elementor-element elementor-element-5e2ceea8 e-con-full e-flex e-con e-child\" data-id=\"5e2ceea8\" data-element_type=\"container\" data-e-type=\"container\">\n\t\t\t\t<div class=\"elementor-element elementor-element-22e549e6 elementor-widget elementor-widget-button\" data-id=\"22e549e6\" data-element_type=\"widget\" data-e-type=\"widget\" data-widget_type=\"button.default\">\n\t\t\t\t<div class=\"elementor-widget-container\">\n\t\t\t\t\t\t\t\t\t<div class=\"elementor-button-wrapper\">\n\t\t\t\t\t<a class=\"elementor-button elementor-button-link elementor-size-sm\" href=\"https:\/\/meetings.hubspot.com\/global\/leonard-rendez-vous-gratuit-avec-un-juriste?utm_source=blog&#038;utm_medium=CTA&#038;utm_campaign=assemblee_generale_societe+commerciale&#038;utm_id=services_blog\" target=\"_blank\">\n\t\t\t\t\t\t<span class=\"elementor-button-content-wrapper\">\n\t\t\t\t\t\t\t\t\t<span class=\"elementor-button-text\">Soyez rappel\u00e9 par un juriste gratuitement<\/span>\n\t\t\t\t\t<\/span>\n\t\t\t\t\t<\/a>\n\t\t\t\t<\/div>\n\t\t\t\t\t\t\t\t<\/div>\n\t\t\t\t<\/div>\n\t\t\t\t<\/div>\n\t\t<div data-particle_enable=\"false\" data-particle-mobile-disabled=\"false\" class=\"elementor-element elementor-element-12ee3104 e-con-full e-flex e-con e-child\" data-id=\"12ee3104\" data-element_type=\"container\" data-e-type=\"container\">\n\t\t\t\t<div class=\"elementor-element elementor-element-40346f8 elementor-widget elementor-widget-button\" data-id=\"40346f8\" data-element_type=\"widget\" data-e-type=\"widget\" data-widget_type=\"button.default\">\n\t\t\t\t<div class=\"elementor-widget-container\">\n\t\t\t\t\t\t\t\t\t<div class=\"elementor-button-wrapper\">\n\t\t\t\t\t<a class=\"elementor-button elementor-button-link elementor-size-sm\" href=\"https:\/\/meetings.hubspot.com\/alexis-egron\/audit-juridique-gratuit?utm_source=blog&#038;utm_medium=CTA&#038;utm_campaign=assemblee_generale_societe+commerciale&#038;utm_id=services_blog\" target=\"_blank\">\n\t\t\t\t\t\t<span class=\"elementor-button-content-wrapper\">\n\t\t\t\t\t\t\t\t\t<span class=\"elementor-button-text\">Votre audit juridique gratuit en ligne<\/span>\n\t\t\t\t\t<\/span>\n\t\t\t\t\t<\/a>\n\t\t\t\t<\/div>\n\t\t\t\t\t\t\t\t<\/div>\n\t\t\t\t<\/div>\n\t\t\t\t<\/div>\n\t\t\t\t\t<\/div>\n\t\t\t\t<\/div>\n\t\t<div data-particle_enable=\"false\" data-particle-mobile-disabled=\"false\" class=\"elementor-element elementor-element-4297378f e-con-full e-flex e-con e-parent\" data-id=\"4297378f\" data-element_type=\"container\" data-e-type=\"container\">\n\t\t\t\t<div class=\"elementor-element elementor-element-2c6164c9 elementor-widget elementor-widget-text-editor\" data-id=\"2c6164c9\" data-element_type=\"widget\" data-e-type=\"widget\" data-widget_type=\"text-editor.default\">\n\t\t\t\t<div class=\"elementor-widget-container\">\n\t\t\t\t\t\t\t\t\t<p><\/p>\n<h2 id=\"1\">&nbsp;<\/h2>\n<h2 id=\"1\">I\/&nbsp;Les diff\u00e9rents types d&rsquo;assembl\u00e9es g\u00e9n\u00e9rales<\/h2>\n<p>Les assembl\u00e9es rythment la vie des soci\u00e9t\u00e9s.<\/p>\n<p>Ainsi, \u00e0 son commencement, il peut \u00eatre n\u00e9cessaire de convoquer une <strong>assembl\u00e9e g\u00e9n\u00e9rale constitutive<\/strong>. En effet, cela sera m\u00eame obligatoire pour les soci\u00e9t\u00e9s anonymes faisant un appel public \u00e0 l&rsquo;\u00e9pargne. Encore, cette assembl\u00e9e permettra aux associ\u00e9s de se prononcer sur les statuts, voire d&rsquo;y adh\u00e9rer, et de proc\u00e9der \u00e0 des nominations. Ainsi, il conviendra de nommer les dirigeants et les commissaires aux comptes, si besoin. Ces informations seront retranscrites dans un proc\u00e8s verbal de l&rsquo;assembl\u00e9e g\u00e9n\u00e9rale constitutive. Cela participera de la <a href=\"https:\/\/www.legalvision.fr\/creation-dentreprise\/\"><strong>cr\u00e9ation de la soci\u00e9t\u00e9<\/strong><\/a>.<\/p>\n<p>Encore, la soci\u00e9t\u00e9 connait l&rsquo;<strong>assembl\u00e9e g\u00e9n\u00e9rale ordinaire<\/strong> (AGO). Il s&rsquo;agit d&rsquo;une r\u00e9union des associ\u00e9s <a href=\"https:\/\/www.legifrance.gouv.fr\/affichCodeArticle.do?cidTexte=LEGITEXT000005634379&amp;idArticle=LEGIARTI000006224725&amp;dateTexte=&amp;categorieLien=cid\">au moins une fois par an<\/a>. Celle-ci intervient dans les 6 mois de la cl\u00f4ture d&rsquo;un exercice social afin de proc\u00e9der \u00e0 l&rsquo;<a href=\"https:\/\/www.legalvision.fr\/approbation-des-comptes\/\"><strong>approbation des comptes<\/strong><\/a>. Encore, c&rsquo;est durant cette AGO que les associ\u00e9s d\u00e9cident de l&rsquo;affectation du r\u00e9sultat. Ainsi, ils peuvent d\u00e9cider de mettre les b\u00e9n\u00e9fices en r\u00e9serves, ou de les distribuer sous forme de dividendes. Encore, c&rsquo;est lors de l&rsquo;AGO que les associ\u00e9s peut d\u00e9cider d&rsquo;un <a href=\"https:\/\/www.legalvision.fr\/modification-statuts\/changement-de-dirigeant\/\"><strong>changement de dirigeant<\/strong><\/a>.<\/p>\n<p>Enfin, il&nbsp;est possible de convoquer une<strong> assembl\u00e9e g\u00e9n\u00e9rale extraordinaire<\/strong> (AGE). Une telle AGE devra \u00eatre convoqu\u00e9e d\u00e8s lors qu&rsquo;il s&rsquo;agira de <a href=\"https:\/\/www.legalvision.fr\/modification-statuts\/\"><strong>modifier les statuts<\/strong><\/a> de la soci\u00e9t\u00e9, ou encore de d\u00e9cider de la <a href=\"https:\/\/www.legalvision.fr\/modification-statuts\/dissolution-liquidation\/\"><strong>dissolution de la soci\u00e9t\u00e9<\/strong><\/a>.<\/p>\n<h2 id=\"2\">&nbsp;<\/h2>\n<h2 id=\"2\">II\/&nbsp;L&rsquo;organisation de l&rsquo;assembl\u00e9e g\u00e9n\u00e9rale<\/h2>\n<h3>A) La convocation \u00e0 l&rsquo;assembl\u00e9e g\u00e9n\u00e9rale<\/h3>\n<p>Avant de pouvoir prendre des d\u00e9cisions, il conviendra de <a href=\"https:\/\/blog.legalvision.fr\/2017\/07\/27\/convocation-des-associes-dune-sarl-par-lrar\/\">convoquer l&rsquo;AG<\/a>. Ainsi, il faut savoir comment convoquer une assembl\u00e9e g\u00e9n\u00e9rale extraordinaire ou ordinaire. En outre, il est possible de faire une <strong>assembl\u00e9e g\u00e9n\u00e9rale ordinaire et extraordinaire le m\u00eame jour<\/strong>. En effet, ces deux AG se font souvent l&rsquo;une \u00e0 la suite de l&rsquo;autre.<\/p>\n<h4>&nbsp;<\/h4>\n<h4>Qui peut convoquer une assembl\u00e9e g\u00e9n\u00e9rale ?<\/h4>\n<p>Seules certaines personnes habilit\u00e9es \u00e0 cela peuvent proc\u00e9der \u00e0 la <strong>convocation d&rsquo;une assembl\u00e9e g\u00e9n\u00e9rale<\/strong> extraordinaire ou ordinaire. Ainsi, seuls les dirigeants, notamment le g\u00e9rant d&rsquo;une SARL ou le pr\u00e9sident d&rsquo;une SAS, peuvent convoquer l&rsquo;AG. Encore, le commissaire aux comptes, s&rsquo;il est nomm\u00e9, peut proc\u00e9der \u00e0 la convocation de l&rsquo;AG. Cela sera \u00e9galement le cas pour le liquidateur, dans le cadre d&rsquo;une soci\u00e9t\u00e9 en cours de liquidation. Encore, les associ\u00e9s peuvent demander \u00e0 l&rsquo;une de ces personnes la convocation de l&rsquo;AG.<\/p>\n<p>En outre, il est possible pour un associ\u00e9 de demander au juge la nomination d&rsquo;un mandataire aux fins de convoquer l&rsquo;assembl\u00e9e g\u00e9n\u00e9rale. Cela interviendra, notamment, si le dirigeant n&rsquo;a pas rempli ses obligations de convocation de l&rsquo;AG dans les d\u00e9lais.<\/p>\n<p>Aussi, en cas de d\u00e9c\u00e8s de l&rsquo;unique dirigeant, n&rsquo;importe lequel des associ\u00e9s peut convoquer une assembl\u00e9e pour proc\u00e9der au remplacement du dirigeant d\u00e9funt.<\/p>\n<p>Encore, mis \u00e0 part la demande d&rsquo;assembl\u00e9e g\u00e9n\u00e9rale extraordinaire ou ordinaire, certains associ\u00e9s peuvent demander \u00e0 ce que des r\u00e9solutions soient inscrites \u00e0 l&rsquo;ordre du jour de l&rsquo;AG.<\/p>\n<p>Outre les associ\u00e9s, s&rsquo;il est nomm\u00e9, il faudra assurer la convocation du commissaire aux comptes \u00e0 l&rsquo;assembl\u00e9e g\u00e9n\u00e9rale.<\/p>\n<h4>&nbsp;<\/h4>\n<h4>Quel est le d\u00e9lai de convocation d&rsquo;une assembl\u00e9e g\u00e9n\u00e9rale ?<\/h4>\n<p>Le d\u00e9lai normal de convocation d&rsquo;une AG est de deux semaines. N\u00e9anmoins, les statuts peuvent pr\u00e9voir un d\u00e9lai plus long.<\/p>\n<p>Concernant le <strong>d\u00e9lai de convocation pour une assembl\u00e9e g\u00e9n\u00e9rale extraordinaire<\/strong>, celui-ci est de 21 jours. Ainsi, la convocation doit intervenir au moins 21 jours avant la tenue de l&rsquo;AGE. Toutefois, ce d\u00e9lai peut \u00eatre raccourci s&rsquo;il est n\u00e9cessaire de d\u00e9lib\u00e9rer dans un d\u00e9lai plus bref.<\/p>\n<p>Enfin, il convient de noter que <strong>le non respect du d\u00e9lai de convocation d&rsquo;une assembl\u00e9e g\u00e9n\u00e9rale peut entra\u00eener sa contestation<\/strong>. Or, cette contestation peut aboutir \u00e0 la nullit\u00e9 des d\u00e9lib\u00e9rations prises lors de l&rsquo;AG.<\/p>\n<h4>&nbsp;<\/h4>\n<h4>Quelle forme doit adopter la convocation \u00e0 l&rsquo;AG ?<\/h4>\n<p>De mani\u00e8re classique, la convocation est adress\u00e9e par lettre recommand\u00e9e avec accus\u00e9 de r\u00e9ception. Toutefois, il peut \u00eatre recouru \u00e0 d&rsquo;autres modes de convocation de l&rsquo;assembl\u00e9e g\u00e9n\u00e9rale. Ainsi, les statuts d&rsquo;une SAS, par exemple, pourraient pr\u00e9voir que la convocation serait adress\u00e9e par mail. Encore, il est possible que la convocation doive \u00eatre adress\u00e9e par la voie d&rsquo;un insertion dans un journal d&rsquo;annonces l\u00e9gales.<\/p>\n<p>Encore, la convocation devra comporter certaines indications, notamment :<\/p>\n<ul>\n<li>L&rsquo;indication de s&rsquo;il s&rsquo;agit d&rsquo;une AGO ou d&rsquo;une AGE ;<\/li>\n<li>La mention de l&rsquo;ordre du jour de l&rsquo;assembl\u00e9e ;<\/li>\n<li>L&rsquo;heure, la date, ainsi que le lieu o\u00f9 se tiendra la r\u00e9union ;<\/li>\n<li>Et&nbsp;les r\u00e9solutions sur lesquelles porteront les discussions.<\/li>\n<\/ul>\n<p>En outre, il conviendra de joindre un formulaire de procuration. Celui-ci permettra \u00e0 un associ\u00e9 absent le jour de l&rsquo;assembl\u00e9e de se faire repr\u00e9senter par l&rsquo;un de ses pairs.<\/p>\n<p>Encore, il conviendra de transmettre toute une s\u00e9rie de documents n\u00e9cessaires \u00e0 la pr\u00e9paration de l&rsquo;assembl\u00e9e g\u00e9n\u00e9rale. En effet, les associ\u00e9s doivent se voir donner la possibilit\u00e9 de d\u00e9lib\u00e9rer efficacement lors de l&rsquo;AG. Or, pour cela il leur est n\u00e9cessaire de disposer de certaines informations. Ainsi, dans le cadre d\u2019une AGO annuelle d&rsquo;approbation des comptes, il conviendra de joindre, notamment :<\/p>\n<ul>\n<li>Un exemplaire des comptes annuels ;<\/li>\n<li>Un rapport de gestion ;<\/li>\n<li>Ainsi qu&rsquo;un inventaire ;<\/li>\n<li>Et, \u00e9ventuellement, les rapports des commissaires aux comptes s&rsquo;ils sont en fonction.<\/li>\n<\/ul>\n<p>Encore, il sera n\u00e9cessaire de transmettre l&rsquo;information des r\u00e9solutions qui seront propos\u00e9es au vote. Ainsi, les associ\u00e9s pourront savoir sur quoi ils voteront, et pourront s&rsquo;informer en amont de l&rsquo;assembl\u00e9e, ce qui leur permettra d\u2019anticiper leur d\u00e9cision.<\/p>\n<h3>&nbsp;<\/h3>\n<h3>B) Le d\u00e9roulement de l&rsquo;assembl\u00e9e g\u00e9n\u00e9rale avant le vote<\/h3>\n<p>Une fois l&rsquo;AG convoqu\u00e9e et sa date arriv\u00e9e, il appartiendra aux associ\u00e9s de se pr\u00e9senter au lieu de rendez-vous. Alors, l&rsquo;AG pourra se d\u00e9rouler, mais non sans passer par quelques formalit\u00e9s et v\u00e9rifications pr\u00e9alables.<\/p>\n<h4>&nbsp;<\/h4>\n<h4>Le bureau de l&rsquo;assembl\u00e9e<\/h4>\n<p>Pour commencer, il pourra \u00eatre n\u00e9cessaire, notamment pour les soci\u00e9t\u00e9s anonymes, de nommer les membres du bureau de l&rsquo;assembl\u00e9e. Encore, les statuts d&rsquo;une SAS peuvent pr\u00e9voir la constitution d&rsquo;un tel bureau. C&rsquo;est \u00e0 ce bureau qu&rsquo;incombera de veiller le bon d\u00e9roulement de l&rsquo;AG.<\/p>\n<p>De mani\u00e8re classique, ce bureau comporte \u00e0 sa t\u00eate le dirigeant de la soci\u00e9t\u00e9, notamment le pr\u00e9sident pour une SA ou une SAS.<\/p>\n<p>Encore, il comptera parmi ses membres deux scrutateurs. Ces personnes sont souvent les associ\u00e9s d\u00e9tenant le plus grand nombre de droits de vote. Il leur incombera d&rsquo;effectuer le d\u00e9pouillement et le comptage des votes.<\/p>\n<p>Enfin, il conviendra de nommer un secr\u00e9taire. Celui-ci assurera, notamment, des fonctions de r\u00e9daction. Ainsi, la r\u00e9daction du proc\u00e8s verbal de l&rsquo;assembl\u00e9e pourra lui \u00eatre confi\u00e9e.<\/p>\n<h4>&nbsp;<\/h4>\n<h4>Le quorum<\/h4>\n<p>Avant de pouvoir exprimer un vote lors d&rsquo;une assembl\u00e9e g\u00e9n\u00e9rale, il est n\u00e9cessaire de v\u00e9rifier qu&rsquo;un quorum est atteint. Ainsi, il s&rsquo;agira de v\u00e9rifier qu&rsquo;une certaine quantit\u00e9 d&rsquo;associ\u00e9s, en fonction du nombre de parts sociales qu&rsquo;ils d\u00e9tiennent, sont pr\u00e9sents ou repr\u00e9sent\u00e9s. Les associ\u00e9s pr\u00e9sents sont ceux s&rsquo;\u00e9tant d\u00e9plac\u00e9s ; les associ\u00e9s repr\u00e9sent\u00e9s sont ceux ayant sign\u00e9 une procuration de vote.<\/p>\n<p>Le quorum&nbsp;\u00e0 respecter sera celui <a href=\"https:\/\/www.legifrance.gouv.fr\/affichCodeArticle.do?idArticle=LEGIARTI000020148459&amp;cidTexte=LEGITEXT000005634379&amp;dateTexte=20150731\">pr\u00e9vu par la loi<\/a> ou par les statuts de la soci\u00e9t\u00e9. Ainsi, dans le cas d&rsquo;une <a href=\"https:\/\/www.legifrance.gouv.fr\/affichCodeArticle.do?idArticle=LEGIARTI000029946665&amp;cidTexte=LEGITEXT000005634379\">SARL<\/a>, si celle-ci a \u00e9t\u00e9 constitu\u00e9e \u00e0 partir du 4 ao\u00fbt 2005, le quorum \u00e0 respecter pour une AGE sera :<\/p>\n<ul>\n<li>De 1\/4 des parts sociales sur premi\u00e8re convocation ;<\/li>\n<li>De 1\/5 des parts sociales sur seconde convocation.<\/li>\n<\/ul>\n<p>\u00c0 d\u00e9faut de r\u00e9unir un tel quorum, il y aura report d&rsquo;une assembl\u00e9e g\u00e9n\u00e9rale \u00e0 une date ult\u00e9rieure. Encore, il sera possible \u00e0 toute personne de demander en justice de revenir sur une d\u00e9cision d&rsquo;assembl\u00e9e g\u00e9n\u00e9rale extraordinaire si celle-ci a \u00e9t\u00e9 prise sans respecter le quorum requis.<\/p>\n<p>Encore, dans le cas d&rsquo;une SAS, ce sont les statuts qui pourront fixer le quorum de l&rsquo;assembl\u00e9e g\u00e9n\u00e9rale ordinaire ou extraordinaire.<\/p>\n<p>Afin de s&rsquo;assurer de ce quorum, il appartiendra aux membres du bureau de proc\u00e9der \u00e0 des v\u00e9rifications et au comptage des participants. \u00e0 cette fin, il est possible de pr\u00e9voir un \u00e9margement de la part des associ\u00e9s avant le d\u00e9but de l&rsquo;assembl\u00e9e g\u00e9n\u00e9rale.<\/p>\n<h2 id=\"3\">&nbsp;<\/h2>\n<h2 id=\"3\">III\/&nbsp;La prise de d\u00e9cision en assembl\u00e9e g\u00e9n\u00e9rale<\/h2>\n<p><strong>Comment se d\u00e9roule une assembl\u00e9e g\u00e9n\u00e9rale ?&nbsp;<\/strong>Une fois les associ\u00e9s r\u00e9unis, il leur sera possible de voter sur les r\u00e9solutions. Or, certains de ces r\u00e9solutions peuvent \u00eatre de l&rsquo;initiative des associ\u00e9s.<\/p>\n<p>Ensuite, il conviendra d&rsquo;\u00e9tablir un proc\u00e8s verbal et de mettre \u00e0 jour des registres. Enfin, il est possible que des formalit\u00e9s doivent \u00eatre accomplies, notamment aupr\u00e8s du greffe.<\/p>\n<p><strong>&nbsp;<\/strong><\/p>\n<p><strong>Qui peut assister \u00e0 une assembl\u00e9e g\u00e9n\u00e9rale ?<\/strong> Seuls les associ\u00e9s, les commissaires aux comptes et les dirigeants de la soci\u00e9t\u00e9 peuvent assister \u00e0 l&rsquo;AG.<\/p>\n<h3><br><\/h3><h3>A) Le vote lors d&rsquo;une assembl\u00e9e g\u00e9n\u00e9rale<\/h3>\n<p>Les r\u00e9solutions inscrites \u00e0 l&rsquo;ordre du jour de l&rsquo;assembl\u00e9e g\u00e9n\u00e9rale ordinaire ou extraordinaire seront soumises au vote des associ\u00e9s pr\u00e9sents ou repr\u00e9sent\u00e9s. Les conditions de majorit\u00e9 devront \u00eatre respect\u00e9es, selon ce qui est pr\u00e9vu par la loi ou les statuts.<\/p>\n<p>Classiquement, une majorit\u00e9 simple est exig\u00e9e pour les d\u00e9cisions d&rsquo;AGO (50% plus 1 voix), alors qu&rsquo;une majorit\u00e9 qualifi\u00e9e est exig\u00e9e pour les AGE (par exemple, les 2\/3 des voix).<\/p>\n<h3>&nbsp;<\/h3>\n<h3>B) R\u00e9diger un proc\u00e8s verbal d&rsquo;assembl\u00e9e g\u00e9n\u00e9rale<\/h3>\n<p>Un PV d&rsquo;AG devra \u00eatre r\u00e9dig\u00e9 au terme de la r\u00e9union. Il est possible d&rsquo;en trouver des <a href=\"https:\/\/www.entreprises.cci-paris-idf.fr\/web\/reglementation\/contrats-modeles\/societes\/assemblee-sarl\/proces-verbal-assemblee-generale-extraordinaire\">mod\u00e8les de PV<\/a>, notamment pour les AG de dissolution.<\/p>\n<p><strong>Comment r\u00e9diger un <a href=\"https:\/\/blog.legalvision.fr\/2018\/06\/26\/pv-d-assemblee-generale\/\">PV d&rsquo;assembl\u00e9e<\/a> g\u00e9n\u00e9rale ?<\/strong><\/p>\n<p>Il s&rsquo;agira de faire un compte rendu de toutes les d\u00e9cisions adopt\u00e9es lors de l&rsquo;AG. Ainsi, le PV devra mentionner :<\/p>\n<ul>\n<li>La date de l&rsquo;AG ;<\/li>\n<li>Le lieu o\u00f9 s&rsquo;est tenue l&rsquo;AG ;<\/li>\n<li>L&rsquo;identit\u00e9 des associ\u00e9s pr\u00e9sents ou repr\u00e9sent\u00e9s \u00e0 l&rsquo;AG ;<\/li>\n<li>Le r\u00e9sum\u00e9 des d\u00e9bats ;<\/li>\n<li>Les r\u00e9solutions et d\u00e9cisions soumises au vote des associ\u00e9s, ainsi que le r\u00e9sultat de ces votes.<\/li>\n<\/ul>\n<p>Encore, ce PV devra \u00eatre sign\u00e9. Ainsi, les membres du bureau, s&rsquo;il est mis en place, devront signer le PV. Sinon, la signature incombe au dirigeant de la soci\u00e9t\u00e9.<\/p>\n<h3>&nbsp;<\/h3>\n<h3>C) La tenue du registre d&rsquo;assembl\u00e9e g\u00e9n\u00e9rale<\/h3>\n<p><strong>Comment remplir un registre d&rsquo;assembl\u00e9e g\u00e9n\u00e9rale ?<\/strong>&nbsp;Une fois les d\u00e9cisions adopt\u00e9es et le PV dress\u00e9, il conviendra de retranscrire ce dernier sur l&rsquo;une des pages du registre d&rsquo;AG. Le registre des assembl\u00e9es g\u00e9n\u00e9rales retrace toutes les d\u00e9cisions prises. Il est <a href=\"https:\/\/www.service-public.fr\/professionnels-entreprises\/vosdroits\/F31216\">cot\u00e9 et paraph\u00e9<\/a>, ce qui emp\u00eache sa falsification et les modifications a posteriori.<\/p>\n<h3>&nbsp;<\/h3>\n<h3>D) Les formalit\u00e9s suite aux d\u00e9cisions adopt\u00e9es<\/h3>\n<p>D\u00e8s lors qu&rsquo;une d\u00e9cision adopt\u00e9e en AG entra\u00eene une modification des statuts, il conviendra d&rsquo;accomplir des formalit\u00e9s. Ainsi, il sera n\u00e9cessaire de publier un avis dans un journal d&rsquo;annonces l\u00e9gales. Ensuite, il conviendra d&rsquo;effectuer des formalit\u00e9s aupr\u00e8s du greffe dont d\u00e9pend la soci\u00e9t\u00e9. Ces formalit\u00e9s permettront de mettre \u00e0 jour les informations relatives \u00e0 la soci\u00e9t\u00e9, lesquelles sont accessibles au public.<\/p>\n<p>Aussi, il convient de noter que le d\u00e9faut dans l&rsquo;accomplissement de ces formalit\u00e9s entra\u00eenera des p\u00e9nalit\u00e9s voire, dans les cas les plus graves, des radiations d&rsquo;office de la soci\u00e9t\u00e9.<\/p>\n<p><\/p>\n<p><\/p>\t\t\t\t\t\t\t\t<\/div>\n\t\t\t\t<\/div>\n\t\t\t\t<div class=\"elementor-element elementor-element-ab4ef7c elementor-align-center elementor-widget elementor-widget-button\" data-id=\"ab4ef7c\" data-element_type=\"widget\" data-e-type=\"widget\" data-widget_type=\"button.default\">\n\t\t\t\t<div class=\"elementor-widget-container\">\n\t\t\t\t\t\t\t\t\t<div class=\"elementor-button-wrapper\">\n\t\t\t\t\t<a class=\"elementor-button elementor-button-link elementor-size-sm\" href=\"https:\/\/leonard.fr\/juridique\/services\/?utm_source=blog&#038;utm_medium=CTA&#038;utm_campaign=assemblee_generale_societe+commerciale&#038;utm_id=services_blog\">\n\t\t\t\t\t\t<span class=\"elementor-button-content-wrapper\">\n\t\t\t\t\t\t\t\t\t<span class=\"elementor-button-text\">Modifier votre soci\u00e9t\u00e9 en ligne<\/span>\n\t\t\t\t\t<\/span>\n\t\t\t\t\t<\/a>\n\t\t\t\t<\/div>\n\t\t\t\t\t\t\t\t<\/div>\n\t\t\t\t<\/div>\n\t\t\t\t<\/div>\n\t\t\t\t<\/div>\n\t\t","protected":false},"excerpt":{"rendered":"<p>La vie de l&rsquo;entreprise est rythm\u00e9e par des prises de d\u00e9cisions. Or, quand cette entreprise est une soci\u00e9t\u00e9, les d\u00e9cisions les plus importantes devront \u00eatre adopt\u00e9es au cours d&rsquo;une assembl\u00e9e g\u00e9n\u00e9rale (AG). Qu&rsquo;est-ce que l&rsquo;assembl\u00e9e g\u00e9n\u00e9rale ? L&rsquo;assembl\u00e9e g\u00e9n\u00e9rale d&rsquo;une soci\u00e9t\u00e9 organisera la r\u00e9union des associ\u00e9s, lesquels pourront exprimer un vote quant \u00e0 des sujets&hellip; <a class=\"more-link\" href=\"https:\/\/www.legalvision.fr\/guides-juridiques\/gerer-une-entreprise\/assemblee-generale\/\">Poursuivre la lecture <span class=\"screen-reader-text\">L&rsquo;assembl\u00e9e g\u00e9n\u00e9rale d&rsquo;une soci\u00e9t\u00e9 commerciale<\/span><\/a><\/p>\n","protected":false},"author":18,"featured_media":22920,"comment_status":"open","ping_status":"open","sticky":false,"template":"","format":"standard","meta":{"content-type":"","inline_featured_image":false,"footnotes":""},"categories":[2502],"tags":[],"class_list":["post-6500","post","type-post","status-publish","format-standard","has-post-thumbnail","hentry","category-gerer-une-entreprise","entry"],"yoast_head":"<!-- This site is optimized with the Yoast SEO plugin v27.1.1 - https:\/\/yoast.com\/product\/yoast-seo-wordpress\/ -->\n<title>Assembl\u00e9e g\u00e9n\u00e9rale : la vie de la soci\u00e9t\u00e9 entre les mains des associ\u00e9s<\/title>\n<meta name=\"description\" content=\"LegalVision vous informe sur l&#039;assembl\u00e9e g\u00e9n\u00e9rale, organe de prise de d\u00e9cision incontournable des soci\u00e9t\u00e9s pluri-personnelles.\" \/>\n<meta name=\"robots\" content=\"index, follow, max-snippet:-1, max-image-preview:large, max-video-preview:-1\" \/>\n<link rel=\"canonical\" href=\"https:\/\/www.legalvision.fr\/guides-juridiques\/gerer-une-entreprise\/assemblee-generale\/\" \/>\n<meta property=\"og:locale\" content=\"fr_FR\" \/>\n<meta property=\"og:type\" content=\"article\" \/>\n<meta property=\"og:title\" content=\"Assembl\u00e9e g\u00e9n\u00e9rale : la vie de la soci\u00e9t\u00e9 entre les mains des associ\u00e9s\" \/>\n<meta property=\"og:description\" content=\"LegalVision vous informe sur l&#039;assembl\u00e9e g\u00e9n\u00e9rale, organe de prise de d\u00e9cision incontournable des soci\u00e9t\u00e9s pluri-personnelles.\" \/>\n<meta property=\"og:url\" content=\"https:\/\/www.legalvision.fr\/guides-juridiques\/gerer-une-entreprise\/assemblee-generale\/\" \/>\n<meta property=\"og:site_name\" content=\"Guides juridiques\" \/>\n<meta property=\"article:published_time\" content=\"2018-07-29T06:30:36+00:00\" \/>\n<meta property=\"article:modified_time\" content=\"2024-01-30T15:27:53+00:00\" \/>\n<meta property=\"og:image\" content=\"https:\/\/www.legalvision.fr\/guides-juridiques\/wp-content\/uploads\/2018\/07\/Assembl\u00e9e-g\u00e9n\u00e9rale-min.jpg\" \/>\n\t<meta property=\"og:image:width\" content=\"958\" \/>\n\t<meta property=\"og:image:height\" content=\"350\" \/>\n\t<meta property=\"og:image:type\" content=\"image\/jpeg\" \/>\n<meta name=\"author\" content=\"Valentin Giandomenico\" \/>\n<meta name=\"twitter:card\" content=\"summary_large_image\" \/>\n<meta name=\"twitter:label1\" content=\"\u00c9crit par\" \/>\n\t<meta name=\"twitter:data1\" content=\"Valentin Giandomenico\" \/>\n\t<meta name=\"twitter:label2\" content=\"Dur\u00e9e de lecture estim\u00e9e\" \/>\n\t<meta name=\"twitter:data2\" content=\"10 minutes\" \/>\n<script type=\"application\/ld+json\" class=\"yoast-schema-graph\">{\"@context\":\"https:\/\/schema.org\",\"@graph\":[{\"@type\":\"Article\",\"@id\":\"https:\/\/www.legalvision.fr\/guides-juridiques\/gerer-une-entreprise\/assemblee-generale\/#article\",\"isPartOf\":{\"@id\":\"https:\/\/www.legalvision.fr\/guides-juridiques\/gerer-une-entreprise\/assemblee-generale\/\"},\"author\":{\"name\":\"Valentin Giandomenico\",\"@id\":\"https:\/\/www.legalvision.fr\/guides-juridiques\/#\/schema\/person\/67f95ffb60649ed460d4778154ac2031\"},\"headline\":\"L&rsquo;assembl\u00e9e g\u00e9n\u00e9rale d&rsquo;une soci\u00e9t\u00e9 commerciale\",\"datePublished\":\"2018-07-29T06:30:36+00:00\",\"dateModified\":\"2024-01-30T15:27:53+00:00\",\"mainEntityOfPage\":{\"@id\":\"https:\/\/www.legalvision.fr\/guides-juridiques\/gerer-une-entreprise\/assemblee-generale\/\"},\"wordCount\":2339,\"commentCount\":0,\"publisher\":{\"@id\":\"https:\/\/www.legalvision.fr\/guides-juridiques\/#organization\"},\"image\":{\"@id\":\"https:\/\/www.legalvision.fr\/guides-juridiques\/gerer-une-entreprise\/assemblee-generale\/#primaryimage\"},\"thumbnailUrl\":\"https:\/\/www.legalvision.fr\/guides-juridiques\/wp-content\/uploads\/2018\/07\/Assembl\u00e9e-g\u00e9n\u00e9rale-min.jpg\",\"articleSection\":[\"G\u00e9rer une entreprise\"],\"inLanguage\":\"fr-FR\",\"potentialAction\":[{\"@type\":\"CommentAction\",\"name\":\"Comment\",\"target\":[\"https:\/\/www.legalvision.fr\/guides-juridiques\/gerer-une-entreprise\/assemblee-generale\/#respond\"]}]},{\"@type\":\"WebPage\",\"@id\":\"https:\/\/www.legalvision.fr\/guides-juridiques\/gerer-une-entreprise\/assemblee-generale\/\",\"url\":\"https:\/\/www.legalvision.fr\/guides-juridiques\/gerer-une-entreprise\/assemblee-generale\/\",\"name\":\"Assembl\u00e9e g\u00e9n\u00e9rale : la vie de la soci\u00e9t\u00e9 entre les mains des associ\u00e9s\",\"isPartOf\":{\"@id\":\"https:\/\/www.legalvision.fr\/guides-juridiques\/#website\"},\"primaryImageOfPage\":{\"@id\":\"https:\/\/www.legalvision.fr\/guides-juridiques\/gerer-une-entreprise\/assemblee-generale\/#primaryimage\"},\"image\":{\"@id\":\"https:\/\/www.legalvision.fr\/guides-juridiques\/gerer-une-entreprise\/assemblee-generale\/#primaryimage\"},\"thumbnailUrl\":\"https:\/\/www.legalvision.fr\/guides-juridiques\/wp-content\/uploads\/2018\/07\/Assembl\u00e9e-g\u00e9n\u00e9rale-min.jpg\",\"datePublished\":\"2018-07-29T06:30:36+00:00\",\"dateModified\":\"2024-01-30T15:27:53+00:00\",\"description\":\"LegalVision vous informe sur l'assembl\u00e9e g\u00e9n\u00e9rale, organe de prise de d\u00e9cision incontournable des soci\u00e9t\u00e9s pluri-personnelles.\",\"breadcrumb\":{\"@id\":\"https:\/\/www.legalvision.fr\/guides-juridiques\/gerer-une-entreprise\/assemblee-generale\/#breadcrumb\"},\"inLanguage\":\"fr-FR\",\"potentialAction\":[{\"@type\":\"ReadAction\",\"target\":[\"https:\/\/www.legalvision.fr\/guides-juridiques\/gerer-une-entreprise\/assemblee-generale\/\"]}]},{\"@type\":\"ImageObject\",\"inLanguage\":\"fr-FR\",\"@id\":\"https:\/\/www.legalvision.fr\/guides-juridiques\/gerer-une-entreprise\/assemblee-generale\/#primaryimage\",\"url\":\"https:\/\/www.legalvision.fr\/guides-juridiques\/wp-content\/uploads\/2018\/07\/Assembl\u00e9e-g\u00e9n\u00e9rale-min.jpg\",\"contentUrl\":\"https:\/\/www.legalvision.fr\/guides-juridiques\/wp-content\/uploads\/2018\/07\/Assembl\u00e9e-g\u00e9n\u00e9rale-min.jpg\",\"width\":958,\"height\":350,\"caption\":\"Assembl\u00e9e g\u00e9n\u00e9rale\"},{\"@type\":\"BreadcrumbList\",\"@id\":\"https:\/\/www.legalvision.fr\/guides-juridiques\/gerer-une-entreprise\/assemblee-generale\/#breadcrumb\",\"itemListElement\":[{\"@type\":\"ListItem\",\"position\":1,\"name\":\"Accueil\",\"item\":\"https:\/\/www.legalvision.fr\/guides-juridiques\/\"},{\"@type\":\"ListItem\",\"position\":2,\"name\":\"G\u00e9rer une entreprise\",\"item\":\"https:\/\/www.legalvision.fr\/guides-juridiques\/gerer-une-entreprise\/\"},{\"@type\":\"ListItem\",\"position\":3,\"name\":\"L&rsquo;assembl\u00e9e g\u00e9n\u00e9rale d&rsquo;une soci\u00e9t\u00e9 commerciale\"}]},{\"@type\":\"WebSite\",\"@id\":\"https:\/\/www.legalvision.fr\/guides-juridiques\/#website\",\"url\":\"https:\/\/www.legalvision.fr\/guides-juridiques\/\",\"name\":\"Guides juridiques\",\"description\":\"L&#039;information juridique \u00e0 destination des entreprises et TPE\",\"publisher\":{\"@id\":\"https:\/\/www.legalvision.fr\/guides-juridiques\/#organization\"},\"potentialAction\":[{\"@type\":\"SearchAction\",\"target\":{\"@type\":\"EntryPoint\",\"urlTemplate\":\"https:\/\/www.legalvision.fr\/guides-juridiques\/?s={search_term_string}\"},\"query-input\":{\"@type\":\"PropertyValueSpecification\",\"valueRequired\":true,\"valueName\":\"search_term_string\"}}],\"inLanguage\":\"fr-FR\"},{\"@type\":\"Organization\",\"@id\":\"https:\/\/www.legalvision.fr\/guides-juridiques\/#organization\",\"name\":\"Guides juridiques\",\"url\":\"https:\/\/www.legalvision.fr\/guides-juridiques\/\",\"logo\":{\"@type\":\"ImageObject\",\"inLanguage\":\"fr-FR\",\"@id\":\"https:\/\/www.legalvision.fr\/guides-juridiques\/#\/schema\/logo\/image\/\",\"url\":\"https:\/\/www.legalvision.fr\/guides-juridiques\/wp-content\/uploads\/2022\/10\/LV-Logotype.png\",\"contentUrl\":\"https:\/\/www.legalvision.fr\/guides-juridiques\/wp-content\/uploads\/2022\/10\/LV-Logotype.png\",\"width\":647,\"height\":125,\"caption\":\"Guides juridiques\"},\"image\":{\"@id\":\"https:\/\/www.legalvision.fr\/guides-juridiques\/#\/schema\/logo\/image\/\"}},{\"@type\":\"Person\",\"@id\":\"https:\/\/www.legalvision.fr\/guides-juridiques\/#\/schema\/person\/67f95ffb60649ed460d4778154ac2031\",\"name\":\"Valentin Giandomenico\",\"image\":{\"@type\":\"ImageObject\",\"inLanguage\":\"fr-FR\",\"@id\":\"https:\/\/www.legalvision.fr\/guides-juridiques\/#\/schema\/person\/image\/\",\"url\":\"https:\/\/www.legalvision.fr\/guides-juridiques\/wp-content\/uploads\/2023\/07\/cropped-homme13-96x96.png\",\"contentUrl\":\"https:\/\/www.legalvision.fr\/guides-juridiques\/wp-content\/uploads\/2023\/07\/cropped-homme13-96x96.png\",\"caption\":\"Valentin Giandomenico\"},\"description\":\"Valentin est juriste au sein de LegalVision. Titulaire d'un M2 en droit des affaires, il s'int\u00e9resse tout particuli\u00e8rement au droit des soci\u00e9t\u00e9s.\",\"url\":\"https:\/\/www.legalvision.fr\/guides-juridiques\/author\/valentin1\/\"}]}<\/script>\n<!-- \/ Yoast SEO plugin. -->","yoast_head_json":{"title":"Assembl\u00e9e g\u00e9n\u00e9rale : la vie de la soci\u00e9t\u00e9 entre les mains des associ\u00e9s","description":"LegalVision vous informe sur l'assembl\u00e9e g\u00e9n\u00e9rale, organe de prise de d\u00e9cision incontournable des soci\u00e9t\u00e9s pluri-personnelles.","robots":{"index":"index","follow":"follow","max-snippet":"max-snippet:-1","max-image-preview":"max-image-preview:large","max-video-preview":"max-video-preview:-1"},"canonical":"https:\/\/www.legalvision.fr\/guides-juridiques\/gerer-une-entreprise\/assemblee-generale\/","og_locale":"fr_FR","og_type":"article","og_title":"Assembl\u00e9e g\u00e9n\u00e9rale : la vie de la soci\u00e9t\u00e9 entre les mains des associ\u00e9s","og_description":"LegalVision vous informe sur l'assembl\u00e9e g\u00e9n\u00e9rale, organe de prise de d\u00e9cision incontournable des soci\u00e9t\u00e9s pluri-personnelles.","og_url":"https:\/\/www.legalvision.fr\/guides-juridiques\/gerer-une-entreprise\/assemblee-generale\/","og_site_name":"Guides juridiques","article_published_time":"2018-07-29T06:30:36+00:00","article_modified_time":"2024-01-30T15:27:53+00:00","og_image":[{"width":958,"height":350,"url":"https:\/\/www.legalvision.fr\/guides-juridiques\/wp-content\/uploads\/2018\/07\/Assembl\u00e9e-g\u00e9n\u00e9rale-min.jpg","type":"image\/jpeg"}],"author":"Valentin Giandomenico","twitter_card":"summary_large_image","twitter_misc":{"\u00c9crit par":"Valentin Giandomenico","Dur\u00e9e de lecture estim\u00e9e":"10 minutes"},"schema":{"@context":"https:\/\/schema.org","@graph":[{"@type":"Article","@id":"https:\/\/www.legalvision.fr\/guides-juridiques\/gerer-une-entreprise\/assemblee-generale\/#article","isPartOf":{"@id":"https:\/\/www.legalvision.fr\/guides-juridiques\/gerer-une-entreprise\/assemblee-generale\/"},"author":{"name":"Valentin Giandomenico","@id":"https:\/\/www.legalvision.fr\/guides-juridiques\/#\/schema\/person\/67f95ffb60649ed460d4778154ac2031"},"headline":"L&rsquo;assembl\u00e9e g\u00e9n\u00e9rale d&rsquo;une soci\u00e9t\u00e9 commerciale","datePublished":"2018-07-29T06:30:36+00:00","dateModified":"2024-01-30T15:27:53+00:00","mainEntityOfPage":{"@id":"https:\/\/www.legalvision.fr\/guides-juridiques\/gerer-une-entreprise\/assemblee-generale\/"},"wordCount":2339,"commentCount":0,"publisher":{"@id":"https:\/\/www.legalvision.fr\/guides-juridiques\/#organization"},"image":{"@id":"https:\/\/www.legalvision.fr\/guides-juridiques\/gerer-une-entreprise\/assemblee-generale\/#primaryimage"},"thumbnailUrl":"https:\/\/www.legalvision.fr\/guides-juridiques\/wp-content\/uploads\/2018\/07\/Assembl\u00e9e-g\u00e9n\u00e9rale-min.jpg","articleSection":["G\u00e9rer une entreprise"],"inLanguage":"fr-FR","potentialAction":[{"@type":"CommentAction","name":"Comment","target":["https:\/\/www.legalvision.fr\/guides-juridiques\/gerer-une-entreprise\/assemblee-generale\/#respond"]}]},{"@type":"WebPage","@id":"https:\/\/www.legalvision.fr\/guides-juridiques\/gerer-une-entreprise\/assemblee-generale\/","url":"https:\/\/www.legalvision.fr\/guides-juridiques\/gerer-une-entreprise\/assemblee-generale\/","name":"Assembl\u00e9e g\u00e9n\u00e9rale : la vie de la soci\u00e9t\u00e9 entre les mains des associ\u00e9s","isPartOf":{"@id":"https:\/\/www.legalvision.fr\/guides-juridiques\/#website"},"primaryImageOfPage":{"@id":"https:\/\/www.legalvision.fr\/guides-juridiques\/gerer-une-entreprise\/assemblee-generale\/#primaryimage"},"image":{"@id":"https:\/\/www.legalvision.fr\/guides-juridiques\/gerer-une-entreprise\/assemblee-generale\/#primaryimage"},"thumbnailUrl":"https:\/\/www.legalvision.fr\/guides-juridiques\/wp-content\/uploads\/2018\/07\/Assembl\u00e9e-g\u00e9n\u00e9rale-min.jpg","datePublished":"2018-07-29T06:30:36+00:00","dateModified":"2024-01-30T15:27:53+00:00","description":"LegalVision vous informe sur l'assembl\u00e9e g\u00e9n\u00e9rale, organe de prise de d\u00e9cision incontournable des soci\u00e9t\u00e9s pluri-personnelles.","breadcrumb":{"@id":"https:\/\/www.legalvision.fr\/guides-juridiques\/gerer-une-entreprise\/assemblee-generale\/#breadcrumb"},"inLanguage":"fr-FR","potentialAction":[{"@type":"ReadAction","target":["https:\/\/www.legalvision.fr\/guides-juridiques\/gerer-une-entreprise\/assemblee-generale\/"]}]},{"@type":"ImageObject","inLanguage":"fr-FR","@id":"https:\/\/www.legalvision.fr\/guides-juridiques\/gerer-une-entreprise\/assemblee-generale\/#primaryimage","url":"https:\/\/www.legalvision.fr\/guides-juridiques\/wp-content\/uploads\/2018\/07\/Assembl\u00e9e-g\u00e9n\u00e9rale-min.jpg","contentUrl":"https:\/\/www.legalvision.fr\/guides-juridiques\/wp-content\/uploads\/2018\/07\/Assembl\u00e9e-g\u00e9n\u00e9rale-min.jpg","width":958,"height":350,"caption":"Assembl\u00e9e g\u00e9n\u00e9rale"},{"@type":"BreadcrumbList","@id":"https:\/\/www.legalvision.fr\/guides-juridiques\/gerer-une-entreprise\/assemblee-generale\/#breadcrumb","itemListElement":[{"@type":"ListItem","position":1,"name":"Accueil","item":"https:\/\/www.legalvision.fr\/guides-juridiques\/"},{"@type":"ListItem","position":2,"name":"G\u00e9rer une entreprise","item":"https:\/\/www.legalvision.fr\/guides-juridiques\/gerer-une-entreprise\/"},{"@type":"ListItem","position":3,"name":"L&rsquo;assembl\u00e9e g\u00e9n\u00e9rale d&rsquo;une soci\u00e9t\u00e9 commerciale"}]},{"@type":"WebSite","@id":"https:\/\/www.legalvision.fr\/guides-juridiques\/#website","url":"https:\/\/www.legalvision.fr\/guides-juridiques\/","name":"Guides juridiques","description":"L&#039;information juridique \u00e0 destination des entreprises et TPE","publisher":{"@id":"https:\/\/www.legalvision.fr\/guides-juridiques\/#organization"},"potentialAction":[{"@type":"SearchAction","target":{"@type":"EntryPoint","urlTemplate":"https:\/\/www.legalvision.fr\/guides-juridiques\/?s={search_term_string}"},"query-input":{"@type":"PropertyValueSpecification","valueRequired":true,"valueName":"search_term_string"}}],"inLanguage":"fr-FR"},{"@type":"Organization","@id":"https:\/\/www.legalvision.fr\/guides-juridiques\/#organization","name":"Guides juridiques","url":"https:\/\/www.legalvision.fr\/guides-juridiques\/","logo":{"@type":"ImageObject","inLanguage":"fr-FR","@id":"https:\/\/www.legalvision.fr\/guides-juridiques\/#\/schema\/logo\/image\/","url":"https:\/\/www.legalvision.fr\/guides-juridiques\/wp-content\/uploads\/2022\/10\/LV-Logotype.png","contentUrl":"https:\/\/www.legalvision.fr\/guides-juridiques\/wp-content\/uploads\/2022\/10\/LV-Logotype.png","width":647,"height":125,"caption":"Guides juridiques"},"image":{"@id":"https:\/\/www.legalvision.fr\/guides-juridiques\/#\/schema\/logo\/image\/"}},{"@type":"Person","@id":"https:\/\/www.legalvision.fr\/guides-juridiques\/#\/schema\/person\/67f95ffb60649ed460d4778154ac2031","name":"Valentin Giandomenico","image":{"@type":"ImageObject","inLanguage":"fr-FR","@id":"https:\/\/www.legalvision.fr\/guides-juridiques\/#\/schema\/person\/image\/","url":"https:\/\/www.legalvision.fr\/guides-juridiques\/wp-content\/uploads\/2023\/07\/cropped-homme13-96x96.png","contentUrl":"https:\/\/www.legalvision.fr\/guides-juridiques\/wp-content\/uploads\/2023\/07\/cropped-homme13-96x96.png","caption":"Valentin Giandomenico"},"description":"Valentin est juriste au sein de LegalVision. Titulaire d'un M2 en droit des affaires, il s'int\u00e9resse tout particuli\u00e8rement au droit des soci\u00e9t\u00e9s.","url":"https:\/\/www.legalvision.fr\/guides-juridiques\/author\/valentin1\/"}]}},"_links":{"self":[{"href":"https:\/\/www.legalvision.fr\/guides-juridiques\/wp-json\/wp\/v2\/posts\/6500","targetHints":{"allow":["GET"]}}],"collection":[{"href":"https:\/\/www.legalvision.fr\/guides-juridiques\/wp-json\/wp\/v2\/posts"}],"about":[{"href":"https:\/\/www.legalvision.fr\/guides-juridiques\/wp-json\/wp\/v2\/types\/post"}],"author":[{"embeddable":true,"href":"https:\/\/www.legalvision.fr\/guides-juridiques\/wp-json\/wp\/v2\/users\/18"}],"replies":[{"embeddable":true,"href":"https:\/\/www.legalvision.fr\/guides-juridiques\/wp-json\/wp\/v2\/comments?post=6500"}],"version-history":[{"count":21,"href":"https:\/\/www.legalvision.fr\/guides-juridiques\/wp-json\/wp\/v2\/posts\/6500\/revisions"}],"predecessor-version":[{"id":43669,"href":"https:\/\/www.legalvision.fr\/guides-juridiques\/wp-json\/wp\/v2\/posts\/6500\/revisions\/43669"}],"wp:featuredmedia":[{"embeddable":true,"href":"https:\/\/www.legalvision.fr\/guides-juridiques\/wp-json\/wp\/v2\/media\/22920"}],"wp:attachment":[{"href":"https:\/\/www.legalvision.fr\/guides-juridiques\/wp-json\/wp\/v2\/media?parent=6500"}],"wp:term":[{"taxonomy":"category","embeddable":true,"href":"https:\/\/www.legalvision.fr\/guides-juridiques\/wp-json\/wp\/v2\/categories?post=6500"},{"taxonomy":"post_tag","embeddable":true,"href":"https:\/\/www.legalvision.fr\/guides-juridiques\/wp-json\/wp\/v2\/tags?post=6500"}],"curies":[{"name":"wp","href":"https:\/\/api.w.org\/{rel}","templated":true}]}}