{"id":6345,"date":"2018-07-23T07:30:35","date_gmt":"2018-07-23T06:30:35","guid":{"rendered":"https:\/\/blog.legalvision.fr\/?p=6345"},"modified":"2023-11-22T10:12:31","modified_gmt":"2023-11-22T09:12:31","slug":"publication-des-comptes","status":"publish","type":"post","link":"https:\/\/www.legalvision.fr\/guides-juridiques\/gerer-une-entreprise\/publication-des-comptes\/","title":{"rendered":"Le d\u00e9p\u00f4t et la publication des comptes annuels d&rsquo;une soci\u00e9t\u00e9"},"content":{"rendered":"\t\t<div data-elementor-type=\"wp-post\" data-elementor-id=\"6345\" class=\"elementor elementor-6345\" data-elementor-post-type=\"post\">\n\t\t\t\t<div data-particle_enable=\"false\" data-particle-mobile-disabled=\"false\" class=\"elementor-element elementor-element-672a998 e-flex e-con-boxed e-con e-parent\" data-id=\"672a998\" data-element_type=\"container\" data-e-type=\"container\">\n\t\t\t\t\t<div class=\"e-con-inner\">\n\t\t\t\t<div class=\"elementor-element elementor-element-c78dfcb elementor-widget elementor-widget-text-editor\" data-id=\"c78dfcb\" data-element_type=\"widget\" data-e-type=\"widget\" data-widget_type=\"text-editor.default\">\n\t\t\t\t<div class=\"elementor-widget-container\">\n\t\t\t\t\t\t\t\t\t<p>Dans cet article, LegalVision vous explique toutes les <b>\u00e9tapes pour le d\u00e9p\u00f4t\u00a0et la publication des comptes annuels de votre soci\u00e9t\u00e9.<\/b><\/p><p><iframe title=\"Le d\u00e9p\u00f4t et la publication des comptes annuels d&#039;une soci\u00e9t\u00e9\" width=\"750\" height=\"422\" src=\"https:\/\/www.youtube.com\/embed\/ozDpnlu8YUQ?feature=oembed\" frameborder=\"0\" allow=\"accelerometer; autoplay; clipboard-write; encrypted-media; gyroscope; picture-in-picture\" allowfullscreen><\/iframe><\/p><p>La vie des entreprises est rythm\u00e9e par l&rsquo;accomplissement de diverses formalit\u00e9s. Or, chaque ann\u00e9e, une soci\u00e9t\u00e9 se doit d&rsquo;assurer <a href=\"https:\/\/www.legalvision.fr\/depot-des-comptes\/\">le d\u00e9p\u00f4t de ses comptes<\/a>, lequel aboutira \u00e0 la <b>publication des comptes annuels<\/b>. En effet, il s&rsquo;agit l\u00e0 d&rsquo;une obligation pour les soci\u00e9t\u00e9s. \u00c0 d\u00e9faut de publication des comptes, les dirigeants s&rsquo;exposent \u00e0 des sanctions p\u00e9nales, notamment \u00e0 une amende de 1500\u20ac. Encore, d&rsquo;autres sanctions peuvent intervenir si l&rsquo;absence de d\u00e9p\u00f4t des comptes vise \u00e0 camoufler les difficult\u00e9s de l&rsquo;entreprise. Ainsi, il convient de s&rsquo;int\u00e9resser \u00e0 l\u2019obligation de publication des comptes annuels. N\u00e9anmoins, cette obligation n&rsquo;intervient qu&rsquo;une fois l\u2019obligation de d\u00e9p\u00f4t des comptes annuels accomplie. Il convient donc de s&rsquo;int\u00e9resser tant \u00e0 l&rsquo;obligation de d\u00e9p\u00f4t des comptes annuels qu&rsquo;\u00e0 l&rsquo;obligation de publication des comptes annuels au greffe. Encore, ces formalit\u00e9s doivent s&rsquo;inscrire dans un d\u00e9lai de publication des comptes annuels.<\/p><h2>Tout savoir sur le d\u00e9p\u00f4t des comptes sociaux :<\/h2><ol><li><a href=\"#obligation-d\u00e9p\u00f4t-comptes\"><strong>L&rsquo;obligation de d\u00e9p\u00f4t des comptes annuels<\/strong><\/a><\/li><li><a href=\"#formalit\u00e9s-d\u00e9p\u00f4t-comptes\"><strong>Comment proc\u00e9der au d\u00e9p\u00f4t des comptes annuels ?<\/strong><\/a><\/li><li><a href=\"#d\u00e9rogations-d\u00e9p\u00f4t-comptes\"><strong>Existe-t-il des d\u00e9rogations au d\u00e9p\u00f4t des comptes annuels ?<\/strong><\/a><\/li><\/ol>\t\t\t\t\t\t\t\t<\/div>\n\t\t\t\t<\/div>\n\t\t\t\t\t<\/div>\n\t\t\t\t<\/div>\n\t\t<div data-particle_enable=\"false\" data-particle-mobile-disabled=\"false\" class=\"elementor-element elementor-element-2154ceba e-flex e-con-boxed e-con e-parent\" data-id=\"2154ceba\" data-element_type=\"container\" data-e-type=\"container\">\n\t\t\t\t\t<div class=\"e-con-inner\">\n\t\t\t\t<div class=\"elementor-element elementor-element-1218034c elementor-widget elementor-widget-heading\" data-id=\"1218034c\" data-element_type=\"widget\" data-e-type=\"widget\" data-widget_type=\"heading.default\">\n\t\t\t\t<div class=\"elementor-widget-container\">\n\t\t\t\t\t<h2 class=\"elementor-heading-title elementor-size-default\">Nos outils pour vous aider : <\/h2>\t\t\t\t<\/div>\n\t\t\t\t<\/div>\n\t\t\t\t\t<\/div>\n\t\t\t\t<\/div>\n\t\t<div data-particle_enable=\"false\" data-particle-mobile-disabled=\"false\" class=\"elementor-element elementor-element-3d9735b0 e-flex e-con-boxed e-con e-parent\" data-id=\"3d9735b0\" data-element_type=\"container\" data-e-type=\"container\">\n\t\t\t\t\t<div class=\"e-con-inner\">\n\t\t<div data-particle_enable=\"false\" data-particle-mobile-disabled=\"false\" class=\"elementor-element elementor-element-4de3cf4e e-con-full e-flex e-con e-child\" data-id=\"4de3cf4e\" data-element_type=\"container\" data-e-type=\"container\">\n\t\t\t\t<div class=\"elementor-element elementor-element-39445ea5 elementor-widget elementor-widget-button\" data-id=\"39445ea5\" data-element_type=\"widget\" data-e-type=\"widget\" data-widget_type=\"button.default\">\n\t\t\t\t<div class=\"elementor-widget-container\">\n\t\t\t\t\t\t\t\t\t<div class=\"elementor-button-wrapper\">\n\t\t\t\t\t<a class=\"elementor-button elementor-button-link elementor-size-sm\" href=\"https:\/\/leonard.fr\/juridique\/modification-societe\/depot-des-comptes\/?utm_source=blog&#038;utm_medium=CTA&#038;utm_campaign=depot_et_publication_des_comptes_annuels_d_une_societe&#038;utm_id=depot_des_comptes_blog\" target=\"_blank\">\n\t\t\t\t\t\t<span class=\"elementor-button-content-wrapper\">\n\t\t\t\t\t\t\t\t\t<span class=\"elementor-button-text\">D\u00e9posez vos comptes en ligne <\/span>\n\t\t\t\t\t<\/span>\n\t\t\t\t\t<\/a>\n\t\t\t\t<\/div>\n\t\t\t\t\t\t\t\t<\/div>\n\t\t\t\t<\/div>\n\t\t\t\t<\/div>\n\t\t<div data-particle_enable=\"false\" data-particle-mobile-disabled=\"false\" class=\"elementor-element elementor-element-54c28e7e e-con-full e-flex e-con e-child\" data-id=\"54c28e7e\" data-element_type=\"container\" data-e-type=\"container\">\n\t\t\t\t<div class=\"elementor-element elementor-element-19f704ca elementor-widget elementor-widget-button\" data-id=\"19f704ca\" data-element_type=\"widget\" data-e-type=\"widget\" data-widget_type=\"button.default\">\n\t\t\t\t<div class=\"elementor-widget-container\">\n\t\t\t\t\t\t\t\t\t<div class=\"elementor-button-wrapper\">\n\t\t\t\t\t<a class=\"elementor-button elementor-button-link elementor-size-sm\" href=\"https:\/\/meetings.hubspot.com\/global\/leonard-rendez-vous-gratuit-avec-un-juriste?utm_source=blog&#038;utm_medium=CTA&#038;utm_campaign=depot_et_publication_des_comptes_annuels_d_une_societe&#038;utm_id=depot_des_comptes_blog\" target=\"_blank\">\n\t\t\t\t\t\t<span class=\"elementor-button-content-wrapper\">\n\t\t\t\t\t\t\t\t\t<span class=\"elementor-button-text\">Soyez rappel\u00e9 par un juriste gratuitement<\/span>\n\t\t\t\t\t<\/span>\n\t\t\t\t\t<\/a>\n\t\t\t\t<\/div>\n\t\t\t\t\t\t\t\t<\/div>\n\t\t\t\t<\/div>\n\t\t\t\t<\/div>\n\t\t<div data-particle_enable=\"false\" data-particle-mobile-disabled=\"false\" class=\"elementor-element elementor-element-3af43dcc e-con-full e-flex e-con e-child\" data-id=\"3af43dcc\" data-element_type=\"container\" data-e-type=\"container\">\n\t\t\t\t<div class=\"elementor-element elementor-element-996363a elementor-widget elementor-widget-button\" data-id=\"996363a\" data-element_type=\"widget\" data-e-type=\"widget\" data-widget_type=\"button.default\">\n\t\t\t\t<div class=\"elementor-widget-container\">\n\t\t\t\t\t\t\t\t\t<div class=\"elementor-button-wrapper\">\n\t\t\t\t\t<a class=\"elementor-button elementor-button-link elementor-size-sm\" href=\"https:\/\/meetings.hubspot.com\/alexis-egron\/audit-juridique-gratuit?utm_source=blog&#038;utm_medium=CTA&#038;utm_campaign=depot_et_publication_des_comptes_annuels_d_une_societe&#038;utm_id=depot_des_comptes_blog\" target=\"_blank\">\n\t\t\t\t\t\t<span class=\"elementor-button-content-wrapper\">\n\t\t\t\t\t\t\t\t\t<span class=\"elementor-button-text\">Votre audit juridique gratuit en ligne<\/span>\n\t\t\t\t\t<\/span>\n\t\t\t\t\t<\/a>\n\t\t\t\t<\/div>\n\t\t\t\t\t\t\t\t<\/div>\n\t\t\t\t<\/div>\n\t\t\t\t<\/div>\n\t\t\t\t\t<\/div>\n\t\t\t\t<\/div>\n\t\t<div data-particle_enable=\"false\" data-particle-mobile-disabled=\"false\" class=\"elementor-element elementor-element-8b9718b e-flex e-con-boxed e-con e-parent\" data-id=\"8b9718b\" data-element_type=\"container\" data-e-type=\"container\">\n\t\t\t\t\t<div class=\"e-con-inner\">\n\t\t\t\t<div class=\"elementor-element elementor-element-1f1650f elementor-widget elementor-widget-text-editor\" data-id=\"1f1650f\" data-element_type=\"widget\" data-e-type=\"widget\" data-widget_type=\"text-editor.default\">\n\t\t\t\t<div class=\"elementor-widget-container\">\n\t\t\t\t\t\t\t\t\t<h2>\u00a0<\/h2><h2 id=\"obligation-d\u00e9p\u00f4t-comptes\">I\/ L\u2019obligation de d\u00e9p\u00f4t des comptes annuels<\/h2><h3>A)\u00a0 Les soci\u00e9t\u00e9s concern\u00e9es<\/h3><p>Le d\u00e9p\u00f4t des comptes est obligatoire pour une grande part des soci\u00e9t\u00e9s immatricul\u00e9es. En effet, ce d\u00e9p\u00f4t est obligatoire pour, notamment :<\/p><ul><li>Les SARL et les EURL ;<\/li><li>Les soci\u00e9t\u00e9s par actions, notamment pour les SAS et les SA ;<\/li><li>Encore, les soci\u00e9t\u00e9s d&rsquo;exercice lib\u00e9ral sont soumises \u00e0 l&rsquo;obligation de d\u00e9poser leurs comptes ;<\/li><li>Les soci\u00e9t\u00e9s en commandite simple (SCS),<\/li><li>ainsi que des soci\u00e9t\u00e9s en nom collectif (SNC) dont les associ\u00e9s ind\u00e9finiment responsables sont des soci\u00e9t\u00e9s \u00e0 responsabilit\u00e9 limit\u00e9e ou des soci\u00e9t\u00e9s par actions simplifi\u00e9es.<\/li><\/ul><p><b>NB:<\/b> Les soci\u00e9t\u00e9s \u00e9trang\u00e8res peuvent \u00eatre soumises \u00e0 l&rsquo;obligation de d\u00e9p\u00f4t et de publication des comptes annuels si elle a ouvert des \u00e9tablissements en France.<\/p><h3>\u00a0<\/h3><h3>B) Le contenu de cette obligation<\/h3><p>Le d\u00e9p\u00f4t des comptes doit intervenir chaque ann\u00e9e.\u00a0En effet, apr\u00e8s cl\u00f4ture de l&rsquo;exercice social,\u00a0le dirigeant de la soci\u00e9t\u00e9\u00a0aura un d\u00e9lai de six mois pour faire approuver les comptes par les associ\u00e9s ou les actionnaires, selon le cas. Ce d\u00e9lai peut toutefois\u00a0\u00eatre prolong\u00e9 par d\u00e9cision de justice.<\/p><p>Ainsi, il appartiendra au dirigeant, dans ce d\u00e9lai, de convoquer une assembl\u00e9e g\u00e9n\u00e9rale ordinaire. Les associ\u00e9s devront alors approuver les comptes. Une fois les comptes approuv\u00e9s, le dirigeant devra les d\u00e9poser au greffe.<\/p><p><b>NB:<\/b>\u00a0L&rsquo;assembl\u00e9e g\u00e9n\u00e9rale ordinaire (AGO) a une\u00a0<b>comp\u00e9tence exclusive<\/b>\u00a0pour l&rsquo;<span class=\"Highlight\" title=\"approbation\">approbation<\/span>\u00a0annuelle des\u00a0<span class=\"Highlight\" title=\"comptes\">comptes<\/span>\u00a0annuels et, le cas \u00e9ch\u00e9ant, des\u00a0<span class=\"Highlight\" title=\"comptes\">comptes<\/span>\u00a0consolid\u00e9s.<\/p><h3>\u00a0<\/h3><h3>C) La pr\u00e9sentation simplifi\u00e9e des comptes annuels<\/h3><h4>1- Les petites entreprises<\/h4><p>Les petites entreprises peuvent, selon certains conditions, adopter une pr\u00e9sentation simplifi\u00e9e de leurs comptes annuels. Par ailleurs, elles sont dispens\u00e9es de l&rsquo;obligation d&rsquo;\u00e9tablir un rapport de gestion lors des formalit\u00e9s d&rsquo;approbation des comptes. Cette pr\u00e9sentation simplifi\u00e9e est applicable aux<b>\u00a0comptes cl\u00f4tur\u00e9s \u00e0 compter du 11 ao\u00fbt 2018.<\/b><\/p><p>Selon, le Code de commerce, sont consid\u00e9r\u00e9es comme\u00a0\u00ab\u00a0petites entreprises\u00a0\u00bb, les soci\u00e9t\u00e9s commerciales\u00a0ne\u00a0d\u00e9passent pas, \u00e0 la cl\u00f4ture de l\u2019exercice, deux des trois seuils suivants\u00a0:<\/p><ul><li>6 millions d&rsquo;euros pour le total du bilan;<\/li><li>12 millions d&rsquo;euros pour le montant net du chiffre d&rsquo;affaires;<\/li><li>et enfin 50 pour le nombre moyen de salari\u00e9s au cours de l&rsquo;exercice.<\/li><\/ul><h4>\u00a0<\/h4><h4>2- les entreprises moyennes<\/h4><p>Depuis la loi pacte, les\u00a0\u00ab entreprises moyennes \u00bb\u00a0ont la possibilit\u00e9 d&rsquo;adopter une pr\u00e9sentation simplifi\u00e9e de leur compte de r\u00e9sultat et ne rendre publique qu\u2019une\u00a0version\u00a0simplifi\u00e9e de leur bilan et de leur annexe.<\/p><p>Selon le Code de commerce, une entreprise est<b>\u00a0moyenne si deux des trois seuils ne sont pas d\u00e9pass\u00e9s<\/b>\u00a0:<\/p><ul><li>20 millions d\u2019euros de total de bilan;<\/li><li>40 millions d\u2019euros de chiffre d\u2019affaires hors taxe\u202f;<\/li><li>et enfin un nombre moyen de 250 salari\u00e9s au cours de l\u2019exercice.<\/li><\/ul><h2 id=\"formalit\u00e9s-d\u00e9p\u00f4t-comptes\">\u00a0<\/h2><h2 id=\"formalit\u00e9s-d\u00e9p\u00f4t-comptes\">II\/ Comment proc\u00e9der au d\u00e9p\u00f4t des comptes annuels ?<\/h2><h3>A) Quels d\u00e9lais ?<\/h3><p>Le d\u00e9p\u00f4t des comptes annuels\u00a0<b>doit \u00eatre r\u00e9aliser dans le mois suivant l&rsquo;approbation<\/b>\u00a0des comptes annuels par l&rsquo;assembl\u00e9e ordinaire des associ\u00e9s ou des actionnaires, selon le cas.<\/p><p>Il convient de noter que\u00a0<b>ce d\u00e9p\u00f4t peut \u00eatre r\u00e9alis\u00e9 par voir \u00e9lectronique<\/b>\u00a0aupr\u00e8s d\u2019un centre de d\u00e9p\u00f4t \u00e9lectronique commun au greffe et \u00e0 l\u2019INPI. Toutefois, cette transmission \u00e9lectronique n\u2019est possible que si elle a fait l\u2019objet d\u2019un accord pr\u00e9alable conclu par la soci\u00e9t\u00e9 concern\u00e9e et le greffe territorialement comp\u00e9tent. Dans ce cas, ce d\u00e9p\u00f4t\u00a0<b>doit intervenir dans les deux mois suivant l&rsquo;approbation<\/b>\u00a0des comptes annuels .<\/p><p><em><b>\u00a0<\/b><\/em><\/p><p><em><b>Exemple:<\/b><\/em><\/p><p>Pour un exercice social s&rsquo;achevant au 31 d\u00e9cembre 2017 :<\/p><p>L&rsquo;approbation des comptes pourra intervenir jusqu\u2019au 31 juin 2018. Par ailleurs, les d\u00e9lais de d\u00e9p\u00f4t varient selon que celui-ci est r\u00e9alis\u00e9:<\/p><ul><li><b>Par voie classique<\/b><\/li><\/ul><p>Dans ce cas, le d\u00e9p\u00f4t et la publication des comptes annuels au greffe devra intervenir avant le 31 juillet 2018.<\/p><ul><li><b>Par voie \u00e9lectronique<\/b><\/li><\/ul><p>En revanche, s&rsquo;il est r\u00e9alis\u00e9 par voie \u00e9lectronique, le d\u00e9p\u00f4t doit intervenir dans les 2 mois suivant l&rsquo;approbation des comptes, soit le avant le 31 ao\u00fbt 2018.<\/p><p><b>NB:<\/b> Les documents comptables\u00a0<span class=\"Highlight\" title=\"d\u00e9p\u00f4t\">d\u00e9pos\u00e9s<\/span>\u00a0en annexe au RCS peuvent \u00eatre communiqu\u00e9s \u00e0 toute personne, soit par l&rsquo;INPI, soit par les greffes.<\/p><h3>\u00a0<\/h3><h3>B) Quelle proc\u00e9dure ?<\/h3><h4>1- D\u00e9p\u00f4t par voie classique<\/h4><p>Toute soci\u00e9t\u00e9 (<b>soumise \u00e0 l\u2019obligation de d\u00e9p\u00f4t des comptes annuels<\/b>) est tenue de d\u00e9poser au greffe du tribunal , pour \u00eatre annex\u00e9 au registre du commerce et des soci\u00e9t\u00e9s\u00a0:<\/p><ul><li>Les comptes annuels ;<\/li><li>et, le cas \u00e9ch\u00e9ant, les comptes consolid\u00e9s, le rapport sur la gestion du groupe, les rapports des commissaires aux comptes sur les comptes annuels et les comptes consolid\u00e9s, \u00e9ventuellement compl\u00e9t\u00e9s de leurs observations sur les modifications apport\u00e9es par l&rsquo;assembl\u00e9e qui leur ont \u00e9t\u00e9 soumis ;<\/li><li>ainsi que la proposition d&rsquo;affectation du r\u00e9sultat soumis \u00e0 l&rsquo;assembl\u00e9e et la r\u00e9solution d&rsquo;affectation vot\u00e9e ou la d\u00e9cision d&rsquo;affectation prise.<\/li><\/ul><h4>\u00a0<\/h4><h4>2- D\u00e9p\u00f4t par voie \u00e9lectronique<\/h4><p>La r\u00e9ception des documents par le centre \u00e9lectronique est constat\u00e9e par un r\u00e9c\u00e9piss\u00e9 \u00e9lectronique. Ensuite, La transmission des documents relatifs au d\u00e9p\u00f4t des comptes annuels au greffe comp\u00e9tent est constat\u00e9e par un certificat de d\u00e9p\u00f4t remis \u00e0 la soci\u00e9t\u00e9 d\u00e9claration.<\/p><p><b>NB\u00a0:<\/b> Si le dossier est<b> incomplet<\/b>, son contenu ne peut \u00eatre diffus\u00e9 et la soci\u00e9t\u00e9 d\u00e9clarante est invit\u00e9e par le greffe \u00e0 fournir les pi\u00e8ces manquantes.<\/p><h3>\u00a0<\/h3><h3>C) Quels documents \u00e0 transmettre ?<\/h3><p>La formalit\u00e9 de d\u00e9p\u00f4t des comptes annuels impose de transmettre au greffe toute une s\u00e9rie de documents. En effet, le greffe assurera ensuite la publication des comptes sociaux au BODACC. Ces comptes sont compos\u00e9s, notamment :<\/p><ul><li>Du bilan comptable de la soci\u00e9t\u00e9 pour l&rsquo;exercice \u00e9coul\u00e9 ;<\/li><li>Le compte de r\u00e9sultat de la soci\u00e9t\u00e9 au titre de ce m\u00eame exercice ;<\/li><li>Et, les annexes comptables ;<\/li><li>Ainsi que le proc\u00e8s verbal de l&rsquo;AG ayant approuv\u00e9 les comptes, de m\u00eame que les documents traitant de l&rsquo;affectation et de la distribution des r\u00e9sultats de l&rsquo;exercice.<\/li><\/ul><p>Il s&rsquo;agit l\u00e0 des documents comptables devant \u00eatre transmis de mani\u00e8re standard. Or, la situation particuli\u00e8re d&rsquo;une soci\u00e9t\u00e9 peut imposer le d\u00e9p\u00f4t d&rsquo;autres documents. Ainsi, il faudra assurer le d\u00e9p\u00f4t :<\/p><ul><li>Du rapport du commissaire aux comptes, si la soci\u00e9t\u00e9\u00a0est soumise \u00e0 l&rsquo;obligation d&rsquo;en nommer un ;<\/li><li>Encore, dans le cadre d&rsquo;un groupe de soci\u00e9t\u00e9s, toute une s\u00e9rie de documents devra \u00eatre remise au greffe. Il s&rsquo;agira, notamment, de d\u00e9poser des comptes consolid\u00e9s, un rapport sur la gestion du groupe, ainsi qu&rsquo;un nouveau rapport des commissaires aux comptes.<\/li><\/ul><p>En outre, il convient de noter que chacun de ces documents devra \u00eatre d\u00e9pos\u00e9 au greffe en un seul exemplaire.<\/p><p><b>NB\u00a0:<\/b> les documents d\u00e9pos\u00e9s au greffe doivent \u00eatre certifi\u00e9s conformes par le repr\u00e9sentant l\u00e9gal de la soci\u00e9t\u00e9. Il peut s\u2019agir, selon le cas,\u00a0:<\/p><ul><li>du g\u00e9rant (pour la SARL);<\/li><li>directeur g\u00e9n\u00e9ral (pour la SAS);<\/li><li>pr\u00e9sident (pour la SAS);<\/li><li>ou enfin de toute personne habilit\u00e9e par les textes r\u00e9gissant la forme de soci\u00e9t\u00e9 en cause \u00e0 effectuer cette certification.<\/li><\/ul><h2 id=\"d\u00e9rogations-d\u00e9p\u00f4t-comptes\">\u00a0<\/h2><h2 id=\"d\u00e9rogations-d\u00e9p\u00f4t-comptes\">III\/ Existe-t-il des d\u00e9rogations au d\u00e9p\u00f4t des comptes annuels ?<\/h2><p>Si le d\u00e9p\u00f4t des comptes est une obligation, celle-ci connait toutefois des exceptions. En effet, il est possible, dans certains cas, de demander la non publication des comptes annuels. N\u00e9anmoins, <b>m\u00eame en cas de non publication, le d\u00e9p\u00f4t des comptes annuels reste obligatoire<\/b>.<\/p><h3>\u00a0<\/h3><h3>A) Option de confidentialit\u00e9 des comptes annuels<\/h3><h4>1- Les soci\u00e9t\u00e9s concern\u00e9es<\/h4><ul><li><b>les micro-entreprises<\/b><\/li><\/ul><p><a href=\"#d\u00e9rogations-d\u00e9p\u00f4t-comptes\">Il est possible pour les soci\u00e9t\u00e9s r\u00e9pondant \u00e0 la <\/a><a href=\"https:\/\/www.legifrance.gouv.fr\/affichCodeArticle.do?cidTexte=LEGITEXT000005634379&amp;idArticle=LEGIARTI000028620619&amp;dateTexte=&amp;categorieLien=cid\">d\u00e9finition de la micro-entreprise<\/a>\u00a0de demander la non publication des comptes annuels.<\/p><p>Pour rappel, est consid\u00e9r\u00e9e comme une micro-entreprise, la soci\u00e9t\u00e9 qui ne d\u00e9passe pas deux des trois seuils suivants:<\/p><ul><li>Un total de bilan inf\u00e9rieur \u00e0 350 000 \u20ac ;<\/li><li>Un chiffre d&rsquo;affaires net inf\u00e9rieur \u00e0 700 000 \u20ac ;<\/li><li>Ou, un effectif moyen inf\u00e9rieur \u00e0 10 salari\u00e9s au cours de l&rsquo;exercice.<\/li><\/ul><p>Si une soci\u00e9t\u00e9 remplie ces conditions relatives aux seuils, elle pourra demander la <a href=\"https:\/\/www.legifrance.gouv.fr\/affichCodeArticle.do;?cidTexte=LEGITEXT000005634379&amp;idArticle=LEGIARTI000028544766\">non publication de ses comptes annuels<\/a>.\u00a0Alors, si la non publication des comptes annuels est admise, le greffier ne publiera pas les comptes au BODACC. \u00c0 la place, il se contentera de faire mention que les comptes ont \u00e9t\u00e9 d\u00e9pos\u00e9s, et qu&rsquo;ils sont rendus confidentiels. De m\u00eame, il ne sera pas possible de consulter les comptes de la soci\u00e9t\u00e9 en se rendant au greffe.<\/p><ul><li><b>les petites entreprises\u00a0<\/b><\/li><\/ul><p>Les soci\u00e9t\u00e9s r\u00e9pondant \u00e0 la d\u00e9finition des \u00ab petites entreprises \u00bb peuvent demander\u00a0que\u00a0<b>le\u00a0<span class=\"Highlight\" title=\"comptes\">compte<\/span>\u00a0de r\u00e9sultat<\/b>\u00a0qu&rsquo;elles d\u00e9posent au greffe ne soit pas rendu public . Cette option n&rsquo;est toutefois possible que pour les\u00a0<span class=\"Highlight\" title=\"comptes\">comptes<\/span>\u00a0aff\u00e9rents aux exercices clos \u00e0 compter du 31 d\u00e9cembre 2015 et d\u00e9pos\u00e9s apr\u00e8s l&rsquo;expiration d&rsquo;un d\u00e9lai d&rsquo;un an \u00e0 compter du 6 ao\u00fbt 2015 que\u00a0<b>le\u00a0<span class=\"Highlight\" title=\"comptes\">compte<\/span>\u00a0de r\u00e9sultat<\/b>\u00a0qu&rsquo;elles d\u00e9posent au greffe ne soit pas rendu public.<\/p><h4>\u00a0<\/h4><h4>2- les soci\u00e9t\u00e9s ne pouvant pas b\u00e9n\u00e9ficier de cette option<\/h4><p>Certaines soci\u00e9t\u00e9s ne pourront pas demander cette confidentialit\u00e9, m\u00eame si elles r\u00e9pondent aux crit\u00e8res de la micro-entreprise ou de la petite entreprise. Il s&rsquo;agit :<\/p><ul><li>des soci\u00e9t\u00e9s membres d&rsquo;un groupe de soci\u00e9t\u00e9s,<\/li><li>des soci\u00e9t\u00e9s holding,<\/li><li>ou encore des soci\u00e9t\u00e9s dont les titres financiers sont admis aux n\u00e9gociations sur un march\u00e9 r\u00e9glement\u00e9 ;<\/li><li>des personnes qui font appel \u00e0 la g\u00e9n\u00e9rosit\u00e9 publique<\/li><li>et enfin des soci\u00e9t\u00e9s ayant une activit\u00e9 d&rsquo;assurance ou une activit\u00e9 d&rsquo;\u00e9tablissement de cr\u00e9dit (banque).<\/li><\/ul><h3>\u00a0<\/h3><h3>B) Publication des comptes et proc\u00e9dure relative \u00e0 la confidentialit\u00e9<\/h3><p>Pour b\u00e9n\u00e9ficier de la confidentialit\u00e9 de ses comptes annuels, la soci\u00e9t\u00e9 d\u00e9clarante doit\u00a0d\u00e9poser avec les documents comptables une d\u00e9claration de\u00a0<span class=\"Highlight\" title=\"confidentialit\u00e9\">confidentialit\u00e9<\/span>\u00a0des\u00a0<span class=\"Highlight\" title=\"comptes\">comptes<\/span>\u00a0<span class=\"Highlight\" title=\"annuels\">annuels<\/span>\u00a0\u00e9tablie conform\u00e9ment \u00e0 <a href=\"https:\/\/www.service-public.fr\/professionnels-entreprises\/vosdroits\/R38632\">un mod\u00e8le <\/a>d\u00e9fini par arr\u00eat\u00e9 du ministre de la Justice. Ensuite, le greffier constate le d\u00e9p\u00f4t des documents comptables accompagn\u00e9s de la d\u00e9claration de\u00a0<span class=\"Highlight\" title=\"confidentialit\u00e9\">confidentialit\u00e9<\/span>.<\/p><p>Cette d\u00e9claration doit compter un ensemble de mentions :<\/p><ul><li>la d\u00e9nomination de la soci\u00e9t\u00e9,<\/li><li>son num\u00e9ro d&rsquo;immatriculation au RCS,<\/li><li>l&rsquo;identit\u00e9 et la qualit\u00e9 du repr\u00e9sentant l\u00e9gal signataire,<\/li><li>l&rsquo;exercice social concern\u00e9 par la d\u00e9claration,<\/li><li>et enfin une attestation sur l&rsquo;honneur que la soci\u00e9t\u00e9 r\u00e9pond \u00e0 la d\u00e9finition des microentreprises, qu&rsquo;elle n&rsquo;exerce pas une activit\u00e9 exclue et n&rsquo;a pas pour activit\u00e9 la gestion des titres de participations et de valeurs mobili\u00e8res.<\/li><\/ul><p><b>NB :<\/b> M\u00eame en cas d&rsquo;option pour la confidentialit\u00e9 des comptes annuels, ceux-ci peuvent, toutefois, \u00eatre d\u00e9livr\u00e9s aux organismes suivants qui conservent l&rsquo;acc\u00e8s aux\u00a0<span class=\"Highlight\" title=\"comptes\">comptes<\/span>\u00a0<span class=\"Highlight\" title=\"annuels\">annuels<\/span>\u00a0:<\/p><ul><li>les autorit\u00e9s judiciaires et les autorit\u00e9s administratives;<\/li><li>la Banque de France ;<\/li><li>les personnes morales qui financent ou investissent, directement ou indirectement dans la soci\u00e9t\u00e9 d\u00e9clarante <b>(ex : les banques<\/b>)<\/li><\/ul><details><summary><b>Sources :<\/b><\/summary><p><b>Articles:<\/b><\/p><ul><li style=\"list-style-type: none;\"><ul><li><a href=\"https:\/\/www.legifrance.gouv.fr\/affichCodeArticle.do?cidTexte=LEGITEXT000005634379&amp;idArticle=LEGIARTI000006229089&amp;dateTexte=&amp;categorieLien=cid\">L.232-21 et suivants du Code de commerce<\/a>\u00a0relatif \u00e0 la publicit\u00e9 des comptes des soci\u00e9t\u00e9s commerciales et des groupements d&rsquo;int\u00e9r\u00eat \u00e9conomique ;<\/li><li><a href=\"https:\/\/www.legifrance.gouv.fr\/affichCodeArticle.do?cidTexte=LEGITEXT000005634379&amp;idArticle=LEGIARTI000028620622\">D.123-200 du Code de commerce<\/a>\u00a0sur la pr\u00e9sentation comptable simplifi\u00e9e ;<\/li><li><a href=\"https:\/\/www.legifrance.gouv.fr\/affichCodeArticle.do;jsessionid=0BCC30AD277CECE4C0E5013B8E954797.tplgfr41s_1?idArticle=LEGIARTI000029603331&amp;cidTexte=LEGITEXT000005634379&amp;dateTexte=20141018&amp;categorieLien=id&amp;oldAction=\">A.123-61 du Code de commerce<\/a> relatif au d\u00e9p\u00f4t des documents comptables et de la d\u00e9claration de confidentialit\u00e9 des comptes annuels.<\/li><\/ul><\/li><\/ul><\/details><p>\u00a0<\/p>\t\t\t\t\t\t\t\t<\/div>\n\t\t\t\t<\/div>\n\t\t\t\t\t<\/div>\n\t\t\t\t<\/div>\n\t\t<div data-particle_enable=\"false\" data-particle-mobile-disabled=\"false\" class=\"elementor-element elementor-element-5229e50 e-flex e-con-boxed e-con e-parent\" data-id=\"5229e50\" data-element_type=\"container\" data-e-type=\"container\">\n\t\t\t\t\t<div class=\"e-con-inner\">\n\t\t\t\t<div class=\"elementor-element elementor-element-ca96f35 elementor-align-center elementor-widget elementor-widget-button\" data-id=\"ca96f35\" data-element_type=\"widget\" data-e-type=\"widget\" data-widget_type=\"button.default\">\n\t\t\t\t<div class=\"elementor-widget-container\">\n\t\t\t\t\t\t\t\t\t<div class=\"elementor-button-wrapper\">\n\t\t\t\t\t<a class=\"elementor-button elementor-button-link elementor-size-sm\" href=\"https:\/\/leonard.fr\/juridique\/modification-societe\/depot-des-comptes\/?utm_source=blog&#038;utm_medium=CTA&#038;utm_campaign=depot_et_publication_des_comptes_annuels_d_une_societe&#038;utm_id=depot_des_comptes_blog\">\n\t\t\t\t\t\t<span class=\"elementor-button-content-wrapper\">\n\t\t\t\t\t\t\t\t\t<span class=\"elementor-button-text\">D\u00e9posez vos comptes en ligne<\/span>\n\t\t\t\t\t<\/span>\n\t\t\t\t\t<\/a>\n\t\t\t\t<\/div>\n\t\t\t\t\t\t\t\t<\/div>\n\t\t\t\t<\/div>\n\t\t\t\t\t<\/div>\n\t\t\t\t<\/div>\n\t\t\t\t<\/div>\n\t\t","protected":false},"excerpt":{"rendered":"<p>Dans cet article, LegalVision vous explique toutes les \u00e9tapes pour le d\u00e9p\u00f4t\u00a0et la publication des comptes annuels de votre soci\u00e9t\u00e9. La vie des entreprises est rythm\u00e9e par l&rsquo;accomplissement de diverses formalit\u00e9s. Or, chaque ann\u00e9e, une soci\u00e9t\u00e9 se doit d&rsquo;assurer le d\u00e9p\u00f4t de ses comptes, lequel aboutira \u00e0 la publication des comptes annuels. En effet, il&hellip; <a class=\"more-link\" href=\"https:\/\/www.legalvision.fr\/guides-juridiques\/gerer-une-entreprise\/publication-des-comptes\/\">Poursuivre la lecture <span class=\"screen-reader-text\">Le d\u00e9p\u00f4t et la publication des comptes annuels d&rsquo;une soci\u00e9t\u00e9<\/span><\/a><\/p>\n","protected":false},"author":18,"featured_media":22984,"comment_status":"open","ping_status":"closed","sticky":false,"template":"","format":"standard","meta":{"content-type":"","inline_featured_image":false,"footnotes":""},"categories":[2502],"tags":[],"class_list":["post-6345","post","type-post","status-publish","format-standard","has-post-thumbnail","hentry","category-gerer-une-entreprise","entry"],"yoast_head":"<!-- This site is optimized with the Yoast SEO plugin v27.1.1 - https:\/\/yoast.com\/product\/yoast-seo-wordpress\/ -->\n<title>Publication des comptes sociaux : obligation et d\u00e9rogations<\/title>\n<meta name=\"description\" content=\"LegalVision vous informe sur l&#039;obligation de publication des comptes sociaux, laquelle intervient apr\u00e8s leur d\u00e9p\u00f4t au greffe, et sur ses d\u00e9rogations.\" \/>\n<meta name=\"robots\" content=\"index, follow, max-snippet:-1, max-image-preview:large, max-video-preview:-1\" \/>\n<link rel=\"canonical\" href=\"https:\/\/www.legalvision.fr\/guides-juridiques\/gerer-une-entreprise\/publication-des-comptes\/\" \/>\n<meta property=\"og:locale\" content=\"fr_FR\" \/>\n<meta property=\"og:type\" content=\"article\" \/>\n<meta property=\"og:title\" content=\"Publication des comptes sociaux : obligation et d\u00e9rogations\" \/>\n<meta property=\"og:description\" content=\"LegalVision vous informe sur l&#039;obligation de publication des comptes sociaux, laquelle intervient apr\u00e8s leur d\u00e9p\u00f4t au greffe, et sur ses d\u00e9rogations.\" \/>\n<meta property=\"og:url\" content=\"https:\/\/www.legalvision.fr\/guides-juridiques\/gerer-une-entreprise\/publication-des-comptes\/\" \/>\n<meta property=\"og:site_name\" content=\"Guides juridiques\" \/>\n<meta property=\"article:published_time\" content=\"2018-07-23T06:30:35+00:00\" \/>\n<meta property=\"article:modified_time\" content=\"2023-11-22T09:12:31+00:00\" \/>\n<meta property=\"og:image\" content=\"https:\/\/www.legalvision.fr\/guides-juridiques\/wp-content\/uploads\/2018\/07\/Publication-des-comptes-min.jpg\" \/>\n\t<meta property=\"og:image:width\" content=\"958\" \/>\n\t<meta property=\"og:image:height\" content=\"350\" \/>\n\t<meta property=\"og:image:type\" content=\"image\/jpeg\" \/>\n<meta name=\"author\" content=\"Valentin Giandomenico\" \/>\n<meta name=\"twitter:card\" content=\"summary_large_image\" \/>\n<meta name=\"twitter:label1\" content=\"\u00c9crit par\" \/>\n\t<meta name=\"twitter:data1\" content=\"Valentin Giandomenico\" \/>\n\t<meta name=\"twitter:label2\" content=\"Dur\u00e9e de lecture estim\u00e9e\" \/>\n\t<meta name=\"twitter:data2\" content=\"10 minutes\" \/>\n<script type=\"application\/ld+json\" class=\"yoast-schema-graph\">{\"@context\":\"https:\/\/schema.org\",\"@graph\":[{\"@type\":\"Article\",\"@id\":\"https:\/\/www.legalvision.fr\/guides-juridiques\/gerer-une-entreprise\/publication-des-comptes\/#article\",\"isPartOf\":{\"@id\":\"https:\/\/www.legalvision.fr\/guides-juridiques\/gerer-une-entreprise\/publication-des-comptes\/\"},\"author\":{\"name\":\"Valentin Giandomenico\",\"@id\":\"https:\/\/www.legalvision.fr\/guides-juridiques\/#\/schema\/person\/67f95ffb60649ed460d4778154ac2031\"},\"headline\":\"Le d\u00e9p\u00f4t et la publication des comptes annuels d&rsquo;une soci\u00e9t\u00e9\",\"datePublished\":\"2018-07-23T06:30:35+00:00\",\"dateModified\":\"2023-11-22T09:12:31+00:00\",\"mainEntityOfPage\":{\"@id\":\"https:\/\/www.legalvision.fr\/guides-juridiques\/gerer-une-entreprise\/publication-des-comptes\/\"},\"wordCount\":2289,\"commentCount\":4,\"publisher\":{\"@id\":\"https:\/\/www.legalvision.fr\/guides-juridiques\/#organization\"},\"image\":{\"@id\":\"https:\/\/www.legalvision.fr\/guides-juridiques\/gerer-une-entreprise\/publication-des-comptes\/#primaryimage\"},\"thumbnailUrl\":\"https:\/\/www.legalvision.fr\/guides-juridiques\/wp-content\/uploads\/2018\/07\/Publication-des-comptes-min.jpg\",\"articleSection\":[\"G\u00e9rer une entreprise\"],\"inLanguage\":\"fr-FR\",\"potentialAction\":[{\"@type\":\"CommentAction\",\"name\":\"Comment\",\"target\":[\"https:\/\/www.legalvision.fr\/guides-juridiques\/gerer-une-entreprise\/publication-des-comptes\/#respond\"]}]},{\"@type\":\"WebPage\",\"@id\":\"https:\/\/www.legalvision.fr\/guides-juridiques\/gerer-une-entreprise\/publication-des-comptes\/\",\"url\":\"https:\/\/www.legalvision.fr\/guides-juridiques\/gerer-une-entreprise\/publication-des-comptes\/\",\"name\":\"Publication des comptes sociaux : obligation et d\u00e9rogations\",\"isPartOf\":{\"@id\":\"https:\/\/www.legalvision.fr\/guides-juridiques\/#website\"},\"primaryImageOfPage\":{\"@id\":\"https:\/\/www.legalvision.fr\/guides-juridiques\/gerer-une-entreprise\/publication-des-comptes\/#primaryimage\"},\"image\":{\"@id\":\"https:\/\/www.legalvision.fr\/guides-juridiques\/gerer-une-entreprise\/publication-des-comptes\/#primaryimage\"},\"thumbnailUrl\":\"https:\/\/www.legalvision.fr\/guides-juridiques\/wp-content\/uploads\/2018\/07\/Publication-des-comptes-min.jpg\",\"datePublished\":\"2018-07-23T06:30:35+00:00\",\"dateModified\":\"2023-11-22T09:12:31+00:00\",\"description\":\"LegalVision vous informe sur l'obligation de publication des comptes sociaux, laquelle intervient apr\u00e8s leur d\u00e9p\u00f4t au greffe, et sur ses d\u00e9rogations.\",\"breadcrumb\":{\"@id\":\"https:\/\/www.legalvision.fr\/guides-juridiques\/gerer-une-entreprise\/publication-des-comptes\/#breadcrumb\"},\"inLanguage\":\"fr-FR\",\"potentialAction\":[{\"@type\":\"ReadAction\",\"target\":[\"https:\/\/www.legalvision.fr\/guides-juridiques\/gerer-une-entreprise\/publication-des-comptes\/\"]}]},{\"@type\":\"ImageObject\",\"inLanguage\":\"fr-FR\",\"@id\":\"https:\/\/www.legalvision.fr\/guides-juridiques\/gerer-une-entreprise\/publication-des-comptes\/#primaryimage\",\"url\":\"https:\/\/www.legalvision.fr\/guides-juridiques\/wp-content\/uploads\/2018\/07\/Publication-des-comptes-min.jpg\",\"contentUrl\":\"https:\/\/www.legalvision.fr\/guides-juridiques\/wp-content\/uploads\/2018\/07\/Publication-des-comptes-min.jpg\",\"width\":958,\"height\":350,\"caption\":\"Publication des comptes\"},{\"@type\":\"BreadcrumbList\",\"@id\":\"https:\/\/www.legalvision.fr\/guides-juridiques\/gerer-une-entreprise\/publication-des-comptes\/#breadcrumb\",\"itemListElement\":[{\"@type\":\"ListItem\",\"position\":1,\"name\":\"Accueil\",\"item\":\"https:\/\/www.legalvision.fr\/guides-juridiques\/\"},{\"@type\":\"ListItem\",\"position\":2,\"name\":\"G\u00e9rer une entreprise\",\"item\":\"https:\/\/www.legalvision.fr\/guides-juridiques\/gerer-une-entreprise\/\"},{\"@type\":\"ListItem\",\"position\":3,\"name\":\"Le d\u00e9p\u00f4t et la publication des comptes annuels d&rsquo;une soci\u00e9t\u00e9\"}]},{\"@type\":\"WebSite\",\"@id\":\"https:\/\/www.legalvision.fr\/guides-juridiques\/#website\",\"url\":\"https:\/\/www.legalvision.fr\/guides-juridiques\/\",\"name\":\"Guides juridiques\",\"description\":\"L&#039;information juridique \u00e0 destination des entreprises et TPE\",\"publisher\":{\"@id\":\"https:\/\/www.legalvision.fr\/guides-juridiques\/#organization\"},\"potentialAction\":[{\"@type\":\"SearchAction\",\"target\":{\"@type\":\"EntryPoint\",\"urlTemplate\":\"https:\/\/www.legalvision.fr\/guides-juridiques\/?s={search_term_string}\"},\"query-input\":{\"@type\":\"PropertyValueSpecification\",\"valueRequired\":true,\"valueName\":\"search_term_string\"}}],\"inLanguage\":\"fr-FR\"},{\"@type\":\"Organization\",\"@id\":\"https:\/\/www.legalvision.fr\/guides-juridiques\/#organization\",\"name\":\"Guides juridiques\",\"url\":\"https:\/\/www.legalvision.fr\/guides-juridiques\/\",\"logo\":{\"@type\":\"ImageObject\",\"inLanguage\":\"fr-FR\",\"@id\":\"https:\/\/www.legalvision.fr\/guides-juridiques\/#\/schema\/logo\/image\/\",\"url\":\"https:\/\/www.legalvision.fr\/guides-juridiques\/wp-content\/uploads\/2022\/10\/LV-Logotype.png\",\"contentUrl\":\"https:\/\/www.legalvision.fr\/guides-juridiques\/wp-content\/uploads\/2022\/10\/LV-Logotype.png\",\"width\":647,\"height\":125,\"caption\":\"Guides juridiques\"},\"image\":{\"@id\":\"https:\/\/www.legalvision.fr\/guides-juridiques\/#\/schema\/logo\/image\/\"}},{\"@type\":\"Person\",\"@id\":\"https:\/\/www.legalvision.fr\/guides-juridiques\/#\/schema\/person\/67f95ffb60649ed460d4778154ac2031\",\"name\":\"Valentin Giandomenico\",\"image\":{\"@type\":\"ImageObject\",\"inLanguage\":\"fr-FR\",\"@id\":\"https:\/\/www.legalvision.fr\/guides-juridiques\/#\/schema\/person\/image\/\",\"url\":\"https:\/\/www.legalvision.fr\/guides-juridiques\/wp-content\/uploads\/2023\/07\/cropped-homme13-96x96.png\",\"contentUrl\":\"https:\/\/www.legalvision.fr\/guides-juridiques\/wp-content\/uploads\/2023\/07\/cropped-homme13-96x96.png\",\"caption\":\"Valentin Giandomenico\"},\"description\":\"Valentin est juriste au sein de LegalVision. Titulaire d'un M2 en droit des affaires, il s'int\u00e9resse tout particuli\u00e8rement au droit des soci\u00e9t\u00e9s.\",\"url\":\"https:\/\/www.legalvision.fr\/guides-juridiques\/author\/valentin1\/\"}]}<\/script>\n<!-- \/ Yoast SEO plugin. -->","yoast_head_json":{"title":"Publication des comptes sociaux : obligation et d\u00e9rogations","description":"LegalVision vous informe sur l'obligation de publication des comptes sociaux, laquelle intervient apr\u00e8s leur d\u00e9p\u00f4t au greffe, et sur ses d\u00e9rogations.","robots":{"index":"index","follow":"follow","max-snippet":"max-snippet:-1","max-image-preview":"max-image-preview:large","max-video-preview":"max-video-preview:-1"},"canonical":"https:\/\/www.legalvision.fr\/guides-juridiques\/gerer-une-entreprise\/publication-des-comptes\/","og_locale":"fr_FR","og_type":"article","og_title":"Publication des comptes sociaux : obligation et d\u00e9rogations","og_description":"LegalVision vous informe sur l'obligation de publication des comptes sociaux, laquelle intervient apr\u00e8s leur d\u00e9p\u00f4t au greffe, et sur ses d\u00e9rogations.","og_url":"https:\/\/www.legalvision.fr\/guides-juridiques\/gerer-une-entreprise\/publication-des-comptes\/","og_site_name":"Guides juridiques","article_published_time":"2018-07-23T06:30:35+00:00","article_modified_time":"2023-11-22T09:12:31+00:00","og_image":[{"width":958,"height":350,"url":"https:\/\/www.legalvision.fr\/guides-juridiques\/wp-content\/uploads\/2018\/07\/Publication-des-comptes-min.jpg","type":"image\/jpeg"}],"author":"Valentin Giandomenico","twitter_card":"summary_large_image","twitter_misc":{"\u00c9crit par":"Valentin Giandomenico","Dur\u00e9e de lecture estim\u00e9e":"10 minutes"},"schema":{"@context":"https:\/\/schema.org","@graph":[{"@type":"Article","@id":"https:\/\/www.legalvision.fr\/guides-juridiques\/gerer-une-entreprise\/publication-des-comptes\/#article","isPartOf":{"@id":"https:\/\/www.legalvision.fr\/guides-juridiques\/gerer-une-entreprise\/publication-des-comptes\/"},"author":{"name":"Valentin Giandomenico","@id":"https:\/\/www.legalvision.fr\/guides-juridiques\/#\/schema\/person\/67f95ffb60649ed460d4778154ac2031"},"headline":"Le d\u00e9p\u00f4t et la publication des comptes annuels d&rsquo;une soci\u00e9t\u00e9","datePublished":"2018-07-23T06:30:35+00:00","dateModified":"2023-11-22T09:12:31+00:00","mainEntityOfPage":{"@id":"https:\/\/www.legalvision.fr\/guides-juridiques\/gerer-une-entreprise\/publication-des-comptes\/"},"wordCount":2289,"commentCount":4,"publisher":{"@id":"https:\/\/www.legalvision.fr\/guides-juridiques\/#organization"},"image":{"@id":"https:\/\/www.legalvision.fr\/guides-juridiques\/gerer-une-entreprise\/publication-des-comptes\/#primaryimage"},"thumbnailUrl":"https:\/\/www.legalvision.fr\/guides-juridiques\/wp-content\/uploads\/2018\/07\/Publication-des-comptes-min.jpg","articleSection":["G\u00e9rer une entreprise"],"inLanguage":"fr-FR","potentialAction":[{"@type":"CommentAction","name":"Comment","target":["https:\/\/www.legalvision.fr\/guides-juridiques\/gerer-une-entreprise\/publication-des-comptes\/#respond"]}]},{"@type":"WebPage","@id":"https:\/\/www.legalvision.fr\/guides-juridiques\/gerer-une-entreprise\/publication-des-comptes\/","url":"https:\/\/www.legalvision.fr\/guides-juridiques\/gerer-une-entreprise\/publication-des-comptes\/","name":"Publication des comptes sociaux : obligation et d\u00e9rogations","isPartOf":{"@id":"https:\/\/www.legalvision.fr\/guides-juridiques\/#website"},"primaryImageOfPage":{"@id":"https:\/\/www.legalvision.fr\/guides-juridiques\/gerer-une-entreprise\/publication-des-comptes\/#primaryimage"},"image":{"@id":"https:\/\/www.legalvision.fr\/guides-juridiques\/gerer-une-entreprise\/publication-des-comptes\/#primaryimage"},"thumbnailUrl":"https:\/\/www.legalvision.fr\/guides-juridiques\/wp-content\/uploads\/2018\/07\/Publication-des-comptes-min.jpg","datePublished":"2018-07-23T06:30:35+00:00","dateModified":"2023-11-22T09:12:31+00:00","description":"LegalVision vous informe sur l'obligation de publication des comptes sociaux, laquelle intervient apr\u00e8s leur d\u00e9p\u00f4t au greffe, et sur ses d\u00e9rogations.","breadcrumb":{"@id":"https:\/\/www.legalvision.fr\/guides-juridiques\/gerer-une-entreprise\/publication-des-comptes\/#breadcrumb"},"inLanguage":"fr-FR","potentialAction":[{"@type":"ReadAction","target":["https:\/\/www.legalvision.fr\/guides-juridiques\/gerer-une-entreprise\/publication-des-comptes\/"]}]},{"@type":"ImageObject","inLanguage":"fr-FR","@id":"https:\/\/www.legalvision.fr\/guides-juridiques\/gerer-une-entreprise\/publication-des-comptes\/#primaryimage","url":"https:\/\/www.legalvision.fr\/guides-juridiques\/wp-content\/uploads\/2018\/07\/Publication-des-comptes-min.jpg","contentUrl":"https:\/\/www.legalvision.fr\/guides-juridiques\/wp-content\/uploads\/2018\/07\/Publication-des-comptes-min.jpg","width":958,"height":350,"caption":"Publication des comptes"},{"@type":"BreadcrumbList","@id":"https:\/\/www.legalvision.fr\/guides-juridiques\/gerer-une-entreprise\/publication-des-comptes\/#breadcrumb","itemListElement":[{"@type":"ListItem","position":1,"name":"Accueil","item":"https:\/\/www.legalvision.fr\/guides-juridiques\/"},{"@type":"ListItem","position":2,"name":"G\u00e9rer une entreprise","item":"https:\/\/www.legalvision.fr\/guides-juridiques\/gerer-une-entreprise\/"},{"@type":"ListItem","position":3,"name":"Le d\u00e9p\u00f4t et la publication des comptes annuels d&rsquo;une soci\u00e9t\u00e9"}]},{"@type":"WebSite","@id":"https:\/\/www.legalvision.fr\/guides-juridiques\/#website","url":"https:\/\/www.legalvision.fr\/guides-juridiques\/","name":"Guides juridiques","description":"L&#039;information juridique \u00e0 destination des entreprises et TPE","publisher":{"@id":"https:\/\/www.legalvision.fr\/guides-juridiques\/#organization"},"potentialAction":[{"@type":"SearchAction","target":{"@type":"EntryPoint","urlTemplate":"https:\/\/www.legalvision.fr\/guides-juridiques\/?s={search_term_string}"},"query-input":{"@type":"PropertyValueSpecification","valueRequired":true,"valueName":"search_term_string"}}],"inLanguage":"fr-FR"},{"@type":"Organization","@id":"https:\/\/www.legalvision.fr\/guides-juridiques\/#organization","name":"Guides juridiques","url":"https:\/\/www.legalvision.fr\/guides-juridiques\/","logo":{"@type":"ImageObject","inLanguage":"fr-FR","@id":"https:\/\/www.legalvision.fr\/guides-juridiques\/#\/schema\/logo\/image\/","url":"https:\/\/www.legalvision.fr\/guides-juridiques\/wp-content\/uploads\/2022\/10\/LV-Logotype.png","contentUrl":"https:\/\/www.legalvision.fr\/guides-juridiques\/wp-content\/uploads\/2022\/10\/LV-Logotype.png","width":647,"height":125,"caption":"Guides juridiques"},"image":{"@id":"https:\/\/www.legalvision.fr\/guides-juridiques\/#\/schema\/logo\/image\/"}},{"@type":"Person","@id":"https:\/\/www.legalvision.fr\/guides-juridiques\/#\/schema\/person\/67f95ffb60649ed460d4778154ac2031","name":"Valentin Giandomenico","image":{"@type":"ImageObject","inLanguage":"fr-FR","@id":"https:\/\/www.legalvision.fr\/guides-juridiques\/#\/schema\/person\/image\/","url":"https:\/\/www.legalvision.fr\/guides-juridiques\/wp-content\/uploads\/2023\/07\/cropped-homme13-96x96.png","contentUrl":"https:\/\/www.legalvision.fr\/guides-juridiques\/wp-content\/uploads\/2023\/07\/cropped-homme13-96x96.png","caption":"Valentin Giandomenico"},"description":"Valentin est juriste au sein de LegalVision. Titulaire d'un M2 en droit des affaires, il s'int\u00e9resse tout particuli\u00e8rement au droit des soci\u00e9t\u00e9s.","url":"https:\/\/www.legalvision.fr\/guides-juridiques\/author\/valentin1\/"}]}},"_links":{"self":[{"href":"https:\/\/www.legalvision.fr\/guides-juridiques\/wp-json\/wp\/v2\/posts\/6345","targetHints":{"allow":["GET"]}}],"collection":[{"href":"https:\/\/www.legalvision.fr\/guides-juridiques\/wp-json\/wp\/v2\/posts"}],"about":[{"href":"https:\/\/www.legalvision.fr\/guides-juridiques\/wp-json\/wp\/v2\/types\/post"}],"author":[{"embeddable":true,"href":"https:\/\/www.legalvision.fr\/guides-juridiques\/wp-json\/wp\/v2\/users\/18"}],"replies":[{"embeddable":true,"href":"https:\/\/www.legalvision.fr\/guides-juridiques\/wp-json\/wp\/v2\/comments?post=6345"}],"version-history":[{"count":30,"href":"https:\/\/www.legalvision.fr\/guides-juridiques\/wp-json\/wp\/v2\/posts\/6345\/revisions"}],"predecessor-version":[{"id":42219,"href":"https:\/\/www.legalvision.fr\/guides-juridiques\/wp-json\/wp\/v2\/posts\/6345\/revisions\/42219"}],"wp:featuredmedia":[{"embeddable":true,"href":"https:\/\/www.legalvision.fr\/guides-juridiques\/wp-json\/wp\/v2\/media\/22984"}],"wp:attachment":[{"href":"https:\/\/www.legalvision.fr\/guides-juridiques\/wp-json\/wp\/v2\/media?parent=6345"}],"wp:term":[{"taxonomy":"category","embeddable":true,"href":"https:\/\/www.legalvision.fr\/guides-juridiques\/wp-json\/wp\/v2\/categories?post=6345"},{"taxonomy":"post_tag","embeddable":true,"href":"https:\/\/www.legalvision.fr\/guides-juridiques\/wp-json\/wp\/v2\/tags?post=6345"}],"curies":[{"name":"wp","href":"https:\/\/api.w.org\/{rel}","templated":true}]}}