{"id":5739,"date":"2018-07-15T07:30:08","date_gmt":"2018-07-15T06:30:08","guid":{"rendered":"https:\/\/blog.legalvision.fr\/?p=5739"},"modified":"2023-11-07T16:40:35","modified_gmt":"2023-11-07T15:40:35","slug":"nomination-du-directeur-general","status":"publish","type":"post","link":"https:\/\/www.legalvision.fr\/guides-juridiques\/sas\/nomination-du-directeur-general\/","title":{"rendered":"La nomination du directeur g\u00e9n\u00e9ral d&rsquo;une SAS"},"content":{"rendered":"\t\t<div data-elementor-type=\"wp-post\" data-elementor-id=\"5739\" class=\"elementor elementor-5739\" data-elementor-post-type=\"post\">\n\t\t\t\t<div data-particle_enable=\"false\" data-particle-mobile-disabled=\"false\" class=\"elementor-element elementor-element-31920c3 e-flex e-con-boxed e-con e-parent\" data-id=\"31920c3\" data-element_type=\"container\" data-e-type=\"container\">\n\t\t\t\t\t<div class=\"e-con-inner\">\n\t\t\t\t<div class=\"elementor-element elementor-element-bfc3297 elementor-widget elementor-widget-text-editor\" data-id=\"bfc3297\" data-element_type=\"widget\" data-e-type=\"widget\" data-widget_type=\"text-editor.default\">\n\t\t\t\t<div class=\"elementor-widget-container\">\n\t\t\t\t\t\t\t\t\t<p>La<strong> nomination du directeur g\u00e9n\u00e9ral<\/strong> dans une SAS est soumise \u00e0 l&rsquo;accomplissement de certaines formalit\u00e9s aupr\u00e8s du greffe. Cependant, la pr\u00e9sence d&rsquo;un directeur g\u00e9n\u00e9ral au sein de la direction d&rsquo;une SAS n&rsquo;est pas obligatoire. Cette nomination facultative peut \u00eatre d\u00e9cid\u00e9e par les associ\u00e9s de la SAS.<\/p><p>De la m\u00eame mani\u00e8re, les associ\u00e9s peuvent d\u00e9cider de nommer un ou plusieurs directeurs g\u00e9n\u00e9raux d\u00e9l\u00e9gu\u00e9s (DGD). Leur nomination est \u00e9galement facultative. En revanche, il est indispensable qu&rsquo;un Pr\u00e9sident soit nomm\u00e9, qui sera le repr\u00e9sentant l\u00e9gal de la soci\u00e9t\u00e9. Cette obligation est d&rsquo;ailleurs la seule pr\u00e9vue par la loi concernant l\u2019organisation d\u2019une SAS.<\/p><p>Les associ\u00e9s peuvent donc librement nommer dans les statuts un ou plusieurs DG ainsi qu&rsquo;un ou plusieurs DGD.<\/p><h2>Nomination d&rsquo;un directeur g\u00e9n\u00e9ral SAS : ce qu&rsquo;il faut savoir<\/h2><ol><li style=\"list-style-type: none;\"><br \/><ol><li><a href=\"#missions-dg\"><strong>Les missions du directeur g\u00e9n\u00e9ral (DG) et du directeur g\u00e9n\u00e9ral d\u00e9l\u00e9gu\u00e9 (DGD)<\/strong><\/a><\/li><li><a href=\"#qui-nomme-dg\"><strong>Qui nomme le directeur g\u00e9n\u00e9ral ?<\/strong><\/a><\/li><li><a href=\"#r\u00e9daction-PV-dg\"><strong>La r\u00e9daction d&rsquo;un PV d&rsquo;assembl\u00e9e g\u00e9n\u00e9rale<\/strong><\/a><\/li><li><a href=\"#causes-changement-dg\"><strong>Quelles sont les causes de changement de directeur g\u00e9n\u00e9ral ?<\/strong><\/a><\/li><li><a href=\"#formalit\u00e9s-nommination-dg\"><strong>Les formalit\u00e9s au greffe de nomination directeur g\u00e9n\u00e9ral de SAS<\/strong><\/a><\/li><\/ol><\/li><\/ol><div><span style=\"font-family: Montserrat;\">\u00a0<\/span><\/div>\t\t\t\t\t\t\t\t<\/div>\n\t\t\t\t<\/div>\n\t\t\t\t\t<\/div>\n\t\t\t\t<\/div>\n\t\t<div data-particle_enable=\"false\" data-particle-mobile-disabled=\"false\" class=\"elementor-element elementor-element-52f5634a e-flex e-con-boxed e-con e-parent\" data-id=\"52f5634a\" data-element_type=\"container\" data-e-type=\"container\">\n\t\t\t\t\t<div class=\"e-con-inner\">\n\t\t\t\t<div class=\"elementor-element elementor-element-10cf6742 elementor-widget elementor-widget-heading\" data-id=\"10cf6742\" data-element_type=\"widget\" data-e-type=\"widget\" data-widget_type=\"heading.default\">\n\t\t\t\t<div class=\"elementor-widget-container\">\n\t\t\t\t\t<h2 class=\"elementor-heading-title elementor-size-default\">Nos outils pour vous aider : <\/h2>\t\t\t\t<\/div>\n\t\t\t\t<\/div>\n\t\t\t\t\t<\/div>\n\t\t\t\t<\/div>\n\t\t<div data-particle_enable=\"false\" data-particle-mobile-disabled=\"false\" class=\"elementor-element elementor-element-7406b078 e-flex e-con-boxed e-con e-parent\" data-id=\"7406b078\" data-element_type=\"container\" data-e-type=\"container\">\n\t\t\t\t\t<div class=\"e-con-inner\">\n\t\t<div data-particle_enable=\"false\" data-particle-mobile-disabled=\"false\" class=\"elementor-element elementor-element-1df5685 e-con-full e-flex e-con e-child\" data-id=\"1df5685\" data-element_type=\"container\" data-e-type=\"container\">\n\t\t\t\t<div class=\"elementor-element elementor-element-bf88085 elementor-widget elementor-widget-button\" data-id=\"bf88085\" data-element_type=\"widget\" data-e-type=\"widget\" data-widget_type=\"button.default\">\n\t\t\t\t<div class=\"elementor-widget-container\">\n\t\t\t\t\t\t\t\t\t<div class=\"elementor-button-wrapper\">\n\t\t\t\t\t<a class=\"elementor-button elementor-button-link elementor-size-sm\" href=\"https:\/\/leonard.fr\/juridique\/modification-societe\/ajouter-ou-changer-un-dirigeant\/?utm_source=blog&#038;utm_medium=CTA&#038;utm_campaign=nomination_directeur_general&#038;utm_id=dirigeant_blog\" target=\"_blank\">\n\t\t\t\t\t\t<span class=\"elementor-button-content-wrapper\">\n\t\t\t\t\t\t\t\t\t<span class=\"elementor-button-text\">Modifiez la direction de votre soci\u00e9t\u00e9<\/span>\n\t\t\t\t\t<\/span>\n\t\t\t\t\t<\/a>\n\t\t\t\t<\/div>\n\t\t\t\t\t\t\t\t<\/div>\n\t\t\t\t<\/div>\n\t\t\t\t<\/div>\n\t\t<div data-particle_enable=\"false\" data-particle-mobile-disabled=\"false\" class=\"elementor-element elementor-element-1ce70cc4 e-con-full e-flex e-con e-child\" data-id=\"1ce70cc4\" data-element_type=\"container\" data-e-type=\"container\">\n\t\t\t\t<div class=\"elementor-element elementor-element-4082701e elementor-widget elementor-widget-button\" data-id=\"4082701e\" data-element_type=\"widget\" data-e-type=\"widget\" data-widget_type=\"button.default\">\n\t\t\t\t<div class=\"elementor-widget-container\">\n\t\t\t\t\t\t\t\t\t<div class=\"elementor-button-wrapper\">\n\t\t\t\t\t<a class=\"elementor-button elementor-button-link elementor-size-sm\" href=\"https:\/\/meetings.hubspot.com\/global\/leonard-rendez-vous-gratuit-avec-un-juriste?utm_source=blog&#038;utm_medium=CTA&#038;utm_campaign=nomination_directeur_general&#038;utm_id=dirigeant_blog\" target=\"_blank\">\n\t\t\t\t\t\t<span class=\"elementor-button-content-wrapper\">\n\t\t\t\t\t\t\t\t\t<span class=\"elementor-button-text\">Soyez rappel\u00e9 par un juriste gratuitement<\/span>\n\t\t\t\t\t<\/span>\n\t\t\t\t\t<\/a>\n\t\t\t\t<\/div>\n\t\t\t\t\t\t\t\t<\/div>\n\t\t\t\t<\/div>\n\t\t\t\t<\/div>\n\t\t<div data-particle_enable=\"false\" data-particle-mobile-disabled=\"false\" class=\"elementor-element elementor-element-6ee590ed e-con-full e-flex e-con e-child\" data-id=\"6ee590ed\" data-element_type=\"container\" data-e-type=\"container\">\n\t\t\t\t<div class=\"elementor-element elementor-element-6cbfa74 elementor-widget elementor-widget-button\" data-id=\"6cbfa74\" data-element_type=\"widget\" data-e-type=\"widget\" data-widget_type=\"button.default\">\n\t\t\t\t<div class=\"elementor-widget-container\">\n\t\t\t\t\t\t\t\t\t<div class=\"elementor-button-wrapper\">\n\t\t\t\t\t<a class=\"elementor-button elementor-button-link elementor-size-sm\" href=\"https:\/\/share.hsforms.com\/1MCz4iJkPSsaIbYWlbzl6vw1oyza?utm_source=blog&#038;utm_medium=CTA&#038;utm_campaign=nomination_directeur_general&#038;utm_id=dirigeant_blog\" target=\"_blank\">\n\t\t\t\t\t\t<span class=\"elementor-button-content-wrapper\">\n\t\t\t\t\t\t\t\t\t<span class=\"elementor-button-text\">Publiez votre annonce l\u00e9gale<\/span>\n\t\t\t\t\t<\/span>\n\t\t\t\t\t<\/a>\n\t\t\t\t<\/div>\n\t\t\t\t\t\t\t\t<\/div>\n\t\t\t\t<\/div>\n\t\t\t\t<\/div>\n\t\t\t\t\t<\/div>\n\t\t\t\t<\/div>\n\t\t<div data-particle_enable=\"false\" data-particle-mobile-disabled=\"false\" class=\"elementor-element elementor-element-6cf707b3 e-flex e-con-boxed e-con e-parent\" data-id=\"6cf707b3\" data-element_type=\"container\" data-e-type=\"container\">\n\t\t\t\t\t<div class=\"e-con-inner\">\n\t\t\t\t<div class=\"elementor-element elementor-element-4e86ca25 elementor-widget elementor-widget-text-editor\" data-id=\"4e86ca25\" data-element_type=\"widget\" data-e-type=\"widget\" data-widget_type=\"text-editor.default\">\n\t\t\t\t<div class=\"elementor-widget-container\">\n\t\t\t\t\t\t\t\t\t<h2>\u00a0<\/h2><h2 id=\"missions-dg\">I\/ Les missions du directeur g\u00e9n\u00e9ral (DG) et du directeur g\u00e9n\u00e9ral d\u00e9l\u00e9gu\u00e9 (DGD)<\/h2><p>La mission principale du directeur g\u00e9n\u00e9ral et du directeur g\u00e9n\u00e9ral d\u00e9l\u00e9gu\u00e9 est d&rsquo;assister le pr\u00e9sident de la SAS dans ses missions. Le principal int\u00e9r\u00eat est qu&rsquo;en nommant un ou plusieurs DG, la soci\u00e9t\u00e9 aura plusieurs mandataires sociaux. Ils pourront alors engager la soci\u00e9t\u00e9 par les actes qu&rsquo;ils accomplissent. Cela permet de simplifier le fonctionnement de la soci\u00e9t\u00e9. En effet, sans DG ou DGD, <a href=\"https:\/\/blog.legalvision.fr\/2018\/02\/20\/nomination-president-dune-sas\/\">le pr\u00e9sident de la SAS<\/a> est le seul qui a le pouvoir d&rsquo;engager la soci\u00e9t\u00e9 par ses actes. Ces fonctions sont souvent assur\u00e9es par des associ\u00e9s de la soci\u00e9t\u00e9, mais il peut \u00e9galement s&rsquo;agir de personnes ext\u00e9rieures \u00e0 la soci\u00e9t\u00e9. Par ailleurs, ces fonctions peuvent \u00eatre assur\u00e9es par une personne physique ou par une personne morale.<\/p><p>La nomination du directeur g\u00e9n\u00e9ral est souvent envisag\u00e9e par des associ\u00e9s d&rsquo;une SAS car il ne peut y avoir qu&rsquo;un pr\u00e9sident \u00e0 la t\u00eate de la soci\u00e9t\u00e9. Ainsi, pour \u00eatre \u00e9paul\u00e9 \u00e0 la t\u00eate de la soci\u00e9t\u00e9, la nomination d\u2019un DG ou DGD est recommand\u00e9e.<\/p><p>Tout comme le pr\u00e9sident de la SAS, le DG et le DGD sont affili\u00e9s au r\u00e9gime g\u00e9n\u00e9ral de la S\u00e9curit\u00e9 Sociale. Cela signifie qu\u2019ils b\u00e9n\u00e9ficient des m\u00eame conditions de protection sociale que les salari\u00e9s, \u00e0 l\u2019exception de l\u2019assurance ch\u00f4mage, aupr\u00e8s de laquelle ils ne peuvent pas cotiser.<\/p><p>La description pr\u00e9cise des missions du directeur g\u00e9n\u00e9ral est pr\u00e9vue dans les statuts par les associ\u00e9s. Les missions \u00e0 exercer sont alors enti\u00e8rement d\u00e9cid\u00e9es par les associ\u00e9s. De la m\u00eame mani\u00e8re, en cas de nomination d&rsquo;un directeur g\u00e9n\u00e9ral d\u00e9l\u00e9gu\u00e9 (DGD), les missions qui lui seront confi\u00e9es sont pr\u00e9cis\u00e9es dans les statuts. D&rsquo;un point de vue l\u00e9gal, il n&rsquo;y a pas de diff\u00e9rence entre le DG et le DGD : ils sont les deux des mandataires sociaux de la soci\u00e9t\u00e9.<\/p><h2 id=\"qui-nomme-dg\">\u00a0<\/h2><h2 id=\"qui-nomme-dg\">II\/ La nomination d&rsquo;un directeur g\u00e9n\u00e9ral<\/h2><p>Comment toute nomination d&rsquo;un dirigeant, il faut que l&rsquo;assembl\u00e9e g\u00e9n\u00e9rale soit convoqu\u00e9e. Au cours de cette r\u00e9union de la collectivit\u00e9 des associ\u00e9s, les associ\u00e9s votent sur la d\u00e9cision de nomination du DG et du DGD. Les d\u00e9cisions prises doivent faire l&rsquo;objet de l&rsquo;\u00e9tablissement d&rsquo;un proc\u00e8s-verbal d&rsquo;assembl\u00e9e g\u00e9n\u00e9rale.<\/p><p>Les statuts doivent \u00e9galement encadrer les conditions d&rsquo;une \u00e9ventuelle r\u00e9vocation du directeur g\u00e9n\u00e9ral. La loi ne pr\u00e9voyant rien sur les conditions applicables en la mati\u00e8re. Les statuts doivent donc pr\u00e9ciser les conditions de majorit\u00e9 et de quorum \u00e0 respecter qui permettent d&rsquo;aboutir \u00e0 la nomination du dirigeant.<\/p><h3><b>\u00a0<\/b><\/h3><h3><b>Nomination du directeur g\u00e9n\u00e9ral : dans les statuts ou dans un acte s\u00e9par\u00e9 ?<\/b><\/h3><p>Deux cas de figure sont \u00e0 envisager pour la nomination du directeur g\u00e9n\u00e9ral :<\/p><ul><li>La nomination dans les statuts de la soci\u00e9t\u00e9 : le directeur g\u00e9n\u00e9ral est nomm\u00e9 dans un article des statuts. Il sera \u00e9galement mentionn\u00e9 la dur\u00e9e du mandat si le mandat est renouvelable ou pas.<\/li><li>La nomination dans un acte extra-statutaire (acte s\u00e9par\u00e9) : le directeur g\u00e9n\u00e9ral n&rsquo;est pas nomm\u00e9 dans les statuts mais dans un acte s\u00e9par\u00e9. Il est joint aux statuts lors de la constitution de la soci\u00e9t\u00e9.<\/li><\/ul><p>Dans le cas o\u00f9 le directeur g\u00e9n\u00e9ral est nomm\u00e9 dans les statuts, il faudra proc\u00e9der \u00e0 une <a href=\"https:\/\/blog.legalvision.fr\/2017\/08\/28\/modification-des-statuts-dune-sas\/\">modification statutaire<\/a>.<\/p><h2 id=\"r\u00e9daction-PV-dg\">\u00a0<\/h2><h2 id=\"r\u00e9daction-PV-dg\">III\/ La r\u00e9daction d&rsquo;un PV d&rsquo;assembl\u00e9e g\u00e9n\u00e9rale<\/h2><p>La nomination d&rsquo;un directeur g\u00e9n\u00e9ral SAS en Assembl\u00e9e g\u00e9n\u00e9rale fait l&rsquo;objet d&rsquo;un proc\u00e8s-verbal, qui devra \u00eatre par la suite \u00eatre joint au dossier de modification statutaire pour le greffe. L&rsquo;acte de nomination du directeur g\u00e9n\u00e9ral d&rsquo;une SAS doit comporter un certain nombre de <a href=\"https:\/\/blog.legalvision.fr\/2018\/06\/26\/pv-d-assemblee-generale\/\">mentions obligatoires<\/a>.<\/p><h2 id=\"causes-changement-dg\">\u00a0<\/h2><h2 id=\"causes-changement-dg\">IV\/ Nomination directeur g\u00e9n\u00e9ral SAS : les causes de changement de directeur g\u00e9n\u00e9ral<\/h2><p>Dans plusieurs situations, la nomination d&rsquo;un directeur g\u00e9n\u00e9ral devra intervenir. Il s&rsquo;agit par exemple d&rsquo;une nomination faisant suite au d\u00e9c\u00e8s du pr\u00e9c\u00e9dent directeur g\u00e9n\u00e9ral. Par ailleurs, le directeur g\u00e9n\u00e9ral peut d\u00e9missionner \u00e0 tout moment de ses fonctions. Cependant, il doit respecter un certain d\u00e9lai de pr\u00e9avis. Ce d\u00e9lai peut \u00eatre d\u00e9fini dans les statuts. Si ce n&rsquo;est pas le cas, le dirigeant devra respecter un d\u00e9lai raisonnable.<\/p><p>S&rsquo;il ne respecte pas le d\u00e9lai impos\u00e9 dans les statuts, ou un d\u00e9lai raisonnable si aucun d\u00e9lai n&rsquo;est sp\u00e9cifi\u00e9 dans les statuts, il s&rsquo;expose au paiement de dommages et int\u00e9r\u00eats.<\/p><p>La nomination d&rsquo;un nouveau directeur g\u00e9n\u00e9ral peut, de la m\u00eame mani\u00e8re, faire suite \u00e0 sa r\u00e9vocation par la soci\u00e9t\u00e9. Cette r\u00e9vocation doit respecter les conditions pr\u00e9vues dans les statuts. Dans tous les cas, il est consid\u00e9r\u00e9 que la <a href=\"https:\/\/blog.legalvision.fr\/2018\/06\/01\/revocation-du-directeur-general\/\">r\u00e9vocation<\/a> de tout dirigeant de soci\u00e9t\u00e9 (et donc du directeur g\u00e9n\u00e9ral d&rsquo;une SAS) ne doit pas \u00eatre effectu\u00e9e dans des conditions qui pourraient \u00eatre vexatoires ou injurieuses pour le dirigeant r\u00e9voqu\u00e9. Si c&rsquo;est le cas, la justice pourra consid\u00e9rer qu&rsquo;il s&rsquo;agit d&rsquo;une r\u00e9vocation abusive. Le paiement de dommages et int\u00e9r\u00eats sera alors exig\u00e9.<\/p><h2 id=\"formalit\u00e9s-nommination-dg\">\u00a0<\/h2><h2 id=\"formalit\u00e9s-nommination-dg\">V\/ Les formalit\u00e9s au greffe de nomination du DG de SAS<\/h2><p>La nomination d&rsquo;un directeur g\u00e9n\u00e9ral n\u00e9cessite la publication d&rsquo;une annonce l\u00e9gale dans un journal habilit\u00e9 \u00e0 en recevoir. Des mod\u00e8les d&rsquo;avis sont trouvables en ligne, sur le <a href=\"https:\/\/www.entreprises.cci-paris-idf.fr\/web\/formalites\/modele\/avis-changement-president-sas\">site de la CCI<\/a> par exemple. Annonce l\u00e9gale nomination directeur g\u00e9n\u00e9ral : l&rsquo;attestation de publication doit \u00eatre fournie avec les autres pi\u00e8ces obligatoires aupr\u00e8s du greffe.<\/p><p>Ainsi, il conviendra de remplir et signer un <a href=\"https:\/\/blog.legalvision.fr\/2018\/03\/16\/cerfa-m3\/\">formulaire M3<\/a> faisant appara\u00eetre le nom du nouveau directeur g\u00e9n\u00e9ral. C&rsquo;est le repr\u00e9sentant l\u00e9gal de la soci\u00e9t\u00e9 qui doit signer ce formulaire. Mais, s&rsquo;il ne peut le signer, un mandataire muni d&rsquo;un pouvoir sign\u00e9 par ce repr\u00e9sentant l\u00e9gal pourra effectuer la formalit\u00e9 \u00e0 sa place.<\/p><p>Acte de nomination du directeur g\u00e9n\u00e9ral SAS : le PV de nomination doit \u00eatre \u00e9galement fourni pour que le greffe valide la formalit\u00e9.<\/p><p>Une d\u00e9claration de non-condamnation et de filiation devra \u00eatre fournie par le nouveau directeur g\u00e9n\u00e9ral. D&rsquo;une part, ce document rappelle l&rsquo;identit\u00e9 des parents du dirigeant nomm\u00e9. D&rsquo;autre part, il \u00e9tablit que le directeur g\u00e9n\u00e9ral ou le directeur g\u00e9n\u00e9ral d\u00e9l\u00e9gu\u00e9 nomm\u00e9 ne fait pas l&rsquo;objet d&rsquo;une condamnation l&rsquo;interdisant d&rsquo;exercer des fonctions de direction dans une soci\u00e9t\u00e9.<\/p><p>\u00a0<\/p><div class=\"wp-block-button\" style=\"text-align: center;\"><a class=\"wp-block-button__link has-background\" style=\"border-radius: 10px; background-color: #3fc3bf;\" href=\"https:\/\/leonard.fr\/juridique\/modification-societe\/ajouter-ou-changer-un-dirigeant\/?utm_source=blog&amp;utm_medium=CTA&amp;utm_campaign=nomination_directeur_general&amp;utm_id=dirigeant_blog\">Modifiez la direction de votre soci\u00e9t\u00e9<\/a><\/div>\t\t\t\t\t\t\t\t<\/div>\n\t\t\t\t<\/div>\n\t\t\t\t\t<\/div>\n\t\t\t\t<\/div>\n\t\t\t\t<\/div>\n\t\t","protected":false},"excerpt":{"rendered":"<p>La nomination du directeur g\u00e9n\u00e9ral dans une SAS est soumise \u00e0 l&rsquo;accomplissement de certaines formalit\u00e9s aupr\u00e8s du greffe. Cependant, la pr\u00e9sence d&rsquo;un directeur g\u00e9n\u00e9ral au sein de la direction d&rsquo;une SAS n&rsquo;est pas obligatoire. Cette nomination facultative peut \u00eatre d\u00e9cid\u00e9e par les associ\u00e9s de la SAS. De la m\u00eame mani\u00e8re, les associ\u00e9s peuvent d\u00e9cider de&hellip; <a class=\"more-link\" href=\"https:\/\/www.legalvision.fr\/guides-juridiques\/sas\/nomination-du-directeur-general\/\">Poursuivre la lecture <span class=\"screen-reader-text\">La nomination du directeur g\u00e9n\u00e9ral d&rsquo;une SAS<\/span><\/a><\/p>\n","protected":false},"author":15,"featured_media":23137,"comment_status":"open","ping_status":"open","sticky":false,"template":"","format":"standard","meta":{"content-type":"","inline_featured_image":false,"footnotes":""},"categories":[2498],"tags":[],"class_list":["post-5739","post","type-post","status-publish","format-standard","has-post-thumbnail","hentry","category-sas","entry"],"yoast_head":"<!-- This site is optimized with the Yoast SEO plugin v27.1.1 - https:\/\/yoast.com\/product\/yoast-seo-wordpress\/ -->\n<title>Nomination du directeur g\u00e9n\u00e9ral dans une SAS : la proc\u00e9dure \u00e0 suivre<\/title>\n<meta name=\"description\" content=\"Pour accompagner le pr\u00e9sident de la soci\u00e9t\u00e9, un directeur g\u00e9n\u00e9ral peut \u00eatre d\u00e9sign\u00e9. Retour sur les d\u00e9marches de nomination du directeur g\u00e9n\u00e9ral.\" \/>\n<meta name=\"robots\" content=\"index, follow, max-snippet:-1, max-image-preview:large, max-video-preview:-1\" \/>\n<link rel=\"canonical\" href=\"https:\/\/www.legalvision.fr\/guides-juridiques\/sas\/nomination-du-directeur-general\/\" \/>\n<meta property=\"og:locale\" content=\"fr_FR\" \/>\n<meta property=\"og:type\" content=\"article\" \/>\n<meta property=\"og:title\" content=\"Nomination du directeur g\u00e9n\u00e9ral dans une SAS : la proc\u00e9dure \u00e0 suivre\" \/>\n<meta property=\"og:description\" content=\"Pour accompagner le pr\u00e9sident de la soci\u00e9t\u00e9, un directeur g\u00e9n\u00e9ral peut \u00eatre d\u00e9sign\u00e9. Retour sur les d\u00e9marches de nomination du directeur g\u00e9n\u00e9ral.\" \/>\n<meta property=\"og:url\" content=\"https:\/\/www.legalvision.fr\/guides-juridiques\/sas\/nomination-du-directeur-general\/\" \/>\n<meta property=\"og:site_name\" content=\"Guides juridiques\" \/>\n<meta property=\"article:author\" content=\"https:\/\/www.facebook.com\/legalvision.fr\/\" \/>\n<meta property=\"article:published_time\" content=\"2018-07-15T06:30:08+00:00\" \/>\n<meta property=\"article:modified_time\" content=\"2023-11-07T15:40:35+00:00\" \/>\n<meta property=\"og:image\" content=\"https:\/\/www.legalvision.fr\/guides-juridiques\/wp-content\/uploads\/2018\/07\/Nomination-du-directeur-g\u00e9n\u00e9ral-min.jpg\" \/>\n\t<meta property=\"og:image:width\" content=\"958\" \/>\n\t<meta property=\"og:image:height\" content=\"350\" \/>\n\t<meta property=\"og:image:type\" content=\"image\/jpeg\" \/>\n<meta name=\"author\" content=\"Maxime Ballesteron\" \/>\n<meta name=\"twitter:card\" content=\"summary_large_image\" \/>\n<meta name=\"twitter:creator\" content=\"@https:\/\/twitter.com\/Legalvision_fr\" \/>\n<meta name=\"twitter:label1\" content=\"\u00c9crit par\" \/>\n\t<meta name=\"twitter:data1\" content=\"Maxime Ballesteron\" \/>\n\t<meta name=\"twitter:label2\" content=\"Dur\u00e9e de lecture estim\u00e9e\" \/>\n\t<meta name=\"twitter:data2\" content=\"6 minutes\" \/>\n<script type=\"application\/ld+json\" class=\"yoast-schema-graph\">{\"@context\":\"https:\/\/schema.org\",\"@graph\":[{\"@type\":\"Article\",\"@id\":\"https:\/\/www.legalvision.fr\/guides-juridiques\/sas\/nomination-du-directeur-general\/#article\",\"isPartOf\":{\"@id\":\"https:\/\/www.legalvision.fr\/guides-juridiques\/sas\/nomination-du-directeur-general\/\"},\"author\":{\"name\":\"Maxime Ballesteron\",\"@id\":\"https:\/\/www.legalvision.fr\/guides-juridiques\/#\/schema\/person\/9c4ca0ec82e346ae731e8fef938d9282\"},\"headline\":\"La nomination du directeur g\u00e9n\u00e9ral d&rsquo;une SAS\",\"datePublished\":\"2018-07-15T06:30:08+00:00\",\"dateModified\":\"2023-11-07T15:40:35+00:00\",\"mainEntityOfPage\":{\"@id\":\"https:\/\/www.legalvision.fr\/guides-juridiques\/sas\/nomination-du-directeur-general\/\"},\"wordCount\":1462,\"commentCount\":4,\"publisher\":{\"@id\":\"https:\/\/www.legalvision.fr\/guides-juridiques\/#organization\"},\"image\":{\"@id\":\"https:\/\/www.legalvision.fr\/guides-juridiques\/sas\/nomination-du-directeur-general\/#primaryimage\"},\"thumbnailUrl\":\"https:\/\/www.legalvision.fr\/guides-juridiques\/wp-content\/uploads\/2018\/07\/Nomination-du-directeur-g\u00e9n\u00e9ral-min.jpg\",\"articleSection\":[\"SAS\"],\"inLanguage\":\"fr-FR\",\"potentialAction\":[{\"@type\":\"CommentAction\",\"name\":\"Comment\",\"target\":[\"https:\/\/www.legalvision.fr\/guides-juridiques\/sas\/nomination-du-directeur-general\/#respond\"]}]},{\"@type\":\"WebPage\",\"@id\":\"https:\/\/www.legalvision.fr\/guides-juridiques\/sas\/nomination-du-directeur-general\/\",\"url\":\"https:\/\/www.legalvision.fr\/guides-juridiques\/sas\/nomination-du-directeur-general\/\",\"name\":\"Nomination du directeur g\u00e9n\u00e9ral dans une SAS : la proc\u00e9dure \u00e0 suivre\",\"isPartOf\":{\"@id\":\"https:\/\/www.legalvision.fr\/guides-juridiques\/#website\"},\"primaryImageOfPage\":{\"@id\":\"https:\/\/www.legalvision.fr\/guides-juridiques\/sas\/nomination-du-directeur-general\/#primaryimage\"},\"image\":{\"@id\":\"https:\/\/www.legalvision.fr\/guides-juridiques\/sas\/nomination-du-directeur-general\/#primaryimage\"},\"thumbnailUrl\":\"https:\/\/www.legalvision.fr\/guides-juridiques\/wp-content\/uploads\/2018\/07\/Nomination-du-directeur-g\u00e9n\u00e9ral-min.jpg\",\"datePublished\":\"2018-07-15T06:30:08+00:00\",\"dateModified\":\"2023-11-07T15:40:35+00:00\",\"description\":\"Pour accompagner le pr\u00e9sident de la soci\u00e9t\u00e9, un directeur g\u00e9n\u00e9ral peut \u00eatre d\u00e9sign\u00e9. Retour sur les d\u00e9marches de nomination du directeur g\u00e9n\u00e9ral.\",\"breadcrumb\":{\"@id\":\"https:\/\/www.legalvision.fr\/guides-juridiques\/sas\/nomination-du-directeur-general\/#breadcrumb\"},\"inLanguage\":\"fr-FR\",\"potentialAction\":[{\"@type\":\"ReadAction\",\"target\":[\"https:\/\/www.legalvision.fr\/guides-juridiques\/sas\/nomination-du-directeur-general\/\"]}]},{\"@type\":\"ImageObject\",\"inLanguage\":\"fr-FR\",\"@id\":\"https:\/\/www.legalvision.fr\/guides-juridiques\/sas\/nomination-du-directeur-general\/#primaryimage\",\"url\":\"https:\/\/www.legalvision.fr\/guides-juridiques\/wp-content\/uploads\/2018\/07\/Nomination-du-directeur-g\u00e9n\u00e9ral-min.jpg\",\"contentUrl\":\"https:\/\/www.legalvision.fr\/guides-juridiques\/wp-content\/uploads\/2018\/07\/Nomination-du-directeur-g\u00e9n\u00e9ral-min.jpg\",\"width\":958,\"height\":350,\"caption\":\"Nomination du directeur g\u00e9n\u00e9ral\"},{\"@type\":\"BreadcrumbList\",\"@id\":\"https:\/\/www.legalvision.fr\/guides-juridiques\/sas\/nomination-du-directeur-general\/#breadcrumb\",\"itemListElement\":[{\"@type\":\"ListItem\",\"position\":1,\"name\":\"Accueil\",\"item\":\"https:\/\/www.legalvision.fr\/guides-juridiques\/\"},{\"@type\":\"ListItem\",\"position\":2,\"name\":\"SAS\",\"item\":\"https:\/\/www.legalvision.fr\/guides-juridiques\/sas\/\"},{\"@type\":\"ListItem\",\"position\":3,\"name\":\"La nomination du directeur g\u00e9n\u00e9ral d&rsquo;une SAS\"}]},{\"@type\":\"WebSite\",\"@id\":\"https:\/\/www.legalvision.fr\/guides-juridiques\/#website\",\"url\":\"https:\/\/www.legalvision.fr\/guides-juridiques\/\",\"name\":\"Guides juridiques\",\"description\":\"L&#039;information juridique \u00e0 destination des entreprises et TPE\",\"publisher\":{\"@id\":\"https:\/\/www.legalvision.fr\/guides-juridiques\/#organization\"},\"potentialAction\":[{\"@type\":\"SearchAction\",\"target\":{\"@type\":\"EntryPoint\",\"urlTemplate\":\"https:\/\/www.legalvision.fr\/guides-juridiques\/?s={search_term_string}\"},\"query-input\":{\"@type\":\"PropertyValueSpecification\",\"valueRequired\":true,\"valueName\":\"search_term_string\"}}],\"inLanguage\":\"fr-FR\"},{\"@type\":\"Organization\",\"@id\":\"https:\/\/www.legalvision.fr\/guides-juridiques\/#organization\",\"name\":\"Guides juridiques\",\"url\":\"https:\/\/www.legalvision.fr\/guides-juridiques\/\",\"logo\":{\"@type\":\"ImageObject\",\"inLanguage\":\"fr-FR\",\"@id\":\"https:\/\/www.legalvision.fr\/guides-juridiques\/#\/schema\/logo\/image\/\",\"url\":\"https:\/\/www.legalvision.fr\/guides-juridiques\/wp-content\/uploads\/2022\/10\/LV-Logotype.png\",\"contentUrl\":\"https:\/\/www.legalvision.fr\/guides-juridiques\/wp-content\/uploads\/2022\/10\/LV-Logotype.png\",\"width\":647,\"height\":125,\"caption\":\"Guides juridiques\"},\"image\":{\"@id\":\"https:\/\/www.legalvision.fr\/guides-juridiques\/#\/schema\/logo\/image\/\"}},{\"@type\":\"Person\",\"@id\":\"https:\/\/www.legalvision.fr\/guides-juridiques\/#\/schema\/person\/9c4ca0ec82e346ae731e8fef938d9282\",\"name\":\"Maxime Ballesteron\",\"image\":{\"@type\":\"ImageObject\",\"inLanguage\":\"fr-FR\",\"@id\":\"https:\/\/www.legalvision.fr\/guides-juridiques\/#\/schema\/person\/image\/\",\"url\":\"https:\/\/secure.gravatar.com\/avatar\/68fa8e70985671e1333fd562aa940aa27363cecb7578a35e3e3131f2500b6ca5?s=96&d=mm&r=g\",\"contentUrl\":\"https:\/\/secure.gravatar.com\/avatar\/68fa8e70985671e1333fd562aa940aa27363cecb7578a35e3e3131f2500b6ca5?s=96&d=mm&r=g\",\"caption\":\"Maxime Ballesteron\"},\"description\":\"Maxime est juriste sp\u00e9cialis\u00e9 en droit des soci\u00e9t\u00e9s chez LegalVision. Il est passionn\u00e9 par le droit et l'univers des startups.\",\"sameAs\":[\"https:\/\/www.legalvision.fr\/\",\"https:\/\/www.facebook.com\/legalvision.fr\/\",\"https:\/\/www.instagram.com\/legalvision.fr\/\",\"https:\/\/www.linkedin.com\/company\/legalvision-fr\/\",\"https:\/\/x.com\/https:\/\/twitter.com\/Legalvision_fr\"],\"url\":\"https:\/\/www.legalvision.fr\/guides-juridiques\/author\/maxime-ballester\/\"}]}<\/script>\n<!-- \/ Yoast SEO plugin. -->","yoast_head_json":{"title":"Nomination du directeur g\u00e9n\u00e9ral dans une SAS : la proc\u00e9dure \u00e0 suivre","description":"Pour accompagner le pr\u00e9sident de la soci\u00e9t\u00e9, un directeur g\u00e9n\u00e9ral peut \u00eatre d\u00e9sign\u00e9. Retour sur les d\u00e9marches de nomination du directeur g\u00e9n\u00e9ral.","robots":{"index":"index","follow":"follow","max-snippet":"max-snippet:-1","max-image-preview":"max-image-preview:large","max-video-preview":"max-video-preview:-1"},"canonical":"https:\/\/www.legalvision.fr\/guides-juridiques\/sas\/nomination-du-directeur-general\/","og_locale":"fr_FR","og_type":"article","og_title":"Nomination du directeur g\u00e9n\u00e9ral dans une SAS : la proc\u00e9dure \u00e0 suivre","og_description":"Pour accompagner le pr\u00e9sident de la soci\u00e9t\u00e9, un directeur g\u00e9n\u00e9ral peut \u00eatre d\u00e9sign\u00e9. Retour sur les d\u00e9marches de nomination du directeur g\u00e9n\u00e9ral.","og_url":"https:\/\/www.legalvision.fr\/guides-juridiques\/sas\/nomination-du-directeur-general\/","og_site_name":"Guides juridiques","article_author":"https:\/\/www.facebook.com\/legalvision.fr\/","article_published_time":"2018-07-15T06:30:08+00:00","article_modified_time":"2023-11-07T15:40:35+00:00","og_image":[{"width":958,"height":350,"url":"https:\/\/www.legalvision.fr\/guides-juridiques\/wp-content\/uploads\/2018\/07\/Nomination-du-directeur-g\u00e9n\u00e9ral-min.jpg","type":"image\/jpeg"}],"author":"Maxime Ballesteron","twitter_card":"summary_large_image","twitter_creator":"@https:\/\/twitter.com\/Legalvision_fr","twitter_misc":{"\u00c9crit par":"Maxime Ballesteron","Dur\u00e9e de lecture estim\u00e9e":"6 minutes"},"schema":{"@context":"https:\/\/schema.org","@graph":[{"@type":"Article","@id":"https:\/\/www.legalvision.fr\/guides-juridiques\/sas\/nomination-du-directeur-general\/#article","isPartOf":{"@id":"https:\/\/www.legalvision.fr\/guides-juridiques\/sas\/nomination-du-directeur-general\/"},"author":{"name":"Maxime Ballesteron","@id":"https:\/\/www.legalvision.fr\/guides-juridiques\/#\/schema\/person\/9c4ca0ec82e346ae731e8fef938d9282"},"headline":"La nomination du directeur g\u00e9n\u00e9ral d&rsquo;une SAS","datePublished":"2018-07-15T06:30:08+00:00","dateModified":"2023-11-07T15:40:35+00:00","mainEntityOfPage":{"@id":"https:\/\/www.legalvision.fr\/guides-juridiques\/sas\/nomination-du-directeur-general\/"},"wordCount":1462,"commentCount":4,"publisher":{"@id":"https:\/\/www.legalvision.fr\/guides-juridiques\/#organization"},"image":{"@id":"https:\/\/www.legalvision.fr\/guides-juridiques\/sas\/nomination-du-directeur-general\/#primaryimage"},"thumbnailUrl":"https:\/\/www.legalvision.fr\/guides-juridiques\/wp-content\/uploads\/2018\/07\/Nomination-du-directeur-g\u00e9n\u00e9ral-min.jpg","articleSection":["SAS"],"inLanguage":"fr-FR","potentialAction":[{"@type":"CommentAction","name":"Comment","target":["https:\/\/www.legalvision.fr\/guides-juridiques\/sas\/nomination-du-directeur-general\/#respond"]}]},{"@type":"WebPage","@id":"https:\/\/www.legalvision.fr\/guides-juridiques\/sas\/nomination-du-directeur-general\/","url":"https:\/\/www.legalvision.fr\/guides-juridiques\/sas\/nomination-du-directeur-general\/","name":"Nomination du directeur g\u00e9n\u00e9ral dans une SAS : la proc\u00e9dure \u00e0 suivre","isPartOf":{"@id":"https:\/\/www.legalvision.fr\/guides-juridiques\/#website"},"primaryImageOfPage":{"@id":"https:\/\/www.legalvision.fr\/guides-juridiques\/sas\/nomination-du-directeur-general\/#primaryimage"},"image":{"@id":"https:\/\/www.legalvision.fr\/guides-juridiques\/sas\/nomination-du-directeur-general\/#primaryimage"},"thumbnailUrl":"https:\/\/www.legalvision.fr\/guides-juridiques\/wp-content\/uploads\/2018\/07\/Nomination-du-directeur-g\u00e9n\u00e9ral-min.jpg","datePublished":"2018-07-15T06:30:08+00:00","dateModified":"2023-11-07T15:40:35+00:00","description":"Pour accompagner le pr\u00e9sident de la soci\u00e9t\u00e9, un directeur g\u00e9n\u00e9ral peut \u00eatre d\u00e9sign\u00e9. Retour sur les d\u00e9marches de nomination du directeur g\u00e9n\u00e9ral.","breadcrumb":{"@id":"https:\/\/www.legalvision.fr\/guides-juridiques\/sas\/nomination-du-directeur-general\/#breadcrumb"},"inLanguage":"fr-FR","potentialAction":[{"@type":"ReadAction","target":["https:\/\/www.legalvision.fr\/guides-juridiques\/sas\/nomination-du-directeur-general\/"]}]},{"@type":"ImageObject","inLanguage":"fr-FR","@id":"https:\/\/www.legalvision.fr\/guides-juridiques\/sas\/nomination-du-directeur-general\/#primaryimage","url":"https:\/\/www.legalvision.fr\/guides-juridiques\/wp-content\/uploads\/2018\/07\/Nomination-du-directeur-g\u00e9n\u00e9ral-min.jpg","contentUrl":"https:\/\/www.legalvision.fr\/guides-juridiques\/wp-content\/uploads\/2018\/07\/Nomination-du-directeur-g\u00e9n\u00e9ral-min.jpg","width":958,"height":350,"caption":"Nomination du directeur g\u00e9n\u00e9ral"},{"@type":"BreadcrumbList","@id":"https:\/\/www.legalvision.fr\/guides-juridiques\/sas\/nomination-du-directeur-general\/#breadcrumb","itemListElement":[{"@type":"ListItem","position":1,"name":"Accueil","item":"https:\/\/www.legalvision.fr\/guides-juridiques\/"},{"@type":"ListItem","position":2,"name":"SAS","item":"https:\/\/www.legalvision.fr\/guides-juridiques\/sas\/"},{"@type":"ListItem","position":3,"name":"La nomination du directeur g\u00e9n\u00e9ral d&rsquo;une SAS"}]},{"@type":"WebSite","@id":"https:\/\/www.legalvision.fr\/guides-juridiques\/#website","url":"https:\/\/www.legalvision.fr\/guides-juridiques\/","name":"Guides juridiques","description":"L&#039;information juridique \u00e0 destination des entreprises et TPE","publisher":{"@id":"https:\/\/www.legalvision.fr\/guides-juridiques\/#organization"},"potentialAction":[{"@type":"SearchAction","target":{"@type":"EntryPoint","urlTemplate":"https:\/\/www.legalvision.fr\/guides-juridiques\/?s={search_term_string}"},"query-input":{"@type":"PropertyValueSpecification","valueRequired":true,"valueName":"search_term_string"}}],"inLanguage":"fr-FR"},{"@type":"Organization","@id":"https:\/\/www.legalvision.fr\/guides-juridiques\/#organization","name":"Guides juridiques","url":"https:\/\/www.legalvision.fr\/guides-juridiques\/","logo":{"@type":"ImageObject","inLanguage":"fr-FR","@id":"https:\/\/www.legalvision.fr\/guides-juridiques\/#\/schema\/logo\/image\/","url":"https:\/\/www.legalvision.fr\/guides-juridiques\/wp-content\/uploads\/2022\/10\/LV-Logotype.png","contentUrl":"https:\/\/www.legalvision.fr\/guides-juridiques\/wp-content\/uploads\/2022\/10\/LV-Logotype.png","width":647,"height":125,"caption":"Guides juridiques"},"image":{"@id":"https:\/\/www.legalvision.fr\/guides-juridiques\/#\/schema\/logo\/image\/"}},{"@type":"Person","@id":"https:\/\/www.legalvision.fr\/guides-juridiques\/#\/schema\/person\/9c4ca0ec82e346ae731e8fef938d9282","name":"Maxime Ballesteron","image":{"@type":"ImageObject","inLanguage":"fr-FR","@id":"https:\/\/www.legalvision.fr\/guides-juridiques\/#\/schema\/person\/image\/","url":"https:\/\/secure.gravatar.com\/avatar\/68fa8e70985671e1333fd562aa940aa27363cecb7578a35e3e3131f2500b6ca5?s=96&d=mm&r=g","contentUrl":"https:\/\/secure.gravatar.com\/avatar\/68fa8e70985671e1333fd562aa940aa27363cecb7578a35e3e3131f2500b6ca5?s=96&d=mm&r=g","caption":"Maxime Ballesteron"},"description":"Maxime est juriste sp\u00e9cialis\u00e9 en droit des soci\u00e9t\u00e9s chez LegalVision. Il est passionn\u00e9 par le droit et l'univers des startups.","sameAs":["https:\/\/www.legalvision.fr\/","https:\/\/www.facebook.com\/legalvision.fr\/","https:\/\/www.instagram.com\/legalvision.fr\/","https:\/\/www.linkedin.com\/company\/legalvision-fr\/","https:\/\/x.com\/https:\/\/twitter.com\/Legalvision_fr"],"url":"https:\/\/www.legalvision.fr\/guides-juridiques\/author\/maxime-ballester\/"}]}},"_links":{"self":[{"href":"https:\/\/www.legalvision.fr\/guides-juridiques\/wp-json\/wp\/v2\/posts\/5739","targetHints":{"allow":["GET"]}}],"collection":[{"href":"https:\/\/www.legalvision.fr\/guides-juridiques\/wp-json\/wp\/v2\/posts"}],"about":[{"href":"https:\/\/www.legalvision.fr\/guides-juridiques\/wp-json\/wp\/v2\/types\/post"}],"author":[{"embeddable":true,"href":"https:\/\/www.legalvision.fr\/guides-juridiques\/wp-json\/wp\/v2\/users\/15"}],"replies":[{"embeddable":true,"href":"https:\/\/www.legalvision.fr\/guides-juridiques\/wp-json\/wp\/v2\/comments?post=5739"}],"version-history":[{"count":18,"href":"https:\/\/www.legalvision.fr\/guides-juridiques\/wp-json\/wp\/v2\/posts\/5739\/revisions"}],"predecessor-version":[{"id":41108,"href":"https:\/\/www.legalvision.fr\/guides-juridiques\/wp-json\/wp\/v2\/posts\/5739\/revisions\/41108"}],"wp:featuredmedia":[{"embeddable":true,"href":"https:\/\/www.legalvision.fr\/guides-juridiques\/wp-json\/wp\/v2\/media\/23137"}],"wp:attachment":[{"href":"https:\/\/www.legalvision.fr\/guides-juridiques\/wp-json\/wp\/v2\/media?parent=5739"}],"wp:term":[{"taxonomy":"category","embeddable":true,"href":"https:\/\/www.legalvision.fr\/guides-juridiques\/wp-json\/wp\/v2\/categories?post=5739"},{"taxonomy":"post_tag","embeddable":true,"href":"https:\/\/www.legalvision.fr\/guides-juridiques\/wp-json\/wp\/v2\/tags?post=5739"}],"curies":[{"name":"wp","href":"https:\/\/api.w.org\/{rel}","templated":true}]}}