{"id":510,"date":"2017-01-09T11:15:05","date_gmt":"2017-01-09T10:15:05","guid":{"rendered":"https:\/\/blog.legalvision.fr\/?p=510"},"modified":"2022-03-27T21:21:16","modified_gmt":"2022-03-27T19:21:16","slug":"le-rachat-de-trimestres","status":"publish","type":"post","link":"https:\/\/www.legalvision.fr\/guides-juridiques\/droit-du-travail\/le-rachat-de-trimestres\/","title":{"rendered":"Top 3 des choses \u00e0 savoir sur le rachat de trimestres"},"content":{"rendered":"<h3 style=\"text-align: justify;\">Sommaire :<\/h3>\n<p style=\"text-align: justify;\"><strong><a href=\"#I\">Pourquoi effectuer un rachat de trimestres ?<\/a><\/strong><br \/>\n<strong> <a href=\"#II\">Les\u00a0param\u00e8tres \u00e0 prendre en consid\u00e9ration<\/a><\/strong><br \/>\n<strong> <a href=\"#III\">Combien co\u00fbte le rachat de trimestres ?<\/a><\/strong><\/p>\n<div class=\"wp-block-button\" style=\"text-align:center;\"><a class=\"wp-block-button__link has-background\" href=\"https:\/\/www.legalvision.fr\/tous-les-services\/\">Voir les services LegalVision<\/a><\/div>\n<h2 id=\"I\">Pourquoi effectuer un rachat de trimestres ?<\/h2>\n<p style=\"text-align: justify;\">Tout simplement, pour <strong>pouvoir partir \u00e0 la retraite d\u00e8s l&rsquo;\u00e2ge minimal l\u00e9gal.<\/strong>\u00a0Vous ne serez pas p\u00e9nalis\u00e9 parce que vous n&rsquo;avez pas accumul\u00e9 un nombre suffisant de trimestres pour b\u00e9n\u00e9ficier d\u2019une retraite \u00e0 taux plein. Effectuer un rachat de trimestres qui ne permettra pas de liquider sa retraite \u00e0 taux plein ne pr\u00e9sente aucun int\u00e9r\u00eat.<\/p>\n<h2 id=\"II\">Les param\u00e8tres \u00e0 prendre en consid\u00e9ration<\/h2>\n<h3 style=\"text-align: justify;\">Se poser les bonnes questions\u00a0:<\/h3>\n<p style=\"text-align: justify;\">faut tout d\u2019abord bien \u00e9tudier sa situation.\u00a0 Vous devez d\u00e9terminer\u00a0l&rsquo;<strong>\u00e2ge de d\u00e9part<\/strong> et <strong>\u00e9valuer votre dur\u00e9e d\u2019assurance<\/strong> selon votre g\u00e9n\u00e9ration.<\/p>\n<p style=\"text-align: justify;\"><em>Remarque\u00a0: cependant, il n\u2019est pas recommand\u00e9 d\u2019effectuer un rachat de trimestres trop jeune. M\u00eame si le prix augmente en vieillissant, avec les futures r\u00e9formes qui s\u2019annoncent, le risque que le rachat de trimestres devienne inutile est trop important. Il est plus opportun de s\u2019interroger lorsque l\u2019\u00e2ge de sa retraite approche.<\/em><\/p>\n<p style=\"text-align: justify;\">Enfin, il faut choisir un dispositif et faire le bon calcul\u2026<\/p>\n<h3 style=\"text-align: justify;\">Quelles sont les opportunit\u00e9s du rachat Madelin\u00a0?<\/h3>\n<p style=\"text-align: justify;\">Le dispositif du <a href=\"http:\/\/www.loimadelin.com\/les-contrats-madelin\/contrat-retraite-madelin\/rachat-madelin\/\" target=\"_blank\" rel=\"noopener noreferrer\">rachat Madelin<\/a> est sp\u00e9cifique au RSI.<\/p>\n<p style=\"text-align: justify;\">Ce dispositif permet de racheter pour chaque ann\u00e9e civile, les trimestres manquant pour en faire valider 4. Il concerne plus pr\u00e9cis\u00e9ment les ann\u00e9es civiles d\u2019exercice exclusif d\u2019une activit\u00e9 non salari\u00e9e artisanale, industrielle ou commerciale dont le revenu a \u00e9t\u00e9 trop faible pour obtenir la validation de 4 trimestres. Toutefois, la demande de rachat de trimestres doit \u00eatre formul\u00e9e dans un d\u00e9lai de 6 ans suivant la date \u00e0 laquelle les revenus professionnels sont d\u00e9finitivement connus.<\/p>\n<p style=\"text-align: justify;\">Par ailleurs, il est \u00e9galement possible de <strong>racheter les trimestres au titre de l\u2019ann\u00e9e o\u00f9 l\u2019on cesse son activit\u00e9.<\/strong> Dans ce cas, la demande de rachat de trimestres doit intervenir au plus tard dans l\u2019ann\u00e9e qui suit\u00a0 celle de la cessation d\u2019activit\u00e9 non salari\u00e9e.<\/p>\n<p style=\"text-align: justify;\">Les rachats effectu\u00e9s dans ce cadre peuvent \u00eatre pris en compte pour un d\u00e9part anticip\u00e9.<\/p>\n<h3 style=\"text-align: justify;\">Quelles sont les opportunit\u00e9s du rachat Fillon ?<\/h3>\n<p style=\"text-align: justify;\">Le <a href=\"https:\/\/www.rsi.fr\/retraite\/partir-en-retraite\/quand-prendre-sa-retraite\/rachat-retraite\/rachat-fillon.html\" target=\"_blank\" rel=\"noopener noreferrer\">rachat Fillon<\/a> est ouvert aux salari\u00e9s, aux artisans, industriels et commer\u00e7ants, aux professionnels lib\u00e9raux ainsi qu\u2019aux ressortissants du r\u00e9gime agricole.<\/p>\n<p style=\"text-align: justify;\">permet de racheter 12 trimestres maximum\u00a0:<\/p>\n<p style=\"text-align: justify;\">-les ann\u00e9es au cours desquelles les cotisations n\u2019ont pas permis de valider 4 trimestres,<\/p>\n<p style=\"text-align: justify;\">-les ann\u00e9es d\u2019\u00e9tudes sup\u00e9rieures (ayant donn\u00e9es l\u2019obtention d\u2019un dipl\u00f4me).<\/p>\n<p style=\"text-align: justify;\">Si la demande porte sur le rachat des ann\u00e9es d\u2019\u00e9tudes, il faut adresser sa demande au 1er r\u00e9gime d\u2019affiliation ayant permis de valider au moins un trimestre \u00e0 la fin des \u00e9tudes.<\/p>\n<p style=\"text-align: justify;\">Dans le cadre du rachat Fillon, lors de la demande il faut faire un choix, qui est irr\u00e9vocable.<\/p>\n<p style=\"text-align: justify;\">L\u2019objectif \u00e9tant :<\/p>\n<p style=\"text-align: justify;\">-soit d\u2019\u00e9viter de subir un taux minor\u00e9 (option 1)<\/p>\n<p style=\"text-align: justify;\">-soit d\u2019\u00e9viter un taux minor\u00e9 et obtenir une retraite compl\u00e8te (option 2).<\/p>\n<p style=\"text-align: justify;\">Chez les professionnels lib\u00e9raux comme la retraite de base fonctionne avec un syst\u00e8me par points, le rachat de trimestres porte en option 1, uniquement sur le nombre de trimestres et permet en option 2 \u00e0 la fois l\u2019attribution de trimestres et de points. Les trimestres ayant fait l\u2019objet de rachats de p\u00e9riodes d\u2019assurance (rachats de p\u00e9riodes d\u2019\u00e9tudes sup\u00e9rieures et\/ou d\u2019ann\u00e9es d\u2019assurance incompl\u00e8tes) sont consid\u00e9r\u00e9s comme des trimestres ayant donn\u00e9 lieu au versement d\u2019une cotisation. Ils sont compt\u00e9s comme trimestres d&rsquo;assurance. Toutefois, ces trimestres ne seront pas pris en compte pour l&rsquo;acc\u00e8s au b\u00e9n\u00e9fice du dispositif de d\u00e9part anticip\u00e9. En effet, la loi de financement de la S\u00e9curit\u00e9 sociale pour 2009 a supprim\u00e9 la prise en compte des trimestres rachet\u00e9s concernant les conditions d\u2019ouverture des droits \u00e0 retraite anticip\u00e9e.<\/p>\n<h2 id=\"III\">Combien co\u00fbte le rachat de trimestres ?<\/h2>\n<p style=\"text-align: justify;\">Le co\u00fbt du rachat de trimestres d\u00e9pend notamment de l\u2019option choisie. Il faut savoir que le montant du rachat option 2 est plus \u00e9lev\u00e9 que le rachat pour le taux seul.<\/p>\n<p style=\"text-align: justify;\">Un bar\u00e8me est publi\u00e9 chaque ann\u00e9e, sachant qu\u2019il existe un <strong>bar\u00e8me sp\u00e9cifique par profession<\/strong>.<\/p>\n<p style=\"text-align: justify;\">\u00a0<span style=\"color: #ffffff;\"> .<\/span><\/p>\n<p style=\"text-align: justify;\"><img decoding=\"async\" class=\"alignleft wp-image-512\" src=\"https:\/\/blog.legalvision.fr\/wp-content\/uploads\/2017\/03\/De-la-Motte.jpg\" alt=\"Rachat de trimestres avec De la Motte Rouge\" width=\"115\" height=\"172\">Beno\u00eet de LA MOTTE ROUGE<\/p>\n<p style=\"text-align: justify;\">Agent g\u00e9n\u00e9ral AXA Pr\u00e9voyance &amp; Patrimoine<\/p>\n<p style=\"text-align: justify;\">23 rue d\u2019Edimbourg, 75008 PARIS<\/p>\n<p style=\"text-align: justify;\">Appelez-le gratuitement au\u00a006 86 145 596<\/p>\n<p style=\"text-align: justify;\">La protection financi\u00e8re de mes clients est au c\u0153ur de mon activit\u00e9.<\/p>\n<p style=\"text-align: justify;\">Professionnel ind\u00e9pendant, mon cabinet est sp\u00e9cialis\u00e9 dans la gestion de patrimoine et les assurances de personnes.<\/p>\n<p style=\"text-align: justify;\">Je m&rsquo;occupe de l&rsquo;\u00e9pargne de mes clients, de l&rsquo;optimisation fiscale \u00e0 l&rsquo;optimisation de la transmission du patrimoine.\u00a0Mon cabinet propose \u00e9galement de l\u2019\u00e9pargne retraite, j&rsquo;anticipe\u00a0ainsi\u00a0le risque diff\u00e9r\u00e9 de vivre tr\u00e8s \u00e2g\u00e9 et ne pas avoir les revenus que l&rsquo;on aurait souhait\u00e9s \u00e0 la retraite. Je propose \u00e9galement de la pr\u00e9voyance et j\u2019anticipe certains \u00e9v\u00e9nements redout\u00e9s comme le d\u00e9c\u00e8s, l&rsquo;arr\u00eat de travail, l&rsquo;Invalidit\u00e9 et la sant\u00e9.<\/p>\n<p style=\"text-align: justify;\">De formation juridique et sp\u00e9cialiste du droit de la famille.\u00a0J&rsquo;ai commenc\u00e9 ma carri\u00e8re il y a 10 ans en tant que Clerc de notaire et je suis aujourd&rsquo;hui conseiller en gestion du patrimoine.<\/p>\n<p><\/p>\n<div class=\"wp-block-button\" style=\"text-align:center;\"><a class=\"wp-block-button__link has-background\" href=\"https:\/\/www.legalvision.fr\/tous-les-services\/\">Voir les services LegalVision<\/a><\/div>\n","protected":false},"excerpt":{"rendered":"<p>Sommaire : Pourquoi effectuer un rachat de trimestres ? Les\u00a0param\u00e8tres \u00e0 prendre en consid\u00e9ration Combien co\u00fbte le rachat de trimestres ? Voir les services LegalVision Pourquoi effectuer un rachat de trimestres ? Tout simplement, pour pouvoir partir \u00e0 la retraite d\u00e8s l&rsquo;\u00e2ge minimal l\u00e9gal.\u00a0Vous ne serez pas p\u00e9nalis\u00e9 parce que vous n&rsquo;avez pas accumul\u00e9 un&hellip; <a class=\"more-link\" href=\"https:\/\/www.legalvision.fr\/guides-juridiques\/droit-du-travail\/le-rachat-de-trimestres\/\">Poursuivre la lecture <span class=\"screen-reader-text\">Top 3 des choses \u00e0 savoir sur le rachat de trimestres<\/span><\/a><\/p>\n","protected":false},"author":4,"featured_media":21776,"comment_status":"open","ping_status":"open","sticky":false,"template":"","format":"standard","meta":{"content-type":"","inline_featured_image":false,"footnotes":""},"categories":[2485],"tags":[],"class_list":["post-510","post","type-post","status-publish","format-standard","has-post-thumbnail","hentry","category-droit-du-travail","entry"],"yoast_head":"<!-- This site is optimized with the Yoast SEO plugin v27.1.1 - https:\/\/yoast.com\/product\/yoast-seo-wordpress\/ -->\n<title>Top 3 des choses \u00e0 savoir sur le rachat de trimestres - Guides juridiques<\/title>\n<meta name=\"description\" content=\"Pourquoi effectuer un rachat de trimestres ? Pour pouvoir b\u00e9n\u00e9ficier d\u2019une retraite \u00e0 taux plein sans \u00eatre p\u00e9nalis\u00e9 par un nombre insuffisant de trimestres.\" \/>\n<meta name=\"robots\" content=\"index, follow, max-snippet:-1, max-image-preview:large, max-video-preview:-1\" \/>\n<link rel=\"canonical\" href=\"https:\/\/www.legalvision.fr\/guides-juridiques\/droit-du-travail\/le-rachat-de-trimestres\/\" \/>\n<meta property=\"og:locale\" content=\"fr_FR\" \/>\n<meta property=\"og:type\" content=\"article\" \/>\n<meta property=\"og:title\" content=\"Top 3 des choses \u00e0 savoir sur le rachat de trimestres - Guides juridiques\" \/>\n<meta property=\"og:description\" content=\"Pourquoi effectuer un rachat de trimestres ? Pour pouvoir b\u00e9n\u00e9ficier d\u2019une retraite \u00e0 taux plein sans \u00eatre p\u00e9nalis\u00e9 par un nombre insuffisant de trimestres.\" \/>\n<meta property=\"og:url\" content=\"https:\/\/www.legalvision.fr\/guides-juridiques\/droit-du-travail\/le-rachat-de-trimestres\/\" \/>\n<meta property=\"og:site_name\" content=\"Guides juridiques\" \/>\n<meta property=\"article:author\" content=\"https:\/\/www.facebook.com\/legalvision.fr\/\" \/>\n<meta property=\"article:published_time\" content=\"2017-01-09T10:15:05+00:00\" \/>\n<meta property=\"article:modified_time\" content=\"2022-03-27T19:21:16+00:00\" \/>\n<meta property=\"og:image\" content=\"https:\/\/www.legalvision.fr\/guides-juridiques\/wp-content\/uploads\/2017\/01\/Rachat-de-trimestres.jpg\" \/>\n\t<meta property=\"og:image:width\" content=\"958\" \/>\n\t<meta property=\"og:image:height\" content=\"350\" \/>\n\t<meta property=\"og:image:type\" content=\"image\/jpeg\" \/>\n<meta name=\"author\" content=\"Paola Bourd\" \/>\n<meta name=\"twitter:card\" content=\"summary_large_image\" \/>\n<meta name=\"twitter:creator\" content=\"@https:\/\/twitter.com\/Legalvision_fr\" \/>\n<meta name=\"twitter:label1\" content=\"\u00c9crit par\" \/>\n\t<meta name=\"twitter:data1\" content=\"Paola Bourd\" \/>\n\t<meta name=\"twitter:label2\" content=\"Dur\u00e9e de lecture estim\u00e9e\" \/>\n\t<meta name=\"twitter:data2\" content=\"4 minutes\" \/>\n<script type=\"application\/ld+json\" class=\"yoast-schema-graph\">{\"@context\":\"https:\/\/schema.org\",\"@graph\":[{\"@type\":\"Article\",\"@id\":\"https:\/\/www.legalvision.fr\/guides-juridiques\/droit-du-travail\/le-rachat-de-trimestres\/#article\",\"isPartOf\":{\"@id\":\"https:\/\/www.legalvision.fr\/guides-juridiques\/droit-du-travail\/le-rachat-de-trimestres\/\"},\"author\":{\"name\":\"Paola Bourd\",\"@id\":\"https:\/\/www.legalvision.fr\/guides-juridiques\/#\/schema\/person\/77b6c0c34a728c9d3962c49775e58edf\"},\"headline\":\"Top 3 des choses \u00e0 savoir sur le rachat de trimestres\",\"datePublished\":\"2017-01-09T10:15:05+00:00\",\"dateModified\":\"2022-03-27T19:21:16+00:00\",\"mainEntityOfPage\":{\"@id\":\"https:\/\/www.legalvision.fr\/guides-juridiques\/droit-du-travail\/le-rachat-de-trimestres\/\"},\"wordCount\":917,\"commentCount\":4,\"publisher\":{\"@id\":\"https:\/\/www.legalvision.fr\/guides-juridiques\/#organization\"},\"image\":{\"@id\":\"https:\/\/www.legalvision.fr\/guides-juridiques\/droit-du-travail\/le-rachat-de-trimestres\/#primaryimage\"},\"thumbnailUrl\":\"https:\/\/www.legalvision.fr\/guides-juridiques\/wp-content\/uploads\/2017\/01\/Rachat-de-trimestres.jpg\",\"articleSection\":[\"Droit du travail\"],\"inLanguage\":\"fr-FR\",\"potentialAction\":[{\"@type\":\"CommentAction\",\"name\":\"Comment\",\"target\":[\"https:\/\/www.legalvision.fr\/guides-juridiques\/droit-du-travail\/le-rachat-de-trimestres\/#respond\"]}]},{\"@type\":\"WebPage\",\"@id\":\"https:\/\/www.legalvision.fr\/guides-juridiques\/droit-du-travail\/le-rachat-de-trimestres\/\",\"url\":\"https:\/\/www.legalvision.fr\/guides-juridiques\/droit-du-travail\/le-rachat-de-trimestres\/\",\"name\":\"Top 3 des choses \u00e0 savoir sur le rachat de trimestres - Guides juridiques\",\"isPartOf\":{\"@id\":\"https:\/\/www.legalvision.fr\/guides-juridiques\/#website\"},\"primaryImageOfPage\":{\"@id\":\"https:\/\/www.legalvision.fr\/guides-juridiques\/droit-du-travail\/le-rachat-de-trimestres\/#primaryimage\"},\"image\":{\"@id\":\"https:\/\/www.legalvision.fr\/guides-juridiques\/droit-du-travail\/le-rachat-de-trimestres\/#primaryimage\"},\"thumbnailUrl\":\"https:\/\/www.legalvision.fr\/guides-juridiques\/wp-content\/uploads\/2017\/01\/Rachat-de-trimestres.jpg\",\"datePublished\":\"2017-01-09T10:15:05+00:00\",\"dateModified\":\"2022-03-27T19:21:16+00:00\",\"description\":\"Pourquoi effectuer un rachat de trimestres ? Pour pouvoir b\u00e9n\u00e9ficier d\u2019une retraite \u00e0 taux plein sans \u00eatre p\u00e9nalis\u00e9 par un nombre insuffisant de trimestres.\",\"breadcrumb\":{\"@id\":\"https:\/\/www.legalvision.fr\/guides-juridiques\/droit-du-travail\/le-rachat-de-trimestres\/#breadcrumb\"},\"inLanguage\":\"fr-FR\",\"potentialAction\":[{\"@type\":\"ReadAction\",\"target\":[\"https:\/\/www.legalvision.fr\/guides-juridiques\/droit-du-travail\/le-rachat-de-trimestres\/\"]}]},{\"@type\":\"ImageObject\",\"inLanguage\":\"fr-FR\",\"@id\":\"https:\/\/www.legalvision.fr\/guides-juridiques\/droit-du-travail\/le-rachat-de-trimestres\/#primaryimage\",\"url\":\"https:\/\/www.legalvision.fr\/guides-juridiques\/wp-content\/uploads\/2017\/01\/Rachat-de-trimestres.jpg\",\"contentUrl\":\"https:\/\/www.legalvision.fr\/guides-juridiques\/wp-content\/uploads\/2017\/01\/Rachat-de-trimestres.jpg\",\"width\":958,\"height\":350},{\"@type\":\"BreadcrumbList\",\"@id\":\"https:\/\/www.legalvision.fr\/guides-juridiques\/droit-du-travail\/le-rachat-de-trimestres\/#breadcrumb\",\"itemListElement\":[{\"@type\":\"ListItem\",\"position\":1,\"name\":\"Accueil\",\"item\":\"https:\/\/www.legalvision.fr\/guides-juridiques\/\"},{\"@type\":\"ListItem\",\"position\":2,\"name\":\"Droit du travail\",\"item\":\"https:\/\/www.legalvision.fr\/guides-juridiques\/droit-du-travail\/\"},{\"@type\":\"ListItem\",\"position\":3,\"name\":\"Top 3 des choses \u00e0 savoir sur le rachat de trimestres\"}]},{\"@type\":\"WebSite\",\"@id\":\"https:\/\/www.legalvision.fr\/guides-juridiques\/#website\",\"url\":\"https:\/\/www.legalvision.fr\/guides-juridiques\/\",\"name\":\"Guides juridiques\",\"description\":\"L&#039;information juridique \u00e0 destination des entreprises et TPE\",\"publisher\":{\"@id\":\"https:\/\/www.legalvision.fr\/guides-juridiques\/#organization\"},\"potentialAction\":[{\"@type\":\"SearchAction\",\"target\":{\"@type\":\"EntryPoint\",\"urlTemplate\":\"https:\/\/www.legalvision.fr\/guides-juridiques\/?s={search_term_string}\"},\"query-input\":{\"@type\":\"PropertyValueSpecification\",\"valueRequired\":true,\"valueName\":\"search_term_string\"}}],\"inLanguage\":\"fr-FR\"},{\"@type\":\"Organization\",\"@id\":\"https:\/\/www.legalvision.fr\/guides-juridiques\/#organization\",\"name\":\"Guides juridiques\",\"url\":\"https:\/\/www.legalvision.fr\/guides-juridiques\/\",\"logo\":{\"@type\":\"ImageObject\",\"inLanguage\":\"fr-FR\",\"@id\":\"https:\/\/www.legalvision.fr\/guides-juridiques\/#\/schema\/logo\/image\/\",\"url\":\"https:\/\/www.legalvision.fr\/guides-juridiques\/wp-content\/uploads\/2022\/10\/LV-Logotype.png\",\"contentUrl\":\"https:\/\/www.legalvision.fr\/guides-juridiques\/wp-content\/uploads\/2022\/10\/LV-Logotype.png\",\"width\":647,\"height\":125,\"caption\":\"Guides juridiques\"},\"image\":{\"@id\":\"https:\/\/www.legalvision.fr\/guides-juridiques\/#\/schema\/logo\/image\/\"}},{\"@type\":\"Person\",\"@id\":\"https:\/\/www.legalvision.fr\/guides-juridiques\/#\/schema\/person\/77b6c0c34a728c9d3962c49775e58edf\",\"name\":\"Paola Bourd\",\"image\":{\"@type\":\"ImageObject\",\"inLanguage\":\"fr-FR\",\"@id\":\"https:\/\/www.legalvision.fr\/guides-juridiques\/#\/schema\/person\/image\/\",\"url\":\"https:\/\/secure.gravatar.com\/avatar\/2192a621346f4ee03fcfa490efe7857a25414b5518ff9b25761bdd9bc968f2f9?s=96&d=mm&r=g\",\"contentUrl\":\"https:\/\/secure.gravatar.com\/avatar\/2192a621346f4ee03fcfa490efe7857a25414b5518ff9b25761bdd9bc968f2f9?s=96&d=mm&r=g\",\"caption\":\"Paola Bourd\"},\"description\":\"Apr\u00e8s 4 ans de droit Paola s'est reconvertie dans le marketing digital et travaille d\u00e9sormais dans la start-up LegalVision, le service de formalit\u00e9s juridiques en ligne. Passionn\u00e9e par le digital et de droit, elle publie des articles sur l'entrepreneuriat et le droit des soci\u00e9t\u00e9s.\",\"sameAs\":[\"https:\/\/www.legalvision.fr\/\",\"https:\/\/www.facebook.com\/legalvision.fr\/\",\"https:\/\/www.instagram.com\/legalvision.fr\/\",\"https:\/\/www.linkedin.com\/company\/legalvision-fr\/\",\"https:\/\/x.com\/https:\/\/twitter.com\/Legalvision_fr\"],\"url\":\"https:\/\/www.legalvision.fr\/guides-juridiques\/author\/paola\/\"}]}<\/script>\n<!-- \/ Yoast SEO plugin. -->","yoast_head_json":{"title":"Top 3 des choses \u00e0 savoir sur le rachat de trimestres - Guides juridiques","description":"Pourquoi effectuer un rachat de trimestres ? Pour pouvoir b\u00e9n\u00e9ficier d\u2019une retraite \u00e0 taux plein sans \u00eatre p\u00e9nalis\u00e9 par un nombre insuffisant de trimestres.","robots":{"index":"index","follow":"follow","max-snippet":"max-snippet:-1","max-image-preview":"max-image-preview:large","max-video-preview":"max-video-preview:-1"},"canonical":"https:\/\/www.legalvision.fr\/guides-juridiques\/droit-du-travail\/le-rachat-de-trimestres\/","og_locale":"fr_FR","og_type":"article","og_title":"Top 3 des choses \u00e0 savoir sur le rachat de trimestres - Guides juridiques","og_description":"Pourquoi effectuer un rachat de trimestres ? Pour pouvoir b\u00e9n\u00e9ficier d\u2019une retraite \u00e0 taux plein sans \u00eatre p\u00e9nalis\u00e9 par un nombre insuffisant de trimestres.","og_url":"https:\/\/www.legalvision.fr\/guides-juridiques\/droit-du-travail\/le-rachat-de-trimestres\/","og_site_name":"Guides juridiques","article_author":"https:\/\/www.facebook.com\/legalvision.fr\/","article_published_time":"2017-01-09T10:15:05+00:00","article_modified_time":"2022-03-27T19:21:16+00:00","og_image":[{"width":958,"height":350,"url":"https:\/\/www.legalvision.fr\/guides-juridiques\/wp-content\/uploads\/2017\/01\/Rachat-de-trimestres.jpg","type":"image\/jpeg"}],"author":"Paola Bourd","twitter_card":"summary_large_image","twitter_creator":"@https:\/\/twitter.com\/Legalvision_fr","twitter_misc":{"\u00c9crit par":"Paola Bourd","Dur\u00e9e de lecture estim\u00e9e":"4 minutes"},"schema":{"@context":"https:\/\/schema.org","@graph":[{"@type":"Article","@id":"https:\/\/www.legalvision.fr\/guides-juridiques\/droit-du-travail\/le-rachat-de-trimestres\/#article","isPartOf":{"@id":"https:\/\/www.legalvision.fr\/guides-juridiques\/droit-du-travail\/le-rachat-de-trimestres\/"},"author":{"name":"Paola Bourd","@id":"https:\/\/www.legalvision.fr\/guides-juridiques\/#\/schema\/person\/77b6c0c34a728c9d3962c49775e58edf"},"headline":"Top 3 des choses \u00e0 savoir sur le rachat de trimestres","datePublished":"2017-01-09T10:15:05+00:00","dateModified":"2022-03-27T19:21:16+00:00","mainEntityOfPage":{"@id":"https:\/\/www.legalvision.fr\/guides-juridiques\/droit-du-travail\/le-rachat-de-trimestres\/"},"wordCount":917,"commentCount":4,"publisher":{"@id":"https:\/\/www.legalvision.fr\/guides-juridiques\/#organization"},"image":{"@id":"https:\/\/www.legalvision.fr\/guides-juridiques\/droit-du-travail\/le-rachat-de-trimestres\/#primaryimage"},"thumbnailUrl":"https:\/\/www.legalvision.fr\/guides-juridiques\/wp-content\/uploads\/2017\/01\/Rachat-de-trimestres.jpg","articleSection":["Droit du travail"],"inLanguage":"fr-FR","potentialAction":[{"@type":"CommentAction","name":"Comment","target":["https:\/\/www.legalvision.fr\/guides-juridiques\/droit-du-travail\/le-rachat-de-trimestres\/#respond"]}]},{"@type":"WebPage","@id":"https:\/\/www.legalvision.fr\/guides-juridiques\/droit-du-travail\/le-rachat-de-trimestres\/","url":"https:\/\/www.legalvision.fr\/guides-juridiques\/droit-du-travail\/le-rachat-de-trimestres\/","name":"Top 3 des choses \u00e0 savoir sur le rachat de trimestres - Guides juridiques","isPartOf":{"@id":"https:\/\/www.legalvision.fr\/guides-juridiques\/#website"},"primaryImageOfPage":{"@id":"https:\/\/www.legalvision.fr\/guides-juridiques\/droit-du-travail\/le-rachat-de-trimestres\/#primaryimage"},"image":{"@id":"https:\/\/www.legalvision.fr\/guides-juridiques\/droit-du-travail\/le-rachat-de-trimestres\/#primaryimage"},"thumbnailUrl":"https:\/\/www.legalvision.fr\/guides-juridiques\/wp-content\/uploads\/2017\/01\/Rachat-de-trimestres.jpg","datePublished":"2017-01-09T10:15:05+00:00","dateModified":"2022-03-27T19:21:16+00:00","description":"Pourquoi effectuer un rachat de trimestres ? Pour pouvoir b\u00e9n\u00e9ficier d\u2019une retraite \u00e0 taux plein sans \u00eatre p\u00e9nalis\u00e9 par un nombre insuffisant de trimestres.","breadcrumb":{"@id":"https:\/\/www.legalvision.fr\/guides-juridiques\/droit-du-travail\/le-rachat-de-trimestres\/#breadcrumb"},"inLanguage":"fr-FR","potentialAction":[{"@type":"ReadAction","target":["https:\/\/www.legalvision.fr\/guides-juridiques\/droit-du-travail\/le-rachat-de-trimestres\/"]}]},{"@type":"ImageObject","inLanguage":"fr-FR","@id":"https:\/\/www.legalvision.fr\/guides-juridiques\/droit-du-travail\/le-rachat-de-trimestres\/#primaryimage","url":"https:\/\/www.legalvision.fr\/guides-juridiques\/wp-content\/uploads\/2017\/01\/Rachat-de-trimestres.jpg","contentUrl":"https:\/\/www.legalvision.fr\/guides-juridiques\/wp-content\/uploads\/2017\/01\/Rachat-de-trimestres.jpg","width":958,"height":350},{"@type":"BreadcrumbList","@id":"https:\/\/www.legalvision.fr\/guides-juridiques\/droit-du-travail\/le-rachat-de-trimestres\/#breadcrumb","itemListElement":[{"@type":"ListItem","position":1,"name":"Accueil","item":"https:\/\/www.legalvision.fr\/guides-juridiques\/"},{"@type":"ListItem","position":2,"name":"Droit du travail","item":"https:\/\/www.legalvision.fr\/guides-juridiques\/droit-du-travail\/"},{"@type":"ListItem","position":3,"name":"Top 3 des choses \u00e0 savoir sur le rachat de trimestres"}]},{"@type":"WebSite","@id":"https:\/\/www.legalvision.fr\/guides-juridiques\/#website","url":"https:\/\/www.legalvision.fr\/guides-juridiques\/","name":"Guides juridiques","description":"L&#039;information juridique \u00e0 destination des entreprises et TPE","publisher":{"@id":"https:\/\/www.legalvision.fr\/guides-juridiques\/#organization"},"potentialAction":[{"@type":"SearchAction","target":{"@type":"EntryPoint","urlTemplate":"https:\/\/www.legalvision.fr\/guides-juridiques\/?s={search_term_string}"},"query-input":{"@type":"PropertyValueSpecification","valueRequired":true,"valueName":"search_term_string"}}],"inLanguage":"fr-FR"},{"@type":"Organization","@id":"https:\/\/www.legalvision.fr\/guides-juridiques\/#organization","name":"Guides juridiques","url":"https:\/\/www.legalvision.fr\/guides-juridiques\/","logo":{"@type":"ImageObject","inLanguage":"fr-FR","@id":"https:\/\/www.legalvision.fr\/guides-juridiques\/#\/schema\/logo\/image\/","url":"https:\/\/www.legalvision.fr\/guides-juridiques\/wp-content\/uploads\/2022\/10\/LV-Logotype.png","contentUrl":"https:\/\/www.legalvision.fr\/guides-juridiques\/wp-content\/uploads\/2022\/10\/LV-Logotype.png","width":647,"height":125,"caption":"Guides juridiques"},"image":{"@id":"https:\/\/www.legalvision.fr\/guides-juridiques\/#\/schema\/logo\/image\/"}},{"@type":"Person","@id":"https:\/\/www.legalvision.fr\/guides-juridiques\/#\/schema\/person\/77b6c0c34a728c9d3962c49775e58edf","name":"Paola Bourd","image":{"@type":"ImageObject","inLanguage":"fr-FR","@id":"https:\/\/www.legalvision.fr\/guides-juridiques\/#\/schema\/person\/image\/","url":"https:\/\/secure.gravatar.com\/avatar\/2192a621346f4ee03fcfa490efe7857a25414b5518ff9b25761bdd9bc968f2f9?s=96&d=mm&r=g","contentUrl":"https:\/\/secure.gravatar.com\/avatar\/2192a621346f4ee03fcfa490efe7857a25414b5518ff9b25761bdd9bc968f2f9?s=96&d=mm&r=g","caption":"Paola Bourd"},"description":"Apr\u00e8s 4 ans de droit Paola s'est reconvertie dans le marketing digital et travaille d\u00e9sormais dans la start-up LegalVision, le service de formalit\u00e9s juridiques en ligne. Passionn\u00e9e par le digital et de droit, elle publie des articles sur l'entrepreneuriat et le droit des soci\u00e9t\u00e9s.","sameAs":["https:\/\/www.legalvision.fr\/","https:\/\/www.facebook.com\/legalvision.fr\/","https:\/\/www.instagram.com\/legalvision.fr\/","https:\/\/www.linkedin.com\/company\/legalvision-fr\/","https:\/\/x.com\/https:\/\/twitter.com\/Legalvision_fr"],"url":"https:\/\/www.legalvision.fr\/guides-juridiques\/author\/paola\/"}]}},"_links":{"self":[{"href":"https:\/\/www.legalvision.fr\/guides-juridiques\/wp-json\/wp\/v2\/posts\/510","targetHints":{"allow":["GET"]}}],"collection":[{"href":"https:\/\/www.legalvision.fr\/guides-juridiques\/wp-json\/wp\/v2\/posts"}],"about":[{"href":"https:\/\/www.legalvision.fr\/guides-juridiques\/wp-json\/wp\/v2\/types\/post"}],"author":[{"embeddable":true,"href":"https:\/\/www.legalvision.fr\/guides-juridiques\/wp-json\/wp\/v2\/users\/4"}],"replies":[{"embeddable":true,"href":"https:\/\/www.legalvision.fr\/guides-juridiques\/wp-json\/wp\/v2\/comments?post=510"}],"version-history":[{"count":0,"href":"https:\/\/www.legalvision.fr\/guides-juridiques\/wp-json\/wp\/v2\/posts\/510\/revisions"}],"wp:featuredmedia":[{"embeddable":true,"href":"https:\/\/www.legalvision.fr\/guides-juridiques\/wp-json\/wp\/v2\/media\/21776"}],"wp:attachment":[{"href":"https:\/\/www.legalvision.fr\/guides-juridiques\/wp-json\/wp\/v2\/media?parent=510"}],"wp:term":[{"taxonomy":"category","embeddable":true,"href":"https:\/\/www.legalvision.fr\/guides-juridiques\/wp-json\/wp\/v2\/categories?post=510"},{"taxonomy":"post_tag","embeddable":true,"href":"https:\/\/www.legalvision.fr\/guides-juridiques\/wp-json\/wp\/v2\/tags?post=510"}],"curies":[{"name":"wp","href":"https:\/\/api.w.org\/{rel}","templated":true}]}}