{"id":4918,"date":"2018-06-20T07:16:21","date_gmt":"2018-06-20T06:16:21","guid":{"rendered":"https:\/\/blog.legalvision.fr\/?p=4918"},"modified":"2023-10-16T16:42:17","modified_gmt":"2023-10-16T14:42:17","slug":"liquidation-judiciaire-dettes-effacees","status":"publish","type":"post","link":"https:\/\/www.legalvision.fr\/guides-juridiques\/fermer-son-entreprise\/liquidation-judiciaire-dettes-effacees\/","title":{"rendered":"Liquidation judiciaire et r\u00e9tablissement personnel des entreprises en difficult\u00e9"},"content":{"rendered":"\t\t<div data-elementor-type=\"wp-post\" data-elementor-id=\"4918\" class=\"elementor elementor-4918\" data-elementor-post-type=\"post\">\n\t\t\t\t\t\t<section data-particle_enable=\"false\" data-particle-mobile-disabled=\"false\" class=\"elementor-section elementor-top-section elementor-element elementor-element-59850e06 elementor-section-boxed elementor-section-height-default elementor-section-height-default\" data-id=\"59850e06\" data-element_type=\"section\" data-e-type=\"section\">\n\t\t\t\t\t\t<div class=\"elementor-container elementor-column-gap-default\">\n\t\t\t\t\t<div class=\"elementor-column elementor-col-100 elementor-top-column elementor-element elementor-element-2dc84420\" data-id=\"2dc84420\" data-element_type=\"column\" data-e-type=\"column\">\n\t\t\t<div class=\"elementor-widget-wrap elementor-element-populated\">\n\t\t\t\t\t\t<div class=\"elementor-element elementor-element-455aa604 elementor-widget elementor-widget-text-editor\" data-id=\"455aa604\" data-element_type=\"widget\" data-e-type=\"widget\" data-widget_type=\"text-editor.default\">\n\t\t\t\t<div class=\"elementor-widget-container\">\n\t\t\t\t\t\t\t\t\t<p>Qu&rsquo;est-ce qu&rsquo;une liquidation judiciaire dettes effac\u00e9es ? Lorsqu\u2019une entreprise se retrouve en grande difficult\u00e9 et ne parvient pas \u00e0 rectifier sa situation, les cons\u00e9quences peuvent \u00eatre relativement importantes. Si la soci\u00e9t\u00e9 ne peut plus r\u00e9gler ses dettes et qu&rsquo;elle se retrouve en <strong>cessation de paiements<\/strong>, il faudra recourir obligatoirement \u00e0 l\u2019ouverture d\u2019une proc\u00e9dure collective.<\/p><p>Cette cessation des paiements doit faire l\u2019objet d\u2019une d\u00e9claration aupr\u00e8s du tribunal de commerce. C\u2019est l\u2019entreprise qui doit r\u00e9aliser cette d\u00e9marche. Pour cela elle doit respecter une proc\u00e9dure et des d\u00e9lais pr\u00e9cis.<\/p><p>Pour rappel, on distingue deux types de fermetures d&rsquo;entreprises. Lorsque la soci\u00e9t\u00e9 n&rsquo;est pas en cessation des paiements, elle peut r\u00e9aliser une <strong>dissolution-liquidation<\/strong>. Cette proc\u00e9dure est d\u00e9cid\u00e9e par les associ\u00e9s, il s&rsquo;agit d&rsquo;une proc\u00e9dure amiable. En revanche, lorsque la soci\u00e9t\u00e9 est en cessation des paiements, <span style=\"font-weight: 400;\">il convient de suivre une proc\u00e9dure stricte.<\/span><\/p><p>Cette distinction est donc primordiale. Une soci\u00e9t\u00e9 en <a href=\"https:\/\/www.legifrance.gouv.fr\/affichCodeArticle.do?cidTexte=LEGITEXT000005634379&amp;idArticle=LEGIARTI000006238071\" target=\"_blank\" rel=\"noopener noreferrer\">cessation des paiements<\/a> ne peut pas proc\u00e9der \u00e0 une dissolution-liquidation amiable. Il n&rsquo;est pas envisageable de faire une dissolution-liquidation destin\u00e9e \u00e0 \u00e9viter l&rsquo;ouverture d&rsquo;une proc\u00e9dure collective. Cette situation doit \u00eatre d\u00e9clar\u00e9e au tribunal, qui pourra ouvrir une proc\u00e9dure de redressement ou de liquidation judiciaire.<\/p><p><strong>Liquidation judiciaire effacement des dettes<\/strong> : dans de nombreux cas, il arrivera que la soci\u00e9t\u00e9 ne puisse pas r\u00e9gler ses dettes. Sur le plan juridique, leur paiement ne pourra plus \u00eatre r\u00e9clam\u00e9.<\/p><p>Pour faire le point sur la fermeture d&rsquo;une entreprise, nous revenons sur la dissolution-liquidation et la liquidation judiciaire et leur impact sur la dette apr\u00e8s liquidation judiciaire.<\/p><h3><strong>\u00a0<\/strong><\/h3><h3><strong>Sommaire :\u00a0<\/strong><\/h3><p><strong>L&rsquo;obligation de d\u00e9clarer la cessation de paiements au tribunal\u00a0<\/strong><br \/><strong>La proc\u00e9dure simplifi\u00e9e de r\u00e9tablissement personnel\u00a0<\/strong><br \/><strong>Liquidation judiciaire dettes effac\u00e9es : comment se d\u00e9roule la proc\u00e9dure ?<\/strong><br \/><strong>Qui peut b\u00e9n\u00e9ficier de la liquidation judiciaire simplifi\u00e9e ?<\/strong><\/p><h2>\u00a0<\/h2>\t\t\t\t\t\t\t\t<\/div>\n\t\t\t\t<\/div>\n\t\t\t\t\t<\/div>\n\t\t<\/div>\n\t\t\t\t\t<\/div>\n\t\t<\/section>\n\t\t<div data-particle_enable=\"false\" data-particle-mobile-disabled=\"false\" class=\"elementor-element elementor-element-c534620 e-flex e-con-boxed e-con e-parent\" data-id=\"c534620\" data-element_type=\"container\" data-e-type=\"container\">\n\t\t\t\t\t<div class=\"e-con-inner\">\n\t\t\t\t<div class=\"elementor-element elementor-element-265b67f elementor-widget elementor-widget-heading\" data-id=\"265b67f\" data-element_type=\"widget\" data-e-type=\"widget\" data-widget_type=\"heading.default\">\n\t\t\t\t<div class=\"elementor-widget-container\">\n\t\t\t\t\t<h2 class=\"elementor-heading-title elementor-size-default\">Nos outils pour vous aider <\/h2>\t\t\t\t<\/div>\n\t\t\t\t<\/div>\n\t\t\t\t\t<\/div>\n\t\t\t\t<\/div>\n\t\t<div data-particle_enable=\"false\" data-particle-mobile-disabled=\"false\" class=\"elementor-element elementor-element-ad47b74 e-flex e-con-boxed e-con e-parent\" data-id=\"ad47b74\" data-element_type=\"container\" data-e-type=\"container\">\n\t\t\t\t\t<div class=\"e-con-inner\">\n\t\t<div data-particle_enable=\"false\" data-particle-mobile-disabled=\"false\" class=\"elementor-element elementor-element-b8b8d29 e-con-full e-flex e-con e-child\" data-id=\"b8b8d29\" data-element_type=\"container\" data-e-type=\"container\">\n\t\t\t\t<div class=\"elementor-element elementor-element-af7ecd0 elementor-widget elementor-widget-button\" data-id=\"af7ecd0\" data-element_type=\"widget\" data-e-type=\"widget\" data-widget_type=\"button.default\">\n\t\t\t\t<div class=\"elementor-widget-container\">\n\t\t\t\t\t\t\t\t\t<div class=\"elementor-button-wrapper\">\n\t\t\t\t\t<a class=\"elementor-button elementor-button-link elementor-size-sm\" href=\"https:\/\/meetings.hubspot.com\/alexis-egron\/audit-juridique-gratuit?utm_source=Blog&#038;utm_medium=CTA&#038;utm_campaign=liquidation_judiciaire&#038;utm_id=Fermeture_Blog\" target=\"_blank\">\n\t\t\t\t\t\t<span class=\"elementor-button-content-wrapper\">\n\t\t\t\t\t\t\t\t\t<span class=\"elementor-button-text\">Soyez rappel\u00e9 par un juriste gratuitement<\/span>\n\t\t\t\t\t<\/span>\n\t\t\t\t\t<\/a>\n\t\t\t\t<\/div>\n\t\t\t\t\t\t\t\t<\/div>\n\t\t\t\t<\/div>\n\t\t\t\t<\/div>\n\t\t<div data-particle_enable=\"false\" data-particle-mobile-disabled=\"false\" class=\"elementor-element elementor-element-af28c31 e-con-full e-flex e-con e-child\" data-id=\"af28c31\" data-element_type=\"container\" data-e-type=\"container\">\n\t\t\t\t<div class=\"elementor-element elementor-element-881f3b9 elementor-widget elementor-widget-button\" data-id=\"881f3b9\" data-element_type=\"widget\" data-e-type=\"widget\" data-widget_type=\"button.default\">\n\t\t\t\t<div class=\"elementor-widget-container\">\n\t\t\t\t\t\t\t\t\t<div class=\"elementor-button-wrapper\">\n\t\t\t\t\t<a class=\"elementor-button elementor-button-link elementor-size-sm\" href=\"https:\/\/share.hsforms.com\/1MCz4iJkPSsaIbYWlbzl6vw1oyza?utm_source=Blog&#038;utm_medium=CTA&#038;utm_campaign=liquidation_judiciaire&#038;utm_id=Fermeture_Blog\" target=\"_blank\">\n\t\t\t\t\t\t<span class=\"elementor-button-content-wrapper\">\n\t\t\t\t\t\t\t\t\t<span class=\"elementor-button-text\">Publiez votre annonce l\u00e9gale<\/span>\n\t\t\t\t\t<\/span>\n\t\t\t\t\t<\/a>\n\t\t\t\t<\/div>\n\t\t\t\t\t\t\t\t<\/div>\n\t\t\t\t<\/div>\n\t\t\t\t<\/div>\n\t\t<div data-particle_enable=\"false\" data-particle-mobile-disabled=\"false\" class=\"elementor-element elementor-element-f3b0681 e-con-full e-flex e-con e-child\" data-id=\"f3b0681\" data-element_type=\"container\" data-e-type=\"container\">\n\t\t\t\t<div class=\"elementor-element elementor-element-2a3cf16 elementor-widget elementor-widget-button\" data-id=\"2a3cf16\" data-element_type=\"widget\" data-e-type=\"widget\" data-widget_type=\"button.default\">\n\t\t\t\t<div class=\"elementor-widget-container\">\n\t\t\t\t\t\t\t\t\t<div class=\"elementor-button-wrapper\">\n\t\t\t\t\t<a class=\"elementor-button elementor-button-link elementor-size-sm\" href=\"https:\/\/leonard.fr\/juridique\/dissolution-liquidation\/dissolution-liquidation\/?utm_source=Blog&#038;utm_medium=CTA&#038;utm_campaign=liquidation_judiciaire&#038;utm_id=Fermeture_Blog\" target=\"_blank\">\n\t\t\t\t\t\t<span class=\"elementor-button-content-wrapper\">\n\t\t\t\t\t\t\t\t\t<span class=\"elementor-button-text\">Commencez les d\u00e9marches de fermeture<\/span>\n\t\t\t\t\t<\/span>\n\t\t\t\t\t<\/a>\n\t\t\t\t<\/div>\n\t\t\t\t\t\t\t\t<\/div>\n\t\t\t\t<\/div>\n\t\t\t\t<\/div>\n\t\t\t\t\t<\/div>\n\t\t\t\t<\/div>\n\t\t<div data-particle_enable=\"false\" data-particle-mobile-disabled=\"false\" class=\"elementor-element elementor-element-bb0b1e9 e-flex e-con-boxed e-con e-parent\" data-id=\"bb0b1e9\" data-element_type=\"container\" data-e-type=\"container\">\n\t\t\t\t\t<div class=\"e-con-inner\">\n\t\t\t\t<div class=\"elementor-element elementor-element-2e6a68e elementor-widget elementor-widget-text-editor\" data-id=\"2e6a68e\" data-element_type=\"widget\" data-e-type=\"widget\" data-widget_type=\"text-editor.default\">\n\t\t\t\t<div class=\"elementor-widget-container\">\n\t\t\t\t\t\t\t\t\t<h2 style=\"font-family: Montserrat, sans-serif; font-weight: var( --e-global-typography-secondary-font-weight ); font-size: var( --e-global-typography-secondary-font-size ); letter-spacing: normal; line-height: var( --e-global-typography-secondary-line-height ); text-transform: none; font-style: normal; text-decoration-thickness: initial; text-decoration-style: initial; text-decoration-color: initial;\">\u00a0<\/h2><h2 style=\"font-family: Montserrat, sans-serif; font-weight: var( --e-global-typography-secondary-font-weight ); font-size: var( --e-global-typography-secondary-font-size ); letter-spacing: normal; line-height: var( --e-global-typography-secondary-line-height ); text-transform: none; font-style: normal; text-decoration-thickness: initial; text-decoration-style: initial; text-decoration-color: initial;\">L\u2019obligation de d\u00e9clarer la cessation de paiements au tribunal<\/h2><p style=\"line-height: var(--wp--typography--line-height,var(--global--line-height-body)); font-family: var(--e-global-typography-primary-font-family);\">Selon que l\u2019entreprise soit en cessation des paiements ou non, il faudra proc\u00e9der \u00e0 la d\u00e9claration de cette situation aupr\u00e8s du tribunal comp\u00e9tent.<\/p><h3 style=\"font-family: Montserrat, sans-serif; font-weight: var( --e-global-typography-accent-font-weight ); font-size: var( --e-global-typography-accent-font-size ); letter-spacing: normal; line-height: var( --e-global-typography-accent-line-height ); text-transform: none; font-style: normal; text-decoration-thickness: initial; text-decoration-style: initial; text-decoration-color: initial;\">\u00a0<\/h3><h3 style=\"font-family: Montserrat, sans-serif; font-weight: var( --e-global-typography-accent-font-weight ); font-size: var( --e-global-typography-accent-font-size ); letter-spacing: normal; line-height: var( --e-global-typography-accent-line-height ); text-transform: none; font-style: normal; text-decoration-thickness: initial; text-decoration-style: initial; text-decoration-color: initial;\">Qu\u2019est-ce que la cessation de paiements ?<\/h3><p style=\"line-height: var(--wp--typography--line-height,var(--global--line-height-body)); font-family: var(--e-global-typography-primary-font-family);\">Juridiquement, la cessation de paiements est d\u00e9finie comme \u00e9tant \u00ab l\u2019impossibilit\u00e9 de faire face au passif exigible avec l\u2019actif disponible \u00bb.<\/p><p style=\"line-height: var(--wp--typography--line-height,var(--global--line-height-body)); font-family: var(--e-global-typography-primary-font-family);\">En des termes plus simples, les termes de \u00ab passif exigible \u00bb et d\u2019\u00ab actif disponible \u00bb peuvent \u00eatre d\u00e9finis comme suit :<\/p><ul style=\"padding-left: calc(2 * var(--global--spacing-horizontal)); font-family: var(--e-global-typography-primary-font-family);\"><li style=\"font-family: var(--e-global-typography-primary-font-family);\" aria-level=\"1\">Le passif exigible correspond aux dettes que doit r\u00e9gler l\u2019entreprise en difficult\u00e9. Il s\u2019agit des dettes arriv\u00e9es \u00e0 \u00e9ch\u00e9ance.<\/li><li style=\"font-family: var(--e-global-typography-primary-font-family);\" aria-level=\"1\">L\u2019actif disponible correspond \u00e0 tout ce qui, dans le patrimoine de la soci\u00e9t\u00e9, pourrait \u00eatre transform\u00e9 en liquidit\u00e9 rapidement.<\/li><\/ul><p style=\"line-height: var(--wp--typography--line-height,var(--global--line-height-body)); font-family: var(--e-global-typography-primary-font-family);\"><span style=\"font-weight: bold;\">\u00a0<\/span><\/p><p style=\"line-height: var(--wp--typography--line-height,var(--global--line-height-body)); font-family: var(--e-global-typography-primary-font-family);\"><em><span style=\"font-weight: bold;\">Attention<\/span>\u00a0: depuis le 1er janvier 2023, il faut proc\u00e9der d\u2019une d\u00e9claration de radiation aupr\u00e8s du guichet unique, de mani\u00e8re d\u00e9mat\u00e9rialis\u00e9e, qui remplace ainsi le centre de formalit\u00e9s des entreprises.<\/em>\u00a0<\/p><p style=\"line-height: var(--wp--typography--line-height,var(--global--line-height-body)); font-family: var(--e-global-typography-primary-font-family);\">Si le redressement de la soci\u00e9t\u00e9 est manifestement impossible, vous serez plac\u00e9 en\u00a0<span style=\"font-weight: bold;\">proc\u00e9dure de liquidation judiciaire<\/span>\u00a0et il y aura alors cessation d\u2019activit\u00e9.<\/p><p style=\"line-height: var(--wp--typography--line-height,var(--global--line-height-body)); font-family: var(--e-global-typography-primary-font-family);\">La fermeture d\u2019une soci\u00e9t\u00e9 \u00e0 la suite d\u2019une proc\u00e9dure de liquidation est une proc\u00e9dure judiciaire (et non une proc\u00e9dure amiable). Cette proc\u00e9dure va mettre fin d\u00e9finitivement \u00e0 l\u2019activit\u00e9 de la soci\u00e9t\u00e9. Dans ce cas de figure, le tribunal va prononcer un jugement d\u2019ouverture qui conduit \u00e0 sa fermeture. Le liquidateur est nomm\u00e9 pour g\u00e9rer l\u2019entreprise et le tribunal prononcera la cl\u00f4ture de la liquidation.\u00a0<\/p><p style=\"line-height: var(--wp--typography--line-height,var(--global--line-height-body)); font-family: var(--e-global-typography-primary-font-family);\"><em><span style=\"font-weight: bold;\">A noter que<\/span>\u00a0le rachat des soci\u00e9t\u00e9s en liquidation pourra intervenir chaque fois qu\u2019une soci\u00e9t\u00e9 se trouvera en liquidation judiciaire.<\/em><\/p><h3 style=\"font-family: Montserrat, sans-serif; font-weight: var( --e-global-typography-accent-font-weight ); font-size: var( --e-global-typography-accent-font-size ); letter-spacing: normal; line-height: var( --e-global-typography-accent-line-height ); text-transform: none; font-style: normal; text-decoration-thickness: initial; text-decoration-style: initial; text-decoration-color: initial;\">L\u2019ouverture de la proc\u00e9dure collective<\/h3><p style=\"line-height: var(--wp--typography--line-height,var(--global--line-height-body)); font-family: var(--e-global-typography-primary-font-family);\">Si l\u2019entreprise se retrouve dans cette situation, il faut obligatoirement la d\u00e9clarer aupr\u00e8s du greffe comp\u00e9tent. Si elle est encore dans une situation plus favorable, elle peut proc\u00e9der \u00e0 une dissolution-liquidation. La cessation de paiements doit par la suite \u00eatre d\u00e9clar\u00e9e dans les 45 jours aupr\u00e8s du tribunal. Il s\u2019agit soit du tribunal de commerce soit du tribunal de grande instance, selon l\u2019activit\u00e9 exerc\u00e9e et la forme juridique de l\u2019entreprise.<\/p><p style=\"line-height: var(--wp--typography--line-height,var(--global--line-height-body)); font-family: var(--e-global-typography-primary-font-family);\">Cette d\u00e9claration est obligatoire. L\u2019entreprise qui, volontairement, n\u2019effectue pas cette d\u00e9claration encourt des sanctions. Le dirigeant peut \u00eatre condamn\u00e9 \u00e0 une peine d\u2019interdiction de g\u00e9rer. Il ne pourra donc plus ouvrir de nouveau une entreprise durant un certain temps. S\u2019en suivra une ouverture de proc\u00e9dure collective, qui pourra prendre la forme d\u2019un redressement judiciaire ou d\u2019une liquidation judiciaire. Le redressement judiciaire est envisag\u00e9 si la situation de la soci\u00e9t\u00e9 peut encore \u00eatre r\u00e9tablie. Sinon, il faudra proc\u00e9der \u00e0 la liquidation judiciaire.<\/p><p style=\"line-height: var(--wp--typography--line-height,var(--global--line-height-body)); font-family: var(--e-global-typography-primary-font-family);\">Toute entit\u00e9 en \u00e9tat de cessation de paiement, dont le redressement est manifestement impossible, fait l\u2019objet d\u2019une liquidation judiciaire. Et, quelle que soit la nature de l\u2019activit\u00e9 (commerciale, artisanale, professionnelle, agricole etc.), cela peut arriver \u00e0 tout moment. De ce fait, la soci\u00e9t\u00e9 est contrainte de c\u00e9der son patrimoine et ses droits, en totalit\u00e9 ou en partie.<\/p><p style=\"line-height: var(--wp--typography--line-height,var(--global--line-height-body)); font-family: var(--e-global-typography-primary-font-family);\">Autrement dit, la proc\u00e9dure de liquidation constitue l\u2019ensemble des op\u00e9rations consistant \u00e0 transformer les biens et les actifs de la soci\u00e9t\u00e9 en liquidit\u00e9s. Ces derniers doivent faire face aux passifs et\/ou aux dettes de la soci\u00e9t\u00e9. Il peut exister, selon l\u2019\u00e9tat du passif, un boni ou un mali de liquidation.\u00a0<\/p><p style=\"line-height: var(--wp--typography--line-height,var(--global--line-height-body)); font-family: var(--e-global-typography-primary-font-family);\"><em><span style=\"font-weight: bold;\">Bon \u00e0 savoir :\u00a0<\/span>par boni de liquidation, il faut comprendre les sommes que se partagent les associ\u00e9s de l\u2019entreprise dissoute une fois que les actifs sont r\u00e9alis\u00e9s, que les cr\u00e9anciers aient \u00e9t\u00e9 pay\u00e9s et les apports respectifs des associ\u00e9s soient r\u00e9partis proportionnellement. A l\u2019inverse, une perte d\u2019argent pour les associ\u00e9s, d\u00e8s lors que le passif de la soci\u00e9t\u00e9 est sup\u00e9rieur \u00e0 l\u2019actif.<\/em><\/p><p style=\"line-height: var(--wp--typography--line-height,var(--global--line-height-body)); font-family: var(--e-global-typography-primary-font-family);\">Apr\u00e8s une liquidation judiciaire, que se passe t-il ? Il faut garder en t\u00eate que le liquidateur sera charg\u00e9 de rembourser les cr\u00e9anciers et de payer les salari\u00e9s. Au r\u00e9sultat, plus les dettes \u00e0 payer seront nombreuses et moins les chances seront grandes qu\u2019existe un boni de liquidation.\u00a0<\/p><p style=\"line-height: var(--wp--typography--line-height,var(--global--line-height-body)); font-family: var(--e-global-typography-primary-font-family);\">Une d\u00e9cision de justice viendra par la suite, confirmer les devoirs du liquidateur.<\/p><h3 style=\"font-family: Montserrat, sans-serif; font-weight: var( --e-global-typography-accent-font-weight ); font-size: var( --e-global-typography-accent-font-size ); letter-spacing: normal; line-height: var( --e-global-typography-accent-line-height ); text-transform: none; font-style: normal; text-decoration-thickness: initial; text-decoration-style: initial; text-decoration-color: initial;\">\u00a0<\/h3><h3 style=\"font-family: Montserrat, sans-serif; font-weight: var( --e-global-typography-accent-font-weight ); font-size: var( --e-global-typography-accent-font-size ); letter-spacing: normal; line-height: var( --e-global-typography-accent-line-height ); text-transform: none; font-style: normal; text-decoration-thickness: initial; text-decoration-style: initial; text-decoration-color: initial;\">Les motifs de dissolution d\u2019une soci\u00e9t\u00e9\u00a0\u00a0<\/h3><h3 style=\"font-family: Montserrat, sans-serif; font-weight: var( --e-global-typography-accent-font-weight ); font-size: var( --e-global-typography-accent-font-size ); letter-spacing: normal; line-height: var( --e-global-typography-accent-line-height ); text-transform: none; font-style: normal; text-decoration-thickness: initial; text-decoration-style: initial; text-decoration-color: initial;\">La dissolution d\u2019une soci\u00e9t\u00e9 est la fin de l\u2019exercice d\u2019une entreprise qui est constat\u00e9e et d\u00e9cid\u00e9e par les associ\u00e9s (dissolution amiable) ou par un juge (dissolution judiciaire). Il existe diff\u00e9rents motifs de dissolutions d\u2019une soci\u00e9t\u00e9, \u00e0 savoir :\u00a0<\/h3><ul style=\"padding-left: calc(2 * var(--global--spacing-horizontal)); font-family: var(--e-global-typography-primary-font-family);\"><li style=\"font-family: var(--e-global-typography-primary-font-family);\" aria-level=\"1\">La dissolution anticip\u00e9e prononc\u00e9e par le Tribunal de commerce \u00e0 la demande d\u2019un associ\u00e9 pour justes motifs ;<\/li><li style=\"font-family: var(--e-global-typography-primary-font-family);\" aria-level=\"1\">La dissolution anticip\u00e9e d\u00e9cid\u00e9e par les associ\u00e9s ;<\/li><li style=\"font-family: var(--e-global-typography-primary-font-family);\" aria-level=\"1\">La dissolution anticip\u00e9e prononc\u00e9e par le Tribunal ;\u00a0<\/li><li style=\"font-family: var(--e-global-typography-primary-font-family);\" aria-level=\"1\">L\u2019effet d\u2019un jugement ordonnant la cl\u00f4ture de la liquidation juridique pour insuffisance d\u2019actif ;<\/li><li style=\"font-family: var(--e-global-typography-primary-font-family);\" aria-level=\"1\">La disparition de l\u2019objet social de l\u2019entreprise ;\u00a0<\/li><li style=\"font-family: var(--e-global-typography-primary-font-family);\" aria-level=\"1\">L\u2019annulation du contrat de soci\u00e9t\u00e9<\/li><li style=\"font-family: var(--e-global-typography-primary-font-family);\" aria-level=\"1\">L\u2019arriv\u00e9e du terme fix\u00e9 dans les statuts de la soci\u00e9t\u00e9 ;<\/li><li style=\"font-family: var(--e-global-typography-primary-font-family);\" aria-level=\"1\">Tout autre cause pr\u00e9vue par les statuts de la soci\u00e9t\u00e9 qui conduirait \u00e0 la dissolution (m\u00e9sentente entre les associ\u00e9s, etc.).<\/li><\/ul><p style=\"line-height: var(--wp--typography--line-height,var(--global--line-height-body)); font-family: var(--e-global-typography-primary-font-family);\">La dissolution d\u2019une soci\u00e9t\u00e9 va imposer de respecter une certaine proc\u00e9dure qu\u2019il convient de respecter pr\u00e9cis\u00e9ment pour que la dissolution soit effective et opposable au tiers. Il faut notamment convoquer une Assembl\u00e9e G\u00e9n\u00e9rale d\u00e9cidant la dissolution et la nomination du liquidateur et publier un avis de modification dans le JAL (journal d\u2019annonces l\u00e9gales ou encore d\u00e9poser un dossier de radiation.\u00a0<\/p><p style=\"line-height: var(--wp--typography--line-height,var(--global--line-height-body)); font-family: var(--e-global-typography-primary-font-family);\"><em><span style=\"font-weight: bold;\">Attention :<\/span>\u00a0\u00e0 compter du 1er janvier 2023, toutes les formalit\u00e9s des entreprises devront exclusivement \u00eatre effectu\u00e9es en ligne sur le site de l\u2019Institut national de la propri\u00e9t\u00e9 industrielle (INPI) qui sera l\u2019interlocuteur unique des d\u00e9clarants.\u00a0<\/em><\/p><h2 style=\"font-family: Montserrat, sans-serif; font-weight: var( --e-global-typography-secondary-font-weight ); font-size: var( --e-global-typography-secondary-font-size ); letter-spacing: normal; line-height: var( --e-global-typography-secondary-line-height ); text-transform: none; font-style: normal; text-decoration-thickness: initial; text-decoration-style: initial; text-decoration-color: initial;\">\u00a0<\/h2><h2 style=\"font-family: Montserrat, sans-serif; font-weight: var( --e-global-typography-secondary-font-weight ); font-size: var( --e-global-typography-secondary-font-size ); letter-spacing: normal; line-height: var( --e-global-typography-secondary-line-height ); text-transform: none; font-style: normal; text-decoration-thickness: initial; text-decoration-style: initial; text-decoration-color: initial;\">Les diff\u00e9rentes liquidations de soci\u00e9t\u00e9 : judiciaires ou amiables<\/h2><h3 style=\"font-family: Montserrat, sans-serif; font-weight: var( --e-global-typography-accent-font-weight ); font-size: var( --e-global-typography-accent-font-size ); letter-spacing: normal; line-height: var( --e-global-typography-accent-line-height ); text-transform: none; font-style: normal; text-decoration-thickness: initial; text-decoration-style: initial; text-decoration-color: initial;\">\u00a0<\/h3><h3 style=\"font-family: Montserrat, sans-serif; font-weight: var( --e-global-typography-accent-font-weight ); font-size: var( --e-global-typography-accent-font-size ); letter-spacing: normal; line-height: var( --e-global-typography-accent-line-height ); text-transform: none; font-style: normal; text-decoration-thickness: initial; text-decoration-style: initial; text-decoration-color: initial;\">La liquidation amiable\u00a0<\/h3><p style=\"line-height: var(--wp--typography--line-height,var(--global--line-height-body)); font-family: var(--e-global-typography-primary-font-family);\">La liquidation est dite amiable lorsqu\u2019elle est le fruit d\u2019une d\u00e9cision des associ\u00e9s de l\u2019entreprise. Il s\u2019agit par cons\u00e9quent d\u2019une rupture du contrat de soci\u00e9t\u00e9.\u00a0<\/p><p style=\"line-height: var(--wp--typography--line-height,var(--global--line-height-body)); font-family: var(--e-global-typography-primary-font-family);\">Pour dissoudre la soci\u00e9t\u00e9, il faut se r\u00e9f\u00e9rer aux dispositions statutaires de la soci\u00e9t\u00e9 et respecter les formalit\u00e9s impos\u00e9es par cette proc\u00e9dure.\u00a0<\/p><h3 style=\"font-family: Montserrat, sans-serif; font-weight: var( --e-global-typography-accent-font-weight ); font-size: var( --e-global-typography-accent-font-size ); letter-spacing: normal; line-height: var( --e-global-typography-accent-line-height ); text-transform: none; font-style: normal; text-decoration-thickness: initial; text-decoration-style: initial; text-decoration-color: initial;\">La liquidation judiciaire\u00a0<\/h3><p style=\"line-height: var(--wp--typography--line-height,var(--global--line-height-body)); font-family: var(--e-global-typography-primary-font-family);\">Contrairement \u00e0 la liquidation amiable, laquelle peut \u00eatre d\u00e9cid\u00e9e m\u00eame si la soci\u00e9t\u00e9 est en bonne sant\u00e9 financi\u00e8re, la liquidation judiciaire\u00a0<span style=\"font-weight: bold;\">n\u00e9cessite l\u2019\u00e9tat de cessation de paiement de la soci\u00e9t\u00e9<\/span>.<\/p><p style=\"line-height: var(--wp--typography--line-height,var(--global--line-height-body)); font-family: var(--e-global-typography-primary-font-family);\">La d\u00e9claration de cessation de paiement doit n\u00e9cessairement intervenir dans les 45 jours qui suivent le constat de votre incapacit\u00e9 \u00e0 faire face \u00e0 vos dettes.\u00a0<\/p><p style=\"line-height: var(--wp--typography--line-height,var(--global--line-height-body)); font-family: var(--e-global-typography-primary-font-family);\">Dans ce cas, l\u2019entreprise doit effectuer une d\u00e9claration de cessation des paiements, appel\u00e9e d\u00e9p\u00f4t de bilan, aupr\u00e8s du tribunal de commerce ou du tribunal judiciaire.<\/p><p style=\"line-height: var(--wp--typography--line-height,var(--global--line-height-body)); font-family: var(--e-global-typography-primary-font-family);\">Si le redressement de la soci\u00e9t\u00e9 est manifestement impossible, vous serez plac\u00e9 en\u00a0<span style=\"font-weight: bold;\">proc\u00e9dure de liquidation judiciaire<\/span>\u00a0et il y aura alors cessation d\u2019activit\u00e9.<\/p><p style=\"line-height: var(--wp--typography--line-height,var(--global--line-height-body)); font-family: var(--e-global-typography-primary-font-family);\">La fermeture d\u2019une soci\u00e9t\u00e9 \u00e0 la suite d\u2019une proc\u00e9dure de liquidation est une proc\u00e9dure judiciaire (et non une proc\u00e9dure amiable). Cette proc\u00e9dure va mettre fin d\u00e9finitivement \u00e0 l\u2019activit\u00e9 de la soci\u00e9t\u00e9. Dans ce cas de figure, le tribunal va prononcer un jugement d\u2019ouverture qui conduit \u00e0 sa fermeture. Le liquidateur est nomm\u00e9 pour g\u00e9rer l\u2019entreprise et le tribunal prononcera la cl\u00f4ture de la liquidation.\u00a0<\/p><p style=\"line-height: var(--wp--typography--line-height,var(--global--line-height-body)); font-family: var(--e-global-typography-primary-font-family);\">Autrement dit, la proc\u00e9dure de liquidation constitue l\u2019ensemble des op\u00e9rations consistant \u00e0 transformer les biens et les actifs de la soci\u00e9t\u00e9 en liquidit\u00e9s. Ces derniers doivent faire face aux passifs et\/ou aux dettes de la soci\u00e9t\u00e9. Il peut exister, selon l\u2019\u00e9tat du passif, un boni ou un mali de liquidation.<\/p><h2 style=\"font-family: Montserrat, sans-serif; font-weight: var( --e-global-typography-secondary-font-weight ); font-size: var( --e-global-typography-secondary-font-size ); letter-spacing: normal; line-height: var( --e-global-typography-secondary-line-height ); text-transform: none; font-style: normal; text-decoration-thickness: initial; text-decoration-style: initial; text-decoration-color: initial;\">\u00a0<\/h2><h2 style=\"font-family: Montserrat, sans-serif; font-weight: var( --e-global-typography-secondary-font-weight ); font-size: var( --e-global-typography-secondary-font-size ); letter-spacing: normal; line-height: var( --e-global-typography-secondary-line-height ); text-transform: none; font-style: normal; text-decoration-thickness: initial; text-decoration-style: initial; text-decoration-color: initial;\">La proc\u00e9dure simplifi\u00e9e de r\u00e9tablissement personnel<\/h2><p style=\"line-height: var(--wp--typography--line-height,var(--global--line-height-body)); font-family: var(--e-global-typography-primary-font-family);\">Effacement dettes sans liquidation judiciaire : la proc\u00e9dure de\u00a0<a href=\"https:\/\/blog.legalvision.fr\/2018\/06\/20\/liquidation-judiciaire-dettes-effacees\/\"><span style=\"font-weight: 400;\">r\u00e9tablissement personnel<\/span><\/a>\u00a0est relativement r\u00e9cente en France. Elle permet, pour les petits patrimoines, d\u2019\u00e9viter les lourdeurs d\u2019une liquidation judiciaire classique. Elle est r\u00e9alis\u00e9e sans liquidation, c\u2019est-\u00e0-dire sans vente des biens. Il existe des conditions strictes pour pouvoir en b\u00e9n\u00e9ficier : la personne concern\u00e9e doit d\u00e9tenir un patrimoine relativement modeste.<\/p><p style=\"line-height: var(--wp--typography--line-height,var(--global--line-height-body)); font-family: var(--e-global-typography-primary-font-family);\">Seules les personnes physiques sont concern\u00e9es par cette proc\u00e9dure : les auto-entrepreneurs et les entreprises individuelles. Une soci\u00e9t\u00e9 (SAS, SARL, SASU, EURL, SCI) ne peut pas b\u00e9n\u00e9ficier du r\u00e9tablissement personnel.<\/p><p style=\"line-height: var(--wp--typography--line-height,var(--global--line-height-body)); font-family: var(--e-global-typography-primary-font-family);\">Pour que la commission de surendettement m\u00e8ne une proc\u00e9dure de r\u00e9tablissement, la situation du surendett\u00e9 doit \u00eatre \u00ab irr\u00e9m\u00e9diablement compromise \u00bb. Cela signifie qu\u2019il ne pourrait r\u00e9tablir sa situation seul et qu\u2019au vu de ses revenus, il est manifestement dans l\u2019incapacit\u00e9 de mettre fin \u00e0 cette situation. En r\u00e9sum\u00e9, il ne pourra jamais rembourser ses dettes.<\/p><p style=\"line-height: var(--wp--typography--line-height,var(--global--line-height-body)); font-family: var(--e-global-typography-primary-font-family);\">Cet effacement de dette sans liquidation judiciaire appel\u00e9 r\u00e9tablissement personnel ne concerne que les personnes avec un petit patrimoine. Il n\u2019y a donc pas de bien immobilier ou de biens d\u2019une grande valeur \u00e0 liquider. En effet, l\u2019actif doit \u00eatre inf\u00e9rieur \u00e0 5 000 euros et la cessation d\u2019activit\u00e9 ne doit pas dater d\u2019il y a plus d\u2019un an. Par ailleurs, le r\u00e9tablissement personnel n\u2019est pas ouvert aux personnes ayant fait l\u2019objet d\u2019une liquidation judiciaire cl\u00f4tur\u00e9e par une insuffisance d\u2019actif au cours des 5 ann\u00e9es pr\u00e9c\u00e9dentes.<\/p><h2 style=\"font-family: Montserrat, sans-serif; font-weight: var( --e-global-typography-secondary-font-weight ); font-size: var( --e-global-typography-secondary-font-size ); letter-spacing: normal; line-height: var( --e-global-typography-secondary-line-height ); text-transform: none; font-style: normal; text-decoration-thickness: initial; text-decoration-style: initial; text-decoration-color: initial;\">\u00a0<\/h2><h2 style=\"font-family: Montserrat, sans-serif; font-weight: var( --e-global-typography-secondary-font-weight ); font-size: var( --e-global-typography-secondary-font-size ); letter-spacing: normal; line-height: var( --e-global-typography-secondary-line-height ); text-transform: none; font-style: normal; text-decoration-thickness: initial; text-decoration-style: initial; text-decoration-color: initial;\"><strong>Liquidation judiciaire dettes effac\u00e9es : comment se d\u00e9roule la proc\u00e9dure ?<\/strong><\/h2><p style=\"line-height: var(--wp--typography--line-height,var(--global--line-height-body)); font-family: var(--e-global-typography-primary-font-family);\">En cas de liquidation judiciaire, qui paie les dettes ? La soci\u00e9t\u00e9 paiera toutes les dettes qu\u2019elle peut r\u00e9gler. Mais, \u00e0 la fin de liquidation, il arrive souvent que toutes les dettes n\u2019aient pas r\u00e9gl\u00e9es. Dans cette situation, les cr\u00e9anciers n\u2019auront pas d\u2019autre choix que de se retourner, en dernier recours, contre la caution.<\/p><p style=\"line-height: var(--wp--typography--line-height,var(--global--line-height-body)); font-family: var(--e-global-typography-primary-font-family);\">Deux cas de figure sont envisageables lors de la liquidation judiciaire. Tout d\u2019abord, il est possible que les cr\u00e9anciers aient tous \u00e9t\u00e9 pay\u00e9s gr\u00e2ce \u00e0 la vente des biens de l\u2019entreprise. Dans ce cas, la cl\u00f4ture de la liquidation sera prononc\u00e9e.<\/p><p style=\"line-height: var(--wp--typography--line-height,var(--global--line-height-body)); font-family: var(--e-global-typography-primary-font-family);\">Mais, dans la plupart des cas, il n\u2019a pas \u00e9t\u00e9 possible de r\u00e9gler toutes les dettes aupr\u00e8s des cr\u00e9anciers. La situation de la soci\u00e9t\u00e9 ne le permettait pas et certaines dettes subsistent. Liquidation judiciaire effacement dettes : dans ce cas l\u00e0, la cl\u00f4ture de la liquidation pour insuffisance d\u2019actif sera prononc\u00e9e. Les cr\u00e9anciers ne pourront donc r\u00e9cup\u00e9rer leurs dus qu\u2019aupr\u00e8s des \u00e9ventuelles cautions garantissant leurs cr\u00e9ances.<\/p><p style=\"line-height: var(--wp--typography--line-height,var(--global--line-height-body)); font-family: var(--e-global-typography-primary-font-family);\">Dans les deux cas, la cl\u00f4ture de la liquidation signifie que les cr\u00e9anciers ne peuvent plus r\u00e9clamer le paiement de leurs cr\u00e9ances. Il est mis un terme \u00e0 la proc\u00e9dure et la soci\u00e9t\u00e9 est donc ferm\u00e9e d\u00e9finitivement.<\/p><h3 style=\"font-family: Montserrat, sans-serif; font-weight: var( --e-global-typography-accent-font-weight ); font-size: var( --e-global-typography-accent-font-size ); letter-spacing: normal; line-height: var( --e-global-typography-accent-line-height ); text-transform: none; font-style: normal; text-decoration-thickness: initial; text-decoration-style: initial; text-decoration-color: initial;\">\u00a0<\/h3><h3 style=\"font-family: Montserrat, sans-serif; font-weight: var( --e-global-typography-accent-font-weight ); font-size: var( --e-global-typography-accent-font-size ); letter-spacing: normal; line-height: var( --e-global-typography-accent-line-height ); text-transform: none; font-style: normal; text-decoration-thickness: initial; text-decoration-style: initial; text-decoration-color: initial;\">Le paiement des dettes en liquidation judiciaire<\/h3><p style=\"line-height: var(--wp--typography--line-height,var(--global--line-height-body)); font-family: var(--e-global-typography-primary-font-family);\">Liquidation judiciaire dettes fournisseurs : un ordre hi\u00e9rarchique des dettes sera \u00e9tabli selon leur importance. Il prendra en compte les cr\u00e9anciers privil\u00e9gi\u00e9s et les cr\u00e9anciers dits \u00ab simples \u00bb qui arriveront en bas de la liste.<\/p><p style=\"line-height: var(--wp--typography--line-height,var(--global--line-height-body)); font-family: var(--e-global-typography-primary-font-family);\">Les cr\u00e9anciers privil\u00e9gi\u00e9s sont d\u00e9termin\u00e9s par la loi, qui en dresse une liste non-limitative. Un cr\u00e9ancier peut \u00eatre privil\u00e9gi\u00e9 \u00e9galement lorsque l\u2019entreprise lui a consenti une garantie. Dette URSSAF liquidation judiciaire : s\u2019il y a des salari\u00e9s, ces derniers se situeront tout en haut de la liste, avec notamment le Tr\u00e9sor Public. \u00c9videmment, plus le cr\u00e9ancier est haut dans la liste, plus il a des chances d\u2019\u00eatre pay\u00e9. Les cr\u00e9anciers ne disposant d\u2019aucun privil\u00e8ge se retrouvent bien souvent dans l\u2019incapacit\u00e9 de r\u00e9cup\u00e9rer leur cr\u00e9ance.<\/p><p style=\"line-height: var(--wp--typography--line-height,var(--global--line-height-body)); font-family: var(--e-global-typography-primary-font-family);\">Dettes personnelles et liquidation judiciaire : il est possible de faire un r\u00e9tablissement personnel avec liquidation judiciaire quand le surendett\u00e9 d\u00e9tient un patrimoine qui peut \u00eatre c\u00e9d\u00e9.<\/p><h2 style=\"font-family: Montserrat, sans-serif; font-weight: var( --e-global-typography-secondary-font-weight ); font-size: var( --e-global-typography-secondary-font-size ); letter-spacing: normal; line-height: var( --e-global-typography-secondary-line-height ); text-transform: none; font-style: normal; text-decoration-thickness: initial; text-decoration-style: initial; text-decoration-color: initial;\">\u00a0<\/h2><h2 style=\"font-family: Montserrat, sans-serif; font-weight: var( --e-global-typography-secondary-font-weight ); font-size: var( --e-global-typography-secondary-font-size ); letter-spacing: normal; line-height: var( --e-global-typography-secondary-line-height ); text-transform: none; font-style: normal; text-decoration-thickness: initial; text-decoration-style: initial; text-decoration-color: initial;\"><strong>Qui peut b\u00e9n\u00e9ficier de la liquidation judiciaire simpli\u00e9e ?<\/strong><\/h2><p style=\"line-height: var(--wp--typography--line-height,var(--global--line-height-body)); font-family: var(--e-global-typography-primary-font-family);\"><a href=\"https:\/\/www.legifrance.gouv.fr\/affichCode.do?idSectionTA=LEGISCTA000006146117&amp;cidTexte=LEGITEXT000005634379&amp;dateTexte=20130701\"><span style=\"font-weight: 400;\">Liquidation judiciaire simplifi\u00e9e<\/span><\/a>\u00a0et dettes personnelles : il s\u2019agit d\u2019une proc\u00e9dure moins lourde que la liquidation judiciaire classique. Elle est obligatoire pour les soci\u00e9t\u00e9s qui remplissent les caract\u00e9ristiques suivantes :<\/p><ul style=\"padding-left: calc(2 * var(--global--spacing-horizontal)); font-family: var(--e-global-typography-primary-font-family);\"><li style=\"font-family: var(--e-global-typography-primary-font-family);\" aria-level=\"1\">Pas de bien immobilier ;<\/li><li style=\"font-family: var(--e-global-typography-primary-font-family);\" aria-level=\"1\">Un salari\u00e9 maximum ;<\/li><li style=\"font-family: var(--e-global-typography-primary-font-family);\" aria-level=\"1\">Chiffre d\u2019affaires inf\u00e9rieur ou \u00e9gal \u00e0 300 000 \u20ac.<\/li><\/ul><p style=\"line-height: var(--wp--typography--line-height,var(--global--line-height-body)); font-family: var(--e-global-typography-primary-font-family);\">Cette proc\u00e9dure est facultative lorsque :<\/p><ul style=\"padding-left: calc(2 * var(--global--spacing-horizontal)); font-family: var(--e-global-typography-primary-font-family);\"><li style=\"font-family: var(--e-global-typography-primary-font-family);\" aria-level=\"1\">l\u2019entreprise n\u2019a pas de bien immobilier ;<\/li><li style=\"font-family: var(--e-global-typography-primary-font-family);\" aria-level=\"1\">elle a moins de 5 salari\u00e9s ;<\/li><li style=\"font-family: var(--e-global-typography-primary-font-family);\" aria-level=\"1\">son chiffre d\u2019affaires se situe entre 300 000 \u20ac et 750 000 \u20ac.<\/li><\/ul><p style=\"line-height: var(--wp--typography--line-height,var(--global--line-height-body)); font-family: var(--e-global-typography-primary-font-family);\">La proc\u00e9dure sera plus rapide, le liquidateur ayant plus de pouvoir pour vendre des biens.\u00a0 La proc\u00e9dure dure au maximum 6 mois. Elle peut \u00e9ventuellement \u00eatre prolong\u00e9e de 3 mois suppl\u00e9mentaires.<\/p><h2 style=\"font-family: Montserrat, sans-serif; font-weight: var( --e-global-typography-secondary-font-weight ); font-size: var( --e-global-typography-secondary-font-size ); letter-spacing: normal; line-height: var( --e-global-typography-secondary-line-height ); text-transform: none; font-style: normal; text-decoration-thickness: initial; text-decoration-style: initial; text-decoration-color: initial;\"><span style=\"font-weight: 400;\">\u00a0<\/span><\/h2><h2 style=\"font-family: Montserrat, sans-serif; font-weight: var( --e-global-typography-secondary-font-weight ); font-size: var( --e-global-typography-secondary-font-size ); letter-spacing: normal; line-height: var( --e-global-typography-secondary-line-height ); text-transform: none; font-style: normal; text-decoration-thickness: initial; text-decoration-style: initial; text-decoration-color: initial;\"><strong>La liquidation judiciaire d\u2019une SARL\u00a0<\/strong><\/h2><h4 style=\"font-family: Montserrat, sans-serif; font-weight: var( --e-global-typography-accent-font-weight ); font-size: var( --e-global-typography-accent-font-size ); letter-spacing: normal; line-height: var( --e-global-typography-accent-line-height ); color: #5c5f62; text-transform: none; font-style: normal; text-decoration-thickness: initial; text-decoration-style: initial; text-decoration-color: initial;\"><span style=\"font-weight: 400;\">\u00a0<\/span><\/h4><h4 style=\"font-family: Montserrat, sans-serif; font-weight: var( --e-global-typography-accent-font-weight ); font-size: var( --e-global-typography-accent-font-size ); letter-spacing: normal; line-height: var( --e-global-typography-accent-line-height ); color: #5c5f62; text-transform: none; font-style: normal; text-decoration-thickness: initial; text-decoration-style: initial; text-decoration-color: initial;\"><span style=\"font-weight: 400;\">Comment se d\u00e9roule la liquidation de la SARL ?\u00a0<\/span><\/h4><p style=\"line-height: var(--wp--typography--line-height,var(--global--line-height-body)); font-family: var(--e-global-typography-primary-font-family);\">Lorsqu\u2019une SARL se trouve en \u00e9tat de cessation des paiements (le moment o\u00f9 la soci\u00e9t\u00e9 ne peut plus faire face \u00e0 son passif exigible avec son actif disponible) et que le redressement de la SARL est manifestement impossible, cela conduit \u00e0 une liquidation judiciaire de l\u2019entreprise. Nous l\u2019avons vu, le g\u00e9rant de la SARL doit d\u00e9clarer cet \u00e9tat de cessation des paiements, puis s\u2019en suivra un jugement d\u2019ouverture de la liquidation judiciaire de la SARL est prononc\u00e9 par le tribunal de commerce.\u00a0<\/p><p style=\"line-height: var(--wp--typography--line-height,var(--global--line-height-body)); font-family: var(--e-global-typography-primary-font-family);\">En fonction de l\u2019\u00e9tat de l\u2019entreprise dont le jugement de cl\u00f4ture de la liquidation judiciaire fera \u00e9tat, la SARL peut se retrouver dans deux situations :\u00a0<\/p><ul style=\"padding-left: calc(2 * var(--global--spacing-horizontal)); font-family: var(--e-global-typography-primary-font-family);\"><li style=\"font-family: var(--e-global-typography-primary-font-family);\" aria-level=\"1\">Soit, elle se place dans l\u2019extinction du passif, d\u00e8s lors que la soci\u00e9t\u00e9 a pu rembourser toutes ses dettes ou d\u00e9sint\u00e9resser enti\u00e8rement ses cr\u00e9anciers. S\u2019il reste des liquidit\u00e9s \u00e0 la suite de la vente des actifs, on parle de boni de liquidation qui sera distribu\u00e9 entre les associ\u00e9s de la SARL.<\/li><li style=\"font-family: var(--e-global-typography-primary-font-family);\" aria-level=\"1\">A l\u2019inverse, elle se situe en insuffisance d\u2019actif : ici, la SARL n\u2019a pas pu d\u00e9sint\u00e9resser l\u2019ensemble de ses cr\u00e9anciers. Dans ce cas, tous les cr\u00e9anciers ne seront pas rembours\u00e9s et la SARL sera radi\u00e9e d\u2019office.<\/li><\/ul><h4 style=\"font-family: Montserrat, sans-serif; font-weight: var( --e-global-typography-accent-font-weight ); font-size: var( --e-global-typography-accent-font-size ); letter-spacing: normal; line-height: var( --e-global-typography-accent-line-height ); color: #5c5f62; text-transform: none; font-style: normal; text-decoration-thickness: initial; text-decoration-style: initial; text-decoration-color: initial;\"><span style=\"font-weight: 400;\">\u00a0<\/span><\/h4><h4 style=\"font-family: Montserrat, sans-serif; font-weight: var( --e-global-typography-accent-font-weight ); font-size: var( --e-global-typography-accent-font-size ); letter-spacing: normal; line-height: var( --e-global-typography-accent-line-height ); color: #5c5f62; text-transform: none; font-style: normal; text-decoration-thickness: initial; text-decoration-style: initial; text-decoration-color: initial;\"><strong>Quid du sort du patrimoine personnel des associ\u00e9s de la SARL ?\u00a0<\/strong><\/h4><p style=\"line-height: var(--wp--typography--line-height,var(--global--line-height-body)); font-family: var(--e-global-typography-primary-font-family);\">La question du sort des biens personnels en liquidation judiciaire de SARL va se poser.\u00a0<\/p><p style=\"line-height: var(--wp--typography--line-height,var(--global--line-height-body)); font-family: var(--e-global-typography-primary-font-family);\">Par d\u00e9finition, la soci\u00e9t\u00e9 \u00e0 responsabilit\u00e9 limit\u00e9e voit la responsabilit\u00e9 des associ\u00e9s \u00eatre limit\u00e9e \u00e0 hauteur de leur apport. Autrement dit, les soci\u00e9t\u00e9s \u00e0 responsabilit\u00e9 limit\u00e9e vont donc prot\u00e9ger le patrimoine personnel des associ\u00e9s. C\u2019est notamment le cas des SARL, des EURL.\u00a0<\/p><p style=\"line-height: var(--wp--typography--line-height,var(--global--line-height-body)); font-family: var(--e-global-typography-primary-font-family);\">La question se pose en cas de liquidation judiciaire d\u2019une SARL et la saisie de bien personnel lorsqu\u2019un cautionnement des associ\u00e9s a \u00e9t\u00e9 souscrit.\u00a0<\/p><p style=\"line-height: var(--wp--typography--line-height,var(--global--line-height-body)); font-family: var(--e-global-typography-primary-font-family);\">En effet, dans le cas o\u00f9 les associ\u00e9s se portent caution des dettes de la SARL (ce qui est fr\u00e9quent pour les cr\u00e9dits bancaires par exemple), ils engagent leur responsabilit\u00e9 personnelle et voient leurs biens personnels susceptibles d\u2019\u00eatre saisis pour rembourser les cr\u00e9anciers.<\/p><p style=\"line-height: var(--wp--typography--line-height,var(--global--line-height-body)); font-family: var(--e-global-typography-primary-font-family);\">Dans le m\u00eame temps, en cas de cl\u00f4ture pour insuffisance d\u2019actif, si le tribunal estime que le g\u00e9rant a commis une faute de gestion, responsable de la situation \u00e9conomique de la soci\u00e9t\u00e9, celui-ci sera tenu de supporter les charges avec son patrimoine personnel.<\/p><p style=\"line-height: var(--wp--typography--line-height,var(--global--line-height-body)); font-family: var(--e-global-typography-primary-font-family);\">En cas de faute de gestion du g\u00e9rant de la SARL, qui se d\u00e9finit comme tout acte ou omission de la part d\u2019un dirigeant de soci\u00e9t\u00e9, et qui peut s\u2019analyser comme une erreur, une imprudence, une n\u00e9gligence ou encore une entrave aux obligations ou dispositions d\u00e9finies par les statuts. Toutefois, elle n\u2019est pas clairement d\u00e9finie par la loi, et elle est laiss\u00e9e \u00e0 l\u2019appr\u00e9ciation des juges.<\/p><p style=\"line-height: var(--wp--typography--line-height,var(--global--line-height-body)); font-family: var(--e-global-typography-primary-font-family);\">Cette faute de gestion peut permettre d\u2019engager la responsabilit\u00e9 civile, ce qui peut obliger le g\u00e9rant \u00e0 supporter tout ou partie du passif de la SARL sur ses biens personnels.\u00a0<\/p><p style=\"line-height: var(--wp--typography--line-height,var(--global--line-height-body)); font-family: var(--e-global-typography-primary-font-family);\">Le tribunal de commerce peut \u00e9galement prononcer une mesure de faillite personnelle \u00e0 leur encontre, voire une interdiction de g\u00e9rer une entreprise.<\/p><p style=\"line-height: var(--wp--typography--line-height,var(--global--line-height-body)); font-family: var(--e-global-typography-primary-font-family);\"><em><span style=\"font-weight: bold;\">Bon \u00e0 savoir :<\/span>\u00a0la responsabilit\u00e9 des associ\u00e9s est certes ind\u00e9finie, mais elle n\u2019est toutefois pas solidaire. En d\u2019autres termes, si un cr\u00e9ancier veut recouvrer sa cr\u00e9ance, il doit poursuivre chaque associ\u00e9 individuellement en fonction de la dette. Les associ\u00e9s peuvent se pr\u00e9valoir du b\u00e9n\u00e9fice de division qui emp\u00eache qu\u2019un cr\u00e9ancier puisse demander \u00e0 l\u2019un deux de payer l\u2019enti\u00e8ret\u00e9 de la dette<\/em>.<\/p><h2 style=\"font-family: Montserrat, sans-serif; font-weight: var( --e-global-typography-secondary-font-weight ); font-size: var( --e-global-typography-secondary-font-size ); letter-spacing: normal; line-height: var( --e-global-typography-secondary-line-height ); text-transform: none; font-style: normal; text-decoration-thickness: initial; text-decoration-style: initial; text-decoration-color: initial;\">\u00a0<\/h2><p style=\"line-height: var(--wp--typography--line-height,var(--global--line-height-body)); font-family: var(--e-global-typography-primary-font-family);\"><span style=\"font-weight: bold;\">Le rachat d\u2019une entreprise en liquidation<\/span><\/p><p style=\"line-height: var(--wp--typography--line-height,var(--global--line-height-body)); font-family: var(--e-global-typography-primary-font-family);\">En principe, lorsqu\u2019une soci\u00e9t\u00e9 est sous le joug d\u2019une proc\u00e9dure collective dite de liquidation judiciaire, l\u2019activit\u00e9 de la soci\u00e9t\u00e9 est arr\u00eat\u00e9e et le liquidateur doit, \u00e0 l\u2019issue de la proc\u00e9dure, licencier les salari\u00e9s dans les 15 jours suivant le jugement qui prononce cette liquidation judiciaire.<\/p><p style=\"line-height: var(--wp--typography--line-height,var(--global--line-height-body)); font-family: var(--e-global-typography-primary-font-family);\">N\u00e9anmoins, il existe des cas dans lesquels la cession partielle ou totale est possible, notamment lorsque le maintien de l\u2019activit\u00e9 est rendu possible par le tribunal de commerce comp\u00e9tent. Dans ce cas de figure, il est possible de pr\u00e9senter une offre de reprise au Tribunal afin qu\u2019un plan de cession soit envisag\u00e9.<\/p><p style=\"line-height: var(--wp--typography--line-height,var(--global--line-height-body)); font-family: var(--e-global-typography-primary-font-family);\">Ce plan de cession d\u2019entreprise permet de pr\u00e9server les emplois concern\u00e9s par la reprise de l\u2019activit\u00e9 et d\u2019apurer le passif de la soci\u00e9t\u00e9.<\/p><p style=\"line-height: var(--wp--typography--line-height,var(--global--line-height-body)); font-family: var(--e-global-typography-primary-font-family);\">A noter que cette offre de reprise doit \u00eatre ferme, \u00e0 savoir qu\u2019elle ne peut pr\u00e9senter aucune condition suspensive et \u00eatre coh\u00e9rente en pr\u00e9sentant des justificatifs quant \u00e0 ses capacit\u00e9s financi\u00e8res, tout en proposant un prix adapt\u00e9 afin de tendre vers un apurement du passif.<\/p><p style=\"line-height: var(--wp--typography--line-height,var(--global--line-height-body)); font-family: var(--e-global-typography-primary-font-family);\">Il revient au Tribunal, apr\u00e8s avis du mandataire liquidateur et du Minist\u00e8re Public de choisir le repreneur.<\/p><div class=\"wp-block-button\" style=\"text-align: center;\"><a class=\"wp-block-button__link has-background\" style=\"border-radius: var(--button--border-radius); padding: var(--button--padding-vertical) var(--button--padding-horizontal); font-size: var(--button--font-size); font-weight: var(--button--font-weight); border: var(--button--border-width) solid transparent; font-family: var(--button--font-family); line-height: var(--button--line-height);\" href=\"https:\/\/leonard.fr\/juridique\/dissolution-liquidation\/dissolution-liquidation\/?utm_source=Blog&amp;utm_medium=CTA&amp;utm_campaign=liquidation_judiciaire&amp;utm_id=Fermeture_Blog\">Fermez votre soci\u00e9t\u00e9 avec LegalVision !\u00a0<\/a><\/div>\t\t\t\t\t\t\t\t<\/div>\n\t\t\t\t<\/div>\n\t\t\t\t\t<\/div>\n\t\t\t\t<\/div>\n\t\t\t\t<\/div>\n\t\t","protected":false},"excerpt":{"rendered":"<p>Qu&rsquo;est-ce qu&rsquo;une liquidation judiciaire dettes effac\u00e9es ? Lorsqu\u2019une entreprise se retrouve en grande difficult\u00e9 et ne parvient pas \u00e0 rectifier sa situation, les cons\u00e9quences peuvent \u00eatre relativement importantes. Si la soci\u00e9t\u00e9 ne peut plus r\u00e9gler ses dettes et qu&rsquo;elle se retrouve en cessation de paiements, il faudra recourir obligatoirement \u00e0 l\u2019ouverture d\u2019une proc\u00e9dure collective. Cette&hellip; <a class=\"more-link\" href=\"https:\/\/www.legalvision.fr\/guides-juridiques\/fermer-son-entreprise\/liquidation-judiciaire-dettes-effacees\/\">Poursuivre la lecture <span class=\"screen-reader-text\">Liquidation judiciaire et r\u00e9tablissement personnel des entreprises en difficult\u00e9<\/span><\/a><\/p>\n","protected":false},"author":15,"featured_media":22621,"comment_status":"open","ping_status":"closed","sticky":false,"template":"","format":"standard","meta":{"content-type":"","inline_featured_image":false,"footnotes":""},"categories":[2489],"tags":[],"class_list":["post-4918","post","type-post","status-publish","format-standard","has-post-thumbnail","hentry","category-fermer-son-entreprise","entry"],"yoast_head":"<!-- This site is optimized with the Yoast SEO plugin v27.1.1 - https:\/\/yoast.com\/product\/yoast-seo-wordpress\/ -->\n<title>Liquidation judiciaire dettes effac\u00e9es : le guide de LegalVision<\/title>\n<meta name=\"description\" content=\"Lorsqu&#039;une entreprise est en difficult\u00e9, l&#039;ouverture d&#039;une proc\u00e9dure de redressement ou de liquidation judiciaire est requise.\" \/>\n<meta name=\"robots\" content=\"index, follow, max-snippet:-1, max-image-preview:large, max-video-preview:-1\" \/>\n<link rel=\"canonical\" href=\"https:\/\/www.legalvision.fr\/guides-juridiques\/fermer-son-entreprise\/liquidation-judiciaire-dettes-effacees\/\" \/>\n<meta property=\"og:locale\" content=\"fr_FR\" \/>\n<meta property=\"og:type\" content=\"article\" \/>\n<meta property=\"og:title\" content=\"Liquidation judiciaire dettes effac\u00e9es : le guide de LegalVision\" \/>\n<meta property=\"og:description\" content=\"Lorsqu&#039;une entreprise est en difficult\u00e9, l&#039;ouverture d&#039;une proc\u00e9dure de redressement ou de liquidation judiciaire est requise.\" \/>\n<meta property=\"og:url\" content=\"https:\/\/www.legalvision.fr\/guides-juridiques\/fermer-son-entreprise\/liquidation-judiciaire-dettes-effacees\/\" \/>\n<meta property=\"og:site_name\" content=\"Guides juridiques\" \/>\n<meta property=\"article:author\" content=\"https:\/\/www.facebook.com\/legalvision.fr\/\" \/>\n<meta property=\"article:published_time\" content=\"2018-06-20T06:16:21+00:00\" \/>\n<meta property=\"article:modified_time\" content=\"2023-10-16T14:42:17+00:00\" \/>\n<meta property=\"og:image\" content=\"https:\/\/www.legalvision.fr\/guides-juridiques\/wp-content\/uploads\/2018\/06\/Liquidation-judiciaire-dettes-effac\u00e9es-min.jpg\" \/>\n\t<meta property=\"og:image:width\" content=\"958\" \/>\n\t<meta property=\"og:image:height\" content=\"350\" \/>\n\t<meta property=\"og:image:type\" content=\"image\/jpeg\" \/>\n<meta name=\"author\" content=\"Maxime Ballesteron\" \/>\n<meta name=\"twitter:card\" content=\"summary_large_image\" \/>\n<meta name=\"twitter:creator\" content=\"@https:\/\/twitter.com\/Legalvision_fr\" \/>\n<meta name=\"twitter:label1\" content=\"\u00c9crit par\" \/>\n\t<meta name=\"twitter:data1\" content=\"Maxime Ballesteron\" \/>\n\t<meta name=\"twitter:label2\" content=\"Dur\u00e9e de lecture estim\u00e9e\" \/>\n\t<meta name=\"twitter:data2\" content=\"15 minutes\" \/>\n<script type=\"application\/ld+json\" class=\"yoast-schema-graph\">{\"@context\":\"https:\/\/schema.org\",\"@graph\":[{\"@type\":\"Article\",\"@id\":\"https:\/\/www.legalvision.fr\/guides-juridiques\/fermer-son-entreprise\/liquidation-judiciaire-dettes-effacees\/#article\",\"isPartOf\":{\"@id\":\"https:\/\/www.legalvision.fr\/guides-juridiques\/fermer-son-entreprise\/liquidation-judiciaire-dettes-effacees\/\"},\"author\":{\"name\":\"Maxime Ballesteron\",\"@id\":\"https:\/\/www.legalvision.fr\/guides-juridiques\/#\/schema\/person\/9c4ca0ec82e346ae731e8fef938d9282\"},\"headline\":\"Liquidation judiciaire et r\u00e9tablissement personnel des entreprises en difficult\u00e9\",\"datePublished\":\"2018-06-20T06:16:21+00:00\",\"dateModified\":\"2023-10-16T14:42:17+00:00\",\"mainEntityOfPage\":{\"@id\":\"https:\/\/www.legalvision.fr\/guides-juridiques\/fermer-son-entreprise\/liquidation-judiciaire-dettes-effacees\/\"},\"wordCount\":3385,\"commentCount\":104,\"publisher\":{\"@id\":\"https:\/\/www.legalvision.fr\/guides-juridiques\/#organization\"},\"image\":{\"@id\":\"https:\/\/www.legalvision.fr\/guides-juridiques\/fermer-son-entreprise\/liquidation-judiciaire-dettes-effacees\/#primaryimage\"},\"thumbnailUrl\":\"https:\/\/www.legalvision.fr\/guides-juridiques\/wp-content\/uploads\/2018\/06\/Liquidation-judiciaire-dettes-effac\u00e9es-min.jpg\",\"articleSection\":[\"Fermer son entreprise\"],\"inLanguage\":\"fr-FR\",\"potentialAction\":[{\"@type\":\"CommentAction\",\"name\":\"Comment\",\"target\":[\"https:\/\/www.legalvision.fr\/guides-juridiques\/fermer-son-entreprise\/liquidation-judiciaire-dettes-effacees\/#respond\"]}]},{\"@type\":\"WebPage\",\"@id\":\"https:\/\/www.legalvision.fr\/guides-juridiques\/fermer-son-entreprise\/liquidation-judiciaire-dettes-effacees\/\",\"url\":\"https:\/\/www.legalvision.fr\/guides-juridiques\/fermer-son-entreprise\/liquidation-judiciaire-dettes-effacees\/\",\"name\":\"Liquidation judiciaire dettes effac\u00e9es : le guide de LegalVision\",\"isPartOf\":{\"@id\":\"https:\/\/www.legalvision.fr\/guides-juridiques\/#website\"},\"primaryImageOfPage\":{\"@id\":\"https:\/\/www.legalvision.fr\/guides-juridiques\/fermer-son-entreprise\/liquidation-judiciaire-dettes-effacees\/#primaryimage\"},\"image\":{\"@id\":\"https:\/\/www.legalvision.fr\/guides-juridiques\/fermer-son-entreprise\/liquidation-judiciaire-dettes-effacees\/#primaryimage\"},\"thumbnailUrl\":\"https:\/\/www.legalvision.fr\/guides-juridiques\/wp-content\/uploads\/2018\/06\/Liquidation-judiciaire-dettes-effac\u00e9es-min.jpg\",\"datePublished\":\"2018-06-20T06:16:21+00:00\",\"dateModified\":\"2023-10-16T14:42:17+00:00\",\"description\":\"Lorsqu'une entreprise est en difficult\u00e9, l'ouverture d'une proc\u00e9dure de redressement ou de liquidation judiciaire est requise.\",\"breadcrumb\":{\"@id\":\"https:\/\/www.legalvision.fr\/guides-juridiques\/fermer-son-entreprise\/liquidation-judiciaire-dettes-effacees\/#breadcrumb\"},\"inLanguage\":\"fr-FR\",\"potentialAction\":[{\"@type\":\"ReadAction\",\"target\":[\"https:\/\/www.legalvision.fr\/guides-juridiques\/fermer-son-entreprise\/liquidation-judiciaire-dettes-effacees\/\"]}]},{\"@type\":\"ImageObject\",\"inLanguage\":\"fr-FR\",\"@id\":\"https:\/\/www.legalvision.fr\/guides-juridiques\/fermer-son-entreprise\/liquidation-judiciaire-dettes-effacees\/#primaryimage\",\"url\":\"https:\/\/www.legalvision.fr\/guides-juridiques\/wp-content\/uploads\/2018\/06\/Liquidation-judiciaire-dettes-effac\u00e9es-min.jpg\",\"contentUrl\":\"https:\/\/www.legalvision.fr\/guides-juridiques\/wp-content\/uploads\/2018\/06\/Liquidation-judiciaire-dettes-effac\u00e9es-min.jpg\",\"width\":958,\"height\":350,\"caption\":\"Liquidation judiciaire dettes effac\u00e9es\"},{\"@type\":\"BreadcrumbList\",\"@id\":\"https:\/\/www.legalvision.fr\/guides-juridiques\/fermer-son-entreprise\/liquidation-judiciaire-dettes-effacees\/#breadcrumb\",\"itemListElement\":[{\"@type\":\"ListItem\",\"position\":1,\"name\":\"Accueil\",\"item\":\"https:\/\/www.legalvision.fr\/guides-juridiques\/\"},{\"@type\":\"ListItem\",\"position\":2,\"name\":\"Fermer son entreprise\",\"item\":\"https:\/\/www.legalvision.fr\/guides-juridiques\/fermer-son-entreprise\/\"},{\"@type\":\"ListItem\",\"position\":3,\"name\":\"Liquidation judiciaire et r\u00e9tablissement personnel des entreprises en difficult\u00e9\"}]},{\"@type\":\"WebSite\",\"@id\":\"https:\/\/www.legalvision.fr\/guides-juridiques\/#website\",\"url\":\"https:\/\/www.legalvision.fr\/guides-juridiques\/\",\"name\":\"Guides juridiques\",\"description\":\"L&#039;information juridique \u00e0 destination des entreprises et TPE\",\"publisher\":{\"@id\":\"https:\/\/www.legalvision.fr\/guides-juridiques\/#organization\"},\"potentialAction\":[{\"@type\":\"SearchAction\",\"target\":{\"@type\":\"EntryPoint\",\"urlTemplate\":\"https:\/\/www.legalvision.fr\/guides-juridiques\/?s={search_term_string}\"},\"query-input\":{\"@type\":\"PropertyValueSpecification\",\"valueRequired\":true,\"valueName\":\"search_term_string\"}}],\"inLanguage\":\"fr-FR\"},{\"@type\":\"Organization\",\"@id\":\"https:\/\/www.legalvision.fr\/guides-juridiques\/#organization\",\"name\":\"Guides juridiques\",\"url\":\"https:\/\/www.legalvision.fr\/guides-juridiques\/\",\"logo\":{\"@type\":\"ImageObject\",\"inLanguage\":\"fr-FR\",\"@id\":\"https:\/\/www.legalvision.fr\/guides-juridiques\/#\/schema\/logo\/image\/\",\"url\":\"https:\/\/www.legalvision.fr\/guides-juridiques\/wp-content\/uploads\/2022\/10\/LV-Logotype.png\",\"contentUrl\":\"https:\/\/www.legalvision.fr\/guides-juridiques\/wp-content\/uploads\/2022\/10\/LV-Logotype.png\",\"width\":647,\"height\":125,\"caption\":\"Guides juridiques\"},\"image\":{\"@id\":\"https:\/\/www.legalvision.fr\/guides-juridiques\/#\/schema\/logo\/image\/\"}},{\"@type\":\"Person\",\"@id\":\"https:\/\/www.legalvision.fr\/guides-juridiques\/#\/schema\/person\/9c4ca0ec82e346ae731e8fef938d9282\",\"name\":\"Maxime Ballesteron\",\"image\":{\"@type\":\"ImageObject\",\"inLanguage\":\"fr-FR\",\"@id\":\"https:\/\/www.legalvision.fr\/guides-juridiques\/#\/schema\/person\/image\/\",\"url\":\"https:\/\/secure.gravatar.com\/avatar\/68fa8e70985671e1333fd562aa940aa27363cecb7578a35e3e3131f2500b6ca5?s=96&d=mm&r=g\",\"contentUrl\":\"https:\/\/secure.gravatar.com\/avatar\/68fa8e70985671e1333fd562aa940aa27363cecb7578a35e3e3131f2500b6ca5?s=96&d=mm&r=g\",\"caption\":\"Maxime Ballesteron\"},\"description\":\"Maxime est juriste sp\u00e9cialis\u00e9 en droit des soci\u00e9t\u00e9s chez LegalVision. Il est passionn\u00e9 par le droit et l'univers des startups.\",\"sameAs\":[\"https:\/\/www.legalvision.fr\/\",\"https:\/\/www.facebook.com\/legalvision.fr\/\",\"https:\/\/www.instagram.com\/legalvision.fr\/\",\"https:\/\/www.linkedin.com\/company\/legalvision-fr\/\",\"https:\/\/x.com\/https:\/\/twitter.com\/Legalvision_fr\"],\"url\":\"https:\/\/www.legalvision.fr\/guides-juridiques\/author\/maxime-ballester\/\"}]}<\/script>\n<!-- \/ Yoast SEO plugin. -->","yoast_head_json":{"title":"Liquidation judiciaire dettes effac\u00e9es : le guide de LegalVision","description":"Lorsqu'une entreprise est en difficult\u00e9, l'ouverture d'une proc\u00e9dure de redressement ou de liquidation judiciaire est requise.","robots":{"index":"index","follow":"follow","max-snippet":"max-snippet:-1","max-image-preview":"max-image-preview:large","max-video-preview":"max-video-preview:-1"},"canonical":"https:\/\/www.legalvision.fr\/guides-juridiques\/fermer-son-entreprise\/liquidation-judiciaire-dettes-effacees\/","og_locale":"fr_FR","og_type":"article","og_title":"Liquidation judiciaire dettes effac\u00e9es : le guide de LegalVision","og_description":"Lorsqu'une entreprise est en difficult\u00e9, l'ouverture d'une proc\u00e9dure de redressement ou de liquidation judiciaire est requise.","og_url":"https:\/\/www.legalvision.fr\/guides-juridiques\/fermer-son-entreprise\/liquidation-judiciaire-dettes-effacees\/","og_site_name":"Guides juridiques","article_author":"https:\/\/www.facebook.com\/legalvision.fr\/","article_published_time":"2018-06-20T06:16:21+00:00","article_modified_time":"2023-10-16T14:42:17+00:00","og_image":[{"width":958,"height":350,"url":"https:\/\/www.legalvision.fr\/guides-juridiques\/wp-content\/uploads\/2018\/06\/Liquidation-judiciaire-dettes-effac\u00e9es-min.jpg","type":"image\/jpeg"}],"author":"Maxime Ballesteron","twitter_card":"summary_large_image","twitter_creator":"@https:\/\/twitter.com\/Legalvision_fr","twitter_misc":{"\u00c9crit par":"Maxime Ballesteron","Dur\u00e9e de lecture estim\u00e9e":"15 minutes"},"schema":{"@context":"https:\/\/schema.org","@graph":[{"@type":"Article","@id":"https:\/\/www.legalvision.fr\/guides-juridiques\/fermer-son-entreprise\/liquidation-judiciaire-dettes-effacees\/#article","isPartOf":{"@id":"https:\/\/www.legalvision.fr\/guides-juridiques\/fermer-son-entreprise\/liquidation-judiciaire-dettes-effacees\/"},"author":{"name":"Maxime Ballesteron","@id":"https:\/\/www.legalvision.fr\/guides-juridiques\/#\/schema\/person\/9c4ca0ec82e346ae731e8fef938d9282"},"headline":"Liquidation judiciaire et r\u00e9tablissement personnel des entreprises en difficult\u00e9","datePublished":"2018-06-20T06:16:21+00:00","dateModified":"2023-10-16T14:42:17+00:00","mainEntityOfPage":{"@id":"https:\/\/www.legalvision.fr\/guides-juridiques\/fermer-son-entreprise\/liquidation-judiciaire-dettes-effacees\/"},"wordCount":3385,"commentCount":104,"publisher":{"@id":"https:\/\/www.legalvision.fr\/guides-juridiques\/#organization"},"image":{"@id":"https:\/\/www.legalvision.fr\/guides-juridiques\/fermer-son-entreprise\/liquidation-judiciaire-dettes-effacees\/#primaryimage"},"thumbnailUrl":"https:\/\/www.legalvision.fr\/guides-juridiques\/wp-content\/uploads\/2018\/06\/Liquidation-judiciaire-dettes-effac\u00e9es-min.jpg","articleSection":["Fermer son entreprise"],"inLanguage":"fr-FR","potentialAction":[{"@type":"CommentAction","name":"Comment","target":["https:\/\/www.legalvision.fr\/guides-juridiques\/fermer-son-entreprise\/liquidation-judiciaire-dettes-effacees\/#respond"]}]},{"@type":"WebPage","@id":"https:\/\/www.legalvision.fr\/guides-juridiques\/fermer-son-entreprise\/liquidation-judiciaire-dettes-effacees\/","url":"https:\/\/www.legalvision.fr\/guides-juridiques\/fermer-son-entreprise\/liquidation-judiciaire-dettes-effacees\/","name":"Liquidation judiciaire dettes effac\u00e9es : le guide de LegalVision","isPartOf":{"@id":"https:\/\/www.legalvision.fr\/guides-juridiques\/#website"},"primaryImageOfPage":{"@id":"https:\/\/www.legalvision.fr\/guides-juridiques\/fermer-son-entreprise\/liquidation-judiciaire-dettes-effacees\/#primaryimage"},"image":{"@id":"https:\/\/www.legalvision.fr\/guides-juridiques\/fermer-son-entreprise\/liquidation-judiciaire-dettes-effacees\/#primaryimage"},"thumbnailUrl":"https:\/\/www.legalvision.fr\/guides-juridiques\/wp-content\/uploads\/2018\/06\/Liquidation-judiciaire-dettes-effac\u00e9es-min.jpg","datePublished":"2018-06-20T06:16:21+00:00","dateModified":"2023-10-16T14:42:17+00:00","description":"Lorsqu'une entreprise est en difficult\u00e9, l'ouverture d'une proc\u00e9dure de redressement ou de liquidation judiciaire est requise.","breadcrumb":{"@id":"https:\/\/www.legalvision.fr\/guides-juridiques\/fermer-son-entreprise\/liquidation-judiciaire-dettes-effacees\/#breadcrumb"},"inLanguage":"fr-FR","potentialAction":[{"@type":"ReadAction","target":["https:\/\/www.legalvision.fr\/guides-juridiques\/fermer-son-entreprise\/liquidation-judiciaire-dettes-effacees\/"]}]},{"@type":"ImageObject","inLanguage":"fr-FR","@id":"https:\/\/www.legalvision.fr\/guides-juridiques\/fermer-son-entreprise\/liquidation-judiciaire-dettes-effacees\/#primaryimage","url":"https:\/\/www.legalvision.fr\/guides-juridiques\/wp-content\/uploads\/2018\/06\/Liquidation-judiciaire-dettes-effac\u00e9es-min.jpg","contentUrl":"https:\/\/www.legalvision.fr\/guides-juridiques\/wp-content\/uploads\/2018\/06\/Liquidation-judiciaire-dettes-effac\u00e9es-min.jpg","width":958,"height":350,"caption":"Liquidation judiciaire dettes effac\u00e9es"},{"@type":"BreadcrumbList","@id":"https:\/\/www.legalvision.fr\/guides-juridiques\/fermer-son-entreprise\/liquidation-judiciaire-dettes-effacees\/#breadcrumb","itemListElement":[{"@type":"ListItem","position":1,"name":"Accueil","item":"https:\/\/www.legalvision.fr\/guides-juridiques\/"},{"@type":"ListItem","position":2,"name":"Fermer son entreprise","item":"https:\/\/www.legalvision.fr\/guides-juridiques\/fermer-son-entreprise\/"},{"@type":"ListItem","position":3,"name":"Liquidation judiciaire et r\u00e9tablissement personnel des entreprises en difficult\u00e9"}]},{"@type":"WebSite","@id":"https:\/\/www.legalvision.fr\/guides-juridiques\/#website","url":"https:\/\/www.legalvision.fr\/guides-juridiques\/","name":"Guides juridiques","description":"L&#039;information juridique \u00e0 destination des entreprises et TPE","publisher":{"@id":"https:\/\/www.legalvision.fr\/guides-juridiques\/#organization"},"potentialAction":[{"@type":"SearchAction","target":{"@type":"EntryPoint","urlTemplate":"https:\/\/www.legalvision.fr\/guides-juridiques\/?s={search_term_string}"},"query-input":{"@type":"PropertyValueSpecification","valueRequired":true,"valueName":"search_term_string"}}],"inLanguage":"fr-FR"},{"@type":"Organization","@id":"https:\/\/www.legalvision.fr\/guides-juridiques\/#organization","name":"Guides juridiques","url":"https:\/\/www.legalvision.fr\/guides-juridiques\/","logo":{"@type":"ImageObject","inLanguage":"fr-FR","@id":"https:\/\/www.legalvision.fr\/guides-juridiques\/#\/schema\/logo\/image\/","url":"https:\/\/www.legalvision.fr\/guides-juridiques\/wp-content\/uploads\/2022\/10\/LV-Logotype.png","contentUrl":"https:\/\/www.legalvision.fr\/guides-juridiques\/wp-content\/uploads\/2022\/10\/LV-Logotype.png","width":647,"height":125,"caption":"Guides juridiques"},"image":{"@id":"https:\/\/www.legalvision.fr\/guides-juridiques\/#\/schema\/logo\/image\/"}},{"@type":"Person","@id":"https:\/\/www.legalvision.fr\/guides-juridiques\/#\/schema\/person\/9c4ca0ec82e346ae731e8fef938d9282","name":"Maxime Ballesteron","image":{"@type":"ImageObject","inLanguage":"fr-FR","@id":"https:\/\/www.legalvision.fr\/guides-juridiques\/#\/schema\/person\/image\/","url":"https:\/\/secure.gravatar.com\/avatar\/68fa8e70985671e1333fd562aa940aa27363cecb7578a35e3e3131f2500b6ca5?s=96&d=mm&r=g","contentUrl":"https:\/\/secure.gravatar.com\/avatar\/68fa8e70985671e1333fd562aa940aa27363cecb7578a35e3e3131f2500b6ca5?s=96&d=mm&r=g","caption":"Maxime Ballesteron"},"description":"Maxime est juriste sp\u00e9cialis\u00e9 en droit des soci\u00e9t\u00e9s chez LegalVision. Il est passionn\u00e9 par le droit et l'univers des startups.","sameAs":["https:\/\/www.legalvision.fr\/","https:\/\/www.facebook.com\/legalvision.fr\/","https:\/\/www.instagram.com\/legalvision.fr\/","https:\/\/www.linkedin.com\/company\/legalvision-fr\/","https:\/\/x.com\/https:\/\/twitter.com\/Legalvision_fr"],"url":"https:\/\/www.legalvision.fr\/guides-juridiques\/author\/maxime-ballester\/"}]}},"_links":{"self":[{"href":"https:\/\/www.legalvision.fr\/guides-juridiques\/wp-json\/wp\/v2\/posts\/4918","targetHints":{"allow":["GET"]}}],"collection":[{"href":"https:\/\/www.legalvision.fr\/guides-juridiques\/wp-json\/wp\/v2\/posts"}],"about":[{"href":"https:\/\/www.legalvision.fr\/guides-juridiques\/wp-json\/wp\/v2\/types\/post"}],"author":[{"embeddable":true,"href":"https:\/\/www.legalvision.fr\/guides-juridiques\/wp-json\/wp\/v2\/users\/15"}],"replies":[{"embeddable":true,"href":"https:\/\/www.legalvision.fr\/guides-juridiques\/wp-json\/wp\/v2\/comments?post=4918"}],"version-history":[{"count":30,"href":"https:\/\/www.legalvision.fr\/guides-juridiques\/wp-json\/wp\/v2\/posts\/4918\/revisions"}],"predecessor-version":[{"id":39735,"href":"https:\/\/www.legalvision.fr\/guides-juridiques\/wp-json\/wp\/v2\/posts\/4918\/revisions\/39735"}],"wp:featuredmedia":[{"embeddable":true,"href":"https:\/\/www.legalvision.fr\/guides-juridiques\/wp-json\/wp\/v2\/media\/22621"}],"wp:attachment":[{"href":"https:\/\/www.legalvision.fr\/guides-juridiques\/wp-json\/wp\/v2\/media?parent=4918"}],"wp:term":[{"taxonomy":"category","embeddable":true,"href":"https:\/\/www.legalvision.fr\/guides-juridiques\/wp-json\/wp\/v2\/categories?post=4918"},{"taxonomy":"post_tag","embeddable":true,"href":"https:\/\/www.legalvision.fr\/guides-juridiques\/wp-json\/wp\/v2\/tags?post=4918"}],"curies":[{"name":"wp","href":"https:\/\/api.w.org\/{rel}","templated":true}]}}