{"id":46551,"date":"2024-10-09T16:15:21","date_gmt":"2024-10-09T14:15:21","guid":{"rendered":"https:\/\/www.legalvision.fr\/guides-juridiques\/?p=46551"},"modified":"2024-10-14T10:11:10","modified_gmt":"2024-10-14T08:11:10","slug":"responsabilite-civile-et-penale-du-dirigeant-de-sas","status":"publish","type":"post","link":"https:\/\/www.legalvision.fr\/guides-juridiques\/sas\/responsabilite-civile-et-penale-du-dirigeant-de-sas\/","title":{"rendered":"Responsabilit\u00e9 civile et p\u00e9nale du dirigeant de SAS : ce que vous devez savoir"},"content":{"rendered":"\t\t<div data-elementor-type=\"wp-post\" data-elementor-id=\"46551\" class=\"elementor elementor-46551\" data-elementor-post-type=\"post\">\n\t\t\t\t<div data-particle_enable=\"false\" data-particle-mobile-disabled=\"false\" class=\"elementor-element elementor-element-81066f4 e-flex e-con-boxed e-con e-parent\" data-id=\"81066f4\" data-element_type=\"container\" data-e-type=\"container\">\n\t\t\t\t\t<div class=\"e-con-inner\">\n\t\t\t\t<div class=\"elementor-element elementor-element-5c76194 elementor-widget elementor-widget-text-editor\" data-id=\"5c76194\" data-element_type=\"widget\" data-e-type=\"widget\" data-widget_type=\"text-editor.default\">\n\t\t\t\t<div class=\"elementor-widget-container\">\n\t\t\t\t\t\t\t\t\t<p class=\"p1\"><b>Dans cet article, nous allons explorer la responsabilit\u00e9 du dirigeant d\u2019une SAS, en particulier sa responsabilit\u00e9 p\u00e9nale.<br \/><\/b> Le dirigeant d\u2019une SAS peut \u00eatre tenu civilement ou p\u00e9nalement responsable des fautes commises dans le cadre de sa gestion. Il est crucial de bien comprendre ces aspects lorsque vous <a href=\"https:\/\/www.legalvision.fr\/creation-dentreprise\/creer-une-sas\/\">cr\u00e9ez votre SAS<\/a>.<\/p><p class=\"p1\">La Soci\u00e9t\u00e9 par Actions Simplifi\u00e9e (SAS) est dirig\u00e9e par un pr\u00e9sident, mais il est possible de nommer plusieurs dirigeants, comme un conseil d\u2019administration ou <a href=\"https:\/\/blog.legalvision.fr\/2018\/07\/15\/nomination-du-directeur-general\/\">des directeurs g\u00e9n\u00e9raux<\/a>, si cela est pr\u00e9vu dans les statuts.<\/p><p class=\"p1\">Ces dirigeants disposent de pouvoirs \u00e9tendus, notamment celui de repr\u00e9senter la soci\u00e9t\u00e9, de signer des contrats, d\u2019embaucher du personnel, etc. En raison de ces pouvoirs, ils peuvent engager leur responsabilit\u00e9 en cas de mauvaise gestion.<\/p><p class=\"p1\">Mais c\u2019est surtout la <b>responsabilit\u00e9 p\u00e9nale<\/b> qui est \u00e0 surveiller de pr\u00e8s. En cas d\u2019infraction, le dirigeant de SAS peut \u00eatre poursuivi p\u00e9nalement et faire face \u00e0 des sanctions graves, comme des amendes ou des peines de prison.<\/p><p>Ainsi, comment mettre en \u0153uvre la responsabilit\u00e9 du dirigeant d&rsquo;une SAS ? Le dirigeant de SAS pourra engager d&rsquo;une part<strong>\u00a0sa responsabilit\u00e9 civile<\/strong>\u00a0envers les tiers et envers les associ\u00e9s, et d&rsquo;autre part\u00a0<strong>sa responsabilit\u00e9 p\u00e9nale.<\/strong><\/p><h3>Sommaire :<\/h3><p><strong><a href=\"#III\">I\/ La responsabilit\u00e9 p\u00e9nale du dirigeant<\/a><br \/><\/strong><strong><a href=\"#I\">II\/ La responsabilit\u00e9 civile du dirigeant de SAS envers les associ\u00e9s<\/a><\/strong><br \/><strong> <a href=\"#II\">III\/ La responsabilit\u00e9 civile du dirigeant envers les tiers \u00e0 la soci\u00e9t\u00e9<\/a><\/strong><\/p>\t\t\t\t\t\t\t\t<\/div>\n\t\t\t\t<\/div>\n\t\t\t\t\t<\/div>\n\t\t\t\t<\/div>\n\t\t<div data-particle_enable=\"false\" data-particle-mobile-disabled=\"false\" class=\"elementor-element elementor-element-61d32cf2 e-flex e-con-boxed e-con e-parent\" data-id=\"61d32cf2\" data-element_type=\"container\" data-e-type=\"container\">\n\t\t\t\t\t<div class=\"e-con-inner\">\n\t\t\t\t<div class=\"elementor-element elementor-element-28a91121 elementor-widget elementor-widget-heading\" data-id=\"28a91121\" data-element_type=\"widget\" data-e-type=\"widget\" data-widget_type=\"heading.default\">\n\t\t\t\t<div class=\"elementor-widget-container\">\n\t\t\t\t\t<h2 class=\"elementor-heading-title elementor-size-default\">Nos outils pour vous aider : <\/h2>\t\t\t\t<\/div>\n\t\t\t\t<\/div>\n\t\t\t\t\t<\/div>\n\t\t\t\t<\/div>\n\t\t<div data-particle_enable=\"false\" data-particle-mobile-disabled=\"false\" class=\"elementor-element elementor-element-55313909 e-flex e-con-boxed e-con e-parent\" data-id=\"55313909\" data-element_type=\"container\" data-e-type=\"container\">\n\t\t\t\t\t<div class=\"e-con-inner\">\n\t\t<div data-particle_enable=\"false\" data-particle-mobile-disabled=\"false\" class=\"elementor-element elementor-element-42d4950d e-con-full e-flex e-con e-child\" data-id=\"42d4950d\" data-element_type=\"container\" data-e-type=\"container\">\n\t\t\t\t<div class=\"elementor-element elementor-element-68ce2718 elementor-widget elementor-widget-button\" data-id=\"68ce2718\" data-element_type=\"widget\" data-e-type=\"widget\" data-widget_type=\"button.default\">\n\t\t\t\t<div class=\"elementor-widget-container\">\n\t\t\t\t\t\t\t\t\t<div class=\"elementor-button-wrapper\">\n\t\t\t\t\t<a class=\"elementor-button elementor-button-link elementor-size-sm\" href=\"https:\/\/leonard.fr\/juridique\/creation-entreprise\/creation-dune-sas\/?utm_source=blog&#038;utm_medium=CTA&#038;utm_campaign=responsabilite_civile_penale_dirigeant+&#038;utm_id=creation_SAS_blog\" target=\"_blank\">\n\t\t\t\t\t\t<span class=\"elementor-button-content-wrapper\">\n\t\t\t\t\t\t\t\t\t<span class=\"elementor-button-text\">Cr\u00e9ez votre SAS en ligne<\/span>\n\t\t\t\t\t<\/span>\n\t\t\t\t\t<\/a>\n\t\t\t\t<\/div>\n\t\t\t\t\t\t\t\t<\/div>\n\t\t\t\t<\/div>\n\t\t\t\t<\/div>\n\t\t<div data-particle_enable=\"false\" data-particle-mobile-disabled=\"false\" class=\"elementor-element elementor-element-11acf724 e-con-full e-flex e-con e-child\" data-id=\"11acf724\" data-element_type=\"container\" data-e-type=\"container\">\n\t\t\t\t<div class=\"elementor-element elementor-element-2c9a031f elementor-widget elementor-widget-button\" data-id=\"2c9a031f\" data-element_type=\"widget\" data-e-type=\"widget\" data-widget_type=\"button.default\">\n\t\t\t\t<div class=\"elementor-widget-container\">\n\t\t\t\t\t\t\t\t\t<div class=\"elementor-button-wrapper\">\n\t\t\t\t\t<a class=\"elementor-button elementor-button-link elementor-size-sm\" href=\"https:\/\/meetings.hubspot.com\/global\/leonard-rendez-vous-gratuit-avec-un-juriste?utm_source=blog&#038;utm_medium=CTA&#038;utm_campaign=responsabilite_civile_penale_dirigeant+&#038;utm_id=creation_SAS_blog\" target=\"_blank\">\n\t\t\t\t\t\t<span class=\"elementor-button-content-wrapper\">\n\t\t\t\t\t\t\t\t\t<span class=\"elementor-button-text\">Soyez rappel\u00e9 par un juriste gratuitement<\/span>\n\t\t\t\t\t<\/span>\n\t\t\t\t\t<\/a>\n\t\t\t\t<\/div>\n\t\t\t\t\t\t\t\t<\/div>\n\t\t\t\t<\/div>\n\t\t\t\t<\/div>\n\t\t<div data-particle_enable=\"false\" data-particle-mobile-disabled=\"false\" class=\"elementor-element elementor-element-651c09e2 e-con-full e-flex e-con e-child\" data-id=\"651c09e2\" data-element_type=\"container\" data-e-type=\"container\">\n\t\t\t\t<div class=\"elementor-element elementor-element-64770831 elementor-widget elementor-widget-button\" data-id=\"64770831\" data-element_type=\"widget\" data-e-type=\"widget\" data-widget_type=\"button.default\">\n\t\t\t\t<div class=\"elementor-widget-container\">\n\t\t\t\t\t\t\t\t\t<div class=\"elementor-button-wrapper\">\n\t\t\t\t\t<a class=\"elementor-button elementor-button-link elementor-size-sm\" href=\"https:\/\/www.legalvision.fr\/guides-juridiques\/wp-admin\/post.php?post=12778&#038;action=elementor&#038;utm_source=blog&#038;utm_medium=CTA&#038;utm_campaign=responsabilite_civile_penale_dirigeant+&#038;utm_id=creation_SAS_blog\" target=\"_blank\">\n\t\t\t\t\t\t<span class=\"elementor-button-content-wrapper\">\n\t\t\t\t\t\t\t\t\t<span class=\"elementor-button-text\">Obtenez votre annonce l\u00e9gale<\/span>\n\t\t\t\t\t<\/span>\n\t\t\t\t\t<\/a>\n\t\t\t\t<\/div>\n\t\t\t\t\t\t\t\t<\/div>\n\t\t\t\t<\/div>\n\t\t\t\t<\/div>\n\t\t\t\t\t<\/div>\n\t\t\t\t<\/div>\n\t\t<div data-particle_enable=\"false\" data-particle-mobile-disabled=\"false\" class=\"elementor-element elementor-element-b72d337 e-grid e-con-boxed e-con e-parent\" data-id=\"b72d337\" data-element_type=\"container\" data-e-type=\"container\">\n\t\t\t\t\t<div class=\"e-con-inner\">\n\t\t\t\t<div class=\"elementor-element elementor-element-bda7552 dce_masking-none elementor-widget elementor-widget-image\" data-id=\"bda7552\" data-element_type=\"widget\" data-e-type=\"widget\" data-widget_type=\"image.default\">\n\t\t\t\t<div class=\"elementor-widget-container\">\n\t\t\t\t\t\t\t\t\t\t\t\t\t\t\t<img fetchpriority=\"high\" decoding=\"async\" width=\"375\" height=\"250\" src=\"https:\/\/www.legalvision.fr\/guides-juridiques\/wp-content\/uploads\/2024\/10\/Article-blog-responsabilite-penale-dirigeant-_1_.webp\" class=\"attachment-large size-large wp-image-46575\" alt=\"\" srcset=\"https:\/\/www.legalvision.fr\/guides-juridiques\/wp-content\/uploads\/2024\/10\/Article-blog-responsabilite-penale-dirigeant-_1_.webp 375w, https:\/\/www.legalvision.fr\/guides-juridiques\/wp-content\/uploads\/2024\/10\/Article-blog-responsabilite-penale-dirigeant-_1_-300x200.webp 300w\" sizes=\"(max-width: 375px) 100vw, 375px\" style=\"width:100%;height:66.67%;max-width:375px\" \/>\t\t\t\t\t\t\t\t\t\t\t\t\t\t\t<\/div>\n\t\t\t\t<\/div>\n\t\t\t\t\t<\/div>\n\t\t\t\t<\/div>\n\t\t\t\t<section data-particle_enable=\"false\" data-particle-mobile-disabled=\"false\" class=\"elementor-section elementor-top-section elementor-element elementor-element-742c1906 elementor-section-boxed elementor-section-height-default elementor-section-height-default\" data-id=\"742c1906\" data-element_type=\"section\" data-e-type=\"section\">\n\t\t\t\t\t\t<div class=\"elementor-container elementor-column-gap-default\">\n\t\t\t\t\t<div class=\"elementor-column elementor-col-100 elementor-top-column elementor-element elementor-element-79ac990b\" data-id=\"79ac990b\" data-element_type=\"column\" data-e-type=\"column\">\n\t\t\t<div class=\"elementor-widget-wrap elementor-element-populated\">\n\t\t\t\t\t\t<div class=\"elementor-element elementor-element-1c313ba0 elementor-widget elementor-widget-text-editor\" data-id=\"1c313ba0\" data-element_type=\"widget\" data-e-type=\"widget\" data-widget_type=\"text-editor.default\">\n\t\t\t\t<div class=\"elementor-widget-container\">\n\t\t\t\t\t\t\t\t\t<h2 id=\"III\">I\/ La responsabilit\u00e9 p\u00e9nale du dirigeant<\/h2><p>La particularit\u00e9 de la responsabilit\u00e9 p\u00e9nale est de fixer \u00e0 l&rsquo;avance des types d&rsquo;infractions. Ainsi, vous n&rsquo;engagerez votre responsabilit\u00e9 que si vous remplissez toutes les conditions pr\u00e9vues dans ces infractions.<\/p><h3>A) L&rsquo;abus de biens sociaux<\/h3><p>Tout d&rsquo;abord, l&rsquo;<strong>abus de bien sociaux<\/strong> est un des principaux d\u00e9lits que peut commettre le\u00a0dirigeant d&rsquo;une SAS. En effet, on peut r\u00e9sumer l\u2019abus de biens sociaux par le fait, pour le dirigeant, de commettre :<\/p><ul><li style=\"list-style-type: none;\"><ul><li style=\"list-style-type: none;\"><ul><li>des actes contraires \u00e0 l\u2019int\u00e9r\u00eat social,<\/li><li>dans son propre int\u00e9r\u00eat,<\/li><li>en utilisant les moyens de la soci\u00e9t\u00e9.<\/li><\/ul><\/li><\/ul><\/li><\/ul><p>Par exemple, un abus de biens sociaux sera caract\u00e9ris\u00e9 si le dirigeant utilise l&rsquo;argent de la soci\u00e9t\u00e9 \u00e0 des fins personnelles. Il sera \u00e9galement caract\u00e9ris\u00e9 s&rsquo;il use de son pouvoir dans la soci\u00e9t\u00e9 pour conclure un contrat avec l&rsquo;un de ses\u00a0proches, alors que la soci\u00e9t\u00e9 aurait pu conclure un contrat plus avantageux avec un autre partenaire.<\/p><p>Les<strong> sanctions<\/strong> sont de <strong>5 ans<\/strong> d\u2019emprisonnement et <strong>375 000<\/strong> euros d\u2019amende.\u00a0De surcro\u00eet, elles\u00a0seront de 7 ans d\u2019emprisonnement et 500 000 euros d\u2019amende\u00a0si le dirigeant commet ces infractions en se servant d&rsquo;organismes \u00e9tablis \u00e0 l&rsquo;\u00e9tranger.<\/p><p>L&rsquo;abus de biens sociaux est \u00e9galement un motif pour op\u00e9rer la <a href=\"https:\/\/blog.legalvision.fr\/2018\/11\/08\/revocation-du-dirigeant-president\/\">r\u00e9vocation\u00a0du dirigeant<\/a>.<\/p><h3>\u00a0<\/h3><h3>B) Les autres incriminations p\u00e9nales<\/h3><p>Les autres incriminations p\u00e9nales pr\u00e9vues par le <a href=\"https:\/\/www.legifrance.gouv.fr\/affichCodeArticle.do;jsessionid=E99E395515DF83C373BBF054EC20DFF8.tplgfr35s_2?idArticle=LEGIARTI000028312097&amp;cidTexte=LEGITEXT000005634379&amp;dateTexte=20190329&amp;categorieLien=id&amp;oldAction=&amp;nbResultRech=\">Code de commerce<\/a> sont les suivantes :<\/p><ul><li style=\"list-style-type: none;\"><ul><li style=\"list-style-type: none;\"><ul><li>Le dirigeant d&rsquo;une SAS\u00a0op\u00e8re\u00a0une <strong>r\u00e9partition de dividendes fictifs<\/strong>, en l&rsquo;absence d&rsquo;inventaire ou au moyen d&rsquo;un inventaire frauduleux.<\/li><li>Le dirigeant pr\u00e9sente aux associ\u00e9s des <strong>comptes annuels ne donnant pas une image fid\u00e8le du r\u00e9sultat<\/strong> des op\u00e9rations de l&rsquo;exercice, de la situation financi\u00e8re et du patrimoine en vue de dissimuler la v\u00e9ritable situation de la soci\u00e9t\u00e9.<\/li><\/ul><\/li><\/ul><\/li><\/ul><p>Par exemple, cette infraction est caract\u00e9ris\u00e9e si le dirigeant produit un compte de r\u00e9sultat et\/ou un bilan fauss\u00e9 en indiquant plus de b\u00e9n\u00e9fices que ceux effectivement r\u00e9alis\u00e9s.<\/p><p>Ces incriminations sont passibles d&rsquo;une peine de<strong>\u00a05 ans<\/strong> d\u2019emprisonnement et d&rsquo;une amende de <strong>375 000 euros<\/strong>. De telles sanctions p\u00e9nales sont aussi suivies d&rsquo;un <a href=\"https:\/\/blog.legalvision.fr\/2018\/05\/28\/changement-de-dirigeant\/\">changement de dirigeant<\/a>.<br \/><!-- end HubSpot Call-to-Action Code --><\/p><h3>C) Les fondements de la responsabilit\u00e9 p\u00e9nale du dirigeant<\/h3><p>Bien que la SAS soit une personne morale distincte de la personne physique, les pr\u00e9sidents ou directeurs g\u00e9n\u00e9raux peuvent \u00eatre tenus responsables \u00e0 titre individuel. C&rsquo;est notamment au titre des actes ill\u00e9gaux pass\u00e9s en lien avec la soci\u00e9t\u00e9 qu&rsquo;ils peuvent \u00eatre d\u00e9clar\u00e9s p\u00e9nalement responsables.<\/p><p>Cette responsabilit\u00e9 repose sur le principe que chacun est responsable de ses actes. Le Droit p\u00e9nal des affaires, est la branche du Droit p\u00e9nal qui sanctionne d\u2019une part les atteintes \u00e0 l\u2019ordre financier, \u00e9conomique, social et \u00e9cologique. D\u2019autre part, les atteintes \u00e0 la propri\u00e9t\u00e9, confiance, int\u00e9grit\u00e9 physique des personnes lorsque l\u2019auteur a agi dans le cadre d\u2019une entreprise soit pour le compte de celle-ci, soit pour son propre compte si le m\u00e9canisme de l\u2019infraction est li\u00e9 \u00e0 l\u2019existence de pouvoirs de d\u00e9cision essentiels \u00e0 la vie de l\u2019entreprise.\u00a0<\/p><p>L&rsquo;article 121-1 du Code P\u00e9nal pr\u00e9cise que nul n\u2019est p\u00e9nalement responsable que de son propre fait. Mais en raison de la\u00a0<strong>th\u00e9orie du pouvoir : <\/strong>si le chef d\u2019entreprise est responsable p\u00e9nalement c\u2019est qu\u2019en raison de ses pouvoirs (pouvoirs de direction et le pouvoir disciplinaire) il dispose de l\u2019autorit\u00e9 au sein de son entreprise. Il a le pouvoir de pr\u00e9venir toute infraction ou tout dommage et si une infraction ou un dommage survient. C\u2019est parce qu\u2019il aura commis lui-m\u00eame une faute et n\u2019aura pas respect\u00e9 ses propres obligations en n\u2019exer\u00e7ant pas ses pouvoirs. Ainsi, il est fortement recommand\u00e9 de se faire accompagner par un <a href=\"https:\/\/goldwin-avocats.com\/fr\/nos-competences-categorie\/avocat-droit-penal-paris\/\">avocat en droit p\u00e9nal<\/a> lorsque votre\u00a0<strong>responsabilit\u00e9 p\u00e9nale<\/strong>\u00a0est engag\u00e9e.<\/p><h3>D) Les causes d&rsquo;exon\u00e9ration du chef d&rsquo;entreprise<\/h3><h4>1) La d\u00e9l\u00e9gation de pouvoir<\/h4><p><strong>Principe :\u00a0<\/strong>Le chef d&rsquo;entreprise peut s\u2019exon\u00e9rer de sa responsabilit\u00e9 au moyen de la d\u00e9l\u00e9gation de ses pouvoirs en mati\u00e8re d&rsquo;hygi\u00e8ne et de s\u00e9curit\u00e9 (Arr\u00eat de la chambre criminelle du 18 juin 1902).\u00a0<\/p><p>C\u2019est un m\u00e9canisme qui entra\u00eene un transfert de pouvoirs et donc de responsabilit\u00e9.<\/p><p>La jurisprudence n\u2019admet la d\u00e9l\u00e9gation que lorsqu\u2019elle est <strong><u>n\u00e9cessaire\u00a0<\/u><\/strong>: cela revient \u00e0 rechercher qu\u2019il n\u2019avait pas le pouvoir de veiller lui-m\u00eame au respect de la r\u00e9glementation par ses salari\u00e9s. La responsabilit\u00e9 est li\u00e9e soit \u00e0 la taille de l\u2019entreprise, soit \u00e0 la complexit\u00e9 et technicit\u00e9 de l\u2019activit\u00e9.<\/p><h4>2) La faute de la victime<\/h4><p><strong>Principe<\/strong> : Elle n\u2019est exon\u00e9ratoire que si elle est exclusive du chef d\u2019entreprise (Chambre criminelle, 12 novembre 2014).<\/p><p><strong>L&rsquo;arr\u00eat de la chambre criminelle du 30 mars 2016, n\u00b015-80.740 pr\u00e9cise que<\/strong> l\u2019\u00e9ventuelle faute de la victime, \u00e0 la supposer d\u00e9montr\u00e9e, ne peut \u00eatre la cause exclusive de l\u2019accident en <strong>cas de violation manifestement d\u00e9lib\u00e9r\u00e9e<\/strong>.<\/p><h2 id=\"I\">II\/ La responsabilit\u00e9 civile du dirigeant de SAS envers les associ\u00e9s<\/h2><p>La responsabilit\u00e9 du dirigeant d&rsquo;une SAS peut \u00eatre une responsabilit\u00e9 civile. Comment les associ\u00e9s peuvent la mettre en \u0153uvre ? Quelles sont les proc\u00e9dures judiciaires permettant de condamner le dirigeant ?<\/p><p>De plus, il faut distinguer la responsabilit\u00e9 du dirigeant de la SAS de la <a href=\"https:\/\/blog.legalvision.fr\/2019\/03\/11\/responsabilite-des-associes-d-une-sas\/\">responsabilit\u00e9 des associ\u00e9s de la SAS<\/a>.<\/p><h3>\u00a0<\/h3><h3>A) Dans quels cas le dirigeant d&rsquo;une SAS est-il responsable civilement ?<\/h3><p>La responsabilit\u00e9 civile du dirigeant de SAS signifie que vous devez<strong> indemniser la victime<\/strong> si vous commettez une faute. Mais ce n&rsquo;est pas n&rsquo;importe quel type de faute. Il y en a 3 :<\/p><ul><li>violation des <a href=\"https:\/\/blog.legalvision.fr\/2018\/12\/21\/statut-societe-tout-savoir\/\">statuts\u00a0de la soci\u00e9t\u00e9<\/a>,<\/li><li>violation des dispositions l\u00e9gales ou r\u00e9glementaires,<\/li><li>faute de gestion.<\/li><\/ul><p>Le <a href=\"https:\/\/blog.legalvision.fr\/2018\/05\/23\/statut-sas\/\">statut de\u00a0SAS<\/a>\u00a0conna\u00eet peu de <strong>dispositions l\u00e9gales imp\u00e9ratives.<\/strong> Mais en cas de violation de celles-ci par le dirigeant,\u00a0il\u00a0devra indemniser les victimes. Par exemple,\u00a0l\u2019omission de la convocation des assembl\u00e9es d\u2019associ\u00e9s viole une obligation l\u00e9gale.<\/p><p>Ensuite, par exemple, si les statuts pr\u00e9voient pour certains contrats que le pr\u00e9sident doit consulter les associ\u00e9s en AGE avant de les signer, l&rsquo;absence de convocation d&rsquo;une telle AGE sera une<strong>\u00a0violation des statuts<\/strong>. Le pr\u00e9sident pourra engager sa responsabilit\u00e9 civile envers les associ\u00e9s. La <a href=\"https:\/\/www.courdecassation.fr\/jurisprudence_2\/chambre_commerciale_financiere_economique_574\/553_18_16270.html\">jurisprudence<\/a> admet que la d\u00e9cision prise par le dirigeant sera tout de m\u00eame valable. La seule solution des associ\u00e9s sera d&rsquo;agir en responsabilit\u00e9 du dirigeant devant le juge.<\/p><p>Enfin, comment caract\u00e9riser la <strong>faute de gestion<\/strong> ? Il y a faute de gestion dans les cas suivants :<\/p><ul><li>d\u00e9faut de surveillance ou n\u00e9gligence du g\u00e9rant,<\/li><li>d\u00e9sint\u00e9ressement du g\u00e9rant des affaires courantes de la soci\u00e9t\u00e9 ou mauvais r\u00e9sultat de gestion,<\/li><li>r\u00e9mun\u00e9ration excessive du\u00a0dirigeant,<\/li><li>manquement au devoir de loyaut\u00e9 du g\u00e9rant envers les associ\u00e9s.<\/li><\/ul><p>Selon la <a href=\"https:\/\/www.legifrance.gouv.fr\/affichJuriJudi.do?idTexte=JURITEXT000007124708\">jurisprudence<\/a>, le d\u00e9sint\u00e9ressement peut \u00eatre caract\u00e9ris\u00e9 par\u00a0le fait de n&rsquo;avoir \u00e9t\u00e9 pr\u00e9sent au si\u00e8ge de l&rsquo;entreprise qu&rsquo;un jour par semaine, en d\u00e9l\u00e9guant la plupart de ses pouvoirs \u00e0 des collaborateurs que le dirigeant savait incomp\u00e9tents.<\/p><h3>\u00a0<\/h3><h3>B) Quelle est la\u00a0proc\u00e9dure de mise en jeu de la responsabilit\u00e9 du\u00a0dirigeant d&rsquo;une SAS ?<\/h3><p>Pour mettre en jeu la responsabilit\u00e9 du dirigeant d&rsquo;une SAS, les associ\u00e9s devront mettre en \u0153uvre une action sociale ou une action personnelle.<\/p><p><strong>L&rsquo;action sociale<\/strong> est mise en \u0153uvre quand la soci\u00e9t\u00e9 a subi un pr\u00e9judice.<strong>\u00a0<\/strong>Il y a deux types d&rsquo;actions sociales. L&rsquo;action <em>ut universi<\/em> et l&rsquo;action <em>ut singuli<\/em>.<\/p><div><strong>L&rsquo;action <em>ut universi<\/em><\/strong> est exerc\u00e9e par la soci\u00e9t\u00e9 contre le dirigeant. Donc en pratique, elle est exerc\u00e9e par le dirigeant contre lui-m\u00eame. Par cons\u00e9quent, elle est souvent inefficace car le dirigeant ne voudra pas exercer une action en justice contre lui-m\u00eame. C&rsquo;est pourquoi l&rsquo;action <em>ut singuli<\/em> existe. <strong>L&rsquo;action <em>ut singuli<\/em><\/strong> est exerc\u00e9e par un associ\u00e9 pour le compte de la soci\u00e9t\u00e9.\u00a0Cependant,\u00a0l&rsquo;action <em>ut singuli<\/em> est subsidiaire : il faut d&rsquo;abord tenter d&rsquo;exercer l&rsquo;action <em>ut universi<\/em>.<\/div><p>Ensuite,\u00a0<strong>l&rsquo;action personnelle<\/strong> pourra \u00eatre mise en \u0153uvre lorsque les associ\u00e9s pensent avoir subi un<strong> pr\u00e9judice personnel<\/strong> \u00e0 cause du dirigeant. Ce pr\u00e9judice doit \u00eatre distinct du pr\u00e9judice subi par la soci\u00e9t\u00e9. Par exemple, si les associ\u00e9s ach\u00e8tent des actions et les conservent en raison de fausses informations diffus\u00e9es par les dirigeants, ils subissent un pr\u00e9judice personnel.<\/p><p>En outre, dans les cas o\u00f9 la responsabilit\u00e9 du dirigeant d&rsquo;une SAS est engag\u00e9e, les associ\u00e9s pourront parfaitement d\u00e9cider de <a href=\"https:\/\/www.legalvision.fr\/modification-statuts\/changement-president-sas\/\">changer le dirigeant de la SAS<\/a>.<\/p><p>Enfin, la <a href=\"https:\/\/blog.legalvision.fr\/2018\/04\/20\/sasu-definition\/\"><strong>SASU<\/strong><\/a> (soci\u00e9t\u00e9 par actions simplifi\u00e9e \u00e0 associ\u00e9 unique) a la particularit\u00e9 de n&rsquo;avoir qu&rsquo;un seul associ\u00e9. Par cons\u00e9quent, si le dirigeant de la SASU est \u00e9galement l&rsquo;associ\u00e9 unique, les actions mentionn\u00e9es ci-dessus ont peu de chances d&rsquo;\u00eatre exerc\u00e9es. Ce peut \u00eatre l&rsquo;un des avantages pour <a href=\"https:\/\/www.legalvision.fr\/creation-dentreprise\/creer-une-sasu\/\">cr\u00e9er une SASU<\/a>.<\/p><h2 id=\"II\">\u00a0<\/h2><h2 id=\"II\">III\/ La responsabilit\u00e9 civile du dirigeant envers les tiers \u00e0 la soci\u00e9t\u00e9<\/h2><p>Ainsi, les tiers \u00e0 la soci\u00e9t\u00e9 peuvent mettre en \u0153uvre la responsabilit\u00e9 du dirigeant d&rsquo;une SAS. Les tiers sont toutes les personnes qui ont contract\u00e9 ou ont eu des relations avec la soci\u00e9t\u00e9 et qui ne sont pas associ\u00e9s de la soci\u00e9t\u00e9.<\/p><h3>\u00a0<\/h3><h3>A) Le\u00a0principe : mise en jeu de la responsabilit\u00e9 de la soci\u00e9t\u00e9<\/h3><div>La soci\u00e9t\u00e9 est personnellement responsable de la <strong>mauvaise ex\u00e9cution ou de l\u2019inex\u00e9cution du contrat<\/strong> qui a \u00e9t\u00e9 pass\u00e9 en son nom. Ainsi, un cocontractant pourra agir en responsabilit\u00e9 pour faute de la soci\u00e9t\u00e9 si celle-ci n\u2019ex\u00e9cute pas son contrat.<\/div><div>\u00a0<\/div><div>Par ailleurs, si la soci\u00e9t\u00e9 est condamn\u00e9e pour un montant tr\u00e8s \u00e9lev\u00e9, cela pourra aboutir \u00e0 une <a href=\"https:\/\/www.legalvision.fr\/liquidation-sas\/\">liquidation de votre SAS<\/a>\u00a0ou une <a href=\"https:\/\/www.legalvision.fr\/dissolution-sasu\/\">dissolution de\u00a0votre SASU<\/a>.<\/div><div>\u00a0<\/div><div>Pour diverses raisons, le tiers pourra vouloir<strong> engager la responsabilit\u00e9 du dirigeant,<\/strong> sans demander au pr\u00e9alable la responsabilit\u00e9 de la soci\u00e9t\u00e9. Nous allons donc voir quelles sont les conditions d&rsquo;une telle action.<\/div><h3>\u00a0<\/h3><h3>B) L&rsquo;exception : mise en jeu de la responsabilit\u00e9 du dirigeant d&rsquo;une SAS<\/h3><p>Les tiers pourront souhaiter de mettre en \u0153uvre directement la responsabilit\u00e9 du dirigeant d&rsquo;une SAS. Pour cela, ils devront prouver une <strong>faute d\u00e9tachable des <a href=\"https:\/\/blog.legalvision.fr\/2018\/05\/10\/statut-de-president-sasu\/\">fonctions du dirigeant\u00a0d&rsquo;une SAS<\/a><\/strong>. Or, cette faute d\u00e9tachable est caract\u00e9ris\u00e9e comme :<\/p><ul><li>une faute intentionnelle ;<\/li><li>d&rsquo;une gravit\u00e9 particuli\u00e8re ;<\/li><li>incompatible avec l&rsquo;exercice des fonctions du dirigeant.<\/li><\/ul><p>Voici deux exemples de faute d\u00e9tachable des fonctions du dirigeant :<\/p><ul><li style=\"list-style-type: none;\"><ul><li>le dirigeant vend une voiture alors que cette voiture fait l&rsquo;objet d&rsquo;une clause de r\u00e9serve de propri\u00e9t\u00e9, et que par cons\u00e9quent, elle n&rsquo;appartient pas encore \u00e0 la soci\u00e9t\u00e9 que dirige le dirigeant.<\/li><li>le dirigeant ex\u00e9cute des travaux n\u2019entrant pas dans l\u2019objet social, et n\u2019a pas souscrit l\u2019assurance obligatoire ad\u00e9quate.<\/li><\/ul><\/li><\/ul><h2 id=\"III\">\u00a0<\/h2>\t\t\t\t\t\t\t\t<\/div>\n\t\t\t\t<\/div>\n\t\t\t\t<div class=\"elementor-element elementor-element-f3943a9 elementor-align-center elementor-widget elementor-widget-button\" data-id=\"f3943a9\" data-element_type=\"widget\" data-e-type=\"widget\" data-widget_type=\"button.default\">\n\t\t\t\t<div class=\"elementor-widget-container\">\n\t\t\t\t\t\t\t\t\t<div class=\"elementor-button-wrapper\">\n\t\t\t\t\t<a class=\"elementor-button elementor-button-link elementor-size-sm\" href=\"https:\/\/leonard.fr\/juridique\/creation-entreprise\/creation-dune-sas\/?utm_source=blog&#038;utm_medium=CTA&#038;utm_campaign=responsabilite_civile_penale_dirigeant+&#038;utm_id=creation_SAS_blog\">\n\t\t\t\t\t\t<span class=\"elementor-button-content-wrapper\">\n\t\t\t\t\t\t\t\t\t<span class=\"elementor-button-text\">Cr\u00e9ez votre SAS en ligne<\/span>\n\t\t\t\t\t<\/span>\n\t\t\t\t\t<\/a>\n\t\t\t\t<\/div>\n\t\t\t\t\t\t\t\t<\/div>\n\t\t\t\t<\/div>\n\t\t\t\t\t<\/div>\n\t\t<\/div>\n\t\t\t\t\t<\/div>\n\t\t<\/section>\n\t\t\t\t<\/div>\n\t\t","protected":false},"excerpt":{"rendered":"<p>Dans cet article, nous allons explorer la responsabilit\u00e9 du dirigeant d\u2019une SAS, en particulier sa responsabilit\u00e9 p\u00e9nale. Le dirigeant d\u2019une SAS peut \u00eatre tenu civilement ou p\u00e9nalement responsable des fautes commises dans le cadre de sa gestion. Il est crucial de bien comprendre ces aspects lorsque vous cr\u00e9ez votre SAS. La Soci\u00e9t\u00e9 par Actions Simplifi\u00e9e&hellip; <a class=\"more-link\" href=\"https:\/\/www.legalvision.fr\/guides-juridiques\/sas\/responsabilite-civile-et-penale-du-dirigeant-de-sas\/\">Poursuivre la lecture <span class=\"screen-reader-text\">Responsabilit\u00e9 civile et p\u00e9nale du dirigeant de SAS : ce que vous devez savoir<\/span><\/a><\/p>\n","protected":false},"author":82,"featured_media":24260,"comment_status":"open","ping_status":"open","sticky":false,"template":"","format":"standard","meta":{"content-type":"","inline_featured_image":false,"footnotes":""},"categories":[2498],"tags":[],"class_list":["post-46551","post","type-post","status-publish","format-standard","has-post-thumbnail","hentry","category-sas","entry"],"yoast_head":"<!-- This site is optimized with the Yoast SEO plugin v27.1.1 - https:\/\/yoast.com\/product\/yoast-seo-wordpress\/ -->\n<title>Responsabilit\u00e9 civile et p\u00e9nale du dirigeant de SAS<\/title>\n<meta name=\"description\" content=\"La responsabilit\u00e9 du dirigeant de SAS peut \u00eatre mise en cause sur le plan civil et p\u00e9nal. Comment r\u00e9duire votre responsabilit\u00e9\u00a0et se prot\u00e9ger ?\" \/>\n<meta name=\"robots\" content=\"index, follow, max-snippet:-1, max-image-preview:large, max-video-preview:-1\" \/>\n<link rel=\"canonical\" href=\"https:\/\/www.legalvision.fr\/guides-juridiques\/sas\/responsabilite-civile-et-penale-du-dirigeant-de-sas\/\" \/>\n<meta property=\"og:locale\" content=\"fr_FR\" \/>\n<meta property=\"og:type\" content=\"article\" \/>\n<meta property=\"og:title\" content=\"Responsabilit\u00e9 civile et p\u00e9nale du dirigeant de SAS\" \/>\n<meta property=\"og:description\" content=\"La responsabilit\u00e9 du dirigeant de SAS peut \u00eatre mise en cause sur le plan civil et p\u00e9nal. Comment r\u00e9duire votre responsabilit\u00e9\u00a0et se prot\u00e9ger ?\" \/>\n<meta property=\"og:url\" content=\"https:\/\/www.legalvision.fr\/guides-juridiques\/sas\/responsabilite-civile-et-penale-du-dirigeant-de-sas\/\" \/>\n<meta property=\"og:site_name\" content=\"Guides juridiques\" \/>\n<meta property=\"article:published_time\" content=\"2024-10-09T14:15:21+00:00\" \/>\n<meta property=\"article:modified_time\" content=\"2024-10-14T08:11:10+00:00\" \/>\n<meta property=\"og:image\" content=\"https:\/\/www.legalvision.fr\/guides-juridiques\/wp-content\/uploads\/2019\/04\/responsabilit\u00e9-du-dirigeant-dune-SAS.jpg\" \/>\n\t<meta property=\"og:image:width\" content=\"958\" \/>\n\t<meta property=\"og:image:height\" content=\"350\" \/>\n\t<meta property=\"og:image:type\" content=\"image\/jpeg\" \/>\n<meta name=\"author\" content=\"Alexis EGRON\" \/>\n<meta name=\"twitter:card\" content=\"summary_large_image\" \/>\n<meta name=\"twitter:label1\" content=\"\u00c9crit par\" \/>\n\t<meta name=\"twitter:data1\" content=\"Alexis EGRON\" \/>\n\t<meta name=\"twitter:label2\" content=\"Dur\u00e9e de lecture estim\u00e9e\" \/>\n\t<meta name=\"twitter:data2\" content=\"10 minutes\" \/>\n<script type=\"application\/ld+json\" class=\"yoast-schema-graph\">{\"@context\":\"https:\/\/schema.org\",\"@graph\":[{\"@type\":\"Article\",\"@id\":\"https:\/\/www.legalvision.fr\/guides-juridiques\/sas\/responsabilite-civile-et-penale-du-dirigeant-de-sas\/#article\",\"isPartOf\":{\"@id\":\"https:\/\/www.legalvision.fr\/guides-juridiques\/sas\/responsabilite-civile-et-penale-du-dirigeant-de-sas\/\"},\"author\":{\"name\":\"Alexis EGRON\",\"@id\":\"https:\/\/www.legalvision.fr\/guides-juridiques\/#\/schema\/person\/f48d20c7ff987792f23a2ee1c371edf5\"},\"headline\":\"Responsabilit\u00e9 civile et p\u00e9nale du dirigeant de SAS : ce que vous devez savoir\",\"datePublished\":\"2024-10-09T14:15:21+00:00\",\"dateModified\":\"2024-10-14T08:11:10+00:00\",\"mainEntityOfPage\":{\"@id\":\"https:\/\/www.legalvision.fr\/guides-juridiques\/sas\/responsabilite-civile-et-penale-du-dirigeant-de-sas\/\"},\"wordCount\":2187,\"commentCount\":0,\"publisher\":{\"@id\":\"https:\/\/www.legalvision.fr\/guides-juridiques\/#organization\"},\"image\":{\"@id\":\"https:\/\/www.legalvision.fr\/guides-juridiques\/sas\/responsabilite-civile-et-penale-du-dirigeant-de-sas\/#primaryimage\"},\"thumbnailUrl\":\"https:\/\/www.legalvision.fr\/guides-juridiques\/wp-content\/uploads\/2019\/04\/responsabilit\u00e9-du-dirigeant-dune-SAS.jpg\",\"articleSection\":[\"SAS\"],\"inLanguage\":\"fr-FR\",\"potentialAction\":[{\"@type\":\"CommentAction\",\"name\":\"Comment\",\"target\":[\"https:\/\/www.legalvision.fr\/guides-juridiques\/sas\/responsabilite-civile-et-penale-du-dirigeant-de-sas\/#respond\"]}]},{\"@type\":\"WebPage\",\"@id\":\"https:\/\/www.legalvision.fr\/guides-juridiques\/sas\/responsabilite-civile-et-penale-du-dirigeant-de-sas\/\",\"url\":\"https:\/\/www.legalvision.fr\/guides-juridiques\/sas\/responsabilite-civile-et-penale-du-dirigeant-de-sas\/\",\"name\":\"Responsabilit\u00e9 civile et p\u00e9nale du dirigeant de SAS\",\"isPartOf\":{\"@id\":\"https:\/\/www.legalvision.fr\/guides-juridiques\/#website\"},\"primaryImageOfPage\":{\"@id\":\"https:\/\/www.legalvision.fr\/guides-juridiques\/sas\/responsabilite-civile-et-penale-du-dirigeant-de-sas\/#primaryimage\"},\"image\":{\"@id\":\"https:\/\/www.legalvision.fr\/guides-juridiques\/sas\/responsabilite-civile-et-penale-du-dirigeant-de-sas\/#primaryimage\"},\"thumbnailUrl\":\"https:\/\/www.legalvision.fr\/guides-juridiques\/wp-content\/uploads\/2019\/04\/responsabilit\u00e9-du-dirigeant-dune-SAS.jpg\",\"datePublished\":\"2024-10-09T14:15:21+00:00\",\"dateModified\":\"2024-10-14T08:11:10+00:00\",\"description\":\"La responsabilit\u00e9 du dirigeant de SAS peut \u00eatre mise en cause sur le plan civil et p\u00e9nal. Comment r\u00e9duire votre responsabilit\u00e9\u00a0et se prot\u00e9ger ?\",\"breadcrumb\":{\"@id\":\"https:\/\/www.legalvision.fr\/guides-juridiques\/sas\/responsabilite-civile-et-penale-du-dirigeant-de-sas\/#breadcrumb\"},\"inLanguage\":\"fr-FR\",\"potentialAction\":[{\"@type\":\"ReadAction\",\"target\":[\"https:\/\/www.legalvision.fr\/guides-juridiques\/sas\/responsabilite-civile-et-penale-du-dirigeant-de-sas\/\"]}]},{\"@type\":\"ImageObject\",\"inLanguage\":\"fr-FR\",\"@id\":\"https:\/\/www.legalvision.fr\/guides-juridiques\/sas\/responsabilite-civile-et-penale-du-dirigeant-de-sas\/#primaryimage\",\"url\":\"https:\/\/www.legalvision.fr\/guides-juridiques\/wp-content\/uploads\/2019\/04\/responsabilit\u00e9-du-dirigeant-dune-SAS.jpg\",\"contentUrl\":\"https:\/\/www.legalvision.fr\/guides-juridiques\/wp-content\/uploads\/2019\/04\/responsabilit\u00e9-du-dirigeant-dune-SAS.jpg\",\"width\":958,\"height\":350,\"caption\":\"responsabilit\u00e9 du dirigeant d'une SAS\"},{\"@type\":\"BreadcrumbList\",\"@id\":\"https:\/\/www.legalvision.fr\/guides-juridiques\/sas\/responsabilite-civile-et-penale-du-dirigeant-de-sas\/#breadcrumb\",\"itemListElement\":[{\"@type\":\"ListItem\",\"position\":1,\"name\":\"Accueil\",\"item\":\"https:\/\/www.legalvision.fr\/guides-juridiques\/\"},{\"@type\":\"ListItem\",\"position\":2,\"name\":\"SAS\",\"item\":\"https:\/\/www.legalvision.fr\/guides-juridiques\/sas\/\"},{\"@type\":\"ListItem\",\"position\":3,\"name\":\"Responsabilit\u00e9 civile et p\u00e9nale du dirigeant de SAS : ce que vous devez savoir\"}]},{\"@type\":\"WebSite\",\"@id\":\"https:\/\/www.legalvision.fr\/guides-juridiques\/#website\",\"url\":\"https:\/\/www.legalvision.fr\/guides-juridiques\/\",\"name\":\"Guides juridiques\",\"description\":\"L&#039;information juridique \u00e0 destination des entreprises et TPE\",\"publisher\":{\"@id\":\"https:\/\/www.legalvision.fr\/guides-juridiques\/#organization\"},\"potentialAction\":[{\"@type\":\"SearchAction\",\"target\":{\"@type\":\"EntryPoint\",\"urlTemplate\":\"https:\/\/www.legalvision.fr\/guides-juridiques\/?s={search_term_string}\"},\"query-input\":{\"@type\":\"PropertyValueSpecification\",\"valueRequired\":true,\"valueName\":\"search_term_string\"}}],\"inLanguage\":\"fr-FR\"},{\"@type\":\"Organization\",\"@id\":\"https:\/\/www.legalvision.fr\/guides-juridiques\/#organization\",\"name\":\"Guides juridiques\",\"url\":\"https:\/\/www.legalvision.fr\/guides-juridiques\/\",\"logo\":{\"@type\":\"ImageObject\",\"inLanguage\":\"fr-FR\",\"@id\":\"https:\/\/www.legalvision.fr\/guides-juridiques\/#\/schema\/logo\/image\/\",\"url\":\"https:\/\/www.legalvision.fr\/guides-juridiques\/wp-content\/uploads\/2022\/10\/LV-Logotype.png\",\"contentUrl\":\"https:\/\/www.legalvision.fr\/guides-juridiques\/wp-content\/uploads\/2022\/10\/LV-Logotype.png\",\"width\":647,\"height\":125,\"caption\":\"Guides juridiques\"},\"image\":{\"@id\":\"https:\/\/www.legalvision.fr\/guides-juridiques\/#\/schema\/logo\/image\/\"}},{\"@type\":\"Person\",\"@id\":\"https:\/\/www.legalvision.fr\/guides-juridiques\/#\/schema\/person\/f48d20c7ff987792f23a2ee1c371edf5\",\"name\":\"Alexis EGRON\",\"image\":{\"@type\":\"ImageObject\",\"inLanguage\":\"fr-FR\",\"@id\":\"https:\/\/www.legalvision.fr\/guides-juridiques\/#\/schema\/person\/image\/\",\"url\":\"https:\/\/www.legalvision.fr\/guides-juridiques\/wp-content\/uploads\/2022\/12\/cropped-Alexis-EGRON-96x96.jpeg\",\"contentUrl\":\"https:\/\/www.legalvision.fr\/guides-juridiques\/wp-content\/uploads\/2022\/12\/cropped-Alexis-EGRON-96x96.jpeg\",\"caption\":\"Alexis EGRON\"},\"description\":\"Alexis est Directeur de LegalVision\",\"url\":\"https:\/\/www.legalvision.fr\/guides-juridiques\/author\/alexis-egronlegalvision-fr\/\"}]}<\/script>\n<!-- \/ Yoast SEO plugin. -->","yoast_head_json":{"title":"Responsabilit\u00e9 civile et p\u00e9nale du dirigeant de SAS","description":"La responsabilit\u00e9 du dirigeant de SAS peut \u00eatre mise en cause sur le plan civil et p\u00e9nal. Comment r\u00e9duire votre responsabilit\u00e9\u00a0et se prot\u00e9ger ?","robots":{"index":"index","follow":"follow","max-snippet":"max-snippet:-1","max-image-preview":"max-image-preview:large","max-video-preview":"max-video-preview:-1"},"canonical":"https:\/\/www.legalvision.fr\/guides-juridiques\/sas\/responsabilite-civile-et-penale-du-dirigeant-de-sas\/","og_locale":"fr_FR","og_type":"article","og_title":"Responsabilit\u00e9 civile et p\u00e9nale du dirigeant de SAS","og_description":"La responsabilit\u00e9 du dirigeant de SAS peut \u00eatre mise en cause sur le plan civil et p\u00e9nal. Comment r\u00e9duire votre responsabilit\u00e9\u00a0et se prot\u00e9ger ?","og_url":"https:\/\/www.legalvision.fr\/guides-juridiques\/sas\/responsabilite-civile-et-penale-du-dirigeant-de-sas\/","og_site_name":"Guides juridiques","article_published_time":"2024-10-09T14:15:21+00:00","article_modified_time":"2024-10-14T08:11:10+00:00","og_image":[{"width":958,"height":350,"url":"https:\/\/www.legalvision.fr\/guides-juridiques\/wp-content\/uploads\/2019\/04\/responsabilit\u00e9-du-dirigeant-dune-SAS.jpg","type":"image\/jpeg"}],"author":"Alexis EGRON","twitter_card":"summary_large_image","twitter_misc":{"\u00c9crit par":"Alexis EGRON","Dur\u00e9e de lecture estim\u00e9e":"10 minutes"},"schema":{"@context":"https:\/\/schema.org","@graph":[{"@type":"Article","@id":"https:\/\/www.legalvision.fr\/guides-juridiques\/sas\/responsabilite-civile-et-penale-du-dirigeant-de-sas\/#article","isPartOf":{"@id":"https:\/\/www.legalvision.fr\/guides-juridiques\/sas\/responsabilite-civile-et-penale-du-dirigeant-de-sas\/"},"author":{"name":"Alexis EGRON","@id":"https:\/\/www.legalvision.fr\/guides-juridiques\/#\/schema\/person\/f48d20c7ff987792f23a2ee1c371edf5"},"headline":"Responsabilit\u00e9 civile et p\u00e9nale du dirigeant de SAS : ce que vous devez savoir","datePublished":"2024-10-09T14:15:21+00:00","dateModified":"2024-10-14T08:11:10+00:00","mainEntityOfPage":{"@id":"https:\/\/www.legalvision.fr\/guides-juridiques\/sas\/responsabilite-civile-et-penale-du-dirigeant-de-sas\/"},"wordCount":2187,"commentCount":0,"publisher":{"@id":"https:\/\/www.legalvision.fr\/guides-juridiques\/#organization"},"image":{"@id":"https:\/\/www.legalvision.fr\/guides-juridiques\/sas\/responsabilite-civile-et-penale-du-dirigeant-de-sas\/#primaryimage"},"thumbnailUrl":"https:\/\/www.legalvision.fr\/guides-juridiques\/wp-content\/uploads\/2019\/04\/responsabilit\u00e9-du-dirigeant-dune-SAS.jpg","articleSection":["SAS"],"inLanguage":"fr-FR","potentialAction":[{"@type":"CommentAction","name":"Comment","target":["https:\/\/www.legalvision.fr\/guides-juridiques\/sas\/responsabilite-civile-et-penale-du-dirigeant-de-sas\/#respond"]}]},{"@type":"WebPage","@id":"https:\/\/www.legalvision.fr\/guides-juridiques\/sas\/responsabilite-civile-et-penale-du-dirigeant-de-sas\/","url":"https:\/\/www.legalvision.fr\/guides-juridiques\/sas\/responsabilite-civile-et-penale-du-dirigeant-de-sas\/","name":"Responsabilit\u00e9 civile et p\u00e9nale du dirigeant de SAS","isPartOf":{"@id":"https:\/\/www.legalvision.fr\/guides-juridiques\/#website"},"primaryImageOfPage":{"@id":"https:\/\/www.legalvision.fr\/guides-juridiques\/sas\/responsabilite-civile-et-penale-du-dirigeant-de-sas\/#primaryimage"},"image":{"@id":"https:\/\/www.legalvision.fr\/guides-juridiques\/sas\/responsabilite-civile-et-penale-du-dirigeant-de-sas\/#primaryimage"},"thumbnailUrl":"https:\/\/www.legalvision.fr\/guides-juridiques\/wp-content\/uploads\/2019\/04\/responsabilit\u00e9-du-dirigeant-dune-SAS.jpg","datePublished":"2024-10-09T14:15:21+00:00","dateModified":"2024-10-14T08:11:10+00:00","description":"La responsabilit\u00e9 du dirigeant de SAS peut \u00eatre mise en cause sur le plan civil et p\u00e9nal. Comment r\u00e9duire votre responsabilit\u00e9\u00a0et se prot\u00e9ger ?","breadcrumb":{"@id":"https:\/\/www.legalvision.fr\/guides-juridiques\/sas\/responsabilite-civile-et-penale-du-dirigeant-de-sas\/#breadcrumb"},"inLanguage":"fr-FR","potentialAction":[{"@type":"ReadAction","target":["https:\/\/www.legalvision.fr\/guides-juridiques\/sas\/responsabilite-civile-et-penale-du-dirigeant-de-sas\/"]}]},{"@type":"ImageObject","inLanguage":"fr-FR","@id":"https:\/\/www.legalvision.fr\/guides-juridiques\/sas\/responsabilite-civile-et-penale-du-dirigeant-de-sas\/#primaryimage","url":"https:\/\/www.legalvision.fr\/guides-juridiques\/wp-content\/uploads\/2019\/04\/responsabilit\u00e9-du-dirigeant-dune-SAS.jpg","contentUrl":"https:\/\/www.legalvision.fr\/guides-juridiques\/wp-content\/uploads\/2019\/04\/responsabilit\u00e9-du-dirigeant-dune-SAS.jpg","width":958,"height":350,"caption":"responsabilit\u00e9 du dirigeant d'une SAS"},{"@type":"BreadcrumbList","@id":"https:\/\/www.legalvision.fr\/guides-juridiques\/sas\/responsabilite-civile-et-penale-du-dirigeant-de-sas\/#breadcrumb","itemListElement":[{"@type":"ListItem","position":1,"name":"Accueil","item":"https:\/\/www.legalvision.fr\/guides-juridiques\/"},{"@type":"ListItem","position":2,"name":"SAS","item":"https:\/\/www.legalvision.fr\/guides-juridiques\/sas\/"},{"@type":"ListItem","position":3,"name":"Responsabilit\u00e9 civile et p\u00e9nale du dirigeant de SAS : ce que vous devez savoir"}]},{"@type":"WebSite","@id":"https:\/\/www.legalvision.fr\/guides-juridiques\/#website","url":"https:\/\/www.legalvision.fr\/guides-juridiques\/","name":"Guides juridiques","description":"L&#039;information juridique \u00e0 destination des entreprises et TPE","publisher":{"@id":"https:\/\/www.legalvision.fr\/guides-juridiques\/#organization"},"potentialAction":[{"@type":"SearchAction","target":{"@type":"EntryPoint","urlTemplate":"https:\/\/www.legalvision.fr\/guides-juridiques\/?s={search_term_string}"},"query-input":{"@type":"PropertyValueSpecification","valueRequired":true,"valueName":"search_term_string"}}],"inLanguage":"fr-FR"},{"@type":"Organization","@id":"https:\/\/www.legalvision.fr\/guides-juridiques\/#organization","name":"Guides juridiques","url":"https:\/\/www.legalvision.fr\/guides-juridiques\/","logo":{"@type":"ImageObject","inLanguage":"fr-FR","@id":"https:\/\/www.legalvision.fr\/guides-juridiques\/#\/schema\/logo\/image\/","url":"https:\/\/www.legalvision.fr\/guides-juridiques\/wp-content\/uploads\/2022\/10\/LV-Logotype.png","contentUrl":"https:\/\/www.legalvision.fr\/guides-juridiques\/wp-content\/uploads\/2022\/10\/LV-Logotype.png","width":647,"height":125,"caption":"Guides juridiques"},"image":{"@id":"https:\/\/www.legalvision.fr\/guides-juridiques\/#\/schema\/logo\/image\/"}},{"@type":"Person","@id":"https:\/\/www.legalvision.fr\/guides-juridiques\/#\/schema\/person\/f48d20c7ff987792f23a2ee1c371edf5","name":"Alexis EGRON","image":{"@type":"ImageObject","inLanguage":"fr-FR","@id":"https:\/\/www.legalvision.fr\/guides-juridiques\/#\/schema\/person\/image\/","url":"https:\/\/www.legalvision.fr\/guides-juridiques\/wp-content\/uploads\/2022\/12\/cropped-Alexis-EGRON-96x96.jpeg","contentUrl":"https:\/\/www.legalvision.fr\/guides-juridiques\/wp-content\/uploads\/2022\/12\/cropped-Alexis-EGRON-96x96.jpeg","caption":"Alexis EGRON"},"description":"Alexis est Directeur de LegalVision","url":"https:\/\/www.legalvision.fr\/guides-juridiques\/author\/alexis-egronlegalvision-fr\/"}]}},"_links":{"self":[{"href":"https:\/\/www.legalvision.fr\/guides-juridiques\/wp-json\/wp\/v2\/posts\/46551","targetHints":{"allow":["GET"]}}],"collection":[{"href":"https:\/\/www.legalvision.fr\/guides-juridiques\/wp-json\/wp\/v2\/posts"}],"about":[{"href":"https:\/\/www.legalvision.fr\/guides-juridiques\/wp-json\/wp\/v2\/types\/post"}],"author":[{"embeddable":true,"href":"https:\/\/www.legalvision.fr\/guides-juridiques\/wp-json\/wp\/v2\/users\/82"}],"replies":[{"embeddable":true,"href":"https:\/\/www.legalvision.fr\/guides-juridiques\/wp-json\/wp\/v2\/comments?post=46551"}],"version-history":[{"count":21,"href":"https:\/\/www.legalvision.fr\/guides-juridiques\/wp-json\/wp\/v2\/posts\/46551\/revisions"}],"predecessor-version":[{"id":46578,"href":"https:\/\/www.legalvision.fr\/guides-juridiques\/wp-json\/wp\/v2\/posts\/46551\/revisions\/46578"}],"wp:featuredmedia":[{"embeddable":true,"href":"https:\/\/www.legalvision.fr\/guides-juridiques\/wp-json\/wp\/v2\/media\/24260"}],"wp:attachment":[{"href":"https:\/\/www.legalvision.fr\/guides-juridiques\/wp-json\/wp\/v2\/media?parent=46551"}],"wp:term":[{"taxonomy":"category","embeddable":true,"href":"https:\/\/www.legalvision.fr\/guides-juridiques\/wp-json\/wp\/v2\/categories?post=46551"},{"taxonomy":"post_tag","embeddable":true,"href":"https:\/\/www.legalvision.fr\/guides-juridiques\/wp-json\/wp\/v2\/tags?post=46551"}],"curies":[{"name":"wp","href":"https:\/\/api.w.org\/{rel}","templated":true}]}}