{"id":4238,"date":"2018-05-21T17:01:32","date_gmt":"2018-05-21T16:01:32","guid":{"rendered":"https:\/\/blog.legalvision.fr\/?p=4238"},"modified":"2022-03-27T21:21:10","modified_gmt":"2022-03-27T19:21:10","slug":"changement-de-gerant-sarl","status":"publish","type":"post","link":"https:\/\/www.legalvision.fr\/guides-juridiques\/sarl\/changement-de-gerant-sarl\/","title":{"rendered":"Changement de g\u00e9rant SARL expliqu\u00e9 en deux \u00e9tapes"},"content":{"rendered":"<p>Une soci\u00e9t\u00e9 \u00e9tant une construction juridique, elle ne peut s&rsquo;exprimer par elle-m\u00eame. Ainsi, dans le cas d&rsquo;une SARL, d&rsquo;une EURL ou d&rsquo;une SCI, <strong>la soci\u00e9t\u00e9 est repr\u00e9sent\u00e9e par un g\u00e9rant<\/strong>. Ce g\u00e9rant sera la voix de la soci\u00e9t\u00e9 : il la repr\u00e9sentera \u00e0 l&rsquo;\u00e9gard des tiers, tout en assurant sa direction dans l&rsquo;int\u00e9r\u00eat de la soci\u00e9t\u00e9. Or, certaines circonstances peuvent pousser \u00e0 un <strong>changement de g\u00e9rant SARL<\/strong>, d&rsquo;EURL ou de SCI. En effet, il est possible de <a href=\"https:\/\/www.legalvision.fr\/changement-de-gerant-sarl\"><strong>changer de g\u00e9rant<\/strong><\/a> en suivant une une proc\u00e9dure pr\u00e9cise. Outre cette proc\u00e9dure, il convient \u00e9galement de pr\u00e9ciser les circonstances pouvant justifier un <strong>changement de g\u00e9rant dans une SCI, une SARL ou une EURL<\/strong>.\n<\/p>\n<h3>Sommaire<\/h3>\n<p><strong><a href=\"#1\">Les circonstances amenant au changement de g\u00e9rant SARL, EURL ou SCI<\/a><\/strong><br \/>\n<strong> <a href=\"#2\">La proc\u00e9dure de changement de g\u00e9rant SARL, EURL ou SCI<\/a><\/strong><\/p>\n<div class=\"wp-block-button\" style=\"text-align:center;\"><a class=\"wp-block-button__link has-background\" href=\"https:\/\/www.legalvision.fr\/tous-les-services\/\">Commencer les d\u00e9marches pour ma SARL<\/a><\/div>\n<h2 id=\"1\">\u00a0Les circonstances amenant au changement de g\u00e9rant SARL, EURL ou SCI<\/h2>\n<p>De nombreux \u00e9v\u00e9nements peuvent \u00e9courter le mandat du g\u00e9rant d&rsquo;une SARL. Pour commencer, le <strong>changement de g\u00e9rant<\/strong> peut intervenir suite \u00e0 une <strong>r\u00e9vocation<\/strong>. Celle-ci peut \u00eatre d\u00e9cid\u00e9e par la majorit\u00e9 des associ\u00e9s de la SARL ou de la SCI, r\u00e9unis en assembl\u00e9e g\u00e9n\u00e9rale (AG). Or, le g\u00e9rant-associ\u00e9 pourra participer au vote. Il pourra emp\u00eacher sa r\u00e9vocation s&rsquo;il est majoritaire. Encore, dans le cadre d&rsquo;une EURL cette d\u00e9cision revient \u00e0 l&rsquo;associ\u00e9 unique.<\/p>\n<p>\u00c0 l&rsquo;inverse, il est \u00e9galement possible au g\u00e9rant de <strong>d\u00e9missionner<\/strong> de ses fonctions. Les conditions li\u00e9es \u00e0 la d\u00e9mission peuvent \u00eatre fix\u00e9es dans les statuts de la SARL. \u00c0 d\u00e9faut, la d\u00e9mission est libre et peut intervenir sans avoir \u00e0 arguer d&rsquo;un juste motif.<\/p>\n<p>Encore, un <strong>changement de g\u00e9rant SARL<\/strong> est n\u00e9cessaire une fois le <strong>terme du mandat<\/strong> atteint. En effet, la dur\u00e9e du mandat de g\u00e9rant peut \u00eatre limit\u00e9e dans le temps. Toutefois, \u00e0 d\u00e9faut de pr\u00e9cision dans l&rsquo;acte de nomination le g\u00e9rant est nomm\u00e9 pour une p\u00e9riode ind\u00e9termin\u00e9e. Reste que les associ\u00e9s peuvent, au terme de son mandat, d\u00e9cider de reconduire le g\u00e9rant dans ses fonctions.<\/p>\n<p>En outre,\u00a0il faudra <strong>changer de g\u00e9rant SARL<\/strong> si celui-ci a fait l&rsquo;objet d&rsquo;une <strong>condamnation assortie d&rsquo;un interdiction de g\u00e9rer<\/strong> des soci\u00e9t\u00e9s. Une telle sanction mettra un terme \u00e0 ses fonctions de g\u00e9rant, et il faudra donc en nommer un nouveau.<\/p>\n<p>Pour finir, il faudra proc\u00e9der \u00e0 un <strong>changement de g\u00e9rant en cas de d\u00e9c\u00e8s<\/strong> de ce-dernier. N\u00e9anmoins, il est possible de pr\u00e9voir des clauses dans les statuts de la soci\u00e9t\u00e9 imposant un changement de g\u00e9rant avant la survenance d&rsquo;un tel \u00e9v\u00e9nement. Cela sera notamment le cas des clauses imposant une limite d&rsquo;\u00e2ge pour assurer les fonctions de g\u00e9rant.<\/p>\n<h2 id=\"2\">\u00a0La proc\u00e9dure de changement de g\u00e9rant SARL, EURL ou SCI<\/h2>\n<p><a href=\"https:\/\/www.legalvision.fr\/modification-statuts\/changement-de-dirigeant\/\"><strong>Changer de g\u00e9rant de SARL, d&rsquo;EURL ou de SCI<\/strong><\/a> impliquera de passer par plusieurs \u00e9tapes imp\u00e9ratives. Ainsi, il faudra prendre une d\u00e9cision de changement de g\u00e9rant SARL, puis proc\u00e9der \u00e0 des mesures de publicit\u00e9 avant d&rsquo;adresser un dossier de changement de g\u00e9rant au CFE.<\/p>\n<h3>La d\u00e9cision de changement de g\u00e9rant.<\/h3>\n<h4>La prise de d\u00e9cision<\/h4>\n<p>La d\u00e9cision de changement de g\u00e9rant se fera dans diff\u00e9rentes conditions en fonction de la forme de la soci\u00e9t\u00e9. Ainsi, une telle d\u00e9cision peut \u00eatre tr\u00e8s ais\u00e9ment prise par l&rsquo;associ\u00e9 unique d&rsquo;une EURL. En effet, il lui suffira de prendre une d\u00e9cision de <strong>changement de g\u00e9rant d&rsquo;EURL<\/strong>, sans besoin de convoquer une AG.<\/p>\n<p>Toutefois, la situation est plus complexe pour le <strong>changement de g\u00e9rant SARL ou SCI<\/strong>. En effet, il sera n\u00e9cessaire de convoquer une <strong>assembl\u00e9e g\u00e9n\u00e9rale<\/strong>. Alors, les associ\u00e9s devront prendre une d\u00e9cision en deux temps :<\/p>\n<ul>\n<li>Dans un premier temps, ils devront r\u00e9voquer l&rsquo;ancien g\u00e9rant, ou constater un \u00e9v\u00e9nement mettant un terme \u00e0 ses fonctions ;<\/li>\n<li>Dans un second temps, ils devront nommer un nouveau g\u00e9rant de SARL ou de SCI. \u00c0 ce titre, il convient de noter qu&rsquo;une SARL ne peut \u00eatre dirig\u00e9e que par une personne physique. Ainsi, il sera impossible de nommer une soci\u00e9t\u00e9 comme g\u00e9rante d&rsquo;une SARL. Il en va de m\u00eame dans le cas d&rsquo;une EURL, m\u00eame si son associ\u00e9 unique est une autre soci\u00e9t\u00e9. \u00c0 l&rsquo;inverse, une SCI peut \u00eatre dirig\u00e9e par une personne physique ou par une personne morale (une autre soci\u00e9t\u00e9). Dans tous les cas, le nouveau g\u00e9rant ne devra pas \u00eatre frapp\u00e9 d&rsquo;incompatibilit\u00e9s ou de sanctions lui interdisant d&rsquo;exercer des fonctions de g\u00e9rant de SARL, d&rsquo;EURL ou de SCI.<\/li>\n<\/ul>\n<h4>Les cons\u00e9quences de la d\u00e9cision<\/h4>\n<p>Le <strong>changement g\u00e9rant SARL\u00a0en assembl\u00e9e g\u00e9n\u00e9rale<\/strong>\u00a0devra s&rsquo;accompagner d&rsquo;une \u00e9ventuelle modification des statuts. En effet, cette modification sera n\u00e9cessaire si l&rsquo;identit\u00e9 du g\u00e9rant est fix\u00e9e dans les statuts. Il n&rsquo;est pas besoin de proc\u00e9der \u00e0 cette modification si le g\u00e9rant est nomm\u00e9 dans un acte ext\u00e9rieur aux statuts.<\/p>\n<p>Pour finir, il faudra \u00e9tablir un <strong>proc\u00e8s verbal (PV) de d\u00e9cision de changement de g\u00e9rant SARL<\/strong>. Ce PV devra indiquer l&rsquo;organe comp\u00e9tent pour prendre la d\u00e9cision, ainsi que l&rsquo;\u00e9ventuelle modification des statuts de la soci\u00e9t\u00e9.<\/p>\n<h3>La publicit\u00e9 du changement de g\u00e9rant<\/h3>\n<p>Le changement de g\u00e9rant devra faire l&rsquo;objet d&rsquo;un avis ins\u00e9r\u00e9 dans un journal d&rsquo;annonces l\u00e9gales (JAL). Cette avis devra comporter diverses mentions obligatoires, notamment :<\/p>\n<ul>\n<li>La d\u00e9nomination sociale de la SARL ou de l&rsquo;EURL ; la raison sociale de la SCI ;<\/li>\n<li>L&rsquo;indication de la forme juridique de la soci\u00e9t\u00e9 ;<\/li>\n<li>Le montant du capital social de la soci\u00e9t\u00e9 ;<\/li>\n<li>L&rsquo;adresse du si\u00e8ge social de la soci\u00e9t\u00e9 ;<\/li>\n<li>Le num\u00e9ro d&rsquo;immatriculation de la soci\u00e9t\u00e9 au RCS ;<\/li>\n<li>L&rsquo;indication de la date \u00e0 laquelle la d\u00e9cision de <strong>changement de g\u00e9rant SARL, EURL ou SCI<\/strong> est intervenue ;<\/li>\n<li>La mention d&rsquo;une \u00e9ventuelle modification des statuts ;<\/li>\n<li>L&rsquo;indication de l&rsquo;identit\u00e9 et de l&rsquo;adresse de l&rsquo;ancien g\u00e9rant ;<\/li>\n<li>L\u2019indication de l&rsquo;identit\u00e9 et de l&rsquo;adresse du nouveau g\u00e9rant.<\/li>\n<\/ul>\n<p>En outre, il convient de noter que la publication de cette annonce impliquera un co\u00fbt variant entre 150 et 300 euros.<\/p>\n<h3>Les formalit\u00e9s de changement de g\u00e9rant aupr\u00e8s du CFE<\/h3>\n<p>Un <strong>dossier de changement de g\u00e9rant SARL<\/strong> devra \u00eatre d\u00e9pos\u00e9 aupr\u00e8s du greffe comp\u00e9tent. Ce dossier devra comporter divers \u00e9l\u00e9ments, notamment :<\/p>\n<ul>\n<li>Un <strong>formulaire de changement de dirigeant<\/strong>, compl\u00e9t\u00e9 et sign\u00e9. Pour le changement de g\u00e9rant SARL ou EURL, il s&rsquo;agira du formulaire M3-SARL. Encore, pour le changement de g\u00e9rant SCI il s&rsquo;agira du formulaire M3 ;<\/li>\n<li>L&rsquo;<strong>attestation de parution d&rsquo;une annonce de changement de g\u00e9rant<\/strong>\u00a0parue dans un JAL ;<\/li>\n<li>Si le <a href=\"https:\/\/www.formulaires.modernisation.gouv.fr\/gf\/cerfa_11683.do\">formulaire M3<\/a> n&rsquo;est pas sign\u00e9 par le nouveau g\u00e9rant, ce dernier devra fournir un <strong>exemplaire en original d&rsquo;un acte de d\u00e9l\u00e9gation de pouvoir<\/strong> ;<\/li>\n<li>Une <strong>copie des documents d&rsquo;identit\u00e9 <\/strong>du nouveau g\u00e9rant. Or, dans le cas d&rsquo;une SCI le g\u00e9rant peut \u00eatre une personne morale. Dans un tel cas, il faudra joindre un extrait Kbis datant de moins de trois mois ;<\/li>\n<li>Encore, il faudra fournir une <strong>attestation de filiation<\/strong> du nouveau g\u00e9rant ;<\/li>\n<li>Enfin, le nouveau g\u00e9rant devra signer une d\u00e9claration sur l&rsquo;honneur de non condamnation ;<\/li>\n<\/ul>\n<p>En outre, si le nouveau g\u00e9rant de SARL en est \u00e9galement l&rsquo;associ\u00e9 majoritaire, il devra compl\u00e9ter la d\u00e9claration TNS. En effet, cette d\u00e9claration lui permettra d&rsquo;\u00eatre assujetti au r\u00e9gime de la s\u00e9curit\u00e9 sociale des ind\u00e9pendants (ancien RSI).<\/p>\n<p>Pour finir, le dossier \u00e0 adresser au greffe pour <a href=\"https:\/\/www.legalvision.fr\/changement-de-gerant-sarl\"><strong>changer de g\u00e9rant SARL<\/strong><\/a> devra s&rsquo;accompagner d&rsquo;un ch\u00e8que d&rsquo;un montant de 195,38 euros.<\/p>\n<p>\u00a0<\/p>\n<p><\/p>\n<div class=\"wp-block-button\" style=\"text-align:center;\"><a class=\"wp-block-button__link has-background\" href=\"https:\/\/www.legalvision.fr\/tous-les-services\/\">Commencer les d\u00e9marches pour ma SARL<\/a><\/div>\n","protected":false},"excerpt":{"rendered":"<p>Une soci\u00e9t\u00e9 \u00e9tant une construction juridique, elle ne peut s&rsquo;exprimer par elle-m\u00eame. Ainsi, dans le cas d&rsquo;une SARL, d&rsquo;une EURL ou d&rsquo;une SCI, la soci\u00e9t\u00e9 est repr\u00e9sent\u00e9e par un g\u00e9rant. Ce g\u00e9rant sera la voix de la soci\u00e9t\u00e9 : il la repr\u00e9sentera \u00e0 l&rsquo;\u00e9gard des tiers, tout en assurant sa direction dans l&rsquo;int\u00e9r\u00eat de la&hellip; <a class=\"more-link\" href=\"https:\/\/www.legalvision.fr\/guides-juridiques\/sarl\/changement-de-gerant-sarl\/\">Poursuivre la lecture <span class=\"screen-reader-text\">Changement de g\u00e9rant SARL expliqu\u00e9 en deux \u00e9tapes<\/span><\/a><\/p>\n","protected":false},"author":18,"featured_media":22158,"comment_status":"open","ping_status":"open","sticky":false,"template":"","format":"standard","meta":{"content-type":"","inline_featured_image":false,"footnotes":""},"categories":[2497],"tags":[],"class_list":["post-4238","post","type-post","status-publish","format-standard","has-post-thumbnail","hentry","category-sarl","entry"],"yoast_head":"<!-- This site is optimized with the Yoast SEO plugin v27.1.1 - https:\/\/yoast.com\/product\/yoast-seo-wordpress\/ -->\n<title>Les principales \u00e9tapes du changement de g\u00e9rant SARL<\/title>\n<meta name=\"description\" content=\"LegalVision vous informe sur la proc\u00e9dure \u00e0 suivre en cas de changement de g\u00e9rant SARL, laquelle peut se transposer aux EURL et SCI.\" \/>\n<meta name=\"robots\" content=\"index, follow, max-snippet:-1, max-image-preview:large, max-video-preview:-1\" \/>\n<link rel=\"canonical\" href=\"https:\/\/www.legalvision.fr\/guides-juridiques\/sarl\/changement-de-gerant-sarl\/\" \/>\n<meta property=\"og:locale\" content=\"fr_FR\" \/>\n<meta property=\"og:type\" content=\"article\" \/>\n<meta property=\"og:title\" content=\"Les principales \u00e9tapes du changement de g\u00e9rant SARL\" \/>\n<meta property=\"og:description\" content=\"LegalVision vous informe sur la proc\u00e9dure \u00e0 suivre en cas de changement de g\u00e9rant SARL, laquelle peut se transposer aux EURL et SCI.\" \/>\n<meta property=\"og:url\" content=\"https:\/\/www.legalvision.fr\/guides-juridiques\/sarl\/changement-de-gerant-sarl\/\" \/>\n<meta property=\"og:site_name\" content=\"Guides juridiques\" \/>\n<meta property=\"article:published_time\" content=\"2018-05-21T16:01:32+00:00\" \/>\n<meta property=\"article:modified_time\" content=\"2022-03-27T19:21:10+00:00\" \/>\n<meta property=\"og:image\" content=\"https:\/\/www.legalvision.fr\/guides-juridiques\/wp-content\/uploads\/2018\/05\/Changement-de-g\u00e9rant-SARL-min.jpg\" \/>\n\t<meta property=\"og:image:width\" content=\"958\" \/>\n\t<meta property=\"og:image:height\" content=\"350\" \/>\n\t<meta property=\"og:image:type\" content=\"image\/jpeg\" \/>\n<meta name=\"author\" content=\"Valentin Giandomenico\" \/>\n<meta name=\"twitter:card\" content=\"summary_large_image\" \/>\n<meta name=\"twitter:label1\" content=\"\u00c9crit par\" \/>\n\t<meta name=\"twitter:data1\" content=\"Valentin Giandomenico\" \/>\n\t<meta name=\"twitter:label2\" content=\"Dur\u00e9e de lecture estim\u00e9e\" \/>\n\t<meta name=\"twitter:data2\" content=\"7 minutes\" \/>\n<script type=\"application\/ld+json\" class=\"yoast-schema-graph\">{\"@context\":\"https:\/\/schema.org\",\"@graph\":[{\"@type\":\"Article\",\"@id\":\"https:\/\/www.legalvision.fr\/guides-juridiques\/sarl\/changement-de-gerant-sarl\/#article\",\"isPartOf\":{\"@id\":\"https:\/\/www.legalvision.fr\/guides-juridiques\/sarl\/changement-de-gerant-sarl\/\"},\"author\":{\"name\":\"Valentin Giandomenico\",\"@id\":\"https:\/\/www.legalvision.fr\/guides-juridiques\/#\/schema\/person\/67f95ffb60649ed460d4778154ac2031\"},\"headline\":\"Changement de g\u00e9rant SARL expliqu\u00e9 en deux \u00e9tapes\",\"datePublished\":\"2018-05-21T16:01:32+00:00\",\"dateModified\":\"2022-03-27T19:21:10+00:00\",\"mainEntityOfPage\":{\"@id\":\"https:\/\/www.legalvision.fr\/guides-juridiques\/sarl\/changement-de-gerant-sarl\/\"},\"wordCount\":1403,\"commentCount\":0,\"publisher\":{\"@id\":\"https:\/\/www.legalvision.fr\/guides-juridiques\/#organization\"},\"image\":{\"@id\":\"https:\/\/www.legalvision.fr\/guides-juridiques\/sarl\/changement-de-gerant-sarl\/#primaryimage\"},\"thumbnailUrl\":\"https:\/\/www.legalvision.fr\/guides-juridiques\/wp-content\/uploads\/2018\/05\/Changement-de-g\u00e9rant-SARL-min.jpg\",\"articleSection\":[\"SARL\"],\"inLanguage\":\"fr-FR\",\"potentialAction\":[{\"@type\":\"CommentAction\",\"name\":\"Comment\",\"target\":[\"https:\/\/www.legalvision.fr\/guides-juridiques\/sarl\/changement-de-gerant-sarl\/#respond\"]}]},{\"@type\":\"WebPage\",\"@id\":\"https:\/\/www.legalvision.fr\/guides-juridiques\/sarl\/changement-de-gerant-sarl\/\",\"url\":\"https:\/\/www.legalvision.fr\/guides-juridiques\/sarl\/changement-de-gerant-sarl\/\",\"name\":\"Les principales \u00e9tapes du changement de g\u00e9rant SARL\",\"isPartOf\":{\"@id\":\"https:\/\/www.legalvision.fr\/guides-juridiques\/#website\"},\"primaryImageOfPage\":{\"@id\":\"https:\/\/www.legalvision.fr\/guides-juridiques\/sarl\/changement-de-gerant-sarl\/#primaryimage\"},\"image\":{\"@id\":\"https:\/\/www.legalvision.fr\/guides-juridiques\/sarl\/changement-de-gerant-sarl\/#primaryimage\"},\"thumbnailUrl\":\"https:\/\/www.legalvision.fr\/guides-juridiques\/wp-content\/uploads\/2018\/05\/Changement-de-g\u00e9rant-SARL-min.jpg\",\"datePublished\":\"2018-05-21T16:01:32+00:00\",\"dateModified\":\"2022-03-27T19:21:10+00:00\",\"description\":\"LegalVision vous informe sur la proc\u00e9dure \u00e0 suivre en cas de changement de g\u00e9rant SARL, laquelle peut se transposer aux EURL et SCI.\",\"breadcrumb\":{\"@id\":\"https:\/\/www.legalvision.fr\/guides-juridiques\/sarl\/changement-de-gerant-sarl\/#breadcrumb\"},\"inLanguage\":\"fr-FR\",\"potentialAction\":[{\"@type\":\"ReadAction\",\"target\":[\"https:\/\/www.legalvision.fr\/guides-juridiques\/sarl\/changement-de-gerant-sarl\/\"]}]},{\"@type\":\"ImageObject\",\"inLanguage\":\"fr-FR\",\"@id\":\"https:\/\/www.legalvision.fr\/guides-juridiques\/sarl\/changement-de-gerant-sarl\/#primaryimage\",\"url\":\"https:\/\/www.legalvision.fr\/guides-juridiques\/wp-content\/uploads\/2018\/05\/Changement-de-g\u00e9rant-SARL-min.jpg\",\"contentUrl\":\"https:\/\/www.legalvision.fr\/guides-juridiques\/wp-content\/uploads\/2018\/05\/Changement-de-g\u00e9rant-SARL-min.jpg\",\"width\":958,\"height\":350,\"caption\":\"Changement de g\u00e9rant SARL\"},{\"@type\":\"BreadcrumbList\",\"@id\":\"https:\/\/www.legalvision.fr\/guides-juridiques\/sarl\/changement-de-gerant-sarl\/#breadcrumb\",\"itemListElement\":[{\"@type\":\"ListItem\",\"position\":1,\"name\":\"Accueil\",\"item\":\"https:\/\/www.legalvision.fr\/guides-juridiques\/\"},{\"@type\":\"ListItem\",\"position\":2,\"name\":\"SARL\",\"item\":\"https:\/\/www.legalvision.fr\/guides-juridiques\/sarl\/\"},{\"@type\":\"ListItem\",\"position\":3,\"name\":\"Changement de g\u00e9rant SARL expliqu\u00e9 en deux \u00e9tapes\"}]},{\"@type\":\"WebSite\",\"@id\":\"https:\/\/www.legalvision.fr\/guides-juridiques\/#website\",\"url\":\"https:\/\/www.legalvision.fr\/guides-juridiques\/\",\"name\":\"Guides juridiques\",\"description\":\"L&#039;information juridique \u00e0 destination des entreprises et TPE\",\"publisher\":{\"@id\":\"https:\/\/www.legalvision.fr\/guides-juridiques\/#organization\"},\"potentialAction\":[{\"@type\":\"SearchAction\",\"target\":{\"@type\":\"EntryPoint\",\"urlTemplate\":\"https:\/\/www.legalvision.fr\/guides-juridiques\/?s={search_term_string}\"},\"query-input\":{\"@type\":\"PropertyValueSpecification\",\"valueRequired\":true,\"valueName\":\"search_term_string\"}}],\"inLanguage\":\"fr-FR\"},{\"@type\":\"Organization\",\"@id\":\"https:\/\/www.legalvision.fr\/guides-juridiques\/#organization\",\"name\":\"Guides juridiques\",\"url\":\"https:\/\/www.legalvision.fr\/guides-juridiques\/\",\"logo\":{\"@type\":\"ImageObject\",\"inLanguage\":\"fr-FR\",\"@id\":\"https:\/\/www.legalvision.fr\/guides-juridiques\/#\/schema\/logo\/image\/\",\"url\":\"https:\/\/www.legalvision.fr\/guides-juridiques\/wp-content\/uploads\/2022\/10\/LV-Logotype.png\",\"contentUrl\":\"https:\/\/www.legalvision.fr\/guides-juridiques\/wp-content\/uploads\/2022\/10\/LV-Logotype.png\",\"width\":647,\"height\":125,\"caption\":\"Guides juridiques\"},\"image\":{\"@id\":\"https:\/\/www.legalvision.fr\/guides-juridiques\/#\/schema\/logo\/image\/\"}},{\"@type\":\"Person\",\"@id\":\"https:\/\/www.legalvision.fr\/guides-juridiques\/#\/schema\/person\/67f95ffb60649ed460d4778154ac2031\",\"name\":\"Valentin Giandomenico\",\"image\":{\"@type\":\"ImageObject\",\"inLanguage\":\"fr-FR\",\"@id\":\"https:\/\/www.legalvision.fr\/guides-juridiques\/#\/schema\/person\/image\/\",\"url\":\"https:\/\/www.legalvision.fr\/guides-juridiques\/wp-content\/uploads\/2023\/07\/cropped-homme13-96x96.png\",\"contentUrl\":\"https:\/\/www.legalvision.fr\/guides-juridiques\/wp-content\/uploads\/2023\/07\/cropped-homme13-96x96.png\",\"caption\":\"Valentin Giandomenico\"},\"description\":\"Valentin est juriste au sein de LegalVision. Titulaire d'un M2 en droit des affaires, il s'int\u00e9resse tout particuli\u00e8rement au droit des soci\u00e9t\u00e9s.\",\"url\":\"https:\/\/www.legalvision.fr\/guides-juridiques\/author\/valentin1\/\"}]}<\/script>\n<!-- \/ Yoast SEO plugin. -->","yoast_head_json":{"title":"Les principales \u00e9tapes du changement de g\u00e9rant SARL","description":"LegalVision vous informe sur la proc\u00e9dure \u00e0 suivre en cas de changement de g\u00e9rant SARL, laquelle peut se transposer aux EURL et SCI.","robots":{"index":"index","follow":"follow","max-snippet":"max-snippet:-1","max-image-preview":"max-image-preview:large","max-video-preview":"max-video-preview:-1"},"canonical":"https:\/\/www.legalvision.fr\/guides-juridiques\/sarl\/changement-de-gerant-sarl\/","og_locale":"fr_FR","og_type":"article","og_title":"Les principales \u00e9tapes du changement de g\u00e9rant SARL","og_description":"LegalVision vous informe sur la proc\u00e9dure \u00e0 suivre en cas de changement de g\u00e9rant SARL, laquelle peut se transposer aux EURL et SCI.","og_url":"https:\/\/www.legalvision.fr\/guides-juridiques\/sarl\/changement-de-gerant-sarl\/","og_site_name":"Guides juridiques","article_published_time":"2018-05-21T16:01:32+00:00","article_modified_time":"2022-03-27T19:21:10+00:00","og_image":[{"width":958,"height":350,"url":"https:\/\/www.legalvision.fr\/guides-juridiques\/wp-content\/uploads\/2018\/05\/Changement-de-g\u00e9rant-SARL-min.jpg","type":"image\/jpeg"}],"author":"Valentin Giandomenico","twitter_card":"summary_large_image","twitter_misc":{"\u00c9crit par":"Valentin Giandomenico","Dur\u00e9e de lecture estim\u00e9e":"7 minutes"},"schema":{"@context":"https:\/\/schema.org","@graph":[{"@type":"Article","@id":"https:\/\/www.legalvision.fr\/guides-juridiques\/sarl\/changement-de-gerant-sarl\/#article","isPartOf":{"@id":"https:\/\/www.legalvision.fr\/guides-juridiques\/sarl\/changement-de-gerant-sarl\/"},"author":{"name":"Valentin Giandomenico","@id":"https:\/\/www.legalvision.fr\/guides-juridiques\/#\/schema\/person\/67f95ffb60649ed460d4778154ac2031"},"headline":"Changement de g\u00e9rant SARL expliqu\u00e9 en deux \u00e9tapes","datePublished":"2018-05-21T16:01:32+00:00","dateModified":"2022-03-27T19:21:10+00:00","mainEntityOfPage":{"@id":"https:\/\/www.legalvision.fr\/guides-juridiques\/sarl\/changement-de-gerant-sarl\/"},"wordCount":1403,"commentCount":0,"publisher":{"@id":"https:\/\/www.legalvision.fr\/guides-juridiques\/#organization"},"image":{"@id":"https:\/\/www.legalvision.fr\/guides-juridiques\/sarl\/changement-de-gerant-sarl\/#primaryimage"},"thumbnailUrl":"https:\/\/www.legalvision.fr\/guides-juridiques\/wp-content\/uploads\/2018\/05\/Changement-de-g\u00e9rant-SARL-min.jpg","articleSection":["SARL"],"inLanguage":"fr-FR","potentialAction":[{"@type":"CommentAction","name":"Comment","target":["https:\/\/www.legalvision.fr\/guides-juridiques\/sarl\/changement-de-gerant-sarl\/#respond"]}]},{"@type":"WebPage","@id":"https:\/\/www.legalvision.fr\/guides-juridiques\/sarl\/changement-de-gerant-sarl\/","url":"https:\/\/www.legalvision.fr\/guides-juridiques\/sarl\/changement-de-gerant-sarl\/","name":"Les principales \u00e9tapes du changement de g\u00e9rant SARL","isPartOf":{"@id":"https:\/\/www.legalvision.fr\/guides-juridiques\/#website"},"primaryImageOfPage":{"@id":"https:\/\/www.legalvision.fr\/guides-juridiques\/sarl\/changement-de-gerant-sarl\/#primaryimage"},"image":{"@id":"https:\/\/www.legalvision.fr\/guides-juridiques\/sarl\/changement-de-gerant-sarl\/#primaryimage"},"thumbnailUrl":"https:\/\/www.legalvision.fr\/guides-juridiques\/wp-content\/uploads\/2018\/05\/Changement-de-g\u00e9rant-SARL-min.jpg","datePublished":"2018-05-21T16:01:32+00:00","dateModified":"2022-03-27T19:21:10+00:00","description":"LegalVision vous informe sur la proc\u00e9dure \u00e0 suivre en cas de changement de g\u00e9rant SARL, laquelle peut se transposer aux EURL et SCI.","breadcrumb":{"@id":"https:\/\/www.legalvision.fr\/guides-juridiques\/sarl\/changement-de-gerant-sarl\/#breadcrumb"},"inLanguage":"fr-FR","potentialAction":[{"@type":"ReadAction","target":["https:\/\/www.legalvision.fr\/guides-juridiques\/sarl\/changement-de-gerant-sarl\/"]}]},{"@type":"ImageObject","inLanguage":"fr-FR","@id":"https:\/\/www.legalvision.fr\/guides-juridiques\/sarl\/changement-de-gerant-sarl\/#primaryimage","url":"https:\/\/www.legalvision.fr\/guides-juridiques\/wp-content\/uploads\/2018\/05\/Changement-de-g\u00e9rant-SARL-min.jpg","contentUrl":"https:\/\/www.legalvision.fr\/guides-juridiques\/wp-content\/uploads\/2018\/05\/Changement-de-g\u00e9rant-SARL-min.jpg","width":958,"height":350,"caption":"Changement de g\u00e9rant SARL"},{"@type":"BreadcrumbList","@id":"https:\/\/www.legalvision.fr\/guides-juridiques\/sarl\/changement-de-gerant-sarl\/#breadcrumb","itemListElement":[{"@type":"ListItem","position":1,"name":"Accueil","item":"https:\/\/www.legalvision.fr\/guides-juridiques\/"},{"@type":"ListItem","position":2,"name":"SARL","item":"https:\/\/www.legalvision.fr\/guides-juridiques\/sarl\/"},{"@type":"ListItem","position":3,"name":"Changement de g\u00e9rant SARL expliqu\u00e9 en deux \u00e9tapes"}]},{"@type":"WebSite","@id":"https:\/\/www.legalvision.fr\/guides-juridiques\/#website","url":"https:\/\/www.legalvision.fr\/guides-juridiques\/","name":"Guides juridiques","description":"L&#039;information juridique \u00e0 destination des entreprises et TPE","publisher":{"@id":"https:\/\/www.legalvision.fr\/guides-juridiques\/#organization"},"potentialAction":[{"@type":"SearchAction","target":{"@type":"EntryPoint","urlTemplate":"https:\/\/www.legalvision.fr\/guides-juridiques\/?s={search_term_string}"},"query-input":{"@type":"PropertyValueSpecification","valueRequired":true,"valueName":"search_term_string"}}],"inLanguage":"fr-FR"},{"@type":"Organization","@id":"https:\/\/www.legalvision.fr\/guides-juridiques\/#organization","name":"Guides juridiques","url":"https:\/\/www.legalvision.fr\/guides-juridiques\/","logo":{"@type":"ImageObject","inLanguage":"fr-FR","@id":"https:\/\/www.legalvision.fr\/guides-juridiques\/#\/schema\/logo\/image\/","url":"https:\/\/www.legalvision.fr\/guides-juridiques\/wp-content\/uploads\/2022\/10\/LV-Logotype.png","contentUrl":"https:\/\/www.legalvision.fr\/guides-juridiques\/wp-content\/uploads\/2022\/10\/LV-Logotype.png","width":647,"height":125,"caption":"Guides juridiques"},"image":{"@id":"https:\/\/www.legalvision.fr\/guides-juridiques\/#\/schema\/logo\/image\/"}},{"@type":"Person","@id":"https:\/\/www.legalvision.fr\/guides-juridiques\/#\/schema\/person\/67f95ffb60649ed460d4778154ac2031","name":"Valentin Giandomenico","image":{"@type":"ImageObject","inLanguage":"fr-FR","@id":"https:\/\/www.legalvision.fr\/guides-juridiques\/#\/schema\/person\/image\/","url":"https:\/\/www.legalvision.fr\/guides-juridiques\/wp-content\/uploads\/2023\/07\/cropped-homme13-96x96.png","contentUrl":"https:\/\/www.legalvision.fr\/guides-juridiques\/wp-content\/uploads\/2023\/07\/cropped-homme13-96x96.png","caption":"Valentin Giandomenico"},"description":"Valentin est juriste au sein de LegalVision. Titulaire d'un M2 en droit des affaires, il s'int\u00e9resse tout particuli\u00e8rement au droit des soci\u00e9t\u00e9s.","url":"https:\/\/www.legalvision.fr\/guides-juridiques\/author\/valentin1\/"}]}},"_links":{"self":[{"href":"https:\/\/www.legalvision.fr\/guides-juridiques\/wp-json\/wp\/v2\/posts\/4238","targetHints":{"allow":["GET"]}}],"collection":[{"href":"https:\/\/www.legalvision.fr\/guides-juridiques\/wp-json\/wp\/v2\/posts"}],"about":[{"href":"https:\/\/www.legalvision.fr\/guides-juridiques\/wp-json\/wp\/v2\/types\/post"}],"author":[{"embeddable":true,"href":"https:\/\/www.legalvision.fr\/guides-juridiques\/wp-json\/wp\/v2\/users\/18"}],"replies":[{"embeddable":true,"href":"https:\/\/www.legalvision.fr\/guides-juridiques\/wp-json\/wp\/v2\/comments?post=4238"}],"version-history":[{"count":0,"href":"https:\/\/www.legalvision.fr\/guides-juridiques\/wp-json\/wp\/v2\/posts\/4238\/revisions"}],"wp:featuredmedia":[{"embeddable":true,"href":"https:\/\/www.legalvision.fr\/guides-juridiques\/wp-json\/wp\/v2\/media\/22158"}],"wp:attachment":[{"href":"https:\/\/www.legalvision.fr\/guides-juridiques\/wp-json\/wp\/v2\/media?parent=4238"}],"wp:term":[{"taxonomy":"category","embeddable":true,"href":"https:\/\/www.legalvision.fr\/guides-juridiques\/wp-json\/wp\/v2\/categories?post=4238"},{"taxonomy":"post_tag","embeddable":true,"href":"https:\/\/www.legalvision.fr\/guides-juridiques\/wp-json\/wp\/v2\/tags?post=4238"}],"curies":[{"name":"wp","href":"https:\/\/api.w.org\/{rel}","templated":true}]}}