{"id":39454,"date":"2023-08-10T15:22:00","date_gmt":"2023-08-10T13:22:00","guid":{"rendered":"https:\/\/www.legalvision.fr\/guides-juridiques\/?p=39454"},"modified":"2023-09-14T17:22:56","modified_gmt":"2023-09-14T15:22:56","slug":"reduction-du-capital-non-motive-par-les-pertes-comment-lenregistrer","status":"publish","type":"post","link":"https:\/\/www.legalvision.fr\/guides-juridiques\/capital\/reduction-du-capital-non-motive-par-les-pertes-comment-lenregistrer\/","title":{"rendered":"R\u00e9duction du capital (non motiv\u00e9 par les pertes) : comment l&rsquo;enregistrer ?\u00a0"},"content":{"rendered":"\n<p>Il se peut qu\u2019au cours de la vie d\u2019une entreprise, vous ayez \u00e0 modifier le capital social, soit en l\u2019augmentant, soit en le diminuant.&nbsp;<\/p>\n\n\n\n<p>Il existe plusieurs moyens de diminuer le capital social d\u2019une entreprise, ce qui impose \u00e9galement une proc\u00e9dure et le respect d\u2019un certain formalisme, notamment quant \u00e0 son enregistrement et au respect des d\u00e9lais d\u2019oppositions des cr\u00e9anciers.&nbsp;<\/p>\n\n\n\n<p>Vous souhaitez effectuer une r\u00e9duction de capital non motiv\u00e9e par les pertes ? Vous ne savez pas comment proc\u00e9der pour r\u00e9duire le capital social et pourquoi le faire ? Quelles sont les d\u00e9marches \u00e0 effectuer pour diminuer le capital social ? L\u00e9onard vous accompagne dans vos d\u00e9marches juridiques de votre soci\u00e9t\u00e9.&nbsp;<\/p>\n\n\n\n<p><strong>Sommaire :&nbsp;<\/strong><\/p>\n\n\n\n<p><strong>La r\u00e9duction de capital : qu\u2019est-ce que c\u2019est ?&nbsp;<\/strong><\/p>\n\n\n\n<p><strong>La r\u00e9duction de capital : c\u2019est quoi exactement ?<\/strong><strong><br><\/strong><strong>Comment faire une r\u00e9duction de capital social ?&nbsp;<\/strong><\/p>\n\n\n\n<p><strong>Quelles sont les d\u00e9marches et formalit\u00e9s \u00e0 effectuer pour faire une r\u00e9duction de capital non motiv\u00e9e par les pertes ?&nbsp;<\/strong><\/p>\n\n\n\n<h2 class=\"wp-block-heading\">La r\u00e9duction de capital : qu\u2019est-ce que c\u2019est ?&nbsp;<\/h2>\n\n\n\n<h3 class=\"wp-block-heading\">La r\u00e9duction de capital social d\u2019une entreprise : d\u00e9finition&nbsp;<\/h3>\n\n\n\n<h4 class=\"wp-block-heading\">Capital social : d\u00e9finition juridique&nbsp;<\/h4>\n\n\n\n<p>Le <a href=\"https:\/\/www.legalvision.fr\/guides-juridiques\/capital\/capital-social\/\">capital social<\/a> d\u2019une soci\u00e9t\u00e9 correspond \u00e0 la valeur d&rsquo;origine de l&rsquo;entreprise. Il est repr\u00e9sent\u00e9 par des sommes d&rsquo;argent (apport num\u00e9raire, parts sociales, actions d&rsquo;autres soci\u00e9t\u00e9s, etc.) ainsi que des biens (immeubles, fonds de commerce, marques, brevets, etc.) mis \u00e0 sa disposition soit par ses associ\u00e9s, soit par ses actionnaires.&nbsp;<\/p>\n\n\n\n<p>Le capital social est donc \u00e9gal \u00e0 la valeur nominale de la totalit\u00e9 des titres sociaux de l\u2019entreprise. Il est constitu\u00e9 des diff\u00e9rents apports des associ\u00e9s (ou actionnaires, selon la forme de la soci\u00e9t\u00e9). Ils peuvent \u00eatre de trois sortes : l\u2019apport en num\u00e9raire, en nature ou en industrie.&nbsp;<\/p>\n\n\n\n<p>La contrepartie de ces apports est pour les associ\u00e9s -ou actionnaires- est de pouvoir recevoir des parts sociales (associ\u00e9s) ou des actions (actionnaires).&nbsp;<\/p>\n\n\n\n<p>Le capital social va \u00e9galement servir de gage de cr\u00e9dibilit\u00e9 pour les partenaires d\u2019une soci\u00e9t\u00e9, qu\u2019il s\u2019agisse d\u2019investisseurs, de futurs associ\u00e9s, de banques ou encore de clients.&nbsp;<\/p>\n\n\n\n<p><strong>A noter que<\/strong> s\u2019il peut \u00eatre tentant d\u2019effectuer de petits apports afin de se prot\u00e9ger en cas de difficult\u00e9s, il peut toutefois s\u2019av\u00e9rer contre-productif de sous-estimer son capital social. En effet, le capital social permet de compenser les pertes en cas de probl\u00e8me financier, ce qui peut \u00e9viter une situation de cessation de paiement. Aussi, le fait d\u2019avoir un capital social important est \u00e9galement gage de confiance pour les investisseurs, les partenaires ou les clients, qui pourront se r\u00e9mun\u00e9rer en cas de probl\u00e8me.<\/p>\n\n\n\n<h3 class=\"wp-block-heading\">La r\u00e9duction de capital : c\u2019est quoi exactement ?<\/h3>\n\n\n\n<p>La modification du capital social peut \u00eatre amen\u00e9e \u00e0 intervenir. En effet, au cours de la vie d\u2019une soci\u00e9t\u00e9, il faut savoir que le capital social d\u2019une entreprise n\u2019est pas fig\u00e9 et peut \u00e9voluer, \u00e0 savoir augmenter ou diminuer.&nbsp;<\/p>\n\n\n\n<p>Cette modification du capital social de l&rsquo;entreprise peut arriver en raison d\u2019un \u00e9v\u00e9nement (arriv\u00e9e ou sortie d\u2019un associ\u00e9, lancement d\u2019une nouvelle branche d\u2019activit\u00e9, etc.) ou pour pr\u00e9voir des besoins sp\u00e9cifiques.&nbsp;<\/p>\n\n\n\n<h4 class=\"wp-block-heading\">L\u2019augmentation du capital social : la recapitalisation&nbsp;<\/h4>\n\n\n\n<p>Proc\u00e9der \u00e0 une augmentation du capital social permet notamment de consolider la situation financi\u00e8re de la soci\u00e9t\u00e9 afin d\u2019anticiper des difficult\u00e9s. Elle permet \u00e9galement d&rsquo;augmenter la cr\u00e9dibilit\u00e9 de la soci\u00e9t\u00e9 aupr\u00e8s d\u2019investisseurs (banque ou futurs associ\u00e9s) ou de futurs partenaires.&nbsp;<\/p>\n\n\n\n<h4 class=\"wp-block-heading\">La r\u00e9duction du capital social d\u2019une soci\u00e9t\u00e9<\/h4>\n\n\n\n<p>Ainsi, la r\u00e9duction de capital social est une op\u00e9ration juridique qui consiste \u00e0 diminuer le montant du capital social de la soci\u00e9t\u00e9.<\/p>\n\n\n\n<p>Cette op\u00e9ration peut \u00eatre justifi\u00e9e dans deux situations :&nbsp;<\/p>\n\n\n\n<ul class=\"wp-block-list\">\n<li><strong>Si elle est motiv\u00e9e par des pertes&nbsp;<\/strong><\/li>\n<\/ul>\n\n\n\n<p>Dans ce cas de figure, la soci\u00e9t\u00e9 a subi des pertes qui ne peuvent pas \u00eatre absorb\u00e9es par ses r\u00e9serves ou par un report de d\u00e9ficit. Ainsi, r\u00e9duire le capital social de l\u2019entreprise va permettre de reconstituer les capitaux propres pour qu&rsquo;ils soient de nouveau sup\u00e9rieurs \u00e0 la moiti\u00e9 du capital social.<\/p>\n\n\n\n<p>Bon \u00e0 savoir : lorsque la soci\u00e9t\u00e9 conna\u00eet des difficult\u00e9s financi\u00e8res et que ses capitaux propres sont inf\u00e9rieurs \u00e0 la moiti\u00e9 du capital social, la r\u00e9duction de capital peut \u00eatre suivie d&rsquo;une augmentation de capital. Cette technique permet d&rsquo;apurer le passif, c&rsquo;est ce qu&rsquo;on appelle un \u00ab coup d&rsquo;accord\u00e9on \u00bb.<\/p>\n\n\n\n<ul class=\"wp-block-list\">\n<li><strong>Si elle n\u2019est pas motiv\u00e9e par des pertes&nbsp;<\/strong><\/li>\n<\/ul>\n\n\n\n<p>Il se peut qu\u2019au cours de son exercice, le capital social n&rsquo;est plus conforme \u00e0 la dimension de la soci\u00e9t\u00e9 ou \u00e0 son volume d&rsquo;activit\u00e9, si celui-ci diminue.&nbsp;<\/p>\n\n\n\n<p>Il peut \u00eatre judicieux de proc\u00e9der \u00e0 une r\u00e9duction, ce qui permettra notamment aux associ\u00e9s de r\u00e9cup\u00e9rer une partie de leurs apports.&nbsp;<\/p>\n\n\n\n<p>Parfois, elle se justifie par une injection trop importante par les associ\u00e9s dans le capital social de d\u00e9part. Ces associ\u00e9s souhaitent alors r\u00e9cup\u00e9rer une partie du capital investi.<\/p>\n\n\n\n<h2 class=\"wp-block-heading\">Comment faire une r\u00e9duction de capital social ?&nbsp;<\/h2>\n\n\n\n<p>Les associ\u00e9s peuvent librement choisir de proc\u00e9der \u00e0 une r\u00e9duction du capital social de plusieurs mani\u00e8res, en effectuant diff\u00e9rentes op\u00e9rations juridiques, \u00e0 savoir :&nbsp;<\/p>\n\n\n\n<h3 class=\"wp-block-heading\">En diminuant le nombre de parts sociales (les titres)<\/h3>\n\n\n\n<p>Dans ce cas de figure, la valeur nominale des parts reste la m\u00eame mais le nombre de parts sociales va diminuer.&nbsp;<\/p>\n\n\n\n<p>Par exemple, si une soci\u00e9t\u00e9 dispose d\u2019un capital social de 1 000 \u20ac r\u00e9parti en 10 parts sociales, la valeur de chaque part est de 100 \u20ac. Si les associ\u00e9s font le choix de diminuer le nombre de parts sociales \u00e0 5 sans pour autant en changer la valeur, le capital social de l\u2019entreprise est de 500 \u20ac.&nbsp;<\/p>\n\n\n\n<h3 class=\"wp-block-heading\">En diminuant la valeur nominale des parts sociales&nbsp;<\/h3>\n\n\n\n<p>Dans cet exemple, les associ\u00e9s pr\u00e9f\u00e8rent diminuer la valeur des titres, sans pour autant modifier leur nombre.&nbsp;<\/p>\n\n\n\n<p>Ainsi, si la soci\u00e9t\u00e9 dispose de 1 000 \u20ac de capital social r\u00e9parti en 10 parts sociales, pour une valeur de 100 \u20ac, alors la diminution de la valeur \u00e0 50 \u20ac pour chaque part va diminuer le capital social pour moiti\u00e9.&nbsp;<\/p>\n\n\n\n<h3 class=\"wp-block-heading\">En proc\u00e9dant au rachat de parts sociales par le g\u00e9rant de la soci\u00e9t\u00e9 en vue de leur annulation.&nbsp;<\/h3>\n\n\n\n<p>Cette possibilit\u00e9 permet au g\u00e9rant de proc\u00e9der au rachat des parts sociales, au nom de la soci\u00e9t\u00e9, afin de les annuler.&nbsp;<\/p>\n\n\n\n<p>Ce rachat est tr\u00e8s utilis\u00e9 lorsqu\u2019un associ\u00e9 souhaite vendre ses parts sociales sans pour autant pouvoir se retirer de la soci\u00e9t\u00e9 en raison d\u2019un d\u00e9faut d&rsquo;agr\u00e9ment des autres associ\u00e9s.&nbsp;<\/p>\n\n\n\n<p><strong>Attention <\/strong>: la r\u00e9duction de capital social ob\u00e9it \u00e0 un principe d\u2019\u00e9galit\u00e9 de traitement entre les associ\u00e9s. Cela signifie que la baisse du capital doit \u00eatre r\u00e9partie de mani\u00e8re proportionnelle entre chaque associ\u00e9.<\/p>\n\n\n\n<h2 class=\"wp-block-heading\">Quelles sont les d\u00e9marches et formalit\u00e9s \u00e0 effectuer pour faire une r\u00e9duction de capital non motiv\u00e9e par les pertes ?&nbsp;<\/h2>\n\n\n\n<p>La r\u00e9duction de capital social d\u2019une soci\u00e9t\u00e9 va passer par 4 \u00e9tapes cl\u00e9, qui imposent le respect de certaines formalit\u00e9s (tel que l&rsquo;enregistrement de la r\u00e9duction de capital social, la publication, etc.). Voici le d\u00e9tail de ces \u00e9tapes.&nbsp;<\/p>\n\n\n\n<h3 class=\"wp-block-heading\">Faire intervenir un commissaire aux comptes<\/h3>\n\n\n\n<p>Lorsqu\u2019il existe un commissaire aux comptes, la soci\u00e9t\u00e9 doit lui communiquer le projet de r\u00e9duction du capital social afin qu&rsquo;il puisse \u00e9tablir un rapport qui sera partag\u00e9 aux associ\u00e9s avant qu\u2019une assembl\u00e9e g\u00e9n\u00e9rale extraordinaire n\u2019intervienne pour d\u00e9cider de la r\u00e9duction (dans les 45 jours \u00e0 compter de la pr\u00e9sentation du rapport).<\/p>\n\n\n\n<h3 class=\"wp-block-heading\">La prise de d\u00e9cision des associ\u00e9s de la soci\u00e9t\u00e9<\/h3>\n\n\n\n<p>Les associ\u00e9s doivent, collectivement et selon la proc\u00e9dure telle qu\u2019elle est issue dans les statuts, d\u00e9cider de cette diminution qui sera retranscrite dans un proc\u00e8s-verbal.<\/p>\n\n\n\n<p>La r\u00e9duction du capital peut conduire \u00e0 une modification statutaire, selon la forme de la soci\u00e9t\u00e9 et la mani\u00e8re dont les statuts sont r\u00e9dig\u00e9s.&nbsp;<\/p>\n\n\n\n<p>A titre d\u2019exemple, l\u2019EURL \u00e9tant une soci\u00e9t\u00e9 compos\u00e9e d\u2019un associ\u00e9 unique, la d\u00e9cision se fait unilat\u00e9ralement. La d\u00e9cision est toutefois retranscrite dans un registre sp\u00e9cial qui doit \u00eatre conserv\u00e9 au si\u00e8ge social.&nbsp;<\/p>\n\n\n\n<p>Lorsque l\u2019assembl\u00e9e g\u00e9n\u00e9rale d\u00e9cide de r\u00e9duire le capital par le rachat par la soci\u00e9t\u00e9 de ses propres actions afin de les annuler, elle doit pr\u00e9senter aux diff\u00e9rents associ\u00e9s une offre de rachat des titres qui fait ensuite l\u2019objet d\u2019un avis publi\u00e9 dans un support d\u2019annonces l\u00e9gales et au Bulletin des annonces l\u00e9gales obligatoires (Balo).&nbsp;<\/p>\n\n\n\n<p>L&rsquo;achat des parts sociales est r\u00e9alis\u00e9 dans le d\u00e9lai de 3 mois \u00e0 compter de l&rsquo;expiration du d\u00e9lai d&rsquo;opposition des cr\u00e9anciers. Cet achat emporte l&rsquo;annulation des parts.<\/p>\n\n\n\n<p><strong>d\u00e9lai d&rsquo;opposition des cr\u00e9anciers r\u00e9duction de capital : <\/strong>Le d\u00e9lai d&rsquo;opposition des cr\u00e9anciers \u00e0 la r\u00e9duction du capital est de vingt jours \u00e0 compter de la date du d\u00e9p\u00f4t au greffe du proc\u00e8s-verbal de d\u00e9lib\u00e9ration de l&rsquo;assembl\u00e9e g\u00e9n\u00e9rale qui a d\u00e9cid\u00e9 ou autoris\u00e9 la r\u00e9duction.<\/p>\n\n\n\n<p>Les cr\u00e9anciers doivent agir devant le tribunal de commerce territorialement comp\u00e9tent.&nbsp;<\/p>\n\n\n\n<h3 class=\"wp-block-heading\">La publication de la d\u00e9cision collective des associ\u00e9s<\/h3>\n\n\n\n<p>Par la suite, la soci\u00e9t\u00e9 doit \u00e9galement publier dans un journal d\u2019annonce l\u00e9gale la d\u00e9cision tendant \u00e0 r\u00e9duire le capital social afin d\u2019en informer les tiers.&nbsp;<\/p>\n\n\n\n<p>La publication de l\u2019avis dans un support d\u2019annonce l\u00e9gale doit \u00eatre effectu\u00e9e dans un d\u00e9lai d\u20191 mois. Cette publication permet d\u2019obtenir une attestation de parution.&nbsp;<\/p>\n\n\n\n<p>L\u2019avis de publicit\u00e9 doit n\u00e9cessairement contenir certaines mentions obligatoires, \u00e0 savoir :<\/p>\n\n\n\n<ul class=\"wp-block-list\">\n<li>La d\u00e9nomination sociale suivie, le cas \u00e9ch\u00e9ant, du sigle de la soci\u00e9t\u00e9 ;<\/li>\n\n\n\n<li>La forme juridique, suivie le cas \u00e9ch\u00e9ant de la mention \u00ab\u202f\u00e0 capital variable\u202f\u00bb ;&nbsp;<\/li>\n\n\n\n<li>Le montant de l\u2019ancien capital social (avant r\u00e9duction pr\u00e9vue) ;&nbsp;<\/li>\n\n\n\n<li>L\u2019adresse du si\u00e8ge social ;&nbsp;<\/li>\n\n\n\n<li>Le num\u00e9ro SIREN mention \u00ab RCS \u00bb, suivie du nom de la ville du greffe dans laquelle la soci\u00e9t\u00e9 a effectu\u00e9 son immatriculation ;&nbsp;<\/li>\n\n\n\n<li>La voie retenue pour proc\u00e9der \u00e0 la r\u00e9duction de capital (diminution du nombre de titres ou de leur valeur, rachat par la soci\u00e9t\u00e9) ;&nbsp;<\/li>\n\n\n\n<li>Le nouveau nombre de titres ou nouvelle valeur en euros de chacun d\u2019eux ;<\/li>\n\n\n\n<li>Le montant du nouveau capital social ;<\/li>\n\n\n\n<li>Le num\u00e9ro de l\u2019article des statuts modifi\u00e9s ;&nbsp;<\/li>\n\n\n\n<li>L\u2019organe de direction qui a pris la d\u00e9cision de la r\u00e9duction de capital ;&nbsp;<\/li>\n\n\n\n<li>La date de d\u00e9cision et la date d\u2019effet (qui peut \u00eatre diff\u00e9rente).<\/li>\n<\/ul>\n\n\n\n<h3 class=\"wp-block-heading\">L\u2019enregistrement de la r\u00e9duction de capital social&nbsp;<\/h3>\n\n\n\n<p>Il faut effectuer un d\u00e9p\u00f4t de mani\u00e8re d\u00e9mat\u00e9rialis\u00e9e sur le site du guichet unique des entreprises. Ce guichet unique va par la suite transmettre la demande au greffe du tribunal qui proc\u00e9dera \u00e0 l&rsquo;inscription modificative du registre du commerce et des soci\u00e9t\u00e9s et portera la mention sur l&rsquo;extrait Kbis et effectuera une nouvelle publication au Bodacc.<\/p>\n\n\n\n<p>Effectivement, cette r\u00e9duction doit \u00eatre d\u00e9clar\u00e9e aupr\u00e8s du guichet des formalit\u00e9s des entreprises (obligatoire depuis le mois de juin 2023). Cette formalit\u00e9s implique de poss\u00e9der les pi\u00e8ces suivantes :<\/p>\n\n\n\n<ul class=\"wp-block-list\">\n<li>Un exemplaire du proc\u00e8s-verbal actant et constatant la r\u00e9alisation de la r\u00e9duction de capital, certifi\u00e9 conforme par le g\u00e9rant ;<\/li>\n\n\n\n<li>Un exemplaire des statuts mis \u00e0 jour, certifi\u00e9 conforme par le g\u00e9rant ;<\/li>\n\n\n\n<li>Une attestation de parution de l\u2019avis de modification dans un support d\u2019annonces l\u00e9gales ;&nbsp;<\/li>\n\n\n\n<li>Le justificatif du paiement des frais de greffe pour l\u2019inscription modificative au registre du commerce et des soci\u00e9t\u00e9s, la publication Bodacc, et l\u2019envoi des nouveaux Kbis<\/li>\n<\/ul>\n\n\n\n<p><strong>Attention <\/strong>: si la r\u00e9duction de capital entra\u00eene une modification des b\u00e9n\u00e9ficiaires effectifs, celle-ci doit \u00e9galement \u00eatre d\u00e9clar\u00e9e sur le guichet des formalit\u00e9s.&nbsp;<\/p>\n\n\n\n<p><strong>A noter que<\/strong> si la r\u00e9duction de capital n&rsquo;est pas motiv\u00e9e par des pertes, une proc\u00e9dure sp\u00e9ciale est pr\u00e9vue pour prot\u00e9ger les cr\u00e9anciers \u00e9ventuels de la soci\u00e9t\u00e9.<\/p>\n","protected":false},"excerpt":{"rendered":"<p>Il se peut qu\u2019au cours de la vie d\u2019une entreprise, vous ayez \u00e0 modifier le capital social, soit en l\u2019augmentant, soit en le diminuant.&nbsp; Il existe plusieurs moyens de diminuer le capital social d\u2019une entreprise, ce qui impose \u00e9galement une proc\u00e9dure et le respect d\u2019un certain formalisme, notamment quant \u00e0 son enregistrement et au respect&hellip; <a class=\"more-link\" href=\"https:\/\/www.legalvision.fr\/guides-juridiques\/capital\/reduction-du-capital-non-motive-par-les-pertes-comment-lenregistrer\/\">Poursuivre la lecture <span class=\"screen-reader-text\">R\u00e9duction du capital (non motiv\u00e9 par les pertes) : comment l&rsquo;enregistrer ?\u00a0<\/span><\/a><\/p>\n","protected":false},"author":85,"featured_media":0,"comment_status":"open","ping_status":"closed","sticky":false,"template":"","format":"standard","meta":{"content-type":"","inline_featured_image":false,"footnotes":""},"categories":[2478],"tags":[],"class_list":["post-39454","post","type-post","status-publish","format-standard","hentry","category-capital","entry"],"yoast_head":"<!-- This site is optimized with the Yoast SEO plugin v27.1.1 - https:\/\/yoast.com\/product\/yoast-seo-wordpress\/ -->\n<title>R\u00e9duction du capital non motiv\u00e9 par les pertes : tout comprendre<\/title>\n<meta name=\"robots\" content=\"index, follow, max-snippet:-1, max-image-preview:large, max-video-preview:-1\" \/>\n<link rel=\"canonical\" href=\"https:\/\/www.legalvision.fr\/guides-juridiques\/capital\/reduction-du-capital-non-motive-par-les-pertes-comment-lenregistrer\/\" \/>\n<meta property=\"og:locale\" content=\"fr_FR\" \/>\n<meta property=\"og:type\" content=\"article\" \/>\n<meta property=\"og:title\" content=\"R\u00e9duction du capital non motiv\u00e9 par les pertes : tout comprendre\" \/>\n<meta property=\"og:description\" content=\"Il se peut qu\u2019au cours de la vie d\u2019une entreprise, vous ayez \u00e0 modifier le capital social, soit en l\u2019augmentant, soit en le diminuant.&nbsp; Il existe plusieurs moyens de diminuer le capital social d\u2019une entreprise, ce qui impose \u00e9galement une proc\u00e9dure et le respect d\u2019un certain formalisme, notamment quant \u00e0 son enregistrement et au respect&hellip; Poursuivre la lecture R\u00e9duction du capital (non motiv\u00e9 par les pertes) : comment l&rsquo;enregistrer ?\u00a0\" \/>\n<meta property=\"og:url\" content=\"https:\/\/www.legalvision.fr\/guides-juridiques\/capital\/reduction-du-capital-non-motive-par-les-pertes-comment-lenregistrer\/\" \/>\n<meta property=\"og:site_name\" content=\"Guides juridiques\" \/>\n<meta property=\"article:published_time\" content=\"2023-08-10T13:22:00+00:00\" \/>\n<meta property=\"article:modified_time\" content=\"2023-09-14T15:22:56+00:00\" \/>\n<meta name=\"author\" content=\"Camille DRUGEOT\" \/>\n<meta name=\"twitter:card\" content=\"summary_large_image\" \/>\n<meta name=\"twitter:label1\" content=\"\u00c9crit par\" \/>\n\t<meta name=\"twitter:data1\" content=\"Camille DRUGEOT\" \/>\n\t<meta name=\"twitter:label2\" content=\"Dur\u00e9e de lecture estim\u00e9e\" \/>\n\t<meta name=\"twitter:data2\" content=\"10 minutes\" \/>\n<script type=\"application\/ld+json\" class=\"yoast-schema-graph\">{\"@context\":\"https:\/\/schema.org\",\"@graph\":[{\"@type\":\"Article\",\"@id\":\"https:\/\/www.legalvision.fr\/guides-juridiques\/capital\/reduction-du-capital-non-motive-par-les-pertes-comment-lenregistrer\/#article\",\"isPartOf\":{\"@id\":\"https:\/\/www.legalvision.fr\/guides-juridiques\/capital\/reduction-du-capital-non-motive-par-les-pertes-comment-lenregistrer\/\"},\"author\":{\"name\":\"Camille DRUGEOT\",\"@id\":\"https:\/\/www.legalvision.fr\/guides-juridiques\/#\/schema\/person\/bd6000754b0c87cdae9ade8a29c99f4d\"},\"headline\":\"R\u00e9duction du capital (non motiv\u00e9 par les pertes) : comment l&rsquo;enregistrer ?\u00a0\",\"datePublished\":\"2023-08-10T13:22:00+00:00\",\"dateModified\":\"2023-09-14T15:22:56+00:00\",\"mainEntityOfPage\":{\"@id\":\"https:\/\/www.legalvision.fr\/guides-juridiques\/capital\/reduction-du-capital-non-motive-par-les-pertes-comment-lenregistrer\/\"},\"wordCount\":2158,\"commentCount\":0,\"publisher\":{\"@id\":\"https:\/\/www.legalvision.fr\/guides-juridiques\/#organization\"},\"articleSection\":[\"Capital\"],\"inLanguage\":\"fr-FR\",\"potentialAction\":[{\"@type\":\"CommentAction\",\"name\":\"Comment\",\"target\":[\"https:\/\/www.legalvision.fr\/guides-juridiques\/capital\/reduction-du-capital-non-motive-par-les-pertes-comment-lenregistrer\/#respond\"]}]},{\"@type\":\"WebPage\",\"@id\":\"https:\/\/www.legalvision.fr\/guides-juridiques\/capital\/reduction-du-capital-non-motive-par-les-pertes-comment-lenregistrer\/\",\"url\":\"https:\/\/www.legalvision.fr\/guides-juridiques\/capital\/reduction-du-capital-non-motive-par-les-pertes-comment-lenregistrer\/\",\"name\":\"R\u00e9duction du capital non motiv\u00e9 par les pertes : tout comprendre\",\"isPartOf\":{\"@id\":\"https:\/\/www.legalvision.fr\/guides-juridiques\/#website\"},\"datePublished\":\"2023-08-10T13:22:00+00:00\",\"dateModified\":\"2023-09-14T15:22:56+00:00\",\"breadcrumb\":{\"@id\":\"https:\/\/www.legalvision.fr\/guides-juridiques\/capital\/reduction-du-capital-non-motive-par-les-pertes-comment-lenregistrer\/#breadcrumb\"},\"inLanguage\":\"fr-FR\",\"potentialAction\":[{\"@type\":\"ReadAction\",\"target\":[\"https:\/\/www.legalvision.fr\/guides-juridiques\/capital\/reduction-du-capital-non-motive-par-les-pertes-comment-lenregistrer\/\"]}]},{\"@type\":\"BreadcrumbList\",\"@id\":\"https:\/\/www.legalvision.fr\/guides-juridiques\/capital\/reduction-du-capital-non-motive-par-les-pertes-comment-lenregistrer\/#breadcrumb\",\"itemListElement\":[{\"@type\":\"ListItem\",\"position\":1,\"name\":\"Accueil\",\"item\":\"https:\/\/www.legalvision.fr\/guides-juridiques\/\"},{\"@type\":\"ListItem\",\"position\":2,\"name\":\"Capital\",\"item\":\"https:\/\/www.legalvision.fr\/guides-juridiques\/capital\/\"},{\"@type\":\"ListItem\",\"position\":3,\"name\":\"R\u00e9duction du capital (non motiv\u00e9 par les pertes) : comment l&rsquo;enregistrer ?\u00a0\"}]},{\"@type\":\"WebSite\",\"@id\":\"https:\/\/www.legalvision.fr\/guides-juridiques\/#website\",\"url\":\"https:\/\/www.legalvision.fr\/guides-juridiques\/\",\"name\":\"Guides juridiques\",\"description\":\"L&#039;information juridique \u00e0 destination des entreprises et TPE\",\"publisher\":{\"@id\":\"https:\/\/www.legalvision.fr\/guides-juridiques\/#organization\"},\"potentialAction\":[{\"@type\":\"SearchAction\",\"target\":{\"@type\":\"EntryPoint\",\"urlTemplate\":\"https:\/\/www.legalvision.fr\/guides-juridiques\/?s={search_term_string}\"},\"query-input\":{\"@type\":\"PropertyValueSpecification\",\"valueRequired\":true,\"valueName\":\"search_term_string\"}}],\"inLanguage\":\"fr-FR\"},{\"@type\":\"Organization\",\"@id\":\"https:\/\/www.legalvision.fr\/guides-juridiques\/#organization\",\"name\":\"Guides juridiques\",\"url\":\"https:\/\/www.legalvision.fr\/guides-juridiques\/\",\"logo\":{\"@type\":\"ImageObject\",\"inLanguage\":\"fr-FR\",\"@id\":\"https:\/\/www.legalvision.fr\/guides-juridiques\/#\/schema\/logo\/image\/\",\"url\":\"https:\/\/www.legalvision.fr\/guides-juridiques\/wp-content\/uploads\/2022\/10\/LV-Logotype.png\",\"contentUrl\":\"https:\/\/www.legalvision.fr\/guides-juridiques\/wp-content\/uploads\/2022\/10\/LV-Logotype.png\",\"width\":647,\"height\":125,\"caption\":\"Guides juridiques\"},\"image\":{\"@id\":\"https:\/\/www.legalvision.fr\/guides-juridiques\/#\/schema\/logo\/image\/\"}},{\"@type\":\"Person\",\"@id\":\"https:\/\/www.legalvision.fr\/guides-juridiques\/#\/schema\/person\/bd6000754b0c87cdae9ade8a29c99f4d\",\"name\":\"Camille DRUGEOT\",\"image\":{\"@type\":\"ImageObject\",\"inLanguage\":\"fr-FR\",\"@id\":\"https:\/\/www.legalvision.fr\/guides-juridiques\/#\/schema\/person\/image\/\",\"url\":\"https:\/\/www.legalvision.fr\/guides-juridiques\/wp-content\/uploads\/2023\/07\/cropped-femme4-96x96.png\",\"contentUrl\":\"https:\/\/www.legalvision.fr\/guides-juridiques\/wp-content\/uploads\/2023\/07\/cropped-femme4-96x96.png\",\"caption\":\"Camille DRUGEOT\"},\"url\":\"https:\/\/www.legalvision.fr\/guides-juridiques\/author\/camille-drugeot\/\"}]}<\/script>\n<!-- \/ Yoast SEO plugin. -->","yoast_head_json":{"title":"R\u00e9duction du capital non motiv\u00e9 par les pertes : tout comprendre","robots":{"index":"index","follow":"follow","max-snippet":"max-snippet:-1","max-image-preview":"max-image-preview:large","max-video-preview":"max-video-preview:-1"},"canonical":"https:\/\/www.legalvision.fr\/guides-juridiques\/capital\/reduction-du-capital-non-motive-par-les-pertes-comment-lenregistrer\/","og_locale":"fr_FR","og_type":"article","og_title":"R\u00e9duction du capital non motiv\u00e9 par les pertes : tout comprendre","og_description":"Il se peut qu\u2019au cours de la vie d\u2019une entreprise, vous ayez \u00e0 modifier le capital social, soit en l\u2019augmentant, soit en le diminuant.&nbsp; Il existe plusieurs moyens de diminuer le capital social d\u2019une entreprise, ce qui impose \u00e9galement une proc\u00e9dure et le respect d\u2019un certain formalisme, notamment quant \u00e0 son enregistrement et au respect&hellip; Poursuivre la lecture R\u00e9duction du capital (non motiv\u00e9 par les pertes) : comment l&rsquo;enregistrer ?\u00a0","og_url":"https:\/\/www.legalvision.fr\/guides-juridiques\/capital\/reduction-du-capital-non-motive-par-les-pertes-comment-lenregistrer\/","og_site_name":"Guides juridiques","article_published_time":"2023-08-10T13:22:00+00:00","article_modified_time":"2023-09-14T15:22:56+00:00","author":"Camille DRUGEOT","twitter_card":"summary_large_image","twitter_misc":{"\u00c9crit par":"Camille DRUGEOT","Dur\u00e9e de lecture estim\u00e9e":"10 minutes"},"schema":{"@context":"https:\/\/schema.org","@graph":[{"@type":"Article","@id":"https:\/\/www.legalvision.fr\/guides-juridiques\/capital\/reduction-du-capital-non-motive-par-les-pertes-comment-lenregistrer\/#article","isPartOf":{"@id":"https:\/\/www.legalvision.fr\/guides-juridiques\/capital\/reduction-du-capital-non-motive-par-les-pertes-comment-lenregistrer\/"},"author":{"name":"Camille DRUGEOT","@id":"https:\/\/www.legalvision.fr\/guides-juridiques\/#\/schema\/person\/bd6000754b0c87cdae9ade8a29c99f4d"},"headline":"R\u00e9duction du capital (non motiv\u00e9 par les pertes) : comment l&rsquo;enregistrer ?\u00a0","datePublished":"2023-08-10T13:22:00+00:00","dateModified":"2023-09-14T15:22:56+00:00","mainEntityOfPage":{"@id":"https:\/\/www.legalvision.fr\/guides-juridiques\/capital\/reduction-du-capital-non-motive-par-les-pertes-comment-lenregistrer\/"},"wordCount":2158,"commentCount":0,"publisher":{"@id":"https:\/\/www.legalvision.fr\/guides-juridiques\/#organization"},"articleSection":["Capital"],"inLanguage":"fr-FR","potentialAction":[{"@type":"CommentAction","name":"Comment","target":["https:\/\/www.legalvision.fr\/guides-juridiques\/capital\/reduction-du-capital-non-motive-par-les-pertes-comment-lenregistrer\/#respond"]}]},{"@type":"WebPage","@id":"https:\/\/www.legalvision.fr\/guides-juridiques\/capital\/reduction-du-capital-non-motive-par-les-pertes-comment-lenregistrer\/","url":"https:\/\/www.legalvision.fr\/guides-juridiques\/capital\/reduction-du-capital-non-motive-par-les-pertes-comment-lenregistrer\/","name":"R\u00e9duction du capital non motiv\u00e9 par les pertes : tout comprendre","isPartOf":{"@id":"https:\/\/www.legalvision.fr\/guides-juridiques\/#website"},"datePublished":"2023-08-10T13:22:00+00:00","dateModified":"2023-09-14T15:22:56+00:00","breadcrumb":{"@id":"https:\/\/www.legalvision.fr\/guides-juridiques\/capital\/reduction-du-capital-non-motive-par-les-pertes-comment-lenregistrer\/#breadcrumb"},"inLanguage":"fr-FR","potentialAction":[{"@type":"ReadAction","target":["https:\/\/www.legalvision.fr\/guides-juridiques\/capital\/reduction-du-capital-non-motive-par-les-pertes-comment-lenregistrer\/"]}]},{"@type":"BreadcrumbList","@id":"https:\/\/www.legalvision.fr\/guides-juridiques\/capital\/reduction-du-capital-non-motive-par-les-pertes-comment-lenregistrer\/#breadcrumb","itemListElement":[{"@type":"ListItem","position":1,"name":"Accueil","item":"https:\/\/www.legalvision.fr\/guides-juridiques\/"},{"@type":"ListItem","position":2,"name":"Capital","item":"https:\/\/www.legalvision.fr\/guides-juridiques\/capital\/"},{"@type":"ListItem","position":3,"name":"R\u00e9duction du capital (non motiv\u00e9 par les pertes) : comment l&rsquo;enregistrer ?\u00a0"}]},{"@type":"WebSite","@id":"https:\/\/www.legalvision.fr\/guides-juridiques\/#website","url":"https:\/\/www.legalvision.fr\/guides-juridiques\/","name":"Guides juridiques","description":"L&#039;information juridique \u00e0 destination des entreprises et TPE","publisher":{"@id":"https:\/\/www.legalvision.fr\/guides-juridiques\/#organization"},"potentialAction":[{"@type":"SearchAction","target":{"@type":"EntryPoint","urlTemplate":"https:\/\/www.legalvision.fr\/guides-juridiques\/?s={search_term_string}"},"query-input":{"@type":"PropertyValueSpecification","valueRequired":true,"valueName":"search_term_string"}}],"inLanguage":"fr-FR"},{"@type":"Organization","@id":"https:\/\/www.legalvision.fr\/guides-juridiques\/#organization","name":"Guides juridiques","url":"https:\/\/www.legalvision.fr\/guides-juridiques\/","logo":{"@type":"ImageObject","inLanguage":"fr-FR","@id":"https:\/\/www.legalvision.fr\/guides-juridiques\/#\/schema\/logo\/image\/","url":"https:\/\/www.legalvision.fr\/guides-juridiques\/wp-content\/uploads\/2022\/10\/LV-Logotype.png","contentUrl":"https:\/\/www.legalvision.fr\/guides-juridiques\/wp-content\/uploads\/2022\/10\/LV-Logotype.png","width":647,"height":125,"caption":"Guides juridiques"},"image":{"@id":"https:\/\/www.legalvision.fr\/guides-juridiques\/#\/schema\/logo\/image\/"}},{"@type":"Person","@id":"https:\/\/www.legalvision.fr\/guides-juridiques\/#\/schema\/person\/bd6000754b0c87cdae9ade8a29c99f4d","name":"Camille DRUGEOT","image":{"@type":"ImageObject","inLanguage":"fr-FR","@id":"https:\/\/www.legalvision.fr\/guides-juridiques\/#\/schema\/person\/image\/","url":"https:\/\/www.legalvision.fr\/guides-juridiques\/wp-content\/uploads\/2023\/07\/cropped-femme4-96x96.png","contentUrl":"https:\/\/www.legalvision.fr\/guides-juridiques\/wp-content\/uploads\/2023\/07\/cropped-femme4-96x96.png","caption":"Camille DRUGEOT"},"url":"https:\/\/www.legalvision.fr\/guides-juridiques\/author\/camille-drugeot\/"}]}},"_links":{"self":[{"href":"https:\/\/www.legalvision.fr\/guides-juridiques\/wp-json\/wp\/v2\/posts\/39454","targetHints":{"allow":["GET"]}}],"collection":[{"href":"https:\/\/www.legalvision.fr\/guides-juridiques\/wp-json\/wp\/v2\/posts"}],"about":[{"href":"https:\/\/www.legalvision.fr\/guides-juridiques\/wp-json\/wp\/v2\/types\/post"}],"author":[{"embeddable":true,"href":"https:\/\/www.legalvision.fr\/guides-juridiques\/wp-json\/wp\/v2\/users\/85"}],"replies":[{"embeddable":true,"href":"https:\/\/www.legalvision.fr\/guides-juridiques\/wp-json\/wp\/v2\/comments?post=39454"}],"version-history":[{"count":2,"href":"https:\/\/www.legalvision.fr\/guides-juridiques\/wp-json\/wp\/v2\/posts\/39454\/revisions"}],"predecessor-version":[{"id":39475,"href":"https:\/\/www.legalvision.fr\/guides-juridiques\/wp-json\/wp\/v2\/posts\/39454\/revisions\/39475"}],"wp:attachment":[{"href":"https:\/\/www.legalvision.fr\/guides-juridiques\/wp-json\/wp\/v2\/media?parent=39454"}],"wp:term":[{"taxonomy":"category","embeddable":true,"href":"https:\/\/www.legalvision.fr\/guides-juridiques\/wp-json\/wp\/v2\/categories?post=39454"},{"taxonomy":"post_tag","embeddable":true,"href":"https:\/\/www.legalvision.fr\/guides-juridiques\/wp-json\/wp\/v2\/tags?post=39454"}],"curies":[{"name":"wp","href":"https:\/\/api.w.org\/{rel}","templated":true}]}}