{"id":3929,"date":"2018-05-14T10:57:41","date_gmt":"2018-05-14T09:57:41","guid":{"rendered":"https:\/\/blog.legalvision.fr\/?p=3929"},"modified":"2022-03-27T21:21:10","modified_gmt":"2022-03-27T19:21:10","slug":"transfert-siege-social-sarl","status":"publish","type":"post","link":"https:\/\/www.legalvision.fr\/guides-juridiques\/sarl\/transfert-siege-social-sarl\/","title":{"rendered":"Comment proc\u00e9der au transfert de si\u00e8ge social SARL ou EURL"},"content":{"rendered":"<p>Toute soci\u00e9t\u00e9 se doit d&rsquo;avoir un si\u00e8ge social. L&rsquo;adresse de ce si\u00e8ge social doit, en principe, rester fixe. Cependant, certaines circonstances peuvent pousser les associ\u00e9s d&rsquo;une SARL \u00e0 d\u00e9cider du <strong>transfert si\u00e8ge social SARL<\/strong>. Or, outre le <a href=\"https:\/\/www.legalvision.fr\/cout-reel-des-formalites-juridiques\/\"><strong>co\u00fbt transfert de si\u00e8ge<\/strong><\/a>, le<a href=\"https:\/\/www.legalvision.fr\/modification-statuts\/transfert-de-siege-social\"><strong> transfert du si\u00e8ge social d&rsquo;une SARL<\/strong><\/a> implique de suivre toute une proc\u00e9dure obligatoire. En effet, il appartiendra aux associ\u00e9s de la SARL de prendre une d\u00e9cision de transfert de si\u00e8ge social, laquelle devra \u00eatre suivie de l&rsquo;accomplissement de certaines formalit\u00e9s.<\/p>\n<h3><strong>Sommaire :\u00a0<\/strong><\/h3>\n<p><a href=\"#1\"><strong>La d\u00e9cision de transfert si\u00e8ge social SARL\u00a0<\/strong><\/a><br \/>\n<a href=\"#2\"><strong>Les formalit\u00e9s de transfert si\u00e8ge social SARL<\/strong><\/a><\/p>\n<div class=\"wp-block-button\" style=\"text-align:center;\"><a class=\"wp-block-button__link has-background\" href=\"https:\/\/www.legalvision.fr\/tous-les-services\/\">Commencer les d\u00e9marches pour ma SARL<\/a><\/div>\n<h2 id=\"1\">La d\u00e9cision de transfert si\u00e8ge social SARL<\/h2>\n<h3>La comp\u00e9tence pour d\u00e9cider du transfert si\u00e8ge social SARL<\/h3>\n<p>Tout <a href=\"https:\/\/www.legalvision.fr\/modification-statuts\/transfert-de-siege-social\/\"><strong>transfert de si\u00e8ge SARL<\/strong><\/a> implique la prise d&rsquo;une d\u00e9cision. En effet, le<strong> transfert si\u00e8ge social SARL<\/strong> ne peut \u00eatre d\u00e9cid\u00e9 que suite \u00e0 une d\u00e9cision des associ\u00e9s r\u00e9unis en assembl\u00e9e g\u00e9n\u00e9rale extraordinaire (AGE). N\u00e9anmoins, il est possible pour le g\u00e9rant de la SARL de d\u00e9cider d&rsquo;un transfert de si\u00e8ge seul. Toutefois, cette possibilit\u00e9 est limit\u00e9e au transfert dans un d\u00e9partement limitrophe. Encore, la d\u00e9cision du g\u00e9rant devra \u00eatre valid\u00e9e par les associ\u00e9s r\u00e9unis en AG. Du reste, certains greffes refusent d&rsquo;enregistrer le changement d&rsquo;adresse de la SARL \u00e0 d\u00e9faut de d\u00e9cision des associ\u00e9s.<\/p>\n<p>Ainsi, il convient de convoquer une AGE. Les associ\u00e9s devront s&rsquo;y prononcer sur la proposition de\u00a0<strong>transfert si\u00e8ge social SARL<\/strong>. Les modalit\u00e9s de la prise de d\u00e9cision d\u00e9pendront de la date de cr\u00e9ation de la SARL. Ainsi :<\/p>\n<ul>\n<li>Pour une SARL cr\u00e9\u00e9e avant le 4 ao\u00fbt 2005, la d\u00e9cision des associ\u00e9s de transf\u00e9rer le si\u00e8ge social devra \u00eatre prise \u00e0 une majorit\u00e9 de 3\/4 des parts sociales.<\/li>\n<li>Pour une SARL cr\u00e9\u00e9e \u00e0 partir du 4 ao\u00fbt 2005, la d\u00e9cision des associ\u00e9s de transf\u00e9rer le si\u00e8ge social ne pourra \u00eatre prise que si 1\/4 des associ\u00e9s en termes de parts sociales sont pr\u00e9sents ou repr\u00e9sent\u00e9s \u00e0 l&rsquo;assembl\u00e9e sur premi\u00e8re convocation. Si ce quorum n&rsquo;est pas atteint, il sera possible de convoquer une seconde AGE pour laquelle la pr\u00e9sence de 1\/5 des associ\u00e9s devra \u00eatre assur\u00e9e. Dans les deux cas, la d\u00e9cision devra \u00eatre adopt\u00e9e \u00e0 une majorit\u00e9 des 2\/3.<\/li>\n<\/ul>\n<p>La situation est plus simple lorsqu&rsquo;il s&rsquo;agit du <strong>changement d&rsquo;adresse du si\u00e8ge social d&rsquo;une EURL<\/strong>. En effet, il reviendra \u00e0 l&rsquo;associ\u00e9 unique de prendre une <strong>d\u00e9cision de transfert de si\u00e8ge EURL<\/strong>.<\/p>\n<h3>Les suites de la d\u00e9cision du transfert si\u00e8ge social SARL<\/h3>\n<p>Dans chacun des cas, qu&rsquo;il s&rsquo;agisse du <a href=\"https:\/\/www.legalvision.fr\/modification-statuts\/transfert-de-siege-social\/\"><strong>transfert du si\u00e8ge social d&rsquo;une SARL<\/strong><\/a> ou du <a href=\"https:\/\/www.legalvision.fr\/modification-statuts\/transfert-de-siege-social\/\"><strong>changement d&rsquo;adresse EURL<\/strong><\/a>, il conviendra de mettre les statuts \u00e0 jour. En effet, l&rsquo;article des statuts relatif \u00e0 l&rsquo;adresse du si\u00e8ge social devra \u00eatre modifi\u00e9. Ainsi, il conviendra de modifier l&rsquo;adresse indiqu\u00e9e dans les statuts afin de la remplacer par l&rsquo;adresse o\u00f9 se trouvera le si\u00e8ge social suite au transfert.<\/p>\n<p>Encore, il sera n\u00e9cessaire de <strong>retranscrire la d\u00e9cision de transfert si\u00e8ge social SARL dans un proc\u00e8s verbal<\/strong> (PV). Ce PV devra comporter des informations relatives \u00e0 la d\u00e9cision, ainsi qu&rsquo;\u00e0 la modification des statuts. Ainsi, il conviendra d&rsquo;y indiquer :<\/p>\n<ul>\n<li>L&rsquo;organe ayant d\u00e9cid\u00e9 du <strong>transfert de si\u00e8ge social EURL ou SARL<\/strong>. Ainsi, il conviendra d&rsquo;indiquer que la d\u00e9cision relevait de l&rsquo;associ\u00e9 unique de l&rsquo;EURL, ou de l&rsquo;AGE de la SARL ;<\/li>\n<li>La date de la d\u00e9cision de transf\u00e9rer le si\u00e8ge social ;<\/li>\n<li>L&rsquo;article des statuts modifi\u00e9 en cons\u00e9quence. \u00c0 ce titre, il faudra indiquer l&rsquo;ancienne r\u00e9daction de l&rsquo;article, ainsi que sa nouvelle r\u00e9daction.<\/li>\n<\/ul>\n<p>Outre cela, la <strong>d\u00e9cision de transfert si\u00e8ge social SARL ou EURL<\/strong> devra faire l&rsquo;objet de quelques formalit\u00e9s. Chacune de ces formalit\u00e9s devra \u00eatre accomplie dans un d\u00e9lai d&rsquo;un mois suivant la d\u00e9cision de transf\u00e9rer le si\u00e8ge social.<\/p>\n<h2 id=\"2\">Les formalit\u00e9s de transfert si\u00e8ge social SARL<\/h2>\n<h3>La publicit\u00e9 du transfert de si\u00e8ge social<\/h3>\n<h4>L&rsquo;insertion dans un journal d&rsquo;annonces l\u00e9gales<\/h4>\n<p>La premi\u00e8re des <strong>formalit\u00e9s li\u00e9e au transfert de si\u00e8ge SARL<\/strong> est li\u00e9e \u00e0 une obligation de publicit\u00e9. Ainsi, il sera n\u00e9cessaire de publier un avis de transfert si\u00e8ge social SARL dans un journal d&rsquo;annonces l\u00e9gales (JAL). Cette publication se fera contre remise d&rsquo;un document attestant de la r\u00e9alisation de cette formalit\u00e9. En outre, cette insertion peut parfois se d\u00e9doubler. En effet, il suffit de publier un avis dans un JAL lorsque le si\u00e8ge est transf\u00e9r\u00e9 au sein d&rsquo;un m\u00eame d\u00e9partement. Toutefois, d\u00e8s lors que le transfert si\u00e8ge social SARL \u00e9tablit le si\u00e8ge social dans un nouveau d\u00e9partement, et donc dans le ressort d&rsquo;un nouveau tribunal de commerce, une seconde publication est n\u00e9cessaire. Ainsi, en cas de changement de ressort, il faudra :<\/p>\n<ul>\n<li>Publier un avis de transfert de si\u00e8ge dans un JAL du lieu de d\u00e9part ;<\/li>\n<li>Et, publier un avis de transfert de si\u00e8ge dans un JAL du lieu d&rsquo;arriv\u00e9e.<\/li>\n<\/ul>\n<p>En outre, l&rsquo;insertion d&rsquo;un avis dans un JAL suppose des frais qui viennent s&rsquo;ajouter au <a href=\"https:\/\/www.legalvision.fr\/cout-reel-des-formalites-juridiques\/\"><strong>co\u00fbt transfert de si\u00e8ge<\/strong><\/a>. En effet, chaque insertion implique de s&rsquo;acquitter d&rsquo;une somme variant de 150 \u00e0 300 euros. Toutefois, il existe quelques JAL permettant de faire une unique insertion pour plusieurs d\u00e9partements.<\/p>\n<h4>Les mentions de l&rsquo;avis de transfert de si\u00e8ge<\/h4>\n<p>L&rsquo;avis de transfert si\u00e8ge social SARL doit comporter un certain nombre de mentions. Ainsi, il faudra y indiquer :<\/p>\n<ul>\n<li>Le fait que l&rsquo;insertion est r\u00e9alis\u00e9e suite \u00e0 un <strong>transfert si\u00e8ge social SARL ou EURL<\/strong> ;<\/li>\n<li>La mention que la d\u00e9cision du changement d&rsquo;adresse r\u00e9sulte d&rsquo;une d\u00e9cision des associ\u00e9s. Il conviendra d&rsquo;indiquer la date de celle-ci, ainsi que le mode selon laquelle elle a \u00e9t\u00e9 adopt\u00e9e ;<\/li>\n<li>L&rsquo;indication de la d\u00e9nomination sociale de la soci\u00e9t\u00e9 ;<\/li>\n<li>La forme juridique de la soci\u00e9t\u00e9. Dans le cas pr\u00e9sent, il s&rsquo;agira de l&rsquo;indication de la forme SARL ou EURL ;<\/li>\n<li>Le num\u00e9ro SIREN de l&rsquo;entreprise ;<\/li>\n<li>Le num\u00e9ro d&rsquo;immatriculation de la soci\u00e9t\u00e9 aupr\u00e8s du RCS ;<\/li>\n<li>La mention du montant du capital social de la soci\u00e9t\u00e9 ;<\/li>\n<li>L&rsquo;adresse de l&rsquo;ancien si\u00e8ge social ;<\/li>\n<li>L&rsquo;adresse du nouveau si\u00e8ge social ;<\/li>\n<li>Enfin, il faudra indiquer aupr\u00e8s de quel tribunal de commerce la soci\u00e9t\u00e9 sera immatricul\u00e9e suite au transfert.<\/li>\n<\/ul>\n<p>En outre, dans le cadre d&rsquo;un transfert de si\u00e8ge social en dehors du d\u00e9partement de d\u00e9part, il conviendra d&rsquo;indiquer l&rsquo;identit\u00e9 et l&rsquo;adresse des g\u00e9rants de la SARL ou de l&rsquo;EURL.<\/p>\n<h3>Les formalit\u00e9s transfert si\u00e8ge social SARL aupr\u00e8s du CFE<\/h3>\n<p>Le g\u00e9rant de la SARL, ou un tiers nomm\u00e9 \u00e0 cet effet, devra adresser un dossier de transfert de si\u00e8ge social au centre de formalit\u00e9s des entreprises (CFE) du lieu d&rsquo;arriv\u00e9e de la soci\u00e9t\u00e9. Ce dossier devra inclure, notamment :<\/p>\n<ul>\n<li>Un <a href=\"https:\/\/www.google.com\/url?sa=t&amp;rct=j&amp;q=&amp;esrc=s&amp;source=web&amp;cd=1&amp;cad=rja&amp;uact=8&amp;ved=0ahUKEwiEh9bEgpXcAhVJ16QKHfeLCxEQFggoMAA&amp;url=https%3A%2F%2Fwww.formulaires.modernisation.gouv.fr%2Fgf%2Fcerfa_11682.do&amp;usg=AOvVaw0M2prE_Mmj9fw2YRXXKOot\">formulaire M2<\/a> de modification de soci\u00e9t\u00e9. Ce formulaire devra \u00eatre compl\u00e9t\u00e9 de mani\u00e8re \u00e0 indiquer que la modification de la SARL r\u00e9sulte d&rsquo;un transfert de si\u00e8ge social. Ainsi, il faudra indiquer l&rsquo;ancienne adresse du si\u00e8ge social, ainsi que la nouvelle ;<\/li>\n<li>Une copie des statuts de la soci\u00e9t\u00e9, dans leur version apr\u00e8s la modification statutaire. Cette copie doit \u00eatre dat\u00e9e et certifi\u00e9e conforme par le g\u00e9rant de SARL ;<\/li>\n<li>L&rsquo;attestation de parution d&rsquo;un avis dans un JAL ;<\/li>\n<li>Un exemplaire du PV constatant la <strong>d\u00e9cision de transfert si\u00e8ge SARL<\/strong> ;<\/li>\n<li>Un document prouvant le droit de jouissance de la SARL sur les locaux qui deviendront son nouveau si\u00e8ge social. Il peut s&rsquo;agir d&rsquo;une copie d&rsquo;un bail, ou encore d&rsquo;une facture ;<\/li>\n<\/ul>\n<p>En outre, lorsque le si\u00e8ge social est transf\u00e9r\u00e9 dans le ressort d&rsquo;un autre tribunal de commerce, il conviendra de joindre un document dressant la liste des anciens si\u00e8ges sociaux de la soci\u00e9t\u00e9. \u00c0 nouveau, ce document doit \u00eatre certifi\u00e9 conforme par le g\u00e9rant.<\/p>\n<p>Enfin, l&rsquo;accomplissement de ces formalit\u00e9s participe du <a href=\"https:\/\/www.legalvision.fr\/cout-reel-des-formalites-juridiques\/\"><strong>co\u00fbt transfert de si\u00e8ge<\/strong><\/a>. En effet, les formalit\u00e9s li\u00e9es au <strong><a href=\"https:\/\/www.legalvision.fr\/modification-statuts\/transfert-de-siege-social\/\">transfert du si\u00e8ge social d&rsquo;une SARL<\/a><\/strong> impliqueront le paiement de :<\/p>\n<ul>\n<li>195,38 euros en cas de transfert dans un m\u00eame d\u00e9partement ;<\/li>\n<li>242,61 euros en cas de transfert dans un autre d\u00e9partement ;<\/li>\n<\/ul>\n<p>Toutefois, une r\u00e9duction de 116 euros s&rsquo;applique \u00e0 ces frais pour les EURL dont la g\u00e9rance est assur\u00e9e personnellement par l&rsquo;associ\u00e9 unique.<\/p>\n<p>&lt;.\/center&gt;<\/p>\n<p><\/p>\n<div class=\"wp-block-button\" style=\"text-align:center;\"><a class=\"wp-block-button__link has-background\" href=\"https:\/\/www.legalvision.fr\/tous-les-services\/\">Commencer les d\u00e9marches pour ma SARL<\/a><\/div>\n","protected":false},"excerpt":{"rendered":"<p>Toute soci\u00e9t\u00e9 se doit d&rsquo;avoir un si\u00e8ge social. L&rsquo;adresse de ce si\u00e8ge social doit, en principe, rester fixe. Cependant, certaines circonstances peuvent pousser les associ\u00e9s d&rsquo;une SARL \u00e0 d\u00e9cider du transfert si\u00e8ge social SARL. Or, outre le co\u00fbt transfert de si\u00e8ge, le transfert du si\u00e8ge social d&rsquo;une SARL implique de suivre toute une proc\u00e9dure obligatoire.&hellip; <a class=\"more-link\" href=\"https:\/\/www.legalvision.fr\/guides-juridiques\/sarl\/transfert-siege-social-sarl\/\">Poursuivre la lecture <span class=\"screen-reader-text\">Comment proc\u00e9der au transfert de si\u00e8ge social SARL ou EURL<\/span><\/a><\/p>\n","protected":false},"author":18,"featured_media":22273,"comment_status":"open","ping_status":"open","sticky":false,"template":"","format":"standard","meta":{"content-type":"","inline_featured_image":false,"footnotes":""},"categories":[2497],"tags":[],"class_list":["post-3929","post","type-post","status-publish","format-standard","has-post-thumbnail","hentry","category-sarl","entry"],"yoast_head":"<!-- This site is optimized with the Yoast SEO plugin v27.1.1 - https:\/\/yoast.com\/product\/yoast-seo-wordpress\/ -->\n<title>Transfert de si\u00e8ge social SARL : la proc\u00e9dure \u00e0 suivre<\/title>\n<meta name=\"description\" content=\"LegalVision vous informe sur la proc\u00e9dure \u00e0 suivre et les formalit\u00e9s \u00e0 accomplir pour mener \u00e0 terme un transfert si\u00e8ge social SARL ou d&#039;EURL.\" \/>\n<meta name=\"robots\" content=\"index, follow, max-snippet:-1, max-image-preview:large, max-video-preview:-1\" \/>\n<link rel=\"canonical\" href=\"https:\/\/www.legalvision.fr\/guides-juridiques\/sarl\/transfert-siege-social-sarl\/\" \/>\n<meta property=\"og:locale\" content=\"fr_FR\" \/>\n<meta property=\"og:type\" content=\"article\" \/>\n<meta property=\"og:title\" content=\"Transfert de si\u00e8ge social SARL : la proc\u00e9dure \u00e0 suivre\" \/>\n<meta property=\"og:description\" content=\"LegalVision vous informe sur la proc\u00e9dure \u00e0 suivre et les formalit\u00e9s \u00e0 accomplir pour mener \u00e0 terme un transfert si\u00e8ge social SARL ou d&#039;EURL.\" \/>\n<meta property=\"og:url\" content=\"https:\/\/www.legalvision.fr\/guides-juridiques\/sarl\/transfert-siege-social-sarl\/\" \/>\n<meta property=\"og:site_name\" content=\"Guides juridiques\" \/>\n<meta property=\"article:published_time\" content=\"2018-05-14T09:57:41+00:00\" \/>\n<meta property=\"article:modified_time\" content=\"2022-03-27T19:21:10+00:00\" \/>\n<meta property=\"og:image\" content=\"https:\/\/www.legalvision.fr\/guides-juridiques\/wp-content\/uploads\/2018\/05\/Tranfert-si\u00e8ge-social-min.jpg\" \/>\n\t<meta property=\"og:image:width\" content=\"958\" \/>\n\t<meta property=\"og:image:height\" content=\"350\" \/>\n\t<meta property=\"og:image:type\" content=\"image\/jpeg\" \/>\n<meta name=\"author\" content=\"Valentin Giandomenico\" \/>\n<meta name=\"twitter:card\" content=\"summary_large_image\" \/>\n<meta name=\"twitter:label1\" content=\"\u00c9crit par\" \/>\n\t<meta name=\"twitter:data1\" content=\"Valentin Giandomenico\" \/>\n\t<meta name=\"twitter:label2\" content=\"Dur\u00e9e de lecture estim\u00e9e\" \/>\n\t<meta name=\"twitter:data2\" content=\"6 minutes\" \/>\n<script type=\"application\/ld+json\" class=\"yoast-schema-graph\">{\"@context\":\"https:\/\/schema.org\",\"@graph\":[{\"@type\":\"Article\",\"@id\":\"https:\/\/www.legalvision.fr\/guides-juridiques\/sarl\/transfert-siege-social-sarl\/#article\",\"isPartOf\":{\"@id\":\"https:\/\/www.legalvision.fr\/guides-juridiques\/sarl\/transfert-siege-social-sarl\/\"},\"author\":{\"name\":\"Valentin Giandomenico\",\"@id\":\"https:\/\/www.legalvision.fr\/guides-juridiques\/#\/schema\/person\/67f95ffb60649ed460d4778154ac2031\"},\"headline\":\"Comment proc\u00e9der au transfert de si\u00e8ge social SARL ou EURL\",\"datePublished\":\"2018-05-14T09:57:41+00:00\",\"dateModified\":\"2022-03-27T19:21:10+00:00\",\"mainEntityOfPage\":{\"@id\":\"https:\/\/www.legalvision.fr\/guides-juridiques\/sarl\/transfert-siege-social-sarl\/\"},\"wordCount\":1553,\"commentCount\":2,\"publisher\":{\"@id\":\"https:\/\/www.legalvision.fr\/guides-juridiques\/#organization\"},\"image\":{\"@id\":\"https:\/\/www.legalvision.fr\/guides-juridiques\/sarl\/transfert-siege-social-sarl\/#primaryimage\"},\"thumbnailUrl\":\"https:\/\/www.legalvision.fr\/guides-juridiques\/wp-content\/uploads\/2018\/05\/Tranfert-si\u00e8ge-social-min.jpg\",\"articleSection\":[\"SARL\"],\"inLanguage\":\"fr-FR\",\"potentialAction\":[{\"@type\":\"CommentAction\",\"name\":\"Comment\",\"target\":[\"https:\/\/www.legalvision.fr\/guides-juridiques\/sarl\/transfert-siege-social-sarl\/#respond\"]}]},{\"@type\":\"WebPage\",\"@id\":\"https:\/\/www.legalvision.fr\/guides-juridiques\/sarl\/transfert-siege-social-sarl\/\",\"url\":\"https:\/\/www.legalvision.fr\/guides-juridiques\/sarl\/transfert-siege-social-sarl\/\",\"name\":\"Transfert de si\u00e8ge social SARL : la proc\u00e9dure \u00e0 suivre\",\"isPartOf\":{\"@id\":\"https:\/\/www.legalvision.fr\/guides-juridiques\/#website\"},\"primaryImageOfPage\":{\"@id\":\"https:\/\/www.legalvision.fr\/guides-juridiques\/sarl\/transfert-siege-social-sarl\/#primaryimage\"},\"image\":{\"@id\":\"https:\/\/www.legalvision.fr\/guides-juridiques\/sarl\/transfert-siege-social-sarl\/#primaryimage\"},\"thumbnailUrl\":\"https:\/\/www.legalvision.fr\/guides-juridiques\/wp-content\/uploads\/2018\/05\/Tranfert-si\u00e8ge-social-min.jpg\",\"datePublished\":\"2018-05-14T09:57:41+00:00\",\"dateModified\":\"2022-03-27T19:21:10+00:00\",\"description\":\"LegalVision vous informe sur la proc\u00e9dure \u00e0 suivre et les formalit\u00e9s \u00e0 accomplir pour mener \u00e0 terme un transfert si\u00e8ge social SARL ou d'EURL.\",\"breadcrumb\":{\"@id\":\"https:\/\/www.legalvision.fr\/guides-juridiques\/sarl\/transfert-siege-social-sarl\/#breadcrumb\"},\"inLanguage\":\"fr-FR\",\"potentialAction\":[{\"@type\":\"ReadAction\",\"target\":[\"https:\/\/www.legalvision.fr\/guides-juridiques\/sarl\/transfert-siege-social-sarl\/\"]}]},{\"@type\":\"ImageObject\",\"inLanguage\":\"fr-FR\",\"@id\":\"https:\/\/www.legalvision.fr\/guides-juridiques\/sarl\/transfert-siege-social-sarl\/#primaryimage\",\"url\":\"https:\/\/www.legalvision.fr\/guides-juridiques\/wp-content\/uploads\/2018\/05\/Tranfert-si\u00e8ge-social-min.jpg\",\"contentUrl\":\"https:\/\/www.legalvision.fr\/guides-juridiques\/wp-content\/uploads\/2018\/05\/Tranfert-si\u00e8ge-social-min.jpg\",\"width\":958,\"height\":350,\"caption\":\"Transfert si\u00e8ge social\"},{\"@type\":\"BreadcrumbList\",\"@id\":\"https:\/\/www.legalvision.fr\/guides-juridiques\/sarl\/transfert-siege-social-sarl\/#breadcrumb\",\"itemListElement\":[{\"@type\":\"ListItem\",\"position\":1,\"name\":\"Accueil\",\"item\":\"https:\/\/www.legalvision.fr\/guides-juridiques\/\"},{\"@type\":\"ListItem\",\"position\":2,\"name\":\"SARL\",\"item\":\"https:\/\/www.legalvision.fr\/guides-juridiques\/sarl\/\"},{\"@type\":\"ListItem\",\"position\":3,\"name\":\"Comment proc\u00e9der au transfert de si\u00e8ge social SARL ou EURL\"}]},{\"@type\":\"WebSite\",\"@id\":\"https:\/\/www.legalvision.fr\/guides-juridiques\/#website\",\"url\":\"https:\/\/www.legalvision.fr\/guides-juridiques\/\",\"name\":\"Guides juridiques\",\"description\":\"L&#039;information juridique \u00e0 destination des entreprises et TPE\",\"publisher\":{\"@id\":\"https:\/\/www.legalvision.fr\/guides-juridiques\/#organization\"},\"potentialAction\":[{\"@type\":\"SearchAction\",\"target\":{\"@type\":\"EntryPoint\",\"urlTemplate\":\"https:\/\/www.legalvision.fr\/guides-juridiques\/?s={search_term_string}\"},\"query-input\":{\"@type\":\"PropertyValueSpecification\",\"valueRequired\":true,\"valueName\":\"search_term_string\"}}],\"inLanguage\":\"fr-FR\"},{\"@type\":\"Organization\",\"@id\":\"https:\/\/www.legalvision.fr\/guides-juridiques\/#organization\",\"name\":\"Guides juridiques\",\"url\":\"https:\/\/www.legalvision.fr\/guides-juridiques\/\",\"logo\":{\"@type\":\"ImageObject\",\"inLanguage\":\"fr-FR\",\"@id\":\"https:\/\/www.legalvision.fr\/guides-juridiques\/#\/schema\/logo\/image\/\",\"url\":\"https:\/\/www.legalvision.fr\/guides-juridiques\/wp-content\/uploads\/2022\/10\/LV-Logotype.png\",\"contentUrl\":\"https:\/\/www.legalvision.fr\/guides-juridiques\/wp-content\/uploads\/2022\/10\/LV-Logotype.png\",\"width\":647,\"height\":125,\"caption\":\"Guides juridiques\"},\"image\":{\"@id\":\"https:\/\/www.legalvision.fr\/guides-juridiques\/#\/schema\/logo\/image\/\"}},{\"@type\":\"Person\",\"@id\":\"https:\/\/www.legalvision.fr\/guides-juridiques\/#\/schema\/person\/67f95ffb60649ed460d4778154ac2031\",\"name\":\"Valentin Giandomenico\",\"image\":{\"@type\":\"ImageObject\",\"inLanguage\":\"fr-FR\",\"@id\":\"https:\/\/www.legalvision.fr\/guides-juridiques\/#\/schema\/person\/image\/\",\"url\":\"https:\/\/www.legalvision.fr\/guides-juridiques\/wp-content\/uploads\/2023\/07\/cropped-homme13-96x96.png\",\"contentUrl\":\"https:\/\/www.legalvision.fr\/guides-juridiques\/wp-content\/uploads\/2023\/07\/cropped-homme13-96x96.png\",\"caption\":\"Valentin Giandomenico\"},\"description\":\"Valentin est juriste au sein de LegalVision. Titulaire d'un M2 en droit des affaires, il s'int\u00e9resse tout particuli\u00e8rement au droit des soci\u00e9t\u00e9s.\",\"url\":\"https:\/\/www.legalvision.fr\/guides-juridiques\/author\/valentin1\/\"}]}<\/script>\n<!-- \/ Yoast SEO plugin. -->","yoast_head_json":{"title":"Transfert de si\u00e8ge social SARL : la proc\u00e9dure \u00e0 suivre","description":"LegalVision vous informe sur la proc\u00e9dure \u00e0 suivre et les formalit\u00e9s \u00e0 accomplir pour mener \u00e0 terme un transfert si\u00e8ge social SARL ou d'EURL.","robots":{"index":"index","follow":"follow","max-snippet":"max-snippet:-1","max-image-preview":"max-image-preview:large","max-video-preview":"max-video-preview:-1"},"canonical":"https:\/\/www.legalvision.fr\/guides-juridiques\/sarl\/transfert-siege-social-sarl\/","og_locale":"fr_FR","og_type":"article","og_title":"Transfert de si\u00e8ge social SARL : la proc\u00e9dure \u00e0 suivre","og_description":"LegalVision vous informe sur la proc\u00e9dure \u00e0 suivre et les formalit\u00e9s \u00e0 accomplir pour mener \u00e0 terme un transfert si\u00e8ge social SARL ou d'EURL.","og_url":"https:\/\/www.legalvision.fr\/guides-juridiques\/sarl\/transfert-siege-social-sarl\/","og_site_name":"Guides juridiques","article_published_time":"2018-05-14T09:57:41+00:00","article_modified_time":"2022-03-27T19:21:10+00:00","og_image":[{"width":958,"height":350,"url":"https:\/\/www.legalvision.fr\/guides-juridiques\/wp-content\/uploads\/2018\/05\/Tranfert-si\u00e8ge-social-min.jpg","type":"image\/jpeg"}],"author":"Valentin Giandomenico","twitter_card":"summary_large_image","twitter_misc":{"\u00c9crit par":"Valentin Giandomenico","Dur\u00e9e de lecture estim\u00e9e":"6 minutes"},"schema":{"@context":"https:\/\/schema.org","@graph":[{"@type":"Article","@id":"https:\/\/www.legalvision.fr\/guides-juridiques\/sarl\/transfert-siege-social-sarl\/#article","isPartOf":{"@id":"https:\/\/www.legalvision.fr\/guides-juridiques\/sarl\/transfert-siege-social-sarl\/"},"author":{"name":"Valentin Giandomenico","@id":"https:\/\/www.legalvision.fr\/guides-juridiques\/#\/schema\/person\/67f95ffb60649ed460d4778154ac2031"},"headline":"Comment proc\u00e9der au transfert de si\u00e8ge social SARL ou EURL","datePublished":"2018-05-14T09:57:41+00:00","dateModified":"2022-03-27T19:21:10+00:00","mainEntityOfPage":{"@id":"https:\/\/www.legalvision.fr\/guides-juridiques\/sarl\/transfert-siege-social-sarl\/"},"wordCount":1553,"commentCount":2,"publisher":{"@id":"https:\/\/www.legalvision.fr\/guides-juridiques\/#organization"},"image":{"@id":"https:\/\/www.legalvision.fr\/guides-juridiques\/sarl\/transfert-siege-social-sarl\/#primaryimage"},"thumbnailUrl":"https:\/\/www.legalvision.fr\/guides-juridiques\/wp-content\/uploads\/2018\/05\/Tranfert-si\u00e8ge-social-min.jpg","articleSection":["SARL"],"inLanguage":"fr-FR","potentialAction":[{"@type":"CommentAction","name":"Comment","target":["https:\/\/www.legalvision.fr\/guides-juridiques\/sarl\/transfert-siege-social-sarl\/#respond"]}]},{"@type":"WebPage","@id":"https:\/\/www.legalvision.fr\/guides-juridiques\/sarl\/transfert-siege-social-sarl\/","url":"https:\/\/www.legalvision.fr\/guides-juridiques\/sarl\/transfert-siege-social-sarl\/","name":"Transfert de si\u00e8ge social SARL : la proc\u00e9dure \u00e0 suivre","isPartOf":{"@id":"https:\/\/www.legalvision.fr\/guides-juridiques\/#website"},"primaryImageOfPage":{"@id":"https:\/\/www.legalvision.fr\/guides-juridiques\/sarl\/transfert-siege-social-sarl\/#primaryimage"},"image":{"@id":"https:\/\/www.legalvision.fr\/guides-juridiques\/sarl\/transfert-siege-social-sarl\/#primaryimage"},"thumbnailUrl":"https:\/\/www.legalvision.fr\/guides-juridiques\/wp-content\/uploads\/2018\/05\/Tranfert-si\u00e8ge-social-min.jpg","datePublished":"2018-05-14T09:57:41+00:00","dateModified":"2022-03-27T19:21:10+00:00","description":"LegalVision vous informe sur la proc\u00e9dure \u00e0 suivre et les formalit\u00e9s \u00e0 accomplir pour mener \u00e0 terme un transfert si\u00e8ge social SARL ou d'EURL.","breadcrumb":{"@id":"https:\/\/www.legalvision.fr\/guides-juridiques\/sarl\/transfert-siege-social-sarl\/#breadcrumb"},"inLanguage":"fr-FR","potentialAction":[{"@type":"ReadAction","target":["https:\/\/www.legalvision.fr\/guides-juridiques\/sarl\/transfert-siege-social-sarl\/"]}]},{"@type":"ImageObject","inLanguage":"fr-FR","@id":"https:\/\/www.legalvision.fr\/guides-juridiques\/sarl\/transfert-siege-social-sarl\/#primaryimage","url":"https:\/\/www.legalvision.fr\/guides-juridiques\/wp-content\/uploads\/2018\/05\/Tranfert-si\u00e8ge-social-min.jpg","contentUrl":"https:\/\/www.legalvision.fr\/guides-juridiques\/wp-content\/uploads\/2018\/05\/Tranfert-si\u00e8ge-social-min.jpg","width":958,"height":350,"caption":"Transfert si\u00e8ge social"},{"@type":"BreadcrumbList","@id":"https:\/\/www.legalvision.fr\/guides-juridiques\/sarl\/transfert-siege-social-sarl\/#breadcrumb","itemListElement":[{"@type":"ListItem","position":1,"name":"Accueil","item":"https:\/\/www.legalvision.fr\/guides-juridiques\/"},{"@type":"ListItem","position":2,"name":"SARL","item":"https:\/\/www.legalvision.fr\/guides-juridiques\/sarl\/"},{"@type":"ListItem","position":3,"name":"Comment proc\u00e9der au transfert de si\u00e8ge social SARL ou EURL"}]},{"@type":"WebSite","@id":"https:\/\/www.legalvision.fr\/guides-juridiques\/#website","url":"https:\/\/www.legalvision.fr\/guides-juridiques\/","name":"Guides juridiques","description":"L&#039;information juridique \u00e0 destination des entreprises et TPE","publisher":{"@id":"https:\/\/www.legalvision.fr\/guides-juridiques\/#organization"},"potentialAction":[{"@type":"SearchAction","target":{"@type":"EntryPoint","urlTemplate":"https:\/\/www.legalvision.fr\/guides-juridiques\/?s={search_term_string}"},"query-input":{"@type":"PropertyValueSpecification","valueRequired":true,"valueName":"search_term_string"}}],"inLanguage":"fr-FR"},{"@type":"Organization","@id":"https:\/\/www.legalvision.fr\/guides-juridiques\/#organization","name":"Guides juridiques","url":"https:\/\/www.legalvision.fr\/guides-juridiques\/","logo":{"@type":"ImageObject","inLanguage":"fr-FR","@id":"https:\/\/www.legalvision.fr\/guides-juridiques\/#\/schema\/logo\/image\/","url":"https:\/\/www.legalvision.fr\/guides-juridiques\/wp-content\/uploads\/2022\/10\/LV-Logotype.png","contentUrl":"https:\/\/www.legalvision.fr\/guides-juridiques\/wp-content\/uploads\/2022\/10\/LV-Logotype.png","width":647,"height":125,"caption":"Guides juridiques"},"image":{"@id":"https:\/\/www.legalvision.fr\/guides-juridiques\/#\/schema\/logo\/image\/"}},{"@type":"Person","@id":"https:\/\/www.legalvision.fr\/guides-juridiques\/#\/schema\/person\/67f95ffb60649ed460d4778154ac2031","name":"Valentin Giandomenico","image":{"@type":"ImageObject","inLanguage":"fr-FR","@id":"https:\/\/www.legalvision.fr\/guides-juridiques\/#\/schema\/person\/image\/","url":"https:\/\/www.legalvision.fr\/guides-juridiques\/wp-content\/uploads\/2023\/07\/cropped-homme13-96x96.png","contentUrl":"https:\/\/www.legalvision.fr\/guides-juridiques\/wp-content\/uploads\/2023\/07\/cropped-homme13-96x96.png","caption":"Valentin Giandomenico"},"description":"Valentin est juriste au sein de LegalVision. Titulaire d'un M2 en droit des affaires, il s'int\u00e9resse tout particuli\u00e8rement au droit des soci\u00e9t\u00e9s.","url":"https:\/\/www.legalvision.fr\/guides-juridiques\/author\/valentin1\/"}]}},"_links":{"self":[{"href":"https:\/\/www.legalvision.fr\/guides-juridiques\/wp-json\/wp\/v2\/posts\/3929","targetHints":{"allow":["GET"]}}],"collection":[{"href":"https:\/\/www.legalvision.fr\/guides-juridiques\/wp-json\/wp\/v2\/posts"}],"about":[{"href":"https:\/\/www.legalvision.fr\/guides-juridiques\/wp-json\/wp\/v2\/types\/post"}],"author":[{"embeddable":true,"href":"https:\/\/www.legalvision.fr\/guides-juridiques\/wp-json\/wp\/v2\/users\/18"}],"replies":[{"embeddable":true,"href":"https:\/\/www.legalvision.fr\/guides-juridiques\/wp-json\/wp\/v2\/comments?post=3929"}],"version-history":[{"count":0,"href":"https:\/\/www.legalvision.fr\/guides-juridiques\/wp-json\/wp\/v2\/posts\/3929\/revisions"}],"wp:featuredmedia":[{"embeddable":true,"href":"https:\/\/www.legalvision.fr\/guides-juridiques\/wp-json\/wp\/v2\/media\/22273"}],"wp:attachment":[{"href":"https:\/\/www.legalvision.fr\/guides-juridiques\/wp-json\/wp\/v2\/media?parent=3929"}],"wp:term":[{"taxonomy":"category","embeddable":true,"href":"https:\/\/www.legalvision.fr\/guides-juridiques\/wp-json\/wp\/v2\/categories?post=3929"},{"taxonomy":"post_tag","embeddable":true,"href":"https:\/\/www.legalvision.fr\/guides-juridiques\/wp-json\/wp\/v2\/tags?post=3929"}],"curies":[{"name":"wp","href":"https:\/\/api.w.org\/{rel}","templated":true}]}}