{"id":3839,"date":"2018-05-26T07:30:41","date_gmt":"2018-05-26T06:30:41","guid":{"rendered":"https:\/\/blog.legalvision.fr\/?p=3839"},"modified":"2023-10-17T16:01:41","modified_gmt":"2023-10-17T14:01:41","slug":"radiation-d-office","status":"publish","type":"post","link":"https:\/\/www.legalvision.fr\/guides-juridiques\/fermer-son-entreprise\/radiation-d-office\/","title":{"rendered":"Comment \u00e9viter la radiation d&rsquo;office d&rsquo;une entreprise ?"},"content":{"rendered":"\t\t<div data-elementor-type=\"wp-post\" data-elementor-id=\"3839\" class=\"elementor elementor-3839\" data-elementor-post-type=\"post\">\n\t\t\t\t<div data-particle_enable=\"false\" data-particle-mobile-disabled=\"false\" class=\"elementor-element elementor-element-f945c1b e-flex e-con-boxed e-con e-parent\" data-id=\"f945c1b\" data-element_type=\"container\" data-e-type=\"container\">\n\t\t\t\t\t<div class=\"e-con-inner\">\n\t\t\t\t<div class=\"elementor-element elementor-element-710054f elementor-widget elementor-widget-text-editor\" data-id=\"710054f\" data-element_type=\"widget\" data-e-type=\"widget\" data-widget_type=\"text-editor.default\">\n\t\t\t\t<div class=\"elementor-widget-container\">\n\t\t\t\t\t\t\t\t\t<p style=\"line-height: var(--wp--typography--line-height,var(--global--line-height-body)); font-family: var(--e-global-typography-primary-font-family);\">La radiation d&rsquo;office d\u2019une SARL, SAS, SCI ou de tout autre type de soci\u00e9t\u00e9 peut \u00eatre effectu\u00e9e par le greffe.<\/p>\n<p style=\"line-height: var(--wp--typography--line-height,var(--global--line-height-body)); font-family: var(--e-global-typography-primary-font-family);\">La\u00a0<span style=\"font-weight: bold;\">radiation d\u2019office<\/span>\u00a0du registre du commerce correspond \u00e0 la radiation d\u00e9cid\u00e9e par le greffe du Tribunal de Commerce. Dans tous les cas, on parle de radiation d\u2019office. En effet, la d\u00e9cision n\u2019est pas prise par la soci\u00e9t\u00e9 elle-m\u00eame, mais par une autorit\u00e9 administrative. Pour r\u00e9sumer, on peut dire qu\u2019une telle radiation est effectu\u00e9e lorsque l\u2019entreprise n\u2019a pas effectu\u00e9 telle ou telle d\u00e9marche ou formalit\u00e9 ou lorsqu\u2019elle a laiss\u00e9 pass\u00e9 un d\u00e9lai trop long pour r\u00e9gulariser une situation. Une entreprise doit donc s\u2019assurer de r\u00e9aliser toutes les d\u00e9marches obligatoires telles que le d\u00e9p\u00f4t des comptes ou encore le transfert de si\u00e8ge.<\/p>\n<p style=\"line-height: var(--wp--typography--line-height,var(--global--line-height-body)); font-family: var(--e-global-typography-primary-font-family);\">Nous faisons le point, avec cet article, sur les causes et cons\u00e9quences de la radiation d&rsquo;office. Cette radiation d&rsquo;office peut \u00eatre annul\u00e9e : retour sur les diff\u00e9rentes possibilit\u00e9 existantes pour contester la radiation.<\/p>\n<p style=\"line-height: var(--wp--typography--line-height,var(--global--line-height-body)); font-family: var(--e-global-typography-primary-font-family);\">Dans cet article, LegalVision met \u00e0 votre service son expertise juridique pour vous aider \u00e0 tout comprendre sur ce sujet. Vous trouverez ci-dessous un r\u00e9sum\u00e9 des points essentiels \u00e0 retenir :<\/p>\n<p style=\"line-height: var(--wp--typography--line-height,var(--global--line-height-body)); font-family: var(--e-global-typography-primary-font-family);\"><span style=\"font-weight: bold;\">Les cas de radiation\u00a0<\/span><br \/><span style=\"font-weight: bold;\">Radiation et personnalit\u00e9 morale : les cons\u00e9quences<\/span><br \/><span style=\"font-weight: bold;\">Contester la radiation et r\u00e9gulariser la situation<\/span><\/p>\t\t\t\t\t\t\t\t<\/div>\n\t\t\t\t<\/div>\n\t\t\t\t\t<\/div>\n\t\t\t\t<\/div>\n\t\t<div data-particle_enable=\"false\" data-particle-mobile-disabled=\"false\" class=\"elementor-element elementor-element-738604fe e-flex e-con-boxed e-con e-parent\" data-id=\"738604fe\" data-element_type=\"container\" data-e-type=\"container\">\n\t\t\t\t\t<div class=\"e-con-inner\">\n\t\t\t\t<div class=\"elementor-element elementor-element-691a7016 elementor-widget elementor-widget-heading\" data-id=\"691a7016\" data-element_type=\"widget\" data-e-type=\"widget\" data-widget_type=\"heading.default\">\n\t\t\t\t<div class=\"elementor-widget-container\">\n\t\t\t\t\t<h2 class=\"elementor-heading-title elementor-size-default\">Nos outils pour vous aider : <\/h2>\t\t\t\t<\/div>\n\t\t\t\t<\/div>\n\t\t\t\t\t<\/div>\n\t\t\t\t<\/div>\n\t\t<div data-particle_enable=\"false\" data-particle-mobile-disabled=\"false\" class=\"elementor-element elementor-element-388fe7dd e-flex e-con-boxed e-con e-parent\" data-id=\"388fe7dd\" data-element_type=\"container\" data-e-type=\"container\">\n\t\t\t\t\t<div class=\"e-con-inner\">\n\t\t<div data-particle_enable=\"false\" data-particle-mobile-disabled=\"false\" class=\"elementor-element elementor-element-9b188a e-con-full e-flex e-con e-parent\" data-id=\"9b188a\" data-element_type=\"container\" data-e-type=\"container\">\n\t\t\t\t<div class=\"elementor-element elementor-element-1e2e7c82 elementor-widget elementor-widget-button\" data-id=\"1e2e7c82\" data-element_type=\"widget\" data-e-type=\"widget\" data-widget_type=\"button.default\">\n\t\t\t\t<div class=\"elementor-widget-container\">\n\t\t\t\t\t\t\t\t\t<div class=\"elementor-button-wrapper\">\n\t\t\t\t\t<a class=\"elementor-button elementor-button-link elementor-size-sm\" href=\"https:\/\/leonard.fr\/juridique\/modification-societe\/lever-la-radiation-de-ma-societe\/?utm_source=Blog&#038;utm_medium=CTA&#038;utm_campaign=eviter_radiation_office&#038;utm_id=modif_blog\" target=\"_blank\">\n\t\t\t\t\t\t<span class=\"elementor-button-content-wrapper\">\n\t\t\t\t\t\t\t\t\t<span class=\"elementor-button-text\">Lever la radiation de ma soci\u00e9t\u00e9<\/span>\n\t\t\t\t\t<\/span>\n\t\t\t\t\t<\/a>\n\t\t\t\t<\/div>\n\t\t\t\t\t\t\t\t<\/div>\n\t\t\t\t<\/div>\n\t\t\t\t<\/div>\n\t\t<div data-particle_enable=\"false\" data-particle-mobile-disabled=\"false\" class=\"elementor-element elementor-element-67920ed0 e-con-full e-flex e-con e-parent\" data-id=\"67920ed0\" data-element_type=\"container\" data-e-type=\"container\">\n\t\t\t\t<div class=\"elementor-element elementor-element-36c73e18 elementor-widget elementor-widget-button\" data-id=\"36c73e18\" data-element_type=\"widget\" data-e-type=\"widget\" data-widget_type=\"button.default\">\n\t\t\t\t<div class=\"elementor-widget-container\">\n\t\t\t\t\t\t\t\t\t<div class=\"elementor-button-wrapper\">\n\t\t\t\t\t<a class=\"elementor-button elementor-button-link elementor-size-sm\" href=\"https:\/\/meetings.hubspot.com\/global\/leonard-rendez-vous-gratuit-avec-un-juriste?utm_source=Blog&#038;utm_medium=CTA&#038;utm_campaign=eviter_radiation_office&#038;utm_id=modif_blog\" target=\"_blank\">\n\t\t\t\t\t\t<span class=\"elementor-button-content-wrapper\">\n\t\t\t\t\t\t\t\t\t<span class=\"elementor-button-text\">Soyez rappel\u00e9 par un juriste gratuitement<\/span>\n\t\t\t\t\t<\/span>\n\t\t\t\t\t<\/a>\n\t\t\t\t<\/div>\n\t\t\t\t\t\t\t\t<\/div>\n\t\t\t\t<\/div>\n\t\t\t\t<\/div>\n\t\t<div data-particle_enable=\"false\" data-particle-mobile-disabled=\"false\" class=\"elementor-element elementor-element-69fcbfd7 e-con-full e-flex e-con e-parent\" data-id=\"69fcbfd7\" data-element_type=\"container\" data-e-type=\"container\">\n\t\t\t\t<div data-dce-background-color=\"#85D2F1\" class=\"elementor-element elementor-element-2bdda717 elementor-widget elementor-widget-button\" data-id=\"2bdda717\" data-element_type=\"widget\" data-e-type=\"widget\" data-widget_type=\"button.default\">\n\t\t\t\t<div class=\"elementor-widget-container\">\n\t\t\t\t\t\t\t\t\t<div class=\"elementor-button-wrapper\">\n\t\t\t\t\t<a class=\"elementor-button elementor-button-link elementor-size-sm\" href=\"https:\/\/meetings.hubspot.com\/alexis-egron\/audit-juridique-gratuit?utm_source=Blog&#038;utm_medium=CTA&#038;utm_campaign=eviter_radiation_office&#038;utm_id=modif_blog\" target=\"_blank\">\n\t\t\t\t\t\t<span class=\"elementor-button-content-wrapper\">\n\t\t\t\t\t\t\t\t\t<span class=\"elementor-button-text\">Votre audit juridique gratuit en ligne<\/span>\n\t\t\t\t\t<\/span>\n\t\t\t\t\t<\/a>\n\t\t\t\t<\/div>\n\t\t\t\t\t\t\t\t<\/div>\n\t\t\t\t<\/div>\n\t\t\t\t<\/div>\n\t\t\t\t\t<\/div>\n\t\t\t\t<\/div>\n\t\t\t\t<section data-particle_enable=\"false\" data-particle-mobile-disabled=\"false\" class=\"elementor-section elementor-top-section elementor-element elementor-element-220a4b29 elementor-section-boxed elementor-section-height-default elementor-section-height-default\" data-id=\"220a4b29\" data-element_type=\"section\" data-e-type=\"section\">\n\t\t\t\t\t\t<div class=\"elementor-container elementor-column-gap-default\">\n\t\t\t\t\t<div class=\"elementor-column elementor-col-100 elementor-top-column elementor-element elementor-element-4efa71da\" data-id=\"4efa71da\" data-element_type=\"column\" data-e-type=\"column\">\n\t\t\t<div class=\"elementor-widget-wrap elementor-element-populated\">\n\t\t\t\t\t\t<div class=\"elementor-element elementor-element-54d20581 elementor-widget elementor-widget-text-editor\" data-id=\"54d20581\" data-element_type=\"widget\" data-e-type=\"widget\" data-widget_type=\"text-editor.default\">\n\t\t\t\t<div class=\"elementor-widget-container\">\n\t\t\t\t\t\t\t\t\t<div class=\"wp-block-button\" style=\"text-align: center;\">\u00a0<\/div>\n<h2><b>\u00a0<\/b><\/h2>\n<h2><b>Les cas de radiation<\/b><\/h2>\n<h3><b>Quels sont les cas de radiation d\u2019une soci\u00e9t\u00e9 ?\u00a0<\/b><\/h3>\n<p><span style=\"font-weight: 400;\">Les soci\u00e9t\u00e9s commerciales doivent \u00eatre immatricul\u00e9es au Registre du commerce et des soci\u00e9t\u00e9s (RCS) pour pouvoir exercer correctement leur activit\u00e9. Dans le m\u00eame sens, ces soci\u00e9t\u00e9s sont \u00e9galement tenues de d\u00e9clarer tout changement qui impacte le fonctionnement de la soci\u00e9t\u00e9 (nomination d\u2019un nouveau dirigeant, changement de si\u00e8ge social, modification du capital social, etc.).\u00a0<\/span><\/p>\n<p><span style=\"font-weight: 400;\">La radiation correspond \u00e0 la fermeture de la soci\u00e9t\u00e9 aupr\u00e8s d\u2019un greffe du tribunal, \u00e0 l\u2019inverse de l\u2019immatriculation.\u00a0<\/span><\/p>\n<p><b>Bon \u00e0 savoir <\/b><span style=\"font-weight: 400;\">: \u00e0 la diff\u00e9rence d\u2019une fermeture de soci\u00e9t\u00e9, la radiation d\u2019office n\u2019entra\u00eene pas sa disparition officielle, d\u00e8s lors qu\u2019elle n\u2019est pas opposable aux tiers. Autrement dit, elle va conserver sa personnalit\u00e9 morale jusqu\u2019\u00e0 ce qu\u2019elle soit dissoute et liquid\u00e9e.\u00a0<\/span><\/p>\n<p><span style=\"font-weight: 400;\">Il existe plusieurs cas dans lesquels la radiation d\u2019une soci\u00e9t\u00e9 est n\u00e9cessaire. Dans certains cas, la radiation d\u2019une soci\u00e9t\u00e9 est souhait\u00e9e, notamment lorsque les associ\u00e9s souhaitent dissoudre et liquider une soci\u00e9t\u00e9. On parle alors de radiation classique.\u00a0<\/span><\/p>\n<p><span style=\"font-weight: 400;\">Il peut s\u2019agir \u00e0 ce titre d\u2019une radiation suite \u00e0 une cessation d\u2019activit\u00e9, suite \u00e0 une dissolution liquidation, la mise en sommeil d\u2019une soci\u00e9t\u00e9, la cl\u00f4ture de liquidation, la fusion, la scission, ou encore la r\u00e9alisation d&rsquo;un transfert de patrimoine.\u00a0\u00a0<\/span><\/p>\n<p><span style=\"font-weight: 400;\">Lors d\u2019une dissolution amiable de la soci\u00e9t\u00e9, vous disposez d\u2019un d\u00e9lai de 30 jours suivant la cessation d\u2019activit\u00e9 pour radier des registres de cette soci\u00e9t\u00e9.\u00a0<\/span><\/p>\n<p><span style=\"font-weight: 400;\">Dans d\u2019autres cas, elle est impos\u00e9e par l\u2019administration \u00e0 la suite d\u2019une d\u00e9cision, on parle alors de <\/span><b>radiation d\u2019office<\/b><span style=\"font-weight: 400;\">.\u00a0<\/span><\/p>\n<p><span style=\"font-weight: 400;\">\u00a0<\/span><\/p>\n<p><span style=\"font-weight: 400;\">La radiation peut aussi intervenir pour une micro-entreprise. En effet, en cas de d\u00e9passement des seuils du chiffre d\u2019affaires d\u2019une micro-entreprise qui entra\u00eene la radiation d\u2019office. La radiation d\u2019office peut \u00e9galement \u00eatre la cons\u00e9quence d\u2019un d\u00e9c\u00e8s de l&rsquo;entrepreneur. Cette radiation d\u2019office du micro-entrepreneur permet \u00e0 l\u2019entrepreneur de b\u00e9n\u00e9ficier d\u2019un justificatif de radiation d&rsquo;activit\u00e9 entrepreneur.\u00a0<\/span><\/p>\n<p><span style=\"font-weight: 400;\">On peut distinguer plusieurs cat\u00e9gories de radiation d\u2019office :<\/span><\/p>\n<ul>\n<li style=\"font-weight: 400;\" aria-level=\"1\"><span style=\"font-weight: 400;\">Radiation d\u2019office RCS faisant suite \u00e0 une inscription modificative sur d\u00e9claration : le greffe proc\u00e8dera \u00e0 une radiation d\u2019office si la dissolution d\u00e9cid\u00e9e par les associ\u00e9s n\u2019est pas suivie par une liquidation dans les d\u00e9lais pr\u00e9vus par les statuts ou dans les 3 ans suivant cette d\u00e9cision. De la m\u00eame mani\u00e8re, en cas de mise en sommeil de la soci\u00e9t\u00e9, si les associ\u00e9s ne prennent pas de d\u00e9cision d\u2019arr\u00eat de l\u2019activit\u00e9 ou de reprise, le greffe pourra d\u00e9cider de la radiation d\u2019office.<\/span><\/li>\n<li style=\"font-weight: 400;\" aria-level=\"1\"><span style=\"font-weight: 400;\">Si l\u2019entrepreneur d\u00e9c\u00e8de, il convient alors de le signifier au Registre du Commerce et des Soci\u00e9t\u00e9s (RCS),\u00a0<\/span><\/li>\n<li style=\"font-weight: 400;\" aria-level=\"1\"><span style=\"font-weight: 400;\">Radiation d\u2019office du registre du commerce faisant suite \u00e0 une d\u00e9cision de justice : lorsqu\u2019un dirigeant de soci\u00e9t\u00e9 fait l\u2019objet d\u2019une peine d\u2019interdiction de g\u00e9rer, r\u00e9sultat d\u2019une d\u00e9cision du juge, le greffe peut proc\u00e9der \u00e0 une radiation d\u2019office.<\/span><\/li>\n<li style=\"font-weight: 400;\" aria-level=\"1\"><span style=\"font-weight: 400;\">Une radiation peut \u00eatre d\u00e9cid\u00e9e par le greffe s\u2019il n\u2019est pas<\/span> <span style=\"font-weight: 400;\">inform\u00e9 du changement d\u2019adresse. Dans ce cas, un courrier est envoy\u00e9 par lettre recommand\u00e9e avec accus\u00e9 de r\u00e9ception.<\/span><\/li>\n<li style=\"font-weight: 400;\" aria-level=\"1\"><span style=\"font-weight: 400;\">La <\/span><span style=\"font-weight: 400;\">radiation d\u2019office lors d\u2019un transfert de si\u00e8ge social hors ressort. Le greffe du si\u00e8ge social ant\u00e9rieur radie la soci\u00e9t\u00e9 du RCS. Il en est notifi\u00e9 par le greffe du nouveau si\u00e8ge social ;\u00a0<\/span><\/li>\n<li style=\"font-weight: 400;\" aria-level=\"1\"><span style=\"font-weight: 400;\">La dissolution de la soci\u00e9t\u00e9 n\u2019a pas \u00e9t\u00e9 d\u00e9clar\u00e9e dans le d\u00e9lai d\u2019un mois.\u00a0<\/span><\/li>\n<li style=\"font-weight: 400;\" aria-level=\"1\"><span style=\"font-weight: 400;\">Il <\/span><span style=\"font-weight: 400;\">est possible de domicilier une soci\u00e9t\u00e9 au domicile de son repr\u00e9sentant l\u00e9gal. Mais uniquement pour une p\u00e9riode de 5 ans. Si, au bout de ces 5 ans, la soci\u00e9t\u00e9 ne fait pas parvenir l\u2019adresse de son nouveau si\u00e8ge social au greffe suite au courrier qu\u2019elle aura re\u00e7u, le greffe proc\u00e9dera \u00e9galement \u00e0 une radiation d\u2019office.<\/span><\/li>\n<li style=\"font-weight: 400;\" aria-level=\"1\"><span style=\"font-weight: 400;\">En cas d\u2019absence de r\u00e9gularisation de la mise en sommeil de la soci\u00e9t\u00e9 ;<\/span><\/li>\n<\/ul>\n<p><b>\u00a0<\/b><\/p>\n<p><b>Radiation d&rsquo;office auto-entrepreneur<\/b> : depuis 2011, le r\u00e9gime de la micro-entreprise n&rsquo;a plus vocation \u00e0 s&rsquo;appliquer lorsque le chiffre d&rsquo;affaires est nul durant une p\u00e9riode sup\u00e9rieure ou \u00e9gale \u00e0 24 mois cons\u00e9cutifs.<\/p>\n<h3><b>\u00a0<\/b><\/h3>\n<h3><b>La radiation d\u2019office du micro-entrepreneur en cas de d\u00e9passement de seuils.<\/b><\/h3>\n<p><span style=\"font-weight: 400;\">Outre les cas de cessation d\u2019activit\u00e9, des \u00e9v\u00e9nements peuvent provoquer la radiation du micro-entrepreneur. En effet, le micro-entrepreneur peut \u00eatre radi\u00e9 d\u2019office en cas de d\u00e9passement des seuils de chiffre d\u2019affaires pr\u00e9vus pour pouvoir b\u00e9n\u00e9ficier du r\u00e9gime de la micro-entreprise. Dans de telles circonstances, les cons\u00e9quences de la radiation seront lourdes pour l\u2019entrepreneur : il perdra le b\u00e9n\u00e9fice du r\u00e9gime de la micro-entreprise, notamment la franchise de TVA.<\/span><\/p>\n<p><span style=\"font-weight: 400;\">En outre, la radiation d\u2019office de la micro-entreprise peut intervenir en cas d\u2019exercice d\u2019une activit\u00e9 exclue du r\u00e9gime. Enfin, la micro-entreprise peut \u00eatre radi\u00e9e en cas de d\u00e9claration d\u2019un chiffre d\u2019affaires nul sur une p\u00e9riode de 24 mois.<\/span><\/p>\n<p><span style=\"font-weight: 400;\">Toutefois, il faut noter que ces cas de radiation ne co\u00efncident pas toujours avec une cessation d\u2019activit\u00e9. En effet, l\u2019entrepreneur peut continuer d\u2019exercer son activit\u00e9 sans b\u00e9n\u00e9ficier du r\u00e9gime de la micro-entreprise.<\/span><\/p>\n<h2 id=\"2\">\u00a0<\/h2>\n<h2 id=\"2\">Radiation et personnalit\u00e9 morale : les cons\u00e9quences<\/h2>\n<p>Il s&rsquo;agit ici principalement d&rsquo;une radiation d&rsquo;office faisant suite \u00e0 une mention d&rsquo;office.<\/p>\n<p><b>Cons\u00e9quence radiation d\u2019office soci\u00e9t\u00e9 : <\/b>il s&rsquo;agit d&rsquo;une sanction administrative. Elle n&rsquo;a donc pas pour cons\u00e9quence la fermeture. Il est donc important de r\u00e9aliser toutes les formalit\u00e9s n\u00e9cessaires durant la vie de l\u2019entreprise, sous peine d\u2019\u00eatre soumis \u00e0 une radiation d\u2019office. Le d\u00e9p\u00f4t des comptes annuels, le transfert de si\u00e8ge ou encore les formalit\u00e9s de radiation suite \u00e0 une mise en sommeil sont essentielles et permettent au greffe d\u2019avoir des informations \u00e0 jour concernant l\u2019entreprise.<\/p>\n<p>La principale cons\u00e9quence d&rsquo;une radiation d&rsquo;office d&rsquo;une soci\u00e9t\u00e9 concerne donc la soci\u00e9t\u00e9 elle-m\u00eame. Elle n&rsquo;a aucun effet pour les tiers cr\u00e9anciers. La soci\u00e9t\u00e9 doit continuer \u00e0 \u00a0accomplir ses obligations, notamment aupr\u00e8s des imp\u00f4ts ou aupr\u00e8s du RSI.<\/p>\n<p>Comme pour toute radiation, <b>radiation du RCS<\/b> ne signifie pas perte imm\u00e9diate de la personnalit\u00e9 morale. La soci\u00e9t\u00e9 continue \u00e0 exister tant qu\u2019elle doit encore proc\u00e9der au r\u00e8glement de certaines cr\u00e9ances (aupr\u00e8s du Tr\u00e9sor public).<\/p>\n<h2 id=\"3\">\u00a0<\/h2>\n<h2 id=\"3\">Contester la radiation et r\u00e9gulariser sa situation<\/h2>\n<p>S\u2019agissant simplement d\u2019une d\u00e9cision administrative, la radiation prononc\u00e9e par le greffe peut \u00eatre contest\u00e9e selon deux modalit\u00e9s. La soci\u00e9t\u00e9 peut tout d\u2019abord demander un rapport de radiation au greffier. C\u2019est le cas lorsque les informations ayant men\u00e9 \u00e0 la radiation sont en r\u00e9alit\u00e9 fausses.<\/p>\n<p>Par exemple, en cas de radiation suite \u00e0 la non-d\u00e9claration du si\u00e8ge social : il faut fournir un <a href=\"https:\/\/droit-finances.commentcamarche.com\/download\/telecharger-62-formulaire-m2-2018-cerfa-11682\">formulaire Cerfa M2<\/a> rempli et sign\u00e9 accompagn\u00e9 d&rsquo;un justificatif prouvant que l&rsquo;entreprise a bien son si\u00e8ge \u00e0 l&rsquo;adresse indiqu\u00e9e. Dans ce formulaire M2, le repr\u00e9sentant l\u00e9gal doit, dans le cadre r\u00e9serv\u00e9 aux \u00ab\u00a0observations\u00a0\u00bb, la date de sa demande de rapport de radiation.<\/p>\n<p><span style=\"font-weight: 400;\">Il est possible de contester la radiation d\u2019une soci\u00e9t\u00e9. Pour cela, il faut <\/span><b>agir rapidement <\/b><span style=\"font-weight: 400;\">afin de mettre toutes les chances de son c\u00f4t\u00e9 pour annuler cette radiation d\u2019office. Elle peut r\u00e9gulariser sa situation dans les six mois \u00e0 compter de la notification de radiation d\u2019office URSSAF. Dans le cas contraire, elle peut \u00eatre oblig\u00e9e d\u2019avoir recours \u00e0 une r\u00e9-immatriculation, ce qui entra\u00eene de tr\u00e8s nombreuses d\u00e9marches et engendre des co\u00fbts. <\/span><\/p>\n<p>Pour contester la radiation tout d\u00e9pend du d\u00e9lai dans lequel la soci\u00e9t\u00e9 agit. Si elle agit dans les 6 mois \u00e0 compter de la radiation, elle peut r\u00e9gulariser sa situation. Elle peut faire supprimer la mention de la radiation d&rsquo;office. En revanche. si elle agit apr\u00e8s plus de 6 mois, la situation est plus compliqu\u00e9e : il faut r\u00e9immatriculer la soci\u00e9t\u00e9.<\/p>\n<h3><b>\u00a0<\/b><\/h3>\n<h3><b>Si la radiation d&rsquo;office date d&rsquo;il y a moins de 6 mois :<\/b><\/h3>\n<p>Si ce n&rsquo;est pas le cas, la soci\u00e9t\u00e9 doit r\u00e9gulariser sa situation. Par exemple, il se peut que la radiation d&rsquo;office se produise lorsque le destinataire n&rsquo;a pas pu \u00eatre identifi\u00e9 \u00e0 la suite de l&rsquo;envoie d&rsquo;un courrier au si\u00e8ge social de la soci\u00e9t\u00e9. Dans les 6 mois, cette derni\u00e8re peut contester cette radiation en prouvant que le si\u00e8ge social se situe bien \u00e0 cette adresse. Si ce n&rsquo;est pas le cas, la soci\u00e9t\u00e9 doit prouver son transfert de si\u00e8ge social en apportant le proc\u00e8s-verbal de cette d\u00e9cision de transfert.<\/p>\n<p>Dans ces conditions, la mention de la <b>radiation d&rsquo;office du RCS<\/b> sera supprim\u00e9e. La soci\u00e9t\u00e9 peut continuer \u00e0 exercer son activit\u00e9.<\/p>\n<p>\u00c0 qui est adress\u00e9e cette demande ? C&rsquo;est au juge commis \u00e0 la surveillance du RCS qu&rsquo;il faut demander la suppression de cette mention.<\/p>\n<h3><b>\u00a0<\/b><\/h3>\n<h3><b>Si la radiation d&rsquo;office date d&rsquo;il y a plus de 6 mois<\/b><\/h3>\n<p>Lorsque la mention de la <b>radiation d&rsquo;office<\/b> a \u00e9t\u00e9 port\u00e9e il y a plus de 6 mois, les d\u00e9marches sont plus lourdes. Il faut proc\u00e9der \u00e0 une r\u00e9-immatriculation de la soci\u00e9t\u00e9. Il faut donc effectuer au plus vite une r\u00e9gularisation de la situation dans les 6 mois. En effet, pass\u00e9 ce d\u00e9lai, une soci\u00e9t\u00e9 identique doit \u00eatre cr\u00e9\u00e9e de nouveau. L&rsquo;entreprise nouvellement immatricul\u00e9e aura les m\u00eames caract\u00e9ristiques : si\u00e8ge social identique et m\u00eame organisation. Dans le cas o\u00f9 les associ\u00e9s souhaitent fermer la soci\u00e9t\u00e9, les formalit\u00e9s sont donc complexes. Il faut r\u00e9immatriculer la soci\u00e9t\u00e9 puis r\u00e9aliser les formalit\u00e9s de <b>dissolution-liquidation<\/b>.<\/p>\n<p><\/p>\n<p><\/p>\n<div class=\"wp-block-button\" style=\"text-align: center;\"><a class=\"wp-block-button__link has-background\" href=\"https:\/\/leonard.fr\/juridique\/modification-societe\/lever-la-radiation-de-ma-societe\/?utm_source=Blog&amp;utm_medium=CTA&amp;utm_campaign=eviter_radiation_office&amp;utm_id=modif_blog\" target=\"_blank\" rel=\"noopener\">Lever la radiation de ma soci\u00e9t\u00e9<\/a><\/div>\t\t\t\t\t\t\t\t<\/div>\n\t\t\t\t<\/div>\n\t\t\t\t\t<\/div>\n\t\t<\/div>\n\t\t\t\t\t<\/div>\n\t\t<\/section>\n\t\t\t\t<\/div>\n\t\t","protected":false},"excerpt":{"rendered":"<p>La radiation d&rsquo;office d\u2019une SARL, SAS, SCI ou de tout autre type de soci\u00e9t\u00e9 peut \u00eatre effectu\u00e9e par le greffe. La\u00a0radiation d\u2019office\u00a0du registre du commerce correspond \u00e0 la radiation d\u00e9cid\u00e9e par le greffe du Tribunal de Commerce. Dans tous les cas, on parle de radiation d\u2019office. En effet, la d\u00e9cision n\u2019est pas prise par la&hellip; <a class=\"more-link\" href=\"https:\/\/www.legalvision.fr\/guides-juridiques\/fermer-son-entreprise\/radiation-d-office\/\">Poursuivre la lecture <span class=\"screen-reader-text\">Comment \u00e9viter la radiation d&rsquo;office d&rsquo;une entreprise ?<\/span><\/a><\/p>\n","protected":false},"author":15,"featured_media":22042,"comment_status":"open","ping_status":"closed","sticky":false,"template":"","format":"standard","meta":{"content-type":"","inline_featured_image":false,"footnotes":""},"categories":[2489],"tags":[],"class_list":["post-3839","post","type-post","status-publish","format-standard","has-post-thumbnail","hentry","category-fermer-son-entreprise","entry"],"yoast_head":"<!-- This site is optimized with the Yoast SEO plugin v27.1.1 - https:\/\/yoast.com\/product\/yoast-seo-wordpress\/ -->\n<title>Radiation d&#039;office et ses cons\u00e9quences : comment l&#039;\u00e9viter ?<\/title>\n<meta name=\"description\" content=\"La radiation d&#039;office est une mesure administrative appliqu\u00e9e \u00e0 une entreprise n&#039;ayant pas accompli certaines obligations.Cette situation est r\u00e9gularisable.\" \/>\n<meta name=\"robots\" content=\"index, follow, max-snippet:-1, max-image-preview:large, max-video-preview:-1\" \/>\n<link rel=\"canonical\" href=\"https:\/\/www.legalvision.fr\/guides-juridiques\/fermer-son-entreprise\/radiation-d-office\/\" \/>\n<meta property=\"og:locale\" content=\"fr_FR\" \/>\n<meta property=\"og:type\" content=\"article\" \/>\n<meta property=\"og:title\" content=\"Radiation d&#039;office et ses cons\u00e9quences : comment l&#039;\u00e9viter ?\" \/>\n<meta property=\"og:description\" content=\"La radiation d&#039;office est une mesure administrative appliqu\u00e9e \u00e0 une entreprise n&#039;ayant pas accompli certaines obligations.Cette situation est r\u00e9gularisable.\" \/>\n<meta property=\"og:url\" content=\"https:\/\/www.legalvision.fr\/guides-juridiques\/fermer-son-entreprise\/radiation-d-office\/\" \/>\n<meta property=\"og:site_name\" content=\"Guides juridiques\" \/>\n<meta property=\"article:author\" content=\"https:\/\/www.facebook.com\/legalvision.fr\/\" \/>\n<meta property=\"article:published_time\" content=\"2018-05-26T06:30:41+00:00\" \/>\n<meta property=\"article:modified_time\" content=\"2023-10-17T14:01:41+00:00\" \/>\n<meta property=\"og:image\" content=\"https:\/\/www.legalvision.fr\/guides-juridiques\/wp-content\/uploads\/2018\/05\/radiation-d_office-min-1.jpg\" \/>\n\t<meta property=\"og:image:width\" content=\"958\" \/>\n\t<meta property=\"og:image:height\" content=\"350\" \/>\n\t<meta property=\"og:image:type\" content=\"image\/jpeg\" \/>\n<meta name=\"author\" content=\"Maxime Ballesteron\" \/>\n<meta name=\"twitter:card\" content=\"summary_large_image\" \/>\n<meta name=\"twitter:creator\" content=\"@https:\/\/twitter.com\/Legalvision_fr\" \/>\n<meta name=\"twitter:label1\" content=\"\u00c9crit par\" \/>\n\t<meta name=\"twitter:data1\" content=\"Maxime Ballesteron\" \/>\n\t<meta name=\"twitter:label2\" content=\"Dur\u00e9e de lecture estim\u00e9e\" \/>\n\t<meta name=\"twitter:data2\" content=\"9 minutes\" \/>\n<script type=\"application\/ld+json\" class=\"yoast-schema-graph\">{\"@context\":\"https:\/\/schema.org\",\"@graph\":[{\"@type\":\"Article\",\"@id\":\"https:\/\/www.legalvision.fr\/guides-juridiques\/fermer-son-entreprise\/radiation-d-office\/#article\",\"isPartOf\":{\"@id\":\"https:\/\/www.legalvision.fr\/guides-juridiques\/fermer-son-entreprise\/radiation-d-office\/\"},\"author\":{\"name\":\"Maxime Ballesteron\",\"@id\":\"https:\/\/www.legalvision.fr\/guides-juridiques\/#\/schema\/person\/9c4ca0ec82e346ae731e8fef938d9282\"},\"headline\":\"Comment \u00e9viter la radiation d&rsquo;office d&rsquo;une entreprise ?\",\"datePublished\":\"2018-05-26T06:30:41+00:00\",\"dateModified\":\"2023-10-17T14:01:41+00:00\",\"mainEntityOfPage\":{\"@id\":\"https:\/\/www.legalvision.fr\/guides-juridiques\/fermer-son-entreprise\/radiation-d-office\/\"},\"wordCount\":1978,\"commentCount\":26,\"publisher\":{\"@id\":\"https:\/\/www.legalvision.fr\/guides-juridiques\/#organization\"},\"image\":{\"@id\":\"https:\/\/www.legalvision.fr\/guides-juridiques\/fermer-son-entreprise\/radiation-d-office\/#primaryimage\"},\"thumbnailUrl\":\"https:\/\/www.legalvision.fr\/guides-juridiques\/wp-content\/uploads\/2018\/05\/radiation-d_office-min-1.jpg\",\"articleSection\":[\"Fermer son entreprise\"],\"inLanguage\":\"fr-FR\",\"potentialAction\":[{\"@type\":\"CommentAction\",\"name\":\"Comment\",\"target\":[\"https:\/\/www.legalvision.fr\/guides-juridiques\/fermer-son-entreprise\/radiation-d-office\/#respond\"]}]},{\"@type\":\"WebPage\",\"@id\":\"https:\/\/www.legalvision.fr\/guides-juridiques\/fermer-son-entreprise\/radiation-d-office\/\",\"url\":\"https:\/\/www.legalvision.fr\/guides-juridiques\/fermer-son-entreprise\/radiation-d-office\/\",\"name\":\"Radiation d'office et ses cons\u00e9quences : comment l'\u00e9viter ?\",\"isPartOf\":{\"@id\":\"https:\/\/www.legalvision.fr\/guides-juridiques\/#website\"},\"primaryImageOfPage\":{\"@id\":\"https:\/\/www.legalvision.fr\/guides-juridiques\/fermer-son-entreprise\/radiation-d-office\/#primaryimage\"},\"image\":{\"@id\":\"https:\/\/www.legalvision.fr\/guides-juridiques\/fermer-son-entreprise\/radiation-d-office\/#primaryimage\"},\"thumbnailUrl\":\"https:\/\/www.legalvision.fr\/guides-juridiques\/wp-content\/uploads\/2018\/05\/radiation-d_office-min-1.jpg\",\"datePublished\":\"2018-05-26T06:30:41+00:00\",\"dateModified\":\"2023-10-17T14:01:41+00:00\",\"description\":\"La radiation d'office est une mesure administrative appliqu\u00e9e \u00e0 une entreprise n'ayant pas accompli certaines obligations.Cette situation est r\u00e9gularisable.\",\"breadcrumb\":{\"@id\":\"https:\/\/www.legalvision.fr\/guides-juridiques\/fermer-son-entreprise\/radiation-d-office\/#breadcrumb\"},\"inLanguage\":\"fr-FR\",\"potentialAction\":[{\"@type\":\"ReadAction\",\"target\":[\"https:\/\/www.legalvision.fr\/guides-juridiques\/fermer-son-entreprise\/radiation-d-office\/\"]}]},{\"@type\":\"ImageObject\",\"inLanguage\":\"fr-FR\",\"@id\":\"https:\/\/www.legalvision.fr\/guides-juridiques\/fermer-son-entreprise\/radiation-d-office\/#primaryimage\",\"url\":\"https:\/\/www.legalvision.fr\/guides-juridiques\/wp-content\/uploads\/2018\/05\/radiation-d_office-min-1.jpg\",\"contentUrl\":\"https:\/\/www.legalvision.fr\/guides-juridiques\/wp-content\/uploads\/2018\/05\/radiation-d_office-min-1.jpg\",\"width\":958,\"height\":350,\"caption\":\"radiation d'office\"},{\"@type\":\"BreadcrumbList\",\"@id\":\"https:\/\/www.legalvision.fr\/guides-juridiques\/fermer-son-entreprise\/radiation-d-office\/#breadcrumb\",\"itemListElement\":[{\"@type\":\"ListItem\",\"position\":1,\"name\":\"Accueil\",\"item\":\"https:\/\/www.legalvision.fr\/guides-juridiques\/\"},{\"@type\":\"ListItem\",\"position\":2,\"name\":\"Fermer son entreprise\",\"item\":\"https:\/\/www.legalvision.fr\/guides-juridiques\/fermer-son-entreprise\/\"},{\"@type\":\"ListItem\",\"position\":3,\"name\":\"Comment \u00e9viter la radiation d&rsquo;office d&rsquo;une entreprise ?\"}]},{\"@type\":\"WebSite\",\"@id\":\"https:\/\/www.legalvision.fr\/guides-juridiques\/#website\",\"url\":\"https:\/\/www.legalvision.fr\/guides-juridiques\/\",\"name\":\"Guides juridiques\",\"description\":\"L&#039;information juridique \u00e0 destination des entreprises et TPE\",\"publisher\":{\"@id\":\"https:\/\/www.legalvision.fr\/guides-juridiques\/#organization\"},\"potentialAction\":[{\"@type\":\"SearchAction\",\"target\":{\"@type\":\"EntryPoint\",\"urlTemplate\":\"https:\/\/www.legalvision.fr\/guides-juridiques\/?s={search_term_string}\"},\"query-input\":{\"@type\":\"PropertyValueSpecification\",\"valueRequired\":true,\"valueName\":\"search_term_string\"}}],\"inLanguage\":\"fr-FR\"},{\"@type\":\"Organization\",\"@id\":\"https:\/\/www.legalvision.fr\/guides-juridiques\/#organization\",\"name\":\"Guides juridiques\",\"url\":\"https:\/\/www.legalvision.fr\/guides-juridiques\/\",\"logo\":{\"@type\":\"ImageObject\",\"inLanguage\":\"fr-FR\",\"@id\":\"https:\/\/www.legalvision.fr\/guides-juridiques\/#\/schema\/logo\/image\/\",\"url\":\"https:\/\/www.legalvision.fr\/guides-juridiques\/wp-content\/uploads\/2022\/10\/LV-Logotype.png\",\"contentUrl\":\"https:\/\/www.legalvision.fr\/guides-juridiques\/wp-content\/uploads\/2022\/10\/LV-Logotype.png\",\"width\":647,\"height\":125,\"caption\":\"Guides juridiques\"},\"image\":{\"@id\":\"https:\/\/www.legalvision.fr\/guides-juridiques\/#\/schema\/logo\/image\/\"}},{\"@type\":\"Person\",\"@id\":\"https:\/\/www.legalvision.fr\/guides-juridiques\/#\/schema\/person\/9c4ca0ec82e346ae731e8fef938d9282\",\"name\":\"Maxime Ballesteron\",\"image\":{\"@type\":\"ImageObject\",\"inLanguage\":\"fr-FR\",\"@id\":\"https:\/\/www.legalvision.fr\/guides-juridiques\/#\/schema\/person\/image\/\",\"url\":\"https:\/\/secure.gravatar.com\/avatar\/68fa8e70985671e1333fd562aa940aa27363cecb7578a35e3e3131f2500b6ca5?s=96&d=mm&r=g\",\"contentUrl\":\"https:\/\/secure.gravatar.com\/avatar\/68fa8e70985671e1333fd562aa940aa27363cecb7578a35e3e3131f2500b6ca5?s=96&d=mm&r=g\",\"caption\":\"Maxime Ballesteron\"},\"description\":\"Maxime est juriste sp\u00e9cialis\u00e9 en droit des soci\u00e9t\u00e9s chez LegalVision. Il est passionn\u00e9 par le droit et l'univers des startups.\",\"sameAs\":[\"https:\/\/www.legalvision.fr\/\",\"https:\/\/www.facebook.com\/legalvision.fr\/\",\"https:\/\/www.instagram.com\/legalvision.fr\/\",\"https:\/\/www.linkedin.com\/company\/legalvision-fr\/\",\"https:\/\/x.com\/https:\/\/twitter.com\/Legalvision_fr\"],\"url\":\"https:\/\/www.legalvision.fr\/guides-juridiques\/author\/maxime-ballester\/\"}]}<\/script>\n<!-- \/ Yoast SEO plugin. -->","yoast_head_json":{"title":"Radiation d'office et ses cons\u00e9quences : comment l'\u00e9viter ?","description":"La radiation d'office est une mesure administrative appliqu\u00e9e \u00e0 une entreprise n'ayant pas accompli certaines obligations.Cette situation est r\u00e9gularisable.","robots":{"index":"index","follow":"follow","max-snippet":"max-snippet:-1","max-image-preview":"max-image-preview:large","max-video-preview":"max-video-preview:-1"},"canonical":"https:\/\/www.legalvision.fr\/guides-juridiques\/fermer-son-entreprise\/radiation-d-office\/","og_locale":"fr_FR","og_type":"article","og_title":"Radiation d'office et ses cons\u00e9quences : comment l'\u00e9viter ?","og_description":"La radiation d'office est une mesure administrative appliqu\u00e9e \u00e0 une entreprise n'ayant pas accompli certaines obligations.Cette situation est r\u00e9gularisable.","og_url":"https:\/\/www.legalvision.fr\/guides-juridiques\/fermer-son-entreprise\/radiation-d-office\/","og_site_name":"Guides juridiques","article_author":"https:\/\/www.facebook.com\/legalvision.fr\/","article_published_time":"2018-05-26T06:30:41+00:00","article_modified_time":"2023-10-17T14:01:41+00:00","og_image":[{"width":958,"height":350,"url":"https:\/\/www.legalvision.fr\/guides-juridiques\/wp-content\/uploads\/2018\/05\/radiation-d_office-min-1.jpg","type":"image\/jpeg"}],"author":"Maxime Ballesteron","twitter_card":"summary_large_image","twitter_creator":"@https:\/\/twitter.com\/Legalvision_fr","twitter_misc":{"\u00c9crit par":"Maxime Ballesteron","Dur\u00e9e de lecture estim\u00e9e":"9 minutes"},"schema":{"@context":"https:\/\/schema.org","@graph":[{"@type":"Article","@id":"https:\/\/www.legalvision.fr\/guides-juridiques\/fermer-son-entreprise\/radiation-d-office\/#article","isPartOf":{"@id":"https:\/\/www.legalvision.fr\/guides-juridiques\/fermer-son-entreprise\/radiation-d-office\/"},"author":{"name":"Maxime Ballesteron","@id":"https:\/\/www.legalvision.fr\/guides-juridiques\/#\/schema\/person\/9c4ca0ec82e346ae731e8fef938d9282"},"headline":"Comment \u00e9viter la radiation d&rsquo;office d&rsquo;une entreprise ?","datePublished":"2018-05-26T06:30:41+00:00","dateModified":"2023-10-17T14:01:41+00:00","mainEntityOfPage":{"@id":"https:\/\/www.legalvision.fr\/guides-juridiques\/fermer-son-entreprise\/radiation-d-office\/"},"wordCount":1978,"commentCount":26,"publisher":{"@id":"https:\/\/www.legalvision.fr\/guides-juridiques\/#organization"},"image":{"@id":"https:\/\/www.legalvision.fr\/guides-juridiques\/fermer-son-entreprise\/radiation-d-office\/#primaryimage"},"thumbnailUrl":"https:\/\/www.legalvision.fr\/guides-juridiques\/wp-content\/uploads\/2018\/05\/radiation-d_office-min-1.jpg","articleSection":["Fermer son entreprise"],"inLanguage":"fr-FR","potentialAction":[{"@type":"CommentAction","name":"Comment","target":["https:\/\/www.legalvision.fr\/guides-juridiques\/fermer-son-entreprise\/radiation-d-office\/#respond"]}]},{"@type":"WebPage","@id":"https:\/\/www.legalvision.fr\/guides-juridiques\/fermer-son-entreprise\/radiation-d-office\/","url":"https:\/\/www.legalvision.fr\/guides-juridiques\/fermer-son-entreprise\/radiation-d-office\/","name":"Radiation d'office et ses cons\u00e9quences : comment l'\u00e9viter ?","isPartOf":{"@id":"https:\/\/www.legalvision.fr\/guides-juridiques\/#website"},"primaryImageOfPage":{"@id":"https:\/\/www.legalvision.fr\/guides-juridiques\/fermer-son-entreprise\/radiation-d-office\/#primaryimage"},"image":{"@id":"https:\/\/www.legalvision.fr\/guides-juridiques\/fermer-son-entreprise\/radiation-d-office\/#primaryimage"},"thumbnailUrl":"https:\/\/www.legalvision.fr\/guides-juridiques\/wp-content\/uploads\/2018\/05\/radiation-d_office-min-1.jpg","datePublished":"2018-05-26T06:30:41+00:00","dateModified":"2023-10-17T14:01:41+00:00","description":"La radiation d'office est une mesure administrative appliqu\u00e9e \u00e0 une entreprise n'ayant pas accompli certaines obligations.Cette situation est r\u00e9gularisable.","breadcrumb":{"@id":"https:\/\/www.legalvision.fr\/guides-juridiques\/fermer-son-entreprise\/radiation-d-office\/#breadcrumb"},"inLanguage":"fr-FR","potentialAction":[{"@type":"ReadAction","target":["https:\/\/www.legalvision.fr\/guides-juridiques\/fermer-son-entreprise\/radiation-d-office\/"]}]},{"@type":"ImageObject","inLanguage":"fr-FR","@id":"https:\/\/www.legalvision.fr\/guides-juridiques\/fermer-son-entreprise\/radiation-d-office\/#primaryimage","url":"https:\/\/www.legalvision.fr\/guides-juridiques\/wp-content\/uploads\/2018\/05\/radiation-d_office-min-1.jpg","contentUrl":"https:\/\/www.legalvision.fr\/guides-juridiques\/wp-content\/uploads\/2018\/05\/radiation-d_office-min-1.jpg","width":958,"height":350,"caption":"radiation d'office"},{"@type":"BreadcrumbList","@id":"https:\/\/www.legalvision.fr\/guides-juridiques\/fermer-son-entreprise\/radiation-d-office\/#breadcrumb","itemListElement":[{"@type":"ListItem","position":1,"name":"Accueil","item":"https:\/\/www.legalvision.fr\/guides-juridiques\/"},{"@type":"ListItem","position":2,"name":"Fermer son entreprise","item":"https:\/\/www.legalvision.fr\/guides-juridiques\/fermer-son-entreprise\/"},{"@type":"ListItem","position":3,"name":"Comment \u00e9viter la radiation d&rsquo;office d&rsquo;une entreprise ?"}]},{"@type":"WebSite","@id":"https:\/\/www.legalvision.fr\/guides-juridiques\/#website","url":"https:\/\/www.legalvision.fr\/guides-juridiques\/","name":"Guides juridiques","description":"L&#039;information juridique \u00e0 destination des entreprises et TPE","publisher":{"@id":"https:\/\/www.legalvision.fr\/guides-juridiques\/#organization"},"potentialAction":[{"@type":"SearchAction","target":{"@type":"EntryPoint","urlTemplate":"https:\/\/www.legalvision.fr\/guides-juridiques\/?s={search_term_string}"},"query-input":{"@type":"PropertyValueSpecification","valueRequired":true,"valueName":"search_term_string"}}],"inLanguage":"fr-FR"},{"@type":"Organization","@id":"https:\/\/www.legalvision.fr\/guides-juridiques\/#organization","name":"Guides juridiques","url":"https:\/\/www.legalvision.fr\/guides-juridiques\/","logo":{"@type":"ImageObject","inLanguage":"fr-FR","@id":"https:\/\/www.legalvision.fr\/guides-juridiques\/#\/schema\/logo\/image\/","url":"https:\/\/www.legalvision.fr\/guides-juridiques\/wp-content\/uploads\/2022\/10\/LV-Logotype.png","contentUrl":"https:\/\/www.legalvision.fr\/guides-juridiques\/wp-content\/uploads\/2022\/10\/LV-Logotype.png","width":647,"height":125,"caption":"Guides juridiques"},"image":{"@id":"https:\/\/www.legalvision.fr\/guides-juridiques\/#\/schema\/logo\/image\/"}},{"@type":"Person","@id":"https:\/\/www.legalvision.fr\/guides-juridiques\/#\/schema\/person\/9c4ca0ec82e346ae731e8fef938d9282","name":"Maxime Ballesteron","image":{"@type":"ImageObject","inLanguage":"fr-FR","@id":"https:\/\/www.legalvision.fr\/guides-juridiques\/#\/schema\/person\/image\/","url":"https:\/\/secure.gravatar.com\/avatar\/68fa8e70985671e1333fd562aa940aa27363cecb7578a35e3e3131f2500b6ca5?s=96&d=mm&r=g","contentUrl":"https:\/\/secure.gravatar.com\/avatar\/68fa8e70985671e1333fd562aa940aa27363cecb7578a35e3e3131f2500b6ca5?s=96&d=mm&r=g","caption":"Maxime Ballesteron"},"description":"Maxime est juriste sp\u00e9cialis\u00e9 en droit des soci\u00e9t\u00e9s chez LegalVision. Il est passionn\u00e9 par le droit et l'univers des startups.","sameAs":["https:\/\/www.legalvision.fr\/","https:\/\/www.facebook.com\/legalvision.fr\/","https:\/\/www.instagram.com\/legalvision.fr\/","https:\/\/www.linkedin.com\/company\/legalvision-fr\/","https:\/\/x.com\/https:\/\/twitter.com\/Legalvision_fr"],"url":"https:\/\/www.legalvision.fr\/guides-juridiques\/author\/maxime-ballester\/"}]}},"_links":{"self":[{"href":"https:\/\/www.legalvision.fr\/guides-juridiques\/wp-json\/wp\/v2\/posts\/3839","targetHints":{"allow":["GET"]}}],"collection":[{"href":"https:\/\/www.legalvision.fr\/guides-juridiques\/wp-json\/wp\/v2\/posts"}],"about":[{"href":"https:\/\/www.legalvision.fr\/guides-juridiques\/wp-json\/wp\/v2\/types\/post"}],"author":[{"embeddable":true,"href":"https:\/\/www.legalvision.fr\/guides-juridiques\/wp-json\/wp\/v2\/users\/15"}],"replies":[{"embeddable":true,"href":"https:\/\/www.legalvision.fr\/guides-juridiques\/wp-json\/wp\/v2\/comments?post=3839"}],"version-history":[{"count":7,"href":"https:\/\/www.legalvision.fr\/guides-juridiques\/wp-json\/wp\/v2\/posts\/3839\/revisions"}],"predecessor-version":[{"id":39918,"href":"https:\/\/www.legalvision.fr\/guides-juridiques\/wp-json\/wp\/v2\/posts\/3839\/revisions\/39918"}],"wp:featuredmedia":[{"embeddable":true,"href":"https:\/\/www.legalvision.fr\/guides-juridiques\/wp-json\/wp\/v2\/media\/22042"}],"wp:attachment":[{"href":"https:\/\/www.legalvision.fr\/guides-juridiques\/wp-json\/wp\/v2\/media?parent=3839"}],"wp:term":[{"taxonomy":"category","embeddable":true,"href":"https:\/\/www.legalvision.fr\/guides-juridiques\/wp-json\/wp\/v2\/categories?post=3839"},{"taxonomy":"post_tag","embeddable":true,"href":"https:\/\/www.legalvision.fr\/guides-juridiques\/wp-json\/wp\/v2\/tags?post=3839"}],"curies":[{"name":"wp","href":"https:\/\/api.w.org\/{rel}","templated":true}]}}