{"id":3795,"date":"2018-05-26T07:40:26","date_gmt":"2018-05-26T06:40:26","guid":{"rendered":"https:\/\/blog.legalvision.fr\/?p=3795"},"modified":"2022-03-27T21:21:10","modified_gmt":"2022-03-27T19:21:10","slug":"la-revocation-des-dirigeants-sociaux","status":"publish","type":"post","link":"https:\/\/www.legalvision.fr\/guides-juridiques\/gerer-une-entreprise\/la-revocation-des-dirigeants-sociaux\/","title":{"rendered":"Les \u00e9tapes de la r\u00e9vocation des dirigeants sociaux d&rsquo;une SARL ou d&rsquo;une SAS"},"content":{"rendered":"<p><html><body><\/p>\n<p>Il arrive que des associ\u00e9s puissent souhaiter la <a href=\"https:\/\/www.legalvision.fr\/modification-statuts\/changement-de-dirigeant\/\"><strong>r\u00e9vocation du dirigeant<\/strong><\/a>.\u00a0Or, <strong>la r\u00e9vocation des dirigeants sociaux<\/strong> implique de suivre une proc\u00e9dure et des r\u00e8gles pr\u00e9cises.\n<\/p>\n<h3><strong>Sommaire :\u00a0<\/strong><\/h3>\n<p><a href=\"#1\"><strong>I\/ Les conditions de la r\u00e9vocation des dirigeants sociaux\u00a0<\/strong><\/a><br \/>\n<a href=\"#2\"><strong>II\/ La proc\u00e9dure de r\u00e9vocation des dirigeants sociaux\u00a0<\/strong><\/a><br \/>\n<a href=\"#3\"><strong>III\/ Les cons\u00e9quences de la r\u00e9vocation des dirigeants sociaux<\/strong><\/a><\/p>\n<h2 id=\"1\">I\/ Les conditions de la r\u00e9vocation des dirigeants sociaux<\/h2>\n<p>En principe, <strong>la r\u00e9vocation des dirigeants sociaux<\/strong> d&rsquo;une SARL ou SAS est libre. Toutefois, en SARL cette r\u00e9vocation donnera lieu \u00e0 des dommages-int\u00e9r\u00eats si elle se fait sans juste motif. C&rsquo;est-\u00e0-dire que le g\u00e9rant de SARL doit \u00eatre r\u00e9voqu\u00e9 pour une raison valable, pour une divergence entre l&rsquo;int\u00e9r\u00eat de la soci\u00e9t\u00e9 et le fait qu&rsquo;il continue d&rsquo;exercer ses fonctions. Ainsi, la mauvaise gestion de la soci\u00e9t\u00e9, le non respect de la loi ou des statuts par le dirigeant, ou encore des conflits entre les associ\u00e9s et le dirigeant peuvent constituer des motifs l\u00e9gitimes de <strong>r\u00e9vocation dirigeant<\/strong>.<\/p>\n<p>En outre, la <a href=\"https:\/\/www.legalvision.fr\/modification-statuts\/changement-de-dirigeant\/\"><strong>r\u00e9vocation dirigeant SAS<\/strong><\/a> pourra se faire dans des conditions diff\u00e9rentes en fonction des statuts de la soci\u00e9t\u00e9. En effet, les statuts peuvent pr\u00e9voir que le pr\u00e9sident ne sera r\u00e9vocable que pour justes motifs. Encore, il peut \u00eatre pr\u00e9vu que le pr\u00e9sident sera r\u00e9voqu\u00e9 si certains \u00e9v\u00e9nements surviennent, notamment si le pr\u00e9sident d\u00e9passe un \u00e2ge limite fix\u00e9 par les statuts.<\/p>\n<p>Enfin, quelles que soient les conditions justifiant de la r\u00e9vocation des dirigeants sociaux, celle-ci ne doit pas intervenir dans des conditions abusives, brusques, humiliantes ou vexatoires. Ainsi, la r\u00e9vocation sera abusive si elle intervient sans laisser au dirigeant la possibilit\u00e9 de se d\u00e9fendre. Encore, la r\u00e9vocation sera humiliante ou vexatoire si elle se fait dans des conditions portant atteinte \u00e0 la r\u00e9putation du dirigeant.<\/p>\n<h2 id=\"2\">II\/ La proc\u00e9dure de r\u00e9vocation des dirigeants sociaux<\/h2>\n<h3>A) La proc\u00e9dure de r\u00e9vocation des dirigeants sociaux de SAS.<\/h3>\n<p>La <strong>r\u00e9vocation dirigeant SAS<\/strong> se fera selon les modalit\u00e9s pr\u00e9vues par les statuts. En effet, les statuts de la SAS peuvent pr\u00e9voir les circonstances dans lesquelles le pr\u00e9sident pourra \u00eatre r\u00e9voqu\u00e9. Encore, les statuts pourront pr\u00e9voir dans quelles conditions il pourra \u00eatre d\u00e9cid\u00e9 de la <strong>r\u00e9vocation du dirigeant<\/strong>. Ainsi, il pourra \u00eatre pr\u00e9vu des cas de r\u00e9vocation automatique, notamment pour limite d&rsquo;\u00e2ge ou survenance d&rsquo;un \u00e9v\u00e9nement d\u00e9termin\u00e9. De m\u00eame, les statuts pourront pr\u00e9voir un pr\u00e9avis, ou encore des indemnit\u00e9s de r\u00e9vocation.<\/p>\n<p>Encore, les statuts peuvent d\u00e9signer des personnes qui pourront d\u00e9cider de <strong>la r\u00e9vocation des dirigeants sociaux<\/strong>. De plus, ils peuvent pr\u00e9voir des conditions de majorit\u00e9 pour adopter la d\u00e9cision. Du reste, il est \u00e9galement possible de pr\u00e9voir que les associ\u00e9s de la SAS, r\u00e9unis en assembl\u00e9e g\u00e9n\u00e9rale (AG), d\u00e9cideront de la r\u00e9vocation du dirigeant. En outre, il peut \u00eatre int\u00e9ressant de pr\u00e9voir qu&rsquo;une personne autre que les dirigeants sociaux pourra convoquer l&rsquo;AG. En effet, dans le cas inverse le dirigeant pourrait refuser de convoquer une AG et d&rsquo;inscrire sa r\u00e9vocation \u00e0 son ordre du jour.<\/p>\n<h3>B) La proc\u00e9dure de r\u00e9vocation des dirigeants sociaux de SARL.<\/h3>\n<p>La r\u00e9vocation du g\u00e9rant d&rsquo;une SARL doit suivre une proc\u00e9dure particuli\u00e8re. En effet, la r\u00e9vocation des dirigeants sociaux d&rsquo;une SARL implique de passer par la convocation d&rsquo;une AG. Or, la convocation d&rsquo;une AG peut \u00eatre difficile si la SARL ne compte qu&rsquo;un seul g\u00e9rant. En effet, le dirigeant aura des scrupules \u00e0 convoquer une AG dont l&rsquo;ordre du jour sera de statuer sur sa propre r\u00e9vocation. Ainsi, dans un tel cas, il est possible aux associ\u00e9s de s&rsquo;adresser \u00e0 un juge. En effet, ils pourront demander au juge des r\u00e9f\u00e9r\u00e9s de convoquer une AG ayant pour ordre du jour <strong>la r\u00e9vocation des dirigeants sociaux<\/strong>.<\/p>\n<p>De plus,\u00a0il est possible de d\u00e9cider de la r\u00e9vocation d&rsquo;un dirigeant suite \u00e0 l&rsquo;AG annuelle d&rsquo;approbation des comptes. En effet des incidents de s\u00e9ance peuvent permettre aux associ\u00e9s de las SARL de voter <strong>la r\u00e9vocation des dirigeants sociaux<\/strong>, alors-m\u00eame que celle-ci n&rsquo;est pas inscrite \u00e0 l&rsquo;ordre du jour de l&rsquo;AG. Ainsi, il peut y avoir un incident de s\u00e9ance si les questions trait\u00e9es lors de l&rsquo;AG font appara\u00eetre une mauvaise gestion de la part du g\u00e9rant de la SARL. Alors, il appartiendra aux associ\u00e9s de r\u00e9voquer le g\u00e9rant.<\/p>\n<p>Enfin, il convient de pr\u00e9venir en amont le g\u00e9rant du projet de r\u00e9vocation. En effet, le g\u00e9rant doit \u00eatre mis en mesure de se d\u00e9fendre lors de l&rsquo;AG statuant sur sa r\u00e9vocation. Ainsi, le dirigeant pourra r\u00e9pondre aux arguments \u00e0 charge de sa r\u00e9vocation. Encore, en cas d&rsquo;accident de s\u00e9ance les sujets trait\u00e9s lors de l&rsquo;AG doivent avoir permis au dirigeant de s&rsquo;expliquer sur sa gestion.<\/p>\n<h2 id=\"3\">III\/ Les cons\u00e9quences de la r\u00e9vocation des dirigeants sociaux<\/h2>\n<p><strong>La r\u00e9vocation des dirigeants sociaux<\/strong>\u00a0peut s&rsquo;accompagner de la nomination de nouveaux. Cette nomination peut intervenir au cours de la m\u00eame AG ayant d\u00e9cid\u00e9 de la r\u00e9vocation.<\/p>\n<p>Outre cela, des formalit\u00e9s devront \u00eatre accomplies. En effet, il faudra publier un avis de r\u00e9vocation ou de changement de dirigeant dans un journal d&rsquo;annonces l\u00e9gales (JAL). Encore, il sera n\u00e9cessaire d&rsquo;effectuer des formalit\u00e9s aupr\u00e8s du CFE. En effet, il faudra adresser un dossier de changement de dirigeant, lequel comprend notamment :<\/p>\n<ul>\n<li>Un formulaire M3, compl\u00e9t\u00e9 et sign\u00e9 ;<\/li>\n<li>Une attestation de parution dans un JAL ;<\/li>\n<li>Des copies des documents d&rsquo;identit\u00e9 du nouveau dirigeant.<\/li>\n<li>Des documents propres \u00e0 prouver la probit\u00e9 du dirigeant.<\/li>\n<\/ul>\n<p>Cela fait, la <a href=\"https:\/\/www.legalvision.fr\/modification-statuts\/changement-de-dirigeant\/\"><strong>proc\u00e9dure de r\u00e9vocation d&rsquo;un dirigeant<\/strong><\/a> sera achev\u00e9e.<\/p>\n<p>\u00a0<\/p>\n<p><\/body><\/html><!--tag_auto_button_lead_legalvision--><a href=\"https:\/\/www.legalvision.fr\/tous-les-services\/?utm_source=blog&#038;utm_campaign=la-revocation-des-dirigeants-sociaux\" class=\"tag_auto_button_lead_legalvision\"><button style=\"background-color:#32c3bf;width:100%;\">Changement de dirigeant en ligne<\/button><\/a><!--tag_auto_button_lead_legalvision--><\/p>\n","protected":false},"excerpt":{"rendered":"<p>Il arrive que des associ\u00e9s puissent souhaiter la r\u00e9vocation du dirigeant.\u00a0Or, la r\u00e9vocation des dirigeants sociaux implique de suivre une proc\u00e9dure et des r\u00e8gles pr\u00e9cises. Sommaire :\u00a0 I\/ Les conditions de la r\u00e9vocation des dirigeants sociaux\u00a0 II\/ La proc\u00e9dure de r\u00e9vocation des dirigeants sociaux\u00a0 III\/ Les cons\u00e9quences de la r\u00e9vocation des dirigeants sociaux I\/ Les&hellip; <a class=\"more-link\" href=\"https:\/\/www.legalvision.fr\/guides-juridiques\/gerer-une-entreprise\/la-revocation-des-dirigeants-sociaux\/\">Poursuivre la lecture <span class=\"screen-reader-text\">Les \u00e9tapes de la r\u00e9vocation des dirigeants sociaux d&rsquo;une SARL ou d&rsquo;une SAS<\/span><\/a><\/p>\n","protected":false},"author":18,"featured_media":22029,"comment_status":"open","ping_status":"open","sticky":false,"template":"","format":"standard","meta":{"content-type":"","inline_featured_image":false,"footnotes":""},"categories":[2502],"tags":[],"class_list":["post-3795","post","type-post","status-publish","format-standard","has-post-thumbnail","hentry","category-gerer-une-entreprise","entry"],"yoast_head":"<!-- This site is optimized with the Yoast SEO plugin v27.1.1 - https:\/\/yoast.com\/product\/yoast-seo-wordpress\/ -->\n<title>La r\u00e9vocation des dirigeants sociaux en SARL et SAS<\/title>\n<meta name=\"description\" content=\"LegalVision vous informe sur la proc\u00e9dure \u00e0 suivre pour proc\u00e9der efficacement \u00e0 la r\u00e9vocation des dirigeants sociaux de votre soci\u00e9t\u00e9.\" \/>\n<meta name=\"robots\" content=\"index, follow, max-snippet:-1, max-image-preview:large, max-video-preview:-1\" \/>\n<link rel=\"canonical\" href=\"https:\/\/www.legalvision.fr\/guides-juridiques\/gerer-une-entreprise\/la-revocation-des-dirigeants-sociaux\/\" \/>\n<meta property=\"og:locale\" content=\"fr_FR\" \/>\n<meta property=\"og:type\" content=\"article\" \/>\n<meta property=\"og:title\" content=\"La r\u00e9vocation des dirigeants sociaux en SARL et SAS\" \/>\n<meta property=\"og:description\" content=\"LegalVision vous informe sur la proc\u00e9dure \u00e0 suivre pour proc\u00e9der efficacement \u00e0 la r\u00e9vocation des dirigeants sociaux de votre soci\u00e9t\u00e9.\" \/>\n<meta property=\"og:url\" content=\"https:\/\/www.legalvision.fr\/guides-juridiques\/gerer-une-entreprise\/la-revocation-des-dirigeants-sociaux\/\" \/>\n<meta property=\"og:site_name\" content=\"Guides juridiques\" \/>\n<meta property=\"article:published_time\" content=\"2018-05-26T06:40:26+00:00\" \/>\n<meta property=\"article:modified_time\" content=\"2022-03-27T19:21:10+00:00\" \/>\n<meta property=\"og:image\" content=\"https:\/\/www.legalvision.fr\/guides-juridiques\/wp-content\/uploads\/2018\/05\/R\u00e9vocation-des-dirigeants-sociaux-min-1.jpg\" \/>\n\t<meta property=\"og:image:width\" content=\"958\" \/>\n\t<meta property=\"og:image:height\" content=\"350\" \/>\n\t<meta property=\"og:image:type\" content=\"image\/jpeg\" \/>\n<meta name=\"author\" content=\"Valentin Giandomenico\" \/>\n<meta name=\"twitter:card\" content=\"summary_large_image\" \/>\n<meta name=\"twitter:label1\" content=\"\u00c9crit par\" \/>\n\t<meta name=\"twitter:data1\" content=\"Valentin Giandomenico\" \/>\n\t<meta name=\"twitter:label2\" content=\"Dur\u00e9e de lecture estim\u00e9e\" \/>\n\t<meta name=\"twitter:data2\" content=\"5 minutes\" \/>\n<script type=\"application\/ld+json\" class=\"yoast-schema-graph\">{\"@context\":\"https:\/\/schema.org\",\"@graph\":[{\"@type\":\"Article\",\"@id\":\"https:\/\/www.legalvision.fr\/guides-juridiques\/gerer-une-entreprise\/la-revocation-des-dirigeants-sociaux\/#article\",\"isPartOf\":{\"@id\":\"https:\/\/www.legalvision.fr\/guides-juridiques\/gerer-une-entreprise\/la-revocation-des-dirigeants-sociaux\/\"},\"author\":{\"name\":\"Valentin Giandomenico\",\"@id\":\"https:\/\/www.legalvision.fr\/guides-juridiques\/#\/schema\/person\/67f95ffb60649ed460d4778154ac2031\"},\"headline\":\"Les \u00e9tapes de la r\u00e9vocation des dirigeants sociaux d&rsquo;une SARL ou d&rsquo;une SAS\",\"datePublished\":\"2018-05-26T06:40:26+00:00\",\"dateModified\":\"2022-03-27T19:21:10+00:00\",\"mainEntityOfPage\":{\"@id\":\"https:\/\/www.legalvision.fr\/guides-juridiques\/gerer-une-entreprise\/la-revocation-des-dirigeants-sociaux\/\"},\"wordCount\":1053,\"commentCount\":2,\"publisher\":{\"@id\":\"https:\/\/www.legalvision.fr\/guides-juridiques\/#organization\"},\"image\":{\"@id\":\"https:\/\/www.legalvision.fr\/guides-juridiques\/gerer-une-entreprise\/la-revocation-des-dirigeants-sociaux\/#primaryimage\"},\"thumbnailUrl\":\"https:\/\/www.legalvision.fr\/guides-juridiques\/wp-content\/uploads\/2018\/05\/R\u00e9vocation-des-dirigeants-sociaux-min-1.jpg\",\"articleSection\":[\"G\u00e9rer une entreprise\"],\"inLanguage\":\"fr-FR\",\"potentialAction\":[{\"@type\":\"CommentAction\",\"name\":\"Comment\",\"target\":[\"https:\/\/www.legalvision.fr\/guides-juridiques\/gerer-une-entreprise\/la-revocation-des-dirigeants-sociaux\/#respond\"]}]},{\"@type\":\"WebPage\",\"@id\":\"https:\/\/www.legalvision.fr\/guides-juridiques\/gerer-une-entreprise\/la-revocation-des-dirigeants-sociaux\/\",\"url\":\"https:\/\/www.legalvision.fr\/guides-juridiques\/gerer-une-entreprise\/la-revocation-des-dirigeants-sociaux\/\",\"name\":\"La r\u00e9vocation des dirigeants sociaux en SARL et SAS\",\"isPartOf\":{\"@id\":\"https:\/\/www.legalvision.fr\/guides-juridiques\/#website\"},\"primaryImageOfPage\":{\"@id\":\"https:\/\/www.legalvision.fr\/guides-juridiques\/gerer-une-entreprise\/la-revocation-des-dirigeants-sociaux\/#primaryimage\"},\"image\":{\"@id\":\"https:\/\/www.legalvision.fr\/guides-juridiques\/gerer-une-entreprise\/la-revocation-des-dirigeants-sociaux\/#primaryimage\"},\"thumbnailUrl\":\"https:\/\/www.legalvision.fr\/guides-juridiques\/wp-content\/uploads\/2018\/05\/R\u00e9vocation-des-dirigeants-sociaux-min-1.jpg\",\"datePublished\":\"2018-05-26T06:40:26+00:00\",\"dateModified\":\"2022-03-27T19:21:10+00:00\",\"description\":\"LegalVision vous informe sur la proc\u00e9dure \u00e0 suivre pour proc\u00e9der efficacement \u00e0 la r\u00e9vocation des dirigeants sociaux de votre soci\u00e9t\u00e9.\",\"breadcrumb\":{\"@id\":\"https:\/\/www.legalvision.fr\/guides-juridiques\/gerer-une-entreprise\/la-revocation-des-dirigeants-sociaux\/#breadcrumb\"},\"inLanguage\":\"fr-FR\",\"potentialAction\":[{\"@type\":\"ReadAction\",\"target\":[\"https:\/\/www.legalvision.fr\/guides-juridiques\/gerer-une-entreprise\/la-revocation-des-dirigeants-sociaux\/\"]}]},{\"@type\":\"ImageObject\",\"inLanguage\":\"fr-FR\",\"@id\":\"https:\/\/www.legalvision.fr\/guides-juridiques\/gerer-une-entreprise\/la-revocation-des-dirigeants-sociaux\/#primaryimage\",\"url\":\"https:\/\/www.legalvision.fr\/guides-juridiques\/wp-content\/uploads\/2018\/05\/R\u00e9vocation-des-dirigeants-sociaux-min-1.jpg\",\"contentUrl\":\"https:\/\/www.legalvision.fr\/guides-juridiques\/wp-content\/uploads\/2018\/05\/R\u00e9vocation-des-dirigeants-sociaux-min-1.jpg\",\"width\":958,\"height\":350,\"caption\":\"R\u00e9vocation des dirigeants sociaux\"},{\"@type\":\"BreadcrumbList\",\"@id\":\"https:\/\/www.legalvision.fr\/guides-juridiques\/gerer-une-entreprise\/la-revocation-des-dirigeants-sociaux\/#breadcrumb\",\"itemListElement\":[{\"@type\":\"ListItem\",\"position\":1,\"name\":\"Accueil\",\"item\":\"https:\/\/www.legalvision.fr\/guides-juridiques\/\"},{\"@type\":\"ListItem\",\"position\":2,\"name\":\"G\u00e9rer une entreprise\",\"item\":\"https:\/\/www.legalvision.fr\/guides-juridiques\/gerer-une-entreprise\/\"},{\"@type\":\"ListItem\",\"position\":3,\"name\":\"Les \u00e9tapes de la r\u00e9vocation des dirigeants sociaux d&rsquo;une SARL ou d&rsquo;une SAS\"}]},{\"@type\":\"WebSite\",\"@id\":\"https:\/\/www.legalvision.fr\/guides-juridiques\/#website\",\"url\":\"https:\/\/www.legalvision.fr\/guides-juridiques\/\",\"name\":\"Guides juridiques\",\"description\":\"L&#039;information juridique \u00e0 destination des entreprises et TPE\",\"publisher\":{\"@id\":\"https:\/\/www.legalvision.fr\/guides-juridiques\/#organization\"},\"potentialAction\":[{\"@type\":\"SearchAction\",\"target\":{\"@type\":\"EntryPoint\",\"urlTemplate\":\"https:\/\/www.legalvision.fr\/guides-juridiques\/?s={search_term_string}\"},\"query-input\":{\"@type\":\"PropertyValueSpecification\",\"valueRequired\":true,\"valueName\":\"search_term_string\"}}],\"inLanguage\":\"fr-FR\"},{\"@type\":\"Organization\",\"@id\":\"https:\/\/www.legalvision.fr\/guides-juridiques\/#organization\",\"name\":\"Guides juridiques\",\"url\":\"https:\/\/www.legalvision.fr\/guides-juridiques\/\",\"logo\":{\"@type\":\"ImageObject\",\"inLanguage\":\"fr-FR\",\"@id\":\"https:\/\/www.legalvision.fr\/guides-juridiques\/#\/schema\/logo\/image\/\",\"url\":\"https:\/\/www.legalvision.fr\/guides-juridiques\/wp-content\/uploads\/2022\/10\/LV-Logotype.png\",\"contentUrl\":\"https:\/\/www.legalvision.fr\/guides-juridiques\/wp-content\/uploads\/2022\/10\/LV-Logotype.png\",\"width\":647,\"height\":125,\"caption\":\"Guides juridiques\"},\"image\":{\"@id\":\"https:\/\/www.legalvision.fr\/guides-juridiques\/#\/schema\/logo\/image\/\"}},{\"@type\":\"Person\",\"@id\":\"https:\/\/www.legalvision.fr\/guides-juridiques\/#\/schema\/person\/67f95ffb60649ed460d4778154ac2031\",\"name\":\"Valentin Giandomenico\",\"image\":{\"@type\":\"ImageObject\",\"inLanguage\":\"fr-FR\",\"@id\":\"https:\/\/www.legalvision.fr\/guides-juridiques\/#\/schema\/person\/image\/\",\"url\":\"https:\/\/www.legalvision.fr\/guides-juridiques\/wp-content\/uploads\/2023\/07\/cropped-homme13-96x96.png\",\"contentUrl\":\"https:\/\/www.legalvision.fr\/guides-juridiques\/wp-content\/uploads\/2023\/07\/cropped-homme13-96x96.png\",\"caption\":\"Valentin Giandomenico\"},\"description\":\"Valentin est juriste au sein de LegalVision. Titulaire d'un M2 en droit des affaires, il s'int\u00e9resse tout particuli\u00e8rement au droit des soci\u00e9t\u00e9s.\",\"url\":\"https:\/\/www.legalvision.fr\/guides-juridiques\/author\/valentin1\/\"}]}<\/script>\n<!-- \/ Yoast SEO plugin. -->","yoast_head_json":{"title":"La r\u00e9vocation des dirigeants sociaux en SARL et SAS","description":"LegalVision vous informe sur la proc\u00e9dure \u00e0 suivre pour proc\u00e9der efficacement \u00e0 la r\u00e9vocation des dirigeants sociaux de votre soci\u00e9t\u00e9.","robots":{"index":"index","follow":"follow","max-snippet":"max-snippet:-1","max-image-preview":"max-image-preview:large","max-video-preview":"max-video-preview:-1"},"canonical":"https:\/\/www.legalvision.fr\/guides-juridiques\/gerer-une-entreprise\/la-revocation-des-dirigeants-sociaux\/","og_locale":"fr_FR","og_type":"article","og_title":"La r\u00e9vocation des dirigeants sociaux en SARL et SAS","og_description":"LegalVision vous informe sur la proc\u00e9dure \u00e0 suivre pour proc\u00e9der efficacement \u00e0 la r\u00e9vocation des dirigeants sociaux de votre soci\u00e9t\u00e9.","og_url":"https:\/\/www.legalvision.fr\/guides-juridiques\/gerer-une-entreprise\/la-revocation-des-dirigeants-sociaux\/","og_site_name":"Guides juridiques","article_published_time":"2018-05-26T06:40:26+00:00","article_modified_time":"2022-03-27T19:21:10+00:00","og_image":[{"width":958,"height":350,"url":"https:\/\/www.legalvision.fr\/guides-juridiques\/wp-content\/uploads\/2018\/05\/R\u00e9vocation-des-dirigeants-sociaux-min-1.jpg","type":"image\/jpeg"}],"author":"Valentin Giandomenico","twitter_card":"summary_large_image","twitter_misc":{"\u00c9crit par":"Valentin Giandomenico","Dur\u00e9e de lecture estim\u00e9e":"5 minutes"},"schema":{"@context":"https:\/\/schema.org","@graph":[{"@type":"Article","@id":"https:\/\/www.legalvision.fr\/guides-juridiques\/gerer-une-entreprise\/la-revocation-des-dirigeants-sociaux\/#article","isPartOf":{"@id":"https:\/\/www.legalvision.fr\/guides-juridiques\/gerer-une-entreprise\/la-revocation-des-dirigeants-sociaux\/"},"author":{"name":"Valentin Giandomenico","@id":"https:\/\/www.legalvision.fr\/guides-juridiques\/#\/schema\/person\/67f95ffb60649ed460d4778154ac2031"},"headline":"Les \u00e9tapes de la r\u00e9vocation des dirigeants sociaux d&rsquo;une SARL ou d&rsquo;une SAS","datePublished":"2018-05-26T06:40:26+00:00","dateModified":"2022-03-27T19:21:10+00:00","mainEntityOfPage":{"@id":"https:\/\/www.legalvision.fr\/guides-juridiques\/gerer-une-entreprise\/la-revocation-des-dirigeants-sociaux\/"},"wordCount":1053,"commentCount":2,"publisher":{"@id":"https:\/\/www.legalvision.fr\/guides-juridiques\/#organization"},"image":{"@id":"https:\/\/www.legalvision.fr\/guides-juridiques\/gerer-une-entreprise\/la-revocation-des-dirigeants-sociaux\/#primaryimage"},"thumbnailUrl":"https:\/\/www.legalvision.fr\/guides-juridiques\/wp-content\/uploads\/2018\/05\/R\u00e9vocation-des-dirigeants-sociaux-min-1.jpg","articleSection":["G\u00e9rer une entreprise"],"inLanguage":"fr-FR","potentialAction":[{"@type":"CommentAction","name":"Comment","target":["https:\/\/www.legalvision.fr\/guides-juridiques\/gerer-une-entreprise\/la-revocation-des-dirigeants-sociaux\/#respond"]}]},{"@type":"WebPage","@id":"https:\/\/www.legalvision.fr\/guides-juridiques\/gerer-une-entreprise\/la-revocation-des-dirigeants-sociaux\/","url":"https:\/\/www.legalvision.fr\/guides-juridiques\/gerer-une-entreprise\/la-revocation-des-dirigeants-sociaux\/","name":"La r\u00e9vocation des dirigeants sociaux en SARL et SAS","isPartOf":{"@id":"https:\/\/www.legalvision.fr\/guides-juridiques\/#website"},"primaryImageOfPage":{"@id":"https:\/\/www.legalvision.fr\/guides-juridiques\/gerer-une-entreprise\/la-revocation-des-dirigeants-sociaux\/#primaryimage"},"image":{"@id":"https:\/\/www.legalvision.fr\/guides-juridiques\/gerer-une-entreprise\/la-revocation-des-dirigeants-sociaux\/#primaryimage"},"thumbnailUrl":"https:\/\/www.legalvision.fr\/guides-juridiques\/wp-content\/uploads\/2018\/05\/R\u00e9vocation-des-dirigeants-sociaux-min-1.jpg","datePublished":"2018-05-26T06:40:26+00:00","dateModified":"2022-03-27T19:21:10+00:00","description":"LegalVision vous informe sur la proc\u00e9dure \u00e0 suivre pour proc\u00e9der efficacement \u00e0 la r\u00e9vocation des dirigeants sociaux de votre soci\u00e9t\u00e9.","breadcrumb":{"@id":"https:\/\/www.legalvision.fr\/guides-juridiques\/gerer-une-entreprise\/la-revocation-des-dirigeants-sociaux\/#breadcrumb"},"inLanguage":"fr-FR","potentialAction":[{"@type":"ReadAction","target":["https:\/\/www.legalvision.fr\/guides-juridiques\/gerer-une-entreprise\/la-revocation-des-dirigeants-sociaux\/"]}]},{"@type":"ImageObject","inLanguage":"fr-FR","@id":"https:\/\/www.legalvision.fr\/guides-juridiques\/gerer-une-entreprise\/la-revocation-des-dirigeants-sociaux\/#primaryimage","url":"https:\/\/www.legalvision.fr\/guides-juridiques\/wp-content\/uploads\/2018\/05\/R\u00e9vocation-des-dirigeants-sociaux-min-1.jpg","contentUrl":"https:\/\/www.legalvision.fr\/guides-juridiques\/wp-content\/uploads\/2018\/05\/R\u00e9vocation-des-dirigeants-sociaux-min-1.jpg","width":958,"height":350,"caption":"R\u00e9vocation des dirigeants sociaux"},{"@type":"BreadcrumbList","@id":"https:\/\/www.legalvision.fr\/guides-juridiques\/gerer-une-entreprise\/la-revocation-des-dirigeants-sociaux\/#breadcrumb","itemListElement":[{"@type":"ListItem","position":1,"name":"Accueil","item":"https:\/\/www.legalvision.fr\/guides-juridiques\/"},{"@type":"ListItem","position":2,"name":"G\u00e9rer une entreprise","item":"https:\/\/www.legalvision.fr\/guides-juridiques\/gerer-une-entreprise\/"},{"@type":"ListItem","position":3,"name":"Les \u00e9tapes de la r\u00e9vocation des dirigeants sociaux d&rsquo;une SARL ou d&rsquo;une SAS"}]},{"@type":"WebSite","@id":"https:\/\/www.legalvision.fr\/guides-juridiques\/#website","url":"https:\/\/www.legalvision.fr\/guides-juridiques\/","name":"Guides juridiques","description":"L&#039;information juridique \u00e0 destination des entreprises et TPE","publisher":{"@id":"https:\/\/www.legalvision.fr\/guides-juridiques\/#organization"},"potentialAction":[{"@type":"SearchAction","target":{"@type":"EntryPoint","urlTemplate":"https:\/\/www.legalvision.fr\/guides-juridiques\/?s={search_term_string}"},"query-input":{"@type":"PropertyValueSpecification","valueRequired":true,"valueName":"search_term_string"}}],"inLanguage":"fr-FR"},{"@type":"Organization","@id":"https:\/\/www.legalvision.fr\/guides-juridiques\/#organization","name":"Guides juridiques","url":"https:\/\/www.legalvision.fr\/guides-juridiques\/","logo":{"@type":"ImageObject","inLanguage":"fr-FR","@id":"https:\/\/www.legalvision.fr\/guides-juridiques\/#\/schema\/logo\/image\/","url":"https:\/\/www.legalvision.fr\/guides-juridiques\/wp-content\/uploads\/2022\/10\/LV-Logotype.png","contentUrl":"https:\/\/www.legalvision.fr\/guides-juridiques\/wp-content\/uploads\/2022\/10\/LV-Logotype.png","width":647,"height":125,"caption":"Guides juridiques"},"image":{"@id":"https:\/\/www.legalvision.fr\/guides-juridiques\/#\/schema\/logo\/image\/"}},{"@type":"Person","@id":"https:\/\/www.legalvision.fr\/guides-juridiques\/#\/schema\/person\/67f95ffb60649ed460d4778154ac2031","name":"Valentin Giandomenico","image":{"@type":"ImageObject","inLanguage":"fr-FR","@id":"https:\/\/www.legalvision.fr\/guides-juridiques\/#\/schema\/person\/image\/","url":"https:\/\/www.legalvision.fr\/guides-juridiques\/wp-content\/uploads\/2023\/07\/cropped-homme13-96x96.png","contentUrl":"https:\/\/www.legalvision.fr\/guides-juridiques\/wp-content\/uploads\/2023\/07\/cropped-homme13-96x96.png","caption":"Valentin Giandomenico"},"description":"Valentin est juriste au sein de LegalVision. Titulaire d'un M2 en droit des affaires, il s'int\u00e9resse tout particuli\u00e8rement au droit des soci\u00e9t\u00e9s.","url":"https:\/\/www.legalvision.fr\/guides-juridiques\/author\/valentin1\/"}]}},"_links":{"self":[{"href":"https:\/\/www.legalvision.fr\/guides-juridiques\/wp-json\/wp\/v2\/posts\/3795","targetHints":{"allow":["GET"]}}],"collection":[{"href":"https:\/\/www.legalvision.fr\/guides-juridiques\/wp-json\/wp\/v2\/posts"}],"about":[{"href":"https:\/\/www.legalvision.fr\/guides-juridiques\/wp-json\/wp\/v2\/types\/post"}],"author":[{"embeddable":true,"href":"https:\/\/www.legalvision.fr\/guides-juridiques\/wp-json\/wp\/v2\/users\/18"}],"replies":[{"embeddable":true,"href":"https:\/\/www.legalvision.fr\/guides-juridiques\/wp-json\/wp\/v2\/comments?post=3795"}],"version-history":[{"count":0,"href":"https:\/\/www.legalvision.fr\/guides-juridiques\/wp-json\/wp\/v2\/posts\/3795\/revisions"}],"wp:featuredmedia":[{"embeddable":true,"href":"https:\/\/www.legalvision.fr\/guides-juridiques\/wp-json\/wp\/v2\/media\/22029"}],"wp:attachment":[{"href":"https:\/\/www.legalvision.fr\/guides-juridiques\/wp-json\/wp\/v2\/media?parent=3795"}],"wp:term":[{"taxonomy":"category","embeddable":true,"href":"https:\/\/www.legalvision.fr\/guides-juridiques\/wp-json\/wp\/v2\/categories?post=3795"},{"taxonomy":"post_tag","embeddable":true,"href":"https:\/\/www.legalvision.fr\/guides-juridiques\/wp-json\/wp\/v2\/tags?post=3795"}],"curies":[{"name":"wp","href":"https:\/\/api.w.org\/{rel}","templated":true}]}}