{"id":3661,"date":"2018-05-20T07:30:35","date_gmt":"2018-05-20T06:30:35","guid":{"rendered":"https:\/\/blog.legalvision.fr\/?p=3661"},"modified":"2024-02-01T14:35:28","modified_gmt":"2024-02-01T13:35:28","slug":"extension-de-lobjet-social","status":"publish","type":"post","link":"https:\/\/www.legalvision.fr\/guides-juridiques\/gerer-une-entreprise\/extension-de-lobjet-social\/","title":{"rendered":"Pourquoi et comment proc\u00e9der \u00e0 l&rsquo;extension de l&rsquo;objet social d&rsquo;une soci\u00e9t\u00e9 ?"},"content":{"rendered":"\t\t<div data-elementor-type=\"wp-post\" data-elementor-id=\"3661\" class=\"elementor elementor-3661\" data-elementor-post-type=\"post\">\n\t\t\t\t<div data-particle_enable=\"false\" data-particle-mobile-disabled=\"false\" class=\"elementor-element elementor-element-4e5b49d e-flex e-con-boxed e-con e-parent\" data-id=\"4e5b49d\" data-element_type=\"container\" data-e-type=\"container\">\n\t\t\t\t\t<div class=\"e-con-inner\">\n\t\t\t\t<div class=\"elementor-element elementor-element-be0246b elementor-widget elementor-widget-text-editor\" data-id=\"be0246b\" data-element_type=\"widget\" data-e-type=\"widget\" data-widget_type=\"text-editor.default\">\n\t\t\t\t<div class=\"elementor-widget-container\">\n\t\t\t\t\t\t\t\t\t<p>L&rsquo;entrepreneur exer\u00e7ant son activit\u00e9 dans le cadre d&rsquo;une soci\u00e9t\u00e9 a d\u00fb, lors de sa cr\u00e9ation, en d\u00e9finir les statuts. Or, il est une clause \u00e0 laquelle il faut porter une attention toute particuli\u00e8re : la clause de l&rsquo;objet social. En effet, si cette clause vise l&rsquo;activit\u00e9 de l&rsquo;entrepreneur, cette derni\u00e8re peut \u00e9voluer bien plus ais\u00e9ment que la clause. En effet, il est possible pour l&rsquo;entrepreneur d&rsquo;exercer une nouvelle activit\u00e9. Or, sans intervention l&rsquo;objet social de la soci\u00e9t\u00e9 ne sera pas modifi\u00e9 : il ne concordera pas avec l&rsquo;activit\u00e9 r\u00e9elle de l&rsquo;entreprise. Ainsi, dans un tel cas, il appartiendra \u00e0 l&rsquo;entrepreneur de proc\u00e9der \u00e0 l&rsquo;<strong>extension de l&rsquo;objet social de sa soci\u00e9t\u00e9<\/strong>. Cette <strong>extension d&rsquo;activit\u00e9<\/strong> devra se traduire par une <a href=\"https:\/\/www.legalvision.fr\/modification-statuts\/modification-objet-social\/\"><strong>modification des statuts<\/strong><\/a>.<\/p><h3><strong>Sommaire :\u00a0<\/strong><\/h3><p><a href=\"#1\"><strong>I\/ Les raisons justifiant une extension de l&rsquo;objet social<\/strong><\/a><br \/><a href=\"#2\"><strong>II\/ La modification des statuts\u00a0<\/strong><\/a><br \/><a href=\"#3\"><strong>III\/ Les formalit\u00e9s pour extension objet social<\/strong><\/a><br \/><strong><a href=\"#4\">IV\/ Les cons\u00e9quences fiscales de l&rsquo;extension de l&rsquo;objet social<\/a>\u00a0<\/strong><\/p><p><strong>\u00a0<\/strong><\/p><p><strong>\u00a0<\/strong><\/p>\t\t\t\t\t\t\t\t<\/div>\n\t\t\t\t<\/div>\n\t\t\t\t\t<\/div>\n\t\t\t\t<\/div>\n\t\t<div data-particle_enable=\"false\" data-particle-mobile-disabled=\"false\" class=\"elementor-element elementor-element-2605b4f4 e-flex e-con-boxed e-con e-parent\" data-id=\"2605b4f4\" data-element_type=\"container\" data-e-type=\"container\">\n\t\t\t\t\t<div class=\"e-con-inner\">\n\t\t\t\t<div class=\"elementor-element elementor-element-11bbfb3 elementor-widget elementor-widget-heading\" data-id=\"11bbfb3\" data-element_type=\"widget\" data-e-type=\"widget\" data-widget_type=\"heading.default\">\n\t\t\t\t<div class=\"elementor-widget-container\">\n\t\t\t\t\t<h2 class=\"elementor-heading-title elementor-size-default\">Nos outils pour vous aider : <\/h2>\t\t\t\t<\/div>\n\t\t\t\t<\/div>\n\t\t\t\t\t<\/div>\n\t\t\t\t<\/div>\n\t\t<div data-particle_enable=\"false\" data-particle-mobile-disabled=\"false\" class=\"elementor-element elementor-element-39afe143 e-flex e-con-boxed e-con e-parent\" data-id=\"39afe143\" data-element_type=\"container\" data-e-type=\"container\">\n\t\t\t\t\t<div class=\"e-con-inner\">\n\t\t<div data-particle_enable=\"false\" data-particle-mobile-disabled=\"false\" class=\"elementor-element elementor-element-3ac76597 e-con-full e-flex e-con e-child\" data-id=\"3ac76597\" data-element_type=\"container\" data-e-type=\"container\">\n\t\t\t\t<div class=\"elementor-element elementor-element-7be461c0 elementor-widget elementor-widget-button\" data-id=\"7be461c0\" data-element_type=\"widget\" data-e-type=\"widget\" data-widget_type=\"button.default\">\n\t\t\t\t<div class=\"elementor-widget-container\">\n\t\t\t\t\t\t\t\t\t<div class=\"elementor-button-wrapper\">\n\t\t\t\t\t<a class=\"elementor-button elementor-button-link elementor-size-sm\" href=\"https:\/\/leonard.fr\/juridique\/modification-societe\/changer-dactivite\/?utm_source=blog&#038;utm_medium=CTA&#038;utm_campaign=procedure_extension_objet_social_societe&#038;utm_id=objet_social_blog\" target=\"_blank\">\n\t\t\t\t\t\t<span class=\"elementor-button-content-wrapper\">\n\t\t\t\t\t\t\t\t\t<span class=\"elementor-button-text\">Modifiez votre activit\u00e9 en ligne<\/span>\n\t\t\t\t\t<\/span>\n\t\t\t\t\t<\/a>\n\t\t\t\t<\/div>\n\t\t\t\t\t\t\t\t<\/div>\n\t\t\t\t<\/div>\n\t\t\t\t<\/div>\n\t\t<div data-particle_enable=\"false\" data-particle-mobile-disabled=\"false\" class=\"elementor-element elementor-element-4ca2b42c e-con-full e-flex e-con e-child\" data-id=\"4ca2b42c\" data-element_type=\"container\" data-e-type=\"container\">\n\t\t\t\t<div class=\"elementor-element elementor-element-214a3087 elementor-widget elementor-widget-button\" data-id=\"214a3087\" data-element_type=\"widget\" data-e-type=\"widget\" data-widget_type=\"button.default\">\n\t\t\t\t<div class=\"elementor-widget-container\">\n\t\t\t\t\t\t\t\t\t<div class=\"elementor-button-wrapper\">\n\t\t\t\t\t<a class=\"elementor-button elementor-button-link elementor-size-sm\" href=\"https:\/\/meetings.hubspot.com\/global\/leonard-rendez-vous-gratuit-avec-un-juriste?utm_source=blog&#038;utm_medium=CTA&#038;utm_campaign=procedure_extension_objet_social_societe&#038;utm_id=objet_social_blog\" target=\"_blank\">\n\t\t\t\t\t\t<span class=\"elementor-button-content-wrapper\">\n\t\t\t\t\t\t\t\t\t<span class=\"elementor-button-text\">Soyez rappel\u00e9 par un juriste gratuitement<\/span>\n\t\t\t\t\t<\/span>\n\t\t\t\t\t<\/a>\n\t\t\t\t<\/div>\n\t\t\t\t\t\t\t\t<\/div>\n\t\t\t\t<\/div>\n\t\t\t\t<\/div>\n\t\t<div data-particle_enable=\"false\" data-particle-mobile-disabled=\"false\" class=\"elementor-element elementor-element-3253a236 e-con-full e-flex e-con e-child\" data-id=\"3253a236\" data-element_type=\"container\" data-e-type=\"container\">\n\t\t\t\t<div data-dce-background-color=\"#85D2F1\" class=\"elementor-element elementor-element-17a15dcc elementor-widget elementor-widget-button\" data-id=\"17a15dcc\" data-element_type=\"widget\" data-e-type=\"widget\" data-widget_type=\"button.default\">\n\t\t\t\t<div class=\"elementor-widget-container\">\n\t\t\t\t\t\t\t\t\t<div class=\"elementor-button-wrapper\">\n\t\t\t\t\t<a class=\"elementor-button elementor-button-link elementor-size-sm\" href=\"https:\/\/share.hsforms.com\/1MCz4iJkPSsaIbYWlbzl6vw1oyza?utm_source=blog&#038;utm_medium=CTA&#038;utm_campaign=procedure_extension_objet_social_societe&#038;utm_id=objet_social_blog\" target=\"_blank\">\n\t\t\t\t\t\t<span class=\"elementor-button-content-wrapper\">\n\t\t\t\t\t\t\t\t\t<span class=\"elementor-button-text\">Obtenez votre annonce l\u00e9gale<\/span>\n\t\t\t\t\t<\/span>\n\t\t\t\t\t<\/a>\n\t\t\t\t<\/div>\n\t\t\t\t\t\t\t\t<\/div>\n\t\t\t\t<\/div>\n\t\t\t\t<\/div>\n\t\t\t\t\t<\/div>\n\t\t\t\t<\/div>\n\t\t<div data-particle_enable=\"false\" data-particle-mobile-disabled=\"false\" class=\"elementor-element elementor-element-74a4290c e-flex e-con-boxed e-con e-parent\" data-id=\"74a4290c\" data-element_type=\"container\" data-e-type=\"container\">\n\t\t\t\t\t<div class=\"e-con-inner\">\n\t\t\t\t<div class=\"elementor-element elementor-element-4daf0c10 elementor-widget elementor-widget-text-editor\" data-id=\"4daf0c10\" data-element_type=\"widget\" data-e-type=\"widget\" data-widget_type=\"text-editor.default\">\n\t\t\t\t<div class=\"elementor-widget-container\">\n\t\t\t\t\t\t\t\t\t<p>\u00a0<\/p><h2 id=\"1\">\u00a0<\/h2><h2 id=\"1\">\u00a0<\/h2><h2 id=\"1\">I\/\u00a0Les raisons justifiant une extension de l&rsquo;objet social<\/h2><p>Lorsque l&rsquo;activit\u00e9 r\u00e9elle ne correspond plus \u00e0 l&rsquo;activit\u00e9 pr\u00e9vue par les statuts, il peut \u00eatre important de proc\u00e9der \u00e0 une <strong>extension d&rsquo;activit\u00e9<\/strong>. Ainsi, il se peut que l&rsquo;objet social initial ait \u00e9t\u00e9 r\u00e9dig\u00e9 de mani\u00e8re trop restrictive, ce qui peut nuire \u00e0 la soci\u00e9t\u00e9. En effet, un juge pourrait, dans certains cas, d\u00e9cider de la dissolution de la soci\u00e9t\u00e9. Encore, un objet social ne correspondant pas \u00e0 l&rsquo;activit\u00e9 r\u00e9elle de la soci\u00e9t\u00e9 impliquera l&rsquo;attribution d&rsquo;un code APE erron\u00e9. Or, un code APE inadapt\u00e9 peut se r\u00e9v\u00e9ler un frein au d\u00e9veloppement de l&rsquo;entreprise.<\/p><p>En outre, le contrat d&rsquo;assurance de la soci\u00e9t\u00e9 ne couvre que les activit\u00e9s pr\u00e9vues dans les statuts. Ainsi, l&rsquo;assureur pourrait refuser d&rsquo;indemniser un entrepreneur en cas d&rsquo;impr\u00e9vu, d\u00e8s lors que l&rsquo;activit\u00e9 exerc\u00e9e ne correspond pas \u00e0 l&rsquo;objet social. Il est donc prudent de proc\u00e9der \u00e0 l&rsquo;<strong>extension de l&rsquo;objet social<\/strong>.<\/p><h2 id=\"2\">\u00a0<\/h2><h2 id=\"2\">II\/ La modification des statuts<\/h2><p>L&rsquo;extension de l&rsquo;objet social d&rsquo;une soci\u00e9t\u00e9 se traduira par une proc\u00e9dure de modification des statuts. Ainsi, classiquement la <strong>proc\u00e9dure d&rsquo;extension d&rsquo;activit\u00e9 SARL<\/strong> impliquera la convocation d&rsquo;une assembl\u00e9e g\u00e9n\u00e9rale extraordinaire (AGE). Encore, la proc\u00e9dure d&rsquo;extension d&rsquo;activit\u00e9 SAS impliquera une d\u00e9cision de la part de l&rsquo;organe d\u00e9sign\u00e9 comp\u00e9tent par les statuts.<\/p><p>Ainsi, en r\u00e8gle g\u00e9n\u00e9rale, il appartiendra au dirigeant de la soci\u00e9t\u00e9 de convoquer une AGE. Il lui appartiendra alors d&rsquo;exposer l&rsquo;objet social actuel, puis d&rsquo;expliquer les raisons qui le motivent \u00e0 demander une <strong>extension de l&rsquo;objet social \u00e0 de nouvelles activit\u00e9s<\/strong>. Il appartiendra ensuite aux associ\u00e9s de voter. Si la modification des statuts est accept\u00e9e \u00e0 la majorit\u00e9 requise, alors il faudra <a href=\"https:\/\/www.legalvision.fr\/modification-statuts\/modification-objet-social\/\"><strong>modifier les statuts<\/strong><\/a> afin d&rsquo;y inclure l&rsquo;<strong>extension objet social<\/strong>. Enfin, il conviendra de retranscrire cette modification des statuts dans un <strong>PV extension de l&rsquo;objet social<\/strong>.<\/p><p>En outre, si l&rsquo;entrepreneur exerce son activit\u00e9 au sein d&rsquo;une EURL ou d&rsquo;une SASU, il lui suffira de prendre une <strong>d\u00e9cision unilat\u00e9rale d&rsquo;extension de l&rsquo;objet social<\/strong>, laquelle devra \u00eatre retranscrite dans un <strong>PV extension de l&rsquo;objet social<\/strong>. \u00c0 nouveau, il conviendra de modifier les statuts en cons\u00e9quence afin d&rsquo;y rendre compte de l&rsquo;<strong>extension objet social<\/strong>.<\/p><p>Enfin, il faudra porter une attention toute particuli\u00e8re \u00e0 la clause de l&rsquo;objet social si l&rsquo;extension d&rsquo;activit\u00e9 porte sur une profession r\u00e9glement\u00e9e. En effet, l&rsquo;objet social devra alors inclure des termes pr\u00e9cis. Aussi, il peut \u00eatre judicieux de pr\u00e9voir une clause balai, ce qui permettra de ne pas enfermer l&rsquo;objet social dans un carcan trop \u00e9troit.<\/p><h2 id=\"3\">\u00a0<\/h2><h2 id=\"3\">III\/\u00a0Les formalit\u00e9s pour extension objet social<\/h2><h3>A) La publication d&rsquo;une annonce l\u00e9gale<\/h3><p>Toute modification des statuts doit donner lieu \u00e0 la publication d&rsquo;un avis dans un journal d&rsquo;annonces l\u00e9gales (JAL). Ainsi, l&rsquo;<strong>extension d&rsquo;activit\u00e9 d&rsquo;une soci\u00e9t\u00e9 devra faire l&rsquo;objet d&rsquo;une insertion<\/strong>. Cette publication doit reprendre un certain nombre d&rsquo;\u00e9l\u00e9ments, notamment :<\/p><ul><li>Des informations propres \u00e0 identifier la soci\u00e9t\u00e9. Il s&rsquo;agit notamment de sa d\u00e9nomination sociale, de sa forme juridique, de son num\u00e9ro d&rsquo;identification au RCS, ou encore du montant de son capital social ;<\/li><\/ul><div><span style=\"font-family: Montserrat;\">\u00a0<\/span><\/div><ul><li>L&rsquo;organe ayant pris la d\u00e9cision de modifier les statuts pour proc\u00e9der \u00e0 l&rsquo;<strong>extension d&rsquo;activit\u00e9<\/strong> ;<\/li><\/ul><div><span style=\"font-family: Montserrat;\">\u00a0<\/span><\/div><ul><li>La date \u00e0 laquelle a \u00e9t\u00e9 d\u00e9cid\u00e9e la modification de l&rsquo;objet social ;<\/li><\/ul><div><span style=\"font-family: Montserrat;\">\u00a0<\/span><\/div><ul><li>La date \u00e0 laquelle l&rsquo;<strong>extension de l&rsquo;objet social<\/strong> prendra effet ;<\/li><\/ul><div><span style=\"font-family: Montserrat;\">\u00a0<\/span><\/div><ul><li>Le nouvel objet social.<\/li><\/ul><h3>\u00a0<\/h3><h3>B) Les formalit\u00e9s aupr\u00e8s du CFE<\/h3><p>La <strong>proc\u00e9dure d&rsquo;extension de l&rsquo;objet social<\/strong> doit passer par l&rsquo;accomplissement de certaines formalit\u00e9s aupr\u00e8s du CFE comp\u00e9tent. En effet, il conviendra d&rsquo;adresser au CFE un dossier de modification de soci\u00e9t\u00e9. Ce dossier doit inclure, notamment :<\/p><ul><li>Un <strong>PV extension de l&rsquo;objet social<\/strong> ;<\/li><\/ul><div><span style=\"font-family: Montserrat;\">\u00a0<\/span><\/div><ul><li>Un exemplaire des <strong>statuts mis \u00e0 jour suite \u00e0 l&rsquo;extension d&rsquo;activit\u00e9<\/strong>. Ceux-ci devront \u00eatre sign\u00e9s, et certifi\u00e9s conformes par le dirigeant de la soci\u00e9t\u00e9 ;<\/li><\/ul><div><span style=\"font-family: Montserrat;\">\u00a0<\/span><\/div><ul><li>Une attestation de parution de l&rsquo;avis de modification de l&rsquo;objet social dans un JAL ;<\/li><\/ul><div><span style=\"font-family: Montserrat;\">\u00a0<\/span><\/div><ul><li>Un formulaire M2 de modification de soci\u00e9t\u00e9 d\u00fbment compl\u00e9t\u00e9 et sign\u00e9. Il conviendra d&rsquo;indiquer sur le formulaire que la modification de la soci\u00e9t\u00e9 r\u00e9sulte d&rsquo;une modification de la clause relative \u00e0 son objet social.<\/li><\/ul><p>En outre, si l&rsquo;<strong>extension de l&rsquo;objet social<\/strong> porte sur une activit\u00e9 r\u00e9glement\u00e9e, il faudra joindre au dossier les autorisations ou dipl\u00f4mes permettant d&rsquo;exercer cette profession.<\/p><p>La <a href=\"https:\/\/www.legalvision.fr\/modification-statuts\/modification-objet-social\/\"><strong>proc\u00e9dure d&rsquo;extension d&rsquo;activit\u00e9<\/strong><\/a>\u00a0sera achev\u00e9e une fois ces formalit\u00e9s effectu\u00e9es.<\/p><h2 id=\"4\">\u00a0<\/h2><h2 id=\"4\">IV\/\u00a0Les cons\u00e9quences fiscales de l&rsquo;extension de l&rsquo;objet social<\/h2><p>L&rsquo;<strong>extension d&rsquo;activit\u00e9<\/strong> d&rsquo;une soci\u00e9t\u00e9 peut avoir des cons\u00e9quences fiscales en cas de changement d&rsquo;activit\u00e9 r\u00e9elle. En effet, dans un tel cas il faudra supporter une cascade d&rsquo;impositions. Ainsi, l&rsquo;extension de l&rsquo;objet social entra\u00eenera changement d&rsquo;activit\u00e9 r\u00e9elle si :<\/p><ul><li>Il y a une variation, n\u00e9gative ou positive, de plus de 50% sur le CA de la soci\u00e9t\u00e9 ;<\/li><li>Il y a une variation, n\u00e9gative ou positive, de plus de 50% du nombre moyen de salari\u00e9s et du montant brut des actifs immobilis\u00e9s.<\/li><\/ul><p>Cela entra\u00eenera une imposition imm\u00e9diate des b\u00e9n\u00e9fices, ainsi que des plus-values sur les actifs immobilis\u00e9es. Encore, les d\u00e9ficits accumul\u00e9s avant l&rsquo;<strong>extension de l&rsquo;objet social<\/strong> ne pourront plus \u00eatre report\u00e9s.<\/p><p>\u00a0<\/p><p>\u00a0<\/p><p>\u00a0<\/p><p>\u00a0<\/p>\t\t\t\t\t\t\t\t<\/div>\n\t\t\t\t<\/div>\n\t\t\t\t<div class=\"elementor-element elementor-element-dbf2189 elementor-align-center elementor-widget elementor-widget-button\" data-id=\"dbf2189\" data-element_type=\"widget\" data-e-type=\"widget\" data-widget_type=\"button.default\">\n\t\t\t\t<div class=\"elementor-widget-container\">\n\t\t\t\t\t\t\t\t\t<div class=\"elementor-button-wrapper\">\n\t\t\t\t\t<a class=\"elementor-button elementor-button-link elementor-size-sm\" href=\"https:\/\/leonard.fr\/juridique\/modification-societe\/changer-dactivite\/?utm_source=blog&#038;utm_medium=CTA&#038;utm_campaign=procedure_extension_objet_social_societe&#038;utm_id=objet_social_blog\">\n\t\t\t\t\t\t<span class=\"elementor-button-content-wrapper\">\n\t\t\t\t\t\t\t\t\t<span class=\"elementor-button-text\">Modifiez votre activit\u00e9 en ligne<\/span>\n\t\t\t\t\t<\/span>\n\t\t\t\t\t<\/a>\n\t\t\t\t<\/div>\n\t\t\t\t\t\t\t\t<\/div>\n\t\t\t\t<\/div>\n\t\t\t\t\t<\/div>\n\t\t\t\t<\/div>\n\t\t\t\t<\/div>\n\t\t","protected":false},"excerpt":{"rendered":"<p>L&rsquo;entrepreneur exer\u00e7ant son activit\u00e9 dans le cadre d&rsquo;une soci\u00e9t\u00e9 a d\u00fb, lors de sa cr\u00e9ation, en d\u00e9finir les statuts. Or, il est une clause \u00e0 laquelle il faut porter une attention toute particuli\u00e8re : la clause de l&rsquo;objet social. En effet, si cette clause vise l&rsquo;activit\u00e9 de l&rsquo;entrepreneur, cette derni\u00e8re peut \u00e9voluer bien plus ais\u00e9ment&hellip; <a class=\"more-link\" href=\"https:\/\/www.legalvision.fr\/guides-juridiques\/gerer-une-entreprise\/extension-de-lobjet-social\/\">Poursuivre la lecture <span class=\"screen-reader-text\">Pourquoi et comment proc\u00e9der \u00e0 l&rsquo;extension de l&rsquo;objet social d&rsquo;une soci\u00e9t\u00e9 ?<\/span><\/a><\/p>\n","protected":false},"author":18,"featured_media":22183,"comment_status":"open","ping_status":"open","sticky":false,"template":"","format":"standard","meta":{"content-type":"","inline_featured_image":false,"footnotes":""},"categories":[2502],"tags":[],"class_list":["post-3661","post","type-post","status-publish","format-standard","has-post-thumbnail","hentry","category-gerer-une-entreprise","entry"],"yoast_head":"<!-- This site is optimized with the Yoast SEO plugin v27.1.1 - https:\/\/yoast.com\/product\/yoast-seo-wordpress\/ -->\n<title>Extension de l&#039;objet social : ce qu&#039;il faut savoir - LegalVision Blog<\/title>\n<meta name=\"description\" content=\"LegalVision vous informe sur les raisons pouvant mener \u00e0 l&#039;extension de l&#039;objet social, ainsi que sur la proc\u00e9dure \u00e0 suivre pour y parvenir.\" \/>\n<meta name=\"robots\" content=\"index, follow, max-snippet:-1, max-image-preview:large, max-video-preview:-1\" \/>\n<link rel=\"canonical\" href=\"https:\/\/www.legalvision.fr\/guides-juridiques\/gerer-une-entreprise\/extension-de-lobjet-social\/\" \/>\n<meta property=\"og:locale\" content=\"fr_FR\" \/>\n<meta property=\"og:type\" content=\"article\" \/>\n<meta property=\"og:title\" content=\"Extension de l&#039;objet social : ce qu&#039;il faut savoir - LegalVision Blog\" \/>\n<meta property=\"og:description\" content=\"LegalVision vous informe sur les raisons pouvant mener \u00e0 l&#039;extension de l&#039;objet social, ainsi que sur la proc\u00e9dure \u00e0 suivre pour y parvenir.\" \/>\n<meta property=\"og:url\" content=\"https:\/\/www.legalvision.fr\/guides-juridiques\/gerer-une-entreprise\/extension-de-lobjet-social\/\" \/>\n<meta property=\"og:site_name\" content=\"Guides juridiques\" \/>\n<meta property=\"article:published_time\" content=\"2018-05-20T06:30:35+00:00\" \/>\n<meta property=\"article:modified_time\" content=\"2024-02-01T13:35:28+00:00\" \/>\n<meta property=\"og:image\" content=\"https:\/\/www.legalvision.fr\/guides-juridiques\/wp-content\/uploads\/2018\/05\/Extension-de-lobjet-social-min-1.jpg\" \/>\n\t<meta property=\"og:image:width\" content=\"958\" \/>\n\t<meta property=\"og:image:height\" content=\"350\" \/>\n\t<meta property=\"og:image:type\" content=\"image\/jpeg\" \/>\n<meta name=\"author\" content=\"Valentin Giandomenico\" \/>\n<meta name=\"twitter:card\" content=\"summary_large_image\" \/>\n<meta name=\"twitter:label1\" content=\"\u00c9crit par\" \/>\n\t<meta name=\"twitter:data1\" content=\"Valentin Giandomenico\" \/>\n\t<meta name=\"twitter:label2\" content=\"Dur\u00e9e de lecture estim\u00e9e\" \/>\n\t<meta name=\"twitter:data2\" content=\"6 minutes\" \/>\n<script type=\"application\/ld+json\" class=\"yoast-schema-graph\">{\"@context\":\"https:\/\/schema.org\",\"@graph\":[{\"@type\":\"Article\",\"@id\":\"https:\/\/www.legalvision.fr\/guides-juridiques\/gerer-une-entreprise\/extension-de-lobjet-social\/#article\",\"isPartOf\":{\"@id\":\"https:\/\/www.legalvision.fr\/guides-juridiques\/gerer-une-entreprise\/extension-de-lobjet-social\/\"},\"author\":{\"name\":\"Valentin Giandomenico\",\"@id\":\"https:\/\/www.legalvision.fr\/guides-juridiques\/#\/schema\/person\/67f95ffb60649ed460d4778154ac2031\"},\"headline\":\"Pourquoi et comment proc\u00e9der \u00e0 l&rsquo;extension de l&rsquo;objet social d&rsquo;une soci\u00e9t\u00e9 ?\",\"datePublished\":\"2018-05-20T06:30:35+00:00\",\"dateModified\":\"2024-02-01T13:35:28+00:00\",\"mainEntityOfPage\":{\"@id\":\"https:\/\/www.legalvision.fr\/guides-juridiques\/gerer-une-entreprise\/extension-de-lobjet-social\/\"},\"wordCount\":1182,\"commentCount\":0,\"publisher\":{\"@id\":\"https:\/\/www.legalvision.fr\/guides-juridiques\/#organization\"},\"image\":{\"@id\":\"https:\/\/www.legalvision.fr\/guides-juridiques\/gerer-une-entreprise\/extension-de-lobjet-social\/#primaryimage\"},\"thumbnailUrl\":\"https:\/\/www.legalvision.fr\/guides-juridiques\/wp-content\/uploads\/2018\/05\/Extension-de-lobjet-social-min-1.jpg\",\"articleSection\":[\"G\u00e9rer une entreprise\"],\"inLanguage\":\"fr-FR\",\"potentialAction\":[{\"@type\":\"CommentAction\",\"name\":\"Comment\",\"target\":[\"https:\/\/www.legalvision.fr\/guides-juridiques\/gerer-une-entreprise\/extension-de-lobjet-social\/#respond\"]}]},{\"@type\":\"WebPage\",\"@id\":\"https:\/\/www.legalvision.fr\/guides-juridiques\/gerer-une-entreprise\/extension-de-lobjet-social\/\",\"url\":\"https:\/\/www.legalvision.fr\/guides-juridiques\/gerer-une-entreprise\/extension-de-lobjet-social\/\",\"name\":\"Extension de l'objet social : ce qu'il faut savoir - LegalVision Blog\",\"isPartOf\":{\"@id\":\"https:\/\/www.legalvision.fr\/guides-juridiques\/#website\"},\"primaryImageOfPage\":{\"@id\":\"https:\/\/www.legalvision.fr\/guides-juridiques\/gerer-une-entreprise\/extension-de-lobjet-social\/#primaryimage\"},\"image\":{\"@id\":\"https:\/\/www.legalvision.fr\/guides-juridiques\/gerer-une-entreprise\/extension-de-lobjet-social\/#primaryimage\"},\"thumbnailUrl\":\"https:\/\/www.legalvision.fr\/guides-juridiques\/wp-content\/uploads\/2018\/05\/Extension-de-lobjet-social-min-1.jpg\",\"datePublished\":\"2018-05-20T06:30:35+00:00\",\"dateModified\":\"2024-02-01T13:35:28+00:00\",\"description\":\"LegalVision vous informe sur les raisons pouvant mener \u00e0 l'extension de l'objet social, ainsi que sur la proc\u00e9dure \u00e0 suivre pour y parvenir.\",\"breadcrumb\":{\"@id\":\"https:\/\/www.legalvision.fr\/guides-juridiques\/gerer-une-entreprise\/extension-de-lobjet-social\/#breadcrumb\"},\"inLanguage\":\"fr-FR\",\"potentialAction\":[{\"@type\":\"ReadAction\",\"target\":[\"https:\/\/www.legalvision.fr\/guides-juridiques\/gerer-une-entreprise\/extension-de-lobjet-social\/\"]}]},{\"@type\":\"ImageObject\",\"inLanguage\":\"fr-FR\",\"@id\":\"https:\/\/www.legalvision.fr\/guides-juridiques\/gerer-une-entreprise\/extension-de-lobjet-social\/#primaryimage\",\"url\":\"https:\/\/www.legalvision.fr\/guides-juridiques\/wp-content\/uploads\/2018\/05\/Extension-de-lobjet-social-min-1.jpg\",\"contentUrl\":\"https:\/\/www.legalvision.fr\/guides-juridiques\/wp-content\/uploads\/2018\/05\/Extension-de-lobjet-social-min-1.jpg\",\"width\":958,\"height\":350,\"caption\":\"Extension de l'objet social\"},{\"@type\":\"BreadcrumbList\",\"@id\":\"https:\/\/www.legalvision.fr\/guides-juridiques\/gerer-une-entreprise\/extension-de-lobjet-social\/#breadcrumb\",\"itemListElement\":[{\"@type\":\"ListItem\",\"position\":1,\"name\":\"Accueil\",\"item\":\"https:\/\/www.legalvision.fr\/guides-juridiques\/\"},{\"@type\":\"ListItem\",\"position\":2,\"name\":\"G\u00e9rer une entreprise\",\"item\":\"https:\/\/www.legalvision.fr\/guides-juridiques\/gerer-une-entreprise\/\"},{\"@type\":\"ListItem\",\"position\":3,\"name\":\"Pourquoi et comment proc\u00e9der \u00e0 l&rsquo;extension de l&rsquo;objet social d&rsquo;une soci\u00e9t\u00e9 ?\"}]},{\"@type\":\"WebSite\",\"@id\":\"https:\/\/www.legalvision.fr\/guides-juridiques\/#website\",\"url\":\"https:\/\/www.legalvision.fr\/guides-juridiques\/\",\"name\":\"Guides juridiques\",\"description\":\"L&#039;information juridique \u00e0 destination des entreprises et TPE\",\"publisher\":{\"@id\":\"https:\/\/www.legalvision.fr\/guides-juridiques\/#organization\"},\"potentialAction\":[{\"@type\":\"SearchAction\",\"target\":{\"@type\":\"EntryPoint\",\"urlTemplate\":\"https:\/\/www.legalvision.fr\/guides-juridiques\/?s={search_term_string}\"},\"query-input\":{\"@type\":\"PropertyValueSpecification\",\"valueRequired\":true,\"valueName\":\"search_term_string\"}}],\"inLanguage\":\"fr-FR\"},{\"@type\":\"Organization\",\"@id\":\"https:\/\/www.legalvision.fr\/guides-juridiques\/#organization\",\"name\":\"Guides juridiques\",\"url\":\"https:\/\/www.legalvision.fr\/guides-juridiques\/\",\"logo\":{\"@type\":\"ImageObject\",\"inLanguage\":\"fr-FR\",\"@id\":\"https:\/\/www.legalvision.fr\/guides-juridiques\/#\/schema\/logo\/image\/\",\"url\":\"https:\/\/www.legalvision.fr\/guides-juridiques\/wp-content\/uploads\/2022\/10\/LV-Logotype.png\",\"contentUrl\":\"https:\/\/www.legalvision.fr\/guides-juridiques\/wp-content\/uploads\/2022\/10\/LV-Logotype.png\",\"width\":647,\"height\":125,\"caption\":\"Guides juridiques\"},\"image\":{\"@id\":\"https:\/\/www.legalvision.fr\/guides-juridiques\/#\/schema\/logo\/image\/\"}},{\"@type\":\"Person\",\"@id\":\"https:\/\/www.legalvision.fr\/guides-juridiques\/#\/schema\/person\/67f95ffb60649ed460d4778154ac2031\",\"name\":\"Valentin Giandomenico\",\"image\":{\"@type\":\"ImageObject\",\"inLanguage\":\"fr-FR\",\"@id\":\"https:\/\/www.legalvision.fr\/guides-juridiques\/#\/schema\/person\/image\/\",\"url\":\"https:\/\/www.legalvision.fr\/guides-juridiques\/wp-content\/uploads\/2023\/07\/cropped-homme13-96x96.png\",\"contentUrl\":\"https:\/\/www.legalvision.fr\/guides-juridiques\/wp-content\/uploads\/2023\/07\/cropped-homme13-96x96.png\",\"caption\":\"Valentin Giandomenico\"},\"description\":\"Valentin est juriste au sein de LegalVision. Titulaire d'un M2 en droit des affaires, il s'int\u00e9resse tout particuli\u00e8rement au droit des soci\u00e9t\u00e9s.\",\"url\":\"https:\/\/www.legalvision.fr\/guides-juridiques\/author\/valentin1\/\"}]}<\/script>\n<!-- \/ Yoast SEO plugin. -->","yoast_head_json":{"title":"Extension de l'objet social : ce qu'il faut savoir - LegalVision Blog","description":"LegalVision vous informe sur les raisons pouvant mener \u00e0 l'extension de l'objet social, ainsi que sur la proc\u00e9dure \u00e0 suivre pour y parvenir.","robots":{"index":"index","follow":"follow","max-snippet":"max-snippet:-1","max-image-preview":"max-image-preview:large","max-video-preview":"max-video-preview:-1"},"canonical":"https:\/\/www.legalvision.fr\/guides-juridiques\/gerer-une-entreprise\/extension-de-lobjet-social\/","og_locale":"fr_FR","og_type":"article","og_title":"Extension de l'objet social : ce qu'il faut savoir - LegalVision Blog","og_description":"LegalVision vous informe sur les raisons pouvant mener \u00e0 l'extension de l'objet social, ainsi que sur la proc\u00e9dure \u00e0 suivre pour y parvenir.","og_url":"https:\/\/www.legalvision.fr\/guides-juridiques\/gerer-une-entreprise\/extension-de-lobjet-social\/","og_site_name":"Guides juridiques","article_published_time":"2018-05-20T06:30:35+00:00","article_modified_time":"2024-02-01T13:35:28+00:00","og_image":[{"width":958,"height":350,"url":"https:\/\/www.legalvision.fr\/guides-juridiques\/wp-content\/uploads\/2018\/05\/Extension-de-lobjet-social-min-1.jpg","type":"image\/jpeg"}],"author":"Valentin Giandomenico","twitter_card":"summary_large_image","twitter_misc":{"\u00c9crit par":"Valentin Giandomenico","Dur\u00e9e de lecture estim\u00e9e":"6 minutes"},"schema":{"@context":"https:\/\/schema.org","@graph":[{"@type":"Article","@id":"https:\/\/www.legalvision.fr\/guides-juridiques\/gerer-une-entreprise\/extension-de-lobjet-social\/#article","isPartOf":{"@id":"https:\/\/www.legalvision.fr\/guides-juridiques\/gerer-une-entreprise\/extension-de-lobjet-social\/"},"author":{"name":"Valentin Giandomenico","@id":"https:\/\/www.legalvision.fr\/guides-juridiques\/#\/schema\/person\/67f95ffb60649ed460d4778154ac2031"},"headline":"Pourquoi et comment proc\u00e9der \u00e0 l&rsquo;extension de l&rsquo;objet social d&rsquo;une soci\u00e9t\u00e9 ?","datePublished":"2018-05-20T06:30:35+00:00","dateModified":"2024-02-01T13:35:28+00:00","mainEntityOfPage":{"@id":"https:\/\/www.legalvision.fr\/guides-juridiques\/gerer-une-entreprise\/extension-de-lobjet-social\/"},"wordCount":1182,"commentCount":0,"publisher":{"@id":"https:\/\/www.legalvision.fr\/guides-juridiques\/#organization"},"image":{"@id":"https:\/\/www.legalvision.fr\/guides-juridiques\/gerer-une-entreprise\/extension-de-lobjet-social\/#primaryimage"},"thumbnailUrl":"https:\/\/www.legalvision.fr\/guides-juridiques\/wp-content\/uploads\/2018\/05\/Extension-de-lobjet-social-min-1.jpg","articleSection":["G\u00e9rer une entreprise"],"inLanguage":"fr-FR","potentialAction":[{"@type":"CommentAction","name":"Comment","target":["https:\/\/www.legalvision.fr\/guides-juridiques\/gerer-une-entreprise\/extension-de-lobjet-social\/#respond"]}]},{"@type":"WebPage","@id":"https:\/\/www.legalvision.fr\/guides-juridiques\/gerer-une-entreprise\/extension-de-lobjet-social\/","url":"https:\/\/www.legalvision.fr\/guides-juridiques\/gerer-une-entreprise\/extension-de-lobjet-social\/","name":"Extension de l'objet social : ce qu'il faut savoir - LegalVision Blog","isPartOf":{"@id":"https:\/\/www.legalvision.fr\/guides-juridiques\/#website"},"primaryImageOfPage":{"@id":"https:\/\/www.legalvision.fr\/guides-juridiques\/gerer-une-entreprise\/extension-de-lobjet-social\/#primaryimage"},"image":{"@id":"https:\/\/www.legalvision.fr\/guides-juridiques\/gerer-une-entreprise\/extension-de-lobjet-social\/#primaryimage"},"thumbnailUrl":"https:\/\/www.legalvision.fr\/guides-juridiques\/wp-content\/uploads\/2018\/05\/Extension-de-lobjet-social-min-1.jpg","datePublished":"2018-05-20T06:30:35+00:00","dateModified":"2024-02-01T13:35:28+00:00","description":"LegalVision vous informe sur les raisons pouvant mener \u00e0 l'extension de l'objet social, ainsi que sur la proc\u00e9dure \u00e0 suivre pour y parvenir.","breadcrumb":{"@id":"https:\/\/www.legalvision.fr\/guides-juridiques\/gerer-une-entreprise\/extension-de-lobjet-social\/#breadcrumb"},"inLanguage":"fr-FR","potentialAction":[{"@type":"ReadAction","target":["https:\/\/www.legalvision.fr\/guides-juridiques\/gerer-une-entreprise\/extension-de-lobjet-social\/"]}]},{"@type":"ImageObject","inLanguage":"fr-FR","@id":"https:\/\/www.legalvision.fr\/guides-juridiques\/gerer-une-entreprise\/extension-de-lobjet-social\/#primaryimage","url":"https:\/\/www.legalvision.fr\/guides-juridiques\/wp-content\/uploads\/2018\/05\/Extension-de-lobjet-social-min-1.jpg","contentUrl":"https:\/\/www.legalvision.fr\/guides-juridiques\/wp-content\/uploads\/2018\/05\/Extension-de-lobjet-social-min-1.jpg","width":958,"height":350,"caption":"Extension de l'objet social"},{"@type":"BreadcrumbList","@id":"https:\/\/www.legalvision.fr\/guides-juridiques\/gerer-une-entreprise\/extension-de-lobjet-social\/#breadcrumb","itemListElement":[{"@type":"ListItem","position":1,"name":"Accueil","item":"https:\/\/www.legalvision.fr\/guides-juridiques\/"},{"@type":"ListItem","position":2,"name":"G\u00e9rer une entreprise","item":"https:\/\/www.legalvision.fr\/guides-juridiques\/gerer-une-entreprise\/"},{"@type":"ListItem","position":3,"name":"Pourquoi et comment proc\u00e9der \u00e0 l&rsquo;extension de l&rsquo;objet social d&rsquo;une soci\u00e9t\u00e9 ?"}]},{"@type":"WebSite","@id":"https:\/\/www.legalvision.fr\/guides-juridiques\/#website","url":"https:\/\/www.legalvision.fr\/guides-juridiques\/","name":"Guides juridiques","description":"L&#039;information juridique \u00e0 destination des entreprises et TPE","publisher":{"@id":"https:\/\/www.legalvision.fr\/guides-juridiques\/#organization"},"potentialAction":[{"@type":"SearchAction","target":{"@type":"EntryPoint","urlTemplate":"https:\/\/www.legalvision.fr\/guides-juridiques\/?s={search_term_string}"},"query-input":{"@type":"PropertyValueSpecification","valueRequired":true,"valueName":"search_term_string"}}],"inLanguage":"fr-FR"},{"@type":"Organization","@id":"https:\/\/www.legalvision.fr\/guides-juridiques\/#organization","name":"Guides juridiques","url":"https:\/\/www.legalvision.fr\/guides-juridiques\/","logo":{"@type":"ImageObject","inLanguage":"fr-FR","@id":"https:\/\/www.legalvision.fr\/guides-juridiques\/#\/schema\/logo\/image\/","url":"https:\/\/www.legalvision.fr\/guides-juridiques\/wp-content\/uploads\/2022\/10\/LV-Logotype.png","contentUrl":"https:\/\/www.legalvision.fr\/guides-juridiques\/wp-content\/uploads\/2022\/10\/LV-Logotype.png","width":647,"height":125,"caption":"Guides juridiques"},"image":{"@id":"https:\/\/www.legalvision.fr\/guides-juridiques\/#\/schema\/logo\/image\/"}},{"@type":"Person","@id":"https:\/\/www.legalvision.fr\/guides-juridiques\/#\/schema\/person\/67f95ffb60649ed460d4778154ac2031","name":"Valentin Giandomenico","image":{"@type":"ImageObject","inLanguage":"fr-FR","@id":"https:\/\/www.legalvision.fr\/guides-juridiques\/#\/schema\/person\/image\/","url":"https:\/\/www.legalvision.fr\/guides-juridiques\/wp-content\/uploads\/2023\/07\/cropped-homme13-96x96.png","contentUrl":"https:\/\/www.legalvision.fr\/guides-juridiques\/wp-content\/uploads\/2023\/07\/cropped-homme13-96x96.png","caption":"Valentin Giandomenico"},"description":"Valentin est juriste au sein de LegalVision. Titulaire d'un M2 en droit des affaires, il s'int\u00e9resse tout particuli\u00e8rement au droit des soci\u00e9t\u00e9s.","url":"https:\/\/www.legalvision.fr\/guides-juridiques\/author\/valentin1\/"}]}},"_links":{"self":[{"href":"https:\/\/www.legalvision.fr\/guides-juridiques\/wp-json\/wp\/v2\/posts\/3661","targetHints":{"allow":["GET"]}}],"collection":[{"href":"https:\/\/www.legalvision.fr\/guides-juridiques\/wp-json\/wp\/v2\/posts"}],"about":[{"href":"https:\/\/www.legalvision.fr\/guides-juridiques\/wp-json\/wp\/v2\/types\/post"}],"author":[{"embeddable":true,"href":"https:\/\/www.legalvision.fr\/guides-juridiques\/wp-json\/wp\/v2\/users\/18"}],"replies":[{"embeddable":true,"href":"https:\/\/www.legalvision.fr\/guides-juridiques\/wp-json\/wp\/v2\/comments?post=3661"}],"version-history":[{"count":24,"href":"https:\/\/www.legalvision.fr\/guides-juridiques\/wp-json\/wp\/v2\/posts\/3661\/revisions"}],"predecessor-version":[{"id":44250,"href":"https:\/\/www.legalvision.fr\/guides-juridiques\/wp-json\/wp\/v2\/posts\/3661\/revisions\/44250"}],"wp:featuredmedia":[{"embeddable":true,"href":"https:\/\/www.legalvision.fr\/guides-juridiques\/wp-json\/wp\/v2\/media\/22183"}],"wp:attachment":[{"href":"https:\/\/www.legalvision.fr\/guides-juridiques\/wp-json\/wp\/v2\/media?parent=3661"}],"wp:term":[{"taxonomy":"category","embeddable":true,"href":"https:\/\/www.legalvision.fr\/guides-juridiques\/wp-json\/wp\/v2\/categories?post=3661"},{"taxonomy":"post_tag","embeddable":true,"href":"https:\/\/www.legalvision.fr\/guides-juridiques\/wp-json\/wp\/v2\/tags?post=3661"}],"curies":[{"name":"wp","href":"https:\/\/api.w.org\/{rel}","templated":true}]}}