{"id":35177,"date":"2021-10-04T08:59:23","date_gmt":"2021-10-04T07:59:23","guid":{"rendered":"https:\/\/blog.legalvision.fr\/?p=35177"},"modified":"2022-03-27T21:20:37","modified_gmt":"2022-03-27T19:20:37","slug":"securite-sociale-des-independants","status":"publish","type":"post","link":"https:\/\/www.legalvision.fr\/guides-juridiques\/droit-du-travail\/securite-sociale-des-independants\/","title":{"rendered":"S\u00e9curit\u00e9 sociale des ind\u00e9pendants, qu\u2019est-ce que c\u2019est\u2009?"},"content":{"rendered":"<p>Depuis le 1er janvier 2020, le <strong>R\u00e9gime social des ind\u00e9pendants <\/strong>(RSI) laisse place \u00e0 la <a href=\"https:\/\/blog.legalvision.fr\/2020\/02\/28\/securite-sociale-des-independants-ssi-tout-savoir\/\">S\u00e9curit\u00e9 sociale des ind\u00e9pendants<\/a> (SSI). Cette derni\u00e8re est int\u00e9gr\u00e9e au <strong>r\u00e9gime g\u00e9n\u00e9ral de la S\u00e9curit\u00e9 sociale. <\/strong>Le basculement de l\u2019ancien vers le nouveau syst\u00e8me est automatique. Par cons\u00e9quent, ce changement ne requiert aucune formalit\u00e9 de la part de l&rsquo;assur\u00e9 et ne modifie pas ses droits.<\/p>\n<div class=\"wp-block-button\" style=\"text-align:center;\"><a class=\"wp-block-button__link has-background\" href=\"https:\/\/www.legalvision.fr\/\">Vos formalit\u00e9s juridiques avec LegalVision !\u00a0<\/a><\/div>\n<h2>Comment fonctionne la s\u00e9curit\u00e9 sociale des ind\u00e9pendants ?<\/h2>\n<ol>\n<li style=\"list-style-type: none;\">\n<ol>\n<li><a href=\"#d\u00e9finition-s\u00e9curit\u00e9-sociale-ind\u00e9pendants\"><strong>Qu&rsquo;est-ce que la S\u00e9curit\u00e9 sociale des ind\u00e9pendants\u2009?<\/strong><\/a><\/li>\n<li><a href=\"#affiliation-s\u00e9curit\u00e9-sociale-ind\u00e9pendants\"><strong style=\"font-size: inherit;\">Comment s\u2019affilier \u00e0 la S\u00e9curit\u00e9 sociale des ind\u00e9pendants ?\u00a0<\/strong><\/a><\/li>\n<\/ol>\n<\/li>\n<\/ol>\n<h2 id=\"d\u00e9finition-s\u00e9curit\u00e9-sociale-ind\u00e9pendants\"><strong>Qu\u2019est-ce que la S\u00e9curit\u00e9 sociale des ind\u00e9pendants\u2009? <\/strong><\/h2>\n<p>La S\u00e9curit\u00e9 sociale des ind\u00e9pendants correspond \u00e0 l&rsquo;organisation qui s&rsquo;occupe de la <strong>protection sociale des travailleurs ind\u00e9pendants<\/strong>, c&rsquo;est-\u00e0-dire des travailleurs non-salari\u00e9s (TNS).<\/p>\n<h3>Le nouveau r\u00e9gime social qui remplace le RSI<\/h3>\n<ol>\n<li>\n<h4>Principe<\/h4>\n<\/li>\n<\/ol>\n<p>Cette protection sociale couvre\u00a0<strong>trois domaines<\/strong> :\u00a0les maladies et les maternit\u00e9s, les invalidit\u00e9s et les d\u00e9c\u00e8s et enfin les allocations familiales.<\/p>\n<p>Comme son nom l&rsquo;indique, elle s\u2019adresse aux personnes qui ne sont pas tenues par un contrat de travail. Concr\u00e8tement, les activit\u00e9s anciennement g\u00e9r\u00e9es par le RSI sont d\u00e9sormais prises en charge par les <strong>trois branches du r\u00e9gime g\u00e9n\u00e9ral de la S\u00e9curit\u00e9 sociale<\/strong> : l&rsquo;assurance maladie, l&rsquo;assurance retraite et l&rsquo;Urssaf.<\/p>\n<h4>Remarque<\/h4>\n<p>La transition du RSI vers la SSI s&rsquo;est op\u00e9r\u00e9e sur une<strong> p\u00e9riode transitoire de deux ans<\/strong> (du 1er janvier 2018 au 1er janvier 2020) :<\/p>\n<ul>\n<li>Pour les travailleurs ind\u00e9pendants <strong>en activit\u00e9 avant le 1er janvier 2019<\/strong>, le transfert est automatique. Ils conservent toute leur protection sociale et l&rsquo;ensemble de leurs droits.<\/li>\n<li>Pour les travailleurs ind\u00e9pendants qui ont <strong>d\u00e9but\u00e9 leur activit\u00e9 entre le 1er janvier et le 31 d\u00e9cembre 2019<\/strong>, le transfert est l\u00e0 encore \u00e9t\u00e9 automatique. Pour leurs prestations maladie, ils sont pris en charge par la CPAM (Caisse primaire d&rsquo;assurance maladie). Concernant leur retraite, leur interlocuteur est la caisse d&rsquo;assurance retraite de leur lieu de r\u00e9sidence. Enfin, ils continuent \u00e0 cotiser aupr\u00e8s de l&rsquo;Urssaf.<\/li>\n<li>Pour les travailleurs ind\u00e9pendants qui ont<strong> d\u00e9but\u00e9 leur activit\u00e9 apr\u00e8s le 1er janvier 2020<\/strong>, il sont automatiquement int\u00e9gr\u00e9s au nouveau syst\u00e8me de la SSI.<\/li>\n<\/ul>\n<ol start=\"2\">\n<li>\n<h4>Fonctionnement<\/h4>\n<\/li>\n<\/ol>\n<p>Dans le cadre de la S\u00e9curit\u00e9 sociale des ind\u00e9pendants, les <strong>trois interlocuteurs<\/strong> privil\u00e9gi\u00e9s sont :<\/p>\n<ul>\n<li>Pour les <strong>cotisations<\/strong>, l&rsquo;assur\u00e9 cotise aupr\u00e8s de l&rsquo;<a href=\"https:\/\/www.urssaf.fr\/portail\/home.html\">Urssaf<\/a> de sa r\u00e9gion.<\/li>\n<li>En mati\u00e8re de<strong> sant\u00e9<\/strong>, il s&rsquo;agit de la <a href=\"https:\/\/www.ameli.fr\/assure\/droits-demarches\/salaries-travailleurs-independants-et-personnes-sans-emploi\/emploi-independant-non-salarie\">caisse d&rsquo;assurance maladie<\/a> du lieu de r\u00e9sidence.<\/li>\n<li>Lorsqu&rsquo;il s&rsquo;agit de la <strong>retraite<\/strong>, l&rsquo;interlocuteur de r\u00e9f\u00e9rence est la <a href=\"https:\/\/www.lassuranceretraite.fr\/portail-info\/home.html\">caisse d&rsquo;assurance retraite<\/a> du lieu de r\u00e9sidence. A noter que pour les professionnels lib\u00e9raux, ils continuent de cotiser aupr\u00e8s de leur caisse habituelle.<\/li>\n<\/ul>\n<h3>Qui est concern\u00e9 par la S\u00e9curit\u00e9 sociale des ind\u00e9pendants\u2009?<\/h3>\n<p>Le r\u00e9gime de la SSI concerne <strong>l&rsquo;ensemble des travailleurs ind\u00e9pendants<\/strong>, en activit\u00e9 ou retrait\u00e9s. Parmi eux, on trouve :<\/p>\n<ul>\n<li>Les artisans et les commer\u00e7ants,<\/li>\n<li>Les entrepreneurs individuels et les micro-entrepreneurs,<\/li>\n<li>Les professionnels lib\u00e9raux,<\/li>\n<li>Certains dirigeants et associ\u00e9s de soci\u00e9t\u00e9 (par exemple, l&rsquo;associ\u00e9 g\u00e9rant majoritaire d&rsquo;une SARL est consid\u00e9r\u00e9 comme un travailleur ind\u00e9pendant),<\/li>\n<li>Les conjoints de commer\u00e7ants et d&rsquo;artisans qui ont choisi le statut de conjoint collaborateur,<\/li>\n<li>D&rsquo;autres professions \u00e0 l&rsquo;image des agents commerciaux ou les chefs d&rsquo;\u00e9tablissement d&rsquo;enseignement priv\u00e9.<\/li>\n<\/ul>\n<h2 id=\"affiliation-s\u00e9curit\u00e9-sociale-ind\u00e9pendants\"><strong>Comment s\u2019affilier \u00e0 la S\u00e9curit\u00e9 sociale des ind\u00e9pendants ?<\/strong><\/h2>\n<p>Comment \u00e9voqu\u00e9 pr\u00e9c\u00e9demment, les travailleurs ind\u00e9pendants anciennement soumis au RSI sont automatiquement int\u00e9gr\u00e9s au nouveau syst\u00e8me de la SSI.<\/p>\n<p>Mais voici les <strong>formalit\u00e9s \u00e0 accomplir<\/strong> pour une demande d&rsquo;affiliation :<\/p>\n<ul>\n<li>Tout d&rsquo;abord, il faut faire sa <strong>d\u00e9claration de d\u00e9but d&rsquo;activit\u00e9<\/strong>. Celle-ci peut s&rsquo;effectuer aupr\u00e8s du Centre de Formalit\u00e9s des Entreprises (CFE) ou directement en ligne via le site <a href=\"https:\/\/www.guichet-entreprises.fr\/fr\/\">guichet-entreprises.fr<\/a>.<\/li>\n<li>Ensuite, il faut attendre la <strong>notification d&rsquo;inscription de la SSI<\/strong>. Cette derni\u00e8re vous pr\u00e9sentera la protection sociale et les interlocuteurs \u00e0 contacter.<\/li>\n<li>Enfin, il reste \u00e0 <a href=\"https:\/\/www.ma.secu-independants.fr\/authentification\/login\">cr\u00e9er son compte<\/a> en ligne afin de pouvoir<strong> g\u00e9rer son compte<\/strong>. Gr\u00e2ce \u00e0 cette plateforme, il est m\u00eame possible de payer directement ses cotisations et de mettre \u00e0 jour certaines informations.<\/li>\n<\/ul>\n<p><\/p>\n<div class=\"wp-block-button\" style=\"text-align:center;\"><a class=\"wp-block-button__link has-background\" href=\"https:\/\/www.legalvision.fr\/\">Vos formalit\u00e9s juridiques avec LegalVision !\u00a0<\/a><\/div>\n","protected":false},"excerpt":{"rendered":"<p>Depuis le 1er janvier 2020, le R\u00e9gime social des ind\u00e9pendants (RSI) laisse place \u00e0 la S\u00e9curit\u00e9 sociale des ind\u00e9pendants (SSI). Cette derni\u00e8re est int\u00e9gr\u00e9e au r\u00e9gime g\u00e9n\u00e9ral de la S\u00e9curit\u00e9 sociale. Le basculement de l\u2019ancien vers le nouveau syst\u00e8me est automatique. Par cons\u00e9quent, ce changement ne requiert aucune formalit\u00e9 de la part de l&rsquo;assur\u00e9 et&hellip; <a class=\"more-link\" href=\"https:\/\/www.legalvision.fr\/guides-juridiques\/droit-du-travail\/securite-sociale-des-independants\/\">Poursuivre la lecture <span class=\"screen-reader-text\">S\u00e9curit\u00e9 sociale des ind\u00e9pendants, qu\u2019est-ce que c\u2019est\u2009?<\/span><\/a><\/p>\n","protected":false},"author":47,"featured_media":30482,"comment_status":"open","ping_status":"open","sticky":false,"template":"","format":"standard","meta":{"content-type":"","inline_featured_image":false,"footnotes":""},"categories":[2485],"tags":[],"class_list":["post-35177","post","type-post","status-publish","format-standard","has-post-thumbnail","hentry","category-droit-du-travail","entry"],"yoast_head":"<!-- This site is optimized with the Yoast SEO plugin v27.1.1 - https:\/\/yoast.com\/product\/yoast-seo-wordpress\/ -->\n<title>S\u00e9curit\u00e9 sociale des ind\u00e9pendants, qu&#039;est-ce que c&#039;est ?<\/title>\n<meta name=\"description\" content=\"Depuis le 1er janvier 2020, le r\u00e9gime social des ind\u00e9pendants (RSI) a \u00e9t\u00e9 substitu\u00e9 par la S\u00e9curit\u00e9 sociale des ind\u00e9pendants.\" \/>\n<meta name=\"robots\" content=\"index, follow, max-snippet:-1, max-image-preview:large, max-video-preview:-1\" \/>\n<link rel=\"canonical\" href=\"https:\/\/www.legalvision.fr\/guides-juridiques\/droit-du-travail\/securite-sociale-des-independants\/\" \/>\n<meta property=\"og:locale\" content=\"fr_FR\" \/>\n<meta property=\"og:type\" content=\"article\" \/>\n<meta property=\"og:title\" content=\"S\u00e9curit\u00e9 sociale des ind\u00e9pendants, qu&#039;est-ce que c&#039;est ?\" \/>\n<meta property=\"og:description\" content=\"Depuis le 1er janvier 2020, le r\u00e9gime social des ind\u00e9pendants (RSI) a \u00e9t\u00e9 substitu\u00e9 par la S\u00e9curit\u00e9 sociale des ind\u00e9pendants.\" \/>\n<meta property=\"og:url\" content=\"https:\/\/www.legalvision.fr\/guides-juridiques\/droit-du-travail\/securite-sociale-des-independants\/\" \/>\n<meta property=\"og:site_name\" content=\"Guides juridiques\" \/>\n<meta property=\"article:published_time\" content=\"2021-10-04T07:59:23+00:00\" \/>\n<meta property=\"article:modified_time\" content=\"2022-03-27T19:20:37+00:00\" \/>\n<meta property=\"og:image\" content=\"https:\/\/www.legalvision.fr\/guides-juridiques\/wp-content\/uploads\/2019\/10\/assurance-responsabilit\u00e9-civile-professionnelle-min-1.jpg\" \/>\n\t<meta property=\"og:image:width\" content=\"958\" \/>\n\t<meta property=\"og:image:height\" content=\"350\" \/>\n\t<meta property=\"og:image:type\" content=\"image\/jpeg\" \/>\n<meta name=\"author\" content=\"Vania Ranaivoarisoa\" \/>\n<meta name=\"twitter:card\" content=\"summary_large_image\" \/>\n<meta name=\"twitter:label1\" content=\"\u00c9crit par\" \/>\n\t<meta name=\"twitter:data1\" content=\"Vania Ranaivoarisoa\" \/>\n\t<meta name=\"twitter:label2\" content=\"Dur\u00e9e de lecture estim\u00e9e\" \/>\n\t<meta name=\"twitter:data2\" content=\"3 minutes\" \/>\n<script type=\"application\/ld+json\" class=\"yoast-schema-graph\">{\"@context\":\"https:\/\/schema.org\",\"@graph\":[{\"@type\":\"Article\",\"@id\":\"https:\/\/www.legalvision.fr\/guides-juridiques\/droit-du-travail\/securite-sociale-des-independants\/#article\",\"isPartOf\":{\"@id\":\"https:\/\/www.legalvision.fr\/guides-juridiques\/droit-du-travail\/securite-sociale-des-independants\/\"},\"author\":{\"name\":\"Vania Ranaivoarisoa\",\"@id\":\"https:\/\/www.legalvision.fr\/guides-juridiques\/#\/schema\/person\/f05b9a094c5fc94a9deb09299985db54\"},\"headline\":\"S\u00e9curit\u00e9 sociale des ind\u00e9pendants, qu\u2019est-ce que c\u2019est\u2009?\",\"datePublished\":\"2021-10-04T07:59:23+00:00\",\"dateModified\":\"2022-03-27T19:20:37+00:00\",\"mainEntityOfPage\":{\"@id\":\"https:\/\/www.legalvision.fr\/guides-juridiques\/droit-du-travail\/securite-sociale-des-independants\/\"},\"wordCount\":758,\"commentCount\":0,\"publisher\":{\"@id\":\"https:\/\/www.legalvision.fr\/guides-juridiques\/#organization\"},\"image\":{\"@id\":\"https:\/\/www.legalvision.fr\/guides-juridiques\/droit-du-travail\/securite-sociale-des-independants\/#primaryimage\"},\"thumbnailUrl\":\"https:\/\/www.legalvision.fr\/guides-juridiques\/wp-content\/uploads\/2019\/10\/assurance-responsabilit\u00e9-civile-professionnelle-min-1.jpg\",\"articleSection\":[\"Droit du travail\"],\"inLanguage\":\"fr-FR\",\"potentialAction\":[{\"@type\":\"CommentAction\",\"name\":\"Comment\",\"target\":[\"https:\/\/www.legalvision.fr\/guides-juridiques\/droit-du-travail\/securite-sociale-des-independants\/#respond\"]}]},{\"@type\":\"WebPage\",\"@id\":\"https:\/\/www.legalvision.fr\/guides-juridiques\/droit-du-travail\/securite-sociale-des-independants\/\",\"url\":\"https:\/\/www.legalvision.fr\/guides-juridiques\/droit-du-travail\/securite-sociale-des-independants\/\",\"name\":\"S\u00e9curit\u00e9 sociale des ind\u00e9pendants, qu'est-ce que c'est ?\",\"isPartOf\":{\"@id\":\"https:\/\/www.legalvision.fr\/guides-juridiques\/#website\"},\"primaryImageOfPage\":{\"@id\":\"https:\/\/www.legalvision.fr\/guides-juridiques\/droit-du-travail\/securite-sociale-des-independants\/#primaryimage\"},\"image\":{\"@id\":\"https:\/\/www.legalvision.fr\/guides-juridiques\/droit-du-travail\/securite-sociale-des-independants\/#primaryimage\"},\"thumbnailUrl\":\"https:\/\/www.legalvision.fr\/guides-juridiques\/wp-content\/uploads\/2019\/10\/assurance-responsabilit\u00e9-civile-professionnelle-min-1.jpg\",\"datePublished\":\"2021-10-04T07:59:23+00:00\",\"dateModified\":\"2022-03-27T19:20:37+00:00\",\"description\":\"Depuis le 1er janvier 2020, le r\u00e9gime social des ind\u00e9pendants (RSI) a \u00e9t\u00e9 substitu\u00e9 par la S\u00e9curit\u00e9 sociale des ind\u00e9pendants.\",\"breadcrumb\":{\"@id\":\"https:\/\/www.legalvision.fr\/guides-juridiques\/droit-du-travail\/securite-sociale-des-independants\/#breadcrumb\"},\"inLanguage\":\"fr-FR\",\"potentialAction\":[{\"@type\":\"ReadAction\",\"target\":[\"https:\/\/www.legalvision.fr\/guides-juridiques\/droit-du-travail\/securite-sociale-des-independants\/\"]}]},{\"@type\":\"ImageObject\",\"inLanguage\":\"fr-FR\",\"@id\":\"https:\/\/www.legalvision.fr\/guides-juridiques\/droit-du-travail\/securite-sociale-des-independants\/#primaryimage\",\"url\":\"https:\/\/www.legalvision.fr\/guides-juridiques\/wp-content\/uploads\/2019\/10\/assurance-responsabilit\u00e9-civile-professionnelle-min-1.jpg\",\"contentUrl\":\"https:\/\/www.legalvision.fr\/guides-juridiques\/wp-content\/uploads\/2019\/10\/assurance-responsabilit\u00e9-civile-professionnelle-min-1.jpg\",\"width\":958,\"height\":350,\"caption\":\"assurance responsabilit\u00e9 civile professionnelle\"},{\"@type\":\"BreadcrumbList\",\"@id\":\"https:\/\/www.legalvision.fr\/guides-juridiques\/droit-du-travail\/securite-sociale-des-independants\/#breadcrumb\",\"itemListElement\":[{\"@type\":\"ListItem\",\"position\":1,\"name\":\"Accueil\",\"item\":\"https:\/\/www.legalvision.fr\/guides-juridiques\/\"},{\"@type\":\"ListItem\",\"position\":2,\"name\":\"Droit du travail\",\"item\":\"https:\/\/www.legalvision.fr\/guides-juridiques\/droit-du-travail\/\"},{\"@type\":\"ListItem\",\"position\":3,\"name\":\"S\u00e9curit\u00e9 sociale des ind\u00e9pendants, qu\u2019est-ce que c\u2019est\u2009?\"}]},{\"@type\":\"WebSite\",\"@id\":\"https:\/\/www.legalvision.fr\/guides-juridiques\/#website\",\"url\":\"https:\/\/www.legalvision.fr\/guides-juridiques\/\",\"name\":\"Guides juridiques\",\"description\":\"L&#039;information juridique \u00e0 destination des entreprises et TPE\",\"publisher\":{\"@id\":\"https:\/\/www.legalvision.fr\/guides-juridiques\/#organization\"},\"potentialAction\":[{\"@type\":\"SearchAction\",\"target\":{\"@type\":\"EntryPoint\",\"urlTemplate\":\"https:\/\/www.legalvision.fr\/guides-juridiques\/?s={search_term_string}\"},\"query-input\":{\"@type\":\"PropertyValueSpecification\",\"valueRequired\":true,\"valueName\":\"search_term_string\"}}],\"inLanguage\":\"fr-FR\"},{\"@type\":\"Organization\",\"@id\":\"https:\/\/www.legalvision.fr\/guides-juridiques\/#organization\",\"name\":\"Guides juridiques\",\"url\":\"https:\/\/www.legalvision.fr\/guides-juridiques\/\",\"logo\":{\"@type\":\"ImageObject\",\"inLanguage\":\"fr-FR\",\"@id\":\"https:\/\/www.legalvision.fr\/guides-juridiques\/#\/schema\/logo\/image\/\",\"url\":\"https:\/\/www.legalvision.fr\/guides-juridiques\/wp-content\/uploads\/2022\/10\/LV-Logotype.png\",\"contentUrl\":\"https:\/\/www.legalvision.fr\/guides-juridiques\/wp-content\/uploads\/2022\/10\/LV-Logotype.png\",\"width\":647,\"height\":125,\"caption\":\"Guides juridiques\"},\"image\":{\"@id\":\"https:\/\/www.legalvision.fr\/guides-juridiques\/#\/schema\/logo\/image\/\"}},{\"@type\":\"Person\",\"@id\":\"https:\/\/www.legalvision.fr\/guides-juridiques\/#\/schema\/person\/f05b9a094c5fc94a9deb09299985db54\",\"name\":\"Vania Ranaivoarisoa\",\"image\":{\"@type\":\"ImageObject\",\"inLanguage\":\"fr-FR\",\"@id\":\"https:\/\/www.legalvision.fr\/guides-juridiques\/#\/schema\/person\/image\/\",\"url\":\"https:\/\/www.legalvision.fr\/guides-juridiques\/wp-content\/uploads\/2023\/07\/Femm21-96x96.png\",\"contentUrl\":\"https:\/\/www.legalvision.fr\/guides-juridiques\/wp-content\/uploads\/2023\/07\/Femm21-96x96.png\",\"caption\":\"Vania Ranaivoarisoa\"},\"description\":\"Juriste dipl\u00f4m\u00e9e en Master 2. Vania r\u00e9dige sous la direction de Lo\u00efc Le Goas, Avocat et Pr\u00e9sident de Legalvision.\",\"url\":\"https:\/\/www.legalvision.fr\/guides-juridiques\/author\/vania\/\"}]}<\/script>\n<!-- \/ Yoast SEO plugin. -->","yoast_head_json":{"title":"S\u00e9curit\u00e9 sociale des ind\u00e9pendants, qu'est-ce que c'est ?","description":"Depuis le 1er janvier 2020, le r\u00e9gime social des ind\u00e9pendants (RSI) a \u00e9t\u00e9 substitu\u00e9 par la S\u00e9curit\u00e9 sociale des ind\u00e9pendants.","robots":{"index":"index","follow":"follow","max-snippet":"max-snippet:-1","max-image-preview":"max-image-preview:large","max-video-preview":"max-video-preview:-1"},"canonical":"https:\/\/www.legalvision.fr\/guides-juridiques\/droit-du-travail\/securite-sociale-des-independants\/","og_locale":"fr_FR","og_type":"article","og_title":"S\u00e9curit\u00e9 sociale des ind\u00e9pendants, qu'est-ce que c'est ?","og_description":"Depuis le 1er janvier 2020, le r\u00e9gime social des ind\u00e9pendants (RSI) a \u00e9t\u00e9 substitu\u00e9 par la S\u00e9curit\u00e9 sociale des ind\u00e9pendants.","og_url":"https:\/\/www.legalvision.fr\/guides-juridiques\/droit-du-travail\/securite-sociale-des-independants\/","og_site_name":"Guides juridiques","article_published_time":"2021-10-04T07:59:23+00:00","article_modified_time":"2022-03-27T19:20:37+00:00","og_image":[{"width":958,"height":350,"url":"https:\/\/www.legalvision.fr\/guides-juridiques\/wp-content\/uploads\/2019\/10\/assurance-responsabilit\u00e9-civile-professionnelle-min-1.jpg","type":"image\/jpeg"}],"author":"Vania Ranaivoarisoa","twitter_card":"summary_large_image","twitter_misc":{"\u00c9crit par":"Vania Ranaivoarisoa","Dur\u00e9e de lecture estim\u00e9e":"3 minutes"},"schema":{"@context":"https:\/\/schema.org","@graph":[{"@type":"Article","@id":"https:\/\/www.legalvision.fr\/guides-juridiques\/droit-du-travail\/securite-sociale-des-independants\/#article","isPartOf":{"@id":"https:\/\/www.legalvision.fr\/guides-juridiques\/droit-du-travail\/securite-sociale-des-independants\/"},"author":{"name":"Vania Ranaivoarisoa","@id":"https:\/\/www.legalvision.fr\/guides-juridiques\/#\/schema\/person\/f05b9a094c5fc94a9deb09299985db54"},"headline":"S\u00e9curit\u00e9 sociale des ind\u00e9pendants, qu\u2019est-ce que c\u2019est\u2009?","datePublished":"2021-10-04T07:59:23+00:00","dateModified":"2022-03-27T19:20:37+00:00","mainEntityOfPage":{"@id":"https:\/\/www.legalvision.fr\/guides-juridiques\/droit-du-travail\/securite-sociale-des-independants\/"},"wordCount":758,"commentCount":0,"publisher":{"@id":"https:\/\/www.legalvision.fr\/guides-juridiques\/#organization"},"image":{"@id":"https:\/\/www.legalvision.fr\/guides-juridiques\/droit-du-travail\/securite-sociale-des-independants\/#primaryimage"},"thumbnailUrl":"https:\/\/www.legalvision.fr\/guides-juridiques\/wp-content\/uploads\/2019\/10\/assurance-responsabilit\u00e9-civile-professionnelle-min-1.jpg","articleSection":["Droit du travail"],"inLanguage":"fr-FR","potentialAction":[{"@type":"CommentAction","name":"Comment","target":["https:\/\/www.legalvision.fr\/guides-juridiques\/droit-du-travail\/securite-sociale-des-independants\/#respond"]}]},{"@type":"WebPage","@id":"https:\/\/www.legalvision.fr\/guides-juridiques\/droit-du-travail\/securite-sociale-des-independants\/","url":"https:\/\/www.legalvision.fr\/guides-juridiques\/droit-du-travail\/securite-sociale-des-independants\/","name":"S\u00e9curit\u00e9 sociale des ind\u00e9pendants, qu'est-ce que c'est ?","isPartOf":{"@id":"https:\/\/www.legalvision.fr\/guides-juridiques\/#website"},"primaryImageOfPage":{"@id":"https:\/\/www.legalvision.fr\/guides-juridiques\/droit-du-travail\/securite-sociale-des-independants\/#primaryimage"},"image":{"@id":"https:\/\/www.legalvision.fr\/guides-juridiques\/droit-du-travail\/securite-sociale-des-independants\/#primaryimage"},"thumbnailUrl":"https:\/\/www.legalvision.fr\/guides-juridiques\/wp-content\/uploads\/2019\/10\/assurance-responsabilit\u00e9-civile-professionnelle-min-1.jpg","datePublished":"2021-10-04T07:59:23+00:00","dateModified":"2022-03-27T19:20:37+00:00","description":"Depuis le 1er janvier 2020, le r\u00e9gime social des ind\u00e9pendants (RSI) a \u00e9t\u00e9 substitu\u00e9 par la S\u00e9curit\u00e9 sociale des ind\u00e9pendants.","breadcrumb":{"@id":"https:\/\/www.legalvision.fr\/guides-juridiques\/droit-du-travail\/securite-sociale-des-independants\/#breadcrumb"},"inLanguage":"fr-FR","potentialAction":[{"@type":"ReadAction","target":["https:\/\/www.legalvision.fr\/guides-juridiques\/droit-du-travail\/securite-sociale-des-independants\/"]}]},{"@type":"ImageObject","inLanguage":"fr-FR","@id":"https:\/\/www.legalvision.fr\/guides-juridiques\/droit-du-travail\/securite-sociale-des-independants\/#primaryimage","url":"https:\/\/www.legalvision.fr\/guides-juridiques\/wp-content\/uploads\/2019\/10\/assurance-responsabilit\u00e9-civile-professionnelle-min-1.jpg","contentUrl":"https:\/\/www.legalvision.fr\/guides-juridiques\/wp-content\/uploads\/2019\/10\/assurance-responsabilit\u00e9-civile-professionnelle-min-1.jpg","width":958,"height":350,"caption":"assurance responsabilit\u00e9 civile professionnelle"},{"@type":"BreadcrumbList","@id":"https:\/\/www.legalvision.fr\/guides-juridiques\/droit-du-travail\/securite-sociale-des-independants\/#breadcrumb","itemListElement":[{"@type":"ListItem","position":1,"name":"Accueil","item":"https:\/\/www.legalvision.fr\/guides-juridiques\/"},{"@type":"ListItem","position":2,"name":"Droit du travail","item":"https:\/\/www.legalvision.fr\/guides-juridiques\/droit-du-travail\/"},{"@type":"ListItem","position":3,"name":"S\u00e9curit\u00e9 sociale des ind\u00e9pendants, qu\u2019est-ce que c\u2019est\u2009?"}]},{"@type":"WebSite","@id":"https:\/\/www.legalvision.fr\/guides-juridiques\/#website","url":"https:\/\/www.legalvision.fr\/guides-juridiques\/","name":"Guides juridiques","description":"L&#039;information juridique \u00e0 destination des entreprises et TPE","publisher":{"@id":"https:\/\/www.legalvision.fr\/guides-juridiques\/#organization"},"potentialAction":[{"@type":"SearchAction","target":{"@type":"EntryPoint","urlTemplate":"https:\/\/www.legalvision.fr\/guides-juridiques\/?s={search_term_string}"},"query-input":{"@type":"PropertyValueSpecification","valueRequired":true,"valueName":"search_term_string"}}],"inLanguage":"fr-FR"},{"@type":"Organization","@id":"https:\/\/www.legalvision.fr\/guides-juridiques\/#organization","name":"Guides juridiques","url":"https:\/\/www.legalvision.fr\/guides-juridiques\/","logo":{"@type":"ImageObject","inLanguage":"fr-FR","@id":"https:\/\/www.legalvision.fr\/guides-juridiques\/#\/schema\/logo\/image\/","url":"https:\/\/www.legalvision.fr\/guides-juridiques\/wp-content\/uploads\/2022\/10\/LV-Logotype.png","contentUrl":"https:\/\/www.legalvision.fr\/guides-juridiques\/wp-content\/uploads\/2022\/10\/LV-Logotype.png","width":647,"height":125,"caption":"Guides juridiques"},"image":{"@id":"https:\/\/www.legalvision.fr\/guides-juridiques\/#\/schema\/logo\/image\/"}},{"@type":"Person","@id":"https:\/\/www.legalvision.fr\/guides-juridiques\/#\/schema\/person\/f05b9a094c5fc94a9deb09299985db54","name":"Vania Ranaivoarisoa","image":{"@type":"ImageObject","inLanguage":"fr-FR","@id":"https:\/\/www.legalvision.fr\/guides-juridiques\/#\/schema\/person\/image\/","url":"https:\/\/www.legalvision.fr\/guides-juridiques\/wp-content\/uploads\/2023\/07\/Femm21-96x96.png","contentUrl":"https:\/\/www.legalvision.fr\/guides-juridiques\/wp-content\/uploads\/2023\/07\/Femm21-96x96.png","caption":"Vania Ranaivoarisoa"},"description":"Juriste dipl\u00f4m\u00e9e en Master 2. Vania r\u00e9dige sous la direction de Lo\u00efc Le Goas, Avocat et Pr\u00e9sident de Legalvision.","url":"https:\/\/www.legalvision.fr\/guides-juridiques\/author\/vania\/"}]}},"_links":{"self":[{"href":"https:\/\/www.legalvision.fr\/guides-juridiques\/wp-json\/wp\/v2\/posts\/35177","targetHints":{"allow":["GET"]}}],"collection":[{"href":"https:\/\/www.legalvision.fr\/guides-juridiques\/wp-json\/wp\/v2\/posts"}],"about":[{"href":"https:\/\/www.legalvision.fr\/guides-juridiques\/wp-json\/wp\/v2\/types\/post"}],"author":[{"embeddable":true,"href":"https:\/\/www.legalvision.fr\/guides-juridiques\/wp-json\/wp\/v2\/users\/47"}],"replies":[{"embeddable":true,"href":"https:\/\/www.legalvision.fr\/guides-juridiques\/wp-json\/wp\/v2\/comments?post=35177"}],"version-history":[{"count":0,"href":"https:\/\/www.legalvision.fr\/guides-juridiques\/wp-json\/wp\/v2\/posts\/35177\/revisions"}],"wp:featuredmedia":[{"embeddable":true,"href":"https:\/\/www.legalvision.fr\/guides-juridiques\/wp-json\/wp\/v2\/media\/30482"}],"wp:attachment":[{"href":"https:\/\/www.legalvision.fr\/guides-juridiques\/wp-json\/wp\/v2\/media?parent=35177"}],"wp:term":[{"taxonomy":"category","embeddable":true,"href":"https:\/\/www.legalvision.fr\/guides-juridiques\/wp-json\/wp\/v2\/categories?post=35177"},{"taxonomy":"post_tag","embeddable":true,"href":"https:\/\/www.legalvision.fr\/guides-juridiques\/wp-json\/wp\/v2\/tags?post=35177"}],"curies":[{"name":"wp","href":"https:\/\/api.w.org\/{rel}","templated":true}]}}