{"id":34992,"date":"2020-12-15T17:05:59","date_gmt":"2020-12-15T16:05:59","guid":{"rendered":"https:\/\/blog.legalvision.fr\/?p=34992"},"modified":"2022-03-27T21:20:38","modified_gmt":"2022-03-27T19:20:38","slug":"age-ideal-pour-creer-une-entreprise","status":"publish","type":"post","link":"https:\/\/www.legalvision.fr\/guides-juridiques\/creer-son-entreprise\/age-ideal-pour-creer-une-entreprise\/","title":{"rendered":"\u00c2ge id\u00e9al pour cr\u00e9er une entreprise"},"content":{"rendered":"<p>Existe-t-il un<strong> \u00e2ge id\u00e9al pour cr\u00e9er une entreprise\u2009? <\/strong>Telle est l\u2019une des grandes questions que se posent bien souvent ceux qui souhaitent se lancer dans l\u2019entrepreneuriat. Il s\u2019agit d\u2019une interrogation plus que l\u00e9gitime. En effet, bon nombre de gens pensent que ceux qui s\u2019y mettent trop t\u00f4t risquent souvent de manquer d\u2019exp\u00e9rience. Tandis que d\u2019autres pensent qu\u2019en \u00e9tant trop \u00e2g\u00e9e, l\u2019envie n\u2019est plus l\u00e0 et qu\u2019on souhaite d\u00e9j\u00e0 profiter de sa retraite.<\/p>\n<p>En r\u00e9alit\u00e9 il est toujours possible de fonder sa propre entreprise \u00e0 <strong><a href=\"http:\/\/www.legifrance.gouv.fr\/affichCode.do?idSectionTA=LEGISCTA000006136229&amp;cidTexte=LEGITEXT000006070721\">18 ans<\/a><\/strong> ou \u00e0 <strong>50 ans<\/strong>. Tout d\u00e9pend de chaque individu, mais \u00e9galement du secteur choisi. De m\u00eame, il est possible de le faire m\u00eame en \u00e9tant mineur. Ce ne sont pas les exemples qui manquent. Pour r\u00e9pondre \u00e0 la question, on va donc s\u2019attarder successivement sur\u00a0plusieurs points\u00a0:\n<\/p>\n<div class=\"wp-block-button\" style=\"text-align:center;\"><a class=\"wp-block-button__link has-background\" href=\"https:\/\/www.legalvision.fr\/tous-les-services\/\">Commencer ma cr\u00e9ation d&rsquo;entreprise<\/a><\/div>\n<h2><strong>\u00c2ge id\u00e9al pour cr\u00e9er une entreprise, entreprendre quand on a 18 ans ou moins <\/strong><\/h2>\n<p>Bon nombre de personnes diront \u00e0 une personne qui n\u2019a pas encore 20 ans de se former d\u2019abord, d\u2019\u00e9tudier ou de se construire une solide <strong>exp\u00e9rience professionnelle<\/strong> avant de cr\u00e9er une entreprise. Toutefois, ce n\u2019est pas forc\u00e9ment vrai. Au contraire, c\u2019est la p\u00e9riode <strong>id\u00e9ale pour se lancer<\/strong> dans certains secteurs d\u2019activit\u00e9.<\/p>\n<h3>Entreprendre en \u00e9tant tr\u00e8s jeune\u00a0: difficile, mais pas impossible<\/h3>\n<p>Les plus <strong>jeunes entrepreneurs<\/strong> ont plus de <strong>chances de r\u00e9ussir<\/strong> en temps dans un domaine donn\u00e9, s\u2019ils ne poss\u00e8dent pas certains traits de personnalit\u00e9 et surtout de talent particulier. En effet, cela compense leur carence en exp\u00e9rience. En France, on estime que 0,07\u00a0% des autoentrepreneurs sont des jeunes de moins de 16 ans.<\/p>\n<p>Toutefois, il faut noter que le statut de mineur ne permet pas \u00e0 une personne d\u2019exercer tous les m\u00e9tiers. En effet, pour bon nombre de professions lib\u00e9rales par exemple, il faut avoir 18 ans. Tel est le cas par exemple de ceux qui n\u00e9cessitent un dipl\u00f4me sp\u00e9cifique\u00a0tel que les avocats, les architectes, les m\u00e9decins, etc. Par contre le nombre d\u2019activit\u00e9s possible ne manque pas non plus.<\/p>\n<ol>\n<li>\n<h4>Les startups<\/h4>\n<\/li>\n<\/ol>\n<p>La plupart des mineurs ou jeunes des vingtaines optent bien souvent pour les <strong>startups<\/strong> sp\u00e9cialis\u00e9s en r\u00e9paration d\u2019appareil \u00e9lectronique \u00e0 usage domestique. Tel est le cas des ustensiles de cuisine. Les services de toilettage pour animaux domestiques sont \u00e9galement assez int\u00e9ressants pour les jeunes porteurs de projets.<\/p>\n<ol start=\"2\">\n<li>\n<h4>Les activit\u00e9s artisanales<\/h4>\n<\/li>\n<\/ol>\n<p>Les activit\u00e9s artisanales sont id\u00e9ales surtout pour ceux qui ne disposent que de tr\u00e8s peu de fond de d\u00e9part. La confection et la fabrication de produits laitiers int\u00e9ressent souvent les entrepreneurs, qu\u2019importe leur \u00e2ge. Mieux vaut solliciter alors l\u2019avis d\u2019un professionnel si possible pour bien d\u00e9buter et ensuite percer rapidement.<\/p>\n<h3>Faut-il que le mineur s\u2019\u00e9mancipe pour entreprendre\u2009?<\/h3>\n<p>Il n\u2019est pas obligatoire pour un mineur de s\u2019\u00e9manciper lorsqu\u2019il veut entreprendre. N\u00e9anmoins, dans bon nombre de cas, cela s\u2019impose de fait.<\/p>\n<ol>\n<li>\n<h4>\u00c9mancipation\u00a0: qu\u2019est-ce que c\u2019est\u2009?<\/h4>\n<\/li>\n<\/ol>\n<p>\u00c9mancipation veut dire \u00ab\u2009accorder \u00e0 une personne une pleine capacit\u00e9 juridique\u2009\u00bb. Cette derni\u00e8re a alors les m\u00eames droits et obligations qu\u2019un adulte et devient totalement responsable de ses actes. Elle peut effectuer des achats et des ventes sans demander l\u2019autorisation de ses parents ou de son tuteur. Lorsqu\u2019elle emprunte de l\u2019argent, elle devient responsable seule de ses dettes sauf si elle le fait \u00e0 travers une soci\u00e9t\u00e9 qu\u2019elle a fond\u00e9e avec d\u2019autres personnes. Si elle fait subir des dommages \u00e0 un tiers, elle engage sa responsabilit\u00e9 civile.<\/p>\n<ol start=\"2\">\n<li>\n<h4>Quels activit\u00e9s ou m\u00e9tiers pour le mineur \u00e9mancip\u00e9\u2009?<\/h4>\n<\/li>\n<\/ol>\n<p>En premier lieu, les activit\u00e9s r\u00e9glement\u00e9es, qui requi\u00e8rent un \u00e2ge minimum et un dipl\u00f4me ne sont pas accessibles aux mineurs, m\u00eame s\u2019ils sont \u00e9mancip\u00e9s. Par exemple, il est impossible qu\u2019un mineur devienne un expert-comptable. Par contre, il a le droit de devenir artisan ou commer\u00e7ant. La fabrication ou l\u2019achat pour revente de mobilier sont des domaines qui int\u00e9ressent au plus haut point les mineurs \u00e9mancip\u00e9s.<\/p>\n<p>Cependant, il est vivement conseill\u00e9 de se former au moins en gestion de projet avant de tenter la vie entrepreneuriale quand on est jeune. Pour certains, cela vient naturellement.<\/p>\n<h2><strong>\u00c2ge id\u00e9al pour cr\u00e9er une entreprise, entreprendre quand on a entre 40 \u00e0 50 ans\u00a0: un pari risqu\u00e9\u2009? <\/strong><\/h2>\n<p>Beaucoup de personnes pensent que la quarantaine est <strong>l\u2019\u00e2ge id\u00e9al pour entreprendre<\/strong>. Car, on a d\u00e9j\u00e0 engrang\u00e9 assez d\u2019exp\u00e9rience pour exercer une activit\u00e9 ind\u00e9pendante. Tout cela est appuy\u00e9 par les formations et les comp\u00e9tences que l\u2019on dispose.<\/p>\n<h3>Une meilleure connaissance du secteur d\u2019activit\u00e9<\/h3>\n<p>Si une personne travaille en tant que salari\u00e9 jusqu\u2019\u00e0 ses 40 ou 50 ans, elle poss\u00e8de d\u00e9j\u00e0 une grande exp\u00e9rience dans son m\u00e9tier. Elle pourra facilement d\u00e9coller de ses propres ailes. Puisqu\u2019elle sait d\u00e9j\u00e0 comment faire et \u00e0 quelles personnes s\u2019adresser, elle n\u2019aura pas de mal \u00e0 d\u00e9marrer une activit\u00e9. Les <strong>cr\u00e9ateurs d\u2019entreprise<\/strong> sont souvent des personnes entre 35 \u00e0 42 ans.<\/p>\n<p>En outre, les personnes qui entreprennent \u00e0 cet \u00e2ge recherchent souvent des formations pour compl\u00e9ter leur connaissance. Il est aussi probable qu\u2018elles aient mis de c\u00f4t\u00e9 pour financer leur projet. N\u00e9anmoins, \u00e0 40 ans les entrepreneurs peuvent \u00eatre parents. Leur libert\u00e9 et leur temps restent limit\u00e9s. Lorsque le risque est trop grand, ils sont souvent assez r\u00e9calcitrants.<\/p>\n<p>C\u2019est donc l\u2019 <strong>\u00e2ge id\u00e9al pour cr\u00e9er<\/strong> une entreprise \u00e0 condition que l\u2019entrepreneur sache s\u2019organiser et surtout casser les routines.<\/p>\n<h3>\n<strong><\/strong>Attendre la retraite\u2009?<\/h3>\n<p>Dans certains cas <strong>l\u2019 \u00e2ge id\u00e9al pour cr\u00e9er une entreprise<\/strong> est la cinquantaine ou la soixantaine, c\u2019est-\u00e0-dire la p\u00e9riode de la retraite. C\u2019est surtout une perspective int\u00e9ressante pour ceux qui souhaitent offrir un avenir \u00e0 leur prog\u00e9niture. Ainsi, ils pr\u00e9parent les terrains. De toute mani\u00e8re m\u00eame s\u2018ils n\u2019entreprennent pas, ils auront d\u00e9j\u00e0 leur pension de retraite et l\u2019argent qu\u2019ils ont gagn\u00e9 durant leur carri\u00e8re pour vivre ais\u00e9ment. Il s\u2019agit plus d\u2019une <strong>aventure entrepreneuriale<\/strong>, un passe-temps pour eux.<\/p>\n<p>L\u2019entrepreneuriat est aussi conseill\u00e9 aux individus de cette <strong>tranche d\u2019\u00e2ge<\/strong> qui viennent de perdre leur travail. En effet, les employeurs pr\u00e9f\u00e8rent souvent se tourner vers les jeunes de la trentaine que vers les cinquantenaires. Ces derniers s\u2019approchant d\u00e9j\u00e0 de leur fin de carri\u00e8re. Aussi l\u2019entreprise devra encore penser \u00e0 engager un jeune t\u00f4t ou tard. Une personne de cet \u00e2ge aura plus int\u00e9r\u00eat \u00e0 \u00eatre ind\u00e9pendante. Elle pourra \u00e9tablir une structure et une \u00e9quipe qu\u2019elle va diriger elle-m\u00eame.<\/p>\n<p>\u00a0<\/p>\n<p><\/p>\n<div class=\"wp-block-button\" style=\"text-align:center;\"><a class=\"wp-block-button__link has-background\" href=\"https:\/\/www.legalvision.fr\/tous-les-services\/\">Commencer ma cr\u00e9ation d&rsquo;entreprise<\/a><\/div>\n","protected":false},"excerpt":{"rendered":"<p>Existe-t-il un \u00e2ge id\u00e9al pour cr\u00e9er une entreprise\u2009? Telle est l\u2019une des grandes questions que se posent bien souvent ceux qui souhaitent se lancer dans l\u2019entrepreneuriat. Il s\u2019agit d\u2019une interrogation plus que l\u00e9gitime. En effet, bon nombre de gens pensent que ceux qui s\u2019y mettent trop t\u00f4t risquent souvent de manquer d\u2019exp\u00e9rience. Tandis que d\u2019autres&hellip; <a class=\"more-link\" href=\"https:\/\/www.legalvision.fr\/guides-juridiques\/creer-son-entreprise\/age-ideal-pour-creer-une-entreprise\/\">Poursuivre la lecture <span class=\"screen-reader-text\">\u00c2ge id\u00e9al pour cr\u00e9er une entreprise<\/span><\/a><\/p>\n","protected":false},"author":47,"featured_media":35063,"comment_status":"closed","ping_status":"open","sticky":false,"template":"","format":"standard","meta":{"content-type":"","inline_featured_image":false,"footnotes":""},"categories":[2481],"tags":[],"class_list":["post-34992","post","type-post","status-publish","format-standard","has-post-thumbnail","hentry","category-creer-son-entreprise","entry"],"yoast_head":"<!-- This site is optimized with the Yoast SEO plugin v27.1.1 - https:\/\/yoast.com\/product\/yoast-seo-wordpress\/ -->\n<title>\u00c2ge id\u00e9al pour cr\u00e9er une entreprise - Guides juridiques<\/title>\n<meta name=\"description\" content=\"Existe-t-il un \u00e2ge id\u00e9al pour cr\u00e9er une entreprise\u2009? Telle est la question que se pose bien souvent ceux qui souhaitent se lancer dans l\u2019entrepreneuriat.\" \/>\n<meta name=\"robots\" content=\"index, follow, max-snippet:-1, max-image-preview:large, max-video-preview:-1\" \/>\n<link rel=\"canonical\" href=\"https:\/\/www.legalvision.fr\/guides-juridiques\/creer-son-entreprise\/age-ideal-pour-creer-une-entreprise\/\" \/>\n<meta property=\"og:locale\" content=\"fr_FR\" \/>\n<meta property=\"og:type\" content=\"article\" \/>\n<meta property=\"og:title\" content=\"\u00c2ge id\u00e9al pour cr\u00e9er une entreprise - Guides juridiques\" \/>\n<meta property=\"og:description\" content=\"Existe-t-il un \u00e2ge id\u00e9al pour cr\u00e9er une entreprise\u2009? Telle est la question que se pose bien souvent ceux qui souhaitent se lancer dans l\u2019entrepreneuriat.\" \/>\n<meta property=\"og:url\" content=\"https:\/\/www.legalvision.fr\/guides-juridiques\/creer-son-entreprise\/age-ideal-pour-creer-une-entreprise\/\" \/>\n<meta property=\"og:site_name\" content=\"Guides juridiques\" \/>\n<meta property=\"article:published_time\" content=\"2020-12-15T16:05:59+00:00\" \/>\n<meta property=\"article:modified_time\" content=\"2022-03-27T19:20:38+00:00\" \/>\n<meta property=\"og:image\" content=\"https:\/\/www.legalvision.fr\/guides-juridiques\/wp-content\/uploads\/2020\/12\/pexels-afta-putta-gunawan-1250346-1.jpg\" \/>\n\t<meta property=\"og:image:width\" content=\"958\" \/>\n\t<meta property=\"og:image:height\" content=\"350\" \/>\n\t<meta property=\"og:image:type\" content=\"image\/jpeg\" \/>\n<meta name=\"author\" content=\"Vania Ranaivoarisoa\" \/>\n<meta name=\"twitter:card\" content=\"summary_large_image\" \/>\n<meta name=\"twitter:label1\" content=\"\u00c9crit par\" \/>\n\t<meta name=\"twitter:data1\" content=\"Vania Ranaivoarisoa\" \/>\n\t<meta name=\"twitter:label2\" content=\"Dur\u00e9e de lecture estim\u00e9e\" \/>\n\t<meta name=\"twitter:data2\" content=\"6 minutes\" \/>\n<script type=\"application\/ld+json\" class=\"yoast-schema-graph\">{\"@context\":\"https:\/\/schema.org\",\"@graph\":[{\"@type\":\"Article\",\"@id\":\"https:\/\/www.legalvision.fr\/guides-juridiques\/creer-son-entreprise\/age-ideal-pour-creer-une-entreprise\/#article\",\"isPartOf\":{\"@id\":\"https:\/\/www.legalvision.fr\/guides-juridiques\/creer-son-entreprise\/age-ideal-pour-creer-une-entreprise\/\"},\"author\":{\"name\":\"Vania Ranaivoarisoa\",\"@id\":\"https:\/\/www.legalvision.fr\/guides-juridiques\/#\/schema\/person\/f05b9a094c5fc94a9deb09299985db54\"},\"headline\":\"\u00c2ge id\u00e9al pour cr\u00e9er une entreprise\",\"datePublished\":\"2020-12-15T16:05:59+00:00\",\"dateModified\":\"2022-03-27T19:20:38+00:00\",\"mainEntityOfPage\":{\"@id\":\"https:\/\/www.legalvision.fr\/guides-juridiques\/creer-son-entreprise\/age-ideal-pour-creer-une-entreprise\/\"},\"wordCount\":1163,\"publisher\":{\"@id\":\"https:\/\/www.legalvision.fr\/guides-juridiques\/#organization\"},\"image\":{\"@id\":\"https:\/\/www.legalvision.fr\/guides-juridiques\/creer-son-entreprise\/age-ideal-pour-creer-une-entreprise\/#primaryimage\"},\"thumbnailUrl\":\"https:\/\/www.legalvision.fr\/guides-juridiques\/wp-content\/uploads\/2020\/12\/pexels-afta-putta-gunawan-1250346-1.jpg\",\"articleSection\":[\"Cr\u00e9er son entreprise\"],\"inLanguage\":\"fr-FR\"},{\"@type\":\"WebPage\",\"@id\":\"https:\/\/www.legalvision.fr\/guides-juridiques\/creer-son-entreprise\/age-ideal-pour-creer-une-entreprise\/\",\"url\":\"https:\/\/www.legalvision.fr\/guides-juridiques\/creer-son-entreprise\/age-ideal-pour-creer-une-entreprise\/\",\"name\":\"\u00c2ge id\u00e9al pour cr\u00e9er une entreprise - Guides juridiques\",\"isPartOf\":{\"@id\":\"https:\/\/www.legalvision.fr\/guides-juridiques\/#website\"},\"primaryImageOfPage\":{\"@id\":\"https:\/\/www.legalvision.fr\/guides-juridiques\/creer-son-entreprise\/age-ideal-pour-creer-une-entreprise\/#primaryimage\"},\"image\":{\"@id\":\"https:\/\/www.legalvision.fr\/guides-juridiques\/creer-son-entreprise\/age-ideal-pour-creer-une-entreprise\/#primaryimage\"},\"thumbnailUrl\":\"https:\/\/www.legalvision.fr\/guides-juridiques\/wp-content\/uploads\/2020\/12\/pexels-afta-putta-gunawan-1250346-1.jpg\",\"datePublished\":\"2020-12-15T16:05:59+00:00\",\"dateModified\":\"2022-03-27T19:20:38+00:00\",\"description\":\"Existe-t-il un \u00e2ge id\u00e9al pour cr\u00e9er une entreprise\u2009? Telle est la question que se pose bien souvent ceux qui souhaitent se lancer dans l\u2019entrepreneuriat.\",\"breadcrumb\":{\"@id\":\"https:\/\/www.legalvision.fr\/guides-juridiques\/creer-son-entreprise\/age-ideal-pour-creer-une-entreprise\/#breadcrumb\"},\"inLanguage\":\"fr-FR\",\"potentialAction\":[{\"@type\":\"ReadAction\",\"target\":[\"https:\/\/www.legalvision.fr\/guides-juridiques\/creer-son-entreprise\/age-ideal-pour-creer-une-entreprise\/\"]}]},{\"@type\":\"ImageObject\",\"inLanguage\":\"fr-FR\",\"@id\":\"https:\/\/www.legalvision.fr\/guides-juridiques\/creer-son-entreprise\/age-ideal-pour-creer-une-entreprise\/#primaryimage\",\"url\":\"https:\/\/www.legalvision.fr\/guides-juridiques\/wp-content\/uploads\/2020\/12\/pexels-afta-putta-gunawan-1250346-1.jpg\",\"contentUrl\":\"https:\/\/www.legalvision.fr\/guides-juridiques\/wp-content\/uploads\/2020\/12\/pexels-afta-putta-gunawan-1250346-1.jpg\",\"width\":958,\"height\":350,\"caption\":\"\u00e2ge id\u00e9al pour cr\u00e9er une entreprise\"},{\"@type\":\"BreadcrumbList\",\"@id\":\"https:\/\/www.legalvision.fr\/guides-juridiques\/creer-son-entreprise\/age-ideal-pour-creer-une-entreprise\/#breadcrumb\",\"itemListElement\":[{\"@type\":\"ListItem\",\"position\":1,\"name\":\"Accueil\",\"item\":\"https:\/\/www.legalvision.fr\/guides-juridiques\/\"},{\"@type\":\"ListItem\",\"position\":2,\"name\":\"Cr\u00e9er son entreprise\",\"item\":\"https:\/\/www.legalvision.fr\/guides-juridiques\/creer-son-entreprise\/\"},{\"@type\":\"ListItem\",\"position\":3,\"name\":\"\u00c2ge id\u00e9al pour cr\u00e9er une entreprise\"}]},{\"@type\":\"WebSite\",\"@id\":\"https:\/\/www.legalvision.fr\/guides-juridiques\/#website\",\"url\":\"https:\/\/www.legalvision.fr\/guides-juridiques\/\",\"name\":\"Guides juridiques\",\"description\":\"L&#039;information juridique \u00e0 destination des entreprises et TPE\",\"publisher\":{\"@id\":\"https:\/\/www.legalvision.fr\/guides-juridiques\/#organization\"},\"potentialAction\":[{\"@type\":\"SearchAction\",\"target\":{\"@type\":\"EntryPoint\",\"urlTemplate\":\"https:\/\/www.legalvision.fr\/guides-juridiques\/?s={search_term_string}\"},\"query-input\":{\"@type\":\"PropertyValueSpecification\",\"valueRequired\":true,\"valueName\":\"search_term_string\"}}],\"inLanguage\":\"fr-FR\"},{\"@type\":\"Organization\",\"@id\":\"https:\/\/www.legalvision.fr\/guides-juridiques\/#organization\",\"name\":\"Guides juridiques\",\"url\":\"https:\/\/www.legalvision.fr\/guides-juridiques\/\",\"logo\":{\"@type\":\"ImageObject\",\"inLanguage\":\"fr-FR\",\"@id\":\"https:\/\/www.legalvision.fr\/guides-juridiques\/#\/schema\/logo\/image\/\",\"url\":\"https:\/\/www.legalvision.fr\/guides-juridiques\/wp-content\/uploads\/2022\/10\/LV-Logotype.png\",\"contentUrl\":\"https:\/\/www.legalvision.fr\/guides-juridiques\/wp-content\/uploads\/2022\/10\/LV-Logotype.png\",\"width\":647,\"height\":125,\"caption\":\"Guides juridiques\"},\"image\":{\"@id\":\"https:\/\/www.legalvision.fr\/guides-juridiques\/#\/schema\/logo\/image\/\"}},{\"@type\":\"Person\",\"@id\":\"https:\/\/www.legalvision.fr\/guides-juridiques\/#\/schema\/person\/f05b9a094c5fc94a9deb09299985db54\",\"name\":\"Vania Ranaivoarisoa\",\"image\":{\"@type\":\"ImageObject\",\"inLanguage\":\"fr-FR\",\"@id\":\"https:\/\/www.legalvision.fr\/guides-juridiques\/#\/schema\/person\/image\/\",\"url\":\"https:\/\/www.legalvision.fr\/guides-juridiques\/wp-content\/uploads\/2023\/07\/Femm21-96x96.png\",\"contentUrl\":\"https:\/\/www.legalvision.fr\/guides-juridiques\/wp-content\/uploads\/2023\/07\/Femm21-96x96.png\",\"caption\":\"Vania Ranaivoarisoa\"},\"description\":\"Juriste dipl\u00f4m\u00e9e en Master 2. Vania r\u00e9dige sous la direction de Lo\u00efc Le Goas, Avocat et Pr\u00e9sident de Legalvision.\",\"url\":\"https:\/\/www.legalvision.fr\/guides-juridiques\/author\/vania\/\"}]}<\/script>\n<!-- \/ Yoast SEO plugin. -->","yoast_head_json":{"title":"\u00c2ge id\u00e9al pour cr\u00e9er une entreprise - Guides juridiques","description":"Existe-t-il un \u00e2ge id\u00e9al pour cr\u00e9er une entreprise\u2009? Telle est la question que se pose bien souvent ceux qui souhaitent se lancer dans l\u2019entrepreneuriat.","robots":{"index":"index","follow":"follow","max-snippet":"max-snippet:-1","max-image-preview":"max-image-preview:large","max-video-preview":"max-video-preview:-1"},"canonical":"https:\/\/www.legalvision.fr\/guides-juridiques\/creer-son-entreprise\/age-ideal-pour-creer-une-entreprise\/","og_locale":"fr_FR","og_type":"article","og_title":"\u00c2ge id\u00e9al pour cr\u00e9er une entreprise - Guides juridiques","og_description":"Existe-t-il un \u00e2ge id\u00e9al pour cr\u00e9er une entreprise\u2009? Telle est la question que se pose bien souvent ceux qui souhaitent se lancer dans l\u2019entrepreneuriat.","og_url":"https:\/\/www.legalvision.fr\/guides-juridiques\/creer-son-entreprise\/age-ideal-pour-creer-une-entreprise\/","og_site_name":"Guides juridiques","article_published_time":"2020-12-15T16:05:59+00:00","article_modified_time":"2022-03-27T19:20:38+00:00","og_image":[{"width":958,"height":350,"url":"https:\/\/www.legalvision.fr\/guides-juridiques\/wp-content\/uploads\/2020\/12\/pexels-afta-putta-gunawan-1250346-1.jpg","type":"image\/jpeg"}],"author":"Vania Ranaivoarisoa","twitter_card":"summary_large_image","twitter_misc":{"\u00c9crit par":"Vania Ranaivoarisoa","Dur\u00e9e de lecture estim\u00e9e":"6 minutes"},"schema":{"@context":"https:\/\/schema.org","@graph":[{"@type":"Article","@id":"https:\/\/www.legalvision.fr\/guides-juridiques\/creer-son-entreprise\/age-ideal-pour-creer-une-entreprise\/#article","isPartOf":{"@id":"https:\/\/www.legalvision.fr\/guides-juridiques\/creer-son-entreprise\/age-ideal-pour-creer-une-entreprise\/"},"author":{"name":"Vania Ranaivoarisoa","@id":"https:\/\/www.legalvision.fr\/guides-juridiques\/#\/schema\/person\/f05b9a094c5fc94a9deb09299985db54"},"headline":"\u00c2ge id\u00e9al pour cr\u00e9er une entreprise","datePublished":"2020-12-15T16:05:59+00:00","dateModified":"2022-03-27T19:20:38+00:00","mainEntityOfPage":{"@id":"https:\/\/www.legalvision.fr\/guides-juridiques\/creer-son-entreprise\/age-ideal-pour-creer-une-entreprise\/"},"wordCount":1163,"publisher":{"@id":"https:\/\/www.legalvision.fr\/guides-juridiques\/#organization"},"image":{"@id":"https:\/\/www.legalvision.fr\/guides-juridiques\/creer-son-entreprise\/age-ideal-pour-creer-une-entreprise\/#primaryimage"},"thumbnailUrl":"https:\/\/www.legalvision.fr\/guides-juridiques\/wp-content\/uploads\/2020\/12\/pexels-afta-putta-gunawan-1250346-1.jpg","articleSection":["Cr\u00e9er son entreprise"],"inLanguage":"fr-FR"},{"@type":"WebPage","@id":"https:\/\/www.legalvision.fr\/guides-juridiques\/creer-son-entreprise\/age-ideal-pour-creer-une-entreprise\/","url":"https:\/\/www.legalvision.fr\/guides-juridiques\/creer-son-entreprise\/age-ideal-pour-creer-une-entreprise\/","name":"\u00c2ge id\u00e9al pour cr\u00e9er une entreprise - Guides juridiques","isPartOf":{"@id":"https:\/\/www.legalvision.fr\/guides-juridiques\/#website"},"primaryImageOfPage":{"@id":"https:\/\/www.legalvision.fr\/guides-juridiques\/creer-son-entreprise\/age-ideal-pour-creer-une-entreprise\/#primaryimage"},"image":{"@id":"https:\/\/www.legalvision.fr\/guides-juridiques\/creer-son-entreprise\/age-ideal-pour-creer-une-entreprise\/#primaryimage"},"thumbnailUrl":"https:\/\/www.legalvision.fr\/guides-juridiques\/wp-content\/uploads\/2020\/12\/pexels-afta-putta-gunawan-1250346-1.jpg","datePublished":"2020-12-15T16:05:59+00:00","dateModified":"2022-03-27T19:20:38+00:00","description":"Existe-t-il un \u00e2ge id\u00e9al pour cr\u00e9er une entreprise\u2009? Telle est la question que se pose bien souvent ceux qui souhaitent se lancer dans l\u2019entrepreneuriat.","breadcrumb":{"@id":"https:\/\/www.legalvision.fr\/guides-juridiques\/creer-son-entreprise\/age-ideal-pour-creer-une-entreprise\/#breadcrumb"},"inLanguage":"fr-FR","potentialAction":[{"@type":"ReadAction","target":["https:\/\/www.legalvision.fr\/guides-juridiques\/creer-son-entreprise\/age-ideal-pour-creer-une-entreprise\/"]}]},{"@type":"ImageObject","inLanguage":"fr-FR","@id":"https:\/\/www.legalvision.fr\/guides-juridiques\/creer-son-entreprise\/age-ideal-pour-creer-une-entreprise\/#primaryimage","url":"https:\/\/www.legalvision.fr\/guides-juridiques\/wp-content\/uploads\/2020\/12\/pexels-afta-putta-gunawan-1250346-1.jpg","contentUrl":"https:\/\/www.legalvision.fr\/guides-juridiques\/wp-content\/uploads\/2020\/12\/pexels-afta-putta-gunawan-1250346-1.jpg","width":958,"height":350,"caption":"\u00e2ge id\u00e9al pour cr\u00e9er une entreprise"},{"@type":"BreadcrumbList","@id":"https:\/\/www.legalvision.fr\/guides-juridiques\/creer-son-entreprise\/age-ideal-pour-creer-une-entreprise\/#breadcrumb","itemListElement":[{"@type":"ListItem","position":1,"name":"Accueil","item":"https:\/\/www.legalvision.fr\/guides-juridiques\/"},{"@type":"ListItem","position":2,"name":"Cr\u00e9er son entreprise","item":"https:\/\/www.legalvision.fr\/guides-juridiques\/creer-son-entreprise\/"},{"@type":"ListItem","position":3,"name":"\u00c2ge id\u00e9al pour cr\u00e9er une entreprise"}]},{"@type":"WebSite","@id":"https:\/\/www.legalvision.fr\/guides-juridiques\/#website","url":"https:\/\/www.legalvision.fr\/guides-juridiques\/","name":"Guides juridiques","description":"L&#039;information juridique \u00e0 destination des entreprises et TPE","publisher":{"@id":"https:\/\/www.legalvision.fr\/guides-juridiques\/#organization"},"potentialAction":[{"@type":"SearchAction","target":{"@type":"EntryPoint","urlTemplate":"https:\/\/www.legalvision.fr\/guides-juridiques\/?s={search_term_string}"},"query-input":{"@type":"PropertyValueSpecification","valueRequired":true,"valueName":"search_term_string"}}],"inLanguage":"fr-FR"},{"@type":"Organization","@id":"https:\/\/www.legalvision.fr\/guides-juridiques\/#organization","name":"Guides juridiques","url":"https:\/\/www.legalvision.fr\/guides-juridiques\/","logo":{"@type":"ImageObject","inLanguage":"fr-FR","@id":"https:\/\/www.legalvision.fr\/guides-juridiques\/#\/schema\/logo\/image\/","url":"https:\/\/www.legalvision.fr\/guides-juridiques\/wp-content\/uploads\/2022\/10\/LV-Logotype.png","contentUrl":"https:\/\/www.legalvision.fr\/guides-juridiques\/wp-content\/uploads\/2022\/10\/LV-Logotype.png","width":647,"height":125,"caption":"Guides juridiques"},"image":{"@id":"https:\/\/www.legalvision.fr\/guides-juridiques\/#\/schema\/logo\/image\/"}},{"@type":"Person","@id":"https:\/\/www.legalvision.fr\/guides-juridiques\/#\/schema\/person\/f05b9a094c5fc94a9deb09299985db54","name":"Vania Ranaivoarisoa","image":{"@type":"ImageObject","inLanguage":"fr-FR","@id":"https:\/\/www.legalvision.fr\/guides-juridiques\/#\/schema\/person\/image\/","url":"https:\/\/www.legalvision.fr\/guides-juridiques\/wp-content\/uploads\/2023\/07\/Femm21-96x96.png","contentUrl":"https:\/\/www.legalvision.fr\/guides-juridiques\/wp-content\/uploads\/2023\/07\/Femm21-96x96.png","caption":"Vania Ranaivoarisoa"},"description":"Juriste dipl\u00f4m\u00e9e en Master 2. Vania r\u00e9dige sous la direction de Lo\u00efc Le Goas, Avocat et Pr\u00e9sident de Legalvision.","url":"https:\/\/www.legalvision.fr\/guides-juridiques\/author\/vania\/"}]}},"_links":{"self":[{"href":"https:\/\/www.legalvision.fr\/guides-juridiques\/wp-json\/wp\/v2\/posts\/34992","targetHints":{"allow":["GET"]}}],"collection":[{"href":"https:\/\/www.legalvision.fr\/guides-juridiques\/wp-json\/wp\/v2\/posts"}],"about":[{"href":"https:\/\/www.legalvision.fr\/guides-juridiques\/wp-json\/wp\/v2\/types\/post"}],"author":[{"embeddable":true,"href":"https:\/\/www.legalvision.fr\/guides-juridiques\/wp-json\/wp\/v2\/users\/47"}],"replies":[{"embeddable":true,"href":"https:\/\/www.legalvision.fr\/guides-juridiques\/wp-json\/wp\/v2\/comments?post=34992"}],"version-history":[{"count":0,"href":"https:\/\/www.legalvision.fr\/guides-juridiques\/wp-json\/wp\/v2\/posts\/34992\/revisions"}],"wp:featuredmedia":[{"embeddable":true,"href":"https:\/\/www.legalvision.fr\/guides-juridiques\/wp-json\/wp\/v2\/media\/35063"}],"wp:attachment":[{"href":"https:\/\/www.legalvision.fr\/guides-juridiques\/wp-json\/wp\/v2\/media?parent=34992"}],"wp:term":[{"taxonomy":"category","embeddable":true,"href":"https:\/\/www.legalvision.fr\/guides-juridiques\/wp-json\/wp\/v2\/categories?post=34992"},{"taxonomy":"post_tag","embeddable":true,"href":"https:\/\/www.legalvision.fr\/guides-juridiques\/wp-json\/wp\/v2\/tags?post=34992"}],"curies":[{"name":"wp","href":"https:\/\/api.w.org\/{rel}","templated":true}]}}