{"id":3469,"date":"2018-05-15T07:30:44","date_gmt":"2018-05-15T06:30:44","guid":{"rendered":"https:\/\/blog.legalvision.fr\/?p=3469"},"modified":"2022-03-27T21:21:10","modified_gmt":"2022-03-27T19:21:10","slug":"charges-sasu","status":"publish","type":"post","link":"https:\/\/www.legalvision.fr\/guides-juridiques\/sasu\/charges-sasu\/","title":{"rendered":"Les charges SASU sur le salaire du pr\u00e9sident"},"content":{"rendered":"<p><html><body><\/p>\n<p>La <a href=\"https:\/\/www.legalvision.fr\/creation-dentreprise\/creer-une-sasu\/\" target=\"_blank\" rel=\"noopener noreferrer\">SASU<\/a> est l&rsquo;une des formes juridiques les plus pl\u00e9biscit\u00e9es. En effet, on argue ais\u00e9ment de sa souplesse, ou encore de l&rsquo;<a href=\"https:\/\/www.legifrance.gouv.fr\/affichCodeArticle.do?idArticle=LEGIARTI000029961497&amp;cidTexte=LEGITEXT000006073189\" target=\"_blank\" rel=\"noopener noreferrer\">assimilation du pr\u00e9sident de SASU \u00e0 un salari\u00e9<\/a>. Toutefois, cette soci\u00e9t\u00e9 implique \u00e9galement quelques difficult\u00e9s, notamment quand il s&rsquo;agit de d\u00e9terminer les charges SASU dont il faut s&rsquo;acquitter.<\/p>\n<p>Mais alors, quelles sont les charges d&rsquo;une SASU ? Quelle est leur assiette ? Quel est leur taux ?\u00a0Il convient de r\u00e9pondre \u00e0 toutes ces questions avant de parvenir \u00e0 calculer les charges d&rsquo;une SASU, notamment d\u00e8s lors que son pr\u00e9sident est r\u00e9mun\u00e9r\u00e9.<\/p>\n<p>Dans cet article, LegalVision met \u00e0 votre service son expertise juridique pour vous aider \u00e0 tout comprendre sur ce sujet. Vous trouverez ci-dessous un r\u00e9sum\u00e9 des points essentiels \u00e0 retenir :<\/p>\n<p><a href=\"#1\">I\/ Les charges patronales et salariales de la SASU<\/a><br \/>\n<a href=\"#2\">II\/ Les charges d&rsquo;imposition de la SASU<\/a><br \/>\n<a href=\"#3\">III\/ Les charges sur les dividendes de la SASU<\/a>\n<\/p>\n<h2 id=\"1\">I\/ Les charges patronales et salariales de la SASU<\/h2>\n<p>Les <b>charges d&rsquo;une SASU<\/b> int\u00e9ressent particuli\u00e8rement la situation de l&rsquo;associ\u00e9-unique exer\u00e7ant la fonction de pr\u00e9sident. En effet, le pr\u00e9sident de SASU est assimil\u00e9 \u00e0 un salari\u00e9, et est donc soumis au r\u00e9gime g\u00e9n\u00e9ral de la s\u00e9curit\u00e9 sociale. Il lui appartiendra donc de s&rsquo;acquitter de charges salariales et patronales. La seule particularit\u00e9 rel\u00e8vera de ce qu&rsquo;il ne cotise pas \u00e0 l&rsquo;assurance ch\u00f4mage.<\/p>\n<p>En outre, il convient de noter qu&rsquo;il est possible d&rsquo;obtenir des exon\u00e9rations de charges sociales dans le cadre de l&rsquo;ACCRE. En effet, ce dispositif permet d&rsquo;obtenir un <b>all\u00e8gement, voire une exon\u00e9ration, des charges sociales SASU<\/b>. Ainsi, l&rsquo;ACCRE permet d\u2019\u00e9chapper pendant 12 mois au paiement d&rsquo;une certaine partie des charges sociales dues au titre des fonctions de dirigeant d&rsquo;une SASU. En effet, l&rsquo;<a href=\"https:\/\/blog.legalvision.fr\/2018\/02\/01\/extension-du-dispositif-accre\/\" target=\"_blank\" rel=\"noopener noreferrer\">ACCRE<\/a> exon\u00e8re des charges sociales et patronales suivantes :<\/p>\n<ul>\n<li>Les allocations familiales ;<\/li>\n<li>La cotisation au r\u00e9gime de retraite de base ;<\/li>\n<li>Les cotisations maladie-maternit\u00e9.<\/li>\n<\/ul>\n<p>Encore, le pr\u00e9sident de la SASU \u00e9tant assimil\u00e9 \u00e0 un salari\u00e9, il ne sera n\u00e9cessaire de s&rsquo;acquitter de charges sociales que s&rsquo;il re\u00e7oit un salaire. Ainsi, il suffit de ne pas se verser de salaire au titre des fonctions de pr\u00e9sident de la SASU pour ne pas avoir \u00e0 s&rsquo;acquitter des cotisations sociales.<\/p>\n<h3>A) Les charges SASU vers\u00e9es \u00e0 l&rsquo;URSSAF<\/h3>\n<h4>1- La CSG-CRDS<\/h4>\n<p>La CSG et la CRDS sont des cotisations salariales. Encore,\u00a0il convient de noter que les taux de la CSG et la CRDS s&rsquo;appliquent sur une assiette de 98,25% du montant du salaire brut du pr\u00e9sident de SASU. Ainsi, si son salaire brut est de 2000 euros, ces taxes ne s&rsquo;appliqueront que sur 19650 euros.<\/p>\n<p>Le taux global de la CSG-CRDS est de 9,70%. Toutefois, il convient de noter que la CSG se divise en deux taux. En effet, une\u00a0part de\u00a0la CSG au taux de 6,80% est d\u00e9ductible de l&rsquo;imp\u00f4t sur le revenu (IR). \u00c0 l&rsquo;inverse, la part de CSG au taux de 2,80% n&rsquo;est pas d\u00e9ductible, de m\u00eame que la CRDS au taux de 0,50%.<\/p>\n<p>Ainsi, pour un salaire brut de 20000 euros il faudra s&rsquo;acquitter de 1906,05 euros de CSG et CRDS.<\/p>\n<h4>2- L&rsquo;assurance maladie-maternit\u00e9<\/h4>\n<p>L&rsquo;assurance maladie est une charge patronale. Ainsi, il appartiendra \u00e0 l&#8217;employeur de s&rsquo;acquitter de cette cotisation au taux de 13%. En outre, la cotisation d&rsquo;assurance maladie est calcul\u00e9e sur l&rsquo;assiette de la totalit\u00e9 du salaire.<\/p>\n<p>Ainsi, pour un salaire brut de 20000 euros, il conviendra de s&rsquo;acquitter de 2600 euros de cotisations patronales.<\/p>\n<h4>3- Les allocations familiales<\/h4>\n<p>Les allocations familiales donnent lieu au versement d&rsquo;une cotisation patronale calcul\u00e9e sur l&rsquo;assiette de la totalit\u00e9 du salaire brut. En effet, il conviendra d&rsquo;appliquer un taux de 5,25% au salaire brut du pr\u00e9sident de la SASU.<\/p>\n<p>Ainsi, pour un salaire brut de 20000 euros, il conviendra de s&rsquo;acquitter de\u00a01050 euros de cotisations patronales au titre des allocations familiales.<\/p>\n<h4>4- La contribution solidarit\u00e9 autonomie<\/h4>\n<p>Cette contribution constitue une charge patronale. A nouveau, son assiette est la totalit\u00e9 du salaire ; son taux est de 0,30%.<\/p>\n<p>Ainsi, pour un salaire brut de 20000 euros, il conviendra de s&rsquo;acquitter de 60 euros de cotisations patronales au titre de la contribution solidarit\u00e9 autonomie.<\/p>\n<h4>5\/ L&rsquo;assurance vieillesse d\u00e9plafonn\u00e9e<\/h4>\n<p>L&rsquo;assurance vieillesse regroupe les cotisations dues par l&#8217;employeur et le salari\u00e9 au titre du r\u00e9gime des retraites. Ainsi, il conviendra d&rsquo;appliquer un taux\u00a0global de 2,30% \u00e0 l&rsquo;assiette de la r\u00e9mun\u00e9ration du pr\u00e9sident de SASU.<\/p>\n<p>Ainsi, si le salaire brut du pr\u00e9sident de SASU est de 20000 euros, il devra s&rsquo;acquitter d&rsquo;un total de 460 euros au titre de l&rsquo;assurance vieillesse d\u00e9plafonn\u00e9e.<\/p>\n<h4>6- L&rsquo;assurance vieillesse plafonn\u00e9e<\/h4>\n<p>L&rsquo;assurance vieillesse plafonn\u00e9e implique l&rsquo;application d&rsquo;un taux global de 15,45%. Toutefois, ce taux ne s&rsquo;applique qu&rsquo;\u00e0 la partie du salaire brut du pr\u00e9sident de SASU inf\u00e9rieure \u00e0 3311 euros.<\/p>\n<p>Ainsi, pour un salaire brut de 20000 euros, la cotisation d&rsquo;assurance vieille plafonn\u00e9e ne s&rsquo;appliquera que sur 3311 euros, et donnera lieu au versement d&rsquo;une cotisation d&rsquo;un montant de 511,55 euros. En outre, si le montant du salaire brut est inf\u00e9rieur au plafond de 3311 euros, alors le taux de la cotisation s&rsquo;appliquera sur l&rsquo;assiette compl\u00e8te de la r\u00e9mun\u00e9ration.<\/p>\n<h4>7- Les cotisations au titre des accidents de travail<\/h4>\n<p>Les charges dues par l&#8217;employeur au titre des accidents de travail n&rsquo;ont pas de taux d\u00e9fini. En effet, elles seront fonction de l&rsquo;entreprise et de l&rsquo;activit\u00e9 exerc\u00e9e par celle-ci.<\/p>\n<h4>8- L&rsquo;aide au logement (FNAL)<\/h4>\n<p>L&#8217;employeur doit s&rsquo;acquitter d&rsquo;une cotisation sociale \u00e0 un taux de 0,10% calcul\u00e9e sur une assiette plafonn\u00e9e \u00e0 3311 euros. Toutefois, ce taux passe \u00e0 0,50% d\u00e8s lors que la SASU comprend au moins 20 salari\u00e9s, et elle s&rsquo;appliquera alors \u00e0 l&rsquo;assiette du salaire brut.<\/p>\n<p>Ainsi, pour un salaire brut de 20000 euros, le montant de la cotisation patronale au titre de l&rsquo;aide au logement sera de :<\/p>\n<ul>\n<li>3,31 euros pour une SASU ayant moins de 20 salari\u00e9s ;<\/li>\n<li>100 euros pour une SASU embauchant au moins 20 salari\u00e9s.<\/li>\n<\/ul>\n<h3>B) Les charges SASU de retraites compl\u00e9mentaires<\/h3>\n<h4>1- Les charges SASU pour la retraite compl\u00e9mentaire des cadres<\/h4>\n<h5>a. La cotisation APEC<\/h5>\n<p>La cotisation APEC implique un<b> taux de 0.06%<\/b>, dont 0,036% correspond \u00e0 une cotisation patronale, et 0,024% \u00e0 une cotisation salariale. En outre, cette cotisation sociale s&rsquo;applique sur la totalit\u00e9 du salaire, mais dans la limite d&rsquo;une assiette de 13224\u00a0euros.<\/p>\n<p>Ainsi, pour un salaire brut de 20000 euros, il conviendra de s&rsquo;acquitter d&rsquo;une cotisation APEC d&rsquo;un montant de\u00a07,93 euros.<\/p>\n<h5>b. La retraite compl\u00e9mentaire des cadres<\/h5>\n<p>Le taux des cotisations salariales et patronales au titre de la retraite compl\u00e9mentaire des cadres d\u00e9pendra de diverses tranches de revenus. Ainsi :<\/p>\n<ul>\n<li>Un taux global de 7,75% s&rsquo;appliquera \u00e0 la tranche des revenus inf\u00e9rieurs \u00e0 3311 euros ;<\/li>\n<li>Un taux global de 20,55% s&rsquo;appliquera \u00e0 la tranche de revenus compris entre 3311 et 13244 euros ;<\/li>\n<li>\u00c0 nouveau, un taux global de 20,55% s&rsquo;appliquera \u00e0 la tranche de revenus entre\u00a013244 et 26448 euros.<\/li>\n<\/ul>\n<p>En outre, une cotisation au taux global de 2,20% s&rsquo;appliquera \u00e0 la tranche de revenus entre 3311 et 26448 euros au titre de l&rsquo;AGFF.<\/p>\n<p>Ainsi, pour un salaire brut de 20000 euros, il conviendra de s&rsquo;acquitter de\u00a04053,35 euros de cotisations.<\/p>\n<h4>2- Les charges SASU pour la retraite compl\u00e9mentaire des non cadres<\/h4>\n<p>Le taux global des charges patronales et salariales d\u00e9pendra du montant de la r\u00e9mun\u00e9ration brute. Ainsi :<\/p>\n<ul>\n<li>Un taux global de 7.75% s&rsquo;appliquera \u00e0 la tranche des revenus inf\u00e9rieurs \u00e0 3311 euros ;<\/li>\n<li>Encore, un taux global de 2% s&rsquo;appliquera \u00e0 cette m\u00eame tranche au titre de l&rsquo;AGFF ;<\/li>\n<li>Un taux global de 20,25% s&rsquo;appliquera \u00e0 la tranche des revenus compris entre 3311 et 9933 euros ;<\/li>\n<li>De m\u00eame, un taux global de 2,2% s&rsquo;appliquera \u00e0 cette m\u00eame tranche au titre de l&rsquo;AGFF.<\/li>\n<\/ul>\n<p>Ainsi, pour un salaire brut de 20000 euros, il conviendra de s&rsquo;acquitter de\u00a01809,45 euros de cotisations.<\/p>\n<h3>C) Les charges SASU de taxes et participations<\/h3>\n<h4>1- Les charges SASU pour la formation professionnelle continue<\/h4>\n<p>Une taxe\u00a0patronale de formation professionnelle \u00e0 un taux de 0,55% s&rsquo;applique sur l&rsquo;assiette de l&rsquo;ensemble du salaire du pr\u00e9sident. En outre, il convient de noter que cette taxe passe \u00e0 un taux de 1% d\u00e9s lors que la SASU embauche au moins 11 salari\u00e9s.<\/p>\n<p>Ainsi, pour un salaire brut de 20000 euros, le montant de la taxe patronale s&rsquo;\u00e9l\u00e8ve \u00e0 110 euros, ou 200 euros si la SASU comporte au moins 11 salari\u00e9s.<\/p>\n<h4>2- La taxe d&rsquo;apprentissage<\/h4>\n<p>Le versement d&rsquo;un salaire au pr\u00e9sident de la SASU devra donner lieu au paiement d&rsquo;une taxe patronale d&rsquo;apprentissage. Son taux est de 0,68%, et son assiette porte sur la totalit\u00e9 du salaire brut du pr\u00e9sident.<\/p>\n<p>Ainsi, pour un salaire brut de 20000 euros, le montant de la taxe d&rsquo;apprentissage s&rsquo;\u00e9l\u00e8vera \u00e0 136 euros.<\/p>\n<h2 id=\"2\">II\/ Les charges d&rsquo;imposition de la SASU<\/h2>\n<p>Outre les charges salariales et patronales, la SASU connait d&rsquo;autres charges. En effet, il convient de consid\u00e9rer l&rsquo;<a href=\"https:\/\/blog.legalvision.fr\/2018\/03\/28\/regime-fiscal-sasu\/\" target=\"_blank\" rel=\"noopener noreferrer\">impact\u00a0de la fiscalit\u00e9 sur les charges de la SASU<\/a>. Ainsi, la SASU est normalement soumise \u00e0 l&rsquo;imp\u00f4t sur les soci\u00e9t\u00e9s. Toutefois, il lui est possible d&rsquo;exercer une option pour l&rsquo;imp\u00f4t sur le revenu.<\/p>\n<p>Encore, les <b>charges SASU<\/b> impliquent \u00e9galement le paiement de la TVA.<\/p>\n<h2 id=\"3\">III\/ Les charges sur les dividendes de la SASU<\/h2>\n<p>Le <a href=\"https:\/\/blog.legalvision.fr\/2018\/03\/30\/dividendes-sasu\/\" target=\"_blank\" rel=\"noopener noreferrer\">traitement fiscal des dividendes<\/a> vers\u00e9s au pr\u00e9sident de la SASU est favorable. En effet, il peut pr\u00e9tendre \u00e0 la flat taxe au taux de 30%.<\/p>\n<p>En outre, le pr\u00e9sident de SASU peut d\u00e9cider de soumettre l&rsquo;imposition de ses dividendes au bar\u00e8me progressif de l&rsquo;IR. Dans un tel cas, il n&rsquo;aura qu&rsquo;\u00e0 s&rsquo;acquitter de pr\u00e9l\u00e8vements sociaux au taux de 17,20%, et b\u00e9n\u00e9ficiera d&rsquo;un abattement de 40% sur la valeur de ses dividendes imposables.<\/p>\n<p>Ainsi, il appara\u00eet que <a href=\"https:\/\/www.legalvision.fr\/creation-dentreprise\/creer-une-sasu\/\" target=\"_blank\" rel=\"noopener noreferrer\">cr\u00e9er une SASU<\/a> peut se montrer particuli\u00e8rement avantageux, notamment lorsque la r\u00e9mun\u00e9ration du pr\u00e9sident est principalement compos\u00e9e de dividendes.<\/p>\n<p>\u00a0<\/p>\n<p><\/body><\/html><!--tag_auto_button_lead_legalvision--><a href=\"https:\/\/www.legalvision.fr\/tous-les-services\/?utm_source=blog&#038;utm_campaign=charges-sasu\" class=\"tag_auto_button_lead_legalvision\"><button style=\"background-color:#32c3bf;width:100%;\">Cr\u00e9ez votre SASU en ligne !<\/button><\/a><!--tag_auto_button_lead_legalvision--><\/p>\n","protected":false},"excerpt":{"rendered":"<p>La SASU est l&rsquo;une des formes juridiques les plus pl\u00e9biscit\u00e9es. En effet, on argue ais\u00e9ment de sa souplesse, ou encore de l&rsquo;assimilation du pr\u00e9sident de SASU \u00e0 un salari\u00e9. Toutefois, cette soci\u00e9t\u00e9 implique \u00e9galement quelques difficult\u00e9s, notamment quand il s&rsquo;agit de d\u00e9terminer les charges SASU dont il faut s&rsquo;acquitter. Mais alors, quelles sont les charges&hellip; <a class=\"more-link\" href=\"https:\/\/www.legalvision.fr\/guides-juridiques\/sasu\/charges-sasu\/\">Poursuivre la lecture <span class=\"screen-reader-text\">Les charges SASU sur le salaire du pr\u00e9sident<\/span><\/a><\/p>\n","protected":false},"author":18,"featured_media":22251,"comment_status":"open","ping_status":"open","sticky":false,"template":"","format":"standard","meta":{"content-type":"","inline_featured_image":false,"footnotes":""},"categories":[2499],"tags":[],"class_list":["post-3469","post","type-post","status-publish","format-standard","has-post-thumbnail","hentry","category-sasu","entry"],"yoast_head":"<!-- This site is optimized with the Yoast SEO plugin v27.1.1 - https:\/\/yoast.com\/product\/yoast-seo-wordpress\/ -->\n<title>Le salaire du pr\u00e9sident et les charges SASU - LegalVision Blog<\/title>\n<meta name=\"description\" content=\"LegalVision vous informe sur les charges SASU afin de vous permettre de comprendre toutes les implications li\u00e9es au choix de cette forme juridique.\" \/>\n<meta name=\"robots\" content=\"index, follow, max-snippet:-1, max-image-preview:large, max-video-preview:-1\" \/>\n<link rel=\"canonical\" href=\"https:\/\/www.legalvision.fr\/guides-juridiques\/sasu\/charges-sasu\/\" \/>\n<meta property=\"og:locale\" content=\"fr_FR\" \/>\n<meta property=\"og:type\" content=\"article\" \/>\n<meta property=\"og:title\" content=\"Le salaire du pr\u00e9sident et les charges SASU - LegalVision Blog\" \/>\n<meta property=\"og:description\" content=\"LegalVision vous informe sur les charges SASU afin de vous permettre de comprendre toutes les implications li\u00e9es au choix de cette forme juridique.\" \/>\n<meta property=\"og:url\" content=\"https:\/\/www.legalvision.fr\/guides-juridiques\/sasu\/charges-sasu\/\" \/>\n<meta property=\"og:site_name\" content=\"Guides juridiques\" \/>\n<meta property=\"article:published_time\" content=\"2018-05-15T06:30:44+00:00\" \/>\n<meta property=\"article:modified_time\" content=\"2022-03-27T19:21:10+00:00\" \/>\n<meta property=\"og:image\" content=\"https:\/\/www.legalvision.fr\/guides-juridiques\/wp-content\/uploads\/2018\/05\/Charges-SASU-min.jpg\" \/>\n\t<meta property=\"og:image:width\" content=\"958\" \/>\n\t<meta property=\"og:image:height\" content=\"350\" \/>\n\t<meta property=\"og:image:type\" content=\"image\/jpeg\" \/>\n<meta name=\"author\" content=\"Valentin Giandomenico\" \/>\n<meta name=\"twitter:card\" content=\"summary_large_image\" \/>\n<meta name=\"twitter:label1\" content=\"\u00c9crit par\" \/>\n\t<meta name=\"twitter:data1\" content=\"Valentin Giandomenico\" \/>\n\t<meta name=\"twitter:label2\" content=\"Dur\u00e9e de lecture estim\u00e9e\" \/>\n\t<meta name=\"twitter:data2\" content=\"8 minutes\" \/>\n<script type=\"application\/ld+json\" class=\"yoast-schema-graph\">{\"@context\":\"https:\/\/schema.org\",\"@graph\":[{\"@type\":\"Article\",\"@id\":\"https:\/\/www.legalvision.fr\/guides-juridiques\/sasu\/charges-sasu\/#article\",\"isPartOf\":{\"@id\":\"https:\/\/www.legalvision.fr\/guides-juridiques\/sasu\/charges-sasu\/\"},\"author\":{\"name\":\"Valentin Giandomenico\",\"@id\":\"https:\/\/www.legalvision.fr\/guides-juridiques\/#\/schema\/person\/67f95ffb60649ed460d4778154ac2031\"},\"headline\":\"Les charges SASU sur le salaire du pr\u00e9sident\",\"datePublished\":\"2018-05-15T06:30:44+00:00\",\"dateModified\":\"2022-03-27T19:21:10+00:00\",\"mainEntityOfPage\":{\"@id\":\"https:\/\/www.legalvision.fr\/guides-juridiques\/sasu\/charges-sasu\/\"},\"wordCount\":1706,\"commentCount\":5,\"publisher\":{\"@id\":\"https:\/\/www.legalvision.fr\/guides-juridiques\/#organization\"},\"image\":{\"@id\":\"https:\/\/www.legalvision.fr\/guides-juridiques\/sasu\/charges-sasu\/#primaryimage\"},\"thumbnailUrl\":\"https:\/\/www.legalvision.fr\/guides-juridiques\/wp-content\/uploads\/2018\/05\/Charges-SASU-min.jpg\",\"articleSection\":[\"SASU\"],\"inLanguage\":\"fr-FR\",\"potentialAction\":[{\"@type\":\"CommentAction\",\"name\":\"Comment\",\"target\":[\"https:\/\/www.legalvision.fr\/guides-juridiques\/sasu\/charges-sasu\/#respond\"]}]},{\"@type\":\"WebPage\",\"@id\":\"https:\/\/www.legalvision.fr\/guides-juridiques\/sasu\/charges-sasu\/\",\"url\":\"https:\/\/www.legalvision.fr\/guides-juridiques\/sasu\/charges-sasu\/\",\"name\":\"Le salaire du pr\u00e9sident et les charges SASU - LegalVision Blog\",\"isPartOf\":{\"@id\":\"https:\/\/www.legalvision.fr\/guides-juridiques\/#website\"},\"primaryImageOfPage\":{\"@id\":\"https:\/\/www.legalvision.fr\/guides-juridiques\/sasu\/charges-sasu\/#primaryimage\"},\"image\":{\"@id\":\"https:\/\/www.legalvision.fr\/guides-juridiques\/sasu\/charges-sasu\/#primaryimage\"},\"thumbnailUrl\":\"https:\/\/www.legalvision.fr\/guides-juridiques\/wp-content\/uploads\/2018\/05\/Charges-SASU-min.jpg\",\"datePublished\":\"2018-05-15T06:30:44+00:00\",\"dateModified\":\"2022-03-27T19:21:10+00:00\",\"description\":\"LegalVision vous informe sur les charges SASU afin de vous permettre de comprendre toutes les implications li\u00e9es au choix de cette forme juridique.\",\"breadcrumb\":{\"@id\":\"https:\/\/www.legalvision.fr\/guides-juridiques\/sasu\/charges-sasu\/#breadcrumb\"},\"inLanguage\":\"fr-FR\",\"potentialAction\":[{\"@type\":\"ReadAction\",\"target\":[\"https:\/\/www.legalvision.fr\/guides-juridiques\/sasu\/charges-sasu\/\"]}]},{\"@type\":\"ImageObject\",\"inLanguage\":\"fr-FR\",\"@id\":\"https:\/\/www.legalvision.fr\/guides-juridiques\/sasu\/charges-sasu\/#primaryimage\",\"url\":\"https:\/\/www.legalvision.fr\/guides-juridiques\/wp-content\/uploads\/2018\/05\/Charges-SASU-min.jpg\",\"contentUrl\":\"https:\/\/www.legalvision.fr\/guides-juridiques\/wp-content\/uploads\/2018\/05\/Charges-SASU-min.jpg\",\"width\":958,\"height\":350,\"caption\":\"Charges SASU\"},{\"@type\":\"BreadcrumbList\",\"@id\":\"https:\/\/www.legalvision.fr\/guides-juridiques\/sasu\/charges-sasu\/#breadcrumb\",\"itemListElement\":[{\"@type\":\"ListItem\",\"position\":1,\"name\":\"Accueil\",\"item\":\"https:\/\/www.legalvision.fr\/guides-juridiques\/\"},{\"@type\":\"ListItem\",\"position\":2,\"name\":\"SASU\",\"item\":\"https:\/\/www.legalvision.fr\/guides-juridiques\/sasu\/\"},{\"@type\":\"ListItem\",\"position\":3,\"name\":\"Les charges SASU sur le salaire du pr\u00e9sident\"}]},{\"@type\":\"WebSite\",\"@id\":\"https:\/\/www.legalvision.fr\/guides-juridiques\/#website\",\"url\":\"https:\/\/www.legalvision.fr\/guides-juridiques\/\",\"name\":\"Guides juridiques\",\"description\":\"L&#039;information juridique \u00e0 destination des entreprises et TPE\",\"publisher\":{\"@id\":\"https:\/\/www.legalvision.fr\/guides-juridiques\/#organization\"},\"potentialAction\":[{\"@type\":\"SearchAction\",\"target\":{\"@type\":\"EntryPoint\",\"urlTemplate\":\"https:\/\/www.legalvision.fr\/guides-juridiques\/?s={search_term_string}\"},\"query-input\":{\"@type\":\"PropertyValueSpecification\",\"valueRequired\":true,\"valueName\":\"search_term_string\"}}],\"inLanguage\":\"fr-FR\"},{\"@type\":\"Organization\",\"@id\":\"https:\/\/www.legalvision.fr\/guides-juridiques\/#organization\",\"name\":\"Guides juridiques\",\"url\":\"https:\/\/www.legalvision.fr\/guides-juridiques\/\",\"logo\":{\"@type\":\"ImageObject\",\"inLanguage\":\"fr-FR\",\"@id\":\"https:\/\/www.legalvision.fr\/guides-juridiques\/#\/schema\/logo\/image\/\",\"url\":\"https:\/\/www.legalvision.fr\/guides-juridiques\/wp-content\/uploads\/2022\/10\/LV-Logotype.png\",\"contentUrl\":\"https:\/\/www.legalvision.fr\/guides-juridiques\/wp-content\/uploads\/2022\/10\/LV-Logotype.png\",\"width\":647,\"height\":125,\"caption\":\"Guides juridiques\"},\"image\":{\"@id\":\"https:\/\/www.legalvision.fr\/guides-juridiques\/#\/schema\/logo\/image\/\"}},{\"@type\":\"Person\",\"@id\":\"https:\/\/www.legalvision.fr\/guides-juridiques\/#\/schema\/person\/67f95ffb60649ed460d4778154ac2031\",\"name\":\"Valentin Giandomenico\",\"image\":{\"@type\":\"ImageObject\",\"inLanguage\":\"fr-FR\",\"@id\":\"https:\/\/www.legalvision.fr\/guides-juridiques\/#\/schema\/person\/image\/\",\"url\":\"https:\/\/www.legalvision.fr\/guides-juridiques\/wp-content\/uploads\/2023\/07\/cropped-homme13-96x96.png\",\"contentUrl\":\"https:\/\/www.legalvision.fr\/guides-juridiques\/wp-content\/uploads\/2023\/07\/cropped-homme13-96x96.png\",\"caption\":\"Valentin Giandomenico\"},\"description\":\"Valentin est juriste au sein de LegalVision. Titulaire d'un M2 en droit des affaires, il s'int\u00e9resse tout particuli\u00e8rement au droit des soci\u00e9t\u00e9s.\",\"url\":\"https:\/\/www.legalvision.fr\/guides-juridiques\/author\/valentin1\/\"}]}<\/script>\n<!-- \/ Yoast SEO plugin. -->","yoast_head_json":{"title":"Le salaire du pr\u00e9sident et les charges SASU - LegalVision Blog","description":"LegalVision vous informe sur les charges SASU afin de vous permettre de comprendre toutes les implications li\u00e9es au choix de cette forme juridique.","robots":{"index":"index","follow":"follow","max-snippet":"max-snippet:-1","max-image-preview":"max-image-preview:large","max-video-preview":"max-video-preview:-1"},"canonical":"https:\/\/www.legalvision.fr\/guides-juridiques\/sasu\/charges-sasu\/","og_locale":"fr_FR","og_type":"article","og_title":"Le salaire du pr\u00e9sident et les charges SASU - LegalVision Blog","og_description":"LegalVision vous informe sur les charges SASU afin de vous permettre de comprendre toutes les implications li\u00e9es au choix de cette forme juridique.","og_url":"https:\/\/www.legalvision.fr\/guides-juridiques\/sasu\/charges-sasu\/","og_site_name":"Guides juridiques","article_published_time":"2018-05-15T06:30:44+00:00","article_modified_time":"2022-03-27T19:21:10+00:00","og_image":[{"width":958,"height":350,"url":"https:\/\/www.legalvision.fr\/guides-juridiques\/wp-content\/uploads\/2018\/05\/Charges-SASU-min.jpg","type":"image\/jpeg"}],"author":"Valentin Giandomenico","twitter_card":"summary_large_image","twitter_misc":{"\u00c9crit par":"Valentin Giandomenico","Dur\u00e9e de lecture estim\u00e9e":"8 minutes"},"schema":{"@context":"https:\/\/schema.org","@graph":[{"@type":"Article","@id":"https:\/\/www.legalvision.fr\/guides-juridiques\/sasu\/charges-sasu\/#article","isPartOf":{"@id":"https:\/\/www.legalvision.fr\/guides-juridiques\/sasu\/charges-sasu\/"},"author":{"name":"Valentin Giandomenico","@id":"https:\/\/www.legalvision.fr\/guides-juridiques\/#\/schema\/person\/67f95ffb60649ed460d4778154ac2031"},"headline":"Les charges SASU sur le salaire du pr\u00e9sident","datePublished":"2018-05-15T06:30:44+00:00","dateModified":"2022-03-27T19:21:10+00:00","mainEntityOfPage":{"@id":"https:\/\/www.legalvision.fr\/guides-juridiques\/sasu\/charges-sasu\/"},"wordCount":1706,"commentCount":5,"publisher":{"@id":"https:\/\/www.legalvision.fr\/guides-juridiques\/#organization"},"image":{"@id":"https:\/\/www.legalvision.fr\/guides-juridiques\/sasu\/charges-sasu\/#primaryimage"},"thumbnailUrl":"https:\/\/www.legalvision.fr\/guides-juridiques\/wp-content\/uploads\/2018\/05\/Charges-SASU-min.jpg","articleSection":["SASU"],"inLanguage":"fr-FR","potentialAction":[{"@type":"CommentAction","name":"Comment","target":["https:\/\/www.legalvision.fr\/guides-juridiques\/sasu\/charges-sasu\/#respond"]}]},{"@type":"WebPage","@id":"https:\/\/www.legalvision.fr\/guides-juridiques\/sasu\/charges-sasu\/","url":"https:\/\/www.legalvision.fr\/guides-juridiques\/sasu\/charges-sasu\/","name":"Le salaire du pr\u00e9sident et les charges SASU - LegalVision Blog","isPartOf":{"@id":"https:\/\/www.legalvision.fr\/guides-juridiques\/#website"},"primaryImageOfPage":{"@id":"https:\/\/www.legalvision.fr\/guides-juridiques\/sasu\/charges-sasu\/#primaryimage"},"image":{"@id":"https:\/\/www.legalvision.fr\/guides-juridiques\/sasu\/charges-sasu\/#primaryimage"},"thumbnailUrl":"https:\/\/www.legalvision.fr\/guides-juridiques\/wp-content\/uploads\/2018\/05\/Charges-SASU-min.jpg","datePublished":"2018-05-15T06:30:44+00:00","dateModified":"2022-03-27T19:21:10+00:00","description":"LegalVision vous informe sur les charges SASU afin de vous permettre de comprendre toutes les implications li\u00e9es au choix de cette forme juridique.","breadcrumb":{"@id":"https:\/\/www.legalvision.fr\/guides-juridiques\/sasu\/charges-sasu\/#breadcrumb"},"inLanguage":"fr-FR","potentialAction":[{"@type":"ReadAction","target":["https:\/\/www.legalvision.fr\/guides-juridiques\/sasu\/charges-sasu\/"]}]},{"@type":"ImageObject","inLanguage":"fr-FR","@id":"https:\/\/www.legalvision.fr\/guides-juridiques\/sasu\/charges-sasu\/#primaryimage","url":"https:\/\/www.legalvision.fr\/guides-juridiques\/wp-content\/uploads\/2018\/05\/Charges-SASU-min.jpg","contentUrl":"https:\/\/www.legalvision.fr\/guides-juridiques\/wp-content\/uploads\/2018\/05\/Charges-SASU-min.jpg","width":958,"height":350,"caption":"Charges SASU"},{"@type":"BreadcrumbList","@id":"https:\/\/www.legalvision.fr\/guides-juridiques\/sasu\/charges-sasu\/#breadcrumb","itemListElement":[{"@type":"ListItem","position":1,"name":"Accueil","item":"https:\/\/www.legalvision.fr\/guides-juridiques\/"},{"@type":"ListItem","position":2,"name":"SASU","item":"https:\/\/www.legalvision.fr\/guides-juridiques\/sasu\/"},{"@type":"ListItem","position":3,"name":"Les charges SASU sur le salaire du pr\u00e9sident"}]},{"@type":"WebSite","@id":"https:\/\/www.legalvision.fr\/guides-juridiques\/#website","url":"https:\/\/www.legalvision.fr\/guides-juridiques\/","name":"Guides juridiques","description":"L&#039;information juridique \u00e0 destination des entreprises et TPE","publisher":{"@id":"https:\/\/www.legalvision.fr\/guides-juridiques\/#organization"},"potentialAction":[{"@type":"SearchAction","target":{"@type":"EntryPoint","urlTemplate":"https:\/\/www.legalvision.fr\/guides-juridiques\/?s={search_term_string}"},"query-input":{"@type":"PropertyValueSpecification","valueRequired":true,"valueName":"search_term_string"}}],"inLanguage":"fr-FR"},{"@type":"Organization","@id":"https:\/\/www.legalvision.fr\/guides-juridiques\/#organization","name":"Guides juridiques","url":"https:\/\/www.legalvision.fr\/guides-juridiques\/","logo":{"@type":"ImageObject","inLanguage":"fr-FR","@id":"https:\/\/www.legalvision.fr\/guides-juridiques\/#\/schema\/logo\/image\/","url":"https:\/\/www.legalvision.fr\/guides-juridiques\/wp-content\/uploads\/2022\/10\/LV-Logotype.png","contentUrl":"https:\/\/www.legalvision.fr\/guides-juridiques\/wp-content\/uploads\/2022\/10\/LV-Logotype.png","width":647,"height":125,"caption":"Guides juridiques"},"image":{"@id":"https:\/\/www.legalvision.fr\/guides-juridiques\/#\/schema\/logo\/image\/"}},{"@type":"Person","@id":"https:\/\/www.legalvision.fr\/guides-juridiques\/#\/schema\/person\/67f95ffb60649ed460d4778154ac2031","name":"Valentin Giandomenico","image":{"@type":"ImageObject","inLanguage":"fr-FR","@id":"https:\/\/www.legalvision.fr\/guides-juridiques\/#\/schema\/person\/image\/","url":"https:\/\/www.legalvision.fr\/guides-juridiques\/wp-content\/uploads\/2023\/07\/cropped-homme13-96x96.png","contentUrl":"https:\/\/www.legalvision.fr\/guides-juridiques\/wp-content\/uploads\/2023\/07\/cropped-homme13-96x96.png","caption":"Valentin Giandomenico"},"description":"Valentin est juriste au sein de LegalVision. Titulaire d'un M2 en droit des affaires, il s'int\u00e9resse tout particuli\u00e8rement au droit des soci\u00e9t\u00e9s.","url":"https:\/\/www.legalvision.fr\/guides-juridiques\/author\/valentin1\/"}]}},"_links":{"self":[{"href":"https:\/\/www.legalvision.fr\/guides-juridiques\/wp-json\/wp\/v2\/posts\/3469","targetHints":{"allow":["GET"]}}],"collection":[{"href":"https:\/\/www.legalvision.fr\/guides-juridiques\/wp-json\/wp\/v2\/posts"}],"about":[{"href":"https:\/\/www.legalvision.fr\/guides-juridiques\/wp-json\/wp\/v2\/types\/post"}],"author":[{"embeddable":true,"href":"https:\/\/www.legalvision.fr\/guides-juridiques\/wp-json\/wp\/v2\/users\/18"}],"replies":[{"embeddable":true,"href":"https:\/\/www.legalvision.fr\/guides-juridiques\/wp-json\/wp\/v2\/comments?post=3469"}],"version-history":[{"count":0,"href":"https:\/\/www.legalvision.fr\/guides-juridiques\/wp-json\/wp\/v2\/posts\/3469\/revisions"}],"wp:featuredmedia":[{"embeddable":true,"href":"https:\/\/www.legalvision.fr\/guides-juridiques\/wp-json\/wp\/v2\/media\/22251"}],"wp:attachment":[{"href":"https:\/\/www.legalvision.fr\/guides-juridiques\/wp-json\/wp\/v2\/media?parent=3469"}],"wp:term":[{"taxonomy":"category","embeddable":true,"href":"https:\/\/www.legalvision.fr\/guides-juridiques\/wp-json\/wp\/v2\/categories?post=3469"},{"taxonomy":"post_tag","embeddable":true,"href":"https:\/\/www.legalvision.fr\/guides-juridiques\/wp-json\/wp\/v2\/tags?post=3469"}],"curies":[{"name":"wp","href":"https:\/\/api.w.org\/{rel}","templated":true}]}}