{"id":34210,"date":"2020-08-15T15:31:30","date_gmt":"2020-08-15T14:31:30","guid":{"rendered":"https:\/\/blog.legalvision.fr\/?p=34210"},"modified":"2022-03-27T21:20:40","modified_gmt":"2022-03-27T19:20:40","slug":"combien-coute-un-salarie","status":"publish","type":"post","link":"https:\/\/www.legalvision.fr\/guides-juridiques\/droit-du-travail\/combien-coute-un-salarie\/","title":{"rendered":"Combien co\u00fbte un salari\u00e9 ?"},"content":{"rendered":"<p>Avant de recruter, il faut se demander combien co\u00fbte un salari\u00e9?\u00a0 C\u2019est une \u00e9tape incontournable, car le salaire est une charge importante dans les d\u00e9penses obligatoires. Une entreprise doit savoir au pr\u00e9alable\u00a0le\u00a0co\u00fbt d&rsquo;un collaborateur suppl\u00e9mentaire. L&rsquo;\u00e9quipe de LegalVision vous r\u00e9pond dans cet article.<\/p>\n<p><a href=\"#1\">Composants de la r\u00e9mun\u00e9ration d\u2019un salari\u00e9<\/a><\/p>\n<p><a href=\"#2\">Les\u00a0\u00e9l\u00e9ments\u00a0pour savoir combien co\u00fbte un salari\u00e9<\/a><\/p>\n<p><a href=\"#3\">Dispositions sp\u00e9cifiques \u00e0 la r\u00e9duction Fillon<\/a><\/p>\n<p>&nbsp;<\/p>\n<div class=\"wp-block-button\" style=\"text-align:center;\"><a class=\"wp-block-button__link has-background\" href=\"https:\/\/www.legalvision.fr\/tous-les-services\/\">Voir les services LegalVision<\/a><\/div>\n<h2>Les composants de la r\u00e9mun\u00e9ration d\u2019un salari\u00e9<\/h2>\n<p>Avant de se demander combien co\u00fbte un salari\u00e9, il convient de savoir ce qu&rsquo;est un salaire. Plusieurs \u00e9l\u00e9ments composent le salaire d\u2019un employ\u00e9. Nous les d\u00e9taillerons, mais concentrons-nous d\u2019abord sur le r\u00e9gime juridique du salaire, un point essentiel si vous n\u2019avez pas de responsable des <strong>ressources humaines.<\/strong><\/p>\n<h3>R\u00e9gime juridique du salaire<\/h3>\n<p>Le salaire est la contrepartie de la prestation fournie par l\u2019employ\u00e9. Il est vers\u00e9 p\u00e9riodiquement par l\u2019employeur. Le contrat de travail pr\u00e9voit le montant du salaire ou du moins sa modalit\u00e9 de calcul. En principe, le salaire est compos\u00e9 de la r\u00e9mun\u00e9ration de base, des heures suppl\u00e9mentaires et des primes \u00e0 la discr\u00e9tion de l\u2019employeur. Les gratifications, le treizi\u00e8me mois, la prime d\u2019investissement sont \u00e9galement prises en compte dans le calcul du salaire. Les frais de transports\u00a0et les\u00a0frais m\u00e9dicaux sont quant \u00e0 eux des compl\u00e9ments du salaire.<\/p>\n<p>La loi pr\u00e9voit que dans certains cas, les <strong>cong\u00e9s<\/strong> <strong>pay\u00e9s<\/strong> rentrent dans le calcul du salaire lorsque l\u2019employ\u00e9 a us\u00e9 de son droit de cong\u00e9.<\/p>\n<p>\u00c0 la rupture du contrat de travail, suite \u00e0 une d\u00e9mission ou un licenciement, apr\u00e8s la proc\u00e9dure pr\u00e9vue dans le code de travail, l\u2019employeur devra solder le compte du salari\u00e9. Cela englobe notamment le salaire impay\u00e9 et l&rsquo;indemnit\u00e9 compensatrice des cong\u00e9s non utilis\u00e9s par le salari\u00e9.<\/p>\n<p>\u00c0 savoir :\u00a0 Le <a href=\"https:\/\/blog.legalvision.fr\/2019\/08\/06\/licenciement-salarie-protege-procedure-a-suivre\/\">licenciement de salari\u00e9 prot\u00e9g\u00e9<\/a>, d\u00e9l\u00e9gu\u00e9 syndical ou repr\u00e9sentant du personnel, doit suivre une proc\u00e9dure particuli\u00e8re dont le non-respect peut entra\u00eener l\u2019annulation de plein droit du licenciement par les tribunaux.<\/p>\n<h3>Composantes\u00a0 du salaire<\/h3>\n<p>Le <strong>salaire brut<\/strong> est compos\u00e9 de la r\u00e9mun\u00e9ration nette du salari\u00e9 \u00e0 laquelle sont ajout\u00e9es les cotisations sociales que l\u2019employ\u00e9 devra payer. Rentrent aussi dans le calcul la somme des primes, cong\u00e9s pay\u00e9s et accessoires de paies.<\/p>\n<p>On parle aussi de salaire super brut. Ce dernier est la somme des <strong>charges<\/strong> <strong>patronales<\/strong> \u00a0ou cotisations sociales salariales et du salaire brut.<\/p>\n<p>Pour le <strong>salaire net<\/strong>, c\u2019est le montant que le salari\u00e9 percevra au final. Sont ainsi d\u00e9duites du salaire brut, les cotisations sociales et toutes les charges fiscales. \u00c0 titre d\u2019illustration, les charges salariales ou\u00a0charges\u00a0salari\u00e9es comprennent entre autres les montants dus aux organismes sociaux.<\/p>\n<h2>Les \u00e9l\u00e9ments pour savoir combien co\u00fbte un salari\u00e9<\/h2>\n<p>Comme signaler ci-haut, le calcul du co\u00fbt d\u2019un salari\u00e9 ne se limite pas \u00e0 la r\u00e9mun\u00e9ration proprement dite. Il faut \u00e9galement prendre en compte les charges patronales pour <strong>estimer le<\/strong> <strong>co\u00fbt <\/strong>des salaires.<\/p>\n<h3>Les charges patronales de base<\/h3>\n<p>Qu\u2019il s\u2019agisse d\u2019employ\u00e9-cadre ou non-cadre, les principales charges ou <strong>cotisations patronales<\/strong> concernent l\u2019URSSAF (Unions de recouvrement des cotisations de S\u00e9curit\u00e9 sociale et d\u2019Allocations familiales), l\u2019assurance ch\u00f4mage et la retraite. Il faut aussi prendre en compte les taxes de formation, d\u2019apprentissage et de formation des salari\u00e9s.<\/p>\n<p>Pour faire une estimation simple, les charges patronales vont augmenter le salaire brut de x 1,42 \u00a0selon les chiffres des organismes administratifs en charge de l\u2019emploi. Cependant, pour les salaires inf\u00e9rieurs \u00e0 1,6 fois le SMIC, une r\u00e9duction des charges patronales est pr\u00e9vue par la l\u00e9gislation. Nous le verrons un peu plus dans la partie III.<\/p>\n<h3>Les autres charges patronales<\/h3>\n<p>Pour pouvoir calculer r\u00e9ellement combien co\u00fbte un salari\u00e9, d\u2019autres charges sont aussi \u00e0 consid\u00e9rer.<\/p>\n<ul>\n<li>En premier lieu, la m\u00e9decine du travail qui est pay\u00e9e chaque ann\u00e9e.<\/li>\n<li>Ensuite, les d\u00e9penses li\u00e9es \u00e0 l\u2019entretien du poste de travail ou des outils des salari\u00e9s.<\/li>\n<li>Enfin, les co\u00fbts li\u00e9s au recrutement, les frais de restauration ou \u00e9ventuellement de d\u00e9placement.<\/li>\n<\/ul>\n<p>Ces diff\u00e9rentes charges entrent dans le calcul final pour d\u00e9terminer le <strong>co\u00fbt salarial<\/strong> annuel de l\u2019entreprise.<\/p>\n<h2>Les dispositions sp\u00e9cifiques \u00e0 la r\u00e9duction Fillon<\/h2>\n<p>Pour stimuler l\u2019\u00e9conomie et lutter contre le ch\u00f4mage, la r\u00e9duction Fillon a \u00e9t\u00e9 mise en place pour aider les entreprises depuis 2005.<\/p>\n<h3>Qu&rsquo;est ce qu&rsquo;on entend par la r\u00e9duction Fillon?<\/h3>\n<p>La <strong>r\u00e9duction Fillon <\/strong>est une mesure pour all\u00e9ger les cotisations patronales. Seuls les salaires inf\u00e9rieurs ou \u00e9gaux \u00e0 1,6 fois le SMIC pendant l&rsquo;ann\u00e9e sont concern\u00e9s. C&rsquo;est un syst\u00e8me d\u00e9gressif, car plus le salaire est \u00e9lev\u00e9, plus la r\u00e9duction des charges est moindre ou m\u00eame nulle. Cette r\u00e9duction peut atteindre plus de la moiti\u00e9 de l\u2019URSSAF. Elle entre dans le calcul du co\u00fbt total de la r\u00e9mun\u00e9ration d&rsquo;un salari\u00e9.<\/p>\n<p>De nombreux param\u00e8tres ont \u00e9t\u00e9 chang\u00e9s au niveau de la r\u00e9duction Fillon depuis le <strong>1er janvier <\/strong>2020. La modification concerne par exemple le plafonnement \u00e0 130% de la r\u00e9duction des charges ou cotisations au niveau de la s\u00e9curit\u00e9 sociale.<\/p>\n<h3>Les entreprises b\u00e9n\u00e9ficiaires de la r\u00e9duction Fillon<\/h3>\n<p>Pour b\u00e9n\u00e9ficier de la r\u00e9duction Fillon, il faut tout d&rsquo;abord que l&rsquo;entreprise emploie des salari\u00e9s ayant un contrat de travail et affili\u00e9s \u00e0 l\u2019assurance ch\u00f4mage; qu&rsquo;il s\u2019agisse d&#8217;employ\u00e9s \u00e0 temps plein ou \u00e0 temps partiel.\u00a0Les all\u00e8gements de charges concernent certains types de contrat comme l\u2019apprentissage.\u00a0Le code de la s\u00e9curit\u00e9 sociale donne une liste des employeurs ou secteurs d&rsquo;activit\u00e9s \u00e9ligibles \u00e0 la r\u00e9duction Fillon.<\/p>\n<p>Ensuite, les entreprises publiques \u00e0 caract\u00e8re industriel et commercial ou \u00e9conomie mixte peuvent aussi demander une r\u00e9duction des charges sociales. Les associations culturelles affili\u00e9es \u00e0 l&rsquo;assurance ch\u00f4mage entrent \u00e9galement dans cette cat\u00e9gorie.<\/p>\n<p>Les r\u00e9gimes sp\u00e9ciaux de la s\u00e9curit\u00e9 sociale ne b\u00e9n\u00e9ficient pas de la r\u00e9duction Fillon, sauf les marins ou les salari\u00e9s d&rsquo;un cabinet d&rsquo;avocat et de notaire. Le cumul des exon\u00e9rations est donc interdit pour ces r\u00e9gimes sp\u00e9cifiques. Cependant, les g\u00e9rants salari\u00e9s d&rsquo;une <a href=\"https:\/\/blog.legalvision.fr\/2019\/05\/11\/sarl-eurl-et-salarie-en-meme-temps-toutes-les-situations\/\">SARL ou EURL<\/a> peuvent b\u00e9n\u00e9ficier de cette r\u00e9duction de charge en respectant, le cas \u00e9ch\u00e9ant, les dispositions l\u00e9gales sp\u00e9cifiques.<\/p>\n<h3>Calcul de la r\u00e9duction Fillon<\/h3>\n<p>Le taux de la r\u00e9duction Fillon est diff\u00e9rent qu&rsquo;il s\u2019agisse d&rsquo;une entreprise de moins ou de plus de 50 salari\u00e9s. Le calcul de la r\u00e9duction Fillon d\u00e9pend de nombreux crit\u00e8res qui doivent r\u00e9pondre aux besoins des\u00a0 individus en termes de sociales salariales.<\/p>\n<p>Le calcul va varier selon la cat\u00e9gorie du salari\u00e9 et le param\u00e8tre T qui correspond \u00e0 la valeur maximale du coefficient. La r\u00e9mun\u00e9ration et le SMIC sont aussi des facteurs \u00e0 prendre en compte pour le <strong>calcul des charges patronales. <\/strong><\/p>\n<p>Les travailleurs int\u00e9rimaires, les salari\u00e9s membres d&rsquo;une caisse de cong\u00e9s pay\u00e9s, les journalistes et les VRP multicartes font l&rsquo;objet d&rsquo;un calcul sp\u00e9cifique.<\/p>\n<p><\/p>\n<div class=\"wp-block-button\" style=\"text-align:center;\"><a class=\"wp-block-button__link has-background\" href=\"https:\/\/www.legalvision.fr\/tous-les-services\/\">Voir les services LegalVision<\/a><\/div>\n","protected":false},"excerpt":{"rendered":"<p>Avant de recruter, il faut se demander combien co\u00fbte un salari\u00e9?\u00a0 C\u2019est une \u00e9tape incontournable, car le salaire est une charge importante dans les d\u00e9penses obligatoires. Une entreprise doit savoir au pr\u00e9alable\u00a0le\u00a0co\u00fbt d&rsquo;un collaborateur suppl\u00e9mentaire. L&rsquo;\u00e9quipe de LegalVision vous r\u00e9pond dans cet article. Composants de la r\u00e9mun\u00e9ration d\u2019un salari\u00e9 Les\u00a0\u00e9l\u00e9ments\u00a0pour savoir combien co\u00fbte un salari\u00e9&hellip; <a class=\"more-link\" href=\"https:\/\/www.legalvision.fr\/guides-juridiques\/droit-du-travail\/combien-coute-un-salarie\/\">Poursuivre la lecture <span class=\"screen-reader-text\">Combien co\u00fbte un salari\u00e9 ?<\/span><\/a><\/p>\n","protected":false},"author":66,"featured_media":24034,"comment_status":"closed","ping_status":"open","sticky":false,"template":"","format":"standard","meta":{"content-type":"","inline_featured_image":false,"footnotes":""},"categories":[2485],"tags":[],"class_list":["post-34210","post","type-post","status-publish","format-standard","has-post-thumbnail","hentry","category-droit-du-travail","entry"],"yoast_head":"<!-- This site is optimized with the Yoast SEO plugin v27.1.1 - https:\/\/yoast.com\/product\/yoast-seo-wordpress\/ -->\n<title>Combien co\u00fbte un salari\u00e9? Les r\u00e9ponses de nos experts<\/title>\n<meta name=\"description\" content=\"Avant de recruter, il faut se demander combien co\u00fbte un salari\u00e9? L&#039;\u00e9quipe de LegalVision vous livre tous les d\u00e9tails dans cet article.\" \/>\n<meta name=\"robots\" content=\"index, follow, max-snippet:-1, max-image-preview:large, max-video-preview:-1\" \/>\n<link rel=\"canonical\" href=\"https:\/\/www.legalvision.fr\/guides-juridiques\/droit-du-travail\/combien-coute-un-salarie\/\" \/>\n<meta property=\"og:locale\" content=\"fr_FR\" \/>\n<meta property=\"og:type\" content=\"article\" \/>\n<meta property=\"og:title\" content=\"Combien co\u00fbte un salari\u00e9? Les r\u00e9ponses de nos experts\" \/>\n<meta property=\"og:description\" content=\"Avant de recruter, il faut se demander combien co\u00fbte un salari\u00e9? L&#039;\u00e9quipe de LegalVision vous livre tous les d\u00e9tails dans cet article.\" \/>\n<meta property=\"og:url\" content=\"https:\/\/www.legalvision.fr\/guides-juridiques\/droit-du-travail\/combien-coute-un-salarie\/\" \/>\n<meta property=\"og:site_name\" content=\"Guides juridiques\" \/>\n<meta property=\"article:published_time\" content=\"2020-08-15T14:31:30+00:00\" \/>\n<meta property=\"article:modified_time\" content=\"2022-03-27T19:20:40+00:00\" \/>\n<meta property=\"og:image\" content=\"https:\/\/www.legalvision.fr\/guides-juridiques\/wp-content\/uploads\/2018\/12\/Location-g\u00e9rance-min.jpg\" \/>\n\t<meta property=\"og:image:width\" content=\"958\" \/>\n\t<meta property=\"og:image:height\" content=\"350\" \/>\n\t<meta property=\"og:image:type\" content=\"image\/jpeg\" \/>\n<meta name=\"author\" content=\"Louise Poulain\" \/>\n<meta name=\"twitter:card\" content=\"summary_large_image\" \/>\n<meta name=\"twitter:label1\" content=\"\u00c9crit par\" \/>\n\t<meta name=\"twitter:data1\" content=\"Louise Poulain\" \/>\n\t<meta name=\"twitter:label2\" content=\"Dur\u00e9e de lecture estim\u00e9e\" \/>\n\t<meta name=\"twitter:data2\" content=\"6 minutes\" \/>\n<script type=\"application\/ld+json\" class=\"yoast-schema-graph\">{\"@context\":\"https:\/\/schema.org\",\"@graph\":[{\"@type\":\"Article\",\"@id\":\"https:\/\/www.legalvision.fr\/guides-juridiques\/droit-du-travail\/combien-coute-un-salarie\/#article\",\"isPartOf\":{\"@id\":\"https:\/\/www.legalvision.fr\/guides-juridiques\/droit-du-travail\/combien-coute-un-salarie\/\"},\"author\":{\"name\":\"Louise Poulain\",\"@id\":\"https:\/\/www.legalvision.fr\/guides-juridiques\/#\/schema\/person\/55a81ca8dfba2b7055a3502f6c28ca01\"},\"headline\":\"Combien co\u00fbte un salari\u00e9 ?\",\"datePublished\":\"2020-08-15T14:31:30+00:00\",\"dateModified\":\"2022-03-27T19:20:40+00:00\",\"mainEntityOfPage\":{\"@id\":\"https:\/\/www.legalvision.fr\/guides-juridiques\/droit-du-travail\/combien-coute-un-salarie\/\"},\"wordCount\":1262,\"publisher\":{\"@id\":\"https:\/\/www.legalvision.fr\/guides-juridiques\/#organization\"},\"image\":{\"@id\":\"https:\/\/www.legalvision.fr\/guides-juridiques\/droit-du-travail\/combien-coute-un-salarie\/#primaryimage\"},\"thumbnailUrl\":\"https:\/\/www.legalvision.fr\/guides-juridiques\/wp-content\/uploads\/2018\/12\/Location-g\u00e9rance-min.jpg\",\"articleSection\":[\"Droit du travail\"],\"inLanguage\":\"fr-FR\"},{\"@type\":\"WebPage\",\"@id\":\"https:\/\/www.legalvision.fr\/guides-juridiques\/droit-du-travail\/combien-coute-un-salarie\/\",\"url\":\"https:\/\/www.legalvision.fr\/guides-juridiques\/droit-du-travail\/combien-coute-un-salarie\/\",\"name\":\"Combien co\u00fbte un salari\u00e9? Les r\u00e9ponses de nos experts\",\"isPartOf\":{\"@id\":\"https:\/\/www.legalvision.fr\/guides-juridiques\/#website\"},\"primaryImageOfPage\":{\"@id\":\"https:\/\/www.legalvision.fr\/guides-juridiques\/droit-du-travail\/combien-coute-un-salarie\/#primaryimage\"},\"image\":{\"@id\":\"https:\/\/www.legalvision.fr\/guides-juridiques\/droit-du-travail\/combien-coute-un-salarie\/#primaryimage\"},\"thumbnailUrl\":\"https:\/\/www.legalvision.fr\/guides-juridiques\/wp-content\/uploads\/2018\/12\/Location-g\u00e9rance-min.jpg\",\"datePublished\":\"2020-08-15T14:31:30+00:00\",\"dateModified\":\"2022-03-27T19:20:40+00:00\",\"description\":\"Avant de recruter, il faut se demander combien co\u00fbte un salari\u00e9? L'\u00e9quipe de LegalVision vous livre tous les d\u00e9tails dans cet article.\",\"breadcrumb\":{\"@id\":\"https:\/\/www.legalvision.fr\/guides-juridiques\/droit-du-travail\/combien-coute-un-salarie\/#breadcrumb\"},\"inLanguage\":\"fr-FR\",\"potentialAction\":[{\"@type\":\"ReadAction\",\"target\":[\"https:\/\/www.legalvision.fr\/guides-juridiques\/droit-du-travail\/combien-coute-un-salarie\/\"]}]},{\"@type\":\"ImageObject\",\"inLanguage\":\"fr-FR\",\"@id\":\"https:\/\/www.legalvision.fr\/guides-juridiques\/droit-du-travail\/combien-coute-un-salarie\/#primaryimage\",\"url\":\"https:\/\/www.legalvision.fr\/guides-juridiques\/wp-content\/uploads\/2018\/12\/Location-g\u00e9rance-min.jpg\",\"contentUrl\":\"https:\/\/www.legalvision.fr\/guides-juridiques\/wp-content\/uploads\/2018\/12\/Location-g\u00e9rance-min.jpg\",\"width\":958,\"height\":350,\"caption\":\"combien co\u00fbte un salari\u00e9\"},{\"@type\":\"BreadcrumbList\",\"@id\":\"https:\/\/www.legalvision.fr\/guides-juridiques\/droit-du-travail\/combien-coute-un-salarie\/#breadcrumb\",\"itemListElement\":[{\"@type\":\"ListItem\",\"position\":1,\"name\":\"Accueil\",\"item\":\"https:\/\/www.legalvision.fr\/guides-juridiques\/\"},{\"@type\":\"ListItem\",\"position\":2,\"name\":\"Droit du travail\",\"item\":\"https:\/\/www.legalvision.fr\/guides-juridiques\/droit-du-travail\/\"},{\"@type\":\"ListItem\",\"position\":3,\"name\":\"Combien co\u00fbte un salari\u00e9 ?\"}]},{\"@type\":\"WebSite\",\"@id\":\"https:\/\/www.legalvision.fr\/guides-juridiques\/#website\",\"url\":\"https:\/\/www.legalvision.fr\/guides-juridiques\/\",\"name\":\"Guides juridiques\",\"description\":\"L&#039;information juridique \u00e0 destination des entreprises et TPE\",\"publisher\":{\"@id\":\"https:\/\/www.legalvision.fr\/guides-juridiques\/#organization\"},\"potentialAction\":[{\"@type\":\"SearchAction\",\"target\":{\"@type\":\"EntryPoint\",\"urlTemplate\":\"https:\/\/www.legalvision.fr\/guides-juridiques\/?s={search_term_string}\"},\"query-input\":{\"@type\":\"PropertyValueSpecification\",\"valueRequired\":true,\"valueName\":\"search_term_string\"}}],\"inLanguage\":\"fr-FR\"},{\"@type\":\"Organization\",\"@id\":\"https:\/\/www.legalvision.fr\/guides-juridiques\/#organization\",\"name\":\"Guides juridiques\",\"url\":\"https:\/\/www.legalvision.fr\/guides-juridiques\/\",\"logo\":{\"@type\":\"ImageObject\",\"inLanguage\":\"fr-FR\",\"@id\":\"https:\/\/www.legalvision.fr\/guides-juridiques\/#\/schema\/logo\/image\/\",\"url\":\"https:\/\/www.legalvision.fr\/guides-juridiques\/wp-content\/uploads\/2022\/10\/LV-Logotype.png\",\"contentUrl\":\"https:\/\/www.legalvision.fr\/guides-juridiques\/wp-content\/uploads\/2022\/10\/LV-Logotype.png\",\"width\":647,\"height\":125,\"caption\":\"Guides juridiques\"},\"image\":{\"@id\":\"https:\/\/www.legalvision.fr\/guides-juridiques\/#\/schema\/logo\/image\/\"}},{\"@type\":\"Person\",\"@id\":\"https:\/\/www.legalvision.fr\/guides-juridiques\/#\/schema\/person\/55a81ca8dfba2b7055a3502f6c28ca01\",\"name\":\"Louise Poulain\",\"image\":{\"@type\":\"ImageObject\",\"inLanguage\":\"fr-FR\",\"@id\":\"https:\/\/www.legalvision.fr\/guides-juridiques\/#\/schema\/person\/image\/\",\"url\":\"https:\/\/www.legalvision.fr\/guides-juridiques\/wp-content\/uploads\/2023\/07\/cropped-femme5-96x96.png\",\"contentUrl\":\"https:\/\/www.legalvision.fr\/guides-juridiques\/wp-content\/uploads\/2023\/07\/cropped-femme5-96x96.png\",\"caption\":\"Louise Poulain\"},\"description\":\"Titulaire d'un Master I, je suis passionn\u00e9e par la sociologie juridique. Les legaltech me passionnent. Je r\u00e9dige sous la direction de Lo\u00efc Le Goas, Avocat et Pr\u00e9sident de Legalvision.\",\"url\":\"https:\/\/www.legalvision.fr\/guides-juridiques\/author\/atia-harena\/\"}]}<\/script>\n<!-- \/ Yoast SEO plugin. -->","yoast_head_json":{"title":"Combien co\u00fbte un salari\u00e9? Les r\u00e9ponses de nos experts","description":"Avant de recruter, il faut se demander combien co\u00fbte un salari\u00e9? L'\u00e9quipe de LegalVision vous livre tous les d\u00e9tails dans cet article.","robots":{"index":"index","follow":"follow","max-snippet":"max-snippet:-1","max-image-preview":"max-image-preview:large","max-video-preview":"max-video-preview:-1"},"canonical":"https:\/\/www.legalvision.fr\/guides-juridiques\/droit-du-travail\/combien-coute-un-salarie\/","og_locale":"fr_FR","og_type":"article","og_title":"Combien co\u00fbte un salari\u00e9? Les r\u00e9ponses de nos experts","og_description":"Avant de recruter, il faut se demander combien co\u00fbte un salari\u00e9? L'\u00e9quipe de LegalVision vous livre tous les d\u00e9tails dans cet article.","og_url":"https:\/\/www.legalvision.fr\/guides-juridiques\/droit-du-travail\/combien-coute-un-salarie\/","og_site_name":"Guides juridiques","article_published_time":"2020-08-15T14:31:30+00:00","article_modified_time":"2022-03-27T19:20:40+00:00","og_image":[{"width":958,"height":350,"url":"https:\/\/www.legalvision.fr\/guides-juridiques\/wp-content\/uploads\/2018\/12\/Location-g\u00e9rance-min.jpg","type":"image\/jpeg"}],"author":"Louise Poulain","twitter_card":"summary_large_image","twitter_misc":{"\u00c9crit par":"Louise Poulain","Dur\u00e9e de lecture estim\u00e9e":"6 minutes"},"schema":{"@context":"https:\/\/schema.org","@graph":[{"@type":"Article","@id":"https:\/\/www.legalvision.fr\/guides-juridiques\/droit-du-travail\/combien-coute-un-salarie\/#article","isPartOf":{"@id":"https:\/\/www.legalvision.fr\/guides-juridiques\/droit-du-travail\/combien-coute-un-salarie\/"},"author":{"name":"Louise Poulain","@id":"https:\/\/www.legalvision.fr\/guides-juridiques\/#\/schema\/person\/55a81ca8dfba2b7055a3502f6c28ca01"},"headline":"Combien co\u00fbte un salari\u00e9 ?","datePublished":"2020-08-15T14:31:30+00:00","dateModified":"2022-03-27T19:20:40+00:00","mainEntityOfPage":{"@id":"https:\/\/www.legalvision.fr\/guides-juridiques\/droit-du-travail\/combien-coute-un-salarie\/"},"wordCount":1262,"publisher":{"@id":"https:\/\/www.legalvision.fr\/guides-juridiques\/#organization"},"image":{"@id":"https:\/\/www.legalvision.fr\/guides-juridiques\/droit-du-travail\/combien-coute-un-salarie\/#primaryimage"},"thumbnailUrl":"https:\/\/www.legalvision.fr\/guides-juridiques\/wp-content\/uploads\/2018\/12\/Location-g\u00e9rance-min.jpg","articleSection":["Droit du travail"],"inLanguage":"fr-FR"},{"@type":"WebPage","@id":"https:\/\/www.legalvision.fr\/guides-juridiques\/droit-du-travail\/combien-coute-un-salarie\/","url":"https:\/\/www.legalvision.fr\/guides-juridiques\/droit-du-travail\/combien-coute-un-salarie\/","name":"Combien co\u00fbte un salari\u00e9? Les r\u00e9ponses de nos experts","isPartOf":{"@id":"https:\/\/www.legalvision.fr\/guides-juridiques\/#website"},"primaryImageOfPage":{"@id":"https:\/\/www.legalvision.fr\/guides-juridiques\/droit-du-travail\/combien-coute-un-salarie\/#primaryimage"},"image":{"@id":"https:\/\/www.legalvision.fr\/guides-juridiques\/droit-du-travail\/combien-coute-un-salarie\/#primaryimage"},"thumbnailUrl":"https:\/\/www.legalvision.fr\/guides-juridiques\/wp-content\/uploads\/2018\/12\/Location-g\u00e9rance-min.jpg","datePublished":"2020-08-15T14:31:30+00:00","dateModified":"2022-03-27T19:20:40+00:00","description":"Avant de recruter, il faut se demander combien co\u00fbte un salari\u00e9? L'\u00e9quipe de LegalVision vous livre tous les d\u00e9tails dans cet article.","breadcrumb":{"@id":"https:\/\/www.legalvision.fr\/guides-juridiques\/droit-du-travail\/combien-coute-un-salarie\/#breadcrumb"},"inLanguage":"fr-FR","potentialAction":[{"@type":"ReadAction","target":["https:\/\/www.legalvision.fr\/guides-juridiques\/droit-du-travail\/combien-coute-un-salarie\/"]}]},{"@type":"ImageObject","inLanguage":"fr-FR","@id":"https:\/\/www.legalvision.fr\/guides-juridiques\/droit-du-travail\/combien-coute-un-salarie\/#primaryimage","url":"https:\/\/www.legalvision.fr\/guides-juridiques\/wp-content\/uploads\/2018\/12\/Location-g\u00e9rance-min.jpg","contentUrl":"https:\/\/www.legalvision.fr\/guides-juridiques\/wp-content\/uploads\/2018\/12\/Location-g\u00e9rance-min.jpg","width":958,"height":350,"caption":"combien co\u00fbte un salari\u00e9"},{"@type":"BreadcrumbList","@id":"https:\/\/www.legalvision.fr\/guides-juridiques\/droit-du-travail\/combien-coute-un-salarie\/#breadcrumb","itemListElement":[{"@type":"ListItem","position":1,"name":"Accueil","item":"https:\/\/www.legalvision.fr\/guides-juridiques\/"},{"@type":"ListItem","position":2,"name":"Droit du travail","item":"https:\/\/www.legalvision.fr\/guides-juridiques\/droit-du-travail\/"},{"@type":"ListItem","position":3,"name":"Combien co\u00fbte un salari\u00e9 ?"}]},{"@type":"WebSite","@id":"https:\/\/www.legalvision.fr\/guides-juridiques\/#website","url":"https:\/\/www.legalvision.fr\/guides-juridiques\/","name":"Guides juridiques","description":"L&#039;information juridique \u00e0 destination des entreprises et TPE","publisher":{"@id":"https:\/\/www.legalvision.fr\/guides-juridiques\/#organization"},"potentialAction":[{"@type":"SearchAction","target":{"@type":"EntryPoint","urlTemplate":"https:\/\/www.legalvision.fr\/guides-juridiques\/?s={search_term_string}"},"query-input":{"@type":"PropertyValueSpecification","valueRequired":true,"valueName":"search_term_string"}}],"inLanguage":"fr-FR"},{"@type":"Organization","@id":"https:\/\/www.legalvision.fr\/guides-juridiques\/#organization","name":"Guides juridiques","url":"https:\/\/www.legalvision.fr\/guides-juridiques\/","logo":{"@type":"ImageObject","inLanguage":"fr-FR","@id":"https:\/\/www.legalvision.fr\/guides-juridiques\/#\/schema\/logo\/image\/","url":"https:\/\/www.legalvision.fr\/guides-juridiques\/wp-content\/uploads\/2022\/10\/LV-Logotype.png","contentUrl":"https:\/\/www.legalvision.fr\/guides-juridiques\/wp-content\/uploads\/2022\/10\/LV-Logotype.png","width":647,"height":125,"caption":"Guides juridiques"},"image":{"@id":"https:\/\/www.legalvision.fr\/guides-juridiques\/#\/schema\/logo\/image\/"}},{"@type":"Person","@id":"https:\/\/www.legalvision.fr\/guides-juridiques\/#\/schema\/person\/55a81ca8dfba2b7055a3502f6c28ca01","name":"Louise Poulain","image":{"@type":"ImageObject","inLanguage":"fr-FR","@id":"https:\/\/www.legalvision.fr\/guides-juridiques\/#\/schema\/person\/image\/","url":"https:\/\/www.legalvision.fr\/guides-juridiques\/wp-content\/uploads\/2023\/07\/cropped-femme5-96x96.png","contentUrl":"https:\/\/www.legalvision.fr\/guides-juridiques\/wp-content\/uploads\/2023\/07\/cropped-femme5-96x96.png","caption":"Louise Poulain"},"description":"Titulaire d'un Master I, je suis passionn\u00e9e par la sociologie juridique. Les legaltech me passionnent. Je r\u00e9dige sous la direction de Lo\u00efc Le Goas, Avocat et Pr\u00e9sident de Legalvision.","url":"https:\/\/www.legalvision.fr\/guides-juridiques\/author\/atia-harena\/"}]}},"_links":{"self":[{"href":"https:\/\/www.legalvision.fr\/guides-juridiques\/wp-json\/wp\/v2\/posts\/34210","targetHints":{"allow":["GET"]}}],"collection":[{"href":"https:\/\/www.legalvision.fr\/guides-juridiques\/wp-json\/wp\/v2\/posts"}],"about":[{"href":"https:\/\/www.legalvision.fr\/guides-juridiques\/wp-json\/wp\/v2\/types\/post"}],"author":[{"embeddable":true,"href":"https:\/\/www.legalvision.fr\/guides-juridiques\/wp-json\/wp\/v2\/users\/66"}],"replies":[{"embeddable":true,"href":"https:\/\/www.legalvision.fr\/guides-juridiques\/wp-json\/wp\/v2\/comments?post=34210"}],"version-history":[{"count":0,"href":"https:\/\/www.legalvision.fr\/guides-juridiques\/wp-json\/wp\/v2\/posts\/34210\/revisions"}],"wp:featuredmedia":[{"embeddable":true,"href":"https:\/\/www.legalvision.fr\/guides-juridiques\/wp-json\/wp\/v2\/media\/24034"}],"wp:attachment":[{"href":"https:\/\/www.legalvision.fr\/guides-juridiques\/wp-json\/wp\/v2\/media?parent=34210"}],"wp:term":[{"taxonomy":"category","embeddable":true,"href":"https:\/\/www.legalvision.fr\/guides-juridiques\/wp-json\/wp\/v2\/categories?post=34210"},{"taxonomy":"post_tag","embeddable":true,"href":"https:\/\/www.legalvision.fr\/guides-juridiques\/wp-json\/wp\/v2\/tags?post=34210"}],"curies":[{"name":"wp","href":"https:\/\/api.w.org\/{rel}","templated":true}]}}