{"id":34155,"date":"2020-06-19T07:30:19","date_gmt":"2020-06-19T06:30:19","guid":{"rendered":"https:\/\/blog.legalvision.fr\/?p=34155"},"modified":"2023-10-23T11:12:13","modified_gmt":"2023-10-23T09:12:13","slug":"depart-dirigeant","status":"publish","type":"post","link":"https:\/\/www.legalvision.fr\/guides-juridiques\/dirigeant-de-societe\/depart-dirigeant\/","title":{"rendered":"D\u00e9part dirigeant, les r\u00e8gles applicables"},"content":{"rendered":"\t\t<div data-elementor-type=\"wp-post\" data-elementor-id=\"34155\" class=\"elementor elementor-34155\" data-elementor-post-type=\"post\">\n\t\t\t\t<div data-particle_enable=\"false\" data-particle-mobile-disabled=\"false\" class=\"elementor-element elementor-element-1fffb13 e-flex e-con-boxed e-con e-parent\" data-id=\"1fffb13\" data-element_type=\"container\" data-e-type=\"container\">\n\t\t\t\t\t<div class=\"e-con-inner\">\n\t\t\t\t<div class=\"elementor-element elementor-element-e349ec4 elementor-widget elementor-widget-text-editor\" data-id=\"e349ec4\" data-element_type=\"widget\" data-e-type=\"widget\" data-widget_type=\"text-editor.default\">\n\t\t\t\t<div class=\"elementor-widget-container\">\n\t\t\t\t\t\t\t\t\t<p>Le dirigeant d\u2019une soci\u00e9t\u00e9 exerce ses fonctions gr\u00e2ce \u00e0 un mandat social. Qu\u2019il soit ou non associ\u00e9 dans ladite soci\u00e9t\u00e9, l\u2019exercice de sa fonction de dirigeant est totalement ind\u00e9pendant. Pour des raisons diverses, strat\u00e9gie commerciale, nouvelle organisation, etc., la fonction d\u2019un dirigeant peut \u00e0 tout moment prendre fin. V\u00e9ritable bouleversement, le d\u00e9part dirigeant peut engendrer d\u2019importantes cons\u00e9quences pour une entreprise. Du fait de sa fonction, des informations dont il dispose, son d\u00e9part peut constituer un risque pour la soci\u00e9t\u00e9. Comment s\u2019organise ce d\u00e9part\u00a0? Quelles sont les r\u00e8gles applicables\u00a0? Legalvision vous dit tout.<\/p><p><a href=\"#1\">La fin du mandat social<\/a><br \/><a href=\"#2\">Les modalit\u00e9s de cessation de fonction<\/a><br \/><a href=\"#3\">Cons\u00e9quences et obligations<\/a><\/p><p>\u00a0<\/p>\t\t\t\t\t\t\t\t<\/div>\n\t\t\t\t<\/div>\n\t\t\t\t\t<\/div>\n\t\t\t\t<\/div>\n\t\t<div data-particle_enable=\"false\" data-particle-mobile-disabled=\"false\" class=\"elementor-element elementor-element-59e06338 e-flex e-con-boxed e-con e-parent\" data-id=\"59e06338\" data-element_type=\"container\" data-e-type=\"container\">\n\t\t\t\t\t<div class=\"e-con-inner\">\n\t\t\t\t<div class=\"elementor-element elementor-element-16992881 elementor-widget elementor-widget-heading\" data-id=\"16992881\" data-element_type=\"widget\" data-e-type=\"widget\" data-widget_type=\"heading.default\">\n\t\t\t\t<div class=\"elementor-widget-container\">\n\t\t\t\t\t<h2 class=\"elementor-heading-title elementor-size-default\">Nos outils pour vous aider : <\/h2>\t\t\t\t<\/div>\n\t\t\t\t<\/div>\n\t\t\t\t\t<\/div>\n\t\t\t\t<\/div>\n\t\t<div data-particle_enable=\"false\" data-particle-mobile-disabled=\"false\" class=\"elementor-element elementor-element-6a6b388f e-flex e-con-boxed e-con e-parent\" data-id=\"6a6b388f\" data-element_type=\"container\" data-e-type=\"container\">\n\t\t\t\t\t<div class=\"e-con-inner\">\n\t\t<div data-particle_enable=\"false\" data-particle-mobile-disabled=\"false\" class=\"elementor-element elementor-element-2a74fd13 e-con-full e-flex e-con e-parent\" data-id=\"2a74fd13\" data-element_type=\"container\" data-e-type=\"container\">\n\t\t\t\t<div class=\"elementor-element elementor-element-6f272566 elementor-widget elementor-widget-button\" data-id=\"6f272566\" data-element_type=\"widget\" data-e-type=\"widget\" data-widget_type=\"button.default\">\n\t\t\t\t<div class=\"elementor-widget-container\">\n\t\t\t\t\t\t\t\t\t<div class=\"elementor-button-wrapper\">\n\t\t\t\t\t<a class=\"elementor-button elementor-button-link elementor-size-sm\" href=\"https:\/\/leonard.fr\/juridique\/modification-societe\/ajouter-ou-changer-un-dirigeant\/?utm_source=blog&#038;utm_medium=CTA&#038;utm_campaign=depart_dirigeant&#038;utm_id=changement__dirigeant_blog\" target=\"_blank\">\n\t\t\t\t\t\t<span class=\"elementor-button-content-wrapper\">\n\t\t\t\t\t\t\t\t\t<span class=\"elementor-button-text\">Modifiez la direction de votre soci\u00e9t\u00e9<\/span>\n\t\t\t\t\t<\/span>\n\t\t\t\t\t<\/a>\n\t\t\t\t<\/div>\n\t\t\t\t\t\t\t\t<\/div>\n\t\t\t\t<\/div>\n\t\t\t\t<\/div>\n\t\t<div data-particle_enable=\"false\" data-particle-mobile-disabled=\"false\" class=\"elementor-element elementor-element-41fc2159 e-con-full e-flex e-con e-parent\" data-id=\"41fc2159\" data-element_type=\"container\" data-e-type=\"container\">\n\t\t\t\t<div class=\"elementor-element elementor-element-187d98f9 elementor-widget elementor-widget-button\" data-id=\"187d98f9\" data-element_type=\"widget\" data-e-type=\"widget\" data-widget_type=\"button.default\">\n\t\t\t\t<div class=\"elementor-widget-container\">\n\t\t\t\t\t\t\t\t\t<div class=\"elementor-button-wrapper\">\n\t\t\t\t\t<a class=\"elementor-button elementor-button-link elementor-size-sm\" href=\"https:\/\/meetings.hubspot.com\/global\/leonard-rendez-vous-gratuit-avec-un-juriste?utm_source=blog&#038;utm_medium=CTA&#038;utm_campaign=depart_dirigeant&#038;utm_id=changement__dirigeant_blog\" target=\"_blank\">\n\t\t\t\t\t\t<span class=\"elementor-button-content-wrapper\">\n\t\t\t\t\t\t\t\t\t<span class=\"elementor-button-text\">Soyez rappel\u00e9 par un juriste gratuitement<\/span>\n\t\t\t\t\t<\/span>\n\t\t\t\t\t<\/a>\n\t\t\t\t<\/div>\n\t\t\t\t\t\t\t\t<\/div>\n\t\t\t\t<\/div>\n\t\t\t\t<\/div>\n\t\t<div data-particle_enable=\"false\" data-particle-mobile-disabled=\"false\" class=\"elementor-element elementor-element-79ec531e e-con-full e-flex e-con e-parent\" data-id=\"79ec531e\" data-element_type=\"container\" data-e-type=\"container\">\n\t\t\t\t<div class=\"elementor-element elementor-element-1b5ffaca elementor-widget elementor-widget-button\" data-id=\"1b5ffaca\" data-element_type=\"widget\" data-e-type=\"widget\" data-widget_type=\"button.default\">\n\t\t\t\t<div class=\"elementor-widget-container\">\n\t\t\t\t\t\t\t\t\t<div class=\"elementor-button-wrapper\">\n\t\t\t\t\t<a class=\"elementor-button elementor-button-link elementor-size-sm\" href=\"https:\/\/share.hsforms.com\/1MCz4iJkPSsaIbYWlbzl6vw1oyza?utm_source=blog&#038;utm_medium=CTA&#038;utm_campaign=depart_dirigeant&#038;utm_id=changement__dirigeant_blog\" target=\"_blank\">\n\t\t\t\t\t\t<span class=\"elementor-button-content-wrapper\">\n\t\t\t\t\t\t\t\t\t<span class=\"elementor-button-text\">Publiez votre annonce l\u00e9gale<\/span>\n\t\t\t\t\t<\/span>\n\t\t\t\t\t<\/a>\n\t\t\t\t<\/div>\n\t\t\t\t\t\t\t\t<\/div>\n\t\t\t\t<\/div>\n\t\t\t\t<\/div>\n\t\t\t\t\t<\/div>\n\t\t\t\t<\/div>\n\t\t\t\t<section data-particle_enable=\"false\" data-particle-mobile-disabled=\"false\" class=\"elementor-section elementor-top-section elementor-element elementor-element-3a4f43f1 elementor-section-boxed elementor-section-height-default elementor-section-height-default\" data-id=\"3a4f43f1\" data-element_type=\"section\" data-e-type=\"section\">\n\t\t\t\t\t\t<div class=\"elementor-container elementor-column-gap-default\">\n\t\t\t\t\t<div class=\"elementor-column elementor-col-100 elementor-top-column elementor-element elementor-element-52af02bc\" data-id=\"52af02bc\" data-element_type=\"column\" data-e-type=\"column\">\n\t\t\t<div class=\"elementor-widget-wrap elementor-element-populated\">\n\t\t\t\t\t\t<div class=\"elementor-element elementor-element-5e23366 elementor-widget elementor-widget-text-editor\" data-id=\"5e23366\" data-element_type=\"widget\" data-e-type=\"widget\" data-widget_type=\"text-editor.default\">\n\t\t\t\t<div class=\"elementor-widget-container\">\n\t\t\t\t\t\t\t\t\t<div class=\"wp-block-button\" style=\"text-align: center;\">&nbsp;<\/div>\n<h2 id=\"1\"><br><\/h2>\n<h2 id=\"1\">La fin du mandat social<\/h2>\n<p>Le dirigeant d\u2019une soci\u00e9t\u00e9 commerciale, <a href=\"https:\/\/www.legalvision.fr\/creation-dentreprise\/creer-une-sas\/\">SAS<\/a>, <a href=\"https:\/\/www.legalvision.fr\/creation-dentreprise\/creation-societe-anonyme\">SA<\/a>, <a href=\"https:\/\/www.legalvision.fr\/creation-dentreprise\/creer-une-sarl\/\">SARL<\/a> peut-il partir \u00e0 tout moment&nbsp;? Peut-il \u00eatre r\u00e9voqu\u00e9 de ses fonctions par la majorit\u00e9 des actionnaires et associ\u00e9s librement&nbsp;? Quelles sont les cons\u00e9quences de la fin de son mandat social&nbsp;?<\/p>\n<p><br><\/p>\n<h3>D\u00e9part dirigeant : le d\u00e9part volontaire<\/h3>\n<p>Le mandat social d\u2019un dirigeant d\u2019une entreprise prend fin de deux mani\u00e8res. Par un d\u00e9part forc\u00e9, ou par un d\u00e9part volontaire. Pour le d\u00e9part volontaire, il peut s\u2019agit de d\u00e9part \u00e0 la <a href=\"https:\/\/blog.legalvision.fr\/2019\/02\/21\/depart-a-la-retraite-d-un-gerant-de-sarl-risques-a-eviter\/\">retraite<\/a>, la d\u00e9mission, la fin ou la rupture du mandant social d\u2019un commun accord, le non renouvellement du contrat du dirigeant. Concernant les SARL, leurs dirigeants sont en principe nomm\u00e9s pour une dur\u00e9e ind\u00e9termin\u00e9e. \u00c0 cet effet, tant que la SARL existe, ses dirigeants restent en fonction. Arriv\u00e9 \u00e0 l\u2019\u00e9ch\u00e9ance, leur mandat prend fin. Pour les <a href=\"https:\/\/blog.legalvision.fr\/2018\/11\/15\/creer-une-societe-anonyme\/\">SA<\/a>, le mandat social&nbsp; peut automatiquement prendre fin apr\u00e8s que ce dernier ait atteint une certaine limite d\u2019\u00e2ge d\u00e9finie par les statuts. Il peut \u00e9galement d\u00e9missionner de ses fonctions en respectant la proc\u00e9dure y aff\u00e9rente. Enfin, s\u2019agissant de SAS et de SARL, leurs dirigeants peuvent \u00e0 tout moment d\u00e9missionner sans qu\u2019ils aient \u00e0 justifier leur acte.<\/p>\n<p><br><\/p>\n<h3>Le d\u00e9part forc\u00e9<\/h3>\n<p>Le d\u00e9part forc\u00e9 d\u2019un dirigeant se fait suite \u00e0 une r\u00e9vocation par les actionnaires ou les associ\u00e9s. Sont r\u00e9vocables \u00ab&nbsp;ad nutum&nbsp;\u00bb, c\u2019est-\u00e0-dire sans motif, ni pr\u00e9avis ni indemnit\u00e9s, le directeur g\u00e9n\u00e9ral, le pr\u00e9sident du conseil d\u2019administration, ainsi que les membres du conseil de surveillance. Par contre, pour les <a href=\"https:\/\/blog.legalvision.fr\/2019\/07\/11\/definition-mandataire-social\/\">mandataires sociaux<\/a> tels que les g\u00e9rants des SARL, cette r\u00e9vocation doit \u00eatre justifi\u00e9e. Ainsi, la d\u00e9cision de r\u00e9vocation doit \u00eatre prise en AG des associ\u00e9s r\u00e9unissant plus de la moiti\u00e9 des parts de la soci\u00e9t\u00e9. Ou alors, apr\u00e8s qu\u2019un associ\u00e9 ait d\u00e9pos\u00e9 une demande de r\u00e9vocation du dirigeant aupr\u00e8s du tribunal de commerce pour motif l\u00e9gitime.<\/p>\n<p><br><\/p>\n<h3>D\u00e9part dirigeant, une rupture syst\u00e9matique&nbsp;?<\/h3>\n<p>L\u2019annonce de la fin du mandant social du dirigeant, qu\u2019il s\u2019agisse de cessation forc\u00e9e ou volontaire ne signifie pas rupture syst\u00e9matique de tous les contrats mettant en relation la soci\u00e9t\u00e9 et le dirigeant. En effet, si le dirigeant a sign\u00e9 un <a href=\"https:\/\/blog.legalvision.fr\/2019\/10\/01\/contrat-de-travail-tout-ce-qu-il-faut-savoir\/\">contrat de travail<\/a> avec l\u2019entreprise, celui-ci perdure malgr\u00e9 la fin de sa fonction. Dans ce cas, il va jouir des m\u00eames avantages que les autres employ\u00e9s de la soci\u00e9t\u00e9 (s\u00e9curit\u00e9 sociale, assurance ch\u00f4mage\u2026).<\/p>\n<p><br><\/p>\n<h2 id=\"2\">Les modalit\u00e9s de cessation de fonction<\/h2>\n<p>Le d\u00e9part d\u2019un dirigeant d\u2019une soci\u00e9t\u00e9 oblige cette derni\u00e8re \u00e0 accomplir plusieurs d\u00e9marches juridiques, administratives et fiscales y aff\u00e9rentes.<\/p>\n<p><br><\/p>\n<h3>Le versement des indemnit\u00e9s de rupture<\/h3>\n<p>Lorsque le mandataire social cesse ses fonctions, il a droit \u00e0 une indemnit\u00e9 de rupture. Cette indemnit\u00e9 d\u00e9part est assujettie aux contributions et <a href=\"https:\/\/www.service-public.fr\/professionnels-entreprises\/vosdroits\/F24013\">cotisations sociales<\/a>. Cependant, les indemnit\u00e9s vers\u00e9es lors d\u2019un d\u00e9part forc\u00e9 sont les seules \u00e0 faire l\u2019objet d\u2019une exon\u00e9ration plafonn\u00e9e.<\/p>\n<p><br><\/p>\n<h4>1.Indemnit\u00e9 en cas de d\u00e9part volontaire<\/h4>\n<p>Les indemnit\u00e9s transactionnelles et contractuelles vers\u00e9es au dirigeant et mandataires sociaux en cas d\u2019interruption volontaire de leurs fonctions sont enti\u00e8rement assujettis \u00e0 la cotisation de la <a href=\"https:\/\/solidarites-sante.gouv.fr\/affaires-sociales\/securite-sociale\/article\/presentation-de-la-securite-sociale\">S\u00e9curit\u00e9 sociale<\/a>. Le m\u00eame principe est applicable pour le r\u00e9gime fiscal (art. 80 duodecies 2 du Code g\u00e9n\u00e9ral des imp\u00f4ts).<\/p>\n<p><br><\/p>\n<ol start=\"2\">\n<li>\n<h4>Indemnit\u00e9 en cas de d\u00e9part forc\u00e9e<\/h4>\n<\/li>\n<\/ol>\n<p>En ce qui concerne la r\u00e9vocation ou la cessation forc\u00e9e, celle-ci doit \u00eatre appr\u00e9ci\u00e9e par l\u2019Administration. En effet, il peut arriver qu\u2019un d\u00e9part volontaire soit en fait un d\u00e9part contraint. Dans ce cas, on peut assimiler cette situation \u00e0 une cessation forc\u00e9e. Dans tous les cas, pour appr\u00e9cier le montant des indemnit\u00e9s, il faut prendre en compte non seulement l\u2019indemnit\u00e9 de rupture pour cessation forc\u00e9e de la fonction, mais aussi celui du contrat de travail dans le cas o\u00f9 le mandataire social aurait \u00e9galement \u00e9t\u00e9 li\u00e9 par un contrat de travail dans l\u2019entreprise.<\/p>\n<p><br><\/p>\n<table>\n<tbody>\n<tr>\n<td width=\"201\">&nbsp;<\/td>\n<td width=\"201\">IR<\/td>\n<td width=\"201\">CSG et CRDS<\/td>\n<\/tr>\n<tr>\n<td width=\"201\">Indemnit\u00e9 de cessation forc\u00e9e du mandat social<\/td>\n<td width=\"201\">(*3) plafond annuel de la s\u00e9curit\u00e9 sociale = exon\u00e9r\u00e9 <a href=\"https:\/\/www.economie.gouv.fr\/particuliers\/impot-revenu\">d\u2019IR<\/a><\/td>\n<td width=\"201\">(*5) plafond annuel de la s\u00e9curit\u00e9 sociale = assujetties \u00e0 la CSG\/CRDS et aux cotisations sociales d\u00e8s le premier euro.<\/td>\n<\/tr>\n<\/tbody>\n<\/table>\n<h3>&nbsp;<\/h3>\n<h3>Les formalit\u00e9s suppl\u00e9mentaires<\/h3>\n<p>Outre le versement d\u2019une indemnit\u00e9 de rupture, la soci\u00e9t\u00e9 ainsi que le dirigeant en fin de mandat doivent \u00e9galement respecter les formalit\u00e9s suppl\u00e9mentaires li\u00e9es au d\u00e9part.<\/p>\n<p><br><\/p>\n<ol>\n<li>\n<h4>l\u2019autorisation d\u2019\u00e9tablissement<\/h4>\n<\/li>\n<\/ol>\n<p>Si le dirigeant d\u00e9missionnaire est mentionn\u00e9 en tant que titulaire dans l\u2019autorisation d\u2019\u00e9tablissement, alors, le Ministre de l\u2019\u00c9conomie doit \u00eatre inform\u00e9 de son d\u00e9part. Ce dernier peut valider une autorisation provisoire d\u2019une dur\u00e9e de 6 mois pour permettre \u00e0 la soci\u00e9t\u00e9 d\u2019engager un autre dirigeant.<\/p>\n<p><br><\/p>\n<ol start=\"2\">\n<li>\n<h4>La d\u00e9saffiliation \u00e0 la s\u00e9curit\u00e9 sociale<\/h4>\n<\/li>\n<\/ol>\n<p>En outre, il faudra \u00e9galement d\u00e9saffilier de dirigeant aupr\u00e8s du Centre de S\u00e9curit\u00e9 sociale, soit par une d\u00e9claration de sortie pour les salari\u00e9es, soit par d\u00e9claration de sortie pour les ind\u00e9pendants. Cette d\u00e9saffiliation doit se faire dans les 8 jours de la rupture de son contrat de travail.<\/p>\n<p><br><\/p>\n<ol start=\"3\">\n<li>\n<h4>La d\u00e9claration de cessation et la modification des informations au RCS<\/h4>\n<\/li>\n<\/ol>\n<p>Si le dirigeant est assujetti \u00e0 la <a href=\"https:\/\/blog.legalvision.fr\/2019\/08\/25\/comment-calculer-la-tva-tous-les-conseils-d-experts\/\">TVA<\/a>, il doit faire une d\u00e9claration de cessation d\u2019activit\u00e9 aupr\u00e8s de l\u2019administration fiscale, des domaines et de l\u2019administration de l\u2019enregistrement dans les 15 jours qui suivent son d\u00e9part. Enfin, une fois ces proc\u00e9dures achev\u00e9es, la soci\u00e9t\u00e9 devra effectuer une modification de ses inscriptions au <a href=\"https:\/\/blog.legalvision.fr\/2019\/11\/14\/qu-est-ce-que-le-rcs-et-son-role\/\">RCS<\/a>.<\/p>\n<p><br><\/p>\n<h2 id=\"3\">Cons\u00e9quences et obligations<\/h2>\n<p>Le d\u00e9part dirigeant d\u2019une soci\u00e9t\u00e9 implique le respect de certaines obligations de la part de celui-ci. Ces cons\u00e9quences vont varier en fonction des statuts de la soci\u00e9t\u00e9.<\/p>\n<p><br><\/p>\n<h3>D\u00e9part dirigeant : les obligations de loyaut\u00e9 et de restitution<\/h3>\n<p>Le dirigeant partant peut \u00eatre soumis \u00e0 une obligation de loyaut\u00e9. \u00c0 cet effet, il lui est interdit d\u2019afficher un comportement que l\u2019on pourrait qualifier de concurrence d\u00e9loyale (ex&nbsp;: d\u00e9marcher les clients de la soci\u00e9t\u00e9 sans avertir cette derni\u00e8re de sa d\u00e9mission). Par ailleurs, il a \u00e9galement l\u2019obligation de rendre \u00e0 la soci\u00e9t\u00e9 les biens qui ont \u00e9t\u00e9 mis \u00e0 sa disposition en vertu de sa fonction (v\u00e9hicule, logement \u2026).<\/p>\n<p><br><\/p>\n<h3>D\u00e9part dirigeant : les obligations de non-concurrence<\/h3>\n<p>Cette obligation n\u2019est pas de droit. Elle doit \u00eatre pr\u00e9vue par les statuts. Dans ce cas, le dirigeant partant n\u2019aura pas le droit de se r\u00e9installer dans une limite g\u00e9ographique impos\u00e9e par les statuts. D\u2019exercer certains types d\u2019activit\u00e9s pr\u00e9d\u00e9termin\u00e9es et pour une dur\u00e9e pr\u00e9vue par les statuts. Dans le cas o\u00f9 le dirigeant violerait ces dispositions statutaires, son ancienne soci\u00e9t\u00e9 sera en droit de lui demander des dommages et int\u00e9r\u00eats.<\/p><p><br><\/p>\n<div class=\"wp-block-button\" style=\"text-align: center;\"><a class=\"wp-block-button__link has-background\" href=\"https:\/\/leonard.fr\/juridique\/modification-societe\/ajouter-ou-changer-un-dirigeant\/?utm_source=blog&amp;utm_medium=CTA&amp;utm_campaign=depart_dirigeant&amp;utm_id=changement__dirigeant_blog\">Modifiez la direction de votre soci\u00e9t\u00e9<\/a><\/div>\t\t\t\t\t\t\t\t<\/div>\n\t\t\t\t<\/div>\n\t\t\t\t\t<\/div>\n\t\t<\/div>\n\t\t\t\t\t<\/div>\n\t\t<\/section>\n\t\t\t\t<\/div>\n\t\t","protected":false},"excerpt":{"rendered":"<p>Le dirigeant d\u2019une soci\u00e9t\u00e9 exerce ses fonctions gr\u00e2ce \u00e0 un mandat social. Qu\u2019il soit ou non associ\u00e9 dans ladite soci\u00e9t\u00e9, l\u2019exercice de sa fonction de dirigeant est totalement ind\u00e9pendant. Pour des raisons diverses, strat\u00e9gie commerciale, nouvelle organisation, etc., la fonction d\u2019un dirigeant peut \u00e0 tout moment prendre fin. V\u00e9ritable bouleversement, le d\u00e9part dirigeant peut engendrer&hellip; <a class=\"more-link\" href=\"https:\/\/www.legalvision.fr\/guides-juridiques\/dirigeant-de-societe\/depart-dirigeant\/\">Poursuivre la lecture <span class=\"screen-reader-text\">D\u00e9part dirigeant, les r\u00e8gles applicables<\/span><\/a><\/p>\n","protected":false},"author":47,"featured_media":10767,"comment_status":"closed","ping_status":"open","sticky":false,"template":"","format":"standard","meta":{"content-type":"","inline_featured_image":false,"footnotes":""},"categories":[2482],"tags":[],"class_list":["post-34155","post","type-post","status-publish","format-standard","has-post-thumbnail","hentry","category-dirigeant-de-societe","entry"],"yoast_head":"<!-- This site is optimized with the Yoast SEO plugin v27.1.1 - https:\/\/yoast.com\/product\/yoast-seo-wordpress\/ -->\n<title>D\u00e9part dirigeant, les r\u00e8gles applicables - Guides juridiques<\/title>\n<meta name=\"description\" content=\"Le d\u00e9part dirigeant peut engendrer d\u2019importantes cons\u00e9quences pour une entreprise. Comment s\u2019organise ce d\u00e9part ? Quelles sont les r\u00e8gles applicables ?\" \/>\n<meta name=\"robots\" content=\"index, follow, max-snippet:-1, max-image-preview:large, max-video-preview:-1\" \/>\n<link rel=\"canonical\" href=\"https:\/\/www.legalvision.fr\/guides-juridiques\/dirigeant-de-societe\/depart-dirigeant\/\" \/>\n<meta property=\"og:locale\" content=\"fr_FR\" \/>\n<meta property=\"og:type\" content=\"article\" \/>\n<meta property=\"og:title\" content=\"D\u00e9part dirigeant, les r\u00e8gles applicables - Guides juridiques\" \/>\n<meta property=\"og:description\" content=\"Le d\u00e9part dirigeant peut engendrer d\u2019importantes cons\u00e9quences pour une entreprise. Comment s\u2019organise ce d\u00e9part ? Quelles sont les r\u00e8gles applicables ?\" \/>\n<meta property=\"og:url\" content=\"https:\/\/www.legalvision.fr\/guides-juridiques\/dirigeant-de-societe\/depart-dirigeant\/\" \/>\n<meta property=\"og:site_name\" content=\"Guides juridiques\" \/>\n<meta property=\"article:published_time\" content=\"2020-06-19T06:30:19+00:00\" \/>\n<meta property=\"article:modified_time\" content=\"2023-10-23T09:12:13+00:00\" \/>\n<meta property=\"og:image\" content=\"https:\/\/www.legalvision.fr\/guides-juridiques\/wp-content\/uploads\/2019\/01\/licenciement-eco-ou-RC.png\" \/>\n\t<meta property=\"og:image:width\" content=\"958\" \/>\n\t<meta property=\"og:image:height\" content=\"350\" \/>\n\t<meta property=\"og:image:type\" content=\"image\/png\" \/>\n<meta name=\"author\" content=\"Vania Ranaivoarisoa\" \/>\n<meta name=\"twitter:card\" content=\"summary_large_image\" \/>\n<meta name=\"twitter:label1\" content=\"\u00c9crit par\" \/>\n\t<meta name=\"twitter:data1\" content=\"Vania Ranaivoarisoa\" \/>\n\t<meta name=\"twitter:label2\" content=\"Dur\u00e9e de lecture estim\u00e9e\" \/>\n\t<meta name=\"twitter:data2\" content=\"6 minutes\" \/>\n<script type=\"application\/ld+json\" class=\"yoast-schema-graph\">{\"@context\":\"https:\/\/schema.org\",\"@graph\":[{\"@type\":\"Article\",\"@id\":\"https:\/\/www.legalvision.fr\/guides-juridiques\/dirigeant-de-societe\/depart-dirigeant\/#article\",\"isPartOf\":{\"@id\":\"https:\/\/www.legalvision.fr\/guides-juridiques\/dirigeant-de-societe\/depart-dirigeant\/\"},\"author\":{\"name\":\"Vania Ranaivoarisoa\",\"@id\":\"https:\/\/www.legalvision.fr\/guides-juridiques\/#\/schema\/person\/f05b9a094c5fc94a9deb09299985db54\"},\"headline\":\"D\u00e9part dirigeant, les r\u00e8gles applicables\",\"datePublished\":\"2020-06-19T06:30:19+00:00\",\"dateModified\":\"2023-10-23T09:12:13+00:00\",\"mainEntityOfPage\":{\"@id\":\"https:\/\/www.legalvision.fr\/guides-juridiques\/dirigeant-de-societe\/depart-dirigeant\/\"},\"wordCount\":1364,\"publisher\":{\"@id\":\"https:\/\/www.legalvision.fr\/guides-juridiques\/#organization\"},\"image\":{\"@id\":\"https:\/\/www.legalvision.fr\/guides-juridiques\/dirigeant-de-societe\/depart-dirigeant\/#primaryimage\"},\"thumbnailUrl\":\"https:\/\/www.legalvision.fr\/guides-juridiques\/wp-content\/uploads\/2019\/01\/licenciement-eco-ou-RC.png\",\"articleSection\":[\"Dirigeant de soci\u00e9t\u00e9\"],\"inLanguage\":\"fr-FR\"},{\"@type\":\"WebPage\",\"@id\":\"https:\/\/www.legalvision.fr\/guides-juridiques\/dirigeant-de-societe\/depart-dirigeant\/\",\"url\":\"https:\/\/www.legalvision.fr\/guides-juridiques\/dirigeant-de-societe\/depart-dirigeant\/\",\"name\":\"D\u00e9part dirigeant, les r\u00e8gles applicables - Guides juridiques\",\"isPartOf\":{\"@id\":\"https:\/\/www.legalvision.fr\/guides-juridiques\/#website\"},\"primaryImageOfPage\":{\"@id\":\"https:\/\/www.legalvision.fr\/guides-juridiques\/dirigeant-de-societe\/depart-dirigeant\/#primaryimage\"},\"image\":{\"@id\":\"https:\/\/www.legalvision.fr\/guides-juridiques\/dirigeant-de-societe\/depart-dirigeant\/#primaryimage\"},\"thumbnailUrl\":\"https:\/\/www.legalvision.fr\/guides-juridiques\/wp-content\/uploads\/2019\/01\/licenciement-eco-ou-RC.png\",\"datePublished\":\"2020-06-19T06:30:19+00:00\",\"dateModified\":\"2023-10-23T09:12:13+00:00\",\"description\":\"Le d\u00e9part dirigeant peut engendrer d\u2019importantes cons\u00e9quences pour une entreprise. Comment s\u2019organise ce d\u00e9part ? Quelles sont les r\u00e8gles applicables ?\",\"breadcrumb\":{\"@id\":\"https:\/\/www.legalvision.fr\/guides-juridiques\/dirigeant-de-societe\/depart-dirigeant\/#breadcrumb\"},\"inLanguage\":\"fr-FR\",\"potentialAction\":[{\"@type\":\"ReadAction\",\"target\":[\"https:\/\/www.legalvision.fr\/guides-juridiques\/dirigeant-de-societe\/depart-dirigeant\/\"]}]},{\"@type\":\"ImageObject\",\"inLanguage\":\"fr-FR\",\"@id\":\"https:\/\/www.legalvision.fr\/guides-juridiques\/dirigeant-de-societe\/depart-dirigeant\/#primaryimage\",\"url\":\"https:\/\/www.legalvision.fr\/guides-juridiques\/wp-content\/uploads\/2019\/01\/licenciement-eco-ou-RC.png\",\"contentUrl\":\"https:\/\/www.legalvision.fr\/guides-juridiques\/wp-content\/uploads\/2019\/01\/licenciement-eco-ou-RC.png\",\"width\":958,\"height\":350,\"caption\":\"d\u00e9part dirigeant\"},{\"@type\":\"BreadcrumbList\",\"@id\":\"https:\/\/www.legalvision.fr\/guides-juridiques\/dirigeant-de-societe\/depart-dirigeant\/#breadcrumb\",\"itemListElement\":[{\"@type\":\"ListItem\",\"position\":1,\"name\":\"Accueil\",\"item\":\"https:\/\/www.legalvision.fr\/guides-juridiques\/\"},{\"@type\":\"ListItem\",\"position\":2,\"name\":\"Dirigeant de soci\u00e9t\u00e9\",\"item\":\"https:\/\/www.legalvision.fr\/guides-juridiques\/dirigeant-de-societe\/\"},{\"@type\":\"ListItem\",\"position\":3,\"name\":\"D\u00e9part dirigeant, les r\u00e8gles applicables\"}]},{\"@type\":\"WebSite\",\"@id\":\"https:\/\/www.legalvision.fr\/guides-juridiques\/#website\",\"url\":\"https:\/\/www.legalvision.fr\/guides-juridiques\/\",\"name\":\"Guides juridiques\",\"description\":\"L&#039;information juridique \u00e0 destination des entreprises et TPE\",\"publisher\":{\"@id\":\"https:\/\/www.legalvision.fr\/guides-juridiques\/#organization\"},\"potentialAction\":[{\"@type\":\"SearchAction\",\"target\":{\"@type\":\"EntryPoint\",\"urlTemplate\":\"https:\/\/www.legalvision.fr\/guides-juridiques\/?s={search_term_string}\"},\"query-input\":{\"@type\":\"PropertyValueSpecification\",\"valueRequired\":true,\"valueName\":\"search_term_string\"}}],\"inLanguage\":\"fr-FR\"},{\"@type\":\"Organization\",\"@id\":\"https:\/\/www.legalvision.fr\/guides-juridiques\/#organization\",\"name\":\"Guides juridiques\",\"url\":\"https:\/\/www.legalvision.fr\/guides-juridiques\/\",\"logo\":{\"@type\":\"ImageObject\",\"inLanguage\":\"fr-FR\",\"@id\":\"https:\/\/www.legalvision.fr\/guides-juridiques\/#\/schema\/logo\/image\/\",\"url\":\"https:\/\/www.legalvision.fr\/guides-juridiques\/wp-content\/uploads\/2022\/10\/LV-Logotype.png\",\"contentUrl\":\"https:\/\/www.legalvision.fr\/guides-juridiques\/wp-content\/uploads\/2022\/10\/LV-Logotype.png\",\"width\":647,\"height\":125,\"caption\":\"Guides juridiques\"},\"image\":{\"@id\":\"https:\/\/www.legalvision.fr\/guides-juridiques\/#\/schema\/logo\/image\/\"}},{\"@type\":\"Person\",\"@id\":\"https:\/\/www.legalvision.fr\/guides-juridiques\/#\/schema\/person\/f05b9a094c5fc94a9deb09299985db54\",\"name\":\"Vania Ranaivoarisoa\",\"image\":{\"@type\":\"ImageObject\",\"inLanguage\":\"fr-FR\",\"@id\":\"https:\/\/www.legalvision.fr\/guides-juridiques\/#\/schema\/person\/image\/\",\"url\":\"https:\/\/www.legalvision.fr\/guides-juridiques\/wp-content\/uploads\/2023\/07\/Femm21-96x96.png\",\"contentUrl\":\"https:\/\/www.legalvision.fr\/guides-juridiques\/wp-content\/uploads\/2023\/07\/Femm21-96x96.png\",\"caption\":\"Vania Ranaivoarisoa\"},\"description\":\"Juriste dipl\u00f4m\u00e9e en Master 2. Vania r\u00e9dige sous la direction de Lo\u00efc Le Goas, Avocat et Pr\u00e9sident de Legalvision.\",\"url\":\"https:\/\/www.legalvision.fr\/guides-juridiques\/author\/vania\/\"}]}<\/script>\n<!-- \/ Yoast SEO plugin. -->","yoast_head_json":{"title":"D\u00e9part dirigeant, les r\u00e8gles applicables - Guides juridiques","description":"Le d\u00e9part dirigeant peut engendrer d\u2019importantes cons\u00e9quences pour une entreprise. Comment s\u2019organise ce d\u00e9part ? Quelles sont les r\u00e8gles applicables ?","robots":{"index":"index","follow":"follow","max-snippet":"max-snippet:-1","max-image-preview":"max-image-preview:large","max-video-preview":"max-video-preview:-1"},"canonical":"https:\/\/www.legalvision.fr\/guides-juridiques\/dirigeant-de-societe\/depart-dirigeant\/","og_locale":"fr_FR","og_type":"article","og_title":"D\u00e9part dirigeant, les r\u00e8gles applicables - Guides juridiques","og_description":"Le d\u00e9part dirigeant peut engendrer d\u2019importantes cons\u00e9quences pour une entreprise. Comment s\u2019organise ce d\u00e9part ? Quelles sont les r\u00e8gles applicables ?","og_url":"https:\/\/www.legalvision.fr\/guides-juridiques\/dirigeant-de-societe\/depart-dirigeant\/","og_site_name":"Guides juridiques","article_published_time":"2020-06-19T06:30:19+00:00","article_modified_time":"2023-10-23T09:12:13+00:00","og_image":[{"width":958,"height":350,"url":"https:\/\/www.legalvision.fr\/guides-juridiques\/wp-content\/uploads\/2019\/01\/licenciement-eco-ou-RC.png","type":"image\/png"}],"author":"Vania Ranaivoarisoa","twitter_card":"summary_large_image","twitter_misc":{"\u00c9crit par":"Vania Ranaivoarisoa","Dur\u00e9e de lecture estim\u00e9e":"6 minutes"},"schema":{"@context":"https:\/\/schema.org","@graph":[{"@type":"Article","@id":"https:\/\/www.legalvision.fr\/guides-juridiques\/dirigeant-de-societe\/depart-dirigeant\/#article","isPartOf":{"@id":"https:\/\/www.legalvision.fr\/guides-juridiques\/dirigeant-de-societe\/depart-dirigeant\/"},"author":{"name":"Vania Ranaivoarisoa","@id":"https:\/\/www.legalvision.fr\/guides-juridiques\/#\/schema\/person\/f05b9a094c5fc94a9deb09299985db54"},"headline":"D\u00e9part dirigeant, les r\u00e8gles applicables","datePublished":"2020-06-19T06:30:19+00:00","dateModified":"2023-10-23T09:12:13+00:00","mainEntityOfPage":{"@id":"https:\/\/www.legalvision.fr\/guides-juridiques\/dirigeant-de-societe\/depart-dirigeant\/"},"wordCount":1364,"publisher":{"@id":"https:\/\/www.legalvision.fr\/guides-juridiques\/#organization"},"image":{"@id":"https:\/\/www.legalvision.fr\/guides-juridiques\/dirigeant-de-societe\/depart-dirigeant\/#primaryimage"},"thumbnailUrl":"https:\/\/www.legalvision.fr\/guides-juridiques\/wp-content\/uploads\/2019\/01\/licenciement-eco-ou-RC.png","articleSection":["Dirigeant de soci\u00e9t\u00e9"],"inLanguage":"fr-FR"},{"@type":"WebPage","@id":"https:\/\/www.legalvision.fr\/guides-juridiques\/dirigeant-de-societe\/depart-dirigeant\/","url":"https:\/\/www.legalvision.fr\/guides-juridiques\/dirigeant-de-societe\/depart-dirigeant\/","name":"D\u00e9part dirigeant, les r\u00e8gles applicables - Guides juridiques","isPartOf":{"@id":"https:\/\/www.legalvision.fr\/guides-juridiques\/#website"},"primaryImageOfPage":{"@id":"https:\/\/www.legalvision.fr\/guides-juridiques\/dirigeant-de-societe\/depart-dirigeant\/#primaryimage"},"image":{"@id":"https:\/\/www.legalvision.fr\/guides-juridiques\/dirigeant-de-societe\/depart-dirigeant\/#primaryimage"},"thumbnailUrl":"https:\/\/www.legalvision.fr\/guides-juridiques\/wp-content\/uploads\/2019\/01\/licenciement-eco-ou-RC.png","datePublished":"2020-06-19T06:30:19+00:00","dateModified":"2023-10-23T09:12:13+00:00","description":"Le d\u00e9part dirigeant peut engendrer d\u2019importantes cons\u00e9quences pour une entreprise. Comment s\u2019organise ce d\u00e9part ? Quelles sont les r\u00e8gles applicables ?","breadcrumb":{"@id":"https:\/\/www.legalvision.fr\/guides-juridiques\/dirigeant-de-societe\/depart-dirigeant\/#breadcrumb"},"inLanguage":"fr-FR","potentialAction":[{"@type":"ReadAction","target":["https:\/\/www.legalvision.fr\/guides-juridiques\/dirigeant-de-societe\/depart-dirigeant\/"]}]},{"@type":"ImageObject","inLanguage":"fr-FR","@id":"https:\/\/www.legalvision.fr\/guides-juridiques\/dirigeant-de-societe\/depart-dirigeant\/#primaryimage","url":"https:\/\/www.legalvision.fr\/guides-juridiques\/wp-content\/uploads\/2019\/01\/licenciement-eco-ou-RC.png","contentUrl":"https:\/\/www.legalvision.fr\/guides-juridiques\/wp-content\/uploads\/2019\/01\/licenciement-eco-ou-RC.png","width":958,"height":350,"caption":"d\u00e9part dirigeant"},{"@type":"BreadcrumbList","@id":"https:\/\/www.legalvision.fr\/guides-juridiques\/dirigeant-de-societe\/depart-dirigeant\/#breadcrumb","itemListElement":[{"@type":"ListItem","position":1,"name":"Accueil","item":"https:\/\/www.legalvision.fr\/guides-juridiques\/"},{"@type":"ListItem","position":2,"name":"Dirigeant de soci\u00e9t\u00e9","item":"https:\/\/www.legalvision.fr\/guides-juridiques\/dirigeant-de-societe\/"},{"@type":"ListItem","position":3,"name":"D\u00e9part dirigeant, les r\u00e8gles applicables"}]},{"@type":"WebSite","@id":"https:\/\/www.legalvision.fr\/guides-juridiques\/#website","url":"https:\/\/www.legalvision.fr\/guides-juridiques\/","name":"Guides juridiques","description":"L&#039;information juridique \u00e0 destination des entreprises et TPE","publisher":{"@id":"https:\/\/www.legalvision.fr\/guides-juridiques\/#organization"},"potentialAction":[{"@type":"SearchAction","target":{"@type":"EntryPoint","urlTemplate":"https:\/\/www.legalvision.fr\/guides-juridiques\/?s={search_term_string}"},"query-input":{"@type":"PropertyValueSpecification","valueRequired":true,"valueName":"search_term_string"}}],"inLanguage":"fr-FR"},{"@type":"Organization","@id":"https:\/\/www.legalvision.fr\/guides-juridiques\/#organization","name":"Guides juridiques","url":"https:\/\/www.legalvision.fr\/guides-juridiques\/","logo":{"@type":"ImageObject","inLanguage":"fr-FR","@id":"https:\/\/www.legalvision.fr\/guides-juridiques\/#\/schema\/logo\/image\/","url":"https:\/\/www.legalvision.fr\/guides-juridiques\/wp-content\/uploads\/2022\/10\/LV-Logotype.png","contentUrl":"https:\/\/www.legalvision.fr\/guides-juridiques\/wp-content\/uploads\/2022\/10\/LV-Logotype.png","width":647,"height":125,"caption":"Guides juridiques"},"image":{"@id":"https:\/\/www.legalvision.fr\/guides-juridiques\/#\/schema\/logo\/image\/"}},{"@type":"Person","@id":"https:\/\/www.legalvision.fr\/guides-juridiques\/#\/schema\/person\/f05b9a094c5fc94a9deb09299985db54","name":"Vania Ranaivoarisoa","image":{"@type":"ImageObject","inLanguage":"fr-FR","@id":"https:\/\/www.legalvision.fr\/guides-juridiques\/#\/schema\/person\/image\/","url":"https:\/\/www.legalvision.fr\/guides-juridiques\/wp-content\/uploads\/2023\/07\/Femm21-96x96.png","contentUrl":"https:\/\/www.legalvision.fr\/guides-juridiques\/wp-content\/uploads\/2023\/07\/Femm21-96x96.png","caption":"Vania Ranaivoarisoa"},"description":"Juriste dipl\u00f4m\u00e9e en Master 2. Vania r\u00e9dige sous la direction de Lo\u00efc Le Goas, Avocat et Pr\u00e9sident de Legalvision.","url":"https:\/\/www.legalvision.fr\/guides-juridiques\/author\/vania\/"}]}},"_links":{"self":[{"href":"https:\/\/www.legalvision.fr\/guides-juridiques\/wp-json\/wp\/v2\/posts\/34155","targetHints":{"allow":["GET"]}}],"collection":[{"href":"https:\/\/www.legalvision.fr\/guides-juridiques\/wp-json\/wp\/v2\/posts"}],"about":[{"href":"https:\/\/www.legalvision.fr\/guides-juridiques\/wp-json\/wp\/v2\/types\/post"}],"author":[{"embeddable":true,"href":"https:\/\/www.legalvision.fr\/guides-juridiques\/wp-json\/wp\/v2\/users\/47"}],"replies":[{"embeddable":true,"href":"https:\/\/www.legalvision.fr\/guides-juridiques\/wp-json\/wp\/v2\/comments?post=34155"}],"version-history":[{"count":54,"href":"https:\/\/www.legalvision.fr\/guides-juridiques\/wp-json\/wp\/v2\/posts\/34155\/revisions"}],"predecessor-version":[{"id":40295,"href":"https:\/\/www.legalvision.fr\/guides-juridiques\/wp-json\/wp\/v2\/posts\/34155\/revisions\/40295"}],"wp:featuredmedia":[{"embeddable":true,"href":"https:\/\/www.legalvision.fr\/guides-juridiques\/wp-json\/wp\/v2\/media\/10767"}],"wp:attachment":[{"href":"https:\/\/www.legalvision.fr\/guides-juridiques\/wp-json\/wp\/v2\/media?parent=34155"}],"wp:term":[{"taxonomy":"category","embeddable":true,"href":"https:\/\/www.legalvision.fr\/guides-juridiques\/wp-json\/wp\/v2\/categories?post=34155"},{"taxonomy":"post_tag","embeddable":true,"href":"https:\/\/www.legalvision.fr\/guides-juridiques\/wp-json\/wp\/v2\/tags?post=34155"}],"curies":[{"name":"wp","href":"https:\/\/api.w.org\/{rel}","templated":true}]}}