{"id":32559,"date":"2020-02-09T07:30:58","date_gmt":"2020-02-09T06:30:58","guid":{"rendered":"https:\/\/blog.legalvision.fr\/?p=32559"},"modified":"2022-03-27T21:20:43","modified_gmt":"2022-03-27T19:20:43","slug":"la-temperature-monte-durant-la-cop-25","status":"publish","type":"post","link":"https:\/\/www.legalvision.fr\/guides-juridiques\/actualite-juridique\/la-temperature-monte-durant-la-cop-25\/","title":{"rendered":"La temp\u00e9rature monte durant la COP 25 !"},"content":{"rendered":"<h4><u><\/u>Connaissez-vous la <strong>COP<\/strong>\u00a0?<\/h4>\n<p>Voici un bref aper\u00e7u du principe\u00a0:<\/p>\n<p>Il existe en effet de plus en plus de preuves des effets du changement climatique, en particulier lors de ph\u00e9nom\u00e8nes m\u00e9t\u00e9orologiques extr\u00eames, et ces effets p\u00e8sent davantage.<br \/>\nLa science montre que les \u00e9missions de gaz \u00e0 effet de serre continuent <strong>d&rsquo;augmenter<\/strong> et non de diminuer.<\/p>\n<p>C\u2019est pourquoi il est important d\u2019agir\u00a0! Mais pour cela il faut agir \u00e0 l\u2019\u00e9chelle du monde et donc avec la participation de nombreux pays.<\/p>\n<p>Ainsi, la COP est une conf\u00e9rence des parties, qui\u00a0 sont les pays membres d\u2019une convention internationale sur le changement climatique, cr\u00e9\u00e9e il y a <strong>25 ans<\/strong> maintenant.<\/p>\n<p>Tous les signataires se r\u00e9unissent chaque ann\u00e9e pour une nouvelle COP annuelle de deux semaines, souvent \u00e0 la fin de l&rsquo;ann\u00e9e.\u00a0Ils y n\u00e9gocient et adoptent des d\u00e9cisions en faveur du climat, et veillent \u00e0 leur suivi.<\/p>\n<p>C&rsquo;est notamment \u00e0 l&rsquo;issue de la\u00a0<strong>COP 21<\/strong>\u00a0en France que les \u00c9tats ont sign\u00e9 l&rsquo;<strong>accord de Paris<\/strong>, s&rsquo;engageant \u00e0 limiter la hausse des temp\u00e9ratures par rapport \u00e0 l&rsquo;\u00e8re pr\u00e9industrielle.\u00a0Toutefois,certains pays se sont,par la suite, retir\u00e9s de cet accord.<\/p>\n<h4><strong>Qui fait parti de cette COP annuelle\u00a0? <\/strong><\/h4>\n<p>Nombre de pays participant \u00e0 la COP25\u00a0:\u00a0<strong>190 pays <\/strong><\/p>\n<h4><strong>Que signifie COP\u00a0? <\/strong><\/h4>\n<p>Le terme \u00ab\u00a0<strong>COP<\/strong>\u00a0\u00bb\u00a0signifie\u00a0\u00ab Conf\u00e9rence des Parties \u00bb li\u00e9e \u00e0 la Convention de l&rsquo;Onu sur le climat. Cette convention internationale a \u00e9t\u00e9 adopt\u00e9e en 1992 pour ma\u00eetriser l&rsquo;augmentation des gaz \u00e0 effet de serre caus\u00e9e par l&rsquo;homme, dans le but d&rsquo;\u00e9viter un d\u00e9r\u00e8glement dangereux du climat.<\/p>\n<h4><strong>Quel est le bilan de la COP 25\u00a0? <\/strong><\/h4>\n<p>Le bilan de la COP 25 n\u2019est <strong>pas tr\u00e8s positif<\/strong>. En effet, les r\u00e9sultats ne sont pas \u00e0 la hauteur des enjeux actuels.<\/p>\n<p>Voici quelques exemples de probl\u00e9matiques s\u00e9rieuses qui n\u2019ont pas encore \u00e9t\u00e9 r\u00e9solues\u00a0:<\/p>\n<ul>\n<li>Aucun des grands pays \u00e9metteurs de gaz \u00e0 effet de serre n\u2019a fait d\u2019annonce significative pour rehausser ses ambitions.<br \/>\nAinsi, au rythme actuel des \u00e9missions de CO2, le mercure pourrait gagner <strong>jusqu\u2019\u00e0 5\u00b0C<\/strong> d\u2019ici la fin du si\u00e8cle, entra\u00eenant de nombreuses catastrophes.<\/li>\n<li>Ni la Chine, ni le Br\u00e9sil, ni l\u2019Australie ou le Canada n\u2019ont laiss\u00e9 entendre, lors de cette COP, qu\u2019ils \u00e9taient pr\u00eats \u00e0 accro\u00eetre leurs efforts pour r\u00e9duire leur empreinte carbone. Les \u00c9tats-Unis ont choisi de se retirer d\u00e9finitivement de l\u2019Accord de Paris d\u2019ici novembre 2020.<\/li>\n<\/ul>\n<p>Ainsi, la COP25 ne pr\u00e9sente que de faibles avanc\u00e9es. Il faudra donc patienter jusqu\u2019\u00e0 la prochaine \u00e9dition, qui se tiendra \u00e0 <strong>Glasgow<\/strong>, au Royaume-Uni, l\u2019ann\u00e9e prochaine.<\/p>\n<p>&nbsp;<\/p>\n<p>Pour finir, il existe toutefois un point positif qui ressort de la COP25. Les pays membres de l\u2019Union europ\u00e9enne ont en effet adopt\u00e9 le <strong>Green Deal<\/strong> propos\u00e9 par la Commission Von der Leyen, du nom de la nouvelle Pr\u00e9sidente de la Commission Europ\u00e9enne. Celui-ci fixe un objectif de <strong>neutralit\u00e9 carbone \u00e0 l\u2019horizon 2050. <\/strong>Cet accord se traduit en un plan d\u2019action sur des mesures concr\u00e8tes et des investissements cons\u00e9quents dans la transition \u00e9cologique, des engagements \u00e0 \u00e9liminer le charbon, des soutiens en faveur des \u00e9nergies vertes, etc.<\/p>\n<p>&nbsp;<\/p>\n<p><\/p>\n<div class=\"wp-block-button\" style=\"text-align:center;\"><a class=\"wp-block-button__link has-background\" href=\"https:\/\/www.legalvision.fr\/tous-les-services\/\">Voir les services LegalVision<\/a><\/div>\n","protected":false},"excerpt":{"rendered":"<p>Connaissez-vous la COP\u00a0? Voici un bref aper\u00e7u du principe\u00a0: Il existe en effet de plus en plus de preuves des effets du changement climatique, en particulier lors de ph\u00e9nom\u00e8nes m\u00e9t\u00e9orologiques extr\u00eames, et ces effets p\u00e8sent davantage. La science montre que les \u00e9missions de gaz \u00e0 effet de serre continuent d&rsquo;augmenter et non de diminuer. C\u2019est&hellip; <a class=\"more-link\" href=\"https:\/\/www.legalvision.fr\/guides-juridiques\/actualite-juridique\/la-temperature-monte-durant-la-cop-25\/\">Poursuivre la lecture <span class=\"screen-reader-text\">La temp\u00e9rature monte durant la COP 25 !<\/span><\/a><\/p>\n","protected":false},"author":63,"featured_media":32565,"comment_status":"open","ping_status":"open","sticky":false,"template":"","format":"standard","meta":{"content-type":"","inline_featured_image":false,"footnotes":""},"categories":[2475],"tags":[],"class_list":["post-32559","post","type-post","status-publish","format-standard","has-post-thumbnail","hentry","category-actualite-juridique","entry"],"yoast_head":"<!-- This site is optimized with the Yoast SEO plugin v27.1.1 - https:\/\/yoast.com\/product\/yoast-seo-wordpress\/ -->\n<title>La temp\u00e9rature monte durant la COP 25 !<\/title>\n<meta name=\"description\" content=\"La COP 25 s&#039;est d\u00e9roul\u00e9 \u00e0 Madrid ! Toutefois le bilan n&#039;est pas positif. En effet, beaucoup de d\u00e9ception se font sentir apr\u00e8s le d\u00e9roulement de la COP25\" \/>\n<meta name=\"robots\" content=\"index, follow, max-snippet:-1, max-image-preview:large, max-video-preview:-1\" \/>\n<link rel=\"canonical\" href=\"https:\/\/www.legalvision.fr\/guides-juridiques\/actualite-juridique\/la-temperature-monte-durant-la-cop-25\/\" \/>\n<meta property=\"og:locale\" content=\"fr_FR\" \/>\n<meta property=\"og:type\" content=\"article\" \/>\n<meta property=\"og:title\" content=\"La temp\u00e9rature monte durant la COP 25 !\" \/>\n<meta property=\"og:description\" content=\"La COP 25 s&#039;est d\u00e9roul\u00e9 \u00e0 Madrid ! Toutefois le bilan n&#039;est pas positif. En effet, beaucoup de d\u00e9ception se font sentir apr\u00e8s le d\u00e9roulement de la COP25\" \/>\n<meta property=\"og:url\" content=\"https:\/\/www.legalvision.fr\/guides-juridiques\/actualite-juridique\/la-temperature-monte-durant-la-cop-25\/\" \/>\n<meta property=\"og:site_name\" content=\"Guides juridiques\" \/>\n<meta property=\"article:published_time\" content=\"2020-02-09T06:30:58+00:00\" \/>\n<meta property=\"article:modified_time\" content=\"2022-03-27T19:20:43+00:00\" \/>\n<meta property=\"og:image\" content=\"https:\/\/www.legalvision.fr\/guides-juridiques\/wp-content\/uploads\/2020\/02\/image-cop-25.jpg\" \/>\n\t<meta property=\"og:image:width\" content=\"958\" \/>\n\t<meta property=\"og:image:height\" content=\"350\" \/>\n\t<meta property=\"og:image:type\" content=\"image\/jpeg\" \/>\n<meta name=\"author\" content=\"Louise Binouil\" \/>\n<meta name=\"twitter:card\" content=\"summary_large_image\" \/>\n<meta name=\"twitter:label1\" content=\"\u00c9crit par\" \/>\n\t<meta name=\"twitter:data1\" content=\"Louise Binouil\" \/>\n\t<meta name=\"twitter:label2\" content=\"Dur\u00e9e de lecture estim\u00e9e\" \/>\n\t<meta name=\"twitter:data2\" content=\"3 minutes\" \/>\n<script type=\"application\/ld+json\" class=\"yoast-schema-graph\">{\"@context\":\"https:\/\/schema.org\",\"@graph\":[{\"@type\":\"Article\",\"@id\":\"https:\/\/www.legalvision.fr\/guides-juridiques\/actualite-juridique\/la-temperature-monte-durant-la-cop-25\/#article\",\"isPartOf\":{\"@id\":\"https:\/\/www.legalvision.fr\/guides-juridiques\/actualite-juridique\/la-temperature-monte-durant-la-cop-25\/\"},\"author\":{\"name\":\"Louise Binouil\",\"@id\":\"https:\/\/www.legalvision.fr\/guides-juridiques\/#\/schema\/person\/49dd27c34947d7c6a8de71651e4469a3\"},\"headline\":\"La temp\u00e9rature monte durant la COP 25 !\",\"datePublished\":\"2020-02-09T06:30:58+00:00\",\"dateModified\":\"2022-03-27T19:20:43+00:00\",\"mainEntityOfPage\":{\"@id\":\"https:\/\/www.legalvision.fr\/guides-juridiques\/actualite-juridique\/la-temperature-monte-durant-la-cop-25\/\"},\"wordCount\":553,\"commentCount\":0,\"publisher\":{\"@id\":\"https:\/\/www.legalvision.fr\/guides-juridiques\/#organization\"},\"image\":{\"@id\":\"https:\/\/www.legalvision.fr\/guides-juridiques\/actualite-juridique\/la-temperature-monte-durant-la-cop-25\/#primaryimage\"},\"thumbnailUrl\":\"https:\/\/www.legalvision.fr\/guides-juridiques\/wp-content\/uploads\/2020\/02\/image-cop-25.jpg\",\"articleSection\":[\"Actualit\u00e9 juridique\"],\"inLanguage\":\"fr-FR\",\"potentialAction\":[{\"@type\":\"CommentAction\",\"name\":\"Comment\",\"target\":[\"https:\/\/www.legalvision.fr\/guides-juridiques\/actualite-juridique\/la-temperature-monte-durant-la-cop-25\/#respond\"]}]},{\"@type\":\"WebPage\",\"@id\":\"https:\/\/www.legalvision.fr\/guides-juridiques\/actualite-juridique\/la-temperature-monte-durant-la-cop-25\/\",\"url\":\"https:\/\/www.legalvision.fr\/guides-juridiques\/actualite-juridique\/la-temperature-monte-durant-la-cop-25\/\",\"name\":\"La temp\u00e9rature monte durant la COP 25 !\",\"isPartOf\":{\"@id\":\"https:\/\/www.legalvision.fr\/guides-juridiques\/#website\"},\"primaryImageOfPage\":{\"@id\":\"https:\/\/www.legalvision.fr\/guides-juridiques\/actualite-juridique\/la-temperature-monte-durant-la-cop-25\/#primaryimage\"},\"image\":{\"@id\":\"https:\/\/www.legalvision.fr\/guides-juridiques\/actualite-juridique\/la-temperature-monte-durant-la-cop-25\/#primaryimage\"},\"thumbnailUrl\":\"https:\/\/www.legalvision.fr\/guides-juridiques\/wp-content\/uploads\/2020\/02\/image-cop-25.jpg\",\"datePublished\":\"2020-02-09T06:30:58+00:00\",\"dateModified\":\"2022-03-27T19:20:43+00:00\",\"description\":\"La COP 25 s'est d\u00e9roul\u00e9 \u00e0 Madrid ! Toutefois le bilan n'est pas positif. En effet, beaucoup de d\u00e9ception se font sentir apr\u00e8s le d\u00e9roulement de la COP25\",\"breadcrumb\":{\"@id\":\"https:\/\/www.legalvision.fr\/guides-juridiques\/actualite-juridique\/la-temperature-monte-durant-la-cop-25\/#breadcrumb\"},\"inLanguage\":\"fr-FR\",\"potentialAction\":[{\"@type\":\"ReadAction\",\"target\":[\"https:\/\/www.legalvision.fr\/guides-juridiques\/actualite-juridique\/la-temperature-monte-durant-la-cop-25\/\"]}]},{\"@type\":\"ImageObject\",\"inLanguage\":\"fr-FR\",\"@id\":\"https:\/\/www.legalvision.fr\/guides-juridiques\/actualite-juridique\/la-temperature-monte-durant-la-cop-25\/#primaryimage\",\"url\":\"https:\/\/www.legalvision.fr\/guides-juridiques\/wp-content\/uploads\/2020\/02\/image-cop-25.jpg\",\"contentUrl\":\"https:\/\/www.legalvision.fr\/guides-juridiques\/wp-content\/uploads\/2020\/02\/image-cop-25.jpg\",\"width\":958,\"height\":350,\"caption\":\"COP25\"},{\"@type\":\"BreadcrumbList\",\"@id\":\"https:\/\/www.legalvision.fr\/guides-juridiques\/actualite-juridique\/la-temperature-monte-durant-la-cop-25\/#breadcrumb\",\"itemListElement\":[{\"@type\":\"ListItem\",\"position\":1,\"name\":\"Accueil\",\"item\":\"https:\/\/www.legalvision.fr\/guides-juridiques\/\"},{\"@type\":\"ListItem\",\"position\":2,\"name\":\"Actualit\u00e9 juridique\",\"item\":\"https:\/\/www.legalvision.fr\/guides-juridiques\/actualite-juridique\/\"},{\"@type\":\"ListItem\",\"position\":3,\"name\":\"La temp\u00e9rature monte durant la COP 25 !\"}]},{\"@type\":\"WebSite\",\"@id\":\"https:\/\/www.legalvision.fr\/guides-juridiques\/#website\",\"url\":\"https:\/\/www.legalvision.fr\/guides-juridiques\/\",\"name\":\"Guides juridiques\",\"description\":\"L&#039;information juridique \u00e0 destination des entreprises et TPE\",\"publisher\":{\"@id\":\"https:\/\/www.legalvision.fr\/guides-juridiques\/#organization\"},\"potentialAction\":[{\"@type\":\"SearchAction\",\"target\":{\"@type\":\"EntryPoint\",\"urlTemplate\":\"https:\/\/www.legalvision.fr\/guides-juridiques\/?s={search_term_string}\"},\"query-input\":{\"@type\":\"PropertyValueSpecification\",\"valueRequired\":true,\"valueName\":\"search_term_string\"}}],\"inLanguage\":\"fr-FR\"},{\"@type\":\"Organization\",\"@id\":\"https:\/\/www.legalvision.fr\/guides-juridiques\/#organization\",\"name\":\"Guides juridiques\",\"url\":\"https:\/\/www.legalvision.fr\/guides-juridiques\/\",\"logo\":{\"@type\":\"ImageObject\",\"inLanguage\":\"fr-FR\",\"@id\":\"https:\/\/www.legalvision.fr\/guides-juridiques\/#\/schema\/logo\/image\/\",\"url\":\"https:\/\/www.legalvision.fr\/guides-juridiques\/wp-content\/uploads\/2022\/10\/LV-Logotype.png\",\"contentUrl\":\"https:\/\/www.legalvision.fr\/guides-juridiques\/wp-content\/uploads\/2022\/10\/LV-Logotype.png\",\"width\":647,\"height\":125,\"caption\":\"Guides juridiques\"},\"image\":{\"@id\":\"https:\/\/www.legalvision.fr\/guides-juridiques\/#\/schema\/logo\/image\/\"}},{\"@type\":\"Person\",\"@id\":\"https:\/\/www.legalvision.fr\/guides-juridiques\/#\/schema\/person\/49dd27c34947d7c6a8de71651e4469a3\",\"name\":\"Louise Binouil\",\"image\":{\"@type\":\"ImageObject\",\"inLanguage\":\"fr-FR\",\"@id\":\"https:\/\/www.legalvision.fr\/guides-juridiques\/#\/schema\/person\/image\/\",\"url\":\"https:\/\/www.legalvision.fr\/guides-juridiques\/wp-content\/uploads\/2023\/07\/fem-96x96.png\",\"contentUrl\":\"https:\/\/www.legalvision.fr\/guides-juridiques\/wp-content\/uploads\/2023\/07\/fem-96x96.png\",\"caption\":\"Louise Binouil\"},\"description\":\"Apr\u00e8s des \u00e9tudes de droit, je travaille chez LegalVision pour venir en aide aux entreprises dans leurs d\u00e9marches juridique.\",\"url\":\"https:\/\/www.legalvision.fr\/guides-juridiques\/author\/louise\/\"}]}<\/script>\n<!-- \/ Yoast SEO plugin. -->","yoast_head_json":{"title":"La temp\u00e9rature monte durant la COP 25 !","description":"La COP 25 s'est d\u00e9roul\u00e9 \u00e0 Madrid ! Toutefois le bilan n'est pas positif. En effet, beaucoup de d\u00e9ception se font sentir apr\u00e8s le d\u00e9roulement de la COP25","robots":{"index":"index","follow":"follow","max-snippet":"max-snippet:-1","max-image-preview":"max-image-preview:large","max-video-preview":"max-video-preview:-1"},"canonical":"https:\/\/www.legalvision.fr\/guides-juridiques\/actualite-juridique\/la-temperature-monte-durant-la-cop-25\/","og_locale":"fr_FR","og_type":"article","og_title":"La temp\u00e9rature monte durant la COP 25 !","og_description":"La COP 25 s'est d\u00e9roul\u00e9 \u00e0 Madrid ! Toutefois le bilan n'est pas positif. En effet, beaucoup de d\u00e9ception se font sentir apr\u00e8s le d\u00e9roulement de la COP25","og_url":"https:\/\/www.legalvision.fr\/guides-juridiques\/actualite-juridique\/la-temperature-monte-durant-la-cop-25\/","og_site_name":"Guides juridiques","article_published_time":"2020-02-09T06:30:58+00:00","article_modified_time":"2022-03-27T19:20:43+00:00","og_image":[{"width":958,"height":350,"url":"https:\/\/www.legalvision.fr\/guides-juridiques\/wp-content\/uploads\/2020\/02\/image-cop-25.jpg","type":"image\/jpeg"}],"author":"Louise Binouil","twitter_card":"summary_large_image","twitter_misc":{"\u00c9crit par":"Louise Binouil","Dur\u00e9e de lecture estim\u00e9e":"3 minutes"},"schema":{"@context":"https:\/\/schema.org","@graph":[{"@type":"Article","@id":"https:\/\/www.legalvision.fr\/guides-juridiques\/actualite-juridique\/la-temperature-monte-durant-la-cop-25\/#article","isPartOf":{"@id":"https:\/\/www.legalvision.fr\/guides-juridiques\/actualite-juridique\/la-temperature-monte-durant-la-cop-25\/"},"author":{"name":"Louise Binouil","@id":"https:\/\/www.legalvision.fr\/guides-juridiques\/#\/schema\/person\/49dd27c34947d7c6a8de71651e4469a3"},"headline":"La temp\u00e9rature monte durant la COP 25 !","datePublished":"2020-02-09T06:30:58+00:00","dateModified":"2022-03-27T19:20:43+00:00","mainEntityOfPage":{"@id":"https:\/\/www.legalvision.fr\/guides-juridiques\/actualite-juridique\/la-temperature-monte-durant-la-cop-25\/"},"wordCount":553,"commentCount":0,"publisher":{"@id":"https:\/\/www.legalvision.fr\/guides-juridiques\/#organization"},"image":{"@id":"https:\/\/www.legalvision.fr\/guides-juridiques\/actualite-juridique\/la-temperature-monte-durant-la-cop-25\/#primaryimage"},"thumbnailUrl":"https:\/\/www.legalvision.fr\/guides-juridiques\/wp-content\/uploads\/2020\/02\/image-cop-25.jpg","articleSection":["Actualit\u00e9 juridique"],"inLanguage":"fr-FR","potentialAction":[{"@type":"CommentAction","name":"Comment","target":["https:\/\/www.legalvision.fr\/guides-juridiques\/actualite-juridique\/la-temperature-monte-durant-la-cop-25\/#respond"]}]},{"@type":"WebPage","@id":"https:\/\/www.legalvision.fr\/guides-juridiques\/actualite-juridique\/la-temperature-monte-durant-la-cop-25\/","url":"https:\/\/www.legalvision.fr\/guides-juridiques\/actualite-juridique\/la-temperature-monte-durant-la-cop-25\/","name":"La temp\u00e9rature monte durant la COP 25 !","isPartOf":{"@id":"https:\/\/www.legalvision.fr\/guides-juridiques\/#website"},"primaryImageOfPage":{"@id":"https:\/\/www.legalvision.fr\/guides-juridiques\/actualite-juridique\/la-temperature-monte-durant-la-cop-25\/#primaryimage"},"image":{"@id":"https:\/\/www.legalvision.fr\/guides-juridiques\/actualite-juridique\/la-temperature-monte-durant-la-cop-25\/#primaryimage"},"thumbnailUrl":"https:\/\/www.legalvision.fr\/guides-juridiques\/wp-content\/uploads\/2020\/02\/image-cop-25.jpg","datePublished":"2020-02-09T06:30:58+00:00","dateModified":"2022-03-27T19:20:43+00:00","description":"La COP 25 s'est d\u00e9roul\u00e9 \u00e0 Madrid ! Toutefois le bilan n'est pas positif. En effet, beaucoup de d\u00e9ception se font sentir apr\u00e8s le d\u00e9roulement de la COP25","breadcrumb":{"@id":"https:\/\/www.legalvision.fr\/guides-juridiques\/actualite-juridique\/la-temperature-monte-durant-la-cop-25\/#breadcrumb"},"inLanguage":"fr-FR","potentialAction":[{"@type":"ReadAction","target":["https:\/\/www.legalvision.fr\/guides-juridiques\/actualite-juridique\/la-temperature-monte-durant-la-cop-25\/"]}]},{"@type":"ImageObject","inLanguage":"fr-FR","@id":"https:\/\/www.legalvision.fr\/guides-juridiques\/actualite-juridique\/la-temperature-monte-durant-la-cop-25\/#primaryimage","url":"https:\/\/www.legalvision.fr\/guides-juridiques\/wp-content\/uploads\/2020\/02\/image-cop-25.jpg","contentUrl":"https:\/\/www.legalvision.fr\/guides-juridiques\/wp-content\/uploads\/2020\/02\/image-cop-25.jpg","width":958,"height":350,"caption":"COP25"},{"@type":"BreadcrumbList","@id":"https:\/\/www.legalvision.fr\/guides-juridiques\/actualite-juridique\/la-temperature-monte-durant-la-cop-25\/#breadcrumb","itemListElement":[{"@type":"ListItem","position":1,"name":"Accueil","item":"https:\/\/www.legalvision.fr\/guides-juridiques\/"},{"@type":"ListItem","position":2,"name":"Actualit\u00e9 juridique","item":"https:\/\/www.legalvision.fr\/guides-juridiques\/actualite-juridique\/"},{"@type":"ListItem","position":3,"name":"La temp\u00e9rature monte durant la COP 25 !"}]},{"@type":"WebSite","@id":"https:\/\/www.legalvision.fr\/guides-juridiques\/#website","url":"https:\/\/www.legalvision.fr\/guides-juridiques\/","name":"Guides juridiques","description":"L&#039;information juridique \u00e0 destination des entreprises et TPE","publisher":{"@id":"https:\/\/www.legalvision.fr\/guides-juridiques\/#organization"},"potentialAction":[{"@type":"SearchAction","target":{"@type":"EntryPoint","urlTemplate":"https:\/\/www.legalvision.fr\/guides-juridiques\/?s={search_term_string}"},"query-input":{"@type":"PropertyValueSpecification","valueRequired":true,"valueName":"search_term_string"}}],"inLanguage":"fr-FR"},{"@type":"Organization","@id":"https:\/\/www.legalvision.fr\/guides-juridiques\/#organization","name":"Guides juridiques","url":"https:\/\/www.legalvision.fr\/guides-juridiques\/","logo":{"@type":"ImageObject","inLanguage":"fr-FR","@id":"https:\/\/www.legalvision.fr\/guides-juridiques\/#\/schema\/logo\/image\/","url":"https:\/\/www.legalvision.fr\/guides-juridiques\/wp-content\/uploads\/2022\/10\/LV-Logotype.png","contentUrl":"https:\/\/www.legalvision.fr\/guides-juridiques\/wp-content\/uploads\/2022\/10\/LV-Logotype.png","width":647,"height":125,"caption":"Guides juridiques"},"image":{"@id":"https:\/\/www.legalvision.fr\/guides-juridiques\/#\/schema\/logo\/image\/"}},{"@type":"Person","@id":"https:\/\/www.legalvision.fr\/guides-juridiques\/#\/schema\/person\/49dd27c34947d7c6a8de71651e4469a3","name":"Louise Binouil","image":{"@type":"ImageObject","inLanguage":"fr-FR","@id":"https:\/\/www.legalvision.fr\/guides-juridiques\/#\/schema\/person\/image\/","url":"https:\/\/www.legalvision.fr\/guides-juridiques\/wp-content\/uploads\/2023\/07\/fem-96x96.png","contentUrl":"https:\/\/www.legalvision.fr\/guides-juridiques\/wp-content\/uploads\/2023\/07\/fem-96x96.png","caption":"Louise Binouil"},"description":"Apr\u00e8s des \u00e9tudes de droit, je travaille chez LegalVision pour venir en aide aux entreprises dans leurs d\u00e9marches juridique.","url":"https:\/\/www.legalvision.fr\/guides-juridiques\/author\/louise\/"}]}},"_links":{"self":[{"href":"https:\/\/www.legalvision.fr\/guides-juridiques\/wp-json\/wp\/v2\/posts\/32559","targetHints":{"allow":["GET"]}}],"collection":[{"href":"https:\/\/www.legalvision.fr\/guides-juridiques\/wp-json\/wp\/v2\/posts"}],"about":[{"href":"https:\/\/www.legalvision.fr\/guides-juridiques\/wp-json\/wp\/v2\/types\/post"}],"author":[{"embeddable":true,"href":"https:\/\/www.legalvision.fr\/guides-juridiques\/wp-json\/wp\/v2\/users\/63"}],"replies":[{"embeddable":true,"href":"https:\/\/www.legalvision.fr\/guides-juridiques\/wp-json\/wp\/v2\/comments?post=32559"}],"version-history":[{"count":0,"href":"https:\/\/www.legalvision.fr\/guides-juridiques\/wp-json\/wp\/v2\/posts\/32559\/revisions"}],"wp:featuredmedia":[{"embeddable":true,"href":"https:\/\/www.legalvision.fr\/guides-juridiques\/wp-json\/wp\/v2\/media\/32565"}],"wp:attachment":[{"href":"https:\/\/www.legalvision.fr\/guides-juridiques\/wp-json\/wp\/v2\/media?parent=32559"}],"wp:term":[{"taxonomy":"category","embeddable":true,"href":"https:\/\/www.legalvision.fr\/guides-juridiques\/wp-json\/wp\/v2\/categories?post=32559"},{"taxonomy":"post_tag","embeddable":true,"href":"https:\/\/www.legalvision.fr\/guides-juridiques\/wp-json\/wp\/v2\/tags?post=32559"}],"curies":[{"name":"wp","href":"https:\/\/api.w.org\/{rel}","templated":true}]}}