{"id":32250,"date":"2020-02-12T07:30:38","date_gmt":"2020-02-12T06:30:38","guid":{"rendered":"https:\/\/blog.legalvision.fr\/?p=32250"},"modified":"2023-10-17T11:11:55","modified_gmt":"2023-10-17T09:11:55","slug":"charges-d-une-entreprise-premieres-annees","status":"publish","type":"post","link":"https:\/\/www.legalvision.fr\/guides-juridiques\/creer-son-entreprise\/charges-d-une-entreprise-premieres-annees\/","title":{"rendered":"Liste des charges d&rsquo;une entreprise : le budget \u00e0 pr\u00e9voir"},"content":{"rendered":"\t\t<div data-elementor-type=\"wp-post\" data-elementor-id=\"32250\" class=\"elementor elementor-32250\" data-elementor-post-type=\"post\">\n\t\t\t\t<div data-particle_enable=\"false\" data-particle-mobile-disabled=\"false\" class=\"elementor-element elementor-element-5037793 e-flex e-con-boxed e-con e-parent\" data-id=\"5037793\" data-element_type=\"container\" data-e-type=\"container\">\n\t\t\t\t\t<div class=\"e-con-inner\">\n\t\t\t\t<div class=\"elementor-element elementor-element-f9f9c61 elementor-widget elementor-widget-text-editor\" data-id=\"f9f9c61\" data-element_type=\"widget\" data-e-type=\"widget\" data-widget_type=\"text-editor.default\">\n\t\t\t\t<div class=\"elementor-widget-container\">\n\t\t\t\t\t\t\t\t\t<p style=\"line-height: var(--wp--typography--line-height,var(--global--line-height-body)); font-family: var(--e-global-typography-primary-font-family);\">Les charges d&rsquo;une entreprise sont diverses et vari\u00e9es.\u00a0Toutefois, avant m\u00eame de se lancer dans la cr\u00e9ation d&rsquo;une entreprise et de songer aux frais n\u00e9cessaires au fonctionnement d&rsquo;une entreprise, plusieurs d\u00e9marches sont \u00e0 effectuer. En effet, il faut avant tout\u00a0<a href=\"https:\/\/blog.legalvision.fr\/2018\/06\/24\/ecrire-son-projet-de-creation-d-entreprise\/\">pr\u00e9parer son projet de cr\u00e9ation d\u2019entreprise<\/a>.<\/p><p style=\"line-height: var(--wp--typography--line-height,var(--global--line-height-body)); font-family: var(--e-global-typography-primary-font-family);\"><span style=\"font-family: var(--e-global-typography-primary-font-family); text-align: var(--text-align); background-color: var( --e-global-color-f8847cf ); color: var( --e-global-color-text ); font-size: var( --e-global-typography-text-font-size ); font-style: var( --e-global-typography-text-font-style ); font-weight: var( --e-global-typography-text-font-weight ); text-transform: var( --e-global-typography-text-text-transform );\">Cela repr\u00e9sente une \u00e9tape incontournable de la conception de l\u2019activit\u00e9 future. Il faudra en effet s\u2019assurer de la faisabilit\u00e9 du projet. Puis, il sera ensuite n\u00e9cessaire de le mat\u00e9rialiser par un\u00a0<\/span><a style=\"text-align: var(--text-align); font-size: var( --e-global-typography-text-font-size ); font-style: var( --e-global-typography-text-font-style ); text-transform: var( --e-global-typography-text-text-transform );\" href=\"https:\/\/blog.legalvision.fr\/2018\/03\/05\/business-plan-explications-detaillees\/\">business plan<\/a><span style=\"font-family: var(--e-global-typography-primary-font-family); text-align: var(--text-align); background-color: var( --e-global-color-f8847cf ); color: var( --e-global-color-text ); font-size: var( --e-global-typography-text-font-size ); font-style: var( --e-global-typography-text-font-style ); font-weight: var( --e-global-typography-text-font-weight ); text-transform: var( --e-global-typography-text-text-transform );\">. Le business plan est d&rsquo;ailleurs consid\u00e9r\u00e9 comme l&rsquo;\u00e9tape phare dans la cr\u00e9ation d\u2019entreprise. En effet, ce dernier a pour objectif de concr\u00e9tiser le projet et de convaincre les potentiels partenaires. Ce business plan permettra \u00e9galement de se renseigner sur le financement de la soci\u00e9t\u00e9.<\/span><\/p><p style=\"line-height: var(--wp--typography--line-height,var(--global--line-height-body)); font-family: var(--e-global-typography-primary-font-family);\">D&rsquo;ailleurs, Legalvision propose un forfait\u00a0<a href=\"https:\/\/leonard.fr\/juridique\/creation-entreprise\/creation-dune-sas\/?utm_source=Blog&amp;utm_medium=CTA&amp;utm_campaign=business_plan&amp;utm_id=creation_blog\" target=\"_blank\" rel=\"noopener\">cr\u00e9ation d&rsquo;entreprise<\/a>.<\/p><p style=\"line-height: var(--wp--typography--line-height,var(--global--line-height-body)); font-family: var(--e-global-typography-primary-font-family);\">En outre, les charges d&rsquo;une entreprise passent aussi par les\u00a0frais d&rsquo;entreprise qui sont \u00e0 pr\u00e9voir en cas de cr\u00e9ation. Ainsi, l&rsquo;entrepreneur se demande si l\u2019entreprise sera financ\u00e9e int\u00e9gralement par ses ressources propres ou par d\u2019\u00e9ventuel emprunts ou encore des aides et subventions ?<\/p><p style=\"line-height: var(--wp--typography--line-height,var(--global--line-height-body)); font-family: var(--e-global-typography-primary-font-family);\">Le financement d\u2019une entreprise est donc une, si ce n&rsquo;est LA question cruciale qui se pose lors de\u00a0la cr\u00e9ation. Plusieurs dispositifs ont donc \u00e9t\u00e9 mis en place afin d\u2019aider au\u00a0<a href=\"https:\/\/blog.legalvision.fr\/2019\/06\/19\/pret-a-la-creation-d-entreprise-les-risques-et-avantages\/\">pr\u00eat \u00e0 la cr\u00e9ation d&rsquo;entreprise<\/a>.<\/p><p style=\"line-height: var(--wp--typography--line-height,var(--global--line-height-body)); font-family: var(--e-global-typography-primary-font-family);\">Par ailleurs, en cours de cr\u00e9ation d\u2019entreprise, l\u2019entrepreneur fera face \u00e0\u00a0un nombre important de\u00a0charges. Ces charges sont \u00e0 pr\u00e9voir dans divers domaines. Il est possible de les r\u00e9pertorier en trois cat\u00e9gories:<\/p><ul style=\"padding-left: calc(2 * var(--global--spacing-horizontal)); font-family: var(--e-global-typography-primary-font-family);\"><li style=\"font-family: var(--e-global-typography-primary-font-family);\">les frais aff\u00e9rents \u00e0 la cr\u00e9ation m\u00eame de la soci\u00e9t\u00e9 ;<\/li><li style=\"font-family: var(--e-global-typography-primary-font-family);\">les charges de l\u2019entreprise ;<\/li><li style=\"font-family: var(--e-global-typography-primary-font-family);\">et enfin, la comptabilit\u00e9 de celle-ci.<\/li><\/ul><p style=\"line-height: var(--wp--typography--line-height,var(--global--line-height-body)); font-family: var(--e-global-typography-primary-font-family);\">Dans cet article, LegalVision met \u00e0 votre service son expertise juridique pour vous aider \u00e0 tout comprendre sur ce sujet. Vous trouverez ci-dessous un r\u00e9sum\u00e9 des points essentiels \u00e0 retenir :<\/p><p style=\"line-height: var(--wp--typography--line-height,var(--global--line-height-body)); font-family: var(--e-global-typography-primary-font-family);\"><a href=\"https:\/\/www.legalvision.fr\/guides-juridiques\/?p=32250&amp;elementor-preview=32250&amp;ver=1697531576#1\">Les frais de cr\u00e9ation d\u2019une soci\u00e9t\u00e9<\/a><br \/><a href=\"https:\/\/www.legalvision.fr\/guides-juridiques\/?p=32250&amp;elementor-preview=32250&amp;ver=1697531576#2\">Les charges d\u2019une entreprise<\/a><br \/><a href=\"https:\/\/www.legalvision.fr\/guides-juridiques\/?p=32250&amp;elementor-preview=32250&amp;ver=1697531576#3\">Tenir la\u00a0comptabilit\u00e9 de l&rsquo;entreprise\u00a0<\/a><\/p>\t\t\t\t\t\t\t\t<\/div>\n\t\t\t\t<\/div>\n\t\t\t\t\t<\/div>\n\t\t\t\t<\/div>\n\t\t<div data-particle_enable=\"false\" data-particle-mobile-disabled=\"false\" class=\"elementor-element elementor-element-66bce9a8 e-flex e-con-boxed e-con e-parent\" data-id=\"66bce9a8\" data-element_type=\"container\" data-e-type=\"container\">\n\t\t\t\t\t<div class=\"e-con-inner\">\n\t\t\t\t<div class=\"elementor-element elementor-element-37dd5669 elementor-widget elementor-widget-heading\" data-id=\"37dd5669\" data-element_type=\"widget\" data-e-type=\"widget\" data-widget_type=\"heading.default\">\n\t\t\t\t<div class=\"elementor-widget-container\">\n\t\t\t\t\t<h2 class=\"elementor-heading-title elementor-size-default\">Nos outils pour vous aider : <\/h2>\t\t\t\t<\/div>\n\t\t\t\t<\/div>\n\t\t\t\t\t<\/div>\n\t\t\t\t<\/div>\n\t\t<div data-particle_enable=\"false\" data-particle-mobile-disabled=\"false\" class=\"elementor-element elementor-element-3d89c6c1 e-flex e-con-boxed e-con e-parent\" data-id=\"3d89c6c1\" data-element_type=\"container\" data-e-type=\"container\">\n\t\t\t\t\t<div class=\"e-con-inner\">\n\t\t<div data-particle_enable=\"false\" data-particle-mobile-disabled=\"false\" class=\"elementor-element elementor-element-60a77e6 e-con-full e-flex e-con e-parent\" data-id=\"60a77e6\" data-element_type=\"container\" data-e-type=\"container\">\n\t\t\t\t<div class=\"elementor-element elementor-element-3ee09b85 elementor-widget elementor-widget-button\" data-id=\"3ee09b85\" data-element_type=\"widget\" data-e-type=\"widget\" data-widget_type=\"button.default\">\n\t\t\t\t<div class=\"elementor-widget-container\">\n\t\t\t\t\t\t\t\t\t<div class=\"elementor-button-wrapper\">\n\t\t\t\t\t<a class=\"elementor-button elementor-button-link elementor-size-sm\" href=\"https:\/\/leonard.fr\/juridique\/creation-entreprise\/creation-dune-sas\/?utm_source=Blog&#038;utm_medium=CTA&#038;utm_campaign=charges_entreprise&#038;utm_id=creation_Blog\" target=\"_blank\">\n\t\t\t\t\t\t<span class=\"elementor-button-content-wrapper\">\n\t\t\t\t\t\t\t\t\t<span class=\"elementor-button-text\">Cr\u00e9ez votre SAS avec un juriste en ligne<\/span>\n\t\t\t\t\t<\/span>\n\t\t\t\t\t<\/a>\n\t\t\t\t<\/div>\n\t\t\t\t\t\t\t\t<\/div>\n\t\t\t\t<\/div>\n\t\t\t\t<\/div>\n\t\t<div data-particle_enable=\"false\" data-particle-mobile-disabled=\"false\" class=\"elementor-element elementor-element-18f2e79d e-con-full e-flex e-con e-parent\" data-id=\"18f2e79d\" data-element_type=\"container\" data-e-type=\"container\">\n\t\t\t\t<div class=\"elementor-element elementor-element-112ef492 elementor-widget elementor-widget-button\" data-id=\"112ef492\" data-element_type=\"widget\" data-e-type=\"widget\" data-widget_type=\"button.default\">\n\t\t\t\t<div class=\"elementor-widget-container\">\n\t\t\t\t\t\t\t\t\t<div class=\"elementor-button-wrapper\">\n\t\t\t\t\t<a class=\"elementor-button elementor-button-link elementor-size-sm\" href=\"https:\/\/meetings.hubspot.com\/alexis-egron\/audit-juridique-gratuit?utm_source=Blog&#038;utm_medium=CTA&#038;utm_campaign=charges_entreprise&#038;utm_id=creation_Blog\" target=\"_blank\">\n\t\t\t\t\t\t<span class=\"elementor-button-content-wrapper\">\n\t\t\t\t\t\t\t\t\t<span class=\"elementor-button-text\">Soyez rappel\u00e9 par un juriste gratuitement<\/span>\n\t\t\t\t\t<\/span>\n\t\t\t\t\t<\/a>\n\t\t\t\t<\/div>\n\t\t\t\t\t\t\t\t<\/div>\n\t\t\t\t<\/div>\n\t\t\t\t<\/div>\n\t\t<div data-particle_enable=\"false\" data-particle-mobile-disabled=\"false\" class=\"elementor-element elementor-element-2e8b4f5 e-con-full e-flex e-con e-parent\" data-id=\"2e8b4f5\" data-element_type=\"container\" data-e-type=\"container\">\n\t\t\t\t<div class=\"elementor-element elementor-element-1bcdd62e elementor-widget elementor-widget-button\" data-id=\"1bcdd62e\" data-element_type=\"widget\" data-e-type=\"widget\" data-widget_type=\"button.default\">\n\t\t\t\t<div class=\"elementor-widget-container\">\n\t\t\t\t\t\t\t\t\t<div class=\"elementor-button-wrapper\">\n\t\t\t\t\t<a class=\"elementor-button elementor-button-link elementor-size-sm\" href=\"https:\/\/share.hsforms.com\/1MCz4iJkPSsaIbYWlbzl6vw1oyza?utm_source=Blog&#038;utm_medium=CTA&#038;utm_campaign=charges_entreprise&#038;utm_id=creation_Blog\" target=\"_blank\">\n\t\t\t\t\t\t<span class=\"elementor-button-content-wrapper\">\n\t\t\t\t\t\t\t\t\t<span class=\"elementor-button-text\">Obtenez votre annonce l\u00e9gale<\/span>\n\t\t\t\t\t<\/span>\n\t\t\t\t\t<\/a>\n\t\t\t\t<\/div>\n\t\t\t\t\t\t\t\t<\/div>\n\t\t\t\t<\/div>\n\t\t\t\t<\/div>\n\t\t\t\t\t<\/div>\n\t\t\t\t<\/div>\n\t\t\t\t<section data-particle_enable=\"false\" data-particle-mobile-disabled=\"false\" class=\"elementor-section elementor-top-section elementor-element elementor-element-6759df92 elementor-section-boxed elementor-section-height-default elementor-section-height-default\" data-id=\"6759df92\" data-element_type=\"section\" data-e-type=\"section\">\n\t\t\t\t\t\t<div class=\"elementor-container elementor-column-gap-default\">\n\t\t\t\t\t<div class=\"elementor-column elementor-col-100 elementor-top-column elementor-element elementor-element-461911ab\" data-id=\"461911ab\" data-element_type=\"column\" data-e-type=\"column\">\n\t\t\t<div class=\"elementor-widget-wrap elementor-element-populated\">\n\t\t\t\t\t\t<div class=\"elementor-element elementor-element-10de8a52 elementor-widget elementor-widget-text-editor\" data-id=\"10de8a52\" data-element_type=\"widget\" data-e-type=\"widget\" data-widget_type=\"text-editor.default\">\n\t\t\t\t<div class=\"elementor-widget-container\">\n\t\t\t\t\t\t\t\t\t<div class=\"wp-block-button\" style=\"text-align: center;\">&nbsp;<\/div>\n<h2 id=\"1\">Les frais de cr\u00e9ation d&rsquo;une soci\u00e9t\u00e9<\/h2>\n<p>Au moment de la cr\u00e9ation de la soci\u00e9t\u00e9, celle-ci fera face \u00e0 plusieurs charges dont on traitera les plus importantes. Ainsi, elle devra d\u00e9gager son capital social&nbsp;et devra payer plusieurs frais de formalit\u00e9s. En outre, des charges li\u00e9es au local dans lequel elle exerce seront \u00e9galement \u00e0 pr\u00e9voir. Enfin,&nbsp;dans le cas o\u00f9 la soci\u00e9t\u00e9 souhaite d\u00e9poser une marque, elle devra penser aux frais s&rsquo;y aff\u00e9rant.<\/p>\n<h3>&nbsp;<\/h3>\n<h3>Les apports<\/h3>\n<p>Lors de la cr\u00e9ation d\u2019une entreprise, les associ\u00e9s peuvent, ou doivent (selon la forme juridique choisie) apporter une somme constituant le capital social de la soci\u00e9t\u00e9. Ce capital social constitue la tr\u00e9sorerie de la soci\u00e9t\u00e9.<\/p>\n<p>Ainsi, il ne s&rsquo;agit donc pas d&rsquo;une \u00ab\u00a0charge\u00a0\u00bb \u00e0 proprement parler. Cependant, les apports peuvent \u00eatre compt\u00e9s comme faisant partie des charges d&rsquo;une entreprise puisqu&rsquo;ils font partie des frais de cr\u00e9ation d&rsquo;entreprise.<\/p>\n<p>L&rsquo;entrepreneur devra donc se renseigner pour conna\u00eetre son besoin d&rsquo;argent pour&nbsp;r\u00e9aliser un emprunt ou non.<\/p>\n<p><span style=\"font-weight: 400;\">&nbsp;<\/span><\/p>\n<p><span style=\"font-weight: 400;\">Le capital social d\u2019une entreprise est compos\u00e9 des diff\u00e9rents apports des associ\u00e9s. Il peuvent \u00eatre de trois sortes :<\/span><\/p>\n<p><span style=\"font-weight: 400;\">&#8211;<\/span><span style=\"font-weight: 400;\"> &nbsp; &nbsp; &nbsp; <\/span><span style=\"font-weight: 400;\">Les apports en num\u00e9raire (somme d\u2019argent) ;<\/span><\/p>\n<p><span style=\"font-weight: 400;\">&#8211;<\/span><span style=\"font-weight: 400;\"> &nbsp; &nbsp; &nbsp; <\/span><span style=\"font-weight: 400;\">Les apports en nature (des biens immeubles, des biens meubles, des biens immat\u00e9riels tels que des brevets et des marques, etc.) ;<\/span><\/p>\n<p><span style=\"font-weight: 400;\">&#8211;<\/span><span style=\"font-weight: 400;\"> &nbsp; &nbsp; &nbsp; <\/span><span style=\"font-weight: 400;\">Les apports en industrie (les comp\u00e9tences d\u2019un associ\u00e9, son savoir-faire).&nbsp;<\/span><\/p>\n<p><span style=\"font-weight: 400;\">&nbsp;<\/span><\/p>\n<p><span style=\"font-weight: 400;\">Au cours de l\u2019existence d\u2019une soci\u00e9t\u00e9, le capital social d\u2019une soci\u00e9t\u00e9 peut \u00eatre amen\u00e9 \u00e0 \u00e9voluer, de la m\u00eame mani\u00e8re que des mouvements entre les parts sociales des associ\u00e9s peuvent intervenir. C\u2019est notamment le cas des cessions de parts sociales qui engendrent certaines formalit\u00e9s et des frais pour l\u2019entreprise (droit de mutation, frais de publication, etc.).&nbsp;<\/span><\/p>\n<h3><span style=\"font-weight: 400;\">&nbsp;<\/span><\/h3>\n<h3><span style=\"font-weight: 400;\">La cession de parts sociales ou d\u2019actions<\/span><\/h3>\n<p><span style=\"font-weight: 400;\">&nbsp;<\/span><\/p>\n<p><span style=\"font-weight: 400;\">La cession de parts sociales d\u2019une soci\u00e9t\u00e9 intervient lorsqu\u2019un associ\u00e9 c\u00e9dant (le vendeur) souhaite transmettre \u00e0 un acqu\u00e9reur (le cessionnaire) une partie ou la totalit\u00e9 des droits (titres de propri\u00e9t\u00e9) qu\u2019il d\u00e9tient dans le capital social de l&rsquo;entreprise.<\/span><\/p>\n<p><b>Bon \u00e0 savoir : <\/b><span style=\"font-weight: 400;\">lorsqu\u2019il c\u00e8de de parts sociales entre associ\u00e9s (et notamment d\u2019une SARL), la cession est simplifi\u00e9e. En effet, cette cession n\u2019a pas pour effet de faire entrer un tiers dans le capital social de l\u2019entreprise, d\u00e8s lors que cet acqu\u00e9reur est d&rsquo;ores et d\u00e9j\u00e0 associ\u00e9 de la soci\u00e9t\u00e9.&nbsp;<\/span><\/p>\n<p><span style=\"font-weight: 400;\">La cession suit toutefois une proc\u00e9dure strictement encadr\u00e9e par la loi et les statuts de la soci\u00e9t\u00e9 et d\u00e9pend de la forme de la soci\u00e9t\u00e9 concern\u00e9e. Elle engendre notamment la garantie de l&rsquo;actif et du passif, l\u2019enregistrement de la cession, la modification des statuts, et il faut veiller \u00e0 respecter les dispositions fiscales lorsque vous avez r\u00e9alis\u00e9 une plus-value sur la cession, et la publication au pr\u00e8s d\u2019un journal d\u2019annonce l\u00e9gal et le d\u00e9p\u00f4t au greffe.<\/span><\/p>\n<p><b>&nbsp;<\/b><\/p>\n<p><b> \u00c0 noter : <\/b><\/p>\n<p>Le montant minimum de capital diff\u00e8re selon le type de soci\u00e9t\u00e9. Dans une SA, le capital minimum est de 37 000 euros alors que dans une SARL, EURL, SAS ou SASU, aucun capital minimum n\u2019est requis pour la constitution de la soci\u00e9t\u00e9.<\/p>\n<p>En outre, il convient de noter une sp\u00e9cificit\u00e9 propre aux apports en nature. En effet, lorsqu\u2019un apport est fait en nature, un commissaire aux apports devra \u00e9valuer le bien sauf si la valeur de cet apport n\u2019exc\u00e8de pas 30 000 euros ou si la somme totale des apports en nature est inf\u00e9rieure \u00e0 50% du total des apports. Toutefois, lorsque la soci\u00e9t\u00e9 est une SA, la nomination d&rsquo;un commissaire aux apports est obligatoire en cas d&rsquo;apport en nature.<\/p>\n<p>Enfin, les honoraires d&rsquo;un commissaire aux apports sont libres et varieront en fonction du type de bien apport\u00e9.<\/p>\n<h3><b>&nbsp;<\/b><\/h3>\n<h3><b>La r\u00e9daction des statuts&nbsp;<\/b><\/h3>\n<h3><span style=\"font-weight: 400;\">Les statuts d\u2019une soci\u00e9t\u00e9 : de quoi parle-t-on ?&nbsp;<\/span><\/h3>\n<p><b>Les statuts d\u2019une soci\u00e9t\u00e9<\/b><span style=\"font-weight: 400;\"> permettent d\u2019organiser le <\/span><b>fonctionnement<\/b><span style=\"font-weight: 400;\"> de l\u2019entreprise. Les statuts vont r\u00e9gir les rapports entre les associ\u00e9s entre eux et entre les associ\u00e9s et les tiers, en \u00e9tablissant notamment les modalit\u00e9s de vote, la mani\u00e8re dont peuvent \u00eatre modifi\u00e9s des statuts (lieux du si\u00e8ge social, remplacement du g\u00e9rant, etc.), ou encore, l\u2019organisation des cessions des parts d\u2019une soci\u00e9t\u00e9.&nbsp;<\/span><\/p>\n<p><span style=\"font-weight: 400;\">Il peut \u00eatre pertinent de prendre conseil avec un professionnel du droit pour r\u00e9diger des statuts adapt\u00e9s au fonctionnement et \u00e0 l\u2019\u00e9volution de votre soci\u00e9t\u00e9. En effet, il se peut que l\u2019\u00e9volution de l\u2019entreprise vous oblige par la suite \u00e0 la modifier, ce qui entra\u00eene souvent un co\u00fbt et qui peut \u00eatre tr\u00e8s contraignant&nbsp;<\/span><\/p>\n<h4><span style=\"font-weight: 400;\">&nbsp;<\/span><\/h4>\n<h4><span style=\"font-weight: 400;\">La modification des statuts d\u2019une soci\u00e9t\u00e9&nbsp;<\/span><\/h4>\n<p><span style=\"font-weight: 400;\">Il arrive r\u00e9guli\u00e8rement qu\u2019un changement de statut d\u2019une entreprise soit rendu n\u00e9cessaire pendant la vie d\u2019une soci\u00e9t\u00e9. Ces changements peuvent \u00eatre plus ou moins facilit\u00e9, en fonction des dispositions statutaires ou de la forme de la soci\u00e9t\u00e9 (SARL, SASU, etc.).&nbsp;<\/span><\/p>\n<p><span style=\"font-weight: 400;\">C\u2019est la raison pour laquelle il faut, au moment de la cr\u00e9ation de la soci\u00e9t\u00e9, tenter d&rsquo;anticiper au mieux les \u00e9volutions possibles de la soci\u00e9t\u00e9, en fonction des besoins et des contraintes du march\u00e9.<\/span><\/p>\n<p><span style=\"font-weight: 400;\">N\u00e9anmoins, l\u2019anticipation ne peut pas tout, et il se peut qu\u2019une modification des statuts impose ce changement.<\/span><\/p>\n<p><span style=\"font-weight: 400;\">Il existe un tr\u00e8s grand nombre de cas dans lesquels la modification des statuts est obligatoire. Les statuts sont, en somme, une forme de fiche d\u2019identit\u00e9 de la soci\u00e9t\u00e9 qui doit \u00eatre mise \u00e0 jour en fonction des \u00e9volutions.<\/span><\/p>\n<p><span style=\"font-weight: 400;\">G\u00e9n\u00e9ralement, la modification est n\u00e9cessaire lorsqu\u2019un \u00e9l\u00e9ment devant figurer obligatoirement dans les statuts est modifi\u00e9. A titre d\u2019exemple, si le si\u00e8ge social d\u2019une soci\u00e9t\u00e9 est remplac\u00e9, ou encore la d\u00e9nomination de la soci\u00e9t\u00e9, il faut n\u00e9cessairement le signifier dans les statuts, selon la forme de soci\u00e9t\u00e9 choisie.<\/span><\/p>\n<h3>&nbsp;<\/h3>\n<h3>Formalit\u00e9s juridiques<\/h3>\n<p>Cr\u00e9er une entreprise sous-entend r\u00e9aliser de nombreuses&nbsp;<a href=\"https:\/\/blog.legalvision.fr\/2019\/03\/13\/le-cout-reel-des-formalites-juridiques-pour-la-creation-d-une-entreprise\/\">formalit\u00e9s juridiques<\/a>. Ainsi, <a href=\"https:\/\/blog.legalvision.fr\/2019\/05\/10\/frais-d-enregistrement-societe-tout-savoir\/\">des frais d\u2019enregistrement <\/a>doivent \u00eatre acquitt\u00e9s lors de la cr\u00e9ation d\u2019une soci\u00e9t\u00e9.<\/p>\n<h4>&nbsp;<\/h4>\n<h4>Frais de greffe<\/h4>\n<p>Il s&rsquo;agit principalement <b> de frais de greffe et d\u2019annonces l\u00e9gales.<\/b> Ces prestations ont&nbsp;un <a href=\"https:\/\/www.service-public.fr\/professionnels-entreprises\/vosdroits\/F23282\">certain co\u00fbt<\/a> et varient en fonction du type de soci\u00e9t\u00e9 cr\u00e9e.<\/p>\n<p>Afin d&rsquo;immatriculer une soci\u00e9t\u00e9 commerciale (SARL, EURL, SAS et SASU), il faut compter environ une somme de&nbsp;39,42\u20ac. Ensuite, pour immatriculer une entreprise individuelle commerciale au RCS, il faut compter 25,34&nbsp;\u20ac.&nbsp;Pour une entreprise individuelle artisanale, en moyenne <span class=\"prix\">130&nbsp;\u20ac pour une immatriculation au R\u00e9pertoire des m\u00e9tiers.<\/span><\/p>\n<p><b>&nbsp;<\/b><\/p>\n<p><b>Bon \u00e0 savoir :<\/b><\/p>\n<p>L\u2019immatriculation d\u2019une entreprise individuelle ayant une activit\u00e9 lib\u00e9rale aupr\u00e8s de l\u2019URSSAF est gratuite.<\/p>\n<h4>&nbsp;<\/h4>\n<h4>Frais d&rsquo;annonces l\u00e9gales<\/h4>\n<p>Enfin, il faudra compter <b> les frais d\u2019annonces l\u00e9gales. <\/b> En effet, un avis de cr\u00e9ation doit \u00eatre publi\u00e9 dans un journal d&rsquo;annonces l\u00e9gales (JAL) pour toute soci\u00e9t\u00e9 commerciale. Le choix du journal est libre mais doit \u00eatre situ\u00e9 dans le d\u00e9partement du si\u00e8ge social.&nbsp;Le calcul du montant d\u2019une annonce l\u00e9gale est&nbsp;fait en fonction du&nbsp;nombre de lignes.<\/p>\n<p>Concernant \u00e0 pr\u00e9sent les statuts, leur enregistrement aupr\u00e8s du service des imp\u00f4ts n\u2019est plus obligatoire sauf exceptions. Il s&rsquo;agit notamment des actes notari\u00e9s et des actes d\u2019huissiers. Il faudra d&rsquo;ailleurs pr\u00e9voir les honoraires du professionnel qui se charge de la r\u00e9daction des statuts. Ainsi ces honoraires sont g\u00e9n\u00e9ralement libres et d\u00e9pendent g\u00e9n\u00e9ralement de la complexit\u00e9 du travail demand\u00e9 mais aussi du type de soci\u00e9t\u00e9.<\/p>\n<h3>&nbsp;<\/h3>\n<h3>Locaux<\/h3>\n<p>Certaines charges sont relatives aux locaux. En effet, il faut compter les d\u00e9penses li\u00e9es \u00e0 l\u2019acquisition du droit au bail, \u00e0 la r\u00e9daction du bail, au d\u00e9p\u00f4t de garantie mais \u00e9galement et bien souvent aux d\u00e9penses de mise en conformit\u00e9 des locaux. \u00c0 cela s\u2019ajoutent \u00e9videmment les charges locatives, loyers et contribution fonci\u00e8re des entreprises.<\/p>\n<p>Enfin, il ne faudra pas omettre les frais aff\u00e9rents \u00e0 l&rsquo;\u00e9quipement de l&rsquo;entreprise, en l&rsquo;occurence : mat\u00e9riel de bureau, mat\u00e9riel informatique, outillage\u2026<\/p>\n<h3>&nbsp;<\/h3>\n<h3>D\u00e9p\u00f4t de marque<\/h3>\n<p>Des frais sont \u00e0 pr\u00e9voir concernant <a href=\"https:\/\/www.legalvision.fr\/deposer-une-marque\/\">le d\u00e9p\u00f4t d&rsquo;une marque.<\/a>&nbsp;\u00c0 quoi correspond le d\u00e9p\u00f4t de sa marque pour une entreprise ?<\/p>\n<p>Il s&rsquo;agit du fait de prot\u00e9ger en emp\u00eachant la concurrence de pouvoir l&rsquo;utiliser.<\/p>\n<p><b> Le d\u00e9p\u00f4t d\u2019une marque emporte divers frais. <\/b> <a href=\"https:\/\/www.inpi.fr\/fr\/comprendre-la-propriete-intellectuelle\/la-marque\">L\u2019INPI<\/a> pr\u00e9cise ainsi que le d\u00e9p\u00f4t \u00e9lectronique d\u2019une marque co\u00fbte 190 euros en cas de d\u00e9p\u00f4t de marque dans une seule classe.<\/p>\n<p>Enfin, 40 \u20ac sont \u00e0 rajouter pour chaque classe de produits et\/ou services suppl\u00e9mentaire.<\/p>\n<p>Le paiement de ces frais doivent \u00eatre effectu\u00e9s le jour du d\u00e9p\u00f4t de la marque.<\/p>\n<p><b>&nbsp;<\/b><\/p>\n<p><b>\u00c0 noter : <\/b><\/p>\n<p>Pr\u00e9alablement au d\u00e9p\u00f4t&nbsp;d&rsquo;une marque, il faut v\u00e9rifier sa disponibilit\u00e9 pour \u00e9viter toute poursuite en contrefa\u00e7on ou annulation du d\u00e9p\u00f4t de marque.<\/p>\n<p>L\u2019INPI, c&rsquo;est \u00e0 dire l&rsquo;institut national de propri\u00e9t\u00e9 intellectuelle fran\u00e7ais&nbsp;impose que la marque soit prot\u00e9g\u00e9e seulement dans certaines classes au moment du d\u00e9p\u00f4t. Une classe correspond \u00e0 une cat\u00e9gorie de produits et services utilis\u00e9e pour d\u00e9terminer le domaine de protection de la marque.<\/p>\n<h2 id=\"2\">&nbsp;<\/h2>\n<h2 id=\"2\">Charges d&rsquo;une entreprise<\/h2>\n<p>L&rsquo;entreprise, au cours de sa vie, devra faire face \u00e0 diff\u00e9rente charges. Les charges d&rsquo;une entreprise&nbsp;peuvent \u00eatre regroup\u00e9es en trois cat\u00e9gories :<\/p>\n<ul>\n<li>les charges sociales ;<\/li>\n<li>mais \u00e9galement les imp\u00f4ts et taxes ;<\/li>\n<li>et enfin, les frais d&rsquo;assurance.<\/li>\n<\/ul>\n<h3>&nbsp;<\/h3>\n<h3>Les charges sociales<\/h3>\n<p>Les charges d&rsquo;une entreprise comprennent les charges sociales ou encore <a href=\"https:\/\/blog.legalvision.fr\/2019\/08\/07\/cotisations-sociales-2019-simulateur\/\">les cotisations sociales<\/a>. Celles-ci correspondent \u00e0 des pr\u00e9l\u00e8vements&nbsp;r\u00e9alis\u00e9s sur les salaires. Elles visent \u00e0 financer le syst\u00e8me de protection sociale.<\/p>\n<p>Dues aussi bien par les salari\u00e9s que par les dirigeants, elles ob\u00e9issent \u00e0 des taux diff\u00e9rents selon qu&rsquo;elles repr\u00e9sentent des charges salariales ou patronales. De m\u00eame, des sp\u00e9cificit\u00e9s existent selon que le dirigeant de l&rsquo;entreprise est un assimil\u00e9 salari\u00e9 ou un travailleur non salari\u00e9.<\/p>\n<p>Ainsi, par exemple, concernant les charges sociales des dirigeants, il faut rappeler que le g\u00e9rant majoritaire de SARL ou d&rsquo;entreprise individuelle est soumis au r\u00e9gime des travailleurs non salari\u00e9s (TNS) et donc rel\u00e8ve du r\u00e9gime social des ind\u00e9pendants. Il sera donc n\u00e9cessaire de s&rsquo;y r\u00e9f\u00e9rer pour calculer les charges qui lui sont applicables.<\/p>\n<p>De plus, les cotisations sont calcul\u00e9es sur la base du revenu professionnel. Il s&rsquo;agit soit des b\u00e9n\u00e9fices de l&rsquo;entreprise soit de la r\u00e9mun\u00e9ration du chef d&rsquo;entreprise selon le r\u00e9gime choisi. Les cotisations sont calcul\u00e9es selon un <a href=\"https:\/\/www.secu-independants.fr\/cotisations\/calcul-des-cotisations\/taux-de-cotisations\/\">taux de cotisation<\/a> bien d\u00e9fini.<\/p>\n<div>&nbsp;<\/div>\n<div>Enfin, par exemple, \u00e0 l&rsquo;inverse le g\u00e9rant minoritaire ou \u00e9galitaire SARL ou le pr\u00e9sident de SAS ou SA est soumis au r\u00e9gime g\u00e9n\u00e9ral des salari\u00e9s. Ainsi lorsqu&rsquo;il est r\u00e9mun\u00e9r\u00e9, s&rsquo;appliqueront \u00e0 lui les charges sociales d&rsquo;un salari\u00e9. Les calculs se font aussi selon un <a href=\"https:\/\/www.urssaf.fr\/portail\/home\/taux-et-baremes\/taux-de-cotisations\/les-employeurs\/les-taux-de-cotisations-de-droit.html\">taux de cotisation sp\u00e9cifique<\/a>&nbsp;qui varie en fonction de l&rsquo;objet de la cotisation.<\/div>\n<h3>&nbsp;<\/h3>\n<h3>Exon\u00e9ration possible<\/h3>\n<p>Toutefois, les charges d&rsquo;une entreprise peuvent faire l&rsquo;objet d&rsquo;une exon\u00e9ration. Les cr\u00e9ateurs et repreneurs d&rsquo;entreprise peuvent b\u00e9n\u00e9ficier par exemple de l<a href=\"https:\/\/www.urssaf.fr\/portail\/home\/employeur\/beneficier-dune-exoneration\/exonerations-generales\/laccre\/quelles-conditions.html#FilAriane\">\u2019aide aux cr\u00e9ateurs et repreneurs d\u2019entreprise<\/a>&nbsp;(ACRE).<\/p>\n<h4>&nbsp;<\/h4>\n<h4>Conditions pour b\u00e9n\u00e9ficier de l&rsquo;ACRE<\/h4>\n<p>De part ce dispositif, ces derniers pourront b\u00e9n\u00e9ficier d&rsquo;une exon\u00e9ration partielle ou totale de certaines charges d&rsquo;une entreprise (cotisations sociales).<\/p>\n<p>Depuis le 1<sup>er<\/sup>&nbsp;janvier 2019, tous les cr\u00e9ateurs ou repreneurs d\u2019entreprise affili\u00e9s au r\u00e9gime g\u00e9n\u00e9ral sont \u00e9ligibles au b\u00e9n\u00e9fice de l\u2019ACRE.<\/p>\n<p>Pour en b\u00e9n\u00e9ficier, plusieurs conditions sont n\u00e9cessaires :<\/p>\n<ul>\n<li>il faut ne pas avoir b\u00e9n\u00e9fici\u00e9 de l\u2019ACRE au cours des 3 ann\u00e9es pr\u00e9c\u00e9dentes ;<\/li>\n<li>ensuite, il ne faut pas exercer le contr\u00f4le effectif de l\u2019entreprise ;<\/li>\n<li>et enfin, ne pas \u00eatre en d\u00e9but d&rsquo;activit\u00e9.<\/li>\n<\/ul>\n<div>&nbsp;<\/div>\n<div>Si les conditions sont remplies, une exon\u00e9ration des cotisations salariales et patronales d&rsquo;assurance sociale est pr\u00e9vue pendant 12&nbsp;mois \u00e0 compter de la date du d\u00e9but d&rsquo;activit\u00e9 de l\u2019entreprise.<\/div>\n<h4>&nbsp;<\/h4>\n<h4>Montant de l&rsquo;exon\u00e9ration<\/h4>\n<div>&nbsp;<\/div>\n<div>Le montant de l&rsquo;exon\u00e9ration d\u00e9pendra du montant de la r\u00e9mun\u00e9ration per\u00e7ue.<\/div>\n<div>Par exemple :<\/div>\n<ul>\n<li>l\u2019exon\u00e9ration est totale si la r\u00e9mun\u00e9ration est inf\u00e9rieure \u00e0 30&nbsp;852&nbsp;\u20ac ;<\/li>\n<li>l\u2019exon\u00e9ration est cette fois d\u00e9gressive si la r\u00e9mun\u00e9ration est sup\u00e9rieure \u00e0 30&nbsp;852&nbsp;\u20ac et inf\u00e9rieure \u00e0 41&nbsp;136&nbsp;\u20ac ;<\/li>\n<li>enfin, pas d&rsquo;exon\u00e9ration lorsque la r\u00e9mun\u00e9ration atteint 41&nbsp;136&nbsp;\u20ac (une fois le plafond annuel de la S\u00e9curit\u00e9 sociale).<\/li>\n<\/ul>\n<div>&nbsp;<\/div>\n<div>Le montant de l\u2019exon\u00e9ration doit \u00eatre calcul\u00e9 chaque mois par l\u2019employeur en appliquant le plafond mensuel de la s\u00e9curit\u00e9 sociale.<\/div>\n<div>&nbsp;<\/div>\n<div>&nbsp;<\/div>\n<div>Concernant l&rsquo;exon\u00e9ration pour les travailleurs ind\u00e9pendants, certaines sp\u00e9cificit\u00e9s sont \u00e0 noter. Pour en b\u00e9n\u00e9ficier, ce dernier doit :<\/div>\n<ul>\n<li>\u00eatre en d\u00e9but d&rsquo;activit\u00e9 (notons que ne sont pas assimil\u00e9s \u00e0 un d\u00e9but d&rsquo;activit\u00e9 : le changement du lieu d&rsquo;exercice de l&rsquo;activit\u00e9 concern\u00e9e, la modification des conditions d&rsquo;exercice de l&rsquo;activit\u00e9 professionnelle ;<\/li>\n<li>et enfin, la reprise d&rsquo;activit\u00e9 intervenue soit dans l&rsquo;ann\u00e9e au cours de laquelle est survenue la cessation d&rsquo;activit\u00e9, soit dans l&rsquo;ann\u00e9e suivante).<\/li>\n<\/ul>\n<div>\n<div class=\"cnirChiffreCle\">&nbsp;<\/div>\n<div class=\"cnirChiffreCle\">Ensuite, les exon\u00e9rations diff\u00e8rent selon que <a href=\"https:\/\/www.urssaf.fr\/portail\/home\/independant\/je-beneficie-dexonerations\/accre\/quelles-exonerations.html\">les travailleurs ind\u00e9pendants rel\u00e8vent du r\u00e9gime de la micro-entreprise ou non<\/a>.<\/div>\n<\/div>\n<h3 class=\"cnirChiffreCle\">&nbsp;<\/h3>\n<h3 class=\"cnirChiffreCle\">Imp\u00f4t et taxes<\/h3>\n<div class=\"cnirChiffreCle\">&nbsp;<\/div>\n<div class=\"cnirChiffreCle\">&nbsp;Les imp\u00f4t et taxes font partie int\u00e9grante des charges d&rsquo;une entreprise.<\/div>\n<h4 class=\"cnirChiffreCle\">&nbsp;<\/h4>\n<h4 class=\"cnirChiffreCle\">SAS, SARL et SA<\/h4>\n<div class=\"cnirChiffreCle\">&nbsp;<\/div>\n<div class=\"cnirChiffreCle\">Les soci\u00e9t\u00e9s payent l&rsquo;imp\u00f4t sur leurs b\u00e9n\u00e9fices. Les SAS, SARL et SA&nbsp;sont en principe, soumises \u00e0 l&rsquo;imp\u00f4t sur les soci\u00e9t\u00e9s (IS).<\/div>\n<div class=\"cnirChiffreCle\">&nbsp;<\/div>\n<div class=\"cnirChiffreCle\">&nbsp;Ainsi, pour les soci\u00e9t\u00e9s dont le chiffre d\u2019affaires est inf\u00e9rieur \u00e0 7, 63 Millions d\u2019euros (ann\u00e9e 2019), le taux de l&rsquo;imp\u00f4t est de :<\/div>\n<ul>\n<li>15 % pour la part de b\u00e9n\u00e9fices inf\u00e9rieure \u00e0 38 120 \u20ac<\/li>\n<li>28 % pour la part de b\u00e9n\u00e9fices comprise entre 38 120 et 500 000 \u20ac<\/li>\n<li>31 % pour la part de b\u00e9n\u00e9fices sup\u00e9rieure \u00e0 500 000 \u20ac<\/li>\n<\/ul>\n<div>&nbsp;<\/div>\n<div>Toutefois, une baisse progressive de l\u2019IS est pr\u00e9vue d\u2019ici \u00e0 2022 pour atteindre le seuil de 25 %.<\/div>\n<div>&nbsp;<\/div>\n<div>Pour les soci\u00e9t\u00e9s dont le chiffre d\u2019affaires est sup\u00e9rieur \u00e0 7, 63 millions d\u2019euros (ann\u00e9e 2019) , le taux de l&rsquo;imp\u00f4t est de :<\/div>\n<ul>\n<li>&nbsp;28% pour les b\u00e9n\u00e9fices compris entre 0\u20ac et 500 000\u20ac ;<\/li>\n<li>31 % pour les b\u00e9n\u00e9fices sup\u00e9rieurs \u00e0 500 000\u20ac.<\/li>\n<\/ul>\n<p>Pareillement, une baisse progressive de l\u2019IS est pr\u00e9vue jusqu&rsquo;\u00e0 atteindre pour ces deux seuils, le seuil de 25% pour les exercices fiscaux ouvert \u00e0 compter du 1er janvier 2022.<\/p>\n<p><b>&nbsp;<\/b><\/p>\n<p><b> Bon \u00e0 savoir : <\/b><\/p>\n<p>Il est important de noter que les&nbsp;SA, SAS et SARL&nbsp;peuvent \u00e9galement opter pour l\u2019IR&nbsp;si elles remplissent certaines conditions :<\/p>\n<ul>\n<li>elles exercent \u00e0 titre principal une activit\u00e9 industrielle, commerciale, artisanale, agricole ou lib\u00e9rale (\u00e0 l\u2019exclusion de la gestion de son propre patrimoine mobilier ou immobilier)<\/li>\n<li>elles ne sont pas cot\u00e9es en bourse ;<\/li>\n<li>ensuite, elles ont moins de 5 ans d\u2019existence \u00e0 la date de l\u2019option ;<\/li>\n<li>elles emploient moins de 50 salari\u00e9s ;<\/li>\n<li>elles r\u00e9alisent un chiffre d\u2019affaires annuel inf\u00e9rieur \u00e0 10 millions d\u2019euros ;<\/li>\n<li>de plus, elles ont au moins la moiti\u00e9 des actionnaires personnes physiques ;<\/li>\n<li>enfin, elles ont au moins 34 % des actions d\u00e9tenues par un ou plusieurs organes dirigeants.<\/li>\n<\/ul>\n<h4>&nbsp;<\/h4>\n<h4>EURL et entreprises individuelles<\/h4>\n<div>\n<div>&nbsp;<\/div>\n<div>Pour les EURL, et les entreprises individuelles, le principe est une <a href=\"https:\/\/blog.legalvision.fr\/2019\/06\/07\/impot-sur-le-revenu-tout-savoir\/#4\">imposition sur le revenu<\/a>, mais il est possible d\u2019opter pour l\u2019IS.<\/div>\n<div>&nbsp;<\/div>\n<\/div>\n<div>Le taux de l\u2019imp\u00f4t sur le revenu est r\u00e9actualis\u00e9 chaque ann\u00e9e. Pour l&rsquo;ann\u00e9e 2020 ce taux est le suivant :<\/div>\n<div>\n<ul>\n<li>0%&nbsp;pour les revenus allant de 0 \u00e0 10 064 Euros ;<\/li>\n<li>11%&nbsp;pour les revenus allant de 10 065 \u00e0 25 659 Euros ;<\/li>\n<li>30%&nbsp;pour les revenus allant de 25 660 \u00e0 73 369 Euros ;<\/li>\n<li>41%&nbsp;pour les revenu allant de 73 370 \u00e0 156 806 Euros ;<\/li>\n<li>45%&nbsp;pour les revenus au del\u00e0 de 157 807 Euros.<\/li>\n<\/ul>\n<h4>&nbsp;<\/h4>\n<h4>Les taxes<\/h4>\n<p>Les charges d&rsquo;une entreprise passent aussi par les taxes. Les soci\u00e9t\u00e9s doivent&nbsp;en effet s&rsquo;acquitter de diverses taxes dont la plus connue est la<a href=\"https:\/\/www.economie.gouv.fr\/entreprises\/tout-savoir-sur-tva\"> TVA<\/a>. Il s&rsquo;agit d&rsquo;un imp\u00f4t indirect, pay\u00e9 par les consommateurs et collect\u00e9 par les entreprises.<\/p>\n<p>En outre, il existe&nbsp;diff\u00e9rents taux de TVA, elle est proportionnelle au prix de vente hors taxes. Il faut savoir que le taux normal est de 20% en France, bien qu&rsquo;il existe des taux r\u00e9duits.<\/p>\n<p><span style=\"background-color: var( --e-global-color-f8847cf ); color: var( --e-global-color-text ); font-family: var( --e-global-typography-text-font-family ),Sans-serif; font-size: var( --e-global-typography-text-font-size ); font-style: var( --e-global-typography-text-font-style ); font-weight: var( --e-global-typography-text-font-weight ); text-transform: var( --e-global-typography-text-text-transform );\">faut \u00e9galement citer la taxe sur les v\u00e9hicules de soci\u00e9t\u00e9s (<\/span><a style=\"font-size: var( --e-global-typography-text-font-size ); font-style: var( --e-global-typography-text-font-style ); text-transform: var( --e-global-typography-text-text-transform );\" href=\"https:\/\/www.service-public.fr\/professionnels-entreprises\/vosdroits\/F22203\">TVS<\/a><span style=\"background-color: var( --e-global-color-f8847cf ); color: var( --e-global-color-text ); font-family: var( --e-global-typography-text-font-family ),Sans-serif; font-size: var( --e-global-typography-text-font-size ); font-style: var( --e-global-typography-text-font-style ); font-weight: var( --e-global-typography-text-font-weight ); text-transform: var( --e-global-typography-text-text-transform );\">). Elle est pay\u00e9e chaque ann\u00e9e par les soci\u00e9t\u00e9s pour les voitures particuli\u00e8res ou \u00e0 usage multiple qu&rsquo;elles poss\u00e8dent ou utilisent en France.<\/span><\/p>\n<\/div>\n<div>&nbsp;<\/div>\n<div>Le montant de la taxe d\u00fb pour chaque v\u00e9hicule est \u00e9gal \u00e0 la somme des 2 composantes&nbsp;:<\/div>\n<ul>\n<li style=\"list-style-type: none;\">\n<ul>\n<li>une premi\u00e8re reposant sur un tarif en fonction soit du taux d&rsquo;\u00e9mission de CO\u2082, soit de la puissance fiscale (selon la date de mise en circulation du v\u00e9hicule)&nbsp;;<\/li>\n<li>une seconde bas\u00e9e sur les \u00e9missions de polluants atmosph\u00e9riques, d\u00e9termin\u00e9e en fonction du type de carburant<\/li>\n<\/ul>\n<\/li>\n<\/ul>\n<p>Enfin, il y a la contribution \u00e9conomique territoriale. Elle est compos\u00e9e de la&nbsp;cotisation fonci\u00e8re des entreprises (CFE) et de la cotisation sur la valeur ajout\u00e9e des entreprises (CVAE). La CET remplace depuis 2010 la taxe professionnelle sur les \u00e9quipements et biens mobiliers.<\/p>\n<h3>&nbsp;<\/h3>\n<h3>Assurances<\/h3>\n<p>Il est&nbsp;important que les entreprises se pr\u00e9munissent des principaux risques auxquels elles sont expos\u00e9es et souscrivent \u00e0 des assurances. Il est donc n\u00e9cessaire de souscrire \u00e0 une assurance responsabilit\u00e9&nbsp;civile professionnelle par exemple.<\/p>\n<p>\u00c0 cette fin, plusieurs compagnies d&rsquo;assurances proposent des couvertures diverses.<\/p>\n<h2 id=\"3\">&nbsp;<\/h2>\n<h2 id=\"3\">Tenir une&nbsp;comptabilit\u00e9<\/h2>\n<p><span style=\"font-family: var(--e-global-typography-primary-font-family); background-color: var( --e-global-color-f8847cf ); color: var( --e-global-color-text ); font-size: var( --e-global-typography-text-font-size ); font-style: var( --e-global-typography-text-font-style ); font-weight: var( --e-global-typography-text-font-weight ); text-transform: var( --e-global-typography-text-text-transform );\">La comptabilit\u00e9 fait ind\u00e9niablement partie des charges d&rsquo;une entreprise.<\/span><\/p>\n<h3>&nbsp;<\/h3>\n<h3>La tenue d&rsquo;une comptabilit\u00e9 en interne ou par un expert comptable<\/h3>\n<p>Le cahier des charges d&rsquo;une entreprise peut \u00eatre tenu en interne par le g\u00e9rant ou par un salari\u00e9.<\/p>\n<p>Cependant, la majorit\u00e9 des entreprises ont recours \u00e0 un expert-comptable.&nbsp;Il a pour mission de tenir, v\u00e9rifier, surveiller, redresser les comptes, \u00e9laborer les comptes annuels, les budgets pr\u00e9visionnels, r\u00e9aliser un audit de l&rsquo;entreprise.<\/p>\n<p>Les honoraires de ce dernier sont libres et d\u00e9pendent g\u00e9n\u00e9ralement de plusieurs facteurs. Il peut varier selon par exemple&nbsp;la nature des travaux \u00e0 r\u00e9aliser, la difficult\u00e9 du dossier, la notori\u00e9t\u00e9 de ce dernier&#8230;<\/p>\n<h3>&nbsp;<\/h3>\n<h3>La tenue d&rsquo;une comptabilit\u00e9 par un centre de gestion<\/h3>\n<p>Il est par ailleurs possible pour les entreprises d&rsquo;adh\u00e9rer \u00e0 un centre de gestion agr\u00e9e (pour les&nbsp;industriels, commer\u00e7ants, artisans et agriculteurs) ou \u00e0 une association de gestion agr\u00e9e (professions lib\u00e9rales, impos\u00e9es sous le r\u00e9gime des b\u00e9n\u00e9fices non commerciaux (BNC)) afin de b\u00e9n\u00e9ficier d&rsquo;une aide \u00e0 la tenue de la comptabilit\u00e9.<\/p>\n<p>Cette aide se mat\u00e9rialise notamment par une&nbsp;assistance technique en mati\u00e8re de gestion, de tenue de comptabilit\u00e9 et de fiscalit\u00e9, mais aussi en termes de pr\u00e9vention des difficult\u00e9s financi\u00e8res.<\/p>\n<p>De plus, en y adh\u00e9rant, certaines entreprises peuvent b\u00e9n\u00e9ficier d&rsquo;avantages fiscaux tels que l&rsquo;exon\u00e9ration de la majoration de 25 % \u00e0 la base d&rsquo;imposition de leurs revenus.<\/p>\n<p>De m\u00eame, la possibilit\u00e9 de b\u00e9n\u00e9ficier d\u2019une r\u00e9duction d\u2019imp\u00f4t sur le revenu au titre des frais occasionn\u00e9s par la tenue de leur comptabilit\u00e9 et leur adh\u00e9sion au centre ou \u00e0 l\u2019association dans la double limite de 915 euros par an et du montant de l\u2019imp\u00f4t sur le revenu pour une ann\u00e9e donn\u00e9e.<\/p>\n<p><b>&nbsp;<\/b><\/p>\n<p><b> A noter : <\/b><\/p>\n<p>La premi\u00e8re adh\u00e9sion doit intervenir dans les 5 mois du d\u00e9but de l\u2019exercice. De plus, l&rsquo;adh\u00e9sion suppose le paiement d&rsquo;une cotisation annuelle.<\/p>\n<h3>&nbsp;<\/h3>\n<h3>Le r\u00f4le du commissaire aux comptes<\/h3>\n<div>&nbsp;<\/div>\n<div>Enfin, dans certaines soci\u00e9t\u00e9, un&nbsp;<a href=\"https:\/\/blog.legalvision.fr\/2019\/05\/29\/commissaire-aux-comptes-sas\/\">commissaire aux comptes<\/a>&nbsp;doit obligatoirement \u00eatre nomm\u00e9. Sa mission principale est de certifier les comptes&nbsp;et de pr\u00e9senter les informations financi\u00e8res de la soci\u00e9t\u00e9.&nbsp;Sa nomination peut \u00eatre obligatoire en fonction du type de soci\u00e9t\u00e9 et du d\u00e9passement de <a href=\"https:\/\/www.service-public.fr\/professionnels-entreprises\/vosdroits\/F31440\">certains seuils<\/a>. Le niveau de ses honoraires d\u00e9pendent principalement du nombre d&rsquo;heures de travail effectu\u00e9s ainsi que de&nbsp;la complexit\u00e9 des travaux.<br><span style=\"background-color: var( --e-global-color-f8847cf ); color: var( --e-global-color-text ); font-family: var( --e-global-typography-text-font-family ),Sans-serif; font-size: var( --e-global-typography-text-font-size ); font-style: var( --e-global-typography-text-font-style ); font-weight: var( --e-global-typography-text-font-weight ); text-align: center; text-transform: var( --e-global-typography-text-text-transform );\"><br><\/span><\/div>\n<div><span style=\"background-color: var( --e-global-color-f8847cf ); color: var( --e-global-color-text ); font-family: var( --e-global-typography-text-font-family ),Sans-serif; font-size: var( --e-global-typography-text-font-size ); font-style: var( --e-global-typography-text-font-style ); font-weight: var( --e-global-typography-text-font-weight ); text-align: center; text-transform: var( --e-global-typography-text-text-transform );\">Les charges d&rsquo;une entreprise au cours des premi\u00e8res ann\u00e9es sont donc diverses et vari\u00e9es. Une bonne organisation et planification en amont de la cr\u00e9ation d&rsquo;entreprise sont donc n\u00e9cessaires pour permettre d&rsquo;y faire face de mani\u00e8re sereine.<\/span><\/div>\n<div style=\"text-align: center;\">&nbsp;<\/div>\n<div class=\"wp-block-button\" style=\"text-align: center;\"><a class=\"wp-block-button__link has-background\" href=\"https:\/\/leonard.fr\/juridique\/creation-entreprise\/creation-dune-sas\/?utm_source=Blog&amp;utm_medium=CTA&amp;utm_campaign=charges_entreprise&amp;utm_id=creation_Blog\" target=\"_blank\" rel=\"noopener\">Commencer ma cr\u00e9ation d&rsquo;entreprise<\/a><\/div>\t\t\t\t\t\t\t\t<\/div>\n\t\t\t\t<\/div>\n\t\t\t\t\t<\/div>\n\t\t<\/div>\n\t\t\t\t\t<\/div>\n\t\t<\/section>\n\t\t\t\t<\/div>\n\t\t","protected":false},"excerpt":{"rendered":"<p>Les charges d&rsquo;une entreprise sont diverses et vari\u00e9es.\u00a0Toutefois, avant m\u00eame de se lancer dans la cr\u00e9ation d&rsquo;une entreprise et de songer aux frais n\u00e9cessaires au fonctionnement d&rsquo;une entreprise, plusieurs d\u00e9marches sont \u00e0 effectuer. En effet, il faut avant tout\u00a0pr\u00e9parer son projet de cr\u00e9ation d\u2019entreprise. Cela repr\u00e9sente une \u00e9tape incontournable de la conception de l\u2019activit\u00e9 future.&hellip; <a class=\"more-link\" href=\"https:\/\/www.legalvision.fr\/guides-juridiques\/creer-son-entreprise\/charges-d-une-entreprise-premieres-annees\/\">Poursuivre la lecture <span class=\"screen-reader-text\">Liste des charges d&rsquo;une entreprise : le budget \u00e0 pr\u00e9voir<\/span><\/a><\/p>\n","protected":false},"author":68,"featured_media":32632,"comment_status":"open","ping_status":"open","sticky":false,"template":"","format":"standard","meta":{"content-type":"","inline_featured_image":false,"footnotes":""},"categories":[2481],"tags":[],"class_list":["post-32250","post","type-post","status-publish","format-standard","has-post-thumbnail","hentry","category-creer-son-entreprise","entry"],"yoast_head":"<!-- This site is optimized with the Yoast SEO plugin v27.1.1 - https:\/\/yoast.com\/product\/yoast-seo-wordpress\/ -->\n<title>Liste des charges d&#039;une entreprise : le budget \u00e0 pr\u00e9voir<\/title>\n<meta name=\"description\" content=\"Quelles sont les diff\u00e9rentes charges d&#039;une entreprise suite \u00e0 sa cr\u00e9ation ? LegalVision dresse pour vous la liste des frais \u00e0 pr\u00e9voir !\" \/>\n<meta name=\"robots\" content=\"index, follow, max-snippet:-1, max-image-preview:large, max-video-preview:-1\" \/>\n<link rel=\"canonical\" href=\"https:\/\/www.legalvision.fr\/guides-juridiques\/creer-son-entreprise\/charges-d-une-entreprise-premieres-annees\/\" \/>\n<meta property=\"og:locale\" content=\"fr_FR\" \/>\n<meta property=\"og:type\" content=\"article\" \/>\n<meta property=\"og:title\" content=\"Liste des charges d&#039;une entreprise : le budget \u00e0 pr\u00e9voir\" \/>\n<meta property=\"og:description\" content=\"Quelles sont les diff\u00e9rentes charges d&#039;une entreprise suite \u00e0 sa cr\u00e9ation ? LegalVision dresse pour vous la liste des frais \u00e0 pr\u00e9voir !\" \/>\n<meta property=\"og:url\" content=\"https:\/\/www.legalvision.fr\/guides-juridiques\/creer-son-entreprise\/charges-d-une-entreprise-premieres-annees\/\" \/>\n<meta property=\"og:site_name\" content=\"Guides juridiques\" \/>\n<meta property=\"article:published_time\" content=\"2020-02-12T06:30:38+00:00\" \/>\n<meta property=\"article:modified_time\" content=\"2023-10-17T09:11:55+00:00\" \/>\n<meta property=\"og:image\" content=\"https:\/\/www.legalvision.fr\/guides-juridiques\/wp-content\/uploads\/2020\/02\/charges-dune-entreprise.jpg\" \/>\n\t<meta property=\"og:image:width\" content=\"958\" \/>\n\t<meta property=\"og:image:height\" content=\"350\" \/>\n\t<meta property=\"og:image:type\" content=\"image\/jpeg\" \/>\n<meta name=\"author\" content=\"Laure Monjeau\" \/>\n<meta name=\"twitter:card\" content=\"summary_large_image\" \/>\n<meta name=\"twitter:label1\" content=\"\u00c9crit par\" \/>\n\t<meta name=\"twitter:data1\" content=\"Laure Monjeau\" \/>\n\t<meta name=\"twitter:label2\" content=\"Dur\u00e9e de lecture estim\u00e9e\" \/>\n\t<meta name=\"twitter:data2\" content=\"18 minutes\" \/>\n<script type=\"application\/ld+json\" class=\"yoast-schema-graph\">{\"@context\":\"https:\/\/schema.org\",\"@graph\":[{\"@type\":\"Article\",\"@id\":\"https:\/\/www.legalvision.fr\/guides-juridiques\/creer-son-entreprise\/charges-d-une-entreprise-premieres-annees\/#article\",\"isPartOf\":{\"@id\":\"https:\/\/www.legalvision.fr\/guides-juridiques\/creer-son-entreprise\/charges-d-une-entreprise-premieres-annees\/\"},\"author\":{\"name\":\"Laure Monjeau\",\"@id\":\"https:\/\/www.legalvision.fr\/guides-juridiques\/#\/schema\/person\/e409e891a6d067228715275764ec3452\"},\"headline\":\"Liste des charges d&rsquo;une entreprise : le budget \u00e0 pr\u00e9voir\",\"datePublished\":\"2020-02-12T06:30:38+00:00\",\"dateModified\":\"2023-10-17T09:11:55+00:00\",\"mainEntityOfPage\":{\"@id\":\"https:\/\/www.legalvision.fr\/guides-juridiques\/creer-son-entreprise\/charges-d-une-entreprise-premieres-annees\/\"},\"wordCount\":4010,\"commentCount\":0,\"publisher\":{\"@id\":\"https:\/\/www.legalvision.fr\/guides-juridiques\/#organization\"},\"image\":{\"@id\":\"https:\/\/www.legalvision.fr\/guides-juridiques\/creer-son-entreprise\/charges-d-une-entreprise-premieres-annees\/#primaryimage\"},\"thumbnailUrl\":\"https:\/\/www.legalvision.fr\/guides-juridiques\/wp-content\/uploads\/2020\/02\/charges-dune-entreprise.jpg\",\"articleSection\":[\"Cr\u00e9er son entreprise\"],\"inLanguage\":\"fr-FR\",\"potentialAction\":[{\"@type\":\"CommentAction\",\"name\":\"Comment\",\"target\":[\"https:\/\/www.legalvision.fr\/guides-juridiques\/creer-son-entreprise\/charges-d-une-entreprise-premieres-annees\/#respond\"]}]},{\"@type\":\"WebPage\",\"@id\":\"https:\/\/www.legalvision.fr\/guides-juridiques\/creer-son-entreprise\/charges-d-une-entreprise-premieres-annees\/\",\"url\":\"https:\/\/www.legalvision.fr\/guides-juridiques\/creer-son-entreprise\/charges-d-une-entreprise-premieres-annees\/\",\"name\":\"Liste des charges d'une entreprise : le budget \u00e0 pr\u00e9voir\",\"isPartOf\":{\"@id\":\"https:\/\/www.legalvision.fr\/guides-juridiques\/#website\"},\"primaryImageOfPage\":{\"@id\":\"https:\/\/www.legalvision.fr\/guides-juridiques\/creer-son-entreprise\/charges-d-une-entreprise-premieres-annees\/#primaryimage\"},\"image\":{\"@id\":\"https:\/\/www.legalvision.fr\/guides-juridiques\/creer-son-entreprise\/charges-d-une-entreprise-premieres-annees\/#primaryimage\"},\"thumbnailUrl\":\"https:\/\/www.legalvision.fr\/guides-juridiques\/wp-content\/uploads\/2020\/02\/charges-dune-entreprise.jpg\",\"datePublished\":\"2020-02-12T06:30:38+00:00\",\"dateModified\":\"2023-10-17T09:11:55+00:00\",\"description\":\"Quelles sont les diff\u00e9rentes charges d'une entreprise suite \u00e0 sa cr\u00e9ation ? LegalVision dresse pour vous la liste des frais \u00e0 pr\u00e9voir !\",\"breadcrumb\":{\"@id\":\"https:\/\/www.legalvision.fr\/guides-juridiques\/creer-son-entreprise\/charges-d-une-entreprise-premieres-annees\/#breadcrumb\"},\"inLanguage\":\"fr-FR\",\"potentialAction\":[{\"@type\":\"ReadAction\",\"target\":[\"https:\/\/www.legalvision.fr\/guides-juridiques\/creer-son-entreprise\/charges-d-une-entreprise-premieres-annees\/\"]}]},{\"@type\":\"ImageObject\",\"inLanguage\":\"fr-FR\",\"@id\":\"https:\/\/www.legalvision.fr\/guides-juridiques\/creer-son-entreprise\/charges-d-une-entreprise-premieres-annees\/#primaryimage\",\"url\":\"https:\/\/www.legalvision.fr\/guides-juridiques\/wp-content\/uploads\/2020\/02\/charges-dune-entreprise.jpg\",\"contentUrl\":\"https:\/\/www.legalvision.fr\/guides-juridiques\/wp-content\/uploads\/2020\/02\/charges-dune-entreprise.jpg\",\"width\":958,\"height\":350,\"caption\":\"charges d'une entreprise\"},{\"@type\":\"BreadcrumbList\",\"@id\":\"https:\/\/www.legalvision.fr\/guides-juridiques\/creer-son-entreprise\/charges-d-une-entreprise-premieres-annees\/#breadcrumb\",\"itemListElement\":[{\"@type\":\"ListItem\",\"position\":1,\"name\":\"Accueil\",\"item\":\"https:\/\/www.legalvision.fr\/guides-juridiques\/\"},{\"@type\":\"ListItem\",\"position\":2,\"name\":\"Cr\u00e9er son entreprise\",\"item\":\"https:\/\/www.legalvision.fr\/guides-juridiques\/creer-son-entreprise\/\"},{\"@type\":\"ListItem\",\"position\":3,\"name\":\"Liste des charges d&rsquo;une entreprise : le budget \u00e0 pr\u00e9voir\"}]},{\"@type\":\"WebSite\",\"@id\":\"https:\/\/www.legalvision.fr\/guides-juridiques\/#website\",\"url\":\"https:\/\/www.legalvision.fr\/guides-juridiques\/\",\"name\":\"Guides juridiques\",\"description\":\"L&#039;information juridique \u00e0 destination des entreprises et TPE\",\"publisher\":{\"@id\":\"https:\/\/www.legalvision.fr\/guides-juridiques\/#organization\"},\"potentialAction\":[{\"@type\":\"SearchAction\",\"target\":{\"@type\":\"EntryPoint\",\"urlTemplate\":\"https:\/\/www.legalvision.fr\/guides-juridiques\/?s={search_term_string}\"},\"query-input\":{\"@type\":\"PropertyValueSpecification\",\"valueRequired\":true,\"valueName\":\"search_term_string\"}}],\"inLanguage\":\"fr-FR\"},{\"@type\":\"Organization\",\"@id\":\"https:\/\/www.legalvision.fr\/guides-juridiques\/#organization\",\"name\":\"Guides juridiques\",\"url\":\"https:\/\/www.legalvision.fr\/guides-juridiques\/\",\"logo\":{\"@type\":\"ImageObject\",\"inLanguage\":\"fr-FR\",\"@id\":\"https:\/\/www.legalvision.fr\/guides-juridiques\/#\/schema\/logo\/image\/\",\"url\":\"https:\/\/www.legalvision.fr\/guides-juridiques\/wp-content\/uploads\/2022\/10\/LV-Logotype.png\",\"contentUrl\":\"https:\/\/www.legalvision.fr\/guides-juridiques\/wp-content\/uploads\/2022\/10\/LV-Logotype.png\",\"width\":647,\"height\":125,\"caption\":\"Guides juridiques\"},\"image\":{\"@id\":\"https:\/\/www.legalvision.fr\/guides-juridiques\/#\/schema\/logo\/image\/\"}},{\"@type\":\"Person\",\"@id\":\"https:\/\/www.legalvision.fr\/guides-juridiques\/#\/schema\/person\/e409e891a6d067228715275764ec3452\",\"name\":\"Laure Monjeau\",\"image\":{\"@type\":\"ImageObject\",\"inLanguage\":\"fr-FR\",\"@id\":\"https:\/\/www.legalvision.fr\/guides-juridiques\/#\/schema\/person\/image\/\",\"url\":\"https:\/\/www.legalvision.fr\/guides-juridiques\/wp-content\/uploads\/2023\/07\/femme9-96x96.png\",\"contentUrl\":\"https:\/\/www.legalvision.fr\/guides-juridiques\/wp-content\/uploads\/2023\/07\/femme9-96x96.png\",\"caption\":\"Laure Monjeau\"},\"description\":\"Laure Monjeau est titulaire d'un master 2 en droit priv\u00e9 et droit des affaires. Elle pr\u00e9pare actuellement le CRFPA. Habiba r\u00e9dige sous la direction de Lo\u00efc Le Goas, Avocat et Pr\u00e9sident de Legalvision.\",\"url\":\"https:\/\/www.legalvision.fr\/guides-juridiques\/author\/habiba-simjee\/\"}]}<\/script>\n<!-- \/ Yoast SEO plugin. -->","yoast_head_json":{"title":"Liste des charges d'une entreprise : le budget \u00e0 pr\u00e9voir","description":"Quelles sont les diff\u00e9rentes charges d'une entreprise suite \u00e0 sa cr\u00e9ation ? LegalVision dresse pour vous la liste des frais \u00e0 pr\u00e9voir !","robots":{"index":"index","follow":"follow","max-snippet":"max-snippet:-1","max-image-preview":"max-image-preview:large","max-video-preview":"max-video-preview:-1"},"canonical":"https:\/\/www.legalvision.fr\/guides-juridiques\/creer-son-entreprise\/charges-d-une-entreprise-premieres-annees\/","og_locale":"fr_FR","og_type":"article","og_title":"Liste des charges d'une entreprise : le budget \u00e0 pr\u00e9voir","og_description":"Quelles sont les diff\u00e9rentes charges d'une entreprise suite \u00e0 sa cr\u00e9ation ? LegalVision dresse pour vous la liste des frais \u00e0 pr\u00e9voir !","og_url":"https:\/\/www.legalvision.fr\/guides-juridiques\/creer-son-entreprise\/charges-d-une-entreprise-premieres-annees\/","og_site_name":"Guides juridiques","article_published_time":"2020-02-12T06:30:38+00:00","article_modified_time":"2023-10-17T09:11:55+00:00","og_image":[{"width":958,"height":350,"url":"https:\/\/www.legalvision.fr\/guides-juridiques\/wp-content\/uploads\/2020\/02\/charges-dune-entreprise.jpg","type":"image\/jpeg"}],"author":"Laure Monjeau","twitter_card":"summary_large_image","twitter_misc":{"\u00c9crit par":"Laure Monjeau","Dur\u00e9e de lecture estim\u00e9e":"18 minutes"},"schema":{"@context":"https:\/\/schema.org","@graph":[{"@type":"Article","@id":"https:\/\/www.legalvision.fr\/guides-juridiques\/creer-son-entreprise\/charges-d-une-entreprise-premieres-annees\/#article","isPartOf":{"@id":"https:\/\/www.legalvision.fr\/guides-juridiques\/creer-son-entreprise\/charges-d-une-entreprise-premieres-annees\/"},"author":{"name":"Laure Monjeau","@id":"https:\/\/www.legalvision.fr\/guides-juridiques\/#\/schema\/person\/e409e891a6d067228715275764ec3452"},"headline":"Liste des charges d&rsquo;une entreprise : le budget \u00e0 pr\u00e9voir","datePublished":"2020-02-12T06:30:38+00:00","dateModified":"2023-10-17T09:11:55+00:00","mainEntityOfPage":{"@id":"https:\/\/www.legalvision.fr\/guides-juridiques\/creer-son-entreprise\/charges-d-une-entreprise-premieres-annees\/"},"wordCount":4010,"commentCount":0,"publisher":{"@id":"https:\/\/www.legalvision.fr\/guides-juridiques\/#organization"},"image":{"@id":"https:\/\/www.legalvision.fr\/guides-juridiques\/creer-son-entreprise\/charges-d-une-entreprise-premieres-annees\/#primaryimage"},"thumbnailUrl":"https:\/\/www.legalvision.fr\/guides-juridiques\/wp-content\/uploads\/2020\/02\/charges-dune-entreprise.jpg","articleSection":["Cr\u00e9er son entreprise"],"inLanguage":"fr-FR","potentialAction":[{"@type":"CommentAction","name":"Comment","target":["https:\/\/www.legalvision.fr\/guides-juridiques\/creer-son-entreprise\/charges-d-une-entreprise-premieres-annees\/#respond"]}]},{"@type":"WebPage","@id":"https:\/\/www.legalvision.fr\/guides-juridiques\/creer-son-entreprise\/charges-d-une-entreprise-premieres-annees\/","url":"https:\/\/www.legalvision.fr\/guides-juridiques\/creer-son-entreprise\/charges-d-une-entreprise-premieres-annees\/","name":"Liste des charges d'une entreprise : le budget \u00e0 pr\u00e9voir","isPartOf":{"@id":"https:\/\/www.legalvision.fr\/guides-juridiques\/#website"},"primaryImageOfPage":{"@id":"https:\/\/www.legalvision.fr\/guides-juridiques\/creer-son-entreprise\/charges-d-une-entreprise-premieres-annees\/#primaryimage"},"image":{"@id":"https:\/\/www.legalvision.fr\/guides-juridiques\/creer-son-entreprise\/charges-d-une-entreprise-premieres-annees\/#primaryimage"},"thumbnailUrl":"https:\/\/www.legalvision.fr\/guides-juridiques\/wp-content\/uploads\/2020\/02\/charges-dune-entreprise.jpg","datePublished":"2020-02-12T06:30:38+00:00","dateModified":"2023-10-17T09:11:55+00:00","description":"Quelles sont les diff\u00e9rentes charges d'une entreprise suite \u00e0 sa cr\u00e9ation ? LegalVision dresse pour vous la liste des frais \u00e0 pr\u00e9voir !","breadcrumb":{"@id":"https:\/\/www.legalvision.fr\/guides-juridiques\/creer-son-entreprise\/charges-d-une-entreprise-premieres-annees\/#breadcrumb"},"inLanguage":"fr-FR","potentialAction":[{"@type":"ReadAction","target":["https:\/\/www.legalvision.fr\/guides-juridiques\/creer-son-entreprise\/charges-d-une-entreprise-premieres-annees\/"]}]},{"@type":"ImageObject","inLanguage":"fr-FR","@id":"https:\/\/www.legalvision.fr\/guides-juridiques\/creer-son-entreprise\/charges-d-une-entreprise-premieres-annees\/#primaryimage","url":"https:\/\/www.legalvision.fr\/guides-juridiques\/wp-content\/uploads\/2020\/02\/charges-dune-entreprise.jpg","contentUrl":"https:\/\/www.legalvision.fr\/guides-juridiques\/wp-content\/uploads\/2020\/02\/charges-dune-entreprise.jpg","width":958,"height":350,"caption":"charges d'une entreprise"},{"@type":"BreadcrumbList","@id":"https:\/\/www.legalvision.fr\/guides-juridiques\/creer-son-entreprise\/charges-d-une-entreprise-premieres-annees\/#breadcrumb","itemListElement":[{"@type":"ListItem","position":1,"name":"Accueil","item":"https:\/\/www.legalvision.fr\/guides-juridiques\/"},{"@type":"ListItem","position":2,"name":"Cr\u00e9er son entreprise","item":"https:\/\/www.legalvision.fr\/guides-juridiques\/creer-son-entreprise\/"},{"@type":"ListItem","position":3,"name":"Liste des charges d&rsquo;une entreprise : le budget \u00e0 pr\u00e9voir"}]},{"@type":"WebSite","@id":"https:\/\/www.legalvision.fr\/guides-juridiques\/#website","url":"https:\/\/www.legalvision.fr\/guides-juridiques\/","name":"Guides juridiques","description":"L&#039;information juridique \u00e0 destination des entreprises et TPE","publisher":{"@id":"https:\/\/www.legalvision.fr\/guides-juridiques\/#organization"},"potentialAction":[{"@type":"SearchAction","target":{"@type":"EntryPoint","urlTemplate":"https:\/\/www.legalvision.fr\/guides-juridiques\/?s={search_term_string}"},"query-input":{"@type":"PropertyValueSpecification","valueRequired":true,"valueName":"search_term_string"}}],"inLanguage":"fr-FR"},{"@type":"Organization","@id":"https:\/\/www.legalvision.fr\/guides-juridiques\/#organization","name":"Guides juridiques","url":"https:\/\/www.legalvision.fr\/guides-juridiques\/","logo":{"@type":"ImageObject","inLanguage":"fr-FR","@id":"https:\/\/www.legalvision.fr\/guides-juridiques\/#\/schema\/logo\/image\/","url":"https:\/\/www.legalvision.fr\/guides-juridiques\/wp-content\/uploads\/2022\/10\/LV-Logotype.png","contentUrl":"https:\/\/www.legalvision.fr\/guides-juridiques\/wp-content\/uploads\/2022\/10\/LV-Logotype.png","width":647,"height":125,"caption":"Guides juridiques"},"image":{"@id":"https:\/\/www.legalvision.fr\/guides-juridiques\/#\/schema\/logo\/image\/"}},{"@type":"Person","@id":"https:\/\/www.legalvision.fr\/guides-juridiques\/#\/schema\/person\/e409e891a6d067228715275764ec3452","name":"Laure Monjeau","image":{"@type":"ImageObject","inLanguage":"fr-FR","@id":"https:\/\/www.legalvision.fr\/guides-juridiques\/#\/schema\/person\/image\/","url":"https:\/\/www.legalvision.fr\/guides-juridiques\/wp-content\/uploads\/2023\/07\/femme9-96x96.png","contentUrl":"https:\/\/www.legalvision.fr\/guides-juridiques\/wp-content\/uploads\/2023\/07\/femme9-96x96.png","caption":"Laure Monjeau"},"description":"Laure Monjeau est titulaire d'un master 2 en droit priv\u00e9 et droit des affaires. Elle pr\u00e9pare actuellement le CRFPA. Habiba r\u00e9dige sous la direction de Lo\u00efc Le Goas, Avocat et Pr\u00e9sident de Legalvision.","url":"https:\/\/www.legalvision.fr\/guides-juridiques\/author\/habiba-simjee\/"}]}},"_links":{"self":[{"href":"https:\/\/www.legalvision.fr\/guides-juridiques\/wp-json\/wp\/v2\/posts\/32250","targetHints":{"allow":["GET"]}}],"collection":[{"href":"https:\/\/www.legalvision.fr\/guides-juridiques\/wp-json\/wp\/v2\/posts"}],"about":[{"href":"https:\/\/www.legalvision.fr\/guides-juridiques\/wp-json\/wp\/v2\/types\/post"}],"author":[{"embeddable":true,"href":"https:\/\/www.legalvision.fr\/guides-juridiques\/wp-json\/wp\/v2\/users\/68"}],"replies":[{"embeddable":true,"href":"https:\/\/www.legalvision.fr\/guides-juridiques\/wp-json\/wp\/v2\/comments?post=32250"}],"version-history":[{"count":10,"href":"https:\/\/www.legalvision.fr\/guides-juridiques\/wp-json\/wp\/v2\/posts\/32250\/revisions"}],"predecessor-version":[{"id":39813,"href":"https:\/\/www.legalvision.fr\/guides-juridiques\/wp-json\/wp\/v2\/posts\/32250\/revisions\/39813"}],"wp:featuredmedia":[{"embeddable":true,"href":"https:\/\/www.legalvision.fr\/guides-juridiques\/wp-json\/wp\/v2\/media\/32632"}],"wp:attachment":[{"href":"https:\/\/www.legalvision.fr\/guides-juridiques\/wp-json\/wp\/v2\/media?parent=32250"}],"wp:term":[{"taxonomy":"category","embeddable":true,"href":"https:\/\/www.legalvision.fr\/guides-juridiques\/wp-json\/wp\/v2\/categories?post=32250"},{"taxonomy":"post_tag","embeddable":true,"href":"https:\/\/www.legalvision.fr\/guides-juridiques\/wp-json\/wp\/v2\/tags?post=32250"}],"curies":[{"name":"wp","href":"https:\/\/api.w.org\/{rel}","templated":true}]}}