{"id":31571,"date":"2020-01-07T15:51:13","date_gmt":"2020-01-07T14:51:13","guid":{"rendered":"https:\/\/blog.legalvision.fr\/?p=31571"},"modified":"2022-03-27T21:20:44","modified_gmt":"2022-03-27T19:20:44","slug":"la-reforme-des-retraites-en-france","status":"publish","type":"post","link":"https:\/\/www.legalvision.fr\/guides-juridiques\/actualite-juridique\/la-reforme-des-retraites-en-france\/","title":{"rendered":"La r\u00e9forme des retraites"},"content":{"rendered":"<p>Vous demandez-vous pourquoi certains trains ne circulent plus\u00a0? Pourquoi la gr\u00e8ve en France prend une telle ampleur\u00a0?<\/p>\n<h4>Voici quelques r\u00e9ponses \u00e0 vos questions\u00a0:<\/h4>\n<p>Les trains sont en effet moins nombreux en raison de la gr\u00e8ve des cheminots contre <strong>la r\u00e9forme des retraites<\/strong>. Cette r\u00e9forme touche \u00e9videmment tous les secteurs d\u2019activit\u00e9.<\/p>\n<p><strong>Mais en quoi consiste-t-elle\u00a0?<\/strong><\/p>\n<p>R\u00e9former les retraites est une promesse qu\u2019avait faite Emmanuel Macron durant son quinquennat. Mais de quelle mani\u00e8re souhaite-t-il proc\u00e9der\u00a0?<\/p>\n<p>Ce projet de r\u00e9forme a dans un premier temps \u00e9t\u00e9 \u00e9labor\u00e9 sous la responsabilit\u00e9 du haut-commissaire \u00e0 la R\u00e9forme des retraites, <strong>Jean-Paul Delevoye<\/strong>. Mais pour des raisons politiques, celui-ci a \u00e9t\u00e9 \u00e9vinc\u00e9 et le 1<sup>er<\/sup> ministre Edouard Philippe en a repris la responsabilit\u00e9.<\/p>\n<h4>Voici quelques points sur lesquels la r\u00e9forme op\u00e9rera des changements\u00a0:<\/h4>\n<ul>\n<li>existe en France 42 caisses de retraites diff\u00e9rentes. Le gouvernement souhaiterait mettre en place un seul <strong>syst\u00e8me universel<\/strong>. Ce syst\u00e8me universel est un nouveau mod\u00e8le dans lequel un euro cotis\u00e9 donne les m\u00eames droits quel que soit le statut de celui qui a cotis\u00e9. Les r\u00e9gimes sp\u00e9ciaux tendraient donc \u00e0 dispara\u00eetre.<\/li>\n<li>Ainsi les travailleurs cumuleront <strong>des points\u00a0<\/strong>tout on long de leur carri\u00e8re, points qui seront par la suite convertis en euros au moment du d\u00e9part \u00e0 la retraite. La proposition actuelle est de 1 point = 10 euros cotis\u00e9s.<\/li>\n<li>S\u2019agissant de <strong>l\u2019\u00e2ge de d\u00e9part<\/strong> \u00e0 la retraite, celui-ci devait \u00eatre inchang\u00e9 selon Emanuel Macron. Toutefois, le gouvernement souhaite mettre en place un dispositif visant \u00e0 inciter les assur\u00e9s \u00e0 partir plus tard. Ils souhaiteront donc fixer un \u00e2ge pivot \u00e0 <strong>64 ans<\/strong>.<\/li>\n<li>Par ailleurs, le montant de la pension ne sera plus calcul\u00e9 sur les 25 meilleures ann\u00e9es d\u2019une carri\u00e8re, ni sur les 6 derniers mois pour les fonctionnaires, mais<strong> sur l\u2019ensemble de celle-ci<\/strong>.<\/li>\n<li>Enfin, comme dans le syst\u00e8me actuel<strong>, les travailleurs continueront de financer les pensions vers\u00e9es aux retrait\u00e9s<\/strong>.<\/li>\n<\/ul>\n<p>Toutes ces informations ne sont encore que d\u2019\u00e9ventuelles possibilit\u00e9s discut\u00e9es \u00e2prement entre partenaires sociaux. Pour l\u2019instant ils n\u2019ont pas trouv\u00e9 d\u2019accord. Rien n\u2019est encore d\u00e9finitivement mis en place.<\/p>\n<h5><strong>Bon \u00e0 savoir\u00a0:<\/strong><\/h5>\n<ul>\n<li><strong>S&rsquo;agissant de certains pays Europ\u00e9ens<\/strong><\/li>\n<\/ul>\n<p>Par exemple en <strong>Su\u00e8de<\/strong>, les cotisations sont fixes et le montant des pensions d\u00e9pend de plusieurs facteurs\u00a0: l\u2019\u00e2ge de d\u00e9part, l\u2019esp\u00e9rance de vie et les performances \u00e9conomiques du pays.<\/p>\n<p>S&rsquo;agissant de <strong>l&rsquo;Allemagne<\/strong>, pour toucher une retraite \u00e0 taux plein, il faut travailler jusqu\u2019\u00e0 65 \u00e0 67 ans et avoir cotis\u00e9 45 ans.<\/p>\n<p>En <strong>Espagne<\/strong>, les retrait\u00e9s conservent 82% de leur salaire. Les travailleurs\u00a0espagnols peuvent cesser le travail \u00e0 partir de 65 ans et 8 mois, pour peu qu\u2019ils aient cotis\u00e9 au moins 36 ans et 6 mois.<\/p>\n<ul>\n<li><strong>S&rsquo;agissant des Etats-Unis<\/strong><\/li>\n<\/ul>\n<p>Aux <strong>\u00c9tats-Unis<\/strong> leur syst\u00e8me de retraite est diff\u00e9rent. En effet, ils fonctionnent avec un <strong>syst\u00e8me de retraite par capitalisation. <\/strong>Celle-ci permet aux travailleurs d\u2019accumuler un stock de capital qui servira \u00e0 financer leurs pensions une fois qu\u2019ils seront \u00e0 la retraite. Il s\u2019agit donc d\u2019un syst\u00e8me <strong>d\u2019\u00e9pargne <\/strong>individuel bas\u00e9 sur l\u2019autofinancement.<\/p>\n<p><\/p>\n<div class=\"wp-block-button\" style=\"text-align:center;\"><a class=\"wp-block-button__link has-background\" href=\"https:\/\/www.legalvision.fr\/tous-les-services\/\">Voir les services LegalVision<\/a><\/div>\n","protected":false},"excerpt":{"rendered":"<p>Vous demandez-vous pourquoi certains trains ne circulent plus\u00a0? Pourquoi la gr\u00e8ve en France prend une telle ampleur\u00a0? Voici quelques r\u00e9ponses \u00e0 vos questions\u00a0: Les trains sont en effet moins nombreux en raison de la gr\u00e8ve des cheminots contre la r\u00e9forme des retraites. Cette r\u00e9forme touche \u00e9videmment tous les secteurs d\u2019activit\u00e9. Mais en quoi consiste-t-elle\u00a0? R\u00e9former&hellip; <a class=\"more-link\" href=\"https:\/\/www.legalvision.fr\/guides-juridiques\/actualite-juridique\/la-reforme-des-retraites-en-france\/\">Poursuivre la lecture <span class=\"screen-reader-text\">La r\u00e9forme des retraites<\/span><\/a><\/p>\n","protected":false},"author":63,"featured_media":31619,"comment_status":"open","ping_status":"open","sticky":false,"template":"","format":"standard","meta":{"content-type":"","inline_featured_image":false,"footnotes":""},"categories":[2475],"tags":[],"class_list":["post-31571","post","type-post","status-publish","format-standard","has-post-thumbnail","hentry","category-actualite-juridique","entry"],"yoast_head":"<!-- This site is optimized with the Yoast SEO plugin v27.1.1 - https:\/\/yoast.com\/product\/yoast-seo-wordpress\/ -->\n<title>Tout savoir sur la r\u00e9forme des retraites avec LegalVision<\/title>\n<meta name=\"description\" content=\"Souhaitez-vous connaitre les points essentiels sur lesquels portent la r\u00e9forme des retraites ? Voici\" \/>\n<meta name=\"robots\" content=\"index, follow, max-snippet:-1, max-image-preview:large, max-video-preview:-1\" \/>\n<link rel=\"canonical\" href=\"https:\/\/www.legalvision.fr\/guides-juridiques\/actualite-juridique\/la-reforme-des-retraites-en-france\/\" \/>\n<meta property=\"og:locale\" content=\"fr_FR\" \/>\n<meta property=\"og:type\" content=\"article\" \/>\n<meta property=\"og:title\" content=\"Tout savoir sur la r\u00e9forme des retraites avec LegalVision\" \/>\n<meta property=\"og:description\" content=\"Souhaitez-vous connaitre les points essentiels sur lesquels portent la r\u00e9forme des retraites ? Voici\" \/>\n<meta property=\"og:url\" content=\"https:\/\/www.legalvision.fr\/guides-juridiques\/actualite-juridique\/la-reforme-des-retraites-en-france\/\" \/>\n<meta property=\"og:site_name\" content=\"Guides juridiques\" \/>\n<meta property=\"article:published_time\" content=\"2020-01-07T14:51:13+00:00\" \/>\n<meta property=\"article:modified_time\" content=\"2022-03-27T19:20:44+00:00\" \/>\n<meta property=\"og:image\" content=\"https:\/\/www.legalvision.fr\/guides-juridiques\/wp-content\/uploads\/2020\/01\/r\u00e9forme-des-retraites-1.jpg\" \/>\n\t<meta property=\"og:image:width\" content=\"958\" \/>\n\t<meta property=\"og:image:height\" content=\"350\" \/>\n\t<meta property=\"og:image:type\" content=\"image\/jpeg\" \/>\n<meta name=\"author\" content=\"Louise Binouil\" \/>\n<meta name=\"twitter:card\" content=\"summary_large_image\" \/>\n<meta name=\"twitter:label1\" content=\"\u00c9crit par\" \/>\n\t<meta name=\"twitter:data1\" content=\"Louise Binouil\" \/>\n\t<meta name=\"twitter:label2\" content=\"Dur\u00e9e de lecture estim\u00e9e\" \/>\n\t<meta name=\"twitter:data2\" content=\"3 minutes\" \/>\n<script type=\"application\/ld+json\" class=\"yoast-schema-graph\">{\"@context\":\"https:\/\/schema.org\",\"@graph\":[{\"@type\":\"Article\",\"@id\":\"https:\/\/www.legalvision.fr\/guides-juridiques\/actualite-juridique\/la-reforme-des-retraites-en-france\/#article\",\"isPartOf\":{\"@id\":\"https:\/\/www.legalvision.fr\/guides-juridiques\/actualite-juridique\/la-reforme-des-retraites-en-france\/\"},\"author\":{\"name\":\"Louise Binouil\",\"@id\":\"https:\/\/www.legalvision.fr\/guides-juridiques\/#\/schema\/person\/49dd27c34947d7c6a8de71651e4469a3\"},\"headline\":\"La r\u00e9forme des retraites\",\"datePublished\":\"2020-01-07T14:51:13+00:00\",\"dateModified\":\"2022-03-27T19:20:44+00:00\",\"mainEntityOfPage\":{\"@id\":\"https:\/\/www.legalvision.fr\/guides-juridiques\/actualite-juridique\/la-reforme-des-retraites-en-france\/\"},\"wordCount\":532,\"commentCount\":0,\"publisher\":{\"@id\":\"https:\/\/www.legalvision.fr\/guides-juridiques\/#organization\"},\"image\":{\"@id\":\"https:\/\/www.legalvision.fr\/guides-juridiques\/actualite-juridique\/la-reforme-des-retraites-en-france\/#primaryimage\"},\"thumbnailUrl\":\"https:\/\/www.legalvision.fr\/guides-juridiques\/wp-content\/uploads\/2020\/01\/r\u00e9forme-des-retraites-1.jpg\",\"articleSection\":[\"Actualit\u00e9 juridique\"],\"inLanguage\":\"fr-FR\",\"potentialAction\":[{\"@type\":\"CommentAction\",\"name\":\"Comment\",\"target\":[\"https:\/\/www.legalvision.fr\/guides-juridiques\/actualite-juridique\/la-reforme-des-retraites-en-france\/#respond\"]}]},{\"@type\":\"WebPage\",\"@id\":\"https:\/\/www.legalvision.fr\/guides-juridiques\/actualite-juridique\/la-reforme-des-retraites-en-france\/\",\"url\":\"https:\/\/www.legalvision.fr\/guides-juridiques\/actualite-juridique\/la-reforme-des-retraites-en-france\/\",\"name\":\"Tout savoir sur la r\u00e9forme des retraites avec LegalVision\",\"isPartOf\":{\"@id\":\"https:\/\/www.legalvision.fr\/guides-juridiques\/#website\"},\"primaryImageOfPage\":{\"@id\":\"https:\/\/www.legalvision.fr\/guides-juridiques\/actualite-juridique\/la-reforme-des-retraites-en-france\/#primaryimage\"},\"image\":{\"@id\":\"https:\/\/www.legalvision.fr\/guides-juridiques\/actualite-juridique\/la-reforme-des-retraites-en-france\/#primaryimage\"},\"thumbnailUrl\":\"https:\/\/www.legalvision.fr\/guides-juridiques\/wp-content\/uploads\/2020\/01\/r\u00e9forme-des-retraites-1.jpg\",\"datePublished\":\"2020-01-07T14:51:13+00:00\",\"dateModified\":\"2022-03-27T19:20:44+00:00\",\"description\":\"Souhaitez-vous connaitre les points essentiels sur lesquels portent la r\u00e9forme des retraites ? Voici\",\"breadcrumb\":{\"@id\":\"https:\/\/www.legalvision.fr\/guides-juridiques\/actualite-juridique\/la-reforme-des-retraites-en-france\/#breadcrumb\"},\"inLanguage\":\"fr-FR\",\"potentialAction\":[{\"@type\":\"ReadAction\",\"target\":[\"https:\/\/www.legalvision.fr\/guides-juridiques\/actualite-juridique\/la-reforme-des-retraites-en-france\/\"]}]},{\"@type\":\"ImageObject\",\"inLanguage\":\"fr-FR\",\"@id\":\"https:\/\/www.legalvision.fr\/guides-juridiques\/actualite-juridique\/la-reforme-des-retraites-en-france\/#primaryimage\",\"url\":\"https:\/\/www.legalvision.fr\/guides-juridiques\/wp-content\/uploads\/2020\/01\/r\u00e9forme-des-retraites-1.jpg\",\"contentUrl\":\"https:\/\/www.legalvision.fr\/guides-juridiques\/wp-content\/uploads\/2020\/01\/r\u00e9forme-des-retraites-1.jpg\",\"width\":958,\"height\":350,\"caption\":\"r\u00e9forme des retraites\"},{\"@type\":\"BreadcrumbList\",\"@id\":\"https:\/\/www.legalvision.fr\/guides-juridiques\/actualite-juridique\/la-reforme-des-retraites-en-france\/#breadcrumb\",\"itemListElement\":[{\"@type\":\"ListItem\",\"position\":1,\"name\":\"Accueil\",\"item\":\"https:\/\/www.legalvision.fr\/guides-juridiques\/\"},{\"@type\":\"ListItem\",\"position\":2,\"name\":\"Actualit\u00e9 juridique\",\"item\":\"https:\/\/www.legalvision.fr\/guides-juridiques\/actualite-juridique\/\"},{\"@type\":\"ListItem\",\"position\":3,\"name\":\"La r\u00e9forme des retraites\"}]},{\"@type\":\"WebSite\",\"@id\":\"https:\/\/www.legalvision.fr\/guides-juridiques\/#website\",\"url\":\"https:\/\/www.legalvision.fr\/guides-juridiques\/\",\"name\":\"Guides juridiques\",\"description\":\"L&#039;information juridique \u00e0 destination des entreprises et TPE\",\"publisher\":{\"@id\":\"https:\/\/www.legalvision.fr\/guides-juridiques\/#organization\"},\"potentialAction\":[{\"@type\":\"SearchAction\",\"target\":{\"@type\":\"EntryPoint\",\"urlTemplate\":\"https:\/\/www.legalvision.fr\/guides-juridiques\/?s={search_term_string}\"},\"query-input\":{\"@type\":\"PropertyValueSpecification\",\"valueRequired\":true,\"valueName\":\"search_term_string\"}}],\"inLanguage\":\"fr-FR\"},{\"@type\":\"Organization\",\"@id\":\"https:\/\/www.legalvision.fr\/guides-juridiques\/#organization\",\"name\":\"Guides juridiques\",\"url\":\"https:\/\/www.legalvision.fr\/guides-juridiques\/\",\"logo\":{\"@type\":\"ImageObject\",\"inLanguage\":\"fr-FR\",\"@id\":\"https:\/\/www.legalvision.fr\/guides-juridiques\/#\/schema\/logo\/image\/\",\"url\":\"https:\/\/www.legalvision.fr\/guides-juridiques\/wp-content\/uploads\/2022\/10\/LV-Logotype.png\",\"contentUrl\":\"https:\/\/www.legalvision.fr\/guides-juridiques\/wp-content\/uploads\/2022\/10\/LV-Logotype.png\",\"width\":647,\"height\":125,\"caption\":\"Guides juridiques\"},\"image\":{\"@id\":\"https:\/\/www.legalvision.fr\/guides-juridiques\/#\/schema\/logo\/image\/\"}},{\"@type\":\"Person\",\"@id\":\"https:\/\/www.legalvision.fr\/guides-juridiques\/#\/schema\/person\/49dd27c34947d7c6a8de71651e4469a3\",\"name\":\"Louise Binouil\",\"image\":{\"@type\":\"ImageObject\",\"inLanguage\":\"fr-FR\",\"@id\":\"https:\/\/www.legalvision.fr\/guides-juridiques\/#\/schema\/person\/image\/\",\"url\":\"https:\/\/www.legalvision.fr\/guides-juridiques\/wp-content\/uploads\/2023\/07\/fem-96x96.png\",\"contentUrl\":\"https:\/\/www.legalvision.fr\/guides-juridiques\/wp-content\/uploads\/2023\/07\/fem-96x96.png\",\"caption\":\"Louise Binouil\"},\"description\":\"Apr\u00e8s des \u00e9tudes de droit, je travaille chez LegalVision pour venir en aide aux entreprises dans leurs d\u00e9marches juridique.\",\"url\":\"https:\/\/www.legalvision.fr\/guides-juridiques\/author\/louise\/\"}]}<\/script>\n<!-- \/ Yoast SEO plugin. -->","yoast_head_json":{"title":"Tout savoir sur la r\u00e9forme des retraites avec LegalVision","description":"Souhaitez-vous connaitre les points essentiels sur lesquels portent la r\u00e9forme des retraites ? Voici","robots":{"index":"index","follow":"follow","max-snippet":"max-snippet:-1","max-image-preview":"max-image-preview:large","max-video-preview":"max-video-preview:-1"},"canonical":"https:\/\/www.legalvision.fr\/guides-juridiques\/actualite-juridique\/la-reforme-des-retraites-en-france\/","og_locale":"fr_FR","og_type":"article","og_title":"Tout savoir sur la r\u00e9forme des retraites avec LegalVision","og_description":"Souhaitez-vous connaitre les points essentiels sur lesquels portent la r\u00e9forme des retraites ? Voici","og_url":"https:\/\/www.legalvision.fr\/guides-juridiques\/actualite-juridique\/la-reforme-des-retraites-en-france\/","og_site_name":"Guides juridiques","article_published_time":"2020-01-07T14:51:13+00:00","article_modified_time":"2022-03-27T19:20:44+00:00","og_image":[{"width":958,"height":350,"url":"https:\/\/www.legalvision.fr\/guides-juridiques\/wp-content\/uploads\/2020\/01\/r\u00e9forme-des-retraites-1.jpg","type":"image\/jpeg"}],"author":"Louise Binouil","twitter_card":"summary_large_image","twitter_misc":{"\u00c9crit par":"Louise Binouil","Dur\u00e9e de lecture estim\u00e9e":"3 minutes"},"schema":{"@context":"https:\/\/schema.org","@graph":[{"@type":"Article","@id":"https:\/\/www.legalvision.fr\/guides-juridiques\/actualite-juridique\/la-reforme-des-retraites-en-france\/#article","isPartOf":{"@id":"https:\/\/www.legalvision.fr\/guides-juridiques\/actualite-juridique\/la-reforme-des-retraites-en-france\/"},"author":{"name":"Louise Binouil","@id":"https:\/\/www.legalvision.fr\/guides-juridiques\/#\/schema\/person\/49dd27c34947d7c6a8de71651e4469a3"},"headline":"La r\u00e9forme des retraites","datePublished":"2020-01-07T14:51:13+00:00","dateModified":"2022-03-27T19:20:44+00:00","mainEntityOfPage":{"@id":"https:\/\/www.legalvision.fr\/guides-juridiques\/actualite-juridique\/la-reforme-des-retraites-en-france\/"},"wordCount":532,"commentCount":0,"publisher":{"@id":"https:\/\/www.legalvision.fr\/guides-juridiques\/#organization"},"image":{"@id":"https:\/\/www.legalvision.fr\/guides-juridiques\/actualite-juridique\/la-reforme-des-retraites-en-france\/#primaryimage"},"thumbnailUrl":"https:\/\/www.legalvision.fr\/guides-juridiques\/wp-content\/uploads\/2020\/01\/r\u00e9forme-des-retraites-1.jpg","articleSection":["Actualit\u00e9 juridique"],"inLanguage":"fr-FR","potentialAction":[{"@type":"CommentAction","name":"Comment","target":["https:\/\/www.legalvision.fr\/guides-juridiques\/actualite-juridique\/la-reforme-des-retraites-en-france\/#respond"]}]},{"@type":"WebPage","@id":"https:\/\/www.legalvision.fr\/guides-juridiques\/actualite-juridique\/la-reforme-des-retraites-en-france\/","url":"https:\/\/www.legalvision.fr\/guides-juridiques\/actualite-juridique\/la-reforme-des-retraites-en-france\/","name":"Tout savoir sur la r\u00e9forme des retraites avec LegalVision","isPartOf":{"@id":"https:\/\/www.legalvision.fr\/guides-juridiques\/#website"},"primaryImageOfPage":{"@id":"https:\/\/www.legalvision.fr\/guides-juridiques\/actualite-juridique\/la-reforme-des-retraites-en-france\/#primaryimage"},"image":{"@id":"https:\/\/www.legalvision.fr\/guides-juridiques\/actualite-juridique\/la-reforme-des-retraites-en-france\/#primaryimage"},"thumbnailUrl":"https:\/\/www.legalvision.fr\/guides-juridiques\/wp-content\/uploads\/2020\/01\/r\u00e9forme-des-retraites-1.jpg","datePublished":"2020-01-07T14:51:13+00:00","dateModified":"2022-03-27T19:20:44+00:00","description":"Souhaitez-vous connaitre les points essentiels sur lesquels portent la r\u00e9forme des retraites ? Voici","breadcrumb":{"@id":"https:\/\/www.legalvision.fr\/guides-juridiques\/actualite-juridique\/la-reforme-des-retraites-en-france\/#breadcrumb"},"inLanguage":"fr-FR","potentialAction":[{"@type":"ReadAction","target":["https:\/\/www.legalvision.fr\/guides-juridiques\/actualite-juridique\/la-reforme-des-retraites-en-france\/"]}]},{"@type":"ImageObject","inLanguage":"fr-FR","@id":"https:\/\/www.legalvision.fr\/guides-juridiques\/actualite-juridique\/la-reforme-des-retraites-en-france\/#primaryimage","url":"https:\/\/www.legalvision.fr\/guides-juridiques\/wp-content\/uploads\/2020\/01\/r\u00e9forme-des-retraites-1.jpg","contentUrl":"https:\/\/www.legalvision.fr\/guides-juridiques\/wp-content\/uploads\/2020\/01\/r\u00e9forme-des-retraites-1.jpg","width":958,"height":350,"caption":"r\u00e9forme des retraites"},{"@type":"BreadcrumbList","@id":"https:\/\/www.legalvision.fr\/guides-juridiques\/actualite-juridique\/la-reforme-des-retraites-en-france\/#breadcrumb","itemListElement":[{"@type":"ListItem","position":1,"name":"Accueil","item":"https:\/\/www.legalvision.fr\/guides-juridiques\/"},{"@type":"ListItem","position":2,"name":"Actualit\u00e9 juridique","item":"https:\/\/www.legalvision.fr\/guides-juridiques\/actualite-juridique\/"},{"@type":"ListItem","position":3,"name":"La r\u00e9forme des retraites"}]},{"@type":"WebSite","@id":"https:\/\/www.legalvision.fr\/guides-juridiques\/#website","url":"https:\/\/www.legalvision.fr\/guides-juridiques\/","name":"Guides juridiques","description":"L&#039;information juridique \u00e0 destination des entreprises et TPE","publisher":{"@id":"https:\/\/www.legalvision.fr\/guides-juridiques\/#organization"},"potentialAction":[{"@type":"SearchAction","target":{"@type":"EntryPoint","urlTemplate":"https:\/\/www.legalvision.fr\/guides-juridiques\/?s={search_term_string}"},"query-input":{"@type":"PropertyValueSpecification","valueRequired":true,"valueName":"search_term_string"}}],"inLanguage":"fr-FR"},{"@type":"Organization","@id":"https:\/\/www.legalvision.fr\/guides-juridiques\/#organization","name":"Guides juridiques","url":"https:\/\/www.legalvision.fr\/guides-juridiques\/","logo":{"@type":"ImageObject","inLanguage":"fr-FR","@id":"https:\/\/www.legalvision.fr\/guides-juridiques\/#\/schema\/logo\/image\/","url":"https:\/\/www.legalvision.fr\/guides-juridiques\/wp-content\/uploads\/2022\/10\/LV-Logotype.png","contentUrl":"https:\/\/www.legalvision.fr\/guides-juridiques\/wp-content\/uploads\/2022\/10\/LV-Logotype.png","width":647,"height":125,"caption":"Guides juridiques"},"image":{"@id":"https:\/\/www.legalvision.fr\/guides-juridiques\/#\/schema\/logo\/image\/"}},{"@type":"Person","@id":"https:\/\/www.legalvision.fr\/guides-juridiques\/#\/schema\/person\/49dd27c34947d7c6a8de71651e4469a3","name":"Louise Binouil","image":{"@type":"ImageObject","inLanguage":"fr-FR","@id":"https:\/\/www.legalvision.fr\/guides-juridiques\/#\/schema\/person\/image\/","url":"https:\/\/www.legalvision.fr\/guides-juridiques\/wp-content\/uploads\/2023\/07\/fem-96x96.png","contentUrl":"https:\/\/www.legalvision.fr\/guides-juridiques\/wp-content\/uploads\/2023\/07\/fem-96x96.png","caption":"Louise Binouil"},"description":"Apr\u00e8s des \u00e9tudes de droit, je travaille chez LegalVision pour venir en aide aux entreprises dans leurs d\u00e9marches juridique.","url":"https:\/\/www.legalvision.fr\/guides-juridiques\/author\/louise\/"}]}},"_links":{"self":[{"href":"https:\/\/www.legalvision.fr\/guides-juridiques\/wp-json\/wp\/v2\/posts\/31571","targetHints":{"allow":["GET"]}}],"collection":[{"href":"https:\/\/www.legalvision.fr\/guides-juridiques\/wp-json\/wp\/v2\/posts"}],"about":[{"href":"https:\/\/www.legalvision.fr\/guides-juridiques\/wp-json\/wp\/v2\/types\/post"}],"author":[{"embeddable":true,"href":"https:\/\/www.legalvision.fr\/guides-juridiques\/wp-json\/wp\/v2\/users\/63"}],"replies":[{"embeddable":true,"href":"https:\/\/www.legalvision.fr\/guides-juridiques\/wp-json\/wp\/v2\/comments?post=31571"}],"version-history":[{"count":0,"href":"https:\/\/www.legalvision.fr\/guides-juridiques\/wp-json\/wp\/v2\/posts\/31571\/revisions"}],"wp:featuredmedia":[{"embeddable":true,"href":"https:\/\/www.legalvision.fr\/guides-juridiques\/wp-json\/wp\/v2\/media\/31619"}],"wp:attachment":[{"href":"https:\/\/www.legalvision.fr\/guides-juridiques\/wp-json\/wp\/v2\/media?parent=31571"}],"wp:term":[{"taxonomy":"category","embeddable":true,"href":"https:\/\/www.legalvision.fr\/guides-juridiques\/wp-json\/wp\/v2\/categories?post=31571"},{"taxonomy":"post_tag","embeddable":true,"href":"https:\/\/www.legalvision.fr\/guides-juridiques\/wp-json\/wp\/v2\/tags?post=31571"}],"curies":[{"name":"wp","href":"https:\/\/api.w.org\/{rel}","templated":true}]}}