{"id":31557,"date":"2020-01-10T07:30:11","date_gmt":"2020-01-10T06:30:11","guid":{"rendered":"https:\/\/blog.legalvision.fr\/?p=31557"},"modified":"2024-05-15T15:31:50","modified_gmt":"2024-05-15T13:31:50","slug":"subvention-agefiph-pour-creation-d-entreprise","status":"publish","type":"post","link":"https:\/\/www.legalvision.fr\/guides-juridiques\/creer-son-entreprise\/subvention-agefiph-pour-creation-d-entreprise\/","title":{"rendered":"Les diff\u00e9rentes aides AGEFIPH d\u00e9di\u00e9es aux entrepreneurs handicap\u00e9s"},"content":{"rendered":"\t\t<div data-elementor-type=\"wp-post\" data-elementor-id=\"31557\" class=\"elementor elementor-31557\" data-elementor-post-type=\"post\">\n\t\t\t\t<div data-particle_enable=\"false\" data-particle-mobile-disabled=\"false\" class=\"elementor-element elementor-element-f3418d1 e-flex e-con-boxed e-con e-parent\" data-id=\"f3418d1\" data-element_type=\"container\" data-e-type=\"container\">\n\t\t\t\t\t<div class=\"e-con-inner\">\n\t\t\t\t<div class=\"elementor-element elementor-element-b26f29a elementor-widget elementor-widget-text-editor\" data-id=\"b26f29a\" data-element_type=\"widget\" data-e-type=\"widget\" data-widget_type=\"text-editor.default\">\n\t\t\t\t<div class=\"elementor-widget-container\">\n\t\t\t\t\t\t\t\t\t<p>Vous \u00eates en qu\u00eate d\u2019ind\u00e9pendance professionnelle ? <a href=\"https:\/\/blog.legalvision.fr\/2018\/04\/14\/m0\/\">Cr\u00e9er votre entreprise<\/a> est votre r\u00eave\u00a0mais vos fonds ne vous le permettent pas ? Vous \u00eates un travailleur handicap\u00e9 ? Si vous r\u00e9pondez \u00e0 ces crit\u00e8res, cet article est fait pour vous ! LegalVision fait un point pour vous sur la subvention AGEFIPH pour cr\u00e9ation d&rsquo;entreprise.<\/p><p>Comme l&rsquo;indique<a href=\"https:\/\/www.legifrance.gouv.fr\/affichCodeArticle.do?cidTexte=LEGITEXT000006072050&amp;idArticle=LEGIARTI000006903700\"> l&rsquo;article L5213-2 du Code du Travail<\/a>, toute personne handicap\u00e9e b\u00e9n\u00e9ficie\u00a0d&rsquo;une orientation vers un \u00e9tablissement ou service d&rsquo;aide par le travail, vers le march\u00e9 du travail ou vers un centre de r\u00e9\u00e9ducation professionnelle. En effet, de nombreuses aides existent pour faciliter l\u2019acc\u00e8s \u00e0 l&rsquo;entrepreneuriat aux personnes handicap\u00e9es.<br \/>Dans cet article, LegalVision met \u00e0 votre service son expertise juridique pour vous aider \u00e0 tout comprendre sur ce sujet. Vous trouverez ci-dessous un r\u00e9sum\u00e9 des points essentiels \u00e0 retenir :<\/p><p><a href=\"#1\">La subvention AGEFIPH pour cr\u00e9ation d&rsquo;entreprise\u00a0<\/a><br \/><a href=\"#2\">Les autres aides AGEFIPH<\/a><\/p><p>\u00a0<\/p>\t\t\t\t\t\t\t\t<\/div>\n\t\t\t\t<\/div>\n\t\t\t\t\t<\/div>\n\t\t\t\t<\/div>\n\t\t<div data-particle_enable=\"false\" data-particle-mobile-disabled=\"false\" class=\"elementor-element elementor-element-57621a44 e-flex e-con-boxed e-con e-parent\" data-id=\"57621a44\" data-element_type=\"container\" data-e-type=\"container\">\n\t\t\t\t\t<div class=\"e-con-inner\">\n\t\t\t\t<div class=\"elementor-element elementor-element-68c43bff elementor-widget elementor-widget-heading\" data-id=\"68c43bff\" data-element_type=\"widget\" data-e-type=\"widget\" data-widget_type=\"heading.default\">\n\t\t\t\t<div class=\"elementor-widget-container\">\n\t\t\t\t\t<h2 class=\"elementor-heading-title elementor-size-default\">Nos outils pour vous aider : <\/h2>\t\t\t\t<\/div>\n\t\t\t\t<\/div>\n\t\t\t\t\t<\/div>\n\t\t\t\t<\/div>\n\t\t<div data-particle_enable=\"false\" data-particle-mobile-disabled=\"false\" class=\"elementor-element elementor-element-3131c701 e-flex e-con-boxed e-con e-parent\" data-id=\"3131c701\" data-element_type=\"container\" data-e-type=\"container\">\n\t\t\t\t\t<div class=\"e-con-inner\">\n\t\t<div data-particle_enable=\"false\" data-particle-mobile-disabled=\"false\" class=\"elementor-element elementor-element-50f1a687 e-con-full e-flex e-con e-child\" data-id=\"50f1a687\" data-element_type=\"container\" data-e-type=\"container\">\n\t\t\t\t<div class=\"elementor-element elementor-element-4185123e elementor-widget elementor-widget-button\" data-id=\"4185123e\" data-element_type=\"widget\" data-e-type=\"widget\" data-widget_type=\"button.default\">\n\t\t\t\t<div class=\"elementor-widget-container\">\n\t\t\t\t\t\t\t\t\t<div class=\"elementor-button-wrapper\">\n\t\t\t\t\t<a class=\"elementor-button elementor-button-link elementor-size-sm\" href=\"https:\/\/leonard.fr\/juridique\/categories-services\/creation-entreprise\/?utm_source=blog&#038;utm_medium=CTA&#038;utm_campaign=diff%C3%A9rentes_aides_agefiph_dediees_aux_entrepreneurs_handicap%C3%A9s&#038;utm_id=creation_societe_blog\" target=\"_blank\">\n\t\t\t\t\t\t<span class=\"elementor-button-content-wrapper\">\n\t\t\t\t\t\t\t\t\t<span class=\"elementor-button-text\">Cr\u00e9ez votre soci\u00e9t\u00e9 en ligne<\/span>\n\t\t\t\t\t<\/span>\n\t\t\t\t\t<\/a>\n\t\t\t\t<\/div>\n\t\t\t\t\t\t\t\t<\/div>\n\t\t\t\t<\/div>\n\t\t\t\t<\/div>\n\t\t<div data-particle_enable=\"false\" data-particle-mobile-disabled=\"false\" class=\"elementor-element elementor-element-5be9037b e-con-full e-flex e-con e-child\" data-id=\"5be9037b\" data-element_type=\"container\" data-e-type=\"container\">\n\t\t\t\t<div class=\"elementor-element elementor-element-60b38010 elementor-widget elementor-widget-button\" data-id=\"60b38010\" data-element_type=\"widget\" data-e-type=\"widget\" data-widget_type=\"button.default\">\n\t\t\t\t<div class=\"elementor-widget-container\">\n\t\t\t\t\t\t\t\t\t<div class=\"elementor-button-wrapper\">\n\t\t\t\t\t<a class=\"elementor-button elementor-button-link elementor-size-sm\" href=\"https:\/\/meetings.hubspot.com\/global\/leonard-rendez-vous-gratuit-avec-un-juriste?utm_source=blog&#038;utm_medium=CTA&#038;utm_campaign=diff%C3%A9rentes_aides_agefiph_dediees_aux_entrepreneurs_handicap%C3%A9s&#038;utm_id=creation_societe_blog\" target=\"_blank\">\n\t\t\t\t\t\t<span class=\"elementor-button-content-wrapper\">\n\t\t\t\t\t\t\t\t\t<span class=\"elementor-button-text\">\u00catre rappel\u00e9 par un juriste gratuitement<\/span>\n\t\t\t\t\t<\/span>\n\t\t\t\t\t<\/a>\n\t\t\t\t<\/div>\n\t\t\t\t\t\t\t\t<\/div>\n\t\t\t\t<\/div>\n\t\t\t\t<\/div>\n\t\t<div data-particle_enable=\"false\" data-particle-mobile-disabled=\"false\" class=\"elementor-element elementor-element-5cfac67 e-con-full e-flex e-con e-child\" data-id=\"5cfac67\" data-element_type=\"container\" data-e-type=\"container\">\n\t\t\t\t<div class=\"elementor-element elementor-element-27f6362b elementor-widget elementor-widget-button\" data-id=\"27f6362b\" data-element_type=\"widget\" data-e-type=\"widget\" data-widget_type=\"button.default\">\n\t\t\t\t<div class=\"elementor-widget-container\">\n\t\t\t\t\t\t\t\t\t<div class=\"elementor-button-wrapper\">\n\t\t\t\t\t<a class=\"elementor-button elementor-button-link elementor-size-sm\" href=\"https:\/\/share.hsforms.com\/1MCz4iJkPSsaIbYWlbzl6vw1oyza?utm_source=blog&#038;utm_medium=CTA&#038;utm_campaign=diff%C3%A9rentes_aides_agefiph_dediees_aux_entrepreneurs_handicap%C3%A9s&#038;utm_id=creation_societe_blog\" target=\"_blank\">\n\t\t\t\t\t\t<span class=\"elementor-button-content-wrapper\">\n\t\t\t\t\t\t\t\t\t<span class=\"elementor-button-text\">Publiez votre annonce l\u00e9gale<\/span>\n\t\t\t\t\t<\/span>\n\t\t\t\t\t<\/a>\n\t\t\t\t<\/div>\n\t\t\t\t\t\t\t\t<\/div>\n\t\t\t\t<\/div>\n\t\t\t\t<\/div>\n\t\t\t\t\t<\/div>\n\t\t\t\t<\/div>\n\t\t<div data-particle_enable=\"false\" data-particle-mobile-disabled=\"false\" class=\"elementor-element elementor-element-607958e5 e-flex e-con-boxed e-con e-parent\" data-id=\"607958e5\" data-element_type=\"container\" data-e-type=\"container\">\n\t\t\t\t\t<div class=\"e-con-inner\">\n\t\t\t\t<div class=\"elementor-element elementor-element-1ad22fac elementor-widget elementor-widget-text-editor\" data-id=\"1ad22fac\" data-element_type=\"widget\" data-e-type=\"widget\" data-widget_type=\"text-editor.default\">\n\t\t\t\t<div class=\"elementor-widget-container\">\n\t\t\t\t\t\t\t\t\t<h2>\u00a0<\/h2><h2>\u00a0<\/h2><h2 id=\"1\">La subvention AGEFIPH pour cr\u00e9ation d&rsquo;entreprise<\/h2><h3>Les conditions d&rsquo;obtention de la subvention AGEFIPH pour cr\u00e9ation d&rsquo;entreprise<\/h3><p>Le projet de cr\u00e9ation d&rsquo;entreprise doit r\u00e9pondre \u00e0 un certain nombre de conditions afin de b\u00e9n\u00e9ficier de cette aide.<\/p><p>Pour que la subvention soit accord\u00e9e, le projet doit donner \u00e0 la personne handicap\u00e9e un statut de dirigeant de la soci\u00e9t\u00e9. Ainsi, les projets de cr\u00e9ation d\u2019activit\u00e9 saisonni\u00e8re et d\u2019associations sont exclus du b\u00e9n\u00e9fice de l\u2019aide. Il en va de m\u00eame pour les soci\u00e9t\u00e9s civiles immobili\u00e8res (SCI), les entreprises d\u2019insertion par l\u2019activit\u00e9 \u00e9conomique et les soci\u00e9t\u00e9s de fait.<\/p><p>De plus, le projet doit \u00eatre d\u2019un montant au moins \u00e9quivalent \u00e0 7500 \u20ac. Ceci comprend un apport personnel en fonds propres d\u2019un minimum de 1500 \u20ac, l\u2019aide forfaitaire de l\u2019Agefiph de 5000 \u20ac et <a href=\"https:\/\/blog.legalvision.fr\/2019\/03\/09\/subvention-creation-d-entreprise-en-ligne-et-en-48h\/\">les autres financements<\/a>.<\/p><p><strong>\u00a0<\/strong><\/p><p><strong>Bon \u00e0 savoir : <\/strong><\/p><p>Afin de s\u00e9curiser les parcours professionnels ou les mobilit\u00e9s professionnelles choisies, un salari\u00e9 d\u00e9missionnaire, un salari\u00e9 en CDD ou salari\u00e9 en temps partiel ayant un projet de cr\u00e9ation d\u2019emploi p\u00e9renne est susceptible de b\u00e9n\u00e9ficier de la subvention AGEFIPH pour cr\u00e9ation d&rsquo;entreprise.<\/p><h3>\u00a0<\/h3><h3>La subvention<\/h3><h4>Qu&rsquo;est ce que c&rsquo;est ?<\/h4><p>La subvention AGEFIPH pour cr\u00e9ation d&rsquo;entreprise a pour objectif de permettre \u00e0 une personne handicap\u00e9e de cr\u00e9er son emploi principal et p\u00e9renne. Elle\u00a0est accord\u00e9e dans le but de participer au financement du d\u00e9marrage de l\u2019activit\u00e9.<\/p><p>Toute personne handicap\u00e9e peut en effet b\u00e9n\u00e9ficier en faisant une demande de subvention AGEFIPH pour cr\u00e9ation d&rsquo;entreprise.\u00a0Un dossier de demande d\u2019intervention Agefiph doit \u00eatre rempli et adress\u00e9 \u00e0 la D\u00e9l\u00e9gation Agefiph dont d\u00e9pend la personne.<\/p><h4>\u00a0<\/h4><h4>Dossier Agefiph cr\u00e9ation d&rsquo;entreprise<\/h4><p>A ce dossier devra \u00eatre ajout\u00e9 un certain nombre d\u2019\u00e9l\u00e9ments :<\/p><ul><li>le titre de b\u00e9n\u00e9ficiaire de l&rsquo;obligation d&#8217;emploi ou demande en cours ;<\/li><\/ul><div><span style=\"font-family: Montserrat;\">\u00a0<\/span><\/div><ul><li>un expos\u00e9 d\u00e9taill\u00e9 du projet incluant les informations sur le lieu d&rsquo;activit\u00e9, l&rsquo;\u00e9tude de march\u00e9, la date de d\u00e9but d&rsquo;activit\u00e9 envisag\u00e9e, le statut juridique pr\u00e9vu, et le cas \u00e9ch\u00e9ant, le projet de statuts de la soci\u00e9t\u00e9 et le contrat de franchise ;<\/li><\/ul><div><span style=\"font-family: Montserrat;\">\u00a0<\/span><\/div><ul><li>l&rsquo;avis de l&rsquo;expert, qui a aid\u00e9 au montage du projet, sur l&rsquo;opportunit\u00e9 d&rsquo;un financement de l&rsquo;Agefiph ;<\/li><\/ul><div><span style=\"font-family: Montserrat;\">\u00a0<\/span><\/div><ul><li>un relev\u00e9 d&rsquo;identit\u00e9 bancaire du destinataire de la subvention ;<\/li><\/ul><div><span style=\"font-family: Montserrat;\">\u00a0<\/span><\/div><ul><li>le plan de financement regroupant les besoins financiers pr\u00e9visionnels : frais d&rsquo;\u00e9tablissement, investissements, le besoin en fonds de roulement ;<\/li><\/ul><div><span style=\"font-family: Montserrat;\">\u00a0<\/span><\/div><ul><li><span style=\"font-family: var(--e-global-typography-primary-font-family); text-align: var(--text-align); background-color: var( --e-global-color-f8847cf ); color: var( --e-global-color-text ); font-size: var( --e-global-typography-text-font-size ); font-style: var( --e-global-typography-text-font-style ); font-weight: var( --e-global-typography-text-font-weight ); text-transform: var( --e-global-typography-text-text-transform );\">les ressources envisag\u00e9es : fonds propres, apports personnels compl\u00e9mentaires, emprunt, autres cofinancements (subvention) ;<\/span><\/li><\/ul><div><span style=\"font-family: Montserrat;\">\u00a0<\/span><\/div><ul><li>le justificatif de l\u2019apport en fonds propre \u00e0 hauteur de 1500 \u20ac ;<\/li><\/ul><div><span style=\"font-family: Montserrat;\">\u00a0<\/span><\/div><ul><li>le projet de statuts ;<\/li><\/ul><div><span style=\"font-family: Montserrat;\">\u00a0<\/span><\/div><ul><li>l&rsquo;engagement sur l&rsquo;honneur de rembourser l&rsquo;aide forfaire \u00e0 la cr\u00e9ation d&rsquo;activit\u00e9 accord\u00e9e en cas de cession, cessation ou revente de l&rsquo;entreprise dans les 12 mois qui suivent la date de cr\u00e9ation.<\/li><\/ul><p>Le montant de l\u2019aide est forfaitaire et <b> s\u2019\u00e9l\u00e8ve \u00e0 5000 \u20ac non renouvelable <\/b>. La subvention AGEFIPH pour cr\u00e9ation d&rsquo;entreprise est cependant\u00a0cumulable avec les <a href=\"https:\/\/blog.legalvision.fr\/2018\/03\/14\/aides-creation-entreprise\/\">aides de droit commun<\/a> et les autres aides de l\u2019Agefiph. Enfin, si vous ne savez pas comment garder vos ARE tout en cr\u00e9ant votre entreprise, pas de panique : LegalVision fait le point <a href=\"https:\/\/blog.legalvision.fr\/2019\/01\/23\/are-et-creation-entreprise-comment-ca-marche\/\">ici<\/a>.<\/p><p><span style=\"font-family: var(--e-global-typography-primary-font-family); text-align: center; background-color: var( --e-global-color-f8847cf ); color: var( --e-global-color-text ); font-size: var( --e-global-typography-text-font-size ); font-style: var( --e-global-typography-text-font-style ); font-weight: var( --e-global-typography-text-font-weight ); text-transform: var( --e-global-typography-text-text-transform );\">Toujours pas convaincu ? Sachez que des <\/span><a style=\"text-align: center; font-size: var( --e-global-typography-text-font-size ); font-style: var( --e-global-typography-text-font-style ); text-transform: var( --e-global-typography-text-text-transform );\" href=\"https:\/\/blog.legalvision.fr\/2017\/01\/25\/credit-dimpot-recherche-innovation\/\">aides fiscales<\/a><span style=\"font-family: var(--e-global-typography-primary-font-family); text-align: center; background-color: var( --e-global-color-f8847cf ); color: var( --e-global-color-text ); font-size: var( --e-global-typography-text-font-size ); font-style: var( --e-global-typography-text-font-style ); font-weight: var( --e-global-typography-text-font-weight ); text-transform: var( --e-global-typography-text-text-transform );\"> existent aussi !<\/span><\/p><h2 id=\"2\">\u00a0<\/h2><h2 id=\"2\">Les autres aides AGEFIPH<\/h2><h3>Aides financi\u00e8res<\/h3><h4>Aide pour proth\u00e8ses auditives<\/h4><p>L&rsquo;objectif de cette aide est de compenser le handicap d\u2019une personne d\u00e9ficiente auditive utilisant un appareillage auditif. Elle s&rsquo;adresse donc \u00e0 toute personne handicap\u00e9e engag\u00e9e dans un parcours professionnel ou un parcours vers l&#8217;emploi.<\/p><p>En effet, elle permet de participer aux frais d\u2019achat et de r\u00e9glage de vos proth\u00e8ses auditives. Le montant s\u2019\u00e9l\u00e8ve \u00e0 700 euros pour une proth\u00e8se et \u00e0 1 400 euros pour deux proth\u00e8ses. Pour en b\u00e9n\u00e9ficier, vous devez adresser une demande \u00e0 votre d\u00e9l\u00e9gation r\u00e9gionale Agefiph.<\/p><p><strong>\u00a0<\/strong><\/p><p><strong>Attention !\u00a0<\/strong><\/p><p>Toutefois,\u00a0l&rsquo;intervention de l&rsquo;Agefiph porte exclusivement sur les proth\u00e8ses auditives et ne prend donc pas en charge le co\u00fbt d&rsquo;\u00e9l\u00e9ments implant\u00e9s chirurgicalement.<\/p><p>Le renouvellement de l\u2019aide est possible dans un d\u00e9lai de 4 ans ou lorsque l\u2019appareillage est hors d\u2019usage, reconnu irr\u00e9parable ou devenu inadapt\u00e9 en cas d\u2019\u00e9volution du handicap.<\/p><h4>\u00a0<\/h4><h4>Aide aux d\u00e9placements des travailleurs handicap\u00e9s<\/h4><p>Tout comme pour l&rsquo;aide pr\u00e9c\u00e9dente, toute personne handicap\u00e9e peut b\u00e9n\u00e9ficier de l&rsquo;aide au d\u00e9placement en adressant une demande \u00e0 la d\u00e9l\u00e9gation r\u00e9gionale dont elle d\u00e9pend. En effet, cette aide a pour but premier de favoriser l\u2019acc\u00e8s, le maintien \u00e0 l\u2019emploi, ou l\u2019exercice d\u2019une activit\u00e9 ind\u00e9pendante pour une personne handicap\u00e9e ayant des difficult\u00e9s \u00e0 se d\u00e9placer.<\/p><p>Cette derni\u00e8re est accord\u00e9e pour prendre en charge les surco\u00fbts en lien avec le handicap pour les d\u00e9placements\u00a0: \u00e9quipements adapt\u00e9s \u00e0 installer sur un v\u00e9hicule individuel, am\u00e9nagement de v\u00e9hicule d\u2019un tiers accompagnant, taxi, transport adapt\u00e9. <b> Son montant maximal est de 5 000 euros <\/b>.<\/p><p>Pour ce qui est du renouvellement de l&rsquo;aide pour les transports adapt\u00e9s, les transports par taxis, les transports par voiture de transport avec chauffeur (VTC), il est appr\u00e9ci\u00e9 selon la situation de la personne. En effet, la situation doit \u00eatre consid\u00e9r\u00e9e comme susceptible de compromettre son parcours vers l\u2019emploi ou son maintien dans l\u2019emploi.<\/p><p>Pour les \u00e9quipements adapt\u00e9s \u00e0 installer sur un v\u00e9hicule individuel, l\u2019aide est renouvelable dans <b> un d\u00e9lai de 5 ans <\/b> ou en cas de changement de v\u00e9hicule rendu obligatoire par la destruction ou la v\u00e9tust\u00e9 du pr\u00e9c\u00e9dent.<\/p><p><strong>\u00a0<\/strong><\/p><p><strong>Bon \u00e0 savoir :<\/strong><\/p><p>Ces aides sont cumulables avec les aides de droit commun et les autres aides de<a href=\"https:\/\/www.agefiph.fr\/\"> l\u2019Agefiph<\/a>. Par exemple, elle peut en principe \u00eatre cumulable avec le\u00a0<a href=\"https:\/\/blog.legalvision.fr\/2017\/01\/25\/credit-dimpot-recherche-innovation\/\">cr\u00e9dit d\u2019imp\u00f4t recherche &amp; innovation.<\/a><\/p><h3>\u00a0<\/h3><h3>Services<\/h3><h4>\u00a01. Prestations d&rsquo;appuis sp\u00e9cifiques<\/h4><p>Cette prestation d\u2019un expert du handicap indique au conseiller \u00e0 l\u2019emploi le potentiel et degr\u00e9 d\u2019autonomie de la personne handicap\u00e9e. Elle indique \u00e9galement\u00a0les moyens \u00e0 mettre en place ou \u00e0 d\u00e9velopper pour compenser son handicap. Elle est prescrite principalement par un conseiller \u00e0 l\u2019emploi Cap emploi, P\u00f4le emploi ou Mission Locale et des employeurs publics et priv\u00e9s.<\/p><p>Par ailleurs, le prestataire expert du handicap peut \u00eatre mobilis\u00e9 au moment de la construction du projet professionnel de la personne, de son int\u00e9gration en emploi ou en formation. Elle peut \u00e9galement \u00eatre utilis\u00e9e pour le suivi dans l\u2019emploi et\/ou son maintien.<\/p><h4>\u00a0<\/h4><h4>Prestation handicap projet<\/h4><p>Cette prestation permet de v\u00e9rifier la compatibilit\u00e9 entre le projet d\u2019emploi, de formation ou de cr\u00e9ation d\u2019activit\u00e9 et les aptitudes physiques, sensorielles ou cognitives. Elle est prescrite par un conseiller P\u00f4le Emploi, Cap emploi ou Mission locale, ou par l\u2019Agefiph.<\/p><h4>\u00a0<\/h4><h4>Conseils \u00e0 la cr\u00e9ation ou reprise d&rsquo;entreprise<\/h4><p>Cette prestation propose l\u2019aide d\u2019un professionnel sp\u00e9cialis\u00e9 dans la cr\u00e9ation d\u2019entreprise avant et pendant votre projet. Elle est prescrite par votre conseiller P\u00f4le Emploi, Cap emploi ou Mission locale.\u00a0<b><\/b>Un suivi apr\u00e8s la cr\u00e9ation peut \u00e9galement \u00eatre propos\u00e9 selon les besoins.<\/p><p><span style=\"font-family: var(--e-global-typography-primary-font-family); text-align: center; background-color: var( --e-global-color-f8847cf ); color: var( --e-global-color-text ); font-size: var( --e-global-typography-text-font-size ); font-style: var( --e-global-typography-text-font-style ); font-weight: var( --e-global-typography-text-font-weight ); text-transform: var( --e-global-typography-text-text-transform );\">Vous \u00eates d\u00e9sormais au courant de toutes les aides envisageables sp\u00e9cifiques aux travailleurs handicap\u00e9s.<\/span><\/p><p><span style=\"font-family: var(--e-global-typography-primary-font-family); text-align: center; background-color: var( --e-global-color-f8847cf ); color: var( --e-global-color-text ); font-size: var( --e-global-typography-text-font-size ); font-style: var( --e-global-typography-text-font-style ); font-weight: var( --e-global-typography-text-font-weight ); text-transform: var( --e-global-typography-text-text-transform );\">Vous\u00a0envisagiez de <\/span><a style=\"text-align: center; font-size: var( --e-global-typography-text-font-size ); font-style: var( --e-global-typography-text-font-style ); text-transform: var( --e-global-typography-text-text-transform );\" href=\"https:\/\/www.legalvision.fr\/creation-dentreprise\/creer-une-sasu\/\">fonder une SASU<\/a><span style=\"font-family: var(--e-global-typography-primary-font-family); text-align: center; background-color: var( --e-global-color-f8847cf ); color: var( --e-global-color-text ); font-size: var( --e-global-typography-text-font-size ); font-style: var( --e-global-typography-text-font-style ); font-weight: var( --e-global-typography-text-font-weight ); text-transform: var( --e-global-typography-text-text-transform );\">\u00a0ou <\/span><a style=\"text-align: center; font-size: var( --e-global-typography-text-font-size ); font-style: var( --e-global-typography-text-font-style ); text-transform: var( --e-global-typography-text-text-transform );\" href=\"https:\/\/www.legalvision.fr\/creation-dentreprise\/creation-eurl\/\">une EURL<\/a><span style=\"font-family: var(--e-global-typography-primary-font-family); text-align: center; background-color: var( --e-global-color-f8847cf ); color: var( --e-global-color-text ); font-size: var( --e-global-typography-text-font-size ); font-style: var( --e-global-typography-text-font-style ); font-weight: var( --e-global-typography-text-font-weight ); text-transform: var( --e-global-typography-text-text-transform );\">\u00a0?\u00a0LegalVision est la pour vous accompagner dans le processus de <\/span><a style=\"text-align: center; font-size: var( --e-global-typography-text-font-size ); font-style: var( --e-global-typography-text-font-style ); text-transform: var( --e-global-typography-text-text-transform );\" href=\"https:\/\/www.legalvision.fr\/creation-dentreprise\/\">cr\u00e9ation de votre entreprise<\/a><span style=\"font-family: var(--e-global-typography-primary-font-family); text-align: center; background-color: var( --e-global-color-f8847cf ); color: var( --e-global-color-text ); font-size: var( --e-global-typography-text-font-size ); font-style: var( --e-global-typography-text-font-style ); font-weight: var( --e-global-typography-text-font-weight ); text-transform: var( --e-global-typography-text-text-transform );\"> !<\/span><\/p><div class=\"wp-block-button\" style=\"text-align: center;\">\u00a0<\/div><div class=\"wp-block-button\" style=\"text-align: center;\">\u00a0<\/div><div class=\"wp-block-button\" style=\"text-align: center;\">\u00a0<\/div><div class=\"wp-block-button\" style=\"text-align: center;\">\u00a0<\/div><div class=\"wp-block-button\" style=\"text-align: center;\">\u00a0<\/div><div class=\"wp-block-button\" style=\"text-align: center;\">\u00a0<\/div><div class=\"wp-block-button\" style=\"text-align: center;\"><a class=\"wp-block-button__link has-background\" href=\"https:\/\/leonard.fr\/juridique\/categories-services\/creation-entreprise\/?utm_source=blog&amp;utm_medium=CTA&amp;utm_campaign=diff%C3%A9rentes_aides_agefiph_dediees_aux_entrepreneurs_handicap%C3%A9s&amp;utm_id=creation_societe_blog\">Cr\u00e9ez votre soci\u00e9t\u00e9 en ligne<\/a><\/div>\t\t\t\t\t\t\t\t<\/div>\n\t\t\t\t<\/div>\n\t\t\t\t\t<\/div>\n\t\t\t\t<\/div>\n\t\t\t\t<\/div>\n\t\t","protected":false},"excerpt":{"rendered":"<p>Vous \u00eates en qu\u00eate d\u2019ind\u00e9pendance professionnelle ? Cr\u00e9er votre entreprise est votre r\u00eave\u00a0mais vos fonds ne vous le permettent pas ? Vous \u00eates un travailleur handicap\u00e9 ? Si vous r\u00e9pondez \u00e0 ces crit\u00e8res, cet article est fait pour vous ! LegalVision fait un point pour vous sur la subvention AGEFIPH pour cr\u00e9ation d&rsquo;entreprise. Comme l&rsquo;indique&hellip; <a class=\"more-link\" href=\"https:\/\/www.legalvision.fr\/guides-juridiques\/creer-son-entreprise\/subvention-agefiph-pour-creation-d-entreprise\/\">Poursuivre la lecture <span class=\"screen-reader-text\">Les diff\u00e9rentes aides AGEFIPH d\u00e9di\u00e9es aux entrepreneurs handicap\u00e9s<\/span><\/a><\/p>\n","protected":false},"author":30,"featured_media":31632,"comment_status":"open","ping_status":"open","sticky":false,"template":"","format":"standard","meta":{"content-type":"","inline_featured_image":false,"footnotes":""},"categories":[2481],"tags":[],"class_list":["post-31557","post","type-post","status-publish","format-standard","has-post-thumbnail","hentry","category-creer-son-entreprise","entry"],"yoast_head":"<!-- This site is optimized with the Yoast SEO plugin v27.1.1 - https:\/\/yoast.com\/product\/yoast-seo-wordpress\/ -->\n<title>Subvention AGEFIPH pour cr\u00e9ation d&#039;entreprise et autres aides<\/title>\n<meta name=\"description\" content=\"Cet article vous \u00e9clairera sur la subvention AGEFIPH pour cr\u00e9ation d&#039;entreprise ainsi que sur les autres aides propos\u00e9es par l&#039;AGEFIPH.\" \/>\n<meta name=\"robots\" content=\"index, follow, max-snippet:-1, max-image-preview:large, max-video-preview:-1\" \/>\n<link rel=\"canonical\" href=\"https:\/\/www.legalvision.fr\/guides-juridiques\/creer-son-entreprise\/subvention-agefiph-pour-creation-d-entreprise\/\" \/>\n<meta property=\"og:locale\" content=\"fr_FR\" \/>\n<meta property=\"og:type\" content=\"article\" \/>\n<meta property=\"og:title\" content=\"Subvention AGEFIPH pour cr\u00e9ation d&#039;entreprise et autres aides\" \/>\n<meta property=\"og:description\" content=\"Cet article vous \u00e9clairera sur la subvention AGEFIPH pour cr\u00e9ation d&#039;entreprise ainsi que sur les autres aides propos\u00e9es par l&#039;AGEFIPH.\" \/>\n<meta property=\"og:url\" content=\"https:\/\/www.legalvision.fr\/guides-juridiques\/creer-son-entreprise\/subvention-agefiph-pour-creation-d-entreprise\/\" \/>\n<meta property=\"og:site_name\" content=\"Guides juridiques\" \/>\n<meta property=\"article:published_time\" content=\"2020-01-10T06:30:11+00:00\" \/>\n<meta property=\"article:modified_time\" content=\"2024-05-15T13:31:50+00:00\" \/>\n<meta property=\"og:image\" content=\"https:\/\/www.legalvision.fr\/guides-juridiques\/wp-content\/uploads\/2020\/01\/subvention-Agefiph-pour-creation-dentreprise.jpg\" \/>\n\t<meta property=\"og:image:width\" content=\"958\" \/>\n\t<meta property=\"og:image:height\" content=\"350\" \/>\n\t<meta property=\"og:image:type\" content=\"image\/jpeg\" \/>\n<meta name=\"author\" content=\"William Lebrun\" \/>\n<meta name=\"twitter:card\" content=\"summary_large_image\" \/>\n<meta name=\"twitter:label1\" content=\"\u00c9crit par\" \/>\n\t<meta name=\"twitter:data1\" content=\"William Lebrun\" \/>\n\t<meta name=\"twitter:label2\" content=\"Dur\u00e9e de lecture estim\u00e9e\" \/>\n\t<meta name=\"twitter:data2\" content=\"7 minutes\" \/>\n<script type=\"application\/ld+json\" class=\"yoast-schema-graph\">{\"@context\":\"https:\/\/schema.org\",\"@graph\":[{\"@type\":\"Article\",\"@id\":\"https:\/\/www.legalvision.fr\/guides-juridiques\/creer-son-entreprise\/subvention-agefiph-pour-creation-d-entreprise\/#article\",\"isPartOf\":{\"@id\":\"https:\/\/www.legalvision.fr\/guides-juridiques\/creer-son-entreprise\/subvention-agefiph-pour-creation-d-entreprise\/\"},\"author\":{\"name\":\"William Lebrun\",\"@id\":\"https:\/\/www.legalvision.fr\/guides-juridiques\/#\/schema\/person\/3d24d0c20575138ed212b2e4b6f7b4b0\"},\"headline\":\"Les diff\u00e9rentes aides AGEFIPH d\u00e9di\u00e9es aux entrepreneurs handicap\u00e9s\",\"datePublished\":\"2020-01-10T06:30:11+00:00\",\"dateModified\":\"2024-05-15T13:31:50+00:00\",\"mainEntityOfPage\":{\"@id\":\"https:\/\/www.legalvision.fr\/guides-juridiques\/creer-son-entreprise\/subvention-agefiph-pour-creation-d-entreprise\/\"},\"wordCount\":1471,\"commentCount\":0,\"publisher\":{\"@id\":\"https:\/\/www.legalvision.fr\/guides-juridiques\/#organization\"},\"image\":{\"@id\":\"https:\/\/www.legalvision.fr\/guides-juridiques\/creer-son-entreprise\/subvention-agefiph-pour-creation-d-entreprise\/#primaryimage\"},\"thumbnailUrl\":\"https:\/\/www.legalvision.fr\/guides-juridiques\/wp-content\/uploads\/2020\/01\/subvention-Agefiph-pour-creation-dentreprise.jpg\",\"articleSection\":[\"Cr\u00e9er son entreprise\"],\"inLanguage\":\"fr-FR\",\"potentialAction\":[{\"@type\":\"CommentAction\",\"name\":\"Comment\",\"target\":[\"https:\/\/www.legalvision.fr\/guides-juridiques\/creer-son-entreprise\/subvention-agefiph-pour-creation-d-entreprise\/#respond\"]}]},{\"@type\":\"WebPage\",\"@id\":\"https:\/\/www.legalvision.fr\/guides-juridiques\/creer-son-entreprise\/subvention-agefiph-pour-creation-d-entreprise\/\",\"url\":\"https:\/\/www.legalvision.fr\/guides-juridiques\/creer-son-entreprise\/subvention-agefiph-pour-creation-d-entreprise\/\",\"name\":\"Subvention AGEFIPH pour cr\u00e9ation d'entreprise et autres aides\",\"isPartOf\":{\"@id\":\"https:\/\/www.legalvision.fr\/guides-juridiques\/#website\"},\"primaryImageOfPage\":{\"@id\":\"https:\/\/www.legalvision.fr\/guides-juridiques\/creer-son-entreprise\/subvention-agefiph-pour-creation-d-entreprise\/#primaryimage\"},\"image\":{\"@id\":\"https:\/\/www.legalvision.fr\/guides-juridiques\/creer-son-entreprise\/subvention-agefiph-pour-creation-d-entreprise\/#primaryimage\"},\"thumbnailUrl\":\"https:\/\/www.legalvision.fr\/guides-juridiques\/wp-content\/uploads\/2020\/01\/subvention-Agefiph-pour-creation-dentreprise.jpg\",\"datePublished\":\"2020-01-10T06:30:11+00:00\",\"dateModified\":\"2024-05-15T13:31:50+00:00\",\"description\":\"Cet article vous \u00e9clairera sur la subvention AGEFIPH pour cr\u00e9ation d'entreprise ainsi que sur les autres aides propos\u00e9es par l'AGEFIPH.\",\"breadcrumb\":{\"@id\":\"https:\/\/www.legalvision.fr\/guides-juridiques\/creer-son-entreprise\/subvention-agefiph-pour-creation-d-entreprise\/#breadcrumb\"},\"inLanguage\":\"fr-FR\",\"potentialAction\":[{\"@type\":\"ReadAction\",\"target\":[\"https:\/\/www.legalvision.fr\/guides-juridiques\/creer-son-entreprise\/subvention-agefiph-pour-creation-d-entreprise\/\"]}]},{\"@type\":\"ImageObject\",\"inLanguage\":\"fr-FR\",\"@id\":\"https:\/\/www.legalvision.fr\/guides-juridiques\/creer-son-entreprise\/subvention-agefiph-pour-creation-d-entreprise\/#primaryimage\",\"url\":\"https:\/\/www.legalvision.fr\/guides-juridiques\/wp-content\/uploads\/2020\/01\/subvention-Agefiph-pour-creation-dentreprise.jpg\",\"contentUrl\":\"https:\/\/www.legalvision.fr\/guides-juridiques\/wp-content\/uploads\/2020\/01\/subvention-Agefiph-pour-creation-dentreprise.jpg\",\"width\":958,\"height\":350,\"caption\":\"subvention Agefiph pour creation d'entreprise\"},{\"@type\":\"BreadcrumbList\",\"@id\":\"https:\/\/www.legalvision.fr\/guides-juridiques\/creer-son-entreprise\/subvention-agefiph-pour-creation-d-entreprise\/#breadcrumb\",\"itemListElement\":[{\"@type\":\"ListItem\",\"position\":1,\"name\":\"Accueil\",\"item\":\"https:\/\/www.legalvision.fr\/guides-juridiques\/\"},{\"@type\":\"ListItem\",\"position\":2,\"name\":\"Cr\u00e9er son entreprise\",\"item\":\"https:\/\/www.legalvision.fr\/guides-juridiques\/creer-son-entreprise\/\"},{\"@type\":\"ListItem\",\"position\":3,\"name\":\"Les diff\u00e9rentes aides AGEFIPH d\u00e9di\u00e9es aux entrepreneurs handicap\u00e9s\"}]},{\"@type\":\"WebSite\",\"@id\":\"https:\/\/www.legalvision.fr\/guides-juridiques\/#website\",\"url\":\"https:\/\/www.legalvision.fr\/guides-juridiques\/\",\"name\":\"Guides juridiques\",\"description\":\"L&#039;information juridique \u00e0 destination des entreprises et TPE\",\"publisher\":{\"@id\":\"https:\/\/www.legalvision.fr\/guides-juridiques\/#organization\"},\"potentialAction\":[{\"@type\":\"SearchAction\",\"target\":{\"@type\":\"EntryPoint\",\"urlTemplate\":\"https:\/\/www.legalvision.fr\/guides-juridiques\/?s={search_term_string}\"},\"query-input\":{\"@type\":\"PropertyValueSpecification\",\"valueRequired\":true,\"valueName\":\"search_term_string\"}}],\"inLanguage\":\"fr-FR\"},{\"@type\":\"Organization\",\"@id\":\"https:\/\/www.legalvision.fr\/guides-juridiques\/#organization\",\"name\":\"Guides juridiques\",\"url\":\"https:\/\/www.legalvision.fr\/guides-juridiques\/\",\"logo\":{\"@type\":\"ImageObject\",\"inLanguage\":\"fr-FR\",\"@id\":\"https:\/\/www.legalvision.fr\/guides-juridiques\/#\/schema\/logo\/image\/\",\"url\":\"https:\/\/www.legalvision.fr\/guides-juridiques\/wp-content\/uploads\/2022\/10\/LV-Logotype.png\",\"contentUrl\":\"https:\/\/www.legalvision.fr\/guides-juridiques\/wp-content\/uploads\/2022\/10\/LV-Logotype.png\",\"width\":647,\"height\":125,\"caption\":\"Guides juridiques\"},\"image\":{\"@id\":\"https:\/\/www.legalvision.fr\/guides-juridiques\/#\/schema\/logo\/image\/\"}},{\"@type\":\"Person\",\"@id\":\"https:\/\/www.legalvision.fr\/guides-juridiques\/#\/schema\/person\/3d24d0c20575138ed212b2e4b6f7b4b0\",\"name\":\"William Lebrun\",\"image\":{\"@type\":\"ImageObject\",\"inLanguage\":\"fr-FR\",\"@id\":\"https:\/\/www.legalvision.fr\/guides-juridiques\/#\/schema\/person\/image\/\",\"url\":\"https:\/\/www.legalvision.fr\/guides-juridiques\/wp-content\/uploads\/2023\/07\/cropped-homme1-96x96.png\",\"contentUrl\":\"https:\/\/www.legalvision.fr\/guides-juridiques\/wp-content\/uploads\/2023\/07\/cropped-homme1-96x96.png\",\"caption\":\"William Lebrun\"},\"description\":\"B\u00e9n\u00e9ficiant de la formation d'un double dipl\u00f4me en droit des affaires et en \u00e9cole de commerce, j'ai un fort attrait pour le droit des soci\u00e9t\u00e9s. Je r\u00e9dige des articles pour vous aider sur vos probl\u00e9matiques.\",\"url\":\"https:\/\/www.legalvision.fr\/guides-juridiques\/author\/aina-rakoto\/\"}]}<\/script>\n<!-- \/ Yoast SEO plugin. -->","yoast_head_json":{"title":"Subvention AGEFIPH pour cr\u00e9ation d'entreprise et autres aides","description":"Cet article vous \u00e9clairera sur la subvention AGEFIPH pour cr\u00e9ation d'entreprise ainsi que sur les autres aides propos\u00e9es par l'AGEFIPH.","robots":{"index":"index","follow":"follow","max-snippet":"max-snippet:-1","max-image-preview":"max-image-preview:large","max-video-preview":"max-video-preview:-1"},"canonical":"https:\/\/www.legalvision.fr\/guides-juridiques\/creer-son-entreprise\/subvention-agefiph-pour-creation-d-entreprise\/","og_locale":"fr_FR","og_type":"article","og_title":"Subvention AGEFIPH pour cr\u00e9ation d'entreprise et autres aides","og_description":"Cet article vous \u00e9clairera sur la subvention AGEFIPH pour cr\u00e9ation d'entreprise ainsi que sur les autres aides propos\u00e9es par l'AGEFIPH.","og_url":"https:\/\/www.legalvision.fr\/guides-juridiques\/creer-son-entreprise\/subvention-agefiph-pour-creation-d-entreprise\/","og_site_name":"Guides juridiques","article_published_time":"2020-01-10T06:30:11+00:00","article_modified_time":"2024-05-15T13:31:50+00:00","og_image":[{"width":958,"height":350,"url":"https:\/\/www.legalvision.fr\/guides-juridiques\/wp-content\/uploads\/2020\/01\/subvention-Agefiph-pour-creation-dentreprise.jpg","type":"image\/jpeg"}],"author":"William Lebrun","twitter_card":"summary_large_image","twitter_misc":{"\u00c9crit par":"William Lebrun","Dur\u00e9e de lecture estim\u00e9e":"7 minutes"},"schema":{"@context":"https:\/\/schema.org","@graph":[{"@type":"Article","@id":"https:\/\/www.legalvision.fr\/guides-juridiques\/creer-son-entreprise\/subvention-agefiph-pour-creation-d-entreprise\/#article","isPartOf":{"@id":"https:\/\/www.legalvision.fr\/guides-juridiques\/creer-son-entreprise\/subvention-agefiph-pour-creation-d-entreprise\/"},"author":{"name":"William Lebrun","@id":"https:\/\/www.legalvision.fr\/guides-juridiques\/#\/schema\/person\/3d24d0c20575138ed212b2e4b6f7b4b0"},"headline":"Les diff\u00e9rentes aides AGEFIPH d\u00e9di\u00e9es aux entrepreneurs handicap\u00e9s","datePublished":"2020-01-10T06:30:11+00:00","dateModified":"2024-05-15T13:31:50+00:00","mainEntityOfPage":{"@id":"https:\/\/www.legalvision.fr\/guides-juridiques\/creer-son-entreprise\/subvention-agefiph-pour-creation-d-entreprise\/"},"wordCount":1471,"commentCount":0,"publisher":{"@id":"https:\/\/www.legalvision.fr\/guides-juridiques\/#organization"},"image":{"@id":"https:\/\/www.legalvision.fr\/guides-juridiques\/creer-son-entreprise\/subvention-agefiph-pour-creation-d-entreprise\/#primaryimage"},"thumbnailUrl":"https:\/\/www.legalvision.fr\/guides-juridiques\/wp-content\/uploads\/2020\/01\/subvention-Agefiph-pour-creation-dentreprise.jpg","articleSection":["Cr\u00e9er son entreprise"],"inLanguage":"fr-FR","potentialAction":[{"@type":"CommentAction","name":"Comment","target":["https:\/\/www.legalvision.fr\/guides-juridiques\/creer-son-entreprise\/subvention-agefiph-pour-creation-d-entreprise\/#respond"]}]},{"@type":"WebPage","@id":"https:\/\/www.legalvision.fr\/guides-juridiques\/creer-son-entreprise\/subvention-agefiph-pour-creation-d-entreprise\/","url":"https:\/\/www.legalvision.fr\/guides-juridiques\/creer-son-entreprise\/subvention-agefiph-pour-creation-d-entreprise\/","name":"Subvention AGEFIPH pour cr\u00e9ation d'entreprise et autres aides","isPartOf":{"@id":"https:\/\/www.legalvision.fr\/guides-juridiques\/#website"},"primaryImageOfPage":{"@id":"https:\/\/www.legalvision.fr\/guides-juridiques\/creer-son-entreprise\/subvention-agefiph-pour-creation-d-entreprise\/#primaryimage"},"image":{"@id":"https:\/\/www.legalvision.fr\/guides-juridiques\/creer-son-entreprise\/subvention-agefiph-pour-creation-d-entreprise\/#primaryimage"},"thumbnailUrl":"https:\/\/www.legalvision.fr\/guides-juridiques\/wp-content\/uploads\/2020\/01\/subvention-Agefiph-pour-creation-dentreprise.jpg","datePublished":"2020-01-10T06:30:11+00:00","dateModified":"2024-05-15T13:31:50+00:00","description":"Cet article vous \u00e9clairera sur la subvention AGEFIPH pour cr\u00e9ation d'entreprise ainsi que sur les autres aides propos\u00e9es par l'AGEFIPH.","breadcrumb":{"@id":"https:\/\/www.legalvision.fr\/guides-juridiques\/creer-son-entreprise\/subvention-agefiph-pour-creation-d-entreprise\/#breadcrumb"},"inLanguage":"fr-FR","potentialAction":[{"@type":"ReadAction","target":["https:\/\/www.legalvision.fr\/guides-juridiques\/creer-son-entreprise\/subvention-agefiph-pour-creation-d-entreprise\/"]}]},{"@type":"ImageObject","inLanguage":"fr-FR","@id":"https:\/\/www.legalvision.fr\/guides-juridiques\/creer-son-entreprise\/subvention-agefiph-pour-creation-d-entreprise\/#primaryimage","url":"https:\/\/www.legalvision.fr\/guides-juridiques\/wp-content\/uploads\/2020\/01\/subvention-Agefiph-pour-creation-dentreprise.jpg","contentUrl":"https:\/\/www.legalvision.fr\/guides-juridiques\/wp-content\/uploads\/2020\/01\/subvention-Agefiph-pour-creation-dentreprise.jpg","width":958,"height":350,"caption":"subvention Agefiph pour creation d'entreprise"},{"@type":"BreadcrumbList","@id":"https:\/\/www.legalvision.fr\/guides-juridiques\/creer-son-entreprise\/subvention-agefiph-pour-creation-d-entreprise\/#breadcrumb","itemListElement":[{"@type":"ListItem","position":1,"name":"Accueil","item":"https:\/\/www.legalvision.fr\/guides-juridiques\/"},{"@type":"ListItem","position":2,"name":"Cr\u00e9er son entreprise","item":"https:\/\/www.legalvision.fr\/guides-juridiques\/creer-son-entreprise\/"},{"@type":"ListItem","position":3,"name":"Les diff\u00e9rentes aides AGEFIPH d\u00e9di\u00e9es aux entrepreneurs handicap\u00e9s"}]},{"@type":"WebSite","@id":"https:\/\/www.legalvision.fr\/guides-juridiques\/#website","url":"https:\/\/www.legalvision.fr\/guides-juridiques\/","name":"Guides juridiques","description":"L&#039;information juridique \u00e0 destination des entreprises et TPE","publisher":{"@id":"https:\/\/www.legalvision.fr\/guides-juridiques\/#organization"},"potentialAction":[{"@type":"SearchAction","target":{"@type":"EntryPoint","urlTemplate":"https:\/\/www.legalvision.fr\/guides-juridiques\/?s={search_term_string}"},"query-input":{"@type":"PropertyValueSpecification","valueRequired":true,"valueName":"search_term_string"}}],"inLanguage":"fr-FR"},{"@type":"Organization","@id":"https:\/\/www.legalvision.fr\/guides-juridiques\/#organization","name":"Guides juridiques","url":"https:\/\/www.legalvision.fr\/guides-juridiques\/","logo":{"@type":"ImageObject","inLanguage":"fr-FR","@id":"https:\/\/www.legalvision.fr\/guides-juridiques\/#\/schema\/logo\/image\/","url":"https:\/\/www.legalvision.fr\/guides-juridiques\/wp-content\/uploads\/2022\/10\/LV-Logotype.png","contentUrl":"https:\/\/www.legalvision.fr\/guides-juridiques\/wp-content\/uploads\/2022\/10\/LV-Logotype.png","width":647,"height":125,"caption":"Guides juridiques"},"image":{"@id":"https:\/\/www.legalvision.fr\/guides-juridiques\/#\/schema\/logo\/image\/"}},{"@type":"Person","@id":"https:\/\/www.legalvision.fr\/guides-juridiques\/#\/schema\/person\/3d24d0c20575138ed212b2e4b6f7b4b0","name":"William Lebrun","image":{"@type":"ImageObject","inLanguage":"fr-FR","@id":"https:\/\/www.legalvision.fr\/guides-juridiques\/#\/schema\/person\/image\/","url":"https:\/\/www.legalvision.fr\/guides-juridiques\/wp-content\/uploads\/2023\/07\/cropped-homme1-96x96.png","contentUrl":"https:\/\/www.legalvision.fr\/guides-juridiques\/wp-content\/uploads\/2023\/07\/cropped-homme1-96x96.png","caption":"William Lebrun"},"description":"B\u00e9n\u00e9ficiant de la formation d'un double dipl\u00f4me en droit des affaires et en \u00e9cole de commerce, j'ai un fort attrait pour le droit des soci\u00e9t\u00e9s. Je r\u00e9dige des articles pour vous aider sur vos probl\u00e9matiques.","url":"https:\/\/www.legalvision.fr\/guides-juridiques\/author\/aina-rakoto\/"}]}},"_links":{"self":[{"href":"https:\/\/www.legalvision.fr\/guides-juridiques\/wp-json\/wp\/v2\/posts\/31557","targetHints":{"allow":["GET"]}}],"collection":[{"href":"https:\/\/www.legalvision.fr\/guides-juridiques\/wp-json\/wp\/v2\/posts"}],"about":[{"href":"https:\/\/www.legalvision.fr\/guides-juridiques\/wp-json\/wp\/v2\/types\/post"}],"author":[{"embeddable":true,"href":"https:\/\/www.legalvision.fr\/guides-juridiques\/wp-json\/wp\/v2\/users\/30"}],"replies":[{"embeddable":true,"href":"https:\/\/www.legalvision.fr\/guides-juridiques\/wp-json\/wp\/v2\/comments?post=31557"}],"version-history":[{"count":15,"href":"https:\/\/www.legalvision.fr\/guides-juridiques\/wp-json\/wp\/v2\/posts\/31557\/revisions"}],"predecessor-version":[{"id":45985,"href":"https:\/\/www.legalvision.fr\/guides-juridiques\/wp-json\/wp\/v2\/posts\/31557\/revisions\/45985"}],"wp:featuredmedia":[{"embeddable":true,"href":"https:\/\/www.legalvision.fr\/guides-juridiques\/wp-json\/wp\/v2\/media\/31632"}],"wp:attachment":[{"href":"https:\/\/www.legalvision.fr\/guides-juridiques\/wp-json\/wp\/v2\/media?parent=31557"}],"wp:term":[{"taxonomy":"category","embeddable":true,"href":"https:\/\/www.legalvision.fr\/guides-juridiques\/wp-json\/wp\/v2\/categories?post=31557"},{"taxonomy":"post_tag","embeddable":true,"href":"https:\/\/www.legalvision.fr\/guides-juridiques\/wp-json\/wp\/v2\/tags?post=31557"}],"curies":[{"name":"wp","href":"https:\/\/api.w.org\/{rel}","templated":true}]}}