{"id":31203,"date":"2020-01-23T07:30:40","date_gmt":"2020-01-23T06:30:40","guid":{"rendered":"https:\/\/blog.legalvision.fr\/?p=31203"},"modified":"2022-03-27T21:20:44","modified_gmt":"2022-03-27T19:20:44","slug":"creer-une-entreprise-avec-pole-emploi","status":"publish","type":"post","link":"https:\/\/www.legalvision.fr\/guides-juridiques\/creer-son-entreprise\/creer-une-entreprise-avec-pole-emploi\/","title":{"rendered":"Comment cr\u00e9er une entreprise avec pole emploi ?"},"content":{"rendered":"<p>Peut-on cr\u00e9er une entreprise avec pole emploi\u00a0? Un ch\u00f4meur peut-il se lancer dans la cr\u00e9ation d\u2019entreprise tout en continuant de b\u00e9n\u00e9ficier de ses aides\u00a0? Existe-t-il des dispositifs d\u2019accompagnement des ch\u00f4meurs \u00e0 la cr\u00e9ation d\u2019entreprise mis en place par p\u00f4le emploi\u00a0?<\/p>\n<p>Dans cet article LegalVision met en \u00e9vidence qu&rsquo;une personne au ch\u00f4mage peut\u00a0en effet c<a href=\"https:\/\/blog.legalvision.fr\/2019\/01\/23\/are-et-creation-entreprise-comment-ca-marche\/\">r\u00e9er\u00a0une\u00a0entreprise avec pole emploi<\/a>. En effet, p\u00f4le emploi a mis en place diff\u00e9rentes mesures pour accompagner les ch\u00f4meurs dans leur processus de cr\u00e9ation d\u2019entreprise.<\/p>\n<p>Dans cet article, LegalVision met \u00e0 votre service son expertise juridique pour vous aider \u00e0 tout comprendre sur ce sujet. Vous trouverez ci-dessous un r\u00e9sum\u00e9 des points essentiels \u00e0 retenir :<\/p>\n<p><a href=\"#1\">Cumul de l&rsquo;ARE et des revenus professionnels\u00a0<\/a><br \/>\n<a href=\"#2\">L&rsquo;ARCE pour cr\u00e9er une entreprise avec pole emploi<br \/>\n<\/a><a href=\"#3\">L&rsquo;ACRE anciennement ACCRE\u00a0<\/a><br \/>\n<a href=\"#4\">Quelle forme sociale choisir ?\u00a0<\/a>\n<\/p>\n<div class=\"wp-block-button\" style=\"text-align:center;\"><a class=\"wp-block-button__link has-background\" href=\"https:\/\/www.legalvision.fr\/tous-les-services\/\">Commencer ma cr\u00e9ation d&rsquo;entreprise<\/a><\/div>\n<h2 id=\"1\">\u00a0Cumul de l&rsquo;ARE et des revenus professionnels<\/h2>\n<p>Afin de favoriser la cr\u00e9ation d\u2019entreprise et le retour \u00e0 l\u2019emploi, une des premi\u00e8res mesures \u00e0 souligner est celle du cumul de l\u2019ARE avec les revenus professionnels tir\u00e9s de la nouvelle activit\u00e9. Il est en effet aujourd\u2019hui possible de continuer \u00e0 percevoir l\u2019Allocution de Retour \u00e0 l\u2019Emploi (ARE) mais aussi percevoir des revenus tir\u00e9s de l\u2019activit\u00e9 professionnelle.<\/p>\n<h3>Les crit\u00e8res d&rsquo;attribution<\/h3>\n<p><b> Quels sont les crit\u00e8res\u00a0? <\/b> Pour pouvoir continuer \u00e0 b\u00e9n\u00e9ficier de l\u2019ARE alors que l\u2019on per\u00e7oit des revenus professionnels il faut remplir les conditions suivantes :<\/p>\n<ul>\n<li>\u00eatre demandeur d\u2019emploi et renouveler sa demande chaque mois\u00a0;<\/li>\n<li>faire une d\u00e9claration d\u2019activit\u00e9 professionnelle mensuelle\u00a0;<\/li>\n<li>fournir le justificatif des r\u00e9mun\u00e9rations per\u00e7ues avant la date de versement de l\u2019ARE\u00a0;<\/li>\n<li>avoir cotis\u00e9 88 jours ou 610 heures au cours des 28 mois (ou des 36 mois si la personne a plus de 53 ans) ant\u00e9rieurs \u00e0 la rupture du contrat de travail.<\/li>\n<\/ul>\n<h3>Les points importants \u00e0 retenir<\/h3>\n<p>Quelles sont les limites pour percevoir l&rsquo;ARE en cas d&rsquo;activit\u00e9 professionnelle ?<\/p>\n<ul>\n<li>la premi\u00e8re limite correspond <b> au montant per\u00e7u par le b\u00e9n\u00e9ficiaire de l&rsquo;aide \u00e0 l&#8217;emploi.<\/b> Il s\u2019\u00e9l\u00e8ve au maximum au niveau de ceux per\u00e7us avant la rupture du contrat de travail. Cela signifie que p\u00f4le emploi compl\u00e8tera les revenus per\u00e7us \u00e0 titre professionnel dans la limite du montant du dernier salaire. Plus les revenus professionnels seront importants, plus le montant de l\u2019ARE diminuera ;<\/li>\n<li>la deuxi\u00e8me limite est celle de <b> la dur\u00e9e de versement.<\/b> L\u2019ARE sera vers\u00e9e jusqu\u2019\u00e0 \u00e9puisement des droits acquis.<\/li>\n<\/ul>\n<p>Ainsi, gr\u00e2ce \u00e0 ce dispositif, les entrepreneurs disposent d\u2019un filet de s\u00e9curit\u00e9 le temps de d\u00e9marrer leur nouvelle activit\u00e9. Ils vont en effet pouvoir cumuler leurs droits aux ch\u00f4mages avec leurs nouveaux revenus professionnels.<\/p>\n<p>En outre, le commencement de l&rsquo;activit\u00e9 d\u2019une nouvelle entreprise est toujours incertain. Cette aide a donc vocation \u00e0 s\u00e9curiser cette p\u00e9riode et inciter \u00e0 la cr\u00e9ation de nouvelles activit\u00e9s. Il peut donc \u00eatre int\u00e9ressant pour les personnes au ch\u00f4mage de cr\u00e9er une entreprise avec pole emploi via ce m\u00e9canisme.<\/p>\n<h2 id=\"2\">L\u2019ARCE pour cr\u00e9er une entreprise avec pole emploi<\/h2>\n<p><a href=\"https:\/\/www.service-public.fr\/particuliers\/vosdroits\/F15252\">L\u2019ARCE <\/a>permet de cr\u00e9er ou reprendre une entreprise avec pole emploi. En effet, cette aide correspond \u00e0 une\u00a0Aide \u00e0 la Reprise ou \u00e0 la Cr\u00e9ation d\u2019Entreprise de P\u00f4le emploi.<\/p>\n<h3>En quoi consiste l\u2019ARCE\u00a0?<\/h3>\n<p>Il s&rsquo;agit d&rsquo;une aide vers\u00e9e sous la forme d\u2019un capital. Le montant de l\u2019aide est \u00e9quivalent \u00e0 celui des allocations ch\u00f4mage. En pratique, le montant de l\u2019ARCE correspond \u00e0 45 % de l\u2019ARE qui reste \u00e0 verser (moins 3 % pour financer les retraites compl\u00e9mentaires).<\/p>\n<h3>Qui est concern\u00e9 par l&rsquo;ARCE ?<\/h3>\n<ul>\n<li>tout d&rsquo;abord, les personnes qui b\u00e9n\u00e9ficient ou qui peuvent b\u00e9n\u00e9ficier de l\u2019ARE\u00a0;<\/li>\n<li>ensuite, les personnes qui ont obtenu l\u2019ACCRE, appel\u00e9e aujourd\u2019hui ACRE (voir ci-dessous)\u00a0;<\/li>\n<li>enfin, les personnes qui veulent cr\u00e9er une entreprise ou reprendre une entreprise alors qu\u2019ils sont demandeurs d\u2019emploi.<\/li>\n<\/ul>\n<p>Gr\u00e2ce \u00e0 ce montant, le b\u00e9n\u00e9ficiaire va pouvoir disposer d\u2019un capital de d\u00e9part qui pourra lui permettre de r\u00e9aliser son projet de cr\u00e9ation ou de reprise d&rsquo;entreprise.<\/p>\n<p><strong>Attention !<\/strong><\/p>\n<p>Toutefois, il ne sera pas possible de cumuler l\u2019ARCE avec l\u2019ARE ainsi que les revenus tir\u00e9s de l\u2019activit\u00e9 professionnelle.<\/p>\n<p>N\u2019h\u00e9sitez pas \u00e0 <a href=\"https:\/\/www.legalvision.fr\/creation-dentreprise\/arce\/\">contacter<\/a> nos experts pour vous accompagner dans votre demande d\u2019ARCE.<\/p>\n<h2 id=\"3\">L\u2019ACRE anciennement ACCRE<\/h2>\n<p><a href=\"https:\/\/www.service-public.fr\/particuliers\/vosdroits\/F11677\">L\u2019ACCRE<\/a>\u00a0correspond \u00e0\u00a0l\u2019Aide aux Ch\u00f4meurs Cr\u00e9ateurs et Repreneurs d\u2019Entreprises et est initialement une aide attribu\u00e9e aux demandeurs d\u2019emplois, aux b\u00e9n\u00e9ficiaires du RSA, aux jeunes en cr\u00e9ation d\u2019entreprise. Cette liste n&rsquo;est pas exhaustive.<\/p>\n<p>Elle consiste en une exon\u00e9ration de charges sociales pour une dur\u00e9e d\u2019un an.<\/p>\n<p>Depuis le 1<sup>er<\/sup> janvier 2019, l\u2019ACCRE <a href=\"https:\/\/blog.legalvision.fr\/2018\/02\/01\/extension-du-dispositif-accre\/\">est devenue l\u2019ACRE<\/a> (Aide \u00e0 la Cr\u00e9ation ou \u00e0 la Reprise d\u2019une Entreprise). Pourquoi ce changement ? Car le dispositif s\u2019est \u00e9tendu aux entrepreneurs\u00a0!<\/p>\n<p>Cette aide est donc particuli\u00e8rement int\u00e9ressante pour tous les entrepreneurs qui souhaitaient par exemple savoir comment cr\u00e9er une micro entreprise avec pole emploi.<\/p>\n<p>Par ailleurs, comme pour l\u2019ACCRE, l\u2019ACRE a vocation \u00e0 exon\u00e9rer de charges sociales l\u2019entreprise nouvellement cr\u00e9\u00e9e ou reprise.<\/p>\n<p>N\u2019h\u00e9sitez pas \u00e0 <a href=\"https:\/\/www.legalvision.fr\/creation-dentreprise\/demande-d-accre\/\">contacter<\/a> nos experts pour vous accompagner dans votre demande d\u2019ACCRE. Cliquez\u00a0<a href=\"https:\/\/www.cfe-metiers.com\/HTM\/cerfa_13584_02.pdf\">ici<\/a>\u00a0pour consulter un exemplaire CERFA de demande de l\u2019ACCRE.<\/p>\n<h2 id=\"4\">Quelle forme sociale choisir ?<\/h2>\n<p>Une des premi\u00e8res questions \u00e0 se poser lorsque l\u2019on souhaite d\u00e9marrer une nouvelle activit\u00e9 est celle de la <a href=\"https:\/\/www.legalvision.fr\/forme-juridique\/\">forme juridique<\/a> de sa future soci\u00e9t\u00e9.<\/p>\n<p>Quels crit\u00e8res sont \u00e0 prendre en compte\u00a0? Voici ci-apr\u00e8s quelques rep\u00e8res\u00a0:<\/p>\n<ul>\n<li>tout d&rsquo;abord, les aides p\u00f4le emploi ne font pas de diff\u00e9rence entre les diff\u00e9rentes formes de soci\u00e9t\u00e9. Vous pourrez donc, par exemple, b\u00e9n\u00e9ficier de l\u2019ARCE que vous ayez cr\u00e9\u00e9 une SA ou une SARL ;<\/li>\n<li>suivant la forme de soci\u00e9t\u00e9 cr\u00e9e, la responsabilit\u00e9 sociale pourra \u00eatre plus ou moins engag\u00e9e. Ainsi, par exemple, dans les soci\u00e9t\u00e9s \u00e0 responsabilit\u00e9 limit\u00e9e, la\u00a0responsabilit\u00e9 en cas de dettes sociales sera limit\u00e9e au montant des\u00a0apports. Dans d\u2019autres soci\u00e9t\u00e9s, cette limitation n\u2019existe pas. L&rsquo;entrepreneur sera\u00a0donc responsable sur son\u00a0patrimoine personnel de ses\u00a0dettes professionnelles ;<\/li>\n<li>en outre, selon la forme de soci\u00e9t\u00e9 cr\u00e9\u00e9e, les formalit\u00e9s de gestion seront plus ou moins lourdes (tenues d\u2019assembl\u00e9es g\u00e9n\u00e9rales, obligation de recourir \u00e0 un comptable, etc.).<\/li>\n<\/ul>\n<p><strong>Attention !<\/strong><\/p>\n<p>Il est n\u00e9cessaire d&rsquo;\u00eatre attentif aux formalit\u00e9s de <a href=\"https:\/\/www.legalvision.fr\/creation-dentreprise\/\">cr\u00e9ation<\/a>\u00a0!\u00a0Elles diff\u00e8rent selon la forme de soci\u00e9t\u00e9 choisie.<\/p>\n<p>Ainsi, par exemple il faudra remplir un formulaire P0 pour les entreprises individuelles dans le domaine du commerce ou de l\u2019artisanat (mais non pour les micro entreprises). Il faudra par contre remplir un formulaire M0 pour enregistrer les autres personnes morales comme les SARL. Ces formulaires sont consultables en ligne\u00a0sur le site <a href=\"https:\/\/www.infogreffe.fr\/formalites-entreprise\/telecharger-formulaires-formalites-entreprise.html\">infogreffe<\/a>.<\/p>\n<p style=\"text-align: center;\">Vous avez maintenant toutes les cartes en main pour cr\u00e9er une\u00a0entreprise avec pole emploi ! N&rsquo;h\u00e9sitez plus et cliquez ici !<\/p>\n<p><\/p>\n<div class=\"wp-block-button\" style=\"text-align:center;\"><a class=\"wp-block-button__link has-background\" href=\"https:\/\/www.legalvision.fr\/tous-les-services\/\">Commencer ma cr\u00e9ation d&rsquo;entreprise<\/a><\/div>\n","protected":false},"excerpt":{"rendered":"<p>Peut-on cr\u00e9er une entreprise avec pole emploi\u00a0? Un ch\u00f4meur peut-il se lancer dans la cr\u00e9ation d\u2019entreprise tout en continuant de b\u00e9n\u00e9ficier de ses aides\u00a0? Existe-t-il des dispositifs d\u2019accompagnement des ch\u00f4meurs \u00e0 la cr\u00e9ation d\u2019entreprise mis en place par p\u00f4le emploi\u00a0? Dans cet article LegalVision met en \u00e9vidence qu&rsquo;une personne au ch\u00f4mage peut\u00a0en effet cr\u00e9er\u00a0une\u00a0entreprise avec&hellip; <a class=\"more-link\" href=\"https:\/\/www.legalvision.fr\/guides-juridiques\/creer-son-entreprise\/creer-une-entreprise-avec-pole-emploi\/\">Poursuivre la lecture <span class=\"screen-reader-text\">Comment cr\u00e9er une entreprise avec pole emploi ?<\/span><\/a><\/p>\n","protected":false},"author":57,"featured_media":32050,"comment_status":"open","ping_status":"open","sticky":false,"template":"","format":"standard","meta":{"content-type":"","inline_featured_image":false,"footnotes":""},"categories":[2481],"tags":[],"class_list":["post-31203","post","type-post","status-publish","format-standard","has-post-thumbnail","hentry","category-creer-son-entreprise","entry"],"yoast_head":"<!-- This site is optimized with the Yoast SEO plugin v27.1.1 - https:\/\/yoast.com\/product\/yoast-seo-wordpress\/ -->\n<title>Cr\u00e9er une entreprise avec pole emploi : le guide LegalVision<\/title>\n<meta name=\"description\" content=\"Cr\u00e9er une entreprise avec pole emploi : quelles aides ? Pour qui ? Retour utile sur les aides mises en place par pole emploi\" \/>\n<meta name=\"robots\" content=\"index, follow, max-snippet:-1, max-image-preview:large, max-video-preview:-1\" \/>\n<link rel=\"canonical\" href=\"https:\/\/www.legalvision.fr\/guides-juridiques\/creer-son-entreprise\/creer-une-entreprise-avec-pole-emploi\/\" \/>\n<meta property=\"og:locale\" content=\"fr_FR\" \/>\n<meta property=\"og:type\" content=\"article\" \/>\n<meta property=\"og:title\" content=\"Cr\u00e9er une entreprise avec pole emploi : le guide LegalVision\" \/>\n<meta property=\"og:description\" content=\"Cr\u00e9er une entreprise avec pole emploi : quelles aides ? Pour qui ? Retour utile sur les aides mises en place par pole emploi\" \/>\n<meta property=\"og:url\" content=\"https:\/\/www.legalvision.fr\/guides-juridiques\/creer-son-entreprise\/creer-une-entreprise-avec-pole-emploi\/\" \/>\n<meta property=\"og:site_name\" content=\"Guides juridiques\" \/>\n<meta property=\"article:published_time\" content=\"2020-01-23T06:30:40+00:00\" \/>\n<meta property=\"article:modified_time\" content=\"2022-03-27T19:20:44+00:00\" \/>\n<meta property=\"og:image\" content=\"https:\/\/www.legalvision.fr\/guides-juridiques\/wp-content\/uploads\/2020\/01\/Cr\u00e9er-une-entreprise-avec-pole-emploi.jpg\" \/>\n\t<meta property=\"og:image:width\" content=\"958\" \/>\n\t<meta property=\"og:image:height\" content=\"350\" \/>\n\t<meta property=\"og:image:type\" content=\"image\/jpeg\" \/>\n<meta name=\"author\" content=\"Sibylle Pouilla\" \/>\n<meta name=\"twitter:card\" content=\"summary_large_image\" \/>\n<meta name=\"twitter:label1\" content=\"\u00c9crit par\" \/>\n\t<meta name=\"twitter:data1\" content=\"Sibylle Pouilla\" \/>\n\t<meta name=\"twitter:label2\" content=\"Dur\u00e9e de lecture estim\u00e9e\" \/>\n\t<meta name=\"twitter:data2\" content=\"6 minutes\" \/>\n<script type=\"application\/ld+json\" class=\"yoast-schema-graph\">{\"@context\":\"https:\/\/schema.org\",\"@graph\":[{\"@type\":\"Article\",\"@id\":\"https:\/\/www.legalvision.fr\/guides-juridiques\/creer-son-entreprise\/creer-une-entreprise-avec-pole-emploi\/#article\",\"isPartOf\":{\"@id\":\"https:\/\/www.legalvision.fr\/guides-juridiques\/creer-son-entreprise\/creer-une-entreprise-avec-pole-emploi\/\"},\"author\":{\"name\":\"Sibylle Pouilla\",\"@id\":\"https:\/\/www.legalvision.fr\/guides-juridiques\/#\/schema\/person\/98fb5f2b61dd0ade48840337d2c5d12c\"},\"headline\":\"Comment cr\u00e9er une entreprise avec pole emploi ?\",\"datePublished\":\"2020-01-23T06:30:40+00:00\",\"dateModified\":\"2022-03-27T19:20:44+00:00\",\"mainEntityOfPage\":{\"@id\":\"https:\/\/www.legalvision.fr\/guides-juridiques\/creer-son-entreprise\/creer-une-entreprise-avec-pole-emploi\/\"},\"wordCount\":1231,\"commentCount\":0,\"publisher\":{\"@id\":\"https:\/\/www.legalvision.fr\/guides-juridiques\/#organization\"},\"image\":{\"@id\":\"https:\/\/www.legalvision.fr\/guides-juridiques\/creer-son-entreprise\/creer-une-entreprise-avec-pole-emploi\/#primaryimage\"},\"thumbnailUrl\":\"https:\/\/www.legalvision.fr\/guides-juridiques\/wp-content\/uploads\/2020\/01\/Cr\u00e9er-une-entreprise-avec-pole-emploi.jpg\",\"articleSection\":[\"Cr\u00e9er son entreprise\"],\"inLanguage\":\"fr-FR\",\"potentialAction\":[{\"@type\":\"CommentAction\",\"name\":\"Comment\",\"target\":[\"https:\/\/www.legalvision.fr\/guides-juridiques\/creer-son-entreprise\/creer-une-entreprise-avec-pole-emploi\/#respond\"]}]},{\"@type\":\"WebPage\",\"@id\":\"https:\/\/www.legalvision.fr\/guides-juridiques\/creer-son-entreprise\/creer-une-entreprise-avec-pole-emploi\/\",\"url\":\"https:\/\/www.legalvision.fr\/guides-juridiques\/creer-son-entreprise\/creer-une-entreprise-avec-pole-emploi\/\",\"name\":\"Cr\u00e9er une entreprise avec pole emploi : le guide LegalVision\",\"isPartOf\":{\"@id\":\"https:\/\/www.legalvision.fr\/guides-juridiques\/#website\"},\"primaryImageOfPage\":{\"@id\":\"https:\/\/www.legalvision.fr\/guides-juridiques\/creer-son-entreprise\/creer-une-entreprise-avec-pole-emploi\/#primaryimage\"},\"image\":{\"@id\":\"https:\/\/www.legalvision.fr\/guides-juridiques\/creer-son-entreprise\/creer-une-entreprise-avec-pole-emploi\/#primaryimage\"},\"thumbnailUrl\":\"https:\/\/www.legalvision.fr\/guides-juridiques\/wp-content\/uploads\/2020\/01\/Cr\u00e9er-une-entreprise-avec-pole-emploi.jpg\",\"datePublished\":\"2020-01-23T06:30:40+00:00\",\"dateModified\":\"2022-03-27T19:20:44+00:00\",\"description\":\"Cr\u00e9er une entreprise avec pole emploi : quelles aides ? Pour qui ? Retour utile sur les aides mises en place par pole emploi\",\"breadcrumb\":{\"@id\":\"https:\/\/www.legalvision.fr\/guides-juridiques\/creer-son-entreprise\/creer-une-entreprise-avec-pole-emploi\/#breadcrumb\"},\"inLanguage\":\"fr-FR\",\"potentialAction\":[{\"@type\":\"ReadAction\",\"target\":[\"https:\/\/www.legalvision.fr\/guides-juridiques\/creer-son-entreprise\/creer-une-entreprise-avec-pole-emploi\/\"]}]},{\"@type\":\"ImageObject\",\"inLanguage\":\"fr-FR\",\"@id\":\"https:\/\/www.legalvision.fr\/guides-juridiques\/creer-son-entreprise\/creer-une-entreprise-avec-pole-emploi\/#primaryimage\",\"url\":\"https:\/\/www.legalvision.fr\/guides-juridiques\/wp-content\/uploads\/2020\/01\/Cr\u00e9er-une-entreprise-avec-pole-emploi.jpg\",\"contentUrl\":\"https:\/\/www.legalvision.fr\/guides-juridiques\/wp-content\/uploads\/2020\/01\/Cr\u00e9er-une-entreprise-avec-pole-emploi.jpg\",\"width\":958,\"height\":350,\"caption\":\"cr\u00e9er une entreprise avec pole emploi\"},{\"@type\":\"BreadcrumbList\",\"@id\":\"https:\/\/www.legalvision.fr\/guides-juridiques\/creer-son-entreprise\/creer-une-entreprise-avec-pole-emploi\/#breadcrumb\",\"itemListElement\":[{\"@type\":\"ListItem\",\"position\":1,\"name\":\"Accueil\",\"item\":\"https:\/\/www.legalvision.fr\/guides-juridiques\/\"},{\"@type\":\"ListItem\",\"position\":2,\"name\":\"Cr\u00e9er son entreprise\",\"item\":\"https:\/\/www.legalvision.fr\/guides-juridiques\/creer-son-entreprise\/\"},{\"@type\":\"ListItem\",\"position\":3,\"name\":\"Comment cr\u00e9er une entreprise avec pole emploi ?\"}]},{\"@type\":\"WebSite\",\"@id\":\"https:\/\/www.legalvision.fr\/guides-juridiques\/#website\",\"url\":\"https:\/\/www.legalvision.fr\/guides-juridiques\/\",\"name\":\"Guides juridiques\",\"description\":\"L&#039;information juridique \u00e0 destination des entreprises et TPE\",\"publisher\":{\"@id\":\"https:\/\/www.legalvision.fr\/guides-juridiques\/#organization\"},\"potentialAction\":[{\"@type\":\"SearchAction\",\"target\":{\"@type\":\"EntryPoint\",\"urlTemplate\":\"https:\/\/www.legalvision.fr\/guides-juridiques\/?s={search_term_string}\"},\"query-input\":{\"@type\":\"PropertyValueSpecification\",\"valueRequired\":true,\"valueName\":\"search_term_string\"}}],\"inLanguage\":\"fr-FR\"},{\"@type\":\"Organization\",\"@id\":\"https:\/\/www.legalvision.fr\/guides-juridiques\/#organization\",\"name\":\"Guides juridiques\",\"url\":\"https:\/\/www.legalvision.fr\/guides-juridiques\/\",\"logo\":{\"@type\":\"ImageObject\",\"inLanguage\":\"fr-FR\",\"@id\":\"https:\/\/www.legalvision.fr\/guides-juridiques\/#\/schema\/logo\/image\/\",\"url\":\"https:\/\/www.legalvision.fr\/guides-juridiques\/wp-content\/uploads\/2022\/10\/LV-Logotype.png\",\"contentUrl\":\"https:\/\/www.legalvision.fr\/guides-juridiques\/wp-content\/uploads\/2022\/10\/LV-Logotype.png\",\"width\":647,\"height\":125,\"caption\":\"Guides juridiques\"},\"image\":{\"@id\":\"https:\/\/www.legalvision.fr\/guides-juridiques\/#\/schema\/logo\/image\/\"}},{\"@type\":\"Person\",\"@id\":\"https:\/\/www.legalvision.fr\/guides-juridiques\/#\/schema\/person\/98fb5f2b61dd0ade48840337d2c5d12c\",\"name\":\"Sibylle Pouilla\",\"image\":{\"@type\":\"ImageObject\",\"inLanguage\":\"fr-FR\",\"@id\":\"https:\/\/www.legalvision.fr\/guides-juridiques\/#\/schema\/person\/image\/\",\"url\":\"https:\/\/www.legalvision.fr\/guides-juridiques\/wp-content\/uploads\/2023\/07\/femme15-96x96.png\",\"contentUrl\":\"https:\/\/www.legalvision.fr\/guides-juridiques\/wp-content\/uploads\/2023\/07\/femme15-96x96.png\",\"caption\":\"Sibylle Pouilla\"},\"description\":\"Doctorante en droit compar\u00e9 \u00e0 l'Universit\u00e9 Paris II Panth\u00e9on Assas, titulaire du CAPA.\",\"url\":\"https:\/\/www.legalvision.fr\/guides-juridiques\/author\/sibylle-pouillaude\/\"}]}<\/script>\n<!-- \/ Yoast SEO plugin. -->","yoast_head_json":{"title":"Cr\u00e9er une entreprise avec pole emploi : le guide LegalVision","description":"Cr\u00e9er une entreprise avec pole emploi : quelles aides ? Pour qui ? Retour utile sur les aides mises en place par pole emploi","robots":{"index":"index","follow":"follow","max-snippet":"max-snippet:-1","max-image-preview":"max-image-preview:large","max-video-preview":"max-video-preview:-1"},"canonical":"https:\/\/www.legalvision.fr\/guides-juridiques\/creer-son-entreprise\/creer-une-entreprise-avec-pole-emploi\/","og_locale":"fr_FR","og_type":"article","og_title":"Cr\u00e9er une entreprise avec pole emploi : le guide LegalVision","og_description":"Cr\u00e9er une entreprise avec pole emploi : quelles aides ? Pour qui ? Retour utile sur les aides mises en place par pole emploi","og_url":"https:\/\/www.legalvision.fr\/guides-juridiques\/creer-son-entreprise\/creer-une-entreprise-avec-pole-emploi\/","og_site_name":"Guides juridiques","article_published_time":"2020-01-23T06:30:40+00:00","article_modified_time":"2022-03-27T19:20:44+00:00","og_image":[{"width":958,"height":350,"url":"https:\/\/www.legalvision.fr\/guides-juridiques\/wp-content\/uploads\/2020\/01\/Cr\u00e9er-une-entreprise-avec-pole-emploi.jpg","type":"image\/jpeg"}],"author":"Sibylle Pouilla","twitter_card":"summary_large_image","twitter_misc":{"\u00c9crit par":"Sibylle Pouilla","Dur\u00e9e de lecture estim\u00e9e":"6 minutes"},"schema":{"@context":"https:\/\/schema.org","@graph":[{"@type":"Article","@id":"https:\/\/www.legalvision.fr\/guides-juridiques\/creer-son-entreprise\/creer-une-entreprise-avec-pole-emploi\/#article","isPartOf":{"@id":"https:\/\/www.legalvision.fr\/guides-juridiques\/creer-son-entreprise\/creer-une-entreprise-avec-pole-emploi\/"},"author":{"name":"Sibylle Pouilla","@id":"https:\/\/www.legalvision.fr\/guides-juridiques\/#\/schema\/person\/98fb5f2b61dd0ade48840337d2c5d12c"},"headline":"Comment cr\u00e9er une entreprise avec pole emploi ?","datePublished":"2020-01-23T06:30:40+00:00","dateModified":"2022-03-27T19:20:44+00:00","mainEntityOfPage":{"@id":"https:\/\/www.legalvision.fr\/guides-juridiques\/creer-son-entreprise\/creer-une-entreprise-avec-pole-emploi\/"},"wordCount":1231,"commentCount":0,"publisher":{"@id":"https:\/\/www.legalvision.fr\/guides-juridiques\/#organization"},"image":{"@id":"https:\/\/www.legalvision.fr\/guides-juridiques\/creer-son-entreprise\/creer-une-entreprise-avec-pole-emploi\/#primaryimage"},"thumbnailUrl":"https:\/\/www.legalvision.fr\/guides-juridiques\/wp-content\/uploads\/2020\/01\/Cr\u00e9er-une-entreprise-avec-pole-emploi.jpg","articleSection":["Cr\u00e9er son entreprise"],"inLanguage":"fr-FR","potentialAction":[{"@type":"CommentAction","name":"Comment","target":["https:\/\/www.legalvision.fr\/guides-juridiques\/creer-son-entreprise\/creer-une-entreprise-avec-pole-emploi\/#respond"]}]},{"@type":"WebPage","@id":"https:\/\/www.legalvision.fr\/guides-juridiques\/creer-son-entreprise\/creer-une-entreprise-avec-pole-emploi\/","url":"https:\/\/www.legalvision.fr\/guides-juridiques\/creer-son-entreprise\/creer-une-entreprise-avec-pole-emploi\/","name":"Cr\u00e9er une entreprise avec pole emploi : le guide LegalVision","isPartOf":{"@id":"https:\/\/www.legalvision.fr\/guides-juridiques\/#website"},"primaryImageOfPage":{"@id":"https:\/\/www.legalvision.fr\/guides-juridiques\/creer-son-entreprise\/creer-une-entreprise-avec-pole-emploi\/#primaryimage"},"image":{"@id":"https:\/\/www.legalvision.fr\/guides-juridiques\/creer-son-entreprise\/creer-une-entreprise-avec-pole-emploi\/#primaryimage"},"thumbnailUrl":"https:\/\/www.legalvision.fr\/guides-juridiques\/wp-content\/uploads\/2020\/01\/Cr\u00e9er-une-entreprise-avec-pole-emploi.jpg","datePublished":"2020-01-23T06:30:40+00:00","dateModified":"2022-03-27T19:20:44+00:00","description":"Cr\u00e9er une entreprise avec pole emploi : quelles aides ? Pour qui ? Retour utile sur les aides mises en place par pole emploi","breadcrumb":{"@id":"https:\/\/www.legalvision.fr\/guides-juridiques\/creer-son-entreprise\/creer-une-entreprise-avec-pole-emploi\/#breadcrumb"},"inLanguage":"fr-FR","potentialAction":[{"@type":"ReadAction","target":["https:\/\/www.legalvision.fr\/guides-juridiques\/creer-son-entreprise\/creer-une-entreprise-avec-pole-emploi\/"]}]},{"@type":"ImageObject","inLanguage":"fr-FR","@id":"https:\/\/www.legalvision.fr\/guides-juridiques\/creer-son-entreprise\/creer-une-entreprise-avec-pole-emploi\/#primaryimage","url":"https:\/\/www.legalvision.fr\/guides-juridiques\/wp-content\/uploads\/2020\/01\/Cr\u00e9er-une-entreprise-avec-pole-emploi.jpg","contentUrl":"https:\/\/www.legalvision.fr\/guides-juridiques\/wp-content\/uploads\/2020\/01\/Cr\u00e9er-une-entreprise-avec-pole-emploi.jpg","width":958,"height":350,"caption":"cr\u00e9er une entreprise avec pole emploi"},{"@type":"BreadcrumbList","@id":"https:\/\/www.legalvision.fr\/guides-juridiques\/creer-son-entreprise\/creer-une-entreprise-avec-pole-emploi\/#breadcrumb","itemListElement":[{"@type":"ListItem","position":1,"name":"Accueil","item":"https:\/\/www.legalvision.fr\/guides-juridiques\/"},{"@type":"ListItem","position":2,"name":"Cr\u00e9er son entreprise","item":"https:\/\/www.legalvision.fr\/guides-juridiques\/creer-son-entreprise\/"},{"@type":"ListItem","position":3,"name":"Comment cr\u00e9er une entreprise avec pole emploi ?"}]},{"@type":"WebSite","@id":"https:\/\/www.legalvision.fr\/guides-juridiques\/#website","url":"https:\/\/www.legalvision.fr\/guides-juridiques\/","name":"Guides juridiques","description":"L&#039;information juridique \u00e0 destination des entreprises et TPE","publisher":{"@id":"https:\/\/www.legalvision.fr\/guides-juridiques\/#organization"},"potentialAction":[{"@type":"SearchAction","target":{"@type":"EntryPoint","urlTemplate":"https:\/\/www.legalvision.fr\/guides-juridiques\/?s={search_term_string}"},"query-input":{"@type":"PropertyValueSpecification","valueRequired":true,"valueName":"search_term_string"}}],"inLanguage":"fr-FR"},{"@type":"Organization","@id":"https:\/\/www.legalvision.fr\/guides-juridiques\/#organization","name":"Guides juridiques","url":"https:\/\/www.legalvision.fr\/guides-juridiques\/","logo":{"@type":"ImageObject","inLanguage":"fr-FR","@id":"https:\/\/www.legalvision.fr\/guides-juridiques\/#\/schema\/logo\/image\/","url":"https:\/\/www.legalvision.fr\/guides-juridiques\/wp-content\/uploads\/2022\/10\/LV-Logotype.png","contentUrl":"https:\/\/www.legalvision.fr\/guides-juridiques\/wp-content\/uploads\/2022\/10\/LV-Logotype.png","width":647,"height":125,"caption":"Guides juridiques"},"image":{"@id":"https:\/\/www.legalvision.fr\/guides-juridiques\/#\/schema\/logo\/image\/"}},{"@type":"Person","@id":"https:\/\/www.legalvision.fr\/guides-juridiques\/#\/schema\/person\/98fb5f2b61dd0ade48840337d2c5d12c","name":"Sibylle Pouilla","image":{"@type":"ImageObject","inLanguage":"fr-FR","@id":"https:\/\/www.legalvision.fr\/guides-juridiques\/#\/schema\/person\/image\/","url":"https:\/\/www.legalvision.fr\/guides-juridiques\/wp-content\/uploads\/2023\/07\/femme15-96x96.png","contentUrl":"https:\/\/www.legalvision.fr\/guides-juridiques\/wp-content\/uploads\/2023\/07\/femme15-96x96.png","caption":"Sibylle Pouilla"},"description":"Doctorante en droit compar\u00e9 \u00e0 l'Universit\u00e9 Paris II Panth\u00e9on Assas, titulaire du CAPA.","url":"https:\/\/www.legalvision.fr\/guides-juridiques\/author\/sibylle-pouillaude\/"}]}},"_links":{"self":[{"href":"https:\/\/www.legalvision.fr\/guides-juridiques\/wp-json\/wp\/v2\/posts\/31203","targetHints":{"allow":["GET"]}}],"collection":[{"href":"https:\/\/www.legalvision.fr\/guides-juridiques\/wp-json\/wp\/v2\/posts"}],"about":[{"href":"https:\/\/www.legalvision.fr\/guides-juridiques\/wp-json\/wp\/v2\/types\/post"}],"author":[{"embeddable":true,"href":"https:\/\/www.legalvision.fr\/guides-juridiques\/wp-json\/wp\/v2\/users\/57"}],"replies":[{"embeddable":true,"href":"https:\/\/www.legalvision.fr\/guides-juridiques\/wp-json\/wp\/v2\/comments?post=31203"}],"version-history":[{"count":0,"href":"https:\/\/www.legalvision.fr\/guides-juridiques\/wp-json\/wp\/v2\/posts\/31203\/revisions"}],"wp:featuredmedia":[{"embeddable":true,"href":"https:\/\/www.legalvision.fr\/guides-juridiques\/wp-json\/wp\/v2\/media\/32050"}],"wp:attachment":[{"href":"https:\/\/www.legalvision.fr\/guides-juridiques\/wp-json\/wp\/v2\/media?parent=31203"}],"wp:term":[{"taxonomy":"category","embeddable":true,"href":"https:\/\/www.legalvision.fr\/guides-juridiques\/wp-json\/wp\/v2\/categories?post=31203"},{"taxonomy":"post_tag","embeddable":true,"href":"https:\/\/www.legalvision.fr\/guides-juridiques\/wp-json\/wp\/v2\/tags?post=31203"}],"curies":[{"name":"wp","href":"https:\/\/api.w.org\/{rel}","templated":true}]}}