{"id":29772,"date":"2019-11-12T07:30:39","date_gmt":"2019-11-12T06:30:39","guid":{"rendered":"https:\/\/blog.legalvision.fr\/?p=29772"},"modified":"2023-10-23T17:55:46","modified_gmt":"2023-10-23T15:55:46","slug":"responsabilite-de-l-entreprise","status":"publish","type":"post","link":"https:\/\/www.legalvision.fr\/guides-juridiques\/gerer-une-entreprise\/responsabilite-de-l-entreprise\/","title":{"rendered":"Tout savoir sur la responsabilit\u00e9 de son entreprise !"},"content":{"rendered":"\t\t<div data-elementor-type=\"wp-post\" data-elementor-id=\"29772\" class=\"elementor elementor-29772\" data-elementor-post-type=\"post\">\n\t\t\t\t<div data-particle_enable=\"false\" data-particle-mobile-disabled=\"false\" class=\"elementor-element elementor-element-fe2f17f e-flex e-con-boxed e-con e-parent\" data-id=\"fe2f17f\" data-element_type=\"container\" data-e-type=\"container\">\n\t\t\t\t\t<div class=\"e-con-inner\">\n\t\t\t\t<div class=\"elementor-element elementor-element-ed61303 elementor-widget elementor-widget-text-editor\" data-id=\"ed61303\" data-element_type=\"widget\" data-e-type=\"widget\" data-widget_type=\"text-editor.default\">\n\t\t\t\t<div class=\"elementor-widget-container\">\n\t\t\t\t\t\t\t\t\t<p style=\"line-height: var(--wp--typography--line-height,var(--global--line-height-body)); font-family: var(--e-global-typography-primary-font-family);\">L&rsquo;entreprise est une entit\u00e9 \u00e9conomique agissant sur le march\u00e9. Aussi, elle peut \u00eatre expos\u00e9e \u00e0 des\u00a0<span style=\"font-weight: bold;\">risques<\/span>\u00a0qui peuvent engager sa responsabilit\u00e9 et ainsi entra\u00eener des cons\u00e9quences financi\u00e8res. Cette responsabilit\u00e9 de l&rsquo;entreprise\u00a0peut \u00eatre engag\u00e9e dans trois secteurs :<\/p><ul style=\"padding-left: calc(2 * var(--global--spacing-horizontal)); font-family: var(--e-global-typography-primary-font-family);\"><li style=\"font-family: var(--e-global-typography-primary-font-family);\">d&rsquo;abord, en mati\u00e8re civile ;<\/li><li style=\"font-family: var(--e-global-typography-primary-font-family);\">ensuite, sur le plan p\u00e9nal ;<\/li><li style=\"font-family: var(--e-global-typography-primary-font-family);\">et enfin, au niveau social.<\/li><\/ul><p style=\"line-height: var(--wp--typography--line-height,var(--global--line-height-body)); font-family: var(--e-global-typography-primary-font-family);\"><span style=\"font-weight: bold;\">Dans cet article, LegalVision vous pr\u00e9sente tous les cas pouvant engager la responsabilit\u00e9 de votre entreprise.<\/span><\/p><h3 style=\"font-family: Montserrat, sans-serif; font-weight: var( --e-global-typography-accent-font-weight ); font-size: var( --e-global-typography-accent-font-size ); letter-spacing: normal; line-height: var( --e-global-typography-accent-line-height ); text-transform: none; font-style: normal; text-decoration-thickness: initial; text-decoration-style: initial; text-decoration-color: initial;\"><span style=\"font-weight: var(--heading--font-weight-strong);\">Sommaire<\/span><\/h3><p style=\"line-height: var(--wp--typography--line-height,var(--global--line-height-body)); font-family: var(--e-global-typography-primary-font-family);\"><span style=\"font-weight: bold;\"><a href=\"https:\/\/www.legalvision.fr\/guides-juridiques\/?p=29772&amp;elementor-preview=29772&amp;ver=1698076169#1\">I\/\u00a0La notion de responsabilit\u00e9\u00a0de l&rsquo;entreprise<\/a><\/span><br \/><span style=\"font-weight: bold;\"><a href=\"https:\/\/www.legalvision.fr\/guides-juridiques\/?p=29772&amp;elementor-preview=29772&amp;ver=1698076169#2\">II\/ Responsabilit\u00e9 de l&rsquo;entreprise : en mati\u00e8re\u00a0civile<\/a><\/span><br \/><span style=\"font-weight: bold;\"><a href=\"https:\/\/www.legalvision.fr\/guides-juridiques\/?p=29772&amp;elementor-preview=29772&amp;ver=1698076169#3\">III\/ Responsabilit\u00e9 de l&rsquo;entreprise :\u00a0en mati\u00e8re p\u00e9nale<br \/><\/a><\/span><a href=\"https:\/\/www.legalvision.fr\/guides-juridiques\/?p=29772&amp;elementor-preview=29772&amp;ver=1698076169#4\">IV\/ La responsabilit\u00e9\u00a0de l&rsquo;entreprise :\u00a0en mati\u00e8re sociale\u00a0<\/a><br \/><a href=\"https:\/\/www.legalvision.fr\/guides-juridiques\/?p=29772&amp;elementor-preview=29772&amp;ver=1698076169#5\">V\/\u00a0Et quant est-il concernant les associ\u00e9s ?<\/a><\/p><p style=\"line-height: var(--wp--typography--line-height,var(--global--line-height-body)); font-family: var(--e-global-typography-primary-font-family);\">\u00a0<\/p>\t\t\t\t\t\t\t\t<\/div>\n\t\t\t\t<\/div>\n\t\t\t\t\t<\/div>\n\t\t\t\t<\/div>\n\t\t<div data-particle_enable=\"false\" data-particle-mobile-disabled=\"false\" class=\"elementor-element elementor-element-1a3d2f3 e-flex e-con-boxed e-con e-parent\" data-id=\"1a3d2f3\" data-element_type=\"container\" data-e-type=\"container\">\n\t\t\t\t\t<div class=\"e-con-inner\">\n\t\t\t\t<div class=\"elementor-element elementor-element-1fdf4a73 elementor-widget elementor-widget-heading\" data-id=\"1fdf4a73\" data-element_type=\"widget\" data-e-type=\"widget\" data-widget_type=\"heading.default\">\n\t\t\t\t<div class=\"elementor-widget-container\">\n\t\t\t\t\t<h2 class=\"elementor-heading-title elementor-size-default\">Nos outils pour vous aider : <\/h2>\t\t\t\t<\/div>\n\t\t\t\t<\/div>\n\t\t\t\t\t<\/div>\n\t\t\t\t<\/div>\n\t\t<div data-particle_enable=\"false\" data-particle-mobile-disabled=\"false\" class=\"elementor-element elementor-element-58bc12dc e-flex e-con-boxed e-con e-parent\" data-id=\"58bc12dc\" data-element_type=\"container\" data-e-type=\"container\">\n\t\t\t\t\t<div class=\"e-con-inner\">\n\t\t<div data-particle_enable=\"false\" data-particle-mobile-disabled=\"false\" class=\"elementor-element elementor-element-149dbd1d e-con-full e-flex e-con e-parent\" data-id=\"149dbd1d\" data-element_type=\"container\" data-e-type=\"container\">\n\t\t\t\t<div class=\"elementor-element elementor-element-65425b19 elementor-widget elementor-widget-button\" data-id=\"65425b19\" data-element_type=\"widget\" data-e-type=\"widget\" data-widget_type=\"button.default\">\n\t\t\t\t<div class=\"elementor-widget-container\">\n\t\t\t\t\t\t\t\t\t<div class=\"elementor-button-wrapper\">\n\t\t\t\t\t<a class=\"elementor-button elementor-button-link elementor-size-sm\" href=\"https:\/\/leonard.fr\/juridique\/services\/?utm_source=blog&#038;utm_medium=CTA&#038;utm_campaign=responsabilite_de_son_entreprise_tout_savoir&#038;utm_id=services_blog\" target=\"_blank\">\n\t\t\t\t\t\t<span class=\"elementor-button-content-wrapper\">\n\t\t\t\t\t\t\t\t\t<span class=\"elementor-button-text\">Modifier votre soci\u00e9t\u00e9 en ligne<\/span>\n\t\t\t\t\t<\/span>\n\t\t\t\t\t<\/a>\n\t\t\t\t<\/div>\n\t\t\t\t\t\t\t\t<\/div>\n\t\t\t\t<\/div>\n\t\t\t\t<\/div>\n\t\t<div data-particle_enable=\"false\" data-particle-mobile-disabled=\"false\" class=\"elementor-element elementor-element-9805cb e-con-full e-flex e-con e-parent\" data-id=\"9805cb\" data-element_type=\"container\" data-e-type=\"container\">\n\t\t\t\t<div class=\"elementor-element elementor-element-1e7274fe elementor-widget elementor-widget-button\" data-id=\"1e7274fe\" data-element_type=\"widget\" data-e-type=\"widget\" data-widget_type=\"button.default\">\n\t\t\t\t<div class=\"elementor-widget-container\">\n\t\t\t\t\t\t\t\t\t<div class=\"elementor-button-wrapper\">\n\t\t\t\t\t<a class=\"elementor-button elementor-button-link elementor-size-sm\" href=\"https:\/\/meetings.hubspot.com\/global\/leonard-rendez-vous-gratuit-avec-un-juriste?utm_source=blog&#038;utm_medium=CTA&#038;utm_campaign=responsabilite_de_son_entreprise_tout_savoir&#038;utm_id=services_blog\" target=\"_blank\">\n\t\t\t\t\t\t<span class=\"elementor-button-content-wrapper\">\n\t\t\t\t\t\t\t\t\t<span class=\"elementor-button-text\">Soyez rappel\u00e9 par un juriste gratuitement<\/span>\n\t\t\t\t\t<\/span>\n\t\t\t\t\t<\/a>\n\t\t\t\t<\/div>\n\t\t\t\t\t\t\t\t<\/div>\n\t\t\t\t<\/div>\n\t\t\t\t<\/div>\n\t\t<div data-particle_enable=\"false\" data-particle-mobile-disabled=\"false\" class=\"elementor-element elementor-element-123e553f e-con-full e-flex e-con e-parent\" data-id=\"123e553f\" data-element_type=\"container\" data-e-type=\"container\">\n\t\t\t\t<div data-dce-background-color=\"#85D2F1\" class=\"elementor-element elementor-element-36c91b93 elementor-widget elementor-widget-button\" data-id=\"36c91b93\" data-element_type=\"widget\" data-e-type=\"widget\" data-widget_type=\"button.default\">\n\t\t\t\t<div class=\"elementor-widget-container\">\n\t\t\t\t\t\t\t\t\t<div class=\"elementor-button-wrapper\">\n\t\t\t\t\t<a class=\"elementor-button elementor-button-link elementor-size-sm\" href=\"https:\/\/meetings.hubspot.com\/alexis-egron\/audit-juridique-gratuit?utm_source=blog&#038;utm_medium=CTA&#038;utm_campaign=responsabilite_de_son_entreprise_tout_savoir&#038;utm_id=services_blog\" target=\"_blank\">\n\t\t\t\t\t\t<span class=\"elementor-button-content-wrapper\">\n\t\t\t\t\t\t\t\t\t<span class=\"elementor-button-text\">Votre audit juridique gratuit en ligne<\/span>\n\t\t\t\t\t<\/span>\n\t\t\t\t\t<\/a>\n\t\t\t\t<\/div>\n\t\t\t\t\t\t\t\t<\/div>\n\t\t\t\t<\/div>\n\t\t\t\t<\/div>\n\t\t\t\t\t<\/div>\n\t\t\t\t<\/div>\n\t\t\t\t<section data-particle_enable=\"false\" data-particle-mobile-disabled=\"false\" class=\"elementor-section elementor-top-section elementor-element elementor-element-2ecf900b elementor-section-boxed elementor-section-height-default elementor-section-height-default\" data-id=\"2ecf900b\" data-element_type=\"section\" data-e-type=\"section\">\n\t\t\t\t\t\t<div class=\"elementor-container elementor-column-gap-default\">\n\t\t\t\t\t<div class=\"elementor-column elementor-col-100 elementor-top-column elementor-element elementor-element-3816aa6d\" data-id=\"3816aa6d\" data-element_type=\"column\" data-e-type=\"column\">\n\t\t\t<div class=\"elementor-widget-wrap elementor-element-populated\">\n\t\t\t\t\t\t<div class=\"elementor-element elementor-element-4ba5a142 elementor-widget elementor-widget-text-editor\" data-id=\"4ba5a142\" data-element_type=\"widget\" data-e-type=\"widget\" data-widget_type=\"text-editor.default\">\n\t\t\t\t<div class=\"elementor-widget-container\">\n\t\t\t\t\t\t\t\t\t<p>\u00a0<\/p><h2 id=\"1\"><strong>\u00a0<\/strong><\/h2><h2 id=\"1\"><strong>I\/\u00a0La notion de responsabilit\u00e9 de l&rsquo;entreprise\u00a0<\/strong><\/h2><p>La responsabilit\u00e9 de l&rsquo;entreprise consiste en l&rsquo;obligation pour celle-ci<strong>\u00a0de r\u00e9pondre de certains actes qu&rsquo;elle a commis. <\/strong>Ainsi, par exemple, lorsqu&rsquo;une soci\u00e9t\u00e9\u00a0cause un dommage \u00e0 un tiers, elle\u00a0est tenue de le r\u00e9parer civilement ou p\u00e9nalement dans le cas o\u00f9 elle aurait commis un agissement d\u00e9lictueux.<\/p><p>De fa\u00e7on globale, la responsabilit\u00e9 peut \u00eatre civile ou p\u00e9nale. La diff\u00e9rence entre responsabilit\u00e9 civile et p\u00e9nale est que la premi\u00e8re permet de r\u00e9parer un dommage, tandis que la seconde permet de sanctionner l&rsquo;auteur d&rsquo;un comportement d\u00e9lictueux. En outre, il convient de noter qu&rsquo;une condamnation au p\u00e9nal entra\u00eene <strong>n\u00e9cessairement la reconnaissance d&rsquo;une faute civile.\u00a0<\/strong><\/p><p style=\"text-align: center;\">\u00a0<\/p><h2 id=\"2\"><strong>\u00a0<\/strong><\/h2><h2 id=\"2\"><strong>II\/ Responsabilit\u00e9\u00a0de l&rsquo;entreprise :\u00a0en mati\u00e8re civile\u00a0<\/strong><\/h2><p>Dans le cas o\u00f9 la soci\u00e9t\u00e9\u00a0a caus\u00e9 un\u00a0dommage aux tiers, elle peut \u00eatre tenue <strong>responsable civilement.<\/strong><\/p><h3>\u00a0<\/h3><h3>A) Qui peut engager une action en responsabilit\u00e9 civile ?<\/h3><p>Il peut y avoir responsabilit\u00e9 de l&rsquo;entreprise lorsque:<\/p><ul><li><strong>un associ\u00e9 ou un tiers<\/strong> ayant subi <strong>personnellement un dommage<\/strong> intente une action en responsabilit\u00e9. Dans ce cas, ce type d&rsquo;action est appel\u00e9e action individuelle ;<\/li><li>la soci\u00e9t\u00e9 a subi un pr\u00e9judice. Plusieurs acteurs peuvent dans ce cas agir, soit un associ\u00e9 ;\u00a0soit plusieurs associ\u00e9s repr\u00e9sentant 10% du capital ;\u00a0soit\u00a0des cr\u00e9anciers dans le cadre d&rsquo;une proc\u00e9dure collective.<\/li><\/ul><h3><strong>\u00a0<\/strong><\/h3><h3><strong>B) Responsabilit\u00e9 civile de l&rsquo;entreprise due \u00e0 une faute du dirigeant<\/strong><\/h3><p>Le dirigeant de l&rsquo;entreprise sera\u00a0<strong>responsable envers la soci\u00e9t\u00e9<\/strong>\u00a0de toutes ses fautes, par exemple : des fautes de gestion, d&rsquo;une violation des statuts de la soci\u00e9t\u00e9, <em>etc<\/em>. La responsabilit\u00e9 du dirigeant peut \u00eatre<strong> individuelle ou solidaire<\/strong>, c&rsquo;est-\u00e0-dire que, dans le cas o\u00f9 plusieurs dirigeants ont particip\u00e9 \u00e0 la faute, leur responsabilit\u00e9 sera engag\u00e9e solidairement.<\/p><p>En principe, c&rsquo;est la soci\u00e9t\u00e9 qui doit r\u00e9parer le dommage subi par un tiers en cas de faute commise par le dirigeant. Cependant, dans certains cas particuliers, la\u00a0<strong>responsabilit\u00e9 civile du dirigeant<\/strong>\u00a0pourra \u00eatre engag\u00e9e lorsqu&rsquo;il a commis une faute en dehors de ses fonctions.<\/p><p>La\u00a0<strong>responsabilit\u00e9 personnelle du dirigeant<\/strong>\u00a0ne sera engag\u00e9e\u00a0<strong>\u00e0 l&rsquo;\u00e9gard des tiers<\/strong>\u00a0seulement lorsque ceux-ci \u00e9tablissent que celui-ci a commis une\u00a0<strong>faute s\u00e9parable<\/strong>\u00a0de ses fonctions.<\/p><p>Ainsi, \u00e0 contrario,<strong> lorsque la faute n&rsquo;est pas s\u00e9parable des fonctions<\/strong>,\u00a0<strong>seule la soci\u00e9t\u00e9 sera tenue responsable<\/strong>\u00a0envers le tiers-victime. La responsabilit\u00e9 personnelle du dirigeant ne sera donc pas engag\u00e9e, il sera alors\u00a0<strong>compl\u00e8tement immunis\u00e9<\/strong>.<\/p><p>Par cons\u00e9quent, dans le cas o\u00f9 le repr\u00e9sentant l\u00e9gal d&rsquo;une soci\u00e9t\u00e9 commet une faute causant un dommage \u00e0 un tiers, il convient de<strong> distinguer deux situations :<\/strong><\/p><ul><li>le repr\u00e9sentant l\u00e9gal de la soci\u00e9t\u00e9 a agi\u00a0<strong>dans le cadre de ses fonctions<\/strong>\u00a0: dans cette hypoth\u00e8se, il agit pour le compte de la soci\u00e9t\u00e9. Ainsi, il b\u00e9n\u00e9ficie d&rsquo;une immunit\u00e9. Ce sera donc la soci\u00e9t\u00e9 qui devra indemniser la personne ayant subi un pr\u00e9judice.<\/li><li>le repr\u00e9sentant l\u00e9gal a agi\u00a0<strong>en dehors du cadre de ses fonctions<\/strong>\u00a0: dans ce cas, sa responsabilit\u00e9 professionnelle sera engag\u00e9e.<\/li><\/ul><p>La faute devra \u00eatre empreinte d&rsquo;une\u00a0<strong>certaine gravit\u00e9\u00a0et intentionnelle<\/strong>. Dans ce cas, le dirigeant de la soci\u00e9t\u00e9 pourra \u00eatre condamn\u00e9 \u00e0 payer des\u00a0<strong>dommages et int\u00e9r\u00eats<\/strong>\u00a0au tiers l\u00e9s\u00e9.<\/p><h4>\u00a0<\/h4><h4>Quelles infractions sont concern\u00e9es ?<\/h4><ul><li>Violation des statuts ;<\/li><li>Fautes de gestion ;<\/li><li>Infractions aux obligations fiscales, sociales ou aux r\u00e8gles de concurrence ;<\/li><li>Infractions aux dispositions l\u00e9gislatives ou r\u00e9glementaires applicables \u00e0 l&rsquo;entreprise. Par exemple, les obligations relatives \u00e0 la pr\u00e9sentation des comptes sociaux.<\/li><\/ul><p><strong>Bon \u00e0 savoir :\u00a0<\/strong><\/p><p>Le code p\u00e9nal pr\u00e9voit les cas o\u00f9 le dirigeant peut engager sa<strong> responsabilit\u00e9 p\u00e9nale concomitamment \u00e0 sa responsabilit\u00e9 civile.<\/strong><\/p><h3>\u00a0<\/h3><h3>B) Souscrire \u00e0 une assurance responsabilit\u00e9 civile professionnelle<\/h3><p>L&rsquo;assurance civile professionnelle, appel\u00e9e aussi <strong>assurance Rc Pro<\/strong>, permet de se prot\u00e9ger en cas d&rsquo;erreur, de faute, ou encore de dommage caus\u00e9 par l&rsquo;entreprise \u00e0 toute personne physique ou morale.<\/p><p>Cette assurance s&rsquo;av\u00e8re \u00eatre utile puisqu&rsquo;elle\u00a0<strong>couvre tous les dommages entra\u00eenant des pr\u00e9judices \u00e0 un tiers<\/strong>.<\/p><p>Pour plus de d\u00e9tails sur l&rsquo;assurance responsabilit\u00e9 civile professionnelle, n&rsquo;h\u00e9sitez pas \u00e0 consulter notre article en cliquant sur le lien\u00a0suivant : <a href=\"https:\/\/blog.legalvision.fr\/2017\/01\/20\/assurance-responsabilite-civile-professionnelle\/\">\u00ab\u00a0L\u2019assurance responsabilit\u00e9 civile professionnelle en quelques points\u00a0\u00bb.<\/a><\/p><h2 id=\"3\"><strong>\u00a0<\/strong><\/h2><h2 id=\"3\"><strong>III\/ Responsabilit\u00e9\u00a0de l&rsquo;entreprise :\u00a0en mati\u00e8re p\u00e9nale\u00a0<\/strong><\/h2><p>La responsabilit\u00e9 p\u00e9nale <strong>de l&rsquo;entreprise<\/strong> ne peut \u00eatre engag\u00e9e que lorsque\u00a0<strong>deux conditions<\/strong>\u00a0sont r\u00e9unies :<\/p><ul><li>les actes p\u00e9nalement r\u00e9pr\u00e9hensibles ont \u00e9t\u00e9 commis soit par\u00a0<strong>le repr\u00e9sentant l\u00e9gal<\/strong>\u00a0de la soci\u00e9t\u00e9 ;\u00a0soit par les\u00a0<strong>organes repr\u00e9sentant la soci\u00e9t\u00e9<\/strong>\u00a0(conseil d&rsquo;administration ou directoire) ;<\/li><li>les\u00a0actes p\u00e9nalement r\u00e9pr\u00e9hensibles ont \u00e9t\u00e9 commis <strong>pour le compte de la soci\u00e9t\u00e9<\/strong>, c&rsquo;est \u00e0 dire que les engagements ont \u00e9t\u00e9 pris au nom de la soci\u00e9t\u00e9. Par exemple, dans le cas d&rsquo;un abus de biens sociaux, la soci\u00e9t\u00e9 pourra \u00eatre condamn\u00e9e p\u00e9nalement.<\/li><\/ul><p><strong>\u00a0<\/strong><\/p><p><strong>A noter :<\/strong><\/p><p>La\u00a0<strong>sanction p\u00e9nale<\/strong>, lorsque la responsabilit\u00e9 de l&rsquo;entreprise est engag\u00e9e pourra \u00eatre par exemple : une amende, une dissolution ou une fermeture d&rsquo;\u00e9tablissement. Evidemment, la sanction p\u00e9nale <strong>sera adapt\u00e9e \u00e0 la personne morale.\u00a0<\/strong><\/p><p>Cette sanction <strong>d\u00e9pendra de l&rsquo;infraction<\/strong> qui a \u00e9t\u00e9 commise.<\/p><h2 id=\"4\"><strong>\u00a0<\/strong><\/h2><h2 id=\"4\"><strong>IV\/ La responsabilit\u00e9\u00a0de l&rsquo;entreprise :\u00a0en mati\u00e8re sociale\u00a0<\/strong><\/h2><h3>A) La d\u00e9marche RSE<\/h3><h4>1. Qu&rsquo;est ce que la RSE ?<\/h4><p>La\u00a0<strong>responsabilit\u00e9 soci\u00e9tale de l&rsquo;entreprise<\/strong>\u00a0ou\u00a0<strong>responsabilit\u00e9 sociale de l&rsquo;entreprise<\/strong>\u00a0(RSE) regroupe les diff\u00e9rentes pratiques ou politiques, mises en place dans l&rsquo;entreprise pour respecter les\u00a0<strong>principes du d\u00e9veloppement durable<\/strong>. Toutefois, bien que la RSE soit principalement associ\u00e9e \u00e0 la protection de l&rsquo;environnement, il convient de noter qu&rsquo;elle intervient dans de nombreux domaines : notamment \u00e9conomique, social,\u00a0ou encore culturel.<\/p><p>La RSE correspond \u00e0 la norme internationale <strong>ISO 26000<\/strong>, qui est une norme de l\u2019Organisation internationale de normalisation (ISO) qui pr\u00e9cise les standards \u00e0 respecter pour l\u2019entreprise. Ce standard international pr\u00e9cise que la RSE doit aborder 7 questions\u00a0:<\/p><ul><li>la gouvernance de l\u2019organisation\u00a0;<\/li><li>les droits de l\u2019homme\u00a0;<\/li><li>les relations et conditions de travail\u00a0;<\/li><li>l\u2019environnement\u00a0;<\/li><li>la loyaut\u00e9 des pratiques\u00a0;<\/li><li>les questions relatives aux consommateurs\u00a0;<\/li><li>les communaut\u00e9s et le d\u00e9veloppement local.<\/li><\/ul><h4>\u00a0<\/h4><h4>2. Quelles cons\u00e9quences en cas de non-respect ?<\/h4><p>N&rsquo;importe quelle entreprise peut mettre en place une <strong>d\u00e9marche RSE<\/strong> au sein de sa structure.<\/p><p>La <strong>responsabilit\u00e9 sociale et environnementale de l\u2019entreprise<\/strong> ne sera <strong>pas en principe engag\u00e9e<\/strong> lorsque l\u2019entreprise ne respecte pas les normes pos\u00e9es par la d\u00e9marche RSE.<\/p><p>Cependant, les entreprises <strong>cot\u00e9es en bourse<\/strong> ont pour obligation d\u2019indiquer une s\u00e9rie d\u2019informations relatives aux cons\u00e9quences sociales et environnementales de leurs activit\u00e9s. Ainsi, si elles ont un chiffre d\u2019affaires sup\u00e9rieur \u00e0 100 millions d\u2019euros ou une masse salariale sup\u00e9rieure \u00e0 500 salari\u00e9s, elles sont dans l\u2019obligation de r\u00e9aliser un <strong>rapport RSE<\/strong>.<\/p><h3>\u00a0<\/h3><h3>B) La strat\u00e9gie RSE : un outil concurrentiel ?<\/h3><p>De nos jours, la RSE a une <strong>place importante<\/strong> dans les entreprises.<\/p><p>Le <strong>rapport RSE<\/strong> permet d\u2019am\u00e9liorer la<strong> transparence sur l\u2019activit\u00e9 des entreprises<\/strong>. En effet, il permet par exemple aux clients potentiels de l\u2019entreprise de se rendre compte des cons\u00e9quences de leur achat en mati\u00e8re environnementales, sociales ou encore \u00e9conomiques. Le consommateur ou le client peut donc proc\u00e9der \u00e0 son achat en toute conscience.<\/p><p>La d\u00e9marche RSE peut donc s&rsquo;av\u00e9rer \u00eatre un v\u00e9ritable outil au service de la concurrence, et ce, pour plusieurs raisons :<\/p><ul><li>Elle permettrait de r\u00e9aliser une <strong>meilleure performance financi\u00e8re<\/strong>. En effet, la strat\u00e9gie RSE peut entra\u00eener la r\u00e9duction de la consommation d&rsquo;\u00e9nergie par exemple, ou encore la r\u00e9duction des d\u00e9chets. Ainsi, automatiquement, elle peut conduire \u00e0 une optimisation fiscale.<\/li><li>En outre, le respect de normes environnementales ou sociales permet de <strong>valoriser l&rsquo;image de l&rsquo;entreprise<\/strong>. Une entreprise ayant une image positive aux yeux des consommateurs sera plus attractive et peut cr\u00e9er un lien plus fort avec sa client\u00e8le.<\/li><li>Enfin, le respect de la strat\u00e9gie RSE peut permettre de <strong>stimuler l&rsquo;innovation.\u00a0<\/strong>La soci\u00e9t\u00e9 concern\u00e9e va en effet chercher \u00e0 s&rsquo;am\u00e9liorer et ainsi\u00a0rester<strong> attentive quant aux innovations et progr\u00e8s\u00a0<\/strong>au sein de son secteur d&rsquo;activit\u00e9.<\/li><\/ul><h2 id=\"5\">\u00a0<\/h2><h2 id=\"5\">V\/\u00a0Et quant est-il concernant les associ\u00e9s ?<\/h2><p>La<strong> responsabilit\u00e9 civile des associ\u00e9s<\/strong> sera diff\u00e9rente selon que la soci\u00e9t\u00e9 est une soci\u00e9t\u00e9 \u00e0 responsabilit\u00e9 limit\u00e9e ou non. Aussi, nous vous listons bri\u00e8vement\u00a0quels sont les risques en cas de faute dans les principales formes de soci\u00e9t\u00e9s.<\/p><h3>\u00a0<\/h3><h3>A) La SCI<\/h3><p>Dans une SCI, les associ\u00e9s sont, en principe, <strong>ind\u00e9finiment responsables<\/strong> des dettes de la soci\u00e9t\u00e9 \u00e0 hauteur de leur participation dans le capital social de la soci\u00e9t\u00e9. Cela signifie qu&rsquo;outre les biens de la soci\u00e9t\u00e9, les cr\u00e9ancier pourront saisir les biens sur le patrimoine personnel des associ\u00e9s. Toutefois, il convient de pr\u00e9ciser qu&rsquo;il est obligatoire de poursuivre la soci\u00e9t\u00e9 avant d&rsquo;orienter leur action vers les associ\u00e9s.<\/p><p>De plus, l\u2019associ\u00e9 de la SCI est\u00a0<strong>tenu conjointement<\/strong>\u00a0et non solidairement des dettes sociales. Ainsi, l&rsquo;int\u00e9gralit\u00e9 de la cr\u00e9ance ne peut pas \u00eatre demand\u00e9e \u00e0 un seul associ\u00e9.<\/p><p>Pour tout savoir sur la responsabilit\u00e9 des associ\u00e9s et du dirigeant de SCI,\u00a0<a href=\"https:\/\/blog.legalvision.fr\/2019\/02\/25\/responsabilite-sci-des-associes-et-du-gerant\/\">rendez vous ici<\/a> !<\/p><h3>\u00a0<\/h3><h3>B) La SAS<\/h3><p>Le principe g\u00e9n\u00e9ral est que leur responsabilit\u00e9 est limit\u00e9e aux apports qu&rsquo;ils ont effectu\u00e9s. Ce principe s&rsquo;applique sauf lorsque :<\/p><ul><li>il y a eu sur\u00e9l\u00e9vation des apports ;<\/li><li>l&rsquo;associ\u00e9 est caution ;<\/li><li>la faute de l&rsquo;associ\u00e9 est d\u00e9tachable de ses fonctions ;<\/li><li>l&rsquo;associ\u00e9 est dirigeant de fait.<\/li><\/ul><h3>\u00a0<\/h3><h3>C) La SARL<\/h3><p>Les <a href=\"https:\/\/blog.legalvision.fr\/2019\/03\/27\/responsabilite-des-associes-d-une-sarl\/\">associ\u00e9s de SARL<\/a> engagent leur responsabilit\u00e9 civile en cas de faute d\u00e9tachable de leurs fonctions.\u00a0Il s\u2019agit d\u2019une\u00a0<strong>faute intentionnelle<\/strong>\u00a0d\u2019une\u00a0<strong>particuli\u00e8re gravit\u00e9<\/strong>\u00a0<strong>incompatible avec l\u2019exercice<\/strong>\u00a0de leurs fonctions.<\/p><details><summary><strong>Sources\u00a0<\/strong><\/summary><p><strong>Articles :\u00a0<\/strong><\/p><ul><li><a href=\"https:\/\/www.legifrance.gouv.fr\/affichCodeArticle.do?idArticle=LEGIARTI000037556825&amp;cidTexte=LEGITEXT000005634379&amp;dateTexte=20181102\">L.225-102-1 du Code de commerce<\/a> relatif \u00e0 la d\u00e9claration de performance extra financi\u00e8re ;<\/li><\/ul><p><strong>D\u00e9crets :\u00a0<\/strong><\/p><ul><li><a href=\"https:\/\/www.legifrance.gouv.fr\/affichTexte.do?cidTexte=JORFTEXT000025746900&amp;categorieLien=id\">N\u00b02012-557 <\/a>relatif aux obligations de transparence des entreprises en mati\u00e8re sociale et environnementale ;<\/li><\/ul><p><strong>Normes :\u00a0<\/strong><\/p><ul><li><a href=\"https:\/\/www.iso.org\/files\/live\/sites\/isoorg\/files\/store\/fr\/PUB100258_fr.pdf\">Norme ISO 26000<\/a> sur la Responsabilit\u00e9 Sociale des Entreprises.<\/li><\/ul><\/details>\t\t\t\t\t\t\t\t<\/div>\n\t\t\t\t<\/div>\n\t\t\t\t<div class=\"elementor-element elementor-element-fcda96b elementor-align-center elementor-widget elementor-widget-button\" data-id=\"fcda96b\" data-element_type=\"widget\" data-e-type=\"widget\" data-widget_type=\"button.default\">\n\t\t\t\t<div class=\"elementor-widget-container\">\n\t\t\t\t\t\t\t\t\t<div class=\"elementor-button-wrapper\">\n\t\t\t\t\t<a class=\"elementor-button elementor-button-link elementor-size-sm\" href=\"https:\/\/leonard.fr\/juridique\/services\/?utm_source=blog&#038;utm_medium=CTA&#038;utm_campaign=responsabilite_de_son_entreprise_tout_savoir&#038;utm_id=services_blog\">\n\t\t\t\t\t\t<span class=\"elementor-button-content-wrapper\">\n\t\t\t\t\t\t\t\t\t<span class=\"elementor-button-text\">Modifiez votre soci\u00e9t\u00e9 en ligne<\/span>\n\t\t\t\t\t<\/span>\n\t\t\t\t\t<\/a>\n\t\t\t\t<\/div>\n\t\t\t\t\t\t\t\t<\/div>\n\t\t\t\t<\/div>\n\t\t\t\t\t<\/div>\n\t\t<\/div>\n\t\t\t\t\t<\/div>\n\t\t<\/section>\n\t\t\t\t<\/div>\n\t\t","protected":false},"excerpt":{"rendered":"<p>L&rsquo;entreprise est une entit\u00e9 \u00e9conomique agissant sur le march\u00e9. Aussi, elle peut \u00eatre expos\u00e9e \u00e0 des\u00a0risques\u00a0qui peuvent engager sa responsabilit\u00e9 et ainsi entra\u00eener des cons\u00e9quences financi\u00e8res. Cette responsabilit\u00e9 de l&rsquo;entreprise\u00a0peut \u00eatre engag\u00e9e dans trois secteurs : d&rsquo;abord, en mati\u00e8re civile ; ensuite, sur le plan p\u00e9nal ; et enfin, au niveau social. Dans cet article,&hellip; <a class=\"more-link\" href=\"https:\/\/www.legalvision.fr\/guides-juridiques\/gerer-une-entreprise\/responsabilite-de-l-entreprise\/\">Poursuivre la lecture <span class=\"screen-reader-text\">Tout savoir sur la responsabilit\u00e9 de son entreprise !<\/span><\/a><\/p>\n","protected":false},"author":30,"featured_media":29797,"comment_status":"open","ping_status":"open","sticky":false,"template":"","format":"standard","meta":{"content-type":"","inline_featured_image":false,"footnotes":""},"categories":[2502],"tags":[],"class_list":["post-29772","post","type-post","status-publish","format-standard","has-post-thumbnail","hentry","category-gerer-une-entreprise","entry"],"yoast_head":"<!-- This site is optimized with the Yoast SEO plugin v27.1.1 - https:\/\/yoast.com\/product\/yoast-seo-wordpress\/ -->\n<title>Responsabilit\u00e9 de l&#039;entreprise : tout comprendre avec LegalVision !<\/title>\n<meta name=\"description\" content=\"La responsabilit\u00e9 de l&#039;entreprise peut \u00eatre engag\u00e9e dans plusieurs cas. LegalVision vous d\u00e9crit tous les cas pouvant engager sa responsabilit\u00e9 !.\" \/>\n<meta name=\"robots\" content=\"index, follow, max-snippet:-1, max-image-preview:large, max-video-preview:-1\" \/>\n<link rel=\"canonical\" href=\"https:\/\/www.legalvision.fr\/guides-juridiques\/gerer-une-entreprise\/responsabilite-de-l-entreprise\/\" \/>\n<meta property=\"og:locale\" content=\"fr_FR\" \/>\n<meta property=\"og:type\" content=\"article\" \/>\n<meta property=\"og:title\" content=\"Responsabilit\u00e9 de l&#039;entreprise : tout comprendre avec LegalVision !\" \/>\n<meta property=\"og:description\" content=\"La responsabilit\u00e9 de l&#039;entreprise peut \u00eatre engag\u00e9e dans plusieurs cas. LegalVision vous d\u00e9crit tous les cas pouvant engager sa responsabilit\u00e9 !.\" \/>\n<meta property=\"og:url\" content=\"https:\/\/www.legalvision.fr\/guides-juridiques\/gerer-une-entreprise\/responsabilite-de-l-entreprise\/\" \/>\n<meta property=\"og:site_name\" content=\"Guides juridiques\" \/>\n<meta property=\"article:published_time\" content=\"2019-11-12T06:30:39+00:00\" \/>\n<meta property=\"article:modified_time\" content=\"2023-10-23T15:55:46+00:00\" \/>\n<meta property=\"og:image\" content=\"https:\/\/www.legalvision.fr\/guides-juridiques\/wp-content\/uploads\/2019\/11\/responsabilit\u00e9-de-lentreprise.jpg\" \/>\n\t<meta property=\"og:image:width\" content=\"958\" \/>\n\t<meta property=\"og:image:height\" content=\"350\" \/>\n\t<meta property=\"og:image:type\" content=\"image\/jpeg\" \/>\n<meta name=\"author\" content=\"William Lebrun\" \/>\n<meta name=\"twitter:card\" content=\"summary_large_image\" \/>\n<meta name=\"twitter:label1\" content=\"\u00c9crit par\" \/>\n\t<meta name=\"twitter:data1\" content=\"William Lebrun\" \/>\n\t<meta name=\"twitter:label2\" content=\"Dur\u00e9e de lecture estim\u00e9e\" \/>\n\t<meta name=\"twitter:data2\" content=\"9 minutes\" \/>\n<script type=\"application\/ld+json\" class=\"yoast-schema-graph\">{\"@context\":\"https:\/\/schema.org\",\"@graph\":[{\"@type\":\"Article\",\"@id\":\"https:\/\/www.legalvision.fr\/guides-juridiques\/gerer-une-entreprise\/responsabilite-de-l-entreprise\/#article\",\"isPartOf\":{\"@id\":\"https:\/\/www.legalvision.fr\/guides-juridiques\/gerer-une-entreprise\/responsabilite-de-l-entreprise\/\"},\"author\":{\"name\":\"William Lebrun\",\"@id\":\"https:\/\/www.legalvision.fr\/guides-juridiques\/#\/schema\/person\/3d24d0c20575138ed212b2e4b6f7b4b0\"},\"headline\":\"Tout savoir sur la responsabilit\u00e9 de son entreprise !\",\"datePublished\":\"2019-11-12T06:30:39+00:00\",\"dateModified\":\"2023-10-23T15:55:46+00:00\",\"mainEntityOfPage\":{\"@id\":\"https:\/\/www.legalvision.fr\/guides-juridiques\/gerer-une-entreprise\/responsabilite-de-l-entreprise\/\"},\"wordCount\":1890,\"commentCount\":0,\"publisher\":{\"@id\":\"https:\/\/www.legalvision.fr\/guides-juridiques\/#organization\"},\"image\":{\"@id\":\"https:\/\/www.legalvision.fr\/guides-juridiques\/gerer-une-entreprise\/responsabilite-de-l-entreprise\/#primaryimage\"},\"thumbnailUrl\":\"https:\/\/www.legalvision.fr\/guides-juridiques\/wp-content\/uploads\/2019\/11\/responsabilit\u00e9-de-lentreprise.jpg\",\"articleSection\":[\"G\u00e9rer une entreprise\"],\"inLanguage\":\"fr-FR\",\"potentialAction\":[{\"@type\":\"CommentAction\",\"name\":\"Comment\",\"target\":[\"https:\/\/www.legalvision.fr\/guides-juridiques\/gerer-une-entreprise\/responsabilite-de-l-entreprise\/#respond\"]}]},{\"@type\":\"WebPage\",\"@id\":\"https:\/\/www.legalvision.fr\/guides-juridiques\/gerer-une-entreprise\/responsabilite-de-l-entreprise\/\",\"url\":\"https:\/\/www.legalvision.fr\/guides-juridiques\/gerer-une-entreprise\/responsabilite-de-l-entreprise\/\",\"name\":\"Responsabilit\u00e9 de l'entreprise : tout comprendre avec LegalVision !\",\"isPartOf\":{\"@id\":\"https:\/\/www.legalvision.fr\/guides-juridiques\/#website\"},\"primaryImageOfPage\":{\"@id\":\"https:\/\/www.legalvision.fr\/guides-juridiques\/gerer-une-entreprise\/responsabilite-de-l-entreprise\/#primaryimage\"},\"image\":{\"@id\":\"https:\/\/www.legalvision.fr\/guides-juridiques\/gerer-une-entreprise\/responsabilite-de-l-entreprise\/#primaryimage\"},\"thumbnailUrl\":\"https:\/\/www.legalvision.fr\/guides-juridiques\/wp-content\/uploads\/2019\/11\/responsabilit\u00e9-de-lentreprise.jpg\",\"datePublished\":\"2019-11-12T06:30:39+00:00\",\"dateModified\":\"2023-10-23T15:55:46+00:00\",\"description\":\"La responsabilit\u00e9 de l'entreprise peut \u00eatre engag\u00e9e dans plusieurs cas. LegalVision vous d\u00e9crit tous les cas pouvant engager sa responsabilit\u00e9 !.\",\"breadcrumb\":{\"@id\":\"https:\/\/www.legalvision.fr\/guides-juridiques\/gerer-une-entreprise\/responsabilite-de-l-entreprise\/#breadcrumb\"},\"inLanguage\":\"fr-FR\",\"potentialAction\":[{\"@type\":\"ReadAction\",\"target\":[\"https:\/\/www.legalvision.fr\/guides-juridiques\/gerer-une-entreprise\/responsabilite-de-l-entreprise\/\"]}]},{\"@type\":\"ImageObject\",\"inLanguage\":\"fr-FR\",\"@id\":\"https:\/\/www.legalvision.fr\/guides-juridiques\/gerer-une-entreprise\/responsabilite-de-l-entreprise\/#primaryimage\",\"url\":\"https:\/\/www.legalvision.fr\/guides-juridiques\/wp-content\/uploads\/2019\/11\/responsabilit\u00e9-de-lentreprise.jpg\",\"contentUrl\":\"https:\/\/www.legalvision.fr\/guides-juridiques\/wp-content\/uploads\/2019\/11\/responsabilit\u00e9-de-lentreprise.jpg\",\"width\":958,\"height\":350,\"caption\":\"responsabilit\u00e9 de l'entreprise\"},{\"@type\":\"BreadcrumbList\",\"@id\":\"https:\/\/www.legalvision.fr\/guides-juridiques\/gerer-une-entreprise\/responsabilite-de-l-entreprise\/#breadcrumb\",\"itemListElement\":[{\"@type\":\"ListItem\",\"position\":1,\"name\":\"Accueil\",\"item\":\"https:\/\/www.legalvision.fr\/guides-juridiques\/\"},{\"@type\":\"ListItem\",\"position\":2,\"name\":\"G\u00e9rer une entreprise\",\"item\":\"https:\/\/www.legalvision.fr\/guides-juridiques\/gerer-une-entreprise\/\"},{\"@type\":\"ListItem\",\"position\":3,\"name\":\"Tout savoir sur la responsabilit\u00e9 de son entreprise !\"}]},{\"@type\":\"WebSite\",\"@id\":\"https:\/\/www.legalvision.fr\/guides-juridiques\/#website\",\"url\":\"https:\/\/www.legalvision.fr\/guides-juridiques\/\",\"name\":\"Guides juridiques\",\"description\":\"L&#039;information juridique \u00e0 destination des entreprises et TPE\",\"publisher\":{\"@id\":\"https:\/\/www.legalvision.fr\/guides-juridiques\/#organization\"},\"potentialAction\":[{\"@type\":\"SearchAction\",\"target\":{\"@type\":\"EntryPoint\",\"urlTemplate\":\"https:\/\/www.legalvision.fr\/guides-juridiques\/?s={search_term_string}\"},\"query-input\":{\"@type\":\"PropertyValueSpecification\",\"valueRequired\":true,\"valueName\":\"search_term_string\"}}],\"inLanguage\":\"fr-FR\"},{\"@type\":\"Organization\",\"@id\":\"https:\/\/www.legalvision.fr\/guides-juridiques\/#organization\",\"name\":\"Guides juridiques\",\"url\":\"https:\/\/www.legalvision.fr\/guides-juridiques\/\",\"logo\":{\"@type\":\"ImageObject\",\"inLanguage\":\"fr-FR\",\"@id\":\"https:\/\/www.legalvision.fr\/guides-juridiques\/#\/schema\/logo\/image\/\",\"url\":\"https:\/\/www.legalvision.fr\/guides-juridiques\/wp-content\/uploads\/2022\/10\/LV-Logotype.png\",\"contentUrl\":\"https:\/\/www.legalvision.fr\/guides-juridiques\/wp-content\/uploads\/2022\/10\/LV-Logotype.png\",\"width\":647,\"height\":125,\"caption\":\"Guides juridiques\"},\"image\":{\"@id\":\"https:\/\/www.legalvision.fr\/guides-juridiques\/#\/schema\/logo\/image\/\"}},{\"@type\":\"Person\",\"@id\":\"https:\/\/www.legalvision.fr\/guides-juridiques\/#\/schema\/person\/3d24d0c20575138ed212b2e4b6f7b4b0\",\"name\":\"William Lebrun\",\"image\":{\"@type\":\"ImageObject\",\"inLanguage\":\"fr-FR\",\"@id\":\"https:\/\/www.legalvision.fr\/guides-juridiques\/#\/schema\/person\/image\/\",\"url\":\"https:\/\/www.legalvision.fr\/guides-juridiques\/wp-content\/uploads\/2023\/07\/cropped-homme1-96x96.png\",\"contentUrl\":\"https:\/\/www.legalvision.fr\/guides-juridiques\/wp-content\/uploads\/2023\/07\/cropped-homme1-96x96.png\",\"caption\":\"William Lebrun\"},\"description\":\"B\u00e9n\u00e9ficiant de la formation d'un double dipl\u00f4me en droit des affaires et en \u00e9cole de commerce, j'ai un fort attrait pour le droit des soci\u00e9t\u00e9s. Je r\u00e9dige des articles pour vous aider sur vos probl\u00e9matiques.\",\"url\":\"https:\/\/www.legalvision.fr\/guides-juridiques\/author\/aina-rakoto\/\"}]}<\/script>\n<!-- \/ Yoast SEO plugin. -->","yoast_head_json":{"title":"Responsabilit\u00e9 de l'entreprise : tout comprendre avec LegalVision !","description":"La responsabilit\u00e9 de l'entreprise peut \u00eatre engag\u00e9e dans plusieurs cas. LegalVision vous d\u00e9crit tous les cas pouvant engager sa responsabilit\u00e9 !.","robots":{"index":"index","follow":"follow","max-snippet":"max-snippet:-1","max-image-preview":"max-image-preview:large","max-video-preview":"max-video-preview:-1"},"canonical":"https:\/\/www.legalvision.fr\/guides-juridiques\/gerer-une-entreprise\/responsabilite-de-l-entreprise\/","og_locale":"fr_FR","og_type":"article","og_title":"Responsabilit\u00e9 de l'entreprise : tout comprendre avec LegalVision !","og_description":"La responsabilit\u00e9 de l'entreprise peut \u00eatre engag\u00e9e dans plusieurs cas. LegalVision vous d\u00e9crit tous les cas pouvant engager sa responsabilit\u00e9 !.","og_url":"https:\/\/www.legalvision.fr\/guides-juridiques\/gerer-une-entreprise\/responsabilite-de-l-entreprise\/","og_site_name":"Guides juridiques","article_published_time":"2019-11-12T06:30:39+00:00","article_modified_time":"2023-10-23T15:55:46+00:00","og_image":[{"width":958,"height":350,"url":"https:\/\/www.legalvision.fr\/guides-juridiques\/wp-content\/uploads\/2019\/11\/responsabilit\u00e9-de-lentreprise.jpg","type":"image\/jpeg"}],"author":"William Lebrun","twitter_card":"summary_large_image","twitter_misc":{"\u00c9crit par":"William Lebrun","Dur\u00e9e de lecture estim\u00e9e":"9 minutes"},"schema":{"@context":"https:\/\/schema.org","@graph":[{"@type":"Article","@id":"https:\/\/www.legalvision.fr\/guides-juridiques\/gerer-une-entreprise\/responsabilite-de-l-entreprise\/#article","isPartOf":{"@id":"https:\/\/www.legalvision.fr\/guides-juridiques\/gerer-une-entreprise\/responsabilite-de-l-entreprise\/"},"author":{"name":"William Lebrun","@id":"https:\/\/www.legalvision.fr\/guides-juridiques\/#\/schema\/person\/3d24d0c20575138ed212b2e4b6f7b4b0"},"headline":"Tout savoir sur la responsabilit\u00e9 de son entreprise !","datePublished":"2019-11-12T06:30:39+00:00","dateModified":"2023-10-23T15:55:46+00:00","mainEntityOfPage":{"@id":"https:\/\/www.legalvision.fr\/guides-juridiques\/gerer-une-entreprise\/responsabilite-de-l-entreprise\/"},"wordCount":1890,"commentCount":0,"publisher":{"@id":"https:\/\/www.legalvision.fr\/guides-juridiques\/#organization"},"image":{"@id":"https:\/\/www.legalvision.fr\/guides-juridiques\/gerer-une-entreprise\/responsabilite-de-l-entreprise\/#primaryimage"},"thumbnailUrl":"https:\/\/www.legalvision.fr\/guides-juridiques\/wp-content\/uploads\/2019\/11\/responsabilit\u00e9-de-lentreprise.jpg","articleSection":["G\u00e9rer une entreprise"],"inLanguage":"fr-FR","potentialAction":[{"@type":"CommentAction","name":"Comment","target":["https:\/\/www.legalvision.fr\/guides-juridiques\/gerer-une-entreprise\/responsabilite-de-l-entreprise\/#respond"]}]},{"@type":"WebPage","@id":"https:\/\/www.legalvision.fr\/guides-juridiques\/gerer-une-entreprise\/responsabilite-de-l-entreprise\/","url":"https:\/\/www.legalvision.fr\/guides-juridiques\/gerer-une-entreprise\/responsabilite-de-l-entreprise\/","name":"Responsabilit\u00e9 de l'entreprise : tout comprendre avec LegalVision !","isPartOf":{"@id":"https:\/\/www.legalvision.fr\/guides-juridiques\/#website"},"primaryImageOfPage":{"@id":"https:\/\/www.legalvision.fr\/guides-juridiques\/gerer-une-entreprise\/responsabilite-de-l-entreprise\/#primaryimage"},"image":{"@id":"https:\/\/www.legalvision.fr\/guides-juridiques\/gerer-une-entreprise\/responsabilite-de-l-entreprise\/#primaryimage"},"thumbnailUrl":"https:\/\/www.legalvision.fr\/guides-juridiques\/wp-content\/uploads\/2019\/11\/responsabilit\u00e9-de-lentreprise.jpg","datePublished":"2019-11-12T06:30:39+00:00","dateModified":"2023-10-23T15:55:46+00:00","description":"La responsabilit\u00e9 de l'entreprise peut \u00eatre engag\u00e9e dans plusieurs cas. LegalVision vous d\u00e9crit tous les cas pouvant engager sa responsabilit\u00e9 !.","breadcrumb":{"@id":"https:\/\/www.legalvision.fr\/guides-juridiques\/gerer-une-entreprise\/responsabilite-de-l-entreprise\/#breadcrumb"},"inLanguage":"fr-FR","potentialAction":[{"@type":"ReadAction","target":["https:\/\/www.legalvision.fr\/guides-juridiques\/gerer-une-entreprise\/responsabilite-de-l-entreprise\/"]}]},{"@type":"ImageObject","inLanguage":"fr-FR","@id":"https:\/\/www.legalvision.fr\/guides-juridiques\/gerer-une-entreprise\/responsabilite-de-l-entreprise\/#primaryimage","url":"https:\/\/www.legalvision.fr\/guides-juridiques\/wp-content\/uploads\/2019\/11\/responsabilit\u00e9-de-lentreprise.jpg","contentUrl":"https:\/\/www.legalvision.fr\/guides-juridiques\/wp-content\/uploads\/2019\/11\/responsabilit\u00e9-de-lentreprise.jpg","width":958,"height":350,"caption":"responsabilit\u00e9 de l'entreprise"},{"@type":"BreadcrumbList","@id":"https:\/\/www.legalvision.fr\/guides-juridiques\/gerer-une-entreprise\/responsabilite-de-l-entreprise\/#breadcrumb","itemListElement":[{"@type":"ListItem","position":1,"name":"Accueil","item":"https:\/\/www.legalvision.fr\/guides-juridiques\/"},{"@type":"ListItem","position":2,"name":"G\u00e9rer une entreprise","item":"https:\/\/www.legalvision.fr\/guides-juridiques\/gerer-une-entreprise\/"},{"@type":"ListItem","position":3,"name":"Tout savoir sur la responsabilit\u00e9 de son entreprise !"}]},{"@type":"WebSite","@id":"https:\/\/www.legalvision.fr\/guides-juridiques\/#website","url":"https:\/\/www.legalvision.fr\/guides-juridiques\/","name":"Guides juridiques","description":"L&#039;information juridique \u00e0 destination des entreprises et TPE","publisher":{"@id":"https:\/\/www.legalvision.fr\/guides-juridiques\/#organization"},"potentialAction":[{"@type":"SearchAction","target":{"@type":"EntryPoint","urlTemplate":"https:\/\/www.legalvision.fr\/guides-juridiques\/?s={search_term_string}"},"query-input":{"@type":"PropertyValueSpecification","valueRequired":true,"valueName":"search_term_string"}}],"inLanguage":"fr-FR"},{"@type":"Organization","@id":"https:\/\/www.legalvision.fr\/guides-juridiques\/#organization","name":"Guides juridiques","url":"https:\/\/www.legalvision.fr\/guides-juridiques\/","logo":{"@type":"ImageObject","inLanguage":"fr-FR","@id":"https:\/\/www.legalvision.fr\/guides-juridiques\/#\/schema\/logo\/image\/","url":"https:\/\/www.legalvision.fr\/guides-juridiques\/wp-content\/uploads\/2022\/10\/LV-Logotype.png","contentUrl":"https:\/\/www.legalvision.fr\/guides-juridiques\/wp-content\/uploads\/2022\/10\/LV-Logotype.png","width":647,"height":125,"caption":"Guides juridiques"},"image":{"@id":"https:\/\/www.legalvision.fr\/guides-juridiques\/#\/schema\/logo\/image\/"}},{"@type":"Person","@id":"https:\/\/www.legalvision.fr\/guides-juridiques\/#\/schema\/person\/3d24d0c20575138ed212b2e4b6f7b4b0","name":"William Lebrun","image":{"@type":"ImageObject","inLanguage":"fr-FR","@id":"https:\/\/www.legalvision.fr\/guides-juridiques\/#\/schema\/person\/image\/","url":"https:\/\/www.legalvision.fr\/guides-juridiques\/wp-content\/uploads\/2023\/07\/cropped-homme1-96x96.png","contentUrl":"https:\/\/www.legalvision.fr\/guides-juridiques\/wp-content\/uploads\/2023\/07\/cropped-homme1-96x96.png","caption":"William Lebrun"},"description":"B\u00e9n\u00e9ficiant de la formation d'un double dipl\u00f4me en droit des affaires et en \u00e9cole de commerce, j'ai un fort attrait pour le droit des soci\u00e9t\u00e9s. Je r\u00e9dige des articles pour vous aider sur vos probl\u00e9matiques.","url":"https:\/\/www.legalvision.fr\/guides-juridiques\/author\/aina-rakoto\/"}]}},"_links":{"self":[{"href":"https:\/\/www.legalvision.fr\/guides-juridiques\/wp-json\/wp\/v2\/posts\/29772","targetHints":{"allow":["GET"]}}],"collection":[{"href":"https:\/\/www.legalvision.fr\/guides-juridiques\/wp-json\/wp\/v2\/posts"}],"about":[{"href":"https:\/\/www.legalvision.fr\/guides-juridiques\/wp-json\/wp\/v2\/types\/post"}],"author":[{"embeddable":true,"href":"https:\/\/www.legalvision.fr\/guides-juridiques\/wp-json\/wp\/v2\/users\/30"}],"replies":[{"embeddable":true,"href":"https:\/\/www.legalvision.fr\/guides-juridiques\/wp-json\/wp\/v2\/comments?post=29772"}],"version-history":[{"count":13,"href":"https:\/\/www.legalvision.fr\/guides-juridiques\/wp-json\/wp\/v2\/posts\/29772\/revisions"}],"predecessor-version":[{"id":40628,"href":"https:\/\/www.legalvision.fr\/guides-juridiques\/wp-json\/wp\/v2\/posts\/29772\/revisions\/40628"}],"wp:featuredmedia":[{"embeddable":true,"href":"https:\/\/www.legalvision.fr\/guides-juridiques\/wp-json\/wp\/v2\/media\/29797"}],"wp:attachment":[{"href":"https:\/\/www.legalvision.fr\/guides-juridiques\/wp-json\/wp\/v2\/media?parent=29772"}],"wp:term":[{"taxonomy":"category","embeddable":true,"href":"https:\/\/www.legalvision.fr\/guides-juridiques\/wp-json\/wp\/v2\/categories?post=29772"},{"taxonomy":"post_tag","embeddable":true,"href":"https:\/\/www.legalvision.fr\/guides-juridiques\/wp-json\/wp\/v2\/tags?post=29772"}],"curies":[{"name":"wp","href":"https:\/\/api.w.org\/{rel}","templated":true}]}}