{"id":29295,"date":"2019-11-01T07:30:15","date_gmt":"2019-11-01T06:30:15","guid":{"rendered":"https:\/\/blog.legalvision.fr\/?p=29295"},"modified":"2022-03-27T21:20:46","modified_gmt":"2022-03-27T19:20:46","slug":"demenagement-de-siege-social","status":"publish","type":"post","link":"https:\/\/www.legalvision.fr\/guides-juridiques\/gerer-une-entreprise\/demenagement-de-siege-social\/","title":{"rendered":"D\u00e9m\u00e9nagement de si\u00e8ge social : tout apprendre"},"content":{"rendered":"<p><html><body><\/p>\n<p style=\"text-align: left;\"><strong>Dans cet article, LegalVision vous expliquera comment fonctionne le \u00ab d\u00e9m\u00e9nagement de si\u00e8ge social \u00bb.<\/strong><\/p>\n<p style=\"text-align: left;\">Le \u00ab d\u00e9m\u00e9nagement de si\u00e8ge social \u00bb dans le langage courant signifie, en droit, le <strong>transfert de si\u00e8ge social<\/strong> et c&rsquo;est la raison pour laquelle ces deux expressions seront utilis\u00e9es de mani\u00e8re synonyme ici<\/p>\n<p style=\"text-align: left;\">.<\/p>\n<p style=\"text-align: left;\">Le si\u00e8ge social permet d&rsquo;<strong>identifier la soci\u00e9t\u00e9<\/strong> et de <strong>la localiser<\/strong>. Le si\u00e8ge social est, en effet, d&rsquo;une telle importance qu&rsquo;il doit figurer dans les statuts de mani\u00e8re obligatoire. Examinons les autres r\u00e8gles qui le d\u00e9finissent, lui et son transfert.<\/p>\n<h4 style=\"text-align: left;\">Sommaire<\/h4>\n<p style=\"text-align: left;\"><a href=\"#1\"><strong>I\/ La\u00a0prise de d\u00e9cision de \u00ab d\u00e9m\u00e9nagement de si\u00e8ge social \u00bb<\/strong><\/a><br \/>\n<a href=\"#2\"><strong> II\/ La proc\u00e9dure de \u00ab d\u00e9m\u00e9nagement de si\u00e8ge social \u00bb<\/strong><\/a><br \/>\n<a href=\"#3\"><strong> III\/ Le cas d&rsquo;un \u00ab d\u00e9m\u00e9nagement de si\u00e8ge social \u00bb \u00e0 l&rsquo;\u00e9tranger<\/strong><\/a><br \/>\n<strong><a href=\"#4\">IV\/ Les changements li\u00e9s au num\u00e9ro de SIREN et de Kbis<\/a><br \/>\n<\/strong><a href=\"#5\"><strong>V\/ La notion de domiciliation<\/strong><\/a><\/p>\n<h2 id=\"1\" style=\"text-align: left;\">I\/ La prise de d\u00e9cision du \u00ab d\u00e9m\u00e9nagement de si\u00e8ge social \u00bb<\/h2>\n<p style=\"text-align: left;\">Le choix du si\u00e8ge social est une d\u00e9cision rev\u00eatant une grande importante. Outre le fait qu&rsquo;il s&rsquo;agisse d&rsquo;une <strong>obligation l\u00e9gale<\/strong>, ce choix permet de b\u00e9n\u00e9ficier de certains avantages. C\u2019est notamment le cas de <a href=\"https:\/\/blog.legalvision.fr\/2019\/09\/17\/zfu-zone-franche-urbaine-tout-ce-qu-il-faut-savoir\/\">l\u2019implantation d\u2019une entreprise dans une Zone Franche Urbaine<\/a> g\u00e9n\u00e9ralement appel\u00e9e ZFU.<\/p>\n<p style=\"text-align: left;\">Le si\u00e8ge social doit <strong>\u00eatre r\u00e9el<\/strong>. En effet, dans l&rsquo;hypoth\u00e8se d&rsquo;un si\u00e8ge social inscrit dans les statuts qui ne correspondrait pas \u00e0 la r\u00e9alit\u00e9 de l&rsquo;entreprise, le si\u00e8ge social sera dit <strong>fictif<\/strong>.<\/p>\n<p style=\"text-align: left;\">Pour que le si\u00e8ge social soit r\u00e9el, il doit correspondre au lieu de la direction effective de la soci\u00e9t\u00e9. Dans le cas contraire, il y aura <strong>dissonance entre le si\u00e8ge social statutaire et effectif<\/strong>.\u00a0Si vous voulez tout savoir sur les entreprises de d\u00e9m\u00e9nagement, suivez <a href=\"https:\/\/blog.legalvision.fr\/2018\/09\/23\/societe-de-demenagement-comparatif\/\">ce lien<\/a>\u00a0ou <a href=\"https:\/\/blog.legalvision.fr\/2019\/04\/03\/demenagement-d-entreprise-tous-les-conseils-des-experts\/\">celui-ci<\/a>.<\/p>\n<p style=\"text-align: left;\">Le cas \u00e9ch\u00e9ant, des cons\u00e9quences importantes sont \u00e0 pr\u00e9voir. En cas de litige impliquant une remise en question du caract\u00e8re r\u00e9el du si\u00e8ge social, la partie qui invoque cette dissonance est celle sur laquelle repose la charge de la preuve. Cette preuve se rapporte<strong> par tous moyens.<\/strong><\/p>\n<h5 style=\"text-align: left;\">Bon \u00e0 savoir :<\/h5>\n<p style=\"text-align: left;\">Un \u00ab d\u00e9m\u00e9nagement de si\u00e8ge social \u00bb peut entra\u00eener un changement de nationalit\u00e9. Dans cette hypoth\u00e8se,\u00a0cette d\u00e9cision\u00a0doit g\u00e9n\u00e9ralement emporter une d\u00e9cision \u00e0 l&rsquo;unanimit\u00e9 des associ\u00e9s.<\/p>\n<h3 style=\"text-align: left;\">A) Dans les SARL<\/h3>\n<p>La d\u00e9cision d\u00e9coule d&rsquo;une <strong>concertation entre associ\u00e9s<\/strong>, par l&rsquo;interm\u00e9diaire, par exemple, d&rsquo;une assembl\u00e9e des associ\u00e9s. Une telle d\u00e9cision peut \u00e9galement \u00eatre prise par le g\u00e9rant de la soci\u00e9t\u00e9, qui sera, seulement ensuite, approuv\u00e9e par les associ\u00e9s.<\/p>\n<p>En toute hypoth\u00e8se, <strong>les statuts sont la loi des parties en la mati\u00e8re<\/strong>.<\/p>\n<h3 style=\"text-align: left;\">B) Dans les SAS<\/h3>\n<p>Au sein des SAS, ce sont les statuts qui d\u00e9terminent quel organe sera comp\u00e9tent pour prendre la d\u00e9cision concernant un transfert de si\u00e8ge social. La <strong>d\u00e9cision en assembl\u00e9e<\/strong> n&rsquo;est donc pas, dans ce contexte, <strong>imp\u00e9rative<\/strong>. L\u00e0 encore, les statuts sont le s\u00e9same de l&rsquo;organisation des SAS.<\/p>\n<h3 style=\"text-align: left;\">C) Dans les soci\u00e9t\u00e9s civiles<\/h3>\n<p>Les soci\u00e9t\u00e9s civiles r\u00e9pondent \u00e0 une r\u00e8gle limpide : les associ\u00e9s doivent prendre la d\u00e9cision de transfert de leur si\u00e8ge social en <strong>Assembl\u00e9e G\u00e9n\u00e9rale Extraordinaire (AGE)<\/strong>.<\/p>\n<h2 id=\"2\" style=\"text-align: left;\">II\/ La proc\u00e9dure de \u00ab d\u00e9m\u00e9nagement de si\u00e8ge social \u00bb<\/h2>\n<h3>A) Le proc\u00e8s-verbal et la modification des statuts<\/h3>\n<p style=\"text-align: left;\">Afin de modifier de lieu de si\u00e8ge social, une soci\u00e9t\u00e9 doit respecter <strong>un certain nombre de formalit\u00e9s<\/strong>. Deux questions reviennent ainsi fr\u00e9quemment dans la bouche des entrepreneurs :<strong>\u00a0quelles sont les d\u00e9marches pour un\u00a0d\u00e9m\u00e9nagement ? Qui pr\u00e9venir en cas de\u00a0d\u00e9m\u00e9nagement ?\u00a0<\/strong><\/p>\n<p style=\"text-align: left;\">Tout d&rsquo;abord, et apr\u00e8s avoir pris la d\u00e9cision de transfert de si\u00e8ge social, un <strong>proc\u00e8s-verbal<\/strong> doit \u00eatre dress\u00e9 afin que\u00a0la d\u00e9cision puisse \u00eatre constat\u00e9e.<\/p>\n<p style=\"text-align: left;\">Ensuite, une <strong>modification des statuts doit \u00eatre effectu\u00e9e<\/strong>. Le si\u00e8ge social est une <strong>composante obligatoire des statuts.<\/strong>\u00a0C&rsquo;est pourquoi ces derniers doivent \u00eatre <strong>mis \u00e0 jour obligatoirement<\/strong>.<\/p>\n<h3 style=\"text-align: left;\">B) L&rsquo;avis de modification au journal d&rsquo;annonces l\u00e9gales<\/h3>\n<h4 style=\"text-align: left;\">1. L&rsquo;hypoth\u00e8se d&rsquo;un transfert de si\u00e8ge au sein du m\u00eame d\u00e9partement<\/h4>\n<p style=\"text-align: left;\">En cas de transfert de si\u00e8ge social au sein du <strong>m\u00eame d\u00e9partement<\/strong>, la publication d&rsquo;<strong>un seul un avis de transfert de si\u00e8ge social doit \u00eatre effectu\u00e9e<\/strong>. Pour cela,\u00a0il convient de se rapprocher d&rsquo;un journal d&rsquo;annonces l\u00e9gales du d\u00e9partement dans lequel il se situe.<\/p>\n<h4 style=\"text-align: left;\">2. L&rsquo;hypoth\u00e8se d&rsquo;un transfert de si\u00e8ge au sein d&rsquo;un autre d\u00e9partement<\/h4>\n<p style=\"text-align: left;\">Dans cette hypoth\u00e8se d&rsquo;un transfert de si\u00e8ge social au sein d&rsquo;un <strong>d\u00e9partement diff\u00e9rent<\/strong> de celui dans lequel l&rsquo;ancien si\u00e8ge social se trouvait, <strong>2 annonces l\u00e9gales doivent \u00eatre publi\u00e9es<\/strong>. Ces 2 publications devront \u00eatre ins\u00e9r\u00e9es dans un journal d&rsquo;annonces l\u00e9gales, de la m\u00eame mani\u00e8re que dans la premi\u00e8re hypoth\u00e8se.<\/p>\n<p style=\"text-align: left;\">Une publication doit \u00eatre faite dans chaque d\u00e9partement en question, autrement dit, dans celui de l&rsquo;ancien lieu du si\u00e8ge social et dans celui du nouveau lieu du si\u00e8ge social.<\/p>\n<h3 style=\"text-align: left;\">C) L&rsquo;information au greffe<\/h3>\n<p>Le transfert de si\u00e8ge social doit \u00eatre d\u00e9clar\u00e9 au greffe. Pour cela, le dossier doit contenir <strong>un certain nombre de documents<\/strong>.<\/p>\n<p>Ces documents sont notamment les suivants :<\/p>\n<ul>\n<li>le proc\u00e8s-verbal de la d\u00e9cision de transfert du si\u00e8ge social ;<\/li>\n<li>les statuts modifi\u00e9s ;<\/li>\n<li>le formulaire M2 (d\u00e9claration de modification) ;<\/li>\n<li>une ou les attestation(s) de parution dans un journal d&rsquo;annonces l\u00e9gales de l&rsquo;avis de publicit\u00e9 ;<\/li>\n<li>une preuve d&rsquo;occupation du nouveau local dans lequel la soci\u00e9t\u00e9 a install\u00e9 son si\u00e8ge social : un justificatif de domicile, une taxe fonci\u00e8re, un bail, contrat de domiciliation,\u00a0<em>etc.<\/em> ;<\/li>\n<li>l&rsquo;attestation de domiciliation indiquant que le propri\u00e9taire\/locataire transfert le si\u00e8ge social de sa soci\u00e9t\u00e9 \u00e0 cette adresse ; ou, une attestation de mise \u00e0 disposition de local de la part du propri\u00e9taire du lieu du nouveau si\u00e8ge social ;<\/li>\n<li>le pouvoir du repr\u00e9sentant l\u00e9gal de la soci\u00e9t\u00e9.<\/li>\n<\/ul>\n<h2 id=\"3\">III\/ Le cas d&rsquo;un \u00ab d\u00e9m\u00e9nagement de si\u00e8ge social \u00bb \u00e0 l&rsquo;\u00e9tranger<\/h2>\n<p>Transf\u00e9rer une soci\u00e9t\u00e9 \u00e0 l&rsquo;\u00e9tranger ne rel\u00e8ve pas de la m\u00eame m\u00e9thode qu&rsquo;un transfert de si\u00e8ge social au sein d&rsquo;un m\u00eame pays. En effet, en ce qui concerne la France, cette op\u00e9ration revient \u00e0 <strong>dissoudre puis liquider la soci\u00e9t\u00e9<\/strong>. Ces op\u00e9rations ont fait l&rsquo;objet de nombreux articles sur le Blog, dont voici quelques liens :<\/p>\n<ul>\n<li>\u00e0 propos des d\u00e9marches de la dissolution et liquidation d&rsquo;une SAS,\u00a0cliquez sur\u00a0<a href=\"https:\/\/blog.legalvision.fr\/2019\/07\/10\/dissolution-et-liquidation-amiable-d-une-sas-formalites-et-demarches\/\">ce lien<\/a> ;<\/li>\n<li>\u00e0 propos des obligations concernant les annonces l\u00e9gales, suivez <a href=\"https:\/\/blog.legalvision.fr\/2019\/07\/05\/annonce-legale-de-dissolution-et-liquidation-modele-gratuit\/\">ce lien<\/a> ;<\/li>\n<li>concernant la fiscalit\u00e9 du bilan de cl\u00f4ture, vous pouvez suivre <a href=\"https:\/\/blog.legalvision.fr\/2019\/04\/02\/bilan-de-cloture-tous-les-conseils-des-experts\/\">ce lien<\/a>.<\/li>\n<\/ul>\n<p>Suivre scrupuleusement les \u00e9tapes n\u00e9cessaires \u00e0 la dissolution-liquidation est\u00a0par cons\u00e9quent vivement conseill\u00e9, tant un projet de transfert de si\u00e8ge social \u00e0 l&rsquo;\u00e9tranger peut s&rsquo;av\u00e9rer \u00eatre <strong>une op\u00e9ration complexe<\/strong>. S&rsquo;ensuivront les d\u00e9marches n\u00e9cessaires \u00e0 la cr\u00e9ation d&rsquo;une soci\u00e9t\u00e9 dans le nouveau pays d&rsquo;accueil choisi par les associ\u00e9s.<\/p>\n<p>Au sein de l&rsquo;Union europ\u00e9enne, il existe des r\u00e8gles permettant de <strong>rendre plus simple une op\u00e9ration de transfert de si\u00e8ge social<\/strong>. Il en va ainsi, par exemple, d&rsquo;un transfert d&rsquo;une soci\u00e9t\u00e9 europ\u00e9enne de forme anonyme. En effet, cette forme de soci\u00e9t\u00e9 est applicable dans tout le territoire de l&rsquo;Union europ\u00e9enne. La <strong>d\u00e9cision<\/strong> du projet doit \u00eatre <strong>prise par les associ\u00e9s lors d&rsquo;une Assembl\u00e9e G\u00e9n\u00e9rale Extraordinaire<\/strong>, \u00e0 l&rsquo;image des d\u00e9cisions concernant les transferts de si\u00e8ge social en France. Ensuite, cette d\u00e9cision devra faire l&rsquo;objet d&rsquo;<strong>une communication au greffe du Tribunal de commerce comp\u00e9tent<\/strong>, c&rsquo;est-\u00e0-dire celui du ressort de l&rsquo;immatriculation de la soci\u00e9t\u00e9. Cette d\u00e9cision fera l&rsquo;objet des publicit\u00e9s l\u00e9gales exig\u00e9es puis un notaire d\u00e9livrera un certificat. Ce dernier permet de prouver que toutes les d\u00e9marches n\u00e9cessaires ont \u00e9t\u00e9 effectu\u00e9es.<\/p>\n<h2 id=\"4\">IV\/ Les changements li\u00e9s au num\u00e9ro de SIREN et de Kbis<\/h2>\n<p>Les <strong>SIREN et SIRET<\/strong> ne doivent <strong>pas \u00eatre confondus<\/strong>. En effet, le premier est attribu\u00e9 \u00e0 toute soci\u00e9t\u00e9 lors de sa cr\u00e9ation. Il ne conna\u00eet pas de variation tout au long de la vie de la soci\u00e9t\u00e9. Ainsi, <strong>m\u00eame en cas de changement de si\u00e8ge social, ce num\u00e9ro ne variera pas<\/strong>.<\/p>\n<p>En revanche, le deuxi\u00e8me, le <strong>num\u00e9ro SIRET<\/strong>, qui est <strong>l\u2019agr\u00e9gation du num\u00e9ro SIREN et du NIC<\/strong>, pour Num\u00e9ro Interne de Classement, \u00e9voluera au gr\u00e9 des changements g\u00e9ographiques de la soci\u00e9t\u00e9. C&rsquo;est effectivement ce num\u00e9ro qui permet l&rsquo;identification du lieu ou des lieux dans le(s)quel(s) une soci\u00e9t\u00e9 poss\u00e8de des \u00e9tablissements. Il y aura donc changement de\u00a0SIRET en cas de\u00a0d\u00e9m\u00e9nagement.<\/p>\n<p>Le <strong>Kbis<\/strong>, quant \u00e0 lui, permet de centraliser les informations importantes concernant la soci\u00e9t\u00e9. Le Kbis, \u00e9galement appel\u00e9 extrait K, est ainsi <strong>l&rsquo;attestation de l&rsquo;existence juridique de la soci\u00e9t\u00e9<\/strong> et, par cons\u00e9quent, une preuve de son immatriculation au Registre du Commerce et des Soci\u00e9t\u00e9s. Sa <strong>validit\u00e9 est de 3 mois<\/strong>.<\/p>\n<p>Logiquement, cet extrait K contenant les informations importantes \u00e0 propos de la soci\u00e9t\u00e9, un transfert de si\u00e8ge social exige une mise \u00e0 jour de son contenu. En effet, le Kbis contient l&rsquo;adresse de domiciliation de la soci\u00e9t\u00e9, et il est imp\u00e9ratif qu&rsquo;il soit \u00e0 jour.<\/p>\n<h2 id=\"5\">V\/ La notion de domiciliation<\/h2>\n<p>La notion de domiciliation est importante en droit des soci\u00e9t\u00e9s. En effet, celle-ci consiste en <strong>l&rsquo;attribution d&rsquo;une adresse postale qui ne correspond pas n\u00e9cessairement au lieu r\u00e9el de l&rsquo;exercice de l&rsquo;activit\u00e9 de la soci\u00e9t\u00e9<\/strong>. Cela permet notamment de choisir une adresse plus adapt\u00e9e \u00e0 la client\u00e8le de la soci\u00e9t\u00e9, dans un objectif de gain en prestige par exemple.<\/p>\n<p>Il existe ainsi un march\u00e9 d&rsquo;entreprises de domiciliation. Ces derni\u00e8res sont <strong>sp\u00e9cialis\u00e9es dans la fourniture d&rsquo;adresse mais \u00e9galement dans celle de services li\u00e9s \u00e0 cet h\u00e9bergement<\/strong>. Par exemple, la location de bureau \u00e0 la journ\u00e9e est une pratique commerciale courante.<\/p>\n<p>Les lieux possibles de domiciliation sont, en effet, divers et nombreux.<\/p>\n<p>Il peut \u00eatre envisag\u00e9 de domicilier son entreprise comme suit :<\/p>\n<ul>\n<li>dans un domicile professionnel. Seul le domicile du dirigeant de soci\u00e9t\u00e9 peut recevoir une telle domiciliation ;<\/li>\n<li>par l&rsquo;interm\u00e9diaire d&rsquo;une soci\u00e9t\u00e9 de domiciliation ;<\/li>\n<li>dans les locaux d&rsquo;une entreprise tierce ;<\/li>\n<li>la p\u00e9pini\u00e8re d&rsquo;entreprise est \u00e9galement un choix possible afin de centraliser et fusionner les \u00e9quipements, permettant des \u00e9conomies substantielles ;<\/li>\n<li>enfin, si l&rsquo;entreprise est propri\u00e9taire de son local elle pourra, en g\u00e9n\u00e9ral, y domicilier son activit\u00e9.<\/li>\n<\/ul>\n<p>Le choix de la domiciliation doit \u00eatre <strong>fait en consid\u00e9ration de l&rsquo;image<\/strong> que souhaite renvoyer l&rsquo;entreprise mais \u00e9galement <strong>en fonction des besoins de cette derni\u00e8re<\/strong>.<\/p>\n<p>\u00a0<\/p>\n<details>\n<summary><strong>Sources\u00a0<\/strong><\/summary>\n<p>Articles :<\/p>\n<ul>\n<li>\n<a href=\"https:\/\/www.legifrance.gouv.fr\/affichCode.do;?idSectionTA=LEGISCTA000006161464&amp;cidTexte=LEGITEXT000005634379\">R. 210-9 du Code de commerce et suivants<\/a> relatif \u00e0 la modification des statuts dans les soci\u00e9t\u00e9s commerciales<\/li>\n<li>\n<a href=\"https:\/\/www.legifrance.gouv.fr\/affichCodeArticle.do?idArticle=LEGIARTI000020196856&amp;cidTexte=LEGITEXT000005634379&amp;dateTexte=20090201\">L. 123-11 du Code de commerce<\/a> relatif \u00e0 la n\u00e9cessit\u00e9 de justificatif de jouisse du ou des locaux une soci\u00e9t\u00e9 installe le si\u00e8ge social.<\/li>\n<\/ul>\n<\/details>\n<p>\u00a0<\/p>\n<p><\/body><\/html><!--tag_auto_button_lead_legalvision--><a href=\"https:\/\/www.legalvision.fr\/tous-les-services\/?utm_source=blog&#038;utm_campaign=demenagement-de-siege-social\" class=\"tag_auto_button_lead_legalvision\"><button style=\"background-color:#32c3bf;width:100%;\">Transf\u00e9rez votre si\u00e8ge social avec LegalVision !<\/button><\/a><!--tag_auto_button_lead_legalvision--><\/p>\n","protected":false},"excerpt":{"rendered":"<p>Dans cet article, LegalVision vous expliquera comment fonctionne le \u00ab d\u00e9m\u00e9nagement de si\u00e8ge social \u00bb. Le \u00ab d\u00e9m\u00e9nagement de si\u00e8ge social \u00bb dans le langage courant signifie, en droit, le transfert de si\u00e8ge social et c&rsquo;est la raison pour laquelle ces deux expressions seront utilis\u00e9es de mani\u00e8re synonyme ici . Le si\u00e8ge social permet d&rsquo;identifier&hellip; <a class=\"more-link\" href=\"https:\/\/www.legalvision.fr\/guides-juridiques\/gerer-une-entreprise\/demenagement-de-siege-social\/\">Poursuivre la lecture <span class=\"screen-reader-text\">D\u00e9m\u00e9nagement de si\u00e8ge social : tout apprendre<\/span><\/a><\/p>\n","protected":false},"author":27,"featured_media":29397,"comment_status":"open","ping_status":"open","sticky":false,"template":"","format":"standard","meta":{"content-type":"","inline_featured_image":false,"footnotes":""},"categories":[2502],"tags":[],"class_list":["post-29295","post","type-post","status-publish","format-standard","has-post-thumbnail","hentry","category-gerer-une-entreprise","entry"],"yoast_head":"<!-- This site is optimized with the Yoast SEO plugin v27.1.1 - https:\/\/yoast.com\/product\/yoast-seo-wordpress\/ -->\n<title>D\u00e9m\u00e9nagement de si\u00e8ge social : tout apprendre avec LegalVision<\/title>\n<meta name=\"description\" content=\"Le d\u00e9m\u00e9nagement de si\u00e8ge social n\u00e9cessite la r\u00e9alisation d&#039;un certain nombre de formalit\u00e9s : assembl\u00e9e g\u00e9n\u00e9rale, publication d&#039;un avis, d\u00e9p\u00f4t au greffe...\" \/>\n<meta name=\"robots\" content=\"index, follow, max-snippet:-1, max-image-preview:large, max-video-preview:-1\" \/>\n<link rel=\"canonical\" href=\"https:\/\/www.legalvision.fr\/guides-juridiques\/gerer-une-entreprise\/demenagement-de-siege-social\/\" \/>\n<meta property=\"og:locale\" content=\"fr_FR\" \/>\n<meta property=\"og:type\" content=\"article\" \/>\n<meta property=\"og:title\" content=\"D\u00e9m\u00e9nagement de si\u00e8ge social : tout apprendre avec LegalVision\" \/>\n<meta property=\"og:description\" content=\"Le d\u00e9m\u00e9nagement de si\u00e8ge social n\u00e9cessite la r\u00e9alisation d&#039;un certain nombre de formalit\u00e9s : assembl\u00e9e g\u00e9n\u00e9rale, publication d&#039;un avis, d\u00e9p\u00f4t au greffe...\" \/>\n<meta property=\"og:url\" content=\"https:\/\/www.legalvision.fr\/guides-juridiques\/gerer-une-entreprise\/demenagement-de-siege-social\/\" \/>\n<meta property=\"og:site_name\" content=\"Guides juridiques\" \/>\n<meta property=\"article:author\" content=\"https:\/\/fr-fr.facebook.com\/legalvision.fr\/\" \/>\n<meta property=\"article:published_time\" content=\"2019-11-01T06:30:15+00:00\" \/>\n<meta property=\"article:modified_time\" content=\"2022-03-27T19:20:46+00:00\" \/>\n<meta property=\"og:image\" content=\"https:\/\/www.legalvision.fr\/guides-juridiques\/wp-content\/uploads\/2019\/10\/demenagement-de-siege-social.jpg\" \/>\n\t<meta property=\"og:image:width\" content=\"958\" \/>\n\t<meta property=\"og:image:height\" content=\"350\" \/>\n\t<meta property=\"og:image:type\" content=\"image\/jpeg\" \/>\n<meta name=\"author\" content=\"L\u00e9on Nari\" \/>\n<meta name=\"twitter:card\" content=\"summary_large_image\" \/>\n<meta name=\"twitter:creator\" content=\"@https:\/\/twitter.com\/legalvision_fr?lang=fr\" \/>\n<meta name=\"twitter:label1\" content=\"\u00c9crit par\" \/>\n\t<meta name=\"twitter:data1\" content=\"L\u00e9on Nari\" \/>\n\t<meta name=\"twitter:label2\" content=\"Dur\u00e9e de lecture estim\u00e9e\" \/>\n\t<meta name=\"twitter:data2\" content=\"9 minutes\" \/>\n<script type=\"application\/ld+json\" class=\"yoast-schema-graph\">{\"@context\":\"https:\/\/schema.org\",\"@graph\":[{\"@type\":\"Article\",\"@id\":\"https:\/\/www.legalvision.fr\/guides-juridiques\/gerer-une-entreprise\/demenagement-de-siege-social\/#article\",\"isPartOf\":{\"@id\":\"https:\/\/www.legalvision.fr\/guides-juridiques\/gerer-une-entreprise\/demenagement-de-siege-social\/\"},\"author\":{\"name\":\"L\u00e9on Nari\",\"@id\":\"https:\/\/www.legalvision.fr\/guides-juridiques\/#\/schema\/person\/52f8566bb297588b7e01ab67c5fdbaf8\"},\"headline\":\"D\u00e9m\u00e9nagement de si\u00e8ge social : tout apprendre\",\"datePublished\":\"2019-11-01T06:30:15+00:00\",\"dateModified\":\"2022-03-27T19:20:46+00:00\",\"mainEntityOfPage\":{\"@id\":\"https:\/\/www.legalvision.fr\/guides-juridiques\/gerer-une-entreprise\/demenagement-de-siege-social\/\"},\"wordCount\":1983,\"commentCount\":0,\"publisher\":{\"@id\":\"https:\/\/www.legalvision.fr\/guides-juridiques\/#organization\"},\"image\":{\"@id\":\"https:\/\/www.legalvision.fr\/guides-juridiques\/gerer-une-entreprise\/demenagement-de-siege-social\/#primaryimage\"},\"thumbnailUrl\":\"https:\/\/www.legalvision.fr\/guides-juridiques\/wp-content\/uploads\/2019\/10\/demenagement-de-siege-social.jpg\",\"articleSection\":[\"G\u00e9rer une entreprise\"],\"inLanguage\":\"fr-FR\",\"potentialAction\":[{\"@type\":\"CommentAction\",\"name\":\"Comment\",\"target\":[\"https:\/\/www.legalvision.fr\/guides-juridiques\/gerer-une-entreprise\/demenagement-de-siege-social\/#respond\"]}]},{\"@type\":\"WebPage\",\"@id\":\"https:\/\/www.legalvision.fr\/guides-juridiques\/gerer-une-entreprise\/demenagement-de-siege-social\/\",\"url\":\"https:\/\/www.legalvision.fr\/guides-juridiques\/gerer-une-entreprise\/demenagement-de-siege-social\/\",\"name\":\"D\u00e9m\u00e9nagement de si\u00e8ge social : tout apprendre avec LegalVision\",\"isPartOf\":{\"@id\":\"https:\/\/www.legalvision.fr\/guides-juridiques\/#website\"},\"primaryImageOfPage\":{\"@id\":\"https:\/\/www.legalvision.fr\/guides-juridiques\/gerer-une-entreprise\/demenagement-de-siege-social\/#primaryimage\"},\"image\":{\"@id\":\"https:\/\/www.legalvision.fr\/guides-juridiques\/gerer-une-entreprise\/demenagement-de-siege-social\/#primaryimage\"},\"thumbnailUrl\":\"https:\/\/www.legalvision.fr\/guides-juridiques\/wp-content\/uploads\/2019\/10\/demenagement-de-siege-social.jpg\",\"datePublished\":\"2019-11-01T06:30:15+00:00\",\"dateModified\":\"2022-03-27T19:20:46+00:00\",\"description\":\"Le d\u00e9m\u00e9nagement de si\u00e8ge social n\u00e9cessite la r\u00e9alisation d'un certain nombre de formalit\u00e9s : assembl\u00e9e g\u00e9n\u00e9rale, publication d'un avis, d\u00e9p\u00f4t au greffe...\",\"breadcrumb\":{\"@id\":\"https:\/\/www.legalvision.fr\/guides-juridiques\/gerer-une-entreprise\/demenagement-de-siege-social\/#breadcrumb\"},\"inLanguage\":\"fr-FR\",\"potentialAction\":[{\"@type\":\"ReadAction\",\"target\":[\"https:\/\/www.legalvision.fr\/guides-juridiques\/gerer-une-entreprise\/demenagement-de-siege-social\/\"]}]},{\"@type\":\"ImageObject\",\"inLanguage\":\"fr-FR\",\"@id\":\"https:\/\/www.legalvision.fr\/guides-juridiques\/gerer-une-entreprise\/demenagement-de-siege-social\/#primaryimage\",\"url\":\"https:\/\/www.legalvision.fr\/guides-juridiques\/wp-content\/uploads\/2019\/10\/demenagement-de-siege-social.jpg\",\"contentUrl\":\"https:\/\/www.legalvision.fr\/guides-juridiques\/wp-content\/uploads\/2019\/10\/demenagement-de-siege-social.jpg\",\"width\":958,\"height\":350,\"caption\":\"d\u00e9m\u00e9nagement de si\u00e8ge social\"},{\"@type\":\"BreadcrumbList\",\"@id\":\"https:\/\/www.legalvision.fr\/guides-juridiques\/gerer-une-entreprise\/demenagement-de-siege-social\/#breadcrumb\",\"itemListElement\":[{\"@type\":\"ListItem\",\"position\":1,\"name\":\"Accueil\",\"item\":\"https:\/\/www.legalvision.fr\/guides-juridiques\/\"},{\"@type\":\"ListItem\",\"position\":2,\"name\":\"G\u00e9rer une entreprise\",\"item\":\"https:\/\/www.legalvision.fr\/guides-juridiques\/gerer-une-entreprise\/\"},{\"@type\":\"ListItem\",\"position\":3,\"name\":\"D\u00e9m\u00e9nagement de si\u00e8ge social : tout apprendre\"}]},{\"@type\":\"WebSite\",\"@id\":\"https:\/\/www.legalvision.fr\/guides-juridiques\/#website\",\"url\":\"https:\/\/www.legalvision.fr\/guides-juridiques\/\",\"name\":\"Guides juridiques\",\"description\":\"L&#039;information juridique \u00e0 destination des entreprises et TPE\",\"publisher\":{\"@id\":\"https:\/\/www.legalvision.fr\/guides-juridiques\/#organization\"},\"potentialAction\":[{\"@type\":\"SearchAction\",\"target\":{\"@type\":\"EntryPoint\",\"urlTemplate\":\"https:\/\/www.legalvision.fr\/guides-juridiques\/?s={search_term_string}\"},\"query-input\":{\"@type\":\"PropertyValueSpecification\",\"valueRequired\":true,\"valueName\":\"search_term_string\"}}],\"inLanguage\":\"fr-FR\"},{\"@type\":\"Organization\",\"@id\":\"https:\/\/www.legalvision.fr\/guides-juridiques\/#organization\",\"name\":\"Guides juridiques\",\"url\":\"https:\/\/www.legalvision.fr\/guides-juridiques\/\",\"logo\":{\"@type\":\"ImageObject\",\"inLanguage\":\"fr-FR\",\"@id\":\"https:\/\/www.legalvision.fr\/guides-juridiques\/#\/schema\/logo\/image\/\",\"url\":\"https:\/\/www.legalvision.fr\/guides-juridiques\/wp-content\/uploads\/2022\/10\/LV-Logotype.png\",\"contentUrl\":\"https:\/\/www.legalvision.fr\/guides-juridiques\/wp-content\/uploads\/2022\/10\/LV-Logotype.png\",\"width\":647,\"height\":125,\"caption\":\"Guides juridiques\"},\"image\":{\"@id\":\"https:\/\/www.legalvision.fr\/guides-juridiques\/#\/schema\/logo\/image\/\"}},{\"@type\":\"Person\",\"@id\":\"https:\/\/www.legalvision.fr\/guides-juridiques\/#\/schema\/person\/52f8566bb297588b7e01ab67c5fdbaf8\",\"name\":\"L\u00e9on Nari\",\"image\":{\"@type\":\"ImageObject\",\"inLanguage\":\"fr-FR\",\"@id\":\"https:\/\/www.legalvision.fr\/guides-juridiques\/#\/schema\/person\/image\/\",\"url\":\"https:\/\/www.legalvision.fr\/guides-juridiques\/wp-content\/uploads\/2023\/07\/homme9-96x96.png\",\"contentUrl\":\"https:\/\/www.legalvision.fr\/guides-juridiques\/wp-content\/uploads\/2023\/07\/homme9-96x96.png\",\"caption\":\"L\u00e9on Nari\"},\"description\":\"Je suis sp\u00e9cialis\u00e9 en droit et finance. Apr\u00e8s mes \u00e9tudes, j'ai d\u00e9cid\u00e9 de mettre mon savoir \u00e0 disposition des professionnels.\",\"sameAs\":[\"https:\/\/www.legalvision.fr\/\",\"https:\/\/fr-fr.facebook.com\/legalvision.fr\/\",\"https:\/\/fr.linkedin.com\/company\/legalvision-fr\",\"https:\/\/x.com\/https:\/\/twitter.com\/legalvision_fr?lang=fr\"],\"url\":\"https:\/\/www.legalvision.fr\/guides-juridiques\/author\/legalvision\/\"}]}<\/script>\n<!-- \/ Yoast SEO plugin. -->","yoast_head_json":{"title":"D\u00e9m\u00e9nagement de si\u00e8ge social : tout apprendre avec LegalVision","description":"Le d\u00e9m\u00e9nagement de si\u00e8ge social n\u00e9cessite la r\u00e9alisation d'un certain nombre de formalit\u00e9s : assembl\u00e9e g\u00e9n\u00e9rale, publication d'un avis, d\u00e9p\u00f4t au greffe...","robots":{"index":"index","follow":"follow","max-snippet":"max-snippet:-1","max-image-preview":"max-image-preview:large","max-video-preview":"max-video-preview:-1"},"canonical":"https:\/\/www.legalvision.fr\/guides-juridiques\/gerer-une-entreprise\/demenagement-de-siege-social\/","og_locale":"fr_FR","og_type":"article","og_title":"D\u00e9m\u00e9nagement de si\u00e8ge social : tout apprendre avec LegalVision","og_description":"Le d\u00e9m\u00e9nagement de si\u00e8ge social n\u00e9cessite la r\u00e9alisation d'un certain nombre de formalit\u00e9s : assembl\u00e9e g\u00e9n\u00e9rale, publication d'un avis, d\u00e9p\u00f4t au greffe...","og_url":"https:\/\/www.legalvision.fr\/guides-juridiques\/gerer-une-entreprise\/demenagement-de-siege-social\/","og_site_name":"Guides juridiques","article_author":"https:\/\/fr-fr.facebook.com\/legalvision.fr\/","article_published_time":"2019-11-01T06:30:15+00:00","article_modified_time":"2022-03-27T19:20:46+00:00","og_image":[{"width":958,"height":350,"url":"https:\/\/www.legalvision.fr\/guides-juridiques\/wp-content\/uploads\/2019\/10\/demenagement-de-siege-social.jpg","type":"image\/jpeg"}],"author":"L\u00e9on Nari","twitter_card":"summary_large_image","twitter_creator":"@https:\/\/twitter.com\/legalvision_fr?lang=fr","twitter_misc":{"\u00c9crit par":"L\u00e9on Nari","Dur\u00e9e de lecture estim\u00e9e":"9 minutes"},"schema":{"@context":"https:\/\/schema.org","@graph":[{"@type":"Article","@id":"https:\/\/www.legalvision.fr\/guides-juridiques\/gerer-une-entreprise\/demenagement-de-siege-social\/#article","isPartOf":{"@id":"https:\/\/www.legalvision.fr\/guides-juridiques\/gerer-une-entreprise\/demenagement-de-siege-social\/"},"author":{"name":"L\u00e9on Nari","@id":"https:\/\/www.legalvision.fr\/guides-juridiques\/#\/schema\/person\/52f8566bb297588b7e01ab67c5fdbaf8"},"headline":"D\u00e9m\u00e9nagement de si\u00e8ge social : tout apprendre","datePublished":"2019-11-01T06:30:15+00:00","dateModified":"2022-03-27T19:20:46+00:00","mainEntityOfPage":{"@id":"https:\/\/www.legalvision.fr\/guides-juridiques\/gerer-une-entreprise\/demenagement-de-siege-social\/"},"wordCount":1983,"commentCount":0,"publisher":{"@id":"https:\/\/www.legalvision.fr\/guides-juridiques\/#organization"},"image":{"@id":"https:\/\/www.legalvision.fr\/guides-juridiques\/gerer-une-entreprise\/demenagement-de-siege-social\/#primaryimage"},"thumbnailUrl":"https:\/\/www.legalvision.fr\/guides-juridiques\/wp-content\/uploads\/2019\/10\/demenagement-de-siege-social.jpg","articleSection":["G\u00e9rer une entreprise"],"inLanguage":"fr-FR","potentialAction":[{"@type":"CommentAction","name":"Comment","target":["https:\/\/www.legalvision.fr\/guides-juridiques\/gerer-une-entreprise\/demenagement-de-siege-social\/#respond"]}]},{"@type":"WebPage","@id":"https:\/\/www.legalvision.fr\/guides-juridiques\/gerer-une-entreprise\/demenagement-de-siege-social\/","url":"https:\/\/www.legalvision.fr\/guides-juridiques\/gerer-une-entreprise\/demenagement-de-siege-social\/","name":"D\u00e9m\u00e9nagement de si\u00e8ge social : tout apprendre avec LegalVision","isPartOf":{"@id":"https:\/\/www.legalvision.fr\/guides-juridiques\/#website"},"primaryImageOfPage":{"@id":"https:\/\/www.legalvision.fr\/guides-juridiques\/gerer-une-entreprise\/demenagement-de-siege-social\/#primaryimage"},"image":{"@id":"https:\/\/www.legalvision.fr\/guides-juridiques\/gerer-une-entreprise\/demenagement-de-siege-social\/#primaryimage"},"thumbnailUrl":"https:\/\/www.legalvision.fr\/guides-juridiques\/wp-content\/uploads\/2019\/10\/demenagement-de-siege-social.jpg","datePublished":"2019-11-01T06:30:15+00:00","dateModified":"2022-03-27T19:20:46+00:00","description":"Le d\u00e9m\u00e9nagement de si\u00e8ge social n\u00e9cessite la r\u00e9alisation d'un certain nombre de formalit\u00e9s : assembl\u00e9e g\u00e9n\u00e9rale, publication d'un avis, d\u00e9p\u00f4t au greffe...","breadcrumb":{"@id":"https:\/\/www.legalvision.fr\/guides-juridiques\/gerer-une-entreprise\/demenagement-de-siege-social\/#breadcrumb"},"inLanguage":"fr-FR","potentialAction":[{"@type":"ReadAction","target":["https:\/\/www.legalvision.fr\/guides-juridiques\/gerer-une-entreprise\/demenagement-de-siege-social\/"]}]},{"@type":"ImageObject","inLanguage":"fr-FR","@id":"https:\/\/www.legalvision.fr\/guides-juridiques\/gerer-une-entreprise\/demenagement-de-siege-social\/#primaryimage","url":"https:\/\/www.legalvision.fr\/guides-juridiques\/wp-content\/uploads\/2019\/10\/demenagement-de-siege-social.jpg","contentUrl":"https:\/\/www.legalvision.fr\/guides-juridiques\/wp-content\/uploads\/2019\/10\/demenagement-de-siege-social.jpg","width":958,"height":350,"caption":"d\u00e9m\u00e9nagement de si\u00e8ge social"},{"@type":"BreadcrumbList","@id":"https:\/\/www.legalvision.fr\/guides-juridiques\/gerer-une-entreprise\/demenagement-de-siege-social\/#breadcrumb","itemListElement":[{"@type":"ListItem","position":1,"name":"Accueil","item":"https:\/\/www.legalvision.fr\/guides-juridiques\/"},{"@type":"ListItem","position":2,"name":"G\u00e9rer une entreprise","item":"https:\/\/www.legalvision.fr\/guides-juridiques\/gerer-une-entreprise\/"},{"@type":"ListItem","position":3,"name":"D\u00e9m\u00e9nagement de si\u00e8ge social : tout apprendre"}]},{"@type":"WebSite","@id":"https:\/\/www.legalvision.fr\/guides-juridiques\/#website","url":"https:\/\/www.legalvision.fr\/guides-juridiques\/","name":"Guides juridiques","description":"L&#039;information juridique \u00e0 destination des entreprises et TPE","publisher":{"@id":"https:\/\/www.legalvision.fr\/guides-juridiques\/#organization"},"potentialAction":[{"@type":"SearchAction","target":{"@type":"EntryPoint","urlTemplate":"https:\/\/www.legalvision.fr\/guides-juridiques\/?s={search_term_string}"},"query-input":{"@type":"PropertyValueSpecification","valueRequired":true,"valueName":"search_term_string"}}],"inLanguage":"fr-FR"},{"@type":"Organization","@id":"https:\/\/www.legalvision.fr\/guides-juridiques\/#organization","name":"Guides juridiques","url":"https:\/\/www.legalvision.fr\/guides-juridiques\/","logo":{"@type":"ImageObject","inLanguage":"fr-FR","@id":"https:\/\/www.legalvision.fr\/guides-juridiques\/#\/schema\/logo\/image\/","url":"https:\/\/www.legalvision.fr\/guides-juridiques\/wp-content\/uploads\/2022\/10\/LV-Logotype.png","contentUrl":"https:\/\/www.legalvision.fr\/guides-juridiques\/wp-content\/uploads\/2022\/10\/LV-Logotype.png","width":647,"height":125,"caption":"Guides juridiques"},"image":{"@id":"https:\/\/www.legalvision.fr\/guides-juridiques\/#\/schema\/logo\/image\/"}},{"@type":"Person","@id":"https:\/\/www.legalvision.fr\/guides-juridiques\/#\/schema\/person\/52f8566bb297588b7e01ab67c5fdbaf8","name":"L\u00e9on Nari","image":{"@type":"ImageObject","inLanguage":"fr-FR","@id":"https:\/\/www.legalvision.fr\/guides-juridiques\/#\/schema\/person\/image\/","url":"https:\/\/www.legalvision.fr\/guides-juridiques\/wp-content\/uploads\/2023\/07\/homme9-96x96.png","contentUrl":"https:\/\/www.legalvision.fr\/guides-juridiques\/wp-content\/uploads\/2023\/07\/homme9-96x96.png","caption":"L\u00e9on Nari"},"description":"Je suis sp\u00e9cialis\u00e9 en droit et finance. Apr\u00e8s mes \u00e9tudes, j'ai d\u00e9cid\u00e9 de mettre mon savoir \u00e0 disposition des professionnels.","sameAs":["https:\/\/www.legalvision.fr\/","https:\/\/fr-fr.facebook.com\/legalvision.fr\/","https:\/\/fr.linkedin.com\/company\/legalvision-fr","https:\/\/x.com\/https:\/\/twitter.com\/legalvision_fr?lang=fr"],"url":"https:\/\/www.legalvision.fr\/guides-juridiques\/author\/legalvision\/"}]}},"_links":{"self":[{"href":"https:\/\/www.legalvision.fr\/guides-juridiques\/wp-json\/wp\/v2\/posts\/29295","targetHints":{"allow":["GET"]}}],"collection":[{"href":"https:\/\/www.legalvision.fr\/guides-juridiques\/wp-json\/wp\/v2\/posts"}],"about":[{"href":"https:\/\/www.legalvision.fr\/guides-juridiques\/wp-json\/wp\/v2\/types\/post"}],"author":[{"embeddable":true,"href":"https:\/\/www.legalvision.fr\/guides-juridiques\/wp-json\/wp\/v2\/users\/27"}],"replies":[{"embeddable":true,"href":"https:\/\/www.legalvision.fr\/guides-juridiques\/wp-json\/wp\/v2\/comments?post=29295"}],"version-history":[{"count":0,"href":"https:\/\/www.legalvision.fr\/guides-juridiques\/wp-json\/wp\/v2\/posts\/29295\/revisions"}],"wp:featuredmedia":[{"embeddable":true,"href":"https:\/\/www.legalvision.fr\/guides-juridiques\/wp-json\/wp\/v2\/media\/29397"}],"wp:attachment":[{"href":"https:\/\/www.legalvision.fr\/guides-juridiques\/wp-json\/wp\/v2\/media?parent=29295"}],"wp:term":[{"taxonomy":"category","embeddable":true,"href":"https:\/\/www.legalvision.fr\/guides-juridiques\/wp-json\/wp\/v2\/categories?post=29295"},{"taxonomy":"post_tag","embeddable":true,"href":"https:\/\/www.legalvision.fr\/guides-juridiques\/wp-json\/wp\/v2\/tags?post=29295"}],"curies":[{"name":"wp","href":"https:\/\/api.w.org\/{rel}","templated":true}]}}