{"id":29251,"date":"2019-11-04T07:30:14","date_gmt":"2019-11-04T06:30:14","guid":{"rendered":"https:\/\/blog.legalvision.fr\/?p=29251"},"modified":"2023-10-18T16:22:06","modified_gmt":"2023-10-18T14:22:06","slug":"dettes-d-une-sarl-qui-doit-payer","status":"publish","type":"post","link":"https:\/\/www.legalvision.fr\/guides-juridiques\/sarl\/dettes-d-une-sarl-qui-doit-payer\/","title":{"rendered":"Dettes d&rsquo;une SARL, qui doit payer ?"},"content":{"rendered":"\t\t<div data-elementor-type=\"wp-post\" data-elementor-id=\"29251\" class=\"elementor elementor-29251\" data-elementor-post-type=\"post\">\n\t\t\t\t<div data-particle_enable=\"false\" data-particle-mobile-disabled=\"false\" class=\"elementor-element elementor-element-148fdfd e-flex e-con-boxed e-con e-parent\" data-id=\"148fdfd\" data-element_type=\"container\" data-e-type=\"container\">\n\t\t\t\t\t<div class=\"e-con-inner\">\n\t\t\t\t<div class=\"elementor-element elementor-element-f85e369 elementor-widget elementor-widget-text-editor\" data-id=\"f85e369\" data-element_type=\"widget\" data-e-type=\"widget\" data-widget_type=\"text-editor.default\">\n\t\t\t\t<div class=\"elementor-widget-container\">\n\t\t\t\t\t\t\t\t\t<p style=\"line-height: var(--wp--typography--line-height,var(--global--line-height-body)); font-family: var(--e-global-typography-primary-font-family);\"><span style=\"font-weight: bold;\">Dettes d&rsquo;une SARL, qui doit payer : face aux dettes d&rsquo;une\u00a0<a href=\"https:\/\/www.legalvision.fr\/creation-dentreprise\/creer-une-sarl\/\">SARL<\/a>, qui doit payer ?<\/span>\u00a0En principe, les associ\u00e9s d&rsquo;une SARL ne sont responsables que dans la limite de leurs apports. Toutefois, dans les faits, les choses diff\u00e8rent. En effet, il est possible, que les associ\u00e9s soient appel\u00e9s\u00a0\u00e0 combler le passif, ou bien tout simplement, \u00e0 \u00eatre li\u00e9 par un engagement de caution.<\/p><p style=\"line-height: var(--wp--typography--line-height,var(--global--line-height-body)); font-family: var(--e-global-typography-primary-font-family);\">Dettes d&rsquo;une SARL, qui doit payer ?\u00a0D\u00e9couvrez la r\u00e9ponse dans ce nouvel article de\u00a0<a href=\"https:\/\/www.legalvision.fr\/contactez-nous\/\">LegalVision<\/a>.<\/p><p style=\"line-height: var(--wp--typography--line-height,var(--global--line-height-body)); font-family: var(--e-global-typography-primary-font-family);\"><span style=\"font-weight: bold;\">Sommaire<\/span><\/p><p id=\"1\" style=\"line-height: var(--wp--typography--line-height,var(--global--line-height-body)); font-family: var(--e-global-typography-primary-font-family);\"><span style=\"font-weight: bold;\"><a href=\"https:\/\/www.legalvision.fr\/guides-juridiques\/?p=29251&amp;elementor-preview=29251&amp;ver=1697637241#1\">I\/ Le principe : la responsabilit\u00e9 limit\u00e9e<\/a><\/span><br \/><span style=\"font-weight: bold;\"><a href=\"https:\/\/www.legalvision.fr\/guides-juridiques\/?p=29251&amp;elementor-preview=29251&amp;ver=1697637241#2\">II\/ Le r\u00e8glement du passif par la g\u00e9rance<\/a><\/span><br \/><span style=\"font-weight: bold;\"><a href=\"https:\/\/www.legalvision.fr\/guides-juridiques\/?p=29251&amp;elementor-preview=29251&amp;ver=1697637241#3\">III\/ Les types de dettes d&rsquo;une SARL, qui doit payer ?<br \/><\/a><a href=\"https:\/\/www.legalvision.fr\/guides-juridiques\/?p=29251&amp;elementor-preview=29251&amp;ver=1697637241#4\">IV\/ Conclusion, les dettes d&rsquo;une SARL, qui doit payer ?<\/a><\/span><\/p>\t\t\t\t\t\t\t\t<\/div>\n\t\t\t\t<\/div>\n\t\t\t\t\t<\/div>\n\t\t\t\t<\/div>\n\t\t<div data-particle_enable=\"false\" data-particle-mobile-disabled=\"false\" class=\"elementor-element elementor-element-767355cd e-flex e-con-boxed e-con e-parent\" data-id=\"767355cd\" data-element_type=\"container\" data-e-type=\"container\">\n\t\t\t\t\t<div class=\"e-con-inner\">\n\t\t\t\t<div class=\"elementor-element elementor-element-788f8f08 elementor-widget elementor-widget-heading\" data-id=\"788f8f08\" data-element_type=\"widget\" data-e-type=\"widget\" data-widget_type=\"heading.default\">\n\t\t\t\t<div class=\"elementor-widget-container\">\n\t\t\t\t\t<h2 class=\"elementor-heading-title elementor-size-default\">Nos outils pour vous aider : <\/h2>\t\t\t\t<\/div>\n\t\t\t\t<\/div>\n\t\t\t\t\t<\/div>\n\t\t\t\t<\/div>\n\t\t<div data-particle_enable=\"false\" data-particle-mobile-disabled=\"false\" class=\"elementor-element elementor-element-4cdba461 e-flex e-con-boxed e-con e-parent\" data-id=\"4cdba461\" data-element_type=\"container\" data-e-type=\"container\">\n\t\t\t\t\t<div class=\"e-con-inner\">\n\t\t<div data-particle_enable=\"false\" data-particle-mobile-disabled=\"false\" class=\"elementor-element elementor-element-4d727b3 e-con-full e-flex e-con e-parent\" data-id=\"4d727b3\" data-element_type=\"container\" data-e-type=\"container\">\n\t\t\t\t<div class=\"elementor-element elementor-element-2b3f9305 elementor-widget elementor-widget-button\" data-id=\"2b3f9305\" data-element_type=\"widget\" data-e-type=\"widget\" data-widget_type=\"button.default\">\n\t\t\t\t<div class=\"elementor-widget-container\">\n\t\t\t\t\t\t\t\t\t<div class=\"elementor-button-wrapper\">\n\t\t\t\t\t<a class=\"elementor-button elementor-button-link elementor-size-sm\" href=\"https:\/\/leonard.fr\/juridique\/dissolution-liquidation\/dissolution-liquidation\/?utm_source=Blog&#038;utm_medium=CTA&#038;utm_campaign=dettes_sarl&#038;utm_id=fermeture_blog\" target=\"_blank\">\n\t\t\t\t\t\t<span class=\"elementor-button-content-wrapper\">\n\t\t\t\t\t\t\t\t\t<span class=\"elementor-button-text\">Fermez votre soci\u00e9t\u00e9 en ligne<\/span>\n\t\t\t\t\t<\/span>\n\t\t\t\t\t<\/a>\n\t\t\t\t<\/div>\n\t\t\t\t\t\t\t\t<\/div>\n\t\t\t\t<\/div>\n\t\t\t\t<\/div>\n\t\t<div data-particle_enable=\"false\" data-particle-mobile-disabled=\"false\" class=\"elementor-element elementor-element-5bbe91e6 e-con-full e-flex e-con e-parent\" data-id=\"5bbe91e6\" data-element_type=\"container\" data-e-type=\"container\">\n\t\t\t\t<div class=\"elementor-element elementor-element-bd138f0 elementor-widget elementor-widget-button\" data-id=\"bd138f0\" data-element_type=\"widget\" data-e-type=\"widget\" data-widget_type=\"button.default\">\n\t\t\t\t<div class=\"elementor-widget-container\">\n\t\t\t\t\t\t\t\t\t<div class=\"elementor-button-wrapper\">\n\t\t\t\t\t<a class=\"elementor-button elementor-button-link elementor-size-sm\" href=\"https:\/\/meetings.hubspot.com\/global\/leonard-rendez-vous-gratuit-avec-un-juriste?utm_source=Blog&#038;utm_medium=CTA&#038;utm_campaign=dettes_sarl&#038;utm_id=fermeture_blog\" target=\"_blank\">\n\t\t\t\t\t\t<span class=\"elementor-button-content-wrapper\">\n\t\t\t\t\t\t\t\t\t<span class=\"elementor-button-text\">Soyez rappel\u00e9 par un juriste gratuitement<\/span>\n\t\t\t\t\t<\/span>\n\t\t\t\t\t<\/a>\n\t\t\t\t<\/div>\n\t\t\t\t\t\t\t\t<\/div>\n\t\t\t\t<\/div>\n\t\t\t\t<\/div>\n\t\t<div data-particle_enable=\"false\" data-particle-mobile-disabled=\"false\" class=\"elementor-element elementor-element-60ec1149 e-con-full e-flex e-con e-parent\" data-id=\"60ec1149\" data-element_type=\"container\" data-e-type=\"container\">\n\t\t\t\t<div class=\"elementor-element elementor-element-5e4165 elementor-widget elementor-widget-button\" data-id=\"5e4165\" data-element_type=\"widget\" data-e-type=\"widget\" data-widget_type=\"button.default\">\n\t\t\t\t<div class=\"elementor-widget-container\">\n\t\t\t\t\t\t\t\t\t<div class=\"elementor-button-wrapper\">\n\t\t\t\t\t<a class=\"elementor-button elementor-button-link elementor-size-sm\" href=\"https:\/\/share.hsforms.com\/1MCz4iJkPSsaIbYWlbzl6vw1oyza?utm_source=Blog&#038;utm_medium=CTA&#038;utm_campaign=dettes_sarl&#038;utm_id=fermeture_blog\" target=\"_blank\">\n\t\t\t\t\t\t<span class=\"elementor-button-content-wrapper\">\n\t\t\t\t\t\t\t\t\t<span class=\"elementor-button-text\">Obtenez vos annonces l\u00e9gales<\/span>\n\t\t\t\t\t<\/span>\n\t\t\t\t\t<\/a>\n\t\t\t\t<\/div>\n\t\t\t\t\t\t\t\t<\/div>\n\t\t\t\t<\/div>\n\t\t\t\t<\/div>\n\t\t\t\t\t<\/div>\n\t\t\t\t<\/div>\n\t\t\t\t<section data-particle_enable=\"false\" data-particle-mobile-disabled=\"false\" class=\"elementor-section elementor-top-section elementor-element elementor-element-361d4d6b elementor-section-boxed elementor-section-height-default elementor-section-height-default\" data-id=\"361d4d6b\" data-element_type=\"section\" data-e-type=\"section\">\n\t\t\t\t\t\t<div class=\"elementor-container elementor-column-gap-default\">\n\t\t\t\t\t<div class=\"elementor-column elementor-col-100 elementor-top-column elementor-element elementor-element-5d0f66ef\" data-id=\"5d0f66ef\" data-element_type=\"column\" data-e-type=\"column\">\n\t\t\t<div class=\"elementor-widget-wrap elementor-element-populated\">\n\t\t\t\t\t\t<div class=\"elementor-element elementor-element-2de7e2f6 elementor-widget elementor-widget-text-editor\" data-id=\"2de7e2f6\" data-element_type=\"widget\" data-e-type=\"widget\" data-widget_type=\"text-editor.default\">\n\t\t\t\t<div class=\"elementor-widget-container\">\n\t\t\t\t\t\t\t\t\t<p><b style=\"color: var( --e-global-color-primary ); font-family: var( --e-global-typography-secondary-font-family ),Sans-serif; font-size: var( --e-global-typography-secondary-font-size ); font-style: var( --e-global-typography-secondary-font-style ); letter-spacing: var(--heading--letter-spacing-h2); text-transform: var( --e-global-typography-secondary-text-transform ); background-color: var( --e-global-color-f8847cf );\">\u00a0<\/b><\/p><p><b style=\"color: var( --e-global-color-primary ); font-family: var( --e-global-typography-secondary-font-family ),Sans-serif; font-size: var( --e-global-typography-secondary-font-size ); font-style: var( --e-global-typography-secondary-font-style ); letter-spacing: var(--heading--letter-spacing-h2); text-transform: var( --e-global-typography-secondary-text-transform ); background-color: var( --e-global-color-f8847cf );\">Les sp\u00e9cificit\u00e9s de la SARL\u00a0<\/b><\/p><h3><b>La SARL : d\u00e9finition juridique<\/b><\/h3><p><span style=\"font-weight: 400;\">La soci\u00e9t\u00e9 \u00e0 responsabilit\u00e9 limit\u00e9e (SARL) est une forme de soci\u00e9t\u00e9 tr\u00e8s pris\u00e9e par les entrepreneurs (environ 30 % des soci\u00e9t\u00e9s en France), et ce, pour diff\u00e9rentes raisons. Nous verrons que la SARL a des caract\u00e9ristiques qui lui sont propres.<\/span><\/p><p><span style=\"font-weight: 400;\">Cette soci\u00e9t\u00e9 doit au minimum \u00eatre constitu\u00e9e de deux associ\u00e9s et au maximum de 100 associ\u00e9s.<\/span><\/p><p><b>Bon \u00e0 savoir :<\/b><span style=\"font-weight: 400;\"> lorsqu\u2019une SARL n\u2019est compos\u00e9e que d\u2019un seul associ\u00e9, il s\u2019agit par cons\u00e9quent d\u2019une EURL (parfois appel\u00e9e SARLU).<\/span><\/p><p><span style=\"font-weight: 400;\">Il s\u2019agit d\u2019une soci\u00e9t\u00e9 commerciale dont le capital social de l\u2019entreprise peut \u00eatre compos\u00e9 d\u2019un seul euro symbolique. Or, par d\u00e9finition, la SARL est une soci\u00e9t\u00e9 qui <\/span><b>prot\u00e8ge le patrimoine personnel de ses associ\u00e9s<\/b><span style=\"font-weight: 400;\"> en vertu du principe de responsabilit\u00e9 limit\u00e9e \u00e0 hauteur de leurs apports respectifs.\u00a0<\/span><\/p><p><span style=\"font-weight: 400;\">Autrement dit, en cas de difficult\u00e9s financi\u00e8res de la SARL, les cr\u00e9anciers ne peuvent saisir que ce qui compose le capital social de l\u2019entreprise, ce qui prot\u00e8ge leur patrimoine personnel. Il existe toutefois des exceptions \u00e0 ce principe, notamment en cas de faute de gestion, tel que l\u2019abus de bien sociaux.\u00a0<\/span><\/p><p><span style=\"font-weight: 400;\">Le capital social d\u2019une entreprise est compos\u00e9 des diff\u00e9rents apports des associ\u00e9s. Il peuvent \u00eatre de trois sortes :<\/span><\/p><p><span style=\"font-weight: 400;\">&#8211;<\/span><span style=\"font-weight: 400;\"> \u00a0 \u00a0 \u00a0 <\/span><span style=\"font-weight: 400;\">Les apports en num\u00e9raire (somme d\u2019argent) ;<\/span><\/p><p><span style=\"font-weight: 400;\">&#8211;<\/span><span style=\"font-weight: 400;\"> \u00a0 \u00a0 \u00a0 <\/span><span style=\"font-weight: 400;\">Les apports en nature (des biens immeubles, des biens meubles, des biens immat\u00e9riels tels que des brevets et des marques, etc.) ;<\/span><\/p><p><span style=\"font-weight: 400;\">&#8211;<\/span><span style=\"font-weight: 400;\"> \u00a0 \u00a0 \u00a0 <\/span><span style=\"font-weight: 400;\">Les apports en industrie (les comp\u00e9tences d\u2019un associ\u00e9, son savoir-faire).<\/span><\/p><p><b>Attention : <\/b><span style=\"font-weight: 400;\">toutefois, seuls les apports en num\u00e9raire et en nature composant le capital social de la soci\u00e9t\u00e9.<\/span><\/p><p><b>\u00a0<\/b><\/p><p><b>Quelle est l\u2019utilit\u00e9 d\u2019un capital social important ?\u00a0<\/b><\/p><p><span style=\"font-weight: 400;\">Nous l\u2019avons vu, la responsabilit\u00e9 des associ\u00e9s est limit\u00e9e \u00e0 proportion des apports effectu\u00e9s par les associ\u00e9s.\u00a0<\/span><\/p><p><span style=\"font-weight: 400;\">S\u2019il peut \u00eatre tentant d\u2019effectuer de petits apports afin de se prot\u00e9ger en cas de difficult\u00e9s, il peut toutefois s\u2019av\u00e9rer contre-productif de sous-estimer le capital social de sa soci\u00e9t\u00e9.\u00a0<\/span><\/p><p><span style=\"font-weight: 400;\">En effet, le capital social permet de compenser les pertes en cas de probl\u00e8me financier, ce qui peut \u00e9viter une situation de cessation de paiement. Aussi, le fait d\u2019avoir un capital social important est \u00e9galement gage de confiance pour les investisseurs, les partenaires ou les clients, qui pourront se r\u00e9mun\u00e9rer en cas de probl\u00e8me.<\/span><\/p><p><span style=\"font-weight: 400;\">Le capital social permet enfin de r\u00e9partir les pouvoirs entre les associ\u00e9s de la soci\u00e9t\u00e9, d\u00e8s lors que les droits de vote sont r\u00e9partis en fonction des apports effectu\u00e9s. Ces droits de vote seront utiles durant les assembl\u00e9es g\u00e9n\u00e9rales ordinaires et extraordinaires lors de la prise de d\u00e9cisions.<\/span><\/p><p><b>A noter <\/b><span style=\"font-weight: 400;\">que les associ\u00e9s peuvent recevoir des dividendes, qui sont \u00e9galement proportionnels \u00e0 leur participation.\u00a0<\/span><\/p><h2 id=\"1\">\u00a0<\/h2><h2 id=\"1\">I\/ Le principe : la responsabilit\u00e9 limit\u00e9e<\/h2><h3>A) Les dettes d&rsquo;une SARL, qui doit payer ? Une responsabilit\u00e9 limit\u00e9e<\/h3><p>Selon\u00a0le <strong>principe de responsabilit\u00e9\u00a0limit\u00e9e<\/strong>, les personnes physiques intervenant au sein d&rsquo;une personne morale voient leur responsabilit\u00e9 limit\u00e9e en fonction\u00a0de leurs apports c&rsquo;est-\u00e0-dire, en fonction de leurs investissements respectifs. Il s&rsquo;agit d&rsquo;ailleurs, du principe constituant une SARL.<\/p><p>En effet, la SARL assure en th\u00e9orie, la <strong>protection du patrimoine personnel<\/strong> des associ\u00e9s. Attention cependant, il faut\u00a0distinguer la responsabilit\u00e9 des associ\u00e9s et celles des g\u00e9rants de SARL.<\/p><p>Un simple associ\u00e9 ne sera effectivement tenu des dettes de la soci\u00e9t\u00e9 qu&rsquo;\u00e0 proportion de ses apports. La responsabilit\u00e9 civile et p\u00e9nale du g\u00e9rant de SARL, quant \u00e0 lui, pourra \u00eatre mise en oeuvre en cas de faute de gestion.<\/p><p><strong>D\u00e8s lors, pour les dettes d&rsquo;une SARL, qui doit payer ?<\/strong>\u00a0On se place dans le contexte o\u00f9 la SARL ne dispose plus des fonds suffisants pour apurer les dettes. Le d\u00e9p\u00f4t de bilan est en train d&rsquo;\u00eatre effectu\u00e9.<\/p><h3>\u00a0<\/h3><h3>B) La cl\u00f4ture du bilan comptable : vendre l\u2019actif et r\u00e9gler le passif de la soci\u00e9t\u00e9<\/h3><p><span style=\"font-weight: 400;\">La cl\u00f4ture du bilan comptable passe par certaines op\u00e9rations. Il faudra r\u00e9aliser l\u2019actif et r\u00e9gler le passif. La r\u00e9alisation de l\u2019actif correspond \u00e0 la vente de tous ces biens meubles et immeubles pour les transformer en argent. Ainsi, avec cet argent, vous paierez le passif de l\u2019entreprise.<\/span><\/p><p><span style=\"font-weight: 400;\">Les disponibilit\u00e9s sont l\u2019argent. En effet, le but est de transformer tous les \u00e9l\u00e9ments d\u2019actif en disponibilit\u00e9. Une fois transform\u00e9s en disponibilit\u00e9, le liquidateur paiera toutes les dettes.\u00a0<\/span><\/p><h4><b>\u00a0<\/b><\/h4><h4><b>Le bilan comptable : apparition d\u2019un boni ou un mali de liquidation\u00a0<\/b><\/h4><p><span style=\"font-weight: 400;\">Une fois que votre bilan de cl\u00f4ture est r\u00e9dig\u00e9, il doit faire appara\u00eetre un boni ou un mali de liquidation.<\/span><\/p><p><span style=\"font-weight: 400;\">Lorsque toutes les dettes de la soci\u00e9t\u00e9 sont pay\u00e9es, les associ\u00e9s peuvent profiter du boni de liquidation qui correspond aux apports effectu\u00e9s par les associ\u00e9s de la soci\u00e9t\u00e9. Pour rappel, les associ\u00e9s vont effectuer des apports (en nature, en num\u00e9raire ou en industrie) lors de la cr\u00e9ation de la soci\u00e9t\u00e9 afin d\u2019augmenter le capital social de l\u2019entreprise. Ces apports engagent les associ\u00e9s \u00e0 contribuer aux pertes et leur permettent de profiter des parts sociales \u00e0 hauteur de leur apports.<\/span><\/p><p><span style=\"font-weight: 400;\">Malheureusement, le plus souvent, lorsqu\u2019une soci\u00e9t\u00e9 doit fermer, il se peut que cette fermeture soit d\u00fb \u00e0 l&rsquo;impossibilit\u00e9 pour elle de faire face \u00e0 son passif exigible avec son actif disponible. Dans ce cas de figure, il faut alors fermer une sarl avec des dettes.<\/span><\/p><h3>\u00a0<\/h3><h3>C) Le principe de la liquidation judiciaire<\/h3><p>A l&rsquo;ouverture d&rsquo;une proc\u00e9dure de <strong><a href=\"https:\/\/www.service-public.fr\/professionnels-entreprises\/vosdroits\/R17169\">liquidation judiciaire<\/a><\/strong>, pour les dettes d&rsquo;une SARL, qui doit payer ?<\/p><p>Tout d&rsquo;abord, le <a href=\"https:\/\/blog.legalvision.fr\/2019\/06\/27\/comment-liquider-une-sarl-delai-et-couts\/\">liquidateur<\/a> va venir saisir l&rsquo;ensemble des biens de l&rsquo;entreprise. Il s&rsquo;agit du premier point, lorsque la SARL vient de d\u00e9poser le bilan. L&rsquo;id\u00e9e de cette saisie ? <strong>Vendre les biens de l&rsquo;entreprise<\/strong> qui viennent d&rsquo;\u00eatre saisis afin de payer les dettes de l&rsquo;entreprise.<\/p><p>Pour le moment donc, il n&rsquo;est pas question que les associ\u00e9s payent eux-m\u00eames les dettes sociales de la SARL. Toutefois, il arrive souvent que les fonds disponibles dans les caisses de la soci\u00e9t\u00e9 ne suffisent pas \u00e0 r\u00e9gler les cr\u00e9anciers.<\/p><p>Voici donc les 2\u00a0issues envisageables,\u00a0apr\u00e8s avoir encaiss\u00e9 les derni\u00e8res factures et apr\u00e8s avoir re\u00e7us le prix des biens de l&rsquo;entreprise vendus :<\/p><ul><li>les fonds r\u00e9colt\u00e9s ont permis de r\u00e9gler l&rsquo;ensemble des dettes. La soci\u00e9t\u00e9 peut donc \u00eatre liquid\u00e9e en assurant <strong>l&rsquo;extinction du passif.<\/strong><\/li><li>\u00e0 l&rsquo;inverse, les fonds r\u00e9colt\u00e9s ne sont pas suffisants et dans ce cas, la soci\u00e9t\u00e9 est liquid\u00e9e avec une <strong>insuffisance d&rsquo;actif<\/strong>.<\/li><\/ul><p>Il s&rsquo;agit ici du\u00a0cas classique de fermeture de la SARL pour <a href=\"https:\/\/blog.legalvision.fr\/2018\/06\/20\/liquidation-judiciaire-dettes-effacees\/\">liquidation<\/a>. Tout cela bien \u00e9videment, rel\u00e8ve du principe. Si en revanche, les associ\u00e9s ou les g\u00e9rants se placent dans une situation permettant d&rsquo;engager leur responsabilit\u00e9 pour le r\u00e8glement du passif, les choses diff\u00e8rent quelque peu.<\/p><h2 id=\"2\">\u00a0<\/h2><h2 id=\"2\">II\/ Le r\u00e8glement du passif par la g\u00e9rance<\/h2><p>Lorsque les fonds de la soci\u00e9t\u00e9 ne permettent pas de r\u00e9gler le passif existant, on se pose la question suivante :\u00a0pour les dettes d&rsquo;une SARL, qui doit payer ?<\/p><p>Malgr\u00e9 le principe de responsabilit\u00e9 limit\u00e9 aux apports, un ou des g\u00e9rants de SARL pourraient \u00e9ventuellement se voir\u00a0condamner au<strong> comblement du\u00a0passif de la soci\u00e9t\u00e9<\/strong>.<\/p><p>A l&rsquo;inverse donc, il existe le principe de contribution aux dettes sociales. Dit autrement, les g\u00e9rants sont tenus d&rsquo;une obligation de contribuer aux dettes sociales.<\/p><p>Partant de ce nouveau principe, voyons comment un g\u00e9rant de SARL peut \u00eatre appel\u00e9 \u00e0 combler le passif de la soci\u00e9t\u00e9.<\/p><h3>\u00a0<\/h3><h3>A) L&rsquo;obligation de combler le passif pour faute<\/h3><p>Voici le contexte : une SARL conna\u00eet une insuffisance d&rsquo;actif. Cette insuffisance provient en partie de la mani\u00e8re dont le ou les g\u00e9rants ont g\u00e9r\u00e9 la soci\u00e9t\u00e9. Il peut s&rsquo;agir d&rsquo;une faute de gestion, d&rsquo;une imprudence ou bien m\u00eame d&rsquo;une n\u00e9gligence. Voyons ensemble quelles sont les \u00e9l\u00e9ments qui permettent de pr\u00e9voir une telle condamnation.<\/p><h4>\u00a0<\/h4><h4>1. La faute de gestion, l&rsquo;imprudence et la n\u00e9gligence<\/h4><p><strong>Qu&rsquo;est-ce qu&rsquo;englobe la faute de gestion<\/strong>\u00a0? La faute de gestion est d\u00e9finie au fur et \u00e0 mesure par la jurisprudence. Il faut donc appr\u00e9cier au cas par cas, pour chaque affaire,\u00a0le comportement de tel ou tel\u00a0dirigeant de la SARL. Il en va de m\u00eame pour la d\u00e9finition de la n\u00e9gligence ou de l&rsquo;imprudence.<\/p><p>L\u00e9galement,\u00a0la faute de gestion est caract\u00e9ris\u00e9e comme \u00e9tant \u00ab\u00a0<em>une action ou une omission, volontaire ou non, contraire aux int\u00e9r\u00eats de l&rsquo;entreprise<\/em>\u00ab\u00a0. Difficile l\u00e0 encore de dire pr\u00e9cis\u00e9ment ce que repr\u00e9sente les int\u00e9r\u00eats de l&rsquo;entreprise.\u00a0Une chose est\u00a0s\u00fbre cependant, d\u00e8s lors qu&rsquo;il y a un pr\u00e9judice r\u00e9sultant de la gestion du dirigeant, on qualifiera potentiellement cela de \u00ab\u00a0faute de gestion\u00a0\u00bb.<\/p><p>Voici quelques exemples de fautes de gestion caract\u00e9ris\u00e9es :<\/p><ul><li>le remboursement de frais fictif ;<\/li><li>l&rsquo;attribution de r\u00e9mun\u00e9ration injustifi\u00e9e ;<\/li><li>le fait de cautionner un dette personnelle ;<\/li><li>le recours excessif \u00e0 des cr\u00e9dits bancaires ;<\/li><li>d\u00e9poser les bilans d&rsquo;actifs en dehors des d\u00e9lais ;<\/li><li>poursuivre une exploitation en d\u00e9ficit.<\/li><\/ul><p><strong>Que se passe t-il ensuite, une fois que la faute de gestion est caract\u00e9ris\u00e9e ?<\/strong>\u00a0Le dirigeant peut engager sa responsabilit\u00e9. Notez n\u00e9anmoins, que la condamnation pour comblement du passif n\u00e9cessite de prouver que la faute de gestion <strong>contribue directement \u00e0 l&rsquo;insuffisance de l&rsquo;entreprise<\/strong>.<\/p><h4>\u00a0<\/h4><h4>2. Les fautes contribuent \u00e0 l&rsquo;insuffisance d&rsquo;actif de l&rsquo;entreprise<\/h4><p>Difficile de donner une d\u00e9finition l\u00e9gale de ce dernier \u00e9l\u00e9ment pour d\u00e9finir\u00a0un lien de causalit\u00e9 entre la faute de gestion et l&rsquo;insuffisance d&rsquo;actif. En toute logique, une fois que la faute de gestion semble caract\u00e9ris\u00e9e, que celle-ci est responsable \u00e0 priori de l&rsquo;insuffisance d&rsquo;actif, alors il y a un risque de condamnation.\u00a0Quoi qu&rsquo;il en soit, ce sera au juge d&rsquo;appr\u00e9cier le lien de causalit\u00e9.<\/p><h3>\u00a0<\/h3><h3>B) Les issues d&rsquo;une condamnation\u00a0pour comblement du passif<\/h3><p><strong>Comment est introduite l&rsquo;action en comblement de passif ?<\/strong> Trois parties peuvent agir pour demander le comblement de passif de certains dirigeants.<\/p><p>Ainsi, il y a le liquidateur judiciaire, le minist\u00e8re public, ou bien les contr\u00f4leurs. Sur ce dernier point, il s&rsquo;agit de cr\u00e9anciers nomm\u00e9s d\u00e8s lors qu&rsquo;aucune action n&rsquo;a\u00a0ou \u00eatre engag\u00e9e par un liquidateur potentiel. Autrement dit, une mise en demeure \u00e0 laquelle aucune suite n&rsquo;a \u00e9t\u00e9 donn\u00e9e.<\/p><p><strong>Une fois que la condamnation<\/strong> pour comblement de passif est prononc\u00e9e,\u00a0en cas de co-g\u00e9rance, voici les issues possible :<\/p><ul><li>un seul des g\u00e9rants peut \u00eatre condamn\u00e9 \u00e0 supporter une partie du passif ;<\/li><li>l&rsquo;ensemble des g\u00e9rants peuvent \u00eatre condamn\u00e9s,<\/li><\/ul><p>Par ailleurs, il est tout \u00e0 fait possible qu&rsquo;une condamnation au comblement de passif puisse \u00eatre <strong>doubl\u00e9e d&rsquo;une autre sanction : la faillite personnelle<\/strong>. Il s&rsquo;agit d&rsquo;une sanction professionnelle prononc\u00e9e \u00e0 l&rsquo;occasion d&rsquo;une proc\u00e9dure collective. G\u00e9n\u00e9ralement, cela se produit apr\u00e8s l&rsquo;\u00e9tape de la liquidation judiciaire.<\/p><p>Cette sanction est dirig\u00e9e contre les dirigeants ayant eu un comportement malhonn\u00eate dans la gestion directe ou non d&rsquo;une personne morale. Typiquement, on est dans la situation d&rsquo;un dirigeant qui a commis des fais sanctionnables tels que :<\/p><ul><li>le d\u00e9tournement de fonds ;<\/li><li>le paiement de cr\u00e9anciers malgr\u00e9 l&rsquo;\u00e9tat de cessation des paiements ;<\/li><li>le fait d&rsquo;entreprendre une comptabilit\u00e9 fictive.<\/li><\/ul><p>\u00a0<\/p><p>Une fois prononc\u00e9e, la faillite personnelle peut s&rsquo;\u00e9taler sur une p\u00e9riode de <strong>15 ans ou plus<\/strong>. Elle doit \u00eatre introduite par l&rsquo;une des personnes suivantes :<\/p><ul><li>le repr\u00e9sentant des cr\u00e9anciers ;<\/li><li>l&rsquo;administrateur ;<\/li><li>le liquidateur ;<\/li><li>le procureur de la R\u00e9publique ;<\/li><li>le tribunal d&rsquo;office.<\/li><\/ul><p><strong>\u00a0<\/strong><\/p><p><strong>Quelles sont les cons\u00e9quences de la faillite personnelle ?<\/strong> Le dirigeant peut \u00eatre interdit d&rsquo;exercer des fonctions de direction, d&rsquo;administration, ou bien de contr\u00f4ler une personne morale.<\/p><p>Pour conclure, en plus de devoir combler le passif d&rsquo;une soci\u00e9t\u00e9 en situation de d\u00e9p\u00f4t de bilan, le g\u00e9rant peut \u00eatre condamn\u00e9 \u00e0 une faillite personnelle.<\/p><h2 id=\"3\">\u00a0<\/h2><h2 id=\"3\">III\/ Les types de dettes d&rsquo;une SARL, qui doit payer ?<\/h2><p>Pour les dettes d&rsquo;une SARL, qui doit payer, outre le cas des dirigeants ? Voyons en d\u00e9tail les types de dettes qui existent au sein d&rsquo;une SARL. Les associ\u00e9s peuvent aussi \u00eatre sollicit\u00e9s pour le remboursement.<\/p><h3>\u00a0<\/h3><h3>A) La responsabilit\u00e9 d&rsquo;un associ\u00e9 caution<\/h3><p>A l&rsquo;occasion d&rsquo;op\u00e9rations\u00a0entre une SARL et des fournisseurs par exemple, les cr\u00e9anciers peuvent demander aux associ\u00e9s de se porter caution. Lorsqu&rsquo;un associ\u00e9 est d\u00e9sign\u00e9 comme caution, ce dernier doit venir combler les dettes sociales de la SARL \u00e0 l&rsquo;aide de son patrimoine personnel. Ainsi, les associ\u00e9s se retrouvent \u00ab\u00a0associ\u00e9 caution\u00a0\u00bb et sont tenus des dettes li\u00e9es aux contrat de fourniture.<\/p><h3>\u00a0<\/h3><h3>B) Les dettes bancaires<\/h3><p>Afin de garantir un pr\u00eat pour la SARL, les g\u00e9rants sont souvent amen\u00e9s \u00e0 se porter caution aupr\u00e8s des \u00e9tablissements de pr\u00eats. D\u00e8s lors, la responsabilit\u00e9 de ces derniers augmentent, bien qu&rsquo;il soit possible de d\u00e9duire fiscalement les sommes vers\u00e9es.<\/p><p>Consid\u00e9rant leur position d\u00e9licate\u00a0face aux \u00e9tablissements de cr\u00e9dit pour obtenir des financements, la loi prend en consid\u00e9ration le statut de dirigeant caution bancaire. Ainsi, il est pr\u00e9vu qu&rsquo;une proc\u00e9dure collective soit mise en place en cas de difficult\u00e9 de paiement.<\/p><p>Ajoutons \u00e9galement que le dirigeant peut demander une proc\u00e9dure de surendettement concernant les dettes de la vie courante ou dans le cadre d&rsquo;engagements de caution.<\/p><p>Enfin, la jurisprudence a d\u00e9j\u00e0 retenu contre les banques la qualification de faute. Dans une premier temps, pour demande de caution excessive au regard des capacit\u00e9s financi\u00e8res du ou des dirigeants. Puis, en raison de la situation r\u00e9elle de la soci\u00e9t\u00e9 cautionn\u00e9e, que le dirigeant pouvait ignorer au moment d&rsquo;acqu\u00e9rir des parts dans la SARL.<\/p><h3>\u00a0<\/h3><h3>C) Les dettes de salaires<\/h3><p>En cas de liquidation judiciaire, les salari\u00e9s sont dits \u00ab\u00a0super-privil\u00e9gi\u00e9s\u00a0\u00bb. Ils sont donc pay\u00e9s en priorit\u00e9 par rapport aux autres cr\u00e9anciers. Bien entendu, le r\u00e8glement se fera en fonction des fonds disponibles dans les caisses de la soci\u00e9t\u00e9 et ce, \u00e0 concurrence d&rsquo;un plafond mensuel \u00e9gal au double du plafond mensuel des cotisations de s\u00e9curit\u00e9 sociale.<\/p><p>En revanche, si la SARL n&rsquo;est plus en mesure de payer, le r\u00f4le du paiement des dettes de salaire sera assur\u00e9 par l&rsquo;AGS (r\u00e9gime de garantie des salaires). Un mandataire judiciaire, repr\u00e9sentant les salari\u00e9s, devra demander le recours au r\u00e9gime de l&rsquo;AGS.<\/p><h3>\u00a0<\/h3><h3>D) Les dettes fiscales<\/h3><p>De son c\u00f4t\u00e9, l&rsquo;administration peut aussi agir en justice contre les dirigeants de SARL.<\/p><p><strong>Pour quelles raisons ?<\/strong> On vise le cas o\u00f9 ces derniers ont pu faire obstacle au paiement de certaines dettes fiscales. Autrement dit, le dirigeant d&rsquo;une SARL peut \u00eatre amen\u00e9 dans ce cas, \u00e0 r\u00e9gler les dettes fiscales sur ses fonds personnels.<\/p><p><strong>Quelles sont les conditions ?<\/strong> L&rsquo;administration fiscale doit tout d&rsquo;abord rapporter la preuve que le comportement du dirigeant est fautif. Par exemple, le fait de dissimuler des recettes ou de r\u00e9aliser de fausses factures.<\/p><p>Outre les man\u0153uvres frauduleuses, le comportement du dirigeant de SARL peut \u00eatre fautif lorsqu&rsquo;il manque de mani\u00e8re r\u00e9p\u00e9t\u00e9e \u00e0 ses obligations fiscales.<\/p><p>La seconde condition pour prononcer ce type de condamnation est de d\u00e9montrer que le comportement fautif est de nature \u00e0 cr\u00e9er la dette fiscale.<\/p><p>Bien \u00e9videmment les situations restent \u00e0 l&rsquo;appr\u00e9ciation des juges. Toutefois, la loi pr\u00e9voit aussi de son c\u00f4t\u00e9, la condamnation du dirigeant qui n&rsquo;aurait pas respecter l&rsquo;\u00e9ch\u00e9ancier n\u00e9goci\u00e9 avec l&rsquo;administration fiscale pour r\u00e9gler les dettes.<\/p><h3>\u00a0<\/h3><h3>E) Les dettes de cotisations sociales<\/h3><p>En\u00a0terme de cotisation sociales, le d\u00e9bat\u00a0sur la qualification des dettes du dirigeant non salari\u00e9 et des ind\u00e9pendants ne cessent d&rsquo;\u00eatre relanc\u00e9.<\/p><p><strong>La probl\u00e9matique est la suivante :<\/strong> en cas de liquidation judiciaire, les dettes de cotisations sociales sont elles des dettes professionnelles ou des dettes personnelles ?<\/p><p>Il est int\u00e9ressant de se poser la question car, dans la liquidation, les dettes professionnelles sont en principe suspendues.<\/p><p>Pour rappel, les dettes professionnelles\u00a0sont les dettes n\u00e9es pour le besoin de l&rsquo;activit\u00e9 professionnelle. D\u00e8s lors, selon la qualification retenue pour les dettes de l&rsquo;URSSAF,\u00a0l&rsquo;espoir de les recouvrer pourrait \u00eatre r\u00e9duit \u00e0 n\u00e9ant.<\/p><p><strong>Quel est donc le statut des dettes issues des cotisations sociales pour l&rsquo;URSSAF ?<\/strong> Bien qu&rsquo;il y ait eu de r\u00e9cents rebondissements \u00e0 propos de\u00a0leur qualification, la Cour de Cassation est venue trancher en affirmant qu&rsquo;il s&rsquo;agissait bien de dettes professionnelles.<\/p><p>En cons\u00e9quence, le principe d&rsquo;insaisissabilit\u00e9 et\u00a0de protection de la r\u00e9sidence principale, issu de la loi Macron, est tout \u00e0 fait utile.<\/p><p>N\u00e9anmoins, il est possible que les juges proc\u00e8dent \u00e0 un revirement de jurisprudence. D\u00e8s lors, la liquidation judiciaire n&rsquo;entra\u00eenerait pas n\u00e9cessairement l&rsquo;extinction des dettes de cotisations sociales du dirigeant majoritaire de SARL. Ce qui pourrait venir alourdir la responsabilit\u00e9 des dirigeants de SARL.<\/p><h2 id=\"4\">\u00a0<\/h2><h2 id=\"4\">IV\/ Conclusion, les dettes d&rsquo;une SARL, qui doit payer ?<\/h2><p>Ainsi, \u00e0 la question : pour les dettes d&rsquo;une SARL, qui doit payer ? On a vu que malgr\u00e9 le principe de responsabilit\u00e9 limit\u00e9 dans une SARL, les g\u00e9rants sont tenus d&rsquo;une obligations de contribuer aux dettes sociales. Dans certaines limites bien entendu.<\/p><p>Toutefois, selon le comportement dans la gestion de leur entreprise, ils peuvent \u00eatre condamn\u00e9s \u00e0 combler le passif. En plus de cela, une faillite personnelle peut \u00eatre prononc\u00e9e.<\/p><p>Nous avons vu \u00e9galement que la situation des associ\u00e9s d&rsquo;une SARL est certes plus avantageuses, toutefois l&rsquo;engagement \u00e0 l&rsquo;\u00e9gard de certaines dettes, peuvent les conduire \u00e0\u00a0participer au r\u00e8glement.<\/p><p>Lisez \u00e9galement l&rsquo;article de <a href=\"https:\/\/blog.legalvision.fr\/2019\/01\/28\/comment-fermer-une-sarl-sans-dettes-en-48h\/\">LegalVision sur la fermeture d&rsquo;une SARL, sans dettes<\/a>. Nous assurons \u00e9galement les <a href=\"https:\/\/www.legalvision.fr\/modification-statuts\/dissolution-liquidation\/\">fermetures<\/a> de soci\u00e9t\u00e9, y compris de SARL avec dettes.<\/p><details><summary><strong>Sources\u00a0<\/strong><\/summary><p>Article :<\/p><ul><li><a href=\"https:\/\/www.legifrance.gouv.fr\/affichCodeArticle.do?idArticle=LEGIARTI000023233363&amp;cidTexte=LEGITEXT000005634379&amp;dateTexte=20101211\">L. 651-2<\/a> du Code de commerce relatif \u00e0 la condamnation en cas de faute de gestion ayant men\u00e9 \u00e0 l&rsquo;insuffisance d&rsquo;actif.<\/li><\/ul><\/details><p>\u00a0<\/p><p style=\"text-align: center;\"><a href=\"https:\/\/leonard.fr\/juridique\/dissolution-liquidation\/dissolution-liquidation\/?utm_source=Blog&amp;utm_medium=CTA&amp;utm_campaign=dettes_sarl&amp;utm_id=fermeture_blog\" target=\"_blank\" rel=\"noopener noreferrer\"><img decoding=\"async\" id=\"hs-cta-img-bbf03557-3c54-420f-a804-fb3833a523b9\" class=\"hs-cta-img alignnone\" style=\"border-width: 0px;\" src=\"https:\/\/no-cache.hubspot.com\/cta\/default\/2844694\/bbf03557-3c54-420f-a804-fb3833a523b9.png\" alt=\"Fermez votre soci\u00e9t\u00e9\n\" width=\"463\" height=\"48\" \/><\/a><button style=\"background-color: #32c3bf; width: 100%;\"><\/button><!--tag_auto_button_lead_legalvision--><\/p>\t\t\t\t\t\t\t\t<\/div>\n\t\t\t\t<\/div>\n\t\t\t\t\t<\/div>\n\t\t<\/div>\n\t\t\t\t\t<\/div>\n\t\t<\/section>\n\t\t\t\t<\/div>\n\t\t","protected":false},"excerpt":{"rendered":"<p>Dettes d&rsquo;une SARL, qui doit payer : face aux dettes d&rsquo;une\u00a0SARL, qui doit payer ?\u00a0En principe, les associ\u00e9s d&rsquo;une SARL ne sont responsables que dans la limite de leurs apports. Toutefois, dans les faits, les choses diff\u00e8rent. En effet, il est possible, que les associ\u00e9s soient appel\u00e9s\u00a0\u00e0 combler le passif, ou bien tout simplement, \u00e0&hellip; <a class=\"more-link\" href=\"https:\/\/www.legalvision.fr\/guides-juridiques\/sarl\/dettes-d-une-sarl-qui-doit-payer\/\">Poursuivre la lecture <span class=\"screen-reader-text\">Dettes d&rsquo;une SARL, qui doit payer ?<\/span><\/a><\/p>\n","protected":false},"author":50,"featured_media":29481,"comment_status":"open","ping_status":"open","sticky":false,"template":"","format":"standard","meta":{"content-type":"","inline_featured_image":false,"footnotes":""},"categories":[2497],"tags":[],"class_list":["post-29251","post","type-post","status-publish","format-standard","has-post-thumbnail","hentry","category-sarl","entry"],"yoast_head":"<!-- This site is optimized with the Yoast SEO plugin v27.1.1 - https:\/\/yoast.com\/product\/yoast-seo-wordpress\/ -->\n<title>Dettes d&#039;une SARL, qui doit payer ? LegalVision vous r\u00e9pond !<\/title>\n<meta name=\"description\" content=\"Dirigeant ou simplement associ\u00e9, pour les dettes d&#039;une SARL, qui doit payer ? LegalVision vous donne une vision globale de la responsabilit\u00e9 en SARL.\" \/>\n<meta name=\"robots\" content=\"index, follow, max-snippet:-1, max-image-preview:large, max-video-preview:-1\" \/>\n<link rel=\"canonical\" href=\"https:\/\/www.legalvision.fr\/guides-juridiques\/sarl\/dettes-d-une-sarl-qui-doit-payer\/\" \/>\n<meta property=\"og:locale\" content=\"fr_FR\" \/>\n<meta property=\"og:type\" content=\"article\" \/>\n<meta property=\"og:title\" content=\"Dettes d&#039;une SARL, qui doit payer ? LegalVision vous r\u00e9pond !\" \/>\n<meta property=\"og:description\" content=\"Dirigeant ou simplement associ\u00e9, pour les dettes d&#039;une SARL, qui doit payer ? LegalVision vous donne une vision globale de la responsabilit\u00e9 en SARL.\" \/>\n<meta property=\"og:url\" content=\"https:\/\/www.legalvision.fr\/guides-juridiques\/sarl\/dettes-d-une-sarl-qui-doit-payer\/\" \/>\n<meta property=\"og:site_name\" content=\"Guides juridiques\" \/>\n<meta property=\"article:published_time\" content=\"2019-11-04T06:30:14+00:00\" \/>\n<meta property=\"article:modified_time\" content=\"2023-10-18T14:22:06+00:00\" \/>\n<meta property=\"og:image\" content=\"https:\/\/www.legalvision.fr\/guides-juridiques\/wp-content\/uploads\/2019\/10\/dettes-dune-SARL-qui-doit-payer-min.jpg\" \/>\n\t<meta property=\"og:image:width\" content=\"958\" \/>\n\t<meta property=\"og:image:height\" content=\"350\" \/>\n\t<meta property=\"og:image:type\" content=\"image\/jpeg\" \/>\n<meta name=\"author\" content=\"Ambre Tournet\" \/>\n<meta name=\"twitter:card\" content=\"summary_large_image\" \/>\n<meta name=\"twitter:label1\" content=\"\u00c9crit par\" \/>\n\t<meta name=\"twitter:data1\" content=\"Ambre Tournet\" \/>\n\t<meta name=\"twitter:label2\" content=\"Dur\u00e9e de lecture estim\u00e9e\" \/>\n\t<meta name=\"twitter:data2\" content=\"15 minutes\" \/>\n<script type=\"application\/ld+json\" class=\"yoast-schema-graph\">{\"@context\":\"https:\/\/schema.org\",\"@graph\":[{\"@type\":\"Article\",\"@id\":\"https:\/\/www.legalvision.fr\/guides-juridiques\/sarl\/dettes-d-une-sarl-qui-doit-payer\/#article\",\"isPartOf\":{\"@id\":\"https:\/\/www.legalvision.fr\/guides-juridiques\/sarl\/dettes-d-une-sarl-qui-doit-payer\/\"},\"author\":{\"name\":\"Ambre Tournet\",\"@id\":\"https:\/\/www.legalvision.fr\/guides-juridiques\/#\/schema\/person\/5754bfbc948dd8ca0f6dedda55df8452\"},\"headline\":\"Dettes d&rsquo;une SARL, qui doit payer ?\",\"datePublished\":\"2019-11-04T06:30:14+00:00\",\"dateModified\":\"2023-10-18T14:22:06+00:00\",\"mainEntityOfPage\":{\"@id\":\"https:\/\/www.legalvision.fr\/guides-juridiques\/sarl\/dettes-d-une-sarl-qui-doit-payer\/\"},\"wordCount\":3303,\"commentCount\":12,\"publisher\":{\"@id\":\"https:\/\/www.legalvision.fr\/guides-juridiques\/#organization\"},\"image\":{\"@id\":\"https:\/\/www.legalvision.fr\/guides-juridiques\/sarl\/dettes-d-une-sarl-qui-doit-payer\/#primaryimage\"},\"thumbnailUrl\":\"https:\/\/www.legalvision.fr\/guides-juridiques\/wp-content\/uploads\/2019\/10\/dettes-dune-SARL-qui-doit-payer-min.jpg\",\"articleSection\":[\"SARL\"],\"inLanguage\":\"fr-FR\",\"potentialAction\":[{\"@type\":\"CommentAction\",\"name\":\"Comment\",\"target\":[\"https:\/\/www.legalvision.fr\/guides-juridiques\/sarl\/dettes-d-une-sarl-qui-doit-payer\/#respond\"]}]},{\"@type\":\"WebPage\",\"@id\":\"https:\/\/www.legalvision.fr\/guides-juridiques\/sarl\/dettes-d-une-sarl-qui-doit-payer\/\",\"url\":\"https:\/\/www.legalvision.fr\/guides-juridiques\/sarl\/dettes-d-une-sarl-qui-doit-payer\/\",\"name\":\"Dettes d'une SARL, qui doit payer ? LegalVision vous r\u00e9pond !\",\"isPartOf\":{\"@id\":\"https:\/\/www.legalvision.fr\/guides-juridiques\/#website\"},\"primaryImageOfPage\":{\"@id\":\"https:\/\/www.legalvision.fr\/guides-juridiques\/sarl\/dettes-d-une-sarl-qui-doit-payer\/#primaryimage\"},\"image\":{\"@id\":\"https:\/\/www.legalvision.fr\/guides-juridiques\/sarl\/dettes-d-une-sarl-qui-doit-payer\/#primaryimage\"},\"thumbnailUrl\":\"https:\/\/www.legalvision.fr\/guides-juridiques\/wp-content\/uploads\/2019\/10\/dettes-dune-SARL-qui-doit-payer-min.jpg\",\"datePublished\":\"2019-11-04T06:30:14+00:00\",\"dateModified\":\"2023-10-18T14:22:06+00:00\",\"description\":\"Dirigeant ou simplement associ\u00e9, pour les dettes d'une SARL, qui doit payer ? LegalVision vous donne une vision globale de la responsabilit\u00e9 en SARL.\",\"breadcrumb\":{\"@id\":\"https:\/\/www.legalvision.fr\/guides-juridiques\/sarl\/dettes-d-une-sarl-qui-doit-payer\/#breadcrumb\"},\"inLanguage\":\"fr-FR\",\"potentialAction\":[{\"@type\":\"ReadAction\",\"target\":[\"https:\/\/www.legalvision.fr\/guides-juridiques\/sarl\/dettes-d-une-sarl-qui-doit-payer\/\"]}]},{\"@type\":\"ImageObject\",\"inLanguage\":\"fr-FR\",\"@id\":\"https:\/\/www.legalvision.fr\/guides-juridiques\/sarl\/dettes-d-une-sarl-qui-doit-payer\/#primaryimage\",\"url\":\"https:\/\/www.legalvision.fr\/guides-juridiques\/wp-content\/uploads\/2019\/10\/dettes-dune-SARL-qui-doit-payer-min.jpg\",\"contentUrl\":\"https:\/\/www.legalvision.fr\/guides-juridiques\/wp-content\/uploads\/2019\/10\/dettes-dune-SARL-qui-doit-payer-min.jpg\",\"width\":958,\"height\":350,\"caption\":\"dettes d'une SARL, qui doit payer\"},{\"@type\":\"BreadcrumbList\",\"@id\":\"https:\/\/www.legalvision.fr\/guides-juridiques\/sarl\/dettes-d-une-sarl-qui-doit-payer\/#breadcrumb\",\"itemListElement\":[{\"@type\":\"ListItem\",\"position\":1,\"name\":\"Accueil\",\"item\":\"https:\/\/www.legalvision.fr\/guides-juridiques\/\"},{\"@type\":\"ListItem\",\"position\":2,\"name\":\"SARL\",\"item\":\"https:\/\/www.legalvision.fr\/guides-juridiques\/sarl\/\"},{\"@type\":\"ListItem\",\"position\":3,\"name\":\"Dettes d&rsquo;une SARL, qui doit payer ?\"}]},{\"@type\":\"WebSite\",\"@id\":\"https:\/\/www.legalvision.fr\/guides-juridiques\/#website\",\"url\":\"https:\/\/www.legalvision.fr\/guides-juridiques\/\",\"name\":\"Guides juridiques\",\"description\":\"L&#039;information juridique \u00e0 destination des entreprises et TPE\",\"publisher\":{\"@id\":\"https:\/\/www.legalvision.fr\/guides-juridiques\/#organization\"},\"potentialAction\":[{\"@type\":\"SearchAction\",\"target\":{\"@type\":\"EntryPoint\",\"urlTemplate\":\"https:\/\/www.legalvision.fr\/guides-juridiques\/?s={search_term_string}\"},\"query-input\":{\"@type\":\"PropertyValueSpecification\",\"valueRequired\":true,\"valueName\":\"search_term_string\"}}],\"inLanguage\":\"fr-FR\"},{\"@type\":\"Organization\",\"@id\":\"https:\/\/www.legalvision.fr\/guides-juridiques\/#organization\",\"name\":\"Guides juridiques\",\"url\":\"https:\/\/www.legalvision.fr\/guides-juridiques\/\",\"logo\":{\"@type\":\"ImageObject\",\"inLanguage\":\"fr-FR\",\"@id\":\"https:\/\/www.legalvision.fr\/guides-juridiques\/#\/schema\/logo\/image\/\",\"url\":\"https:\/\/www.legalvision.fr\/guides-juridiques\/wp-content\/uploads\/2022\/10\/LV-Logotype.png\",\"contentUrl\":\"https:\/\/www.legalvision.fr\/guides-juridiques\/wp-content\/uploads\/2022\/10\/LV-Logotype.png\",\"width\":647,\"height\":125,\"caption\":\"Guides juridiques\"},\"image\":{\"@id\":\"https:\/\/www.legalvision.fr\/guides-juridiques\/#\/schema\/logo\/image\/\"}},{\"@type\":\"Person\",\"@id\":\"https:\/\/www.legalvision.fr\/guides-juridiques\/#\/schema\/person\/5754bfbc948dd8ca0f6dedda55df8452\",\"name\":\"Ambre Tournet\",\"image\":{\"@type\":\"ImageObject\",\"inLanguage\":\"fr-FR\",\"@id\":\"https:\/\/www.legalvision.fr\/guides-juridiques\/#\/schema\/person\/image\/\",\"url\":\"https:\/\/www.legalvision.fr\/guides-juridiques\/wp-content\/uploads\/2023\/07\/femme1-96x96.png\",\"contentUrl\":\"https:\/\/www.legalvision.fr\/guides-juridiques\/wp-content\/uploads\/2023\/07\/femme1-96x96.png\",\"caption\":\"Ambre Tournet\"},\"description\":\"Je suis juriste au sein de LegalVision et titulaire d'un Master 2 Droit de la distribution et des contrats d'affaires au sein de l'Universit\u00e9 de Montpellier.\",\"url\":\"https:\/\/www.legalvision.fr\/guides-juridiques\/author\/ambre-thevenon\/\"}]}<\/script>\n<!-- \/ Yoast SEO plugin. -->","yoast_head_json":{"title":"Dettes d'une SARL, qui doit payer ? LegalVision vous r\u00e9pond !","description":"Dirigeant ou simplement associ\u00e9, pour les dettes d'une SARL, qui doit payer ? LegalVision vous donne une vision globale de la responsabilit\u00e9 en SARL.","robots":{"index":"index","follow":"follow","max-snippet":"max-snippet:-1","max-image-preview":"max-image-preview:large","max-video-preview":"max-video-preview:-1"},"canonical":"https:\/\/www.legalvision.fr\/guides-juridiques\/sarl\/dettes-d-une-sarl-qui-doit-payer\/","og_locale":"fr_FR","og_type":"article","og_title":"Dettes d'une SARL, qui doit payer ? LegalVision vous r\u00e9pond !","og_description":"Dirigeant ou simplement associ\u00e9, pour les dettes d'une SARL, qui doit payer ? LegalVision vous donne une vision globale de la responsabilit\u00e9 en SARL.","og_url":"https:\/\/www.legalvision.fr\/guides-juridiques\/sarl\/dettes-d-une-sarl-qui-doit-payer\/","og_site_name":"Guides juridiques","article_published_time":"2019-11-04T06:30:14+00:00","article_modified_time":"2023-10-18T14:22:06+00:00","og_image":[{"width":958,"height":350,"url":"https:\/\/www.legalvision.fr\/guides-juridiques\/wp-content\/uploads\/2019\/10\/dettes-dune-SARL-qui-doit-payer-min.jpg","type":"image\/jpeg"}],"author":"Ambre Tournet","twitter_card":"summary_large_image","twitter_misc":{"\u00c9crit par":"Ambre Tournet","Dur\u00e9e de lecture estim\u00e9e":"15 minutes"},"schema":{"@context":"https:\/\/schema.org","@graph":[{"@type":"Article","@id":"https:\/\/www.legalvision.fr\/guides-juridiques\/sarl\/dettes-d-une-sarl-qui-doit-payer\/#article","isPartOf":{"@id":"https:\/\/www.legalvision.fr\/guides-juridiques\/sarl\/dettes-d-une-sarl-qui-doit-payer\/"},"author":{"name":"Ambre Tournet","@id":"https:\/\/www.legalvision.fr\/guides-juridiques\/#\/schema\/person\/5754bfbc948dd8ca0f6dedda55df8452"},"headline":"Dettes d&rsquo;une SARL, qui doit payer ?","datePublished":"2019-11-04T06:30:14+00:00","dateModified":"2023-10-18T14:22:06+00:00","mainEntityOfPage":{"@id":"https:\/\/www.legalvision.fr\/guides-juridiques\/sarl\/dettes-d-une-sarl-qui-doit-payer\/"},"wordCount":3303,"commentCount":12,"publisher":{"@id":"https:\/\/www.legalvision.fr\/guides-juridiques\/#organization"},"image":{"@id":"https:\/\/www.legalvision.fr\/guides-juridiques\/sarl\/dettes-d-une-sarl-qui-doit-payer\/#primaryimage"},"thumbnailUrl":"https:\/\/www.legalvision.fr\/guides-juridiques\/wp-content\/uploads\/2019\/10\/dettes-dune-SARL-qui-doit-payer-min.jpg","articleSection":["SARL"],"inLanguage":"fr-FR","potentialAction":[{"@type":"CommentAction","name":"Comment","target":["https:\/\/www.legalvision.fr\/guides-juridiques\/sarl\/dettes-d-une-sarl-qui-doit-payer\/#respond"]}]},{"@type":"WebPage","@id":"https:\/\/www.legalvision.fr\/guides-juridiques\/sarl\/dettes-d-une-sarl-qui-doit-payer\/","url":"https:\/\/www.legalvision.fr\/guides-juridiques\/sarl\/dettes-d-une-sarl-qui-doit-payer\/","name":"Dettes d'une SARL, qui doit payer ? LegalVision vous r\u00e9pond !","isPartOf":{"@id":"https:\/\/www.legalvision.fr\/guides-juridiques\/#website"},"primaryImageOfPage":{"@id":"https:\/\/www.legalvision.fr\/guides-juridiques\/sarl\/dettes-d-une-sarl-qui-doit-payer\/#primaryimage"},"image":{"@id":"https:\/\/www.legalvision.fr\/guides-juridiques\/sarl\/dettes-d-une-sarl-qui-doit-payer\/#primaryimage"},"thumbnailUrl":"https:\/\/www.legalvision.fr\/guides-juridiques\/wp-content\/uploads\/2019\/10\/dettes-dune-SARL-qui-doit-payer-min.jpg","datePublished":"2019-11-04T06:30:14+00:00","dateModified":"2023-10-18T14:22:06+00:00","description":"Dirigeant ou simplement associ\u00e9, pour les dettes d'une SARL, qui doit payer ? LegalVision vous donne une vision globale de la responsabilit\u00e9 en SARL.","breadcrumb":{"@id":"https:\/\/www.legalvision.fr\/guides-juridiques\/sarl\/dettes-d-une-sarl-qui-doit-payer\/#breadcrumb"},"inLanguage":"fr-FR","potentialAction":[{"@type":"ReadAction","target":["https:\/\/www.legalvision.fr\/guides-juridiques\/sarl\/dettes-d-une-sarl-qui-doit-payer\/"]}]},{"@type":"ImageObject","inLanguage":"fr-FR","@id":"https:\/\/www.legalvision.fr\/guides-juridiques\/sarl\/dettes-d-une-sarl-qui-doit-payer\/#primaryimage","url":"https:\/\/www.legalvision.fr\/guides-juridiques\/wp-content\/uploads\/2019\/10\/dettes-dune-SARL-qui-doit-payer-min.jpg","contentUrl":"https:\/\/www.legalvision.fr\/guides-juridiques\/wp-content\/uploads\/2019\/10\/dettes-dune-SARL-qui-doit-payer-min.jpg","width":958,"height":350,"caption":"dettes d'une SARL, qui doit payer"},{"@type":"BreadcrumbList","@id":"https:\/\/www.legalvision.fr\/guides-juridiques\/sarl\/dettes-d-une-sarl-qui-doit-payer\/#breadcrumb","itemListElement":[{"@type":"ListItem","position":1,"name":"Accueil","item":"https:\/\/www.legalvision.fr\/guides-juridiques\/"},{"@type":"ListItem","position":2,"name":"SARL","item":"https:\/\/www.legalvision.fr\/guides-juridiques\/sarl\/"},{"@type":"ListItem","position":3,"name":"Dettes d&rsquo;une SARL, qui doit payer ?"}]},{"@type":"WebSite","@id":"https:\/\/www.legalvision.fr\/guides-juridiques\/#website","url":"https:\/\/www.legalvision.fr\/guides-juridiques\/","name":"Guides juridiques","description":"L&#039;information juridique \u00e0 destination des entreprises et TPE","publisher":{"@id":"https:\/\/www.legalvision.fr\/guides-juridiques\/#organization"},"potentialAction":[{"@type":"SearchAction","target":{"@type":"EntryPoint","urlTemplate":"https:\/\/www.legalvision.fr\/guides-juridiques\/?s={search_term_string}"},"query-input":{"@type":"PropertyValueSpecification","valueRequired":true,"valueName":"search_term_string"}}],"inLanguage":"fr-FR"},{"@type":"Organization","@id":"https:\/\/www.legalvision.fr\/guides-juridiques\/#organization","name":"Guides juridiques","url":"https:\/\/www.legalvision.fr\/guides-juridiques\/","logo":{"@type":"ImageObject","inLanguage":"fr-FR","@id":"https:\/\/www.legalvision.fr\/guides-juridiques\/#\/schema\/logo\/image\/","url":"https:\/\/www.legalvision.fr\/guides-juridiques\/wp-content\/uploads\/2022\/10\/LV-Logotype.png","contentUrl":"https:\/\/www.legalvision.fr\/guides-juridiques\/wp-content\/uploads\/2022\/10\/LV-Logotype.png","width":647,"height":125,"caption":"Guides juridiques"},"image":{"@id":"https:\/\/www.legalvision.fr\/guides-juridiques\/#\/schema\/logo\/image\/"}},{"@type":"Person","@id":"https:\/\/www.legalvision.fr\/guides-juridiques\/#\/schema\/person\/5754bfbc948dd8ca0f6dedda55df8452","name":"Ambre Tournet","image":{"@type":"ImageObject","inLanguage":"fr-FR","@id":"https:\/\/www.legalvision.fr\/guides-juridiques\/#\/schema\/person\/image\/","url":"https:\/\/www.legalvision.fr\/guides-juridiques\/wp-content\/uploads\/2023\/07\/femme1-96x96.png","contentUrl":"https:\/\/www.legalvision.fr\/guides-juridiques\/wp-content\/uploads\/2023\/07\/femme1-96x96.png","caption":"Ambre Tournet"},"description":"Je suis juriste au sein de LegalVision et titulaire d'un Master 2 Droit de la distribution et des contrats d'affaires au sein de l'Universit\u00e9 de Montpellier.","url":"https:\/\/www.legalvision.fr\/guides-juridiques\/author\/ambre-thevenon\/"}]}},"_links":{"self":[{"href":"https:\/\/www.legalvision.fr\/guides-juridiques\/wp-json\/wp\/v2\/posts\/29251","targetHints":{"allow":["GET"]}}],"collection":[{"href":"https:\/\/www.legalvision.fr\/guides-juridiques\/wp-json\/wp\/v2\/posts"}],"about":[{"href":"https:\/\/www.legalvision.fr\/guides-juridiques\/wp-json\/wp\/v2\/types\/post"}],"author":[{"embeddable":true,"href":"https:\/\/www.legalvision.fr\/guides-juridiques\/wp-json\/wp\/v2\/users\/50"}],"replies":[{"embeddable":true,"href":"https:\/\/www.legalvision.fr\/guides-juridiques\/wp-json\/wp\/v2\/comments?post=29251"}],"version-history":[{"count":8,"href":"https:\/\/www.legalvision.fr\/guides-juridiques\/wp-json\/wp\/v2\/posts\/29251\/revisions"}],"predecessor-version":[{"id":40011,"href":"https:\/\/www.legalvision.fr\/guides-juridiques\/wp-json\/wp\/v2\/posts\/29251\/revisions\/40011"}],"wp:featuredmedia":[{"embeddable":true,"href":"https:\/\/www.legalvision.fr\/guides-juridiques\/wp-json\/wp\/v2\/media\/29481"}],"wp:attachment":[{"href":"https:\/\/www.legalvision.fr\/guides-juridiques\/wp-json\/wp\/v2\/media?parent=29251"}],"wp:term":[{"taxonomy":"category","embeddable":true,"href":"https:\/\/www.legalvision.fr\/guides-juridiques\/wp-json\/wp\/v2\/categories?post=29251"},{"taxonomy":"post_tag","embeddable":true,"href":"https:\/\/www.legalvision.fr\/guides-juridiques\/wp-json\/wp\/v2\/tags?post=29251"}],"curies":[{"name":"wp","href":"https:\/\/api.w.org\/{rel}","templated":true}]}}