{"id":28952,"date":"2019-10-28T07:30:25","date_gmt":"2019-10-28T06:30:25","guid":{"rendered":"https:\/\/blog.legalvision.fr\/?p=28952"},"modified":"2023-10-23T15:06:13","modified_gmt":"2023-10-23T13:06:13","slug":"quand-faut-il-s-inscrire-au-registre-des-metiers","status":"publish","type":"post","link":"https:\/\/www.legalvision.fr\/guides-juridiques\/creer-son-entreprise\/quand-faut-il-s-inscrire-au-registre-des-metiers\/","title":{"rendered":"Registre des m\u00e9tiers : quand et comment s&rsquo;inscrire ?"},"content":{"rendered":"\t\t<div data-elementor-type=\"wp-post\" data-elementor-id=\"28952\" class=\"elementor elementor-28952\" data-elementor-post-type=\"post\">\n\t\t\t\t<div data-particle_enable=\"false\" data-particle-mobile-disabled=\"false\" class=\"elementor-element elementor-element-d1b1092 e-flex e-con-boxed e-con e-parent\" data-id=\"d1b1092\" data-element_type=\"container\" data-e-type=\"container\">\n\t\t\t\t\t<div class=\"e-con-inner\">\n\t\t\t\t<div class=\"elementor-element elementor-element-fc75e79 elementor-widget elementor-widget-text-editor\" data-id=\"fc75e79\" data-element_type=\"widget\" data-e-type=\"widget\" data-widget_type=\"text-editor.default\">\n\t\t\t\t<div class=\"elementor-widget-container\">\n\t\t\t\t\t\t\t\t\t<p style=\"line-height: var(--wp--typography--line-height,var(--global--line-height-body)); font-family: var(--e-global-typography-primary-font-family);\"><span style=\"font-weight: bold;\">Registre des m\u00e9tiers<\/span>\u00a0: l&rsquo;immatriculation au r\u00e9pertoire des m\u00e9tiers (ou registre des m\u00e9tiers), est<span style=\"font-weight: bold;\">\u00a0obligatoire<\/span>\u00a0pour les personnes physiques ou morales n&#8217;employant pas plus de 10 salari\u00e9s et exer\u00e7ant une<span style=\"font-weight: bold;\">\u00a0activit\u00e9 artisanale.<\/span><\/p><p style=\"line-height: var(--wp--typography--line-height,var(--global--line-height-body)); font-family: var(--e-global-typography-primary-font-family);\">Dans cet article, LegalVision vous guide dans\u00a0<span style=\"font-weight: bold;\">les \u00e9tapes \u00e0 suivre pour la cr\u00e9ation de votre entreprise artisanale aupr\u00e8s du registre des m\u00e9tiers.\u00a0<\/span><\/p><h3 style=\"font-family: Montserrat, sans-serif; font-weight: var( --e-global-typography-accent-font-weight ); font-size: var( --e-global-typography-accent-font-size ); letter-spacing: normal; line-height: var( --e-global-typography-accent-line-height ); text-transform: none; font-style: normal; text-decoration-thickness: initial; text-decoration-style: initial; text-decoration-color: initial;\"><span style=\"font-weight: var(--heading--font-weight-strong);\">Sommaire\u00a0<\/span><\/h3><p style=\"line-height: var(--wp--typography--line-height,var(--global--line-height-body)); font-family: var(--e-global-typography-primary-font-family);\"><a href=\"https:\/\/www.legalvision.fr\/guides-juridiques\/?p=28952&amp;elementor-preview=28952&amp;ver=1698066193#1\">Qu&rsquo;est-ce que le registre des m\u00e9tiers ?<\/a><br \/><a href=\"https:\/\/www.legalvision.fr\/guides-juridiques\/?p=28952&amp;elementor-preview=28952&amp;ver=1698066193#2\">Qui est concern\u00e9 par l&rsquo;inscription au registre des m\u00e9tiers ?<\/a><br \/><a href=\"https:\/\/www.legalvision.fr\/guides-juridiques\/?p=28952&amp;elementor-preview=28952&amp;ver=1698066193#3\">Les d\u00e9marches \u00e0 r\u00e9aliser pour s&rsquo;inscrire au registre des m\u00e9tiers<\/a><br \/><span style=\"font-weight: bold;\"><a href=\"https:\/\/www.legalvision.fr\/guides-juridiques\/?p=28952&amp;elementor-preview=28952&amp;ver=1698066193#4\">les co\u00fbts\u00a0de l&rsquo;inscription au registre des m\u00e9tiers<\/a><br \/><a href=\"https:\/\/www.legalvision.fr\/guides-juridiques\/?p=28952&amp;elementor-preview=28952&amp;ver=1698066193#5\">Les sanctions en cas de d\u00e9faut d&rsquo;inscription\u00a0au registre des m\u00e9tiers<\/a><\/span><br \/><br \/><\/p>\t\t\t\t\t\t\t\t<\/div>\n\t\t\t\t<\/div>\n\t\t\t\t\t<\/div>\n\t\t\t\t<\/div>\n\t\t<div data-particle_enable=\"false\" data-particle-mobile-disabled=\"false\" class=\"elementor-element elementor-element-63e6873e e-flex e-con-boxed e-con e-parent\" data-id=\"63e6873e\" data-element_type=\"container\" data-e-type=\"container\">\n\t\t\t\t\t<div class=\"e-con-inner\">\n\t\t\t\t<div class=\"elementor-element elementor-element-561cb30f elementor-widget elementor-widget-heading\" data-id=\"561cb30f\" data-element_type=\"widget\" data-e-type=\"widget\" data-widget_type=\"heading.default\">\n\t\t\t\t<div class=\"elementor-widget-container\">\n\t\t\t\t\t<h2 class=\"elementor-heading-title elementor-size-default\">Nos outils pour vous aider : <\/h2>\t\t\t\t<\/div>\n\t\t\t\t<\/div>\n\t\t\t\t\t<\/div>\n\t\t\t\t<\/div>\n\t\t<div data-particle_enable=\"false\" data-particle-mobile-disabled=\"false\" class=\"elementor-element elementor-element-79283c20 e-flex e-con-boxed e-con e-parent\" data-id=\"79283c20\" data-element_type=\"container\" data-e-type=\"container\">\n\t\t\t\t\t<div class=\"e-con-inner\">\n\t\t<div data-particle_enable=\"false\" data-particle-mobile-disabled=\"false\" class=\"elementor-element elementor-element-49e29dca e-con-full e-flex e-con e-parent\" data-id=\"49e29dca\" data-element_type=\"container\" data-e-type=\"container\">\n\t\t\t\t<div class=\"elementor-element elementor-element-1303b96f elementor-widget elementor-widget-button\" data-id=\"1303b96f\" data-element_type=\"widget\" data-e-type=\"widget\" data-widget_type=\"button.default\">\n\t\t\t\t<div class=\"elementor-widget-container\">\n\t\t\t\t\t\t\t\t\t<div class=\"elementor-button-wrapper\">\n\t\t\t\t\t<a class=\"elementor-button elementor-button-link elementor-size-sm\" href=\"https:\/\/leonard.fr\/juridique\/creation-entreprise\/creation-dune-sasu\/?utm_source=Blog&#038;utm_medium=CTA&#038;utm_campaign=registre_metiers_inscription&#038;utm_id=creation_blog\" target=\"_blank\">\n\t\t\t\t\t\t<span class=\"elementor-button-content-wrapper\">\n\t\t\t\t\t\t\t\t\t<span class=\"elementor-button-text\">Cr\u00e9ez votre SASU en ligne<\/span>\n\t\t\t\t\t<\/span>\n\t\t\t\t\t<\/a>\n\t\t\t\t<\/div>\n\t\t\t\t\t\t\t\t<\/div>\n\t\t\t\t<\/div>\n\t\t\t\t<\/div>\n\t\t<div data-particle_enable=\"false\" data-particle-mobile-disabled=\"false\" class=\"elementor-element elementor-element-482ec2dd e-con-full e-flex e-con e-parent\" data-id=\"482ec2dd\" data-element_type=\"container\" data-e-type=\"container\">\n\t\t\t\t<div class=\"elementor-element elementor-element-346b4397 elementor-widget elementor-widget-button\" data-id=\"346b4397\" data-element_type=\"widget\" data-e-type=\"widget\" data-widget_type=\"button.default\">\n\t\t\t\t<div class=\"elementor-widget-container\">\n\t\t\t\t\t\t\t\t\t<div class=\"elementor-button-wrapper\">\n\t\t\t\t\t<a class=\"elementor-button elementor-button-link elementor-size-sm\" href=\"https:\/\/meetings.hubspot.com\/global\/leonard-rendez-vous-gratuit-avec-un-juriste?utm_source=Blog&#038;utm_medium=CTA&#038;utm_campaign=registre_metiers_inscription&#038;utm_id=creation_blog\" target=\"_blank\">\n\t\t\t\t\t\t<span class=\"elementor-button-content-wrapper\">\n\t\t\t\t\t\t\t\t\t<span class=\"elementor-button-text\">Soyez rappel\u00e9 par un juriste gratuitement<\/span>\n\t\t\t\t\t<\/span>\n\t\t\t\t\t<\/a>\n\t\t\t\t<\/div>\n\t\t\t\t\t\t\t\t<\/div>\n\t\t\t\t<\/div>\n\t\t\t\t<\/div>\n\t\t<div data-particle_enable=\"false\" data-particle-mobile-disabled=\"false\" class=\"elementor-element elementor-element-ad460dd e-con-full e-flex e-con e-parent\" data-id=\"ad460dd\" data-element_type=\"container\" data-e-type=\"container\">\n\t\t\t\t<div class=\"elementor-element elementor-element-48ed8fd5 elementor-widget elementor-widget-button\" data-id=\"48ed8fd5\" data-element_type=\"widget\" data-e-type=\"widget\" data-widget_type=\"button.default\">\n\t\t\t\t<div class=\"elementor-widget-container\">\n\t\t\t\t\t\t\t\t\t<div class=\"elementor-button-wrapper\">\n\t\t\t\t\t<a class=\"elementor-button elementor-button-link elementor-size-sm\" href=\"https:\/\/share.hsforms.com\/1MCz4iJkPSsaIbYWlbzl6vw1oyza?utm_source=Blog&#038;utm_medium=CTA&#038;utm_campaign=registre_metiers_inscription&#038;utm_id=creation_blog\" target=\"_blank\">\n\t\t\t\t\t\t<span class=\"elementor-button-content-wrapper\">\n\t\t\t\t\t\t\t\t\t<span class=\"elementor-button-text\">Publiez votre annonce l\u00e9gale<\/span>\n\t\t\t\t\t<\/span>\n\t\t\t\t\t<\/a>\n\t\t\t\t<\/div>\n\t\t\t\t\t\t\t\t<\/div>\n\t\t\t\t<\/div>\n\t\t\t\t<\/div>\n\t\t\t\t\t<\/div>\n\t\t\t\t<\/div>\n\t\t\t\t<section data-particle_enable=\"false\" data-particle-mobile-disabled=\"false\" class=\"elementor-section elementor-top-section elementor-element elementor-element-5692d900 elementor-section-boxed elementor-section-height-default elementor-section-height-default\" data-id=\"5692d900\" data-element_type=\"section\" data-e-type=\"section\">\n\t\t\t\t\t\t<div class=\"elementor-container elementor-column-gap-default\">\n\t\t\t\t\t<div class=\"elementor-column elementor-col-100 elementor-top-column elementor-element elementor-element-56b3ba54\" data-id=\"56b3ba54\" data-element_type=\"column\" data-e-type=\"column\">\n\t\t\t<div class=\"elementor-widget-wrap elementor-element-populated\">\n\t\t\t\t\t\t<div class=\"elementor-element elementor-element-7b34b9c6 elementor-widget elementor-widget-text-editor\" data-id=\"7b34b9c6\" data-element_type=\"widget\" data-e-type=\"widget\" data-widget_type=\"text-editor.default\">\n\t\t\t\t<div class=\"elementor-widget-container\">\n\t\t\t\t\t\t\t\t\t<div class=\"wp-block-button\" style=\"text-align: center;\">\u00a0<\/div><h2 id=\"1\"><strong>\u00a0<\/strong><\/h2><h2 id=\"1\"><strong>Qu&rsquo;est-ce que le registre des m\u00e9tiers ?<\/strong><\/h2><p>Le registre des m\u00e9tiers et de l&rsquo;artisanat, ou aujourd&rsquo;hui commun\u00e9ment appel\u00e9 r\u00e9pertoire des m\u00e9tiers, recense tous les artisans, c&rsquo;est-\u00e0-dire\u00a0<strong>toutes les entreprises artisanales compos\u00e9es de moins de 11 salari\u00e9s au moment de leur cr\u00e9ation<\/strong>. Le r\u00e9pertoire des m\u00e9tiers est tenu pas <a href=\"https:\/\/blog.legalvision.fr\/2019\/06\/24\/chambre-des-metiers-et-de-l-artisanat\/\">les chambres des m\u00e9tiers et de l\u2019artisanat.<\/a><\/p><p>Les chambres des m\u00e9tiers et de l&rsquo;artisanat sont <strong>implant\u00e9es\u00a0sur le territoire fran\u00e7ais \u00e0 diff\u00e9rents niveaux :<\/strong><\/p><ul><li><strong>au<\/strong> <strong>niveau national<\/strong> : il existe l\u2019assembl\u00e9e permanente des chambres des m\u00e9tiers et de l\u2019artisanat (APCMA). Cette assembl\u00e9e\u00a0est aussi appel\u00e9e\u00a0CMA France.\u00a0Il s&rsquo;agit de l\u2019\u00e9tablissement national \u00e0 la t\u00eate\u00a0du r\u00e9seau des chambres de m\u00e9tiers et de l\u2019artisanat\u00a0fran\u00e7aises.<\/li><li><strong>au niveau r\u00e9gional <\/strong>: il y a les\u00a0chambres r\u00e9gionales des m\u00e9tiers et de l\u2019artisanat (CRMA) et aussi les chambres des m\u00e9tiers et de l\u2019artisanat des r\u00e9gions (CMAR) ;<\/li><li><strong>au niveau d\u00e9partemental <\/strong>: ce sont les chambres des m\u00e9tiers et de l\u2019artisanat d\u00e9partementales qui se chargent des m\u00e9tiers de l&rsquo;artisanat.<\/li><\/ul><p>Ainsi, chaque chambre des m\u00e9tiers et de l&rsquo;artisanat tient le r\u00e9pertoire des m\u00e9tiers des entreprises situ\u00e9es <strong>dans son ressort.<\/strong><\/p><h2 id=\"2\"><strong>\u00a0<\/strong><\/h2><h2 id=\"2\"><strong>Qui est concern\u00e9 par l&rsquo;inscription au registre des m\u00e9tiers ?\u00a0<\/strong><\/h2><p>L&rsquo;inscription au registre des m\u00e9tiers\u00a0doit \u00eatre effectu\u00e9e <a href=\"https:\/\/blog.legalvision.fr\/2019\/05\/04\/repertoire-des-metiers-qui-doit-s-y-immatriculer\/\">lorsque <\/a><strong>deux\u00a02 conditions sont\u00a0cumul\u00e9es\u00a0:\u00a0<\/strong><\/p><ul><li>la structure de l&rsquo;entreprise a<strong>\u00a0un maximum de 10 employ\u00e9s au moment de\u00a0sa cr\u00e9ation<\/strong> ;<\/li><li>l&rsquo;activit\u00e9 exerc\u00e9e par cette entreprise est <strong>artisanale,<\/strong> c&rsquo;est \u00e0 dire qu&rsquo;il s&rsquo;agit d&rsquo;une activit\u00e9 de production, de transformation, de r\u00e9paration ou de prestations de services. Vous trouverez ci-apr\u00e8s\u00a0la liste des activit\u00e9s\u00a0<a href=\"https:\/\/www.cfe-metiers.com\/HTM\/activites.aspx\">relevant de l&rsquo;artisanat<\/a>.<\/li><\/ul><p><strong>Bon \u00e0 savoir :\u00a0<\/strong><\/p><p>Lors de l&rsquo;inscription au registre des m\u00e9tiers, le nombre de salari\u00e9s ne doit pas, en effet, exc\u00e9der 11 employ\u00e9s. Cependant, ce nombre peut \u00e9voluer au fil du temps.<\/p><p>Ainsi, depuis\u00a02016, il est possible pour les entreprises artisanales <strong>d\u00e9passant le nombre de 10 salari\u00e9s<\/strong>\u00a0de rester immatricul\u00e9es au r\u00e9pertoire des m\u00e9tiers<strong>. <\/strong>En effet, la loi pr\u00e9voit que si le seuil de 10\u00a0salari\u00e9s est\u00a0d\u00e9pass\u00e9 en cours d&rsquo;exploitation,\u00a0l&rsquo;immatriculation au registre des m\u00e9tiers est alors maintenue<strong>\u00a0jusqu&rsquo;\u00e0 49 salari\u00e9s.<\/strong><\/p><p>Par ailleurs, les entreprises peuvent rester immatricul\u00e9es au registre des m\u00e9tiers lorsqu&rsquo;elles ont :<\/p><ul><li><strong>entre 11 et 49 salari\u00e9s<\/strong>\u00a0et reprennent un fonds d\u00e9j\u00e0 inscrit au r\u00e9pertoire ;<\/li><li><strong>plus de 50 salari\u00e9s<\/strong>\u00a0: elles restent immatricul\u00e9es l&rsquo;ann\u00e9e du d\u00e9passement de seuil, puis les 2 ann\u00e9es suivant celle-ci ;<\/li><li><strong>au moins\u00a050 salari\u00e9s<\/strong> et immatricul\u00e9es au 10 d\u00e9cembre 2016\u00a0: elles peuvent b\u00e9n\u00e9ficier de l\u2019immatriculation au registre des m\u00e9tiers pendant une dur\u00e9e de 5 ans.<\/li><\/ul><h3>\u00a0<\/h3><h3>Qu&rsquo;est-ce qu&rsquo;un artisan ?<\/h3><p>Un artisan est un<strong> entrepreneur<\/strong> r\u00e9alisant une activit\u00e9 de prestation de service caract\u00e9ris\u00e9e par la pr\u00e9pond\u00e9rance du travail manuel et personnel de l\u2019entrepreneur.<\/p><p>Il y a donc<strong>\u00a02 crit\u00e8res tr\u00e8s importants pour caract\u00e9riser le m\u00e9tier d&rsquo;artisan<\/strong>\u00a0:<\/p><ul><li>le<strong> travail manuel<\/strong>\u00a0;<\/li><li>et le<strong>\u00a0travail personnel.<\/strong><\/li><\/ul><p>Pour se pr\u00e9valoir de la <a href=\"https:\/\/blog.legalvision.fr\/2018\/10\/04\/artisan-statut-juridique\/\">qualit\u00e9 d&rsquo;artisan<\/a>, il est donc n\u00e9cessaire de remplir ces\u00a02 crit\u00e8res.<\/p><p>Par ailleurs, depuis 2017, les personnes morales et personnes physiques relevant du secteur de l\u2019artisanat\u00a0peuvent se pr\u00e9valoir de la qualit\u00e9 d\u2019artisan <strong>d\u00e8s lors qu\u2019ils justifient :<\/strong><\/p><ul><li>d\u2019un dipl\u00f4me ou d&rsquo;un titre dans le domaine concern\u00e9,<\/li><li>ou d\u2019une exp\u00e9rience professionnelle significative dans le m\u00e9tier qu\u2019ils exercent.<\/li><\/ul><p>Un artisan peut exercer son activit\u00e9 sous n&rsquo;importe quelle forme, c&rsquo;est-\u00e0-dire qu&rsquo;il peut<strong> choisir entre plusieurs formes juridiques et statuts.<\/strong> Par exemple, il peut avoir le statut d&rsquo;auto-entrepreneur, ou exercer son activit\u00e9 sous une entreprise individuelle (EI), ou encore sous la forme d&rsquo;une soci\u00e9t\u00e9 (SARL, SA&#8230;).<\/p><h3><strong>\u00a0<\/strong><\/h3><h3><strong>Le r\u00e9gime social et fiscal de l&rsquo;artisan\u00a0<\/strong><\/h3><p>Concernant tout d&rsquo;abord le <strong>r\u00e9gime social de l&rsquo;artisan ind\u00e9pendant<\/strong>, celui-ci\u00a0rel\u00e8ve du r\u00e9gime social <strong>des travailleurs non-salari\u00e9s.\u00a0<\/strong>Ainsi, l&rsquo;artisan doit obligatoirement \u00eatre affili\u00e9\u00a0\u00e0 la\u00a0<a href=\"https:\/\/www.secu-independants.fr\/\" target=\"_blank\" rel=\"noopener noreferrer\">s\u00e9curit\u00e9 sociale pour les ind\u00e9pendants<\/a>.<\/p><p>Ensuite, concernant le<strong> r\u00e9gime social de l&rsquo;artisan dans une soci\u00e9t\u00e9 commerciale, <\/strong>celui-ci d\u00e9pendra de la forme de la soci\u00e9t\u00e9 choisie.<\/p><p><strong>Le r\u00e9gime fiscal de l&rsquo;artisan va d\u00e9pendre de la forme juridique de sa soci\u00e9t\u00e9 : <\/strong><\/p><ul><li>s&rsquo;il <strong>rel\u00e8ve des BIC<\/strong> : ses cotisations sociales personnelles sont automatiquement calcul\u00e9es sur la base du chiffre d&rsquo;affaires ;<\/li><li>s&rsquo;il rel\u00e8ve de <strong>l&rsquo;IR (imp\u00f4t sur le revenu)<\/strong> :\u00a0la base de calcul des cotisations sociales dans ce cas, correspondra au\u00a0revenu d&rsquo;activit\u00e9\u00a0imposable de l&rsquo;entreprise ;<\/li><li>s&rsquo;il rel\u00e8ve de <strong>l&rsquo;IS (imp\u00f4t sur les soci\u00e9t\u00e9s)<\/strong> : ses cotisations sociales sont calcul\u00e9es \u00e0 partir de la r\u00e9mun\u00e9ration qu&rsquo;il per\u00e7oit.<\/li><\/ul><h3>\u00a0<\/h3><h3>Distinction\u00a0activit\u00e9 artisanale des autres activit\u00e9s<\/h3><p>L&rsquo;activit\u00e9 artisanale doit, en effet, \u00eatre\u00a0<strong>distinguer des autres activit\u00e9s<\/strong> :<\/p><ul><li>l\u2019activit\u00e9 commerciale ;<\/li><li>l&rsquo;activit\u00e9 lib\u00e9rale ;<\/li><li>l&rsquo;activit\u00e9 agricole.<\/li><\/ul><p>Ces\u00a03 activit\u00e9s font, en effet, l\u2019objet d\u2019une immatriculation dans des chambres diff\u00e9rentes et<strong>\u00a0<\/strong>non pas\u00a0aux chambres des m\u00e9tiers et de l\u2019artisanat.<\/p><h4>\u00a0<\/h4><h4>La\u00a0distinction entre activit\u00e9\u00a0artisanale et l&rsquo;activit\u00e9 commerciale<\/h4><p><b>L&rsquo;activit\u00e9 commerciale <\/b>est d\u00e9finie par le Code de commerce. Ce dernier pr\u00e9voit qu&rsquo;une personne effectuant des actes de commerce et qui en fait sa profession habituelle est un commer\u00e7ant. L&rsquo;activit\u00e9 commerciale est donc\u00a0<strong>exerc\u00e9e par un commer\u00e7ant.\u00a0<\/strong>La loi <a href=\"https:\/\/www.legifrance.gouv.fr\/affichCodeArticle.do?cidTexte=LEGITEXT000005634379&amp;idArticle=LEGIARTI000006219125\">liste d&rsquo;ailleurs l&rsquo;ensemble des actes qui sont consid\u00e9r\u00e9s comme des actes de commerce<\/a>. Ainsi, \u00e0 titre d&rsquo;exemple, est un acte de commerce : tout achat de biens meubles ou immeubles pour les revendre.<strong>\u00a0<\/strong><br \/><strong>L&rsquo;activit\u00e9 artisanale<\/strong> correspond quant \u00e0 elle \u00e0 une activit\u00e9 exerc\u00e9e par\u00a0une entreprise exer\u00e7ant une <strong>activit\u00e9 ind\u00e9pendante<\/strong> de transformation, de production, de r\u00e9paration et n\u2019employant pas plus de 10 salari\u00e9s.<\/p><p>En principe, le commer\u00e7ant est soumis au\u00a0<strong>droit commercial <\/strong>alors que\u00a0l\u2019artisan est soumis au<strong>\u00a0droit civil<\/strong>.\u00a0L\u2019artisan sera cependant soumis \u00e0 de nombreuses dispositions pr\u00e9sentes dans le Code de commerce, comme notamment l\u2019assujettissement aux proc\u00e9dures collectives (redressement judiciaire, ou encore liquidation\u00a0judiciaire).<\/p><p>Lorsque la diff\u00e9rence entre artisan et commer\u00e7ant n\u2019est pas \u00e9vidente, il faut v\u00e9rifier si les revenus de l\u2019artisan proviennent bien de son\u00a0travail manuel.<\/p><p style=\"text-align: left;\"><b>Pour tout savoir sur les diff\u00e9rences entre l\u2019artisan\u00a0et le commer\u00e7ant : <\/b><a style=\"font-weight: bold;\" href=\"https:\/\/blog.legalvision.fr\/2019\/05\/28\/artisan-commercant-les-differences\/\">rendez-vous ici !<\/a><\/p><h4>\u00a0<\/h4><h4>La distinction entre l&rsquo;activit\u00e9 artisanale et l&rsquo;activit\u00e9\u00a0lib\u00e9rale<\/h4><p>Une\u00a0<strong>activit\u00e9 lib\u00e9rale\u00a0<\/strong>consiste en une activit\u00e9 ayant pour finalit\u00e9 d\u2019offrir des <strong>services intellectuels<\/strong>. Elle est exerc\u00e9e\u00a0de fa\u00e7on ind\u00e9pendante\u00a0et justifi\u00e9e par des dipl\u00f4mes ou qualifications professionnelles correspondantes. Par exemple, la profession d&rsquo;avocat, de m\u00e9decin ou encore de notaire est exerc\u00e9e de fa\u00e7on lib\u00e9rale.<\/p><p>Il convient de pr\u00e9ciser qu&rsquo;en cas d&rsquo;exercice\u00a0d&rsquo;une <strong>profession lib\u00e9rale r\u00e9glement\u00e9e<\/strong>,\u00a0des\u00a0r\u00e8gles sp\u00e9cifiques \u00e0 cette profession vont s&rsquo;appliquer\u00a0et devoir \u00eatre respect\u00e9es par le professionnel sous peine de sanctions. Ces r\u00e8gles sont en principe propres au m\u00e9tier exerc\u00e9. Par ailleurs, un\u00a0organisme repr\u00e9sentatif de la profession\u00a0contr\u00f4le leur respect. Pour reprendre notre exemple, il s&rsquo;agit de l&rsquo;ordre des m\u00e9decins pour les m\u00e9decins, ou encore l&rsquo;ordre des avocats pour les avocats.<\/p><h4>\u00a0<\/h4><h4>La distinction entre l&rsquo;activit\u00e9\u00a0artisanale et l&rsquo;activit\u00e9 agricole<\/h4><p>L<strong>\u2019activit\u00e9 agricole <\/strong>est\u00a0d\u00e9finie par le Code rural. Il s&rsquo;agit d&rsquo;une activit\u00e9 consistant en la <strong>ma\u00eetrise et \u00e0 l&rsquo;exploitation d&rsquo;un cycle biologique de caract\u00e8re v\u00e9g\u00e9tal ou animal et constituant une ou plusieurs \u00e9tapes n\u00e9cessaires au d\u00e9roulement de ce cycle<\/strong>. Cela concerne aussi\u00a0les activit\u00e9s exerc\u00e9es par un exploitant agricole qui sont dans le prolongement de l&rsquo;acte de production ou qui ont pour support l&rsquo;exploitation. Elle se distingue donc\u00a0assez facilement de l&rsquo;activit\u00e9 artisanale.<\/p><h4>\u00a0<\/h4><h4>Le\u00a0statut particulier de l&rsquo;artisan commer\u00e7ant<\/h4><p>La qualit\u00e9 d\u2019artisan n\u2019est <strong>pas incompatible avec celle de commer\u00e7ant<\/strong>. Ainsi, il est possible pour l&rsquo;artisan de <strong>cumuler\u00a02 activit\u00e9s<\/strong> : une activit\u00e9 artisanale et une activit\u00e9 commerciale.<\/p><p>Par cons\u00e9quent, dans le cas o\u00f9 vous effectuez deux activit\u00e9s diff\u00e9rentes (l&rsquo;une commerciale et l&rsquo;autre artisanale), il faudra que vous <strong>vous immatriculiez au\u00a0r\u00e9pertoire des m\u00e9tiers\u00a0pour votre activit\u00e9 artisanale et au Registre du Commerce et des Soci\u00e9t\u00e9s (RCS) pour votre activit\u00e9 commerciale. <\/strong>sera\u00a0ainsi obligatoire de proc\u00e9der \u00e0 une <strong>double immatriculation.\u00a0<\/strong><\/p><h2 id=\"3\">\u00a0<\/h2><h2 id=\"3\">Les d\u00e9marches\u00a0\u00e0 r\u00e9aliser pour s&rsquo;inscrire\u00a0au registre des m\u00e9tiers<\/h2><p>LegalVision vous liste les \u00e9tapes n\u00e9cessaires pour s&rsquo;inscrire \u00e0 la chambre des m\u00e9tiers.<\/p><h3>\u00a0<\/h3><h3>Formalit\u00e9s pr\u00e9alables<\/h3><p>Pr\u00e9alablement \u00e0 la constitution du dossier d&rsquo;immatriculation au registre des m\u00e9tiers, il conviendra de r\u00e9aliser <strong>quelques formalit\u00e9s<\/strong> :<\/p><ul><li>choisir une <strong>d\u00e9nomination sociale<\/strong> pour l&rsquo;entreprise : votre pr\u00e9nom ainsi que nom de famille peut suffire, mais vous avez aussi la possibilit\u00e9 d&rsquo;inventer un nom d&rsquo;entreprise ;<\/li><li>fixer <strong>l&rsquo;adresse<\/strong> de l&rsquo;entreprise : vous pouvez choisir de fixer l&rsquo;adresse de votre domicile ou encore d\u00e9cider d&rsquo;utiliser une soci\u00e9t\u00e9 de domiciliation ;<\/li><li>d\u00e9terminer <strong>l&rsquo;activit\u00e9 principale<\/strong> exerc\u00e9e par cette soci\u00e9t\u00e9.<\/li><\/ul><h3>\u00a0<\/h3><h3>Le d\u00e9p\u00f4t du dossier<\/h3><p>Le d\u00e9p\u00f4t du dossier peut s&rsquo;effectuer <strong>directement en ligne,<\/strong> ou<strong>\u00a0devant la chambre des m\u00e9tiers et de l&rsquo;artisanat<\/strong> de votre d\u00e9partement.<\/p><p>Les pi\u00e8ces obligatoires \u00e0 fournir lors du d\u00e9p\u00f4t du dossier <strong>sont les suivantes :\u00a0<\/strong><\/p><ul><li>le\u00a0<a href=\"https:\/\/www.infogreffe.fr\/formalites-entreprise\/telecharger-formulaires-formalites-entreprise.html\">formulaire de d\u00e9claration de d\u00e9but d\u2019activit\u00e9<\/a>\u00a0;<\/li><li>une <strong>pi\u00e8ce d\u2019identit\u00e9<\/strong> ou extrait d\u2019acte de naissance ;<\/li><li>une\u00a0d\u00e9claration de non-condamnation et de filiation\u00a0;<\/li><li>dans le cas o\u00f9 votre activit\u00e9 est une <strong>activit\u00e9 r\u00e9glement\u00e9e<\/strong> : il est obligatoire de fournir un formulaire\u00a0JQPA\u00a0(Justificatif de Qualification Professionnelle Artisanale), ou une copie du dipl\u00f4me, attestation du m\u00e9tier concern\u00e9\u00a0;<\/li><li>une attestation d\u2019information du conjoint des cons\u00e9quences sur les biens communs en cas de dettes de l\u2019exploitant (si r\u00e9gime de la communaut\u00e9 pour l&rsquo;entrepreneur individuel).<\/li><\/ul><p><strong>A noter :\u00a0<\/strong><\/p><p>L\u2019attestation de suivi de stage de pr\u00e9paration \u00e0 l\u2019installation (SPI)\u00a0<strong>n\u2019est plus obligatoire<\/strong> depuis la loi PACTE.<\/p><h3>\u00a0<\/h3><h3>L&rsquo;immatriculation au registre des m\u00e9tiers<\/h3><p>A la suite de votre demande d&rsquo;inscription au registre des m\u00e9tiers, la chambre des m\u00e9tiers correspondante <strong>vous d\u00e9livre un\u00a0extrait D1.<\/strong> Cet extrait\u00a0du registre des m\u00e9tiers (D1) est l\u2019\u00e9quivalent de l\u2019extrait d&rsquo;inscription au registre du commerce dit extrait<a href=\"https:\/\/blog.legalvision.fr\/2018\/03\/08\/demande-de-kbis\/\"><strong> Kbis <\/strong><\/a>pour les activit\u00e9s commerciales.<br \/><strong>\u00a0<\/strong><br \/>C&rsquo;est un peu comme la \u00ab\u00a0carte d&rsquo;identit\u00e9 de votre soci\u00e9t\u00e9\u00a0\u00bb. Ainsi, l\u2019extrait D1 donne des\u00a0<strong>renseignements sur :<\/strong><\/p><ul><li>l\u2019adresse ;<\/li><li>mais aussi sur l\u2019activit\u00e9 de l\u2019entreprise ;<\/li><li>l\u2019exploitant de l\u2019entreprise ;<\/li><li>et enfin, un num\u00e9ro vous est d\u00e9livr\u00e9 par le r\u00e9pertoire des m\u00e9tier : <strong>le num\u00e9ro <a href=\"https:\/\/blog.legalvision.fr\/2018\/10\/26\/siret-siren-nic-les-differences\/\">Siren<\/a>.<\/strong><\/li><\/ul><p>L\u2019extrait D1 de la chambre des m\u00e9tiers permettra <strong>de prouver aux tiers et aux organismes l&rsquo;enregistrement de votre entreprise\u00a0<\/strong>\u00e0 la chambre des m\u00e9tiers.<\/p><h2 id=\"4\">\u00a0<\/h2><h2 id=\"4\">Les co\u00fbts de l&rsquo;inscription au registre des m\u00e9tiers<\/h2><p>En moyenne, le co\u00fbt pour une immatriculation au registre des m\u00e9tiers <strong>est de 130 euros<\/strong>. Cependant,\u00a0<strong>ce tarif varie selon le d\u00e9partement devant lequel est effectu\u00e9e la demande.\u00a0<\/strong>Vous trouverez les tarifs correspondant \u00e0 votre d\u00e9partement sur le site internet de la chambre de votre ressort.<\/p><h2 id=\"5\">\u00a0<\/h2><h2 id=\"5\">Les sanctions en cas de d\u00e9faut d&rsquo;immatriculation au\u00a0registre des m\u00e9tiers<\/h2><p>L&rsquo;inscription au\u00a0r\u00e9pertoire des m\u00e9tiers est <strong>obligatoire.<\/strong> Aussi, dans le cas o\u00f9 celle-ci n&rsquo;a pas \u00e9t\u00e9 effectu\u00e9e, l&rsquo;artisan encourt <strong>plusieurs sanctions :\u00a0<\/strong><\/p><ul><li><strong>7 500 euros d&rsquo;amende<\/strong>\u00a0pour une personne physique ;<\/li><li><strong>37 500 euros d&rsquo;amende<\/strong> pour une personne morale ;<\/li><\/ul><p>Par ailleurs, ces sanctions peuvent \u00eatre accompagn\u00e9es de <strong>peines\u00a0suppl\u00e9mentaires<\/strong> notamment,\u00a0la fermeture pour une dur\u00e9e de<strong> 5 ans<\/strong> de l&rsquo;\u00e9tablissement\u00a0; ou encore l&rsquo;affichage ou la diffusion de la d\u00e9cision prononc\u00e9e.<\/p><p>Toutefois, il est possible pour l&rsquo;artisan, pour r\u00e9gulariser sa situation, d&rsquo;envoyer une lettre recommand\u00e9e dans un <strong>d\u00e9lai d&rsquo;1 mois apr\u00e8s le d\u00e9but de son activit\u00e9.\u00a0<\/strong>Apr\u00e8s ce d\u00e9lai d&rsquo;1 mois, l&rsquo;artisan encourra les sanctions pr\u00e9c\u00e9demment cit\u00e9es.<\/p><p>Enfin, il convient de noter qu&rsquo;il est obligatoire pour l&rsquo;artisan de d\u00e9clarer tout changement important de situation sous peine de sanctions. Ainsi, certaines\u00a0formalit\u00e9s obligent <strong>\u00e0 effectuer une d\u00e9claration de modification au registre des m\u00e9tiers. <\/strong>On peut citer par exemple, le <strong><a href=\"https:\/\/www.legalvision.fr\/modification-statuts\/transfert-de-siege-social\/\">transfert de si\u00e8ge social<\/a> <\/strong>ou encore<strong> le changement de nom commercial de l&rsquo;entreprise.<\/strong><\/p><details><summary><strong>Sources\u00a0<\/strong><\/summary><p><strong>Articles\u00a0:\u00a0<\/strong><\/p><ul><li><a href=\"https:\/\/www.legifrance.gouv.fr\/affichCodeArticle.do?cidTexte=LEGITEXT000005634379&amp;idArticle=LEGIARTI000006219125\">L. 110-1 du Code de commerce<\/a> relatif aux actes de commerce ;<\/li><li><a href=\"https:\/\/www.legifrance.gouv.fr\/affichCodeArticle.do?idArticle=LEGIARTI000006219167&amp;cidTexte=LEGITEXT000005634379&amp;dateTexte=20000921\">L. 121-1<\/a> du Code de commerce relatif aux commer\u00e7ants ;<\/li><\/ul><p><strong>D\u00e9crets :<\/strong><\/p><ul><li><a href=\"https:\/\/www.legifrance.gouv.fr\/affichTexte.do?cidTexte=JORFTEXT000000571009\">D\u00e9cret n\u00b0 98-247<\/a>\u00a0du 2 avril 1998\u00a0relatif \u00e0 la qualification artisanale et au r\u00e9pertoire des m\u00e9tiers ;<\/li><li><a href=\"https:\/\/www.legifrance.gouv.fr\/affichTexte.do?cidTexte=LEGITEXT000006064095&amp;dateTexte=20180727\">D\u00e9cret\u00a0 n\u00b0\u00a083-316<\/a> du 15 avr. 1983\u00a0relatif au cr\u00e9dit \u00e0 l&rsquo;artisanat.<\/li><\/ul><p><strong>Lois :<\/strong><\/p><ul><li><a href=\"https:\/\/www.legifrance.gouv.fr\/affichTexte.do?cidTexte=JORFTEXT000000193678\">Loi n\u00b0 96-603 du 5 juillet 1996 <\/a>relative au d\u00e9veloppement et \u00e0 la promotion du commerce et de l&rsquo;artisanat ;<\/li><\/ul><p><strong>\u00a0<\/strong><\/p><\/details><div class=\"wp-block-button\" style=\"text-align: center;\">\u00a0<\/div><div class=\"wp-block-button\" style=\"text-align: center;\">\u00a0<\/div><div class=\"wp-block-button\" style=\"text-align: center;\"><a class=\"wp-block-button__link has-background\" href=\"https:\/\/leonard.fr\/juridique\/creation-entreprise\/creation-dune-sasu\/?utm_source=Blog&amp;utm_medium=CTA&amp;utm_campaign=registre_metiers_inscription&amp;utm_id=creation_blog\">Commencer ma cr\u00e9ation d&rsquo;entreprise<\/a><\/div>\t\t\t\t\t\t\t\t<\/div>\n\t\t\t\t<\/div>\n\t\t\t\t\t<\/div>\n\t\t<\/div>\n\t\t\t\t\t<\/div>\n\t\t<\/section>\n\t\t\t\t<\/div>\n\t\t","protected":false},"excerpt":{"rendered":"<p>Registre des m\u00e9tiers\u00a0: l&rsquo;immatriculation au r\u00e9pertoire des m\u00e9tiers (ou registre des m\u00e9tiers), est\u00a0obligatoire\u00a0pour les personnes physiques ou morales n&#8217;employant pas plus de 10 salari\u00e9s et exer\u00e7ant une\u00a0activit\u00e9 artisanale. Dans cet article, LegalVision vous guide dans\u00a0les \u00e9tapes \u00e0 suivre pour la cr\u00e9ation de votre entreprise artisanale aupr\u00e8s du registre des m\u00e9tiers.\u00a0 Sommaire\u00a0 Qu&rsquo;est-ce que le registre&hellip; <a class=\"more-link\" href=\"https:\/\/www.legalvision.fr\/guides-juridiques\/creer-son-entreprise\/quand-faut-il-s-inscrire-au-registre-des-metiers\/\">Poursuivre la lecture <span class=\"screen-reader-text\">Registre des m\u00e9tiers : quand et comment s&rsquo;inscrire ?<\/span><\/a><\/p>\n","protected":false},"author":30,"featured_media":29010,"comment_status":"open","ping_status":"open","sticky":false,"template":"","format":"standard","meta":{"content-type":"","inline_featured_image":false,"footnotes":""},"categories":[2481],"tags":[],"class_list":["post-28952","post","type-post","status-publish","format-standard","has-post-thumbnail","hentry","category-creer-son-entreprise","entry"],"yoast_head":"<!-- This site is optimized with the Yoast SEO plugin v27.1.1 - https:\/\/yoast.com\/product\/yoast-seo-wordpress\/ -->\n<title>Registre des m\u00e9tiers : quand et comment s&#039;inscrire ?<\/title>\n<meta name=\"description\" content=\"Chaque artisan a l&#039;obligation de s&#039;inscrire au registre des m\u00e9tiers. LegalVision vous explique en d\u00e9tails comment r\u00e9aliser cette d\u00e9marche rapidement !\" \/>\n<meta name=\"robots\" content=\"index, follow, max-snippet:-1, max-image-preview:large, max-video-preview:-1\" \/>\n<link rel=\"canonical\" href=\"https:\/\/www.legalvision.fr\/guides-juridiques\/creer-son-entreprise\/quand-faut-il-s-inscrire-au-registre-des-metiers\/\" \/>\n<meta property=\"og:locale\" content=\"fr_FR\" \/>\n<meta property=\"og:type\" content=\"article\" \/>\n<meta property=\"og:title\" content=\"Registre des m\u00e9tiers : quand et comment s&#039;inscrire ?\" \/>\n<meta property=\"og:description\" content=\"Chaque artisan a l&#039;obligation de s&#039;inscrire au registre des m\u00e9tiers. LegalVision vous explique en d\u00e9tails comment r\u00e9aliser cette d\u00e9marche rapidement !\" \/>\n<meta property=\"og:url\" content=\"https:\/\/www.legalvision.fr\/guides-juridiques\/creer-son-entreprise\/quand-faut-il-s-inscrire-au-registre-des-metiers\/\" \/>\n<meta property=\"og:site_name\" content=\"Guides juridiques\" \/>\n<meta property=\"article:published_time\" content=\"2019-10-28T06:30:25+00:00\" \/>\n<meta property=\"article:modified_time\" content=\"2023-10-23T13:06:13+00:00\" \/>\n<meta property=\"og:image\" content=\"https:\/\/www.legalvision.fr\/guides-juridiques\/wp-content\/uploads\/2019\/10\/r\u00e9pertoire_des_m\u00e9tiers_-min1.jpg\" \/>\n\t<meta property=\"og:image:width\" content=\"958\" \/>\n\t<meta property=\"og:image:height\" content=\"350\" \/>\n\t<meta property=\"og:image:type\" content=\"image\/jpeg\" \/>\n<meta name=\"author\" content=\"William Lebrun\" \/>\n<meta name=\"twitter:card\" content=\"summary_large_image\" \/>\n<meta name=\"twitter:label1\" content=\"\u00c9crit par\" \/>\n\t<meta name=\"twitter:data1\" content=\"William Lebrun\" \/>\n\t<meta name=\"twitter:label2\" content=\"Dur\u00e9e de lecture estim\u00e9e\" \/>\n\t<meta name=\"twitter:data2\" content=\"11 minutes\" \/>\n<script type=\"application\/ld+json\" class=\"yoast-schema-graph\">{\"@context\":\"https:\/\/schema.org\",\"@graph\":[{\"@type\":\"Article\",\"@id\":\"https:\/\/www.legalvision.fr\/guides-juridiques\/creer-son-entreprise\/quand-faut-il-s-inscrire-au-registre-des-metiers\/#article\",\"isPartOf\":{\"@id\":\"https:\/\/www.legalvision.fr\/guides-juridiques\/creer-son-entreprise\/quand-faut-il-s-inscrire-au-registre-des-metiers\/\"},\"author\":{\"name\":\"William Lebrun\",\"@id\":\"https:\/\/www.legalvision.fr\/guides-juridiques\/#\/schema\/person\/3d24d0c20575138ed212b2e4b6f7b4b0\"},\"headline\":\"Registre des m\u00e9tiers : quand et comment s&rsquo;inscrire ?\",\"datePublished\":\"2019-10-28T06:30:25+00:00\",\"dateModified\":\"2023-10-23T13:06:13+00:00\",\"mainEntityOfPage\":{\"@id\":\"https:\/\/www.legalvision.fr\/guides-juridiques\/creer-son-entreprise\/quand-faut-il-s-inscrire-au-registre-des-metiers\/\"},\"wordCount\":2403,\"commentCount\":4,\"publisher\":{\"@id\":\"https:\/\/www.legalvision.fr\/guides-juridiques\/#organization\"},\"image\":{\"@id\":\"https:\/\/www.legalvision.fr\/guides-juridiques\/creer-son-entreprise\/quand-faut-il-s-inscrire-au-registre-des-metiers\/#primaryimage\"},\"thumbnailUrl\":\"https:\/\/www.legalvision.fr\/guides-juridiques\/wp-content\/uploads\/2019\/10\/r\u00e9pertoire_des_m\u00e9tiers_-min1.jpg\",\"articleSection\":[\"Cr\u00e9er son entreprise\"],\"inLanguage\":\"fr-FR\",\"potentialAction\":[{\"@type\":\"CommentAction\",\"name\":\"Comment\",\"target\":[\"https:\/\/www.legalvision.fr\/guides-juridiques\/creer-son-entreprise\/quand-faut-il-s-inscrire-au-registre-des-metiers\/#respond\"]}]},{\"@type\":\"WebPage\",\"@id\":\"https:\/\/www.legalvision.fr\/guides-juridiques\/creer-son-entreprise\/quand-faut-il-s-inscrire-au-registre-des-metiers\/\",\"url\":\"https:\/\/www.legalvision.fr\/guides-juridiques\/creer-son-entreprise\/quand-faut-il-s-inscrire-au-registre-des-metiers\/\",\"name\":\"Registre des m\u00e9tiers : quand et comment s'inscrire ?\",\"isPartOf\":{\"@id\":\"https:\/\/www.legalvision.fr\/guides-juridiques\/#website\"},\"primaryImageOfPage\":{\"@id\":\"https:\/\/www.legalvision.fr\/guides-juridiques\/creer-son-entreprise\/quand-faut-il-s-inscrire-au-registre-des-metiers\/#primaryimage\"},\"image\":{\"@id\":\"https:\/\/www.legalvision.fr\/guides-juridiques\/creer-son-entreprise\/quand-faut-il-s-inscrire-au-registre-des-metiers\/#primaryimage\"},\"thumbnailUrl\":\"https:\/\/www.legalvision.fr\/guides-juridiques\/wp-content\/uploads\/2019\/10\/r\u00e9pertoire_des_m\u00e9tiers_-min1.jpg\",\"datePublished\":\"2019-10-28T06:30:25+00:00\",\"dateModified\":\"2023-10-23T13:06:13+00:00\",\"description\":\"Chaque artisan a l'obligation de s'inscrire au registre des m\u00e9tiers. LegalVision vous explique en d\u00e9tails comment r\u00e9aliser cette d\u00e9marche rapidement !\",\"breadcrumb\":{\"@id\":\"https:\/\/www.legalvision.fr\/guides-juridiques\/creer-son-entreprise\/quand-faut-il-s-inscrire-au-registre-des-metiers\/#breadcrumb\"},\"inLanguage\":\"fr-FR\",\"potentialAction\":[{\"@type\":\"ReadAction\",\"target\":[\"https:\/\/www.legalvision.fr\/guides-juridiques\/creer-son-entreprise\/quand-faut-il-s-inscrire-au-registre-des-metiers\/\"]}]},{\"@type\":\"ImageObject\",\"inLanguage\":\"fr-FR\",\"@id\":\"https:\/\/www.legalvision.fr\/guides-juridiques\/creer-son-entreprise\/quand-faut-il-s-inscrire-au-registre-des-metiers\/#primaryimage\",\"url\":\"https:\/\/www.legalvision.fr\/guides-juridiques\/wp-content\/uploads\/2019\/10\/r\u00e9pertoire_des_m\u00e9tiers_-min1.jpg\",\"contentUrl\":\"https:\/\/www.legalvision.fr\/guides-juridiques\/wp-content\/uploads\/2019\/10\/r\u00e9pertoire_des_m\u00e9tiers_-min1.jpg\",\"width\":958,\"height\":350,\"caption\":\"registre des m\u00e9tiers\"},{\"@type\":\"BreadcrumbList\",\"@id\":\"https:\/\/www.legalvision.fr\/guides-juridiques\/creer-son-entreprise\/quand-faut-il-s-inscrire-au-registre-des-metiers\/#breadcrumb\",\"itemListElement\":[{\"@type\":\"ListItem\",\"position\":1,\"name\":\"Accueil\",\"item\":\"https:\/\/www.legalvision.fr\/guides-juridiques\/\"},{\"@type\":\"ListItem\",\"position\":2,\"name\":\"Cr\u00e9er son entreprise\",\"item\":\"https:\/\/www.legalvision.fr\/guides-juridiques\/creer-son-entreprise\/\"},{\"@type\":\"ListItem\",\"position\":3,\"name\":\"Registre des m\u00e9tiers : quand et comment s&rsquo;inscrire ?\"}]},{\"@type\":\"WebSite\",\"@id\":\"https:\/\/www.legalvision.fr\/guides-juridiques\/#website\",\"url\":\"https:\/\/www.legalvision.fr\/guides-juridiques\/\",\"name\":\"Guides juridiques\",\"description\":\"L&#039;information juridique \u00e0 destination des entreprises et TPE\",\"publisher\":{\"@id\":\"https:\/\/www.legalvision.fr\/guides-juridiques\/#organization\"},\"potentialAction\":[{\"@type\":\"SearchAction\",\"target\":{\"@type\":\"EntryPoint\",\"urlTemplate\":\"https:\/\/www.legalvision.fr\/guides-juridiques\/?s={search_term_string}\"},\"query-input\":{\"@type\":\"PropertyValueSpecification\",\"valueRequired\":true,\"valueName\":\"search_term_string\"}}],\"inLanguage\":\"fr-FR\"},{\"@type\":\"Organization\",\"@id\":\"https:\/\/www.legalvision.fr\/guides-juridiques\/#organization\",\"name\":\"Guides juridiques\",\"url\":\"https:\/\/www.legalvision.fr\/guides-juridiques\/\",\"logo\":{\"@type\":\"ImageObject\",\"inLanguage\":\"fr-FR\",\"@id\":\"https:\/\/www.legalvision.fr\/guides-juridiques\/#\/schema\/logo\/image\/\",\"url\":\"https:\/\/www.legalvision.fr\/guides-juridiques\/wp-content\/uploads\/2022\/10\/LV-Logotype.png\",\"contentUrl\":\"https:\/\/www.legalvision.fr\/guides-juridiques\/wp-content\/uploads\/2022\/10\/LV-Logotype.png\",\"width\":647,\"height\":125,\"caption\":\"Guides juridiques\"},\"image\":{\"@id\":\"https:\/\/www.legalvision.fr\/guides-juridiques\/#\/schema\/logo\/image\/\"}},{\"@type\":\"Person\",\"@id\":\"https:\/\/www.legalvision.fr\/guides-juridiques\/#\/schema\/person\/3d24d0c20575138ed212b2e4b6f7b4b0\",\"name\":\"William Lebrun\",\"image\":{\"@type\":\"ImageObject\",\"inLanguage\":\"fr-FR\",\"@id\":\"https:\/\/www.legalvision.fr\/guides-juridiques\/#\/schema\/person\/image\/\",\"url\":\"https:\/\/www.legalvision.fr\/guides-juridiques\/wp-content\/uploads\/2023\/07\/cropped-homme1-96x96.png\",\"contentUrl\":\"https:\/\/www.legalvision.fr\/guides-juridiques\/wp-content\/uploads\/2023\/07\/cropped-homme1-96x96.png\",\"caption\":\"William Lebrun\"},\"description\":\"B\u00e9n\u00e9ficiant de la formation d'un double dipl\u00f4me en droit des affaires et en \u00e9cole de commerce, j'ai un fort attrait pour le droit des soci\u00e9t\u00e9s. Je r\u00e9dige des articles pour vous aider sur vos probl\u00e9matiques.\",\"url\":\"https:\/\/www.legalvision.fr\/guides-juridiques\/author\/aina-rakoto\/\"}]}<\/script>\n<!-- \/ Yoast SEO plugin. -->","yoast_head_json":{"title":"Registre des m\u00e9tiers : quand et comment s'inscrire ?","description":"Chaque artisan a l'obligation de s'inscrire au registre des m\u00e9tiers. LegalVision vous explique en d\u00e9tails comment r\u00e9aliser cette d\u00e9marche rapidement !","robots":{"index":"index","follow":"follow","max-snippet":"max-snippet:-1","max-image-preview":"max-image-preview:large","max-video-preview":"max-video-preview:-1"},"canonical":"https:\/\/www.legalvision.fr\/guides-juridiques\/creer-son-entreprise\/quand-faut-il-s-inscrire-au-registre-des-metiers\/","og_locale":"fr_FR","og_type":"article","og_title":"Registre des m\u00e9tiers : quand et comment s'inscrire ?","og_description":"Chaque artisan a l'obligation de s'inscrire au registre des m\u00e9tiers. LegalVision vous explique en d\u00e9tails comment r\u00e9aliser cette d\u00e9marche rapidement !","og_url":"https:\/\/www.legalvision.fr\/guides-juridiques\/creer-son-entreprise\/quand-faut-il-s-inscrire-au-registre-des-metiers\/","og_site_name":"Guides juridiques","article_published_time":"2019-10-28T06:30:25+00:00","article_modified_time":"2023-10-23T13:06:13+00:00","og_image":[{"width":958,"height":350,"url":"https:\/\/www.legalvision.fr\/guides-juridiques\/wp-content\/uploads\/2019\/10\/r\u00e9pertoire_des_m\u00e9tiers_-min1.jpg","type":"image\/jpeg"}],"author":"William Lebrun","twitter_card":"summary_large_image","twitter_misc":{"\u00c9crit par":"William Lebrun","Dur\u00e9e de lecture estim\u00e9e":"11 minutes"},"schema":{"@context":"https:\/\/schema.org","@graph":[{"@type":"Article","@id":"https:\/\/www.legalvision.fr\/guides-juridiques\/creer-son-entreprise\/quand-faut-il-s-inscrire-au-registre-des-metiers\/#article","isPartOf":{"@id":"https:\/\/www.legalvision.fr\/guides-juridiques\/creer-son-entreprise\/quand-faut-il-s-inscrire-au-registre-des-metiers\/"},"author":{"name":"William Lebrun","@id":"https:\/\/www.legalvision.fr\/guides-juridiques\/#\/schema\/person\/3d24d0c20575138ed212b2e4b6f7b4b0"},"headline":"Registre des m\u00e9tiers : quand et comment s&rsquo;inscrire ?","datePublished":"2019-10-28T06:30:25+00:00","dateModified":"2023-10-23T13:06:13+00:00","mainEntityOfPage":{"@id":"https:\/\/www.legalvision.fr\/guides-juridiques\/creer-son-entreprise\/quand-faut-il-s-inscrire-au-registre-des-metiers\/"},"wordCount":2403,"commentCount":4,"publisher":{"@id":"https:\/\/www.legalvision.fr\/guides-juridiques\/#organization"},"image":{"@id":"https:\/\/www.legalvision.fr\/guides-juridiques\/creer-son-entreprise\/quand-faut-il-s-inscrire-au-registre-des-metiers\/#primaryimage"},"thumbnailUrl":"https:\/\/www.legalvision.fr\/guides-juridiques\/wp-content\/uploads\/2019\/10\/r\u00e9pertoire_des_m\u00e9tiers_-min1.jpg","articleSection":["Cr\u00e9er son entreprise"],"inLanguage":"fr-FR","potentialAction":[{"@type":"CommentAction","name":"Comment","target":["https:\/\/www.legalvision.fr\/guides-juridiques\/creer-son-entreprise\/quand-faut-il-s-inscrire-au-registre-des-metiers\/#respond"]}]},{"@type":"WebPage","@id":"https:\/\/www.legalvision.fr\/guides-juridiques\/creer-son-entreprise\/quand-faut-il-s-inscrire-au-registre-des-metiers\/","url":"https:\/\/www.legalvision.fr\/guides-juridiques\/creer-son-entreprise\/quand-faut-il-s-inscrire-au-registre-des-metiers\/","name":"Registre des m\u00e9tiers : quand et comment s'inscrire ?","isPartOf":{"@id":"https:\/\/www.legalvision.fr\/guides-juridiques\/#website"},"primaryImageOfPage":{"@id":"https:\/\/www.legalvision.fr\/guides-juridiques\/creer-son-entreprise\/quand-faut-il-s-inscrire-au-registre-des-metiers\/#primaryimage"},"image":{"@id":"https:\/\/www.legalvision.fr\/guides-juridiques\/creer-son-entreprise\/quand-faut-il-s-inscrire-au-registre-des-metiers\/#primaryimage"},"thumbnailUrl":"https:\/\/www.legalvision.fr\/guides-juridiques\/wp-content\/uploads\/2019\/10\/r\u00e9pertoire_des_m\u00e9tiers_-min1.jpg","datePublished":"2019-10-28T06:30:25+00:00","dateModified":"2023-10-23T13:06:13+00:00","description":"Chaque artisan a l'obligation de s'inscrire au registre des m\u00e9tiers. LegalVision vous explique en d\u00e9tails comment r\u00e9aliser cette d\u00e9marche rapidement !","breadcrumb":{"@id":"https:\/\/www.legalvision.fr\/guides-juridiques\/creer-son-entreprise\/quand-faut-il-s-inscrire-au-registre-des-metiers\/#breadcrumb"},"inLanguage":"fr-FR","potentialAction":[{"@type":"ReadAction","target":["https:\/\/www.legalvision.fr\/guides-juridiques\/creer-son-entreprise\/quand-faut-il-s-inscrire-au-registre-des-metiers\/"]}]},{"@type":"ImageObject","inLanguage":"fr-FR","@id":"https:\/\/www.legalvision.fr\/guides-juridiques\/creer-son-entreprise\/quand-faut-il-s-inscrire-au-registre-des-metiers\/#primaryimage","url":"https:\/\/www.legalvision.fr\/guides-juridiques\/wp-content\/uploads\/2019\/10\/r\u00e9pertoire_des_m\u00e9tiers_-min1.jpg","contentUrl":"https:\/\/www.legalvision.fr\/guides-juridiques\/wp-content\/uploads\/2019\/10\/r\u00e9pertoire_des_m\u00e9tiers_-min1.jpg","width":958,"height":350,"caption":"registre des m\u00e9tiers"},{"@type":"BreadcrumbList","@id":"https:\/\/www.legalvision.fr\/guides-juridiques\/creer-son-entreprise\/quand-faut-il-s-inscrire-au-registre-des-metiers\/#breadcrumb","itemListElement":[{"@type":"ListItem","position":1,"name":"Accueil","item":"https:\/\/www.legalvision.fr\/guides-juridiques\/"},{"@type":"ListItem","position":2,"name":"Cr\u00e9er son entreprise","item":"https:\/\/www.legalvision.fr\/guides-juridiques\/creer-son-entreprise\/"},{"@type":"ListItem","position":3,"name":"Registre des m\u00e9tiers : quand et comment s&rsquo;inscrire ?"}]},{"@type":"WebSite","@id":"https:\/\/www.legalvision.fr\/guides-juridiques\/#website","url":"https:\/\/www.legalvision.fr\/guides-juridiques\/","name":"Guides juridiques","description":"L&#039;information juridique \u00e0 destination des entreprises et TPE","publisher":{"@id":"https:\/\/www.legalvision.fr\/guides-juridiques\/#organization"},"potentialAction":[{"@type":"SearchAction","target":{"@type":"EntryPoint","urlTemplate":"https:\/\/www.legalvision.fr\/guides-juridiques\/?s={search_term_string}"},"query-input":{"@type":"PropertyValueSpecification","valueRequired":true,"valueName":"search_term_string"}}],"inLanguage":"fr-FR"},{"@type":"Organization","@id":"https:\/\/www.legalvision.fr\/guides-juridiques\/#organization","name":"Guides juridiques","url":"https:\/\/www.legalvision.fr\/guides-juridiques\/","logo":{"@type":"ImageObject","inLanguage":"fr-FR","@id":"https:\/\/www.legalvision.fr\/guides-juridiques\/#\/schema\/logo\/image\/","url":"https:\/\/www.legalvision.fr\/guides-juridiques\/wp-content\/uploads\/2022\/10\/LV-Logotype.png","contentUrl":"https:\/\/www.legalvision.fr\/guides-juridiques\/wp-content\/uploads\/2022\/10\/LV-Logotype.png","width":647,"height":125,"caption":"Guides juridiques"},"image":{"@id":"https:\/\/www.legalvision.fr\/guides-juridiques\/#\/schema\/logo\/image\/"}},{"@type":"Person","@id":"https:\/\/www.legalvision.fr\/guides-juridiques\/#\/schema\/person\/3d24d0c20575138ed212b2e4b6f7b4b0","name":"William Lebrun","image":{"@type":"ImageObject","inLanguage":"fr-FR","@id":"https:\/\/www.legalvision.fr\/guides-juridiques\/#\/schema\/person\/image\/","url":"https:\/\/www.legalvision.fr\/guides-juridiques\/wp-content\/uploads\/2023\/07\/cropped-homme1-96x96.png","contentUrl":"https:\/\/www.legalvision.fr\/guides-juridiques\/wp-content\/uploads\/2023\/07\/cropped-homme1-96x96.png","caption":"William Lebrun"},"description":"B\u00e9n\u00e9ficiant de la formation d'un double dipl\u00f4me en droit des affaires et en \u00e9cole de commerce, j'ai un fort attrait pour le droit des soci\u00e9t\u00e9s. Je r\u00e9dige des articles pour vous aider sur vos probl\u00e9matiques.","url":"https:\/\/www.legalvision.fr\/guides-juridiques\/author\/aina-rakoto\/"}]}},"_links":{"self":[{"href":"https:\/\/www.legalvision.fr\/guides-juridiques\/wp-json\/wp\/v2\/posts\/28952","targetHints":{"allow":["GET"]}}],"collection":[{"href":"https:\/\/www.legalvision.fr\/guides-juridiques\/wp-json\/wp\/v2\/posts"}],"about":[{"href":"https:\/\/www.legalvision.fr\/guides-juridiques\/wp-json\/wp\/v2\/types\/post"}],"author":[{"embeddable":true,"href":"https:\/\/www.legalvision.fr\/guides-juridiques\/wp-json\/wp\/v2\/users\/30"}],"replies":[{"embeddable":true,"href":"https:\/\/www.legalvision.fr\/guides-juridiques\/wp-json\/wp\/v2\/comments?post=28952"}],"version-history":[{"count":3,"href":"https:\/\/www.legalvision.fr\/guides-juridiques\/wp-json\/wp\/v2\/posts\/28952\/revisions"}],"predecessor-version":[{"id":40477,"href":"https:\/\/www.legalvision.fr\/guides-juridiques\/wp-json\/wp\/v2\/posts\/28952\/revisions\/40477"}],"wp:featuredmedia":[{"embeddable":true,"href":"https:\/\/www.legalvision.fr\/guides-juridiques\/wp-json\/wp\/v2\/media\/29010"}],"wp:attachment":[{"href":"https:\/\/www.legalvision.fr\/guides-juridiques\/wp-json\/wp\/v2\/media?parent=28952"}],"wp:term":[{"taxonomy":"category","embeddable":true,"href":"https:\/\/www.legalvision.fr\/guides-juridiques\/wp-json\/wp\/v2\/categories?post=28952"},{"taxonomy":"post_tag","embeddable":true,"href":"https:\/\/www.legalvision.fr\/guides-juridiques\/wp-json\/wp\/v2\/tags?post=28952"}],"curies":[{"name":"wp","href":"https:\/\/api.w.org\/{rel}","templated":true}]}}