{"id":28843,"date":"2019-10-28T07:30:57","date_gmt":"2019-10-28T06:30:57","guid":{"rendered":"https:\/\/blog.legalvision.fr\/?p=28843"},"modified":"2024-09-04T09:57:02","modified_gmt":"2024-09-04T07:57:02","slug":"reactiver-une-entreprise-radiee","status":"publish","type":"post","link":"https:\/\/www.legalvision.fr\/guides-juridiques\/gerer-une-entreprise\/reactiver-une-entreprise-radiee\/","title":{"rendered":"R\u00e9activer une soci\u00e9t\u00e9 radi\u00e9e"},"content":{"rendered":"\t\t<div data-elementor-type=\"wp-post\" data-elementor-id=\"28843\" class=\"elementor elementor-28843\" data-elementor-post-type=\"post\">\n\t\t\t\t<div data-particle_enable=\"false\" data-particle-mobile-disabled=\"false\" class=\"elementor-element elementor-element-c1168db e-flex e-con-boxed e-con e-parent\" data-id=\"c1168db\" data-element_type=\"container\" data-e-type=\"container\">\n\t\t\t\t\t<div class=\"e-con-inner\">\n\t\t\t\t<div class=\"elementor-element elementor-element-19647a7 elementor-widget elementor-widget-text-editor\" data-id=\"19647a7\" data-element_type=\"widget\" data-e-type=\"widget\" data-widget_type=\"text-editor.default\">\n\t\t\t\t<div class=\"elementor-widget-container\">\n\t\t\t\t\t\t\t\t\t<p>Apr\u00e8s une proc\u00e9dure de radiation, une soci\u00e9t\u00e9 perd, en principe, sa personnalit\u00e9 morale. Il s\u2019agit en quelque sorte du\u00a0<span style=\"font-weight: bold;\">\u00ab d\u00e9c\u00e8s \u00bb de la soci\u00e9t\u00e9<\/span>. Toutefois, sachez qu&rsquo;il est\u00a0 possible de r\u00e9activer une soci\u00e9t\u00e9 radi\u00e9e.<\/p><p>\u00a0<\/p><h3 style=\"font-family: Montserrat, sans-serif; font-weight: var( --e-global-typography-accent-font-weight ); font-size: var( --e-global-typography-accent-font-size ); letter-spacing: normal; line-height: var( --e-global-typography-accent-line-height ); text-transform: none; font-style: normal; text-decoration-thickness: initial; text-decoration-style: initial; text-decoration-color: initial;\">Comment r\u00e9activer une soci\u00e9t\u00e9 radi\u00e9e ?<\/h3><ol style=\"padding-left: calc(2 * var(--global--spacing-horizontal)); font-family: var(--e-global-typography-primary-font-family);\"><li style=\"font-family: var(--e-global-typography-primary-font-family);\"><a href=\"https:\/\/www.legalvision.fr\/guides-juridiques\/?p=28843&amp;elementor-preview=28843&amp;ver=1697810383#d%C3%A9finition-lev%C3%A9e-radiation\">La radiation d&rsquo;une soci\u00e9t\u00e9, c&rsquo;est quoi ?<\/a><\/li><li style=\"font-family: var(--e-global-typography-primary-font-family);\"><a href=\"https:\/\/www.legalvision.fr\/guides-juridiques\/?p=28843&amp;elementor-preview=28843&amp;ver=1697810383#cons%C3%A9quences-proc%C3%A9dure-lev%C3%A9e-radiation\">Les cons\u00e9quences d&rsquo;une proc\u00e9dure de radiation<\/a><\/li><li style=\"font-family: var(--e-global-typography-primary-font-family);\"><a href=\"https:\/\/www.legalvision.fr\/guides-juridiques\/?p=28843&amp;elementor-preview=28843&amp;ver=1697810383#r%C3%A9activer-soci%C3%A9t%C3%A9-radi%C3%A9e\">R\u00e9activer une soci\u00e9t\u00e9 radi\u00e9e<\/a><\/li><\/ol><p>\u00a0<\/p>\t\t\t\t\t\t\t\t<\/div>\n\t\t\t\t<\/div>\n\t\t\t\t\t<\/div>\n\t\t\t\t<\/div>\n\t\t<div data-particle_enable=\"false\" data-particle-mobile-disabled=\"false\" class=\"elementor-element elementor-element-2cedaec7 e-flex e-con-boxed e-con e-parent\" data-id=\"2cedaec7\" data-element_type=\"container\" data-e-type=\"container\">\n\t\t\t\t\t<div class=\"e-con-inner\">\n\t\t\t\t<div class=\"elementor-element elementor-element-3d52205f elementor-widget elementor-widget-heading\" data-id=\"3d52205f\" data-element_type=\"widget\" data-e-type=\"widget\" data-widget_type=\"heading.default\">\n\t\t\t\t<div class=\"elementor-widget-container\">\n\t\t\t\t\t<h2 class=\"elementor-heading-title elementor-size-default\">Nos outils pour vous aider : <\/h2>\t\t\t\t<\/div>\n\t\t\t\t<\/div>\n\t\t\t\t\t<\/div>\n\t\t\t\t<\/div>\n\t\t<div data-particle_enable=\"false\" data-particle-mobile-disabled=\"false\" class=\"elementor-element elementor-element-3f8a3cd8 e-flex e-con-boxed e-con e-parent\" data-id=\"3f8a3cd8\" data-element_type=\"container\" data-e-type=\"container\">\n\t\t\t\t\t<div class=\"e-con-inner\">\n\t\t<div data-particle_enable=\"false\" data-particle-mobile-disabled=\"false\" class=\"elementor-element elementor-element-7e0a9158 e-con-full e-flex e-con e-child\" data-id=\"7e0a9158\" data-element_type=\"container\" data-e-type=\"container\">\n\t\t\t\t<div class=\"elementor-element elementor-element-7dd5f5b2 elementor-widget elementor-widget-button\" data-id=\"7dd5f5b2\" data-element_type=\"widget\" data-e-type=\"widget\" data-widget_type=\"button.default\">\n\t\t\t\t<div class=\"elementor-widget-container\">\n\t\t\t\t\t\t\t\t\t<div class=\"elementor-button-wrapper\">\n\t\t\t\t\t<a class=\"elementor-button elementor-button-link elementor-size-sm\" href=\"https:\/\/leonard.fr\/juridique\/modification-societe\/lever-la-radiation-de-ma-societe\/?utm_source=Blog&#038;utm_medium=CTA&#038;utm_campaign=reactiver_entreprise_radiee\" target=\"_blank\">\n\t\t\t\t\t\t<span class=\"elementor-button-content-wrapper\">\n\t\t\t\t\t\t\t\t\t<span class=\"elementor-button-text\">Lever la radiation de ma soci\u00e9t\u00e9<\/span>\n\t\t\t\t\t<\/span>\n\t\t\t\t\t<\/a>\n\t\t\t\t<\/div>\n\t\t\t\t\t\t\t\t<\/div>\n\t\t\t\t<\/div>\n\t\t\t\t<\/div>\n\t\t<div data-particle_enable=\"false\" data-particle-mobile-disabled=\"false\" class=\"elementor-element elementor-element-6844ce34 e-con-full e-flex e-con e-child\" data-id=\"6844ce34\" data-element_type=\"container\" data-e-type=\"container\">\n\t\t\t\t<div class=\"elementor-element elementor-element-17250f21 elementor-widget elementor-widget-button\" data-id=\"17250f21\" data-element_type=\"widget\" data-e-type=\"widget\" data-widget_type=\"button.default\">\n\t\t\t\t<div class=\"elementor-widget-container\">\n\t\t\t\t\t\t\t\t\t<div class=\"elementor-button-wrapper\">\n\t\t\t\t\t<a class=\"elementor-button elementor-button-link elementor-size-sm\" href=\"https:\/\/meetings.hubspot.com\/global\/leonard-rendez-vous-gratuit-avec-un-juriste\/?utm_source=Blog&#038;utm_medium=CTA&#038;utm_campaign=reactiver_entreprise_radiee\" target=\"_blank\">\n\t\t\t\t\t\t<span class=\"elementor-button-content-wrapper\">\n\t\t\t\t\t\t\t\t\t<span class=\"elementor-button-text\">Soyez rappel\u00e9 par un juriste gratuitement<\/span>\n\t\t\t\t\t<\/span>\n\t\t\t\t\t<\/a>\n\t\t\t\t<\/div>\n\t\t\t\t\t\t\t\t<\/div>\n\t\t\t\t<\/div>\n\t\t\t\t<\/div>\n\t\t<div data-particle_enable=\"false\" data-particle-mobile-disabled=\"false\" class=\"elementor-element elementor-element-5b6721f7 e-con-full e-flex e-con e-child\" data-id=\"5b6721f7\" data-element_type=\"container\" data-e-type=\"container\">\n\t\t\t\t<div class=\"elementor-element elementor-element-1c64cf03 elementor-widget elementor-widget-button\" data-id=\"1c64cf03\" data-element_type=\"widget\" data-e-type=\"widget\" data-widget_type=\"button.default\">\n\t\t\t\t<div class=\"elementor-widget-container\">\n\t\t\t\t\t\t\t\t\t<div class=\"elementor-button-wrapper\">\n\t\t\t\t\t<a class=\"elementor-button elementor-button-link elementor-size-sm\" href=\"https:\/\/meetings.hubspot.com\/alexis-egron\/audit-juridique-gratuit\/?utm_source=Blog&#038;utm_medium=CTA&#038;utm_campaign=reactiver_entreprise_radiee\" target=\"_blank\">\n\t\t\t\t\t\t<span class=\"elementor-button-content-wrapper\">\n\t\t\t\t\t\t\t\t\t<span class=\"elementor-button-text\">Votre audit juridique gratuit en ligne<\/span>\n\t\t\t\t\t<\/span>\n\t\t\t\t\t<\/a>\n\t\t\t\t<\/div>\n\t\t\t\t\t\t\t\t<\/div>\n\t\t\t\t<\/div>\n\t\t\t\t<\/div>\n\t\t\t\t\t<\/div>\n\t\t\t\t<\/div>\n\t\t\t\t<section data-particle_enable=\"false\" data-particle-mobile-disabled=\"false\" class=\"elementor-section elementor-top-section elementor-element elementor-element-19012172 elementor-section-boxed elementor-section-height-default elementor-section-height-default\" data-id=\"19012172\" data-element_type=\"section\" data-e-type=\"section\">\n\t\t\t\t\t\t<div class=\"elementor-container elementor-column-gap-default\">\n\t\t\t\t\t<div class=\"elementor-column elementor-col-100 elementor-top-column elementor-element elementor-element-72e0509f\" data-id=\"72e0509f\" data-element_type=\"column\" data-e-type=\"column\">\n\t\t\t<div class=\"elementor-widget-wrap elementor-element-populated\">\n\t\t\t\t\t\t<div class=\"elementor-element elementor-element-57be3dbc elementor-widget elementor-widget-text-editor\" data-id=\"57be3dbc\" data-element_type=\"widget\" data-e-type=\"widget\" data-widget_type=\"text-editor.default\">\n\t\t\t\t<div class=\"elementor-widget-container\">\n\t\t\t\t\t\t\t\t\t<h2 id=\"d\u00e9finition-lev\u00e9e-radiation\">\u00a0<\/h2><h2 id=\"d\u00e9finition-lev\u00e9e-radiation\">I\/ Radiation d&rsquo;une soci\u00e9t\u00e9, c&rsquo;est quoi ?<\/h2><p>Tout d&rsquo;abord, avant\u00a0d&rsquo;\u00e9voquer les d\u00e9marches n\u00e9cessaires pour\u00a0<strong>\u00ab\u00a0r\u00e9activer une entreprise radi\u00e9e\u00a0\u00bb<\/strong>, voyons ce que la radiation signifie.<\/p><h3>\u00a0<\/h3><h3>A)\u00a0La proc\u00e9dure de radiation<\/h3><p>Ici, l&rsquo;objectif \u00e9tant que la soci\u00e9t\u00e9 ne soit plus inscrit soit au <a href=\"https:\/\/blog.legalvision.fr\/2019\/11\/14\/qu-est-ce-que-le-rcs-et-son-role\/\">Registre du Commerce et des Soci\u00e9t\u00e9s<\/a> (RCS) soit au R\u00e9pertoire des m\u00e9tiers (RM).<\/p><p>Pour m\u00e9moire, c&rsquo;est bien\u00a0l&rsquo;inscription au RCS qui permet de donner une identit\u00e9 \u00e0 votre soci\u00e9t\u00e9. Or, le propre de la radiation, est justement de supprimer cette identit\u00e9.<\/p><p>Dans les faits, la radiation intervient \u00e0 la suite d\u2019\u00e9v\u00e9nements tels que :<\/p><ul><li>la cessation d&rsquo;activit\u00e9 (fermeture de l&rsquo;\u00e9tablissement dans lequel est exerc\u00e9e l&rsquo;activit\u00e9) ;<\/li><li>la dissolution, c&rsquo;est-\u00e0-dire la fin du contrat de soci\u00e9t\u00e9, pr\u00e9c\u00e8de la liquidation ;<\/li><li>la fusion, qui consiste en la mise en commun de\u00a02 entreprises (autrement dit, la constitution d&rsquo;une nouvelle soci\u00e9t\u00e9).<\/li><\/ul><p>Attention, concernant la radiation, vous \u00eates tenus d&rsquo;une obligation d\u00e9clarative. En effet, une d\u00e9claration doit \u00eatre effectu\u00e9e aupr\u00e8s des\u00a0services du RCS.<\/p><p>Notez qu&rsquo;il existe plusieurs proc\u00e9dures de radiation. Tout d&rsquo;abord, il y a l<strong>a proc\u00e9dure volontaire. <\/strong>Cette proc\u00e9dure survient \u00e0 la suite d&rsquo;une\u00a0<strong>dissolution liquidation amiable<\/strong>. Veillez \u00e0 ce que votre demande intervienne dans les 30 jours \u00e0 compter de la cessation d&rsquo;activit\u00e9.<\/p><p>Ensuite, il y a la <strong>radiation d&rsquo;office<\/strong>. Cette radiation intervient suite \u00e0 une\u00a0d\u00e9cision administrative. Elle est, en effet, la cons\u00e9quence de la survenance de certains \u00e9v\u00e9nements :<\/p><ul><li>\u00e0 l&rsquo;occasion du\u00a0<strong>d\u00e9c\u00e8s\u00a0de l&rsquo;entrepreneur<\/strong> (en sachant que le maintient de la soci\u00e9t\u00e9 est possible sur demande, pendant 1 an renouvelable) ;<\/li><li>aussi, lorsqu&rsquo;une personne mentionne au RCS une <strong>cessation d&rsquo;activit\u00e9<\/strong>.\u00a0Apr\u00e8s 3\u00a0ans, il faudra proc\u00e9der \u00e0 la radiation d&rsquo;office par le juge ;<\/li><li>en cas de\u00a0<strong>non d\u00e9claration de <\/strong><a href=\"https:\/\/www.legalvision.fr\/modification-statuts\/transfert-de-siege-social\/\">changement d&rsquo;adresse de si\u00e8ge social<\/a>, alors que\u00a0vous\u00a0aviez\u00a0re\u00e7u une lettre recommand\u00e9e avec accus\u00e9 de r\u00e9ception \u00e0 ce sujet ;<\/li><li>enfin suite \u00e0 une\u00a0<strong>d\u00e9cision de justice.<\/strong><\/li><\/ul><div class=\"wp-block-button\" style=\"text-align: center;\">\u00a0<\/div><h3>B) Le cas de la mise en sommeil<\/h3><p>A la diff\u00e9rence de la pr\u00e9c\u00e9dente proc\u00e9dure, la mise en sommeil est\u00a0un\u00a0acte r\u00e9alis\u00e9 volontairement par les entrepreneurs. On parle :<\/p><ul><li>d&rsquo;une <strong>cessation temporaire d&rsquo;activit\u00e9<\/strong> pour une entreprise individuelle,<\/li><li>d&rsquo;une <strong>mise en sommeil<\/strong> pour une soci\u00e9t\u00e9.<\/li><\/ul><p>L&rsquo;id\u00e9e \u00e9tant de ne pas exercer d&rsquo;activit\u00e9 :<\/p><ul><li>soit pendant une p\u00e9riode de 2 ans pour les soci\u00e9t\u00e9s ;<\/li><li>soit pendant 1 an pour une entreprise individuelle.<\/li><\/ul><p>Cette proc\u00e9dure diff\u00e8re de la radiation en ce sens qu&rsquo;elle n&rsquo;a pas pour cons\u00e9quence de dissoudre l&rsquo;entreprise. On le rappelle, la radiation a pour but de <strong>mettre un terme \u00e0 la personnalit\u00e9 morale.<\/strong><\/p><p>De ce fait, la mise en sommeil ou la cessation temporaire d&rsquo;activit\u00e9 permet de :<\/p><ul><li>suspendre l&rsquo;activit\u00e9 ;<\/li><li>conserver la personnalit\u00e9 morale ;<\/li><\/ul><p>Toutefois, <strong>au niveau social<\/strong>, l&rsquo;entrepreneur devra continuer de payer les cotisations en tant que travailleur non salari\u00e9. A d\u00e9faut de r\u00e9mun\u00e9ration, il ne sera donc pas tenu de payer des cotisations pour le r\u00e9gime g\u00e9n\u00e9ral.<\/p><p>Par ailleurs,<strong> au niveau fiscal<\/strong>, la d\u00e9claration des b\u00e9n\u00e9fices devra faire l&rsquo;objet d&rsquo;une mention \u00ab\u00a0n\u00e9ant\u00a0\u00bb ; l&rsquo;entreprise sera dispens\u00e9e de payer la TVA. Aussi, pendant la p\u00e9riode de 2 ans de mise en sommeil, l&rsquo;entreprise devra encore pour 1 an, payer la cotisation fonci\u00e8re pour les entreprises.<\/p><p><strong>La d\u00e9cision de mettre en sommeil<\/strong> une soci\u00e9t\u00e9 rel\u00e8ve en principe du repr\u00e9sentant l\u00e9gal. Notez toutefois que les statuts peuvent pr\u00e9voir d&rsquo;autres modalit\u00e9s, telle que la tenue d&rsquo;une assembl\u00e9e g\u00e9n\u00e9rale. Si tel est le cas, il faudra alors effectuer une d\u00e9claration aupr\u00e8s du Centre de Formalit\u00e9 des Entreprises, remplir un formulaire M2 et enfin, avoir <a href=\"https:\/\/www.legalvision.fr\/depot-des-comptes\/\">d\u00e9poser les comptes sociaux<\/a>.<\/p><p><strong>A l&rsquo;issue de la dur\u00e9e de mise en sommeil<\/strong> ou sur demande de l&rsquo;entreprise, soit :<\/p><ul><li>la mise en sommeil cesse et l&rsquo;entreprise reprend son activit\u00e9 ;<\/li><li>soit, \u00e0 d\u00e9faut, il faudra d\u00e9clarer au greffe une proc\u00e9dure de dissolution\/liquidation afin d&rsquo;entamer la radiation de la soci\u00e9t\u00e9.<\/li><\/ul><h2 id=\"cons\u00e9quences-proc\u00e9dure-lev\u00e9e-radiation\">\u00a0<\/h2><h2 id=\"cons\u00e9quences-proc\u00e9dure-lev\u00e9e-radiation\">II\/ Les cons\u00e9quences d&rsquo;une proc\u00e9dure de radiation<\/h2><h3>A) La fin du contrat de soci\u00e9t\u00e9 (en th\u00e9orie)<\/h3><p>Que se passe-t-il une fois la soci\u00e9t\u00e9 radi\u00e9e ?\u00a0En th\u00e9orie, la soci\u00e9t\u00e9 ou l&rsquo;entreprise individuelle qui vient d&rsquo;\u00eatre radi\u00e9e est cens\u00e9e perdre sa personnalit\u00e9 morale.<\/p><p>A partir de quand exactement, peut-on dire que la soci\u00e9t\u00e9 est officiellement radi\u00e9e ? Selon les dispositions l\u00e9gales, la date d&rsquo;effectivit\u00e9 de la radiation correspond \u00e0 la <strong>date de cl\u00f4ture de la liquidation<\/strong> :<\/p><ul><li>pour les soci\u00e9t\u00e9s civiles\u00a0;<\/li><li>ainsi que pour les soci\u00e9t\u00e9s commerciales.<\/li><\/ul><h3>\u00a0<\/h3><h3>B) La prolongation de la personnalit\u00e9 morale (en pratique)<\/h3><div><p>En pratique, les choses sont appr\u00e9hend\u00e9es assez diff\u00e9remment. En effet, la jurisprudence pr\u00e9f\u00e8re <strong>prolonger la personnalit\u00e9 morale au del\u00e0 de cette date<\/strong> <strong>effective de cl\u00f4ture<\/strong> de la liquidation. Notamment parce qu&rsquo;il peut rester des cr\u00e9ances ou des dettes.<\/p><p>D\u00e8s lors, deux cas de figure possible :<\/p><ul><li>soit la soci\u00e9t\u00e9 radi\u00e9e d\u00e9tient encore des cr\u00e9ances,<\/li><li>soit elle d\u00e9tient au contraire, des dettes.<\/li><\/ul><p>Conclusion, que la soci\u00e9t\u00e9 soit cr\u00e9anci\u00e8re ou d\u00e9bitrice, il est tout \u00e0 fait possible de se retrouver en proc\u00e8s avec une soci\u00e9t\u00e9 suppos\u00e9e \u00ab\u00a0radi\u00e9e\u00a0\u00bb du RCS.<\/p><p>Par ailleurs, il convient de noter que la radiation d&rsquo;une entreprise ne fait pas obstacle \u00e0 la\u00a0l&rsquo;imposition de celle-ci. Ainsi, tous les b\u00e9n\u00e9fices r\u00e9alis\u00e9s entre la date de cl\u00f4ture du dernier exercice et la cessation d&rsquo;activit\u00e9 seront tout de m\u00eame impos\u00e9s. A l&rsquo;inverse, si les r\u00e9sultats sont d\u00e9ficitaires pour la soci\u00e9t\u00e9, il sera possible de les d\u00e9duire des revenus des associ\u00e9s.<\/p><\/div><h2 id=\"r\u00e9activer-soci\u00e9t\u00e9-radi\u00e9e\">\u00a0<\/h2><h2 id=\"r\u00e9activer-soci\u00e9t\u00e9-radi\u00e9e\">III\/ R\u00e9activer une soci\u00e9t\u00e9 radi\u00e9e<\/h2><h3>A) Faire une demande de rapport de radiation<\/h3><div><strong>Tout est encore possible !<\/strong> <a href=\"https:\/\/blog.legalvision.fr\/2018\/08\/07\/reactiver-une-societe-radiee\/\">Pour r\u00e9activer<\/a> une entreprise radi\u00e9e, il suffit\u00a0de\u00a0r\u00e9aliser un rapport de radiation.<\/div><div>\u00a0<\/div><div>Ainsi, vous pouvez proc\u00e9der de la sorte : <strong>effectuer\u00a0les d\u00e9marches vous-m\u00eame<\/strong>\u00a0aupr\u00e8s du greffe du tribunal de commerce comp\u00e9tent.<\/div><p>A l&rsquo;issue de la demande de r\u00e9activation, vous devrez remplir le <strong><a href=\"https:\/\/www.service-public.fr\/professionnels-entreprises\/vosdroits\/R17342\">formulaire M2<\/a><\/strong> en compl\u00e9tant la partie \u00ab\u00a0observations\u00a0\u00bb. Il faudra alors pr\u00e9ciser dans les observations votre projet : celui de \u00ab\u00a0rapport de radiation\u00a0\u00bb pour demander la r\u00e9activation. Le co\u00fbt de cette proc\u00e9dure est de <strong>65,04\u20ac.<\/strong><\/p><p>Vous pouvez aussi revenir sur votre d\u00e9cision de radier la soci\u00e9t\u00e9 aupr\u00e8s du pr\u00e9sident du tribunal de commerce. Cependant, cette demande de r\u00e9activation doit \u00eatre r\u00e9alis\u00e9e dans les 6 mois qui suivent la radiation. Au del\u00e0 de cette p\u00e9riode de 6 mois la proc\u00e9dure de r\u00e9activation n&rsquo;est plus possible.<\/p><h3>\u00a0<\/h3><h3>B) Proc\u00e9dure alternative de r\u00e9-immatriculation<\/h3><p>Cette fois, on est dans le cas ultime o\u00f9, il n&rsquo;est plus possible de r\u00e9activer une entreprise radi\u00e9e. D\u00e8s lors, si vous souhaitez utiliser de nouveau votre soci\u00e9t\u00e9, il faudra se tourner vers une <strong>proc\u00e9dure de \u00ab\u00a0r\u00e9-immatriculation\u00a0\u00bb<\/strong>.<\/p><div>Comme son nom l&rsquo;indique, la proc\u00e9dure de r\u00e9-immatriculation consiste \u00e0\u00a0demander\u00a0l&rsquo;enregistrement, de nouveau, aupr\u00e8s du RCS ou du Registre des m\u00e9tiers et des artisans. Certes, votre soci\u00e9t\u00e9\u00a0aura une identit\u00e9 diff\u00e9rente\u00a0pour les tiers, et ce,\u00a0malgr\u00e9 le fait de disposer du m\u00eame nom ou de la m\u00eame adresse.<\/div><div>\u00a0<\/div><div><p>Enfin,\u00a0sachez que dans le cadre d&rsquo;une demande de r\u00e9-immatriculation, si celle-ci intervient corr\u00e9lativement \u00e0 une proc\u00e9dure de dissolution et de radiation, le greffe peut accepter que la soci\u00e9t\u00e9 puisse perdre son existence l\u00e9gale.<\/p><\/div><div>\u00a0<\/div><div>\u00a0 \u00a0 \u00a0 \u00a0 \u00a0 \u00a0 \u00a0 \u00a0 \u00a0 \u00a0 \u00a0 \u00a0 \u00a0 \u00a0 \u00a0 \u00a0 \u00a0 \u00a0 \u00a0 \u00a0 \u00a0 \u00a0 \u00a0 \u00a0 \u00a0 \u00a0 \u00a0 \u00a0 \u00a0 \u00a0<a class=\"wp-block-button__link has-background\" style=\"border-radius: 10px; background-color: #3fc3bf;\" href=\"https:\/\/leonard.fr\/juridique\/dissolution-liquidation\/dissolution-liquidation\/?utm_source=blog&amp;utm_medium=CTA&amp;utm_campaign=reactiver_societe_radiee&amp;utm_id=fermeture_blog\">Fermez votre soci\u00e9t\u00e9 en ligne<\/a>\u00a0\u00a0<\/div><div>\u00a0<\/div><p><!--HubSpot Call-to-Action Code --><\/p><div id=\"hs-cta-ie-element\"><details><summary><strong>Sources\u00a0<\/strong><\/summary><p><strong>Articles :<\/strong><\/p><ul><li><a href=\"https:\/\/www.legifrance.gouv.fr\/affichCodeArticle.do?cidTexte=LEGITEXT000006070721&amp;idArticle=LEGIARTI000006444185&amp;dateTexte=&amp;categorieLien=cid\">1844-8 <\/a>du Code civil relatif \u00e0 la dur\u00e9e de la personnalit\u00e9 morale avant la publication de la\u00a0cl\u00f4ture de liquidation pour les soci\u00e9t\u00e9s civiles ;<\/li><li><a href=\"https:\/\/www.legifrance.gouv.fr\/affichCodeArticle.do?idArticle=LEGIARTI000006230063&amp;cidTexte=LEGITEXT000005634379&amp;dateTexte=20101206&amp;oldAction=rechCodeArticle\">L. 237<\/a> du Code de commerce relatif \u00e0 la dur\u00e9e de la personnalit\u00e9 morale avant la publication de la cl\u00f4ture de liquidation pour les soci\u00e9t\u00e9s commerciales<\/li><\/ul><div class=\"wp-block-button\" style=\"text-align: center;\">\u00a0<\/div><\/details><\/div>\t\t\t\t\t\t\t\t<\/div>\n\t\t\t\t<\/div>\n\t\t\t\t\t<\/div>\n\t\t<\/div>\n\t\t\t\t\t<\/div>\n\t\t<\/section>\n\t\t\t\t<\/div>\n\t\t","protected":false},"excerpt":{"rendered":"<p>Apr\u00e8s une proc\u00e9dure de radiation, une soci\u00e9t\u00e9 perd, en principe, sa personnalit\u00e9 morale. Il s\u2019agit en quelque sorte du\u00a0\u00ab d\u00e9c\u00e8s \u00bb de la soci\u00e9t\u00e9. Toutefois, sachez qu&rsquo;il est\u00a0 possible de r\u00e9activer une soci\u00e9t\u00e9 radi\u00e9e. \u00a0 Comment r\u00e9activer une soci\u00e9t\u00e9 radi\u00e9e ? La radiation d&rsquo;une soci\u00e9t\u00e9, c&rsquo;est quoi ? Les cons\u00e9quences d&rsquo;une proc\u00e9dure de radiation R\u00e9activer&hellip; <a class=\"more-link\" href=\"https:\/\/www.legalvision.fr\/guides-juridiques\/gerer-une-entreprise\/reactiver-une-entreprise-radiee\/\">Poursuivre la lecture <span class=\"screen-reader-text\">R\u00e9activer une soci\u00e9t\u00e9 radi\u00e9e<\/span><\/a><\/p>\n","protected":false},"author":50,"featured_media":28871,"comment_status":"open","ping_status":"closed","sticky":false,"template":"","format":"standard","meta":{"content-type":"","inline_featured_image":false,"footnotes":""},"categories":[2502],"tags":[],"class_list":["post-28843","post","type-post","status-publish","format-standard","has-post-thumbnail","hentry","category-gerer-une-entreprise","entry"],"yoast_head":"<!-- This site is optimized with the Yoast SEO plugin v27.1.1 - https:\/\/yoast.com\/product\/yoast-seo-wordpress\/ -->\n<title>R\u00e9activer une soci\u00e9t\u00e9 radi\u00e9e - Guides juridiques<\/title>\n<meta name=\"description\" content=\"De nombreuses raisons peuvent conduire \u00e0 la radiation de votre soci\u00e9t\u00e9. LegalVision vous dit comment r\u00e9activer une soci\u00e9t\u00e9 radi\u00e9e !\" \/>\n<meta name=\"robots\" content=\"index, follow, max-snippet:-1, max-image-preview:large, max-video-preview:-1\" \/>\n<link rel=\"canonical\" href=\"https:\/\/www.legalvision.fr\/guides-juridiques\/gerer-une-entreprise\/reactiver-une-entreprise-radiee\/\" \/>\n<meta property=\"og:locale\" content=\"fr_FR\" \/>\n<meta property=\"og:type\" content=\"article\" \/>\n<meta property=\"og:title\" content=\"R\u00e9activer une soci\u00e9t\u00e9 radi\u00e9e - Guides juridiques\" \/>\n<meta property=\"og:description\" content=\"De nombreuses raisons peuvent conduire \u00e0 la radiation de votre soci\u00e9t\u00e9. LegalVision vous dit comment r\u00e9activer une soci\u00e9t\u00e9 radi\u00e9e !\" \/>\n<meta property=\"og:url\" content=\"https:\/\/www.legalvision.fr\/guides-juridiques\/gerer-une-entreprise\/reactiver-une-entreprise-radiee\/\" \/>\n<meta property=\"og:site_name\" content=\"Guides juridiques\" \/>\n<meta property=\"article:published_time\" content=\"2019-10-28T06:30:57+00:00\" \/>\n<meta property=\"article:modified_time\" content=\"2024-09-04T07:57:02+00:00\" \/>\n<meta property=\"og:image\" content=\"https:\/\/www.legalvision.fr\/guides-juridiques\/wp-content\/uploads\/2019\/10\/lanterne.jpg\" \/>\n\t<meta property=\"og:image:width\" content=\"768\" \/>\n\t<meta property=\"og:image:height\" content=\"501\" \/>\n\t<meta property=\"og:image:type\" content=\"image\/jpeg\" \/>\n<meta name=\"author\" content=\"Ambre Tournet\" \/>\n<meta name=\"twitter:card\" content=\"summary_large_image\" \/>\n<meta name=\"twitter:label1\" content=\"\u00c9crit par\" \/>\n\t<meta name=\"twitter:data1\" content=\"Ambre Tournet\" \/>\n\t<meta name=\"twitter:label2\" content=\"Dur\u00e9e de lecture estim\u00e9e\" \/>\n\t<meta name=\"twitter:data2\" content=\"7 minutes\" \/>\n<script type=\"application\/ld+json\" class=\"yoast-schema-graph\">{\"@context\":\"https:\/\/schema.org\",\"@graph\":[{\"@type\":\"Article\",\"@id\":\"https:\/\/www.legalvision.fr\/guides-juridiques\/gerer-une-entreprise\/reactiver-une-entreprise-radiee\/#article\",\"isPartOf\":{\"@id\":\"https:\/\/www.legalvision.fr\/guides-juridiques\/gerer-une-entreprise\/reactiver-une-entreprise-radiee\/\"},\"author\":{\"name\":\"Ambre Tournet\",\"@id\":\"https:\/\/www.legalvision.fr\/guides-juridiques\/#\/schema\/person\/5754bfbc948dd8ca0f6dedda55df8452\"},\"headline\":\"R\u00e9activer une soci\u00e9t\u00e9 radi\u00e9e\",\"datePublished\":\"2019-10-28T06:30:57+00:00\",\"dateModified\":\"2024-09-04T07:57:02+00:00\",\"mainEntityOfPage\":{\"@id\":\"https:\/\/www.legalvision.fr\/guides-juridiques\/gerer-une-entreprise\/reactiver-une-entreprise-radiee\/\"},\"wordCount\":1507,\"commentCount\":50,\"publisher\":{\"@id\":\"https:\/\/www.legalvision.fr\/guides-juridiques\/#organization\"},\"image\":{\"@id\":\"https:\/\/www.legalvision.fr\/guides-juridiques\/gerer-une-entreprise\/reactiver-une-entreprise-radiee\/#primaryimage\"},\"thumbnailUrl\":\"https:\/\/www.legalvision.fr\/guides-juridiques\/wp-content\/uploads\/2019\/10\/lanterne.jpg\",\"articleSection\":[\"G\u00e9rer une entreprise\"],\"inLanguage\":\"fr-FR\",\"potentialAction\":[{\"@type\":\"CommentAction\",\"name\":\"Comment\",\"target\":[\"https:\/\/www.legalvision.fr\/guides-juridiques\/gerer-une-entreprise\/reactiver-une-entreprise-radiee\/#respond\"]}]},{\"@type\":\"WebPage\",\"@id\":\"https:\/\/www.legalvision.fr\/guides-juridiques\/gerer-une-entreprise\/reactiver-une-entreprise-radiee\/\",\"url\":\"https:\/\/www.legalvision.fr\/guides-juridiques\/gerer-une-entreprise\/reactiver-une-entreprise-radiee\/\",\"name\":\"R\u00e9activer une soci\u00e9t\u00e9 radi\u00e9e - Guides juridiques\",\"isPartOf\":{\"@id\":\"https:\/\/www.legalvision.fr\/guides-juridiques\/#website\"},\"primaryImageOfPage\":{\"@id\":\"https:\/\/www.legalvision.fr\/guides-juridiques\/gerer-une-entreprise\/reactiver-une-entreprise-radiee\/#primaryimage\"},\"image\":{\"@id\":\"https:\/\/www.legalvision.fr\/guides-juridiques\/gerer-une-entreprise\/reactiver-une-entreprise-radiee\/#primaryimage\"},\"thumbnailUrl\":\"https:\/\/www.legalvision.fr\/guides-juridiques\/wp-content\/uploads\/2019\/10\/lanterne.jpg\",\"datePublished\":\"2019-10-28T06:30:57+00:00\",\"dateModified\":\"2024-09-04T07:57:02+00:00\",\"description\":\"De nombreuses raisons peuvent conduire \u00e0 la radiation de votre soci\u00e9t\u00e9. LegalVision vous dit comment r\u00e9activer une soci\u00e9t\u00e9 radi\u00e9e !\",\"breadcrumb\":{\"@id\":\"https:\/\/www.legalvision.fr\/guides-juridiques\/gerer-une-entreprise\/reactiver-une-entreprise-radiee\/#breadcrumb\"},\"inLanguage\":\"fr-FR\",\"potentialAction\":[{\"@type\":\"ReadAction\",\"target\":[\"https:\/\/www.legalvision.fr\/guides-juridiques\/gerer-une-entreprise\/reactiver-une-entreprise-radiee\/\"]}]},{\"@type\":\"ImageObject\",\"inLanguage\":\"fr-FR\",\"@id\":\"https:\/\/www.legalvision.fr\/guides-juridiques\/gerer-une-entreprise\/reactiver-une-entreprise-radiee\/#primaryimage\",\"url\":\"https:\/\/www.legalvision.fr\/guides-juridiques\/wp-content\/uploads\/2019\/10\/lanterne.jpg\",\"contentUrl\":\"https:\/\/www.legalvision.fr\/guides-juridiques\/wp-content\/uploads\/2019\/10\/lanterne.jpg\",\"width\":768,\"height\":501,\"caption\":\"r\u00e9activer une entreprise radi\u00e9e\"},{\"@type\":\"BreadcrumbList\",\"@id\":\"https:\/\/www.legalvision.fr\/guides-juridiques\/gerer-une-entreprise\/reactiver-une-entreprise-radiee\/#breadcrumb\",\"itemListElement\":[{\"@type\":\"ListItem\",\"position\":1,\"name\":\"Accueil\",\"item\":\"https:\/\/www.legalvision.fr\/guides-juridiques\/\"},{\"@type\":\"ListItem\",\"position\":2,\"name\":\"G\u00e9rer une entreprise\",\"item\":\"https:\/\/www.legalvision.fr\/guides-juridiques\/gerer-une-entreprise\/\"},{\"@type\":\"ListItem\",\"position\":3,\"name\":\"R\u00e9activer une soci\u00e9t\u00e9 radi\u00e9e\"}]},{\"@type\":\"WebSite\",\"@id\":\"https:\/\/www.legalvision.fr\/guides-juridiques\/#website\",\"url\":\"https:\/\/www.legalvision.fr\/guides-juridiques\/\",\"name\":\"Guides juridiques\",\"description\":\"L&#039;information juridique \u00e0 destination des entreprises et TPE\",\"publisher\":{\"@id\":\"https:\/\/www.legalvision.fr\/guides-juridiques\/#organization\"},\"potentialAction\":[{\"@type\":\"SearchAction\",\"target\":{\"@type\":\"EntryPoint\",\"urlTemplate\":\"https:\/\/www.legalvision.fr\/guides-juridiques\/?s={search_term_string}\"},\"query-input\":{\"@type\":\"PropertyValueSpecification\",\"valueRequired\":true,\"valueName\":\"search_term_string\"}}],\"inLanguage\":\"fr-FR\"},{\"@type\":\"Organization\",\"@id\":\"https:\/\/www.legalvision.fr\/guides-juridiques\/#organization\",\"name\":\"Guides juridiques\",\"url\":\"https:\/\/www.legalvision.fr\/guides-juridiques\/\",\"logo\":{\"@type\":\"ImageObject\",\"inLanguage\":\"fr-FR\",\"@id\":\"https:\/\/www.legalvision.fr\/guides-juridiques\/#\/schema\/logo\/image\/\",\"url\":\"https:\/\/www.legalvision.fr\/guides-juridiques\/wp-content\/uploads\/2022\/10\/LV-Logotype.png\",\"contentUrl\":\"https:\/\/www.legalvision.fr\/guides-juridiques\/wp-content\/uploads\/2022\/10\/LV-Logotype.png\",\"width\":647,\"height\":125,\"caption\":\"Guides juridiques\"},\"image\":{\"@id\":\"https:\/\/www.legalvision.fr\/guides-juridiques\/#\/schema\/logo\/image\/\"}},{\"@type\":\"Person\",\"@id\":\"https:\/\/www.legalvision.fr\/guides-juridiques\/#\/schema\/person\/5754bfbc948dd8ca0f6dedda55df8452\",\"name\":\"Ambre Tournet\",\"image\":{\"@type\":\"ImageObject\",\"inLanguage\":\"fr-FR\",\"@id\":\"https:\/\/www.legalvision.fr\/guides-juridiques\/#\/schema\/person\/image\/\",\"url\":\"https:\/\/www.legalvision.fr\/guides-juridiques\/wp-content\/uploads\/2023\/07\/femme1-96x96.png\",\"contentUrl\":\"https:\/\/www.legalvision.fr\/guides-juridiques\/wp-content\/uploads\/2023\/07\/femme1-96x96.png\",\"caption\":\"Ambre Tournet\"},\"description\":\"Je suis juriste au sein de LegalVision et titulaire d'un Master 2 Droit de la distribution et des contrats d'affaires au sein de l'Universit\u00e9 de Montpellier.\",\"url\":\"https:\/\/www.legalvision.fr\/guides-juridiques\/author\/ambre-thevenon\/\"}]}<\/script>\n<!-- \/ Yoast SEO plugin. -->","yoast_head_json":{"title":"R\u00e9activer une soci\u00e9t\u00e9 radi\u00e9e - Guides juridiques","description":"De nombreuses raisons peuvent conduire \u00e0 la radiation de votre soci\u00e9t\u00e9. LegalVision vous dit comment r\u00e9activer une soci\u00e9t\u00e9 radi\u00e9e !","robots":{"index":"index","follow":"follow","max-snippet":"max-snippet:-1","max-image-preview":"max-image-preview:large","max-video-preview":"max-video-preview:-1"},"canonical":"https:\/\/www.legalvision.fr\/guides-juridiques\/gerer-une-entreprise\/reactiver-une-entreprise-radiee\/","og_locale":"fr_FR","og_type":"article","og_title":"R\u00e9activer une soci\u00e9t\u00e9 radi\u00e9e - Guides juridiques","og_description":"De nombreuses raisons peuvent conduire \u00e0 la radiation de votre soci\u00e9t\u00e9. LegalVision vous dit comment r\u00e9activer une soci\u00e9t\u00e9 radi\u00e9e !","og_url":"https:\/\/www.legalvision.fr\/guides-juridiques\/gerer-une-entreprise\/reactiver-une-entreprise-radiee\/","og_site_name":"Guides juridiques","article_published_time":"2019-10-28T06:30:57+00:00","article_modified_time":"2024-09-04T07:57:02+00:00","og_image":[{"width":768,"height":501,"url":"https:\/\/www.legalvision.fr\/guides-juridiques\/wp-content\/uploads\/2019\/10\/lanterne.jpg","type":"image\/jpeg"}],"author":"Ambre Tournet","twitter_card":"summary_large_image","twitter_misc":{"\u00c9crit par":"Ambre Tournet","Dur\u00e9e de lecture estim\u00e9e":"7 minutes"},"schema":{"@context":"https:\/\/schema.org","@graph":[{"@type":"Article","@id":"https:\/\/www.legalvision.fr\/guides-juridiques\/gerer-une-entreprise\/reactiver-une-entreprise-radiee\/#article","isPartOf":{"@id":"https:\/\/www.legalvision.fr\/guides-juridiques\/gerer-une-entreprise\/reactiver-une-entreprise-radiee\/"},"author":{"name":"Ambre Tournet","@id":"https:\/\/www.legalvision.fr\/guides-juridiques\/#\/schema\/person\/5754bfbc948dd8ca0f6dedda55df8452"},"headline":"R\u00e9activer une soci\u00e9t\u00e9 radi\u00e9e","datePublished":"2019-10-28T06:30:57+00:00","dateModified":"2024-09-04T07:57:02+00:00","mainEntityOfPage":{"@id":"https:\/\/www.legalvision.fr\/guides-juridiques\/gerer-une-entreprise\/reactiver-une-entreprise-radiee\/"},"wordCount":1507,"commentCount":50,"publisher":{"@id":"https:\/\/www.legalvision.fr\/guides-juridiques\/#organization"},"image":{"@id":"https:\/\/www.legalvision.fr\/guides-juridiques\/gerer-une-entreprise\/reactiver-une-entreprise-radiee\/#primaryimage"},"thumbnailUrl":"https:\/\/www.legalvision.fr\/guides-juridiques\/wp-content\/uploads\/2019\/10\/lanterne.jpg","articleSection":["G\u00e9rer une entreprise"],"inLanguage":"fr-FR","potentialAction":[{"@type":"CommentAction","name":"Comment","target":["https:\/\/www.legalvision.fr\/guides-juridiques\/gerer-une-entreprise\/reactiver-une-entreprise-radiee\/#respond"]}]},{"@type":"WebPage","@id":"https:\/\/www.legalvision.fr\/guides-juridiques\/gerer-une-entreprise\/reactiver-une-entreprise-radiee\/","url":"https:\/\/www.legalvision.fr\/guides-juridiques\/gerer-une-entreprise\/reactiver-une-entreprise-radiee\/","name":"R\u00e9activer une soci\u00e9t\u00e9 radi\u00e9e - Guides juridiques","isPartOf":{"@id":"https:\/\/www.legalvision.fr\/guides-juridiques\/#website"},"primaryImageOfPage":{"@id":"https:\/\/www.legalvision.fr\/guides-juridiques\/gerer-une-entreprise\/reactiver-une-entreprise-radiee\/#primaryimage"},"image":{"@id":"https:\/\/www.legalvision.fr\/guides-juridiques\/gerer-une-entreprise\/reactiver-une-entreprise-radiee\/#primaryimage"},"thumbnailUrl":"https:\/\/www.legalvision.fr\/guides-juridiques\/wp-content\/uploads\/2019\/10\/lanterne.jpg","datePublished":"2019-10-28T06:30:57+00:00","dateModified":"2024-09-04T07:57:02+00:00","description":"De nombreuses raisons peuvent conduire \u00e0 la radiation de votre soci\u00e9t\u00e9. LegalVision vous dit comment r\u00e9activer une soci\u00e9t\u00e9 radi\u00e9e !","breadcrumb":{"@id":"https:\/\/www.legalvision.fr\/guides-juridiques\/gerer-une-entreprise\/reactiver-une-entreprise-radiee\/#breadcrumb"},"inLanguage":"fr-FR","potentialAction":[{"@type":"ReadAction","target":["https:\/\/www.legalvision.fr\/guides-juridiques\/gerer-une-entreprise\/reactiver-une-entreprise-radiee\/"]}]},{"@type":"ImageObject","inLanguage":"fr-FR","@id":"https:\/\/www.legalvision.fr\/guides-juridiques\/gerer-une-entreprise\/reactiver-une-entreprise-radiee\/#primaryimage","url":"https:\/\/www.legalvision.fr\/guides-juridiques\/wp-content\/uploads\/2019\/10\/lanterne.jpg","contentUrl":"https:\/\/www.legalvision.fr\/guides-juridiques\/wp-content\/uploads\/2019\/10\/lanterne.jpg","width":768,"height":501,"caption":"r\u00e9activer une entreprise radi\u00e9e"},{"@type":"BreadcrumbList","@id":"https:\/\/www.legalvision.fr\/guides-juridiques\/gerer-une-entreprise\/reactiver-une-entreprise-radiee\/#breadcrumb","itemListElement":[{"@type":"ListItem","position":1,"name":"Accueil","item":"https:\/\/www.legalvision.fr\/guides-juridiques\/"},{"@type":"ListItem","position":2,"name":"G\u00e9rer une entreprise","item":"https:\/\/www.legalvision.fr\/guides-juridiques\/gerer-une-entreprise\/"},{"@type":"ListItem","position":3,"name":"R\u00e9activer une soci\u00e9t\u00e9 radi\u00e9e"}]},{"@type":"WebSite","@id":"https:\/\/www.legalvision.fr\/guides-juridiques\/#website","url":"https:\/\/www.legalvision.fr\/guides-juridiques\/","name":"Guides juridiques","description":"L&#039;information juridique \u00e0 destination des entreprises et TPE","publisher":{"@id":"https:\/\/www.legalvision.fr\/guides-juridiques\/#organization"},"potentialAction":[{"@type":"SearchAction","target":{"@type":"EntryPoint","urlTemplate":"https:\/\/www.legalvision.fr\/guides-juridiques\/?s={search_term_string}"},"query-input":{"@type":"PropertyValueSpecification","valueRequired":true,"valueName":"search_term_string"}}],"inLanguage":"fr-FR"},{"@type":"Organization","@id":"https:\/\/www.legalvision.fr\/guides-juridiques\/#organization","name":"Guides juridiques","url":"https:\/\/www.legalvision.fr\/guides-juridiques\/","logo":{"@type":"ImageObject","inLanguage":"fr-FR","@id":"https:\/\/www.legalvision.fr\/guides-juridiques\/#\/schema\/logo\/image\/","url":"https:\/\/www.legalvision.fr\/guides-juridiques\/wp-content\/uploads\/2022\/10\/LV-Logotype.png","contentUrl":"https:\/\/www.legalvision.fr\/guides-juridiques\/wp-content\/uploads\/2022\/10\/LV-Logotype.png","width":647,"height":125,"caption":"Guides juridiques"},"image":{"@id":"https:\/\/www.legalvision.fr\/guides-juridiques\/#\/schema\/logo\/image\/"}},{"@type":"Person","@id":"https:\/\/www.legalvision.fr\/guides-juridiques\/#\/schema\/person\/5754bfbc948dd8ca0f6dedda55df8452","name":"Ambre Tournet","image":{"@type":"ImageObject","inLanguage":"fr-FR","@id":"https:\/\/www.legalvision.fr\/guides-juridiques\/#\/schema\/person\/image\/","url":"https:\/\/www.legalvision.fr\/guides-juridiques\/wp-content\/uploads\/2023\/07\/femme1-96x96.png","contentUrl":"https:\/\/www.legalvision.fr\/guides-juridiques\/wp-content\/uploads\/2023\/07\/femme1-96x96.png","caption":"Ambre Tournet"},"description":"Je suis juriste au sein de LegalVision et titulaire d'un Master 2 Droit de la distribution et des contrats d'affaires au sein de l'Universit\u00e9 de Montpellier.","url":"https:\/\/www.legalvision.fr\/guides-juridiques\/author\/ambre-thevenon\/"}]}},"_links":{"self":[{"href":"https:\/\/www.legalvision.fr\/guides-juridiques\/wp-json\/wp\/v2\/posts\/28843","targetHints":{"allow":["GET"]}}],"collection":[{"href":"https:\/\/www.legalvision.fr\/guides-juridiques\/wp-json\/wp\/v2\/posts"}],"about":[{"href":"https:\/\/www.legalvision.fr\/guides-juridiques\/wp-json\/wp\/v2\/types\/post"}],"author":[{"embeddable":true,"href":"https:\/\/www.legalvision.fr\/guides-juridiques\/wp-json\/wp\/v2\/users\/50"}],"replies":[{"embeddable":true,"href":"https:\/\/www.legalvision.fr\/guides-juridiques\/wp-json\/wp\/v2\/comments?post=28843"}],"version-history":[{"count":25,"href":"https:\/\/www.legalvision.fr\/guides-juridiques\/wp-json\/wp\/v2\/posts\/28843\/revisions"}],"predecessor-version":[{"id":46495,"href":"https:\/\/www.legalvision.fr\/guides-juridiques\/wp-json\/wp\/v2\/posts\/28843\/revisions\/46495"}],"wp:featuredmedia":[{"embeddable":true,"href":"https:\/\/www.legalvision.fr\/guides-juridiques\/wp-json\/wp\/v2\/media\/28871"}],"wp:attachment":[{"href":"https:\/\/www.legalvision.fr\/guides-juridiques\/wp-json\/wp\/v2\/media?parent=28843"}],"wp:term":[{"taxonomy":"category","embeddable":true,"href":"https:\/\/www.legalvision.fr\/guides-juridiques\/wp-json\/wp\/v2\/categories?post=28843"},{"taxonomy":"post_tag","embeddable":true,"href":"https:\/\/www.legalvision.fr\/guides-juridiques\/wp-json\/wp\/v2\/tags?post=28843"}],"curies":[{"name":"wp","href":"https:\/\/api.w.org\/{rel}","templated":true}]}}