{"id":28041,"date":"2020-01-03T07:30:01","date_gmt":"2020-01-03T06:30:01","guid":{"rendered":"https:\/\/blog.legalvision.fr\/?p=28041"},"modified":"2022-03-27T21:20:44","modified_gmt":"2022-03-27T19:20:44","slug":"assurance-responsabilite-civile-professionnelle-2","status":"publish","type":"post","link":"https:\/\/www.legalvision.fr\/guides-juridiques\/creer-son-entreprise\/assurance-responsabilite-civile-professionnelle-2\/","title":{"rendered":"Tout savoir \u00e0 propos de l&rsquo;assurance responsabilit\u00e9 civile professionnelle !"},"content":{"rendered":"<p>Post\u00e9rieurement \u00e0 la<a href=\"https:\/\/blog.legalvision.fr\/2019\/04\/13\/etapes-de-creation-d-entreprise-tous-les-conseils-des-experts\/\"> cr\u00e9ation d\u2019entreprise<\/a>, l&rsquo;entrepreneur s&rsquo;int\u00e9resse g\u00e9n\u00e9ralement \u00e0 l&rsquo;assurance responsabilit\u00e9 civile professionnelle. Qu&rsquo;est-ce que l&rsquo;assurance responsabilit\u00e9 civile professionnelle (rc pro) ? Est-elle obligatoire\u00a0?\u00a0 O\u00f9 s\u2019adresser pour souscrire une assurance en responsabilit\u00e9 civile professionnelle\u00a0?<\/p>\n<p>En effet, <a href=\"https:\/\/blog.legalvision.fr\/2018\/12\/18\/creation-de-societe-ce-qu-il-faut-savoir\/\">suite \u00e0 sa cr\u00e9ation<\/a>,\u00a0l&rsquo;entreprise\u00a0peut, lors de l&rsquo;exercice de son activit\u00e9, causer un dommage. Le dommage peut avoir diverses origines\u00a0: erreur, n\u00e9gligence, faute, etc. Quoi qu\u2019il en soit, si sa responsabilit\u00e9 est engag\u00e9e, elle devra le prendre en charge.<\/p>\n<p>Face \u00e0 une telle situation,\u00a0il existe 3 possibilit\u00e9s\u00a0:\n<\/p>\n<ul>\n<li>soit l\u2019entreprise a les moyens de payer sans mettre en danger son activit\u00e9 ;<\/li>\n<li>soit elle peut le faire mais cela menacerait gravement la poursuite de l&rsquo;activit\u00e9 ;<\/li>\n<li>enfin,\u00a0elle peut aussi \u00eatre dans l&rsquo;impossibilit\u00e9 de payer les dommages caus\u00e9s. C\u2019est\u00a0dans cette situation\u00a0que la souscription \u00e0 ce type d&rsquo;assurance responsabilit\u00e9 civile est capitale. Ainsi, suivant la police d&rsquo;assurance souscrite, le dommage sera\u00a0partiellement ou totalement\u00a0pris en charge par l\u2019assureur.<\/li>\n<\/ul>\n<p style=\"text-align: left;\">Dans cet article, <a href=\"https:\/\/www.legalvision.fr\/contactez-nous\/\">LegalVision<\/a> vous explique tout ce que vous devez savoir sur l&rsquo;assurance responsabilit\u00e9 civile professionnelle.<\/p>\n<h3>Sommaire<\/h3>\n<p><a href=\"#1\">Qu&rsquo;est-ce que l&rsquo;assurance responsabilit\u00e9 civile professionnelle ?<\/a><br \/>\n<a href=\"#2\">\u00a0Cette assurance\u00a0est-elle\u00a0obligatoire ?<\/a><br \/>\n<a href=\"#3\">Comment souscrire \u00e0\u00a0ce type d&rsquo;assurance ?<\/a><\/p>\n<div class=\"wp-block-button\" style=\"text-align:center;\"><a class=\"wp-block-button__link has-background\" href=\"https:\/\/www.legalvision.fr\/tous-les-services\/\">Commencer ma cr\u00e9ation d&rsquo;entreprise<\/a><\/div>\n<h2 id=\"1\">\u00a0Qu&rsquo;est-ce que l&rsquo;assurance responsabilit\u00e9 civile professionnelle ?<\/h2>\n<h3><strong>\u00a0D\u00e9finition\u00a0<\/strong><\/h3>\n<p><em>\u00ab\u00a0L&rsquo;assurance de responsabilit\u00e9 professionnelle est celle qui garantit une entreprise contre les risques d\u00e9coulant de son exploitation et de ses produits\u00a0\u00bb<\/em>.<\/p>\n<p>Ainsi,\u00a0 il est important\u00a0de garder \u00e0 l&rsquo;esprit les points suivants :<\/p>\n<ul>\n<li>on distingue traditionnellement\u00a0<b> 2 types de responsabilit\u00e9s <\/b>\u00a0: la responsabilit\u00e9 contractuelle et la responsabilit\u00e9 d\u00e9lictuelle. Cependant, en cas de souscription \u00e0 une assurance civile professionnelle elles ne sont pas distingu\u00e9es et sont toutes les deux prises en charge par l\u2019assureur.<\/li>\n<li>l\u2019assurance n\u2019intervient que <b> dans le cadre de l\u2019exercice professionnel <\/b>. En d&rsquo;autres termes, elle ne couvre pas les dommages qui surviendraient dans la sph\u00e8re priv\u00e9e.<\/li>\n<li>l\u2019assurance couvre les risques li\u00e9s \u00e0 l\u2019exploitation de l\u2019entreprise ou \u00e0 ses produits, c\u2019est-\u00e0-dire qu\u2019elle prend en charge la condamnation financi\u00e8re de l\u2019entreprise.<\/li>\n<\/ul>\n<p><strong>Attention<\/strong>\u00a0!<\/p>\n<p>Il faut distinguer l&rsquo;assurance de protection juridique de\u00a0l\u2019assurance professionnelle responsabilit\u00e9 civile. Une assurance de protection juridique prend en charge les frais de justice de l&rsquo;assur\u00e9 alors que l&rsquo;assurance responsabilit\u00e9 civile professionnelle prend en charge les frais lorsque l&rsquo;entreprise est condamn\u00e9e. Elle n\u2019est donc pas aux c\u00f4t\u00e9s de l\u2019entreprise ce qui explique pourquoi l\u2019assureur interviendra \u00e0 l\u2019instance en cas de proc\u00e8s (pour faire valoir ses droits).<\/p>\n<h3><strong>A qui s&rsquo;adresse t-elle et que couvre t-elle\u00a0?<\/strong><\/h3>\n<p><a href=\"https:\/\/www.legifrance.gouv.fr\/affichCodeArticle.do;jsessionid=20B655F96AC61C1A782FCEC71977B48A.tplgfr27s_1?idArticle=LEGIARTI000032041559&amp;cidTexte=LEGITEXT000006070721&amp;dateTexte=20161001&amp;categorieLien=id&amp;oldAction=&amp;nbResultRech=\">L&rsquo;article 1242 du Code civi<\/a>l\u00a0pr\u00e9cise que <em>\u00ab\u00a0Chacun est responsable du dommage qu&rsquo;il a caus\u00e9 non seulement par son fait, mais encore par sa n\u00e9gligence ou par son imprudence.\u00a0On est responsable non seulement du dommage que l&rsquo;on cause par son propre fait, mais encore de celui qui est caus\u00e9 par le fait des personnes dont on doit r\u00e9pondre, ou des choses que l&rsquo;on a sous sa garde\u00a0\u00bb<\/em>.<\/p>\n<p>L\u2019assurance responsabilit\u00e9 civile professionnelle peut \u00eatre souscrite par tout professionnel, personne physique ou personne morale, pour les besoins de son activit\u00e9.<\/p>\n<p>Gr\u00e2ce \u00e0 cette assurance, si la responsabilit\u00e9 civile du professionnel est engag\u00e9e, cela\u00a0ne mettra pas en p\u00e9ril son activit\u00e9. En effet, l\u2019assureur prendra en charge les co\u00fbts,\u00a0partiellement ou totalement, selon la police d\u2019assurance.<\/p>\n<h2 id=\"2\">\u00a0Cette assurance est-elle obligatoire ?<\/h2>\n<p>Dans certains secteurs, la souscription d&rsquo;une assurance responsabilit\u00e9 civile professionnelle rel\u00e8ve d&rsquo;une obligation. Pour les secteurs o\u00f9 sa souscription\u00a0n\u2019est pas obligatoire,\u00a0il reste cependant fortement recommand\u00e9 d&rsquo;en souscrire une.<\/p>\n<h3><strong>L\u2019assurance responsabilit\u00e9 civile professionnelle obligatoire <\/strong><\/h3>\n<p>L\u2019assurance responsabilit\u00e9 civile professionnelle est obligatoire\u00a0pour\u00a0:<\/p>\n<ul>\n<li>les professionnels du transport ;<\/li>\n<li>les professions du droit ;<\/li>\n<li>les experts-comptables ;<\/li>\n<li>les professionnels du b\u00e2timent ;<\/li>\n<li>les professionnels de l&rsquo;immobilier ;<\/li>\n<li>les architectes ;<\/li>\n<li>les professionnels de la sant\u00e9 ;<\/li>\n<li>les agences de voyage ;<\/li>\n<li>les professionnels de l&rsquo;assurance&#8230;<\/li>\n<\/ul>\n<p>Cette liste n&rsquo;est pas exhaustive.<\/p>\n<p style=\"text-align: center;\">Vous\u00a0souhaitez en savoir plus sur la <a href=\"https:\/\/blog.legalvision.fr\/2019\/10\/19\/rcp-immobilier\/\">responsabilit\u00e9 civile professionnelle de l&rsquo;agent immobilier<\/a>\u00a0ou sur la <a href=\"https:\/\/blog.legalvision.fr\/2019\/11\/08\/rcp-agent-commercial\/\">responsabilit\u00e9 civile professionnelle de l\u2019agent commercial<\/a>\u00a0? N&rsquo;h\u00e9sitez pas\u00a0\u00e0 consulter nos articles d\u00e9di\u00e9s \u00e0 cet effet.<\/p>\n<h3><strong>\u00a0L\u2019assurance responsabilit\u00e9 civile professionnelle recommand\u00e9e<\/strong><\/h3>\n<h4><strong>G\u00e9n\u00e9ralit\u00e9s<\/strong><\/h4>\n<p>Bien que l&rsquo;entreprise ne soit pas soumise \u00e0 l&rsquo;obligation de souscrire une assurance responsabilit\u00e9 civile professionnelle il est fortement recommand\u00e9 d&rsquo;en souscrire une car tous les professionnels\u00a0encourent des risques. A titre d&rsquo;exemple, toute personne qui exerce une activit\u00e9 de conseil peut prodiguer un mauvais conseil \u00e0 son client..<\/p>\n<p>De plus,\u00a0l&rsquo;assurance permet de couvrir l\u2019entrepreneur lorsque ses pr\u00e9pos\u00e9s ont commis une faute. De ce point de vue, elle peut donc s\u2019av\u00e9rer int\u00e9ressante pour un chef d\u2019entreprise qui\u00a0g\u00e8re une \u00e9quipe.<\/p>\n<p>Souscrire \u00e0 une assurance\u00a0est <b> donc fortement conseill\u00e9, <\/b> et ce m\u00eame si cela ne rel\u00e8ve pas d&rsquo;une obligation et quel que soit le secteur d&rsquo;activit\u00e9 de l&rsquo;entreprise.<\/p>\n<p><strong>Assurance responsabilit\u00e9 civile professionnelle auto entrepreneur<\/strong><\/p>\n<p>Une assurance responsabilit\u00e9 civile est fortement conseill\u00e9e pour tous les auto entrepreneurs<em>. <\/em>En effet,\u00a0une assurance responsabilit\u00e9 civile professionnelle permet \u00e0 l\u2019entrepreneur de s\u00e9curiser et de p\u00e9renniser son activit\u00e9.<\/p>\n<p>En outre, depuis 2016, il n\u2019y a plus de distinction entre l\u2019auto entrepreneur et la micro entreprise. Le raisonnement concernant l&rsquo;auto entrepreneur est donc valable pour le micro entrepreneur. Il est donc tout aussi recommand\u00e9 de souscrire \u00e0 une assurance responsabilit\u00e9 civile professionnelle micro entreprise.<\/p>\n<p>La souscription d&rsquo;une assurance est vivement conseill\u00e9e mais elle n\u2019est cependant pas obligatoire sauf lorsque l\u2019auto entreprise est soumise \u00e0 une obligation l\u00e9gale de souscrire une assurance en raison de son activit\u00e9.<\/p>\n<h2 id=\"3\">Comment souscrire \u00e0 ce type d&rsquo;assurance?<\/h2>\n<h3><strong>\u00a0Comment choisir son assurance ?\u00a0<\/strong><\/h3>\n<p>Plusieurs organismes proposent aujourd\u2019hui des contrats d\u2019assurance rc pro. Voici une liste de quelques uns de ces organismes\u00a0:<\/p>\n<ul>\n<li>GMF ;<\/li>\n<li>Macif ;<\/li>\n<li>Maaf ;<\/li>\n<li>Axa&#8230;<\/li>\n<\/ul>\n<p>Cette liste n&rsquo;est pas exhaustive.<\/p>\n<h3><strong>Assurance responsabilit\u00e9 civile professionnelle : tarif\u00a0<\/strong><\/h3>\n<h4>Combien co\u00fbte\u00a0une assurance responsabilit\u00e9 civile professionnelle\u00a0?<\/h4>\n<p>Le co\u00fbt\u00a0d&rsquo;une assurance responsabilit\u00e9 civile professionnelle est tr\u00e8s variable.<em>\u00a0<\/em>Le prix varie en fonction du secteur d\u2019activit\u00e9 et du montant du chiffre d\u2019affaires. Il est de 100 \u00e0 1000 \u20ac pour une entreprise individuelle, de 100 \u20ac \u00e0 500 \u20ac pour une profession lib\u00e9rale.<\/p>\n<p>A titre d&rsquo;exemple, le tarif assurance responsabilit\u00e9 civile professionnelle macif comprend par exemple les frais de d\u00e9fense de l&rsquo;entreprise. Toutefois, la macif ne permet pas de faire son devis en ligne. Il est cependant possible de d\u00e9poser une demande\u00a0directement sur le site web de l&rsquo;assureur, puis les conseillers vous rappelleront.<\/p>\n<p><strong>Comparateur d&rsquo;assurance responsabilit\u00e9 civile professionnelle<\/strong><\/p>\n<p>Afin de\u00a0se faire une id\u00e9e plus pr\u00e9cise du montant de l\u2019assurance responsabilit\u00e9 civile professionnelle\u00a0il est possible de se\u00a0rendre :<\/p>\n<ul>\n<li>sur un site de comparateur d&rsquo;assurance responsabilit\u00e9 civile professionnelle (assurance responsabilit\u00e9 civile professionnelle comparatif) ;<\/li>\n<li>ou encore de\u00a0faire appel \u00e0 un courtier en assurance responsabilit\u00e9 civile professionnelle (assurance responsabilit\u00e9 civile courtier en assurance).<\/li>\n<\/ul>\n<p>Il existe plusieurs sites permettant la comparaison notamment lefuret.com, lelynx.fr ou lecomparateurassurance.com.<\/p>\n<p><b> Attention ! <\/b><\/p>\n<p>Si le professionnel fait partie d\u2019un ordre, c\u2019est aupr\u00e8s de son ordre qu\u2019il devra s\u2019adresser pour contracter cette assurance. Il peut s&rsquo;agir par exemple de l&rsquo;ordre des avocats ou l&rsquo;ordre des m\u00e9decins.<\/p>\n<p><b> Quel est le tarif pour souscrire \u00e0 une assurance responsabilit\u00e9 civile professionnelle lorsque l&rsquo;on est auto entrepreneur ? <\/b> L\u00e0 aussi, il est possible d&rsquo;utiliser un comparateur assurance responsabilit\u00e9 civile professionnelle auto entrepreneur.<\/p>\n<p>Dans tous les cas,\u00a0il convient de demander aux organismes des devis pour choisir l\u2019assurance la plus adapt\u00e9e \u00e0 son activit\u00e9.\u00a0 Un devis assurance responsabilit\u00e9 professionnelle peut g\u00e9n\u00e9ralement s&rsquo;obtenir directement en ligne.<\/p>\n<p>En outre, le prix<em>\u00a0<\/em>d&rsquo;une assurance responsabilit\u00e9 civile professionnelle auto entrepreneur varie en fonction des organismes. Certains\u00a0organismes se sont sp\u00e9cialis\u00e9s dans l\u2019assurance des auto entrepreneur et ont ainsi adapt\u00e9 leurs tarifs.<\/p>\n<h2><strong>\u00a0Comment souscrire \u00e0 ce type d&rsquo;assurance ?\u00a0<\/strong><\/h2>\n<h3><strong>Souscrire \u00e0 une assurance responsabilit\u00e9 civile professionnelle<\/strong><\/h3>\n<p>Il est aujourd&rsquo;hui possible de souscrire \u00e0 une assurance responsabilit\u00e9 civile professionnelle en ligne. Cette possibilit\u00e9 existe \u00e9galement pour votre micro entreprise (assurance responsabilit\u00e9 civile professionnelle auto entrepreneur en ligne).<\/p>\n<p>En cas de souscription\u00a0\u00e0 une assurance rc, un contrat d&rsquo;assurance responsabilit\u00e9 civile professionnelle est sign\u00e9 par les deux parties. Il doit \u00eatre conclu par \u00e9crit.<\/p>\n<p>Plusieurs points sont \u00e0 v\u00e9rifier lors de la signature du contrat.<\/p>\n<p><b> Bon \u00e0 savoir : <\/b><\/p>\n<p>L\u2019assurance ne couvre que les activit\u00e9s principales qui entrent dans <b> le champ de la qualification professionnelle indiqu\u00e9e <\/b> . Il faudra donc \u00eatre attentif concernant deux points :<\/p>\n<ul>\n<li>au moment de la souscription du contrat d\u2019assurance, le professionnel doit indiquer son exacte qualification professionnelle ;<\/li>\n<li>seules sont garanties les cons\u00e9quences qui d\u00e9coulent de l\u2019exercice de la profession. Ainsi, les\u00a0 dommages qui d\u00e9couleraient d\u2019une fonction accessoire ou secondaire ne sont pas couverts.<\/li>\n<\/ul>\n<p style=\"text-align: center;\">Pour des conseils personnalis\u00e9s n\u2019h\u00e9sitez pas \u00e0 <a href=\"https:\/\/www.legalvision.fr\/contactez-nous\/\">contacter<\/a> les juristes de LegalVision\u00a0!<\/p>\n<h3><strong>Attestation assurance responsabilit\u00e9 civile professionnelle <\/strong><\/h3>\n<p>Une fois que\u00a0la souscription a \u00e9t\u00e9 effectu\u00e9e,\u00a0l&rsquo;entrepreneur recevra une attestation d&rsquo;assurance responsabilit\u00e9 civile et professionnelle. Ce document est important puisqu&rsquo;il doit \u00eatre transmis pour justifier de\u00a0sa\u00a0protection.<\/p>\n<h3><strong>La r\u00e9siliation contrat assurance responsabilit\u00e9 civile professionnelle <\/strong><\/h3>\n<p>Dans le cas o\u00f9 l&rsquo;entrepreneur souhaite\u00a0changer d\u2019assurance ou mettre fin \u00e0\u00a0\u00a0son contrat, il devra transmettre \u00e0 son assureur\u00a0une lettre de r\u00e9siliation assurance responsabilit\u00e9 civile professionnelle.<\/p>\n<p>Attention toutefois aux d\u00e9lais\u00a0qui encadrent la r\u00e9siliation.\u00a0Il convient \u00e9galement d&rsquo;\u00eatre attentif et de veille \u00e0\u00a0toujours \u00eatre couvert par une assurance, surtout dans le cas o\u00f9 il est obligatoire d&rsquo;\u00eatre assur\u00e9.<\/p>\n<p>Ainsi, n\u2019h\u00e9sitez pas \u00e0 vous faire conseiller par des professionnels dans la r\u00e9siliation de votre contrat et dans la recherche d\u2019un nouveau contrat d\u2019assurance, par exemple en faisant appel \u00e0 un courtier (responsabilit\u00e9 civile professionnelle courtier assurance).<\/p>\n<p style=\"text-align: center;\">Vous avez <a href=\"https:\/\/www.legalvision.fr\/creation-dentreprise\/business-plan\">trouv\u00e9 un projet d&rsquo;entreprise <\/a>et souhaitez maintenant<a href=\"https:\/\/www.legalvision.fr\/creation-dentreprise\/\"> la cr\u00e9er <\/a>? N&rsquo;h\u00e9sitez plus et faites appel \u00e0 LegalVision !<\/p>\n<p><\/p>\n<div class=\"wp-block-button\" style=\"text-align:center;\"><a class=\"wp-block-button__link has-background\" href=\"https:\/\/www.legalvision.fr\/tous-les-services\/\">Commencer ma cr\u00e9ation d&rsquo;entreprise<\/a><\/div>\n","protected":false},"excerpt":{"rendered":"<p>Post\u00e9rieurement \u00e0 la cr\u00e9ation d\u2019entreprise, l&rsquo;entrepreneur s&rsquo;int\u00e9resse g\u00e9n\u00e9ralement \u00e0 l&rsquo;assurance responsabilit\u00e9 civile professionnelle. Qu&rsquo;est-ce que l&rsquo;assurance responsabilit\u00e9 civile professionnelle (rc pro) ? Est-elle obligatoire\u00a0?\u00a0 O\u00f9 s\u2019adresser pour souscrire une assurance en responsabilit\u00e9 civile professionnelle\u00a0? En effet, suite \u00e0 sa cr\u00e9ation,\u00a0l&rsquo;entreprise\u00a0peut, lors de l&rsquo;exercice de son activit\u00e9, causer un dommage. Le dommage peut avoir diverses origines\u00a0:&hellip; <a class=\"more-link\" href=\"https:\/\/www.legalvision.fr\/guides-juridiques\/creer-son-entreprise\/assurance-responsabilite-civile-professionnelle-2\/\">Poursuivre la lecture <span class=\"screen-reader-text\">Tout savoir \u00e0 propos de l&rsquo;assurance responsabilit\u00e9 civile professionnelle !<\/span><\/a><\/p>\n","protected":false},"author":57,"featured_media":30482,"comment_status":"open","ping_status":"open","sticky":false,"template":"","format":"standard","meta":{"content-type":"","inline_featured_image":false,"footnotes":""},"categories":[2481],"tags":[],"class_list":["post-28041","post","type-post","status-publish","format-standard","has-post-thumbnail","hentry","category-creer-son-entreprise","entry"],"yoast_head":"<!-- This site is optimized with the Yoast SEO plugin v27.1.1 - https:\/\/yoast.com\/product\/yoast-seo-wordpress\/ -->\n<title>Assurance responsabilit\u00e9 civile professionnelle : le guide de LegalVision<\/title>\n<meta name=\"description\" content=\"Dans cet article LegalVision vous explique tout ce que vous devez savoir sur l&#039;assurance responsabilit\u00e9 civile professionnelle !\" \/>\n<meta name=\"robots\" content=\"index, follow, max-snippet:-1, max-image-preview:large, max-video-preview:-1\" \/>\n<link rel=\"canonical\" href=\"https:\/\/www.legalvision.fr\/guides-juridiques\/creer-son-entreprise\/assurance-responsabilite-civile-professionnelle-2\/\" \/>\n<meta property=\"og:locale\" content=\"fr_FR\" \/>\n<meta property=\"og:type\" content=\"article\" \/>\n<meta property=\"og:title\" content=\"Assurance responsabilit\u00e9 civile professionnelle : le guide de LegalVision\" \/>\n<meta property=\"og:description\" content=\"Dans cet article LegalVision vous explique tout ce que vous devez savoir sur l&#039;assurance responsabilit\u00e9 civile professionnelle !\" \/>\n<meta property=\"og:url\" content=\"https:\/\/www.legalvision.fr\/guides-juridiques\/creer-son-entreprise\/assurance-responsabilite-civile-professionnelle-2\/\" \/>\n<meta property=\"og:site_name\" content=\"Guides juridiques\" \/>\n<meta property=\"article:published_time\" content=\"2020-01-03T06:30:01+00:00\" \/>\n<meta property=\"article:modified_time\" content=\"2022-03-27T19:20:44+00:00\" \/>\n<meta property=\"og:image\" content=\"https:\/\/www.legalvision.fr\/guides-juridiques\/wp-content\/uploads\/2019\/10\/assurance-responsabilit\u00e9-civile-professionnelle-min-1.jpg\" \/>\n\t<meta property=\"og:image:width\" content=\"958\" \/>\n\t<meta property=\"og:image:height\" content=\"350\" \/>\n\t<meta property=\"og:image:type\" content=\"image\/jpeg\" \/>\n<meta name=\"author\" content=\"Sibylle Pouilla\" \/>\n<meta name=\"twitter:card\" content=\"summary_large_image\" \/>\n<meta name=\"twitter:label1\" content=\"\u00c9crit par\" \/>\n\t<meta name=\"twitter:data1\" content=\"Sibylle Pouilla\" \/>\n\t<meta name=\"twitter:label2\" content=\"Dur\u00e9e de lecture estim\u00e9e\" \/>\n\t<meta name=\"twitter:data2\" content=\"8 minutes\" \/>\n<script type=\"application\/ld+json\" class=\"yoast-schema-graph\">{\"@context\":\"https:\/\/schema.org\",\"@graph\":[{\"@type\":\"Article\",\"@id\":\"https:\/\/www.legalvision.fr\/guides-juridiques\/creer-son-entreprise\/assurance-responsabilite-civile-professionnelle-2\/#article\",\"isPartOf\":{\"@id\":\"https:\/\/www.legalvision.fr\/guides-juridiques\/creer-son-entreprise\/assurance-responsabilite-civile-professionnelle-2\/\"},\"author\":{\"name\":\"Sibylle Pouilla\",\"@id\":\"https:\/\/www.legalvision.fr\/guides-juridiques\/#\/schema\/person\/98fb5f2b61dd0ade48840337d2c5d12c\"},\"headline\":\"Tout savoir \u00e0 propos de l&rsquo;assurance responsabilit\u00e9 civile professionnelle !\",\"datePublished\":\"2020-01-03T06:30:01+00:00\",\"dateModified\":\"2022-03-27T19:20:44+00:00\",\"mainEntityOfPage\":{\"@id\":\"https:\/\/www.legalvision.fr\/guides-juridiques\/creer-son-entreprise\/assurance-responsabilite-civile-professionnelle-2\/\"},\"wordCount\":1706,\"commentCount\":0,\"publisher\":{\"@id\":\"https:\/\/www.legalvision.fr\/guides-juridiques\/#organization\"},\"image\":{\"@id\":\"https:\/\/www.legalvision.fr\/guides-juridiques\/creer-son-entreprise\/assurance-responsabilite-civile-professionnelle-2\/#primaryimage\"},\"thumbnailUrl\":\"https:\/\/www.legalvision.fr\/guides-juridiques\/wp-content\/uploads\/2019\/10\/assurance-responsabilit\u00e9-civile-professionnelle-min-1.jpg\",\"articleSection\":[\"Cr\u00e9er son entreprise\"],\"inLanguage\":\"fr-FR\",\"potentialAction\":[{\"@type\":\"CommentAction\",\"name\":\"Comment\",\"target\":[\"https:\/\/www.legalvision.fr\/guides-juridiques\/creer-son-entreprise\/assurance-responsabilite-civile-professionnelle-2\/#respond\"]}]},{\"@type\":\"WebPage\",\"@id\":\"https:\/\/www.legalvision.fr\/guides-juridiques\/creer-son-entreprise\/assurance-responsabilite-civile-professionnelle-2\/\",\"url\":\"https:\/\/www.legalvision.fr\/guides-juridiques\/creer-son-entreprise\/assurance-responsabilite-civile-professionnelle-2\/\",\"name\":\"Assurance responsabilit\u00e9 civile professionnelle : le guide de LegalVision\",\"isPartOf\":{\"@id\":\"https:\/\/www.legalvision.fr\/guides-juridiques\/#website\"},\"primaryImageOfPage\":{\"@id\":\"https:\/\/www.legalvision.fr\/guides-juridiques\/creer-son-entreprise\/assurance-responsabilite-civile-professionnelle-2\/#primaryimage\"},\"image\":{\"@id\":\"https:\/\/www.legalvision.fr\/guides-juridiques\/creer-son-entreprise\/assurance-responsabilite-civile-professionnelle-2\/#primaryimage\"},\"thumbnailUrl\":\"https:\/\/www.legalvision.fr\/guides-juridiques\/wp-content\/uploads\/2019\/10\/assurance-responsabilit\u00e9-civile-professionnelle-min-1.jpg\",\"datePublished\":\"2020-01-03T06:30:01+00:00\",\"dateModified\":\"2022-03-27T19:20:44+00:00\",\"description\":\"Dans cet article LegalVision vous explique tout ce que vous devez savoir sur l'assurance responsabilit\u00e9 civile professionnelle !\",\"breadcrumb\":{\"@id\":\"https:\/\/www.legalvision.fr\/guides-juridiques\/creer-son-entreprise\/assurance-responsabilite-civile-professionnelle-2\/#breadcrumb\"},\"inLanguage\":\"fr-FR\",\"potentialAction\":[{\"@type\":\"ReadAction\",\"target\":[\"https:\/\/www.legalvision.fr\/guides-juridiques\/creer-son-entreprise\/assurance-responsabilite-civile-professionnelle-2\/\"]}]},{\"@type\":\"ImageObject\",\"inLanguage\":\"fr-FR\",\"@id\":\"https:\/\/www.legalvision.fr\/guides-juridiques\/creer-son-entreprise\/assurance-responsabilite-civile-professionnelle-2\/#primaryimage\",\"url\":\"https:\/\/www.legalvision.fr\/guides-juridiques\/wp-content\/uploads\/2019\/10\/assurance-responsabilit\u00e9-civile-professionnelle-min-1.jpg\",\"contentUrl\":\"https:\/\/www.legalvision.fr\/guides-juridiques\/wp-content\/uploads\/2019\/10\/assurance-responsabilit\u00e9-civile-professionnelle-min-1.jpg\",\"width\":958,\"height\":350,\"caption\":\"assurance responsabilit\u00e9 civile professionnelle\"},{\"@type\":\"BreadcrumbList\",\"@id\":\"https:\/\/www.legalvision.fr\/guides-juridiques\/creer-son-entreprise\/assurance-responsabilite-civile-professionnelle-2\/#breadcrumb\",\"itemListElement\":[{\"@type\":\"ListItem\",\"position\":1,\"name\":\"Accueil\",\"item\":\"https:\/\/www.legalvision.fr\/guides-juridiques\/\"},{\"@type\":\"ListItem\",\"position\":2,\"name\":\"Cr\u00e9er son entreprise\",\"item\":\"https:\/\/www.legalvision.fr\/guides-juridiques\/creer-son-entreprise\/\"},{\"@type\":\"ListItem\",\"position\":3,\"name\":\"Tout savoir \u00e0 propos de l&rsquo;assurance responsabilit\u00e9 civile professionnelle !\"}]},{\"@type\":\"WebSite\",\"@id\":\"https:\/\/www.legalvision.fr\/guides-juridiques\/#website\",\"url\":\"https:\/\/www.legalvision.fr\/guides-juridiques\/\",\"name\":\"Guides juridiques\",\"description\":\"L&#039;information juridique \u00e0 destination des entreprises et TPE\",\"publisher\":{\"@id\":\"https:\/\/www.legalvision.fr\/guides-juridiques\/#organization\"},\"potentialAction\":[{\"@type\":\"SearchAction\",\"target\":{\"@type\":\"EntryPoint\",\"urlTemplate\":\"https:\/\/www.legalvision.fr\/guides-juridiques\/?s={search_term_string}\"},\"query-input\":{\"@type\":\"PropertyValueSpecification\",\"valueRequired\":true,\"valueName\":\"search_term_string\"}}],\"inLanguage\":\"fr-FR\"},{\"@type\":\"Organization\",\"@id\":\"https:\/\/www.legalvision.fr\/guides-juridiques\/#organization\",\"name\":\"Guides juridiques\",\"url\":\"https:\/\/www.legalvision.fr\/guides-juridiques\/\",\"logo\":{\"@type\":\"ImageObject\",\"inLanguage\":\"fr-FR\",\"@id\":\"https:\/\/www.legalvision.fr\/guides-juridiques\/#\/schema\/logo\/image\/\",\"url\":\"https:\/\/www.legalvision.fr\/guides-juridiques\/wp-content\/uploads\/2022\/10\/LV-Logotype.png\",\"contentUrl\":\"https:\/\/www.legalvision.fr\/guides-juridiques\/wp-content\/uploads\/2022\/10\/LV-Logotype.png\",\"width\":647,\"height\":125,\"caption\":\"Guides juridiques\"},\"image\":{\"@id\":\"https:\/\/www.legalvision.fr\/guides-juridiques\/#\/schema\/logo\/image\/\"}},{\"@type\":\"Person\",\"@id\":\"https:\/\/www.legalvision.fr\/guides-juridiques\/#\/schema\/person\/98fb5f2b61dd0ade48840337d2c5d12c\",\"name\":\"Sibylle Pouilla\",\"image\":{\"@type\":\"ImageObject\",\"inLanguage\":\"fr-FR\",\"@id\":\"https:\/\/www.legalvision.fr\/guides-juridiques\/#\/schema\/person\/image\/\",\"url\":\"https:\/\/www.legalvision.fr\/guides-juridiques\/wp-content\/uploads\/2023\/07\/femme15-96x96.png\",\"contentUrl\":\"https:\/\/www.legalvision.fr\/guides-juridiques\/wp-content\/uploads\/2023\/07\/femme15-96x96.png\",\"caption\":\"Sibylle Pouilla\"},\"description\":\"Doctorante en droit compar\u00e9 \u00e0 l'Universit\u00e9 Paris II Panth\u00e9on Assas, titulaire du CAPA.\",\"url\":\"https:\/\/www.legalvision.fr\/guides-juridiques\/author\/sibylle-pouillaude\/\"}]}<\/script>\n<!-- \/ Yoast SEO plugin. -->","yoast_head_json":{"title":"Assurance responsabilit\u00e9 civile professionnelle : le guide de LegalVision","description":"Dans cet article LegalVision vous explique tout ce que vous devez savoir sur l'assurance responsabilit\u00e9 civile professionnelle !","robots":{"index":"index","follow":"follow","max-snippet":"max-snippet:-1","max-image-preview":"max-image-preview:large","max-video-preview":"max-video-preview:-1"},"canonical":"https:\/\/www.legalvision.fr\/guides-juridiques\/creer-son-entreprise\/assurance-responsabilite-civile-professionnelle-2\/","og_locale":"fr_FR","og_type":"article","og_title":"Assurance responsabilit\u00e9 civile professionnelle : le guide de LegalVision","og_description":"Dans cet article LegalVision vous explique tout ce que vous devez savoir sur l'assurance responsabilit\u00e9 civile professionnelle !","og_url":"https:\/\/www.legalvision.fr\/guides-juridiques\/creer-son-entreprise\/assurance-responsabilite-civile-professionnelle-2\/","og_site_name":"Guides juridiques","article_published_time":"2020-01-03T06:30:01+00:00","article_modified_time":"2022-03-27T19:20:44+00:00","og_image":[{"width":958,"height":350,"url":"https:\/\/www.legalvision.fr\/guides-juridiques\/wp-content\/uploads\/2019\/10\/assurance-responsabilit\u00e9-civile-professionnelle-min-1.jpg","type":"image\/jpeg"}],"author":"Sibylle Pouilla","twitter_card":"summary_large_image","twitter_misc":{"\u00c9crit par":"Sibylle Pouilla","Dur\u00e9e de lecture estim\u00e9e":"8 minutes"},"schema":{"@context":"https:\/\/schema.org","@graph":[{"@type":"Article","@id":"https:\/\/www.legalvision.fr\/guides-juridiques\/creer-son-entreprise\/assurance-responsabilite-civile-professionnelle-2\/#article","isPartOf":{"@id":"https:\/\/www.legalvision.fr\/guides-juridiques\/creer-son-entreprise\/assurance-responsabilite-civile-professionnelle-2\/"},"author":{"name":"Sibylle Pouilla","@id":"https:\/\/www.legalvision.fr\/guides-juridiques\/#\/schema\/person\/98fb5f2b61dd0ade48840337d2c5d12c"},"headline":"Tout savoir \u00e0 propos de l&rsquo;assurance responsabilit\u00e9 civile professionnelle !","datePublished":"2020-01-03T06:30:01+00:00","dateModified":"2022-03-27T19:20:44+00:00","mainEntityOfPage":{"@id":"https:\/\/www.legalvision.fr\/guides-juridiques\/creer-son-entreprise\/assurance-responsabilite-civile-professionnelle-2\/"},"wordCount":1706,"commentCount":0,"publisher":{"@id":"https:\/\/www.legalvision.fr\/guides-juridiques\/#organization"},"image":{"@id":"https:\/\/www.legalvision.fr\/guides-juridiques\/creer-son-entreprise\/assurance-responsabilite-civile-professionnelle-2\/#primaryimage"},"thumbnailUrl":"https:\/\/www.legalvision.fr\/guides-juridiques\/wp-content\/uploads\/2019\/10\/assurance-responsabilit\u00e9-civile-professionnelle-min-1.jpg","articleSection":["Cr\u00e9er son entreprise"],"inLanguage":"fr-FR","potentialAction":[{"@type":"CommentAction","name":"Comment","target":["https:\/\/www.legalvision.fr\/guides-juridiques\/creer-son-entreprise\/assurance-responsabilite-civile-professionnelle-2\/#respond"]}]},{"@type":"WebPage","@id":"https:\/\/www.legalvision.fr\/guides-juridiques\/creer-son-entreprise\/assurance-responsabilite-civile-professionnelle-2\/","url":"https:\/\/www.legalvision.fr\/guides-juridiques\/creer-son-entreprise\/assurance-responsabilite-civile-professionnelle-2\/","name":"Assurance responsabilit\u00e9 civile professionnelle : le guide de LegalVision","isPartOf":{"@id":"https:\/\/www.legalvision.fr\/guides-juridiques\/#website"},"primaryImageOfPage":{"@id":"https:\/\/www.legalvision.fr\/guides-juridiques\/creer-son-entreprise\/assurance-responsabilite-civile-professionnelle-2\/#primaryimage"},"image":{"@id":"https:\/\/www.legalvision.fr\/guides-juridiques\/creer-son-entreprise\/assurance-responsabilite-civile-professionnelle-2\/#primaryimage"},"thumbnailUrl":"https:\/\/www.legalvision.fr\/guides-juridiques\/wp-content\/uploads\/2019\/10\/assurance-responsabilit\u00e9-civile-professionnelle-min-1.jpg","datePublished":"2020-01-03T06:30:01+00:00","dateModified":"2022-03-27T19:20:44+00:00","description":"Dans cet article LegalVision vous explique tout ce que vous devez savoir sur l'assurance responsabilit\u00e9 civile professionnelle !","breadcrumb":{"@id":"https:\/\/www.legalvision.fr\/guides-juridiques\/creer-son-entreprise\/assurance-responsabilite-civile-professionnelle-2\/#breadcrumb"},"inLanguage":"fr-FR","potentialAction":[{"@type":"ReadAction","target":["https:\/\/www.legalvision.fr\/guides-juridiques\/creer-son-entreprise\/assurance-responsabilite-civile-professionnelle-2\/"]}]},{"@type":"ImageObject","inLanguage":"fr-FR","@id":"https:\/\/www.legalvision.fr\/guides-juridiques\/creer-son-entreprise\/assurance-responsabilite-civile-professionnelle-2\/#primaryimage","url":"https:\/\/www.legalvision.fr\/guides-juridiques\/wp-content\/uploads\/2019\/10\/assurance-responsabilit\u00e9-civile-professionnelle-min-1.jpg","contentUrl":"https:\/\/www.legalvision.fr\/guides-juridiques\/wp-content\/uploads\/2019\/10\/assurance-responsabilit\u00e9-civile-professionnelle-min-1.jpg","width":958,"height":350,"caption":"assurance responsabilit\u00e9 civile professionnelle"},{"@type":"BreadcrumbList","@id":"https:\/\/www.legalvision.fr\/guides-juridiques\/creer-son-entreprise\/assurance-responsabilite-civile-professionnelle-2\/#breadcrumb","itemListElement":[{"@type":"ListItem","position":1,"name":"Accueil","item":"https:\/\/www.legalvision.fr\/guides-juridiques\/"},{"@type":"ListItem","position":2,"name":"Cr\u00e9er son entreprise","item":"https:\/\/www.legalvision.fr\/guides-juridiques\/creer-son-entreprise\/"},{"@type":"ListItem","position":3,"name":"Tout savoir \u00e0 propos de l&rsquo;assurance responsabilit\u00e9 civile professionnelle !"}]},{"@type":"WebSite","@id":"https:\/\/www.legalvision.fr\/guides-juridiques\/#website","url":"https:\/\/www.legalvision.fr\/guides-juridiques\/","name":"Guides juridiques","description":"L&#039;information juridique \u00e0 destination des entreprises et TPE","publisher":{"@id":"https:\/\/www.legalvision.fr\/guides-juridiques\/#organization"},"potentialAction":[{"@type":"SearchAction","target":{"@type":"EntryPoint","urlTemplate":"https:\/\/www.legalvision.fr\/guides-juridiques\/?s={search_term_string}"},"query-input":{"@type":"PropertyValueSpecification","valueRequired":true,"valueName":"search_term_string"}}],"inLanguage":"fr-FR"},{"@type":"Organization","@id":"https:\/\/www.legalvision.fr\/guides-juridiques\/#organization","name":"Guides juridiques","url":"https:\/\/www.legalvision.fr\/guides-juridiques\/","logo":{"@type":"ImageObject","inLanguage":"fr-FR","@id":"https:\/\/www.legalvision.fr\/guides-juridiques\/#\/schema\/logo\/image\/","url":"https:\/\/www.legalvision.fr\/guides-juridiques\/wp-content\/uploads\/2022\/10\/LV-Logotype.png","contentUrl":"https:\/\/www.legalvision.fr\/guides-juridiques\/wp-content\/uploads\/2022\/10\/LV-Logotype.png","width":647,"height":125,"caption":"Guides juridiques"},"image":{"@id":"https:\/\/www.legalvision.fr\/guides-juridiques\/#\/schema\/logo\/image\/"}},{"@type":"Person","@id":"https:\/\/www.legalvision.fr\/guides-juridiques\/#\/schema\/person\/98fb5f2b61dd0ade48840337d2c5d12c","name":"Sibylle Pouilla","image":{"@type":"ImageObject","inLanguage":"fr-FR","@id":"https:\/\/www.legalvision.fr\/guides-juridiques\/#\/schema\/person\/image\/","url":"https:\/\/www.legalvision.fr\/guides-juridiques\/wp-content\/uploads\/2023\/07\/femme15-96x96.png","contentUrl":"https:\/\/www.legalvision.fr\/guides-juridiques\/wp-content\/uploads\/2023\/07\/femme15-96x96.png","caption":"Sibylle Pouilla"},"description":"Doctorante en droit compar\u00e9 \u00e0 l'Universit\u00e9 Paris II Panth\u00e9on Assas, titulaire du CAPA.","url":"https:\/\/www.legalvision.fr\/guides-juridiques\/author\/sibylle-pouillaude\/"}]}},"_links":{"self":[{"href":"https:\/\/www.legalvision.fr\/guides-juridiques\/wp-json\/wp\/v2\/posts\/28041","targetHints":{"allow":["GET"]}}],"collection":[{"href":"https:\/\/www.legalvision.fr\/guides-juridiques\/wp-json\/wp\/v2\/posts"}],"about":[{"href":"https:\/\/www.legalvision.fr\/guides-juridiques\/wp-json\/wp\/v2\/types\/post"}],"author":[{"embeddable":true,"href":"https:\/\/www.legalvision.fr\/guides-juridiques\/wp-json\/wp\/v2\/users\/57"}],"replies":[{"embeddable":true,"href":"https:\/\/www.legalvision.fr\/guides-juridiques\/wp-json\/wp\/v2\/comments?post=28041"}],"version-history":[{"count":0,"href":"https:\/\/www.legalvision.fr\/guides-juridiques\/wp-json\/wp\/v2\/posts\/28041\/revisions"}],"wp:featuredmedia":[{"embeddable":true,"href":"https:\/\/www.legalvision.fr\/guides-juridiques\/wp-json\/wp\/v2\/media\/30482"}],"wp:attachment":[{"href":"https:\/\/www.legalvision.fr\/guides-juridiques\/wp-json\/wp\/v2\/media?parent=28041"}],"wp:term":[{"taxonomy":"category","embeddable":true,"href":"https:\/\/www.legalvision.fr\/guides-juridiques\/wp-json\/wp\/v2\/categories?post=28041"},{"taxonomy":"post_tag","embeddable":true,"href":"https:\/\/www.legalvision.fr\/guides-juridiques\/wp-json\/wp\/v2\/tags?post=28041"}],"curies":[{"name":"wp","href":"https:\/\/api.w.org\/{rel}","templated":true}]}}