{"id":2766,"date":"2018-04-23T17:01:03","date_gmt":"2018-04-23T16:01:03","guid":{"rendered":"https:\/\/blog.legalvision.fr\/?p=2766"},"modified":"2024-05-16T15:15:38","modified_gmt":"2024-05-16T13:15:38","slug":"vente-de-parts-sociales","status":"publish","type":"post","link":"https:\/\/www.legalvision.fr\/guides-juridiques\/gerer-une-entreprise\/vente-de-parts-sociales\/","title":{"rendered":"Vente de parts sociales : la marche \u00e0 suivre"},"content":{"rendered":"\t\t<div data-elementor-type=\"wp-post\" data-elementor-id=\"2766\" class=\"elementor elementor-2766\" data-elementor-post-type=\"post\">\n\t\t\t\t<div data-particle_enable=\"false\" data-particle-mobile-disabled=\"false\" class=\"elementor-element elementor-element-a12e053 e-flex e-con-boxed e-con e-parent\" data-id=\"a12e053\" data-element_type=\"container\" data-e-type=\"container\">\n\t\t\t\t\t<div class=\"e-con-inner\">\n\t\t\t\t<div class=\"elementor-element elementor-element-c6eec6c elementor-widget elementor-widget-text-editor\" data-id=\"c6eec6c\" data-element_type=\"widget\" data-e-type=\"widget\" data-widget_type=\"text-editor.default\">\n\t\t\t\t<div class=\"elementor-widget-container\">\n\t\t\t\t\t\t\t\t\t<p>La\u00a0<b>vente de parts sociales<\/b> est un \u00e9v\u00e9nement marquant dans la vie d&rsquo;une soci\u00e9t\u00e9. En effet, l&rsquo;associ\u00e9 d\u00e9sirant c\u00e9der ses parts de SARL, SNC ou SCI doit se soumettre \u00e0 une proc\u00e9dure contraignante.<\/p><p>Dans cet article, LegalVision met \u00e0 votre service son expertise juridique pour vous aider \u00e0 tout comprendre sur ce sujet. Vous trouverez ci-dessous un r\u00e9sum\u00e9 des points essentiels \u00e0 retenir :<\/p><p><a href=\"#I\">I\/ Pr\u00e9parer la vente des parts sociales<\/a><br \/><a href=\"#II\">II\/\u00a0R\u00e9aliser la vente des parts sociales<\/a><br \/><a href=\"#III\">III\/\u00a0\u00a0Fiscalit\u00e9 de la vente des parts sociales<\/a><\/p><p>\u00a0<\/p><p>\u00a0<\/p>\t\t\t\t\t\t\t\t<\/div>\n\t\t\t\t<\/div>\n\t\t\t\t\t<\/div>\n\t\t\t\t<\/div>\n\t\t<div data-particle_enable=\"false\" data-particle-mobile-disabled=\"false\" class=\"elementor-element elementor-element-2a20ab8a e-flex e-con-boxed e-con e-parent\" data-id=\"2a20ab8a\" data-element_type=\"container\" data-e-type=\"container\">\n\t\t\t\t\t<div class=\"e-con-inner\">\n\t\t\t\t<div class=\"elementor-element elementor-element-2dc32daa elementor-widget elementor-widget-heading\" data-id=\"2dc32daa\" data-element_type=\"widget\" data-e-type=\"widget\" data-widget_type=\"heading.default\">\n\t\t\t\t<div class=\"elementor-widget-container\">\n\t\t\t\t\t<h2 class=\"elementor-heading-title elementor-size-default\">Nos outils pour vous aider : <\/h2>\t\t\t\t<\/div>\n\t\t\t\t<\/div>\n\t\t\t\t\t<\/div>\n\t\t\t\t<\/div>\n\t\t<div data-particle_enable=\"false\" data-particle-mobile-disabled=\"false\" class=\"elementor-element elementor-element-cb3b6ac e-flex e-con-boxed e-con e-parent\" data-id=\"cb3b6ac\" data-element_type=\"container\" data-e-type=\"container\">\n\t\t\t\t\t<div class=\"e-con-inner\">\n\t\t<div data-particle_enable=\"false\" data-particle-mobile-disabled=\"false\" class=\"elementor-element elementor-element-195125f0 e-con-full e-flex e-con e-child\" data-id=\"195125f0\" data-element_type=\"container\" data-e-type=\"container\">\n\t\t\t\t<div class=\"elementor-element elementor-element-63bc0e40 elementor-widget elementor-widget-button\" data-id=\"63bc0e40\" data-element_type=\"widget\" data-e-type=\"widget\" data-widget_type=\"button.default\">\n\t\t\t\t<div class=\"elementor-widget-container\">\n\t\t\t\t\t\t\t\t\t<div class=\"elementor-button-wrapper\">\n\t\t\t\t\t<a class=\"elementor-button elementor-button-link elementor-size-sm\" href=\"https:\/\/leonard.fr\/juridique\/modification-societe\/vendre-mes-actions-ou-parts-sociales\/?utm_source=blog&#038;utm_medium=CTA&#038;utm_campaign=vente_de_parts_sociales_marche_%C3%A0_suivre&#038;utm_id=cession_de_parts_blog\" target=\"_blank\">\n\t\t\t\t\t\t<span class=\"elementor-button-content-wrapper\">\n\t\t\t\t\t\t\t\t\t<span class=\"elementor-button-text\">C\u00e9dez vos parts avec nos juristes<\/span>\n\t\t\t\t\t<\/span>\n\t\t\t\t\t<\/a>\n\t\t\t\t<\/div>\n\t\t\t\t\t\t\t\t<\/div>\n\t\t\t\t<\/div>\n\t\t\t\t<\/div>\n\t\t<div data-particle_enable=\"false\" data-particle-mobile-disabled=\"false\" class=\"elementor-element elementor-element-6c77df72 e-con-full e-flex e-con e-child\" data-id=\"6c77df72\" data-element_type=\"container\" data-e-type=\"container\">\n\t\t\t\t<div class=\"elementor-element elementor-element-6645e471 elementor-widget elementor-widget-button\" data-id=\"6645e471\" data-element_type=\"widget\" data-e-type=\"widget\" data-widget_type=\"button.default\">\n\t\t\t\t<div class=\"elementor-widget-container\">\n\t\t\t\t\t\t\t\t\t<div class=\"elementor-button-wrapper\">\n\t\t\t\t\t<a class=\"elementor-button elementor-button-link elementor-size-sm\" href=\"https:\/\/meetings.hubspot.com\/global\/leonard-rendez-vous-gratuit-avec-un-juriste?utm_source=blog&#038;utm_medium=CTA&#038;utm_campaign=vente_de_parts_sociales_marche_%C3%A0_suivre&#038;utm_id=cession_de_parts_blog\" target=\"_blank\">\n\t\t\t\t\t\t<span class=\"elementor-button-content-wrapper\">\n\t\t\t\t\t\t\t\t\t<span class=\"elementor-button-text\">Soyez rappel\u00e9 par un juriste gratuitement<\/span>\n\t\t\t\t\t<\/span>\n\t\t\t\t\t<\/a>\n\t\t\t\t<\/div>\n\t\t\t\t\t\t\t\t<\/div>\n\t\t\t\t<\/div>\n\t\t\t\t<\/div>\n\t\t<div data-particle_enable=\"false\" data-particle-mobile-disabled=\"false\" class=\"elementor-element elementor-element-6dc32133 e-con-full e-flex e-con e-child\" data-id=\"6dc32133\" data-element_type=\"container\" data-e-type=\"container\">\n\t\t\t\t<div class=\"elementor-element elementor-element-2713f1b9 elementor-widget elementor-widget-button\" data-id=\"2713f1b9\" data-element_type=\"widget\" data-e-type=\"widget\" data-widget_type=\"button.default\">\n\t\t\t\t<div class=\"elementor-widget-container\">\n\t\t\t\t\t\t\t\t\t<div class=\"elementor-button-wrapper\">\n\t\t\t\t\t<a class=\"elementor-button elementor-button-link elementor-size-sm\" href=\"https:\/\/meetings.hubspot.com\/alexis-egron\/audit-juridique-gratuit?utm_source=blog&#038;utm_medium=CTA&#038;utm_campaign=vente_de_parts_sociales_marche_%C3%A0_suivre&#038;utm_id=cession_de_parts_blog\" target=\"_blank\">\n\t\t\t\t\t\t<span class=\"elementor-button-content-wrapper\">\n\t\t\t\t\t\t\t\t\t<span class=\"elementor-button-text\">Faites un audit juridique gratuit<\/span>\n\t\t\t\t\t<\/span>\n\t\t\t\t\t<\/a>\n\t\t\t\t<\/div>\n\t\t\t\t\t\t\t\t<\/div>\n\t\t\t\t<\/div>\n\t\t\t\t<\/div>\n\t\t\t\t\t<\/div>\n\t\t\t\t<\/div>\n\t\t<div data-particle_enable=\"false\" data-particle-mobile-disabled=\"false\" class=\"elementor-element elementor-element-66ee9a9 e-flex e-con-boxed e-con e-parent\" data-id=\"66ee9a9\" data-element_type=\"container\" data-e-type=\"container\">\n\t\t\t\t\t<div class=\"e-con-inner\">\n\t\t\t\t<div class=\"elementor-element elementor-element-789ec388 elementor-widget elementor-widget-text-editor\" data-id=\"789ec388\" data-element_type=\"widget\" data-e-type=\"widget\" data-widget_type=\"text-editor.default\">\n\t\t\t\t<div class=\"elementor-widget-container\">\n\t\t\t\t\t\t\t\t\t<p>\u00a0<\/p><h2 id=\"I\">\u00a0<\/h2><h2 id=\"I\">\u00a0<\/h2><h2 id=\"I\">I\/ Pr\u00e9parer la vente des parts sociales<\/h2><h3>A) R\u00e9diger une promesse de vente<\/h3><p>Avant de r\u00e9aliser la vente des parts sociales, il peut \u00eatre judicieux de conclure une promesse de vente. En effet, par cette promesse le vendeur s&rsquo;engage \u00e0 vendre les parts \u00e0 une personne d\u00e9termin\u00e9e. Le nombre de parts sur lequel porte la promesse doit \u00eatre d\u00e9termin\u00e9. En outre, la promesse pr\u00e9voit \u00e9galement le prix auquel se fera la cession, ainsi que les conditions l&rsquo;accompagnant. Enfin, la promesse doit pr\u00e9voir la dur\u00e9e pendant laquelle elle est effective, et donc une date de fin.<\/p><p>Une telle promesse engage le vendeur \u00e0 c\u00e9der ses parts, mais ne contraint nullement l&rsquo;acheteur \u00e0 acqu\u00e9rir les parts. Toutefois, la promesse offre \u00e0 l&rsquo;acqu\u00e9reur le temps de r\u00e9fl\u00e9chir \u00e0 l&rsquo;op\u00e9ration, ou de contacter sa banque afin de d\u00e9bloquer les fonds n\u00e9cessaires \u00e0 la cession de parts sociales.<\/p><p>En outre, il est possible pour les parties \u00e0 la cession de conclure une <b>promesse synallagmatique de cession de parts sociales<\/b>. Une telle promesse engage les deux parties \u00e0 la cession : le vendeur devra c\u00e9der ses parts, et l&rsquo;acheteur devra les acqu\u00e9rir si les conditions pr\u00e9vues par la promesse sont r\u00e9unies.<\/p><h3>\u00a0<\/h3><h3>B) Vente du fonds de commerce ou de parts sociales ?<\/h3><p>Un commer\u00e7ant d\u00e9sirant c\u00e9der son fonds de commerce pourra le faire au-travers d&rsquo;un apport en soci\u00e9t\u00e9, puis de la cession des parts sociales. En effet, proc\u00e9der \u00e0 la cession des parts sociales plut\u00f4t qu&rsquo;\u00e0 celle du fonds de commerce comporte certains avantages.<\/p><p>Pour commencer, la vente de parts sociales permet de transf\u00e9rer les cr\u00e9ances et les dettes de la soci\u00e9t\u00e9. Dans le cadre d&rsquo;une vente de fonds de commerce, seuls certains actifs sont transf\u00e9r\u00e9s (contrats de travail, client\u00e8le, enseigne, nom commercial, etc).<\/p><p>Encore, la cession de parts permet le transfert de l&rsquo;ensemble des contrats. Au contraire, l&rsquo;acqu\u00e9reur d&rsquo;un fonds de commerce pourrait d\u00e9cider de ne pas reprendre certains contrats.<\/p><p>Enfin, le traitement fiscal de la cession sera diff\u00e9rent. Les droits d&rsquo;enregistrement sont de 3% pour une cession de parts sociales, tandis qu&rsquo;ils peuvent s&rsquo;\u00e9lever \u00e0 5% pour une cession de fonds de commerce. La plus-value de cession sera impos\u00e9e au bar\u00e8me progressif de l&rsquo;imp\u00f4t sur le revenu. De plus, des pr\u00e9l\u00e8vements sociaux s&rsquo;appliquent sur la plus-value de cession. Toutefois, des exon\u00e9rations de la plus-value restent possibles sous certaines conditions.<\/p><h2 id=\"II\">\u00a0<\/h2><h2 id=\"II\">\u00a0<\/h2><h2 id=\"II\">II\/\u00a0R\u00e9aliser la vente des parts sociales<\/h2><h3>A) Vente de parts sociales : obtenir l&rsquo;agr\u00e9ment \u00e0 la cession de parts sociales<\/h3><p>Avant de pouvoir r\u00e9aliser la cession de parts sociales, le vendeur doit obtenir un agr\u00e9ment. Faute de cet agr\u00e9ment, la cession ne pourra pas avoir lieu, ou aura lieu dans des conditions diff\u00e9rentes de celles pr\u00e9vues par le c\u00e9dant. Cet agr\u00e9ment est obligatoire dans le cas de vente de parts sociales \u00e0 un tiers, et les statuts peuvent l&rsquo;\u00e9tendre \u00e0 d&rsquo;autres hypoth\u00e8ses de cession.<\/p><p>Dans le cadre d&rsquo;une SNC, le projet de cession de parts sociales doit \u00eatre approuv\u00e9 \u00e0 l&rsquo;unanimit\u00e9 par les associ\u00e9s. L&rsquo;unanimit\u00e9 est \u00e9galement requise dans le cadre des soci\u00e9t\u00e9s civiles, \u00e0 moins que les statuts en d\u00e9cident autrement.<\/p><p>Afin d&rsquo;obtenir l&rsquo;agr\u00e9ment, le vendeur doit\u00a0notifier le projet de cession \u00e0 la soci\u00e9t\u00e9 ainsi qu&rsquo;aux autres associ\u00e9s. Cette notification peut se faire par lettre recommand\u00e9e avec accus\u00e9 de r\u00e9ception, ou en ayant recours aux services d&rsquo;un huissier. Le g\u00e9rant de la soci\u00e9t\u00e9 doit alors convoquer une assembl\u00e9e g\u00e9n\u00e9rale dans les 8 jours de la notification. \u00c0 d\u00e9faut de r\u00e9ponse dans un d\u00e9lai de 3 mois (ce d\u00e9lai est port\u00e9 \u00e0 6 mois pour le cas d&rsquo;une soci\u00e9t\u00e9 civile), l&rsquo;agr\u00e9ment est r\u00e9put\u00e9 obtenu et le vendeur peut proc\u00e9der \u00e0 la cession.<\/p><p>Dans le cadre d&rsquo;une SARL, en cas de refus d&rsquo;agr\u00e9ment par la soci\u00e9t\u00e9, et si le vendeur d\u00e9tient ses titres depuis au moins 2 ans, les associ\u00e9s doivent acqu\u00e9rir les titres, ou trouver un acqu\u00e9reur. Le prix de la vente des parts sociales sera d\u00e9termin\u00e9 par un expert. \u00c0 d\u00e9faut, le c\u00e9dant pourra conclure le contrat de cession de parts sociales initialement pr\u00e9vu.<\/p><p>En outre, dans le cas o\u00f9 les parts sociales c\u00e9d\u00e9es sont plac\u00e9es sous le r\u00e9gime de la communaut\u00e9, le consentement du conjoint sera requis. Cela est \u00e9galement le cas pour l&rsquo;acqu\u00e9reur s&rsquo;il ach\u00e8te les parts avec les fonds de la communaut\u00e9.<\/p><h3>\u00a0<\/h3><h3>B) Vente de parts sociales : conclusion du contrat de cession<\/h3><p>Une fois l&rsquo;agr\u00e9ment obtenu, il est possible de conclure le contrat de cession de parts sociales. Ce contrat doit n\u00e9cessairement \u00eatre conclu par \u00e9crit. L&rsquo;acte de cession doit comporter des mentions obligatoires, notamment l\u2019identit\u00e9 des parties, le nombre de parts c\u00e9d\u00e9es et leur prix.\u00a0Afin de rendre la cession opposable \u00e0 la soci\u00e9t\u00e9, il est n\u00e9cessaire de lui signifier l&rsquo;acte de vente des parts sociales. Encore, il est n\u00e9cessaire de faire enregistrer l&rsquo;acte de cession aupr\u00e8s du service des imp\u00f4ts.<\/p><p>En outre, il sera n\u00e9cessaire pour la soci\u00e9t\u00e9 de convoquer une assembl\u00e9e g\u00e9n\u00e9rale extraordinaire. Cette assembl\u00e9e permettra de modifier les statuts afin d&rsquo;y indiquer la nouvelle r\u00e9partition des parts sociales. Ce n&rsquo;est qu&rsquo;une fois les nouveaux statuts publi\u00e9s au RCS que la cession deviendra opposable aux tiers.<\/p><h2 id=\"III\">\u00a0<\/h2><h2 id=\"III\">\u00a0<\/h2><h2 id=\"III\">III\/\u00a0\u00a0Fiscalit\u00e9 de la vente des parts sociales<\/h2><p>L&rsquo;acqu\u00e9reur des parts sociales devra s&rsquo;acquitter de droits d&rsquo;enregistrement \u00e0 l&rsquo;occasion de la cession. Ces droits appliquent un taux de 3% sur le prix d&rsquo;achat. Toutefois, un abattement de\u00a023000\u20ac s&rsquo;applique sur la valeur de l&rsquo;ensemble des parts sociales (chaque part sociale b\u00e9n\u00e9ficie d&rsquo;une fraction de cet abattement) avant application du taux.<\/p><p>Le c\u00e9dant sera impos\u00e9 sur la <b>plus-value de cession de ses parts sociales<\/b>. Un pr\u00e9l\u00e8vement forfaitaire unique de 12,8% s&rsquo;appliquera, ainsi que des pr\u00e9l\u00e8vements sociaux d&rsquo;un taux de 17,2%. Le vendeur peut opter pour l&rsquo;imposition au bar\u00e8me progressif de l&rsquo;imp\u00f4t sur le revenu. Toutefois, il ne pourra pas b\u00e9n\u00e9ficier d&rsquo;abattements pour dur\u00e9e de d\u00e9tention pour les cessions de parts sociales r\u00e9alis\u00e9es apr\u00e8s le 1er janvier 2018.<\/p><p>\u00a0<\/p><p>\u00a0<\/p><p>\u00a0<\/p><p>\u00a0<\/p>\t\t\t\t\t\t\t\t<\/div>\n\t\t\t\t<\/div>\n\t\t\t\t<div class=\"elementor-element elementor-element-56f5e69 elementor-align-center elementor-widget elementor-widget-button\" data-id=\"56f5e69\" data-element_type=\"widget\" data-e-type=\"widget\" data-widget_type=\"button.default\">\n\t\t\t\t<div class=\"elementor-widget-container\">\n\t\t\t\t\t\t\t\t\t<div class=\"elementor-button-wrapper\">\n\t\t\t\t\t<a class=\"elementor-button elementor-button-link elementor-size-sm\" href=\"https:\/\/leonard.fr\/juridique\/modification-societe\/vendre-mes-actions-ou-parts-sociales\/?utm_source=blog&#038;utm_medium=CTA&#038;utm_campaign=vente_de_parts_sociales_marche_%C3%A0_suivre&#038;utm_id=cession_de_parts_blog\">\n\t\t\t\t\t\t<span class=\"elementor-button-content-wrapper\">\n\t\t\t\t\t\t\t\t\t<span class=\"elementor-button-text\">C\u00e9dez vos parts avec nos juristes<\/span>\n\t\t\t\t\t<\/span>\n\t\t\t\t\t<\/a>\n\t\t\t\t<\/div>\n\t\t\t\t\t\t\t\t<\/div>\n\t\t\t\t<\/div>\n\t\t\t\t\t<\/div>\n\t\t\t\t<\/div>\n\t\t\t\t<\/div>\n\t\t","protected":false},"excerpt":{"rendered":"<p>La\u00a0vente de parts sociales est un \u00e9v\u00e9nement marquant dans la vie d&rsquo;une soci\u00e9t\u00e9. En effet, l&rsquo;associ\u00e9 d\u00e9sirant c\u00e9der ses parts de SARL, SNC ou SCI doit se soumettre \u00e0 une proc\u00e9dure contraignante. Dans cet article, LegalVision met \u00e0 votre service son expertise juridique pour vous aider \u00e0 tout comprendre sur ce sujet. Vous trouverez ci-dessous&hellip; <a class=\"more-link\" href=\"https:\/\/www.legalvision.fr\/guides-juridiques\/gerer-une-entreprise\/vente-de-parts-sociales\/\">Poursuivre la lecture <span class=\"screen-reader-text\">Vente de parts sociales : la marche \u00e0 suivre<\/span><\/a><\/p>\n","protected":false},"author":18,"featured_media":23535,"comment_status":"open","ping_status":"open","sticky":false,"template":"","format":"standard","meta":{"content-type":"","inline_featured_image":false,"footnotes":""},"categories":[2502],"tags":[],"class_list":["post-2766","post","type-post","status-publish","format-standard","has-post-thumbnail","hentry","category-gerer-une-entreprise","entry"],"yoast_head":"<!-- This site is optimized with the Yoast SEO plugin v27.1.1 - https:\/\/yoast.com\/product\/yoast-seo-wordpress\/ -->\n<title>Vente de parts sociales : toutes les \u00e9tapes \u00e0 connaitre !<\/title>\n<meta name=\"description\" content=\"Un associ\u00e9 souhaitant proc\u00e9der \u00e0 une vente de parts sociales doit soumettre son projet \u00e0 quelques \u00e9tapes avant de pouvoir r\u00e9aliser son op\u00e9ration.\" \/>\n<meta name=\"robots\" content=\"index, follow, max-snippet:-1, max-image-preview:large, max-video-preview:-1\" \/>\n<link rel=\"canonical\" href=\"https:\/\/www.legalvision.fr\/guides-juridiques\/gerer-une-entreprise\/vente-de-parts-sociales\/\" \/>\n<meta property=\"og:locale\" content=\"fr_FR\" \/>\n<meta property=\"og:type\" content=\"article\" \/>\n<meta property=\"og:title\" content=\"Vente de parts sociales : toutes les \u00e9tapes \u00e0 connaitre !\" \/>\n<meta property=\"og:description\" content=\"Un associ\u00e9 souhaitant proc\u00e9der \u00e0 une vente de parts sociales doit soumettre son projet \u00e0 quelques \u00e9tapes avant de pouvoir r\u00e9aliser son op\u00e9ration.\" \/>\n<meta property=\"og:url\" content=\"https:\/\/www.legalvision.fr\/guides-juridiques\/gerer-une-entreprise\/vente-de-parts-sociales\/\" \/>\n<meta property=\"og:site_name\" content=\"Guides juridiques\" \/>\n<meta property=\"article:published_time\" content=\"2018-04-23T16:01:03+00:00\" \/>\n<meta property=\"article:modified_time\" content=\"2024-05-16T13:15:38+00:00\" \/>\n<meta property=\"og:image\" content=\"https:\/\/www.legalvision.fr\/guides-juridiques\/wp-content\/uploads\/2018\/04\/vente-de-parts-sociales.jpg\" \/>\n\t<meta property=\"og:image:width\" content=\"958\" \/>\n\t<meta property=\"og:image:height\" content=\"350\" \/>\n\t<meta property=\"og:image:type\" content=\"image\/jpeg\" \/>\n<meta name=\"author\" content=\"Valentin Giandomenico\" \/>\n<meta name=\"twitter:card\" content=\"summary_large_image\" \/>\n<meta name=\"twitter:label1\" content=\"\u00c9crit par\" \/>\n\t<meta name=\"twitter:data1\" content=\"Valentin Giandomenico\" \/>\n\t<meta name=\"twitter:label2\" content=\"Dur\u00e9e de lecture estim\u00e9e\" \/>\n\t<meta name=\"twitter:data2\" content=\"6 minutes\" \/>\n<script type=\"application\/ld+json\" class=\"yoast-schema-graph\">{\"@context\":\"https:\/\/schema.org\",\"@graph\":[{\"@type\":\"Article\",\"@id\":\"https:\/\/www.legalvision.fr\/guides-juridiques\/gerer-une-entreprise\/vente-de-parts-sociales\/#article\",\"isPartOf\":{\"@id\":\"https:\/\/www.legalvision.fr\/guides-juridiques\/gerer-une-entreprise\/vente-de-parts-sociales\/\"},\"author\":{\"name\":\"Valentin Giandomenico\",\"@id\":\"https:\/\/www.legalvision.fr\/guides-juridiques\/#\/schema\/person\/67f95ffb60649ed460d4778154ac2031\"},\"headline\":\"Vente de parts sociales : la marche \u00e0 suivre\",\"datePublished\":\"2018-04-23T16:01:03+00:00\",\"dateModified\":\"2024-05-16T13:15:38+00:00\",\"mainEntityOfPage\":{\"@id\":\"https:\/\/www.legalvision.fr\/guides-juridiques\/gerer-une-entreprise\/vente-de-parts-sociales\/\"},\"wordCount\":1234,\"commentCount\":12,\"publisher\":{\"@id\":\"https:\/\/www.legalvision.fr\/guides-juridiques\/#organization\"},\"image\":{\"@id\":\"https:\/\/www.legalvision.fr\/guides-juridiques\/gerer-une-entreprise\/vente-de-parts-sociales\/#primaryimage\"},\"thumbnailUrl\":\"https:\/\/www.legalvision.fr\/guides-juridiques\/wp-content\/uploads\/2018\/04\/vente-de-parts-sociales.jpg\",\"articleSection\":[\"G\u00e9rer une entreprise\"],\"inLanguage\":\"fr-FR\",\"potentialAction\":[{\"@type\":\"CommentAction\",\"name\":\"Comment\",\"target\":[\"https:\/\/www.legalvision.fr\/guides-juridiques\/gerer-une-entreprise\/vente-de-parts-sociales\/#respond\"]}]},{\"@type\":\"WebPage\",\"@id\":\"https:\/\/www.legalvision.fr\/guides-juridiques\/gerer-une-entreprise\/vente-de-parts-sociales\/\",\"url\":\"https:\/\/www.legalvision.fr\/guides-juridiques\/gerer-une-entreprise\/vente-de-parts-sociales\/\",\"name\":\"Vente de parts sociales : toutes les \u00e9tapes \u00e0 connaitre !\",\"isPartOf\":{\"@id\":\"https:\/\/www.legalvision.fr\/guides-juridiques\/#website\"},\"primaryImageOfPage\":{\"@id\":\"https:\/\/www.legalvision.fr\/guides-juridiques\/gerer-une-entreprise\/vente-de-parts-sociales\/#primaryimage\"},\"image\":{\"@id\":\"https:\/\/www.legalvision.fr\/guides-juridiques\/gerer-une-entreprise\/vente-de-parts-sociales\/#primaryimage\"},\"thumbnailUrl\":\"https:\/\/www.legalvision.fr\/guides-juridiques\/wp-content\/uploads\/2018\/04\/vente-de-parts-sociales.jpg\",\"datePublished\":\"2018-04-23T16:01:03+00:00\",\"dateModified\":\"2024-05-16T13:15:38+00:00\",\"description\":\"Un associ\u00e9 souhaitant proc\u00e9der \u00e0 une vente de parts sociales doit soumettre son projet \u00e0 quelques \u00e9tapes avant de pouvoir r\u00e9aliser son op\u00e9ration.\",\"breadcrumb\":{\"@id\":\"https:\/\/www.legalvision.fr\/guides-juridiques\/gerer-une-entreprise\/vente-de-parts-sociales\/#breadcrumb\"},\"inLanguage\":\"fr-FR\",\"potentialAction\":[{\"@type\":\"ReadAction\",\"target\":[\"https:\/\/www.legalvision.fr\/guides-juridiques\/gerer-une-entreprise\/vente-de-parts-sociales\/\"]}]},{\"@type\":\"ImageObject\",\"inLanguage\":\"fr-FR\",\"@id\":\"https:\/\/www.legalvision.fr\/guides-juridiques\/gerer-une-entreprise\/vente-de-parts-sociales\/#primaryimage\",\"url\":\"https:\/\/www.legalvision.fr\/guides-juridiques\/wp-content\/uploads\/2018\/04\/vente-de-parts-sociales.jpg\",\"contentUrl\":\"https:\/\/www.legalvision.fr\/guides-juridiques\/wp-content\/uploads\/2018\/04\/vente-de-parts-sociales.jpg\",\"width\":958,\"height\":350,\"caption\":\"vente de parts sociales\"},{\"@type\":\"BreadcrumbList\",\"@id\":\"https:\/\/www.legalvision.fr\/guides-juridiques\/gerer-une-entreprise\/vente-de-parts-sociales\/#breadcrumb\",\"itemListElement\":[{\"@type\":\"ListItem\",\"position\":1,\"name\":\"Accueil\",\"item\":\"https:\/\/www.legalvision.fr\/guides-juridiques\/\"},{\"@type\":\"ListItem\",\"position\":2,\"name\":\"G\u00e9rer une entreprise\",\"item\":\"https:\/\/www.legalvision.fr\/guides-juridiques\/gerer-une-entreprise\/\"},{\"@type\":\"ListItem\",\"position\":3,\"name\":\"Vente de parts sociales : la marche \u00e0 suivre\"}]},{\"@type\":\"WebSite\",\"@id\":\"https:\/\/www.legalvision.fr\/guides-juridiques\/#website\",\"url\":\"https:\/\/www.legalvision.fr\/guides-juridiques\/\",\"name\":\"Guides juridiques\",\"description\":\"L&#039;information juridique \u00e0 destination des entreprises et TPE\",\"publisher\":{\"@id\":\"https:\/\/www.legalvision.fr\/guides-juridiques\/#organization\"},\"potentialAction\":[{\"@type\":\"SearchAction\",\"target\":{\"@type\":\"EntryPoint\",\"urlTemplate\":\"https:\/\/www.legalvision.fr\/guides-juridiques\/?s={search_term_string}\"},\"query-input\":{\"@type\":\"PropertyValueSpecification\",\"valueRequired\":true,\"valueName\":\"search_term_string\"}}],\"inLanguage\":\"fr-FR\"},{\"@type\":\"Organization\",\"@id\":\"https:\/\/www.legalvision.fr\/guides-juridiques\/#organization\",\"name\":\"Guides juridiques\",\"url\":\"https:\/\/www.legalvision.fr\/guides-juridiques\/\",\"logo\":{\"@type\":\"ImageObject\",\"inLanguage\":\"fr-FR\",\"@id\":\"https:\/\/www.legalvision.fr\/guides-juridiques\/#\/schema\/logo\/image\/\",\"url\":\"https:\/\/www.legalvision.fr\/guides-juridiques\/wp-content\/uploads\/2022\/10\/LV-Logotype.png\",\"contentUrl\":\"https:\/\/www.legalvision.fr\/guides-juridiques\/wp-content\/uploads\/2022\/10\/LV-Logotype.png\",\"width\":647,\"height\":125,\"caption\":\"Guides juridiques\"},\"image\":{\"@id\":\"https:\/\/www.legalvision.fr\/guides-juridiques\/#\/schema\/logo\/image\/\"}},{\"@type\":\"Person\",\"@id\":\"https:\/\/www.legalvision.fr\/guides-juridiques\/#\/schema\/person\/67f95ffb60649ed460d4778154ac2031\",\"name\":\"Valentin Giandomenico\",\"image\":{\"@type\":\"ImageObject\",\"inLanguage\":\"fr-FR\",\"@id\":\"https:\/\/www.legalvision.fr\/guides-juridiques\/#\/schema\/person\/image\/\",\"url\":\"https:\/\/www.legalvision.fr\/guides-juridiques\/wp-content\/uploads\/2023\/07\/cropped-homme13-96x96.png\",\"contentUrl\":\"https:\/\/www.legalvision.fr\/guides-juridiques\/wp-content\/uploads\/2023\/07\/cropped-homme13-96x96.png\",\"caption\":\"Valentin Giandomenico\"},\"description\":\"Valentin est juriste au sein de LegalVision. Titulaire d'un M2 en droit des affaires, il s'int\u00e9resse tout particuli\u00e8rement au droit des soci\u00e9t\u00e9s.\",\"url\":\"https:\/\/www.legalvision.fr\/guides-juridiques\/author\/valentin1\/\"}]}<\/script>\n<!-- \/ Yoast SEO plugin. -->","yoast_head_json":{"title":"Vente de parts sociales : toutes les \u00e9tapes \u00e0 connaitre !","description":"Un associ\u00e9 souhaitant proc\u00e9der \u00e0 une vente de parts sociales doit soumettre son projet \u00e0 quelques \u00e9tapes avant de pouvoir r\u00e9aliser son op\u00e9ration.","robots":{"index":"index","follow":"follow","max-snippet":"max-snippet:-1","max-image-preview":"max-image-preview:large","max-video-preview":"max-video-preview:-1"},"canonical":"https:\/\/www.legalvision.fr\/guides-juridiques\/gerer-une-entreprise\/vente-de-parts-sociales\/","og_locale":"fr_FR","og_type":"article","og_title":"Vente de parts sociales : toutes les \u00e9tapes \u00e0 connaitre !","og_description":"Un associ\u00e9 souhaitant proc\u00e9der \u00e0 une vente de parts sociales doit soumettre son projet \u00e0 quelques \u00e9tapes avant de pouvoir r\u00e9aliser son op\u00e9ration.","og_url":"https:\/\/www.legalvision.fr\/guides-juridiques\/gerer-une-entreprise\/vente-de-parts-sociales\/","og_site_name":"Guides juridiques","article_published_time":"2018-04-23T16:01:03+00:00","article_modified_time":"2024-05-16T13:15:38+00:00","og_image":[{"width":958,"height":350,"url":"https:\/\/www.legalvision.fr\/guides-juridiques\/wp-content\/uploads\/2018\/04\/vente-de-parts-sociales.jpg","type":"image\/jpeg"}],"author":"Valentin Giandomenico","twitter_card":"summary_large_image","twitter_misc":{"\u00c9crit par":"Valentin Giandomenico","Dur\u00e9e de lecture estim\u00e9e":"6 minutes"},"schema":{"@context":"https:\/\/schema.org","@graph":[{"@type":"Article","@id":"https:\/\/www.legalvision.fr\/guides-juridiques\/gerer-une-entreprise\/vente-de-parts-sociales\/#article","isPartOf":{"@id":"https:\/\/www.legalvision.fr\/guides-juridiques\/gerer-une-entreprise\/vente-de-parts-sociales\/"},"author":{"name":"Valentin Giandomenico","@id":"https:\/\/www.legalvision.fr\/guides-juridiques\/#\/schema\/person\/67f95ffb60649ed460d4778154ac2031"},"headline":"Vente de parts sociales : la marche \u00e0 suivre","datePublished":"2018-04-23T16:01:03+00:00","dateModified":"2024-05-16T13:15:38+00:00","mainEntityOfPage":{"@id":"https:\/\/www.legalvision.fr\/guides-juridiques\/gerer-une-entreprise\/vente-de-parts-sociales\/"},"wordCount":1234,"commentCount":12,"publisher":{"@id":"https:\/\/www.legalvision.fr\/guides-juridiques\/#organization"},"image":{"@id":"https:\/\/www.legalvision.fr\/guides-juridiques\/gerer-une-entreprise\/vente-de-parts-sociales\/#primaryimage"},"thumbnailUrl":"https:\/\/www.legalvision.fr\/guides-juridiques\/wp-content\/uploads\/2018\/04\/vente-de-parts-sociales.jpg","articleSection":["G\u00e9rer une entreprise"],"inLanguage":"fr-FR","potentialAction":[{"@type":"CommentAction","name":"Comment","target":["https:\/\/www.legalvision.fr\/guides-juridiques\/gerer-une-entreprise\/vente-de-parts-sociales\/#respond"]}]},{"@type":"WebPage","@id":"https:\/\/www.legalvision.fr\/guides-juridiques\/gerer-une-entreprise\/vente-de-parts-sociales\/","url":"https:\/\/www.legalvision.fr\/guides-juridiques\/gerer-une-entreprise\/vente-de-parts-sociales\/","name":"Vente de parts sociales : toutes les \u00e9tapes \u00e0 connaitre !","isPartOf":{"@id":"https:\/\/www.legalvision.fr\/guides-juridiques\/#website"},"primaryImageOfPage":{"@id":"https:\/\/www.legalvision.fr\/guides-juridiques\/gerer-une-entreprise\/vente-de-parts-sociales\/#primaryimage"},"image":{"@id":"https:\/\/www.legalvision.fr\/guides-juridiques\/gerer-une-entreprise\/vente-de-parts-sociales\/#primaryimage"},"thumbnailUrl":"https:\/\/www.legalvision.fr\/guides-juridiques\/wp-content\/uploads\/2018\/04\/vente-de-parts-sociales.jpg","datePublished":"2018-04-23T16:01:03+00:00","dateModified":"2024-05-16T13:15:38+00:00","description":"Un associ\u00e9 souhaitant proc\u00e9der \u00e0 une vente de parts sociales doit soumettre son projet \u00e0 quelques \u00e9tapes avant de pouvoir r\u00e9aliser son op\u00e9ration.","breadcrumb":{"@id":"https:\/\/www.legalvision.fr\/guides-juridiques\/gerer-une-entreprise\/vente-de-parts-sociales\/#breadcrumb"},"inLanguage":"fr-FR","potentialAction":[{"@type":"ReadAction","target":["https:\/\/www.legalvision.fr\/guides-juridiques\/gerer-une-entreprise\/vente-de-parts-sociales\/"]}]},{"@type":"ImageObject","inLanguage":"fr-FR","@id":"https:\/\/www.legalvision.fr\/guides-juridiques\/gerer-une-entreprise\/vente-de-parts-sociales\/#primaryimage","url":"https:\/\/www.legalvision.fr\/guides-juridiques\/wp-content\/uploads\/2018\/04\/vente-de-parts-sociales.jpg","contentUrl":"https:\/\/www.legalvision.fr\/guides-juridiques\/wp-content\/uploads\/2018\/04\/vente-de-parts-sociales.jpg","width":958,"height":350,"caption":"vente de parts sociales"},{"@type":"BreadcrumbList","@id":"https:\/\/www.legalvision.fr\/guides-juridiques\/gerer-une-entreprise\/vente-de-parts-sociales\/#breadcrumb","itemListElement":[{"@type":"ListItem","position":1,"name":"Accueil","item":"https:\/\/www.legalvision.fr\/guides-juridiques\/"},{"@type":"ListItem","position":2,"name":"G\u00e9rer une entreprise","item":"https:\/\/www.legalvision.fr\/guides-juridiques\/gerer-une-entreprise\/"},{"@type":"ListItem","position":3,"name":"Vente de parts sociales : la marche \u00e0 suivre"}]},{"@type":"WebSite","@id":"https:\/\/www.legalvision.fr\/guides-juridiques\/#website","url":"https:\/\/www.legalvision.fr\/guides-juridiques\/","name":"Guides juridiques","description":"L&#039;information juridique \u00e0 destination des entreprises et TPE","publisher":{"@id":"https:\/\/www.legalvision.fr\/guides-juridiques\/#organization"},"potentialAction":[{"@type":"SearchAction","target":{"@type":"EntryPoint","urlTemplate":"https:\/\/www.legalvision.fr\/guides-juridiques\/?s={search_term_string}"},"query-input":{"@type":"PropertyValueSpecification","valueRequired":true,"valueName":"search_term_string"}}],"inLanguage":"fr-FR"},{"@type":"Organization","@id":"https:\/\/www.legalvision.fr\/guides-juridiques\/#organization","name":"Guides juridiques","url":"https:\/\/www.legalvision.fr\/guides-juridiques\/","logo":{"@type":"ImageObject","inLanguage":"fr-FR","@id":"https:\/\/www.legalvision.fr\/guides-juridiques\/#\/schema\/logo\/image\/","url":"https:\/\/www.legalvision.fr\/guides-juridiques\/wp-content\/uploads\/2022\/10\/LV-Logotype.png","contentUrl":"https:\/\/www.legalvision.fr\/guides-juridiques\/wp-content\/uploads\/2022\/10\/LV-Logotype.png","width":647,"height":125,"caption":"Guides juridiques"},"image":{"@id":"https:\/\/www.legalvision.fr\/guides-juridiques\/#\/schema\/logo\/image\/"}},{"@type":"Person","@id":"https:\/\/www.legalvision.fr\/guides-juridiques\/#\/schema\/person\/67f95ffb60649ed460d4778154ac2031","name":"Valentin Giandomenico","image":{"@type":"ImageObject","inLanguage":"fr-FR","@id":"https:\/\/www.legalvision.fr\/guides-juridiques\/#\/schema\/person\/image\/","url":"https:\/\/www.legalvision.fr\/guides-juridiques\/wp-content\/uploads\/2023\/07\/cropped-homme13-96x96.png","contentUrl":"https:\/\/www.legalvision.fr\/guides-juridiques\/wp-content\/uploads\/2023\/07\/cropped-homme13-96x96.png","caption":"Valentin Giandomenico"},"description":"Valentin est juriste au sein de LegalVision. Titulaire d'un M2 en droit des affaires, il s'int\u00e9resse tout particuli\u00e8rement au droit des soci\u00e9t\u00e9s.","url":"https:\/\/www.legalvision.fr\/guides-juridiques\/author\/valentin1\/"}]}},"_links":{"self":[{"href":"https:\/\/www.legalvision.fr\/guides-juridiques\/wp-json\/wp\/v2\/posts\/2766","targetHints":{"allow":["GET"]}}],"collection":[{"href":"https:\/\/www.legalvision.fr\/guides-juridiques\/wp-json\/wp\/v2\/posts"}],"about":[{"href":"https:\/\/www.legalvision.fr\/guides-juridiques\/wp-json\/wp\/v2\/types\/post"}],"author":[{"embeddable":true,"href":"https:\/\/www.legalvision.fr\/guides-juridiques\/wp-json\/wp\/v2\/users\/18"}],"replies":[{"embeddable":true,"href":"https:\/\/www.legalvision.fr\/guides-juridiques\/wp-json\/wp\/v2\/comments?post=2766"}],"version-history":[{"count":21,"href":"https:\/\/www.legalvision.fr\/guides-juridiques\/wp-json\/wp\/v2\/posts\/2766\/revisions"}],"predecessor-version":[{"id":46147,"href":"https:\/\/www.legalvision.fr\/guides-juridiques\/wp-json\/wp\/v2\/posts\/2766\/revisions\/46147"}],"wp:featuredmedia":[{"embeddable":true,"href":"https:\/\/www.legalvision.fr\/guides-juridiques\/wp-json\/wp\/v2\/media\/23535"}],"wp:attachment":[{"href":"https:\/\/www.legalvision.fr\/guides-juridiques\/wp-json\/wp\/v2\/media?parent=2766"}],"wp:term":[{"taxonomy":"category","embeddable":true,"href":"https:\/\/www.legalvision.fr\/guides-juridiques\/wp-json\/wp\/v2\/categories?post=2766"},{"taxonomy":"post_tag","embeddable":true,"href":"https:\/\/www.legalvision.fr\/guides-juridiques\/wp-json\/wp\/v2\/tags?post=2766"}],"curies":[{"name":"wp","href":"https:\/\/api.w.org\/{rel}","templated":true}]}}