{"id":27525,"date":"2019-10-07T07:30:07","date_gmt":"2019-10-07T06:30:07","guid":{"rendered":"https:\/\/blog.legalvision.fr\/?p=27525"},"modified":"2022-03-27T21:20:48","modified_gmt":"2022-03-27T19:20:48","slug":"l-exercice-du-droit-de-greve-et-ses-consequences","status":"publish","type":"post","link":"https:\/\/www.legalvision.fr\/guides-juridiques\/droit-du-travail\/l-exercice-du-droit-de-greve-et-ses-consequences\/","title":{"rendered":"L&rsquo;exercice du droit de gr\u00e8ve et ses cons\u00e9quences"},"content":{"rendered":"<p>Le droit de gr\u00e8ve, en France, est garanti par la Constitution. Les lois fran\u00e7aises restent cependant muettes quant \u00e0 l&rsquo;organisation et la\u00a0mise en place de cette pr\u00e9rogative.\u00a0Les\u00a0r\u00e8gles ont donc \u00e9t\u00e9 \u00e9rig\u00e9es par les juges.<\/p>\n<p>Dans cet article,\u00a0<a href=\"https:\/\/www.legalvision.fr\/\">LegalVision<\/a>\u00a0vous pr\u00e9sente\u00a0les conditions de mise en oeuvre du droit de gr\u00e8ve, la proc\u00e9dure \u00e0 suivre pour d\u00e9clencher ce mouvement collectif et enfin sur ses cons\u00e9quences.\n<\/p>\n<h3>Sommaire<\/h3>\n<p><strong><a href=\"#I\">Droit de gr\u00e8ve : les conditions de mise en oeuvre<\/a><\/strong><br \/>\n<a href=\"#II\"><strong>Droit de gr\u00e8ve : la proc\u00e9dure<\/strong><\/a><br \/>\n<a href=\"#III\"><strong>Droit de gr\u00e8ve : les cons\u00e9quences<\/strong><\/a><br \/>\n<a href=\"#IV\"><strong>L&rsquo;interdiction du lock-out<\/strong><\/a><\/p>\n<div class=\"wp-block-button\" style=\"text-align:center;\"><a class=\"wp-block-button__link has-background\" href=\"https:\/\/www.legalvision.fr\/tous-les-services\/\">Voir les services LegalVision<\/a><\/div>\n<h2 id=\"I\">Droit de gr\u00e8ve : les conditions de mise en oeuvre<\/h2>\n<p>Tous les salari\u00e9s d&rsquo;une entreprise peuvent exercer leur droit de gr\u00e8ve. Ainsi, ont cette pr\u00e9rogative : les salari\u00e9s en\u00a0<a href=\"https:\/\/www.legalvision.fr\/lp\/contrat-de-travail-cdd\">CDD,<\/a> en <a href=\"https:\/\/www.legalvision.fr\/lp\/contrat-de-travail-cdi\">CDI<\/a>, \u00e0 <a href=\"https:\/\/blog.legalvision.fr\/2019\/03\/01\/cdi-temps-partiel-le-guide-2019\/\">temps partiel <\/a>ou \u00e0 temps complet. Les <a href=\"https:\/\/blog.legalvision.fr\/2019\/09\/26\/contrat-d-apprentissage-comment-ca-fonctionne\/\">apprentis<\/a>\u00a0b\u00e9n\u00e9ficient \u00e9galement de ce droit&#8230;<\/p>\n<p>Pour qu\u2019un mouvement qualifi\u00e9 de gr\u00e8ve soit reconnu juridiquement, il faut n\u00e9cessairement qu\u2019il r\u00e9ponde \u00e0 plusieurs crit\u00e8res qui ont \u00e9t\u00e9 d\u00e9gag\u00e9s par la jurisprudence. Plus pr\u00e9cis\u00e9ment, il doit y avoir :<\/p>\n<ul>\n<li><em>une cessation collective et concert\u00e9e du travail,<\/em><\/li>\n<li>\n<em>en vue d\u2019appuyer des revendications professionnelles<\/em>.<\/li>\n<\/ul>\n<p>Ce ne sera que lorsque toutes ces conditions cumulatives seront r\u00e9unies que les salari\u00e9s faisant gr\u00e8ve b\u00e9n\u00e9ficieront d\u2019une r\u00e9elle protection pr\u00e9vue \u00e0 l\u2019article L.2511-1 du Code du travail.<\/p>\n<h3>Droit de gr\u00e8ve : cessation collective et concert\u00e9e du travail<\/h3>\n<p>Pour que le droit de gr\u00e8ve soit mat\u00e9rialis\u00e9, il faut que la cessation du travail r\u00e9ponde \u00e0 deux caract\u00e9ristiques. La <strong>cessation de travail<\/strong> doit \u00eatre <strong>collective<\/strong> et <strong>concert\u00e9e.<\/strong> Autrement dit,\u00a0il faut qu&rsquo;au moins deux salari\u00e9s\u00a0exercent simultan\u00e9ment et collectivement leur droit de faire gr\u00e8ve afin que l\u2019arr\u00eat de travail soit caract\u00e9ris\u00e9 de collectif.<\/p>\n<p>Il y a tout de m\u00eame des exceptions \u00e0 cette r\u00e8gle. Ce mouvement<strong> peut \u00eatre individuel<\/strong> lorsque :<\/p>\n<ul>\n<li>le salari\u00e9 est la seule personne qui travaille au sein de l\u2019entreprise,<\/li>\n<li>ou s\u2019il participe \u00e0 une gr\u00e8ve nationale.<\/li>\n<\/ul>\n<p>Ensuite, une cessation collective du travail ne veut pas pour autant dire une interruption du travail par la totalit\u00e9 des salari\u00e9s. Les<strong> gr\u00e8ves minoritaires<\/strong> rev\u00eatent un caract\u00e8re collectif et sont donc autoris\u00e9es.<\/p>\n<h3>Droit de gr\u00e8ve : cessation compl\u00e8te du travail<\/h3>\n<p>Le mouvement ne peut \u00eatre licite lorsqu\u2019il n\u2019y a pas un arr\u00eat total du travail.\u00a0<strong>La dur\u00e9e de cette cessation importe peu.<\/strong> Celle-ci peut alors \u00eatre plus ou moins longue. La Haute juridiction a consid\u00e9r\u00e9 qu&rsquo;\u00e9taient admis les arr\u00eats de travail qui se r\u00e9p\u00e9taient et qui \u00e9taient d\u2019une courte dur\u00e9e et ce, m\u00eame s\u2019ils \u00e9taient pr\u00e9judiciables pour la production.\u00a0Elle a retenu la m\u00eame solution pour les gr\u00e8ves tournantes.<\/p>\n<p>C\u2019est le caract\u00e8re franc de la cessation du travail qui permet de faire une distinction entre les mouvements qui peuvent entrer dans le champ d\u2019application de la protection pr\u00e9vue \u00e0 l\u2019article L.2511-1 du Code du travail de ceux qui peuvent \u00eatre sanctionn\u00e9s p\u00e9nalement.<\/p>\n<p>Ainsi,<strong> ne seront pas l\u00e9gales<\/strong> les gr\u00e8ves perl\u00e9es, dans lesquelles les salari\u00e9s ralentissent uniquement leur rythme de travail sans pour autant le cesser totalement.\u00a0Il en sera de m\u00eame lorsque les salari\u00e9s limiteront leur travail \u00e0 une seule et unique obligation figurant dans leur contrat ou bien encore\u00a0l\u2019ex\u00e9cuteront d\u00e9fectueusement de mani\u00e8re volontaire.\u00a0Les gr\u00e8ves d\u2019autosatisfaction et de z\u00e8le ne seront \u00e9galement pas autoris\u00e9es. En effet, elles ne consistent pas non plus en un arr\u00eat total de travail.<\/p>\n<h3>Pr\u00e9sence de revendications professionnelles<\/h3>\n<p>Pour \u00eatre r\u00e9guli\u00e8re, la gr\u00e8ve doit s\u2019appuyer sur des revendications professionnelles collectives. Elles seront qualifi\u00e9es d&rsquo;illicites si celles-ci :<\/p>\n<ul>\n<li>ne sont pas de nature professionnelle,<\/li>\n<li>et ne portent pas sur les droits qui int\u00e9ressent directement les salari\u00e9s.<\/li>\n<\/ul>\n<p>Ont, par exemple, le caract\u00e8re professionnel les revendications tenant :<\/p>\n<ul>\n<li>aux salaires,<\/li>\n<li>\u00e0 l\u2019am\u00e9lioration des conditions de travail,<\/li>\n<li>aux <a href=\"https:\/\/blog.legalvision.fr\/2019\/07\/19\/heures-supplementaires-quels-sont-vos-droits\/\">heures suppl\u00e9mentaires<\/a>,<\/li>\n<li>ou encore \u00e0 la contestation d\u2019un plan de restructuration.<\/li>\n<\/ul>\n<h2 id=\"II\">Droit de gr\u00e8ve : proc\u00e9dure<\/h2>\n<p>Le mouvement collectif, dans le secteur priv\u00e9, peut \u00eatre <strong>d\u00e9clench\u00e9 \u00e0 tout moment<\/strong>.\u00a0Contrairement au service public, il n&rsquo;y a<strong> aucun pr\u00e9avis<\/strong>.<\/p>\n<p>Il n\u2019est pas obligatoire que les revendications des salari\u00e9s soient pr\u00e9sent\u00e9es \u00e0 l\u2019employeur avant le d\u00e9clenchement du mouvement collectif. Toutefois, elles doivent lui avoir \u00e9t\u00e9 pr\u00e9sent\u00e9es au moins au moment o\u00f9 celui-ci d\u00e9bute.<\/p>\n<p>Elles peuvent \u00eatre port\u00e9es \u00e0 la connaissance de l\u2019employeur par les salari\u00e9s gr\u00e9vistes, par une \u00ab\u00a0<em>union syndicale ayant pr\u00e9alablement arr\u00eat\u00e9 avec des salari\u00e9s de l\u2019entreprise la liste des revendications<\/em>\u00a0\u00bb, par tract syndical ou bien encore par l\u2019inspecteur du travail.<\/p>\n<h2 id=\"III\">Droit de gr\u00e8ve : les cons\u00e9quences<\/h2>\n<h3>Effets de la gr\u00e8ve sur le contrat de travail des salari\u00e9s gr\u00e9vistes<\/h3>\n<h4>Exercice du droit de gr\u00e8ve et cons\u00e9quences financi\u00e8res<\/h4>\n<p>La premi\u00e8re cons\u00e9quence sera d\u2019ordre financi\u00e8re. En effet, une <strong>retenue sur salaire<\/strong> sera op\u00e9r\u00e9e au prorata de la dur\u00e9e de la cessation de l&rsquo;activit\u00e9. Celle-ci doit imp\u00e9rativement \u00eatre proportionnelle pour ne pas entrer dans le champ des sanctions p\u00e9cuniaires.<\/p>\n<p>De la m\u00eame fa\u00e7on, l\u2019exercice du droit de gr\u00e8ve peut avoir des <strong>r\u00e9percussions sur certaines primes.<\/strong> Notamment\u00a0celles subordonn\u00e9es \u00e0 une condition de pr\u00e9sence au sein de l\u2019entreprise. Par exemple, une prime d&rsquo;assiduit\u00e9 peut \u00eatre r\u00e9duite pour fait de gr\u00e8ve. Mais pour que cela soit possible,\u00a0il est primordial que \u00ab\u00a0<em>toute absence\u00a0qu\u2019elle qu\u2019en soit la cause entra\u00eene les m\u00eames cons\u00e9quences<\/em>\u00a0\u00ab\u00a0.<\/p>\n<h4>Exercice du droit de gr\u00e8ve et cong\u00e9s pay\u00e9s<\/h4>\n<p>D&rsquo;abord,\u00a0les jours de gr\u00e8ve ne correspondent pas \u00e0 la d\u00e9finition du travail effectif. Ainsi :<\/p>\n<ul>\n<li>ils ne sont pas pris en consid\u00e9ration pour calculer la dur\u00e9e des<a href=\"https:\/\/blog.legalvision.fr\/2019\/07\/17\/conges-payes-fonctionnement-et-droits\/\"> cong\u00e9s pay\u00e9s<\/a>,<\/li>\n<li>de surcro\u00eet, ils <strong>ne sont pas indemnis\u00e9s lorsqu&rsquo;ils sont exerc\u00e9s pendant un jour de repos r\u00e9mun\u00e9r\u00e9<\/strong>.<\/li>\n<\/ul>\n<h4>Exercice du droit de gr\u00e8ve et maladie<\/h4>\n<p>Ensuite,\u00a0l&rsquo;indemnisation pour une absence maladie d&rsquo;un salari\u00e9 gr\u00e9viste va d\u00e9pendre du moment o\u00f9 il a pris part \u00e0 la gr\u00e8ve. De ce fait si le salari\u00e9 :<\/p>\n<ul>\n<li>est d\u00e9j\u00e0 en arr\u00eat maladie avant ou au moment du d\u00e9clenchement de la gr\u00e8ve : il percevra une <strong>indemnisation totale<\/strong> ;<\/li>\n<li>tombe malade apr\u00e8s le d\u00e9clenchement du mouvement : l&rsquo;indemnisation\u00a0sera\u00a0<strong>partielle.<\/strong>\n<\/li>\n<\/ul>\n<h4>Exercice du droit de gr\u00e8ve et r\u00e9cup\u00e9ration des heures<\/h4>\n<p>En dernier lieu, s&rsquo;il s\u2019agit d\u2019une gr\u00e8ve interne, les heures perdues ne pourront \u00eatre r\u00e9cup\u00e9r\u00e9es sauf si un accord de fin de gr\u00e8ve le pr\u00e9voit.<\/p>\n<h4>Exercice du droit de gr\u00e8ve et anciennet\u00e9<\/h4>\n<p>L\u2019anciennet\u00e9 qui a \u00e9t\u00e9 acquise par un salari\u00e9 avant sa participation \u00e0 un mouvement collectif n\u2019est pas modifi\u00e9e. En outre, le fait d\u2019avoir concouru \u00e0 la gr\u00e8ve n\u2019a pas d\u2019incidence sur le droit \u00e0 l\u2019avancement.<\/p>\n<h3>Paralysie du pouvoir de l&#8217;employeur<\/h3>\n<p>L&rsquo;exercice du droit de gr\u00e8ve ne peut justifier la rupture du contrat de travail, sauf faute lourde imputable au salari\u00e9. Son exercice ne peut donner lieu \u00e0 aucune mesure discriminatoire, notamment en mati\u00e8re de r\u00e9mun\u00e9ration et d&rsquo;avantages sociaux. Tout licenciement prononc\u00e9 en absence de faute lourde est nul de plein droit.<\/p>\n<p><strong>Faute lourde\u00a0<\/strong><\/p>\n<p>Un salari\u00e9 gr\u00e9viste ne peut \u00eatre licenci\u00e9 ou sanctionn\u00e9, en raison d\u2019un fait commis \u00e0 l\u2019occasion de la gr\u00e8ve \u00e0 laquelle il participe, que si ce fait est constitutif d\u2019une faute lourde.<\/p>\n<p><em>La faute lourde, ici, peut prendre plusieurs formes comme :<\/em><\/p>\n<ul>\n<li><em>des violences men\u00e9es contre les salari\u00e9s non-gr\u00e9vistes,<\/em><\/li>\n<li><em>une entrave \u00e0 la libert\u00e9 du travail,<\/em><\/li>\n<li><em>ou encore un acte de s\u00e9questration&#8230;<\/em><\/li>\n<\/ul>\n<p>Lorsque la mesure de licenciement concerne un salari\u00e9 prot\u00e9g\u00e9, alors l&#8217;employeur devra obtenir l&rsquo;accord de l&rsquo;inspection du travail.<\/p>\n<p>Nos juristes accompagnent tous les employeurs dans la <a href=\"https:\/\/www.legalvision.fr\/lp\/lettre-licenciement\">r\u00e9daction d&rsquo;une lettre de licenciement<\/a>. Laissez vous guider !<\/p>\n<p>Tous les licenciements qui sont prononc\u00e9s sans que le salari\u00e9 n\u2019ait commis de faute lourde sont nuls. Dans cette situation, le salari\u00e9 peut :<\/p>\n<ul>\n<li>demander sa <strong>r\u00e9int\u00e9gration,<\/strong>\n<\/li>\n<li>ainsi qu&rsquo;une<strong> indemnit\u00e9<\/strong> dont le montant correspond \u00e0 la r\u00e9mun\u00e9ration que celui-ci aurait d\u00fb percevoir entre son \u00e9viction et le moment o\u00f9 il a \u00e9t\u00e9 r\u00e9int\u00e9gr\u00e9,<\/li>\n<li>\n<strong>\u00e0 d\u00e9faut de r\u00e9int\u00e9gration<\/strong>, il a la possibilit\u00e9 de r\u00e9clamer une indemnit\u00e9 laquelle ne peut \u00eatre inf\u00e9rieure \u00e0 la r\u00e9mun\u00e9ration per\u00e7ue au cours des 6 derniers mois pr\u00e9c\u00e9dant la mesure de licenciement.<\/li>\n<\/ul>\n<p>Si vous souhaitez en conna\u00eetre plus sur le fonctionnement de\u00a0<a href=\"https:\/\/blog.legalvision.fr\/2019\/07\/18\/procedure-disciplinaire-comment-ca-marche\/\">la proc\u00e9dure disciplinaire<\/a>, n&rsquo;h\u00e9sitez pas \u00e0 lire notre article d\u00e9di\u00e9.<\/p>\n<h4>Exercice du droit de gr\u00e8ve alors que toutes les conditions pour qu&rsquo;elle soit licite ne sont pas remplies<\/h4>\n<p>Lorsque le mouvement collectif auquel participe les salari\u00e9s ne r\u00e9pond pas \u00e0 l\u2019ensemble des conditions pr\u00e9sent\u00e9es dans la premi\u00e8re partie de cette article, alors ils pourront faire l&rsquo;objet d&rsquo;une sanction pouvant aller jusqu&rsquo;au licenciement.<\/p>\n<h3>Responsabilit\u00e9 civile<\/h3>\n<p>Pour que la responsabilit\u00e9\u00a0civile d&rsquo;un salari\u00e9 gr\u00e9viste soit engag\u00e9e, doivent \u00eatre \u00e9tablis :<\/p>\n<ul>\n<li>le <strong>r\u00f4le<\/strong> <strong>actif<\/strong> et <strong>l\u2019intention<\/strong> du salari\u00e9 dans la r\u00e9alisation des actes illicites au moment de la gr\u00e8ve,<\/li>\n<li>ainsi que le <strong>lien de causalit\u00e9<\/strong> entre la faute et le dommage,<\/li>\n<li>de surcro\u00eet, elle ne peut \u00eatre engag\u00e9e qu&rsquo;en pr\u00e9sence d&rsquo;une <strong>faute lourde<\/strong>.<\/li>\n<\/ul>\n<p>Lorsque tous ces \u00e9l\u00e9ments sont r\u00e9unis, l&#8217;employeur est fond\u00e9 a demander le versement de dommages et int\u00e9r\u00eats.<\/p>\n<p>Enfin, il est fr\u00e9quent que la faute lourde soit aussi une <strong>infraction p\u00e9nale<\/strong> (<em>entrave \u00e0 la libert\u00e9 du travail, acte de s\u00e9questration&#8230;<\/em>).<\/p>\n<h2 id=\"IV\">L&rsquo;interdiction du lock-out<\/h2>\n<p>Lors d&rsquo;une gr\u00e8ve, l&#8217;employeur peut d\u00e9cider de fermer temporairement son entreprise.<\/p>\n<p>Le lock-out est<strong> en principe interdit<\/strong>.\u00a0L&#8217;employeur doit fournir du travail aux non-gr\u00e9vistes et les r\u00e9mun\u00e9rer.<\/p>\n<p>Le<strong> lock-out pr\u00e9ventif<\/strong>, qui intervient avant la survenance du mouvement collectif, est \u00e9galement prohib\u00e9. Il emp\u00eache en effet les salari\u00e9s d&rsquo;exercer leur droit de gr\u00e8ve. Les salari\u00e9s qui ont \u00e9t\u00e9 entrav\u00e9s dans l&rsquo;exercice de leur droit peuvent demander \u00e0 \u00eatre indemnis\u00e9s.<\/p>\n<p>Il est <strong>possible de fermer une entreprise dans certaines situations<\/strong>.\u00a0Un employeur est d\u00e9gag\u00e9 de son obligation de fournir un travail \u00e0 ses salari\u00e9s en pr\u00e9sence d&rsquo;une situation contraignante qui n&rsquo;est pas imputable \u00e0 l&#8217;employeur qui rend impossible la fourniture de travail aux non gr\u00e9vistes.\u00a0<em>Par exemple, nous serons en pr\u00e9sence d&rsquo;une situation contraignante lorsque le fonctionnement d&rsquo;une entreprise est bloqu\u00e9 dans son int\u00e9gralit\u00e9 ou encore lorsque la s\u00e9curit\u00e9 des salari\u00e9s, des usagers ou des installations ne peut plus \u00eatre assur\u00e9e.<\/em><\/p>\n<p>D\u00e9sormais, vous connaissez tout sur l&rsquo;exercice du droit de gr\u00e8ve et ses cons\u00e9quences ! Si vous avez d&rsquo;autres questions, <a href=\"https:\/\/www.legalvision.fr\/contactez-nous\/\">n&rsquo;h\u00e9sitez pas \u00e0 nous contacter <\/a>!<\/p>\n<details>\n<summary><strong>Sources<\/strong>\u00a0<\/summary>\n<p><strong>Articles :<\/strong><\/p>\n<ul>\n<li>\n<strong><a href=\"https:\/\/www.legifrance.gouv.fr\/affichCode.do?idSectionTA=LEGISCTA000006177836&amp;cidTexte=LEGITEXT000006072050&amp;dateTexte=20190926\">L.1132-1 \u00e0 L.1132-4 du Code du travail<\/a>\u00a0<\/strong>relatifs au principe de non-discrimination en cas d&rsquo;exercice du droit de gr\u00e8ve ;<\/li>\n<li>\n<a href=\"https:\/\/www.legifrance.gouv.fr\/affichCode.do?idSectionTA=LEGISCTA000006177988&amp;cidTexte=LEGITEXT000006072050\"><strong>L.2511-1 du Code du travail<\/strong><\/a> relatif aux cons\u00e9quences de l&rsquo;exercice du droit de gr\u00e8ve.<\/li>\n<\/ul>\n<\/details>\n<p><\/p>\n<div class=\"wp-block-button\" style=\"text-align:center;\"><a class=\"wp-block-button__link has-background\" href=\"https:\/\/www.legalvision.fr\/tous-les-services\/\">Voir les services LegalVision<\/a><\/div>\n","protected":false},"excerpt":{"rendered":"<p>Le droit de gr\u00e8ve, en France, est garanti par la Constitution. Les lois fran\u00e7aises restent cependant muettes quant \u00e0 l&rsquo;organisation et la\u00a0mise en place de cette pr\u00e9rogative.\u00a0Les\u00a0r\u00e8gles ont donc \u00e9t\u00e9 \u00e9rig\u00e9es par les juges. Dans cet article,\u00a0LegalVision\u00a0vous pr\u00e9sente\u00a0les conditions de mise en oeuvre du droit de gr\u00e8ve, la proc\u00e9dure \u00e0 suivre pour d\u00e9clencher ce mouvement&hellip; <a class=\"more-link\" href=\"https:\/\/www.legalvision.fr\/guides-juridiques\/droit-du-travail\/l-exercice-du-droit-de-greve-et-ses-consequences\/\">Poursuivre la lecture <span class=\"screen-reader-text\">L&rsquo;exercice du droit de gr\u00e8ve et ses cons\u00e9quences<\/span><\/a><\/p>\n","protected":false},"author":30,"featured_media":27541,"comment_status":"open","ping_status":"open","sticky":false,"template":"","format":"standard","meta":{"content-type":"","inline_featured_image":false,"footnotes":""},"categories":[2485],"tags":[],"class_list":["post-27525","post","type-post","status-publish","format-standard","has-post-thumbnail","hentry","category-droit-du-travail","entry"],"yoast_head":"<!-- This site is optimized with the Yoast SEO plugin v27.1.1 - https:\/\/yoast.com\/product\/yoast-seo-wordpress\/ -->\n<title>Droit de gr\u00e8ve, exercice et cons\u00e9quences : le guide complet<\/title>\n<meta name=\"description\" content=\"Droit de gr\u00e8ve : conditions , personnes concern\u00e9es, proc\u00e9dure et cons\u00e9quences ... LegalVision vous explique tout sur l&#039;exercice de cette pr\u00e9rogative !\" \/>\n<meta name=\"robots\" content=\"index, follow, max-snippet:-1, max-image-preview:large, max-video-preview:-1\" \/>\n<link rel=\"canonical\" href=\"https:\/\/www.legalvision.fr\/guides-juridiques\/droit-du-travail\/l-exercice-du-droit-de-greve-et-ses-consequences\/\" \/>\n<meta property=\"og:locale\" content=\"fr_FR\" \/>\n<meta property=\"og:type\" content=\"article\" \/>\n<meta property=\"og:title\" content=\"Droit de gr\u00e8ve, exercice et cons\u00e9quences : le guide complet\" \/>\n<meta property=\"og:description\" content=\"Droit de gr\u00e8ve : conditions , personnes concern\u00e9es, proc\u00e9dure et cons\u00e9quences ... LegalVision vous explique tout sur l&#039;exercice de cette pr\u00e9rogative !\" \/>\n<meta property=\"og:url\" content=\"https:\/\/www.legalvision.fr\/guides-juridiques\/droit-du-travail\/l-exercice-du-droit-de-greve-et-ses-consequences\/\" \/>\n<meta property=\"og:site_name\" content=\"Guides juridiques\" \/>\n<meta property=\"article:published_time\" content=\"2019-10-07T06:30:07+00:00\" \/>\n<meta property=\"article:modified_time\" content=\"2022-03-27T19:20:48+00:00\" \/>\n<meta property=\"og:image\" content=\"https:\/\/www.legalvision.fr\/guides-juridiques\/wp-content\/uploads\/2019\/09\/droit-de-gr\u00e8ve.jpg\" \/>\n\t<meta property=\"og:image:width\" content=\"958\" \/>\n\t<meta property=\"og:image:height\" content=\"350\" \/>\n\t<meta property=\"og:image:type\" content=\"image\/jpeg\" \/>\n<meta name=\"author\" content=\"William Lebrun\" \/>\n<meta name=\"twitter:card\" content=\"summary_large_image\" \/>\n<meta name=\"twitter:label1\" content=\"\u00c9crit par\" \/>\n\t<meta name=\"twitter:data1\" content=\"William Lebrun\" \/>\n\t<meta name=\"twitter:label2\" content=\"Dur\u00e9e de lecture estim\u00e9e\" \/>\n\t<meta name=\"twitter:data2\" content=\"10 minutes\" \/>\n<script type=\"application\/ld+json\" class=\"yoast-schema-graph\">{\"@context\":\"https:\/\/schema.org\",\"@graph\":[{\"@type\":\"Article\",\"@id\":\"https:\/\/www.legalvision.fr\/guides-juridiques\/droit-du-travail\/l-exercice-du-droit-de-greve-et-ses-consequences\/#article\",\"isPartOf\":{\"@id\":\"https:\/\/www.legalvision.fr\/guides-juridiques\/droit-du-travail\/l-exercice-du-droit-de-greve-et-ses-consequences\/\"},\"author\":{\"name\":\"William Lebrun\",\"@id\":\"https:\/\/www.legalvision.fr\/guides-juridiques\/#\/schema\/person\/3d24d0c20575138ed212b2e4b6f7b4b0\"},\"headline\":\"L&rsquo;exercice du droit de gr\u00e8ve et ses cons\u00e9quences\",\"datePublished\":\"2019-10-07T06:30:07+00:00\",\"dateModified\":\"2022-03-27T19:20:48+00:00\",\"mainEntityOfPage\":{\"@id\":\"https:\/\/www.legalvision.fr\/guides-juridiques\/droit-du-travail\/l-exercice-du-droit-de-greve-et-ses-consequences\/\"},\"wordCount\":1970,\"commentCount\":0,\"publisher\":{\"@id\":\"https:\/\/www.legalvision.fr\/guides-juridiques\/#organization\"},\"image\":{\"@id\":\"https:\/\/www.legalvision.fr\/guides-juridiques\/droit-du-travail\/l-exercice-du-droit-de-greve-et-ses-consequences\/#primaryimage\"},\"thumbnailUrl\":\"https:\/\/www.legalvision.fr\/guides-juridiques\/wp-content\/uploads\/2019\/09\/droit-de-gr\u00e8ve.jpg\",\"articleSection\":[\"Droit du travail\"],\"inLanguage\":\"fr-FR\",\"potentialAction\":[{\"@type\":\"CommentAction\",\"name\":\"Comment\",\"target\":[\"https:\/\/www.legalvision.fr\/guides-juridiques\/droit-du-travail\/l-exercice-du-droit-de-greve-et-ses-consequences\/#respond\"]}]},{\"@type\":\"WebPage\",\"@id\":\"https:\/\/www.legalvision.fr\/guides-juridiques\/droit-du-travail\/l-exercice-du-droit-de-greve-et-ses-consequences\/\",\"url\":\"https:\/\/www.legalvision.fr\/guides-juridiques\/droit-du-travail\/l-exercice-du-droit-de-greve-et-ses-consequences\/\",\"name\":\"Droit de gr\u00e8ve, exercice et cons\u00e9quences : le guide complet\",\"isPartOf\":{\"@id\":\"https:\/\/www.legalvision.fr\/guides-juridiques\/#website\"},\"primaryImageOfPage\":{\"@id\":\"https:\/\/www.legalvision.fr\/guides-juridiques\/droit-du-travail\/l-exercice-du-droit-de-greve-et-ses-consequences\/#primaryimage\"},\"image\":{\"@id\":\"https:\/\/www.legalvision.fr\/guides-juridiques\/droit-du-travail\/l-exercice-du-droit-de-greve-et-ses-consequences\/#primaryimage\"},\"thumbnailUrl\":\"https:\/\/www.legalvision.fr\/guides-juridiques\/wp-content\/uploads\/2019\/09\/droit-de-gr\u00e8ve.jpg\",\"datePublished\":\"2019-10-07T06:30:07+00:00\",\"dateModified\":\"2022-03-27T19:20:48+00:00\",\"description\":\"Droit de gr\u00e8ve : conditions , personnes concern\u00e9es, proc\u00e9dure et cons\u00e9quences ... LegalVision vous explique tout sur l'exercice de cette pr\u00e9rogative !\",\"breadcrumb\":{\"@id\":\"https:\/\/www.legalvision.fr\/guides-juridiques\/droit-du-travail\/l-exercice-du-droit-de-greve-et-ses-consequences\/#breadcrumb\"},\"inLanguage\":\"fr-FR\",\"potentialAction\":[{\"@type\":\"ReadAction\",\"target\":[\"https:\/\/www.legalvision.fr\/guides-juridiques\/droit-du-travail\/l-exercice-du-droit-de-greve-et-ses-consequences\/\"]}]},{\"@type\":\"ImageObject\",\"inLanguage\":\"fr-FR\",\"@id\":\"https:\/\/www.legalvision.fr\/guides-juridiques\/droit-du-travail\/l-exercice-du-droit-de-greve-et-ses-consequences\/#primaryimage\",\"url\":\"https:\/\/www.legalvision.fr\/guides-juridiques\/wp-content\/uploads\/2019\/09\/droit-de-gr\u00e8ve.jpg\",\"contentUrl\":\"https:\/\/www.legalvision.fr\/guides-juridiques\/wp-content\/uploads\/2019\/09\/droit-de-gr\u00e8ve.jpg\",\"width\":958,\"height\":350,\"caption\":\"droit de gr\u00e8ve\"},{\"@type\":\"BreadcrumbList\",\"@id\":\"https:\/\/www.legalvision.fr\/guides-juridiques\/droit-du-travail\/l-exercice-du-droit-de-greve-et-ses-consequences\/#breadcrumb\",\"itemListElement\":[{\"@type\":\"ListItem\",\"position\":1,\"name\":\"Accueil\",\"item\":\"https:\/\/www.legalvision.fr\/guides-juridiques\/\"},{\"@type\":\"ListItem\",\"position\":2,\"name\":\"Droit du travail\",\"item\":\"https:\/\/www.legalvision.fr\/guides-juridiques\/droit-du-travail\/\"},{\"@type\":\"ListItem\",\"position\":3,\"name\":\"L&rsquo;exercice du droit de gr\u00e8ve et ses cons\u00e9quences\"}]},{\"@type\":\"WebSite\",\"@id\":\"https:\/\/www.legalvision.fr\/guides-juridiques\/#website\",\"url\":\"https:\/\/www.legalvision.fr\/guides-juridiques\/\",\"name\":\"Guides juridiques\",\"description\":\"L&#039;information juridique \u00e0 destination des entreprises et TPE\",\"publisher\":{\"@id\":\"https:\/\/www.legalvision.fr\/guides-juridiques\/#organization\"},\"potentialAction\":[{\"@type\":\"SearchAction\",\"target\":{\"@type\":\"EntryPoint\",\"urlTemplate\":\"https:\/\/www.legalvision.fr\/guides-juridiques\/?s={search_term_string}\"},\"query-input\":{\"@type\":\"PropertyValueSpecification\",\"valueRequired\":true,\"valueName\":\"search_term_string\"}}],\"inLanguage\":\"fr-FR\"},{\"@type\":\"Organization\",\"@id\":\"https:\/\/www.legalvision.fr\/guides-juridiques\/#organization\",\"name\":\"Guides juridiques\",\"url\":\"https:\/\/www.legalvision.fr\/guides-juridiques\/\",\"logo\":{\"@type\":\"ImageObject\",\"inLanguage\":\"fr-FR\",\"@id\":\"https:\/\/www.legalvision.fr\/guides-juridiques\/#\/schema\/logo\/image\/\",\"url\":\"https:\/\/www.legalvision.fr\/guides-juridiques\/wp-content\/uploads\/2022\/10\/LV-Logotype.png\",\"contentUrl\":\"https:\/\/www.legalvision.fr\/guides-juridiques\/wp-content\/uploads\/2022\/10\/LV-Logotype.png\",\"width\":647,\"height\":125,\"caption\":\"Guides juridiques\"},\"image\":{\"@id\":\"https:\/\/www.legalvision.fr\/guides-juridiques\/#\/schema\/logo\/image\/\"}},{\"@type\":\"Person\",\"@id\":\"https:\/\/www.legalvision.fr\/guides-juridiques\/#\/schema\/person\/3d24d0c20575138ed212b2e4b6f7b4b0\",\"name\":\"William Lebrun\",\"image\":{\"@type\":\"ImageObject\",\"inLanguage\":\"fr-FR\",\"@id\":\"https:\/\/www.legalvision.fr\/guides-juridiques\/#\/schema\/person\/image\/\",\"url\":\"https:\/\/www.legalvision.fr\/guides-juridiques\/wp-content\/uploads\/2023\/07\/cropped-homme1-96x96.png\",\"contentUrl\":\"https:\/\/www.legalvision.fr\/guides-juridiques\/wp-content\/uploads\/2023\/07\/cropped-homme1-96x96.png\",\"caption\":\"William Lebrun\"},\"description\":\"B\u00e9n\u00e9ficiant de la formation d'un double dipl\u00f4me en droit des affaires et en \u00e9cole de commerce, j'ai un fort attrait pour le droit des soci\u00e9t\u00e9s. Je r\u00e9dige des articles pour vous aider sur vos probl\u00e9matiques.\",\"url\":\"https:\/\/www.legalvision.fr\/guides-juridiques\/author\/aina-rakoto\/\"}]}<\/script>\n<!-- \/ Yoast SEO plugin. -->","yoast_head_json":{"title":"Droit de gr\u00e8ve, exercice et cons\u00e9quences : le guide complet","description":"Droit de gr\u00e8ve : conditions , personnes concern\u00e9es, proc\u00e9dure et cons\u00e9quences ... LegalVision vous explique tout sur l'exercice de cette pr\u00e9rogative !","robots":{"index":"index","follow":"follow","max-snippet":"max-snippet:-1","max-image-preview":"max-image-preview:large","max-video-preview":"max-video-preview:-1"},"canonical":"https:\/\/www.legalvision.fr\/guides-juridiques\/droit-du-travail\/l-exercice-du-droit-de-greve-et-ses-consequences\/","og_locale":"fr_FR","og_type":"article","og_title":"Droit de gr\u00e8ve, exercice et cons\u00e9quences : le guide complet","og_description":"Droit de gr\u00e8ve : conditions , personnes concern\u00e9es, proc\u00e9dure et cons\u00e9quences ... LegalVision vous explique tout sur l'exercice de cette pr\u00e9rogative !","og_url":"https:\/\/www.legalvision.fr\/guides-juridiques\/droit-du-travail\/l-exercice-du-droit-de-greve-et-ses-consequences\/","og_site_name":"Guides juridiques","article_published_time":"2019-10-07T06:30:07+00:00","article_modified_time":"2022-03-27T19:20:48+00:00","og_image":[{"width":958,"height":350,"url":"https:\/\/www.legalvision.fr\/guides-juridiques\/wp-content\/uploads\/2019\/09\/droit-de-gr\u00e8ve.jpg","type":"image\/jpeg"}],"author":"William Lebrun","twitter_card":"summary_large_image","twitter_misc":{"\u00c9crit par":"William Lebrun","Dur\u00e9e de lecture estim\u00e9e":"10 minutes"},"schema":{"@context":"https:\/\/schema.org","@graph":[{"@type":"Article","@id":"https:\/\/www.legalvision.fr\/guides-juridiques\/droit-du-travail\/l-exercice-du-droit-de-greve-et-ses-consequences\/#article","isPartOf":{"@id":"https:\/\/www.legalvision.fr\/guides-juridiques\/droit-du-travail\/l-exercice-du-droit-de-greve-et-ses-consequences\/"},"author":{"name":"William Lebrun","@id":"https:\/\/www.legalvision.fr\/guides-juridiques\/#\/schema\/person\/3d24d0c20575138ed212b2e4b6f7b4b0"},"headline":"L&rsquo;exercice du droit de gr\u00e8ve et ses cons\u00e9quences","datePublished":"2019-10-07T06:30:07+00:00","dateModified":"2022-03-27T19:20:48+00:00","mainEntityOfPage":{"@id":"https:\/\/www.legalvision.fr\/guides-juridiques\/droit-du-travail\/l-exercice-du-droit-de-greve-et-ses-consequences\/"},"wordCount":1970,"commentCount":0,"publisher":{"@id":"https:\/\/www.legalvision.fr\/guides-juridiques\/#organization"},"image":{"@id":"https:\/\/www.legalvision.fr\/guides-juridiques\/droit-du-travail\/l-exercice-du-droit-de-greve-et-ses-consequences\/#primaryimage"},"thumbnailUrl":"https:\/\/www.legalvision.fr\/guides-juridiques\/wp-content\/uploads\/2019\/09\/droit-de-gr\u00e8ve.jpg","articleSection":["Droit du travail"],"inLanguage":"fr-FR","potentialAction":[{"@type":"CommentAction","name":"Comment","target":["https:\/\/www.legalvision.fr\/guides-juridiques\/droit-du-travail\/l-exercice-du-droit-de-greve-et-ses-consequences\/#respond"]}]},{"@type":"WebPage","@id":"https:\/\/www.legalvision.fr\/guides-juridiques\/droit-du-travail\/l-exercice-du-droit-de-greve-et-ses-consequences\/","url":"https:\/\/www.legalvision.fr\/guides-juridiques\/droit-du-travail\/l-exercice-du-droit-de-greve-et-ses-consequences\/","name":"Droit de gr\u00e8ve, exercice et cons\u00e9quences : le guide complet","isPartOf":{"@id":"https:\/\/www.legalvision.fr\/guides-juridiques\/#website"},"primaryImageOfPage":{"@id":"https:\/\/www.legalvision.fr\/guides-juridiques\/droit-du-travail\/l-exercice-du-droit-de-greve-et-ses-consequences\/#primaryimage"},"image":{"@id":"https:\/\/www.legalvision.fr\/guides-juridiques\/droit-du-travail\/l-exercice-du-droit-de-greve-et-ses-consequences\/#primaryimage"},"thumbnailUrl":"https:\/\/www.legalvision.fr\/guides-juridiques\/wp-content\/uploads\/2019\/09\/droit-de-gr\u00e8ve.jpg","datePublished":"2019-10-07T06:30:07+00:00","dateModified":"2022-03-27T19:20:48+00:00","description":"Droit de gr\u00e8ve : conditions , personnes concern\u00e9es, proc\u00e9dure et cons\u00e9quences ... LegalVision vous explique tout sur l'exercice de cette pr\u00e9rogative !","breadcrumb":{"@id":"https:\/\/www.legalvision.fr\/guides-juridiques\/droit-du-travail\/l-exercice-du-droit-de-greve-et-ses-consequences\/#breadcrumb"},"inLanguage":"fr-FR","potentialAction":[{"@type":"ReadAction","target":["https:\/\/www.legalvision.fr\/guides-juridiques\/droit-du-travail\/l-exercice-du-droit-de-greve-et-ses-consequences\/"]}]},{"@type":"ImageObject","inLanguage":"fr-FR","@id":"https:\/\/www.legalvision.fr\/guides-juridiques\/droit-du-travail\/l-exercice-du-droit-de-greve-et-ses-consequences\/#primaryimage","url":"https:\/\/www.legalvision.fr\/guides-juridiques\/wp-content\/uploads\/2019\/09\/droit-de-gr\u00e8ve.jpg","contentUrl":"https:\/\/www.legalvision.fr\/guides-juridiques\/wp-content\/uploads\/2019\/09\/droit-de-gr\u00e8ve.jpg","width":958,"height":350,"caption":"droit de gr\u00e8ve"},{"@type":"BreadcrumbList","@id":"https:\/\/www.legalvision.fr\/guides-juridiques\/droit-du-travail\/l-exercice-du-droit-de-greve-et-ses-consequences\/#breadcrumb","itemListElement":[{"@type":"ListItem","position":1,"name":"Accueil","item":"https:\/\/www.legalvision.fr\/guides-juridiques\/"},{"@type":"ListItem","position":2,"name":"Droit du travail","item":"https:\/\/www.legalvision.fr\/guides-juridiques\/droit-du-travail\/"},{"@type":"ListItem","position":3,"name":"L&rsquo;exercice du droit de gr\u00e8ve et ses cons\u00e9quences"}]},{"@type":"WebSite","@id":"https:\/\/www.legalvision.fr\/guides-juridiques\/#website","url":"https:\/\/www.legalvision.fr\/guides-juridiques\/","name":"Guides juridiques","description":"L&#039;information juridique \u00e0 destination des entreprises et TPE","publisher":{"@id":"https:\/\/www.legalvision.fr\/guides-juridiques\/#organization"},"potentialAction":[{"@type":"SearchAction","target":{"@type":"EntryPoint","urlTemplate":"https:\/\/www.legalvision.fr\/guides-juridiques\/?s={search_term_string}"},"query-input":{"@type":"PropertyValueSpecification","valueRequired":true,"valueName":"search_term_string"}}],"inLanguage":"fr-FR"},{"@type":"Organization","@id":"https:\/\/www.legalvision.fr\/guides-juridiques\/#organization","name":"Guides juridiques","url":"https:\/\/www.legalvision.fr\/guides-juridiques\/","logo":{"@type":"ImageObject","inLanguage":"fr-FR","@id":"https:\/\/www.legalvision.fr\/guides-juridiques\/#\/schema\/logo\/image\/","url":"https:\/\/www.legalvision.fr\/guides-juridiques\/wp-content\/uploads\/2022\/10\/LV-Logotype.png","contentUrl":"https:\/\/www.legalvision.fr\/guides-juridiques\/wp-content\/uploads\/2022\/10\/LV-Logotype.png","width":647,"height":125,"caption":"Guides juridiques"},"image":{"@id":"https:\/\/www.legalvision.fr\/guides-juridiques\/#\/schema\/logo\/image\/"}},{"@type":"Person","@id":"https:\/\/www.legalvision.fr\/guides-juridiques\/#\/schema\/person\/3d24d0c20575138ed212b2e4b6f7b4b0","name":"William Lebrun","image":{"@type":"ImageObject","inLanguage":"fr-FR","@id":"https:\/\/www.legalvision.fr\/guides-juridiques\/#\/schema\/person\/image\/","url":"https:\/\/www.legalvision.fr\/guides-juridiques\/wp-content\/uploads\/2023\/07\/cropped-homme1-96x96.png","contentUrl":"https:\/\/www.legalvision.fr\/guides-juridiques\/wp-content\/uploads\/2023\/07\/cropped-homme1-96x96.png","caption":"William Lebrun"},"description":"B\u00e9n\u00e9ficiant de la formation d'un double dipl\u00f4me en droit des affaires et en \u00e9cole de commerce, j'ai un fort attrait pour le droit des soci\u00e9t\u00e9s. Je r\u00e9dige des articles pour vous aider sur vos probl\u00e9matiques.","url":"https:\/\/www.legalvision.fr\/guides-juridiques\/author\/aina-rakoto\/"}]}},"_links":{"self":[{"href":"https:\/\/www.legalvision.fr\/guides-juridiques\/wp-json\/wp\/v2\/posts\/27525","targetHints":{"allow":["GET"]}}],"collection":[{"href":"https:\/\/www.legalvision.fr\/guides-juridiques\/wp-json\/wp\/v2\/posts"}],"about":[{"href":"https:\/\/www.legalvision.fr\/guides-juridiques\/wp-json\/wp\/v2\/types\/post"}],"author":[{"embeddable":true,"href":"https:\/\/www.legalvision.fr\/guides-juridiques\/wp-json\/wp\/v2\/users\/30"}],"replies":[{"embeddable":true,"href":"https:\/\/www.legalvision.fr\/guides-juridiques\/wp-json\/wp\/v2\/comments?post=27525"}],"version-history":[{"count":0,"href":"https:\/\/www.legalvision.fr\/guides-juridiques\/wp-json\/wp\/v2\/posts\/27525\/revisions"}],"wp:featuredmedia":[{"embeddable":true,"href":"https:\/\/www.legalvision.fr\/guides-juridiques\/wp-json\/wp\/v2\/media\/27541"}],"wp:attachment":[{"href":"https:\/\/www.legalvision.fr\/guides-juridiques\/wp-json\/wp\/v2\/media?parent=27525"}],"wp:term":[{"taxonomy":"category","embeddable":true,"href":"https:\/\/www.legalvision.fr\/guides-juridiques\/wp-json\/wp\/v2\/categories?post=27525"},{"taxonomy":"post_tag","embeddable":true,"href":"https:\/\/www.legalvision.fr\/guides-juridiques\/wp-json\/wp\/v2\/tags?post=27525"}],"curies":[{"name":"wp","href":"https:\/\/api.w.org\/{rel}","templated":true}]}}