{"id":27196,"date":"2019-09-30T07:30:26","date_gmt":"2019-09-30T06:30:26","guid":{"rendered":"https:\/\/blog.legalvision.fr\/?p=27196"},"modified":"2022-03-27T21:20:48","modified_gmt":"2022-03-27T19:20:48","slug":"travailleur-handicape-aides-a-l-embauche-et-maintien-dans-l-emploi","status":"publish","type":"post","link":"https:\/\/www.legalvision.fr\/guides-juridiques\/actualite-juridique\/travailleur-handicape-aides-a-l-embauche-et-maintien-dans-l-emploi\/","title":{"rendered":"Travailleur handicap\u00e9 : aides \u00e0 l&#8217;embauche et maintien dans l&#8217;emploi"},"content":{"rendered":"<p>La reconnaissance du statut de travailleur handicap\u00e9 offre un acc\u00e8s \u00e0 un \u00e9ventail de mesures destin\u00e9es \u00e0 favoriser l&rsquo;insertion professionnelle et le maintien dans l&#8217;emploi des personnes en situation de handicap.<\/p>\n<p>D\u00e9finition, reconnaissance et renouvellement du statut de travailleur handicap\u00e9&#8230; <a href=\"https:\/\/www.legalvision.fr\/\">LegalVision<\/a>\u00a0revient sur ces th\u00e9matiques et bien d&rsquo;autres.\n<\/p>\n<h3><strong>Sommaire\u00a0<\/strong><\/h3>\n<p><a href=\"#I\"><strong>D\u00e9finition du statut de travailleur handicap\u00e9<\/strong><\/a><br \/>\n<a href=\"#II\"><strong>La reconnaissance travailleur handicap\u00e9 et renouvellement du statut : la proc\u00e9dure \u00e0 suivre<\/strong><\/a><br \/>\n<strong><a href=\"#III\">Les mesures li\u00e9es \u00e0 la reconnaissance de travailleur handicap\u00e9<\/a><br \/>\n<a href=\"#IV\">Le statut des travailleurs handicap\u00e9s<\/a><\/strong><br \/>\n<a href=\"#V\"><strong>L&#8217;embauche de travailleurs handicap\u00e9s\u00a0<\/strong><\/a><\/p>\n<div class=\"wp-block-button\" style=\"text-align:center;\"><a class=\"wp-block-button__link has-background\" href=\"https:\/\/www.legalvision.fr\/tous-les-services\/\">Voir les services LegalVision<\/a><\/div>\n<h2 id=\"I\">D\u00e9finition du statut de travailleur handicap\u00e9<\/h2>\n<p><strong>Toute personne dont les possibilit\u00e9s d&rsquo;obtenir ou de conserver un emploi sont effectivement r\u00e9duites par suite de l&rsquo;alt\u00e9ration d&rsquo;une ou plusieurs fonctions physique, sensorielle, mentale ou psychique<\/strong> est consid\u00e9r\u00e9e comme travailleur handicap\u00e9.<\/p>\n<p>Ce statut lui est conf\u00e9r\u00e9 par une d\u00e9cision administrative. Plus pr\u00e9cis\u00e9ment, cette d\u00e9cision \u00e9mane de la Commission des droits et de l&rsquo;autonomie des personnes handicap\u00e9es (CDAPH).<\/p>\n<p>Enfin, cette reconnaissance s&rsquo;accompagne d&rsquo;une orientation vers un \u00e9tablissement ou service d&rsquo;aide par le travail, vers le march\u00e9 du travail ou vers un centre de r\u00e9\u00e9ducation professionnelle. Cette orientation vaut reconnaissance de la qualit\u00e9 de travailleur handicap\u00e9.<\/p>\n<h2 id=\"II\">La reconnaissance travailleur handicap\u00e9 et renouvellement du statut : la proc\u00e9dure \u00e0 suivre<\/h2>\n<h3>Reconnaissance<\/h3>\n<p>Pour se voir reconna\u00eetre ce statut, il est n\u00e9cessaire d&rsquo;<strong>en faire la demande<\/strong>. Cette derni\u00e8re se fait \u00e0 la Maison D\u00e9partementale des Personnes Handicap\u00e9es (<strong>MDPH<\/strong>) du lieu de r\u00e9sidence de la personne demanderesse. Il convient alors de compl\u00e9ter le <strong>formulaire <a href=\"https:\/\/www.previssima.fr\/files\/previssima\/documents_pdf\/telechargements\/formulaire_demande_mdph.pdf\">n\u00b015692*1.<\/a><\/strong> A travers ce formulaire, la MDPH a des renseignements sur la situation du demandeur mais aussi sur ses besoins.<\/p>\n<p>Ce document est accompagn\u00e9 d&rsquo;un <a href=\"https:\/\/www.cjoint.com\/doc\/18_01\/HApqqSfCG7E_cerfa-15695-01.pdf\"><strong>certificat m\u00e9dical<\/strong><\/a>\u00a0de moins de 6 mois et d&rsquo;un ensemble d&rsquo;autres pi\u00e8ces justificatives. Plus pr\u00e9cis\u00e9ment :<\/p>\n<ul>\n<li>une <strong>photocopie d&rsquo;un justificatif d&rsquo;identit\u00e9,\u00a0<\/strong>\n<\/li>\n<li>et\u00a0un <strong>justificatif de domicile<\/strong> r\u00e9cent.<\/li>\n<li>En cas de<strong> tutelle ou curatelle<\/strong>, il doit \u00e9galement \u00eatre joint une <strong>copie du jugement<\/strong>.<\/li>\n<\/ul>\n<p>Des documents compl\u00e9mentaires sp\u00e9cifiques sont demand\u00e9s. Afin de b\u00e9n\u00e9ficier de la reconnaissance de la qualit\u00e9 de travailleur handicap\u00e9, il est n\u00e9cessaire de faire parvenir :<\/p>\n<ul>\n<li>une<strong> fiche d&rsquo;\u00e9tude de poste<\/strong> compl\u00e9t\u00e9e par le m\u00e9decin du travail et une attestation d&#8217;emploi dans le cas o\u00f9 la personne travaille. En cas d&rsquo;inactivit\u00e9, doit \u00eatre envoy\u00e9 un compl\u00e9ment d&rsquo;informations aux demandes d&rsquo;orientation professionnelle et\/ou d&rsquo;allocation adulte handicap\u00e9.<\/li>\n<li>une <strong>photocopie de tous les dipl\u00f4mes obtenus<\/strong> et les justificatifs des formations professionnelles suivies,<\/li>\n<li>ainsi qu&rsquo;un <strong>CV<\/strong>.<\/li>\n<\/ul>\n<p>L&rsquo;\u00e9quipe pluridisciplinaire de la MDPH analyse la demande de\u00a0reconnaissance de la qualit\u00e9 de travailleur handicap\u00e9. S&rsquo;ensuit une d\u00e9cision de sa part. Celle-ci pr\u00e9cise la dur\u00e9e de la reconnaissance de la qualit\u00e9 de travailleur handicap\u00e9. Elle est comprise <strong>entre 1 et 5 ans<\/strong>.<\/p>\n<h3>Renouvellement<\/h3>\n<p>Le renouvellement de ce statut passe par<strong> la constitution d&rsquo;un nouveau dossier travailleur handicap\u00e9.<\/strong> A ce titre un formulaire de renouvellement de reconnaissance de travailleur handicap\u00e9 doit \u00eatre compl\u00e9t\u00e9. Les autres documents \u00e0 fournir sont <strong>similaires \u00e0 ceux enjoints \u00e0 la demande de reconnaissance<\/strong>. Le taux d\u2019invalidit\u00e9 du demandeur peut avoir \u00e9volu\u00e9. Ainsi, le renouvellement de ce statut n&rsquo;est pas certain.<\/p>\n<h2 id=\"III\"><strong>Les mesures li\u00e9es \u00e0 la reconnaissance de travailleur handicap\u00e9<\/strong><\/h2>\n<p>La reconnaissance de travailleur handicap\u00e9 permet \u00e0 la personne en situation de handicap de b\u00e9n\u00e9ficier de plusieurs mesures.<\/p>\n<h3>Dispositif d&#8217;emploi accompagn\u00e9<\/h3>\n<p>D&rsquo;abord, ces personnes peuvent\u00a0b\u00e9n\u00e9ficier d&rsquo;un dispositif d&#8217;emploi accompagn\u00e9 qui comporte\u00a0un <strong>accompagnement m\u00e9dico-social<\/strong> et un <strong>soutien \u00e0 l&rsquo;insertion professionnelle<\/strong>. Ce dispositif ne lui permet pas seulement d&rsquo;acc\u00e9der au march\u00e9 du travail. En effet, il lui permet \u00e9galement de le maintenir dans un emploi. Le travailleur handicap\u00e9 peut solliciter ce dispositif \u00e0 tout moment de son parcours professionnel.<\/p>\n<h3>R\u00e9adaptation, r\u00e9\u00e9ducation et formation professionnelle<\/h3>\n<p>Il est possible pour ces personnes de b\u00e9n\u00e9ficier de <strong>dispositifs qui faciliteront leur insertion dans le monde du travail.<\/strong>\u00a0Toute personne en situation de handicap a la possibilit\u00e9 de b\u00e9n\u00e9ficier d&rsquo;une r\u00e9adaptation, r\u00e9\u00e9ducation voire d&rsquo;une formation professionnelle.<\/p>\n<p>Dans ce cadre, certaines aides financi\u00e8res leurs sont vers\u00e9es. Plus pr\u00e9cis\u00e9ment, il s&rsquo;agit de celles accord\u00e9es aux stagiaires de la formation professionnelle. Elles sont toutefois adapt\u00e9es \u00e0 leur situation particuli\u00e8re. A l&rsquo;issue du stage, il\u00a0est possible que la personne ayant le statut de travailleur handicap\u00e9 per\u00e7oive des primes qui auront pour finalit\u00e9 de faciliter son reclassement.<\/p>\n<h3>Obligation d&#8217;emploi<\/h3>\n<p>Il existe une obligation d&#8217;emploi en faveur des personnes handicap\u00e9es. En effet, tous les <strong>employeurs qui comptabilisent au moins 20 salari\u00e9s<\/strong> doivent embaucher des <strong>travailleurs handicap\u00e9s \u00e0 proportion de<\/strong> <strong>6%<\/strong> de leur effectif total. Lorsque l&rsquo;entreprise comporte plusieurs \u00e9tablissements, cette obligation d&#8217;emploi concerne chaque \u00e9tablissement pris individuellement. En outre, cette obligation, dans les entreprises de travail temporaire, ne concerne que les travailleurs permanents.<\/p>\n<p>Cet effectif de 20 salari\u00e9s peut \u00eatre atteint au moment de la cr\u00e9ation de l&rsquo;entreprise ou ult\u00e9rieurement en raison d&rsquo;un accroissement de son personnel. Dans les deux situations, l&rsquo;entreprise dispose d&rsquo;un <strong>d\u00e9lai de\u00a03 ans<\/strong> \u00e0 compter de la date o\u00f9 l&rsquo;effectif est atteint pour se mettre en conformit\u00e9 avec cette obligation.<\/p>\n<h5>Qui sont les b\u00e9n\u00e9ficiaires de l&rsquo;obligation d&#8217;emploi ?<\/h5>\n<p>Les b\u00e9n\u00e9ficiaires de cette obligation sont nombreux. Il peut s&rsquo;agir par exemple :<\/p>\n<ul>\n<li>des travailleurs reconnus handicap\u00e9s par la\u00a0CDAPH,<\/li>\n<li>ou bien des victimes d&rsquo;accidents du travail ou de maladies professionnelles ayant entra\u00een\u00e9 une incapacit\u00e9 permanente au moins \u00e9gale \u00e0 10 % et titulaires d&rsquo;une rente attribu\u00e9e au titre du r\u00e9gime g\u00e9n\u00e9ral de s\u00e9curit\u00e9 sociale ou de tout autre r\u00e9gime de protection sociale obligatoire,<\/li>\n<li>voire des titulaires d&rsquo;une pension d&rsquo;invalidit\u00e9. Il est toutefois imp\u00e9ratif que cette invalidit\u00e9 r\u00e9duise au moins des deux tiers la capacit\u00e9 de travail ou de gain de ces derniers,<\/li>\n<li>ou des personnes qui per\u00e7oivent l&rsquo;allocation adulte handicap\u00e9,<\/li>\n<li>les invalides de guerre titulaires d&rsquo;une pension militaire d&rsquo;invalidit\u00e9,<\/li>\n<li>et des sapeurs-pompiers volontaires victimes d\u2019un accident ou atteints d\u2019une maladie contract\u00e9e en service&#8230;<\/li>\n<\/ul>\n<h3>Reconnaissance travailleur handicap\u00e9 et imp\u00f4ts<\/h3>\n<p>Concernant la reconnaissance de travailleur handicap\u00e9 et<strong>\u00a0les\u00a0<\/strong><b>imp\u00f4ts,\u00a0<\/b>les personnes en situation de handicap ont certains avantages. En effet, celles qui d\u00e9tiennent une carte d&rsquo;invalidit\u00e9 pour une incapacit\u00e9 d&rsquo;au moins 80% ou encore d&rsquo;une rente pour accident du travail d&rsquo;au moins 40 %, d&rsquo;une carte mobilit\u00e9 inclusion, mention invalidit\u00e9 ou enfin d&rsquo;une pension militaire pour une invalidit\u00e9 d&rsquo;au moins 40% b\u00e9n\u00e9ficient d&rsquo;une\u00a0<strong>demi-part suppl\u00e9mentaire<\/strong>\u00a0et d&rsquo;un\u00a0<strong>abattement fiscal<\/strong>. En outre, elles\u00a0ont la facult\u00e9 de d\u00e9duire certaines d\u00e9penses de leurs imp\u00f4ts. Plus pr\u00e9cis\u00e9ment, celles r\u00e9alis\u00e9es en raison de leur handicap.<\/p>\n<p>Pour plus\u00a0de pr\u00e9cisions, nous vous invitons \u00e0 consulter\u00a0<a href=\"https:\/\/www.impots.gouv.fr\/portail\/files\/media\/3_Documentation\/depliants\/part_personnes_handicapees.pdf\">le guide des all\u00e8gements fiscaux des personnes handicap\u00e9es 2019\u00a0<\/a>publi\u00e9 par la Direction G\u00e9n\u00e9rale des Finances Publiques.<\/p>\n<h3>Reconnaissance travailleur handicap\u00e9 et retraite<\/h3>\n<p>Pour ce qui est de la reconnaissance de travailleur handicap\u00e9 et la\u00a0<strong>retraite,<\/strong>\u00a0il existe une retraite anticip\u00e9e. Pour s&rsquo;en pr\u00e9valoir, il faut que :<\/p>\n<ul>\n<li>le travailleur ait une invalidit\u00e9 reconnue par la MDPH d&rsquo;au moins 50%,<\/li>\n<li>et une certaine dur\u00e9e d&rsquo;assurance vieillesse valid\u00e9e et cotis\u00e9e en \u00e9tant handicap\u00e9.<\/li>\n<\/ul>\n<p>La pension retraite, quel que soit le r\u00e9gime, est calcul\u00e9e au taux plein (50%).<\/p>\n<p>Lorsque la pension n&rsquo;est pas \u00e0 taux plein, elle\u00a0est calcul\u00e9e au prorata. Elle\u00a0est toutefois major\u00e9e. Cette majoration est calcul\u00e9e de la mani\u00e8re suivante :<em> nombre de trimestres cotis\u00e9s dans le r\u00e9gime pendant la p\u00e9riode de handicap \u00e0 50\u00a0% \/ nombre total de trimestres valid\u00e9s dans le r\u00e9gime, divis\u00e9 par 3<\/em>.<\/p>\n<h3>Autres mesures sp\u00e9cifiques<\/h3>\n<p>D&rsquo;abord, la personne qui a ce statut peut b\u00e9n\u00e9ficier d&rsquo;un <strong>am\u00e9nagement de son poste de travail<\/strong> voire m\u00eame de ses <strong>horaires.<\/strong><\/p>\n<p>Par ailleurs, l&rsquo;<strong>acc\u00e8s \u00e0 la fonction publique<\/strong> se fait par un concours am\u00e9nag\u00e9 voire par contrat de travail sp\u00e9cifique.<\/p>\n<p>De surcro\u00eet, <strong>Cap Emploi<\/strong> soutient les personnes en situation de handicap en facilitant leur recrutement, int\u00e9gration et maintien dans l&#8217;emploi. Les<strong> Sameth<\/strong>\u00a0(Services d\u2019Aide au Maintien dans l\u2019Emploi des Travailleurs Handicap\u00e9s) veillent \u00e9galement \u00e0 leur maintien sur le march\u00e9 du travail.<\/p>\n<p>Ensuite, en ce qui concerne le licenciement d&rsquo;un travailleur handicap\u00e9, la dur\u00e9e du <strong>pr\u00e9avis l\u00e9gal<\/strong>\u00a0est\u00a0doubl\u00e9e. Il est possible de <a href=\"https:\/\/www.legalvision.fr\/lp\/lettre-licenciement\">r\u00e9diger une lettre de licenciement <\/a>en quelques clics avec LegalVision.<\/p>\n<p>Enfin, l&rsquo;Agefiph peut verser une <strong>aide forfaitaire<\/strong> <strong>de 5 000 euros<\/strong>, aux personnes en situation de handicap d\u00e9sireuses de cr\u00e9er ou reprendre une entreprise. LegalVision vous accompagne dans la <a href=\"https:\/\/www.legalvision.fr\/creation-dentreprise\/\">cr\u00e9ation de votre entreprise<\/a>.<\/p>\n<h2 id=\"IV\">Le statut des travailleurs handicap\u00e9s<\/h2>\n<p>Un grand principe s&rsquo;impose : celui de <strong>l&rsquo;\u00e9galit\u00e9 de traitement<\/strong>. Afin de garantir son respect, l&#8217;employeur a l&rsquo;obligation de prendre les mesures appropri\u00e9es afin de permettre aux travailleurs handicap\u00e9s d&rsquo;acc\u00e9der \u00e0 un emploi ou de conserver un emploi qui correspond \u00e0 leur qualification, de l&rsquo;exercer ou d&rsquo;y progresser. Il doit \u00e9galement leur dispenser des formations adapt\u00e9es \u00e0 leurs besoins. Le manquement \u00e0 ces obligations peut \u00eatre constitutif d&rsquo;une discrimination.<\/p>\n<p>Enfin, en ce qui concerne la r\u00e9mun\u00e9ration, elle ne peut jamais \u00eatre inf\u00e9rieure \u00e0 ce qui est pr\u00e9vue dans les dispositions contractuelles ou conventionnelles.<\/p>\n<h2 id=\"V\">L&#8217;embauche de travailleurs handicap\u00e9s<\/h2>\n<p>D&rsquo;abord, un employeur peut embaucher un travailleur handicap\u00e9\u00a0en <b><a href=\"https:\/\/www.legalvision.fr\/lp\/contrat-de-travail-cdi\">CDI \u00e0 temps plein<\/a> ou \u00e0<\/b>\u00a0<a style=\"font-weight: bold;\" href=\"https:\/\/www.legalvision.fr\/lp\/cdi-temps-partiel\">temps partiel<\/a>. Si vous souhaitez en savoir plus sur le <a href=\"https:\/\/blog.legalvision.fr\/2019\/03\/01\/cdi-temps-partiel-le-guide-2019\/\">CDI \u00e0 temps partiel<\/a> n&rsquo;h\u00e9sitez pas \u00e0 consulter notre article d\u00e9di\u00e9 ! L&#8217;employeur peut \u00e9galement embaucher un travailleur handicap\u00e9\u00a0en\u00a0<strong><a href=\"https:\/\/www.legalvision.fr\/lp\/contrat-de-travail-cdd\">CDD\u00a0\u00e0 temps plein<\/a> ou \u00e0\u00a0<a href=\"https:\/\/www.legalvision.fr\/lp\/cdd-temps-partiel\">temps partiel<\/a>.\u00a0<\/strong><\/p>\n<p>Afin de favoriser le recrutement et le maintien dans l&#8217;emploi des travailleurs handicap\u00e9s, l&rsquo;<a href=\"https:\/\/www.agefiph.fr\/\">Agefiph<\/a> propose aux employeurs des services et des aides financi\u00e8res.<\/p>\n<ul>\n<li>\n<h4>Aide pour l&rsquo;accueil, l&rsquo;int\u00e9gration et l&rsquo;\u00e9volution professionnelle des travailleurs handicap\u00e9s<\/h4>\n<\/li>\n<\/ul>\n<p>Cette\u00a0aide financi\u00e8re \u00e0 l&#8217;embauche d&rsquo;un travailleur handicap\u00e9 a pour finalit\u00e9 d&rsquo;accompagner les employeurs dans la prise de fonction et l&rsquo;\u00e9volution professionnelle des personnes en situation d&rsquo;handicap dans l&rsquo;entreprise.<\/p>\n<p>Cette subvention de<strong> 3 000 euros maximum<\/strong>, facilite alors l&rsquo;accueil et l&rsquo;int\u00e9gration de ces personnes mais aussi leur accompagnement sur un nouveau poste de travail.<\/p>\n<p>Enfin, elle concerne uniquement les entreprises qui engagent une personne handicap\u00e9e en<strong> CDI ou <a href=\"https:\/\/blog.legalvision.fr\/2018\/10\/13\/duree-maximale-cdd-et-renouvellement\/\">CDD<\/a> d&rsquo;une dur\u00e9e minimum de 6 mois<\/strong>.<\/p>\n<ul>\n<li>\n<h4>Aide \u00e0 l&rsquo;adaptation des situations de travail<\/h4>\n<\/li>\n<\/ul>\n<p>Cette aide permet d&rsquo;<strong>adapter le poste de travail d&rsquo;un salari\u00e9 <\/strong>ayant le statut de travailleur handicap\u00e9. Elle vise notamment \u00e0 favoriser leur autonomie.<\/p>\n<p>L&rsquo;Agefiph subventionne la mise en place de tous les moyens qui permettent \u00e0 une personne en situation de handicap d\u2019acc\u00e9der ou de se maintenir dans l&#8217;emploi par l&rsquo;adaptation de son poste.<\/p>\n<p>Mais elle oeuvre \u00e9galement au financement des frais relatifs \u00e0 l&rsquo;am\u00e9nagement du poste de travail.<\/p>\n<p>Peuvent b\u00e9n\u00e9ficier de cette aide, les employeurs qui emploient un salari\u00e9 dont l&rsquo;handicap ou son aggravation a \u00e9t\u00e9 attest\u00e9 par le m\u00e9decin du travail mais elle est aussi accord\u00e9e au travailleur ind\u00e9pendant handicap\u00e9 titulaire d&rsquo;un avis m\u00e9dical qui pr\u00e9cise les difficult\u00e9s \u00e0 poursuivre son activit\u00e9 en raison de la survenance d&rsquo;un handicap ou de son aggravation.<\/p>\n<p>Par ailleurs, cette aide ponctuelle est vers\u00e9e sur demande aupr\u00e8s de la D\u00e9l\u00e9gation r\u00e9gionale Agefiph. Enfin, son <strong>montant d\u00e9pend de la situation d&rsquo;handicap<\/strong>.<\/p>\n<ul>\n<li>\n<h4>Aide \u00e0 l&#8217;embauche en contrat d&rsquo;apprentissage<\/h4>\n<\/li>\n<\/ul>\n<p>Une subvention peut \u00e9galement \u00eatre vers\u00e9e \u00e0 toute entreprise qui engage une personne handicap\u00e9e en contrat d&rsquo;apprentissage. Le contrat d&rsquo;apprentissage doit \u00eatre conclu pour une <strong>dur\u00e9e minimum de 6 mois<\/strong>. Une autre condition tient \u00e0 la <strong>dur\u00e9e hebdomadaire du travail<\/strong>. Celle-ci doit au moins \u00eatre \u00e9gale \u00e0 <strong>24 heures.<\/strong> Elle peut \u00eatre abaiss\u00e9e \u00e0 16 heures en pr\u00e9sence de d\u00e9rogation l\u00e9gale voire conventionnelle. Enfin, son montant maximum est de<strong> 3 000 euros<\/strong>.<\/p>\n<ul>\n<li>\n<h4>Aide \u00e0 l&#8217;embauche en contrat de professionnalisation<\/h4>\n<\/li>\n<\/ul>\n<p>Un<strong> montant maximum de 4 000 euros<\/strong> peut \u00eatre accord\u00e9 aux entreprises qui embauchent en contrat de professionnalisation, une personne en situation de handicap. Les conditions relatives \u00e0 la dur\u00e9e du contrat et \u00e0 la dur\u00e9e hebdomadaire de travail sont similaires aux r\u00e8gles du <a href=\"https:\/\/blog.legalvision.fr\/2019\/09\/26\/contrat-d-apprentissage-comment-ca-fonctionne\/\">contrat d&rsquo;apprentissage<\/a>.<\/p>\n<ul>\n<li>\n<h4>Aide \u00e0 la recherche pour le maintien dans l&#8217;emploi des\u00a0salari\u00e9s handicap\u00e9s<\/h4>\n<\/li>\n<\/ul>\n<p>Cette aide\u00a0forfaitaire de <strong>2 000 euros<\/strong> finance les frais qu\u2019occasionnent les recherches de solutions pour maintenir une personne handicap\u00e9e dans son emploi.<\/p>\n<p>Cette subvention pour travailleur handicap\u00e9 est vers\u00e9e aux employeurs d&rsquo;une personne en situation de handicap attest\u00e9e par le m\u00e9decin du travail. Elle est \u00e9galement accord\u00e9e aux travailleurs ind\u00e9pendants handicap\u00e9s titulaires d&rsquo;un avis m\u00e9dical pr\u00e9cisant qu&rsquo;ils sont en difficult\u00e9s pour poursuivre leur activit\u00e9 en raison d&rsquo;un handicap ou de son aggravation.<\/p>\n<ul>\n<li>\n<h4 class=\"produit\">Aide \u00e0 la formation des personnes handicap\u00e9es dans le cadre d&rsquo;un maintien dans l&#8217;emploi<\/h4>\n<\/li>\n<\/ul>\n<p>Cette subvention d&rsquo;un<strong> montant variable<\/strong> contribue au<strong> financement des co\u00fbts p\u00e9dagogiques de plusieurs actions de formation<\/strong>. Actions ayant pour finalit\u00e9 de maintenir dans l&#8217;emploi un salari\u00e9 handicap\u00e9.<\/p>\n<p>Elle est vers\u00e9e aux employeurs qui embauchent une personne en situation de handicap attest\u00e9 par la m\u00e9decine du travail. Les travailleurs ind\u00e9pendants handicap\u00e9s titulaire d&rsquo;un avis m\u00e9dical qui indiquent leurs difficult\u00e9s \u00e0 continuer leur activit\u00e9 du fait de leur handicap peuvent aussi en b\u00e9n\u00e9ficier.<\/p>\n<p>Si vous souhaitez en savoir plus sur\u00a0les <a href=\"https:\/\/blog.legalvision.fr\/2019\/05\/01\/guide-des-formalites-d-embauche-2019\/\">formalit\u00e9s \u00e0 r\u00e9aliser pour embaucher des salari\u00e9s<\/a> n&rsquo;h\u00e9sitez pas \u00e0 consulter notre article d\u00e9di\u00e9 !<\/p>\n<details>\n<summary><strong>Sources\u00a0<\/strong><\/summary>\n<\/details>\n<p><\/p>\n<div class=\"wp-block-button\" style=\"text-align:center;\"><a class=\"wp-block-button__link has-background\" href=\"https:\/\/www.legalvision.fr\/tous-les-services\/\">Voir les services LegalVision<\/a><\/div>\n","protected":false},"excerpt":{"rendered":"<p>La reconnaissance du statut de travailleur handicap\u00e9 offre un acc\u00e8s \u00e0 un \u00e9ventail de mesures destin\u00e9es \u00e0 favoriser l&rsquo;insertion professionnelle et le maintien dans l&#8217;emploi des personnes en situation de handicap. D\u00e9finition, reconnaissance et renouvellement du statut de travailleur handicap\u00e9&#8230; LegalVision\u00a0revient sur ces th\u00e9matiques et bien d&rsquo;autres. Sommaire\u00a0 D\u00e9finition du statut de travailleur handicap\u00e9 La&hellip; <a class=\"more-link\" href=\"https:\/\/www.legalvision.fr\/guides-juridiques\/actualite-juridique\/travailleur-handicape-aides-a-l-embauche-et-maintien-dans-l-emploi\/\">Poursuivre la lecture <span class=\"screen-reader-text\">Travailleur handicap\u00e9 : aides \u00e0 l&#8217;embauche et maintien dans l&#8217;emploi<\/span><\/a><\/p>\n","protected":false},"author":30,"featured_media":27228,"comment_status":"open","ping_status":"open","sticky":false,"template":"","format":"standard","meta":{"content-type":"","inline_featured_image":false,"footnotes":""},"categories":[2475],"tags":[],"class_list":["post-27196","post","type-post","status-publish","format-standard","has-post-thumbnail","hentry","category-actualite-juridique","entry"],"yoast_head":"<!-- This site is optimized with the Yoast SEO plugin v27.1.1 - https:\/\/yoast.com\/product\/yoast-seo-wordpress\/ -->\n<title>Travailleur handicap\u00e9 aides \u00e0 l&#039;embauche et maintien dans l&#039;emploi<\/title>\n<meta name=\"description\" content=\"LegalVision revient sur l&#039;ensemble des mesures pr\u00e9vues pour favoriser l&#039;insertion professionnelle et le maintien dans l&#039;emploi d&#039;un travailleur handicap\u00e9.\" \/>\n<meta name=\"robots\" content=\"index, follow, max-snippet:-1, max-image-preview:large, max-video-preview:-1\" \/>\n<link rel=\"canonical\" href=\"https:\/\/www.legalvision.fr\/guides-juridiques\/actualite-juridique\/travailleur-handicape-aides-a-l-embauche-et-maintien-dans-l-emploi\/\" \/>\n<meta property=\"og:locale\" content=\"fr_FR\" \/>\n<meta property=\"og:type\" content=\"article\" \/>\n<meta property=\"og:title\" content=\"Travailleur handicap\u00e9 aides \u00e0 l&#039;embauche et maintien dans l&#039;emploi\" \/>\n<meta property=\"og:description\" content=\"LegalVision revient sur l&#039;ensemble des mesures pr\u00e9vues pour favoriser l&#039;insertion professionnelle et le maintien dans l&#039;emploi d&#039;un travailleur handicap\u00e9.\" \/>\n<meta property=\"og:url\" content=\"https:\/\/www.legalvision.fr\/guides-juridiques\/actualite-juridique\/travailleur-handicape-aides-a-l-embauche-et-maintien-dans-l-emploi\/\" \/>\n<meta property=\"og:site_name\" content=\"Guides juridiques\" \/>\n<meta property=\"article:published_time\" content=\"2019-09-30T06:30:26+00:00\" \/>\n<meta property=\"article:modified_time\" content=\"2022-03-27T19:20:48+00:00\" \/>\n<meta property=\"og:image\" content=\"https:\/\/www.legalvision.fr\/guides-juridiques\/wp-content\/uploads\/2019\/09\/travailleur-handicap\u00e9.jpg\" \/>\n\t<meta property=\"og:image:width\" content=\"958\" \/>\n\t<meta property=\"og:image:height\" content=\"350\" \/>\n\t<meta property=\"og:image:type\" content=\"image\/jpeg\" \/>\n<meta name=\"author\" content=\"William Lebrun\" \/>\n<meta name=\"twitter:card\" content=\"summary_large_image\" \/>\n<meta name=\"twitter:label1\" content=\"\u00c9crit par\" \/>\n\t<meta name=\"twitter:data1\" content=\"William Lebrun\" \/>\n\t<meta name=\"twitter:label2\" content=\"Dur\u00e9e de lecture estim\u00e9e\" \/>\n\t<meta name=\"twitter:data2\" content=\"11 minutes\" \/>\n<script type=\"application\/ld+json\" class=\"yoast-schema-graph\">{\"@context\":\"https:\/\/schema.org\",\"@graph\":[{\"@type\":\"Article\",\"@id\":\"https:\/\/www.legalvision.fr\/guides-juridiques\/actualite-juridique\/travailleur-handicape-aides-a-l-embauche-et-maintien-dans-l-emploi\/#article\",\"isPartOf\":{\"@id\":\"https:\/\/www.legalvision.fr\/guides-juridiques\/actualite-juridique\/travailleur-handicape-aides-a-l-embauche-et-maintien-dans-l-emploi\/\"},\"author\":{\"name\":\"William Lebrun\",\"@id\":\"https:\/\/www.legalvision.fr\/guides-juridiques\/#\/schema\/person\/3d24d0c20575138ed212b2e4b6f7b4b0\"},\"headline\":\"Travailleur handicap\u00e9 : aides \u00e0 l&#8217;embauche et maintien dans l&#8217;emploi\",\"datePublished\":\"2019-09-30T06:30:26+00:00\",\"dateModified\":\"2022-03-27T19:20:48+00:00\",\"mainEntityOfPage\":{\"@id\":\"https:\/\/www.legalvision.fr\/guides-juridiques\/actualite-juridique\/travailleur-handicape-aides-a-l-embauche-et-maintien-dans-l-emploi\/\"},\"wordCount\":2347,\"commentCount\":0,\"publisher\":{\"@id\":\"https:\/\/www.legalvision.fr\/guides-juridiques\/#organization\"},\"image\":{\"@id\":\"https:\/\/www.legalvision.fr\/guides-juridiques\/actualite-juridique\/travailleur-handicape-aides-a-l-embauche-et-maintien-dans-l-emploi\/#primaryimage\"},\"thumbnailUrl\":\"https:\/\/www.legalvision.fr\/guides-juridiques\/wp-content\/uploads\/2019\/09\/travailleur-handicap\u00e9.jpg\",\"articleSection\":[\"Actualit\u00e9 juridique\"],\"inLanguage\":\"fr-FR\",\"potentialAction\":[{\"@type\":\"CommentAction\",\"name\":\"Comment\",\"target\":[\"https:\/\/www.legalvision.fr\/guides-juridiques\/actualite-juridique\/travailleur-handicape-aides-a-l-embauche-et-maintien-dans-l-emploi\/#respond\"]}]},{\"@type\":\"WebPage\",\"@id\":\"https:\/\/www.legalvision.fr\/guides-juridiques\/actualite-juridique\/travailleur-handicape-aides-a-l-embauche-et-maintien-dans-l-emploi\/\",\"url\":\"https:\/\/www.legalvision.fr\/guides-juridiques\/actualite-juridique\/travailleur-handicape-aides-a-l-embauche-et-maintien-dans-l-emploi\/\",\"name\":\"Travailleur handicap\u00e9 aides \u00e0 l'embauche et maintien dans l'emploi\",\"isPartOf\":{\"@id\":\"https:\/\/www.legalvision.fr\/guides-juridiques\/#website\"},\"primaryImageOfPage\":{\"@id\":\"https:\/\/www.legalvision.fr\/guides-juridiques\/actualite-juridique\/travailleur-handicape-aides-a-l-embauche-et-maintien-dans-l-emploi\/#primaryimage\"},\"image\":{\"@id\":\"https:\/\/www.legalvision.fr\/guides-juridiques\/actualite-juridique\/travailleur-handicape-aides-a-l-embauche-et-maintien-dans-l-emploi\/#primaryimage\"},\"thumbnailUrl\":\"https:\/\/www.legalvision.fr\/guides-juridiques\/wp-content\/uploads\/2019\/09\/travailleur-handicap\u00e9.jpg\",\"datePublished\":\"2019-09-30T06:30:26+00:00\",\"dateModified\":\"2022-03-27T19:20:48+00:00\",\"description\":\"LegalVision revient sur l'ensemble des mesures pr\u00e9vues pour favoriser l'insertion professionnelle et le maintien dans l'emploi d'un travailleur handicap\u00e9.\",\"breadcrumb\":{\"@id\":\"https:\/\/www.legalvision.fr\/guides-juridiques\/actualite-juridique\/travailleur-handicape-aides-a-l-embauche-et-maintien-dans-l-emploi\/#breadcrumb\"},\"inLanguage\":\"fr-FR\",\"potentialAction\":[{\"@type\":\"ReadAction\",\"target\":[\"https:\/\/www.legalvision.fr\/guides-juridiques\/actualite-juridique\/travailleur-handicape-aides-a-l-embauche-et-maintien-dans-l-emploi\/\"]}]},{\"@type\":\"ImageObject\",\"inLanguage\":\"fr-FR\",\"@id\":\"https:\/\/www.legalvision.fr\/guides-juridiques\/actualite-juridique\/travailleur-handicape-aides-a-l-embauche-et-maintien-dans-l-emploi\/#primaryimage\",\"url\":\"https:\/\/www.legalvision.fr\/guides-juridiques\/wp-content\/uploads\/2019\/09\/travailleur-handicap\u00e9.jpg\",\"contentUrl\":\"https:\/\/www.legalvision.fr\/guides-juridiques\/wp-content\/uploads\/2019\/09\/travailleur-handicap\u00e9.jpg\",\"width\":958,\"height\":350,\"caption\":\"travailleur handicap\u00e9\"},{\"@type\":\"BreadcrumbList\",\"@id\":\"https:\/\/www.legalvision.fr\/guides-juridiques\/actualite-juridique\/travailleur-handicape-aides-a-l-embauche-et-maintien-dans-l-emploi\/#breadcrumb\",\"itemListElement\":[{\"@type\":\"ListItem\",\"position\":1,\"name\":\"Accueil\",\"item\":\"https:\/\/www.legalvision.fr\/guides-juridiques\/\"},{\"@type\":\"ListItem\",\"position\":2,\"name\":\"Actualit\u00e9 juridique\",\"item\":\"https:\/\/www.legalvision.fr\/guides-juridiques\/actualite-juridique\/\"},{\"@type\":\"ListItem\",\"position\":3,\"name\":\"Travailleur handicap\u00e9 : aides \u00e0 l&#8217;embauche et maintien dans l&#8217;emploi\"}]},{\"@type\":\"WebSite\",\"@id\":\"https:\/\/www.legalvision.fr\/guides-juridiques\/#website\",\"url\":\"https:\/\/www.legalvision.fr\/guides-juridiques\/\",\"name\":\"Guides juridiques\",\"description\":\"L&#039;information juridique \u00e0 destination des entreprises et TPE\",\"publisher\":{\"@id\":\"https:\/\/www.legalvision.fr\/guides-juridiques\/#organization\"},\"potentialAction\":[{\"@type\":\"SearchAction\",\"target\":{\"@type\":\"EntryPoint\",\"urlTemplate\":\"https:\/\/www.legalvision.fr\/guides-juridiques\/?s={search_term_string}\"},\"query-input\":{\"@type\":\"PropertyValueSpecification\",\"valueRequired\":true,\"valueName\":\"search_term_string\"}}],\"inLanguage\":\"fr-FR\"},{\"@type\":\"Organization\",\"@id\":\"https:\/\/www.legalvision.fr\/guides-juridiques\/#organization\",\"name\":\"Guides juridiques\",\"url\":\"https:\/\/www.legalvision.fr\/guides-juridiques\/\",\"logo\":{\"@type\":\"ImageObject\",\"inLanguage\":\"fr-FR\",\"@id\":\"https:\/\/www.legalvision.fr\/guides-juridiques\/#\/schema\/logo\/image\/\",\"url\":\"https:\/\/www.legalvision.fr\/guides-juridiques\/wp-content\/uploads\/2022\/10\/LV-Logotype.png\",\"contentUrl\":\"https:\/\/www.legalvision.fr\/guides-juridiques\/wp-content\/uploads\/2022\/10\/LV-Logotype.png\",\"width\":647,\"height\":125,\"caption\":\"Guides juridiques\"},\"image\":{\"@id\":\"https:\/\/www.legalvision.fr\/guides-juridiques\/#\/schema\/logo\/image\/\"}},{\"@type\":\"Person\",\"@id\":\"https:\/\/www.legalvision.fr\/guides-juridiques\/#\/schema\/person\/3d24d0c20575138ed212b2e4b6f7b4b0\",\"name\":\"William Lebrun\",\"image\":{\"@type\":\"ImageObject\",\"inLanguage\":\"fr-FR\",\"@id\":\"https:\/\/www.legalvision.fr\/guides-juridiques\/#\/schema\/person\/image\/\",\"url\":\"https:\/\/www.legalvision.fr\/guides-juridiques\/wp-content\/uploads\/2023\/07\/cropped-homme1-96x96.png\",\"contentUrl\":\"https:\/\/www.legalvision.fr\/guides-juridiques\/wp-content\/uploads\/2023\/07\/cropped-homme1-96x96.png\",\"caption\":\"William Lebrun\"},\"description\":\"B\u00e9n\u00e9ficiant de la formation d'un double dipl\u00f4me en droit des affaires et en \u00e9cole de commerce, j'ai un fort attrait pour le droit des soci\u00e9t\u00e9s. Je r\u00e9dige des articles pour vous aider sur vos probl\u00e9matiques.\",\"url\":\"https:\/\/www.legalvision.fr\/guides-juridiques\/author\/aina-rakoto\/\"}]}<\/script>\n<!-- \/ Yoast SEO plugin. -->","yoast_head_json":{"title":"Travailleur handicap\u00e9 aides \u00e0 l'embauche et maintien dans l'emploi","description":"LegalVision revient sur l'ensemble des mesures pr\u00e9vues pour favoriser l'insertion professionnelle et le maintien dans l'emploi d'un travailleur handicap\u00e9.","robots":{"index":"index","follow":"follow","max-snippet":"max-snippet:-1","max-image-preview":"max-image-preview:large","max-video-preview":"max-video-preview:-1"},"canonical":"https:\/\/www.legalvision.fr\/guides-juridiques\/actualite-juridique\/travailleur-handicape-aides-a-l-embauche-et-maintien-dans-l-emploi\/","og_locale":"fr_FR","og_type":"article","og_title":"Travailleur handicap\u00e9 aides \u00e0 l'embauche et maintien dans l'emploi","og_description":"LegalVision revient sur l'ensemble des mesures pr\u00e9vues pour favoriser l'insertion professionnelle et le maintien dans l'emploi d'un travailleur handicap\u00e9.","og_url":"https:\/\/www.legalvision.fr\/guides-juridiques\/actualite-juridique\/travailleur-handicape-aides-a-l-embauche-et-maintien-dans-l-emploi\/","og_site_name":"Guides juridiques","article_published_time":"2019-09-30T06:30:26+00:00","article_modified_time":"2022-03-27T19:20:48+00:00","og_image":[{"width":958,"height":350,"url":"https:\/\/www.legalvision.fr\/guides-juridiques\/wp-content\/uploads\/2019\/09\/travailleur-handicap\u00e9.jpg","type":"image\/jpeg"}],"author":"William Lebrun","twitter_card":"summary_large_image","twitter_misc":{"\u00c9crit par":"William Lebrun","Dur\u00e9e de lecture estim\u00e9e":"11 minutes"},"schema":{"@context":"https:\/\/schema.org","@graph":[{"@type":"Article","@id":"https:\/\/www.legalvision.fr\/guides-juridiques\/actualite-juridique\/travailleur-handicape-aides-a-l-embauche-et-maintien-dans-l-emploi\/#article","isPartOf":{"@id":"https:\/\/www.legalvision.fr\/guides-juridiques\/actualite-juridique\/travailleur-handicape-aides-a-l-embauche-et-maintien-dans-l-emploi\/"},"author":{"name":"William Lebrun","@id":"https:\/\/www.legalvision.fr\/guides-juridiques\/#\/schema\/person\/3d24d0c20575138ed212b2e4b6f7b4b0"},"headline":"Travailleur handicap\u00e9 : aides \u00e0 l&#8217;embauche et maintien dans l&#8217;emploi","datePublished":"2019-09-30T06:30:26+00:00","dateModified":"2022-03-27T19:20:48+00:00","mainEntityOfPage":{"@id":"https:\/\/www.legalvision.fr\/guides-juridiques\/actualite-juridique\/travailleur-handicape-aides-a-l-embauche-et-maintien-dans-l-emploi\/"},"wordCount":2347,"commentCount":0,"publisher":{"@id":"https:\/\/www.legalvision.fr\/guides-juridiques\/#organization"},"image":{"@id":"https:\/\/www.legalvision.fr\/guides-juridiques\/actualite-juridique\/travailleur-handicape-aides-a-l-embauche-et-maintien-dans-l-emploi\/#primaryimage"},"thumbnailUrl":"https:\/\/www.legalvision.fr\/guides-juridiques\/wp-content\/uploads\/2019\/09\/travailleur-handicap\u00e9.jpg","articleSection":["Actualit\u00e9 juridique"],"inLanguage":"fr-FR","potentialAction":[{"@type":"CommentAction","name":"Comment","target":["https:\/\/www.legalvision.fr\/guides-juridiques\/actualite-juridique\/travailleur-handicape-aides-a-l-embauche-et-maintien-dans-l-emploi\/#respond"]}]},{"@type":"WebPage","@id":"https:\/\/www.legalvision.fr\/guides-juridiques\/actualite-juridique\/travailleur-handicape-aides-a-l-embauche-et-maintien-dans-l-emploi\/","url":"https:\/\/www.legalvision.fr\/guides-juridiques\/actualite-juridique\/travailleur-handicape-aides-a-l-embauche-et-maintien-dans-l-emploi\/","name":"Travailleur handicap\u00e9 aides \u00e0 l'embauche et maintien dans l'emploi","isPartOf":{"@id":"https:\/\/www.legalvision.fr\/guides-juridiques\/#website"},"primaryImageOfPage":{"@id":"https:\/\/www.legalvision.fr\/guides-juridiques\/actualite-juridique\/travailleur-handicape-aides-a-l-embauche-et-maintien-dans-l-emploi\/#primaryimage"},"image":{"@id":"https:\/\/www.legalvision.fr\/guides-juridiques\/actualite-juridique\/travailleur-handicape-aides-a-l-embauche-et-maintien-dans-l-emploi\/#primaryimage"},"thumbnailUrl":"https:\/\/www.legalvision.fr\/guides-juridiques\/wp-content\/uploads\/2019\/09\/travailleur-handicap\u00e9.jpg","datePublished":"2019-09-30T06:30:26+00:00","dateModified":"2022-03-27T19:20:48+00:00","description":"LegalVision revient sur l'ensemble des mesures pr\u00e9vues pour favoriser l'insertion professionnelle et le maintien dans l'emploi d'un travailleur handicap\u00e9.","breadcrumb":{"@id":"https:\/\/www.legalvision.fr\/guides-juridiques\/actualite-juridique\/travailleur-handicape-aides-a-l-embauche-et-maintien-dans-l-emploi\/#breadcrumb"},"inLanguage":"fr-FR","potentialAction":[{"@type":"ReadAction","target":["https:\/\/www.legalvision.fr\/guides-juridiques\/actualite-juridique\/travailleur-handicape-aides-a-l-embauche-et-maintien-dans-l-emploi\/"]}]},{"@type":"ImageObject","inLanguage":"fr-FR","@id":"https:\/\/www.legalvision.fr\/guides-juridiques\/actualite-juridique\/travailleur-handicape-aides-a-l-embauche-et-maintien-dans-l-emploi\/#primaryimage","url":"https:\/\/www.legalvision.fr\/guides-juridiques\/wp-content\/uploads\/2019\/09\/travailleur-handicap\u00e9.jpg","contentUrl":"https:\/\/www.legalvision.fr\/guides-juridiques\/wp-content\/uploads\/2019\/09\/travailleur-handicap\u00e9.jpg","width":958,"height":350,"caption":"travailleur handicap\u00e9"},{"@type":"BreadcrumbList","@id":"https:\/\/www.legalvision.fr\/guides-juridiques\/actualite-juridique\/travailleur-handicape-aides-a-l-embauche-et-maintien-dans-l-emploi\/#breadcrumb","itemListElement":[{"@type":"ListItem","position":1,"name":"Accueil","item":"https:\/\/www.legalvision.fr\/guides-juridiques\/"},{"@type":"ListItem","position":2,"name":"Actualit\u00e9 juridique","item":"https:\/\/www.legalvision.fr\/guides-juridiques\/actualite-juridique\/"},{"@type":"ListItem","position":3,"name":"Travailleur handicap\u00e9 : aides \u00e0 l&#8217;embauche et maintien dans l&#8217;emploi"}]},{"@type":"WebSite","@id":"https:\/\/www.legalvision.fr\/guides-juridiques\/#website","url":"https:\/\/www.legalvision.fr\/guides-juridiques\/","name":"Guides juridiques","description":"L&#039;information juridique \u00e0 destination des entreprises et TPE","publisher":{"@id":"https:\/\/www.legalvision.fr\/guides-juridiques\/#organization"},"potentialAction":[{"@type":"SearchAction","target":{"@type":"EntryPoint","urlTemplate":"https:\/\/www.legalvision.fr\/guides-juridiques\/?s={search_term_string}"},"query-input":{"@type":"PropertyValueSpecification","valueRequired":true,"valueName":"search_term_string"}}],"inLanguage":"fr-FR"},{"@type":"Organization","@id":"https:\/\/www.legalvision.fr\/guides-juridiques\/#organization","name":"Guides juridiques","url":"https:\/\/www.legalvision.fr\/guides-juridiques\/","logo":{"@type":"ImageObject","inLanguage":"fr-FR","@id":"https:\/\/www.legalvision.fr\/guides-juridiques\/#\/schema\/logo\/image\/","url":"https:\/\/www.legalvision.fr\/guides-juridiques\/wp-content\/uploads\/2022\/10\/LV-Logotype.png","contentUrl":"https:\/\/www.legalvision.fr\/guides-juridiques\/wp-content\/uploads\/2022\/10\/LV-Logotype.png","width":647,"height":125,"caption":"Guides juridiques"},"image":{"@id":"https:\/\/www.legalvision.fr\/guides-juridiques\/#\/schema\/logo\/image\/"}},{"@type":"Person","@id":"https:\/\/www.legalvision.fr\/guides-juridiques\/#\/schema\/person\/3d24d0c20575138ed212b2e4b6f7b4b0","name":"William Lebrun","image":{"@type":"ImageObject","inLanguage":"fr-FR","@id":"https:\/\/www.legalvision.fr\/guides-juridiques\/#\/schema\/person\/image\/","url":"https:\/\/www.legalvision.fr\/guides-juridiques\/wp-content\/uploads\/2023\/07\/cropped-homme1-96x96.png","contentUrl":"https:\/\/www.legalvision.fr\/guides-juridiques\/wp-content\/uploads\/2023\/07\/cropped-homme1-96x96.png","caption":"William Lebrun"},"description":"B\u00e9n\u00e9ficiant de la formation d'un double dipl\u00f4me en droit des affaires et en \u00e9cole de commerce, j'ai un fort attrait pour le droit des soci\u00e9t\u00e9s. Je r\u00e9dige des articles pour vous aider sur vos probl\u00e9matiques.","url":"https:\/\/www.legalvision.fr\/guides-juridiques\/author\/aina-rakoto\/"}]}},"_links":{"self":[{"href":"https:\/\/www.legalvision.fr\/guides-juridiques\/wp-json\/wp\/v2\/posts\/27196","targetHints":{"allow":["GET"]}}],"collection":[{"href":"https:\/\/www.legalvision.fr\/guides-juridiques\/wp-json\/wp\/v2\/posts"}],"about":[{"href":"https:\/\/www.legalvision.fr\/guides-juridiques\/wp-json\/wp\/v2\/types\/post"}],"author":[{"embeddable":true,"href":"https:\/\/www.legalvision.fr\/guides-juridiques\/wp-json\/wp\/v2\/users\/30"}],"replies":[{"embeddable":true,"href":"https:\/\/www.legalvision.fr\/guides-juridiques\/wp-json\/wp\/v2\/comments?post=27196"}],"version-history":[{"count":0,"href":"https:\/\/www.legalvision.fr\/guides-juridiques\/wp-json\/wp\/v2\/posts\/27196\/revisions"}],"wp:featuredmedia":[{"embeddable":true,"href":"https:\/\/www.legalvision.fr\/guides-juridiques\/wp-json\/wp\/v2\/media\/27228"}],"wp:attachment":[{"href":"https:\/\/www.legalvision.fr\/guides-juridiques\/wp-json\/wp\/v2\/media?parent=27196"}],"wp:term":[{"taxonomy":"category","embeddable":true,"href":"https:\/\/www.legalvision.fr\/guides-juridiques\/wp-json\/wp\/v2\/categories?post=27196"},{"taxonomy":"post_tag","embeddable":true,"href":"https:\/\/www.legalvision.fr\/guides-juridiques\/wp-json\/wp\/v2\/tags?post=27196"}],"curies":[{"name":"wp","href":"https:\/\/api.w.org\/{rel}","templated":true}]}}