{"id":27123,"date":"2019-09-25T07:30:53","date_gmt":"2019-09-25T06:30:53","guid":{"rendered":"https:\/\/blog.legalvision.fr\/?p=27123"},"modified":"2022-03-27T21:20:49","modified_gmt":"2022-03-27T19:20:49","slug":"clause-de-mobilite-geographique-comment-la-mettre-en-place","status":"publish","type":"post","link":"https:\/\/www.legalvision.fr\/guides-juridiques\/droit-du-travail\/clause-de-mobilite-geographique-comment-la-mettre-en-place\/","title":{"rendered":"La clause de mobilit\u00e9 g\u00e9ographique"},"content":{"rendered":"<p>Outre les clauses obligatoires qui doivent figurer dans les contrats de travail comme par exemple la qualification professionnelle, la r\u00e9mun\u00e9ration ou les fonctions occup\u00e9es&#8230; il en existe d&rsquo;autres qui sont facultatives. Il en va ainsi pour la clause de mobilit\u00e9 g\u00e9ographique voire celles d&rsquo;exclusivit\u00e9, de non-concurrence ou de\u00a0d\u00e9dit-formation.<\/p>\n<p>La mention du lieu de travail dans le contrat de travail a uniquement une valeur informative. Plusieurs raisons peuvent justifier le changement d&rsquo;un lieu de travail : des raisons \u00e9conomiques, des motifs inh\u00e9rents au salari\u00e9&#8230; Lorsque ce changement s&rsquo;op\u00e8re dans un\u00a0<strong>secteur g\u00e9ographique diff\u00e9rent<\/strong>\u00a0de celui dans lequel le salari\u00e9 travaille habituellement, il s&rsquo;agit alors d&rsquo;une modification du contrat de travail. Dans cette situation, l&rsquo;accord du salari\u00e9 est n\u00e9cessaire sauf en pr\u00e9sence d&rsquo;une clause de mobilit\u00e9 valide dans son contrat de travail. Il en va diff\u00e9remment lorsqu&rsquo;il a lieu\u00a0<strong>dans le m\u00eame secteur g\u00e9ographique<\/strong>. En effet, il rel\u00e8ve du pouvoir de direction de l&#8217;employeur qui n&rsquo;a pas \u00e0 recueillir l&rsquo;avis de son salari\u00e9.<\/p>\n<p>Dans cet article,\u00a0<a href=\"https:\/\/www.legalvision.fr\/\">LegalVision\u00a0<\/a>vous expose tout ce que vous devez savoir sur la clause de mobilit\u00e9 g\u00e9ographique : d\u00e9finition, conditions de validit\u00e9 et mise en place.<\/p>\n<p>Si vous souhaitez davantage d&rsquo;informations sur les\u00a0<a href=\"https:\/\/blog.legalvision.fr\/2019\/08\/02\/clause-de-non-concurrence-comment-ca-marche\/\">clauses de non-concurrence<\/a>\u00a0ou de\u00a0<a href=\"https:\/\/blog.legalvision.fr\/2019\/09\/19\/clause-de-dedit-formation-guide-complet\/\">d\u00e9dit-formation<\/a>, n&rsquo;h\u00e9sitez pas \u00e0 consulter nos articles d\u00e9di\u00e9s.\n<\/p>\n<h3>Sommaire<\/h3>\n<p><a href=\"#I\"><strong>D\u00e9finition de la clause de mobilit\u00e9 g\u00e9ographique<\/strong><\/a><br \/>\n<a href=\"#II\"><strong>Conditions de validit\u00e9 de la clause de mobilit\u00e9 g\u00e9ographique<\/strong><\/a><br \/>\n<a href=\"#III\"><strong>Mise en oeuvre de la clause de mobilit\u00e9 g\u00e9ographique<\/strong><\/a><br \/>\n<a href=\"#IV\"><strong>Le refus de la clause de mobilit\u00e9 : les cons\u00e9quences<\/strong><\/a><br \/>\n<a href=\"#V\"><strong>Exemple de clause de mobilit\u00e9 g\u00e9ographique dans le contrat de travail<\/strong><\/a><br \/>\n<a href=\"#VI\"><strong>Diff\u00e9rences avec la clause de d\u00e9placements professionnels<\/strong><\/a><\/p>\n<div class=\"wp-block-button\" style=\"text-align:center;\"><a class=\"wp-block-button__link has-background\" href=\"https:\/\/www.legalvision.fr\/tous-les-services\/\">Voir les services LegalVision<\/a><\/div>\n<h2 id=\"I\">D\u00e9finition de la clause de mobilit\u00e9 g\u00e9ographique<\/h2>\n<p>De plus en plus d&#8217;employeurs recourent aux clauses de mobilit\u00e9. Celles-ci\u00a0<strong>pr\u00e9voient par avance une \u00e9ventuelle modification du lieu de travail<\/strong>. Si une telle clause est ins\u00e9r\u00e9e dans le contrat de travail, l&#8217;employeur peut alors muter son salari\u00e9 sans obtenir son assentiment. En effet, la nouvelle affectation aura \u00e9t\u00e9 accept\u00e9e\u00a0pr\u00e9alablement\u00a0par ce dernier.<\/p>\n<p><strong>Tous les contrats<\/strong>\u00a0peuvent contenir une clause de mobilit\u00e9 g\u00e9ographique. Ainsi, il est possible d&rsquo;ins\u00e9rer une telle clause dans les contrats de travail \u00e0<a href=\"https:\/\/www.legalvision.fr\/lp\/contrat-de-travail-cdi\">\u00a0dur\u00e9e ind\u00e9termin\u00e9e (CDI)<\/a>\u00a0ou\u00a0<a href=\"https:\/\/www.legalvision.fr\/lp\/contrat-de-travail-cdd\">d\u00e9termin\u00e9e (CDD)<\/a>, qu&rsquo;ils soient temps complet ou \u00e0<a href=\"https:\/\/www.legalvision.fr\/lp\/cdi-temps-partiel\">\u00a0temps partiel<\/a>. LegalVision vous accompagne dans la r\u00e9daction de tous ces contrats ! N&rsquo;h\u00e9sitez pas \u00e0\u00a0contacter nos juristes !<\/p>\n<p><strong>Attention<\/strong>, si elle n&rsquo;est pas initialement pr\u00e9vue dans le contrat de travail, son ajout n\u00e9cessite l&rsquo;acceptation du salari\u00e9.<\/p>\n<p>Une\u00a0<strong>convention collective<\/strong>\u00a0peut \u00e9galement comprendre une clause de mobilit\u00e9 g\u00e9ographique. Pour qu&rsquo;elle s&rsquo;applique, l&#8217;employeur doit avoir inform\u00e9 son salari\u00e9 de son existence. En outre, il doit l&rsquo;avoir mis en mesure d&rsquo;en prendre connaissance lors de son embauche.<\/p>\n<p>Lorsque la convention collective est entr\u00e9e en vigueur apr\u00e8s l&#8217;embauche du salari\u00e9, la clause lui est inopposable. Cela s&rsquo;explique par le fait qu&rsquo;elle n&rsquo;a pas \u00e9t\u00e9 envisag\u00e9e initialement dans son contrat. Dans cette situation, un avenant au contrat de travail devra alors \u00eatre r\u00e9dig\u00e9 et accept\u00e9 par le salari\u00e9 pour que la clause lui soit applicable.<\/p>\n<p>Enfin, en pr\u00e9sence d&rsquo;une clause contractuelle et d&rsquo;une clause conventionnelle,\u00a0c&rsquo;est la plus favorable d&rsquo;entre elles qui s&rsquo;applique.<\/p>\n<h2 id=\"II\">Conditions de validit\u00e9 de la clause de mobilit\u00e9 g\u00e9ographique<\/h2>\n<p>Pour que la clause soit valide, elle doit remplir plusieurs conditions cumulatives d\u00e9gag\u00e9es par la Haute Juridiction.<\/p>\n<ul>\n<li>La\u00a0<strong>zone g\u00e9ographique d&rsquo;application doit \u00eatre d\u00e9finie de mani\u00e8re pr\u00e9cise<\/strong>.<em>\u00a0<\/em>A d\u00e9faut, elle est nulle.<em>\u00a0Par exemple, l&#8217;employeur peut pr\u00e9ciser les d\u00e9partements ou r\u00e9gions dans lesquels le salari\u00e9 est susceptible d&rsquo;\u00eatre affect\u00e9<\/em>. En raison de l&rsquo;absence de texte, cette clause peut couvrir la France enti\u00e8re. De mani\u00e8re plus g\u00e9n\u00e9rale, la d\u00e9limitation g\u00e9ographique est fonction de la qualification du salari\u00e9.<\/li>\n<li>En outre, elle<strong>\u00a0ne doit en aucun cas conf\u00e9rer \u00e0 l&#8217;employeur le pouvoir d&rsquo;en \u00e9tendre unilat\u00e9ralement la port\u00e9e<\/strong>.<\/li>\n<li>La clause de mobilit\u00e9\u00a0<strong>ne doit pas\u00a0porter une atteinte au droit des salari\u00e9s \u00e0 mener une vie personnelle et familiale.<\/strong>\n<\/li>\n<li>Elle doit \u00eatre :\n<ul>\n<li><strong>justifi\u00e9e par la nature de la t\u00e2che \u00e0 accomplir,<\/strong><\/li>\n<li><strong>proportionn\u00e9e au but recherch\u00e9,<\/strong><\/li>\n<li>et<strong>\u00a0indispensable \u00e0 la protection des int\u00e9r\u00eats l\u00e9gitimes de l&rsquo;entreprise.<\/strong>\n<\/li>\n<\/ul>\n<\/li>\n<li>Elle doit uniquement pr\u00e9voir des<strong>\u00a0mutations au sein de l&rsquo;entreprise<\/strong>. De ce fait, une clause de mobilit\u00e9 intra-groupe ne peut \u00eatre valable. Ensuite, elle est limit\u00e9e en principe aux \u00e9tablissements qui existent au moment de sa conclusion. Par cons\u00e9quent, le salari\u00e9 ne peut pas \u00eatre affect\u00e9 dans les \u00e9tablissements qui\u00a0 ouverts ult\u00e9rieurement.<\/li>\n<li>Elle\u00a0<strong>ne doit pas avoir pour objet d&rsquo;imposer au salari\u00e9 un partage de son temps de travail entre deux ou plusieurs \u00e9tablissements<\/strong>.<\/li>\n<li>Enfin, pour \u00eatre opposable au salari\u00e9, elle doit \u00eatre\u00a0<strong>\u00e9crite\u00a0<\/strong>en\u00a0<strong>termes clairs<\/strong>\u00a0et\u00a0<strong>sign\u00e9e<\/strong>\u00a0par les deux parties. Il est primordial que le salari\u00e9 l&rsquo;ait accept\u00e9.<\/li>\n<\/ul>\n<p>Comme sus-mentionn\u00e9, une convention collective peut pr\u00e9voir une telle clause. Dans cette situation, elle doit \u00e9galement d\u00e9finir avec pr\u00e9cision la zone g\u00e9ographique d&rsquo;application. En outre, elle ne doit pas renvoyer au contrat de travail.<\/p>\n<h2 id=\"III\">Mise en oeuvre de la clause de mobilit\u00e9 g\u00e9ographique<\/h2>\n<p>D&rsquo;abord, pour\u00a0que la clause soit opposable au salari\u00e9, il est imp\u00e9ratif qu&rsquo;elle contienne tous les \u00e9l\u00e9ments pr\u00e9cis\u00e9s auparavant et que le salari\u00e9 l&rsquo;ait accept\u00e9e au pr\u00e9alable.<\/p>\n<p>Les modalit\u00e9s de mise en oeuvre de la clause de mobilit\u00e9 g\u00e9ographique doivent \u00eatre d\u00e9finies dans le contrat de travail ou la convention collective. Partant, il est important de pr\u00e9ciser son d\u00e9lai de mise en oeuvre.<\/p>\n<p>L&#8217;employeur peut la mettre en oeuvre \u00e0 tout moment \u00e0 condition de respecter le d\u00e9lai de pr\u00e9venance stipul\u00e9. S&rsquo;il n&rsquo;est pas pr\u00e9vu, un d\u00e9lai raisonnable doit \u00eatre respect\u00e9 entre le moment o\u00f9 la mobilit\u00e9 s&rsquo;effectue et celui o\u00f9 le salari\u00e9 est inform\u00e9.\u00a0<em>Ce d\u00e9lai d\u00e9pend de la distance g\u00e9ographique entre les deux lieux de travail par exemple.<\/em><\/p>\n<p>Par ailleurs, l&#8217;employeur doit \u00eatre de<strong>\u00a0bonne foi<\/strong>\u00a0lorsqu\u2019il d\u00e9cide de l&rsquo;utiliser. Il est important de savoir que les juges sont tr\u00e8s stricts par concernant son application. Ils recherchent si la mise en oeuvre de la clause de mobilit\u00e9 g\u00e9ographique ne porte pas une atteinte disproportionn\u00e9e au droit du salari\u00e9 \u00e0 une vie personnelle et familiale.<\/p>\n<p>Aussi, la clause de mobilit\u00e9 g\u00e9ographique doit \u00eatre\u00a0<strong>mise en oeuvre dans l&rsquo;int\u00e9r\u00eat de l&rsquo;entreprise<\/strong>. Lorsque l&#8217;employeur en fait une utilisation abusive, la rupture du contrat de travail est sans cause r\u00e9elle et s\u00e9rieuse.<\/p>\n<p>Enfin, si aucune clause de mobilit\u00e9 n&rsquo;a \u00e9t\u00e9 ins\u00e9r\u00e9e dans le contrat de travail, alors il est quand m\u00eame possible pour un employeur d&rsquo;imposer la mutation de son salari\u00e9 si les dispositions conventionnelles le pr\u00e9voient et d\u00e9finissent pr\u00e9cis\u00e9ment sa zone g\u00e9ographique d&rsquo;application.<\/p>\n<h5>La mutation disciplinaire :<\/h5>\n<p>En droit du travail, il existe la<strong>\u00a0mutation disciplinaire<\/strong>. Si un employeur envisage de recourir \u00e0 la mutation disciplinaire afin de sanctionner les faits fautifs de son salari\u00e9, il doit alors veiller \u00e0 ce que cette mesure soit proportionn\u00e9e. Il doit \u00e9galement v\u00e9rifier qu&rsquo;une telle sanction est pr\u00e9vue dans son r\u00e8glement int\u00e9rieur. Pour en savoir plus, notre article \u00ab\u00a0<em><a href=\"https:\/\/blog.legalvision.fr\/2019\/07\/18\/procedure-disciplinaire-comment-ca-marche\/\">la proc\u00e9dure disciplinaire : comment \u00e7a marche ?<\/a><\/em>\u00a0\u00bb peut \u00e9galement vous int\u00e9resser.<\/p>\n<h2 id=\"IV\">Le refus de la clause de mobilit\u00e9 : les cons\u00e9quences<\/h2>\n<p>En pr\u00e9sence d&rsquo;une clause de mobilit\u00e9 valide, le changement du lieu de travail dans la zone g\u00e9ographique indiqu\u00e9e constitue une<strong>\u00a0simple transformation des conditions de travail.<\/strong>\u00a0Il rel\u00e8ve alors du pouvoir de direction de l&#8217;employeur. En principe, il a la possibilit\u00e9 de l&rsquo;imposer \u00e0 son salari\u00e9 sans qu&rsquo;il n&rsquo;ait \u00e0 recueillir son approbation. Inversement, il doit obtenir l&rsquo;accord de son salari\u00e9, si la mutation intervient en dehors du champ d\u00e9fini.<\/p>\n<p>Le salari\u00e9 qui refuse un changement de son lieu de travail, alors qu&rsquo;il est pr\u00e9vu par une clause, s&rsquo;expose \u00e0 un\u00a0<strong>licenciement pour faute grave<\/strong>. Son refus s&rsquo;analyse comme un manquement \u00e0 ses obligations contractuelles. Toutefois, ce manquement ne constitue pas en lui seul une faute grave. Notez qu&rsquo;avec LegalVision, vous pouvez r\u00e9diger une\u00a0<a href=\"https:\/\/www.legalvision.fr\/lp\/lettre-licenciement\">lettre de licenciement<\/a>\u00a0en seulement quelques clics.<\/p>\n<p>L&#8217;employeur qui souhaite licencier un<strong>\u00a0salari\u00e9 prot\u00e9g\u00e9<\/strong>\u00a0qui refuse une mutation devra demander l&rsquo;autorisation aupr\u00e8s de l&rsquo;autorit\u00e9 administrative comp\u00e9tente et ce, m\u00eame si une clause de mobilit\u00e9 figure dans le contrat de travail.<\/p>\n<p>Attention ! Il existe des\u00a0<strong>cas o\u00f9 le refus du salari\u00e9 est l\u00e9gitime<\/strong>. C&rsquo;est notamment le cas lorsque ce changement entra\u00eene en parall\u00e8le un changement de fonction, une modification de la r\u00e9mun\u00e9ration ou d&rsquo;un autre \u00e9l\u00e9ment contractuel (<em>horaires ..<\/em>.). En outre, lorsqu&rsquo;il porte atteinte \u00e0 la vie personnelle et familiale du salari\u00e9, alors son refus est l\u00e0 aussi justifi\u00e9.<\/p>\n<h2 id=\"V\">Exemple de clause de mobilit\u00e9 g\u00e9ographique dans le contrat de travail<\/h2>\n<p>LegalVision vous expose un mod\u00e8le type de clause de mobilit\u00e9 g\u00e9ographique afin de vous aider dans sa r\u00e9daction.<\/p>\n<p>Compte tenu de la nature de ses fonctions de\u00a0<em>[Pr\u00e9ciser les fonctions],<\/em>\u00a0le\/la Salari\u00e9(e) s\u2019engage express\u00e9ment, en cas de besoins justifi\u00e9s notamment par l&rsquo;\u00e9volution des activit\u00e9s ou de l\u2019organisation de la soci\u00e9t\u00e9\u00a0<em>[Pr\u00e9ciser d\u00e9nomination sociale]<\/em>, et plus g\u00e9n\u00e9ralement par la bonne marche de l&rsquo;entreprise, \u00e0 changer de lieu de travail sans que cela ne constitue une modification de son contrat de travail.<\/p>\n<p>Cette mobilit\u00e9 pourra s&rsquo;exercer dans les limites g\u00e9ographiques suivantes : [<em>D\u00e9finir de fa\u00e7on\u00a0<u>pr\u00e9cise<\/u>\u00a0les limites g\u00e9ographiques de la mobilit\u00e9<\/em>].<\/p>\n<p>Un d\u00e9lai de pr\u00e9venance minimal de\u00a0<em>[Pr\u00e9ciser d\u00e9lai de pr\u00e9venance. Par exemple\u00a01 mois]<\/em>\u00a0sera respect\u00e9 par la Soci\u00e9t\u00e9 pour la mise en \u0153uvre de la pr\u00e9sente clause de mobilit\u00e9.<\/p>\n<h2 id=\"VI\">Diff\u00e9rences avec la clause de d\u00e9placements professionnels<\/h2>\n<p>Les d\u00e9placements professionnels et l&rsquo;affectation sont deux choses distinctes.\u00a0<em>Par exemple, une clause qui pr\u00e9voit que la prestation de travail s&rsquo;effectue dans un lieu diff\u00e9rent de celui d&rsquo;affectation en fonction des n\u00e9cessit\u00e9s de l&rsquo;entreprise ne sera pas une clause de mobilit\u00e9.\u00a0<\/em><\/p>\n<p>Les conditions de validit\u00e9 diff\u00e8rent \u00e9galement. Le p\u00e9rim\u00e8tre g\u00e9ographique des d\u00e9placements n&rsquo;a pas \u00e0 \u00eatre d\u00e9fini pr\u00e9alablement. Il convient de se baser sur la nature des fonctions que le salari\u00e9 occupe pour savoir si oui ou non il est en droit de refuser le d\u00e9placement. Enfin, lorsqu&rsquo;un d\u00e9placement s&rsquo;exerce dans le cadre habituel de l&rsquo;activit\u00e9 du salari\u00e9, il s&rsquo;impose \u00e0 lui.<\/p>\n<p>D\u00e9sormais, vous connaissez tout de la clause de mobilit\u00e9. Si vous avez d&rsquo;autres questions, n&rsquo;h\u00e9sitez pas \u00e0\u00a0<a href=\"https:\/\/www.legalvision.fr\/contactez-nous\/\">nous contacter\u00a0<\/a>!<\/p>\n<details>\n<summary><strong>Sources\u00a0<\/strong><\/summary>\n<p><strong>Article :<\/strong><br \/>\n<a href=\"https:\/\/www.legifrance.gouv.fr\/affichCodeArticle.do?cidTexte=LEGITEXT000006072050&amp;idArticle=LEGIARTI000006900785\">L.1121-1 du Code du travail<\/a> relatif au principe de justification et proportionnalit\u00e9 de la clause.<\/p>\n<\/details>\n<p><\/p>\n<div class=\"wp-block-button\" style=\"text-align:center;\"><a class=\"wp-block-button__link has-background\" href=\"https:\/\/www.legalvision.fr\/tous-les-services\/\">Voir les services LegalVision<\/a><\/div>\n","protected":false},"excerpt":{"rendered":"<p>Outre les clauses obligatoires qui doivent figurer dans les contrats de travail comme par exemple la qualification professionnelle, la r\u00e9mun\u00e9ration ou les fonctions occup\u00e9es&#8230; il en existe d&rsquo;autres qui sont facultatives. Il en va ainsi pour la clause de mobilit\u00e9 g\u00e9ographique voire celles d&rsquo;exclusivit\u00e9, de non-concurrence ou de\u00a0d\u00e9dit-formation. La mention du lieu de travail dans&hellip; <a class=\"more-link\" href=\"https:\/\/www.legalvision.fr\/guides-juridiques\/droit-du-travail\/clause-de-mobilite-geographique-comment-la-mettre-en-place\/\">Poursuivre la lecture <span class=\"screen-reader-text\">La clause de mobilit\u00e9 g\u00e9ographique<\/span><\/a><\/p>\n","protected":false},"author":30,"featured_media":27189,"comment_status":"open","ping_status":"open","sticky":false,"template":"","format":"standard","meta":{"content-type":"","inline_featured_image":false,"footnotes":""},"categories":[2485],"tags":[],"class_list":["post-27123","post","type-post","status-publish","format-standard","has-post-thumbnail","hentry","category-droit-du-travail","entry"],"yoast_head":"<!-- This site is optimized with the Yoast SEO plugin v27.1.1 - https:\/\/yoast.com\/product\/yoast-seo-wordpress\/ -->\n<title>Clause de mobilit\u00e9 g\u00e9ographique, le guide complet par LegalVision<\/title>\n<meta name=\"description\" content=\"Clause de mobilit\u00e9 g\u00e9ographique : d\u00e9finition, conditions de validit\u00e9, mise en place... LegalVision vous explique tout ce que vous devez savoir !\" \/>\n<meta name=\"robots\" content=\"index, follow, max-snippet:-1, max-image-preview:large, max-video-preview:-1\" \/>\n<link rel=\"canonical\" href=\"https:\/\/www.legalvision.fr\/guides-juridiques\/droit-du-travail\/clause-de-mobilite-geographique-comment-la-mettre-en-place\/\" \/>\n<meta property=\"og:locale\" content=\"fr_FR\" \/>\n<meta property=\"og:type\" content=\"article\" \/>\n<meta property=\"og:title\" content=\"Clause de mobilit\u00e9 g\u00e9ographique, le guide complet par LegalVision\" \/>\n<meta property=\"og:description\" content=\"Clause de mobilit\u00e9 g\u00e9ographique : d\u00e9finition, conditions de validit\u00e9, mise en place... LegalVision vous explique tout ce que vous devez savoir !\" \/>\n<meta property=\"og:url\" content=\"https:\/\/www.legalvision.fr\/guides-juridiques\/droit-du-travail\/clause-de-mobilite-geographique-comment-la-mettre-en-place\/\" \/>\n<meta property=\"og:site_name\" content=\"Guides juridiques\" \/>\n<meta property=\"article:published_time\" content=\"2019-09-25T06:30:53+00:00\" \/>\n<meta property=\"article:modified_time\" content=\"2022-03-27T19:20:49+00:00\" \/>\n<meta property=\"og:image\" content=\"https:\/\/www.legalvision.fr\/guides-juridiques\/wp-content\/uploads\/2019\/09\/Clause-de-mobilit\u00e9-.jpg\" \/>\n\t<meta property=\"og:image:width\" content=\"958\" \/>\n\t<meta property=\"og:image:height\" content=\"350\" \/>\n\t<meta property=\"og:image:type\" content=\"image\/jpeg\" \/>\n<meta name=\"author\" content=\"William Lebrun\" \/>\n<meta name=\"twitter:card\" content=\"summary_large_image\" \/>\n<meta name=\"twitter:label1\" content=\"\u00c9crit par\" \/>\n\t<meta name=\"twitter:data1\" content=\"William Lebrun\" \/>\n\t<meta name=\"twitter:label2\" content=\"Dur\u00e9e de lecture estim\u00e9e\" \/>\n\t<meta name=\"twitter:data2\" content=\"9 minutes\" \/>\n<script type=\"application\/ld+json\" class=\"yoast-schema-graph\">{\"@context\":\"https:\/\/schema.org\",\"@graph\":[{\"@type\":\"Article\",\"@id\":\"https:\/\/www.legalvision.fr\/guides-juridiques\/droit-du-travail\/clause-de-mobilite-geographique-comment-la-mettre-en-place\/#article\",\"isPartOf\":{\"@id\":\"https:\/\/www.legalvision.fr\/guides-juridiques\/droit-du-travail\/clause-de-mobilite-geographique-comment-la-mettre-en-place\/\"},\"author\":{\"name\":\"William Lebrun\",\"@id\":\"https:\/\/www.legalvision.fr\/guides-juridiques\/#\/schema\/person\/3d24d0c20575138ed212b2e4b6f7b4b0\"},\"headline\":\"La clause de mobilit\u00e9 g\u00e9ographique\",\"datePublished\":\"2019-09-25T06:30:53+00:00\",\"dateModified\":\"2022-03-27T19:20:49+00:00\",\"mainEntityOfPage\":{\"@id\":\"https:\/\/www.legalvision.fr\/guides-juridiques\/droit-du-travail\/clause-de-mobilite-geographique-comment-la-mettre-en-place\/\"},\"wordCount\":1918,\"commentCount\":0,\"publisher\":{\"@id\":\"https:\/\/www.legalvision.fr\/guides-juridiques\/#organization\"},\"image\":{\"@id\":\"https:\/\/www.legalvision.fr\/guides-juridiques\/droit-du-travail\/clause-de-mobilite-geographique-comment-la-mettre-en-place\/#primaryimage\"},\"thumbnailUrl\":\"https:\/\/www.legalvision.fr\/guides-juridiques\/wp-content\/uploads\/2019\/09\/Clause-de-mobilit\u00e9-.jpg\",\"articleSection\":[\"Droit du travail\"],\"inLanguage\":\"fr-FR\",\"potentialAction\":[{\"@type\":\"CommentAction\",\"name\":\"Comment\",\"target\":[\"https:\/\/www.legalvision.fr\/guides-juridiques\/droit-du-travail\/clause-de-mobilite-geographique-comment-la-mettre-en-place\/#respond\"]}]},{\"@type\":\"WebPage\",\"@id\":\"https:\/\/www.legalvision.fr\/guides-juridiques\/droit-du-travail\/clause-de-mobilite-geographique-comment-la-mettre-en-place\/\",\"url\":\"https:\/\/www.legalvision.fr\/guides-juridiques\/droit-du-travail\/clause-de-mobilite-geographique-comment-la-mettre-en-place\/\",\"name\":\"Clause de mobilit\u00e9 g\u00e9ographique, le guide complet par LegalVision\",\"isPartOf\":{\"@id\":\"https:\/\/www.legalvision.fr\/guides-juridiques\/#website\"},\"primaryImageOfPage\":{\"@id\":\"https:\/\/www.legalvision.fr\/guides-juridiques\/droit-du-travail\/clause-de-mobilite-geographique-comment-la-mettre-en-place\/#primaryimage\"},\"image\":{\"@id\":\"https:\/\/www.legalvision.fr\/guides-juridiques\/droit-du-travail\/clause-de-mobilite-geographique-comment-la-mettre-en-place\/#primaryimage\"},\"thumbnailUrl\":\"https:\/\/www.legalvision.fr\/guides-juridiques\/wp-content\/uploads\/2019\/09\/Clause-de-mobilit\u00e9-.jpg\",\"datePublished\":\"2019-09-25T06:30:53+00:00\",\"dateModified\":\"2022-03-27T19:20:49+00:00\",\"description\":\"Clause de mobilit\u00e9 g\u00e9ographique : d\u00e9finition, conditions de validit\u00e9, mise en place... LegalVision vous explique tout ce que vous devez savoir !\",\"breadcrumb\":{\"@id\":\"https:\/\/www.legalvision.fr\/guides-juridiques\/droit-du-travail\/clause-de-mobilite-geographique-comment-la-mettre-en-place\/#breadcrumb\"},\"inLanguage\":\"fr-FR\",\"potentialAction\":[{\"@type\":\"ReadAction\",\"target\":[\"https:\/\/www.legalvision.fr\/guides-juridiques\/droit-du-travail\/clause-de-mobilite-geographique-comment-la-mettre-en-place\/\"]}]},{\"@type\":\"ImageObject\",\"inLanguage\":\"fr-FR\",\"@id\":\"https:\/\/www.legalvision.fr\/guides-juridiques\/droit-du-travail\/clause-de-mobilite-geographique-comment-la-mettre-en-place\/#primaryimage\",\"url\":\"https:\/\/www.legalvision.fr\/guides-juridiques\/wp-content\/uploads\/2019\/09\/Clause-de-mobilit\u00e9-.jpg\",\"contentUrl\":\"https:\/\/www.legalvision.fr\/guides-juridiques\/wp-content\/uploads\/2019\/09\/Clause-de-mobilit\u00e9-.jpg\",\"width\":958,\"height\":350,\"caption\":\"clause de mobilit\u00e9\"},{\"@type\":\"BreadcrumbList\",\"@id\":\"https:\/\/www.legalvision.fr\/guides-juridiques\/droit-du-travail\/clause-de-mobilite-geographique-comment-la-mettre-en-place\/#breadcrumb\",\"itemListElement\":[{\"@type\":\"ListItem\",\"position\":1,\"name\":\"Accueil\",\"item\":\"https:\/\/www.legalvision.fr\/guides-juridiques\/\"},{\"@type\":\"ListItem\",\"position\":2,\"name\":\"Droit du travail\",\"item\":\"https:\/\/www.legalvision.fr\/guides-juridiques\/droit-du-travail\/\"},{\"@type\":\"ListItem\",\"position\":3,\"name\":\"La clause de mobilit\u00e9 g\u00e9ographique\"}]},{\"@type\":\"WebSite\",\"@id\":\"https:\/\/www.legalvision.fr\/guides-juridiques\/#website\",\"url\":\"https:\/\/www.legalvision.fr\/guides-juridiques\/\",\"name\":\"Guides juridiques\",\"description\":\"L&#039;information juridique \u00e0 destination des entreprises et TPE\",\"publisher\":{\"@id\":\"https:\/\/www.legalvision.fr\/guides-juridiques\/#organization\"},\"potentialAction\":[{\"@type\":\"SearchAction\",\"target\":{\"@type\":\"EntryPoint\",\"urlTemplate\":\"https:\/\/www.legalvision.fr\/guides-juridiques\/?s={search_term_string}\"},\"query-input\":{\"@type\":\"PropertyValueSpecification\",\"valueRequired\":true,\"valueName\":\"search_term_string\"}}],\"inLanguage\":\"fr-FR\"},{\"@type\":\"Organization\",\"@id\":\"https:\/\/www.legalvision.fr\/guides-juridiques\/#organization\",\"name\":\"Guides juridiques\",\"url\":\"https:\/\/www.legalvision.fr\/guides-juridiques\/\",\"logo\":{\"@type\":\"ImageObject\",\"inLanguage\":\"fr-FR\",\"@id\":\"https:\/\/www.legalvision.fr\/guides-juridiques\/#\/schema\/logo\/image\/\",\"url\":\"https:\/\/www.legalvision.fr\/guides-juridiques\/wp-content\/uploads\/2022\/10\/LV-Logotype.png\",\"contentUrl\":\"https:\/\/www.legalvision.fr\/guides-juridiques\/wp-content\/uploads\/2022\/10\/LV-Logotype.png\",\"width\":647,\"height\":125,\"caption\":\"Guides juridiques\"},\"image\":{\"@id\":\"https:\/\/www.legalvision.fr\/guides-juridiques\/#\/schema\/logo\/image\/\"}},{\"@type\":\"Person\",\"@id\":\"https:\/\/www.legalvision.fr\/guides-juridiques\/#\/schema\/person\/3d24d0c20575138ed212b2e4b6f7b4b0\",\"name\":\"William Lebrun\",\"image\":{\"@type\":\"ImageObject\",\"inLanguage\":\"fr-FR\",\"@id\":\"https:\/\/www.legalvision.fr\/guides-juridiques\/#\/schema\/person\/image\/\",\"url\":\"https:\/\/www.legalvision.fr\/guides-juridiques\/wp-content\/uploads\/2023\/07\/cropped-homme1-96x96.png\",\"contentUrl\":\"https:\/\/www.legalvision.fr\/guides-juridiques\/wp-content\/uploads\/2023\/07\/cropped-homme1-96x96.png\",\"caption\":\"William Lebrun\"},\"description\":\"B\u00e9n\u00e9ficiant de la formation d'un double dipl\u00f4me en droit des affaires et en \u00e9cole de commerce, j'ai un fort attrait pour le droit des soci\u00e9t\u00e9s. Je r\u00e9dige des articles pour vous aider sur vos probl\u00e9matiques.\",\"url\":\"https:\/\/www.legalvision.fr\/guides-juridiques\/author\/aina-rakoto\/\"}]}<\/script>\n<!-- \/ Yoast SEO plugin. -->","yoast_head_json":{"title":"Clause de mobilit\u00e9 g\u00e9ographique, le guide complet par LegalVision","description":"Clause de mobilit\u00e9 g\u00e9ographique : d\u00e9finition, conditions de validit\u00e9, mise en place... LegalVision vous explique tout ce que vous devez savoir !","robots":{"index":"index","follow":"follow","max-snippet":"max-snippet:-1","max-image-preview":"max-image-preview:large","max-video-preview":"max-video-preview:-1"},"canonical":"https:\/\/www.legalvision.fr\/guides-juridiques\/droit-du-travail\/clause-de-mobilite-geographique-comment-la-mettre-en-place\/","og_locale":"fr_FR","og_type":"article","og_title":"Clause de mobilit\u00e9 g\u00e9ographique, le guide complet par LegalVision","og_description":"Clause de mobilit\u00e9 g\u00e9ographique : d\u00e9finition, conditions de validit\u00e9, mise en place... LegalVision vous explique tout ce que vous devez savoir !","og_url":"https:\/\/www.legalvision.fr\/guides-juridiques\/droit-du-travail\/clause-de-mobilite-geographique-comment-la-mettre-en-place\/","og_site_name":"Guides juridiques","article_published_time":"2019-09-25T06:30:53+00:00","article_modified_time":"2022-03-27T19:20:49+00:00","og_image":[{"width":958,"height":350,"url":"https:\/\/www.legalvision.fr\/guides-juridiques\/wp-content\/uploads\/2019\/09\/Clause-de-mobilit\u00e9-.jpg","type":"image\/jpeg"}],"author":"William Lebrun","twitter_card":"summary_large_image","twitter_misc":{"\u00c9crit par":"William Lebrun","Dur\u00e9e de lecture estim\u00e9e":"9 minutes"},"schema":{"@context":"https:\/\/schema.org","@graph":[{"@type":"Article","@id":"https:\/\/www.legalvision.fr\/guides-juridiques\/droit-du-travail\/clause-de-mobilite-geographique-comment-la-mettre-en-place\/#article","isPartOf":{"@id":"https:\/\/www.legalvision.fr\/guides-juridiques\/droit-du-travail\/clause-de-mobilite-geographique-comment-la-mettre-en-place\/"},"author":{"name":"William Lebrun","@id":"https:\/\/www.legalvision.fr\/guides-juridiques\/#\/schema\/person\/3d24d0c20575138ed212b2e4b6f7b4b0"},"headline":"La clause de mobilit\u00e9 g\u00e9ographique","datePublished":"2019-09-25T06:30:53+00:00","dateModified":"2022-03-27T19:20:49+00:00","mainEntityOfPage":{"@id":"https:\/\/www.legalvision.fr\/guides-juridiques\/droit-du-travail\/clause-de-mobilite-geographique-comment-la-mettre-en-place\/"},"wordCount":1918,"commentCount":0,"publisher":{"@id":"https:\/\/www.legalvision.fr\/guides-juridiques\/#organization"},"image":{"@id":"https:\/\/www.legalvision.fr\/guides-juridiques\/droit-du-travail\/clause-de-mobilite-geographique-comment-la-mettre-en-place\/#primaryimage"},"thumbnailUrl":"https:\/\/www.legalvision.fr\/guides-juridiques\/wp-content\/uploads\/2019\/09\/Clause-de-mobilit\u00e9-.jpg","articleSection":["Droit du travail"],"inLanguage":"fr-FR","potentialAction":[{"@type":"CommentAction","name":"Comment","target":["https:\/\/www.legalvision.fr\/guides-juridiques\/droit-du-travail\/clause-de-mobilite-geographique-comment-la-mettre-en-place\/#respond"]}]},{"@type":"WebPage","@id":"https:\/\/www.legalvision.fr\/guides-juridiques\/droit-du-travail\/clause-de-mobilite-geographique-comment-la-mettre-en-place\/","url":"https:\/\/www.legalvision.fr\/guides-juridiques\/droit-du-travail\/clause-de-mobilite-geographique-comment-la-mettre-en-place\/","name":"Clause de mobilit\u00e9 g\u00e9ographique, le guide complet par LegalVision","isPartOf":{"@id":"https:\/\/www.legalvision.fr\/guides-juridiques\/#website"},"primaryImageOfPage":{"@id":"https:\/\/www.legalvision.fr\/guides-juridiques\/droit-du-travail\/clause-de-mobilite-geographique-comment-la-mettre-en-place\/#primaryimage"},"image":{"@id":"https:\/\/www.legalvision.fr\/guides-juridiques\/droit-du-travail\/clause-de-mobilite-geographique-comment-la-mettre-en-place\/#primaryimage"},"thumbnailUrl":"https:\/\/www.legalvision.fr\/guides-juridiques\/wp-content\/uploads\/2019\/09\/Clause-de-mobilit\u00e9-.jpg","datePublished":"2019-09-25T06:30:53+00:00","dateModified":"2022-03-27T19:20:49+00:00","description":"Clause de mobilit\u00e9 g\u00e9ographique : d\u00e9finition, conditions de validit\u00e9, mise en place... LegalVision vous explique tout ce que vous devez savoir !","breadcrumb":{"@id":"https:\/\/www.legalvision.fr\/guides-juridiques\/droit-du-travail\/clause-de-mobilite-geographique-comment-la-mettre-en-place\/#breadcrumb"},"inLanguage":"fr-FR","potentialAction":[{"@type":"ReadAction","target":["https:\/\/www.legalvision.fr\/guides-juridiques\/droit-du-travail\/clause-de-mobilite-geographique-comment-la-mettre-en-place\/"]}]},{"@type":"ImageObject","inLanguage":"fr-FR","@id":"https:\/\/www.legalvision.fr\/guides-juridiques\/droit-du-travail\/clause-de-mobilite-geographique-comment-la-mettre-en-place\/#primaryimage","url":"https:\/\/www.legalvision.fr\/guides-juridiques\/wp-content\/uploads\/2019\/09\/Clause-de-mobilit\u00e9-.jpg","contentUrl":"https:\/\/www.legalvision.fr\/guides-juridiques\/wp-content\/uploads\/2019\/09\/Clause-de-mobilit\u00e9-.jpg","width":958,"height":350,"caption":"clause de mobilit\u00e9"},{"@type":"BreadcrumbList","@id":"https:\/\/www.legalvision.fr\/guides-juridiques\/droit-du-travail\/clause-de-mobilite-geographique-comment-la-mettre-en-place\/#breadcrumb","itemListElement":[{"@type":"ListItem","position":1,"name":"Accueil","item":"https:\/\/www.legalvision.fr\/guides-juridiques\/"},{"@type":"ListItem","position":2,"name":"Droit du travail","item":"https:\/\/www.legalvision.fr\/guides-juridiques\/droit-du-travail\/"},{"@type":"ListItem","position":3,"name":"La clause de mobilit\u00e9 g\u00e9ographique"}]},{"@type":"WebSite","@id":"https:\/\/www.legalvision.fr\/guides-juridiques\/#website","url":"https:\/\/www.legalvision.fr\/guides-juridiques\/","name":"Guides juridiques","description":"L&#039;information juridique \u00e0 destination des entreprises et TPE","publisher":{"@id":"https:\/\/www.legalvision.fr\/guides-juridiques\/#organization"},"potentialAction":[{"@type":"SearchAction","target":{"@type":"EntryPoint","urlTemplate":"https:\/\/www.legalvision.fr\/guides-juridiques\/?s={search_term_string}"},"query-input":{"@type":"PropertyValueSpecification","valueRequired":true,"valueName":"search_term_string"}}],"inLanguage":"fr-FR"},{"@type":"Organization","@id":"https:\/\/www.legalvision.fr\/guides-juridiques\/#organization","name":"Guides juridiques","url":"https:\/\/www.legalvision.fr\/guides-juridiques\/","logo":{"@type":"ImageObject","inLanguage":"fr-FR","@id":"https:\/\/www.legalvision.fr\/guides-juridiques\/#\/schema\/logo\/image\/","url":"https:\/\/www.legalvision.fr\/guides-juridiques\/wp-content\/uploads\/2022\/10\/LV-Logotype.png","contentUrl":"https:\/\/www.legalvision.fr\/guides-juridiques\/wp-content\/uploads\/2022\/10\/LV-Logotype.png","width":647,"height":125,"caption":"Guides juridiques"},"image":{"@id":"https:\/\/www.legalvision.fr\/guides-juridiques\/#\/schema\/logo\/image\/"}},{"@type":"Person","@id":"https:\/\/www.legalvision.fr\/guides-juridiques\/#\/schema\/person\/3d24d0c20575138ed212b2e4b6f7b4b0","name":"William Lebrun","image":{"@type":"ImageObject","inLanguage":"fr-FR","@id":"https:\/\/www.legalvision.fr\/guides-juridiques\/#\/schema\/person\/image\/","url":"https:\/\/www.legalvision.fr\/guides-juridiques\/wp-content\/uploads\/2023\/07\/cropped-homme1-96x96.png","contentUrl":"https:\/\/www.legalvision.fr\/guides-juridiques\/wp-content\/uploads\/2023\/07\/cropped-homme1-96x96.png","caption":"William Lebrun"},"description":"B\u00e9n\u00e9ficiant de la formation d'un double dipl\u00f4me en droit des affaires et en \u00e9cole de commerce, j'ai un fort attrait pour le droit des soci\u00e9t\u00e9s. Je r\u00e9dige des articles pour vous aider sur vos probl\u00e9matiques.","url":"https:\/\/www.legalvision.fr\/guides-juridiques\/author\/aina-rakoto\/"}]}},"_links":{"self":[{"href":"https:\/\/www.legalvision.fr\/guides-juridiques\/wp-json\/wp\/v2\/posts\/27123","targetHints":{"allow":["GET"]}}],"collection":[{"href":"https:\/\/www.legalvision.fr\/guides-juridiques\/wp-json\/wp\/v2\/posts"}],"about":[{"href":"https:\/\/www.legalvision.fr\/guides-juridiques\/wp-json\/wp\/v2\/types\/post"}],"author":[{"embeddable":true,"href":"https:\/\/www.legalvision.fr\/guides-juridiques\/wp-json\/wp\/v2\/users\/30"}],"replies":[{"embeddable":true,"href":"https:\/\/www.legalvision.fr\/guides-juridiques\/wp-json\/wp\/v2\/comments?post=27123"}],"version-history":[{"count":0,"href":"https:\/\/www.legalvision.fr\/guides-juridiques\/wp-json\/wp\/v2\/posts\/27123\/revisions"}],"wp:featuredmedia":[{"embeddable":true,"href":"https:\/\/www.legalvision.fr\/guides-juridiques\/wp-json\/wp\/v2\/media\/27189"}],"wp:attachment":[{"href":"https:\/\/www.legalvision.fr\/guides-juridiques\/wp-json\/wp\/v2\/media?parent=27123"}],"wp:term":[{"taxonomy":"category","embeddable":true,"href":"https:\/\/www.legalvision.fr\/guides-juridiques\/wp-json\/wp\/v2\/categories?post=27123"},{"taxonomy":"post_tag","embeddable":true,"href":"https:\/\/www.legalvision.fr\/guides-juridiques\/wp-json\/wp\/v2\/tags?post=27123"}],"curies":[{"name":"wp","href":"https:\/\/api.w.org\/{rel}","templated":true}]}}